{"id":1208,"date":"2009-06-04T18:01:35","date_gmt":"2009-06-04T15:01:35","guid":{"rendered":"https:\/\/www.imobiliare.ro\/imoexpert\/?p=1208"},"modified":"2009-06-04T18:01:35","modified_gmt":"2009-06-04T15:01:35","slug":"cu-ce-asortati-parchetul-wenge","status":"publish","type":"post","link":"https:\/\/www.imobiliare.ro\/imoexpert\/cu-ce-asortati-parchetul-wenge_db\/","title":{"rendered":"Cu ce asorta\u0163i parchetul wenge?"},"content":{"rendered":"<p><img loading=\"lazy\" decoding=\"async\" src=\"https:\/\/www.imobiliare.ro\/imoexpert\/wp-content\/uploads\/2009\/06\/wenge.jpg\" alt=\"\" width=\"325\" height=\"217\" class=\"alignleft size-full wp-image-1229\" srcset=\"https:\/\/www.imobiliare.ro\/imoexpert\/wp-content\/uploads\/2009\/06\/wenge.jpg 325w, https:\/\/www.imobiliare.ro\/imoexpert\/wp-content\/uploads\/2009\/06\/wenge-300x200.jpg 300w, https:\/\/www.imobiliare.ro\/imoexpert\/wp-content\/uploads\/2009\/06\/wenge-87x57.jpg 87w, https:\/\/www.imobiliare.ro\/imoexpert\/wp-content\/uploads\/2009\/06\/wenge-65x43.jpg 65w\" sizes=\"auto, (max-width: 325px) 100vw, 325px\" \/><strong>Parchetul wenge<\/strong> este unul foarte elegant, dar \u00een acela\u015fi timp scump. Dac\u0103 alege\u0163i s\u0103 \u00eel folosi\u0163i \u00een locuin\u0163a dumneavoastr\u0103, atunci cu siguran\u0163\u0103 v\u0103 dori\u0163i \u015fi ve\u0163i ob\u0163ine ceva sofisticat.<br \/>\n\u00centr-adev\u0103r culoarea \u00eenchis\u0103 v\u0103 poate duce cu g\u00e2ndul la o cas\u0103 nu tocmai vesel\u0103, \u00eens\u0103 dac\u0103 folosi\u0163i culorile potrivite pute\u0163i sc\u0103pa repede de acest g\u00e2nd.<br \/>\n<strong>Combina\u0163ia potrivit\u0103 de culori<\/strong><\/p>\n<p>Pentru contrast, dar \u015fi pentru a da casei dumneavoastr\u0103 un plus de veselie pute\u0163i asorta lemnul wenge cu verdele praz. De exemplu pute\u0163i cump\u0103r\u0103 o canapea \u00een culoarea de mai sus, sau dac\u0103 nu vre\u0163i s\u0103 investi\u0163i a\u015fa mult \u015fi un covora\u015f este de ajuns. Alegerea ideal\u0103 pentru asortarea cu parchetul wenge, sunt culorile reci.<\/p>\n<p>Dac\u0103 v\u0103 plac culorile marine (albastru, turcoaz, verde spre albastru) ar fi bine s\u0103 le alterna\u0163i cu alb. Aceea\u015fi regul\u0103 este valabil\u0103 \u015fi dac\u0103 va hot\u0103r\u00e2\u0163i s\u0103 alege\u0163i nuan\u0163e de gri. Concret, ave\u0163i parchet wenge: pute\u0163i folosi un tapet gri cu modele sau chiar lavabil\u0103, canapea tot gri, iar u\u015file \u015fi perdele s\u0103 fie albe. Nu ave\u0163i cum s\u0103 da\u0163i gre\u015f cu aceast\u0103 combina\u0163ie, este una elegan\u0163\u0103 \u015fi \u00een acela\u015fi timp modern\u0103.<\/p>\n<p>Dac\u0103 v\u0103 plac culorile calde (portocaliu, galben crom sau portocaliul spre corai), atunci le pute\u0163i folosi cu \u00eencredere \u00een combina\u0163ie cu parchetul wenge. Efectul? Poten\u0163area nuan\u0163ei parchetului. Folosi\u0163i aceste culori pentru a crea un spa\u0163iu modern.<\/p>\n<p><strong>Ce combina\u0163ii s\u0103 evita\u0163i<\/strong><br \/>\n<strong>Nu asocia\u0163i parchetul wenge cu ro\u015fu.<\/strong> De ce? Culoarea acestuia provine din acela\u015fi pigment de ro\u015fu \u015fi nuan\u0163ele nu se potrivesc. Dac\u0103 vre\u0163i neap\u0103rat, pute\u0163i folosi orice culoare derivat\u0103 din ro\u015fu, dar \u00een detalii sau \u00een obiectele decorative.<br \/>\n\u015ei ca ultim sfat, \u00eenainte de a va hot\u0103r\u00ee la parchet wenge, lua\u0163i \u00een calcul faptul c\u0103 pre\u0163ul lui este unul foarte mare.<\/p>\n","protected":false},"excerpt":{"rendered":"<p>Parchetul wenge este unul foarte elegant, dar \u00een acela\u015fi timp scump. Dac\u0103 alege\u0163i s\u0103 \u00eel folosi\u0163i \u00een locuin\u0163a dumneavoastr\u0103, atunci cu siguran\u0163\u0103 v\u0103 dori\u0163i \u015fi ve\u0163i ob\u0163ine ceva sofisticat. \u00centr-adev\u0103r culoarea \u00eenchis\u0103 v\u0103 poate duce cu g\u00e2ndul la o cas\u0103 nu tocmai vesel\u0103, \u00eens\u0103 dac\u0103 folosi\u0163i culorile potrivite pute\u0163i sc\u0103pa repede de acest g\u00e2nd. Combina\u0163ia [&hellip;]<\/p>\n","protected":false},"author":831,"featured_media":0,"comment_status":"open","ping_status":"open","sticky":false,"template":"","format":"standard","meta":{"footnotes":""},"categories":[255],"tags":[306],"content_author":[],"class_list":["post-1208","post","type-post","status-publish","format-standard","hentry","category-home-deco","tag-articole"],"yoast_head":"<!-- This site is optimized with the Yoast SEO Premium plugin v27.0 (Yoast SEO v27.0) - https:\/\/yoast.com\/product\/yoast-seo-premium-wordpress\/ -->\n<title>Cu ce asorta\u0163i parchetul wenge? - Home &amp; Deco - ImoExpert<\/title>\n<meta name=\"description\" content=\"Parchetul wenge este unul foarte elegant, dar \u00een acela\u015fi timp scump. Dac\u0103 alege\u0163i s\u0103 \u00eel folosi\u0163i \u00een locuin\u0163a dumneavoastr\u0103, atunci cu siguran\u0163\u0103 v\u0103 dori\u0163i\" \/>\n<meta name=\"robots\" content=\"index, follow\" \/>\n<link rel=\"canonical\" href=\"https:\/\/www.imobiliare.ro\/imoexpert\/cu-ce-asortati-parchetul-wenge_db\/\" \/>\n<meta property=\"og:locale\" content=\"ro_RO\" \/>\n<meta property=\"og:type\" content=\"article\" \/>\n<meta property=\"og:title\" content=\"Cu ce asorta\u0163i parchetul wenge?\" \/>\n<meta property=\"og:description\" content=\"Parchetul wenge este unul foarte elegant, dar \u00een acela\u015fi timp scump. Dac\u0103 alege\u0163i s\u0103 \u00eel folosi\u0163i \u00een locuin\u0163a dumneavoastr\u0103, atunci cu siguran\u0163\u0103 v\u0103 dori\u0163i\" \/>\n<meta property=\"og:url\" content=\"https:\/\/www.imobiliare.ro\/imoexpert\/cu-ce-asortati-parchetul-wenge_db\/\" \/>\n<meta property=\"og:site_name\" content=\"ImoExpert\" \/>\n<meta property=\"article:published_time\" content=\"2009-06-04T15:01:35+00:00\" \/>\n<meta property=\"og:image\" content=\"https:\/\/www.imobiliare.ro\/imoexpert\/wp-content\/uploads\/2009\/06\/wenge.jpg\" \/>\n\t<meta property=\"og:image:width\" content=\"325\" \/>\n\t<meta property=\"og:image:height\" content=\"217\" \/>\n\t<meta property=\"og:image:type\" content=\"image\/jpeg\" \/>\n<meta name=\"author\" content=\"casa-gradina.ro\" \/>\n<meta name=\"twitter:card\" content=\"summary_large_image\" \/>\n<meta name=\"twitter:label1\" content=\"Written by\" \/>\n\t<meta name=\"twitter:data1\" content=\"casa-gradina.ro\" \/>\n\t<meta name=\"twitter:label2\" content=\"Est. reading time\" \/>\n\t<meta name=\"twitter:data2\" content=\"2 minute\" \/>\n<script type=\"application\/ld+json\" class=\"yoast-schema-graph\">{\"@context\":\"https:\/\/schema.org\",\"@graph\":[{\"@type\":\"Article\",\"@id\":\"https:\/\/www.imobiliare.ro\/imoexpert\/cu-ce-asortati-parchetul-wenge_db\/#article\",\"isPartOf\":{\"@id\":\"https:\/\/www.imobiliare.ro\/imoexpert\/cu-ce-asortati-parchetul-wenge_db\/\"},\"author\":{\"name\":\"casa-gradina.ro\",\"@id\":\"https:\/\/www.imobiliare.ro\/imoexpert\/#\/schema\/person\/516323919636276b6294dc116d3bfcf1\"},\"headline\":\"Cu ce asorta\u0163i parchetul wenge?\",\"datePublished\":\"2009-06-04T15:01:35+00:00\",\"mainEntityOfPage\":{\"@id\":\"https:\/\/www.imobiliare.ro\/imoexpert\/cu-ce-asortati-parchetul-wenge_db\/\"},\"wordCount\":345,\"commentCount\":10,\"publisher\":{\"@id\":\"https:\/\/www.imobiliare.ro\/imoexpert\/#organization\"},\"image\":{\"@id\":\"https:\/\/www.imobiliare.ro\/imoexpert\/cu-ce-asortati-parchetul-wenge_db\/#primaryimage\"},\"thumbnailUrl\":\"https:\/\/www.imobiliare.ro\/imoexpert\/wp-content\/uploads\/2009\/06\/wenge.jpg\",\"keywords\":[\"articole\"],\"articleSection\":[\"Home &amp; Deco\"],\"inLanguage\":\"en\",\"potentialAction\":[{\"@type\":\"CommentAction\",\"name\":\"Comment\",\"target\":[\"https:\/\/www.imobiliare.ro\/imoexpert\/cu-ce-asortati-parchetul-wenge_db\/#respond\"]}],\"copyrightYear\":\"2009\",\"copyrightHolder\":{\"@id\":\"https:\/\/www.imobiliare.ro\/imoexpert\/#organization\"}},{\"@type\":\"WebPage\",\"@id\":\"https:\/\/www.imobiliare.ro\/imoexpert\/cu-ce-asortati-parchetul-wenge_db\/\",\"url\":\"https:\/\/www.imobiliare.ro\/imoexpert\/cu-ce-asortati-parchetul-wenge_db\/\",\"name\":\"Cu ce asorta\u0163i parchetul wenge? - Home &amp; Deco - ImoExpert\",\"isPartOf\":{\"@id\":\"https:\/\/www.imobiliare.ro\/imoexpert\/#website\"},\"primaryImageOfPage\":{\"@id\":\"https:\/\/www.imobiliare.ro\/imoexpert\/cu-ce-asortati-parchetul-wenge_db\/#primaryimage\"},\"image\":{\"@id\":\"https:\/\/www.imobiliare.ro\/imoexpert\/cu-ce-asortati-parchetul-wenge_db\/#primaryimage\"},\"thumbnailUrl\":\"https:\/\/www.imobiliare.ro\/imoexpert\/wp-content\/uploads\/2009\/06\/wenge.jpg\",\"datePublished\":\"2009-06-04T15:01:35+00:00\",\"description\":\"Parchetul wenge este unul foarte elegant, dar \u00een acela\u015fi timp scump. Dac\u0103 alege\u0163i s\u0103 \u00eel folosi\u0163i \u00een locuin\u0163a dumneavoastr\u0103, atunci cu siguran\u0163\u0103 v\u0103 dori\u0163i\",\"breadcrumb\":{\"@id\":\"https:\/\/www.imobiliare.ro\/imoexpert\/cu-ce-asortati-parchetul-wenge_db\/#breadcrumb\"},\"inLanguage\":\"en\",\"potentialAction\":[{\"@type\":\"ReadAction\",\"target\":[\"https:\/\/www.imobiliare.ro\/imoexpert\/cu-ce-asortati-parchetul-wenge_db\/\"]}]},{\"@type\":\"ImageObject\",\"inLanguage\":\"en\",\"@id\":\"https:\/\/www.imobiliare.ro\/imoexpert\/cu-ce-asortati-parchetul-wenge_db\/#primaryimage\",\"url\":\"https:\/\/www.imobiliare.ro\/imoexpert\/wp-content\/uploads\/2009\/06\/wenge.jpg\",\"contentUrl\":\"https:\/\/www.imobiliare.ro\/imoexpert\/wp-content\/uploads\/2009\/06\/wenge.jpg\",\"width\":325,\"height\":217},{\"@type\":\"BreadcrumbList\",\"@id\":\"https:\/\/www.imobiliare.ro\/imoexpert\/cu-ce-asortati-parchetul-wenge_db\/#breadcrumb\",\"itemListElement\":[{\"@type\":\"ListItem\",\"position\":1,\"name\":\"Imoradar24\",\"item\":\"https:\/\/www.imoradar24.ro\"},{\"@type\":\"ListItem\",\"position\":2,\"name\":\"ImoExpert\",\"item\":\"https:\/\/www.imobiliare.ro\/imoexpert\/\"},{\"@type\":\"ListItem\",\"position\":3,\"name\":\"Sfaturi\",\"item\":\"https:\/\/www.imobiliare.ro\/imoexpert\/ghid-imobiliar\/\"},{\"@type\":\"ListItem\",\"position\":4,\"name\":\"Home &amp; Deco\",\"item\":\"https:\/\/www.imobiliare.ro\/imoexpert\/ghid-imobiliar\/home-deco\/\"},{\"@type\":\"ListItem\",\"position\":5,\"name\":\"Cu ce asorta\u0163i parchetul wenge?\"}]},{\"@type\":\"WebSite\",\"@id\":\"https:\/\/www.imobiliare.ro\/imoexpert\/#website\",\"url\":\"https:\/\/www.imobiliare.ro\/imoexpert\/\",\"name\":\"ImoExpert\",\"description\":\"cele mai importante \u015ftiri din domeniul imobiliar\",\"publisher\":{\"@id\":\"https:\/\/www.imobiliare.ro\/imoexpert\/#organization\"},\"inLanguage\":\"en\"},{\"@type\":\"Organization\",\"@id\":\"https:\/\/www.imobiliare.ro\/imoexpert\/#organization\",\"name\":\"Imobiliare.ro\",\"alternateName\":\"Realmedia Network SA\",\"url\":\"https:\/\/www.imobiliare.ro\/imoexpert\/\",\"logo\":{\"@type\":\"ImageObject\",\"inLanguage\":\"en\",\"@id\":\"https:\/\/www.imobiliare.ro\/imoexpert\/#\/schema\/logo\/image\/\",\"url\":\"https:\/\/www.imobiliare.ro\/imoexpert\/wp-content\/uploads\/2025\/05\/imobiliare_logo.png\",\"contentUrl\":\"https:\/\/www.imobiliare.ro\/imoexpert\/wp-content\/uploads\/2025\/05\/imobiliare_logo.png\",\"width\":237,\"height\":29,\"caption\":\"Imobiliare.ro\"},\"image\":{\"@id\":\"https:\/\/www.imobiliare.ro\/imoexpert\/#\/schema\/logo\/image\/\"}},{\"@type\":\"Person\",\"@id\":\"https:\/\/www.imobiliare.ro\/imoexpert\/#\/schema\/person\/516323919636276b6294dc116d3bfcf1\",\"name\":\" \",\"image\":{\"@type\":\"ImageObject\",\"inLanguage\":\"en\",\"@id\":\"https:\/\/www.imobiliare.ro\/imoexpert\/#\/schema\/person\/image\/\",\"url\":\"https:\/\/secure.gravatar.com\/avatar\/8ca403a2c946d65e1726ebff5a8dfff91c13985314e2eca736f3531fc6231c31?s=96&d=mm&r=g\",\"contentUrl\":\"https:\/\/secure.gravatar.com\/avatar\/8ca403a2c946d65e1726ebff5a8dfff91c13985314e2eca736f3531fc6231c31?s=96&d=mm&r=g\",\"caption\":\"casa-gradina.ro\"},\"url\":\"https:\/\/www.imobiliare.ro\/imoexpert\/author\/casa-gradina\/\"}]}<\/script>\n<!-- \/ Yoast SEO Premium plugin. -->","yoast_head_json":{"title":"Cu ce asorta\u0163i parchetul wenge? - Home &amp; Deco - ImoExpert","description":"Parchetul wenge este unul foarte elegant, dar \u00een acela\u015fi timp scump. Dac\u0103 alege\u0163i s\u0103 \u00eel folosi\u0163i \u00een locuin\u0163a dumneavoastr\u0103, atunci cu siguran\u0163\u0103 v\u0103 dori\u0163i","robots":{"index":"index","follow":"follow"},"canonical":"https:\/\/www.imobiliare.ro\/imoexpert\/cu-ce-asortati-parchetul-wenge_db\/","og_locale":"ro_RO","og_type":"article","og_title":"Cu ce asorta\u0163i parchetul wenge?","og_description":"Parchetul wenge este unul foarte elegant, dar \u00een acela\u015fi timp scump. Dac\u0103 alege\u0163i s\u0103 \u00eel folosi\u0163i \u00een locuin\u0163a dumneavoastr\u0103, atunci cu siguran\u0163\u0103 v\u0103 dori\u0163i","og_url":"https:\/\/www.imobiliare.ro\/imoexpert\/cu-ce-asortati-parchetul-wenge_db\/","og_site_name":"ImoExpert","article_published_time":"2009-06-04T15:01:35+00:00","og_image":[{"width":325,"height":217,"url":"https:\/\/www.imobiliare.ro\/imoexpert\/wp-content\/uploads\/2009\/06\/wenge.jpg","type":"image\/jpeg"}],"author":"casa-gradina.ro","twitter_card":"summary_large_image","twitter_misc":{"Written by":"casa-gradina.ro","Est. reading time":"2 minute"},"schema":{"@context":"https:\/\/schema.org","@graph":[{"@type":"Article","@id":"https:\/\/www.imobiliare.ro\/imoexpert\/cu-ce-asortati-parchetul-wenge_db\/#article","isPartOf":{"@id":"https:\/\/www.imobiliare.ro\/imoexpert\/cu-ce-asortati-parchetul-wenge_db\/"},"author":{"name":"casa-gradina.ro","@id":"https:\/\/www.imobiliare.ro\/imoexpert\/#\/schema\/person\/516323919636276b6294dc116d3bfcf1"},"headline":"Cu ce asorta\u0163i parchetul wenge?","datePublished":"2009-06-04T15:01:35+00:00","mainEntityOfPage":{"@id":"https:\/\/www.imobiliare.ro\/imoexpert\/cu-ce-asortati-parchetul-wenge_db\/"},"wordCount":345,"commentCount":10,"publisher":{"@id":"https:\/\/www.imobiliare.ro\/imoexpert\/#organization"},"image":{"@id":"https:\/\/www.imobiliare.ro\/imoexpert\/cu-ce-asortati-parchetul-wenge_db\/#primaryimage"},"thumbnailUrl":"https:\/\/www.imobiliare.ro\/imoexpert\/wp-content\/uploads\/2009\/06\/wenge.jpg","keywords":["articole"],"articleSection":["Home &amp; Deco"],"inLanguage":"en","potentialAction":[{"@type":"CommentAction","name":"Comment","target":["https:\/\/www.imobiliare.ro\/imoexpert\/cu-ce-asortati-parchetul-wenge_db\/#respond"]}],"copyrightYear":"2009","copyrightHolder":{"@id":"https:\/\/www.imobiliare.ro\/imoexpert\/#organization"}},{"@type":"WebPage","@id":"https:\/\/www.imobiliare.ro\/imoexpert\/cu-ce-asortati-parchetul-wenge_db\/","url":"https:\/\/www.imobiliare.ro\/imoexpert\/cu-ce-asortati-parchetul-wenge_db\/","name":"Cu ce asorta\u0163i parchetul wenge? - Home &amp; Deco - ImoExpert","isPartOf":{"@id":"https:\/\/www.imobiliare.ro\/imoexpert\/#website"},"primaryImageOfPage":{"@id":"https:\/\/www.imobiliare.ro\/imoexpert\/cu-ce-asortati-parchetul-wenge_db\/#primaryimage"},"image":{"@id":"https:\/\/www.imobiliare.ro\/imoexpert\/cu-ce-asortati-parchetul-wenge_db\/#primaryimage"},"thumbnailUrl":"https:\/\/www.imobiliare.ro\/imoexpert\/wp-content\/uploads\/2009\/06\/wenge.jpg","datePublished":"2009-06-04T15:01:35+00:00","description":"Parchetul wenge este unul foarte elegant, dar \u00een acela\u015fi timp scump. Dac\u0103 alege\u0163i s\u0103 \u00eel folosi\u0163i \u00een locuin\u0163a dumneavoastr\u0103, atunci cu siguran\u0163\u0103 v\u0103 dori\u0163i","breadcrumb":{"@id":"https:\/\/www.imobiliare.ro\/imoexpert\/cu-ce-asortati-parchetul-wenge_db\/#breadcrumb"},"inLanguage":"en","potentialAction":[{"@type":"ReadAction","target":["https:\/\/www.imobiliare.ro\/imoexpert\/cu-ce-asortati-parchetul-wenge_db\/"]}]},{"@type":"ImageObject","inLanguage":"en","@id":"https:\/\/www.imobiliare.ro\/imoexpert\/cu-ce-asortati-parchetul-wenge_db\/#primaryimage","url":"https:\/\/www.imobiliare.ro\/imoexpert\/wp-content\/uploads\/2009\/06\/wenge.jpg","contentUrl":"https:\/\/www.imobiliare.ro\/imoexpert\/wp-content\/uploads\/2009\/06\/wenge.jpg","width":325,"height":217},{"@type":"BreadcrumbList","@id":"https:\/\/www.imobiliare.ro\/imoexpert\/cu-ce-asortati-parchetul-wenge_db\/#breadcrumb","itemListElement":[{"@type":"ListItem","position":1,"name":"Imoradar24","item":"https:\/\/www.imoradar24.ro"},{"@type":"ListItem","position":2,"name":"ImoExpert","item":"https:\/\/www.imobiliare.ro\/imoexpert\/"},{"@type":"ListItem","position":3,"name":"Sfaturi","item":"https:\/\/www.imobiliare.ro\/imoexpert\/ghid-imobiliar\/"},{"@type":"ListItem","position":4,"name":"Home &amp; Deco","item":"https:\/\/www.imobiliare.ro\/imoexpert\/ghid-imobiliar\/home-deco\/"},{"@type":"ListItem","position":5,"name":"Cu ce asorta\u0163i parchetul wenge?"}]},{"@type":"WebSite","@id":"https:\/\/www.imobiliare.ro\/imoexpert\/#website","url":"https:\/\/www.imobiliare.ro\/imoexpert\/","name":"ImoExpert","description":"cele mai importante \u015ftiri din domeniul imobiliar","publisher":{"@id":"https:\/\/www.imobiliare.ro\/imoexpert\/#organization"},"inLanguage":"en"},{"@type":"Organization","@id":"https:\/\/www.imobiliare.ro\/imoexpert\/#organization","name":"Imobiliare.ro","alternateName":"Realmedia Network SA","url":"https:\/\/www.imobiliare.ro\/imoexpert\/","logo":{"@type":"ImageObject","inLanguage":"en","@id":"https:\/\/www.imobiliare.ro\/imoexpert\/#\/schema\/logo\/image\/","url":"https:\/\/www.imobiliare.ro\/imoexpert\/wp-content\/uploads\/2025\/05\/imobiliare_logo.png","contentUrl":"https:\/\/www.imobiliare.ro\/imoexpert\/wp-content\/uploads\/2025\/05\/imobiliare_logo.png","width":237,"height":29,"caption":"Imobiliare.ro"},"image":{"@id":"https:\/\/www.imobiliare.ro\/imoexpert\/#\/schema\/logo\/image\/"}},{"@type":"Person","@id":"https:\/\/www.imobiliare.ro\/imoexpert\/#\/schema\/person\/516323919636276b6294dc116d3bfcf1","name":" ","image":{"@type":"ImageObject","inLanguage":"en","@id":"https:\/\/www.imobiliare.ro\/imoexpert\/#\/schema\/person\/image\/","url":"https:\/\/secure.gravatar.com\/avatar\/8ca403a2c946d65e1726ebff5a8dfff91c13985314e2eca736f3531fc6231c31?s=96&d=mm&r=g","contentUrl":"https:\/\/secure.gravatar.com\/avatar\/8ca403a2c946d65e1726ebff5a8dfff91c13985314e2eca736f3531fc6231c31?s=96&d=mm&r=g","caption":"casa-gradina.ro"},"url":"https:\/\/www.imobiliare.ro\/imoexpert\/author\/casa-gradina\/"}]}},"_links":{"self":[{"href":"https:\/\/www.imobiliare.ro\/imoexpert\/wp-json\/wp\/v2\/posts\/1208","targetHints":{"allow":["GET"]}}],"collection":[{"href":"https:\/\/www.imobiliare.ro\/imoexpert\/wp-json\/wp\/v2\/posts"}],"about":[{"href":"https:\/\/www.imobiliare.ro\/imoexpert\/wp-json\/wp\/v2\/types\/post"}],"author":[{"embeddable":true,"href":"https:\/\/www.imobiliare.ro\/imoexpert\/wp-json\/wp\/v2\/users\/831"}],"replies":[{"embeddable":true,"href":"https:\/\/www.imobiliare.ro\/imoexpert\/wp-json\/wp\/v2\/comments?post=1208"}],"version-history":[{"count":0,"href":"https:\/\/www.imobiliare.ro\/imoexpert\/wp-json\/wp\/v2\/posts\/1208\/revisions"}],"wp:attachment":[{"href":"https:\/\/www.imobiliare.ro\/imoexpert\/wp-json\/wp\/v2\/media?parent=1208"}],"wp:term":[{"taxonomy":"category","embeddable":true,"href":"https:\/\/www.imobiliare.ro\/imoexpert\/wp-json\/wp\/v2\/categories?post=1208"},{"taxonomy":"post_tag","embeddable":true,"href":"https:\/\/www.imobiliare.ro\/imoexpert\/wp-json\/wp\/v2\/tags?post=1208"},{"taxonomy":"content_author","embeddable":true,"href":"https:\/\/www.imobiliare.ro\/imoexpert\/wp-json\/wp\/v2\/content_author?post=1208"}],"curies":[{"name":"wp","href":"https:\/\/api.w.org\/{rel}","templated":true}]}}