{"id":1281,"date":"2010-03-16T14:05:14","date_gmt":"2010-03-16T11:05:14","guid":{"rendered":"http:\/\/blog.imobiliare.ro\/?p=1281"},"modified":"2010-03-16T14:05:14","modified_gmt":"2010-03-16T11:05:14","slug":"scaderi-de-pret-de-pana-la-41-5-la-chiriile-spatiilor-de-birouri","status":"publish","type":"post","link":"https:\/\/www.imobiliare.ro\/imoexpert\/scaderi-de-pret-de-pana-la-41-5-la-chiriile-spatiilor-de-birouri_db\/","title":{"rendered":"Sc\u0103deri de pre\u0163 de p\u00e2n\u0103 la 41.5% la chiriile spa\u0163iilor de birouri"},"content":{"rendered":"<p>Prezint\u0103m o analiz\u0103 referitoare la dinamica pre\u0163urilor, \u00eenregistrat\u0103 \u00een ultimele 12 luni, la spa\u0163iile de birouri scoase la \u00eenchiriere pe principalul portal imobiliar din Rom\u00e2nia. Analiza a luat \u00een calcul 3.036 anun\u0163uri valide care vizeaz\u0103 \u00eenchirierea spa\u0163iilor de birouri de tip A, B sau C \u00een Capital\u0103 \u015fi \u00een principalele ora\u015fe din \u0163ar\u0103. \u00cen ultimele 12 luni, pre\u0163ul mediu al chiriilor spa\u0163iilor de birouri a sc\u0103zut cu un procent cuprins \u00eentre 20.1% \u015fi 41.5%. Situa\u0163ia pentru fiecare ora\u015f \u00een parte este prezentat\u0103 \u00een continuare.<\/p>\n<p><img loading=\"lazy\" decoding=\"async\" class=\"alignleft size-full wp-image-1283\" src=\"http:\/\/blog.imobiliare.ro\/wp-content\/uploads\/2010\/03\/Spatii-birouri.JPG\" alt=\"Spatii birouri\" width=\"603\" height=\"267\" \/><!--more--><\/p>\n<p><strong>Bucure\u015fti<\/strong><br \/>\nPre\u0163ul chiriilor la spa\u0163iile de birouri din Bucure\u015fti a sc\u0103zut cu 26.7% \u00een intervalul martie 2009 \u2013 martie 2010, de la o medie de 14.1 euro\/mp p\u00e2n\u0103 la 10.33 euro\/mp. \u00cen Capital\u0103, cea mai mare sc\u0103dere de pre\u0163, 32.2%, a fost \u00eenregistrat\u0103 \u00een zona semicentral\u0103, \u00een timp ce spa\u0163iile de birouri din cartierele bucure\u015ftene s-au ieftinit cu 21.1% \u00een acest interval. \u00cen prezent, pre\u0163ul mediu cerut pentru \u00eenchirierea spa\u0163iilor de birouri situate \u00een zona central\u0103 a Capitalei este de 10.90 euro\/mp, cu 26% mai pu\u0163in dec\u00e2t \u00een urm\u0103 cu un an. \u201c\u00cen ultimii doi ani au fost inaugurate numeroase proiecte care vizeaz\u0103 acest segment imobiliar, \u00een plus mul\u0163i proprietari de vile din zone centrale sau semi-centrale \u00eent\u00e2mpin\u00e2nd dificult\u0103\u0163i pe sectorul reziden\u0163ial, se orienteaz\u0103, la r\u00e2ndul lor, spre segmentul spa\u0163iilor de birouri. Rata de neocupare \u00een Capital\u0103 \u015fi \u00een principalele ora\u015fe din \u0163ar\u0103 este \u00een cre\u015ftere. O consecin\u0163\u0103 fireasc\u0103 a acestui fapt este sc\u0103derea pre\u0163ului\u201c, afirm\u0103 Adrian Erimescu, director general www.imobiliare.ro.<\/p>\n<p><strong>Bra\u015fov <\/strong><br \/>\n\u00cen Bra\u015fov, \u00een ultimul an, spa\u0163iile de birouri s-au ieftinit cu 31%. Dac\u0103 \u00een martie anul trecut pre\u0163ul mediu cerut pentru \u00eenchirirerea unui birou era de 9.27 euro\/mp, \u00een prezent, posesorii de spa\u0163ii de birouri din Bra\u015fov cer \u00een medie 6.40 euro\/mp. De altfel, dintre toate ora\u015fele analizate, \u00een prezent, Bra\u015fovul prezint\u0103 cel mai mic pre\u0163.<\/p>\n<p><strong>Cluj-Napoca <\/strong><br \/>\nSitua\u0163ia este asem\u0103n\u0103toare \u015fi \u00een Cluj-Napoca. Cel\u0103lalt mare ora\u015f din Ardeal a \u00eenregistrat o sc\u0103dere de 30.7% la pre\u0163ul \u00eenchirierilor spa\u0163iilor de birouri, de la 10.26 euro\/mp \u00een martie 2009, p\u00e2n\u0103 la 7.12 euro\/mp \u00een prezent.<\/p>\n<p><strong>Constan\u0163a <\/strong><br \/>\nConstan\u0163a, al\u0103turi de Ia\u015fi, a \u00eenregistrat una dintre cele mai mari varia\u0163ii de pre\u0163 \u00een intervalul analizat, -41.5%, \u015fi este, totodat\u0103, unul dintre cele mai ieftine ora\u015fe din acest punct de vedere. Astfel, dac\u0103 \u00een martie anul trecut pre\u0163ul mediu era de 11.59 euro\/mp, \u00een prezent, negocierea pre\u0163ului de \u00eenchiriere a unui spa\u0163iu de birouri \u00een Constan\u0163a \u00eencepe \u00een medie de la 6.78 euro\/mp \u00een jos.<\/p>\n<p><strong>Ia\u015fi <\/strong><br \/>\n\u00cen ciuda unei sc\u0103deri importante de 41.5% a pre\u0163ului mediu de \u00eenchiriere a spa\u0163iilor de birouri, Ia\u015fiul prezint\u0103 pre\u0163uri mai ridicate dec\u00e2t Bra\u015fovul, Constan\u0163a sau Timi\u015foara, clas\u00e2ndu-se pe locul doi, imediat dup\u0103 Cluj-Napoca \u00eentr-un top al pre\u0163urilor solicitate pentru acest segment imobiliar. \u00cen prezent, pre\u0163ul mediu cerut pentru \u00eenchirierea unui birou \u00een Ia\u015fi este de 7.05 euro\/mp, \u00een timp ce \u00een aceea\u015fi perioad\u0103 a anului trecut acesta era de 12.04 euro\/mp.<\/p>\n<p><strong>Timi\u015foara <\/strong><br \/>\nCu o varia\u0163ie anual\u0103 de -20.1%, Timi\u015foara este ora\u015ful cu cea mai mic\u0103 rat\u0103 de sc\u0103dere a pre\u0163urilor la spa\u0163iile de birouri. \u00cen condi\u0163iile \u00een care \u00een ultimul timp au fost finalizate \u015fi date spre folosin\u0163\u0103 mai multe cl\u0103diri destinate segmentului de birouri, \u00een prezent, pre\u0163ul mediu cerut este de 6.90 euro\/mp, fa\u0163\u0103 de 8.64 euro\/mp, \u00een martie anul trecut.<\/p>\n","protected":false},"excerpt":{"rendered":"<p>Prezint\u0103m o analiz\u0103 referitoare la dinamica pre\u0163urilor, \u00eenregistrat\u0103 \u00een ultimele 12 luni, la spa\u0163iile de birouri scoase la \u00eenchiriere pe principalul portal imobiliar din Rom\u00e2nia. Analiza a luat \u00een calcul 3.036 anun\u0163uri valide care vizeaz\u0103 \u00eenchirierea spa\u0163iilor de birouri de tip A, B sau C \u00een Capital\u0103 \u015fi \u00een principalele ora\u015fe din \u0163ar\u0103. \u00cen ultimele [&hellip;]<\/p>\n","protected":false},"author":869,"featured_media":0,"comment_status":"open","ping_status":"open","sticky":false,"template":"","format":"standard","meta":{"footnotes":""},"categories":[259],"tags":[292,295,299],"content_author":[],"class_list":["post-1281","post","type-post","status-publish","format-standard","hentry","category-stiri","tag-cautare","tag-evolutie-pret","tag-indicele-imobiliare-ro"],"yoast_head":"<!-- This site is optimized with the Yoast SEO Premium plugin v27.0 (Yoast SEO v27.0) - https:\/\/yoast.com\/product\/yoast-seo-premium-wordpress\/ -->\n<title>Sc\u0103deri de pre\u0163 de p\u00e2n\u0103 la 41.5% la chiriile spa\u0163iilor de birouri - \u0218tiri - ImoExpert<\/title>\n<meta name=\"description\" content=\"Prezint\u0103m o analiz\u0103 referitoare la dinamica pre\u0163urilor, \u00eenregistrat\u0103 \u00een ultimele 12 luni, la spa\u0163iile de birouri scoase la \u00eenchiriere pe principalul\" \/>\n<meta name=\"robots\" content=\"index, follow\" \/>\n<link rel=\"canonical\" href=\"https:\/\/www.imobiliare.ro\/imoexpert\/scaderi-de-pret-de-pana-la-41-5-la-chiriile-spatiilor-de-birouri_db\/\" \/>\n<meta property=\"og:locale\" content=\"ro_RO\" \/>\n<meta property=\"og:type\" content=\"article\" \/>\n<meta property=\"og:title\" content=\"Sc\u0103deri de pre\u0163 de p\u00e2n\u0103 la 41.5% la chiriile spa\u0163iilor de birouri\" \/>\n<meta property=\"og:description\" content=\"Prezint\u0103m o analiz\u0103 referitoare la dinamica pre\u0163urilor, \u00eenregistrat\u0103 \u00een ultimele 12 luni, la spa\u0163iile de birouri scoase la \u00eenchiriere pe principalul\" \/>\n<meta property=\"og:url\" content=\"https:\/\/www.imobiliare.ro\/imoexpert\/scaderi-de-pret-de-pana-la-41-5-la-chiriile-spatiilor-de-birouri_db\/\" \/>\n<meta property=\"og:site_name\" content=\"ImoExpert\" \/>\n<meta property=\"article:published_time\" content=\"2010-03-16T11:05:14+00:00\" \/>\n<meta name=\"author\" content=\"Daniel Crainic\" \/>\n<meta name=\"twitter:card\" content=\"summary_large_image\" \/>\n<meta name=\"twitter:label1\" content=\"Written by\" \/>\n\t<meta name=\"twitter:data1\" content=\"Daniel Crainic\" \/>\n\t<meta name=\"twitter:label2\" content=\"Est. reading time\" \/>\n\t<meta name=\"twitter:data2\" content=\"3 minute\" \/>\n<script type=\"application\/ld+json\" class=\"yoast-schema-graph\">{\"@context\":\"https:\/\/schema.org\",\"@graph\":[{\"@type\":\"Article\",\"@id\":\"https:\/\/www.imobiliare.ro\/imoexpert\/scaderi-de-pret-de-pana-la-41-5-la-chiriile-spatiilor-de-birouri_db\/#article\",\"isPartOf\":{\"@id\":\"https:\/\/www.imobiliare.ro\/imoexpert\/scaderi-de-pret-de-pana-la-41-5-la-chiriile-spatiilor-de-birouri_db\/\"},\"author\":{\"name\":\"Daniel Crainic\",\"@id\":\"https:\/\/www.imobiliare.ro\/imoexpert\/#\/schema\/person\/9caa7dcba3994a3cf24f4ad21c98169d\"},\"headline\":\"Sc\u0103deri de pre\u0163 de p\u00e2n\u0103 la 41.5% la chiriile spa\u0163iilor de birouri\",\"datePublished\":\"2010-03-16T11:05:14+00:00\",\"mainEntityOfPage\":{\"@id\":\"https:\/\/www.imobiliare.ro\/imoexpert\/scaderi-de-pret-de-pana-la-41-5-la-chiriile-spatiilor-de-birouri_db\/\"},\"wordCount\":625,\"commentCount\":0,\"publisher\":{\"@id\":\"https:\/\/www.imobiliare.ro\/imoexpert\/#organization\"},\"image\":{\"@id\":\"https:\/\/www.imobiliare.ro\/imoexpert\/scaderi-de-pret-de-pana-la-41-5-la-chiriile-spatiilor-de-birouri_db\/#primaryimage\"},\"thumbnailUrl\":\"http:\/\/blog.imobiliare.ro\/wp-content\/uploads\/2010\/03\/Spatii-birouri.JPG\",\"keywords\":[\"c\u0103utare\",\"evolu\u0163ie pre\u0163\",\"indicele imobiliare.ro\"],\"articleSection\":[\"\u0218tiri\"],\"inLanguage\":\"en\",\"potentialAction\":[{\"@type\":\"CommentAction\",\"name\":\"Comment\",\"target\":[\"https:\/\/www.imobiliare.ro\/imoexpert\/scaderi-de-pret-de-pana-la-41-5-la-chiriile-spatiilor-de-birouri_db\/#respond\"]}],\"copyrightYear\":\"2010\",\"copyrightHolder\":{\"@id\":\"https:\/\/www.imobiliare.ro\/imoexpert\/#organization\"}},{\"@type\":\"WebPage\",\"@id\":\"https:\/\/www.imobiliare.ro\/imoexpert\/scaderi-de-pret-de-pana-la-41-5-la-chiriile-spatiilor-de-birouri_db\/\",\"url\":\"https:\/\/www.imobiliare.ro\/imoexpert\/scaderi-de-pret-de-pana-la-41-5-la-chiriile-spatiilor-de-birouri_db\/\",\"name\":\"Sc\u0103deri de pre\u0163 de p\u00e2n\u0103 la 41.5% la chiriile spa\u0163iilor de birouri - \u0218tiri - ImoExpert\",\"isPartOf\":{\"@id\":\"https:\/\/www.imobiliare.ro\/imoexpert\/#website\"},\"primaryImageOfPage\":{\"@id\":\"https:\/\/www.imobiliare.ro\/imoexpert\/scaderi-de-pret-de-pana-la-41-5-la-chiriile-spatiilor-de-birouri_db\/#primaryimage\"},\"image\":{\"@id\":\"https:\/\/www.imobiliare.ro\/imoexpert\/scaderi-de-pret-de-pana-la-41-5-la-chiriile-spatiilor-de-birouri_db\/#primaryimage\"},\"thumbnailUrl\":\"http:\/\/blog.imobiliare.ro\/wp-content\/uploads\/2010\/03\/Spatii-birouri.JPG\",\"datePublished\":\"2010-03-16T11:05:14+00:00\",\"description\":\"Prezint\u0103m o analiz\u0103 referitoare la dinamica pre\u0163urilor, \u00eenregistrat\u0103 \u00een ultimele 12 luni, la spa\u0163iile de birouri scoase la \u00eenchiriere pe principalul\",\"breadcrumb\":{\"@id\":\"https:\/\/www.imobiliare.ro\/imoexpert\/scaderi-de-pret-de-pana-la-41-5-la-chiriile-spatiilor-de-birouri_db\/#breadcrumb\"},\"inLanguage\":\"en\",\"potentialAction\":[{\"@type\":\"ReadAction\",\"target\":[\"https:\/\/www.imobiliare.ro\/imoexpert\/scaderi-de-pret-de-pana-la-41-5-la-chiriile-spatiilor-de-birouri_db\/\"]}]},{\"@type\":\"ImageObject\",\"inLanguage\":\"en\",\"@id\":\"https:\/\/www.imobiliare.ro\/imoexpert\/scaderi-de-pret-de-pana-la-41-5-la-chiriile-spatiilor-de-birouri_db\/#primaryimage\",\"url\":\"http:\/\/blog.imobiliare.ro\/wp-content\/uploads\/2010\/03\/Spatii-birouri.JPG\",\"contentUrl\":\"http:\/\/blog.imobiliare.ro\/wp-content\/uploads\/2010\/03\/Spatii-birouri.JPG\"},{\"@type\":\"BreadcrumbList\",\"@id\":\"https:\/\/www.imobiliare.ro\/imoexpert\/scaderi-de-pret-de-pana-la-41-5-la-chiriile-spatiilor-de-birouri_db\/#breadcrumb\",\"itemListElement\":[{\"@type\":\"ListItem\",\"position\":1,\"name\":\"Imoradar24\",\"item\":\"https:\/\/www.imoradar24.ro\"},{\"@type\":\"ListItem\",\"position\":2,\"name\":\"ImoExpert\",\"item\":\"https:\/\/www.imobiliare.ro\/imoexpert\/\"},{\"@type\":\"ListItem\",\"position\":3,\"name\":\"\u0218tiri\",\"item\":\"https:\/\/www.imobiliare.ro\/imoexpert\/stiri\/\"},{\"@type\":\"ListItem\",\"position\":4,\"name\":\"Sc\u0103deri de pre\u0163 de p\u00e2n\u0103 la 41.5% la chiriile spa\u0163iilor de birouri\"}]},{\"@type\":\"WebSite\",\"@id\":\"https:\/\/www.imobiliare.ro\/imoexpert\/#website\",\"url\":\"https:\/\/www.imobiliare.ro\/imoexpert\/\",\"name\":\"ImoExpert\",\"description\":\"cele mai importante \u015ftiri din domeniul imobiliar\",\"publisher\":{\"@id\":\"https:\/\/www.imobiliare.ro\/imoexpert\/#organization\"},\"inLanguage\":\"en\"},{\"@type\":\"Organization\",\"@id\":\"https:\/\/www.imobiliare.ro\/imoexpert\/#organization\",\"name\":\"Imobiliare.ro\",\"alternateName\":\"Realmedia Network SA\",\"url\":\"https:\/\/www.imobiliare.ro\/imoexpert\/\",\"logo\":{\"@type\":\"ImageObject\",\"inLanguage\":\"en\",\"@id\":\"https:\/\/www.imobiliare.ro\/imoexpert\/#\/schema\/logo\/image\/\",\"url\":\"https:\/\/www.imobiliare.ro\/imoexpert\/wp-content\/uploads\/2025\/05\/imobiliare_logo.png\",\"contentUrl\":\"https:\/\/www.imobiliare.ro\/imoexpert\/wp-content\/uploads\/2025\/05\/imobiliare_logo.png\",\"width\":237,\"height\":29,\"caption\":\"Imobiliare.ro\"},\"image\":{\"@id\":\"https:\/\/www.imobiliare.ro\/imoexpert\/#\/schema\/logo\/image\/\"}},{\"@type\":\"Person\",\"@id\":\"https:\/\/www.imobiliare.ro\/imoexpert\/#\/schema\/person\/9caa7dcba3994a3cf24f4ad21c98169d\",\"name\":\"Daniel Crainic\",\"image\":{\"@type\":\"ImageObject\",\"inLanguage\":\"en\",\"@id\":\"https:\/\/www.imobiliare.ro\/imoexpert\/#\/schema\/person\/image\/\",\"url\":\"https:\/\/secure.gravatar.com\/avatar\/8504a026f47d7fb16dd2d23439c5321cc21e230f39360b9a4c72f2948eb60ce1?s=96&d=mm&r=g\",\"contentUrl\":\"https:\/\/secure.gravatar.com\/avatar\/8504a026f47d7fb16dd2d23439c5321cc21e230f39360b9a4c72f2948eb60ce1?s=96&d=mm&r=g\",\"caption\":\"Daniel Crainic\"},\"url\":\"https:\/\/www.imobiliare.ro\/imoexpert\/author\/daniel-crainic\/\"}]}<\/script>\n<!-- \/ Yoast SEO Premium plugin. -->","yoast_head_json":{"title":"Sc\u0103deri de pre\u0163 de p\u00e2n\u0103 la 41.5% la chiriile spa\u0163iilor de birouri - \u0218tiri - ImoExpert","description":"Prezint\u0103m o analiz\u0103 referitoare la dinamica pre\u0163urilor, \u00eenregistrat\u0103 \u00een ultimele 12 luni, la spa\u0163iile de birouri scoase la \u00eenchiriere pe principalul","robots":{"index":"index","follow":"follow"},"canonical":"https:\/\/www.imobiliare.ro\/imoexpert\/scaderi-de-pret-de-pana-la-41-5-la-chiriile-spatiilor-de-birouri_db\/","og_locale":"ro_RO","og_type":"article","og_title":"Sc\u0103deri de pre\u0163 de p\u00e2n\u0103 la 41.5% la chiriile spa\u0163iilor de birouri","og_description":"Prezint\u0103m o analiz\u0103 referitoare la dinamica pre\u0163urilor, \u00eenregistrat\u0103 \u00een ultimele 12 luni, la spa\u0163iile de birouri scoase la \u00eenchiriere pe principalul","og_url":"https:\/\/www.imobiliare.ro\/imoexpert\/scaderi-de-pret-de-pana-la-41-5-la-chiriile-spatiilor-de-birouri_db\/","og_site_name":"ImoExpert","article_published_time":"2010-03-16T11:05:14+00:00","author":"Daniel Crainic","twitter_card":"summary_large_image","twitter_misc":{"Written by":"Daniel Crainic","Est. reading time":"3 minute"},"schema":{"@context":"https:\/\/schema.org","@graph":[{"@type":"Article","@id":"https:\/\/www.imobiliare.ro\/imoexpert\/scaderi-de-pret-de-pana-la-41-5-la-chiriile-spatiilor-de-birouri_db\/#article","isPartOf":{"@id":"https:\/\/www.imobiliare.ro\/imoexpert\/scaderi-de-pret-de-pana-la-41-5-la-chiriile-spatiilor-de-birouri_db\/"},"author":{"name":"Daniel Crainic","@id":"https:\/\/www.imobiliare.ro\/imoexpert\/#\/schema\/person\/9caa7dcba3994a3cf24f4ad21c98169d"},"headline":"Sc\u0103deri de pre\u0163 de p\u00e2n\u0103 la 41.5% la chiriile spa\u0163iilor de birouri","datePublished":"2010-03-16T11:05:14+00:00","mainEntityOfPage":{"@id":"https:\/\/www.imobiliare.ro\/imoexpert\/scaderi-de-pret-de-pana-la-41-5-la-chiriile-spatiilor-de-birouri_db\/"},"wordCount":625,"commentCount":0,"publisher":{"@id":"https:\/\/www.imobiliare.ro\/imoexpert\/#organization"},"image":{"@id":"https:\/\/www.imobiliare.ro\/imoexpert\/scaderi-de-pret-de-pana-la-41-5-la-chiriile-spatiilor-de-birouri_db\/#primaryimage"},"thumbnailUrl":"http:\/\/blog.imobiliare.ro\/wp-content\/uploads\/2010\/03\/Spatii-birouri.JPG","keywords":["c\u0103utare","evolu\u0163ie pre\u0163","indicele imobiliare.ro"],"articleSection":["\u0218tiri"],"inLanguage":"en","potentialAction":[{"@type":"CommentAction","name":"Comment","target":["https:\/\/www.imobiliare.ro\/imoexpert\/scaderi-de-pret-de-pana-la-41-5-la-chiriile-spatiilor-de-birouri_db\/#respond"]}],"copyrightYear":"2010","copyrightHolder":{"@id":"https:\/\/www.imobiliare.ro\/imoexpert\/#organization"}},{"@type":"WebPage","@id":"https:\/\/www.imobiliare.ro\/imoexpert\/scaderi-de-pret-de-pana-la-41-5-la-chiriile-spatiilor-de-birouri_db\/","url":"https:\/\/www.imobiliare.ro\/imoexpert\/scaderi-de-pret-de-pana-la-41-5-la-chiriile-spatiilor-de-birouri_db\/","name":"Sc\u0103deri de pre\u0163 de p\u00e2n\u0103 la 41.5% la chiriile spa\u0163iilor de birouri - \u0218tiri - ImoExpert","isPartOf":{"@id":"https:\/\/www.imobiliare.ro\/imoexpert\/#website"},"primaryImageOfPage":{"@id":"https:\/\/www.imobiliare.ro\/imoexpert\/scaderi-de-pret-de-pana-la-41-5-la-chiriile-spatiilor-de-birouri_db\/#primaryimage"},"image":{"@id":"https:\/\/www.imobiliare.ro\/imoexpert\/scaderi-de-pret-de-pana-la-41-5-la-chiriile-spatiilor-de-birouri_db\/#primaryimage"},"thumbnailUrl":"http:\/\/blog.imobiliare.ro\/wp-content\/uploads\/2010\/03\/Spatii-birouri.JPG","datePublished":"2010-03-16T11:05:14+00:00","description":"Prezint\u0103m o analiz\u0103 referitoare la dinamica pre\u0163urilor, \u00eenregistrat\u0103 \u00een ultimele 12 luni, la spa\u0163iile de birouri scoase la \u00eenchiriere pe principalul","breadcrumb":{"@id":"https:\/\/www.imobiliare.ro\/imoexpert\/scaderi-de-pret-de-pana-la-41-5-la-chiriile-spatiilor-de-birouri_db\/#breadcrumb"},"inLanguage":"en","potentialAction":[{"@type":"ReadAction","target":["https:\/\/www.imobiliare.ro\/imoexpert\/scaderi-de-pret-de-pana-la-41-5-la-chiriile-spatiilor-de-birouri_db\/"]}]},{"@type":"ImageObject","inLanguage":"en","@id":"https:\/\/www.imobiliare.ro\/imoexpert\/scaderi-de-pret-de-pana-la-41-5-la-chiriile-spatiilor-de-birouri_db\/#primaryimage","url":"http:\/\/blog.imobiliare.ro\/wp-content\/uploads\/2010\/03\/Spatii-birouri.JPG","contentUrl":"http:\/\/blog.imobiliare.ro\/wp-content\/uploads\/2010\/03\/Spatii-birouri.JPG"},{"@type":"BreadcrumbList","@id":"https:\/\/www.imobiliare.ro\/imoexpert\/scaderi-de-pret-de-pana-la-41-5-la-chiriile-spatiilor-de-birouri_db\/#breadcrumb","itemListElement":[{"@type":"ListItem","position":1,"name":"Imoradar24","item":"https:\/\/www.imoradar24.ro"},{"@type":"ListItem","position":2,"name":"ImoExpert","item":"https:\/\/www.imobiliare.ro\/imoexpert\/"},{"@type":"ListItem","position":3,"name":"\u0218tiri","item":"https:\/\/www.imobiliare.ro\/imoexpert\/stiri\/"},{"@type":"ListItem","position":4,"name":"Sc\u0103deri de pre\u0163 de p\u00e2n\u0103 la 41.5% la chiriile spa\u0163iilor de birouri"}]},{"@type":"WebSite","@id":"https:\/\/www.imobiliare.ro\/imoexpert\/#website","url":"https:\/\/www.imobiliare.ro\/imoexpert\/","name":"ImoExpert","description":"cele mai importante \u015ftiri din domeniul imobiliar","publisher":{"@id":"https:\/\/www.imobiliare.ro\/imoexpert\/#organization"},"inLanguage":"en"},{"@type":"Organization","@id":"https:\/\/www.imobiliare.ro\/imoexpert\/#organization","name":"Imobiliare.ro","alternateName":"Realmedia Network SA","url":"https:\/\/www.imobiliare.ro\/imoexpert\/","logo":{"@type":"ImageObject","inLanguage":"en","@id":"https:\/\/www.imobiliare.ro\/imoexpert\/#\/schema\/logo\/image\/","url":"https:\/\/www.imobiliare.ro\/imoexpert\/wp-content\/uploads\/2025\/05\/imobiliare_logo.png","contentUrl":"https:\/\/www.imobiliare.ro\/imoexpert\/wp-content\/uploads\/2025\/05\/imobiliare_logo.png","width":237,"height":29,"caption":"Imobiliare.ro"},"image":{"@id":"https:\/\/www.imobiliare.ro\/imoexpert\/#\/schema\/logo\/image\/"}},{"@type":"Person","@id":"https:\/\/www.imobiliare.ro\/imoexpert\/#\/schema\/person\/9caa7dcba3994a3cf24f4ad21c98169d","name":"Daniel Crainic","image":{"@type":"ImageObject","inLanguage":"en","@id":"https:\/\/www.imobiliare.ro\/imoexpert\/#\/schema\/person\/image\/","url":"https:\/\/secure.gravatar.com\/avatar\/8504a026f47d7fb16dd2d23439c5321cc21e230f39360b9a4c72f2948eb60ce1?s=96&d=mm&r=g","contentUrl":"https:\/\/secure.gravatar.com\/avatar\/8504a026f47d7fb16dd2d23439c5321cc21e230f39360b9a4c72f2948eb60ce1?s=96&d=mm&r=g","caption":"Daniel Crainic"},"url":"https:\/\/www.imobiliare.ro\/imoexpert\/author\/daniel-crainic\/"}]}},"_links":{"self":[{"href":"https:\/\/www.imobiliare.ro\/imoexpert\/wp-json\/wp\/v2\/posts\/1281","targetHints":{"allow":["GET"]}}],"collection":[{"href":"https:\/\/www.imobiliare.ro\/imoexpert\/wp-json\/wp\/v2\/posts"}],"about":[{"href":"https:\/\/www.imobiliare.ro\/imoexpert\/wp-json\/wp\/v2\/types\/post"}],"author":[{"embeddable":true,"href":"https:\/\/www.imobiliare.ro\/imoexpert\/wp-json\/wp\/v2\/users\/869"}],"replies":[{"embeddable":true,"href":"https:\/\/www.imobiliare.ro\/imoexpert\/wp-json\/wp\/v2\/comments?post=1281"}],"version-history":[{"count":0,"href":"https:\/\/www.imobiliare.ro\/imoexpert\/wp-json\/wp\/v2\/posts\/1281\/revisions"}],"wp:attachment":[{"href":"https:\/\/www.imobiliare.ro\/imoexpert\/wp-json\/wp\/v2\/media?parent=1281"}],"wp:term":[{"taxonomy":"category","embeddable":true,"href":"https:\/\/www.imobiliare.ro\/imoexpert\/wp-json\/wp\/v2\/categories?post=1281"},{"taxonomy":"post_tag","embeddable":true,"href":"https:\/\/www.imobiliare.ro\/imoexpert\/wp-json\/wp\/v2\/tags?post=1281"},{"taxonomy":"content_author","embeddable":true,"href":"https:\/\/www.imobiliare.ro\/imoexpert\/wp-json\/wp\/v2\/content_author?post=1281"}],"curies":[{"name":"wp","href":"https:\/\/api.w.org\/{rel}","templated":true}]}}