{"id":14246,"date":"2011-07-15T15:56:20","date_gmt":"2011-07-15T12:56:20","guid":{"rendered":"https:\/\/www.imobiliare.ro\/?p=14246_db\/"},"modified":"2011-07-15T15:56:20","modified_gmt":"2011-07-15T12:56:20","slug":"afi-europe-a-inceput-constructia-primei-cladiri-de-birouri-de-langa-mallul-din-cotroceni","status":"publish","type":"post","link":"https:\/\/www.imobiliare.ro\/imoexpert\/afi-europe-a-inceput-constructia-primei-cladiri-de-birouri-de-langa-mallul-din-cotroceni_db\/","title":{"rendered":"AFI Europe a \u00eenceput construc\u0163ia primei cl\u0103diri de birouri de l\u00e2ng\u0103 mallul din Cotroceni"},"content":{"rendered":"<p><a class=\"article-body-links\"href=\"https:\/\/www.imobiliare.ro\/birouri\/afi-europe-a-inceput-constructia-primei-cladiri-de-birouri-de-langa-mallul-din-cotroceni_db\/afipalaceplusbusiness-2\/\" rel=\"attachment wp-att-14247\"><img loading=\"lazy\" decoding=\"async\" src=\"https:\/\/info.imobiliare.ro\/wp-content\/uploads\/2011\/07\/afipalaceplusbusiness-300x200.jpg\" alt=\"\" title=\"afipalaceplusbusiness\" width=\"300\" height=\"200\" class=\"alignleft size-medium wp-image-14247\" srcset=\"https:\/\/www.imobiliare.ro\/imoexpert\/wp-content\/uploads\/2011\/07\/afipalaceplusbusiness-300x200.jpg 300w, https:\/\/www.imobiliare.ro\/imoexpert\/wp-content\/uploads\/2011\/07\/afipalaceplusbusiness-1024x683.jpg 1024w, https:\/\/www.imobiliare.ro\/imoexpert\/wp-content\/uploads\/2011\/07\/afipalaceplusbusiness-768x512.jpg 768w, https:\/\/www.imobiliare.ro\/imoexpert\/wp-content\/uploads\/2011\/07\/afipalaceplusbusiness-1536x1024.jpg 1536w, https:\/\/www.imobiliare.ro\/imoexpert\/wp-content\/uploads\/2011\/07\/afipalaceplusbusiness-2048x1365.jpg 2048w, https:\/\/www.imobiliare.ro\/imoexpert\/wp-content\/uploads\/2011\/07\/afipalaceplusbusiness-87x57.jpg 87w, https:\/\/www.imobiliare.ro\/imoexpert\/wp-content\/uploads\/2011\/07\/afipalaceplusbusiness-65x43.jpg 65w\" sizes=\"auto, (max-width: 300px) 100vw, 300px\" \/><\/a><strong>Reprezentan\u0163ii dezvoltatorului poart\u0103 deja negocieri pentru ocuparea a aproape o treime din suprafa\u0163a \u00eenchiriabil\u0103.<\/strong><\/p>\n<p>Investitorul imobiliar AFI Europe a anun\u0163at \u00eenceperea lucr\u0103rilor de construc\u0163ie la prima cl\u0103dire din cadrul proiectului de <a class=\"article-body-links\"href=\"https:\/\/www.imobiliare.ro\/inchirieri-birouri-bucuresti-2350260\">birouri <\/a>AFI Business Park Cotroceni, de l\u00e2ng\u0103 centrul comercial AFI Palace Cotroceni. <a class=\"article-body-links\"href=\"https:\/\/www.imobiliare.ro\/birouri\/prima-cladire-de-birouri-din-afi-business-park-cotroceni-va-fi-livrata-in-vara-lui-2012_db\/\">Finalizarea imobilului este programat\u0103 pentru vara anului viitor.<\/a> Acesta va avea o suprafa\u0163\u0103 construit\u0103 de aproximativ 14.000 de metri p\u0103tra\u0163i (dintre care 11.000 de metri p\u0103tra\u0163i \u00eenchiriabili), distribuit\u0103 pe 10 etaje. \u201c\u00cen prezent sunt derulate negocieri cu mai mul\u0163i parteneri comerciali pentru contractarea unei suprafe\u0163e totale de circa 3.000 metri p\u0103tra\u0163i. Companiile care s-au ar\u0103tat interesate de noi p\u00e2n\u0103 acum activeaz\u0103 \u00een domeniul financiar \u015fi al asigur\u0103rilor, software, IT \u015fi telecomunica\u0163ii\u201d, subliniaz\u0103 reprezentan\u0163ii AFI Europe Rom\u00e2nia. Dezvoltatorul a numit compania de consultan\u0163\u0103 The Advisers\/Knight Frank ca agent exclusiv responsabil de \u00eenchirierea spa\u0163iilor de birouri aflate \u00een cea dint\u00e2i cl\u0103dire din cadrul complexului de birouri.<\/p>\n<p>AFI Business 1 este cea dint\u00e2i din cinci cl\u0103diri de birouri de clas\u0103 A ce vor face parte din proiectul office ata\u015fat mallului AFI Palace Cotroceni. Suprafa\u0163a total\u0103 \u00eenchiriabil\u0103 a celor cinci cl\u0103diri se va ridica la 70.000 de metri p\u0103tra\u0163i. Complexul de birouri va dispune de 173 de locuri de parcare subterane pentru angaja\u0163i, \u00een vreme ce vizitatorii vor putea apela la cele 2.500 de locuri de parcare aferente centrului comercial. <\/p>\n","protected":false},"excerpt":{"rendered":"<p>Reprezentan\u0163ii dezvoltatorului poart\u0103 deja negocieri pentru ocuparea a aproape o treime din suprafa\u0163a \u00eenchiriabil\u0103. Investitorul imobiliar AFI Europe a anun\u0163at \u00eenceperea lucr\u0103rilor de construc\u0163ie la prima cl\u0103dire din cadrul proiectului de birouri AFI Business Park Cotroceni, de l\u00e2ng\u0103 centrul comercial AFI Palace Cotroceni. Finalizarea imobilului este programat\u0103 pentru vara anului viitor. Acesta va avea o [&hellip;]<\/p>\n","protected":false},"author":829,"featured_media":14247,"comment_status":"open","ping_status":"open","sticky":false,"template":"","format":"standard","meta":{"footnotes":""},"categories":[259],"tags":[370],"content_author":[],"class_list":["post-14246","post","type-post","status-publish","format-standard","has-post-thumbnail","hentry","category-stiri","tag-birouri"],"yoast_head":"<!-- This site is optimized with the Yoast SEO Premium plugin v27.0 (Yoast SEO v27.0) - https:\/\/yoast.com\/product\/yoast-seo-premium-wordpress\/ -->\n<title>AFI Europe a \u00eenceput construc\u0163ia primei cl\u0103diri de birouri de l\u00e2ng\u0103 mallul din Cotroceni - \u0218tiri - ImoExpert<\/title>\n<meta name=\"description\" content=\"Reprezentan\u0163ii dezvoltatorului poart\u0103 deja negocieri pentru ocuparea a aproape o treime din suprafa\u0163a \u00eenchiriabil\u0103. Investitorul imobiliar AFI Europe a\" \/>\n<meta name=\"robots\" content=\"index, follow\" \/>\n<link rel=\"canonical\" href=\"https:\/\/www.imobiliare.ro\/imoexpert\/afi-europe-a-inceput-constructia-primei-cladiri-de-birouri-de-langa-mallul-din-cotroceni_db\/\" \/>\n<meta property=\"og:locale\" content=\"ro_RO\" \/>\n<meta property=\"og:type\" content=\"article\" \/>\n<meta property=\"og:title\" content=\"AFI Europe a \u00eenceput construc\u0163ia primei cl\u0103diri de birouri de l\u00e2ng\u0103 mallul din Cotroceni\" \/>\n<meta property=\"og:description\" content=\"Reprezentan\u0163ii dezvoltatorului poart\u0103 deja negocieri pentru ocuparea a aproape o treime din suprafa\u0163a \u00eenchiriabil\u0103. Investitorul imobiliar AFI Europe a\" \/>\n<meta property=\"og:url\" content=\"https:\/\/www.imobiliare.ro\/imoexpert\/afi-europe-a-inceput-constructia-primei-cladiri-de-birouri-de-langa-mallul-din-cotroceni_db\/\" \/>\n<meta property=\"og:site_name\" content=\"ImoExpert\" \/>\n<meta property=\"article:published_time\" content=\"2011-07-15T12:56:20+00:00\" \/>\n<meta property=\"og:image\" content=\"https:\/\/www.imobiliare.ro\/imoexpert\/wp-content\/uploads\/2011\/07\/afipalaceplusbusiness-scaled.jpg\" \/>\n\t<meta property=\"og:image:width\" content=\"2560\" \/>\n\t<meta property=\"og:image:height\" content=\"1707\" \/>\n\t<meta property=\"og:image:type\" content=\"image\/jpeg\" \/>\n<meta name=\"author\" content=\"Adriana Dr\u0103gu\u0219in\" \/>\n<meta name=\"twitter:card\" content=\"summary_large_image\" \/>\n<meta name=\"twitter:label1\" content=\"Written by\" \/>\n\t<meta name=\"twitter:data1\" content=\"Adriana Dr\u0103gu\u0219in\" \/>\n\t<meta name=\"twitter:label2\" content=\"Est. reading time\" \/>\n\t<meta name=\"twitter:data2\" content=\"1 minut\" \/>\n<script type=\"application\/ld+json\" class=\"yoast-schema-graph\">{\"@context\":\"https:\/\/schema.org\",\"@graph\":[{\"@type\":\"Article\",\"@id\":\"https:\/\/www.imobiliare.ro\/imoexpert\/afi-europe-a-inceput-constructia-primei-cladiri-de-birouri-de-langa-mallul-din-cotroceni_db\/#article\",\"isPartOf\":{\"@id\":\"https:\/\/www.imobiliare.ro\/imoexpert\/afi-europe-a-inceput-constructia-primei-cladiri-de-birouri-de-langa-mallul-din-cotroceni_db\/\"},\"author\":{\"name\":\"Adriana Dr\u0103gu\u0219in\",\"@id\":\"https:\/\/www.imobiliare.ro\/imoexpert\/#\/schema\/person\/8c13b0297075010b896471fabf0d7790\"},\"headline\":\"AFI Europe a \u00eenceput construc\u0163ia primei cl\u0103diri de birouri de l\u00e2ng\u0103 mallul din Cotroceni\",\"datePublished\":\"2011-07-15T12:56:20+00:00\",\"mainEntityOfPage\":{\"@id\":\"https:\/\/www.imobiliare.ro\/imoexpert\/afi-europe-a-inceput-constructia-primei-cladiri-de-birouri-de-langa-mallul-din-cotroceni_db\/\"},\"wordCount\":261,\"commentCount\":0,\"publisher\":{\"@id\":\"https:\/\/www.imobiliare.ro\/imoexpert\/#organization\"},\"image\":{\"@id\":\"https:\/\/www.imobiliare.ro\/imoexpert\/afi-europe-a-inceput-constructia-primei-cladiri-de-birouri-de-langa-mallul-din-cotroceni_db\/#primaryimage\"},\"thumbnailUrl\":\"https:\/\/www.imobiliare.ro\/imoexpert\/wp-content\/uploads\/2011\/07\/afipalaceplusbusiness-scaled.jpg\",\"keywords\":[\"birouri\"],\"articleSection\":[\"\u0218tiri\"],\"inLanguage\":\"en\",\"potentialAction\":[{\"@type\":\"CommentAction\",\"name\":\"Comment\",\"target\":[\"https:\/\/www.imobiliare.ro\/imoexpert\/afi-europe-a-inceput-constructia-primei-cladiri-de-birouri-de-langa-mallul-din-cotroceni_db\/#respond\"]}],\"copyrightYear\":\"2011\",\"copyrightHolder\":{\"@id\":\"https:\/\/www.imobiliare.ro\/imoexpert\/#organization\"}},{\"@type\":\"WebPage\",\"@id\":\"https:\/\/www.imobiliare.ro\/imoexpert\/afi-europe-a-inceput-constructia-primei-cladiri-de-birouri-de-langa-mallul-din-cotroceni_db\/\",\"url\":\"https:\/\/www.imobiliare.ro\/imoexpert\/afi-europe-a-inceput-constructia-primei-cladiri-de-birouri-de-langa-mallul-din-cotroceni_db\/\",\"name\":\"AFI Europe a \u00eenceput construc\u0163ia primei cl\u0103diri de birouri de l\u00e2ng\u0103 mallul din Cotroceni - \u0218tiri - ImoExpert\",\"isPartOf\":{\"@id\":\"https:\/\/www.imobiliare.ro\/imoexpert\/#website\"},\"primaryImageOfPage\":{\"@id\":\"https:\/\/www.imobiliare.ro\/imoexpert\/afi-europe-a-inceput-constructia-primei-cladiri-de-birouri-de-langa-mallul-din-cotroceni_db\/#primaryimage\"},\"image\":{\"@id\":\"https:\/\/www.imobiliare.ro\/imoexpert\/afi-europe-a-inceput-constructia-primei-cladiri-de-birouri-de-langa-mallul-din-cotroceni_db\/#primaryimage\"},\"thumbnailUrl\":\"https:\/\/www.imobiliare.ro\/imoexpert\/wp-content\/uploads\/2011\/07\/afipalaceplusbusiness-scaled.jpg\",\"datePublished\":\"2011-07-15T12:56:20+00:00\",\"description\":\"Reprezentan\u0163ii dezvoltatorului poart\u0103 deja negocieri pentru ocuparea a aproape o treime din suprafa\u0163a \u00eenchiriabil\u0103. Investitorul imobiliar AFI Europe a\",\"breadcrumb\":{\"@id\":\"https:\/\/www.imobiliare.ro\/imoexpert\/afi-europe-a-inceput-constructia-primei-cladiri-de-birouri-de-langa-mallul-din-cotroceni_db\/#breadcrumb\"},\"inLanguage\":\"en\",\"potentialAction\":[{\"@type\":\"ReadAction\",\"target\":[\"https:\/\/www.imobiliare.ro\/imoexpert\/afi-europe-a-inceput-constructia-primei-cladiri-de-birouri-de-langa-mallul-din-cotroceni_db\/\"]}]},{\"@type\":\"ImageObject\",\"inLanguage\":\"en\",\"@id\":\"https:\/\/www.imobiliare.ro\/imoexpert\/afi-europe-a-inceput-constructia-primei-cladiri-de-birouri-de-langa-mallul-din-cotroceni_db\/#primaryimage\",\"url\":\"https:\/\/www.imobiliare.ro\/imoexpert\/wp-content\/uploads\/2011\/07\/afipalaceplusbusiness-scaled.jpg\",\"contentUrl\":\"https:\/\/www.imobiliare.ro\/imoexpert\/wp-content\/uploads\/2011\/07\/afipalaceplusbusiness-scaled.jpg\",\"width\":2560,\"height\":1707},{\"@type\":\"BreadcrumbList\",\"@id\":\"https:\/\/www.imobiliare.ro\/imoexpert\/afi-europe-a-inceput-constructia-primei-cladiri-de-birouri-de-langa-mallul-din-cotroceni_db\/#breadcrumb\",\"itemListElement\":[{\"@type\":\"ListItem\",\"position\":1,\"name\":\"Imoradar24\",\"item\":\"https:\/\/www.imoradar24.ro\"},{\"@type\":\"ListItem\",\"position\":2,\"name\":\"ImoExpert\",\"item\":\"https:\/\/www.imobiliare.ro\/imoexpert\/\"},{\"@type\":\"ListItem\",\"position\":3,\"name\":\"\u0218tiri\",\"item\":\"https:\/\/www.imobiliare.ro\/imoexpert\/stiri\/\"},{\"@type\":\"ListItem\",\"position\":4,\"name\":\"AFI Europe a \u00eenceput construc\u0163ia primei cl\u0103diri de birouri de l\u00e2ng\u0103 mallul din Cotroceni\"}]},{\"@type\":\"WebSite\",\"@id\":\"https:\/\/www.imobiliare.ro\/imoexpert\/#website\",\"url\":\"https:\/\/www.imobiliare.ro\/imoexpert\/\",\"name\":\"ImoExpert\",\"description\":\"cele mai importante \u015ftiri din domeniul imobiliar\",\"publisher\":{\"@id\":\"https:\/\/www.imobiliare.ro\/imoexpert\/#organization\"},\"inLanguage\":\"en\"},{\"@type\":\"Organization\",\"@id\":\"https:\/\/www.imobiliare.ro\/imoexpert\/#organization\",\"name\":\"Imobiliare.ro\",\"alternateName\":\"Realmedia Network SA\",\"url\":\"https:\/\/www.imobiliare.ro\/imoexpert\/\",\"logo\":{\"@type\":\"ImageObject\",\"inLanguage\":\"en\",\"@id\":\"https:\/\/www.imobiliare.ro\/imoexpert\/#\/schema\/logo\/image\/\",\"url\":\"https:\/\/www.imobiliare.ro\/imoexpert\/wp-content\/uploads\/2025\/05\/imobiliare_logo.png\",\"contentUrl\":\"https:\/\/www.imobiliare.ro\/imoexpert\/wp-content\/uploads\/2025\/05\/imobiliare_logo.png\",\"width\":237,\"height\":29,\"caption\":\"Imobiliare.ro\"},\"image\":{\"@id\":\"https:\/\/www.imobiliare.ro\/imoexpert\/#\/schema\/logo\/image\/\"}},{\"@type\":\"Person\",\"@id\":\"https:\/\/www.imobiliare.ro\/imoexpert\/#\/schema\/person\/8c13b0297075010b896471fabf0d7790\",\"name\":\"Adriana Dr\u0103gu\u0219in\",\"image\":{\"@type\":\"ImageObject\",\"inLanguage\":\"en\",\"@id\":\"https:\/\/www.imobiliare.ro\/imoexpert\/#\/schema\/person\/image\/\",\"url\":\"https:\/\/secure.gravatar.com\/avatar\/ba4762f7517e50e679ed7f11207102d1150120f2f5800c0da98f8a15305bf514?s=96&d=mm&r=g\",\"contentUrl\":\"https:\/\/secure.gravatar.com\/avatar\/ba4762f7517e50e679ed7f11207102d1150120f2f5800c0da98f8a15305bf514?s=96&d=mm&r=g\",\"caption\":\"Adriana Dr\u0103gu\u0219in\"},\"jobTitle\":\"Editor\",\"url\":\"https:\/\/www.imobiliare.ro\/imoexpert\/author\/adriana-dragusin\/\"}]}<\/script>\n<!-- \/ Yoast SEO Premium plugin. -->","yoast_head_json":{"title":"AFI Europe a \u00eenceput construc\u0163ia primei cl\u0103diri de birouri de l\u00e2ng\u0103 mallul din Cotroceni - \u0218tiri - ImoExpert","description":"Reprezentan\u0163ii dezvoltatorului poart\u0103 deja negocieri pentru ocuparea a aproape o treime din suprafa\u0163a \u00eenchiriabil\u0103. Investitorul imobiliar AFI Europe a","robots":{"index":"index","follow":"follow"},"canonical":"https:\/\/www.imobiliare.ro\/imoexpert\/afi-europe-a-inceput-constructia-primei-cladiri-de-birouri-de-langa-mallul-din-cotroceni_db\/","og_locale":"ro_RO","og_type":"article","og_title":"AFI Europe a \u00eenceput construc\u0163ia primei cl\u0103diri de birouri de l\u00e2ng\u0103 mallul din Cotroceni","og_description":"Reprezentan\u0163ii dezvoltatorului poart\u0103 deja negocieri pentru ocuparea a aproape o treime din suprafa\u0163a \u00eenchiriabil\u0103. Investitorul imobiliar AFI Europe a","og_url":"https:\/\/www.imobiliare.ro\/imoexpert\/afi-europe-a-inceput-constructia-primei-cladiri-de-birouri-de-langa-mallul-din-cotroceni_db\/","og_site_name":"ImoExpert","article_published_time":"2011-07-15T12:56:20+00:00","og_image":[{"width":2560,"height":1707,"url":"https:\/\/www.imobiliare.ro\/imoexpert\/wp-content\/uploads\/2011\/07\/afipalaceplusbusiness-scaled.jpg","type":"image\/jpeg"}],"author":"Adriana Dr\u0103gu\u0219in","twitter_card":"summary_large_image","twitter_misc":{"Written by":"Adriana Dr\u0103gu\u0219in","Est. reading time":"1 minut"},"schema":{"@context":"https:\/\/schema.org","@graph":[{"@type":"Article","@id":"https:\/\/www.imobiliare.ro\/imoexpert\/afi-europe-a-inceput-constructia-primei-cladiri-de-birouri-de-langa-mallul-din-cotroceni_db\/#article","isPartOf":{"@id":"https:\/\/www.imobiliare.ro\/imoexpert\/afi-europe-a-inceput-constructia-primei-cladiri-de-birouri-de-langa-mallul-din-cotroceni_db\/"},"author":{"name":"Adriana Dr\u0103gu\u0219in","@id":"https:\/\/www.imobiliare.ro\/imoexpert\/#\/schema\/person\/8c13b0297075010b896471fabf0d7790"},"headline":"AFI Europe a \u00eenceput construc\u0163ia primei cl\u0103diri de birouri de l\u00e2ng\u0103 mallul din Cotroceni","datePublished":"2011-07-15T12:56:20+00:00","mainEntityOfPage":{"@id":"https:\/\/www.imobiliare.ro\/imoexpert\/afi-europe-a-inceput-constructia-primei-cladiri-de-birouri-de-langa-mallul-din-cotroceni_db\/"},"wordCount":261,"commentCount":0,"publisher":{"@id":"https:\/\/www.imobiliare.ro\/imoexpert\/#organization"},"image":{"@id":"https:\/\/www.imobiliare.ro\/imoexpert\/afi-europe-a-inceput-constructia-primei-cladiri-de-birouri-de-langa-mallul-din-cotroceni_db\/#primaryimage"},"thumbnailUrl":"https:\/\/www.imobiliare.ro\/imoexpert\/wp-content\/uploads\/2011\/07\/afipalaceplusbusiness-scaled.jpg","keywords":["birouri"],"articleSection":["\u0218tiri"],"inLanguage":"en","potentialAction":[{"@type":"CommentAction","name":"Comment","target":["https:\/\/www.imobiliare.ro\/imoexpert\/afi-europe-a-inceput-constructia-primei-cladiri-de-birouri-de-langa-mallul-din-cotroceni_db\/#respond"]}],"copyrightYear":"2011","copyrightHolder":{"@id":"https:\/\/www.imobiliare.ro\/imoexpert\/#organization"}},{"@type":"WebPage","@id":"https:\/\/www.imobiliare.ro\/imoexpert\/afi-europe-a-inceput-constructia-primei-cladiri-de-birouri-de-langa-mallul-din-cotroceni_db\/","url":"https:\/\/www.imobiliare.ro\/imoexpert\/afi-europe-a-inceput-constructia-primei-cladiri-de-birouri-de-langa-mallul-din-cotroceni_db\/","name":"AFI Europe a \u00eenceput construc\u0163ia primei cl\u0103diri de birouri de l\u00e2ng\u0103 mallul din Cotroceni - \u0218tiri - ImoExpert","isPartOf":{"@id":"https:\/\/www.imobiliare.ro\/imoexpert\/#website"},"primaryImageOfPage":{"@id":"https:\/\/www.imobiliare.ro\/imoexpert\/afi-europe-a-inceput-constructia-primei-cladiri-de-birouri-de-langa-mallul-din-cotroceni_db\/#primaryimage"},"image":{"@id":"https:\/\/www.imobiliare.ro\/imoexpert\/afi-europe-a-inceput-constructia-primei-cladiri-de-birouri-de-langa-mallul-din-cotroceni_db\/#primaryimage"},"thumbnailUrl":"https:\/\/www.imobiliare.ro\/imoexpert\/wp-content\/uploads\/2011\/07\/afipalaceplusbusiness-scaled.jpg","datePublished":"2011-07-15T12:56:20+00:00","description":"Reprezentan\u0163ii dezvoltatorului poart\u0103 deja negocieri pentru ocuparea a aproape o treime din suprafa\u0163a \u00eenchiriabil\u0103. Investitorul imobiliar AFI Europe a","breadcrumb":{"@id":"https:\/\/www.imobiliare.ro\/imoexpert\/afi-europe-a-inceput-constructia-primei-cladiri-de-birouri-de-langa-mallul-din-cotroceni_db\/#breadcrumb"},"inLanguage":"en","potentialAction":[{"@type":"ReadAction","target":["https:\/\/www.imobiliare.ro\/imoexpert\/afi-europe-a-inceput-constructia-primei-cladiri-de-birouri-de-langa-mallul-din-cotroceni_db\/"]}]},{"@type":"ImageObject","inLanguage":"en","@id":"https:\/\/www.imobiliare.ro\/imoexpert\/afi-europe-a-inceput-constructia-primei-cladiri-de-birouri-de-langa-mallul-din-cotroceni_db\/#primaryimage","url":"https:\/\/www.imobiliare.ro\/imoexpert\/wp-content\/uploads\/2011\/07\/afipalaceplusbusiness-scaled.jpg","contentUrl":"https:\/\/www.imobiliare.ro\/imoexpert\/wp-content\/uploads\/2011\/07\/afipalaceplusbusiness-scaled.jpg","width":2560,"height":1707},{"@type":"BreadcrumbList","@id":"https:\/\/www.imobiliare.ro\/imoexpert\/afi-europe-a-inceput-constructia-primei-cladiri-de-birouri-de-langa-mallul-din-cotroceni_db\/#breadcrumb","itemListElement":[{"@type":"ListItem","position":1,"name":"Imoradar24","item":"https:\/\/www.imoradar24.ro"},{"@type":"ListItem","position":2,"name":"ImoExpert","item":"https:\/\/www.imobiliare.ro\/imoexpert\/"},{"@type":"ListItem","position":3,"name":"\u0218tiri","item":"https:\/\/www.imobiliare.ro\/imoexpert\/stiri\/"},{"@type":"ListItem","position":4,"name":"AFI Europe a \u00eenceput construc\u0163ia primei cl\u0103diri de birouri de l\u00e2ng\u0103 mallul din Cotroceni"}]},{"@type":"WebSite","@id":"https:\/\/www.imobiliare.ro\/imoexpert\/#website","url":"https:\/\/www.imobiliare.ro\/imoexpert\/","name":"ImoExpert","description":"cele mai importante \u015ftiri din domeniul imobiliar","publisher":{"@id":"https:\/\/www.imobiliare.ro\/imoexpert\/#organization"},"inLanguage":"en"},{"@type":"Organization","@id":"https:\/\/www.imobiliare.ro\/imoexpert\/#organization","name":"Imobiliare.ro","alternateName":"Realmedia Network SA","url":"https:\/\/www.imobiliare.ro\/imoexpert\/","logo":{"@type":"ImageObject","inLanguage":"en","@id":"https:\/\/www.imobiliare.ro\/imoexpert\/#\/schema\/logo\/image\/","url":"https:\/\/www.imobiliare.ro\/imoexpert\/wp-content\/uploads\/2025\/05\/imobiliare_logo.png","contentUrl":"https:\/\/www.imobiliare.ro\/imoexpert\/wp-content\/uploads\/2025\/05\/imobiliare_logo.png","width":237,"height":29,"caption":"Imobiliare.ro"},"image":{"@id":"https:\/\/www.imobiliare.ro\/imoexpert\/#\/schema\/logo\/image\/"}},{"@type":"Person","@id":"https:\/\/www.imobiliare.ro\/imoexpert\/#\/schema\/person\/8c13b0297075010b896471fabf0d7790","name":"Adriana Dr\u0103gu\u0219in","image":{"@type":"ImageObject","inLanguage":"en","@id":"https:\/\/www.imobiliare.ro\/imoexpert\/#\/schema\/person\/image\/","url":"https:\/\/secure.gravatar.com\/avatar\/ba4762f7517e50e679ed7f11207102d1150120f2f5800c0da98f8a15305bf514?s=96&d=mm&r=g","contentUrl":"https:\/\/secure.gravatar.com\/avatar\/ba4762f7517e50e679ed7f11207102d1150120f2f5800c0da98f8a15305bf514?s=96&d=mm&r=g","caption":"Adriana Dr\u0103gu\u0219in"},"jobTitle":"Editor","url":"https:\/\/www.imobiliare.ro\/imoexpert\/author\/adriana-dragusin\/"}]}},"_links":{"self":[{"href":"https:\/\/www.imobiliare.ro\/imoexpert\/wp-json\/wp\/v2\/posts\/14246","targetHints":{"allow":["GET"]}}],"collection":[{"href":"https:\/\/www.imobiliare.ro\/imoexpert\/wp-json\/wp\/v2\/posts"}],"about":[{"href":"https:\/\/www.imobiliare.ro\/imoexpert\/wp-json\/wp\/v2\/types\/post"}],"author":[{"embeddable":true,"href":"https:\/\/www.imobiliare.ro\/imoexpert\/wp-json\/wp\/v2\/users\/829"}],"replies":[{"embeddable":true,"href":"https:\/\/www.imobiliare.ro\/imoexpert\/wp-json\/wp\/v2\/comments?post=14246"}],"version-history":[{"count":0,"href":"https:\/\/www.imobiliare.ro\/imoexpert\/wp-json\/wp\/v2\/posts\/14246\/revisions"}],"wp:featuredmedia":[{"embeddable":true,"href":"https:\/\/www.imobiliare.ro\/imoexpert\/wp-json\/wp\/v2\/media\/14247"}],"wp:attachment":[{"href":"https:\/\/www.imobiliare.ro\/imoexpert\/wp-json\/wp\/v2\/media?parent=14246"}],"wp:term":[{"taxonomy":"category","embeddable":true,"href":"https:\/\/www.imobiliare.ro\/imoexpert\/wp-json\/wp\/v2\/categories?post=14246"},{"taxonomy":"post_tag","embeddable":true,"href":"https:\/\/www.imobiliare.ro\/imoexpert\/wp-json\/wp\/v2\/tags?post=14246"},{"taxonomy":"content_author","embeddable":true,"href":"https:\/\/www.imobiliare.ro\/imoexpert\/wp-json\/wp\/v2\/content_author?post=14246"}],"curies":[{"name":"wp","href":"https:\/\/api.w.org\/{rel}","templated":true}]}}