{"id":14312,"date":"2011-07-20T13:58:13","date_gmt":"2011-07-20T10:58:13","guid":{"rendered":"https:\/\/www.imobiliare.ro\/?p=14312_db\/"},"modified":"2011-07-20T13:58:13","modified_gmt":"2011-07-20T10:58:13","slug":"dinu-patriciu-deschide-4-noi-magazine-macro-cu-2-milioane-de-euro-vezi-unde","status":"publish","type":"post","link":"https:\/\/www.imobiliare.ro\/imoexpert\/dinu-patriciu-deschide-4-noi-magazine-macro-cu-2-milioane-de-euro-vezi-unde_db\/","title":{"rendered":"Dinu Patriciu deschide 4 noi magazine MACRO, cu 2 milioane de euro. Vezi unde"},"content":{"rendered":"<p><a class=\"article-body-links\"href=\"https:\/\/www.imobiliare.ro\/spatii-comerciale\/dinu-patriciu-deschide-4-noi-magazine-macro-cu-2-milioane-de-euro-vezi-unde_db\/dinupatriciu\/\" rel=\"attachment wp-att-14313\"><img loading=\"lazy\" decoding=\"async\" src=\"https:\/\/info.imobiliare.ro\/wp-content\/uploads\/2011\/07\/dinupatriciu-300x200.jpg\" alt=\"\" title=\"dinupatriciu\" width=\"300\" height=\"200\" class=\"alignleft size-medium wp-image-14313\" srcset=\"https:\/\/www.imobiliare.ro\/imoexpert\/wp-content\/uploads\/2011\/07\/dinupatriciu-300x200.jpg 300w, https:\/\/www.imobiliare.ro\/imoexpert\/wp-content\/uploads\/2011\/07\/dinupatriciu-87x57.jpg 87w, https:\/\/www.imobiliare.ro\/imoexpert\/wp-content\/uploads\/2011\/07\/dinupatriciu-65x43.jpg 65w, https:\/\/www.imobiliare.ro\/imoexpert\/wp-content\/uploads\/2011\/07\/dinupatriciu.jpg 480w\" sizes=\"auto, (max-width: 300px) 100vw, 300px\" \/><\/a><strong>Prima unitate va fi inaugurat\u0103 vinerea aceasta. Celelalte trei vor deveni opera\u0163ionale p\u00e2n\u0103 la sf\u00e2r\u015fitul lunii iulie. <\/strong><\/p>\n<p>Grupul Mercadia Holland BV, controlat de omul de afaceri Dinu Patriciu, a anun\u0163at deschiderea a patru magazine MACRO p\u00e2n\u0103 la sf\u00e2r\u015fitul lunii iulie. Unit\u0103\u0163ile vor fi situate \u00een patru ora\u015fe ale \u0163\u0103rii \u2013 Constan\u0163a, Craiova, Bran \u015fi Br\u0103ila -, iar valoarea cumulat\u0103 a investi\u0163iei \u00een acestea se ridic\u0103 la dou\u0103 milioane de euro. Dup\u0103 expansiunea brandului MIC.RO, primul magazin din lan\u0163ul MACRO a fost deschis \u00een luna mai a acestui an, la Bra\u015fov. Primul pe lista deschiderilor planificate pentru aceast\u0103 lun\u0103 este magazinul din Constan\u0163a, ce \u00ee\u015fi va primi clien\u0163ii \u00eencep\u00e2nd de vineri, 22 iulie. Cele patru magazine vor dispune de <a class=\"article-body-links\"href=\"https:\/\/www.imobiliare.ro\/inchirieri-spatii-comerciale-bucuresti-2350993\">spa\u0163ii comerciale<\/a> cu suprafe\u0163e cuprinse \u00eentre 386 de metri p\u0103tra\u0163i (MACRO Craiova) \u015fi 932 de metri p\u0103tra\u0163i (MACRO Bran). Fiecare unitate va avea o echip\u0103 format\u0103 din aproximativ 30 de persoane. <\/p>\n<p>Grupul Mercadia Holland BV de\u0163ine re\u0163elele MIC.RO, MACRO \u015fi miniMax Discount, Bet Caf\u00e9 Arena, BioGood, restaurantele Heritage \u015fi Madame Pogany\u2019s din Bucure\u015fti. Investi\u0163iile totale ale grupului au dep\u0103\u015fit valoarea de 90 milioane de euro, potrivit reprezentan\u0163ilor s\u0103i oficiali.<\/p>\n","protected":false},"excerpt":{"rendered":"<p>Prima unitate va fi inaugurat\u0103 vinerea aceasta. Celelalte trei vor deveni opera\u0163ionale p\u00e2n\u0103 la sf\u00e2r\u015fitul lunii iulie. Grupul Mercadia Holland BV, controlat de omul de afaceri Dinu Patriciu, a anun\u0163at deschiderea a patru magazine MACRO p\u00e2n\u0103 la sf\u00e2r\u015fitul lunii iulie. Unit\u0103\u0163ile vor fi situate \u00een patru ora\u015fe ale \u0163\u0103rii \u2013 Constan\u0163a, Craiova, Bran \u015fi Br\u0103ila [&hellip;]<\/p>\n","protected":false},"author":829,"featured_media":14313,"comment_status":"open","ping_status":"open","sticky":false,"template":"","format":"standard","meta":{"footnotes":""},"categories":[259],"tags":[384],"content_author":[],"class_list":["post-14312","post","type-post","status-publish","format-standard","has-post-thumbnail","hentry","category-stiri","tag-spatii-comerciale"],"yoast_head":"<!-- This site is optimized with the Yoast SEO Premium plugin v27.0 (Yoast SEO v27.0) - https:\/\/yoast.com\/product\/yoast-seo-premium-wordpress\/ -->\n<title>Dinu Patriciu deschide 4 noi magazine MACRO, cu 2 milioane de euro. Vezi unde - \u0218tiri - ImoExpert<\/title>\n<meta name=\"description\" content=\"Prima unitate va fi inaugurat\u0103 vinerea aceasta. Celelalte trei vor deveni opera\u0163ionale p\u00e2n\u0103 la sf\u00e2r\u015fitul lunii iulie. Grupul Mercadia Holland BV,\" \/>\n<meta name=\"robots\" content=\"index, follow\" \/>\n<link rel=\"canonical\" href=\"https:\/\/www.imobiliare.ro\/imoexpert\/dinu-patriciu-deschide-4-noi-magazine-macro-cu-2-milioane-de-euro-vezi-unde_db\/\" \/>\n<meta property=\"og:locale\" content=\"ro_RO\" \/>\n<meta property=\"og:type\" content=\"article\" \/>\n<meta property=\"og:title\" content=\"Dinu Patriciu deschide 4 noi magazine MACRO, cu 2 milioane de euro. Vezi unde\" \/>\n<meta property=\"og:description\" content=\"Prima unitate va fi inaugurat\u0103 vinerea aceasta. Celelalte trei vor deveni opera\u0163ionale p\u00e2n\u0103 la sf\u00e2r\u015fitul lunii iulie. Grupul Mercadia Holland BV,\" \/>\n<meta property=\"og:url\" content=\"https:\/\/www.imobiliare.ro\/imoexpert\/dinu-patriciu-deschide-4-noi-magazine-macro-cu-2-milioane-de-euro-vezi-unde_db\/\" \/>\n<meta property=\"og:site_name\" content=\"ImoExpert\" \/>\n<meta property=\"article:published_time\" content=\"2011-07-20T10:58:13+00:00\" \/>\n<meta property=\"og:image\" content=\"https:\/\/www.imobiliare.ro\/imoexpert\/wp-content\/uploads\/2011\/07\/dinupatriciu.jpg\" \/>\n\t<meta property=\"og:image:width\" content=\"480\" \/>\n\t<meta property=\"og:image:height\" content=\"320\" \/>\n\t<meta property=\"og:image:type\" content=\"image\/jpeg\" \/>\n<meta name=\"author\" content=\"Adriana Dr\u0103gu\u0219in\" \/>\n<meta name=\"twitter:card\" content=\"summary_large_image\" \/>\n<meta name=\"twitter:label1\" content=\"Written by\" \/>\n\t<meta name=\"twitter:data1\" content=\"Adriana Dr\u0103gu\u0219in\" \/>\n\t<meta name=\"twitter:label2\" content=\"Est. reading time\" \/>\n\t<meta name=\"twitter:data2\" content=\"1 minut\" \/>\n<script type=\"application\/ld+json\" class=\"yoast-schema-graph\">{\"@context\":\"https:\/\/schema.org\",\"@graph\":[{\"@type\":\"Article\",\"@id\":\"https:\/\/www.imobiliare.ro\/imoexpert\/dinu-patriciu-deschide-4-noi-magazine-macro-cu-2-milioane-de-euro-vezi-unde_db\/#article\",\"isPartOf\":{\"@id\":\"https:\/\/www.imobiliare.ro\/imoexpert\/dinu-patriciu-deschide-4-noi-magazine-macro-cu-2-milioane-de-euro-vezi-unde_db\/\"},\"author\":{\"name\":\"Adriana Dr\u0103gu\u0219in\",\"@id\":\"https:\/\/www.imobiliare.ro\/imoexpert\/#\/schema\/person\/8c13b0297075010b896471fabf0d7790\"},\"headline\":\"Dinu Patriciu deschide 4 noi magazine MACRO, cu 2 milioane de euro. Vezi unde\",\"datePublished\":\"2011-07-20T10:58:13+00:00\",\"mainEntityOfPage\":{\"@id\":\"https:\/\/www.imobiliare.ro\/imoexpert\/dinu-patriciu-deschide-4-noi-magazine-macro-cu-2-milioane-de-euro-vezi-unde_db\/\"},\"wordCount\":227,\"commentCount\":2,\"publisher\":{\"@id\":\"https:\/\/www.imobiliare.ro\/imoexpert\/#organization\"},\"image\":{\"@id\":\"https:\/\/www.imobiliare.ro\/imoexpert\/dinu-patriciu-deschide-4-noi-magazine-macro-cu-2-milioane-de-euro-vezi-unde_db\/#primaryimage\"},\"thumbnailUrl\":\"https:\/\/www.imobiliare.ro\/imoexpert\/wp-content\/uploads\/2011\/07\/dinupatriciu.jpg\",\"keywords\":[\"spatii comerciale\"],\"articleSection\":[\"\u0218tiri\"],\"inLanguage\":\"en\",\"potentialAction\":[{\"@type\":\"CommentAction\",\"name\":\"Comment\",\"target\":[\"https:\/\/www.imobiliare.ro\/imoexpert\/dinu-patriciu-deschide-4-noi-magazine-macro-cu-2-milioane-de-euro-vezi-unde_db\/#respond\"]}],\"copyrightYear\":\"2011\",\"copyrightHolder\":{\"@id\":\"https:\/\/www.imobiliare.ro\/imoexpert\/#organization\"}},{\"@type\":\"WebPage\",\"@id\":\"https:\/\/www.imobiliare.ro\/imoexpert\/dinu-patriciu-deschide-4-noi-magazine-macro-cu-2-milioane-de-euro-vezi-unde_db\/\",\"url\":\"https:\/\/www.imobiliare.ro\/imoexpert\/dinu-patriciu-deschide-4-noi-magazine-macro-cu-2-milioane-de-euro-vezi-unde_db\/\",\"name\":\"Dinu Patriciu deschide 4 noi magazine MACRO, cu 2 milioane de euro. Vezi unde - \u0218tiri - ImoExpert\",\"isPartOf\":{\"@id\":\"https:\/\/www.imobiliare.ro\/imoexpert\/#website\"},\"primaryImageOfPage\":{\"@id\":\"https:\/\/www.imobiliare.ro\/imoexpert\/dinu-patriciu-deschide-4-noi-magazine-macro-cu-2-milioane-de-euro-vezi-unde_db\/#primaryimage\"},\"image\":{\"@id\":\"https:\/\/www.imobiliare.ro\/imoexpert\/dinu-patriciu-deschide-4-noi-magazine-macro-cu-2-milioane-de-euro-vezi-unde_db\/#primaryimage\"},\"thumbnailUrl\":\"https:\/\/www.imobiliare.ro\/imoexpert\/wp-content\/uploads\/2011\/07\/dinupatriciu.jpg\",\"datePublished\":\"2011-07-20T10:58:13+00:00\",\"description\":\"Prima unitate va fi inaugurat\u0103 vinerea aceasta. Celelalte trei vor deveni opera\u0163ionale p\u00e2n\u0103 la sf\u00e2r\u015fitul lunii iulie. Grupul Mercadia Holland BV,\",\"breadcrumb\":{\"@id\":\"https:\/\/www.imobiliare.ro\/imoexpert\/dinu-patriciu-deschide-4-noi-magazine-macro-cu-2-milioane-de-euro-vezi-unde_db\/#breadcrumb\"},\"inLanguage\":\"en\",\"potentialAction\":[{\"@type\":\"ReadAction\",\"target\":[\"https:\/\/www.imobiliare.ro\/imoexpert\/dinu-patriciu-deschide-4-noi-magazine-macro-cu-2-milioane-de-euro-vezi-unde_db\/\"]}]},{\"@type\":\"ImageObject\",\"inLanguage\":\"en\",\"@id\":\"https:\/\/www.imobiliare.ro\/imoexpert\/dinu-patriciu-deschide-4-noi-magazine-macro-cu-2-milioane-de-euro-vezi-unde_db\/#primaryimage\",\"url\":\"https:\/\/www.imobiliare.ro\/imoexpert\/wp-content\/uploads\/2011\/07\/dinupatriciu.jpg\",\"contentUrl\":\"https:\/\/www.imobiliare.ro\/imoexpert\/wp-content\/uploads\/2011\/07\/dinupatriciu.jpg\",\"width\":480,\"height\":320},{\"@type\":\"BreadcrumbList\",\"@id\":\"https:\/\/www.imobiliare.ro\/imoexpert\/dinu-patriciu-deschide-4-noi-magazine-macro-cu-2-milioane-de-euro-vezi-unde_db\/#breadcrumb\",\"itemListElement\":[{\"@type\":\"ListItem\",\"position\":1,\"name\":\"Imoradar24\",\"item\":\"https:\/\/www.imoradar24.ro\"},{\"@type\":\"ListItem\",\"position\":2,\"name\":\"ImoExpert\",\"item\":\"https:\/\/www.imobiliare.ro\/imoexpert\/\"},{\"@type\":\"ListItem\",\"position\":3,\"name\":\"\u0218tiri\",\"item\":\"https:\/\/www.imobiliare.ro\/imoexpert\/stiri\/\"},{\"@type\":\"ListItem\",\"position\":4,\"name\":\"Dinu Patriciu deschide 4 noi magazine MACRO, cu 2 milioane de euro. Vezi unde\"}]},{\"@type\":\"WebSite\",\"@id\":\"https:\/\/www.imobiliare.ro\/imoexpert\/#website\",\"url\":\"https:\/\/www.imobiliare.ro\/imoexpert\/\",\"name\":\"ImoExpert\",\"description\":\"cele mai importante \u015ftiri din domeniul imobiliar\",\"publisher\":{\"@id\":\"https:\/\/www.imobiliare.ro\/imoexpert\/#organization\"},\"inLanguage\":\"en\"},{\"@type\":\"Organization\",\"@id\":\"https:\/\/www.imobiliare.ro\/imoexpert\/#organization\",\"name\":\"Imobiliare.ro\",\"alternateName\":\"Realmedia Network SA\",\"url\":\"https:\/\/www.imobiliare.ro\/imoexpert\/\",\"logo\":{\"@type\":\"ImageObject\",\"inLanguage\":\"en\",\"@id\":\"https:\/\/www.imobiliare.ro\/imoexpert\/#\/schema\/logo\/image\/\",\"url\":\"https:\/\/www.imobiliare.ro\/imoexpert\/wp-content\/uploads\/2025\/05\/imobiliare_logo.png\",\"contentUrl\":\"https:\/\/www.imobiliare.ro\/imoexpert\/wp-content\/uploads\/2025\/05\/imobiliare_logo.png\",\"width\":237,\"height\":29,\"caption\":\"Imobiliare.ro\"},\"image\":{\"@id\":\"https:\/\/www.imobiliare.ro\/imoexpert\/#\/schema\/logo\/image\/\"}},{\"@type\":\"Person\",\"@id\":\"https:\/\/www.imobiliare.ro\/imoexpert\/#\/schema\/person\/8c13b0297075010b896471fabf0d7790\",\"name\":\"Adriana Dr\u0103gu\u0219in\",\"image\":{\"@type\":\"ImageObject\",\"inLanguage\":\"en\",\"@id\":\"https:\/\/www.imobiliare.ro\/imoexpert\/#\/schema\/person\/image\/\",\"url\":\"https:\/\/secure.gravatar.com\/avatar\/ba4762f7517e50e679ed7f11207102d1150120f2f5800c0da98f8a15305bf514?s=96&d=mm&r=g\",\"contentUrl\":\"https:\/\/secure.gravatar.com\/avatar\/ba4762f7517e50e679ed7f11207102d1150120f2f5800c0da98f8a15305bf514?s=96&d=mm&r=g\",\"caption\":\"Adriana Dr\u0103gu\u0219in\"},\"jobTitle\":\"Editor\",\"url\":\"https:\/\/www.imobiliare.ro\/imoexpert\/author\/adriana-dragusin\/\"}]}<\/script>\n<!-- \/ Yoast SEO Premium plugin. -->","yoast_head_json":{"title":"Dinu Patriciu deschide 4 noi magazine MACRO, cu 2 milioane de euro. Vezi unde - \u0218tiri - ImoExpert","description":"Prima unitate va fi inaugurat\u0103 vinerea aceasta. Celelalte trei vor deveni opera\u0163ionale p\u00e2n\u0103 la sf\u00e2r\u015fitul lunii iulie. Grupul Mercadia Holland BV,","robots":{"index":"index","follow":"follow"},"canonical":"https:\/\/www.imobiliare.ro\/imoexpert\/dinu-patriciu-deschide-4-noi-magazine-macro-cu-2-milioane-de-euro-vezi-unde_db\/","og_locale":"ro_RO","og_type":"article","og_title":"Dinu Patriciu deschide 4 noi magazine MACRO, cu 2 milioane de euro. Vezi unde","og_description":"Prima unitate va fi inaugurat\u0103 vinerea aceasta. Celelalte trei vor deveni opera\u0163ionale p\u00e2n\u0103 la sf\u00e2r\u015fitul lunii iulie. Grupul Mercadia Holland BV,","og_url":"https:\/\/www.imobiliare.ro\/imoexpert\/dinu-patriciu-deschide-4-noi-magazine-macro-cu-2-milioane-de-euro-vezi-unde_db\/","og_site_name":"ImoExpert","article_published_time":"2011-07-20T10:58:13+00:00","og_image":[{"width":480,"height":320,"url":"https:\/\/www.imobiliare.ro\/imoexpert\/wp-content\/uploads\/2011\/07\/dinupatriciu.jpg","type":"image\/jpeg"}],"author":"Adriana Dr\u0103gu\u0219in","twitter_card":"summary_large_image","twitter_misc":{"Written by":"Adriana Dr\u0103gu\u0219in","Est. reading time":"1 minut"},"schema":{"@context":"https:\/\/schema.org","@graph":[{"@type":"Article","@id":"https:\/\/www.imobiliare.ro\/imoexpert\/dinu-patriciu-deschide-4-noi-magazine-macro-cu-2-milioane-de-euro-vezi-unde_db\/#article","isPartOf":{"@id":"https:\/\/www.imobiliare.ro\/imoexpert\/dinu-patriciu-deschide-4-noi-magazine-macro-cu-2-milioane-de-euro-vezi-unde_db\/"},"author":{"name":"Adriana Dr\u0103gu\u0219in","@id":"https:\/\/www.imobiliare.ro\/imoexpert\/#\/schema\/person\/8c13b0297075010b896471fabf0d7790"},"headline":"Dinu Patriciu deschide 4 noi magazine MACRO, cu 2 milioane de euro. Vezi unde","datePublished":"2011-07-20T10:58:13+00:00","mainEntityOfPage":{"@id":"https:\/\/www.imobiliare.ro\/imoexpert\/dinu-patriciu-deschide-4-noi-magazine-macro-cu-2-milioane-de-euro-vezi-unde_db\/"},"wordCount":227,"commentCount":2,"publisher":{"@id":"https:\/\/www.imobiliare.ro\/imoexpert\/#organization"},"image":{"@id":"https:\/\/www.imobiliare.ro\/imoexpert\/dinu-patriciu-deschide-4-noi-magazine-macro-cu-2-milioane-de-euro-vezi-unde_db\/#primaryimage"},"thumbnailUrl":"https:\/\/www.imobiliare.ro\/imoexpert\/wp-content\/uploads\/2011\/07\/dinupatriciu.jpg","keywords":["spatii comerciale"],"articleSection":["\u0218tiri"],"inLanguage":"en","potentialAction":[{"@type":"CommentAction","name":"Comment","target":["https:\/\/www.imobiliare.ro\/imoexpert\/dinu-patriciu-deschide-4-noi-magazine-macro-cu-2-milioane-de-euro-vezi-unde_db\/#respond"]}],"copyrightYear":"2011","copyrightHolder":{"@id":"https:\/\/www.imobiliare.ro\/imoexpert\/#organization"}},{"@type":"WebPage","@id":"https:\/\/www.imobiliare.ro\/imoexpert\/dinu-patriciu-deschide-4-noi-magazine-macro-cu-2-milioane-de-euro-vezi-unde_db\/","url":"https:\/\/www.imobiliare.ro\/imoexpert\/dinu-patriciu-deschide-4-noi-magazine-macro-cu-2-milioane-de-euro-vezi-unde_db\/","name":"Dinu Patriciu deschide 4 noi magazine MACRO, cu 2 milioane de euro. Vezi unde - \u0218tiri - ImoExpert","isPartOf":{"@id":"https:\/\/www.imobiliare.ro\/imoexpert\/#website"},"primaryImageOfPage":{"@id":"https:\/\/www.imobiliare.ro\/imoexpert\/dinu-patriciu-deschide-4-noi-magazine-macro-cu-2-milioane-de-euro-vezi-unde_db\/#primaryimage"},"image":{"@id":"https:\/\/www.imobiliare.ro\/imoexpert\/dinu-patriciu-deschide-4-noi-magazine-macro-cu-2-milioane-de-euro-vezi-unde_db\/#primaryimage"},"thumbnailUrl":"https:\/\/www.imobiliare.ro\/imoexpert\/wp-content\/uploads\/2011\/07\/dinupatriciu.jpg","datePublished":"2011-07-20T10:58:13+00:00","description":"Prima unitate va fi inaugurat\u0103 vinerea aceasta. Celelalte trei vor deveni opera\u0163ionale p\u00e2n\u0103 la sf\u00e2r\u015fitul lunii iulie. Grupul Mercadia Holland BV,","breadcrumb":{"@id":"https:\/\/www.imobiliare.ro\/imoexpert\/dinu-patriciu-deschide-4-noi-magazine-macro-cu-2-milioane-de-euro-vezi-unde_db\/#breadcrumb"},"inLanguage":"en","potentialAction":[{"@type":"ReadAction","target":["https:\/\/www.imobiliare.ro\/imoexpert\/dinu-patriciu-deschide-4-noi-magazine-macro-cu-2-milioane-de-euro-vezi-unde_db\/"]}]},{"@type":"ImageObject","inLanguage":"en","@id":"https:\/\/www.imobiliare.ro\/imoexpert\/dinu-patriciu-deschide-4-noi-magazine-macro-cu-2-milioane-de-euro-vezi-unde_db\/#primaryimage","url":"https:\/\/www.imobiliare.ro\/imoexpert\/wp-content\/uploads\/2011\/07\/dinupatriciu.jpg","contentUrl":"https:\/\/www.imobiliare.ro\/imoexpert\/wp-content\/uploads\/2011\/07\/dinupatriciu.jpg","width":480,"height":320},{"@type":"BreadcrumbList","@id":"https:\/\/www.imobiliare.ro\/imoexpert\/dinu-patriciu-deschide-4-noi-magazine-macro-cu-2-milioane-de-euro-vezi-unde_db\/#breadcrumb","itemListElement":[{"@type":"ListItem","position":1,"name":"Imoradar24","item":"https:\/\/www.imoradar24.ro"},{"@type":"ListItem","position":2,"name":"ImoExpert","item":"https:\/\/www.imobiliare.ro\/imoexpert\/"},{"@type":"ListItem","position":3,"name":"\u0218tiri","item":"https:\/\/www.imobiliare.ro\/imoexpert\/stiri\/"},{"@type":"ListItem","position":4,"name":"Dinu Patriciu deschide 4 noi magazine MACRO, cu 2 milioane de euro. Vezi unde"}]},{"@type":"WebSite","@id":"https:\/\/www.imobiliare.ro\/imoexpert\/#website","url":"https:\/\/www.imobiliare.ro\/imoexpert\/","name":"ImoExpert","description":"cele mai importante \u015ftiri din domeniul imobiliar","publisher":{"@id":"https:\/\/www.imobiliare.ro\/imoexpert\/#organization"},"inLanguage":"en"},{"@type":"Organization","@id":"https:\/\/www.imobiliare.ro\/imoexpert\/#organization","name":"Imobiliare.ro","alternateName":"Realmedia Network SA","url":"https:\/\/www.imobiliare.ro\/imoexpert\/","logo":{"@type":"ImageObject","inLanguage":"en","@id":"https:\/\/www.imobiliare.ro\/imoexpert\/#\/schema\/logo\/image\/","url":"https:\/\/www.imobiliare.ro\/imoexpert\/wp-content\/uploads\/2025\/05\/imobiliare_logo.png","contentUrl":"https:\/\/www.imobiliare.ro\/imoexpert\/wp-content\/uploads\/2025\/05\/imobiliare_logo.png","width":237,"height":29,"caption":"Imobiliare.ro"},"image":{"@id":"https:\/\/www.imobiliare.ro\/imoexpert\/#\/schema\/logo\/image\/"}},{"@type":"Person","@id":"https:\/\/www.imobiliare.ro\/imoexpert\/#\/schema\/person\/8c13b0297075010b896471fabf0d7790","name":"Adriana Dr\u0103gu\u0219in","image":{"@type":"ImageObject","inLanguage":"en","@id":"https:\/\/www.imobiliare.ro\/imoexpert\/#\/schema\/person\/image\/","url":"https:\/\/secure.gravatar.com\/avatar\/ba4762f7517e50e679ed7f11207102d1150120f2f5800c0da98f8a15305bf514?s=96&d=mm&r=g","contentUrl":"https:\/\/secure.gravatar.com\/avatar\/ba4762f7517e50e679ed7f11207102d1150120f2f5800c0da98f8a15305bf514?s=96&d=mm&r=g","caption":"Adriana Dr\u0103gu\u0219in"},"jobTitle":"Editor","url":"https:\/\/www.imobiliare.ro\/imoexpert\/author\/adriana-dragusin\/"}]}},"_links":{"self":[{"href":"https:\/\/www.imobiliare.ro\/imoexpert\/wp-json\/wp\/v2\/posts\/14312","targetHints":{"allow":["GET"]}}],"collection":[{"href":"https:\/\/www.imobiliare.ro\/imoexpert\/wp-json\/wp\/v2\/posts"}],"about":[{"href":"https:\/\/www.imobiliare.ro\/imoexpert\/wp-json\/wp\/v2\/types\/post"}],"author":[{"embeddable":true,"href":"https:\/\/www.imobiliare.ro\/imoexpert\/wp-json\/wp\/v2\/users\/829"}],"replies":[{"embeddable":true,"href":"https:\/\/www.imobiliare.ro\/imoexpert\/wp-json\/wp\/v2\/comments?post=14312"}],"version-history":[{"count":0,"href":"https:\/\/www.imobiliare.ro\/imoexpert\/wp-json\/wp\/v2\/posts\/14312\/revisions"}],"wp:featuredmedia":[{"embeddable":true,"href":"https:\/\/www.imobiliare.ro\/imoexpert\/wp-json\/wp\/v2\/media\/14313"}],"wp:attachment":[{"href":"https:\/\/www.imobiliare.ro\/imoexpert\/wp-json\/wp\/v2\/media?parent=14312"}],"wp:term":[{"taxonomy":"category","embeddable":true,"href":"https:\/\/www.imobiliare.ro\/imoexpert\/wp-json\/wp\/v2\/categories?post=14312"},{"taxonomy":"post_tag","embeddable":true,"href":"https:\/\/www.imobiliare.ro\/imoexpert\/wp-json\/wp\/v2\/tags?post=14312"},{"taxonomy":"content_author","embeddable":true,"href":"https:\/\/www.imobiliare.ro\/imoexpert\/wp-json\/wp\/v2\/content_author?post=14312"}],"curies":[{"name":"wp","href":"https:\/\/api.w.org\/{rel}","templated":true}]}}