{"id":14528,"date":"2011-08-17T10:54:23","date_gmt":"2011-08-17T07:54:23","guid":{"rendered":"https:\/\/www.imobiliare.ro\/?p=14528_db\/"},"modified":"2011-08-17T10:54:23","modified_gmt":"2011-08-17T07:54:23","slug":"cresterea-economica-a-romaniei-este-confirmata-piata-locala-revine-incet-incet-pe-harta-investitorilor-straini","status":"publish","type":"post","link":"https:\/\/www.imobiliare.ro\/imoexpert\/cresterea-economica-a-romaniei-este-confirmata-piata-locala-revine-incet-incet-pe-harta-investitorilor-straini_db\/","title":{"rendered":"Cre\u015fterea economic\u0103 a Rom\u00e2niei este confirmat\u0103. Pia\u0163a local\u0103 revine, \u00eencet-\u00eencet, pe harta investitorilor str\u0103ini"},"content":{"rendered":"<p><strong>\u00cen consens cu celelalte state din UE, Produsul Intern Brut al \u0163\u0103rii noastre a \u00eenregistrat o evolu\u0163ie ascendent\u0103 pentru al treilea trimestru consecutiv. <\/strong><\/p>\n<p>Dup\u0103 ce, la finele primului trimestru al acestui an, a fost decretat\u0103 <a class=\"article-body-links\"href=\"https:\/\/www.imobiliare.ro\/apartamente\/teoretic-economia-romaniei-a-iesit-din-recesiune-in-imobiliare-preturile-se-stabilizeaza-volumul-de-tranzactii-creste-de-ce-mai-este-nevoie_db\/\">ie\u015firea \u201etehnic\u0103\u201d din recesiune a Rom\u00e2niei<\/a>, datele pe urm\u0103toarele trei luni par s\u0103 confirme traiectoria ascendent\u0103 a economiei na\u0163ionale. Conform unui raport publicat de Institutul Na\u0163ional de Statistic\u0103 (INS), primele estim\u0103ri arat\u0103 c\u0103 Produsul Intern Brut (PIB) al \u0163\u0103rii noastre a \u00eenregistrat \u00een al doilea trimestru o cre\u015ftere de 0,2% fa\u0163\u0103 de primele trei luni din 2011 (date ajustate sezonier). Spre compara\u0163ie, \u00een primul trimestru din 2011 valoarea PIB a fost cu 0,6% mai mare dec\u00e2t cea \u00eenregistrat\u0103 \u00een trimestrul al patrulea din 2010, \u00een vreme ce avansul consemnat \u00een ultimele trei luni ale anului trecut fa\u0163\u0103 de lunile precedente a fost de 0,1%. <\/p>\n<p>Avansul economic \u00eenregistrat de \u0163ara noastr\u0103 \u00een al doilea trimestru al anului se afl\u0103 \u00een deplin consens cu evolu\u0163ia celorlalte state membre ale Uniunii Europene (UE). Potrivit unui raport al Eurostat (Biroul de Statistic\u0103 al UE), \u00een al doilea trimestru al anului valoarea PIB s-a majorat cu 0,2% fa\u0163\u0103 de lunile precedente at\u00e2t \u00een zona Euro, c\u00e2t \u015fi la nivelul \u00eentregii Uniuni. Cele mai mari cre\u015fteri au fost \u00eenregistrate de Letonia (2,2%), Finlanda (1,2%) \u015fi Austria (1%). <\/p>\n<p><a class=\"article-body-links\"href=\"https:\/\/www.imobiliare.ro\/bucuresti\/cresterea-economica-a-romaniei-este-confirmata-piata-locala-revine-incet-incet-pe-harta-investitorilor-straini_db\/investitori-in-imobiliare\/\" rel=\"attachment wp-att-14529\"><img loading=\"lazy\" decoding=\"async\" src=\"https:\/\/info.imobiliare.ro\/wp-content\/uploads\/2011\/08\/investitori-in-imobiliare-300x189.jpg\" alt=\"\" title=\"investitori in imobiliare\" width=\"300\" height=\"189\" class=\"alignleft size-medium wp-image-14529\" srcset=\"https:\/\/www.imobiliare.ro\/imoexpert\/wp-content\/uploads\/2011\/08\/investitori-in-imobiliare-300x189.jpg 300w, https:\/\/www.imobiliare.ro\/imoexpert\/wp-content\/uploads\/2011\/08\/investitori-in-imobiliare-384x242.jpg 384w, https:\/\/www.imobiliare.ro\/imoexpert\/wp-content\/uploads\/2011\/08\/investitori-in-imobiliare-426x268.jpg 426w, https:\/\/www.imobiliare.ro\/imoexpert\/wp-content\/uploads\/2011\/08\/investitori-in-imobiliare.jpg 480w\" sizes=\"auto, (max-width: 300px) 100vw, 300px\" \/><\/a><strong>Var\u015fovia \u015fi Praga p\u0103lesc, Bucure\u015ftiul revine \u00een scen\u0103<\/strong><br \/>\nFaptul c\u0103 perspectivele economice autohtone continu\u0103 s\u0103 fie pozitive are un efect direct \u015fi asupra pie\u0163ei imobiliare. Acest lucru este eviden\u0163iat \u00een cel mai recent raport de pia\u0163\u0103 realizat de compania de consultan\u0163\u0103 Jones Lang LaSalle (JLL). \u201cLa \u00eenceputul lunii iulie 2011, agen\u0163ia Fitch a \u00eembun\u0103t\u0103\u0163it credit rating-ul acordat Rom\u00e2niei, readuc\u00e2nd-o \u00een categoria \u0163\u0103rilor recomandate pentru investi\u0163ii. \u00cembun\u0103t\u0103\u0163irea credit rating-ului este legat\u0103 \u00een mod direct de \u00eembun\u0103t\u0103\u0163irea condi\u0163iilor macroeconomice din Rom\u00e2nia, iar investitorii \u00eencep s\u0103 observe acest lucru\u201d, subliniaz\u0103 autorii studiului. Ace\u015ftia precizeaz\u0103 c\u0103, pe m\u0103sur\u0103 ce fondurile de investi\u0163ii \u00eent\u00e2mpin\u0103 dificult\u0103\u0163i \u00een a achizi\u0163iona propriet\u0103\u0163i de tip prime \u00een Europa Central\u0103 (\u00een special \u00een Var\u015fovia \u015fi Praga), <a class=\"article-body-links\"href=\"https:\/\/www.imobiliare.ro\/spatii-comerciale\/retailul-autohton-ofera-randamente-mai-mari-decat-franta-marea-britanie-cehia-sau-polonia-totusi-investitorii-nu-vor-sa-cumpere-aici_db\/\">varianta unor achizi\u0163ii \u00een \u0163ara noastr\u0103 \u00eencepe s\u0103 devin\u0103 tot mai fezabil\u0103<\/a>. \u00cen centrul aten\u0163iei se vor afla, \u00een perioada urm\u0103toare, activele prime din Capital\u0103, dar \u015fi din alte c\u00e2teva mari ora\u015fe ale \u0163\u0103rii. <\/p>\n<p><strong>Tranzac\u0163ii c\u00e2t pe tot anul trecut \u00een S1<\/strong><br \/>\nCre\u015fterea vizibil\u0103 a aten\u0163iei acordate \u0163\u0103rii noastre a \u00eenceput deja s\u0103 se reflecte \u015fi \u00een volumul investi\u0163iilor \u00een active imobiliare. Potrivit datelor companiei de consultan\u0163\u0103 Cushman&#038;Wakefield, <a class=\"article-body-links\"href=\"https:\/\/www.imobiliare.ro\/birouri\/investitiile-in-europa-centrala-continua-sa-creasca-achizitii-de-peste-2-miliarde-de-euro-in-2011_db\/\">tranzac\u0163iile realizate \u00een primul semestru din 2011 au ajuns la un nivel de 201 milioane de euro<\/a>, fa\u0163\u0103 de 232 milioane de euro, volumul \u00eenregistrat pe tot parcursul anului trecut. Dac\u0103 la activitatea investi\u0163ional\u0103 din prima jum\u0103tate a anului se adaug\u0103 \u015fi tranzac\u0163ia de aproximativ 42 de milioane de euro prin care Immofinanz a achizi\u0163ionat 69% din ac\u0163iunile Adama, volumul tranzac\u0163iilor din primul semestru al 2011 \u00eel dep\u0103\u015fe\u015fte chiar pe cel de pe tot parcursul lui 2010. <\/p>\n<p>\u00cen acest context, reprezentan\u0163ii Jones Lang LaSalle consider\u0103 c\u0103, \u00een perioada urm\u0103toare, interesul investitorilor pentru \u0163ara noastr\u0103 va lua av\u00e2nt. \u201cC\u00e2teva fonduri institu\u0163ionale care p\u00e2n\u0103 acum nu au luat \u00een considerare Rom\u00e2nia sau care au fost absente \u00eenc\u0103 de la declan\u015farea crizei economice, sunt \u00een acest moment \u00een pozi\u0163ia de a relua \u00een calcul pia\u0163a rom\u00e2neasc\u0103. De\u015fi este \u00eenc\u0103 neclar c\u00e2nd se va concretiza acest interes \u00een tranzac\u0163ii finalizate efectiv, aceste fonduri au \u00eenceput demersurile necesare analizei preliminare de \u0163ar\u0103, ceea ce reprezint\u0103 o \u00eembun\u0103t\u0103\u0163ire semnificativ\u0103 a perspectivei pie\u0163ei din Rom\u00e2nia\u201d, sunt de p\u0103rere autorii raportului JLL. <\/p>\n","protected":false},"excerpt":{"rendered":"<p>\u00cen consens cu celelalte state din UE, Produsul Intern Brut al \u0163\u0103rii noastre a \u00eenregistrat o evolu\u0163ie ascendent\u0103 pentru al treilea trimestru consecutiv. Dup\u0103 ce, la finele primului trimestru al acestui an, a fost decretat\u0103 ie\u015firea \u201etehnic\u0103\u201d din recesiune a Rom\u00e2niei, datele pe urm\u0103toarele trei luni par s\u0103 confirme traiectoria ascendent\u0103 a economiei na\u0163ionale. Conform [&hellip;]<\/p>\n","protected":false},"author":829,"featured_media":14529,"comment_status":"open","ping_status":"open","sticky":false,"template":"","format":"standard","meta":{"footnotes":""},"categories":[],"tags":[337,317,367,772],"content_author":[],"class_list":["post-14528","post","type-post","status-publish","format-standard","has-post-thumbnail","hentry","tag-bucuresti","tag-economie","tag-investitii","tag-pib"],"yoast_head":"<!-- This site is optimized with the Yoast SEO Premium plugin v27.0 (Yoast SEO v27.0) - https:\/\/yoast.com\/product\/yoast-seo-premium-wordpress\/ -->\n<title>Cre\u015fterea economic\u0103 a Rom\u00e2niei este confirmat\u0103. Pia\u0163a local\u0103 revine, \u00eencet-\u00eencet, pe harta investitorilor str\u0103ini - ImoExpert<\/title>\n<meta name=\"description\" content=\"\u00cen consens cu celelalte state din UE, Produsul Intern Brut al \u0163\u0103rii noastre a \u00eenregistrat o evolu\u0163ie ascendent\u0103 pentru al treilea trimestru consecutiv.\" \/>\n<meta name=\"robots\" content=\"index, follow\" \/>\n<link rel=\"canonical\" href=\"https:\/\/www.imobiliare.ro\/imoexpert\/cresterea-economica-a-romaniei-este-confirmata-piata-locala-revine-incet-incet-pe-harta-investitorilor-straini_db\/\" \/>\n<meta property=\"og:locale\" content=\"ro_RO\" \/>\n<meta property=\"og:type\" content=\"article\" \/>\n<meta property=\"og:title\" content=\"Cre\u015fterea economic\u0103 a Rom\u00e2niei este confirmat\u0103. Pia\u0163a local\u0103 revine, \u00eencet-\u00eencet, pe harta investitorilor str\u0103ini\" \/>\n<meta property=\"og:description\" content=\"\u00cen consens cu celelalte state din UE, Produsul Intern Brut al \u0163\u0103rii noastre a \u00eenregistrat o evolu\u0163ie ascendent\u0103 pentru al treilea trimestru consecutiv.\" \/>\n<meta property=\"og:url\" content=\"https:\/\/www.imobiliare.ro\/imoexpert\/cresterea-economica-a-romaniei-este-confirmata-piata-locala-revine-incet-incet-pe-harta-investitorilor-straini_db\/\" \/>\n<meta property=\"og:site_name\" content=\"ImoExpert\" \/>\n<meta property=\"article:published_time\" content=\"2011-08-17T07:54:23+00:00\" \/>\n<meta property=\"og:image\" content=\"https:\/\/www.imobiliare.ro\/imoexpert\/wp-content\/uploads\/2011\/08\/investitori-in-imobiliare.jpg\" \/>\n\t<meta property=\"og:image:width\" content=\"480\" \/>\n\t<meta property=\"og:image:height\" content=\"303\" \/>\n\t<meta property=\"og:image:type\" content=\"image\/jpeg\" \/>\n<meta name=\"author\" content=\"Adriana Dr\u0103gu\u0219in\" \/>\n<meta name=\"twitter:card\" content=\"summary_large_image\" \/>\n<meta name=\"twitter:label1\" content=\"Written by\" \/>\n\t<meta name=\"twitter:data1\" content=\"Adriana Dr\u0103gu\u0219in\" \/>\n\t<meta name=\"twitter:label2\" content=\"Est. reading time\" \/>\n\t<meta name=\"twitter:data2\" content=\"3 minute\" \/>\n<script type=\"application\/ld+json\" class=\"yoast-schema-graph\">{\"@context\":\"https:\/\/schema.org\",\"@graph\":[{\"@type\":\"Article\",\"@id\":\"https:\/\/www.imobiliare.ro\/imoexpert\/cresterea-economica-a-romaniei-este-confirmata-piata-locala-revine-incet-incet-pe-harta-investitorilor-straini_db\/#article\",\"isPartOf\":{\"@id\":\"https:\/\/www.imobiliare.ro\/imoexpert\/cresterea-economica-a-romaniei-este-confirmata-piata-locala-revine-incet-incet-pe-harta-investitorilor-straini_db\/\"},\"author\":{\"name\":\"Adriana Dr\u0103gu\u0219in\",\"@id\":\"https:\/\/www.imobiliare.ro\/imoexpert\/#\/schema\/person\/8c13b0297075010b896471fabf0d7790\"},\"headline\":\"Cre\u015fterea economic\u0103 a Rom\u00e2niei este confirmat\u0103. Pia\u0163a local\u0103 revine, \u00eencet-\u00eencet, pe harta investitorilor str\u0103ini\",\"datePublished\":\"2011-08-17T07:54:23+00:00\",\"mainEntityOfPage\":{\"@id\":\"https:\/\/www.imobiliare.ro\/imoexpert\/cresterea-economica-a-romaniei-este-confirmata-piata-locala-revine-incet-incet-pe-harta-investitorilor-straini_db\/\"},\"wordCount\":653,\"commentCount\":3,\"publisher\":{\"@id\":\"https:\/\/www.imobiliare.ro\/imoexpert\/#organization\"},\"image\":{\"@id\":\"https:\/\/www.imobiliare.ro\/imoexpert\/cresterea-economica-a-romaniei-este-confirmata-piata-locala-revine-incet-incet-pe-harta-investitorilor-straini_db\/#primaryimage\"},\"thumbnailUrl\":\"https:\/\/www.imobiliare.ro\/imoexpert\/wp-content\/uploads\/2011\/08\/investitori-in-imobiliare.jpg\",\"keywords\":[\"Bucure\u015fti\",\"Economie\",\"investitii\",\"PIB\"],\"inLanguage\":\"en\",\"potentialAction\":[{\"@type\":\"CommentAction\",\"name\":\"Comment\",\"target\":[\"https:\/\/www.imobiliare.ro\/imoexpert\/cresterea-economica-a-romaniei-este-confirmata-piata-locala-revine-incet-incet-pe-harta-investitorilor-straini_db\/#respond\"]}],\"copyrightYear\":\"2011\",\"copyrightHolder\":{\"@id\":\"https:\/\/www.imobiliare.ro\/imoexpert\/#organization\"}},{\"@type\":\"WebPage\",\"@id\":\"https:\/\/www.imobiliare.ro\/imoexpert\/cresterea-economica-a-romaniei-este-confirmata-piata-locala-revine-incet-incet-pe-harta-investitorilor-straini_db\/\",\"url\":\"https:\/\/www.imobiliare.ro\/imoexpert\/cresterea-economica-a-romaniei-este-confirmata-piata-locala-revine-incet-incet-pe-harta-investitorilor-straini_db\/\",\"name\":\"Cre\u015fterea economic\u0103 a Rom\u00e2niei este confirmat\u0103. Pia\u0163a local\u0103 revine, \u00eencet-\u00eencet, pe harta investitorilor str\u0103ini - ImoExpert\",\"isPartOf\":{\"@id\":\"https:\/\/www.imobiliare.ro\/imoexpert\/#website\"},\"primaryImageOfPage\":{\"@id\":\"https:\/\/www.imobiliare.ro\/imoexpert\/cresterea-economica-a-romaniei-este-confirmata-piata-locala-revine-incet-incet-pe-harta-investitorilor-straini_db\/#primaryimage\"},\"image\":{\"@id\":\"https:\/\/www.imobiliare.ro\/imoexpert\/cresterea-economica-a-romaniei-este-confirmata-piata-locala-revine-incet-incet-pe-harta-investitorilor-straini_db\/#primaryimage\"},\"thumbnailUrl\":\"https:\/\/www.imobiliare.ro\/imoexpert\/wp-content\/uploads\/2011\/08\/investitori-in-imobiliare.jpg\",\"datePublished\":\"2011-08-17T07:54:23+00:00\",\"description\":\"\u00cen consens cu celelalte state din UE, Produsul Intern Brut al \u0163\u0103rii noastre a \u00eenregistrat o evolu\u0163ie ascendent\u0103 pentru al treilea trimestru consecutiv.\",\"breadcrumb\":{\"@id\":\"https:\/\/www.imobiliare.ro\/imoexpert\/cresterea-economica-a-romaniei-este-confirmata-piata-locala-revine-incet-incet-pe-harta-investitorilor-straini_db\/#breadcrumb\"},\"inLanguage\":\"en\",\"potentialAction\":[{\"@type\":\"ReadAction\",\"target\":[\"https:\/\/www.imobiliare.ro\/imoexpert\/cresterea-economica-a-romaniei-este-confirmata-piata-locala-revine-incet-incet-pe-harta-investitorilor-straini_db\/\"]}]},{\"@type\":\"ImageObject\",\"inLanguage\":\"en\",\"@id\":\"https:\/\/www.imobiliare.ro\/imoexpert\/cresterea-economica-a-romaniei-este-confirmata-piata-locala-revine-incet-incet-pe-harta-investitorilor-straini_db\/#primaryimage\",\"url\":\"https:\/\/www.imobiliare.ro\/imoexpert\/wp-content\/uploads\/2011\/08\/investitori-in-imobiliare.jpg\",\"contentUrl\":\"https:\/\/www.imobiliare.ro\/imoexpert\/wp-content\/uploads\/2011\/08\/investitori-in-imobiliare.jpg\",\"width\":480,\"height\":303},{\"@type\":\"BreadcrumbList\",\"@id\":\"https:\/\/www.imobiliare.ro\/imoexpert\/cresterea-economica-a-romaniei-este-confirmata-piata-locala-revine-incet-incet-pe-harta-investitorilor-straini_db\/#breadcrumb\",\"itemListElement\":[{\"@type\":\"ListItem\",\"position\":1,\"name\":\"Imoradar24\",\"item\":\"https:\/\/www.imoradar24.ro\"},{\"@type\":\"ListItem\",\"position\":2,\"name\":\"ImoExpert\",\"item\":\"https:\/\/www.imobiliare.ro\/imoexpert\/\"},{\"@type\":\"ListItem\",\"position\":3,\"name\":\"Cre\u015fterea economic\u0103 a Rom\u00e2niei este confirmat\u0103. Pia\u0163a local\u0103 revine, \u00eencet-\u00eencet, pe harta investitorilor str\u0103ini\"}]},{\"@type\":\"WebSite\",\"@id\":\"https:\/\/www.imobiliare.ro\/imoexpert\/#website\",\"url\":\"https:\/\/www.imobiliare.ro\/imoexpert\/\",\"name\":\"ImoExpert\",\"description\":\"cele mai importante \u015ftiri din domeniul imobiliar\",\"publisher\":{\"@id\":\"https:\/\/www.imobiliare.ro\/imoexpert\/#organization\"},\"inLanguage\":\"en\"},{\"@type\":\"Organization\",\"@id\":\"https:\/\/www.imobiliare.ro\/imoexpert\/#organization\",\"name\":\"Imobiliare.ro\",\"alternateName\":\"Realmedia Network SA\",\"url\":\"https:\/\/www.imobiliare.ro\/imoexpert\/\",\"logo\":{\"@type\":\"ImageObject\",\"inLanguage\":\"en\",\"@id\":\"https:\/\/www.imobiliare.ro\/imoexpert\/#\/schema\/logo\/image\/\",\"url\":\"https:\/\/www.imobiliare.ro\/imoexpert\/wp-content\/uploads\/2025\/05\/imobiliare_logo.png\",\"contentUrl\":\"https:\/\/www.imobiliare.ro\/imoexpert\/wp-content\/uploads\/2025\/05\/imobiliare_logo.png\",\"width\":237,\"height\":29,\"caption\":\"Imobiliare.ro\"},\"image\":{\"@id\":\"https:\/\/www.imobiliare.ro\/imoexpert\/#\/schema\/logo\/image\/\"}},{\"@type\":\"Person\",\"@id\":\"https:\/\/www.imobiliare.ro\/imoexpert\/#\/schema\/person\/8c13b0297075010b896471fabf0d7790\",\"name\":\"Adriana Dr\u0103gu\u0219in\",\"image\":{\"@type\":\"ImageObject\",\"inLanguage\":\"en\",\"@id\":\"https:\/\/www.imobiliare.ro\/imoexpert\/#\/schema\/person\/image\/\",\"url\":\"https:\/\/secure.gravatar.com\/avatar\/ba4762f7517e50e679ed7f11207102d1150120f2f5800c0da98f8a15305bf514?s=96&d=mm&r=g\",\"contentUrl\":\"https:\/\/secure.gravatar.com\/avatar\/ba4762f7517e50e679ed7f11207102d1150120f2f5800c0da98f8a15305bf514?s=96&d=mm&r=g\",\"caption\":\"Adriana Dr\u0103gu\u0219in\"},\"jobTitle\":\"Editor\",\"url\":\"https:\/\/www.imobiliare.ro\/imoexpert\/author\/adriana-dragusin\/\"}]}<\/script>\n<!-- \/ Yoast SEO Premium plugin. -->","yoast_head_json":{"title":"Cre\u015fterea economic\u0103 a Rom\u00e2niei este confirmat\u0103. Pia\u0163a local\u0103 revine, \u00eencet-\u00eencet, pe harta investitorilor str\u0103ini - ImoExpert","description":"\u00cen consens cu celelalte state din UE, Produsul Intern Brut al \u0163\u0103rii noastre a \u00eenregistrat o evolu\u0163ie ascendent\u0103 pentru al treilea trimestru consecutiv.","robots":{"index":"index","follow":"follow"},"canonical":"https:\/\/www.imobiliare.ro\/imoexpert\/cresterea-economica-a-romaniei-este-confirmata-piata-locala-revine-incet-incet-pe-harta-investitorilor-straini_db\/","og_locale":"ro_RO","og_type":"article","og_title":"Cre\u015fterea economic\u0103 a Rom\u00e2niei este confirmat\u0103. Pia\u0163a local\u0103 revine, \u00eencet-\u00eencet, pe harta investitorilor str\u0103ini","og_description":"\u00cen consens cu celelalte state din UE, Produsul Intern Brut al \u0163\u0103rii noastre a \u00eenregistrat o evolu\u0163ie ascendent\u0103 pentru al treilea trimestru consecutiv.","og_url":"https:\/\/www.imobiliare.ro\/imoexpert\/cresterea-economica-a-romaniei-este-confirmata-piata-locala-revine-incet-incet-pe-harta-investitorilor-straini_db\/","og_site_name":"ImoExpert","article_published_time":"2011-08-17T07:54:23+00:00","og_image":[{"width":480,"height":303,"url":"https:\/\/www.imobiliare.ro\/imoexpert\/wp-content\/uploads\/2011\/08\/investitori-in-imobiliare.jpg","type":"image\/jpeg"}],"author":"Adriana Dr\u0103gu\u0219in","twitter_card":"summary_large_image","twitter_misc":{"Written by":"Adriana Dr\u0103gu\u0219in","Est. reading time":"3 minute"},"schema":{"@context":"https:\/\/schema.org","@graph":[{"@type":"Article","@id":"https:\/\/www.imobiliare.ro\/imoexpert\/cresterea-economica-a-romaniei-este-confirmata-piata-locala-revine-incet-incet-pe-harta-investitorilor-straini_db\/#article","isPartOf":{"@id":"https:\/\/www.imobiliare.ro\/imoexpert\/cresterea-economica-a-romaniei-este-confirmata-piata-locala-revine-incet-incet-pe-harta-investitorilor-straini_db\/"},"author":{"name":"Adriana Dr\u0103gu\u0219in","@id":"https:\/\/www.imobiliare.ro\/imoexpert\/#\/schema\/person\/8c13b0297075010b896471fabf0d7790"},"headline":"Cre\u015fterea economic\u0103 a Rom\u00e2niei este confirmat\u0103. Pia\u0163a local\u0103 revine, \u00eencet-\u00eencet, pe harta investitorilor str\u0103ini","datePublished":"2011-08-17T07:54:23+00:00","mainEntityOfPage":{"@id":"https:\/\/www.imobiliare.ro\/imoexpert\/cresterea-economica-a-romaniei-este-confirmata-piata-locala-revine-incet-incet-pe-harta-investitorilor-straini_db\/"},"wordCount":653,"commentCount":3,"publisher":{"@id":"https:\/\/www.imobiliare.ro\/imoexpert\/#organization"},"image":{"@id":"https:\/\/www.imobiliare.ro\/imoexpert\/cresterea-economica-a-romaniei-este-confirmata-piata-locala-revine-incet-incet-pe-harta-investitorilor-straini_db\/#primaryimage"},"thumbnailUrl":"https:\/\/www.imobiliare.ro\/imoexpert\/wp-content\/uploads\/2011\/08\/investitori-in-imobiliare.jpg","keywords":["Bucure\u015fti","Economie","investitii","PIB"],"inLanguage":"en","potentialAction":[{"@type":"CommentAction","name":"Comment","target":["https:\/\/www.imobiliare.ro\/imoexpert\/cresterea-economica-a-romaniei-este-confirmata-piata-locala-revine-incet-incet-pe-harta-investitorilor-straini_db\/#respond"]}],"copyrightYear":"2011","copyrightHolder":{"@id":"https:\/\/www.imobiliare.ro\/imoexpert\/#organization"}},{"@type":"WebPage","@id":"https:\/\/www.imobiliare.ro\/imoexpert\/cresterea-economica-a-romaniei-este-confirmata-piata-locala-revine-incet-incet-pe-harta-investitorilor-straini_db\/","url":"https:\/\/www.imobiliare.ro\/imoexpert\/cresterea-economica-a-romaniei-este-confirmata-piata-locala-revine-incet-incet-pe-harta-investitorilor-straini_db\/","name":"Cre\u015fterea economic\u0103 a Rom\u00e2niei este confirmat\u0103. Pia\u0163a local\u0103 revine, \u00eencet-\u00eencet, pe harta investitorilor str\u0103ini - ImoExpert","isPartOf":{"@id":"https:\/\/www.imobiliare.ro\/imoexpert\/#website"},"primaryImageOfPage":{"@id":"https:\/\/www.imobiliare.ro\/imoexpert\/cresterea-economica-a-romaniei-este-confirmata-piata-locala-revine-incet-incet-pe-harta-investitorilor-straini_db\/#primaryimage"},"image":{"@id":"https:\/\/www.imobiliare.ro\/imoexpert\/cresterea-economica-a-romaniei-este-confirmata-piata-locala-revine-incet-incet-pe-harta-investitorilor-straini_db\/#primaryimage"},"thumbnailUrl":"https:\/\/www.imobiliare.ro\/imoexpert\/wp-content\/uploads\/2011\/08\/investitori-in-imobiliare.jpg","datePublished":"2011-08-17T07:54:23+00:00","description":"\u00cen consens cu celelalte state din UE, Produsul Intern Brut al \u0163\u0103rii noastre a \u00eenregistrat o evolu\u0163ie ascendent\u0103 pentru al treilea trimestru consecutiv.","breadcrumb":{"@id":"https:\/\/www.imobiliare.ro\/imoexpert\/cresterea-economica-a-romaniei-este-confirmata-piata-locala-revine-incet-incet-pe-harta-investitorilor-straini_db\/#breadcrumb"},"inLanguage":"en","potentialAction":[{"@type":"ReadAction","target":["https:\/\/www.imobiliare.ro\/imoexpert\/cresterea-economica-a-romaniei-este-confirmata-piata-locala-revine-incet-incet-pe-harta-investitorilor-straini_db\/"]}]},{"@type":"ImageObject","inLanguage":"en","@id":"https:\/\/www.imobiliare.ro\/imoexpert\/cresterea-economica-a-romaniei-este-confirmata-piata-locala-revine-incet-incet-pe-harta-investitorilor-straini_db\/#primaryimage","url":"https:\/\/www.imobiliare.ro\/imoexpert\/wp-content\/uploads\/2011\/08\/investitori-in-imobiliare.jpg","contentUrl":"https:\/\/www.imobiliare.ro\/imoexpert\/wp-content\/uploads\/2011\/08\/investitori-in-imobiliare.jpg","width":480,"height":303},{"@type":"BreadcrumbList","@id":"https:\/\/www.imobiliare.ro\/imoexpert\/cresterea-economica-a-romaniei-este-confirmata-piata-locala-revine-incet-incet-pe-harta-investitorilor-straini_db\/#breadcrumb","itemListElement":[{"@type":"ListItem","position":1,"name":"Imoradar24","item":"https:\/\/www.imoradar24.ro"},{"@type":"ListItem","position":2,"name":"ImoExpert","item":"https:\/\/www.imobiliare.ro\/imoexpert\/"},{"@type":"ListItem","position":3,"name":"Cre\u015fterea economic\u0103 a Rom\u00e2niei este confirmat\u0103. Pia\u0163a local\u0103 revine, \u00eencet-\u00eencet, pe harta investitorilor str\u0103ini"}]},{"@type":"WebSite","@id":"https:\/\/www.imobiliare.ro\/imoexpert\/#website","url":"https:\/\/www.imobiliare.ro\/imoexpert\/","name":"ImoExpert","description":"cele mai importante \u015ftiri din domeniul imobiliar","publisher":{"@id":"https:\/\/www.imobiliare.ro\/imoexpert\/#organization"},"inLanguage":"en"},{"@type":"Organization","@id":"https:\/\/www.imobiliare.ro\/imoexpert\/#organization","name":"Imobiliare.ro","alternateName":"Realmedia Network SA","url":"https:\/\/www.imobiliare.ro\/imoexpert\/","logo":{"@type":"ImageObject","inLanguage":"en","@id":"https:\/\/www.imobiliare.ro\/imoexpert\/#\/schema\/logo\/image\/","url":"https:\/\/www.imobiliare.ro\/imoexpert\/wp-content\/uploads\/2025\/05\/imobiliare_logo.png","contentUrl":"https:\/\/www.imobiliare.ro\/imoexpert\/wp-content\/uploads\/2025\/05\/imobiliare_logo.png","width":237,"height":29,"caption":"Imobiliare.ro"},"image":{"@id":"https:\/\/www.imobiliare.ro\/imoexpert\/#\/schema\/logo\/image\/"}},{"@type":"Person","@id":"https:\/\/www.imobiliare.ro\/imoexpert\/#\/schema\/person\/8c13b0297075010b896471fabf0d7790","name":"Adriana Dr\u0103gu\u0219in","image":{"@type":"ImageObject","inLanguage":"en","@id":"https:\/\/www.imobiliare.ro\/imoexpert\/#\/schema\/person\/image\/","url":"https:\/\/secure.gravatar.com\/avatar\/ba4762f7517e50e679ed7f11207102d1150120f2f5800c0da98f8a15305bf514?s=96&d=mm&r=g","contentUrl":"https:\/\/secure.gravatar.com\/avatar\/ba4762f7517e50e679ed7f11207102d1150120f2f5800c0da98f8a15305bf514?s=96&d=mm&r=g","caption":"Adriana Dr\u0103gu\u0219in"},"jobTitle":"Editor","url":"https:\/\/www.imobiliare.ro\/imoexpert\/author\/adriana-dragusin\/"}]}},"_links":{"self":[{"href":"https:\/\/www.imobiliare.ro\/imoexpert\/wp-json\/wp\/v2\/posts\/14528","targetHints":{"allow":["GET"]}}],"collection":[{"href":"https:\/\/www.imobiliare.ro\/imoexpert\/wp-json\/wp\/v2\/posts"}],"about":[{"href":"https:\/\/www.imobiliare.ro\/imoexpert\/wp-json\/wp\/v2\/types\/post"}],"author":[{"embeddable":true,"href":"https:\/\/www.imobiliare.ro\/imoexpert\/wp-json\/wp\/v2\/users\/829"}],"replies":[{"embeddable":true,"href":"https:\/\/www.imobiliare.ro\/imoexpert\/wp-json\/wp\/v2\/comments?post=14528"}],"version-history":[{"count":0,"href":"https:\/\/www.imobiliare.ro\/imoexpert\/wp-json\/wp\/v2\/posts\/14528\/revisions"}],"wp:featuredmedia":[{"embeddable":true,"href":"https:\/\/www.imobiliare.ro\/imoexpert\/wp-json\/wp\/v2\/media\/14529"}],"wp:attachment":[{"href":"https:\/\/www.imobiliare.ro\/imoexpert\/wp-json\/wp\/v2\/media?parent=14528"}],"wp:term":[{"taxonomy":"category","embeddable":true,"href":"https:\/\/www.imobiliare.ro\/imoexpert\/wp-json\/wp\/v2\/categories?post=14528"},{"taxonomy":"post_tag","embeddable":true,"href":"https:\/\/www.imobiliare.ro\/imoexpert\/wp-json\/wp\/v2\/tags?post=14528"},{"taxonomy":"content_author","embeddable":true,"href":"https:\/\/www.imobiliare.ro\/imoexpert\/wp-json\/wp\/v2\/content_author?post=14528"}],"curies":[{"name":"wp","href":"https:\/\/api.w.org\/{rel}","templated":true}]}}