{"id":15544,"date":"2011-10-19T17:38:56","date_gmt":"2011-10-19T14:38:56","guid":{"rendered":"https:\/\/www.imobiliare.ro\/?p=15544_db\/"},"modified":"2011-10-19T17:38:56","modified_gmt":"2011-10-19T14:38:56","slug":"romania-a-doua-dupa-polonia-la-cresterea-anuala-a-constructiilor-in-ue","status":"publish","type":"post","link":"https:\/\/www.imobiliare.ro\/imoexpert\/romania-a-doua-dupa-polonia-la-cresterea-anuala-a-constructiilor-in-ue_db\/","title":{"rendered":"Rom\u00e2nia, a doua, dup\u0103 Polonia, la cre\u015fterea anual\u0103 a construc\u0163iilor \u00een UE"},"content":{"rendered":"<p><a class=\"article-body-links\"href=\"https:\/\/www.imobiliare.ro\/constructii-2\/romania-a-doua-dupa-polonia-la-cresterea-anuala-a-constructiilor-in-ue_db\/santier-3\/\" rel=\"attachment wp-att-15545\"><img loading=\"lazy\" decoding=\"async\" src=\"https:\/\/info.imobiliare.ro\/wp-content\/uploads\/2011\/10\/santier1-300x200.jpg\" alt=\"\" title=\"santier\" width=\"300\" height=\"200\" class=\"alignleft size-medium wp-image-15545\" srcset=\"https:\/\/www.imobiliare.ro\/imoexpert\/wp-content\/uploads\/2011\/10\/santier1-300x200.jpg 300w, https:\/\/www.imobiliare.ro\/imoexpert\/wp-content\/uploads\/2011\/10\/santier1-87x57.jpg 87w, https:\/\/www.imobiliare.ro\/imoexpert\/wp-content\/uploads\/2011\/10\/santier1-65x43.jpg 65w, https:\/\/www.imobiliare.ro\/imoexpert\/wp-content\/uploads\/2011\/10\/santier1.jpg 480w\" sizes=\"auto, (max-width: 300px) 100vw, 300px\" \/><\/a><strong>De\u015fi \u00een ultima lun\u0103 de var\u0103 acest sector al economiei autohtone a f\u0103cut un pas \u00eenapoi, \u0163ara noastr\u0103 \u00ee\u015fi p\u0103streaz\u0103 locul al doilea \u00een topul \u0163\u0103rilor cu cele mai bune evolu\u0163ii la 12 luni. <\/strong><\/p>\n<p>Potrivit celui mai recent raport emis de Eurostat, Rom\u00e2nia se situeaz\u0103 pe locul al doilea \u00een r\u00e2ndul statelor membre ale Uniunii Europene (UE) \u00een care au avut loc cele mai mari cre\u015fteri \u00een domeniul <a class=\"article-body-links\"href=\"https:\/\/www.imobiliare.ro\/imoexpert\/tag\/constructii-2\/\">construc\u0163iilor<\/a> \u00een intervalul august 2010-august 2011. \u00cen perioada men\u0163ionat\u0103, volumul lucr\u0103rilor autohtone de construc\u0163ii (ca serie ajustat\u0103 sezonier \u015fi \u00een func\u0163ie de num\u0103rul de zile lucr\u0103toare) a crescut cu 6,8%, potrivit datelor transmise recent de Institutul Na\u0163ional de Statistic\u0103 (INS). \u0162ara noastr\u0103 este devansat\u0103 la acest capitol doar de Polonia, care a consemnat un avans de 10,6%. Pe locul al treilea \u00een clasamentul cre\u015fterilor se situeaz\u0103 Germania, cu un plus de 5,2% la 12 luni. Dintre statele europene care au f\u0103cut publice datele aferente sectorului construc\u0163iilor pentru august 2011, \u015fase au \u00eenregistrat cre\u015fteri, iar opt au avut sc\u0103deri pe acest segment comparativ cu aceea\u015fi perioad\u0103 a anului trecut. Cel mai mare declin a avut loc \u00een Slovenia (-32,8%), aceast\u0103 \u0163ar\u0103 fiind urmat\u0103 de Ungaria (-12,3%) \u015fi Portugalia (-10%). La nivel regional, volumul lucr\u0103rilor de construc\u0163ii a crescut cu 0,6% \u00een cele 27 de state ale UE, \u00een vreme ce avansul din zona euro s-a ridicat la 2,5%.<\/p>\n<p><strong>Dup\u0103 plus \u00een iulie, minus \u00een august<\/strong><br \/>\nEvolu\u0163ia anual\u0103 pozitiv\u0103 a pie\u0163ei locale de construc\u0163ii se men\u0163ine \u00een ciuda unui recul ce a avut loc \u00een ultima lun\u0103 de var\u0103. Astfel, dup\u0103 ce volumul lucr\u0103rilor de profil a consemnat o cre\u015ftere de 3,4% \u00een iulie fa\u0163\u0103 de iunie, \u00een august a avut loc o sc\u0103dere de 4,5%. \u00centr-un clasament european, \u0163ara noastr\u0103 se situeaz\u0103 pe locul al doilea \u00een ceea ce prive\u015fte cele mai mari sc\u0103deri \u00eenregistrate pe luna august, fiind precedat\u0103 de Slovenia (-6,6%) \u015fi urmat\u0103 de Slovacia (-2,3%). \u00cen cea de-a opta lun\u0103 din 2011, cele mai mari cre\u015fteri ale sectorului construc\u0163iilor au avut loc \u00een Portugalia (7,6%), Fran\u0163a (3,2%) \u015fi Ungaria (1,5%).<\/p>\n<p><strong>Cite\u015fte <a class=\"article-body-links\"href=\"https:\/\/www.imobiliare.ro\/constructii-2\/incetineste-declinul-din-constructii-2011-anul-stabilizarii-pietei_db\/\">aici<\/a> mai multe despre semnalele de revenire resim\u0163ite de pia\u0163a autohton\u0103 a construc\u0163iilor de la \u00eenceputul acestui an.<\/strong><\/p>\n","protected":false},"excerpt":{"rendered":"<p>De\u015fi \u00een ultima lun\u0103 de var\u0103 acest sector al economiei autohtone a f\u0103cut un pas \u00eenapoi, \u0163ara noastr\u0103 \u00ee\u015fi p\u0103streaz\u0103 locul al doilea \u00een topul \u0163\u0103rilor cu cele mai bune evolu\u0163ii la 12 luni. Potrivit celui mai recent raport emis de Eurostat, Rom\u00e2nia se situeaz\u0103 pe locul al doilea \u00een r\u00e2ndul statelor membre ale Uniunii [&hellip;]<\/p>\n","protected":false},"author":829,"featured_media":15545,"comment_status":"open","ping_status":"open","sticky":false,"template":"","format":"standard","meta":{"footnotes":""},"categories":[259],"tags":[351],"content_author":[],"class_list":["post-15544","post","type-post","status-publish","format-standard","has-post-thumbnail","hentry","category-stiri","tag-constructii-2"],"yoast_head":"<!-- This site is optimized with the Yoast SEO Premium plugin v27.0 (Yoast SEO v27.0) - https:\/\/yoast.com\/product\/yoast-seo-premium-wordpress\/ -->\n<title>Rom\u00e2nia, a doua, dup\u0103 Polonia, la cre\u015fterea anual\u0103 a construc\u0163iilor \u00een UE - \u0218tiri - ImoExpert<\/title>\n<meta name=\"description\" content=\"De\u015fi \u00een ultima lun\u0103 de var\u0103 acest sector al economiei autohtone a f\u0103cut un pas \u00eenapoi, \u0163ara noastr\u0103 \u00ee\u015fi p\u0103streaz\u0103 locul al doilea \u00een topul \u0163\u0103rilor cu cele\" \/>\n<meta name=\"robots\" content=\"index, follow\" \/>\n<link rel=\"canonical\" href=\"https:\/\/www.imobiliare.ro\/imoexpert\/romania-a-doua-dupa-polonia-la-cresterea-anuala-a-constructiilor-in-ue_db\/\" \/>\n<meta property=\"og:locale\" content=\"ro_RO\" \/>\n<meta property=\"og:type\" content=\"article\" \/>\n<meta property=\"og:title\" content=\"Rom\u00e2nia, a doua, dup\u0103 Polonia, la cre\u015fterea anual\u0103 a construc\u0163iilor \u00een UE\" \/>\n<meta property=\"og:description\" content=\"De\u015fi \u00een ultima lun\u0103 de var\u0103 acest sector al economiei autohtone a f\u0103cut un pas \u00eenapoi, \u0163ara noastr\u0103 \u00ee\u015fi p\u0103streaz\u0103 locul al doilea \u00een topul \u0163\u0103rilor cu cele\" \/>\n<meta property=\"og:url\" content=\"https:\/\/www.imobiliare.ro\/imoexpert\/romania-a-doua-dupa-polonia-la-cresterea-anuala-a-constructiilor-in-ue_db\/\" \/>\n<meta property=\"og:site_name\" content=\"ImoExpert\" \/>\n<meta property=\"article:published_time\" content=\"2011-10-19T14:38:56+00:00\" \/>\n<meta property=\"og:image\" content=\"https:\/\/www.imobiliare.ro\/imoexpert\/wp-content\/uploads\/2011\/10\/santier1.jpg\" \/>\n\t<meta property=\"og:image:width\" content=\"480\" \/>\n\t<meta property=\"og:image:height\" content=\"320\" \/>\n\t<meta property=\"og:image:type\" content=\"image\/jpeg\" \/>\n<meta name=\"author\" content=\"Adriana Dr\u0103gu\u0219in\" \/>\n<meta name=\"twitter:card\" content=\"summary_large_image\" \/>\n<meta name=\"twitter:label1\" content=\"Written by\" \/>\n\t<meta name=\"twitter:data1\" content=\"Adriana Dr\u0103gu\u0219in\" \/>\n\t<meta name=\"twitter:label2\" content=\"Est. reading time\" \/>\n\t<meta name=\"twitter:data2\" content=\"2 minute\" \/>\n<script type=\"application\/ld+json\" class=\"yoast-schema-graph\">{\"@context\":\"https:\/\/schema.org\",\"@graph\":[{\"@type\":\"Article\",\"@id\":\"https:\/\/www.imobiliare.ro\/imoexpert\/romania-a-doua-dupa-polonia-la-cresterea-anuala-a-constructiilor-in-ue_db\/#article\",\"isPartOf\":{\"@id\":\"https:\/\/www.imobiliare.ro\/imoexpert\/romania-a-doua-dupa-polonia-la-cresterea-anuala-a-constructiilor-in-ue_db\/\"},\"author\":{\"name\":\"Adriana Dr\u0103gu\u0219in\",\"@id\":\"https:\/\/www.imobiliare.ro\/imoexpert\/#\/schema\/person\/8c13b0297075010b896471fabf0d7790\"},\"headline\":\"Rom\u00e2nia, a doua, dup\u0103 Polonia, la cre\u015fterea anual\u0103 a construc\u0163iilor \u00een UE\",\"datePublished\":\"2011-10-19T14:38:56+00:00\",\"mainEntityOfPage\":{\"@id\":\"https:\/\/www.imobiliare.ro\/imoexpert\/romania-a-doua-dupa-polonia-la-cresterea-anuala-a-constructiilor-in-ue_db\/\"},\"wordCount\":397,\"commentCount\":0,\"publisher\":{\"@id\":\"https:\/\/www.imobiliare.ro\/imoexpert\/#organization\"},\"image\":{\"@id\":\"https:\/\/www.imobiliare.ro\/imoexpert\/romania-a-doua-dupa-polonia-la-cresterea-anuala-a-constructiilor-in-ue_db\/#primaryimage\"},\"thumbnailUrl\":\"https:\/\/www.imobiliare.ro\/imoexpert\/wp-content\/uploads\/2011\/10\/santier1.jpg\",\"keywords\":[\"Construc\u0163ii\"],\"articleSection\":[\"\u0218tiri\"],\"inLanguage\":\"en\",\"potentialAction\":[{\"@type\":\"CommentAction\",\"name\":\"Comment\",\"target\":[\"https:\/\/www.imobiliare.ro\/imoexpert\/romania-a-doua-dupa-polonia-la-cresterea-anuala-a-constructiilor-in-ue_db\/#respond\"]}],\"copyrightYear\":\"2011\",\"copyrightHolder\":{\"@id\":\"https:\/\/www.imobiliare.ro\/imoexpert\/#organization\"}},{\"@type\":\"WebPage\",\"@id\":\"https:\/\/www.imobiliare.ro\/imoexpert\/romania-a-doua-dupa-polonia-la-cresterea-anuala-a-constructiilor-in-ue_db\/\",\"url\":\"https:\/\/www.imobiliare.ro\/imoexpert\/romania-a-doua-dupa-polonia-la-cresterea-anuala-a-constructiilor-in-ue_db\/\",\"name\":\"Rom\u00e2nia, a doua, dup\u0103 Polonia, la cre\u015fterea anual\u0103 a construc\u0163iilor \u00een UE - \u0218tiri - ImoExpert\",\"isPartOf\":{\"@id\":\"https:\/\/www.imobiliare.ro\/imoexpert\/#website\"},\"primaryImageOfPage\":{\"@id\":\"https:\/\/www.imobiliare.ro\/imoexpert\/romania-a-doua-dupa-polonia-la-cresterea-anuala-a-constructiilor-in-ue_db\/#primaryimage\"},\"image\":{\"@id\":\"https:\/\/www.imobiliare.ro\/imoexpert\/romania-a-doua-dupa-polonia-la-cresterea-anuala-a-constructiilor-in-ue_db\/#primaryimage\"},\"thumbnailUrl\":\"https:\/\/www.imobiliare.ro\/imoexpert\/wp-content\/uploads\/2011\/10\/santier1.jpg\",\"datePublished\":\"2011-10-19T14:38:56+00:00\",\"description\":\"De\u015fi \u00een ultima lun\u0103 de var\u0103 acest sector al economiei autohtone a f\u0103cut un pas \u00eenapoi, \u0163ara noastr\u0103 \u00ee\u015fi p\u0103streaz\u0103 locul al doilea \u00een topul \u0163\u0103rilor cu cele\",\"breadcrumb\":{\"@id\":\"https:\/\/www.imobiliare.ro\/imoexpert\/romania-a-doua-dupa-polonia-la-cresterea-anuala-a-constructiilor-in-ue_db\/#breadcrumb\"},\"inLanguage\":\"en\",\"potentialAction\":[{\"@type\":\"ReadAction\",\"target\":[\"https:\/\/www.imobiliare.ro\/imoexpert\/romania-a-doua-dupa-polonia-la-cresterea-anuala-a-constructiilor-in-ue_db\/\"]}]},{\"@type\":\"ImageObject\",\"inLanguage\":\"en\",\"@id\":\"https:\/\/www.imobiliare.ro\/imoexpert\/romania-a-doua-dupa-polonia-la-cresterea-anuala-a-constructiilor-in-ue_db\/#primaryimage\",\"url\":\"https:\/\/www.imobiliare.ro\/imoexpert\/wp-content\/uploads\/2011\/10\/santier1.jpg\",\"contentUrl\":\"https:\/\/www.imobiliare.ro\/imoexpert\/wp-content\/uploads\/2011\/10\/santier1.jpg\",\"width\":480,\"height\":320},{\"@type\":\"BreadcrumbList\",\"@id\":\"https:\/\/www.imobiliare.ro\/imoexpert\/romania-a-doua-dupa-polonia-la-cresterea-anuala-a-constructiilor-in-ue_db\/#breadcrumb\",\"itemListElement\":[{\"@type\":\"ListItem\",\"position\":1,\"name\":\"Imoradar24\",\"item\":\"https:\/\/www.imoradar24.ro\"},{\"@type\":\"ListItem\",\"position\":2,\"name\":\"ImoExpert\",\"item\":\"https:\/\/www.imobiliare.ro\/imoexpert\/\"},{\"@type\":\"ListItem\",\"position\":3,\"name\":\"\u0218tiri\",\"item\":\"https:\/\/www.imobiliare.ro\/imoexpert\/stiri\/\"},{\"@type\":\"ListItem\",\"position\":4,\"name\":\"Rom\u00e2nia, a doua, dup\u0103 Polonia, la cre\u015fterea anual\u0103 a construc\u0163iilor \u00een UE\"}]},{\"@type\":\"WebSite\",\"@id\":\"https:\/\/www.imobiliare.ro\/imoexpert\/#website\",\"url\":\"https:\/\/www.imobiliare.ro\/imoexpert\/\",\"name\":\"ImoExpert\",\"description\":\"cele mai importante \u015ftiri din domeniul imobiliar\",\"publisher\":{\"@id\":\"https:\/\/www.imobiliare.ro\/imoexpert\/#organization\"},\"inLanguage\":\"en\"},{\"@type\":\"Organization\",\"@id\":\"https:\/\/www.imobiliare.ro\/imoexpert\/#organization\",\"name\":\"Imobiliare.ro\",\"alternateName\":\"Realmedia Network SA\",\"url\":\"https:\/\/www.imobiliare.ro\/imoexpert\/\",\"logo\":{\"@type\":\"ImageObject\",\"inLanguage\":\"en\",\"@id\":\"https:\/\/www.imobiliare.ro\/imoexpert\/#\/schema\/logo\/image\/\",\"url\":\"https:\/\/www.imobiliare.ro\/imoexpert\/wp-content\/uploads\/2025\/05\/imobiliare_logo.png\",\"contentUrl\":\"https:\/\/www.imobiliare.ro\/imoexpert\/wp-content\/uploads\/2025\/05\/imobiliare_logo.png\",\"width\":237,\"height\":29,\"caption\":\"Imobiliare.ro\"},\"image\":{\"@id\":\"https:\/\/www.imobiliare.ro\/imoexpert\/#\/schema\/logo\/image\/\"}},{\"@type\":\"Person\",\"@id\":\"https:\/\/www.imobiliare.ro\/imoexpert\/#\/schema\/person\/8c13b0297075010b896471fabf0d7790\",\"name\":\"Adriana Dr\u0103gu\u0219in\",\"image\":{\"@type\":\"ImageObject\",\"inLanguage\":\"en\",\"@id\":\"https:\/\/www.imobiliare.ro\/imoexpert\/#\/schema\/person\/image\/\",\"url\":\"https:\/\/secure.gravatar.com\/avatar\/ba4762f7517e50e679ed7f11207102d1150120f2f5800c0da98f8a15305bf514?s=96&d=mm&r=g\",\"contentUrl\":\"https:\/\/secure.gravatar.com\/avatar\/ba4762f7517e50e679ed7f11207102d1150120f2f5800c0da98f8a15305bf514?s=96&d=mm&r=g\",\"caption\":\"Adriana Dr\u0103gu\u0219in\"},\"jobTitle\":\"Editor\",\"url\":\"https:\/\/www.imobiliare.ro\/imoexpert\/author\/adriana-dragusin\/\"}]}<\/script>\n<!-- \/ Yoast SEO Premium plugin. -->","yoast_head_json":{"title":"Rom\u00e2nia, a doua, dup\u0103 Polonia, la cre\u015fterea anual\u0103 a construc\u0163iilor \u00een UE - \u0218tiri - ImoExpert","description":"De\u015fi \u00een ultima lun\u0103 de var\u0103 acest sector al economiei autohtone a f\u0103cut un pas \u00eenapoi, \u0163ara noastr\u0103 \u00ee\u015fi p\u0103streaz\u0103 locul al doilea \u00een topul \u0163\u0103rilor cu cele","robots":{"index":"index","follow":"follow"},"canonical":"https:\/\/www.imobiliare.ro\/imoexpert\/romania-a-doua-dupa-polonia-la-cresterea-anuala-a-constructiilor-in-ue_db\/","og_locale":"ro_RO","og_type":"article","og_title":"Rom\u00e2nia, a doua, dup\u0103 Polonia, la cre\u015fterea anual\u0103 a construc\u0163iilor \u00een UE","og_description":"De\u015fi \u00een ultima lun\u0103 de var\u0103 acest sector al economiei autohtone a f\u0103cut un pas \u00eenapoi, \u0163ara noastr\u0103 \u00ee\u015fi p\u0103streaz\u0103 locul al doilea \u00een topul \u0163\u0103rilor cu cele","og_url":"https:\/\/www.imobiliare.ro\/imoexpert\/romania-a-doua-dupa-polonia-la-cresterea-anuala-a-constructiilor-in-ue_db\/","og_site_name":"ImoExpert","article_published_time":"2011-10-19T14:38:56+00:00","og_image":[{"width":480,"height":320,"url":"https:\/\/www.imobiliare.ro\/imoexpert\/wp-content\/uploads\/2011\/10\/santier1.jpg","type":"image\/jpeg"}],"author":"Adriana Dr\u0103gu\u0219in","twitter_card":"summary_large_image","twitter_misc":{"Written by":"Adriana Dr\u0103gu\u0219in","Est. reading time":"2 minute"},"schema":{"@context":"https:\/\/schema.org","@graph":[{"@type":"Article","@id":"https:\/\/www.imobiliare.ro\/imoexpert\/romania-a-doua-dupa-polonia-la-cresterea-anuala-a-constructiilor-in-ue_db\/#article","isPartOf":{"@id":"https:\/\/www.imobiliare.ro\/imoexpert\/romania-a-doua-dupa-polonia-la-cresterea-anuala-a-constructiilor-in-ue_db\/"},"author":{"name":"Adriana Dr\u0103gu\u0219in","@id":"https:\/\/www.imobiliare.ro\/imoexpert\/#\/schema\/person\/8c13b0297075010b896471fabf0d7790"},"headline":"Rom\u00e2nia, a doua, dup\u0103 Polonia, la cre\u015fterea anual\u0103 a construc\u0163iilor \u00een UE","datePublished":"2011-10-19T14:38:56+00:00","mainEntityOfPage":{"@id":"https:\/\/www.imobiliare.ro\/imoexpert\/romania-a-doua-dupa-polonia-la-cresterea-anuala-a-constructiilor-in-ue_db\/"},"wordCount":397,"commentCount":0,"publisher":{"@id":"https:\/\/www.imobiliare.ro\/imoexpert\/#organization"},"image":{"@id":"https:\/\/www.imobiliare.ro\/imoexpert\/romania-a-doua-dupa-polonia-la-cresterea-anuala-a-constructiilor-in-ue_db\/#primaryimage"},"thumbnailUrl":"https:\/\/www.imobiliare.ro\/imoexpert\/wp-content\/uploads\/2011\/10\/santier1.jpg","keywords":["Construc\u0163ii"],"articleSection":["\u0218tiri"],"inLanguage":"en","potentialAction":[{"@type":"CommentAction","name":"Comment","target":["https:\/\/www.imobiliare.ro\/imoexpert\/romania-a-doua-dupa-polonia-la-cresterea-anuala-a-constructiilor-in-ue_db\/#respond"]}],"copyrightYear":"2011","copyrightHolder":{"@id":"https:\/\/www.imobiliare.ro\/imoexpert\/#organization"}},{"@type":"WebPage","@id":"https:\/\/www.imobiliare.ro\/imoexpert\/romania-a-doua-dupa-polonia-la-cresterea-anuala-a-constructiilor-in-ue_db\/","url":"https:\/\/www.imobiliare.ro\/imoexpert\/romania-a-doua-dupa-polonia-la-cresterea-anuala-a-constructiilor-in-ue_db\/","name":"Rom\u00e2nia, a doua, dup\u0103 Polonia, la cre\u015fterea anual\u0103 a construc\u0163iilor \u00een UE - \u0218tiri - ImoExpert","isPartOf":{"@id":"https:\/\/www.imobiliare.ro\/imoexpert\/#website"},"primaryImageOfPage":{"@id":"https:\/\/www.imobiliare.ro\/imoexpert\/romania-a-doua-dupa-polonia-la-cresterea-anuala-a-constructiilor-in-ue_db\/#primaryimage"},"image":{"@id":"https:\/\/www.imobiliare.ro\/imoexpert\/romania-a-doua-dupa-polonia-la-cresterea-anuala-a-constructiilor-in-ue_db\/#primaryimage"},"thumbnailUrl":"https:\/\/www.imobiliare.ro\/imoexpert\/wp-content\/uploads\/2011\/10\/santier1.jpg","datePublished":"2011-10-19T14:38:56+00:00","description":"De\u015fi \u00een ultima lun\u0103 de var\u0103 acest sector al economiei autohtone a f\u0103cut un pas \u00eenapoi, \u0163ara noastr\u0103 \u00ee\u015fi p\u0103streaz\u0103 locul al doilea \u00een topul \u0163\u0103rilor cu cele","breadcrumb":{"@id":"https:\/\/www.imobiliare.ro\/imoexpert\/romania-a-doua-dupa-polonia-la-cresterea-anuala-a-constructiilor-in-ue_db\/#breadcrumb"},"inLanguage":"en","potentialAction":[{"@type":"ReadAction","target":["https:\/\/www.imobiliare.ro\/imoexpert\/romania-a-doua-dupa-polonia-la-cresterea-anuala-a-constructiilor-in-ue_db\/"]}]},{"@type":"ImageObject","inLanguage":"en","@id":"https:\/\/www.imobiliare.ro\/imoexpert\/romania-a-doua-dupa-polonia-la-cresterea-anuala-a-constructiilor-in-ue_db\/#primaryimage","url":"https:\/\/www.imobiliare.ro\/imoexpert\/wp-content\/uploads\/2011\/10\/santier1.jpg","contentUrl":"https:\/\/www.imobiliare.ro\/imoexpert\/wp-content\/uploads\/2011\/10\/santier1.jpg","width":480,"height":320},{"@type":"BreadcrumbList","@id":"https:\/\/www.imobiliare.ro\/imoexpert\/romania-a-doua-dupa-polonia-la-cresterea-anuala-a-constructiilor-in-ue_db\/#breadcrumb","itemListElement":[{"@type":"ListItem","position":1,"name":"Imoradar24","item":"https:\/\/www.imoradar24.ro"},{"@type":"ListItem","position":2,"name":"ImoExpert","item":"https:\/\/www.imobiliare.ro\/imoexpert\/"},{"@type":"ListItem","position":3,"name":"\u0218tiri","item":"https:\/\/www.imobiliare.ro\/imoexpert\/stiri\/"},{"@type":"ListItem","position":4,"name":"Rom\u00e2nia, a doua, dup\u0103 Polonia, la cre\u015fterea anual\u0103 a construc\u0163iilor \u00een UE"}]},{"@type":"WebSite","@id":"https:\/\/www.imobiliare.ro\/imoexpert\/#website","url":"https:\/\/www.imobiliare.ro\/imoexpert\/","name":"ImoExpert","description":"cele mai importante \u015ftiri din domeniul imobiliar","publisher":{"@id":"https:\/\/www.imobiliare.ro\/imoexpert\/#organization"},"inLanguage":"en"},{"@type":"Organization","@id":"https:\/\/www.imobiliare.ro\/imoexpert\/#organization","name":"Imobiliare.ro","alternateName":"Realmedia Network SA","url":"https:\/\/www.imobiliare.ro\/imoexpert\/","logo":{"@type":"ImageObject","inLanguage":"en","@id":"https:\/\/www.imobiliare.ro\/imoexpert\/#\/schema\/logo\/image\/","url":"https:\/\/www.imobiliare.ro\/imoexpert\/wp-content\/uploads\/2025\/05\/imobiliare_logo.png","contentUrl":"https:\/\/www.imobiliare.ro\/imoexpert\/wp-content\/uploads\/2025\/05\/imobiliare_logo.png","width":237,"height":29,"caption":"Imobiliare.ro"},"image":{"@id":"https:\/\/www.imobiliare.ro\/imoexpert\/#\/schema\/logo\/image\/"}},{"@type":"Person","@id":"https:\/\/www.imobiliare.ro\/imoexpert\/#\/schema\/person\/8c13b0297075010b896471fabf0d7790","name":"Adriana Dr\u0103gu\u0219in","image":{"@type":"ImageObject","inLanguage":"en","@id":"https:\/\/www.imobiliare.ro\/imoexpert\/#\/schema\/person\/image\/","url":"https:\/\/secure.gravatar.com\/avatar\/ba4762f7517e50e679ed7f11207102d1150120f2f5800c0da98f8a15305bf514?s=96&d=mm&r=g","contentUrl":"https:\/\/secure.gravatar.com\/avatar\/ba4762f7517e50e679ed7f11207102d1150120f2f5800c0da98f8a15305bf514?s=96&d=mm&r=g","caption":"Adriana Dr\u0103gu\u0219in"},"jobTitle":"Editor","url":"https:\/\/www.imobiliare.ro\/imoexpert\/author\/adriana-dragusin\/"}]}},"_links":{"self":[{"href":"https:\/\/www.imobiliare.ro\/imoexpert\/wp-json\/wp\/v2\/posts\/15544","targetHints":{"allow":["GET"]}}],"collection":[{"href":"https:\/\/www.imobiliare.ro\/imoexpert\/wp-json\/wp\/v2\/posts"}],"about":[{"href":"https:\/\/www.imobiliare.ro\/imoexpert\/wp-json\/wp\/v2\/types\/post"}],"author":[{"embeddable":true,"href":"https:\/\/www.imobiliare.ro\/imoexpert\/wp-json\/wp\/v2\/users\/829"}],"replies":[{"embeddable":true,"href":"https:\/\/www.imobiliare.ro\/imoexpert\/wp-json\/wp\/v2\/comments?post=15544"}],"version-history":[{"count":0,"href":"https:\/\/www.imobiliare.ro\/imoexpert\/wp-json\/wp\/v2\/posts\/15544\/revisions"}],"wp:featuredmedia":[{"embeddable":true,"href":"https:\/\/www.imobiliare.ro\/imoexpert\/wp-json\/wp\/v2\/media\/15545"}],"wp:attachment":[{"href":"https:\/\/www.imobiliare.ro\/imoexpert\/wp-json\/wp\/v2\/media?parent=15544"}],"wp:term":[{"taxonomy":"category","embeddable":true,"href":"https:\/\/www.imobiliare.ro\/imoexpert\/wp-json\/wp\/v2\/categories?post=15544"},{"taxonomy":"post_tag","embeddable":true,"href":"https:\/\/www.imobiliare.ro\/imoexpert\/wp-json\/wp\/v2\/tags?post=15544"},{"taxonomy":"content_author","embeddable":true,"href":"https:\/\/www.imobiliare.ro\/imoexpert\/wp-json\/wp\/v2\/content_author?post=15544"}],"curies":[{"name":"wp","href":"https:\/\/api.w.org\/{rel}","templated":true}]}}