{"id":17371,"date":"2012-02-07T14:46:07","date_gmt":"2012-02-07T12:46:07","guid":{"rendered":"https:\/\/www.imobiliare.ro\/?p=17371_db\/"},"modified":"2012-02-07T14:46:07","modified_gmt":"2012-02-07T12:46:07","slug":"pentru-ce-mai-dau-bancile-finantari-afi-europe-a-luat-un-credit-pentru-un-proiect-in-bucuresti","status":"publish","type":"post","link":"https:\/\/www.imobiliare.ro\/imoexpert\/pentru-ce-mai-dau-bancile-finantari-afi-europe-a-luat-un-credit-pentru-un-proiect-in-bucuresti_db\/","title":{"rendered":"Pentru ce mai dau b\u0103ncile finan\u0163\u0103ri: AFI Europe a luat un credit pentru un proiect \u00een Bucure\u015fti"},"content":{"rendered":"<p><a class=\"article-body-links\"href=\"https:\/\/www.imobiliare.ro\/birouri\/pentru-ce-mai-dau-bancile-finantari-afi-europe-a-luat-un-credit-pentru-un-proiect-in-bucuresti_db\/afipalaceplusbusiness-3\/\" rel=\"attachment wp-att-17372\"><img loading=\"lazy\" decoding=\"async\" src=\"https:\/\/info.imobiliare.ro\/wp-content\/uploads\/2012\/02\/afipalaceplusbusiness-300x200.jpg\" alt=\"\" title=\"afipalaceplusbusiness\" width=\"300\" height=\"200\" class=\"alignleft size-medium wp-image-17372\" srcset=\"https:\/\/www.imobiliare.ro\/imoexpert\/wp-content\/uploads\/2012\/02\/afipalaceplusbusiness-300x200.jpg 300w, https:\/\/www.imobiliare.ro\/imoexpert\/wp-content\/uploads\/2012\/02\/afipalaceplusbusiness-1024x683.jpg 1024w, https:\/\/www.imobiliare.ro\/imoexpert\/wp-content\/uploads\/2012\/02\/afipalaceplusbusiness-768x512.jpg 768w, https:\/\/www.imobiliare.ro\/imoexpert\/wp-content\/uploads\/2012\/02\/afipalaceplusbusiness-1536x1024.jpg 1536w, https:\/\/www.imobiliare.ro\/imoexpert\/wp-content\/uploads\/2012\/02\/afipalaceplusbusiness-2048x1365.jpg 2048w, https:\/\/www.imobiliare.ro\/imoexpert\/wp-content\/uploads\/2012\/02\/afipalaceplusbusiness-87x57.jpg 87w, https:\/\/www.imobiliare.ro\/imoexpert\/wp-content\/uploads\/2012\/02\/afipalaceplusbusiness-65x43.jpg 65w\" sizes=\"auto, (max-width: 300px) 100vw, 300px\" \/><\/a><strong>Fondurile vor fi folosite pentru finalizarea lucr\u0103rilor la o cl\u0103dire a c\u0103rei construc\u0163ie a \u00eenceput \u00een vara acestui an.<\/strong><\/p>\n<p>Reprezentan\u0163ii AFI Europe (compania dezvoltatoare a AFI Palace Cotroceni) a anun\u0163at semnarea unui contract de finan\u0163are \u00een valoare de 13,4 milioane de euro cu UniCredit Bank Austria. Creditul va fi folosit pentru dezvoltarea primei cl\u0103diri de <a class=\"article-body-links\"href=\"https:\/\/www.imobiliare.ro\/inchirieri-birouri\/bucuresti\">birouri<\/a> din cadrul AFI Business Park Cotroceni, a c\u0103rei construc\u0163ie a \u00eenceput \u00een vara acestui an. \u201eTranzac\u0163ia confirm\u0103 colaborarea fructuoas\u0103 \u015fi de lung\u0103 durat\u0103 pe care o avem cu AFI Group, colaborare ce va continua \u015fi pe viitor. Vedem \u00een AFI Europe un partener de \u00eencredere. Suntem convin\u015fi c\u0103 proiectul de birouri va fi unul de succes \u015fi vom avea din nou ocazia de a coopera \u00een ceea ce prive\u015fte finan\u0163area urm\u0103toarelor etape din dezvoltarea AFI Business Park Cotroceni din Bucure\u015fti\u201d, subliniaz\u0103 Anton Hoeller, director al departamentului International Real Estate Finance din cadrul UniCredit Bank Austria.<\/p>\n<p>Amplasat chiar l\u00e2ng\u0103 centrul comercial AFI Palace Cotroceni, complexul de <a class=\"article-body-links\"href=\"https:\/\/www.imobiliare.ro\/inchirieri-birouri\/bucuresti\">birouri <\/a>Afi Business Park Cotroceni va fi compus din cinci cl\u0103diri de clasa A, ce vor \u00eensuma o suprafa\u0163\u0103 \u00eenchiriabil\u0103 de 70.000 de metri p\u0103tra\u0163i. Primul corp va dispune de un spa\u0163iu destinat \u00eenchirierii de aproximativ 11.000 de metri p\u0103tra\u0163i, distribuit pe zece etaje.<\/p>\n","protected":false},"excerpt":{"rendered":"<p>Fondurile vor fi folosite pentru finalizarea lucr\u0103rilor la o cl\u0103dire a c\u0103rei construc\u0163ie a \u00eenceput \u00een vara acestui an. Reprezentan\u0163ii AFI Europe (compania dezvoltatoare a AFI Palace Cotroceni) a anun\u0163at semnarea unui contract de finan\u0163are \u00een valoare de 13,4 milioane de euro cu UniCredit Bank Austria. Creditul va fi folosit pentru dezvoltarea primei cl\u0103diri de [&hellip;]<\/p>\n","protected":false},"author":829,"featured_media":17372,"comment_status":"open","ping_status":"open","sticky":false,"template":"","format":"standard","meta":{"footnotes":""},"categories":[259],"tags":[370],"content_author":[],"class_list":["post-17371","post","type-post","status-publish","format-standard","has-post-thumbnail","hentry","category-stiri","tag-birouri"],"yoast_head":"<!-- This site is optimized with the Yoast SEO Premium plugin v27.0 (Yoast SEO v27.0) - https:\/\/yoast.com\/product\/yoast-seo-premium-wordpress\/ -->\n<title>Pentru ce mai dau b\u0103ncile finan\u0163\u0103ri: AFI Europe a luat un credit pentru un proiect \u00een Bucure\u015fti - \u0218tiri - ImoExpert<\/title>\n<meta name=\"description\" content=\"Fondurile vor fi folosite pentru finalizarea lucr\u0103rilor la o cl\u0103dire a c\u0103rei construc\u0163ie a \u00eenceput \u00een vara acestui an. Reprezentan\u0163ii AFI Europe (compania\" \/>\n<meta name=\"robots\" content=\"index, follow\" \/>\n<link rel=\"canonical\" href=\"https:\/\/www.imobiliare.ro\/imoexpert\/pentru-ce-mai-dau-bancile-finantari-afi-europe-a-luat-un-credit-pentru-un-proiect-in-bucuresti_db\/\" \/>\n<meta property=\"og:locale\" content=\"ro_RO\" \/>\n<meta property=\"og:type\" content=\"article\" \/>\n<meta property=\"og:title\" content=\"Pentru ce mai dau b\u0103ncile finan\u0163\u0103ri: AFI Europe a luat un credit pentru un proiect \u00een Bucure\u015fti\" \/>\n<meta property=\"og:description\" content=\"Fondurile vor fi folosite pentru finalizarea lucr\u0103rilor la o cl\u0103dire a c\u0103rei construc\u0163ie a \u00eenceput \u00een vara acestui an. Reprezentan\u0163ii AFI Europe (compania\" \/>\n<meta property=\"og:url\" content=\"https:\/\/www.imobiliare.ro\/imoexpert\/pentru-ce-mai-dau-bancile-finantari-afi-europe-a-luat-un-credit-pentru-un-proiect-in-bucuresti_db\/\" \/>\n<meta property=\"og:site_name\" content=\"ImoExpert\" \/>\n<meta property=\"article:published_time\" content=\"2012-02-07T12:46:07+00:00\" \/>\n<meta property=\"og:image\" content=\"https:\/\/www.imobiliare.ro\/imoexpert\/wp-content\/uploads\/2012\/02\/afipalaceplusbusiness-scaled.jpg\" \/>\n\t<meta property=\"og:image:width\" content=\"2560\" \/>\n\t<meta property=\"og:image:height\" content=\"1707\" \/>\n\t<meta property=\"og:image:type\" content=\"image\/jpeg\" \/>\n<meta name=\"author\" content=\"Adriana Dr\u0103gu\u0219in\" \/>\n<meta name=\"twitter:card\" content=\"summary_large_image\" \/>\n<meta name=\"twitter:label1\" content=\"Written by\" \/>\n\t<meta name=\"twitter:data1\" content=\"Adriana Dr\u0103gu\u0219in\" \/>\n\t<meta name=\"twitter:label2\" content=\"Est. reading time\" \/>\n\t<meta name=\"twitter:data2\" content=\"1 minut\" \/>\n<script type=\"application\/ld+json\" class=\"yoast-schema-graph\">{\"@context\":\"https:\/\/schema.org\",\"@graph\":[{\"@type\":\"Article\",\"@id\":\"https:\/\/www.imobiliare.ro\/imoexpert\/pentru-ce-mai-dau-bancile-finantari-afi-europe-a-luat-un-credit-pentru-un-proiect-in-bucuresti_db\/#article\",\"isPartOf\":{\"@id\":\"https:\/\/www.imobiliare.ro\/imoexpert\/pentru-ce-mai-dau-bancile-finantari-afi-europe-a-luat-un-credit-pentru-un-proiect-in-bucuresti_db\/\"},\"author\":{\"name\":\"Adriana Dr\u0103gu\u0219in\",\"@id\":\"https:\/\/www.imobiliare.ro\/imoexpert\/#\/schema\/person\/8c13b0297075010b896471fabf0d7790\"},\"headline\":\"Pentru ce mai dau b\u0103ncile finan\u0163\u0103ri: AFI Europe a luat un credit pentru un proiect \u00een Bucure\u015fti\",\"datePublished\":\"2012-02-07T12:46:07+00:00\",\"mainEntityOfPage\":{\"@id\":\"https:\/\/www.imobiliare.ro\/imoexpert\/pentru-ce-mai-dau-bancile-finantari-afi-europe-a-luat-un-credit-pentru-un-proiect-in-bucuresti_db\/\"},\"wordCount\":245,\"commentCount\":0,\"publisher\":{\"@id\":\"https:\/\/www.imobiliare.ro\/imoexpert\/#organization\"},\"image\":{\"@id\":\"https:\/\/www.imobiliare.ro\/imoexpert\/pentru-ce-mai-dau-bancile-finantari-afi-europe-a-luat-un-credit-pentru-un-proiect-in-bucuresti_db\/#primaryimage\"},\"thumbnailUrl\":\"https:\/\/www.imobiliare.ro\/imoexpert\/wp-content\/uploads\/2012\/02\/afipalaceplusbusiness-scaled.jpg\",\"keywords\":[\"birouri\"],\"articleSection\":[\"\u0218tiri\"],\"inLanguage\":\"en\",\"potentialAction\":[{\"@type\":\"CommentAction\",\"name\":\"Comment\",\"target\":[\"https:\/\/www.imobiliare.ro\/imoexpert\/pentru-ce-mai-dau-bancile-finantari-afi-europe-a-luat-un-credit-pentru-un-proiect-in-bucuresti_db\/#respond\"]}],\"copyrightYear\":\"2012\",\"copyrightHolder\":{\"@id\":\"https:\/\/www.imobiliare.ro\/imoexpert\/#organization\"}},{\"@type\":\"WebPage\",\"@id\":\"https:\/\/www.imobiliare.ro\/imoexpert\/pentru-ce-mai-dau-bancile-finantari-afi-europe-a-luat-un-credit-pentru-un-proiect-in-bucuresti_db\/\",\"url\":\"https:\/\/www.imobiliare.ro\/imoexpert\/pentru-ce-mai-dau-bancile-finantari-afi-europe-a-luat-un-credit-pentru-un-proiect-in-bucuresti_db\/\",\"name\":\"Pentru ce mai dau b\u0103ncile finan\u0163\u0103ri: AFI Europe a luat un credit pentru un proiect \u00een Bucure\u015fti - \u0218tiri - ImoExpert\",\"isPartOf\":{\"@id\":\"https:\/\/www.imobiliare.ro\/imoexpert\/#website\"},\"primaryImageOfPage\":{\"@id\":\"https:\/\/www.imobiliare.ro\/imoexpert\/pentru-ce-mai-dau-bancile-finantari-afi-europe-a-luat-un-credit-pentru-un-proiect-in-bucuresti_db\/#primaryimage\"},\"image\":{\"@id\":\"https:\/\/www.imobiliare.ro\/imoexpert\/pentru-ce-mai-dau-bancile-finantari-afi-europe-a-luat-un-credit-pentru-un-proiect-in-bucuresti_db\/#primaryimage\"},\"thumbnailUrl\":\"https:\/\/www.imobiliare.ro\/imoexpert\/wp-content\/uploads\/2012\/02\/afipalaceplusbusiness-scaled.jpg\",\"datePublished\":\"2012-02-07T12:46:07+00:00\",\"description\":\"Fondurile vor fi folosite pentru finalizarea lucr\u0103rilor la o cl\u0103dire a c\u0103rei construc\u0163ie a \u00eenceput \u00een vara acestui an. Reprezentan\u0163ii AFI Europe (compania\",\"breadcrumb\":{\"@id\":\"https:\/\/www.imobiliare.ro\/imoexpert\/pentru-ce-mai-dau-bancile-finantari-afi-europe-a-luat-un-credit-pentru-un-proiect-in-bucuresti_db\/#breadcrumb\"},\"inLanguage\":\"en\",\"potentialAction\":[{\"@type\":\"ReadAction\",\"target\":[\"https:\/\/www.imobiliare.ro\/imoexpert\/pentru-ce-mai-dau-bancile-finantari-afi-europe-a-luat-un-credit-pentru-un-proiect-in-bucuresti_db\/\"]}]},{\"@type\":\"ImageObject\",\"inLanguage\":\"en\",\"@id\":\"https:\/\/www.imobiliare.ro\/imoexpert\/pentru-ce-mai-dau-bancile-finantari-afi-europe-a-luat-un-credit-pentru-un-proiect-in-bucuresti_db\/#primaryimage\",\"url\":\"https:\/\/www.imobiliare.ro\/imoexpert\/wp-content\/uploads\/2012\/02\/afipalaceplusbusiness-scaled.jpg\",\"contentUrl\":\"https:\/\/www.imobiliare.ro\/imoexpert\/wp-content\/uploads\/2012\/02\/afipalaceplusbusiness-scaled.jpg\",\"width\":2560,\"height\":1707},{\"@type\":\"BreadcrumbList\",\"@id\":\"https:\/\/www.imobiliare.ro\/imoexpert\/pentru-ce-mai-dau-bancile-finantari-afi-europe-a-luat-un-credit-pentru-un-proiect-in-bucuresti_db\/#breadcrumb\",\"itemListElement\":[{\"@type\":\"ListItem\",\"position\":1,\"name\":\"Imoradar24\",\"item\":\"https:\/\/www.imoradar24.ro\"},{\"@type\":\"ListItem\",\"position\":2,\"name\":\"ImoExpert\",\"item\":\"https:\/\/www.imobiliare.ro\/imoexpert\/\"},{\"@type\":\"ListItem\",\"position\":3,\"name\":\"\u0218tiri\",\"item\":\"https:\/\/www.imobiliare.ro\/imoexpert\/stiri\/\"},{\"@type\":\"ListItem\",\"position\":4,\"name\":\"Pentru ce mai dau b\u0103ncile finan\u0163\u0103ri: AFI Europe a luat un credit pentru un proiect \u00een Bucure\u015fti\"}]},{\"@type\":\"WebSite\",\"@id\":\"https:\/\/www.imobiliare.ro\/imoexpert\/#website\",\"url\":\"https:\/\/www.imobiliare.ro\/imoexpert\/\",\"name\":\"ImoExpert\",\"description\":\"cele mai importante \u015ftiri din domeniul imobiliar\",\"publisher\":{\"@id\":\"https:\/\/www.imobiliare.ro\/imoexpert\/#organization\"},\"inLanguage\":\"en\"},{\"@type\":\"Organization\",\"@id\":\"https:\/\/www.imobiliare.ro\/imoexpert\/#organization\",\"name\":\"Imobiliare.ro\",\"alternateName\":\"Realmedia Network SA\",\"url\":\"https:\/\/www.imobiliare.ro\/imoexpert\/\",\"logo\":{\"@type\":\"ImageObject\",\"inLanguage\":\"en\",\"@id\":\"https:\/\/www.imobiliare.ro\/imoexpert\/#\/schema\/logo\/image\/\",\"url\":\"https:\/\/www.imobiliare.ro\/imoexpert\/wp-content\/uploads\/2025\/05\/imobiliare_logo.png\",\"contentUrl\":\"https:\/\/www.imobiliare.ro\/imoexpert\/wp-content\/uploads\/2025\/05\/imobiliare_logo.png\",\"width\":237,\"height\":29,\"caption\":\"Imobiliare.ro\"},\"image\":{\"@id\":\"https:\/\/www.imobiliare.ro\/imoexpert\/#\/schema\/logo\/image\/\"}},{\"@type\":\"Person\",\"@id\":\"https:\/\/www.imobiliare.ro\/imoexpert\/#\/schema\/person\/8c13b0297075010b896471fabf0d7790\",\"name\":\"Adriana Dr\u0103gu\u0219in\",\"image\":{\"@type\":\"ImageObject\",\"inLanguage\":\"en\",\"@id\":\"https:\/\/www.imobiliare.ro\/imoexpert\/#\/schema\/person\/image\/\",\"url\":\"https:\/\/secure.gravatar.com\/avatar\/ba4762f7517e50e679ed7f11207102d1150120f2f5800c0da98f8a15305bf514?s=96&d=mm&r=g\",\"contentUrl\":\"https:\/\/secure.gravatar.com\/avatar\/ba4762f7517e50e679ed7f11207102d1150120f2f5800c0da98f8a15305bf514?s=96&d=mm&r=g\",\"caption\":\"Adriana Dr\u0103gu\u0219in\"},\"jobTitle\":\"Editor\",\"url\":\"https:\/\/www.imobiliare.ro\/imoexpert\/author\/adriana-dragusin\/\"}]}<\/script>\n<!-- \/ Yoast SEO Premium plugin. -->","yoast_head_json":{"title":"Pentru ce mai dau b\u0103ncile finan\u0163\u0103ri: AFI Europe a luat un credit pentru un proiect \u00een Bucure\u015fti - \u0218tiri - ImoExpert","description":"Fondurile vor fi folosite pentru finalizarea lucr\u0103rilor la o cl\u0103dire a c\u0103rei construc\u0163ie a \u00eenceput \u00een vara acestui an. Reprezentan\u0163ii AFI Europe (compania","robots":{"index":"index","follow":"follow"},"canonical":"https:\/\/www.imobiliare.ro\/imoexpert\/pentru-ce-mai-dau-bancile-finantari-afi-europe-a-luat-un-credit-pentru-un-proiect-in-bucuresti_db\/","og_locale":"ro_RO","og_type":"article","og_title":"Pentru ce mai dau b\u0103ncile finan\u0163\u0103ri: AFI Europe a luat un credit pentru un proiect \u00een Bucure\u015fti","og_description":"Fondurile vor fi folosite pentru finalizarea lucr\u0103rilor la o cl\u0103dire a c\u0103rei construc\u0163ie a \u00eenceput \u00een vara acestui an. Reprezentan\u0163ii AFI Europe (compania","og_url":"https:\/\/www.imobiliare.ro\/imoexpert\/pentru-ce-mai-dau-bancile-finantari-afi-europe-a-luat-un-credit-pentru-un-proiect-in-bucuresti_db\/","og_site_name":"ImoExpert","article_published_time":"2012-02-07T12:46:07+00:00","og_image":[{"width":2560,"height":1707,"url":"https:\/\/www.imobiliare.ro\/imoexpert\/wp-content\/uploads\/2012\/02\/afipalaceplusbusiness-scaled.jpg","type":"image\/jpeg"}],"author":"Adriana Dr\u0103gu\u0219in","twitter_card":"summary_large_image","twitter_misc":{"Written by":"Adriana Dr\u0103gu\u0219in","Est. reading time":"1 minut"},"schema":{"@context":"https:\/\/schema.org","@graph":[{"@type":"Article","@id":"https:\/\/www.imobiliare.ro\/imoexpert\/pentru-ce-mai-dau-bancile-finantari-afi-europe-a-luat-un-credit-pentru-un-proiect-in-bucuresti_db\/#article","isPartOf":{"@id":"https:\/\/www.imobiliare.ro\/imoexpert\/pentru-ce-mai-dau-bancile-finantari-afi-europe-a-luat-un-credit-pentru-un-proiect-in-bucuresti_db\/"},"author":{"name":"Adriana Dr\u0103gu\u0219in","@id":"https:\/\/www.imobiliare.ro\/imoexpert\/#\/schema\/person\/8c13b0297075010b896471fabf0d7790"},"headline":"Pentru ce mai dau b\u0103ncile finan\u0163\u0103ri: AFI Europe a luat un credit pentru un proiect \u00een Bucure\u015fti","datePublished":"2012-02-07T12:46:07+00:00","mainEntityOfPage":{"@id":"https:\/\/www.imobiliare.ro\/imoexpert\/pentru-ce-mai-dau-bancile-finantari-afi-europe-a-luat-un-credit-pentru-un-proiect-in-bucuresti_db\/"},"wordCount":245,"commentCount":0,"publisher":{"@id":"https:\/\/www.imobiliare.ro\/imoexpert\/#organization"},"image":{"@id":"https:\/\/www.imobiliare.ro\/imoexpert\/pentru-ce-mai-dau-bancile-finantari-afi-europe-a-luat-un-credit-pentru-un-proiect-in-bucuresti_db\/#primaryimage"},"thumbnailUrl":"https:\/\/www.imobiliare.ro\/imoexpert\/wp-content\/uploads\/2012\/02\/afipalaceplusbusiness-scaled.jpg","keywords":["birouri"],"articleSection":["\u0218tiri"],"inLanguage":"en","potentialAction":[{"@type":"CommentAction","name":"Comment","target":["https:\/\/www.imobiliare.ro\/imoexpert\/pentru-ce-mai-dau-bancile-finantari-afi-europe-a-luat-un-credit-pentru-un-proiect-in-bucuresti_db\/#respond"]}],"copyrightYear":"2012","copyrightHolder":{"@id":"https:\/\/www.imobiliare.ro\/imoexpert\/#organization"}},{"@type":"WebPage","@id":"https:\/\/www.imobiliare.ro\/imoexpert\/pentru-ce-mai-dau-bancile-finantari-afi-europe-a-luat-un-credit-pentru-un-proiect-in-bucuresti_db\/","url":"https:\/\/www.imobiliare.ro\/imoexpert\/pentru-ce-mai-dau-bancile-finantari-afi-europe-a-luat-un-credit-pentru-un-proiect-in-bucuresti_db\/","name":"Pentru ce mai dau b\u0103ncile finan\u0163\u0103ri: AFI Europe a luat un credit pentru un proiect \u00een Bucure\u015fti - \u0218tiri - ImoExpert","isPartOf":{"@id":"https:\/\/www.imobiliare.ro\/imoexpert\/#website"},"primaryImageOfPage":{"@id":"https:\/\/www.imobiliare.ro\/imoexpert\/pentru-ce-mai-dau-bancile-finantari-afi-europe-a-luat-un-credit-pentru-un-proiect-in-bucuresti_db\/#primaryimage"},"image":{"@id":"https:\/\/www.imobiliare.ro\/imoexpert\/pentru-ce-mai-dau-bancile-finantari-afi-europe-a-luat-un-credit-pentru-un-proiect-in-bucuresti_db\/#primaryimage"},"thumbnailUrl":"https:\/\/www.imobiliare.ro\/imoexpert\/wp-content\/uploads\/2012\/02\/afipalaceplusbusiness-scaled.jpg","datePublished":"2012-02-07T12:46:07+00:00","description":"Fondurile vor fi folosite pentru finalizarea lucr\u0103rilor la o cl\u0103dire a c\u0103rei construc\u0163ie a \u00eenceput \u00een vara acestui an. Reprezentan\u0163ii AFI Europe (compania","breadcrumb":{"@id":"https:\/\/www.imobiliare.ro\/imoexpert\/pentru-ce-mai-dau-bancile-finantari-afi-europe-a-luat-un-credit-pentru-un-proiect-in-bucuresti_db\/#breadcrumb"},"inLanguage":"en","potentialAction":[{"@type":"ReadAction","target":["https:\/\/www.imobiliare.ro\/imoexpert\/pentru-ce-mai-dau-bancile-finantari-afi-europe-a-luat-un-credit-pentru-un-proiect-in-bucuresti_db\/"]}]},{"@type":"ImageObject","inLanguage":"en","@id":"https:\/\/www.imobiliare.ro\/imoexpert\/pentru-ce-mai-dau-bancile-finantari-afi-europe-a-luat-un-credit-pentru-un-proiect-in-bucuresti_db\/#primaryimage","url":"https:\/\/www.imobiliare.ro\/imoexpert\/wp-content\/uploads\/2012\/02\/afipalaceplusbusiness-scaled.jpg","contentUrl":"https:\/\/www.imobiliare.ro\/imoexpert\/wp-content\/uploads\/2012\/02\/afipalaceplusbusiness-scaled.jpg","width":2560,"height":1707},{"@type":"BreadcrumbList","@id":"https:\/\/www.imobiliare.ro\/imoexpert\/pentru-ce-mai-dau-bancile-finantari-afi-europe-a-luat-un-credit-pentru-un-proiect-in-bucuresti_db\/#breadcrumb","itemListElement":[{"@type":"ListItem","position":1,"name":"Imoradar24","item":"https:\/\/www.imoradar24.ro"},{"@type":"ListItem","position":2,"name":"ImoExpert","item":"https:\/\/www.imobiliare.ro\/imoexpert\/"},{"@type":"ListItem","position":3,"name":"\u0218tiri","item":"https:\/\/www.imobiliare.ro\/imoexpert\/stiri\/"},{"@type":"ListItem","position":4,"name":"Pentru ce mai dau b\u0103ncile finan\u0163\u0103ri: AFI Europe a luat un credit pentru un proiect \u00een Bucure\u015fti"}]},{"@type":"WebSite","@id":"https:\/\/www.imobiliare.ro\/imoexpert\/#website","url":"https:\/\/www.imobiliare.ro\/imoexpert\/","name":"ImoExpert","description":"cele mai importante \u015ftiri din domeniul imobiliar","publisher":{"@id":"https:\/\/www.imobiliare.ro\/imoexpert\/#organization"},"inLanguage":"en"},{"@type":"Organization","@id":"https:\/\/www.imobiliare.ro\/imoexpert\/#organization","name":"Imobiliare.ro","alternateName":"Realmedia Network SA","url":"https:\/\/www.imobiliare.ro\/imoexpert\/","logo":{"@type":"ImageObject","inLanguage":"en","@id":"https:\/\/www.imobiliare.ro\/imoexpert\/#\/schema\/logo\/image\/","url":"https:\/\/www.imobiliare.ro\/imoexpert\/wp-content\/uploads\/2025\/05\/imobiliare_logo.png","contentUrl":"https:\/\/www.imobiliare.ro\/imoexpert\/wp-content\/uploads\/2025\/05\/imobiliare_logo.png","width":237,"height":29,"caption":"Imobiliare.ro"},"image":{"@id":"https:\/\/www.imobiliare.ro\/imoexpert\/#\/schema\/logo\/image\/"}},{"@type":"Person","@id":"https:\/\/www.imobiliare.ro\/imoexpert\/#\/schema\/person\/8c13b0297075010b896471fabf0d7790","name":"Adriana Dr\u0103gu\u0219in","image":{"@type":"ImageObject","inLanguage":"en","@id":"https:\/\/www.imobiliare.ro\/imoexpert\/#\/schema\/person\/image\/","url":"https:\/\/secure.gravatar.com\/avatar\/ba4762f7517e50e679ed7f11207102d1150120f2f5800c0da98f8a15305bf514?s=96&d=mm&r=g","contentUrl":"https:\/\/secure.gravatar.com\/avatar\/ba4762f7517e50e679ed7f11207102d1150120f2f5800c0da98f8a15305bf514?s=96&d=mm&r=g","caption":"Adriana Dr\u0103gu\u0219in"},"jobTitle":"Editor","url":"https:\/\/www.imobiliare.ro\/imoexpert\/author\/adriana-dragusin\/"}]}},"_links":{"self":[{"href":"https:\/\/www.imobiliare.ro\/imoexpert\/wp-json\/wp\/v2\/posts\/17371","targetHints":{"allow":["GET"]}}],"collection":[{"href":"https:\/\/www.imobiliare.ro\/imoexpert\/wp-json\/wp\/v2\/posts"}],"about":[{"href":"https:\/\/www.imobiliare.ro\/imoexpert\/wp-json\/wp\/v2\/types\/post"}],"author":[{"embeddable":true,"href":"https:\/\/www.imobiliare.ro\/imoexpert\/wp-json\/wp\/v2\/users\/829"}],"replies":[{"embeddable":true,"href":"https:\/\/www.imobiliare.ro\/imoexpert\/wp-json\/wp\/v2\/comments?post=17371"}],"version-history":[{"count":0,"href":"https:\/\/www.imobiliare.ro\/imoexpert\/wp-json\/wp\/v2\/posts\/17371\/revisions"}],"wp:featuredmedia":[{"embeddable":true,"href":"https:\/\/www.imobiliare.ro\/imoexpert\/wp-json\/wp\/v2\/media\/17372"}],"wp:attachment":[{"href":"https:\/\/www.imobiliare.ro\/imoexpert\/wp-json\/wp\/v2\/media?parent=17371"}],"wp:term":[{"taxonomy":"category","embeddable":true,"href":"https:\/\/www.imobiliare.ro\/imoexpert\/wp-json\/wp\/v2\/categories?post=17371"},{"taxonomy":"post_tag","embeddable":true,"href":"https:\/\/www.imobiliare.ro\/imoexpert\/wp-json\/wp\/v2\/tags?post=17371"},{"taxonomy":"content_author","embeddable":true,"href":"https:\/\/www.imobiliare.ro\/imoexpert\/wp-json\/wp\/v2\/content_author?post=17371"}],"curies":[{"name":"wp","href":"https:\/\/api.w.org\/{rel}","templated":true}]}}