{"id":17420,"date":"2012-02-09T15:46:59","date_gmt":"2012-02-09T13:46:59","guid":{"rendered":"https:\/\/www.imobiliare.ro\/?p=17420_db\/"},"modified":"2012-02-09T15:46:59","modified_gmt":"2012-02-09T13:46:59","slug":"un-lant-de-hipermarketuri-vrea-sa-intre-pe-segmentul-centrelor-comerciale-unde-va-deschide-primele-proiecte","status":"publish","type":"post","link":"https:\/\/www.imobiliare.ro\/imoexpert\/un-lant-de-hipermarketuri-vrea-sa-intre-pe-segmentul-centrelor-comerciale-unde-va-deschide-primele-proiecte_db\/","title":{"rendered":"Un lan\u0163 de hipermarketuri vrea s\u0103 intre pe segmentul centrelor comerciale. Unde va deschide primele proiecte"},"content":{"rendered":"<p><a class=\"article-body-links\"href=\"https:\/\/www.imobiliare.ro\/spatii-comerciale\/un-lant-de-hipermarketuri-vrea-sa-intre-pe-segmentul-centrelor-comerciale-unde-va-deschide-primele-proiecte_db\/httpwww-dreamstime-com-image22535359\/\" rel=\"attachment wp-att-17421\"><img loading=\"lazy\" decoding=\"async\" src=\"https:\/\/info.imobiliare.ro\/wp-content\/uploads\/2012\/02\/hipermarketauchan-300x198.jpg\" alt=\"\" title=\"http:\/\/www.dreamstime.com\/-image22535359\" width=\"300\" height=\"198\" class=\"alignleft size-medium wp-image-17421\" \/><\/a><strong>\u201eMirajul\u201d mallurilor de pe pia\u0163a local\u0103 \u00eei atrage \u015fi pe operatorii interna\u0163ionali de mari magazine alimentare.<\/strong> <\/p>\n<p>Reprezentan\u0163ii grupului francez de retail Auchan au anun\u0163at \u00eenfiin\u0163area unei filiale imobiliare \u00een Rom\u00e2nia, ce va fi subordonat\u0103 diviziei interna\u0163ionale Immochan. Prin intermediul noii sucursale, compania inten\u0163ioneaz\u0103 s\u0103 dezvolte \u00een perioada 2012-2013 dou\u0103 centre comerciale, ambele amplasate \u00een Bucure\u015fti. \u201e\u00cen Bucure\u015fti, \u00een cartierul Giule\u015fti, unde Auchan va deschide primul hipermarket Auchan City, cu o suprafa\u0163\u0103 de v\u00e2nzare de 5.000 de metri p\u0103tra\u0163i, Immochan \u00ee\u015fi asociaz\u0103 competen\u0163a \u015fi resursele, construind o <a class=\"article-body-links\"href=\"https:\/\/www.imobiliare.ro\/inchirieri-spatii-comerciale\/bucuresti\">galerie comercial\u0103 <\/a>de 2.050 de metri p\u0103tra\u0163i GLA (suprafa\u0163\u0103 \u00eenchiriabil\u0103, n.red.). \u00cen cartierul Ghencea este prev\u0103zut un centru comercial format dintr-o galerie cu circa 100 de magazine \u015fi un hipermarket Auchan de 11.200 de metri p\u0103tra\u0163i\u201d, se arat\u0103 \u00eentr-un comunicat transmis de companie.<\/p>\n<p><strong>Mai mult dec\u00e2t simple destina\u0163ii de cump\u0103r\u0103turi<\/strong><br \/>\n\u00cen func\u0163ia de director imobiliar pe Rom\u00e2nia al Immochan a fost numit Tatian Diaconu, rom\u00e2nul care a contribuit la lansarea Decathlon \u00een Romania \u015fi s-a ocupat de asemenea de expansiunea Bricostore \u00een Europa Central\u0103 \u015fi de Est (\u00een Ungaria, Rom\u00e2nia \u015fi Croa\u0163ia). \u201eSegmentul comercial al pie\u0163ei imobiliare din Rom\u00e2nia este \u00een plin\u0103 transformare, \u00een concordan\u0163\u0103 cu evolu\u0163ia continu\u0103 a Rom\u00e2niei, \u00eentr-un context economic complex, cu clien\u0163i pasiona\u0163i de shopping \u015fi exigen\u0163i. Immochan va propune partenerilor comerciali \u015fi clien\u0163ilor ce ne vor vizita centrele comerciale mai mult dec\u00e2t un loc destinat comer\u0163ului. Dorin\u0163a noastr\u0103 este s\u0103 cre\u0103m un spa\u0163iu armonios, un loc de petrecere a timpului \u00een mod agreabil, un loc de comunicare\u201d, noteaz\u0103 Diaconu.<\/p>\n<p>Grupul Auchan este prezent pe pia\u0163a local\u0103 de retail din 2006, c\u00e2nd a fost deschis primul hipermarket, \u00een cartierul Titan din Capital\u0103. \u00cen prezent, lan\u0163ul francez de\u0163ine nou\u0103 magazine la nivel na\u0163ional, dintre care dou\u0103 \u00een Bucure\u015fti (al doilea \u00een cartierul Militari). <\/p>\n","protected":false},"excerpt":{"rendered":"<p>\u201eMirajul\u201d mallurilor de pe pia\u0163a local\u0103 \u00eei atrage \u015fi pe operatorii interna\u0163ionali de mari magazine alimentare. Reprezentan\u0163ii grupului francez de retail Auchan au anun\u0163at \u00eenfiin\u0163area unei filiale imobiliare \u00een Rom\u00e2nia, ce va fi subordonat\u0103 diviziei interna\u0163ionale Immochan. Prin intermediul noii sucursale, compania inten\u0163ioneaz\u0103 s\u0103 dezvolte \u00een perioada 2012-2013 dou\u0103 centre comerciale, ambele amplasate \u00een Bucure\u015fti. [&hellip;]<\/p>\n","protected":false},"author":829,"featured_media":17421,"comment_status":"open","ping_status":"open","sticky":false,"template":"","format":"standard","meta":{"footnotes":""},"categories":[259],"tags":[384],"content_author":[],"class_list":["post-17420","post","type-post","status-publish","format-standard","has-post-thumbnail","hentry","category-stiri","tag-spatii-comerciale"],"yoast_head":"<!-- This site is optimized with the Yoast SEO Premium plugin v27.0 (Yoast SEO v27.0) - https:\/\/yoast.com\/product\/yoast-seo-premium-wordpress\/ -->\n<title>Un lan\u0163 de hipermarketuri vrea s\u0103 intre pe segmentul centrelor comerciale. Unde va deschide primele proiecte - \u0218tiri - ImoExpert<\/title>\n<meta name=\"description\" content=\"\u201eMirajul\u201d mallurilor de pe pia\u0163a local\u0103 \u00eei atrage \u015fi pe operatorii interna\u0163ionali de mari magazine alimentare. Reprezentan\u0163ii grupului francez de retail\" \/>\n<meta name=\"robots\" content=\"index, follow\" \/>\n<link rel=\"canonical\" href=\"https:\/\/www.imobiliare.ro\/imoexpert\/un-lant-de-hipermarketuri-vrea-sa-intre-pe-segmentul-centrelor-comerciale-unde-va-deschide-primele-proiecte_db\/\" \/>\n<meta property=\"og:locale\" content=\"ro_RO\" \/>\n<meta property=\"og:type\" content=\"article\" \/>\n<meta property=\"og:title\" content=\"Un lan\u0163 de hipermarketuri vrea s\u0103 intre pe segmentul centrelor comerciale. Unde va deschide primele proiecte\" \/>\n<meta property=\"og:description\" content=\"\u201eMirajul\u201d mallurilor de pe pia\u0163a local\u0103 \u00eei atrage \u015fi pe operatorii interna\u0163ionali de mari magazine alimentare. Reprezentan\u0163ii grupului francez de retail\" \/>\n<meta property=\"og:url\" content=\"https:\/\/www.imobiliare.ro\/imoexpert\/un-lant-de-hipermarketuri-vrea-sa-intre-pe-segmentul-centrelor-comerciale-unde-va-deschide-primele-proiecte_db\/\" \/>\n<meta property=\"og:site_name\" content=\"ImoExpert\" \/>\n<meta property=\"article:published_time\" content=\"2012-02-09T13:46:59+00:00\" \/>\n<meta property=\"og:image\" content=\"https:\/\/www.imobiliare.ro\/imoexpert\/wp-content\/uploads\/2012\/02\/hipermarketauchan.jpg\" \/>\n\t<meta property=\"og:image:width\" content=\"480\" \/>\n\t<meta property=\"og:image:height\" content=\"318\" \/>\n\t<meta property=\"og:image:type\" content=\"image\/jpeg\" \/>\n<meta name=\"author\" content=\"Adriana Dr\u0103gu\u0219in\" \/>\n<meta name=\"twitter:card\" content=\"summary_large_image\" \/>\n<meta name=\"twitter:label1\" content=\"Written by\" \/>\n\t<meta name=\"twitter:data1\" content=\"Adriana Dr\u0103gu\u0219in\" \/>\n\t<meta name=\"twitter:label2\" content=\"Est. reading time\" \/>\n\t<meta name=\"twitter:data2\" content=\"2 minute\" \/>\n<script type=\"application\/ld+json\" class=\"yoast-schema-graph\">{\"@context\":\"https:\/\/schema.org\",\"@graph\":[{\"@type\":\"Article\",\"@id\":\"https:\/\/www.imobiliare.ro\/imoexpert\/un-lant-de-hipermarketuri-vrea-sa-intre-pe-segmentul-centrelor-comerciale-unde-va-deschide-primele-proiecte_db\/#article\",\"isPartOf\":{\"@id\":\"https:\/\/www.imobiliare.ro\/imoexpert\/un-lant-de-hipermarketuri-vrea-sa-intre-pe-segmentul-centrelor-comerciale-unde-va-deschide-primele-proiecte_db\/\"},\"author\":{\"name\":\"Adriana Dr\u0103gu\u0219in\",\"@id\":\"https:\/\/www.imobiliare.ro\/imoexpert\/#\/schema\/person\/8c13b0297075010b896471fabf0d7790\"},\"headline\":\"Un lan\u0163 de hipermarketuri vrea s\u0103 intre pe segmentul centrelor comerciale. Unde va deschide primele proiecte\",\"datePublished\":\"2012-02-09T13:46:59+00:00\",\"mainEntityOfPage\":{\"@id\":\"https:\/\/www.imobiliare.ro\/imoexpert\/un-lant-de-hipermarketuri-vrea-sa-intre-pe-segmentul-centrelor-comerciale-unde-va-deschide-primele-proiecte_db\/\"},\"wordCount\":352,\"commentCount\":0,\"publisher\":{\"@id\":\"https:\/\/www.imobiliare.ro\/imoexpert\/#organization\"},\"image\":{\"@id\":\"https:\/\/www.imobiliare.ro\/imoexpert\/un-lant-de-hipermarketuri-vrea-sa-intre-pe-segmentul-centrelor-comerciale-unde-va-deschide-primele-proiecte_db\/#primaryimage\"},\"thumbnailUrl\":\"https:\/\/www.imobiliare.ro\/imoexpert\/wp-content\/uploads\/2012\/02\/hipermarketauchan.jpg\",\"keywords\":[\"spatii comerciale\"],\"articleSection\":[\"\u0218tiri\"],\"inLanguage\":\"en\",\"potentialAction\":[{\"@type\":\"CommentAction\",\"name\":\"Comment\",\"target\":[\"https:\/\/www.imobiliare.ro\/imoexpert\/un-lant-de-hipermarketuri-vrea-sa-intre-pe-segmentul-centrelor-comerciale-unde-va-deschide-primele-proiecte_db\/#respond\"]}],\"copyrightYear\":\"2012\",\"copyrightHolder\":{\"@id\":\"https:\/\/www.imobiliare.ro\/imoexpert\/#organization\"}},{\"@type\":\"WebPage\",\"@id\":\"https:\/\/www.imobiliare.ro\/imoexpert\/un-lant-de-hipermarketuri-vrea-sa-intre-pe-segmentul-centrelor-comerciale-unde-va-deschide-primele-proiecte_db\/\",\"url\":\"https:\/\/www.imobiliare.ro\/imoexpert\/un-lant-de-hipermarketuri-vrea-sa-intre-pe-segmentul-centrelor-comerciale-unde-va-deschide-primele-proiecte_db\/\",\"name\":\"Un lan\u0163 de hipermarketuri vrea s\u0103 intre pe segmentul centrelor comerciale. Unde va deschide primele proiecte - \u0218tiri - ImoExpert\",\"isPartOf\":{\"@id\":\"https:\/\/www.imobiliare.ro\/imoexpert\/#website\"},\"primaryImageOfPage\":{\"@id\":\"https:\/\/www.imobiliare.ro\/imoexpert\/un-lant-de-hipermarketuri-vrea-sa-intre-pe-segmentul-centrelor-comerciale-unde-va-deschide-primele-proiecte_db\/#primaryimage\"},\"image\":{\"@id\":\"https:\/\/www.imobiliare.ro\/imoexpert\/un-lant-de-hipermarketuri-vrea-sa-intre-pe-segmentul-centrelor-comerciale-unde-va-deschide-primele-proiecte_db\/#primaryimage\"},\"thumbnailUrl\":\"https:\/\/www.imobiliare.ro\/imoexpert\/wp-content\/uploads\/2012\/02\/hipermarketauchan.jpg\",\"datePublished\":\"2012-02-09T13:46:59+00:00\",\"description\":\"\u201eMirajul\u201d mallurilor de pe pia\u0163a local\u0103 \u00eei atrage \u015fi pe operatorii interna\u0163ionali de mari magazine alimentare. Reprezentan\u0163ii grupului francez de retail\",\"breadcrumb\":{\"@id\":\"https:\/\/www.imobiliare.ro\/imoexpert\/un-lant-de-hipermarketuri-vrea-sa-intre-pe-segmentul-centrelor-comerciale-unde-va-deschide-primele-proiecte_db\/#breadcrumb\"},\"inLanguage\":\"en\",\"potentialAction\":[{\"@type\":\"ReadAction\",\"target\":[\"https:\/\/www.imobiliare.ro\/imoexpert\/un-lant-de-hipermarketuri-vrea-sa-intre-pe-segmentul-centrelor-comerciale-unde-va-deschide-primele-proiecte_db\/\"]}]},{\"@type\":\"ImageObject\",\"inLanguage\":\"en\",\"@id\":\"https:\/\/www.imobiliare.ro\/imoexpert\/un-lant-de-hipermarketuri-vrea-sa-intre-pe-segmentul-centrelor-comerciale-unde-va-deschide-primele-proiecte_db\/#primaryimage\",\"url\":\"https:\/\/www.imobiliare.ro\/imoexpert\/wp-content\/uploads\/2012\/02\/hipermarketauchan.jpg\",\"contentUrl\":\"https:\/\/www.imobiliare.ro\/imoexpert\/wp-content\/uploads\/2012\/02\/hipermarketauchan.jpg\",\"width\":480,\"height\":318},{\"@type\":\"BreadcrumbList\",\"@id\":\"https:\/\/www.imobiliare.ro\/imoexpert\/un-lant-de-hipermarketuri-vrea-sa-intre-pe-segmentul-centrelor-comerciale-unde-va-deschide-primele-proiecte_db\/#breadcrumb\",\"itemListElement\":[{\"@type\":\"ListItem\",\"position\":1,\"name\":\"Imoradar24\",\"item\":\"https:\/\/www.imoradar24.ro\"},{\"@type\":\"ListItem\",\"position\":2,\"name\":\"ImoExpert\",\"item\":\"https:\/\/www.imobiliare.ro\/imoexpert\/\"},{\"@type\":\"ListItem\",\"position\":3,\"name\":\"\u0218tiri\",\"item\":\"https:\/\/www.imobiliare.ro\/imoexpert\/stiri\/\"},{\"@type\":\"ListItem\",\"position\":4,\"name\":\"Un lan\u0163 de hipermarketuri vrea s\u0103 intre pe segmentul centrelor comerciale. Unde va deschide primele proiecte\"}]},{\"@type\":\"WebSite\",\"@id\":\"https:\/\/www.imobiliare.ro\/imoexpert\/#website\",\"url\":\"https:\/\/www.imobiliare.ro\/imoexpert\/\",\"name\":\"ImoExpert\",\"description\":\"cele mai importante \u015ftiri din domeniul imobiliar\",\"publisher\":{\"@id\":\"https:\/\/www.imobiliare.ro\/imoexpert\/#organization\"},\"inLanguage\":\"en\"},{\"@type\":\"Organization\",\"@id\":\"https:\/\/www.imobiliare.ro\/imoexpert\/#organization\",\"name\":\"Imobiliare.ro\",\"alternateName\":\"Realmedia Network SA\",\"url\":\"https:\/\/www.imobiliare.ro\/imoexpert\/\",\"logo\":{\"@type\":\"ImageObject\",\"inLanguage\":\"en\",\"@id\":\"https:\/\/www.imobiliare.ro\/imoexpert\/#\/schema\/logo\/image\/\",\"url\":\"https:\/\/www.imobiliare.ro\/imoexpert\/wp-content\/uploads\/2025\/05\/imobiliare_logo.png\",\"contentUrl\":\"https:\/\/www.imobiliare.ro\/imoexpert\/wp-content\/uploads\/2025\/05\/imobiliare_logo.png\",\"width\":237,\"height\":29,\"caption\":\"Imobiliare.ro\"},\"image\":{\"@id\":\"https:\/\/www.imobiliare.ro\/imoexpert\/#\/schema\/logo\/image\/\"}},{\"@type\":\"Person\",\"@id\":\"https:\/\/www.imobiliare.ro\/imoexpert\/#\/schema\/person\/8c13b0297075010b896471fabf0d7790\",\"name\":\"Adriana Dr\u0103gu\u0219in\",\"image\":{\"@type\":\"ImageObject\",\"inLanguage\":\"en\",\"@id\":\"https:\/\/www.imobiliare.ro\/imoexpert\/#\/schema\/person\/image\/\",\"url\":\"https:\/\/secure.gravatar.com\/avatar\/ba4762f7517e50e679ed7f11207102d1150120f2f5800c0da98f8a15305bf514?s=96&d=mm&r=g\",\"contentUrl\":\"https:\/\/secure.gravatar.com\/avatar\/ba4762f7517e50e679ed7f11207102d1150120f2f5800c0da98f8a15305bf514?s=96&d=mm&r=g\",\"caption\":\"Adriana Dr\u0103gu\u0219in\"},\"jobTitle\":\"Editor\",\"url\":\"https:\/\/www.imobiliare.ro\/imoexpert\/author\/adriana-dragusin\/\"}]}<\/script>\n<!-- \/ Yoast SEO Premium plugin. -->","yoast_head_json":{"title":"Un lan\u0163 de hipermarketuri vrea s\u0103 intre pe segmentul centrelor comerciale. Unde va deschide primele proiecte - \u0218tiri - ImoExpert","description":"\u201eMirajul\u201d mallurilor de pe pia\u0163a local\u0103 \u00eei atrage \u015fi pe operatorii interna\u0163ionali de mari magazine alimentare. Reprezentan\u0163ii grupului francez de retail","robots":{"index":"index","follow":"follow"},"canonical":"https:\/\/www.imobiliare.ro\/imoexpert\/un-lant-de-hipermarketuri-vrea-sa-intre-pe-segmentul-centrelor-comerciale-unde-va-deschide-primele-proiecte_db\/","og_locale":"ro_RO","og_type":"article","og_title":"Un lan\u0163 de hipermarketuri vrea s\u0103 intre pe segmentul centrelor comerciale. Unde va deschide primele proiecte","og_description":"\u201eMirajul\u201d mallurilor de pe pia\u0163a local\u0103 \u00eei atrage \u015fi pe operatorii interna\u0163ionali de mari magazine alimentare. Reprezentan\u0163ii grupului francez de retail","og_url":"https:\/\/www.imobiliare.ro\/imoexpert\/un-lant-de-hipermarketuri-vrea-sa-intre-pe-segmentul-centrelor-comerciale-unde-va-deschide-primele-proiecte_db\/","og_site_name":"ImoExpert","article_published_time":"2012-02-09T13:46:59+00:00","og_image":[{"width":480,"height":318,"url":"https:\/\/www.imobiliare.ro\/imoexpert\/wp-content\/uploads\/2012\/02\/hipermarketauchan.jpg","type":"image\/jpeg"}],"author":"Adriana Dr\u0103gu\u0219in","twitter_card":"summary_large_image","twitter_misc":{"Written by":"Adriana Dr\u0103gu\u0219in","Est. reading time":"2 minute"},"schema":{"@context":"https:\/\/schema.org","@graph":[{"@type":"Article","@id":"https:\/\/www.imobiliare.ro\/imoexpert\/un-lant-de-hipermarketuri-vrea-sa-intre-pe-segmentul-centrelor-comerciale-unde-va-deschide-primele-proiecte_db\/#article","isPartOf":{"@id":"https:\/\/www.imobiliare.ro\/imoexpert\/un-lant-de-hipermarketuri-vrea-sa-intre-pe-segmentul-centrelor-comerciale-unde-va-deschide-primele-proiecte_db\/"},"author":{"name":"Adriana Dr\u0103gu\u0219in","@id":"https:\/\/www.imobiliare.ro\/imoexpert\/#\/schema\/person\/8c13b0297075010b896471fabf0d7790"},"headline":"Un lan\u0163 de hipermarketuri vrea s\u0103 intre pe segmentul centrelor comerciale. Unde va deschide primele proiecte","datePublished":"2012-02-09T13:46:59+00:00","mainEntityOfPage":{"@id":"https:\/\/www.imobiliare.ro\/imoexpert\/un-lant-de-hipermarketuri-vrea-sa-intre-pe-segmentul-centrelor-comerciale-unde-va-deschide-primele-proiecte_db\/"},"wordCount":352,"commentCount":0,"publisher":{"@id":"https:\/\/www.imobiliare.ro\/imoexpert\/#organization"},"image":{"@id":"https:\/\/www.imobiliare.ro\/imoexpert\/un-lant-de-hipermarketuri-vrea-sa-intre-pe-segmentul-centrelor-comerciale-unde-va-deschide-primele-proiecte_db\/#primaryimage"},"thumbnailUrl":"https:\/\/www.imobiliare.ro\/imoexpert\/wp-content\/uploads\/2012\/02\/hipermarketauchan.jpg","keywords":["spatii comerciale"],"articleSection":["\u0218tiri"],"inLanguage":"en","potentialAction":[{"@type":"CommentAction","name":"Comment","target":["https:\/\/www.imobiliare.ro\/imoexpert\/un-lant-de-hipermarketuri-vrea-sa-intre-pe-segmentul-centrelor-comerciale-unde-va-deschide-primele-proiecte_db\/#respond"]}],"copyrightYear":"2012","copyrightHolder":{"@id":"https:\/\/www.imobiliare.ro\/imoexpert\/#organization"}},{"@type":"WebPage","@id":"https:\/\/www.imobiliare.ro\/imoexpert\/un-lant-de-hipermarketuri-vrea-sa-intre-pe-segmentul-centrelor-comerciale-unde-va-deschide-primele-proiecte_db\/","url":"https:\/\/www.imobiliare.ro\/imoexpert\/un-lant-de-hipermarketuri-vrea-sa-intre-pe-segmentul-centrelor-comerciale-unde-va-deschide-primele-proiecte_db\/","name":"Un lan\u0163 de hipermarketuri vrea s\u0103 intre pe segmentul centrelor comerciale. Unde va deschide primele proiecte - \u0218tiri - ImoExpert","isPartOf":{"@id":"https:\/\/www.imobiliare.ro\/imoexpert\/#website"},"primaryImageOfPage":{"@id":"https:\/\/www.imobiliare.ro\/imoexpert\/un-lant-de-hipermarketuri-vrea-sa-intre-pe-segmentul-centrelor-comerciale-unde-va-deschide-primele-proiecte_db\/#primaryimage"},"image":{"@id":"https:\/\/www.imobiliare.ro\/imoexpert\/un-lant-de-hipermarketuri-vrea-sa-intre-pe-segmentul-centrelor-comerciale-unde-va-deschide-primele-proiecte_db\/#primaryimage"},"thumbnailUrl":"https:\/\/www.imobiliare.ro\/imoexpert\/wp-content\/uploads\/2012\/02\/hipermarketauchan.jpg","datePublished":"2012-02-09T13:46:59+00:00","description":"\u201eMirajul\u201d mallurilor de pe pia\u0163a local\u0103 \u00eei atrage \u015fi pe operatorii interna\u0163ionali de mari magazine alimentare. Reprezentan\u0163ii grupului francez de retail","breadcrumb":{"@id":"https:\/\/www.imobiliare.ro\/imoexpert\/un-lant-de-hipermarketuri-vrea-sa-intre-pe-segmentul-centrelor-comerciale-unde-va-deschide-primele-proiecte_db\/#breadcrumb"},"inLanguage":"en","potentialAction":[{"@type":"ReadAction","target":["https:\/\/www.imobiliare.ro\/imoexpert\/un-lant-de-hipermarketuri-vrea-sa-intre-pe-segmentul-centrelor-comerciale-unde-va-deschide-primele-proiecte_db\/"]}]},{"@type":"ImageObject","inLanguage":"en","@id":"https:\/\/www.imobiliare.ro\/imoexpert\/un-lant-de-hipermarketuri-vrea-sa-intre-pe-segmentul-centrelor-comerciale-unde-va-deschide-primele-proiecte_db\/#primaryimage","url":"https:\/\/www.imobiliare.ro\/imoexpert\/wp-content\/uploads\/2012\/02\/hipermarketauchan.jpg","contentUrl":"https:\/\/www.imobiliare.ro\/imoexpert\/wp-content\/uploads\/2012\/02\/hipermarketauchan.jpg","width":480,"height":318},{"@type":"BreadcrumbList","@id":"https:\/\/www.imobiliare.ro\/imoexpert\/un-lant-de-hipermarketuri-vrea-sa-intre-pe-segmentul-centrelor-comerciale-unde-va-deschide-primele-proiecte_db\/#breadcrumb","itemListElement":[{"@type":"ListItem","position":1,"name":"Imoradar24","item":"https:\/\/www.imoradar24.ro"},{"@type":"ListItem","position":2,"name":"ImoExpert","item":"https:\/\/www.imobiliare.ro\/imoexpert\/"},{"@type":"ListItem","position":3,"name":"\u0218tiri","item":"https:\/\/www.imobiliare.ro\/imoexpert\/stiri\/"},{"@type":"ListItem","position":4,"name":"Un lan\u0163 de hipermarketuri vrea s\u0103 intre pe segmentul centrelor comerciale. Unde va deschide primele proiecte"}]},{"@type":"WebSite","@id":"https:\/\/www.imobiliare.ro\/imoexpert\/#website","url":"https:\/\/www.imobiliare.ro\/imoexpert\/","name":"ImoExpert","description":"cele mai importante \u015ftiri din domeniul imobiliar","publisher":{"@id":"https:\/\/www.imobiliare.ro\/imoexpert\/#organization"},"inLanguage":"en"},{"@type":"Organization","@id":"https:\/\/www.imobiliare.ro\/imoexpert\/#organization","name":"Imobiliare.ro","alternateName":"Realmedia Network SA","url":"https:\/\/www.imobiliare.ro\/imoexpert\/","logo":{"@type":"ImageObject","inLanguage":"en","@id":"https:\/\/www.imobiliare.ro\/imoexpert\/#\/schema\/logo\/image\/","url":"https:\/\/www.imobiliare.ro\/imoexpert\/wp-content\/uploads\/2025\/05\/imobiliare_logo.png","contentUrl":"https:\/\/www.imobiliare.ro\/imoexpert\/wp-content\/uploads\/2025\/05\/imobiliare_logo.png","width":237,"height":29,"caption":"Imobiliare.ro"},"image":{"@id":"https:\/\/www.imobiliare.ro\/imoexpert\/#\/schema\/logo\/image\/"}},{"@type":"Person","@id":"https:\/\/www.imobiliare.ro\/imoexpert\/#\/schema\/person\/8c13b0297075010b896471fabf0d7790","name":"Adriana Dr\u0103gu\u0219in","image":{"@type":"ImageObject","inLanguage":"en","@id":"https:\/\/www.imobiliare.ro\/imoexpert\/#\/schema\/person\/image\/","url":"https:\/\/secure.gravatar.com\/avatar\/ba4762f7517e50e679ed7f11207102d1150120f2f5800c0da98f8a15305bf514?s=96&d=mm&r=g","contentUrl":"https:\/\/secure.gravatar.com\/avatar\/ba4762f7517e50e679ed7f11207102d1150120f2f5800c0da98f8a15305bf514?s=96&d=mm&r=g","caption":"Adriana Dr\u0103gu\u0219in"},"jobTitle":"Editor","url":"https:\/\/www.imobiliare.ro\/imoexpert\/author\/adriana-dragusin\/"}]}},"_links":{"self":[{"href":"https:\/\/www.imobiliare.ro\/imoexpert\/wp-json\/wp\/v2\/posts\/17420","targetHints":{"allow":["GET"]}}],"collection":[{"href":"https:\/\/www.imobiliare.ro\/imoexpert\/wp-json\/wp\/v2\/posts"}],"about":[{"href":"https:\/\/www.imobiliare.ro\/imoexpert\/wp-json\/wp\/v2\/types\/post"}],"author":[{"embeddable":true,"href":"https:\/\/www.imobiliare.ro\/imoexpert\/wp-json\/wp\/v2\/users\/829"}],"replies":[{"embeddable":true,"href":"https:\/\/www.imobiliare.ro\/imoexpert\/wp-json\/wp\/v2\/comments?post=17420"}],"version-history":[{"count":0,"href":"https:\/\/www.imobiliare.ro\/imoexpert\/wp-json\/wp\/v2\/posts\/17420\/revisions"}],"wp:featuredmedia":[{"embeddable":true,"href":"https:\/\/www.imobiliare.ro\/imoexpert\/wp-json\/wp\/v2\/media\/17421"}],"wp:attachment":[{"href":"https:\/\/www.imobiliare.ro\/imoexpert\/wp-json\/wp\/v2\/media?parent=17420"}],"wp:term":[{"taxonomy":"category","embeddable":true,"href":"https:\/\/www.imobiliare.ro\/imoexpert\/wp-json\/wp\/v2\/categories?post=17420"},{"taxonomy":"post_tag","embeddable":true,"href":"https:\/\/www.imobiliare.ro\/imoexpert\/wp-json\/wp\/v2\/tags?post=17420"},{"taxonomy":"content_author","embeddable":true,"href":"https:\/\/www.imobiliare.ro\/imoexpert\/wp-json\/wp\/v2\/content_author?post=17420"}],"curies":[{"name":"wp","href":"https:\/\/api.w.org\/{rel}","templated":true}]}}