{"id":20338,"date":"2012-07-31T14:35:30","date_gmt":"2012-07-31T11:35:30","guid":{"rendered":"https:\/\/www.imobiliare.ro\/?p=20338_db\/"},"modified":"2012-07-31T14:35:30","modified_gmt":"2012-07-31T11:35:30","slug":"topul-oraselor-cu-cele-mai-multe-spatii-comerciale-raportat-la-populatie-suceava-pe-locul-1-capitala-de-abia-pe-8","status":"publish","type":"post","link":"https:\/\/www.imobiliare.ro\/imoexpert\/topul-oraselor-cu-cele-mai-multe-spatii-comerciale-raportat-la-populatie-suceava-pe-locul-1-capitala-de-abia-pe-8_db\/","title":{"rendered":"Topul ora\u015felor cu cele mai multe spa\u0163ii comerciale raportat la popula\u0163ie: Suceava pe locul 1, Capitala de-abia pe 8"},"content":{"rendered":"<p><a class=\"article-body-links\"href=\"https:\/\/info.imobiliare.ro\/wp-content\/uploads\/2012\/07\/mallishor.jpg\"><img loading=\"lazy\" decoding=\"async\" src=\"https:\/\/info.imobiliare.ro\/wp-content\/uploads\/2012\/07\/mallishor-200x300.jpg\" alt=\"\" title=\"mallishor\" width=\"200\" height=\"300\" class=\"alignleft size-medium wp-image-20339\" srcset=\"https:\/\/www.imobiliare.ro\/imoexpert\/wp-content\/uploads\/2012\/07\/mallishor-200x300.jpg 200w, https:\/\/www.imobiliare.ro\/imoexpert\/wp-content\/uploads\/2012\/07\/mallishor.jpg 320w\" sizes=\"auto, (max-width: 200px) 100vw, 200px\" \/><\/a><strong>Fa\u0163\u0103 de alte \u0163\u0103ri din regiune, Rom\u00e2nia este \u00eenc\u0103 deficitar\u0103 la capitolul malluri; totu\u015fi, unele ora\u015fe sunt marcate, \u00een mod evident, de supraaglomerare.<\/strong><\/p>\n<p>\u00cen momentul de fa\u0163\u0103, tabloul pie\u0163ei na\u0163ionale de retail relev\u0103 o serie de discrepan\u0163e \u00eentre marile ora\u015fe ale \u0163\u0103rii, unele fiind marcate de o evident\u0103 supraaglomerare, iar altele, dimpotriv\u0103, de subdezvoltare. Un studiu realizat de DTZ Echinox, parte a UGL Services, relev\u0103 faptul c\u0103, raportat la volumul popula\u0163iei, Suceava este ora\u015ful cu cele mai multe <a class=\"article-body-links\"href=\"https:\/\/www.imobiliare.ro\/inchirieri-spatii-comerciale\/bucuresti\">spa\u0163ii comerciale<\/a> moderne, cu un stoc de 736 de metri p\u0103tra\u0163i la mia de locuitori. Urm\u0103toarele clasate sunt Aradul, cu 498 de metri p\u0103tra\u0163i, Constan\u0163a, cu 394 de metri p\u0103tra\u0163i, \u015fi Ia\u015fiul, cu 366 de metri p\u0103tra\u0163i \u015fi cinci centre comerciale moderne, Palas Mall, Iulius Mall, Felicia Shopping Center, Moldova Mall, Era Shopping Park (galeria comercial\u0103). Pe urm\u0103toarele trei locuri se situeaz\u0103 Oradea, cu un stoc de 346 de metri p\u0103tra\u0163i \u015fi un num\u0103r de trei centre comerciale moderne, apoi Cluj-Napoca, cu 321 de metri p\u0103tra\u0163i \u015fi dou\u0103 proiecte majore de retail, dar \u015fi Pite\u015ftiul, cu 309 de metri p\u0103tra\u0163i \u015fi trei malluri.<br \/>\nPe de alt\u0103 parte, Bucure\u015ftiul, de\u015fi are cele mai multe centre de cump\u0103r\u0103turi (14) \u015fi cel mai mare stoc de retail \u00een termeni absolu\u0163i (aproape 500.000 de metri p\u0103tra\u0163i), se situeaz\u0103 de-abia pe locul al optulea \u00een ceea ce prive\u015fte media calculat\u0103 la mia de locuitori, ce se ridic\u0103 la doar 307 metri p\u0103tra\u0163i.<\/p>\n<blockquote><p>Varia\u0163iile semnificative \u00eentre stocul de centre comerciale al ora\u015felor mari din Rom\u00e2nia demonstreaz\u0103 polarizarea interesului dezvoltatorilor c\u0103tre principalele 10 centre urbane, care, prin pozi\u0163ie \u015fi accesibilitate, atrag cump\u0103r\u0103tori din zonele adiacente. Dezvoltatorii de centre comerciale analizeaz\u0103 mult mai atent dec\u00e2t \u00een perioada precedent\u0103 crizei loca\u0163iile viitoarelor proiecte, iar deciziile se iau doar c\u00e2nd au siguran\u0163a c\u0103 pia\u0163a poate s\u0103 absoarb\u0103 suprafa\u0163a dezvoltat\u0103.<\/p>\n<p><strong>R\u0103zvan Sin, directorul departamentului de retail al DTZ Echinox<\/strong><\/p><\/blockquote>\n<p><strong>13 capitale de jude\u0163, f\u0103r\u0103 centre comerciale<\/strong><br \/>\nPotrivit datelor DTZ, la coada clasamentului se situeaz\u0103 Drobeta Turnu Severin, Br\u0103ila, Boto\u015fani, Tulcea \u015fi Giurgiu, ale c\u0103ror stocuri de retail se situeaz\u0103 \u00een jurul a 100 de metri p\u0103tra\u0163i la mia de locuitori. Pe de alt\u0103 parte \u00eens\u0103, alte 13 re\u015fedin\u0163e de jude\u0163 nu au \u00een prezent niciun centru comercial modern \u2013 Gala\u0163i, Slobozia, C\u0103l\u0103ra\u015fi, Alexandria, Satu Mare, T\u00e2rgu Jiu, T\u00e2rgovi\u015fte, Bistri\u0163a, Re\u015fi\u0163a, Slatina, Zal\u0103u, Sf\u00e2ntu Gheorghe, Miercurea Ciuc. Pentru urm\u0103torii ani, doar trei dintre aceste ora\u015fe cu stocuri de retail mici sau inexistente au proiecte anun\u0163ate. Astfel, \u00een Drobeta Turnu Severin urmeaz\u0103 s\u0103 fie inaugurat\u0103 o extensie a Severin Shopping Center, \u00een Gala\u0163i sunt programate pentru deschidere dou\u0103 centre de cump\u0103r\u0103turi &#8211; Galleria \u015fi EuroMall -, \u00een vreme ce, \u00een Satu Mare, Real4You urmeaz\u0103 s\u0103 construiasc\u0103 un proiect MegaMall.  <\/p>\n<p><strong>Poten\u0163ial exist\u0103, dar nu oricum \u015fi oriunde<\/strong><br \/>\nLa nivel european, stocul de retail se situeaz\u0103 la o medie de 326 de metri p\u0103tra\u0163i la mia de locuitori, cu 27% mai mult dec\u00e2t valoarea consemnat\u0103 la finele lui 2010. Media \u00eenregistrat\u0103 \u00een Rom\u00e2nia, ce se situeaz\u0103 \u00een prezent la 84 de metri p\u0103tra\u0163i de <a class=\"article-body-links\"href=\"https:\/\/www.imobiliare.ro\/inchirieri-spatii-comerciale\/bucuresti\">spa\u0163ii comerciale<\/a> la mia de locuitori (cu 62 de centre comerciale active), este de dou\u0103-trei ori mai mic fa\u0163\u0103 de alte \u0163\u0103ri din regiune. Astfel, Ucraina are o medie de 219 metri p\u0103tra\u0163i la mia de locuitori, \u00een vreme ce Polonia \u015fi Cehia dispun de un stoc de 213 \u015fi, respectiv, 201 de metri p\u0103tra\u0163i la mia de locuitori. \u201eDiferen\u0163ele majore \u00eenregistrate fa\u0163\u0103 de \u0163\u0103rile din regiune demonstreaz\u0103 poten\u0163ialul pe care \u00eel are pia\u0163a din Rom\u00e2nia, \u00eens\u0103 trebuie s\u0103 lu\u0103m \u00een considerare \u015fi faptul c\u0103 veniturile sunt mult sub media regiunii. \u00cen acest sens, poten\u0163ialul exist\u0103 punctual, \u00een ora\u015fele care nu sunt acoperite de niciun centru comercial sau sunt deficitare din punct de vedere al spa\u0163iilor comerciale moderne\u201d, este de p\u0103rere R\u0103zvan Sin. <\/p>\n","protected":false},"excerpt":{"rendered":"<p>Fa\u0163\u0103 de alte \u0163\u0103ri din regiune, Rom\u00e2nia este \u00eenc\u0103 deficitar\u0103 la capitolul malluri; totu\u015fi, unele ora\u015fe sunt marcate, \u00een mod evident, de supraaglomerare. \u00cen momentul de fa\u0163\u0103, tabloul pie\u0163ei na\u0163ionale de retail relev\u0103 o serie de discrepan\u0163e \u00eentre marile ora\u015fe ale \u0163\u0103rii, unele fiind marcate de o evident\u0103 supraaglomerare, iar altele, dimpotriv\u0103, de subdezvoltare. Un [&hellip;]<\/p>\n","protected":false},"author":829,"featured_media":20339,"comment_status":"open","ping_status":"open","sticky":false,"template":"","format":"standard","meta":{"footnotes":""},"categories":[],"tags":[384],"content_author":[],"class_list":["post-20338","post","type-post","status-publish","format-standard","has-post-thumbnail","hentry","tag-spatii-comerciale"],"yoast_head":"<!-- This site is optimized with the Yoast SEO Premium plugin v27.0 (Yoast SEO v27.0) - https:\/\/yoast.com\/product\/yoast-seo-premium-wordpress\/ -->\n<title>Topul ora\u015felor cu cele mai multe spa\u0163ii comerciale raportat la popula\u0163ie: Suceava pe locul 1, Capitala de-abia pe 8 - ImoExpert<\/title>\n<meta name=\"description\" content=\"Fa\u0163\u0103 de alte \u0163\u0103ri din regiune, Rom\u00e2nia este \u00eenc\u0103 deficitar\u0103 la capitolul malluri; totu\u015fi, unele ora\u015fe sunt marcate, \u00een mod evident, de supraaglomerare. \u00cen\" \/>\n<meta name=\"robots\" content=\"index, follow\" \/>\n<link rel=\"canonical\" href=\"https:\/\/www.imobiliare.ro\/imoexpert\/topul-oraselor-cu-cele-mai-multe-spatii-comerciale-raportat-la-populatie-suceava-pe-locul-1-capitala-de-abia-pe-8_db\/\" \/>\n<meta property=\"og:locale\" content=\"ro_RO\" \/>\n<meta property=\"og:type\" content=\"article\" \/>\n<meta property=\"og:title\" content=\"Topul ora\u015felor cu cele mai multe spa\u0163ii comerciale raportat la popula\u0163ie: Suceava pe locul 1, Capitala de-abia pe 8\" \/>\n<meta property=\"og:description\" content=\"Fa\u0163\u0103 de alte \u0163\u0103ri din regiune, Rom\u00e2nia este \u00eenc\u0103 deficitar\u0103 la capitolul malluri; totu\u015fi, unele ora\u015fe sunt marcate, \u00een mod evident, de supraaglomerare. \u00cen\" \/>\n<meta property=\"og:url\" content=\"https:\/\/www.imobiliare.ro\/imoexpert\/topul-oraselor-cu-cele-mai-multe-spatii-comerciale-raportat-la-populatie-suceava-pe-locul-1-capitala-de-abia-pe-8_db\/\" \/>\n<meta property=\"og:site_name\" content=\"ImoExpert\" \/>\n<meta property=\"article:published_time\" content=\"2012-07-31T11:35:30+00:00\" \/>\n<meta property=\"og:image\" content=\"https:\/\/www.imobiliare.ro\/imoexpert\/wp-content\/uploads\/2012\/07\/mallishor.jpg\" \/>\n\t<meta property=\"og:image:width\" content=\"320\" \/>\n\t<meta property=\"og:image:height\" content=\"480\" \/>\n\t<meta property=\"og:image:type\" content=\"image\/jpeg\" \/>\n<meta name=\"author\" content=\"Adriana Dr\u0103gu\u0219in\" \/>\n<meta name=\"twitter:card\" content=\"summary_large_image\" \/>\n<meta name=\"twitter:label1\" content=\"Written by\" \/>\n\t<meta name=\"twitter:data1\" content=\"Adriana Dr\u0103gu\u0219in\" \/>\n\t<meta name=\"twitter:label2\" content=\"Est. reading time\" \/>\n\t<meta name=\"twitter:data2\" content=\"4 minute\" \/>\n<script type=\"application\/ld+json\" class=\"yoast-schema-graph\">{\"@context\":\"https:\/\/schema.org\",\"@graph\":[{\"@type\":\"Article\",\"@id\":\"https:\/\/www.imobiliare.ro\/imoexpert\/topul-oraselor-cu-cele-mai-multe-spatii-comerciale-raportat-la-populatie-suceava-pe-locul-1-capitala-de-abia-pe-8_db\/#article\",\"isPartOf\":{\"@id\":\"https:\/\/www.imobiliare.ro\/imoexpert\/topul-oraselor-cu-cele-mai-multe-spatii-comerciale-raportat-la-populatie-suceava-pe-locul-1-capitala-de-abia-pe-8_db\/\"},\"author\":{\"name\":\"Adriana Dr\u0103gu\u0219in\",\"@id\":\"https:\/\/www.imobiliare.ro\/imoexpert\/#\/schema\/person\/8c13b0297075010b896471fabf0d7790\"},\"headline\":\"Topul ora\u015felor cu cele mai multe spa\u0163ii comerciale raportat la popula\u0163ie: Suceava pe locul 1, Capitala de-abia pe 8\",\"datePublished\":\"2012-07-31T11:35:30+00:00\",\"mainEntityOfPage\":{\"@id\":\"https:\/\/www.imobiliare.ro\/imoexpert\/topul-oraselor-cu-cele-mai-multe-spatii-comerciale-raportat-la-populatie-suceava-pe-locul-1-capitala-de-abia-pe-8_db\/\"},\"wordCount\":721,\"commentCount\":0,\"publisher\":{\"@id\":\"https:\/\/www.imobiliare.ro\/imoexpert\/#organization\"},\"image\":{\"@id\":\"https:\/\/www.imobiliare.ro\/imoexpert\/topul-oraselor-cu-cele-mai-multe-spatii-comerciale-raportat-la-populatie-suceava-pe-locul-1-capitala-de-abia-pe-8_db\/#primaryimage\"},\"thumbnailUrl\":\"https:\/\/www.imobiliare.ro\/imoexpert\/wp-content\/uploads\/2012\/07\/mallishor.jpg\",\"keywords\":[\"spatii comerciale\"],\"inLanguage\":\"en\",\"potentialAction\":[{\"@type\":\"CommentAction\",\"name\":\"Comment\",\"target\":[\"https:\/\/www.imobiliare.ro\/imoexpert\/topul-oraselor-cu-cele-mai-multe-spatii-comerciale-raportat-la-populatie-suceava-pe-locul-1-capitala-de-abia-pe-8_db\/#respond\"]}],\"copyrightYear\":\"2012\",\"copyrightHolder\":{\"@id\":\"https:\/\/www.imobiliare.ro\/imoexpert\/#organization\"}},{\"@type\":\"WebPage\",\"@id\":\"https:\/\/www.imobiliare.ro\/imoexpert\/topul-oraselor-cu-cele-mai-multe-spatii-comerciale-raportat-la-populatie-suceava-pe-locul-1-capitala-de-abia-pe-8_db\/\",\"url\":\"https:\/\/www.imobiliare.ro\/imoexpert\/topul-oraselor-cu-cele-mai-multe-spatii-comerciale-raportat-la-populatie-suceava-pe-locul-1-capitala-de-abia-pe-8_db\/\",\"name\":\"Topul ora\u015felor cu cele mai multe spa\u0163ii comerciale raportat la popula\u0163ie: Suceava pe locul 1, Capitala de-abia pe 8 - ImoExpert\",\"isPartOf\":{\"@id\":\"https:\/\/www.imobiliare.ro\/imoexpert\/#website\"},\"primaryImageOfPage\":{\"@id\":\"https:\/\/www.imobiliare.ro\/imoexpert\/topul-oraselor-cu-cele-mai-multe-spatii-comerciale-raportat-la-populatie-suceava-pe-locul-1-capitala-de-abia-pe-8_db\/#primaryimage\"},\"image\":{\"@id\":\"https:\/\/www.imobiliare.ro\/imoexpert\/topul-oraselor-cu-cele-mai-multe-spatii-comerciale-raportat-la-populatie-suceava-pe-locul-1-capitala-de-abia-pe-8_db\/#primaryimage\"},\"thumbnailUrl\":\"https:\/\/www.imobiliare.ro\/imoexpert\/wp-content\/uploads\/2012\/07\/mallishor.jpg\",\"datePublished\":\"2012-07-31T11:35:30+00:00\",\"description\":\"Fa\u0163\u0103 de alte \u0163\u0103ri din regiune, Rom\u00e2nia este \u00eenc\u0103 deficitar\u0103 la capitolul malluri; totu\u015fi, unele ora\u015fe sunt marcate, \u00een mod evident, de supraaglomerare. \u00cen\",\"breadcrumb\":{\"@id\":\"https:\/\/www.imobiliare.ro\/imoexpert\/topul-oraselor-cu-cele-mai-multe-spatii-comerciale-raportat-la-populatie-suceava-pe-locul-1-capitala-de-abia-pe-8_db\/#breadcrumb\"},\"inLanguage\":\"en\",\"potentialAction\":[{\"@type\":\"ReadAction\",\"target\":[\"https:\/\/www.imobiliare.ro\/imoexpert\/topul-oraselor-cu-cele-mai-multe-spatii-comerciale-raportat-la-populatie-suceava-pe-locul-1-capitala-de-abia-pe-8_db\/\"]}]},{\"@type\":\"ImageObject\",\"inLanguage\":\"en\",\"@id\":\"https:\/\/www.imobiliare.ro\/imoexpert\/topul-oraselor-cu-cele-mai-multe-spatii-comerciale-raportat-la-populatie-suceava-pe-locul-1-capitala-de-abia-pe-8_db\/#primaryimage\",\"url\":\"https:\/\/www.imobiliare.ro\/imoexpert\/wp-content\/uploads\/2012\/07\/mallishor.jpg\",\"contentUrl\":\"https:\/\/www.imobiliare.ro\/imoexpert\/wp-content\/uploads\/2012\/07\/mallishor.jpg\",\"width\":320,\"height\":480},{\"@type\":\"BreadcrumbList\",\"@id\":\"https:\/\/www.imobiliare.ro\/imoexpert\/topul-oraselor-cu-cele-mai-multe-spatii-comerciale-raportat-la-populatie-suceava-pe-locul-1-capitala-de-abia-pe-8_db\/#breadcrumb\",\"itemListElement\":[{\"@type\":\"ListItem\",\"position\":1,\"name\":\"Imoradar24\",\"item\":\"https:\/\/www.imoradar24.ro\"},{\"@type\":\"ListItem\",\"position\":2,\"name\":\"ImoExpert\",\"item\":\"https:\/\/www.imobiliare.ro\/imoexpert\/\"},{\"@type\":\"ListItem\",\"position\":3,\"name\":\"Topul ora\u015felor cu cele mai multe spa\u0163ii comerciale raportat la popula\u0163ie: Suceava pe locul 1, Capitala de-abia pe 8\"}]},{\"@type\":\"WebSite\",\"@id\":\"https:\/\/www.imobiliare.ro\/imoexpert\/#website\",\"url\":\"https:\/\/www.imobiliare.ro\/imoexpert\/\",\"name\":\"ImoExpert\",\"description\":\"cele mai importante \u015ftiri din domeniul imobiliar\",\"publisher\":{\"@id\":\"https:\/\/www.imobiliare.ro\/imoexpert\/#organization\"},\"inLanguage\":\"en\"},{\"@type\":\"Organization\",\"@id\":\"https:\/\/www.imobiliare.ro\/imoexpert\/#organization\",\"name\":\"Imobiliare.ro\",\"alternateName\":\"Realmedia Network SA\",\"url\":\"https:\/\/www.imobiliare.ro\/imoexpert\/\",\"logo\":{\"@type\":\"ImageObject\",\"inLanguage\":\"en\",\"@id\":\"https:\/\/www.imobiliare.ro\/imoexpert\/#\/schema\/logo\/image\/\",\"url\":\"https:\/\/www.imobiliare.ro\/imoexpert\/wp-content\/uploads\/2025\/05\/imobiliare_logo.png\",\"contentUrl\":\"https:\/\/www.imobiliare.ro\/imoexpert\/wp-content\/uploads\/2025\/05\/imobiliare_logo.png\",\"width\":237,\"height\":29,\"caption\":\"Imobiliare.ro\"},\"image\":{\"@id\":\"https:\/\/www.imobiliare.ro\/imoexpert\/#\/schema\/logo\/image\/\"}},{\"@type\":\"Person\",\"@id\":\"https:\/\/www.imobiliare.ro\/imoexpert\/#\/schema\/person\/8c13b0297075010b896471fabf0d7790\",\"name\":\"Adriana Dr\u0103gu\u0219in\",\"image\":{\"@type\":\"ImageObject\",\"inLanguage\":\"en\",\"@id\":\"https:\/\/www.imobiliare.ro\/imoexpert\/#\/schema\/person\/image\/\",\"url\":\"https:\/\/secure.gravatar.com\/avatar\/ba4762f7517e50e679ed7f11207102d1150120f2f5800c0da98f8a15305bf514?s=96&d=mm&r=g\",\"contentUrl\":\"https:\/\/secure.gravatar.com\/avatar\/ba4762f7517e50e679ed7f11207102d1150120f2f5800c0da98f8a15305bf514?s=96&d=mm&r=g\",\"caption\":\"Adriana Dr\u0103gu\u0219in\"},\"jobTitle\":\"Editor\",\"url\":\"https:\/\/www.imobiliare.ro\/imoexpert\/author\/adriana-dragusin\/\"}]}<\/script>\n<!-- \/ Yoast SEO Premium plugin. -->","yoast_head_json":{"title":"Topul ora\u015felor cu cele mai multe spa\u0163ii comerciale raportat la popula\u0163ie: Suceava pe locul 1, Capitala de-abia pe 8 - ImoExpert","description":"Fa\u0163\u0103 de alte \u0163\u0103ri din regiune, Rom\u00e2nia este \u00eenc\u0103 deficitar\u0103 la capitolul malluri; totu\u015fi, unele ora\u015fe sunt marcate, \u00een mod evident, de supraaglomerare. \u00cen","robots":{"index":"index","follow":"follow"},"canonical":"https:\/\/www.imobiliare.ro\/imoexpert\/topul-oraselor-cu-cele-mai-multe-spatii-comerciale-raportat-la-populatie-suceava-pe-locul-1-capitala-de-abia-pe-8_db\/","og_locale":"ro_RO","og_type":"article","og_title":"Topul ora\u015felor cu cele mai multe spa\u0163ii comerciale raportat la popula\u0163ie: Suceava pe locul 1, Capitala de-abia pe 8","og_description":"Fa\u0163\u0103 de alte \u0163\u0103ri din regiune, Rom\u00e2nia este \u00eenc\u0103 deficitar\u0103 la capitolul malluri; totu\u015fi, unele ora\u015fe sunt marcate, \u00een mod evident, de supraaglomerare. \u00cen","og_url":"https:\/\/www.imobiliare.ro\/imoexpert\/topul-oraselor-cu-cele-mai-multe-spatii-comerciale-raportat-la-populatie-suceava-pe-locul-1-capitala-de-abia-pe-8_db\/","og_site_name":"ImoExpert","article_published_time":"2012-07-31T11:35:30+00:00","og_image":[{"width":320,"height":480,"url":"https:\/\/www.imobiliare.ro\/imoexpert\/wp-content\/uploads\/2012\/07\/mallishor.jpg","type":"image\/jpeg"}],"author":"Adriana Dr\u0103gu\u0219in","twitter_card":"summary_large_image","twitter_misc":{"Written by":"Adriana Dr\u0103gu\u0219in","Est. reading time":"4 minute"},"schema":{"@context":"https:\/\/schema.org","@graph":[{"@type":"Article","@id":"https:\/\/www.imobiliare.ro\/imoexpert\/topul-oraselor-cu-cele-mai-multe-spatii-comerciale-raportat-la-populatie-suceava-pe-locul-1-capitala-de-abia-pe-8_db\/#article","isPartOf":{"@id":"https:\/\/www.imobiliare.ro\/imoexpert\/topul-oraselor-cu-cele-mai-multe-spatii-comerciale-raportat-la-populatie-suceava-pe-locul-1-capitala-de-abia-pe-8_db\/"},"author":{"name":"Adriana Dr\u0103gu\u0219in","@id":"https:\/\/www.imobiliare.ro\/imoexpert\/#\/schema\/person\/8c13b0297075010b896471fabf0d7790"},"headline":"Topul ora\u015felor cu cele mai multe spa\u0163ii comerciale raportat la popula\u0163ie: Suceava pe locul 1, Capitala de-abia pe 8","datePublished":"2012-07-31T11:35:30+00:00","mainEntityOfPage":{"@id":"https:\/\/www.imobiliare.ro\/imoexpert\/topul-oraselor-cu-cele-mai-multe-spatii-comerciale-raportat-la-populatie-suceava-pe-locul-1-capitala-de-abia-pe-8_db\/"},"wordCount":721,"commentCount":0,"publisher":{"@id":"https:\/\/www.imobiliare.ro\/imoexpert\/#organization"},"image":{"@id":"https:\/\/www.imobiliare.ro\/imoexpert\/topul-oraselor-cu-cele-mai-multe-spatii-comerciale-raportat-la-populatie-suceava-pe-locul-1-capitala-de-abia-pe-8_db\/#primaryimage"},"thumbnailUrl":"https:\/\/www.imobiliare.ro\/imoexpert\/wp-content\/uploads\/2012\/07\/mallishor.jpg","keywords":["spatii comerciale"],"inLanguage":"en","potentialAction":[{"@type":"CommentAction","name":"Comment","target":["https:\/\/www.imobiliare.ro\/imoexpert\/topul-oraselor-cu-cele-mai-multe-spatii-comerciale-raportat-la-populatie-suceava-pe-locul-1-capitala-de-abia-pe-8_db\/#respond"]}],"copyrightYear":"2012","copyrightHolder":{"@id":"https:\/\/www.imobiliare.ro\/imoexpert\/#organization"}},{"@type":"WebPage","@id":"https:\/\/www.imobiliare.ro\/imoexpert\/topul-oraselor-cu-cele-mai-multe-spatii-comerciale-raportat-la-populatie-suceava-pe-locul-1-capitala-de-abia-pe-8_db\/","url":"https:\/\/www.imobiliare.ro\/imoexpert\/topul-oraselor-cu-cele-mai-multe-spatii-comerciale-raportat-la-populatie-suceava-pe-locul-1-capitala-de-abia-pe-8_db\/","name":"Topul ora\u015felor cu cele mai multe spa\u0163ii comerciale raportat la popula\u0163ie: Suceava pe locul 1, Capitala de-abia pe 8 - ImoExpert","isPartOf":{"@id":"https:\/\/www.imobiliare.ro\/imoexpert\/#website"},"primaryImageOfPage":{"@id":"https:\/\/www.imobiliare.ro\/imoexpert\/topul-oraselor-cu-cele-mai-multe-spatii-comerciale-raportat-la-populatie-suceava-pe-locul-1-capitala-de-abia-pe-8_db\/#primaryimage"},"image":{"@id":"https:\/\/www.imobiliare.ro\/imoexpert\/topul-oraselor-cu-cele-mai-multe-spatii-comerciale-raportat-la-populatie-suceava-pe-locul-1-capitala-de-abia-pe-8_db\/#primaryimage"},"thumbnailUrl":"https:\/\/www.imobiliare.ro\/imoexpert\/wp-content\/uploads\/2012\/07\/mallishor.jpg","datePublished":"2012-07-31T11:35:30+00:00","description":"Fa\u0163\u0103 de alte \u0163\u0103ri din regiune, Rom\u00e2nia este \u00eenc\u0103 deficitar\u0103 la capitolul malluri; totu\u015fi, unele ora\u015fe sunt marcate, \u00een mod evident, de supraaglomerare. \u00cen","breadcrumb":{"@id":"https:\/\/www.imobiliare.ro\/imoexpert\/topul-oraselor-cu-cele-mai-multe-spatii-comerciale-raportat-la-populatie-suceava-pe-locul-1-capitala-de-abia-pe-8_db\/#breadcrumb"},"inLanguage":"en","potentialAction":[{"@type":"ReadAction","target":["https:\/\/www.imobiliare.ro\/imoexpert\/topul-oraselor-cu-cele-mai-multe-spatii-comerciale-raportat-la-populatie-suceava-pe-locul-1-capitala-de-abia-pe-8_db\/"]}]},{"@type":"ImageObject","inLanguage":"en","@id":"https:\/\/www.imobiliare.ro\/imoexpert\/topul-oraselor-cu-cele-mai-multe-spatii-comerciale-raportat-la-populatie-suceava-pe-locul-1-capitala-de-abia-pe-8_db\/#primaryimage","url":"https:\/\/www.imobiliare.ro\/imoexpert\/wp-content\/uploads\/2012\/07\/mallishor.jpg","contentUrl":"https:\/\/www.imobiliare.ro\/imoexpert\/wp-content\/uploads\/2012\/07\/mallishor.jpg","width":320,"height":480},{"@type":"BreadcrumbList","@id":"https:\/\/www.imobiliare.ro\/imoexpert\/topul-oraselor-cu-cele-mai-multe-spatii-comerciale-raportat-la-populatie-suceava-pe-locul-1-capitala-de-abia-pe-8_db\/#breadcrumb","itemListElement":[{"@type":"ListItem","position":1,"name":"Imoradar24","item":"https:\/\/www.imoradar24.ro"},{"@type":"ListItem","position":2,"name":"ImoExpert","item":"https:\/\/www.imobiliare.ro\/imoexpert\/"},{"@type":"ListItem","position":3,"name":"Topul ora\u015felor cu cele mai multe spa\u0163ii comerciale raportat la popula\u0163ie: Suceava pe locul 1, Capitala de-abia pe 8"}]},{"@type":"WebSite","@id":"https:\/\/www.imobiliare.ro\/imoexpert\/#website","url":"https:\/\/www.imobiliare.ro\/imoexpert\/","name":"ImoExpert","description":"cele mai importante \u015ftiri din domeniul imobiliar","publisher":{"@id":"https:\/\/www.imobiliare.ro\/imoexpert\/#organization"},"inLanguage":"en"},{"@type":"Organization","@id":"https:\/\/www.imobiliare.ro\/imoexpert\/#organization","name":"Imobiliare.ro","alternateName":"Realmedia Network SA","url":"https:\/\/www.imobiliare.ro\/imoexpert\/","logo":{"@type":"ImageObject","inLanguage":"en","@id":"https:\/\/www.imobiliare.ro\/imoexpert\/#\/schema\/logo\/image\/","url":"https:\/\/www.imobiliare.ro\/imoexpert\/wp-content\/uploads\/2025\/05\/imobiliare_logo.png","contentUrl":"https:\/\/www.imobiliare.ro\/imoexpert\/wp-content\/uploads\/2025\/05\/imobiliare_logo.png","width":237,"height":29,"caption":"Imobiliare.ro"},"image":{"@id":"https:\/\/www.imobiliare.ro\/imoexpert\/#\/schema\/logo\/image\/"}},{"@type":"Person","@id":"https:\/\/www.imobiliare.ro\/imoexpert\/#\/schema\/person\/8c13b0297075010b896471fabf0d7790","name":"Adriana Dr\u0103gu\u0219in","image":{"@type":"ImageObject","inLanguage":"en","@id":"https:\/\/www.imobiliare.ro\/imoexpert\/#\/schema\/person\/image\/","url":"https:\/\/secure.gravatar.com\/avatar\/ba4762f7517e50e679ed7f11207102d1150120f2f5800c0da98f8a15305bf514?s=96&d=mm&r=g","contentUrl":"https:\/\/secure.gravatar.com\/avatar\/ba4762f7517e50e679ed7f11207102d1150120f2f5800c0da98f8a15305bf514?s=96&d=mm&r=g","caption":"Adriana Dr\u0103gu\u0219in"},"jobTitle":"Editor","url":"https:\/\/www.imobiliare.ro\/imoexpert\/author\/adriana-dragusin\/"}]}},"_links":{"self":[{"href":"https:\/\/www.imobiliare.ro\/imoexpert\/wp-json\/wp\/v2\/posts\/20338","targetHints":{"allow":["GET"]}}],"collection":[{"href":"https:\/\/www.imobiliare.ro\/imoexpert\/wp-json\/wp\/v2\/posts"}],"about":[{"href":"https:\/\/www.imobiliare.ro\/imoexpert\/wp-json\/wp\/v2\/types\/post"}],"author":[{"embeddable":true,"href":"https:\/\/www.imobiliare.ro\/imoexpert\/wp-json\/wp\/v2\/users\/829"}],"replies":[{"embeddable":true,"href":"https:\/\/www.imobiliare.ro\/imoexpert\/wp-json\/wp\/v2\/comments?post=20338"}],"version-history":[{"count":0,"href":"https:\/\/www.imobiliare.ro\/imoexpert\/wp-json\/wp\/v2\/posts\/20338\/revisions"}],"wp:featuredmedia":[{"embeddable":true,"href":"https:\/\/www.imobiliare.ro\/imoexpert\/wp-json\/wp\/v2\/media\/20339"}],"wp:attachment":[{"href":"https:\/\/www.imobiliare.ro\/imoexpert\/wp-json\/wp\/v2\/media?parent=20338"}],"wp:term":[{"taxonomy":"category","embeddable":true,"href":"https:\/\/www.imobiliare.ro\/imoexpert\/wp-json\/wp\/v2\/categories?post=20338"},{"taxonomy":"post_tag","embeddable":true,"href":"https:\/\/www.imobiliare.ro\/imoexpert\/wp-json\/wp\/v2\/tags?post=20338"},{"taxonomy":"content_author","embeddable":true,"href":"https:\/\/www.imobiliare.ro\/imoexpert\/wp-json\/wp\/v2\/content_author?post=20338"}],"curies":[{"name":"wp","href":"https:\/\/api.w.org\/{rel}","templated":true}]}}