{"id":22018,"date":"2012-10-29T13:07:53","date_gmt":"2012-10-29T11:07:53","guid":{"rendered":"https:\/\/www.imobiliare.ro\/?p=22018_db\/"},"modified":"2012-10-29T13:07:53","modified_gmt":"2012-10-29T11:07:53","slug":"prima-luna-de-toamna-mai-saraca-in-autorizatii-de-construire-pentru-case","status":"publish","type":"post","link":"https:\/\/www.imobiliare.ro\/imoexpert\/prima-luna-de-toamna-mai-saraca-in-autorizatii-de-construire-pentru-case_db\/","title":{"rendered":"Prima lun\u0103 de toamn\u0103, mai s\u0103rac\u0103 \u00een autoriza\u0163ii de construire pentru case"},"content":{"rendered":"<p><a class=\"article-body-links\"href=\"https:\/\/info.imobiliare.ro\/wp-content\/uploads\/2012\/10\/autoriyzatiiconstruire.jpg\"><img loading=\"lazy\" decoding=\"async\" src=\"https:\/\/info.imobiliare.ro\/wp-content\/uploads\/2012\/10\/autoriyzatiiconstruire-225x300.jpg\" alt=\"\" title=\"autoriyzatiiconstruire\" width=\"225\" height=\"300\" class=\"alignleft size-medium wp-image-22019\" \/><\/a><strong>Mai mult de 60% din avizele emise la nivel na\u0163ional au fost pentru cl\u0103diri reziden\u0163iale situate \u00een zona rural\u0103.<\/strong> <\/p>\n<p>\u00cen septembrie 2012 au fost eliberate la nivel na\u0163ional 3.521 de autoriza\u0163ii de <a class=\"article-body-links\"href=\"https:\/\/www.imobiliare.ro\/imoexpert\/category\/ghiduri\/constructii\/\">construc\u0163ie<\/a> pe segmentul reziden\u0163ial, \u00een sc\u0103dere cu 11,8% fa\u0163\u0103 de august 2012 \u015fi cu 8,4% fa\u0163\u0103 de aceea\u015fi perioad\u0103 din 2011. Potrivit datelor transmise de Institutul Na\u0163ional de Statistic\u0103 (INS), 64,2% din avizele emise \u00een septembrie au fost pentru zona rural\u0103. Num\u0103rul locuin\u0163elor din cl\u0103dirile autorizate s-a ridicat la 4.941 de unit\u0103\u0163i, fa\u0163\u0103 de 4.841 de unit\u0103\u0163i \u00een aceea\u015fi lun\u0103 a anului trecut. <\/p>\n<p>\u00cen primele nou\u0103 luni din 2012 au fost emise 29.587 de autoriza\u0163ii de construire pentru cl\u0103diri reziden\u0163iale, \u00een sc\u0103dere cu 4,6% fa\u0163\u0103 de aceea\u015fi perioad\u0103 din 2011. Sc\u0103deri importante ale num\u0103rului de avize emise au fost consemnate, \u00een perioada ianuarie-septembrie 2012, \u00een urm\u0103toarele regiuni de dezvoltare: Nord-Est (-499 de autoriza\u0163ii), Sud-Muntenia (-374 de autoriza\u0163ii), Sud-Est (-372 de autoriza\u0163ii) \u015fi Nord-Vest (-208 autoriza\u0163ii). Pe de alt\u0103 parte, \u00een regiunea de dezvoltare Vest a fost \u00eenregistrat\u0103 o cre\u015ftere cu 189 autoriza\u0163ii. <\/p>\n","protected":false},"excerpt":{"rendered":"<p>Mai mult de 60% din avizele emise la nivel na\u0163ional au fost pentru cl\u0103diri reziden\u0163iale situate \u00een zona rural\u0103. \u00cen septembrie 2012 au fost eliberate la nivel na\u0163ional 3.521 de autoriza\u0163ii de construc\u0163ie pe segmentul reziden\u0163ial, \u00een sc\u0103dere cu 11,8% fa\u0163\u0103 de august 2012 \u015fi cu 8,4% fa\u0163\u0103 de aceea\u015fi perioad\u0103 din 2011. Potrivit datelor [&hellip;]<\/p>\n","protected":false},"author":829,"featured_media":22019,"comment_status":"open","ping_status":"open","sticky":false,"template":"","format":"standard","meta":{"footnotes":""},"categories":[259],"tags":[351],"content_author":[],"class_list":["post-22018","post","type-post","status-publish","format-standard","has-post-thumbnail","hentry","category-stiri","tag-constructii-2"],"yoast_head":"<!-- This site is optimized with the Yoast SEO Premium plugin v27.0 (Yoast SEO v27.0) - https:\/\/yoast.com\/product\/yoast-seo-premium-wordpress\/ -->\n<title>Prima lun\u0103 de toamn\u0103, mai s\u0103rac\u0103 \u00een autoriza\u0163ii de construire pentru case - \u0218tiri - ImoExpert<\/title>\n<meta name=\"description\" content=\"Mai mult de 60% din avizele emise la nivel na\u0163ional au fost pentru cl\u0103diri reziden\u0163iale situate \u00een zona rural\u0103. \u00cen septembrie 2012 au fost eliberate la\" \/>\n<meta name=\"robots\" content=\"index, follow\" \/>\n<link rel=\"canonical\" href=\"https:\/\/www.imobiliare.ro\/imoexpert\/prima-luna-de-toamna-mai-saraca-in-autorizatii-de-construire-pentru-case_db\/\" \/>\n<meta property=\"og:locale\" content=\"ro_RO\" \/>\n<meta property=\"og:type\" content=\"article\" \/>\n<meta property=\"og:title\" content=\"Prima lun\u0103 de toamn\u0103, mai s\u0103rac\u0103 \u00een autoriza\u0163ii de construire pentru case\" \/>\n<meta property=\"og:description\" content=\"Mai mult de 60% din avizele emise la nivel na\u0163ional au fost pentru cl\u0103diri reziden\u0163iale situate \u00een zona rural\u0103. \u00cen septembrie 2012 au fost eliberate la\" \/>\n<meta property=\"og:url\" content=\"https:\/\/www.imobiliare.ro\/imoexpert\/prima-luna-de-toamna-mai-saraca-in-autorizatii-de-construire-pentru-case_db\/\" \/>\n<meta property=\"og:site_name\" content=\"ImoExpert\" \/>\n<meta property=\"article:published_time\" content=\"2012-10-29T11:07:53+00:00\" \/>\n<meta property=\"og:image\" content=\"https:\/\/www.imobiliare.ro\/imoexpert\/wp-content\/uploads\/2012\/10\/autoriyzatiiconstruire.jpg\" \/>\n\t<meta property=\"og:image:width\" content=\"318\" \/>\n\t<meta property=\"og:image:height\" content=\"423\" \/>\n\t<meta property=\"og:image:type\" content=\"image\/jpeg\" \/>\n<meta name=\"author\" content=\"Adriana Dr\u0103gu\u0219in\" \/>\n<meta name=\"twitter:card\" content=\"summary_large_image\" \/>\n<meta name=\"twitter:label1\" content=\"Written by\" \/>\n\t<meta name=\"twitter:data1\" content=\"Adriana Dr\u0103gu\u0219in\" \/>\n\t<meta name=\"twitter:label2\" content=\"Est. reading time\" \/>\n\t<meta name=\"twitter:data2\" content=\"1 minut\" \/>\n<script type=\"application\/ld+json\" class=\"yoast-schema-graph\">{\"@context\":\"https:\/\/schema.org\",\"@graph\":[{\"@type\":\"Article\",\"@id\":\"https:\/\/www.imobiliare.ro\/imoexpert\/prima-luna-de-toamna-mai-saraca-in-autorizatii-de-construire-pentru-case_db\/#article\",\"isPartOf\":{\"@id\":\"https:\/\/www.imobiliare.ro\/imoexpert\/prima-luna-de-toamna-mai-saraca-in-autorizatii-de-construire-pentru-case_db\/\"},\"author\":{\"name\":\"Adriana Dr\u0103gu\u0219in\",\"@id\":\"https:\/\/www.imobiliare.ro\/imoexpert\/#\/schema\/person\/8c13b0297075010b896471fabf0d7790\"},\"headline\":\"Prima lun\u0103 de toamn\u0103, mai s\u0103rac\u0103 \u00een autoriza\u0163ii de construire pentru case\",\"datePublished\":\"2012-10-29T11:07:53+00:00\",\"mainEntityOfPage\":{\"@id\":\"https:\/\/www.imobiliare.ro\/imoexpert\/prima-luna-de-toamna-mai-saraca-in-autorizatii-de-construire-pentru-case_db\/\"},\"wordCount\":202,\"commentCount\":0,\"publisher\":{\"@id\":\"https:\/\/www.imobiliare.ro\/imoexpert\/#organization\"},\"image\":{\"@id\":\"https:\/\/www.imobiliare.ro\/imoexpert\/prima-luna-de-toamna-mai-saraca-in-autorizatii-de-construire-pentru-case_db\/#primaryimage\"},\"thumbnailUrl\":\"https:\/\/www.imobiliare.ro\/imoexpert\/wp-content\/uploads\/2012\/10\/autoriyzatiiconstruire.jpg\",\"keywords\":[\"Construc\u0163ii\"],\"articleSection\":[\"\u0218tiri\"],\"inLanguage\":\"en\",\"potentialAction\":[{\"@type\":\"CommentAction\",\"name\":\"Comment\",\"target\":[\"https:\/\/www.imobiliare.ro\/imoexpert\/prima-luna-de-toamna-mai-saraca-in-autorizatii-de-construire-pentru-case_db\/#respond\"]}],\"copyrightYear\":\"2012\",\"copyrightHolder\":{\"@id\":\"https:\/\/www.imobiliare.ro\/imoexpert\/#organization\"}},{\"@type\":\"WebPage\",\"@id\":\"https:\/\/www.imobiliare.ro\/imoexpert\/prima-luna-de-toamna-mai-saraca-in-autorizatii-de-construire-pentru-case_db\/\",\"url\":\"https:\/\/www.imobiliare.ro\/imoexpert\/prima-luna-de-toamna-mai-saraca-in-autorizatii-de-construire-pentru-case_db\/\",\"name\":\"Prima lun\u0103 de toamn\u0103, mai s\u0103rac\u0103 \u00een autoriza\u0163ii de construire pentru case - \u0218tiri - ImoExpert\",\"isPartOf\":{\"@id\":\"https:\/\/www.imobiliare.ro\/imoexpert\/#website\"},\"primaryImageOfPage\":{\"@id\":\"https:\/\/www.imobiliare.ro\/imoexpert\/prima-luna-de-toamna-mai-saraca-in-autorizatii-de-construire-pentru-case_db\/#primaryimage\"},\"image\":{\"@id\":\"https:\/\/www.imobiliare.ro\/imoexpert\/prima-luna-de-toamna-mai-saraca-in-autorizatii-de-construire-pentru-case_db\/#primaryimage\"},\"thumbnailUrl\":\"https:\/\/www.imobiliare.ro\/imoexpert\/wp-content\/uploads\/2012\/10\/autoriyzatiiconstruire.jpg\",\"datePublished\":\"2012-10-29T11:07:53+00:00\",\"description\":\"Mai mult de 60% din avizele emise la nivel na\u0163ional au fost pentru cl\u0103diri reziden\u0163iale situate \u00een zona rural\u0103. \u00cen septembrie 2012 au fost eliberate la\",\"breadcrumb\":{\"@id\":\"https:\/\/www.imobiliare.ro\/imoexpert\/prima-luna-de-toamna-mai-saraca-in-autorizatii-de-construire-pentru-case_db\/#breadcrumb\"},\"inLanguage\":\"en\",\"potentialAction\":[{\"@type\":\"ReadAction\",\"target\":[\"https:\/\/www.imobiliare.ro\/imoexpert\/prima-luna-de-toamna-mai-saraca-in-autorizatii-de-construire-pentru-case_db\/\"]}]},{\"@type\":\"ImageObject\",\"inLanguage\":\"en\",\"@id\":\"https:\/\/www.imobiliare.ro\/imoexpert\/prima-luna-de-toamna-mai-saraca-in-autorizatii-de-construire-pentru-case_db\/#primaryimage\",\"url\":\"https:\/\/www.imobiliare.ro\/imoexpert\/wp-content\/uploads\/2012\/10\/autoriyzatiiconstruire.jpg\",\"contentUrl\":\"https:\/\/www.imobiliare.ro\/imoexpert\/wp-content\/uploads\/2012\/10\/autoriyzatiiconstruire.jpg\",\"width\":318,\"height\":423},{\"@type\":\"BreadcrumbList\",\"@id\":\"https:\/\/www.imobiliare.ro\/imoexpert\/prima-luna-de-toamna-mai-saraca-in-autorizatii-de-construire-pentru-case_db\/#breadcrumb\",\"itemListElement\":[{\"@type\":\"ListItem\",\"position\":1,\"name\":\"Imoradar24\",\"item\":\"https:\/\/www.imoradar24.ro\"},{\"@type\":\"ListItem\",\"position\":2,\"name\":\"ImoExpert\",\"item\":\"https:\/\/www.imobiliare.ro\/imoexpert\/\"},{\"@type\":\"ListItem\",\"position\":3,\"name\":\"\u0218tiri\",\"item\":\"https:\/\/www.imobiliare.ro\/imoexpert\/stiri\/\"},{\"@type\":\"ListItem\",\"position\":4,\"name\":\"Prima lun\u0103 de toamn\u0103, mai s\u0103rac\u0103 \u00een autoriza\u0163ii de construire pentru case\"}]},{\"@type\":\"WebSite\",\"@id\":\"https:\/\/www.imobiliare.ro\/imoexpert\/#website\",\"url\":\"https:\/\/www.imobiliare.ro\/imoexpert\/\",\"name\":\"ImoExpert\",\"description\":\"cele mai importante \u015ftiri din domeniul imobiliar\",\"publisher\":{\"@id\":\"https:\/\/www.imobiliare.ro\/imoexpert\/#organization\"},\"inLanguage\":\"en\"},{\"@type\":\"Organization\",\"@id\":\"https:\/\/www.imobiliare.ro\/imoexpert\/#organization\",\"name\":\"Imobiliare.ro\",\"alternateName\":\"Realmedia Network SA\",\"url\":\"https:\/\/www.imobiliare.ro\/imoexpert\/\",\"logo\":{\"@type\":\"ImageObject\",\"inLanguage\":\"en\",\"@id\":\"https:\/\/www.imobiliare.ro\/imoexpert\/#\/schema\/logo\/image\/\",\"url\":\"https:\/\/www.imobiliare.ro\/imoexpert\/wp-content\/uploads\/2025\/05\/imobiliare_logo.png\",\"contentUrl\":\"https:\/\/www.imobiliare.ro\/imoexpert\/wp-content\/uploads\/2025\/05\/imobiliare_logo.png\",\"width\":237,\"height\":29,\"caption\":\"Imobiliare.ro\"},\"image\":{\"@id\":\"https:\/\/www.imobiliare.ro\/imoexpert\/#\/schema\/logo\/image\/\"}},{\"@type\":\"Person\",\"@id\":\"https:\/\/www.imobiliare.ro\/imoexpert\/#\/schema\/person\/8c13b0297075010b896471fabf0d7790\",\"name\":\"Adriana Dr\u0103gu\u0219in\",\"image\":{\"@type\":\"ImageObject\",\"inLanguage\":\"en\",\"@id\":\"https:\/\/www.imobiliare.ro\/imoexpert\/#\/schema\/person\/image\/\",\"url\":\"https:\/\/secure.gravatar.com\/avatar\/ba4762f7517e50e679ed7f11207102d1150120f2f5800c0da98f8a15305bf514?s=96&d=mm&r=g\",\"contentUrl\":\"https:\/\/secure.gravatar.com\/avatar\/ba4762f7517e50e679ed7f11207102d1150120f2f5800c0da98f8a15305bf514?s=96&d=mm&r=g\",\"caption\":\"Adriana Dr\u0103gu\u0219in\"},\"jobTitle\":\"Editor\",\"url\":\"https:\/\/www.imobiliare.ro\/imoexpert\/author\/adriana-dragusin\/\"}]}<\/script>\n<!-- \/ Yoast SEO Premium plugin. -->","yoast_head_json":{"title":"Prima lun\u0103 de toamn\u0103, mai s\u0103rac\u0103 \u00een autoriza\u0163ii de construire pentru case - \u0218tiri - ImoExpert","description":"Mai mult de 60% din avizele emise la nivel na\u0163ional au fost pentru cl\u0103diri reziden\u0163iale situate \u00een zona rural\u0103. \u00cen septembrie 2012 au fost eliberate la","robots":{"index":"index","follow":"follow"},"canonical":"https:\/\/www.imobiliare.ro\/imoexpert\/prima-luna-de-toamna-mai-saraca-in-autorizatii-de-construire-pentru-case_db\/","og_locale":"ro_RO","og_type":"article","og_title":"Prima lun\u0103 de toamn\u0103, mai s\u0103rac\u0103 \u00een autoriza\u0163ii de construire pentru case","og_description":"Mai mult de 60% din avizele emise la nivel na\u0163ional au fost pentru cl\u0103diri reziden\u0163iale situate \u00een zona rural\u0103. \u00cen septembrie 2012 au fost eliberate la","og_url":"https:\/\/www.imobiliare.ro\/imoexpert\/prima-luna-de-toamna-mai-saraca-in-autorizatii-de-construire-pentru-case_db\/","og_site_name":"ImoExpert","article_published_time":"2012-10-29T11:07:53+00:00","og_image":[{"width":318,"height":423,"url":"https:\/\/www.imobiliare.ro\/imoexpert\/wp-content\/uploads\/2012\/10\/autoriyzatiiconstruire.jpg","type":"image\/jpeg"}],"author":"Adriana Dr\u0103gu\u0219in","twitter_card":"summary_large_image","twitter_misc":{"Written by":"Adriana Dr\u0103gu\u0219in","Est. reading time":"1 minut"},"schema":{"@context":"https:\/\/schema.org","@graph":[{"@type":"Article","@id":"https:\/\/www.imobiliare.ro\/imoexpert\/prima-luna-de-toamna-mai-saraca-in-autorizatii-de-construire-pentru-case_db\/#article","isPartOf":{"@id":"https:\/\/www.imobiliare.ro\/imoexpert\/prima-luna-de-toamna-mai-saraca-in-autorizatii-de-construire-pentru-case_db\/"},"author":{"name":"Adriana Dr\u0103gu\u0219in","@id":"https:\/\/www.imobiliare.ro\/imoexpert\/#\/schema\/person\/8c13b0297075010b896471fabf0d7790"},"headline":"Prima lun\u0103 de toamn\u0103, mai s\u0103rac\u0103 \u00een autoriza\u0163ii de construire pentru case","datePublished":"2012-10-29T11:07:53+00:00","mainEntityOfPage":{"@id":"https:\/\/www.imobiliare.ro\/imoexpert\/prima-luna-de-toamna-mai-saraca-in-autorizatii-de-construire-pentru-case_db\/"},"wordCount":202,"commentCount":0,"publisher":{"@id":"https:\/\/www.imobiliare.ro\/imoexpert\/#organization"},"image":{"@id":"https:\/\/www.imobiliare.ro\/imoexpert\/prima-luna-de-toamna-mai-saraca-in-autorizatii-de-construire-pentru-case_db\/#primaryimage"},"thumbnailUrl":"https:\/\/www.imobiliare.ro\/imoexpert\/wp-content\/uploads\/2012\/10\/autoriyzatiiconstruire.jpg","keywords":["Construc\u0163ii"],"articleSection":["\u0218tiri"],"inLanguage":"en","potentialAction":[{"@type":"CommentAction","name":"Comment","target":["https:\/\/www.imobiliare.ro\/imoexpert\/prima-luna-de-toamna-mai-saraca-in-autorizatii-de-construire-pentru-case_db\/#respond"]}],"copyrightYear":"2012","copyrightHolder":{"@id":"https:\/\/www.imobiliare.ro\/imoexpert\/#organization"}},{"@type":"WebPage","@id":"https:\/\/www.imobiliare.ro\/imoexpert\/prima-luna-de-toamna-mai-saraca-in-autorizatii-de-construire-pentru-case_db\/","url":"https:\/\/www.imobiliare.ro\/imoexpert\/prima-luna-de-toamna-mai-saraca-in-autorizatii-de-construire-pentru-case_db\/","name":"Prima lun\u0103 de toamn\u0103, mai s\u0103rac\u0103 \u00een autoriza\u0163ii de construire pentru case - \u0218tiri - ImoExpert","isPartOf":{"@id":"https:\/\/www.imobiliare.ro\/imoexpert\/#website"},"primaryImageOfPage":{"@id":"https:\/\/www.imobiliare.ro\/imoexpert\/prima-luna-de-toamna-mai-saraca-in-autorizatii-de-construire-pentru-case_db\/#primaryimage"},"image":{"@id":"https:\/\/www.imobiliare.ro\/imoexpert\/prima-luna-de-toamna-mai-saraca-in-autorizatii-de-construire-pentru-case_db\/#primaryimage"},"thumbnailUrl":"https:\/\/www.imobiliare.ro\/imoexpert\/wp-content\/uploads\/2012\/10\/autoriyzatiiconstruire.jpg","datePublished":"2012-10-29T11:07:53+00:00","description":"Mai mult de 60% din avizele emise la nivel na\u0163ional au fost pentru cl\u0103diri reziden\u0163iale situate \u00een zona rural\u0103. \u00cen septembrie 2012 au fost eliberate la","breadcrumb":{"@id":"https:\/\/www.imobiliare.ro\/imoexpert\/prima-luna-de-toamna-mai-saraca-in-autorizatii-de-construire-pentru-case_db\/#breadcrumb"},"inLanguage":"en","potentialAction":[{"@type":"ReadAction","target":["https:\/\/www.imobiliare.ro\/imoexpert\/prima-luna-de-toamna-mai-saraca-in-autorizatii-de-construire-pentru-case_db\/"]}]},{"@type":"ImageObject","inLanguage":"en","@id":"https:\/\/www.imobiliare.ro\/imoexpert\/prima-luna-de-toamna-mai-saraca-in-autorizatii-de-construire-pentru-case_db\/#primaryimage","url":"https:\/\/www.imobiliare.ro\/imoexpert\/wp-content\/uploads\/2012\/10\/autoriyzatiiconstruire.jpg","contentUrl":"https:\/\/www.imobiliare.ro\/imoexpert\/wp-content\/uploads\/2012\/10\/autoriyzatiiconstruire.jpg","width":318,"height":423},{"@type":"BreadcrumbList","@id":"https:\/\/www.imobiliare.ro\/imoexpert\/prima-luna-de-toamna-mai-saraca-in-autorizatii-de-construire-pentru-case_db\/#breadcrumb","itemListElement":[{"@type":"ListItem","position":1,"name":"Imoradar24","item":"https:\/\/www.imoradar24.ro"},{"@type":"ListItem","position":2,"name":"ImoExpert","item":"https:\/\/www.imobiliare.ro\/imoexpert\/"},{"@type":"ListItem","position":3,"name":"\u0218tiri","item":"https:\/\/www.imobiliare.ro\/imoexpert\/stiri\/"},{"@type":"ListItem","position":4,"name":"Prima lun\u0103 de toamn\u0103, mai s\u0103rac\u0103 \u00een autoriza\u0163ii de construire pentru case"}]},{"@type":"WebSite","@id":"https:\/\/www.imobiliare.ro\/imoexpert\/#website","url":"https:\/\/www.imobiliare.ro\/imoexpert\/","name":"ImoExpert","description":"cele mai importante \u015ftiri din domeniul imobiliar","publisher":{"@id":"https:\/\/www.imobiliare.ro\/imoexpert\/#organization"},"inLanguage":"en"},{"@type":"Organization","@id":"https:\/\/www.imobiliare.ro\/imoexpert\/#organization","name":"Imobiliare.ro","alternateName":"Realmedia Network SA","url":"https:\/\/www.imobiliare.ro\/imoexpert\/","logo":{"@type":"ImageObject","inLanguage":"en","@id":"https:\/\/www.imobiliare.ro\/imoexpert\/#\/schema\/logo\/image\/","url":"https:\/\/www.imobiliare.ro\/imoexpert\/wp-content\/uploads\/2025\/05\/imobiliare_logo.png","contentUrl":"https:\/\/www.imobiliare.ro\/imoexpert\/wp-content\/uploads\/2025\/05\/imobiliare_logo.png","width":237,"height":29,"caption":"Imobiliare.ro"},"image":{"@id":"https:\/\/www.imobiliare.ro\/imoexpert\/#\/schema\/logo\/image\/"}},{"@type":"Person","@id":"https:\/\/www.imobiliare.ro\/imoexpert\/#\/schema\/person\/8c13b0297075010b896471fabf0d7790","name":"Adriana Dr\u0103gu\u0219in","image":{"@type":"ImageObject","inLanguage":"en","@id":"https:\/\/www.imobiliare.ro\/imoexpert\/#\/schema\/person\/image\/","url":"https:\/\/secure.gravatar.com\/avatar\/ba4762f7517e50e679ed7f11207102d1150120f2f5800c0da98f8a15305bf514?s=96&d=mm&r=g","contentUrl":"https:\/\/secure.gravatar.com\/avatar\/ba4762f7517e50e679ed7f11207102d1150120f2f5800c0da98f8a15305bf514?s=96&d=mm&r=g","caption":"Adriana Dr\u0103gu\u0219in"},"jobTitle":"Editor","url":"https:\/\/www.imobiliare.ro\/imoexpert\/author\/adriana-dragusin\/"}]}},"_links":{"self":[{"href":"https:\/\/www.imobiliare.ro\/imoexpert\/wp-json\/wp\/v2\/posts\/22018","targetHints":{"allow":["GET"]}}],"collection":[{"href":"https:\/\/www.imobiliare.ro\/imoexpert\/wp-json\/wp\/v2\/posts"}],"about":[{"href":"https:\/\/www.imobiliare.ro\/imoexpert\/wp-json\/wp\/v2\/types\/post"}],"author":[{"embeddable":true,"href":"https:\/\/www.imobiliare.ro\/imoexpert\/wp-json\/wp\/v2\/users\/829"}],"replies":[{"embeddable":true,"href":"https:\/\/www.imobiliare.ro\/imoexpert\/wp-json\/wp\/v2\/comments?post=22018"}],"version-history":[{"count":0,"href":"https:\/\/www.imobiliare.ro\/imoexpert\/wp-json\/wp\/v2\/posts\/22018\/revisions"}],"wp:featuredmedia":[{"embeddable":true,"href":"https:\/\/www.imobiliare.ro\/imoexpert\/wp-json\/wp\/v2\/media\/22019"}],"wp:attachment":[{"href":"https:\/\/www.imobiliare.ro\/imoexpert\/wp-json\/wp\/v2\/media?parent=22018"}],"wp:term":[{"taxonomy":"category","embeddable":true,"href":"https:\/\/www.imobiliare.ro\/imoexpert\/wp-json\/wp\/v2\/categories?post=22018"},{"taxonomy":"post_tag","embeddable":true,"href":"https:\/\/www.imobiliare.ro\/imoexpert\/wp-json\/wp\/v2\/tags?post=22018"},{"taxonomy":"content_author","embeddable":true,"href":"https:\/\/www.imobiliare.ro\/imoexpert\/wp-json\/wp\/v2\/content_author?post=22018"}],"curies":[{"name":"wp","href":"https:\/\/api.w.org\/{rel}","templated":true}]}}