{"id":24249,"date":"2013-03-28T10:55:58","date_gmt":"2013-03-28T08:55:58","guid":{"rendered":"https:\/\/www.imobiliare.ro\/?p=24249_db\/"},"modified":"2013-03-28T10:55:58","modified_gmt":"2013-03-28T08:55:58","slug":"cu-cat-s-au-ieftinit-casele-si-vilele-in-cei-5-ani-de-criza-topul-scaderilor-pe-orase","status":"publish","type":"post","link":"https:\/\/www.imobiliare.ro\/imoexpert\/cu-cat-s-au-ieftinit-casele-si-vilele-in-cei-5-ani-de-criza-topul-scaderilor-pe-orase_db\/","title":{"rendered":"Cu c\u00e2t s-au ieftinit casele \u015fi vilele \u00een cei 5 ani de criz\u0103. Topul sc\u0103derilor pe ora\u015fe"},"content":{"rendered":"<p><strong>Fa\u0163\u0103 de evolu\u0163ia pre\u0163urilor la apartamente, sc\u0103derile consemnate pe acest segment au fost ceva mai temperate.<\/strong><\/p>\n<p>Recesiunea a lovit din plin \u00eentreaga pia\u0163\u0103 reziden\u0163ial\u0103, inclusiv segmentul de case-vile. Potrivit unei analize realizate de <strong><a class=\"article-body-links\"href=\"https:\/\/www.imobiliare.ro\/\">www.imobiliare.ro<\/a><\/strong> pe baza ofertelor listate pe portal, acest tip de propriet\u0103\u0163i sunt disponibile acum spre v\u00e2nzare cu mai pu\u0163in de 1.000 de euro pe metru p\u0103trat \u00een aproape toate marile ora\u015fe ale \u0163\u0103rii (cu excep\u0163ia Capitalei). Spre deosebire de pia\u0163a apartamentelor, unde \u00een ultimii cinci ani au avut loc sc\u0103deri \u015fi de peste 50% la nivel de ora\u015f, ieftinirile consemnate pe segmentul case-vile au fost ceva mai temperate. <strong><a class=\"article-body-links\"href=\"https:\/\/www.imobiliare.ro\/\">www.imobiliare.ro<\/a><\/strong> prezint\u0103, \u00een cele de mai jos, topul celor mai mari sc\u0103deri de pre\u0163 pe acest segment al pie\u0163ei reziden\u0163iale. Analiza ia \u00een calcul valorile medii solicitate pentru casele \u015fi vilele din cinci mari ora\u015fe ale \u0163\u0103rii, \u00een trei momente-cheie: februarie 2008, februarie 2012 \u015fi februarie 2013.<\/p>\n<p><a class=\"article-body-links\"href=\"https:\/\/info.imobiliare.ro\/wp-content\/uploads\/2013\/03\/casanoua.jpg\"><img loading=\"lazy\" decoding=\"async\" src=\"https:\/\/info.imobiliare.ro\/wp-content\/uploads\/2013\/03\/casanoua-300x195.jpg\" alt=\"\" title=\"casanoua\" width=\"300\" height=\"195\" class=\"alignleft size-medium wp-image-24250\" \/><\/a><strong>Constan\u0163a:<\/strong><br \/>\nDintre centrele urbane analizate, ora\u015ful de la malul m\u0103rii ocup\u0103 primul loc \u00een clasamentul ieftinirilor. \u00cen decurs de cinci ani, pre\u0163ul mediu solicitat pentru case \u015fi vile s-a diminuat cu 42,8%, de la 1.504 euro pe metru p\u0103trat, \u00een februarie 2008, p\u00e2n\u0103 la 860 de euro pe metru p\u0103trat, \u00een februarie 2013. Tot \u00een <a class=\"article-body-links\"href=\"https:\/\/www.imobiliare.ro\/vanzare-case-vile\/constanta\">Constan\u0163a<\/a> a avut loc \u015fi cel mai mare declin al pre\u0163urilor pe parcursul lui 2012. Astfel, preten\u0163iile proprietarilor au sc\u0103zut cu 6,4%, de la o medie de 919 euro pe metru p\u0103trat \u00een februarie anul trecut. <\/p>\n<p><strong>Bra\u015fov:<\/strong><br \/>\n\u00cen ora\u015ful de la poalele T\u00e2mpei, pre\u0163urile caselor au sc\u0103zut cu 39,6% \u00een ultimii cinci ani, de la o valoare medie de 1.410 euro pe metru p\u0103trat valabil\u0103 \u00een februarie 2008. Pre\u0163ul solicitat la ora actual\u0103 \u00een <a class=\"article-body-links\"href=\"https:\/\/www.imobiliare.ro\/vanzare-case-vile\/brasov\">Bra\u015fov<\/a> \u2013 de 852 de euro pe metru p\u0103trat \u2013 este cu 2,3% mai mic dec\u00e2t cel din perioada similar\u0103 a anului trecut, respectiv 872 de euro pe metru p\u0103trat. <\/p>\n<p><strong>Timi\u015foara:<\/strong><br \/>\n\u00cen ora\u015ful de pe Bega, vilele s-au ieftinit cu 37,8% \u00een intervalul februarie 2008-februarie 2013, \u00eencep\u00e2nd de la nivelul de 1.320 de euro pe metru p\u0103trat. \u00cen prezent, proprietarii din <a class=\"article-body-links\"href=\"https:\/\/www.imobiliare.ro\/vanzare-case-vile\/timisoara\">Timi\u015foara<\/a> solicit\u0103, \u00een medie, o sum\u0103 de 821 de euro pe metru p\u0103trat. Acest pre\u0163 este cu 2,1% mai mic dec\u00e2t cel practicat la \u00eenceputul lui 2012, adic\u0103 839 de euro pe metru p\u0103trat util.<\/p>\n<p><strong>Bucure\u015fti:<\/strong><br \/>\nCapitala se situeaz\u0103 pe locul al patrulea \u00een clasamentul realizat de www.imobiliare.ro. Aici, casele \u015fi vilele s-au ieftinit cu 36% din 2008 \u00eencoace, de la o valoare de 1.718 euro pe metru p\u0103trat. La ora actual\u0103, pre\u0163ul mediu solicitat de proprietarii de case \u015fi vile este de 1.099 de euro pe metru p\u0103trat; aceast\u0103 sum\u0103 este egal\u0103 cu pre\u0163ul mediu solicitat \u00een luna februarie pentru apartamentele vechi \u015fi noi din Capital\u0103. <a class=\"article-body-links\"href=\"https:\/\/www.imobiliare.ro\/vanzare-case-vile\/bucuresti\">Bucure\u015ftiul<\/a> este, \u00een prezent, singurul mare ora\u015f al \u0163\u0103rii \u00een care pre\u0163urile caselor se men\u0163in peste valoarea de 1.000 de euro pe metru p\u0103trat &#8211; \u00een condi\u0163iile \u00een care, \u00eenainte de izbucnirea crizei, toate cele cinci ora\u015fe analizate se \u00eencadrau \u00een aceast\u0103 categorie. Pe parcursul anului trecut, declinul consemnat de vilele din Capital\u0103 a fost de 3,4%, pornind de la un nivel de 1.138 de euro valabil \u00een februarie 2012. <\/p>\n<p><strong>Cluj-Napoca:<\/strong><br \/>\nOra\u015ful din vestul \u0163\u0103rii a fost cel mai pu\u0163in marcat de recesiune \u00een ceea ce prive\u015fte evolu\u0163ia pre\u0163urilor caselor. Dintre toate centrele urbane analizate, <a class=\"article-body-links\"href=\"https:\/\/www.imobiliare.ro\/vanzare-case-vile\/cluj-napoca\">Cluj-Napoca<\/a> este singurul care a consemnat, \u00een ultimii cinci ani, un declin mai mic de 30%. Mai exact, pre\u0163urile pe acest segment s-au diminuat cu 28,7% \u00eentre februarie 2008 \u015fi februarie 2013. Pre\u0163ul mediu cerut la ora actual\u0103 de c\u0103tre proprietari este de 941 de euro pe metru p\u0103trat, fa\u0163\u0103 de valoarea de 1.320 de euro valabil\u0103 la \u00eenceputul lui 2008. Clujul a consemnat, totodat\u0103, \u015fi cea mai mic\u0103 rat\u0103 de ieftinire la case \u015fi vile pe parcursul anului trecut: sc\u0103derea de 0,7%, de la un nivel de 948 de euro pe metru p\u0103trat, a fost aproape insesizabil\u0103. <\/p>\n","protected":false},"excerpt":{"rendered":"<p>Fa\u0163\u0103 de evolu\u0163ia pre\u0163urilor la apartamente, sc\u0103derile consemnate pe acest segment au fost ceva mai temperate. Recesiunea a lovit din plin \u00eentreaga pia\u0163\u0103 reziden\u0163ial\u0103, inclusiv segmentul de case-vile. Potrivit unei analize realizate de www.imobiliare.ro pe baza ofertelor listate pe portal, acest tip de propriet\u0103\u0163i sunt disponibile acum spre v\u00e2nzare cu mai pu\u0163in de 1.000 de [&hellip;]<\/p>\n","protected":false},"author":829,"featured_media":24250,"comment_status":"open","ping_status":"open","sticky":false,"template":"","format":"standard","meta":{"footnotes":""},"categories":[],"tags":[1429],"content_author":[],"class_list":["post-24249","post","type-post","status-publish","format-standard","has-post-thumbnail","hentry","tag-vanzare-case"],"yoast_head":"<!-- This site is optimized with the Yoast SEO Premium plugin v27.0 (Yoast SEO v27.0) - https:\/\/yoast.com\/product\/yoast-seo-premium-wordpress\/ -->\n<title>Cu c\u00e2t s-au ieftinit casele \u015fi vilele \u00een cei 5 ani de criz\u0103. Topul sc\u0103derilor pe ora\u015fe - ImoExpert<\/title>\n<meta name=\"description\" content=\"Fa\u0163\u0103 de evolu\u0163ia pre\u0163urilor la apartamente, sc\u0103derile consemnate pe acest segment au fost ceva mai temperate. Recesiunea a lovit din plin \u00eentreaga pia\u0163\u0103\" \/>\n<meta name=\"robots\" content=\"index, follow\" \/>\n<link rel=\"canonical\" href=\"https:\/\/www.imobiliare.ro\/imoexpert\/cu-cat-s-au-ieftinit-casele-si-vilele-in-cei-5-ani-de-criza-topul-scaderilor-pe-orase_db\/\" \/>\n<meta property=\"og:locale\" content=\"ro_RO\" \/>\n<meta property=\"og:type\" content=\"article\" \/>\n<meta property=\"og:title\" content=\"Cu c\u00e2t s-au ieftinit casele \u015fi vilele \u00een cei 5 ani de criz\u0103. Topul sc\u0103derilor pe ora\u015fe\" \/>\n<meta property=\"og:description\" content=\"Fa\u0163\u0103 de evolu\u0163ia pre\u0163urilor la apartamente, sc\u0103derile consemnate pe acest segment au fost ceva mai temperate. Recesiunea a lovit din plin \u00eentreaga pia\u0163\u0103\" \/>\n<meta property=\"og:url\" content=\"https:\/\/www.imobiliare.ro\/imoexpert\/cu-cat-s-au-ieftinit-casele-si-vilele-in-cei-5-ani-de-criza-topul-scaderilor-pe-orase_db\/\" \/>\n<meta property=\"og:site_name\" content=\"ImoExpert\" \/>\n<meta property=\"article:published_time\" content=\"2013-03-28T08:55:58+00:00\" \/>\n<meta property=\"og:image\" content=\"https:\/\/www.imobiliare.ro\/imoexpert\/wp-content\/uploads\/2013\/03\/casanoua.jpg\" \/>\n\t<meta property=\"og:image:width\" content=\"480\" \/>\n\t<meta property=\"og:image:height\" content=\"313\" \/>\n\t<meta property=\"og:image:type\" content=\"image\/jpeg\" \/>\n<meta name=\"author\" content=\"Adriana Dr\u0103gu\u0219in\" \/>\n<meta name=\"twitter:card\" content=\"summary_large_image\" \/>\n<meta name=\"twitter:label1\" content=\"Written by\" \/>\n\t<meta name=\"twitter:data1\" content=\"Adriana Dr\u0103gu\u0219in\" \/>\n\t<meta name=\"twitter:label2\" content=\"Est. reading time\" \/>\n\t<meta name=\"twitter:data2\" content=\"3 minute\" \/>\n<script type=\"application\/ld+json\" class=\"yoast-schema-graph\">{\"@context\":\"https:\/\/schema.org\",\"@graph\":[{\"@type\":\"Article\",\"@id\":\"https:\/\/www.imobiliare.ro\/imoexpert\/cu-cat-s-au-ieftinit-casele-si-vilele-in-cei-5-ani-de-criza-topul-scaderilor-pe-orase_db\/#article\",\"isPartOf\":{\"@id\":\"https:\/\/www.imobiliare.ro\/imoexpert\/cu-cat-s-au-ieftinit-casele-si-vilele-in-cei-5-ani-de-criza-topul-scaderilor-pe-orase_db\/\"},\"author\":{\"name\":\"Adriana Dr\u0103gu\u0219in\",\"@id\":\"https:\/\/www.imobiliare.ro\/imoexpert\/#\/schema\/person\/8c13b0297075010b896471fabf0d7790\"},\"headline\":\"Cu c\u00e2t s-au ieftinit casele \u015fi vilele \u00een cei 5 ani de criz\u0103. Topul sc\u0103derilor pe ora\u015fe\",\"datePublished\":\"2013-03-28T08:55:58+00:00\",\"mainEntityOfPage\":{\"@id\":\"https:\/\/www.imobiliare.ro\/imoexpert\/cu-cat-s-au-ieftinit-casele-si-vilele-in-cei-5-ani-de-criza-topul-scaderilor-pe-orase_db\/\"},\"wordCount\":687,\"commentCount\":0,\"publisher\":{\"@id\":\"https:\/\/www.imobiliare.ro\/imoexpert\/#organization\"},\"image\":{\"@id\":\"https:\/\/www.imobiliare.ro\/imoexpert\/cu-cat-s-au-ieftinit-casele-si-vilele-in-cei-5-ani-de-criza-topul-scaderilor-pe-orase_db\/#primaryimage\"},\"thumbnailUrl\":\"https:\/\/www.imobiliare.ro\/imoexpert\/wp-content\/uploads\/2013\/03\/casanoua.jpg\",\"keywords\":[\"V\u00e2nzare case\"],\"inLanguage\":\"en\",\"potentialAction\":[{\"@type\":\"CommentAction\",\"name\":\"Comment\",\"target\":[\"https:\/\/www.imobiliare.ro\/imoexpert\/cu-cat-s-au-ieftinit-casele-si-vilele-in-cei-5-ani-de-criza-topul-scaderilor-pe-orase_db\/#respond\"]}],\"copyrightYear\":\"2013\",\"copyrightHolder\":{\"@id\":\"https:\/\/www.imobiliare.ro\/imoexpert\/#organization\"}},{\"@type\":\"WebPage\",\"@id\":\"https:\/\/www.imobiliare.ro\/imoexpert\/cu-cat-s-au-ieftinit-casele-si-vilele-in-cei-5-ani-de-criza-topul-scaderilor-pe-orase_db\/\",\"url\":\"https:\/\/www.imobiliare.ro\/imoexpert\/cu-cat-s-au-ieftinit-casele-si-vilele-in-cei-5-ani-de-criza-topul-scaderilor-pe-orase_db\/\",\"name\":\"Cu c\u00e2t s-au ieftinit casele \u015fi vilele \u00een cei 5 ani de criz\u0103. Topul sc\u0103derilor pe ora\u015fe - ImoExpert\",\"isPartOf\":{\"@id\":\"https:\/\/www.imobiliare.ro\/imoexpert\/#website\"},\"primaryImageOfPage\":{\"@id\":\"https:\/\/www.imobiliare.ro\/imoexpert\/cu-cat-s-au-ieftinit-casele-si-vilele-in-cei-5-ani-de-criza-topul-scaderilor-pe-orase_db\/#primaryimage\"},\"image\":{\"@id\":\"https:\/\/www.imobiliare.ro\/imoexpert\/cu-cat-s-au-ieftinit-casele-si-vilele-in-cei-5-ani-de-criza-topul-scaderilor-pe-orase_db\/#primaryimage\"},\"thumbnailUrl\":\"https:\/\/www.imobiliare.ro\/imoexpert\/wp-content\/uploads\/2013\/03\/casanoua.jpg\",\"datePublished\":\"2013-03-28T08:55:58+00:00\",\"description\":\"Fa\u0163\u0103 de evolu\u0163ia pre\u0163urilor la apartamente, sc\u0103derile consemnate pe acest segment au fost ceva mai temperate. Recesiunea a lovit din plin \u00eentreaga pia\u0163\u0103\",\"breadcrumb\":{\"@id\":\"https:\/\/www.imobiliare.ro\/imoexpert\/cu-cat-s-au-ieftinit-casele-si-vilele-in-cei-5-ani-de-criza-topul-scaderilor-pe-orase_db\/#breadcrumb\"},\"inLanguage\":\"en\",\"potentialAction\":[{\"@type\":\"ReadAction\",\"target\":[\"https:\/\/www.imobiliare.ro\/imoexpert\/cu-cat-s-au-ieftinit-casele-si-vilele-in-cei-5-ani-de-criza-topul-scaderilor-pe-orase_db\/\"]}]},{\"@type\":\"ImageObject\",\"inLanguage\":\"en\",\"@id\":\"https:\/\/www.imobiliare.ro\/imoexpert\/cu-cat-s-au-ieftinit-casele-si-vilele-in-cei-5-ani-de-criza-topul-scaderilor-pe-orase_db\/#primaryimage\",\"url\":\"https:\/\/www.imobiliare.ro\/imoexpert\/wp-content\/uploads\/2013\/03\/casanoua.jpg\",\"contentUrl\":\"https:\/\/www.imobiliare.ro\/imoexpert\/wp-content\/uploads\/2013\/03\/casanoua.jpg\",\"width\":480,\"height\":313},{\"@type\":\"BreadcrumbList\",\"@id\":\"https:\/\/www.imobiliare.ro\/imoexpert\/cu-cat-s-au-ieftinit-casele-si-vilele-in-cei-5-ani-de-criza-topul-scaderilor-pe-orase_db\/#breadcrumb\",\"itemListElement\":[{\"@type\":\"ListItem\",\"position\":1,\"name\":\"Imoradar24\",\"item\":\"https:\/\/www.imoradar24.ro\"},{\"@type\":\"ListItem\",\"position\":2,\"name\":\"ImoExpert\",\"item\":\"https:\/\/www.imobiliare.ro\/imoexpert\/\"},{\"@type\":\"ListItem\",\"position\":3,\"name\":\"Cu c\u00e2t s-au ieftinit casele \u015fi vilele \u00een cei 5 ani de criz\u0103. Topul sc\u0103derilor pe ora\u015fe\"}]},{\"@type\":\"WebSite\",\"@id\":\"https:\/\/www.imobiliare.ro\/imoexpert\/#website\",\"url\":\"https:\/\/www.imobiliare.ro\/imoexpert\/\",\"name\":\"ImoExpert\",\"description\":\"cele mai importante \u015ftiri din domeniul imobiliar\",\"publisher\":{\"@id\":\"https:\/\/www.imobiliare.ro\/imoexpert\/#organization\"},\"inLanguage\":\"en\"},{\"@type\":\"Organization\",\"@id\":\"https:\/\/www.imobiliare.ro\/imoexpert\/#organization\",\"name\":\"Imobiliare.ro\",\"alternateName\":\"Realmedia Network SA\",\"url\":\"https:\/\/www.imobiliare.ro\/imoexpert\/\",\"logo\":{\"@type\":\"ImageObject\",\"inLanguage\":\"en\",\"@id\":\"https:\/\/www.imobiliare.ro\/imoexpert\/#\/schema\/logo\/image\/\",\"url\":\"https:\/\/www.imobiliare.ro\/imoexpert\/wp-content\/uploads\/2025\/05\/imobiliare_logo.png\",\"contentUrl\":\"https:\/\/www.imobiliare.ro\/imoexpert\/wp-content\/uploads\/2025\/05\/imobiliare_logo.png\",\"width\":237,\"height\":29,\"caption\":\"Imobiliare.ro\"},\"image\":{\"@id\":\"https:\/\/www.imobiliare.ro\/imoexpert\/#\/schema\/logo\/image\/\"}},{\"@type\":\"Person\",\"@id\":\"https:\/\/www.imobiliare.ro\/imoexpert\/#\/schema\/person\/8c13b0297075010b896471fabf0d7790\",\"name\":\"Adriana Dr\u0103gu\u0219in\",\"image\":{\"@type\":\"ImageObject\",\"inLanguage\":\"en\",\"@id\":\"https:\/\/www.imobiliare.ro\/imoexpert\/#\/schema\/person\/image\/\",\"url\":\"https:\/\/secure.gravatar.com\/avatar\/ba4762f7517e50e679ed7f11207102d1150120f2f5800c0da98f8a15305bf514?s=96&d=mm&r=g\",\"contentUrl\":\"https:\/\/secure.gravatar.com\/avatar\/ba4762f7517e50e679ed7f11207102d1150120f2f5800c0da98f8a15305bf514?s=96&d=mm&r=g\",\"caption\":\"Adriana Dr\u0103gu\u0219in\"},\"jobTitle\":\"Editor\",\"url\":\"https:\/\/www.imobiliare.ro\/imoexpert\/author\/adriana-dragusin\/\"}]}<\/script>\n<!-- \/ Yoast SEO Premium plugin. -->","yoast_head_json":{"title":"Cu c\u00e2t s-au ieftinit casele \u015fi vilele \u00een cei 5 ani de criz\u0103. Topul sc\u0103derilor pe ora\u015fe - ImoExpert","description":"Fa\u0163\u0103 de evolu\u0163ia pre\u0163urilor la apartamente, sc\u0103derile consemnate pe acest segment au fost ceva mai temperate. Recesiunea a lovit din plin \u00eentreaga pia\u0163\u0103","robots":{"index":"index","follow":"follow"},"canonical":"https:\/\/www.imobiliare.ro\/imoexpert\/cu-cat-s-au-ieftinit-casele-si-vilele-in-cei-5-ani-de-criza-topul-scaderilor-pe-orase_db\/","og_locale":"ro_RO","og_type":"article","og_title":"Cu c\u00e2t s-au ieftinit casele \u015fi vilele \u00een cei 5 ani de criz\u0103. Topul sc\u0103derilor pe ora\u015fe","og_description":"Fa\u0163\u0103 de evolu\u0163ia pre\u0163urilor la apartamente, sc\u0103derile consemnate pe acest segment au fost ceva mai temperate. Recesiunea a lovit din plin \u00eentreaga pia\u0163\u0103","og_url":"https:\/\/www.imobiliare.ro\/imoexpert\/cu-cat-s-au-ieftinit-casele-si-vilele-in-cei-5-ani-de-criza-topul-scaderilor-pe-orase_db\/","og_site_name":"ImoExpert","article_published_time":"2013-03-28T08:55:58+00:00","og_image":[{"width":480,"height":313,"url":"https:\/\/www.imobiliare.ro\/imoexpert\/wp-content\/uploads\/2013\/03\/casanoua.jpg","type":"image\/jpeg"}],"author":"Adriana Dr\u0103gu\u0219in","twitter_card":"summary_large_image","twitter_misc":{"Written by":"Adriana Dr\u0103gu\u0219in","Est. reading time":"3 minute"},"schema":{"@context":"https:\/\/schema.org","@graph":[{"@type":"Article","@id":"https:\/\/www.imobiliare.ro\/imoexpert\/cu-cat-s-au-ieftinit-casele-si-vilele-in-cei-5-ani-de-criza-topul-scaderilor-pe-orase_db\/#article","isPartOf":{"@id":"https:\/\/www.imobiliare.ro\/imoexpert\/cu-cat-s-au-ieftinit-casele-si-vilele-in-cei-5-ani-de-criza-topul-scaderilor-pe-orase_db\/"},"author":{"name":"Adriana Dr\u0103gu\u0219in","@id":"https:\/\/www.imobiliare.ro\/imoexpert\/#\/schema\/person\/8c13b0297075010b896471fabf0d7790"},"headline":"Cu c\u00e2t s-au ieftinit casele \u015fi vilele \u00een cei 5 ani de criz\u0103. Topul sc\u0103derilor pe ora\u015fe","datePublished":"2013-03-28T08:55:58+00:00","mainEntityOfPage":{"@id":"https:\/\/www.imobiliare.ro\/imoexpert\/cu-cat-s-au-ieftinit-casele-si-vilele-in-cei-5-ani-de-criza-topul-scaderilor-pe-orase_db\/"},"wordCount":687,"commentCount":0,"publisher":{"@id":"https:\/\/www.imobiliare.ro\/imoexpert\/#organization"},"image":{"@id":"https:\/\/www.imobiliare.ro\/imoexpert\/cu-cat-s-au-ieftinit-casele-si-vilele-in-cei-5-ani-de-criza-topul-scaderilor-pe-orase_db\/#primaryimage"},"thumbnailUrl":"https:\/\/www.imobiliare.ro\/imoexpert\/wp-content\/uploads\/2013\/03\/casanoua.jpg","keywords":["V\u00e2nzare case"],"inLanguage":"en","potentialAction":[{"@type":"CommentAction","name":"Comment","target":["https:\/\/www.imobiliare.ro\/imoexpert\/cu-cat-s-au-ieftinit-casele-si-vilele-in-cei-5-ani-de-criza-topul-scaderilor-pe-orase_db\/#respond"]}],"copyrightYear":"2013","copyrightHolder":{"@id":"https:\/\/www.imobiliare.ro\/imoexpert\/#organization"}},{"@type":"WebPage","@id":"https:\/\/www.imobiliare.ro\/imoexpert\/cu-cat-s-au-ieftinit-casele-si-vilele-in-cei-5-ani-de-criza-topul-scaderilor-pe-orase_db\/","url":"https:\/\/www.imobiliare.ro\/imoexpert\/cu-cat-s-au-ieftinit-casele-si-vilele-in-cei-5-ani-de-criza-topul-scaderilor-pe-orase_db\/","name":"Cu c\u00e2t s-au ieftinit casele \u015fi vilele \u00een cei 5 ani de criz\u0103. Topul sc\u0103derilor pe ora\u015fe - ImoExpert","isPartOf":{"@id":"https:\/\/www.imobiliare.ro\/imoexpert\/#website"},"primaryImageOfPage":{"@id":"https:\/\/www.imobiliare.ro\/imoexpert\/cu-cat-s-au-ieftinit-casele-si-vilele-in-cei-5-ani-de-criza-topul-scaderilor-pe-orase_db\/#primaryimage"},"image":{"@id":"https:\/\/www.imobiliare.ro\/imoexpert\/cu-cat-s-au-ieftinit-casele-si-vilele-in-cei-5-ani-de-criza-topul-scaderilor-pe-orase_db\/#primaryimage"},"thumbnailUrl":"https:\/\/www.imobiliare.ro\/imoexpert\/wp-content\/uploads\/2013\/03\/casanoua.jpg","datePublished":"2013-03-28T08:55:58+00:00","description":"Fa\u0163\u0103 de evolu\u0163ia pre\u0163urilor la apartamente, sc\u0103derile consemnate pe acest segment au fost ceva mai temperate. Recesiunea a lovit din plin \u00eentreaga pia\u0163\u0103","breadcrumb":{"@id":"https:\/\/www.imobiliare.ro\/imoexpert\/cu-cat-s-au-ieftinit-casele-si-vilele-in-cei-5-ani-de-criza-topul-scaderilor-pe-orase_db\/#breadcrumb"},"inLanguage":"en","potentialAction":[{"@type":"ReadAction","target":["https:\/\/www.imobiliare.ro\/imoexpert\/cu-cat-s-au-ieftinit-casele-si-vilele-in-cei-5-ani-de-criza-topul-scaderilor-pe-orase_db\/"]}]},{"@type":"ImageObject","inLanguage":"en","@id":"https:\/\/www.imobiliare.ro\/imoexpert\/cu-cat-s-au-ieftinit-casele-si-vilele-in-cei-5-ani-de-criza-topul-scaderilor-pe-orase_db\/#primaryimage","url":"https:\/\/www.imobiliare.ro\/imoexpert\/wp-content\/uploads\/2013\/03\/casanoua.jpg","contentUrl":"https:\/\/www.imobiliare.ro\/imoexpert\/wp-content\/uploads\/2013\/03\/casanoua.jpg","width":480,"height":313},{"@type":"BreadcrumbList","@id":"https:\/\/www.imobiliare.ro\/imoexpert\/cu-cat-s-au-ieftinit-casele-si-vilele-in-cei-5-ani-de-criza-topul-scaderilor-pe-orase_db\/#breadcrumb","itemListElement":[{"@type":"ListItem","position":1,"name":"Imoradar24","item":"https:\/\/www.imoradar24.ro"},{"@type":"ListItem","position":2,"name":"ImoExpert","item":"https:\/\/www.imobiliare.ro\/imoexpert\/"},{"@type":"ListItem","position":3,"name":"Cu c\u00e2t s-au ieftinit casele \u015fi vilele \u00een cei 5 ani de criz\u0103. Topul sc\u0103derilor pe ora\u015fe"}]},{"@type":"WebSite","@id":"https:\/\/www.imobiliare.ro\/imoexpert\/#website","url":"https:\/\/www.imobiliare.ro\/imoexpert\/","name":"ImoExpert","description":"cele mai importante \u015ftiri din domeniul imobiliar","publisher":{"@id":"https:\/\/www.imobiliare.ro\/imoexpert\/#organization"},"inLanguage":"en"},{"@type":"Organization","@id":"https:\/\/www.imobiliare.ro\/imoexpert\/#organization","name":"Imobiliare.ro","alternateName":"Realmedia Network SA","url":"https:\/\/www.imobiliare.ro\/imoexpert\/","logo":{"@type":"ImageObject","inLanguage":"en","@id":"https:\/\/www.imobiliare.ro\/imoexpert\/#\/schema\/logo\/image\/","url":"https:\/\/www.imobiliare.ro\/imoexpert\/wp-content\/uploads\/2025\/05\/imobiliare_logo.png","contentUrl":"https:\/\/www.imobiliare.ro\/imoexpert\/wp-content\/uploads\/2025\/05\/imobiliare_logo.png","width":237,"height":29,"caption":"Imobiliare.ro"},"image":{"@id":"https:\/\/www.imobiliare.ro\/imoexpert\/#\/schema\/logo\/image\/"}},{"@type":"Person","@id":"https:\/\/www.imobiliare.ro\/imoexpert\/#\/schema\/person\/8c13b0297075010b896471fabf0d7790","name":"Adriana Dr\u0103gu\u0219in","image":{"@type":"ImageObject","inLanguage":"en","@id":"https:\/\/www.imobiliare.ro\/imoexpert\/#\/schema\/person\/image\/","url":"https:\/\/secure.gravatar.com\/avatar\/ba4762f7517e50e679ed7f11207102d1150120f2f5800c0da98f8a15305bf514?s=96&d=mm&r=g","contentUrl":"https:\/\/secure.gravatar.com\/avatar\/ba4762f7517e50e679ed7f11207102d1150120f2f5800c0da98f8a15305bf514?s=96&d=mm&r=g","caption":"Adriana Dr\u0103gu\u0219in"},"jobTitle":"Editor","url":"https:\/\/www.imobiliare.ro\/imoexpert\/author\/adriana-dragusin\/"}]}},"_links":{"self":[{"href":"https:\/\/www.imobiliare.ro\/imoexpert\/wp-json\/wp\/v2\/posts\/24249","targetHints":{"allow":["GET"]}}],"collection":[{"href":"https:\/\/www.imobiliare.ro\/imoexpert\/wp-json\/wp\/v2\/posts"}],"about":[{"href":"https:\/\/www.imobiliare.ro\/imoexpert\/wp-json\/wp\/v2\/types\/post"}],"author":[{"embeddable":true,"href":"https:\/\/www.imobiliare.ro\/imoexpert\/wp-json\/wp\/v2\/users\/829"}],"replies":[{"embeddable":true,"href":"https:\/\/www.imobiliare.ro\/imoexpert\/wp-json\/wp\/v2\/comments?post=24249"}],"version-history":[{"count":0,"href":"https:\/\/www.imobiliare.ro\/imoexpert\/wp-json\/wp\/v2\/posts\/24249\/revisions"}],"wp:featuredmedia":[{"embeddable":true,"href":"https:\/\/www.imobiliare.ro\/imoexpert\/wp-json\/wp\/v2\/media\/24250"}],"wp:attachment":[{"href":"https:\/\/www.imobiliare.ro\/imoexpert\/wp-json\/wp\/v2\/media?parent=24249"}],"wp:term":[{"taxonomy":"category","embeddable":true,"href":"https:\/\/www.imobiliare.ro\/imoexpert\/wp-json\/wp\/v2\/categories?post=24249"},{"taxonomy":"post_tag","embeddable":true,"href":"https:\/\/www.imobiliare.ro\/imoexpert\/wp-json\/wp\/v2\/tags?post=24249"},{"taxonomy":"content_author","embeddable":true,"href":"https:\/\/www.imobiliare.ro\/imoexpert\/wp-json\/wp\/v2\/content_author?post=24249"}],"curies":[{"name":"wp","href":"https:\/\/api.w.org\/{rel}","templated":true}]}}