{"id":25491,"date":"2013-06-18T15:53:21","date_gmt":"2013-06-18T12:53:21","guid":{"rendered":"https:\/\/www.imobiliare.ro\/?p=25491_db\/"},"modified":"2013-06-18T15:53:21","modified_gmt":"2013-06-18T12:53:21","slug":"tendinte-in-arhitectura-contemporana-cum-arata-cele-mai-inedite-proiecte-de-casa-romanesti","status":"publish","type":"post","link":"https:\/\/www.imobiliare.ro\/imoexpert\/tendinte-in-arhitectura-contemporana-cum-arata-cele-mai-inedite-proiecte-de-casa-romanesti_db\/","title":{"rendered":"Tendin\u021be \u00een arhitectura contemporan\u0103: Cum arat\u0103 cele mai inedite proiecte de cas\u0103 rom\u00e2ne\u0219ti"},"content":{"rendered":"<p><strong>Arhitec\u021bii rom\u00e2ni dovedesc aceea\u0219i \u00eenclina\u021bie, vizibil\u0103 \u00een \u00eentreaga lume, spre forme \u0219i materiale neobi\u0219nuite.<\/strong><\/p>\n<p>\u00cen cadrul Anualei de Arhitectur\u0103 Bucure\u0219ti au fost premiate ieri cele mai bune proiecte de profil. La categoria Locuin\u021be, c\u00e2\u0219tig\u0103toarea anului 2013 este o cas\u0103 deja existent\u0103 din Gala\u021bi, transformat\u0103 \u00eens\u0103 de arhitec\u021bi cu ajutorul unor materiale \u0219i tehnici actuale \u0219i \u201e\u00eembog\u0103\u021bit\u0103\u201d prin crearea unei cur\u021bi interioare. \u201eA sta la curte \u00eenseamn\u0103, \u00een sens popular, a locui la cas\u0103, pe p\u0103m\u00e2nt. Curtea nu are delimit\u0103ri clare, nici un raport precis cu locuin\u021ba. Prin extinderea lateral\u0103, pe p\u0103m\u00e2nt, a casei, spa\u021biul exterior este divizat \u00een trei cur\u021bi de dimensiuni intime. Acestea devin o prelungire a casei, fiecare o camer\u0103 suplimentar\u0103\u201d, explic\u0103 autorii.<\/p>\n<p><a class=\"article-body-links\"href=\"https:\/\/info.imobiliare.ro\/wp-content\/uploads\/2013\/06\/casa-la-curte-1.jpg\"><img loading=\"lazy\" decoding=\"async\" src=\"https:\/\/info.imobiliare.ro\/wp-content\/uploads\/2013\/06\/casa-la-curte-1.jpg\" alt=\"casa la curte 1\" width=\"602\" height=\"301\" class=\"alignleft size-full wp-image-25492\" srcset=\"https:\/\/www.imobiliare.ro\/imoexpert\/wp-content\/uploads\/2013\/06\/casa-la-curte-1.jpg 602w, https:\/\/www.imobiliare.ro\/imoexpert\/wp-content\/uploads\/2013\/06\/casa-la-curte-1-300x150.jpg 300w, https:\/\/www.imobiliare.ro\/imoexpert\/wp-content\/uploads\/2013\/06\/casa-la-curte-1-600x301.jpg 600w\" sizes=\"auto, (max-width: 602px) 100vw, 602px\" \/><\/a><br \/>\n<a class=\"article-body-links\"href=\"https:\/\/info.imobiliare.ro\/wp-content\/uploads\/2013\/06\/casa-la-curte-2.jpg\"><img loading=\"lazy\" decoding=\"async\" src=\"https:\/\/info.imobiliare.ro\/wp-content\/uploads\/2013\/06\/casa-la-curte-2.jpg\" alt=\"casa la curte 2\" width=\"596\" height=\"717\" class=\"alignleft size-full wp-image-25493\" srcset=\"https:\/\/www.imobiliare.ro\/imoexpert\/wp-content\/uploads\/2013\/06\/casa-la-curte-2.jpg 596w, https:\/\/www.imobiliare.ro\/imoexpert\/wp-content\/uploads\/2013\/06\/casa-la-curte-2-249x300.jpg 249w\" sizes=\"auto, (max-width: 596px) 100vw, 596px\" \/><\/a><br \/>\n<a class=\"article-body-links\"href=\"https:\/\/info.imobiliare.ro\/wp-content\/uploads\/2013\/06\/casa-la-curte-3.jpg\"><img loading=\"lazy\" decoding=\"async\" src=\"https:\/\/info.imobiliare.ro\/wp-content\/uploads\/2013\/06\/casa-la-curte-3.jpg\" alt=\"casa la curte 3\" width=\"602\" height=\"350\" class=\"alignleft size-full wp-image-25494\" srcset=\"https:\/\/www.imobiliare.ro\/imoexpert\/wp-content\/uploads\/2013\/06\/casa-la-curte-3.jpg 602w, https:\/\/www.imobiliare.ro\/imoexpert\/wp-content\/uploads\/2013\/06\/casa-la-curte-3-300x174.jpg 300w\" sizes=\"auto, (max-width: 602px) 100vw, 602px\" \/><\/a><\/p>\n<p>Printre proiectele nominalizate la aceast\u0103 categorie se \u00eenscrie \u0219i cel de mai jos, intitulat \u201eCasa din cupru\u201d. Aceasta reflect\u0103 o tendin\u021b\u0103 actual\u0103 \u00een arhitectura din \u00eentreaga lume, respectiv o \u00eenclina\u021bie deosebit\u0103 spre un material de construc\u021bie cum este metalul \u2013 care \u00ee\u0219i dep\u0103\u0219e\u0219te aici sfera utiliz\u0103rilor obi\u0219nuite, \u201e\u00eembr\u0103c\u00e2nd\u201d practic \u00eentreaga cas\u0103.<\/p>\n<p><a class=\"article-body-links\"href=\"https:\/\/info.imobiliare.ro\/wp-content\/uploads\/2013\/06\/casa-din-cupru.jpg\"><img loading=\"lazy\" decoding=\"async\" src=\"https:\/\/info.imobiliare.ro\/wp-content\/uploads\/2013\/06\/casa-din-cupru.jpg\" alt=\"casa din cupru\" width=\"602\" height=\"362\" class=\"alignleft size-full wp-image-25495\" srcset=\"https:\/\/www.imobiliare.ro\/imoexpert\/wp-content\/uploads\/2013\/06\/casa-din-cupru.jpg 602w, https:\/\/www.imobiliare.ro\/imoexpert\/wp-content\/uploads\/2013\/06\/casa-din-cupru-300x180.jpg 300w\" sizes=\"auto, (max-width: 602px) 100vw, 602px\" \/><\/a><br \/>\n<a class=\"article-body-links\"href=\"https:\/\/info.imobiliare.ro\/wp-content\/uploads\/2013\/06\/casa-din-cupru-2.jpg\"><img loading=\"lazy\" decoding=\"async\" src=\"https:\/\/info.imobiliare.ro\/wp-content\/uploads\/2013\/06\/casa-din-cupru-2.jpg\" alt=\"casa din cupru 2\" width=\"600\" height=\"385\" class=\"alignleft size-full wp-image-25496\" srcset=\"https:\/\/www.imobiliare.ro\/imoexpert\/wp-content\/uploads\/2013\/06\/casa-din-cupru-2.jpg 600w, https:\/\/www.imobiliare.ro\/imoexpert\/wp-content\/uploads\/2013\/06\/casa-din-cupru-2-300x193.jpg 300w, https:\/\/www.imobiliare.ro\/imoexpert\/wp-content\/uploads\/2013\/06\/casa-din-cupru-2-87x57.jpg 87w, https:\/\/www.imobiliare.ro\/imoexpert\/wp-content\/uploads\/2013\/06\/casa-din-cupru-2-65x43.jpg 65w\" sizes=\"auto, (max-width: 600px) 100vw, 600px\" \/><\/a><br \/>\n<a class=\"article-body-links\"href=\"https:\/\/info.imobiliare.ro\/wp-content\/uploads\/2013\/06\/casa-din-cupru-3.jpg\"><img loading=\"lazy\" decoding=\"async\" src=\"https:\/\/info.imobiliare.ro\/wp-content\/uploads\/2013\/06\/casa-din-cupru-3.jpg\" alt=\"casa din cupru 3\" width=\"602\" height=\"360\" class=\"alignleft size-full wp-image-25497\" srcset=\"https:\/\/www.imobiliare.ro\/imoexpert\/wp-content\/uploads\/2013\/06\/casa-din-cupru-3.jpg 602w, https:\/\/www.imobiliare.ro\/imoexpert\/wp-content\/uploads\/2013\/06\/casa-din-cupru-3-300x179.jpg 300w\" sizes=\"auto, (max-width: 602px) 100vw, 602px\" \/><\/a><\/p>\n<p>O alt\u0103 construc\u021bie inedit\u0103 participant\u0103 la Anuala de Arhitectur\u0103 2013 este o cas\u0103 din Bucure\u0219ti, situat\u0103 pe strada Osta\u0219ilor. Provocarea acestui proiect decurge din amplasamentul s\u0103u dificil, pe un teren de doar 238 de metri p\u0103tra\u021bi, cu form\u0103 alungit\u0103 \u0219i cu deschidere mic\u0103 la strad\u0103 (de circa opt metri). \u201eSpa\u021biile interioare deschise pe dou\u0103 niveluri \u0219i exprimate \u00een fa\u021bad\u0103 prin ferestre verticale ample, logia etajului doi care se prelunge\u0219te p\u00e2n\u0103 la nivelul mansardei, scara exterioar\u0103 inclus\u0103 \u00een anvelopa casei \u0219i golurile \u00eempu\u0219cate aleatoriu pe fa\u021bade dau volumului un aspect unitar, compact, \u00een care cu greu se disting nivelurile \u0219i func\u021biunile, dar \u00een care se intuie\u0219te fluiditatea interioar\u0103 a spa\u021biilor\u201d, spun arhitec\u021bii.<\/p>\n<p><a class=\"article-body-links\"href=\"https:\/\/info.imobiliare.ro\/wp-content\/uploads\/2013\/06\/casa-ostasilor-1.jpg\"><img loading=\"lazy\" decoding=\"async\" src=\"https:\/\/info.imobiliare.ro\/wp-content\/uploads\/2013\/06\/casa-ostasilor-1.jpg\" alt=\"casa ostasilor 1\" width=\"596\" height=\"645\" class=\"alignleft size-full wp-image-25498\" srcset=\"https:\/\/www.imobiliare.ro\/imoexpert\/wp-content\/uploads\/2013\/06\/casa-ostasilor-1.jpg 596w, https:\/\/www.imobiliare.ro\/imoexpert\/wp-content\/uploads\/2013\/06\/casa-ostasilor-1-277x300.jpg 277w\" sizes=\"auto, (max-width: 596px) 100vw, 596px\" \/><\/a><br \/>\n<a class=\"article-body-links\"href=\"https:\/\/info.imobiliare.ro\/wp-content\/uploads\/2013\/06\/casa-ostasilor-2.jpg\"><img loading=\"lazy\" decoding=\"async\" src=\"https:\/\/info.imobiliare.ro\/wp-content\/uploads\/2013\/06\/casa-ostasilor-2.jpg\" alt=\"casa ostasilor 2\" width=\"602\" height=\"395\" class=\"alignleft size-full wp-image-25499\" srcset=\"https:\/\/www.imobiliare.ro\/imoexpert\/wp-content\/uploads\/2013\/06\/casa-ostasilor-2.jpg 602w, https:\/\/www.imobiliare.ro\/imoexpert\/wp-content\/uploads\/2013\/06\/casa-ostasilor-2-300x197.jpg 300w, https:\/\/www.imobiliare.ro\/imoexpert\/wp-content\/uploads\/2013\/06\/casa-ostasilor-2-87x57.jpg 87w, https:\/\/www.imobiliare.ro\/imoexpert\/wp-content\/uploads\/2013\/06\/casa-ostasilor-2-65x43.jpg 65w\" sizes=\"auto, (max-width: 602px) 100vw, 602px\" \/><\/a><br \/>\n<a class=\"article-body-links\"href=\"https:\/\/info.imobiliare.ro\/wp-content\/uploads\/2013\/06\/casa-ostasilor-3.jpg\"><img loading=\"lazy\" decoding=\"async\" src=\"https:\/\/info.imobiliare.ro\/wp-content\/uploads\/2013\/06\/casa-ostasilor-3.jpg\" alt=\"casa ostasilor 3\" width=\"602\" height=\"395\" class=\"alignleft size-full wp-image-25500\" srcset=\"https:\/\/www.imobiliare.ro\/imoexpert\/wp-content\/uploads\/2013\/06\/casa-ostasilor-3.jpg 602w, https:\/\/www.imobiliare.ro\/imoexpert\/wp-content\/uploads\/2013\/06\/casa-ostasilor-3-300x197.jpg 300w, https:\/\/www.imobiliare.ro\/imoexpert\/wp-content\/uploads\/2013\/06\/casa-ostasilor-3-87x57.jpg 87w, https:\/\/www.imobiliare.ro\/imoexpert\/wp-content\/uploads\/2013\/06\/casa-ostasilor-3-65x43.jpg 65w\" sizes=\"auto, (max-width: 602px) 100vw, 602px\" \/><\/a><\/p>\n<p>Tot la categoria \u201eLocuin\u021be\u201d a fost nominalizat\u0103 \u0219i o cas\u0103 construit\u0103 \u00een p\u0103dure, proiect intitulat \u201eTrunchiuri, vreascuri, frunze\u201d. \u201eForma casei reia a\u0219ezarea aleatorie a trei vreascuri sc\u0103pate din m\u00e2n\u0103, c\u0103zute unul peste altul pe covorul de frunze sau poate adunate pentru a face focul. Asemenea coroanei arborelui ce se \u00eenal\u021b\u0103 c\u0103tre soare, nivelurile casei sunt frunze suprapuse, platforme plutitoare ce se deschid progresiv, de jos \u00een sus, \u00een terase tot mai expuse c\u0103tre lumin\u0103, a\u0219ezare ce permite \u00eendep\u0103rtarea spa\u021biilor principale de locuit de nivelul terenului, inevitabil umbrit\u201d, descriu autorii proiectul.<\/p>\n<p><a class=\"article-body-links\"href=\"https:\/\/info.imobiliare.ro\/wp-content\/uploads\/2013\/06\/trunchiuri-vreascuri-frunze-1.jpg\"><img loading=\"lazy\" decoding=\"async\" src=\"https:\/\/info.imobiliare.ro\/wp-content\/uploads\/2013\/06\/trunchiuri-vreascuri-frunze-1.jpg\" alt=\"trunchiuri, vreascuri, frunze 1\" width=\"602\" height=\"364\" class=\"alignleft size-full wp-image-25501\" srcset=\"https:\/\/www.imobiliare.ro\/imoexpert\/wp-content\/uploads\/2013\/06\/trunchiuri-vreascuri-frunze-1.jpg 602w, https:\/\/www.imobiliare.ro\/imoexpert\/wp-content\/uploads\/2013\/06\/trunchiuri-vreascuri-frunze-1-300x181.jpg 300w\" sizes=\"auto, (max-width: 602px) 100vw, 602px\" \/><\/a><br \/>\n<a class=\"article-body-links\"href=\"https:\/\/info.imobiliare.ro\/wp-content\/uploads\/2013\/06\/trunchiuri-vreascuri-frunze-2.jpg\"><img loading=\"lazy\" decoding=\"async\" src=\"https:\/\/info.imobiliare.ro\/wp-content\/uploads\/2013\/06\/trunchiuri-vreascuri-frunze-2.jpg\" alt=\"trunchiuri, vreascuri, frunze 2\" width=\"602\" height=\"324\" class=\"alignleft size-full wp-image-25502\" srcset=\"https:\/\/www.imobiliare.ro\/imoexpert\/wp-content\/uploads\/2013\/06\/trunchiuri-vreascuri-frunze-2.jpg 602w, https:\/\/www.imobiliare.ro\/imoexpert\/wp-content\/uploads\/2013\/06\/trunchiuri-vreascuri-frunze-2-300x161.jpg 300w\" sizes=\"auto, (max-width: 602px) 100vw, 602px\" \/><\/a><br \/>\n<a class=\"article-body-links\"href=\"https:\/\/info.imobiliare.ro\/wp-content\/uploads\/2013\/06\/trunchiuri-vreascuri-frunze-3.jpg\"><img loading=\"lazy\" decoding=\"async\" src=\"https:\/\/info.imobiliare.ro\/wp-content\/uploads\/2013\/06\/trunchiuri-vreascuri-frunze-3.jpg\" alt=\"trunchiuri, vreascuri, frunze 3\" width=\"602\" height=\"338\" class=\"alignleft size-full wp-image-25503\" srcset=\"https:\/\/www.imobiliare.ro\/imoexpert\/wp-content\/uploads\/2013\/06\/trunchiuri-vreascuri-frunze-3.jpg 602w, https:\/\/www.imobiliare.ro\/imoexpert\/wp-content\/uploads\/2013\/06\/trunchiuri-vreascuri-frunze-3-300x168.jpg 300w\" sizes=\"auto, (max-width: 602px) 100vw, 602px\" \/><\/a><br \/>\n<a class=\"article-body-links\"href=\"https:\/\/info.imobiliare.ro\/wp-content\/uploads\/2013\/06\/trunchiuri-vreascuri-frunze-4.jpg\"><img loading=\"lazy\" decoding=\"async\" src=\"https:\/\/info.imobiliare.ro\/wp-content\/uploads\/2013\/06\/trunchiuri-vreascuri-frunze-4.jpg\" alt=\"trunchiuri, vreascuri, frunze 4\" width=\"598\" height=\"428\" class=\"alignleft size-full wp-image-25504\" srcset=\"https:\/\/www.imobiliare.ro\/imoexpert\/wp-content\/uploads\/2013\/06\/trunchiuri-vreascuri-frunze-4.jpg 598w, https:\/\/www.imobiliare.ro\/imoexpert\/wp-content\/uploads\/2013\/06\/trunchiuri-vreascuri-frunze-4-300x215.jpg 300w\" sizes=\"auto, (max-width: 598px) 100vw, 598px\" \/><\/a><\/p>\n<p>Printre construc\u021biile inedite de anul acesta se num\u0103r\u0103 \u0219i Young Concept, o locuin\u021b\u0103 din zona Pipera-Voluntari (jude\u021bul lfov), realizat\u0103 pentru o familie t\u00e2n\u0103r\u0103. Casa este alc\u0103tuit\u0103 din trei prisme suprapuse \u0219i orientate diferit; fa\u021bada secundar\u0103,  deschis\u0103 spre curtea interioar\u0103, are ferestre generoase. \u201eConstruc\u021bia este realizat\u0103 pe o structur\u0103 metalic\u0103, aceasta permi\u021b\u00e2nd deschideri largi, console \u0219i deschideri de dimensiuni mari. T\u0103ieturile ferestrelor ofer\u0103 volumului un plus de dinamism, ca \u0219i jocul de texturi propus \u2013 lemn, piatr\u0103, sticl\u0103, metal \u2013 fiecare corp fiind practic \u00eembr\u0103cat \u00eentr-un alt material\u201d, se arat\u0103 \u00een descrierea proiectului.   <\/p>\n<p><a class=\"article-body-links\"href=\"https:\/\/info.imobiliare.ro\/wp-content\/uploads\/2013\/06\/Young-Concept-1.jpg\"><img loading=\"lazy\" decoding=\"async\" src=\"https:\/\/info.imobiliare.ro\/wp-content\/uploads\/2013\/06\/Young-Concept-1.jpg\" alt=\"Young Concept 1\" width=\"598\" height=\"557\" class=\"alignleft size-full wp-image-25505\" srcset=\"https:\/\/www.imobiliare.ro\/imoexpert\/wp-content\/uploads\/2013\/06\/Young-Concept-1.jpg 598w, https:\/\/www.imobiliare.ro\/imoexpert\/wp-content\/uploads\/2013\/06\/Young-Concept-1-300x279.jpg 300w\" sizes=\"auto, (max-width: 598px) 100vw, 598px\" \/><\/a><br \/>\n<a class=\"article-body-links\"href=\"https:\/\/info.imobiliare.ro\/wp-content\/uploads\/2013\/06\/Young-Concept-2.jpg\"><img loading=\"lazy\" decoding=\"async\" src=\"https:\/\/info.imobiliare.ro\/wp-content\/uploads\/2013\/06\/Young-Concept-2.jpg\" alt=\"Young Concept 2\" width=\"598\" height=\"400\" class=\"alignleft size-full wp-image-25506\" srcset=\"https:\/\/www.imobiliare.ro\/imoexpert\/wp-content\/uploads\/2013\/06\/Young-Concept-2.jpg 598w, https:\/\/www.imobiliare.ro\/imoexpert\/wp-content\/uploads\/2013\/06\/Young-Concept-2-300x201.jpg 300w, https:\/\/www.imobiliare.ro\/imoexpert\/wp-content\/uploads\/2013\/06\/Young-Concept-2-87x57.jpg 87w, https:\/\/www.imobiliare.ro\/imoexpert\/wp-content\/uploads\/2013\/06\/Young-Concept-2-65x43.jpg 65w\" sizes=\"auto, (max-width: 598px) 100vw, 598px\" \/><\/a><br \/>\n<a class=\"article-body-links\"href=\"https:\/\/info.imobiliare.ro\/wp-content\/uploads\/2013\/06\/Young-Concept-3.jpg\"><img loading=\"lazy\" decoding=\"async\" src=\"https:\/\/info.imobiliare.ro\/wp-content\/uploads\/2013\/06\/Young-Concept-3.jpg\" alt=\"Young Concept 3\" width=\"598\" height=\"330\" class=\"alignleft size-full wp-image-25507\" srcset=\"https:\/\/www.imobiliare.ro\/imoexpert\/wp-content\/uploads\/2013\/06\/Young-Concept-3.jpg 598w, https:\/\/www.imobiliare.ro\/imoexpert\/wp-content\/uploads\/2013\/06\/Young-Concept-3-300x166.jpg 300w\" sizes=\"auto, (max-width: 598px) 100vw, 598px\" \/><\/a><br \/>\n<a class=\"article-body-links\"href=\"https:\/\/info.imobiliare.ro\/wp-content\/uploads\/2013\/06\/Young-Concept-4.jpg\"><img loading=\"lazy\" decoding=\"async\" src=\"https:\/\/info.imobiliare.ro\/wp-content\/uploads\/2013\/06\/Young-Concept-4.jpg\" alt=\"Young Concept 4\" width=\"602\" height=\"323\" class=\"alignleft size-full wp-image-25508\" srcset=\"https:\/\/www.imobiliare.ro\/imoexpert\/wp-content\/uploads\/2013\/06\/Young-Concept-4.jpg 602w, https:\/\/www.imobiliare.ro\/imoexpert\/wp-content\/uploads\/2013\/06\/Young-Concept-4-300x161.jpg 300w\" sizes=\"auto, (max-width: 602px) 100vw, 602px\" \/><\/a><\/p>\n<p><em><strong>Cite\u0219te \u0219i: <a class=\"article-body-links\"href=\"https:\/\/www.imobiliare.ro\/articole\/casa-din-garaje-de-beton-o-solutie-de-construire-ieftina-si-inedita-premiata-de-catre-arhitecti_db\/\">Casa din&#8230; garaje de beton: o solu\u021bie de construire ieftin\u0103 \u0219i inedit\u0103, premiat\u0103 de arhitec\u021bi<\/a><\/strong><\/em><\/p>\n","protected":false},"excerpt":{"rendered":"<p>Arhitec\u021bii rom\u00e2ni dovedesc aceea\u0219i \u00eenclina\u021bie, vizibil\u0103 \u00een \u00eentreaga lume, spre forme \u0219i materiale neobi\u0219nuite. \u00cen cadrul Anualei de Arhitectur\u0103 Bucure\u0219ti au fost premiate ieri cele mai bune proiecte de profil. La categoria Locuin\u021be, c\u00e2\u0219tig\u0103toarea anului 2013 este o cas\u0103 deja existent\u0103 din Gala\u021bi, transformat\u0103 \u00eens\u0103 de arhitec\u021bi cu ajutorul unor materiale \u0219i tehnici actuale \u0219i [&hellip;]<\/p>\n","protected":false},"author":829,"featured_media":25505,"comment_status":"open","ping_status":"open","sticky":false,"template":"","format":"standard","meta":{"footnotes":""},"categories":[255],"tags":[1410,1411],"content_author":[],"class_list":["post-25491","post","type-post","status-publish","format-standard","has-post-thumbnail","hentry","category-home-deco","tag-newsletter","tag-principal"],"yoast_head":"<!-- This site is optimized with the Yoast SEO Premium plugin v27.0 (Yoast SEO v27.0) - https:\/\/yoast.com\/product\/yoast-seo-premium-wordpress\/ -->\n<title>Tendin\u021be \u00een arhitectura contemporan\u0103: Cum arat\u0103 cele mai inedite proiecte de cas\u0103 rom\u00e2ne\u0219ti - Home &amp; Deco - ImoExpert<\/title>\n<meta name=\"description\" content=\"Arhitec\u021bii rom\u00e2ni dovedesc aceea\u0219i \u00eenclina\u021bie, vizibil\u0103 \u00een \u00eentreaga lume, spre forme \u0219i materiale neobi\u0219nuite. \u00cen cadrul Anualei de Arhitectur\u0103 Bucure\u0219ti\" \/>\n<meta name=\"robots\" content=\"index, follow\" \/>\n<link rel=\"canonical\" href=\"https:\/\/www.imobiliare.ro\/imoexpert\/tendinte-in-arhitectura-contemporana-cum-arata-cele-mai-inedite-proiecte-de-casa-romanesti_db\/\" \/>\n<meta property=\"og:locale\" content=\"ro_RO\" \/>\n<meta property=\"og:type\" content=\"article\" \/>\n<meta property=\"og:title\" content=\"Tendin\u021be \u00een arhitectura contemporan\u0103: Cum arat\u0103 cele mai inedite proiecte de cas\u0103 rom\u00e2ne\u0219ti\" \/>\n<meta property=\"og:description\" content=\"Arhitec\u021bii rom\u00e2ni dovedesc aceea\u0219i \u00eenclina\u021bie, vizibil\u0103 \u00een \u00eentreaga lume, spre forme \u0219i materiale neobi\u0219nuite. \u00cen cadrul Anualei de Arhitectur\u0103 Bucure\u0219ti\" \/>\n<meta property=\"og:url\" content=\"https:\/\/www.imobiliare.ro\/imoexpert\/tendinte-in-arhitectura-contemporana-cum-arata-cele-mai-inedite-proiecte-de-casa-romanesti_db\/\" \/>\n<meta property=\"og:site_name\" content=\"ImoExpert\" \/>\n<meta property=\"article:published_time\" content=\"2013-06-18T12:53:21+00:00\" \/>\n<meta property=\"og:image\" content=\"https:\/\/www.imobiliare.ro\/imoexpert\/wp-content\/uploads\/2013\/06\/Young-Concept-1.jpg\" \/>\n\t<meta property=\"og:image:width\" content=\"598\" \/>\n\t<meta property=\"og:image:height\" content=\"557\" \/>\n\t<meta property=\"og:image:type\" content=\"image\/jpeg\" \/>\n<meta name=\"author\" content=\"Adriana Dr\u0103gu\u0219in\" \/>\n<meta name=\"twitter:card\" content=\"summary_large_image\" \/>\n<meta name=\"twitter:label1\" content=\"Written by\" \/>\n\t<meta name=\"twitter:data1\" content=\"Adriana Dr\u0103gu\u0219in\" \/>\n\t<meta name=\"twitter:label2\" content=\"Est. reading time\" \/>\n\t<meta name=\"twitter:data2\" content=\"3 minute\" \/>\n<script type=\"application\/ld+json\" class=\"yoast-schema-graph\">{\"@context\":\"https:\/\/schema.org\",\"@graph\":[{\"@type\":\"Article\",\"@id\":\"https:\/\/www.imobiliare.ro\/imoexpert\/tendinte-in-arhitectura-contemporana-cum-arata-cele-mai-inedite-proiecte-de-casa-romanesti_db\/#article\",\"isPartOf\":{\"@id\":\"https:\/\/www.imobiliare.ro\/imoexpert\/tendinte-in-arhitectura-contemporana-cum-arata-cele-mai-inedite-proiecte-de-casa-romanesti_db\/\"},\"author\":{\"name\":\"Adriana Dr\u0103gu\u0219in\",\"@id\":\"https:\/\/www.imobiliare.ro\/imoexpert\/#\/schema\/person\/8c13b0297075010b896471fabf0d7790\"},\"headline\":\"Tendin\u021be \u00een arhitectura contemporan\u0103: Cum arat\u0103 cele mai inedite proiecte de cas\u0103 rom\u00e2ne\u0219ti\",\"datePublished\":\"2013-06-18T12:53:21+00:00\",\"mainEntityOfPage\":{\"@id\":\"https:\/\/www.imobiliare.ro\/imoexpert\/tendinte-in-arhitectura-contemporana-cum-arata-cele-mai-inedite-proiecte-de-casa-romanesti_db\/\"},\"wordCount\":556,\"commentCount\":3,\"publisher\":{\"@id\":\"https:\/\/www.imobiliare.ro\/imoexpert\/#organization\"},\"image\":{\"@id\":\"https:\/\/www.imobiliare.ro\/imoexpert\/tendinte-in-arhitectura-contemporana-cum-arata-cele-mai-inedite-proiecte-de-casa-romanesti_db\/#primaryimage\"},\"thumbnailUrl\":\"https:\/\/www.imobiliare.ro\/imoexpert\/wp-content\/uploads\/2013\/06\/Young-Concept-1.jpg\",\"keywords\":[\"newsletter\",\"principal\"],\"articleSection\":[\"Home &amp; Deco\"],\"inLanguage\":\"en\",\"potentialAction\":[{\"@type\":\"CommentAction\",\"name\":\"Comment\",\"target\":[\"https:\/\/www.imobiliare.ro\/imoexpert\/tendinte-in-arhitectura-contemporana-cum-arata-cele-mai-inedite-proiecte-de-casa-romanesti_db\/#respond\"]}],\"copyrightYear\":\"2013\",\"copyrightHolder\":{\"@id\":\"https:\/\/www.imobiliare.ro\/imoexpert\/#organization\"}},{\"@type\":\"WebPage\",\"@id\":\"https:\/\/www.imobiliare.ro\/imoexpert\/tendinte-in-arhitectura-contemporana-cum-arata-cele-mai-inedite-proiecte-de-casa-romanesti_db\/\",\"url\":\"https:\/\/www.imobiliare.ro\/imoexpert\/tendinte-in-arhitectura-contemporana-cum-arata-cele-mai-inedite-proiecte-de-casa-romanesti_db\/\",\"name\":\"Tendin\u021be \u00een arhitectura contemporan\u0103: Cum arat\u0103 cele mai inedite proiecte de cas\u0103 rom\u00e2ne\u0219ti - Home &amp; Deco - ImoExpert\",\"isPartOf\":{\"@id\":\"https:\/\/www.imobiliare.ro\/imoexpert\/#website\"},\"primaryImageOfPage\":{\"@id\":\"https:\/\/www.imobiliare.ro\/imoexpert\/tendinte-in-arhitectura-contemporana-cum-arata-cele-mai-inedite-proiecte-de-casa-romanesti_db\/#primaryimage\"},\"image\":{\"@id\":\"https:\/\/www.imobiliare.ro\/imoexpert\/tendinte-in-arhitectura-contemporana-cum-arata-cele-mai-inedite-proiecte-de-casa-romanesti_db\/#primaryimage\"},\"thumbnailUrl\":\"https:\/\/www.imobiliare.ro\/imoexpert\/wp-content\/uploads\/2013\/06\/Young-Concept-1.jpg\",\"datePublished\":\"2013-06-18T12:53:21+00:00\",\"description\":\"Arhitec\u021bii rom\u00e2ni dovedesc aceea\u0219i \u00eenclina\u021bie, vizibil\u0103 \u00een \u00eentreaga lume, spre forme \u0219i materiale neobi\u0219nuite. \u00cen cadrul Anualei de Arhitectur\u0103 Bucure\u0219ti\",\"breadcrumb\":{\"@id\":\"https:\/\/www.imobiliare.ro\/imoexpert\/tendinte-in-arhitectura-contemporana-cum-arata-cele-mai-inedite-proiecte-de-casa-romanesti_db\/#breadcrumb\"},\"inLanguage\":\"en\",\"potentialAction\":[{\"@type\":\"ReadAction\",\"target\":[\"https:\/\/www.imobiliare.ro\/imoexpert\/tendinte-in-arhitectura-contemporana-cum-arata-cele-mai-inedite-proiecte-de-casa-romanesti_db\/\"]}]},{\"@type\":\"ImageObject\",\"inLanguage\":\"en\",\"@id\":\"https:\/\/www.imobiliare.ro\/imoexpert\/tendinte-in-arhitectura-contemporana-cum-arata-cele-mai-inedite-proiecte-de-casa-romanesti_db\/#primaryimage\",\"url\":\"https:\/\/www.imobiliare.ro\/imoexpert\/wp-content\/uploads\/2013\/06\/Young-Concept-1.jpg\",\"contentUrl\":\"https:\/\/www.imobiliare.ro\/imoexpert\/wp-content\/uploads\/2013\/06\/Young-Concept-1.jpg\",\"width\":598,\"height\":557},{\"@type\":\"BreadcrumbList\",\"@id\":\"https:\/\/www.imobiliare.ro\/imoexpert\/tendinte-in-arhitectura-contemporana-cum-arata-cele-mai-inedite-proiecte-de-casa-romanesti_db\/#breadcrumb\",\"itemListElement\":[{\"@type\":\"ListItem\",\"position\":1,\"name\":\"Imoradar24\",\"item\":\"https:\/\/www.imoradar24.ro\"},{\"@type\":\"ListItem\",\"position\":2,\"name\":\"ImoExpert\",\"item\":\"https:\/\/www.imobiliare.ro\/imoexpert\/\"},{\"@type\":\"ListItem\",\"position\":3,\"name\":\"Sfaturi\",\"item\":\"https:\/\/www.imobiliare.ro\/imoexpert\/ghid-imobiliar\/\"},{\"@type\":\"ListItem\",\"position\":4,\"name\":\"Home &amp; Deco\",\"item\":\"https:\/\/www.imobiliare.ro\/imoexpert\/ghid-imobiliar\/home-deco\/\"},{\"@type\":\"ListItem\",\"position\":5,\"name\":\"Tendin\u021be \u00een arhitectura contemporan\u0103: Cum arat\u0103 cele mai inedite proiecte de cas\u0103 rom\u00e2ne\u0219ti\"}]},{\"@type\":\"WebSite\",\"@id\":\"https:\/\/www.imobiliare.ro\/imoexpert\/#website\",\"url\":\"https:\/\/www.imobiliare.ro\/imoexpert\/\",\"name\":\"ImoExpert\",\"description\":\"cele mai importante \u015ftiri din domeniul imobiliar\",\"publisher\":{\"@id\":\"https:\/\/www.imobiliare.ro\/imoexpert\/#organization\"},\"inLanguage\":\"en\"},{\"@type\":\"Organization\",\"@id\":\"https:\/\/www.imobiliare.ro\/imoexpert\/#organization\",\"name\":\"Imobiliare.ro\",\"alternateName\":\"Realmedia Network SA\",\"url\":\"https:\/\/www.imobiliare.ro\/imoexpert\/\",\"logo\":{\"@type\":\"ImageObject\",\"inLanguage\":\"en\",\"@id\":\"https:\/\/www.imobiliare.ro\/imoexpert\/#\/schema\/logo\/image\/\",\"url\":\"https:\/\/www.imobiliare.ro\/imoexpert\/wp-content\/uploads\/2025\/05\/imobiliare_logo.png\",\"contentUrl\":\"https:\/\/www.imobiliare.ro\/imoexpert\/wp-content\/uploads\/2025\/05\/imobiliare_logo.png\",\"width\":237,\"height\":29,\"caption\":\"Imobiliare.ro\"},\"image\":{\"@id\":\"https:\/\/www.imobiliare.ro\/imoexpert\/#\/schema\/logo\/image\/\"}},{\"@type\":\"Person\",\"@id\":\"https:\/\/www.imobiliare.ro\/imoexpert\/#\/schema\/person\/8c13b0297075010b896471fabf0d7790\",\"name\":\"Adriana Dr\u0103gu\u0219in\",\"image\":{\"@type\":\"ImageObject\",\"inLanguage\":\"en\",\"@id\":\"https:\/\/www.imobiliare.ro\/imoexpert\/#\/schema\/person\/image\/\",\"url\":\"https:\/\/secure.gravatar.com\/avatar\/ba4762f7517e50e679ed7f11207102d1150120f2f5800c0da98f8a15305bf514?s=96&d=mm&r=g\",\"contentUrl\":\"https:\/\/secure.gravatar.com\/avatar\/ba4762f7517e50e679ed7f11207102d1150120f2f5800c0da98f8a15305bf514?s=96&d=mm&r=g\",\"caption\":\"Adriana Dr\u0103gu\u0219in\"},\"jobTitle\":\"Editor\",\"url\":\"https:\/\/www.imobiliare.ro\/imoexpert\/author\/adriana-dragusin\/\"}]}<\/script>\n<!-- \/ Yoast SEO Premium plugin. -->","yoast_head_json":{"title":"Tendin\u021be \u00een arhitectura contemporan\u0103: Cum arat\u0103 cele mai inedite proiecte de cas\u0103 rom\u00e2ne\u0219ti - Home &amp; Deco - ImoExpert","description":"Arhitec\u021bii rom\u00e2ni dovedesc aceea\u0219i \u00eenclina\u021bie, vizibil\u0103 \u00een \u00eentreaga lume, spre forme \u0219i materiale neobi\u0219nuite. \u00cen cadrul Anualei de Arhitectur\u0103 Bucure\u0219ti","robots":{"index":"index","follow":"follow"},"canonical":"https:\/\/www.imobiliare.ro\/imoexpert\/tendinte-in-arhitectura-contemporana-cum-arata-cele-mai-inedite-proiecte-de-casa-romanesti_db\/","og_locale":"ro_RO","og_type":"article","og_title":"Tendin\u021be \u00een arhitectura contemporan\u0103: Cum arat\u0103 cele mai inedite proiecte de cas\u0103 rom\u00e2ne\u0219ti","og_description":"Arhitec\u021bii rom\u00e2ni dovedesc aceea\u0219i \u00eenclina\u021bie, vizibil\u0103 \u00een \u00eentreaga lume, spre forme \u0219i materiale neobi\u0219nuite. \u00cen cadrul Anualei de Arhitectur\u0103 Bucure\u0219ti","og_url":"https:\/\/www.imobiliare.ro\/imoexpert\/tendinte-in-arhitectura-contemporana-cum-arata-cele-mai-inedite-proiecte-de-casa-romanesti_db\/","og_site_name":"ImoExpert","article_published_time":"2013-06-18T12:53:21+00:00","og_image":[{"width":598,"height":557,"url":"https:\/\/www.imobiliare.ro\/imoexpert\/wp-content\/uploads\/2013\/06\/Young-Concept-1.jpg","type":"image\/jpeg"}],"author":"Adriana Dr\u0103gu\u0219in","twitter_card":"summary_large_image","twitter_misc":{"Written by":"Adriana Dr\u0103gu\u0219in","Est. reading time":"3 minute"},"schema":{"@context":"https:\/\/schema.org","@graph":[{"@type":"Article","@id":"https:\/\/www.imobiliare.ro\/imoexpert\/tendinte-in-arhitectura-contemporana-cum-arata-cele-mai-inedite-proiecte-de-casa-romanesti_db\/#article","isPartOf":{"@id":"https:\/\/www.imobiliare.ro\/imoexpert\/tendinte-in-arhitectura-contemporana-cum-arata-cele-mai-inedite-proiecte-de-casa-romanesti_db\/"},"author":{"name":"Adriana Dr\u0103gu\u0219in","@id":"https:\/\/www.imobiliare.ro\/imoexpert\/#\/schema\/person\/8c13b0297075010b896471fabf0d7790"},"headline":"Tendin\u021be \u00een arhitectura contemporan\u0103: Cum arat\u0103 cele mai inedite proiecte de cas\u0103 rom\u00e2ne\u0219ti","datePublished":"2013-06-18T12:53:21+00:00","mainEntityOfPage":{"@id":"https:\/\/www.imobiliare.ro\/imoexpert\/tendinte-in-arhitectura-contemporana-cum-arata-cele-mai-inedite-proiecte-de-casa-romanesti_db\/"},"wordCount":556,"commentCount":3,"publisher":{"@id":"https:\/\/www.imobiliare.ro\/imoexpert\/#organization"},"image":{"@id":"https:\/\/www.imobiliare.ro\/imoexpert\/tendinte-in-arhitectura-contemporana-cum-arata-cele-mai-inedite-proiecte-de-casa-romanesti_db\/#primaryimage"},"thumbnailUrl":"https:\/\/www.imobiliare.ro\/imoexpert\/wp-content\/uploads\/2013\/06\/Young-Concept-1.jpg","keywords":["newsletter","principal"],"articleSection":["Home &amp; Deco"],"inLanguage":"en","potentialAction":[{"@type":"CommentAction","name":"Comment","target":["https:\/\/www.imobiliare.ro\/imoexpert\/tendinte-in-arhitectura-contemporana-cum-arata-cele-mai-inedite-proiecte-de-casa-romanesti_db\/#respond"]}],"copyrightYear":"2013","copyrightHolder":{"@id":"https:\/\/www.imobiliare.ro\/imoexpert\/#organization"}},{"@type":"WebPage","@id":"https:\/\/www.imobiliare.ro\/imoexpert\/tendinte-in-arhitectura-contemporana-cum-arata-cele-mai-inedite-proiecte-de-casa-romanesti_db\/","url":"https:\/\/www.imobiliare.ro\/imoexpert\/tendinte-in-arhitectura-contemporana-cum-arata-cele-mai-inedite-proiecte-de-casa-romanesti_db\/","name":"Tendin\u021be \u00een arhitectura contemporan\u0103: Cum arat\u0103 cele mai inedite proiecte de cas\u0103 rom\u00e2ne\u0219ti - Home &amp; Deco - ImoExpert","isPartOf":{"@id":"https:\/\/www.imobiliare.ro\/imoexpert\/#website"},"primaryImageOfPage":{"@id":"https:\/\/www.imobiliare.ro\/imoexpert\/tendinte-in-arhitectura-contemporana-cum-arata-cele-mai-inedite-proiecte-de-casa-romanesti_db\/#primaryimage"},"image":{"@id":"https:\/\/www.imobiliare.ro\/imoexpert\/tendinte-in-arhitectura-contemporana-cum-arata-cele-mai-inedite-proiecte-de-casa-romanesti_db\/#primaryimage"},"thumbnailUrl":"https:\/\/www.imobiliare.ro\/imoexpert\/wp-content\/uploads\/2013\/06\/Young-Concept-1.jpg","datePublished":"2013-06-18T12:53:21+00:00","description":"Arhitec\u021bii rom\u00e2ni dovedesc aceea\u0219i \u00eenclina\u021bie, vizibil\u0103 \u00een \u00eentreaga lume, spre forme \u0219i materiale neobi\u0219nuite. \u00cen cadrul Anualei de Arhitectur\u0103 Bucure\u0219ti","breadcrumb":{"@id":"https:\/\/www.imobiliare.ro\/imoexpert\/tendinte-in-arhitectura-contemporana-cum-arata-cele-mai-inedite-proiecte-de-casa-romanesti_db\/#breadcrumb"},"inLanguage":"en","potentialAction":[{"@type":"ReadAction","target":["https:\/\/www.imobiliare.ro\/imoexpert\/tendinte-in-arhitectura-contemporana-cum-arata-cele-mai-inedite-proiecte-de-casa-romanesti_db\/"]}]},{"@type":"ImageObject","inLanguage":"en","@id":"https:\/\/www.imobiliare.ro\/imoexpert\/tendinte-in-arhitectura-contemporana-cum-arata-cele-mai-inedite-proiecte-de-casa-romanesti_db\/#primaryimage","url":"https:\/\/www.imobiliare.ro\/imoexpert\/wp-content\/uploads\/2013\/06\/Young-Concept-1.jpg","contentUrl":"https:\/\/www.imobiliare.ro\/imoexpert\/wp-content\/uploads\/2013\/06\/Young-Concept-1.jpg","width":598,"height":557},{"@type":"BreadcrumbList","@id":"https:\/\/www.imobiliare.ro\/imoexpert\/tendinte-in-arhitectura-contemporana-cum-arata-cele-mai-inedite-proiecte-de-casa-romanesti_db\/#breadcrumb","itemListElement":[{"@type":"ListItem","position":1,"name":"Imoradar24","item":"https:\/\/www.imoradar24.ro"},{"@type":"ListItem","position":2,"name":"ImoExpert","item":"https:\/\/www.imobiliare.ro\/imoexpert\/"},{"@type":"ListItem","position":3,"name":"Sfaturi","item":"https:\/\/www.imobiliare.ro\/imoexpert\/ghid-imobiliar\/"},{"@type":"ListItem","position":4,"name":"Home &amp; Deco","item":"https:\/\/www.imobiliare.ro\/imoexpert\/ghid-imobiliar\/home-deco\/"},{"@type":"ListItem","position":5,"name":"Tendin\u021be \u00een arhitectura contemporan\u0103: Cum arat\u0103 cele mai inedite proiecte de cas\u0103 rom\u00e2ne\u0219ti"}]},{"@type":"WebSite","@id":"https:\/\/www.imobiliare.ro\/imoexpert\/#website","url":"https:\/\/www.imobiliare.ro\/imoexpert\/","name":"ImoExpert","description":"cele mai importante \u015ftiri din domeniul imobiliar","publisher":{"@id":"https:\/\/www.imobiliare.ro\/imoexpert\/#organization"},"inLanguage":"en"},{"@type":"Organization","@id":"https:\/\/www.imobiliare.ro\/imoexpert\/#organization","name":"Imobiliare.ro","alternateName":"Realmedia Network SA","url":"https:\/\/www.imobiliare.ro\/imoexpert\/","logo":{"@type":"ImageObject","inLanguage":"en","@id":"https:\/\/www.imobiliare.ro\/imoexpert\/#\/schema\/logo\/image\/","url":"https:\/\/www.imobiliare.ro\/imoexpert\/wp-content\/uploads\/2025\/05\/imobiliare_logo.png","contentUrl":"https:\/\/www.imobiliare.ro\/imoexpert\/wp-content\/uploads\/2025\/05\/imobiliare_logo.png","width":237,"height":29,"caption":"Imobiliare.ro"},"image":{"@id":"https:\/\/www.imobiliare.ro\/imoexpert\/#\/schema\/logo\/image\/"}},{"@type":"Person","@id":"https:\/\/www.imobiliare.ro\/imoexpert\/#\/schema\/person\/8c13b0297075010b896471fabf0d7790","name":"Adriana Dr\u0103gu\u0219in","image":{"@type":"ImageObject","inLanguage":"en","@id":"https:\/\/www.imobiliare.ro\/imoexpert\/#\/schema\/person\/image\/","url":"https:\/\/secure.gravatar.com\/avatar\/ba4762f7517e50e679ed7f11207102d1150120f2f5800c0da98f8a15305bf514?s=96&d=mm&r=g","contentUrl":"https:\/\/secure.gravatar.com\/avatar\/ba4762f7517e50e679ed7f11207102d1150120f2f5800c0da98f8a15305bf514?s=96&d=mm&r=g","caption":"Adriana Dr\u0103gu\u0219in"},"jobTitle":"Editor","url":"https:\/\/www.imobiliare.ro\/imoexpert\/author\/adriana-dragusin\/"}]}},"_links":{"self":[{"href":"https:\/\/www.imobiliare.ro\/imoexpert\/wp-json\/wp\/v2\/posts\/25491","targetHints":{"allow":["GET"]}}],"collection":[{"href":"https:\/\/www.imobiliare.ro\/imoexpert\/wp-json\/wp\/v2\/posts"}],"about":[{"href":"https:\/\/www.imobiliare.ro\/imoexpert\/wp-json\/wp\/v2\/types\/post"}],"author":[{"embeddable":true,"href":"https:\/\/www.imobiliare.ro\/imoexpert\/wp-json\/wp\/v2\/users\/829"}],"replies":[{"embeddable":true,"href":"https:\/\/www.imobiliare.ro\/imoexpert\/wp-json\/wp\/v2\/comments?post=25491"}],"version-history":[{"count":0,"href":"https:\/\/www.imobiliare.ro\/imoexpert\/wp-json\/wp\/v2\/posts\/25491\/revisions"}],"wp:featuredmedia":[{"embeddable":true,"href":"https:\/\/www.imobiliare.ro\/imoexpert\/wp-json\/wp\/v2\/media\/25505"}],"wp:attachment":[{"href":"https:\/\/www.imobiliare.ro\/imoexpert\/wp-json\/wp\/v2\/media?parent=25491"}],"wp:term":[{"taxonomy":"category","embeddable":true,"href":"https:\/\/www.imobiliare.ro\/imoexpert\/wp-json\/wp\/v2\/categories?post=25491"},{"taxonomy":"post_tag","embeddable":true,"href":"https:\/\/www.imobiliare.ro\/imoexpert\/wp-json\/wp\/v2\/tags?post=25491"},{"taxonomy":"content_author","embeddable":true,"href":"https:\/\/www.imobiliare.ro\/imoexpert\/wp-json\/wp\/v2\/content_author?post=25491"}],"curies":[{"name":"wp","href":"https:\/\/api.w.org\/{rel}","templated":true}]}}