{"id":25570,"date":"2013-06-25T14:47:26","date_gmt":"2013-06-25T11:47:26","guid":{"rendered":"https:\/\/www.imobiliare.ro\/?p=25570_db\/"},"modified":"2013-06-25T14:47:26","modified_gmt":"2013-06-25T11:47:26","slug":"o-altfel-de-casa-la-tara-tot-ce-ai-nevoie-departe-de-agitatia-orasului","status":"publish","type":"post","link":"https:\/\/www.imobiliare.ro\/imoexpert\/o-altfel-de-casa-la-tara-tot-ce-ai-nevoie-departe-de-agitatia-orasului_db\/","title":{"rendered":"O altfel de&#8230; cas\u0103 la \u021bar\u0103: tot ce ai nevoie, departe de agita\u021bia ora\u0219ului"},"content":{"rendered":"<p><strong>Nu doar localizarea unei locuin\u021be, ci \u0219i amenajarea ei contribuie la conturarea unei atmosfere pitore\u0219ti.<\/strong><\/p>\n<p>Atunci c\u00e2nd se g\u00e2ndesc la vacan\u021b\u0103 sau chiar la o schimbare radical\u0103 a modului de via\u021b\u0103, mul\u021bi dintre noi viseaz\u0103 la evad\u0103ri \u00een natur\u0103. Cu toate acestea, nu to\u021bi sunt dispu\u0219i s\u0103 renun\u021be la beneficiile vie\u021bii de la ora\u0219 pentru a face o \u201ccur\u0103\u201d de aer curat, la \u021bar\u0103. Exist\u0103 \u00eens\u0103 \u0219i modalit\u0103\u021bi de a \u00eembina, \u00eentr-un mod fericit, ruralul cu urbanul. Locuin\u021ba de mai jos, prezentat\u0103 pe <strong><a class=\"article-body-links\"href=\"http:\/\/freshome.com\/\">Freshome.com<\/a><\/strong>, reprezint\u0103 un exemplu sugestiv:<\/p>\n<p><a class=\"article-body-links\"href=\"https:\/\/info.imobiliare.ro\/wp-content\/uploads\/2013\/06\/casa-Suedia-1.jpg\"><img loading=\"lazy\" decoding=\"async\" class=\"alignleft size-full wp-image-25571\" alt=\"casa Suedia 1\" src=\"https:\/\/info.imobiliare.ro\/wp-content\/uploads\/2013\/06\/casa-Suedia-1.jpg\" width=\"599\" height=\"395\" srcset=\"https:\/\/www.imobiliare.ro\/imoexpert\/wp-content\/uploads\/2013\/06\/casa-Suedia-1.jpg 599w, https:\/\/www.imobiliare.ro\/imoexpert\/wp-content\/uploads\/2013\/06\/casa-Suedia-1-300x198.jpg 300w, https:\/\/www.imobiliare.ro\/imoexpert\/wp-content\/uploads\/2013\/06\/casa-Suedia-1-87x57.jpg 87w, https:\/\/www.imobiliare.ro\/imoexpert\/wp-content\/uploads\/2013\/06\/casa-Suedia-1-65x43.jpg 65w\" sizes=\"auto, (max-width: 599px) 100vw, 599px\" \/><\/a><br \/>\n<a class=\"article-body-links\"href=\"https:\/\/info.imobiliare.ro\/wp-content\/uploads\/2013\/06\/casa-Suedia-2.jpg\"><img loading=\"lazy\" decoding=\"async\" class=\"alignleft size-full wp-image-25572\" alt=\"casa Suedia 2\" src=\"https:\/\/info.imobiliare.ro\/wp-content\/uploads\/2013\/06\/casa-Suedia-2.jpg\" width=\"599\" height=\"395\" srcset=\"https:\/\/www.imobiliare.ro\/imoexpert\/wp-content\/uploads\/2013\/06\/casa-Suedia-2.jpg 599w, https:\/\/www.imobiliare.ro\/imoexpert\/wp-content\/uploads\/2013\/06\/casa-Suedia-2-300x198.jpg 300w, https:\/\/www.imobiliare.ro\/imoexpert\/wp-content\/uploads\/2013\/06\/casa-Suedia-2-87x57.jpg 87w, https:\/\/www.imobiliare.ro\/imoexpert\/wp-content\/uploads\/2013\/06\/casa-Suedia-2-65x43.jpg 65w\" sizes=\"auto, (max-width: 599px) 100vw, 599px\" \/><\/a><\/p>\n<p>Localizat\u0103 \u00een Suedia, proprietatea din imagini este amplasat\u0103 pe un teren de 2,2 hectare, ce include \u0219i o zon\u0103 de p\u0103dure \u0219i una de paji\u0219ti. Locuin\u021ba a fost construit\u0103 \u00een anul 1909, \u00eens\u0103 a fost renovat\u0103 \u00een 2007 pentru a oferi toate beneficiile unei vie\u021bi moderne. Tot atunci a fost recondi\u021bionat \u0219i vechiul hambar, c\u0103ruia i s-a dat o nou\u0103 utilizare: spa\u021biul amplu, deschis, este perfect pentru primirea oaspe\u021bilor, pentru organizarea de petreceri sau de reuniuni restr\u00e2nse, \u00een familie. Un aer cu totul deosebit este dat de expunerea elementelor constructive originale, din lemn; aceasta este completat\u0103 de integrarea c\u00e2torva piese de mobilier \u0219i decora\u021biuni din acela\u0219i material.<\/p>\n<p><a class=\"article-body-links\"href=\"https:\/\/info.imobiliare.ro\/wp-content\/uploads\/2013\/06\/casa-Suedia-3.jpg\"><img loading=\"lazy\" decoding=\"async\" class=\"alignleft size-full wp-image-25573\" alt=\"casa Suedia 3\" src=\"https:\/\/info.imobiliare.ro\/wp-content\/uploads\/2013\/06\/casa-Suedia-3.jpg\" width=\"599\" height=\"395\" srcset=\"https:\/\/www.imobiliare.ro\/imoexpert\/wp-content\/uploads\/2013\/06\/casa-Suedia-3.jpg 599w, https:\/\/www.imobiliare.ro\/imoexpert\/wp-content\/uploads\/2013\/06\/casa-Suedia-3-300x198.jpg 300w, https:\/\/www.imobiliare.ro\/imoexpert\/wp-content\/uploads\/2013\/06\/casa-Suedia-3-87x57.jpg 87w, https:\/\/www.imobiliare.ro\/imoexpert\/wp-content\/uploads\/2013\/06\/casa-Suedia-3-65x43.jpg 65w\" sizes=\"auto, (max-width: 599px) 100vw, 599px\" \/><\/a><br \/>\n<a class=\"article-body-links\"href=\"https:\/\/info.imobiliare.ro\/wp-content\/uploads\/2013\/06\/casa-Suedia-4.jpg\"><img loading=\"lazy\" decoding=\"async\" class=\"alignleft size-full wp-image-25574\" alt=\"casa Suedia 4\" src=\"https:\/\/info.imobiliare.ro\/wp-content\/uploads\/2013\/06\/casa-Suedia-4.jpg\" width=\"599\" height=\"395\" srcset=\"https:\/\/www.imobiliare.ro\/imoexpert\/wp-content\/uploads\/2013\/06\/casa-Suedia-4.jpg 599w, https:\/\/www.imobiliare.ro\/imoexpert\/wp-content\/uploads\/2013\/06\/casa-Suedia-4-300x198.jpg 300w, https:\/\/www.imobiliare.ro\/imoexpert\/wp-content\/uploads\/2013\/06\/casa-Suedia-4-87x57.jpg 87w, https:\/\/www.imobiliare.ro\/imoexpert\/wp-content\/uploads\/2013\/06\/casa-Suedia-4-65x43.jpg 65w\" sizes=\"auto, (max-width: 599px) 100vw, 599px\" \/><\/a><br \/>\n<a class=\"article-body-links\"href=\"https:\/\/info.imobiliare.ro\/wp-content\/uploads\/2013\/06\/casa-Suedia-5.jpg\"><img loading=\"lazy\" decoding=\"async\" class=\"alignleft size-full wp-image-25575\" alt=\"casa Suedia 5\" src=\"https:\/\/info.imobiliare.ro\/wp-content\/uploads\/2013\/06\/casa-Suedia-5.jpg\" width=\"599\" height=\"395\" srcset=\"https:\/\/www.imobiliare.ro\/imoexpert\/wp-content\/uploads\/2013\/06\/casa-Suedia-5.jpg 599w, https:\/\/www.imobiliare.ro\/imoexpert\/wp-content\/uploads\/2013\/06\/casa-Suedia-5-300x198.jpg 300w, https:\/\/www.imobiliare.ro\/imoexpert\/wp-content\/uploads\/2013\/06\/casa-Suedia-5-87x57.jpg 87w, https:\/\/www.imobiliare.ro\/imoexpert\/wp-content\/uploads\/2013\/06\/casa-Suedia-5-65x43.jpg 65w\" sizes=\"auto, (max-width: 599px) 100vw, 599px\" \/><\/a><br \/>\n<a class=\"article-body-links\"href=\"https:\/\/info.imobiliare.ro\/wp-content\/uploads\/2013\/06\/casa-Suedia-6.jpg\"><img loading=\"lazy\" decoding=\"async\" class=\"alignleft size-full wp-image-25576\" alt=\"casa Suedia 6\" src=\"https:\/\/info.imobiliare.ro\/wp-content\/uploads\/2013\/06\/casa-Suedia-6.jpg\" width=\"599\" height=\"395\" srcset=\"https:\/\/www.imobiliare.ro\/imoexpert\/wp-content\/uploads\/2013\/06\/casa-Suedia-6.jpg 599w, https:\/\/www.imobiliare.ro\/imoexpert\/wp-content\/uploads\/2013\/06\/casa-Suedia-6-300x198.jpg 300w, https:\/\/www.imobiliare.ro\/imoexpert\/wp-content\/uploads\/2013\/06\/casa-Suedia-6-87x57.jpg 87w, https:\/\/www.imobiliare.ro\/imoexpert\/wp-content\/uploads\/2013\/06\/casa-Suedia-6-65x43.jpg 65w\" sizes=\"auto, (max-width: 599px) 100vw, 599px\" \/><\/a><\/p>\n<p>Str\u0103juit\u0103 de o teras\u0103 pavat\u0103 cu lemn, casa propriu-zis\u0103 p\u0103streaz\u0103 aerul pitoresc al zonei, \u00eens\u0103 \u00eentr-o manier\u0103 stilizat\u0103, \u201e\u00eenmuiat\u0103\u201d de facilit\u0103\u021bile vie\u021bii moderne. Cea mai mare parte a locuin\u021bei este ocupat\u0103 de livingul amplu, ce se continu\u0103 cu buc\u0103t\u0103ria deschis\u0103 \u0219i cu zona de dining. Zona de zi a casei este luminat\u0103 din abunden\u021b\u0103, datorit\u0103 multitudinii ferestrelor, efect sporit de pere\u021bii zugr\u0103vi\u021bi \u00een alb imaculat. Aspectul rustic este dat de elemente precum grinzile aparente, cuptorul tradi\u021bional vopsit \u00een alb, obiectele realizate din lemn, unele cu un aer de vechi (cuf\u0103rul folosit pe post de m\u0103su\u021b\u0103 de cafea, dul\u0103piorul de la intrare etc.). Interesant este modul fericit \u00een care toate aceste elemente reu\u0219esc s\u0103 se \u00eembine cu piese moderne, cum ar fi mobila de buc\u0103t\u0103rie, cea din zona de dining sau canapeaua cu fotolii din living.<\/p>\n<p><a class=\"article-body-links\"href=\"https:\/\/info.imobiliare.ro\/wp-content\/uploads\/2013\/06\/casa-Suedia-7.jpg\"><img loading=\"lazy\" decoding=\"async\" class=\"alignleft size-full wp-image-25577\" alt=\"casa Suedia 7\" src=\"https:\/\/info.imobiliare.ro\/wp-content\/uploads\/2013\/06\/casa-Suedia-7.jpg\" width=\"599\" height=\"395\" srcset=\"https:\/\/www.imobiliare.ro\/imoexpert\/wp-content\/uploads\/2013\/06\/casa-Suedia-7.jpg 599w, https:\/\/www.imobiliare.ro\/imoexpert\/wp-content\/uploads\/2013\/06\/casa-Suedia-7-300x198.jpg 300w, https:\/\/www.imobiliare.ro\/imoexpert\/wp-content\/uploads\/2013\/06\/casa-Suedia-7-87x57.jpg 87w, https:\/\/www.imobiliare.ro\/imoexpert\/wp-content\/uploads\/2013\/06\/casa-Suedia-7-65x43.jpg 65w\" sizes=\"auto, (max-width: 599px) 100vw, 599px\" \/><\/a><br \/>\n<a class=\"article-body-links\"href=\"https:\/\/info.imobiliare.ro\/wp-content\/uploads\/2013\/06\/casa-Suedia-12.jpg\"><img loading=\"lazy\" decoding=\"async\" class=\"alignleft size-full wp-image-25583\" alt=\"casa Suedia 12\" src=\"https:\/\/info.imobiliare.ro\/wp-content\/uploads\/2013\/06\/casa-Suedia-12.jpg\" width=\"599\" height=\"395\" srcset=\"https:\/\/www.imobiliare.ro\/imoexpert\/wp-content\/uploads\/2013\/06\/casa-Suedia-12.jpg 599w, https:\/\/www.imobiliare.ro\/imoexpert\/wp-content\/uploads\/2013\/06\/casa-Suedia-12-300x198.jpg 300w, https:\/\/www.imobiliare.ro\/imoexpert\/wp-content\/uploads\/2013\/06\/casa-Suedia-12-87x57.jpg 87w, https:\/\/www.imobiliare.ro\/imoexpert\/wp-content\/uploads\/2013\/06\/casa-Suedia-12-65x43.jpg 65w\" sizes=\"auto, (max-width: 599px) 100vw, 599px\" \/><\/a><br \/>\n<a class=\"article-body-links\"href=\"https:\/\/info.imobiliare.ro\/wp-content\/uploads\/2013\/06\/casa-Suedia-8.jpg\"><img loading=\"lazy\" decoding=\"async\" class=\"alignleft size-full wp-image-25578\" alt=\"casa Suedia 8\" src=\"https:\/\/info.imobiliare.ro\/wp-content\/uploads\/2013\/06\/casa-Suedia-8.jpg\" width=\"599\" height=\"395\" srcset=\"https:\/\/www.imobiliare.ro\/imoexpert\/wp-content\/uploads\/2013\/06\/casa-Suedia-8.jpg 599w, https:\/\/www.imobiliare.ro\/imoexpert\/wp-content\/uploads\/2013\/06\/casa-Suedia-8-300x198.jpg 300w, https:\/\/www.imobiliare.ro\/imoexpert\/wp-content\/uploads\/2013\/06\/casa-Suedia-8-87x57.jpg 87w, https:\/\/www.imobiliare.ro\/imoexpert\/wp-content\/uploads\/2013\/06\/casa-Suedia-8-65x43.jpg 65w\" sizes=\"auto, (max-width: 599px) 100vw, 599px\" \/><\/a><br \/>\n<a class=\"article-body-links\"href=\"https:\/\/info.imobiliare.ro\/wp-content\/uploads\/2013\/06\/casa-Suedia-9.jpg\"><img loading=\"lazy\" decoding=\"async\" class=\"alignleft size-full wp-image-25579\" alt=\"casa Suedia 9\" src=\"https:\/\/info.imobiliare.ro\/wp-content\/uploads\/2013\/06\/casa-Suedia-9.jpg\" width=\"599\" height=\"395\" srcset=\"https:\/\/www.imobiliare.ro\/imoexpert\/wp-content\/uploads\/2013\/06\/casa-Suedia-9.jpg 599w, https:\/\/www.imobiliare.ro\/imoexpert\/wp-content\/uploads\/2013\/06\/casa-Suedia-9-300x198.jpg 300w, https:\/\/www.imobiliare.ro\/imoexpert\/wp-content\/uploads\/2013\/06\/casa-Suedia-9-87x57.jpg 87w, https:\/\/www.imobiliare.ro\/imoexpert\/wp-content\/uploads\/2013\/06\/casa-Suedia-9-65x43.jpg 65w\" sizes=\"auto, (max-width: 599px) 100vw, 599px\" \/><\/a><br \/>\n<a class=\"article-body-links\"href=\"https:\/\/info.imobiliare.ro\/wp-content\/uploads\/2013\/06\/casa-Suedia-9-bis.jpg\"><img loading=\"lazy\" decoding=\"async\" class=\"alignleft size-full wp-image-25580\" alt=\"casa Suedia 9 bis\" src=\"https:\/\/info.imobiliare.ro\/wp-content\/uploads\/2013\/06\/casa-Suedia-9-bis.jpg\" width=\"599\" height=\"395\" srcset=\"https:\/\/www.imobiliare.ro\/imoexpert\/wp-content\/uploads\/2013\/06\/casa-Suedia-9-bis.jpg 599w, https:\/\/www.imobiliare.ro\/imoexpert\/wp-content\/uploads\/2013\/06\/casa-Suedia-9-bis-300x198.jpg 300w, https:\/\/www.imobiliare.ro\/imoexpert\/wp-content\/uploads\/2013\/06\/casa-Suedia-9-bis-87x57.jpg 87w, https:\/\/www.imobiliare.ro\/imoexpert\/wp-content\/uploads\/2013\/06\/casa-Suedia-9-bis-65x43.jpg 65w\" sizes=\"auto, (max-width: 599px) 100vw, 599px\" \/><\/a><br \/>\n<a class=\"article-body-links\"href=\"https:\/\/info.imobiliare.ro\/wp-content\/uploads\/2013\/06\/casa-Suedia-10.jpg\"><img loading=\"lazy\" decoding=\"async\" class=\"alignleft size-full wp-image-25581\" alt=\"casa Suedia 10\" src=\"https:\/\/info.imobiliare.ro\/wp-content\/uploads\/2013\/06\/casa-Suedia-10.jpg\" width=\"599\" height=\"395\" srcset=\"https:\/\/www.imobiliare.ro\/imoexpert\/wp-content\/uploads\/2013\/06\/casa-Suedia-10.jpg 599w, https:\/\/www.imobiliare.ro\/imoexpert\/wp-content\/uploads\/2013\/06\/casa-Suedia-10-300x198.jpg 300w, https:\/\/www.imobiliare.ro\/imoexpert\/wp-content\/uploads\/2013\/06\/casa-Suedia-10-87x57.jpg 87w, https:\/\/www.imobiliare.ro\/imoexpert\/wp-content\/uploads\/2013\/06\/casa-Suedia-10-65x43.jpg 65w\" sizes=\"auto, (max-width: 599px) 100vw, 599px\" \/><\/a><br \/>\n<a class=\"article-body-links\"href=\"https:\/\/info.imobiliare.ro\/wp-content\/uploads\/2013\/06\/casa-Suedia-11.jpg\"><img loading=\"lazy\" decoding=\"async\" class=\"alignleft size-full wp-image-25582\" alt=\"casa Suedia 11\" src=\"https:\/\/info.imobiliare.ro\/wp-content\/uploads\/2013\/06\/casa-Suedia-11.jpg\" width=\"599\" height=\"395\" srcset=\"https:\/\/www.imobiliare.ro\/imoexpert\/wp-content\/uploads\/2013\/06\/casa-Suedia-11.jpg 599w, https:\/\/www.imobiliare.ro\/imoexpert\/wp-content\/uploads\/2013\/06\/casa-Suedia-11-300x198.jpg 300w, https:\/\/www.imobiliare.ro\/imoexpert\/wp-content\/uploads\/2013\/06\/casa-Suedia-11-87x57.jpg 87w, https:\/\/www.imobiliare.ro\/imoexpert\/wp-content\/uploads\/2013\/06\/casa-Suedia-11-65x43.jpg 65w\" sizes=\"auto, (max-width: 599px) 100vw, 599px\" \/><\/a><\/p>\n<p>Pe l\u00e2ng\u0103 zona de zi, locuin\u021ba mai include un dormitor \u0219i dou\u0103 b\u0103i. Camera de noapte se contureaz\u0103 ca o prelungire fireasc\u0103 a livingului: \u0219i aici lemnul joac\u0103 un rol important \u00een amenajare, \u00een combina\u021bie cu obiecte cu aspect antic (fotoliul \u0219i m\u0103su\u021ba de toalet\u0103) sau cu decora\u021biuni cu motive tradi\u021bionale (covorul \u00een culori vii). \u00cenc\u0103perea este bine luminat\u0103, prin suprafe\u021bele vitrate amplasate pe cele dou\u0103 laturi.<\/p>\n<p><a class=\"article-body-links\"href=\"https:\/\/info.imobiliare.ro\/wp-content\/uploads\/2013\/06\/casa-Suedia-13.jpg\"><img loading=\"lazy\" decoding=\"async\" class=\"alignleft size-full wp-image-25584\" alt=\"casa Suedia 13\" src=\"https:\/\/info.imobiliare.ro\/wp-content\/uploads\/2013\/06\/casa-Suedia-13.jpg\" width=\"599\" height=\"395\" srcset=\"https:\/\/www.imobiliare.ro\/imoexpert\/wp-content\/uploads\/2013\/06\/casa-Suedia-13.jpg 599w, https:\/\/www.imobiliare.ro\/imoexpert\/wp-content\/uploads\/2013\/06\/casa-Suedia-13-300x198.jpg 300w, https:\/\/www.imobiliare.ro\/imoexpert\/wp-content\/uploads\/2013\/06\/casa-Suedia-13-87x57.jpg 87w, https:\/\/www.imobiliare.ro\/imoexpert\/wp-content\/uploads\/2013\/06\/casa-Suedia-13-65x43.jpg 65w\" sizes=\"auto, (max-width: 599px) 100vw, 599px\" \/><\/a><br \/>\n<a class=\"article-body-links\"href=\"https:\/\/info.imobiliare.ro\/wp-content\/uploads\/2013\/06\/casa-Suedia-14.jpg\"><img loading=\"lazy\" decoding=\"async\" class=\"alignleft size-full wp-image-25585\" alt=\"casa Suedia 14\" src=\"https:\/\/info.imobiliare.ro\/wp-content\/uploads\/2013\/06\/casa-Suedia-14.jpg\" width=\"599\" height=\"395\" srcset=\"https:\/\/www.imobiliare.ro\/imoexpert\/wp-content\/uploads\/2013\/06\/casa-Suedia-14.jpg 599w, https:\/\/www.imobiliare.ro\/imoexpert\/wp-content\/uploads\/2013\/06\/casa-Suedia-14-300x198.jpg 300w, https:\/\/www.imobiliare.ro\/imoexpert\/wp-content\/uploads\/2013\/06\/casa-Suedia-14-87x57.jpg 87w, https:\/\/www.imobiliare.ro\/imoexpert\/wp-content\/uploads\/2013\/06\/casa-Suedia-14-65x43.jpg 65w\" sizes=\"auto, (max-width: 599px) 100vw, 599px\" \/><\/a><br \/>\n<a class=\"article-body-links\"href=\"https:\/\/info.imobiliare.ro\/wp-content\/uploads\/2013\/06\/casa-Suedia-15.jpg\"><img loading=\"lazy\" decoding=\"async\" class=\"alignleft size-full wp-image-25586\" alt=\"casa Suedia 15\" src=\"https:\/\/info.imobiliare.ro\/wp-content\/uploads\/2013\/06\/casa-Suedia-15.jpg\" width=\"599\" height=\"395\" srcset=\"https:\/\/www.imobiliare.ro\/imoexpert\/wp-content\/uploads\/2013\/06\/casa-Suedia-15.jpg 599w, https:\/\/www.imobiliare.ro\/imoexpert\/wp-content\/uploads\/2013\/06\/casa-Suedia-15-300x198.jpg 300w, https:\/\/www.imobiliare.ro\/imoexpert\/wp-content\/uploads\/2013\/06\/casa-Suedia-15-87x57.jpg 87w, https:\/\/www.imobiliare.ro\/imoexpert\/wp-content\/uploads\/2013\/06\/casa-Suedia-15-65x43.jpg 65w\" sizes=\"auto, (max-width: 599px) 100vw, 599px\" \/><\/a><\/p>\n<p><em><strong>Surs\u0103 foto: <a class=\"article-body-links\"href=\"http:\/\/freshome.com\/2013\/06\/22\/charming-rustic-home-surrounded-by-woodland-and-meadows-in-sweden\/\">Freshome.com<\/a><br \/>\nCite\u0219te \u0219i: <a class=\"article-body-links\"href=\"https:\/\/www.imobiliare.ro\/articole\/intre-aerul-rustic-si-confortul-modern-o-casa-ca-n-povesti_db\/\">\u00centre aerul rustic \u0219i confortul modern: o cas\u0103 ca-n pove\u0219ti<\/a><\/strong><\/em><\/p>\n","protected":false},"excerpt":{"rendered":"<p>Nu doar localizarea unei locuin\u021be, ci \u0219i amenajarea ei contribuie la conturarea unei atmosfere pitore\u0219ti. Atunci c\u00e2nd se g\u00e2ndesc la vacan\u021b\u0103 sau chiar la o schimbare radical\u0103 a modului de via\u021b\u0103, mul\u021bi dintre noi viseaz\u0103 la evad\u0103ri \u00een natur\u0103. Cu toate acestea, nu to\u021bi sunt dispu\u0219i s\u0103 renun\u021be la beneficiile vie\u021bii de la ora\u0219 pentru [&hellip;]<\/p>\n","protected":false},"author":829,"featured_media":25571,"comment_status":"open","ping_status":"open","sticky":false,"template":"","format":"standard","meta":{"footnotes":""},"categories":[255],"tags":[1410,1411],"content_author":[],"class_list":["post-25570","post","type-post","status-publish","format-standard","has-post-thumbnail","hentry","category-home-deco","tag-newsletter","tag-principal"],"yoast_head":"<!-- This site is optimized with the Yoast SEO Premium plugin v27.0 (Yoast SEO v27.0) - https:\/\/yoast.com\/product\/yoast-seo-premium-wordpress\/ -->\n<title>O altfel de... cas\u0103 la \u021bar\u0103: tot ce ai nevoie, departe de agita\u021bia ora\u0219ului - Home &amp; Deco - ImoExpert<\/title>\n<meta name=\"description\" content=\"Nu doar localizarea unei locuin\u021be, ci \u0219i amenajarea ei contribuie la conturarea unei atmosfere pitore\u0219ti. Atunci c\u00e2nd se g\u00e2ndesc la vacan\u021b\u0103 sau chiar la o\" \/>\n<meta name=\"robots\" content=\"index, follow\" \/>\n<link rel=\"canonical\" href=\"https:\/\/www.imobiliare.ro\/imoexpert\/o-altfel-de-casa-la-tara-tot-ce-ai-nevoie-departe-de-agitatia-orasului_db\/\" \/>\n<meta property=\"og:locale\" content=\"ro_RO\" \/>\n<meta property=\"og:type\" content=\"article\" \/>\n<meta property=\"og:title\" content=\"O altfel de... cas\u0103 la \u021bar\u0103: tot ce ai nevoie, departe de agita\u021bia ora\u0219ului\" \/>\n<meta property=\"og:description\" content=\"Nu doar localizarea unei locuin\u021be, ci \u0219i amenajarea ei contribuie la conturarea unei atmosfere pitore\u0219ti. Atunci c\u00e2nd se g\u00e2ndesc la vacan\u021b\u0103 sau chiar la o\" \/>\n<meta property=\"og:url\" content=\"https:\/\/www.imobiliare.ro\/imoexpert\/o-altfel-de-casa-la-tara-tot-ce-ai-nevoie-departe-de-agitatia-orasului_db\/\" \/>\n<meta property=\"og:site_name\" content=\"ImoExpert\" \/>\n<meta property=\"article:published_time\" content=\"2013-06-25T11:47:26+00:00\" \/>\n<meta property=\"og:image\" content=\"https:\/\/www.imobiliare.ro\/imoexpert\/wp-content\/uploads\/2013\/06\/casa-Suedia-1.jpg\" \/>\n\t<meta property=\"og:image:width\" content=\"599\" \/>\n\t<meta property=\"og:image:height\" content=\"395\" \/>\n\t<meta property=\"og:image:type\" content=\"image\/jpeg\" \/>\n<meta name=\"author\" content=\"Adriana Dr\u0103gu\u0219in\" \/>\n<meta name=\"twitter:card\" content=\"summary_large_image\" \/>\n<meta name=\"twitter:label1\" content=\"Written by\" \/>\n\t<meta name=\"twitter:data1\" content=\"Adriana Dr\u0103gu\u0219in\" \/>\n\t<meta name=\"twitter:label2\" content=\"Est. reading time\" \/>\n\t<meta name=\"twitter:data2\" content=\"2 minute\" \/>\n<script type=\"application\/ld+json\" class=\"yoast-schema-graph\">{\"@context\":\"https:\/\/schema.org\",\"@graph\":[{\"@type\":\"Article\",\"@id\":\"https:\/\/www.imobiliare.ro\/imoexpert\/o-altfel-de-casa-la-tara-tot-ce-ai-nevoie-departe-de-agitatia-orasului_db\/#article\",\"isPartOf\":{\"@id\":\"https:\/\/www.imobiliare.ro\/imoexpert\/o-altfel-de-casa-la-tara-tot-ce-ai-nevoie-departe-de-agitatia-orasului_db\/\"},\"author\":{\"name\":\"Adriana Dr\u0103gu\u0219in\",\"@id\":\"https:\/\/www.imobiliare.ro\/imoexpert\/#\/schema\/person\/8c13b0297075010b896471fabf0d7790\"},\"headline\":\"O altfel de&#8230; cas\u0103 la \u021bar\u0103: tot ce ai nevoie, departe de agita\u021bia ora\u0219ului\",\"datePublished\":\"2013-06-25T11:47:26+00:00\",\"mainEntityOfPage\":{\"@id\":\"https:\/\/www.imobiliare.ro\/imoexpert\/o-altfel-de-casa-la-tara-tot-ce-ai-nevoie-departe-de-agitatia-orasului_db\/\"},\"wordCount\":480,\"commentCount\":4,\"publisher\":{\"@id\":\"https:\/\/www.imobiliare.ro\/imoexpert\/#organization\"},\"image\":{\"@id\":\"https:\/\/www.imobiliare.ro\/imoexpert\/o-altfel-de-casa-la-tara-tot-ce-ai-nevoie-departe-de-agitatia-orasului_db\/#primaryimage\"},\"thumbnailUrl\":\"https:\/\/www.imobiliare.ro\/imoexpert\/wp-content\/uploads\/2013\/06\/casa-Suedia-1.jpg\",\"keywords\":[\"newsletter\",\"principal\"],\"articleSection\":[\"Home &amp; Deco\"],\"inLanguage\":\"en\",\"potentialAction\":[{\"@type\":\"CommentAction\",\"name\":\"Comment\",\"target\":[\"https:\/\/www.imobiliare.ro\/imoexpert\/o-altfel-de-casa-la-tara-tot-ce-ai-nevoie-departe-de-agitatia-orasului_db\/#respond\"]}],\"copyrightYear\":\"2013\",\"copyrightHolder\":{\"@id\":\"https:\/\/www.imobiliare.ro\/imoexpert\/#organization\"}},{\"@type\":\"WebPage\",\"@id\":\"https:\/\/www.imobiliare.ro\/imoexpert\/o-altfel-de-casa-la-tara-tot-ce-ai-nevoie-departe-de-agitatia-orasului_db\/\",\"url\":\"https:\/\/www.imobiliare.ro\/imoexpert\/o-altfel-de-casa-la-tara-tot-ce-ai-nevoie-departe-de-agitatia-orasului_db\/\",\"name\":\"O altfel de... cas\u0103 la \u021bar\u0103: tot ce ai nevoie, departe de agita\u021bia ora\u0219ului - Home &amp; Deco - ImoExpert\",\"isPartOf\":{\"@id\":\"https:\/\/www.imobiliare.ro\/imoexpert\/#website\"},\"primaryImageOfPage\":{\"@id\":\"https:\/\/www.imobiliare.ro\/imoexpert\/o-altfel-de-casa-la-tara-tot-ce-ai-nevoie-departe-de-agitatia-orasului_db\/#primaryimage\"},\"image\":{\"@id\":\"https:\/\/www.imobiliare.ro\/imoexpert\/o-altfel-de-casa-la-tara-tot-ce-ai-nevoie-departe-de-agitatia-orasului_db\/#primaryimage\"},\"thumbnailUrl\":\"https:\/\/www.imobiliare.ro\/imoexpert\/wp-content\/uploads\/2013\/06\/casa-Suedia-1.jpg\",\"datePublished\":\"2013-06-25T11:47:26+00:00\",\"description\":\"Nu doar localizarea unei locuin\u021be, ci \u0219i amenajarea ei contribuie la conturarea unei atmosfere pitore\u0219ti. Atunci c\u00e2nd se g\u00e2ndesc la vacan\u021b\u0103 sau chiar la o\",\"breadcrumb\":{\"@id\":\"https:\/\/www.imobiliare.ro\/imoexpert\/o-altfel-de-casa-la-tara-tot-ce-ai-nevoie-departe-de-agitatia-orasului_db\/#breadcrumb\"},\"inLanguage\":\"en\",\"potentialAction\":[{\"@type\":\"ReadAction\",\"target\":[\"https:\/\/www.imobiliare.ro\/imoexpert\/o-altfel-de-casa-la-tara-tot-ce-ai-nevoie-departe-de-agitatia-orasului_db\/\"]}]},{\"@type\":\"ImageObject\",\"inLanguage\":\"en\",\"@id\":\"https:\/\/www.imobiliare.ro\/imoexpert\/o-altfel-de-casa-la-tara-tot-ce-ai-nevoie-departe-de-agitatia-orasului_db\/#primaryimage\",\"url\":\"https:\/\/www.imobiliare.ro\/imoexpert\/wp-content\/uploads\/2013\/06\/casa-Suedia-1.jpg\",\"contentUrl\":\"https:\/\/www.imobiliare.ro\/imoexpert\/wp-content\/uploads\/2013\/06\/casa-Suedia-1.jpg\",\"width\":599,\"height\":395},{\"@type\":\"BreadcrumbList\",\"@id\":\"https:\/\/www.imobiliare.ro\/imoexpert\/o-altfel-de-casa-la-tara-tot-ce-ai-nevoie-departe-de-agitatia-orasului_db\/#breadcrumb\",\"itemListElement\":[{\"@type\":\"ListItem\",\"position\":1,\"name\":\"Imoradar24\",\"item\":\"https:\/\/www.imoradar24.ro\"},{\"@type\":\"ListItem\",\"position\":2,\"name\":\"ImoExpert\",\"item\":\"https:\/\/www.imobiliare.ro\/imoexpert\/\"},{\"@type\":\"ListItem\",\"position\":3,\"name\":\"Sfaturi\",\"item\":\"https:\/\/www.imobiliare.ro\/imoexpert\/ghid-imobiliar\/\"},{\"@type\":\"ListItem\",\"position\":4,\"name\":\"Home &amp; Deco\",\"item\":\"https:\/\/www.imobiliare.ro\/imoexpert\/ghid-imobiliar\/home-deco\/\"},{\"@type\":\"ListItem\",\"position\":5,\"name\":\"O altfel de&#8230; cas\u0103 la \u021bar\u0103: tot ce ai nevoie, departe de agita\u021bia ora\u0219ului\"}]},{\"@type\":\"WebSite\",\"@id\":\"https:\/\/www.imobiliare.ro\/imoexpert\/#website\",\"url\":\"https:\/\/www.imobiliare.ro\/imoexpert\/\",\"name\":\"ImoExpert\",\"description\":\"cele mai importante \u015ftiri din domeniul imobiliar\",\"publisher\":{\"@id\":\"https:\/\/www.imobiliare.ro\/imoexpert\/#organization\"},\"inLanguage\":\"en\"},{\"@type\":\"Organization\",\"@id\":\"https:\/\/www.imobiliare.ro\/imoexpert\/#organization\",\"name\":\"Imobiliare.ro\",\"alternateName\":\"Realmedia Network SA\",\"url\":\"https:\/\/www.imobiliare.ro\/imoexpert\/\",\"logo\":{\"@type\":\"ImageObject\",\"inLanguage\":\"en\",\"@id\":\"https:\/\/www.imobiliare.ro\/imoexpert\/#\/schema\/logo\/image\/\",\"url\":\"https:\/\/www.imobiliare.ro\/imoexpert\/wp-content\/uploads\/2025\/05\/imobiliare_logo.png\",\"contentUrl\":\"https:\/\/www.imobiliare.ro\/imoexpert\/wp-content\/uploads\/2025\/05\/imobiliare_logo.png\",\"width\":237,\"height\":29,\"caption\":\"Imobiliare.ro\"},\"image\":{\"@id\":\"https:\/\/www.imobiliare.ro\/imoexpert\/#\/schema\/logo\/image\/\"}},{\"@type\":\"Person\",\"@id\":\"https:\/\/www.imobiliare.ro\/imoexpert\/#\/schema\/person\/8c13b0297075010b896471fabf0d7790\",\"name\":\"Adriana Dr\u0103gu\u0219in\",\"image\":{\"@type\":\"ImageObject\",\"inLanguage\":\"en\",\"@id\":\"https:\/\/www.imobiliare.ro\/imoexpert\/#\/schema\/person\/image\/\",\"url\":\"https:\/\/secure.gravatar.com\/avatar\/ba4762f7517e50e679ed7f11207102d1150120f2f5800c0da98f8a15305bf514?s=96&d=mm&r=g\",\"contentUrl\":\"https:\/\/secure.gravatar.com\/avatar\/ba4762f7517e50e679ed7f11207102d1150120f2f5800c0da98f8a15305bf514?s=96&d=mm&r=g\",\"caption\":\"Adriana Dr\u0103gu\u0219in\"},\"jobTitle\":\"Editor\",\"url\":\"https:\/\/www.imobiliare.ro\/imoexpert\/author\/adriana-dragusin\/\"}]}<\/script>\n<!-- \/ Yoast SEO Premium plugin. -->","yoast_head_json":{"title":"O altfel de... cas\u0103 la \u021bar\u0103: tot ce ai nevoie, departe de agita\u021bia ora\u0219ului - Home &amp; Deco - ImoExpert","description":"Nu doar localizarea unei locuin\u021be, ci \u0219i amenajarea ei contribuie la conturarea unei atmosfere pitore\u0219ti. Atunci c\u00e2nd se g\u00e2ndesc la vacan\u021b\u0103 sau chiar la o","robots":{"index":"index","follow":"follow"},"canonical":"https:\/\/www.imobiliare.ro\/imoexpert\/o-altfel-de-casa-la-tara-tot-ce-ai-nevoie-departe-de-agitatia-orasului_db\/","og_locale":"ro_RO","og_type":"article","og_title":"O altfel de... cas\u0103 la \u021bar\u0103: tot ce ai nevoie, departe de agita\u021bia ora\u0219ului","og_description":"Nu doar localizarea unei locuin\u021be, ci \u0219i amenajarea ei contribuie la conturarea unei atmosfere pitore\u0219ti. Atunci c\u00e2nd se g\u00e2ndesc la vacan\u021b\u0103 sau chiar la o","og_url":"https:\/\/www.imobiliare.ro\/imoexpert\/o-altfel-de-casa-la-tara-tot-ce-ai-nevoie-departe-de-agitatia-orasului_db\/","og_site_name":"ImoExpert","article_published_time":"2013-06-25T11:47:26+00:00","og_image":[{"width":599,"height":395,"url":"https:\/\/www.imobiliare.ro\/imoexpert\/wp-content\/uploads\/2013\/06\/casa-Suedia-1.jpg","type":"image\/jpeg"}],"author":"Adriana Dr\u0103gu\u0219in","twitter_card":"summary_large_image","twitter_misc":{"Written by":"Adriana Dr\u0103gu\u0219in","Est. reading time":"2 minute"},"schema":{"@context":"https:\/\/schema.org","@graph":[{"@type":"Article","@id":"https:\/\/www.imobiliare.ro\/imoexpert\/o-altfel-de-casa-la-tara-tot-ce-ai-nevoie-departe-de-agitatia-orasului_db\/#article","isPartOf":{"@id":"https:\/\/www.imobiliare.ro\/imoexpert\/o-altfel-de-casa-la-tara-tot-ce-ai-nevoie-departe-de-agitatia-orasului_db\/"},"author":{"name":"Adriana Dr\u0103gu\u0219in","@id":"https:\/\/www.imobiliare.ro\/imoexpert\/#\/schema\/person\/8c13b0297075010b896471fabf0d7790"},"headline":"O altfel de&#8230; cas\u0103 la \u021bar\u0103: tot ce ai nevoie, departe de agita\u021bia ora\u0219ului","datePublished":"2013-06-25T11:47:26+00:00","mainEntityOfPage":{"@id":"https:\/\/www.imobiliare.ro\/imoexpert\/o-altfel-de-casa-la-tara-tot-ce-ai-nevoie-departe-de-agitatia-orasului_db\/"},"wordCount":480,"commentCount":4,"publisher":{"@id":"https:\/\/www.imobiliare.ro\/imoexpert\/#organization"},"image":{"@id":"https:\/\/www.imobiliare.ro\/imoexpert\/o-altfel-de-casa-la-tara-tot-ce-ai-nevoie-departe-de-agitatia-orasului_db\/#primaryimage"},"thumbnailUrl":"https:\/\/www.imobiliare.ro\/imoexpert\/wp-content\/uploads\/2013\/06\/casa-Suedia-1.jpg","keywords":["newsletter","principal"],"articleSection":["Home &amp; Deco"],"inLanguage":"en","potentialAction":[{"@type":"CommentAction","name":"Comment","target":["https:\/\/www.imobiliare.ro\/imoexpert\/o-altfel-de-casa-la-tara-tot-ce-ai-nevoie-departe-de-agitatia-orasului_db\/#respond"]}],"copyrightYear":"2013","copyrightHolder":{"@id":"https:\/\/www.imobiliare.ro\/imoexpert\/#organization"}},{"@type":"WebPage","@id":"https:\/\/www.imobiliare.ro\/imoexpert\/o-altfel-de-casa-la-tara-tot-ce-ai-nevoie-departe-de-agitatia-orasului_db\/","url":"https:\/\/www.imobiliare.ro\/imoexpert\/o-altfel-de-casa-la-tara-tot-ce-ai-nevoie-departe-de-agitatia-orasului_db\/","name":"O altfel de... cas\u0103 la \u021bar\u0103: tot ce ai nevoie, departe de agita\u021bia ora\u0219ului - Home &amp; Deco - ImoExpert","isPartOf":{"@id":"https:\/\/www.imobiliare.ro\/imoexpert\/#website"},"primaryImageOfPage":{"@id":"https:\/\/www.imobiliare.ro\/imoexpert\/o-altfel-de-casa-la-tara-tot-ce-ai-nevoie-departe-de-agitatia-orasului_db\/#primaryimage"},"image":{"@id":"https:\/\/www.imobiliare.ro\/imoexpert\/o-altfel-de-casa-la-tara-tot-ce-ai-nevoie-departe-de-agitatia-orasului_db\/#primaryimage"},"thumbnailUrl":"https:\/\/www.imobiliare.ro\/imoexpert\/wp-content\/uploads\/2013\/06\/casa-Suedia-1.jpg","datePublished":"2013-06-25T11:47:26+00:00","description":"Nu doar localizarea unei locuin\u021be, ci \u0219i amenajarea ei contribuie la conturarea unei atmosfere pitore\u0219ti. Atunci c\u00e2nd se g\u00e2ndesc la vacan\u021b\u0103 sau chiar la o","breadcrumb":{"@id":"https:\/\/www.imobiliare.ro\/imoexpert\/o-altfel-de-casa-la-tara-tot-ce-ai-nevoie-departe-de-agitatia-orasului_db\/#breadcrumb"},"inLanguage":"en","potentialAction":[{"@type":"ReadAction","target":["https:\/\/www.imobiliare.ro\/imoexpert\/o-altfel-de-casa-la-tara-tot-ce-ai-nevoie-departe-de-agitatia-orasului_db\/"]}]},{"@type":"ImageObject","inLanguage":"en","@id":"https:\/\/www.imobiliare.ro\/imoexpert\/o-altfel-de-casa-la-tara-tot-ce-ai-nevoie-departe-de-agitatia-orasului_db\/#primaryimage","url":"https:\/\/www.imobiliare.ro\/imoexpert\/wp-content\/uploads\/2013\/06\/casa-Suedia-1.jpg","contentUrl":"https:\/\/www.imobiliare.ro\/imoexpert\/wp-content\/uploads\/2013\/06\/casa-Suedia-1.jpg","width":599,"height":395},{"@type":"BreadcrumbList","@id":"https:\/\/www.imobiliare.ro\/imoexpert\/o-altfel-de-casa-la-tara-tot-ce-ai-nevoie-departe-de-agitatia-orasului_db\/#breadcrumb","itemListElement":[{"@type":"ListItem","position":1,"name":"Imoradar24","item":"https:\/\/www.imoradar24.ro"},{"@type":"ListItem","position":2,"name":"ImoExpert","item":"https:\/\/www.imobiliare.ro\/imoexpert\/"},{"@type":"ListItem","position":3,"name":"Sfaturi","item":"https:\/\/www.imobiliare.ro\/imoexpert\/ghid-imobiliar\/"},{"@type":"ListItem","position":4,"name":"Home &amp; Deco","item":"https:\/\/www.imobiliare.ro\/imoexpert\/ghid-imobiliar\/home-deco\/"},{"@type":"ListItem","position":5,"name":"O altfel de&#8230; cas\u0103 la \u021bar\u0103: tot ce ai nevoie, departe de agita\u021bia ora\u0219ului"}]},{"@type":"WebSite","@id":"https:\/\/www.imobiliare.ro\/imoexpert\/#website","url":"https:\/\/www.imobiliare.ro\/imoexpert\/","name":"ImoExpert","description":"cele mai importante \u015ftiri din domeniul imobiliar","publisher":{"@id":"https:\/\/www.imobiliare.ro\/imoexpert\/#organization"},"inLanguage":"en"},{"@type":"Organization","@id":"https:\/\/www.imobiliare.ro\/imoexpert\/#organization","name":"Imobiliare.ro","alternateName":"Realmedia Network SA","url":"https:\/\/www.imobiliare.ro\/imoexpert\/","logo":{"@type":"ImageObject","inLanguage":"en","@id":"https:\/\/www.imobiliare.ro\/imoexpert\/#\/schema\/logo\/image\/","url":"https:\/\/www.imobiliare.ro\/imoexpert\/wp-content\/uploads\/2025\/05\/imobiliare_logo.png","contentUrl":"https:\/\/www.imobiliare.ro\/imoexpert\/wp-content\/uploads\/2025\/05\/imobiliare_logo.png","width":237,"height":29,"caption":"Imobiliare.ro"},"image":{"@id":"https:\/\/www.imobiliare.ro\/imoexpert\/#\/schema\/logo\/image\/"}},{"@type":"Person","@id":"https:\/\/www.imobiliare.ro\/imoexpert\/#\/schema\/person\/8c13b0297075010b896471fabf0d7790","name":"Adriana Dr\u0103gu\u0219in","image":{"@type":"ImageObject","inLanguage":"en","@id":"https:\/\/www.imobiliare.ro\/imoexpert\/#\/schema\/person\/image\/","url":"https:\/\/secure.gravatar.com\/avatar\/ba4762f7517e50e679ed7f11207102d1150120f2f5800c0da98f8a15305bf514?s=96&d=mm&r=g","contentUrl":"https:\/\/secure.gravatar.com\/avatar\/ba4762f7517e50e679ed7f11207102d1150120f2f5800c0da98f8a15305bf514?s=96&d=mm&r=g","caption":"Adriana Dr\u0103gu\u0219in"},"jobTitle":"Editor","url":"https:\/\/www.imobiliare.ro\/imoexpert\/author\/adriana-dragusin\/"}]}},"_links":{"self":[{"href":"https:\/\/www.imobiliare.ro\/imoexpert\/wp-json\/wp\/v2\/posts\/25570","targetHints":{"allow":["GET"]}}],"collection":[{"href":"https:\/\/www.imobiliare.ro\/imoexpert\/wp-json\/wp\/v2\/posts"}],"about":[{"href":"https:\/\/www.imobiliare.ro\/imoexpert\/wp-json\/wp\/v2\/types\/post"}],"author":[{"embeddable":true,"href":"https:\/\/www.imobiliare.ro\/imoexpert\/wp-json\/wp\/v2\/users\/829"}],"replies":[{"embeddable":true,"href":"https:\/\/www.imobiliare.ro\/imoexpert\/wp-json\/wp\/v2\/comments?post=25570"}],"version-history":[{"count":0,"href":"https:\/\/www.imobiliare.ro\/imoexpert\/wp-json\/wp\/v2\/posts\/25570\/revisions"}],"wp:featuredmedia":[{"embeddable":true,"href":"https:\/\/www.imobiliare.ro\/imoexpert\/wp-json\/wp\/v2\/media\/25571"}],"wp:attachment":[{"href":"https:\/\/www.imobiliare.ro\/imoexpert\/wp-json\/wp\/v2\/media?parent=25570"}],"wp:term":[{"taxonomy":"category","embeddable":true,"href":"https:\/\/www.imobiliare.ro\/imoexpert\/wp-json\/wp\/v2\/categories?post=25570"},{"taxonomy":"post_tag","embeddable":true,"href":"https:\/\/www.imobiliare.ro\/imoexpert\/wp-json\/wp\/v2\/tags?post=25570"},{"taxonomy":"content_author","embeddable":true,"href":"https:\/\/www.imobiliare.ro\/imoexpert\/wp-json\/wp\/v2\/content_author?post=25570"}],"curies":[{"name":"wp","href":"https:\/\/api.w.org\/{rel}","templated":true}]}}