{"id":25926,"date":"2013-07-22T11:30:07","date_gmt":"2013-07-22T08:30:07","guid":{"rendered":"https:\/\/www.imobiliare.ro\/?p=25926_db\/"},"modified":"2013-07-22T11:30:07","modified_gmt":"2013-07-22T08:30:07","slug":"cat-te-costa-amenajarea-unei-bucatarii-ultimul-racnet-plus-tendinte-actuale-de-design","status":"publish","type":"post","link":"https:\/\/www.imobiliare.ro\/imoexpert\/cat-te-costa-amenajarea-unei-bucatarii-ultimul-racnet-plus-tendinte-actuale-de-design_db\/","title":{"rendered":"C\u00e2t te cost\u0103 amenajarea unei buc\u0103t\u0103rii \u201eultimul r\u0103cnet\u201d. Plus: Tendin\u021be actuale de design"},"content":{"rendered":"<p><strong>Indiferent de buget, camera destinat\u0103 prepar\u0103rii m\u00e2nc\u0103rii trebuie s\u0103 respecte un principiu simplu: s\u0103 fie func\u021bional\u0103.<\/strong><\/p>\n<p>Te g\u00e2nde\u0219ti la o (re)decorare a buc\u0103t\u0103riei \u0219i vrei ca rezultatul s\u0103 fie unul cu totul deosebit? Dac\u0103 bugetul \u021bi-o permite, o solu\u021bie ar fi alegerea unor produse premium, ce prezint\u0103 avantajul alinierii la tendin\u021bele actuale \u00een materie de design. \u201e\u00cen func\u0163ie de materialele \u015fi finisajele alese, mobilarea premium a unei buc\u0103t\u0103rii de mici dimensiuni (de apartament, n.red.) se poate \u00eencadra \u00eentr-un buget mediu de 2.000 de euro, \u00een timp ce, \u00een cazul unei buc\u0103t\u0103rii mai mari (\u00eentr-o vil\u0103, n.red.), cu mobilier, blat \u015fi lavoar mai speciale, bugetul poate ajunge p\u00e2n\u0103 la 7.000 de euro\u201d, spune Camelia Olesen, director executiv \u00een cadrul Kuma Rom\u00e2nia (companie produc\u0103toare de lavoare, blaturi \u015fi mobilier pentru b\u0103i \u015fi buc\u0103t\u0103rii). De regul\u0103, (re)amenajarea buc\u0103t\u0103riei cu produse premium se realizeaz\u0103 la un interval de aproximativ 25 de ani, datorit\u0103 durabilit\u0103\u021bii  acestora. \u201eRom\u00e2nii \u0163in tot mai mult cont de materialele din care sunt realizare blaturile, lavoarele \u015fi mobilierul de buc\u0103t\u0103rie \u015fi aleg produse rezistente \u00een timp\u201d, noteaz\u0103 Olesen. <\/p>\n<p><a class=\"article-body-links\"href=\"https:\/\/info.imobiliare.ro\/wp-content\/uploads\/2013\/07\/kuma-bucatarie-1.jpg\"><img loading=\"lazy\" decoding=\"async\" src=\"https:\/\/info.imobiliare.ro\/wp-content\/uploads\/2013\/07\/kuma-bucatarie-1.jpg\" alt=\"kuma bucatarie 1\" width=\"600\" height=\"451\" class=\"alignleft size-full wp-image-25927\" srcset=\"https:\/\/www.imobiliare.ro\/imoexpert\/wp-content\/uploads\/2013\/07\/kuma-bucatarie-1.jpg 600w, https:\/\/www.imobiliare.ro\/imoexpert\/wp-content\/uploads\/2013\/07\/kuma-bucatarie-1-300x226.jpg 300w, https:\/\/www.imobiliare.ro\/imoexpert\/wp-content\/uploads\/2013\/07\/kuma-bucatarie-1-130x97.jpg 130w\" sizes=\"auto, (max-width: 600px) 100vw, 600px\" \/><\/a><br \/>\n<a class=\"article-body-links\"href=\"https:\/\/info.imobiliare.ro\/wp-content\/uploads\/2013\/07\/kuma-bucatarie-2.jpg\"><img loading=\"lazy\" decoding=\"async\" src=\"https:\/\/info.imobiliare.ro\/wp-content\/uploads\/2013\/07\/kuma-bucatarie-2.jpg\" alt=\"kuma bucatarie 2\" width=\"600\" height=\"451\" class=\"alignleft size-full wp-image-25928\" srcset=\"https:\/\/www.imobiliare.ro\/imoexpert\/wp-content\/uploads\/2013\/07\/kuma-bucatarie-2.jpg 600w, https:\/\/www.imobiliare.ro\/imoexpert\/wp-content\/uploads\/2013\/07\/kuma-bucatarie-2-300x226.jpg 300w, https:\/\/www.imobiliare.ro\/imoexpert\/wp-content\/uploads\/2013\/07\/kuma-bucatarie-2-130x97.jpg 130w\" sizes=\"auto, (max-width: 600px) 100vw, 600px\" \/><\/a><br \/>\n<a class=\"article-body-links\"href=\"https:\/\/info.imobiliare.ro\/wp-content\/uploads\/2013\/07\/Kuma-bucatarie-3.jpg\"><img loading=\"lazy\" decoding=\"async\" src=\"https:\/\/info.imobiliare.ro\/wp-content\/uploads\/2013\/07\/Kuma-bucatarie-3.jpg\" alt=\"Kuma bucatarie 3\" width=\"600\" height=\"366\" class=\"alignleft size-full wp-image-25929\" srcset=\"https:\/\/www.imobiliare.ro\/imoexpert\/wp-content\/uploads\/2013\/07\/Kuma-bucatarie-3.jpg 600w, https:\/\/www.imobiliare.ro\/imoexpert\/wp-content\/uploads\/2013\/07\/Kuma-bucatarie-3-300x183.jpg 300w\" sizes=\"auto, (max-width: 600px) 100vw, 600px\" \/><\/a><\/p>\n<p><strong>Blatul \u0219i chiuveta, punctul central al \u00eentregii \u00eenc\u0103peri<\/strong><br \/>\nIndiferent ce tip de amenajare vei alege \u2013 pe buget redus, mediu sau ridicat \u2013 trebuie s\u0103 \u0219tii c\u0103 orice buc\u0103t\u0103rie trebuie s\u0103 respecte un principiu simplu: s\u0103 fie func\u021bional\u0103. \u00cen cazul apartamentelor, unde spa\u0163iul este limitat, este de preferat mobilierul cu forme liniare, care s\u0103 includ\u0103 elementele strict necesare: chiuveta, plita, cuptorul \u015fi frigiderul. O tendin\u021b\u0103 actual\u0103 este de a renun\u021ba la chiuveta clasic\u0103, din inox, \u00een favoarea unor materiale mai pu\u021bin conven\u021bionale, cum ar fi granitul. \u00cen cazul caselor nou-construite, tendin\u021ba este de a aloca un spa\u0163iu mai mare buc\u0103t\u0103riei, aceasta fiind g\u00e2ndit\u0103 ca o prelungire a celorlalte \u00eenc\u0103peri &#8211; living, dining sau bar. Spa\u0163iul mai mare permite \u015fi alte variante de mobilare, cu blaturi de insul\u0103 sau zone de bar, dimensiunile acestora put\u00e2nd fi personalizate \u00een func\u0163ie de necesit\u0103\u0163i. \u201eAmenajarea buc\u0103t\u0103riilor urmeaz\u0103 un trend modern, \u00een care piesa central\u0103 este blatul &#8211; \u00een suprafa\u0163\u0103 continu\u0103 cu chiuveta. Blaturile \u015fi lavoarele create din materiale naturale ar trebui s\u0103 fie piesele centrale ale unei buc\u0103t\u0103rii moderne\u201d, spune Camelia Olesen.<\/p>\n<p><a class=\"article-body-links\"href=\"https:\/\/info.imobiliare.ro\/wp-content\/uploads\/2013\/07\/kuma-bucatarie-alba.jpg\"><img loading=\"lazy\" decoding=\"async\" src=\"https:\/\/info.imobiliare.ro\/wp-content\/uploads\/2013\/07\/kuma-bucatarie-alba.jpg\" alt=\"kuma bucatarie alba\" width=\"601\" height=\"471\" class=\"alignleft size-full wp-image-25931\" srcset=\"https:\/\/www.imobiliare.ro\/imoexpert\/wp-content\/uploads\/2013\/07\/kuma-bucatarie-alba.jpg 601w, https:\/\/www.imobiliare.ro\/imoexpert\/wp-content\/uploads\/2013\/07\/kuma-bucatarie-alba-300x235.jpg 300w\" sizes=\"auto, (max-width: 601px) 100vw, 601px\" \/><\/a><br \/>\n<a class=\"article-body-links\"href=\"https:\/\/info.imobiliare.ro\/wp-content\/uploads\/2013\/07\/kuma-bucatarie-4.jpg\"><img loading=\"lazy\" decoding=\"async\" src=\"https:\/\/info.imobiliare.ro\/wp-content\/uploads\/2013\/07\/kuma-bucatarie-4.jpg\" alt=\"kuma bucatarie 4\" width=\"600\" height=\"451\" class=\"alignleft size-full wp-image-25930\" srcset=\"https:\/\/www.imobiliare.ro\/imoexpert\/wp-content\/uploads\/2013\/07\/kuma-bucatarie-4.jpg 600w, https:\/\/www.imobiliare.ro\/imoexpert\/wp-content\/uploads\/2013\/07\/kuma-bucatarie-4-300x226.jpg 300w, https:\/\/www.imobiliare.ro\/imoexpert\/wp-content\/uploads\/2013\/07\/kuma-bucatarie-4-130x97.jpg 130w\" sizes=\"auto, (max-width: 600px) 100vw, 600px\" \/><\/a><\/p>\n<p><strong>Mobilier cu linii minimaliste<\/strong><br \/>\n\u00cen ceea ce prive\u015fte mobilierul, \u00een vog\u0103 sunt piesele cu linii minimaliste, fie c\u0103 este vorba de o buc\u0103t\u0103rie de mici dimensiuni, fie de una cu o suprafa\u0163\u0103 generoas\u0103. La capitolul culori, chiar dac\u0103 peste hotare sunt alese nuan\u0163ele tari, \u00een Rom\u00e2nia \u00een topul preferin\u021belor se situeaz\u0103 tonurile de alb, bej, maro sau wenghe. O alt\u0103 tendin\u021b\u0103 actual\u0103 const\u0103 \u00een reducerea suprafe\u021belor placate din buc\u0103t\u0103rie. \u201eSe prefer\u0103 doar placarea peretelui mobilat, cu materiale compozite similare blatului de lucru, pentru a ob\u0163ine un efect vizual pl\u0103cut\u201d, noteaz\u0103 reprezentan\u021bii Kuma. <\/p>\n<p><a class=\"article-body-links\"href=\"https:\/\/info.imobiliare.ro\/wp-content\/uploads\/2013\/07\/Kuma-bucatarie-5.jpg\"><img loading=\"lazy\" decoding=\"async\" src=\"https:\/\/info.imobiliare.ro\/wp-content\/uploads\/2013\/07\/Kuma-bucatarie-5.jpg\" alt=\"Kuma bucatarie 5\" width=\"600\" height=\"444\" class=\"alignleft size-full wp-image-25932\" srcset=\"https:\/\/www.imobiliare.ro\/imoexpert\/wp-content\/uploads\/2013\/07\/Kuma-bucatarie-5.jpg 600w, https:\/\/www.imobiliare.ro\/imoexpert\/wp-content\/uploads\/2013\/07\/Kuma-bucatarie-5-300x222.jpg 300w, https:\/\/www.imobiliare.ro\/imoexpert\/wp-content\/uploads\/2013\/07\/Kuma-bucatarie-5-130x97.jpg 130w\" sizes=\"auto, (max-width: 600px) 100vw, 600px\" \/><\/a><br \/>\n<a class=\"article-body-links\"href=\"https:\/\/info.imobiliare.ro\/wp-content\/uploads\/2013\/07\/Kuma-bucatarie-6.jpg\"><img loading=\"lazy\" decoding=\"async\" src=\"https:\/\/info.imobiliare.ro\/wp-content\/uploads\/2013\/07\/Kuma-bucatarie-6.jpg\" alt=\"Kuma bucatarie 6\" width=\"601\" height=\"451\" class=\"alignleft size-full wp-image-25933\" srcset=\"https:\/\/www.imobiliare.ro\/imoexpert\/wp-content\/uploads\/2013\/07\/Kuma-bucatarie-6.jpg 601w, https:\/\/www.imobiliare.ro\/imoexpert\/wp-content\/uploads\/2013\/07\/Kuma-bucatarie-6-300x225.jpg 300w, https:\/\/www.imobiliare.ro\/imoexpert\/wp-content\/uploads\/2013\/07\/Kuma-bucatarie-6-130x97.jpg 130w\" sizes=\"auto, (max-width: 601px) 100vw, 601px\" \/><\/a><\/p>\n<p><em><strong>Cite\u0219te \u0219i: <a class=\"article-body-links\"href=\"https:\/\/www.imobiliare.ro\/articole\/10-greseli-de-evitat-la-amenajarea-bucatariei-tale_db\/\">10 gre\u0219eli de evitat la amenajarea buc\u0103t\u0103riei tale<\/a><\/strong><\/em><\/p>\n","protected":false},"excerpt":{"rendered":"<p>Indiferent de buget, camera destinat\u0103 prepar\u0103rii m\u00e2nc\u0103rii trebuie s\u0103 respecte un principiu simplu: s\u0103 fie func\u021bional\u0103. Te g\u00e2nde\u0219ti la o (re)decorare a buc\u0103t\u0103riei \u0219i vrei ca rezultatul s\u0103 fie unul cu totul deosebit? Dac\u0103 bugetul \u021bi-o permite, o solu\u021bie ar fi alegerea unor produse premium, ce prezint\u0103 avantajul alinierii la tendin\u021bele actuale \u00een materie de [&hellip;]<\/p>\n","protected":false},"author":829,"featured_media":25929,"comment_status":"open","ping_status":"open","sticky":false,"template":"","format":"standard","meta":{"footnotes":""},"categories":[255,259],"tags":[1410,1411],"content_author":[],"class_list":["post-25926","post","type-post","status-publish","format-standard","has-post-thumbnail","hentry","category-home-deco","category-stiri","tag-newsletter","tag-principal"],"yoast_head":"<!-- This site is optimized with the Yoast SEO Premium plugin v27.0 (Yoast SEO v27.0) - https:\/\/yoast.com\/product\/yoast-seo-premium-wordpress\/ -->\n<title>C\u00e2t te cost\u0103 amenajarea unei buc\u0103t\u0103rii \u201eultimul r\u0103cnet\u201d. Plus: Tendin\u021be actuale de design - Home &amp; Deco, \u0218tiri - ImoExpert<\/title>\n<meta name=\"description\" content=\"Indiferent de buget, camera destinat\u0103 prepar\u0103rii m\u00e2nc\u0103rii trebuie s\u0103 respecte un principiu simplu: s\u0103 fie func\u021bional\u0103. Te g\u00e2nde\u0219ti la o (re)decorare a\" \/>\n<meta name=\"robots\" content=\"index, follow\" \/>\n<link rel=\"canonical\" href=\"https:\/\/www.imobiliare.ro\/imoexpert\/cat-te-costa-amenajarea-unei-bucatarii-ultimul-racnet-plus-tendinte-actuale-de-design_db\/\" \/>\n<meta property=\"og:locale\" content=\"ro_RO\" \/>\n<meta property=\"og:type\" content=\"article\" \/>\n<meta property=\"og:title\" content=\"C\u00e2t te cost\u0103 amenajarea unei buc\u0103t\u0103rii \u201eultimul r\u0103cnet\u201d. Plus: Tendin\u021be actuale de design\" \/>\n<meta property=\"og:description\" content=\"Indiferent de buget, camera destinat\u0103 prepar\u0103rii m\u00e2nc\u0103rii trebuie s\u0103 respecte un principiu simplu: s\u0103 fie func\u021bional\u0103. Te g\u00e2nde\u0219ti la o (re)decorare a\" \/>\n<meta property=\"og:url\" content=\"https:\/\/www.imobiliare.ro\/imoexpert\/cat-te-costa-amenajarea-unei-bucatarii-ultimul-racnet-plus-tendinte-actuale-de-design_db\/\" \/>\n<meta property=\"og:site_name\" content=\"ImoExpert\" \/>\n<meta property=\"article:published_time\" content=\"2013-07-22T08:30:07+00:00\" \/>\n<meta property=\"og:image\" content=\"https:\/\/www.imobiliare.ro\/imoexpert\/wp-content\/uploads\/2013\/07\/Kuma-bucatarie-3.jpg\" \/>\n\t<meta property=\"og:image:width\" content=\"600\" \/>\n\t<meta property=\"og:image:height\" content=\"366\" \/>\n\t<meta property=\"og:image:type\" content=\"image\/jpeg\" \/>\n<meta name=\"author\" content=\"Adriana Dr\u0103gu\u0219in\" \/>\n<meta name=\"twitter:card\" content=\"summary_large_image\" \/>\n<meta name=\"twitter:label1\" content=\"Written by\" \/>\n\t<meta name=\"twitter:data1\" content=\"Adriana Dr\u0103gu\u0219in\" \/>\n\t<meta name=\"twitter:label2\" content=\"Est. reading time\" \/>\n\t<meta name=\"twitter:data2\" content=\"3 minute\" \/>\n<script type=\"application\/ld+json\" class=\"yoast-schema-graph\">{\"@context\":\"https:\/\/schema.org\",\"@graph\":[{\"@type\":\"Article\",\"@id\":\"https:\/\/www.imobiliare.ro\/imoexpert\/cat-te-costa-amenajarea-unei-bucatarii-ultimul-racnet-plus-tendinte-actuale-de-design_db\/#article\",\"isPartOf\":{\"@id\":\"https:\/\/www.imobiliare.ro\/imoexpert\/cat-te-costa-amenajarea-unei-bucatarii-ultimul-racnet-plus-tendinte-actuale-de-design_db\/\"},\"author\":{\"name\":\"Adriana Dr\u0103gu\u0219in\",\"@id\":\"https:\/\/www.imobiliare.ro\/imoexpert\/#\/schema\/person\/8c13b0297075010b896471fabf0d7790\"},\"headline\":\"C\u00e2t te cost\u0103 amenajarea unei buc\u0103t\u0103rii \u201eultimul r\u0103cnet\u201d. Plus: Tendin\u021be actuale de design\",\"datePublished\":\"2013-07-22T08:30:07+00:00\",\"mainEntityOfPage\":{\"@id\":\"https:\/\/www.imobiliare.ro\/imoexpert\/cat-te-costa-amenajarea-unei-bucatarii-ultimul-racnet-plus-tendinte-actuale-de-design_db\/\"},\"wordCount\":538,\"commentCount\":1,\"publisher\":{\"@id\":\"https:\/\/www.imobiliare.ro\/imoexpert\/#organization\"},\"image\":{\"@id\":\"https:\/\/www.imobiliare.ro\/imoexpert\/cat-te-costa-amenajarea-unei-bucatarii-ultimul-racnet-plus-tendinte-actuale-de-design_db\/#primaryimage\"},\"thumbnailUrl\":\"https:\/\/www.imobiliare.ro\/imoexpert\/wp-content\/uploads\/2013\/07\/Kuma-bucatarie-3.jpg\",\"keywords\":[\"newsletter\",\"principal\"],\"articleSection\":[\"Home &amp; Deco\",\"\u0218tiri\"],\"inLanguage\":\"en\",\"potentialAction\":[{\"@type\":\"CommentAction\",\"name\":\"Comment\",\"target\":[\"https:\/\/www.imobiliare.ro\/imoexpert\/cat-te-costa-amenajarea-unei-bucatarii-ultimul-racnet-plus-tendinte-actuale-de-design_db\/#respond\"]}],\"copyrightYear\":\"2013\",\"copyrightHolder\":{\"@id\":\"https:\/\/www.imobiliare.ro\/imoexpert\/#organization\"}},{\"@type\":\"WebPage\",\"@id\":\"https:\/\/www.imobiliare.ro\/imoexpert\/cat-te-costa-amenajarea-unei-bucatarii-ultimul-racnet-plus-tendinte-actuale-de-design_db\/\",\"url\":\"https:\/\/www.imobiliare.ro\/imoexpert\/cat-te-costa-amenajarea-unei-bucatarii-ultimul-racnet-plus-tendinte-actuale-de-design_db\/\",\"name\":\"C\u00e2t te cost\u0103 amenajarea unei buc\u0103t\u0103rii \u201eultimul r\u0103cnet\u201d. Plus: Tendin\u021be actuale de design - Home &amp; Deco, \u0218tiri - ImoExpert\",\"isPartOf\":{\"@id\":\"https:\/\/www.imobiliare.ro\/imoexpert\/#website\"},\"primaryImageOfPage\":{\"@id\":\"https:\/\/www.imobiliare.ro\/imoexpert\/cat-te-costa-amenajarea-unei-bucatarii-ultimul-racnet-plus-tendinte-actuale-de-design_db\/#primaryimage\"},\"image\":{\"@id\":\"https:\/\/www.imobiliare.ro\/imoexpert\/cat-te-costa-amenajarea-unei-bucatarii-ultimul-racnet-plus-tendinte-actuale-de-design_db\/#primaryimage\"},\"thumbnailUrl\":\"https:\/\/www.imobiliare.ro\/imoexpert\/wp-content\/uploads\/2013\/07\/Kuma-bucatarie-3.jpg\",\"datePublished\":\"2013-07-22T08:30:07+00:00\",\"description\":\"Indiferent de buget, camera destinat\u0103 prepar\u0103rii m\u00e2nc\u0103rii trebuie s\u0103 respecte un principiu simplu: s\u0103 fie func\u021bional\u0103. Te g\u00e2nde\u0219ti la o (re)decorare a\",\"breadcrumb\":{\"@id\":\"https:\/\/www.imobiliare.ro\/imoexpert\/cat-te-costa-amenajarea-unei-bucatarii-ultimul-racnet-plus-tendinte-actuale-de-design_db\/#breadcrumb\"},\"inLanguage\":\"en\",\"potentialAction\":[{\"@type\":\"ReadAction\",\"target\":[\"https:\/\/www.imobiliare.ro\/imoexpert\/cat-te-costa-amenajarea-unei-bucatarii-ultimul-racnet-plus-tendinte-actuale-de-design_db\/\"]}]},{\"@type\":\"ImageObject\",\"inLanguage\":\"en\",\"@id\":\"https:\/\/www.imobiliare.ro\/imoexpert\/cat-te-costa-amenajarea-unei-bucatarii-ultimul-racnet-plus-tendinte-actuale-de-design_db\/#primaryimage\",\"url\":\"https:\/\/www.imobiliare.ro\/imoexpert\/wp-content\/uploads\/2013\/07\/Kuma-bucatarie-3.jpg\",\"contentUrl\":\"https:\/\/www.imobiliare.ro\/imoexpert\/wp-content\/uploads\/2013\/07\/Kuma-bucatarie-3.jpg\",\"width\":600,\"height\":366},{\"@type\":\"BreadcrumbList\",\"@id\":\"https:\/\/www.imobiliare.ro\/imoexpert\/cat-te-costa-amenajarea-unei-bucatarii-ultimul-racnet-plus-tendinte-actuale-de-design_db\/#breadcrumb\",\"itemListElement\":[{\"@type\":\"ListItem\",\"position\":1,\"name\":\"Imoradar24\",\"item\":\"https:\/\/www.imoradar24.ro\"},{\"@type\":\"ListItem\",\"position\":2,\"name\":\"ImoExpert\",\"item\":\"https:\/\/www.imobiliare.ro\/imoexpert\/\"},{\"@type\":\"ListItem\",\"position\":3,\"name\":\"Sfaturi\",\"item\":\"https:\/\/www.imobiliare.ro\/imoexpert\/ghid-imobiliar\/\"},{\"@type\":\"ListItem\",\"position\":4,\"name\":\"Home &amp; Deco\",\"item\":\"https:\/\/www.imobiliare.ro\/imoexpert\/ghid-imobiliar\/home-deco\/\"},{\"@type\":\"ListItem\",\"position\":5,\"name\":\"C\u00e2t te cost\u0103 amenajarea unei buc\u0103t\u0103rii \u201eultimul r\u0103cnet\u201d. Plus: Tendin\u021be actuale de design\"}]},{\"@type\":\"WebSite\",\"@id\":\"https:\/\/www.imobiliare.ro\/imoexpert\/#website\",\"url\":\"https:\/\/www.imobiliare.ro\/imoexpert\/\",\"name\":\"ImoExpert\",\"description\":\"cele mai importante \u015ftiri din domeniul imobiliar\",\"publisher\":{\"@id\":\"https:\/\/www.imobiliare.ro\/imoexpert\/#organization\"},\"inLanguage\":\"en\"},{\"@type\":\"Organization\",\"@id\":\"https:\/\/www.imobiliare.ro\/imoexpert\/#organization\",\"name\":\"Imobiliare.ro\",\"alternateName\":\"Realmedia Network SA\",\"url\":\"https:\/\/www.imobiliare.ro\/imoexpert\/\",\"logo\":{\"@type\":\"ImageObject\",\"inLanguage\":\"en\",\"@id\":\"https:\/\/www.imobiliare.ro\/imoexpert\/#\/schema\/logo\/image\/\",\"url\":\"https:\/\/www.imobiliare.ro\/imoexpert\/wp-content\/uploads\/2025\/05\/imobiliare_logo.png\",\"contentUrl\":\"https:\/\/www.imobiliare.ro\/imoexpert\/wp-content\/uploads\/2025\/05\/imobiliare_logo.png\",\"width\":237,\"height\":29,\"caption\":\"Imobiliare.ro\"},\"image\":{\"@id\":\"https:\/\/www.imobiliare.ro\/imoexpert\/#\/schema\/logo\/image\/\"}},{\"@type\":\"Person\",\"@id\":\"https:\/\/www.imobiliare.ro\/imoexpert\/#\/schema\/person\/8c13b0297075010b896471fabf0d7790\",\"name\":\"Adriana Dr\u0103gu\u0219in\",\"image\":{\"@type\":\"ImageObject\",\"inLanguage\":\"en\",\"@id\":\"https:\/\/www.imobiliare.ro\/imoexpert\/#\/schema\/person\/image\/\",\"url\":\"https:\/\/secure.gravatar.com\/avatar\/ba4762f7517e50e679ed7f11207102d1150120f2f5800c0da98f8a15305bf514?s=96&d=mm&r=g\",\"contentUrl\":\"https:\/\/secure.gravatar.com\/avatar\/ba4762f7517e50e679ed7f11207102d1150120f2f5800c0da98f8a15305bf514?s=96&d=mm&r=g\",\"caption\":\"Adriana Dr\u0103gu\u0219in\"},\"jobTitle\":\"Editor\",\"url\":\"https:\/\/www.imobiliare.ro\/imoexpert\/author\/adriana-dragusin\/\"}]}<\/script>\n<!-- \/ Yoast SEO Premium plugin. -->","yoast_head_json":{"title":"C\u00e2t te cost\u0103 amenajarea unei buc\u0103t\u0103rii \u201eultimul r\u0103cnet\u201d. Plus: Tendin\u021be actuale de design - Home &amp; Deco, \u0218tiri - ImoExpert","description":"Indiferent de buget, camera destinat\u0103 prepar\u0103rii m\u00e2nc\u0103rii trebuie s\u0103 respecte un principiu simplu: s\u0103 fie func\u021bional\u0103. Te g\u00e2nde\u0219ti la o (re)decorare a","robots":{"index":"index","follow":"follow"},"canonical":"https:\/\/www.imobiliare.ro\/imoexpert\/cat-te-costa-amenajarea-unei-bucatarii-ultimul-racnet-plus-tendinte-actuale-de-design_db\/","og_locale":"ro_RO","og_type":"article","og_title":"C\u00e2t te cost\u0103 amenajarea unei buc\u0103t\u0103rii \u201eultimul r\u0103cnet\u201d. Plus: Tendin\u021be actuale de design","og_description":"Indiferent de buget, camera destinat\u0103 prepar\u0103rii m\u00e2nc\u0103rii trebuie s\u0103 respecte un principiu simplu: s\u0103 fie func\u021bional\u0103. Te g\u00e2nde\u0219ti la o (re)decorare a","og_url":"https:\/\/www.imobiliare.ro\/imoexpert\/cat-te-costa-amenajarea-unei-bucatarii-ultimul-racnet-plus-tendinte-actuale-de-design_db\/","og_site_name":"ImoExpert","article_published_time":"2013-07-22T08:30:07+00:00","og_image":[{"width":600,"height":366,"url":"https:\/\/www.imobiliare.ro\/imoexpert\/wp-content\/uploads\/2013\/07\/Kuma-bucatarie-3.jpg","type":"image\/jpeg"}],"author":"Adriana Dr\u0103gu\u0219in","twitter_card":"summary_large_image","twitter_misc":{"Written by":"Adriana Dr\u0103gu\u0219in","Est. reading time":"3 minute"},"schema":{"@context":"https:\/\/schema.org","@graph":[{"@type":"Article","@id":"https:\/\/www.imobiliare.ro\/imoexpert\/cat-te-costa-amenajarea-unei-bucatarii-ultimul-racnet-plus-tendinte-actuale-de-design_db\/#article","isPartOf":{"@id":"https:\/\/www.imobiliare.ro\/imoexpert\/cat-te-costa-amenajarea-unei-bucatarii-ultimul-racnet-plus-tendinte-actuale-de-design_db\/"},"author":{"name":"Adriana Dr\u0103gu\u0219in","@id":"https:\/\/www.imobiliare.ro\/imoexpert\/#\/schema\/person\/8c13b0297075010b896471fabf0d7790"},"headline":"C\u00e2t te cost\u0103 amenajarea unei buc\u0103t\u0103rii \u201eultimul r\u0103cnet\u201d. Plus: Tendin\u021be actuale de design","datePublished":"2013-07-22T08:30:07+00:00","mainEntityOfPage":{"@id":"https:\/\/www.imobiliare.ro\/imoexpert\/cat-te-costa-amenajarea-unei-bucatarii-ultimul-racnet-plus-tendinte-actuale-de-design_db\/"},"wordCount":538,"commentCount":1,"publisher":{"@id":"https:\/\/www.imobiliare.ro\/imoexpert\/#organization"},"image":{"@id":"https:\/\/www.imobiliare.ro\/imoexpert\/cat-te-costa-amenajarea-unei-bucatarii-ultimul-racnet-plus-tendinte-actuale-de-design_db\/#primaryimage"},"thumbnailUrl":"https:\/\/www.imobiliare.ro\/imoexpert\/wp-content\/uploads\/2013\/07\/Kuma-bucatarie-3.jpg","keywords":["newsletter","principal"],"articleSection":["Home &amp; Deco","\u0218tiri"],"inLanguage":"en","potentialAction":[{"@type":"CommentAction","name":"Comment","target":["https:\/\/www.imobiliare.ro\/imoexpert\/cat-te-costa-amenajarea-unei-bucatarii-ultimul-racnet-plus-tendinte-actuale-de-design_db\/#respond"]}],"copyrightYear":"2013","copyrightHolder":{"@id":"https:\/\/www.imobiliare.ro\/imoexpert\/#organization"}},{"@type":"WebPage","@id":"https:\/\/www.imobiliare.ro\/imoexpert\/cat-te-costa-amenajarea-unei-bucatarii-ultimul-racnet-plus-tendinte-actuale-de-design_db\/","url":"https:\/\/www.imobiliare.ro\/imoexpert\/cat-te-costa-amenajarea-unei-bucatarii-ultimul-racnet-plus-tendinte-actuale-de-design_db\/","name":"C\u00e2t te cost\u0103 amenajarea unei buc\u0103t\u0103rii \u201eultimul r\u0103cnet\u201d. Plus: Tendin\u021be actuale de design - Home &amp; Deco, \u0218tiri - ImoExpert","isPartOf":{"@id":"https:\/\/www.imobiliare.ro\/imoexpert\/#website"},"primaryImageOfPage":{"@id":"https:\/\/www.imobiliare.ro\/imoexpert\/cat-te-costa-amenajarea-unei-bucatarii-ultimul-racnet-plus-tendinte-actuale-de-design_db\/#primaryimage"},"image":{"@id":"https:\/\/www.imobiliare.ro\/imoexpert\/cat-te-costa-amenajarea-unei-bucatarii-ultimul-racnet-plus-tendinte-actuale-de-design_db\/#primaryimage"},"thumbnailUrl":"https:\/\/www.imobiliare.ro\/imoexpert\/wp-content\/uploads\/2013\/07\/Kuma-bucatarie-3.jpg","datePublished":"2013-07-22T08:30:07+00:00","description":"Indiferent de buget, camera destinat\u0103 prepar\u0103rii m\u00e2nc\u0103rii trebuie s\u0103 respecte un principiu simplu: s\u0103 fie func\u021bional\u0103. Te g\u00e2nde\u0219ti la o (re)decorare a","breadcrumb":{"@id":"https:\/\/www.imobiliare.ro\/imoexpert\/cat-te-costa-amenajarea-unei-bucatarii-ultimul-racnet-plus-tendinte-actuale-de-design_db\/#breadcrumb"},"inLanguage":"en","potentialAction":[{"@type":"ReadAction","target":["https:\/\/www.imobiliare.ro\/imoexpert\/cat-te-costa-amenajarea-unei-bucatarii-ultimul-racnet-plus-tendinte-actuale-de-design_db\/"]}]},{"@type":"ImageObject","inLanguage":"en","@id":"https:\/\/www.imobiliare.ro\/imoexpert\/cat-te-costa-amenajarea-unei-bucatarii-ultimul-racnet-plus-tendinte-actuale-de-design_db\/#primaryimage","url":"https:\/\/www.imobiliare.ro\/imoexpert\/wp-content\/uploads\/2013\/07\/Kuma-bucatarie-3.jpg","contentUrl":"https:\/\/www.imobiliare.ro\/imoexpert\/wp-content\/uploads\/2013\/07\/Kuma-bucatarie-3.jpg","width":600,"height":366},{"@type":"BreadcrumbList","@id":"https:\/\/www.imobiliare.ro\/imoexpert\/cat-te-costa-amenajarea-unei-bucatarii-ultimul-racnet-plus-tendinte-actuale-de-design_db\/#breadcrumb","itemListElement":[{"@type":"ListItem","position":1,"name":"Imoradar24","item":"https:\/\/www.imoradar24.ro"},{"@type":"ListItem","position":2,"name":"ImoExpert","item":"https:\/\/www.imobiliare.ro\/imoexpert\/"},{"@type":"ListItem","position":3,"name":"Sfaturi","item":"https:\/\/www.imobiliare.ro\/imoexpert\/ghid-imobiliar\/"},{"@type":"ListItem","position":4,"name":"Home &amp; Deco","item":"https:\/\/www.imobiliare.ro\/imoexpert\/ghid-imobiliar\/home-deco\/"},{"@type":"ListItem","position":5,"name":"C\u00e2t te cost\u0103 amenajarea unei buc\u0103t\u0103rii \u201eultimul r\u0103cnet\u201d. Plus: Tendin\u021be actuale de design"}]},{"@type":"WebSite","@id":"https:\/\/www.imobiliare.ro\/imoexpert\/#website","url":"https:\/\/www.imobiliare.ro\/imoexpert\/","name":"ImoExpert","description":"cele mai importante \u015ftiri din domeniul imobiliar","publisher":{"@id":"https:\/\/www.imobiliare.ro\/imoexpert\/#organization"},"inLanguage":"en"},{"@type":"Organization","@id":"https:\/\/www.imobiliare.ro\/imoexpert\/#organization","name":"Imobiliare.ro","alternateName":"Realmedia Network SA","url":"https:\/\/www.imobiliare.ro\/imoexpert\/","logo":{"@type":"ImageObject","inLanguage":"en","@id":"https:\/\/www.imobiliare.ro\/imoexpert\/#\/schema\/logo\/image\/","url":"https:\/\/www.imobiliare.ro\/imoexpert\/wp-content\/uploads\/2025\/05\/imobiliare_logo.png","contentUrl":"https:\/\/www.imobiliare.ro\/imoexpert\/wp-content\/uploads\/2025\/05\/imobiliare_logo.png","width":237,"height":29,"caption":"Imobiliare.ro"},"image":{"@id":"https:\/\/www.imobiliare.ro\/imoexpert\/#\/schema\/logo\/image\/"}},{"@type":"Person","@id":"https:\/\/www.imobiliare.ro\/imoexpert\/#\/schema\/person\/8c13b0297075010b896471fabf0d7790","name":"Adriana Dr\u0103gu\u0219in","image":{"@type":"ImageObject","inLanguage":"en","@id":"https:\/\/www.imobiliare.ro\/imoexpert\/#\/schema\/person\/image\/","url":"https:\/\/secure.gravatar.com\/avatar\/ba4762f7517e50e679ed7f11207102d1150120f2f5800c0da98f8a15305bf514?s=96&d=mm&r=g","contentUrl":"https:\/\/secure.gravatar.com\/avatar\/ba4762f7517e50e679ed7f11207102d1150120f2f5800c0da98f8a15305bf514?s=96&d=mm&r=g","caption":"Adriana Dr\u0103gu\u0219in"},"jobTitle":"Editor","url":"https:\/\/www.imobiliare.ro\/imoexpert\/author\/adriana-dragusin\/"}]}},"_links":{"self":[{"href":"https:\/\/www.imobiliare.ro\/imoexpert\/wp-json\/wp\/v2\/posts\/25926","targetHints":{"allow":["GET"]}}],"collection":[{"href":"https:\/\/www.imobiliare.ro\/imoexpert\/wp-json\/wp\/v2\/posts"}],"about":[{"href":"https:\/\/www.imobiliare.ro\/imoexpert\/wp-json\/wp\/v2\/types\/post"}],"author":[{"embeddable":true,"href":"https:\/\/www.imobiliare.ro\/imoexpert\/wp-json\/wp\/v2\/users\/829"}],"replies":[{"embeddable":true,"href":"https:\/\/www.imobiliare.ro\/imoexpert\/wp-json\/wp\/v2\/comments?post=25926"}],"version-history":[{"count":0,"href":"https:\/\/www.imobiliare.ro\/imoexpert\/wp-json\/wp\/v2\/posts\/25926\/revisions"}],"wp:featuredmedia":[{"embeddable":true,"href":"https:\/\/www.imobiliare.ro\/imoexpert\/wp-json\/wp\/v2\/media\/25929"}],"wp:attachment":[{"href":"https:\/\/www.imobiliare.ro\/imoexpert\/wp-json\/wp\/v2\/media?parent=25926"}],"wp:term":[{"taxonomy":"category","embeddable":true,"href":"https:\/\/www.imobiliare.ro\/imoexpert\/wp-json\/wp\/v2\/categories?post=25926"},{"taxonomy":"post_tag","embeddable":true,"href":"https:\/\/www.imobiliare.ro\/imoexpert\/wp-json\/wp\/v2\/tags?post=25926"},{"taxonomy":"content_author","embeddable":true,"href":"https:\/\/www.imobiliare.ro\/imoexpert\/wp-json\/wp\/v2\/content_author?post=25926"}],"curies":[{"name":"wp","href":"https:\/\/api.w.org\/{rel}","templated":true}]}}