{"id":26138,"date":"2013-07-29T14:21:29","date_gmt":"2013-07-29T11:21:29","guid":{"rendered":"https:\/\/www.imobiliare.ro\/?p=26138"},"modified":"2013-07-29T14:21:29","modified_gmt":"2013-07-29T11:21:29","slug":"perfect-pentru-o-familie-cu-mai-multi-copii-un-apartament-de-tip-duplex-amenajat-in-stil-contemporan","status":"publish","type":"post","link":"https:\/\/www.imobiliare.ro\/imoexpert\/perfect-pentru-o-familie-cu-mai-multi-copii-un-apartament-de-tip-duplex-amenajat-in-stil-contemporan_db\/","title":{"rendered":"Perfect pentru o familie cu mai mul\u021bi copii: un apartament de tip duplex, amenajat \u00een stil contemporan"},"content":{"rendered":"<p><strong>Suplimentarea spa\u021biului locativ poate fi o solu\u021bie chiar \u0219i pentru cei care locuiesc la bloc, nu doar la cas\u0103.<\/strong><\/p>\n<p>Pentru familiile cu mai mul\u021bi membri, amenajarea casei trebuie s\u0103 \u021bin\u0103 cont at\u00e2t de nevoia de socializare a acestora, c\u00e2t \u0219i de cea de intimitate. Spa\u021biul locativ disponibil joac\u0103 un rol esen\u021bial \u00een atingerea acestui obiectiv, iar, atunci c\u00e2nd este posibil, o suplimentare a acestuia se poate dovedi \u201esalvatoare\u201d. Un exemplu interesant de adaptare a locuin\u021bei la cerin\u021bele unei familii \u00een cre\u0219tere este oferit de <strong><a class=\"article-body-links\"href=\"http:\/\/freshome.com\/\">Freshome.com<\/a><\/strong>:<\/p>\n<p><a class=\"article-body-links\"href=\"https:\/\/www.imobiliare.ro\/imoexpert\/wp-content\/uploads\/2013\/07\/duplex-NY-1.jpg\"><img loading=\"lazy\" decoding=\"async\" class=\"alignleft size-full wp-image-26139\" alt=\"duplex NY 1\" src=\"https:\/\/www.imobiliare.ro\/imoexpert\/wp-content\/uploads\/2013\/07\/duplex-NY-1.jpg\" width=\"600\" height=\"382\" srcset=\"https:\/\/www.imobiliare.ro\/imoexpert\/wp-content\/uploads\/2013\/07\/duplex-NY-1.jpg 600w, https:\/\/www.imobiliare.ro\/imoexpert\/wp-content\/uploads\/2013\/07\/duplex-NY-1-300x191.jpg 300w\" sizes=\"auto, (max-width: 600px) 100vw, 600px\" \/><\/a><\/p>\n<p>Locuin\u021ba din imagini este un duplex compus din dou\u0103 apartamente identice, amplasate unul deasupra celuilalt, \u00eentr-o cl\u0103dire din cartierul Chelsea din Manhattan, New York. Proprietarii au decis s\u0103-\u0219i extind\u0103 spa\u021biul locativ prin achizi\u021bionarea apartamentului situat la etajul superior, odat\u0103 cu venirea pe lume a celui de-al treilea copil. Av\u00e2nd acum la dispozi\u021bie o suprafa\u021b\u0103 de 335 de metri p\u0103tra\u021bi, ace\u0219tia au solicitat o renovare complet\u0103 a locuin\u021bei. Arhitec\u021bii de la biroul wUNDERground architecture au reorganizat spa\u021biul existent pentru a satisface at\u00e2t nevoia de socializare, c\u00e2t \u0219i pe cea de intimitate a beneficiarilor. Astfel, apartamentul de la etajul inferior a fost transformat \u00eentr-o zon\u0103 dedicat\u0103 familiei, \u00een vreme ce la etajul superior se reg\u0103sesc dormitoarele \u0219i un birou.<\/p>\n<p><a class=\"article-body-links\"href=\"https:\/\/www.imobiliare.ro\/imoexpert\/wp-content\/uploads\/2013\/07\/duplex-NY-1b.jpg\"><img loading=\"lazy\" decoding=\"async\" class=\"alignleft size-full wp-image-26140\" alt=\"duplex NY 1b\" src=\"https:\/\/www.imobiliare.ro\/imoexpert\/wp-content\/uploads\/2013\/07\/duplex-NY-1b.jpg\" width=\"600\" height=\"763\" srcset=\"https:\/\/www.imobiliare.ro\/imoexpert\/wp-content\/uploads\/2013\/07\/duplex-NY-1b.jpg 600w, https:\/\/www.imobiliare.ro\/imoexpert\/wp-content\/uploads\/2013\/07\/duplex-NY-1b-236x300.jpg 236w\" sizes=\"auto, (max-width: 600px) 100vw, 600px\" \/><\/a><\/p>\n<p>Apartamentul ini\u021bial a fost \u00eemp\u0103r\u021bit, la r\u00e2ndul s\u0103u, \u00een dou\u0103 zone distincte: un living pentru adul\u021bi, cu zon\u0103 de dining inclus\u0103, \u0219i o camer\u0103 mare de joac\u0103 pentru copii. Cele dou\u0103 comunic\u0103 prin intermediul buc\u0103t\u0103riei spa\u021bioase, potrivit\u0103 pentru a lua mesele \u00een familie. Stilul folosit pentru amenajare este unul contemporan, ce al\u0103tur\u0103 piese de mobilier cu un design modern (scaunele din buc\u0103t\u0103rie \u0219i zona de dining, l\u0103mpi, m\u0103su\u021ba de cafea etc.) cu elemente de inspira\u021bie clasic\u0103 (cum ar fi canapelele cu fotolii din living) \u0219i chiar rustic\u0103 (folosirea din abunden\u021b\u0103 a lemnului). Rezultatul final este un spa\u021biu c\u00e2t se poate de confortabil, potrivit pentru a petrece c\u00e2t mai mult timp cu familia. Multitudinea \u0219i varietatea formelor este compensat\u0103 prin alegerea unei cromatici unitare, de factur\u0103 predominant neutr\u0103, ce combin\u0103 albul cu diferite tonuri de maro \u0219i gri; nu lipsesc \u00eens\u0103, pe alocuri, accentele de culori puternice (cum este galbenul), ce dinamizeaz\u0103 \u00eentregul decor.<\/p>\n<p><a class=\"article-body-links\"href=\"https:\/\/www.imobiliare.ro\/imoexpert\/wp-content\/uploads\/2013\/07\/duplex-NY-2.jpg\"><img loading=\"lazy\" decoding=\"async\" class=\"alignleft size-full wp-image-26141\" alt=\"duplex NY 2\" src=\"https:\/\/www.imobiliare.ro\/imoexpert\/wp-content\/uploads\/2013\/07\/duplex-NY-2.jpg\" width=\"600\" height=\"763\" srcset=\"https:\/\/www.imobiliare.ro\/imoexpert\/wp-content\/uploads\/2013\/07\/duplex-NY-2.jpg 600w, https:\/\/www.imobiliare.ro\/imoexpert\/wp-content\/uploads\/2013\/07\/duplex-NY-2-236x300.jpg 236w\" sizes=\"auto, (max-width: 600px) 100vw, 600px\" \/><\/a><br \/>\n<a class=\"article-body-links\"href=\"https:\/\/www.imobiliare.ro\/imoexpert\/wp-content\/uploads\/2013\/07\/duplex-NY-3.jpg\"><img loading=\"lazy\" decoding=\"async\" class=\"alignleft size-full wp-image-26142\" alt=\"duplex NY 3\" src=\"https:\/\/www.imobiliare.ro\/imoexpert\/wp-content\/uploads\/2013\/07\/duplex-NY-3.jpg\" width=\"600\" height=\"763\" srcset=\"https:\/\/www.imobiliare.ro\/imoexpert\/wp-content\/uploads\/2013\/07\/duplex-NY-3.jpg 600w, https:\/\/www.imobiliare.ro\/imoexpert\/wp-content\/uploads\/2013\/07\/duplex-NY-3-236x300.jpg 236w\" sizes=\"auto, (max-width: 600px) 100vw, 600px\" \/><\/a><br \/>\n<a class=\"article-body-links\"href=\"https:\/\/www.imobiliare.ro\/imoexpert\/wp-content\/uploads\/2013\/07\/duplex-NY-4.jpg\"><img loading=\"lazy\" decoding=\"async\" class=\"alignleft size-full wp-image-26143\" alt=\"duplex NY 4\" src=\"https:\/\/www.imobiliare.ro\/imoexpert\/wp-content\/uploads\/2013\/07\/duplex-NY-4.jpg\" width=\"600\" height=\"763\" srcset=\"https:\/\/www.imobiliare.ro\/imoexpert\/wp-content\/uploads\/2013\/07\/duplex-NY-4.jpg 600w, https:\/\/www.imobiliare.ro\/imoexpert\/wp-content\/uploads\/2013\/07\/duplex-NY-4-236x300.jpg 236w\" sizes=\"auto, (max-width: 600px) 100vw, 600px\" \/><\/a><br \/>\n<a class=\"article-body-links\"href=\"https:\/\/www.imobiliare.ro\/imoexpert\/wp-content\/uploads\/2013\/07\/duplex-NY-5.jpg\"><img loading=\"lazy\" decoding=\"async\" class=\"alignleft size-full wp-image-26144\" alt=\"duplex NY 5\" src=\"https:\/\/www.imobiliare.ro\/imoexpert\/wp-content\/uploads\/2013\/07\/duplex-NY-5.jpg\" width=\"600\" height=\"763\" srcset=\"https:\/\/www.imobiliare.ro\/imoexpert\/wp-content\/uploads\/2013\/07\/duplex-NY-5.jpg 600w, https:\/\/www.imobiliare.ro\/imoexpert\/wp-content\/uploads\/2013\/07\/duplex-NY-5-236x300.jpg 236w\" sizes=\"auto, (max-width: 600px) 100vw, 600px\" \/><\/a><br \/>\n<a class=\"article-body-links\"href=\"https:\/\/www.imobiliare.ro\/imoexpert\/wp-content\/uploads\/2013\/07\/duplex-NY-6.jpg\"><img loading=\"lazy\" decoding=\"async\" class=\"alignleft size-full wp-image-26145\" alt=\"duplex NY 6\" src=\"https:\/\/www.imobiliare.ro\/imoexpert\/wp-content\/uploads\/2013\/07\/duplex-NY-6.jpg\" width=\"600\" height=\"763\" srcset=\"https:\/\/www.imobiliare.ro\/imoexpert\/wp-content\/uploads\/2013\/07\/duplex-NY-6.jpg 600w, https:\/\/www.imobiliare.ro\/imoexpert\/wp-content\/uploads\/2013\/07\/duplex-NY-6-236x300.jpg 236w\" sizes=\"auto, (max-width: 600px) 100vw, 600px\" \/><\/a><br \/>\n<a class=\"article-body-links\"href=\"https:\/\/www.imobiliare.ro\/imoexpert\/wp-content\/uploads\/2013\/07\/duplex-NY-7.jpg\"><img loading=\"lazy\" decoding=\"async\" class=\"alignleft size-full wp-image-26146\" alt=\"duplex NY 7\" src=\"https:\/\/www.imobiliare.ro\/imoexpert\/wp-content\/uploads\/2013\/07\/duplex-NY-7.jpg\" width=\"600\" height=\"763\" srcset=\"https:\/\/www.imobiliare.ro\/imoexpert\/wp-content\/uploads\/2013\/07\/duplex-NY-7.jpg 600w, https:\/\/www.imobiliare.ro\/imoexpert\/wp-content\/uploads\/2013\/07\/duplex-NY-7-236x300.jpg 236w\" sizes=\"auto, (max-width: 600px) 100vw, 600px\" \/><\/a><br \/>\n<a class=\"article-body-links\"href=\"https:\/\/www.imobiliare.ro\/imoexpert\/wp-content\/uploads\/2013\/07\/duplex-NY-8.jpg\"><img loading=\"lazy\" decoding=\"async\" class=\"alignleft size-full wp-image-26147\" alt=\"duplex NY 8\" src=\"https:\/\/www.imobiliare.ro\/imoexpert\/wp-content\/uploads\/2013\/07\/duplex-NY-8.jpg\" width=\"600\" height=\"382\" srcset=\"https:\/\/www.imobiliare.ro\/imoexpert\/wp-content\/uploads\/2013\/07\/duplex-NY-8.jpg 600w, https:\/\/www.imobiliare.ro\/imoexpert\/wp-content\/uploads\/2013\/07\/duplex-NY-8-300x191.jpg 300w\" sizes=\"auto, (max-width: 600px) 100vw, 600px\" \/><\/a><\/p>\n<p>Etajul superior al duplexului ad\u0103poste\u0219te cele trei dormitoare ale copiilor, un birou, precum \u0219i dormitorul matrimonial, deservit de baie proprie. \u0218i aici, mobilierul din lemn se combin\u0103 cu designul modern sau cu rezonan\u021be clasice al unor obiecte. Toate aceste elemente se \u00eempletesc perfect inclusiv \u00een camera de baie a p\u0103rin\u021bilor, cre\u00e2nd un impact vizual deosebit.<\/p>\n<p><a class=\"article-body-links\"href=\"https:\/\/www.imobiliare.ro\/imoexpert\/wp-content\/uploads\/2013\/07\/duplex-NY-9.jpg\"><img loading=\"lazy\" decoding=\"async\" class=\"alignleft size-full wp-image-26148\" alt=\"duplex NY 9\" src=\"https:\/\/www.imobiliare.ro\/imoexpert\/wp-content\/uploads\/2013\/07\/duplex-NY-9.jpg\" width=\"600\" height=\"764\" srcset=\"https:\/\/www.imobiliare.ro\/imoexpert\/wp-content\/uploads\/2013\/07\/duplex-NY-9.jpg 600w, https:\/\/www.imobiliare.ro\/imoexpert\/wp-content\/uploads\/2013\/07\/duplex-NY-9-236x300.jpg 236w\" sizes=\"auto, (max-width: 600px) 100vw, 600px\" \/><\/a><br \/>\n<a class=\"article-body-links\"href=\"https:\/\/www.imobiliare.ro\/imoexpert\/wp-content\/uploads\/2013\/07\/duplex-NY-10.jpg\"><img loading=\"lazy\" decoding=\"async\" class=\"alignleft size-full wp-image-26149\" alt=\"duplex NY 10\" src=\"https:\/\/www.imobiliare.ro\/imoexpert\/wp-content\/uploads\/2013\/07\/duplex-NY-10.jpg\" width=\"600\" height=\"763\" srcset=\"https:\/\/www.imobiliare.ro\/imoexpert\/wp-content\/uploads\/2013\/07\/duplex-NY-10.jpg 600w, https:\/\/www.imobiliare.ro\/imoexpert\/wp-content\/uploads\/2013\/07\/duplex-NY-10-236x300.jpg 236w\" sizes=\"auto, (max-width: 600px) 100vw, 600px\" \/><\/a><br \/>\n<a class=\"article-body-links\"href=\"https:\/\/www.imobiliare.ro\/imoexpert\/wp-content\/uploads\/2013\/07\/duplex-NY-11.jpg\"><img loading=\"lazy\" decoding=\"async\" class=\"alignleft size-full wp-image-26150\" alt=\"duplex NY 11\" src=\"https:\/\/www.imobiliare.ro\/imoexpert\/wp-content\/uploads\/2013\/07\/duplex-NY-11.jpg\" width=\"600\" height=\"763\" srcset=\"https:\/\/www.imobiliare.ro\/imoexpert\/wp-content\/uploads\/2013\/07\/duplex-NY-11.jpg 600w, https:\/\/www.imobiliare.ro\/imoexpert\/wp-content\/uploads\/2013\/07\/duplex-NY-11-236x300.jpg 236w\" sizes=\"auto, (max-width: 600px) 100vw, 600px\" \/><\/a><br \/>\n<a class=\"article-body-links\"href=\"https:\/\/www.imobiliare.ro\/imoexpert\/wp-content\/uploads\/2013\/07\/duplex-NY-12.jpg\"><img loading=\"lazy\" decoding=\"async\" class=\"alignleft size-full wp-image-26151\" alt=\"duplex NY 12\" src=\"https:\/\/www.imobiliare.ro\/imoexpert\/wp-content\/uploads\/2013\/07\/duplex-NY-12.jpg\" width=\"600\" height=\"763\" srcset=\"https:\/\/www.imobiliare.ro\/imoexpert\/wp-content\/uploads\/2013\/07\/duplex-NY-12.jpg 600w, https:\/\/www.imobiliare.ro\/imoexpert\/wp-content\/uploads\/2013\/07\/duplex-NY-12-236x300.jpg 236w\" sizes=\"auto, (max-width: 600px) 100vw, 600px\" \/><\/a><br \/>\n<a class=\"article-body-links\"href=\"https:\/\/www.imobiliare.ro\/imoexpert\/wp-content\/uploads\/2013\/07\/duplex-NY-13.jpg\"><img loading=\"lazy\" decoding=\"async\" class=\"alignleft size-full wp-image-26152\" alt=\"duplex NY 13\" src=\"https:\/\/www.imobiliare.ro\/imoexpert\/wp-content\/uploads\/2013\/07\/duplex-NY-13.jpg\" width=\"600\" height=\"763\" srcset=\"https:\/\/www.imobiliare.ro\/imoexpert\/wp-content\/uploads\/2013\/07\/duplex-NY-13.jpg 600w, https:\/\/www.imobiliare.ro\/imoexpert\/wp-content\/uploads\/2013\/07\/duplex-NY-13-236x300.jpg 236w\" sizes=\"auto, (max-width: 600px) 100vw, 600px\" \/><\/a><br \/>\n<a class=\"article-body-links\"href=\"https:\/\/www.imobiliare.ro\/imoexpert\/wp-content\/uploads\/2013\/07\/duplex-NY-14.jpg\"><img loading=\"lazy\" decoding=\"async\" class=\"alignleft size-full wp-image-26153\" alt=\"duplex NY 14\" src=\"https:\/\/www.imobiliare.ro\/imoexpert\/wp-content\/uploads\/2013\/07\/duplex-NY-14.jpg\" width=\"600\" height=\"763\" srcset=\"https:\/\/www.imobiliare.ro\/imoexpert\/wp-content\/uploads\/2013\/07\/duplex-NY-14.jpg 600w, https:\/\/www.imobiliare.ro\/imoexpert\/wp-content\/uploads\/2013\/07\/duplex-NY-14-236x300.jpg 236w\" sizes=\"auto, (max-width: 600px) 100vw, 600px\" \/><\/a><\/p>\n<p><em><strong>Surs\u0103 foto: <a class=\"article-body-links\"href=\"http:\/\/freshome.com\/2013\/07\/28\/not-done-a-welcoming-family-crib-ninth-avenue-duplex-in-new-york\/\">Freshome.com<\/a><br \/>\nCite\u0219te \u0219i: <a class=\"article-body-links\"href=\"https:\/\/www.imobiliare.ro\/articole\/practic-si-modern-maximizarea-spatiului-intr-un-apartament-cu-doua-camere_db\/\">Practic \u0219i modern: maximizarea spa\u021biului \u00eentr-un apartament cu dou\u0103 camere<\/a><\/strong><\/em>.<\/p>\n","protected":false},"excerpt":{"rendered":"<p>Suplimentarea spa\u021biului locativ poate fi o solu\u021bie chiar \u0219i pentru cei care locuiesc la bloc, nu doar la cas\u0103. Pentru familiile cu mai mul\u021bi membri, amenajarea casei trebuie s\u0103 \u021bin\u0103 cont at\u00e2t de nevoia de socializare a acestora, c\u00e2t \u0219i de cea de intimitate. Spa\u021biul locativ disponibil joac\u0103 un rol esen\u021bial \u00een atingerea acestui obiectiv, [&hellip;]<\/p>\n","protected":false},"author":829,"featured_media":26141,"comment_status":"open","ping_status":"open","sticky":false,"template":"","format":"standard","meta":{"footnotes":""},"categories":[255,259],"tags":[1410,1411],"content_author":[],"class_list":["post-26138","post","type-post","status-publish","format-standard","has-post-thumbnail","hentry","category-home-deco","category-stiri","tag-newsletter","tag-principal"],"yoast_head":"<!-- This site is optimized with the Yoast SEO Premium plugin v27.0 (Yoast SEO v27.0) - https:\/\/yoast.com\/product\/yoast-seo-premium-wordpress\/ -->\n<title>Perfect pentru o familie cu mai mul\u021bi copii: un apartament de tip duplex, amenajat \u00een stil contemporan - Home &amp; Deco, \u0218tiri - ImoExpert<\/title>\n<meta name=\"description\" content=\"Suplimentarea spa\u021biului locativ poate fi o solu\u021bie chiar \u0219i pentru cei care locuiesc la bloc, nu doar la cas\u0103. Pentru familiile cu mai mul\u021bi membri,\" \/>\n<meta name=\"robots\" content=\"index, follow\" \/>\n<link rel=\"canonical\" href=\"https:\/\/www.imobiliare.ro\/imoexpert\/perfect-pentru-o-familie-cu-mai-multi-copii-un-apartament-de-tip-duplex-amenajat-in-stil-contemporan_db\/\" \/>\n<meta property=\"og:locale\" content=\"ro_RO\" \/>\n<meta property=\"og:type\" content=\"article\" \/>\n<meta property=\"og:title\" content=\"Perfect pentru o familie cu mai mul\u021bi copii: un apartament de tip duplex, amenajat \u00een stil contemporan\" \/>\n<meta property=\"og:description\" content=\"Suplimentarea spa\u021biului locativ poate fi o solu\u021bie chiar \u0219i pentru cei care locuiesc la bloc, nu doar la cas\u0103. Pentru familiile cu mai mul\u021bi membri,\" \/>\n<meta property=\"og:url\" content=\"https:\/\/www.imobiliare.ro\/imoexpert\/perfect-pentru-o-familie-cu-mai-multi-copii-un-apartament-de-tip-duplex-amenajat-in-stil-contemporan_db\/\" \/>\n<meta property=\"og:site_name\" content=\"ImoExpert\" \/>\n<meta property=\"article:published_time\" content=\"2013-07-29T11:21:29+00:00\" \/>\n<meta property=\"og:image\" content=\"https:\/\/www.imobiliare.ro\/imoexpert\/wp-content\/uploads\/2013\/07\/duplex-NY-2.jpg\" \/>\n\t<meta property=\"og:image:width\" content=\"600\" \/>\n\t<meta property=\"og:image:height\" content=\"763\" \/>\n\t<meta property=\"og:image:type\" content=\"image\/jpeg\" \/>\n<meta name=\"author\" content=\"Adriana Dr\u0103gu\u0219in\" \/>\n<meta name=\"twitter:card\" content=\"summary_large_image\" \/>\n<meta name=\"twitter:label1\" content=\"Written by\" \/>\n\t<meta name=\"twitter:data1\" content=\"Adriana Dr\u0103gu\u0219in\" \/>\n\t<meta name=\"twitter:label2\" content=\"Est. reading time\" \/>\n\t<meta name=\"twitter:data2\" content=\"2 minute\" \/>\n<script type=\"application\/ld+json\" class=\"yoast-schema-graph\">{\"@context\":\"https:\/\/schema.org\",\"@graph\":[{\"@type\":\"Article\",\"@id\":\"https:\/\/www.imobiliare.ro\/imoexpert\/perfect-pentru-o-familie-cu-mai-multi-copii-un-apartament-de-tip-duplex-amenajat-in-stil-contemporan_db\/#article\",\"isPartOf\":{\"@id\":\"https:\/\/www.imobiliare.ro\/imoexpert\/perfect-pentru-o-familie-cu-mai-multi-copii-un-apartament-de-tip-duplex-amenajat-in-stil-contemporan_db\/\"},\"author\":{\"name\":\"Adriana Dr\u0103gu\u0219in\",\"@id\":\"https:\/\/www.imobiliare.ro\/imoexpert\/#\/schema\/person\/8c13b0297075010b896471fabf0d7790\"},\"headline\":\"Perfect pentru o familie cu mai mul\u021bi copii: un apartament de tip duplex, amenajat \u00een stil contemporan\",\"datePublished\":\"2013-07-29T11:21:29+00:00\",\"mainEntityOfPage\":{\"@id\":\"https:\/\/www.imobiliare.ro\/imoexpert\/perfect-pentru-o-familie-cu-mai-multi-copii-un-apartament-de-tip-duplex-amenajat-in-stil-contemporan_db\/\"},\"wordCount\":499,\"commentCount\":1,\"publisher\":{\"@id\":\"https:\/\/www.imobiliare.ro\/imoexpert\/#organization\"},\"image\":{\"@id\":\"https:\/\/www.imobiliare.ro\/imoexpert\/perfect-pentru-o-familie-cu-mai-multi-copii-un-apartament-de-tip-duplex-amenajat-in-stil-contemporan_db\/#primaryimage\"},\"thumbnailUrl\":\"https:\/\/www.imobiliare.ro\/imoexpert\/wp-content\/uploads\/2013\/07\/duplex-NY-2.jpg\",\"keywords\":[\"newsletter\",\"principal\"],\"articleSection\":[\"Home &amp; Deco\",\"\u0218tiri\"],\"inLanguage\":\"en\",\"potentialAction\":[{\"@type\":\"CommentAction\",\"name\":\"Comment\",\"target\":[\"https:\/\/www.imobiliare.ro\/imoexpert\/perfect-pentru-o-familie-cu-mai-multi-copii-un-apartament-de-tip-duplex-amenajat-in-stil-contemporan_db\/#respond\"]}],\"copyrightYear\":\"2013\",\"copyrightHolder\":{\"@id\":\"https:\/\/www.imobiliare.ro\/imoexpert\/#organization\"}},{\"@type\":\"WebPage\",\"@id\":\"https:\/\/www.imobiliare.ro\/imoexpert\/perfect-pentru-o-familie-cu-mai-multi-copii-un-apartament-de-tip-duplex-amenajat-in-stil-contemporan_db\/\",\"url\":\"https:\/\/www.imobiliare.ro\/imoexpert\/perfect-pentru-o-familie-cu-mai-multi-copii-un-apartament-de-tip-duplex-amenajat-in-stil-contemporan_db\/\",\"name\":\"Perfect pentru o familie cu mai mul\u021bi copii: un apartament de tip duplex, amenajat \u00een stil contemporan - Home &amp; Deco, \u0218tiri - ImoExpert\",\"isPartOf\":{\"@id\":\"https:\/\/www.imobiliare.ro\/imoexpert\/#website\"},\"primaryImageOfPage\":{\"@id\":\"https:\/\/www.imobiliare.ro\/imoexpert\/perfect-pentru-o-familie-cu-mai-multi-copii-un-apartament-de-tip-duplex-amenajat-in-stil-contemporan_db\/#primaryimage\"},\"image\":{\"@id\":\"https:\/\/www.imobiliare.ro\/imoexpert\/perfect-pentru-o-familie-cu-mai-multi-copii-un-apartament-de-tip-duplex-amenajat-in-stil-contemporan_db\/#primaryimage\"},\"thumbnailUrl\":\"https:\/\/www.imobiliare.ro\/imoexpert\/wp-content\/uploads\/2013\/07\/duplex-NY-2.jpg\",\"datePublished\":\"2013-07-29T11:21:29+00:00\",\"description\":\"Suplimentarea spa\u021biului locativ poate fi o solu\u021bie chiar \u0219i pentru cei care locuiesc la bloc, nu doar la cas\u0103. Pentru familiile cu mai mul\u021bi membri,\",\"breadcrumb\":{\"@id\":\"https:\/\/www.imobiliare.ro\/imoexpert\/perfect-pentru-o-familie-cu-mai-multi-copii-un-apartament-de-tip-duplex-amenajat-in-stil-contemporan_db\/#breadcrumb\"},\"inLanguage\":\"en\",\"potentialAction\":[{\"@type\":\"ReadAction\",\"target\":[\"https:\/\/www.imobiliare.ro\/imoexpert\/perfect-pentru-o-familie-cu-mai-multi-copii-un-apartament-de-tip-duplex-amenajat-in-stil-contemporan_db\/\"]}]},{\"@type\":\"ImageObject\",\"inLanguage\":\"en\",\"@id\":\"https:\/\/www.imobiliare.ro\/imoexpert\/perfect-pentru-o-familie-cu-mai-multi-copii-un-apartament-de-tip-duplex-amenajat-in-stil-contemporan_db\/#primaryimage\",\"url\":\"https:\/\/www.imobiliare.ro\/imoexpert\/wp-content\/uploads\/2013\/07\/duplex-NY-2.jpg\",\"contentUrl\":\"https:\/\/www.imobiliare.ro\/imoexpert\/wp-content\/uploads\/2013\/07\/duplex-NY-2.jpg\",\"width\":600,\"height\":763},{\"@type\":\"BreadcrumbList\",\"@id\":\"https:\/\/www.imobiliare.ro\/imoexpert\/perfect-pentru-o-familie-cu-mai-multi-copii-un-apartament-de-tip-duplex-amenajat-in-stil-contemporan_db\/#breadcrumb\",\"itemListElement\":[{\"@type\":\"ListItem\",\"position\":1,\"name\":\"Imoradar24\",\"item\":\"https:\/\/www.imoradar24.ro\"},{\"@type\":\"ListItem\",\"position\":2,\"name\":\"ImoExpert\",\"item\":\"https:\/\/www.imobiliare.ro\/imoexpert\/\"},{\"@type\":\"ListItem\",\"position\":3,\"name\":\"Sfaturi\",\"item\":\"https:\/\/www.imobiliare.ro\/imoexpert\/ghid-imobiliar\/\"},{\"@type\":\"ListItem\",\"position\":4,\"name\":\"Home &amp; Deco\",\"item\":\"https:\/\/www.imobiliare.ro\/imoexpert\/ghid-imobiliar\/home-deco\/\"},{\"@type\":\"ListItem\",\"position\":5,\"name\":\"Perfect pentru o familie cu mai mul\u021bi copii: un apartament de tip duplex, amenajat \u00een stil contemporan\"}]},{\"@type\":\"WebSite\",\"@id\":\"https:\/\/www.imobiliare.ro\/imoexpert\/#website\",\"url\":\"https:\/\/www.imobiliare.ro\/imoexpert\/\",\"name\":\"ImoExpert\",\"description\":\"cele mai importante \u015ftiri din domeniul imobiliar\",\"publisher\":{\"@id\":\"https:\/\/www.imobiliare.ro\/imoexpert\/#organization\"},\"inLanguage\":\"en\"},{\"@type\":\"Organization\",\"@id\":\"https:\/\/www.imobiliare.ro\/imoexpert\/#organization\",\"name\":\"Imobiliare.ro\",\"alternateName\":\"Realmedia Network SA\",\"url\":\"https:\/\/www.imobiliare.ro\/imoexpert\/\",\"logo\":{\"@type\":\"ImageObject\",\"inLanguage\":\"en\",\"@id\":\"https:\/\/www.imobiliare.ro\/imoexpert\/#\/schema\/logo\/image\/\",\"url\":\"https:\/\/www.imobiliare.ro\/imoexpert\/wp-content\/uploads\/2025\/05\/imobiliare_logo.png\",\"contentUrl\":\"https:\/\/www.imobiliare.ro\/imoexpert\/wp-content\/uploads\/2025\/05\/imobiliare_logo.png\",\"width\":237,\"height\":29,\"caption\":\"Imobiliare.ro\"},\"image\":{\"@id\":\"https:\/\/www.imobiliare.ro\/imoexpert\/#\/schema\/logo\/image\/\"}},{\"@type\":\"Person\",\"@id\":\"https:\/\/www.imobiliare.ro\/imoexpert\/#\/schema\/person\/8c13b0297075010b896471fabf0d7790\",\"name\":\"Adriana Dr\u0103gu\u0219in\",\"image\":{\"@type\":\"ImageObject\",\"inLanguage\":\"en\",\"@id\":\"https:\/\/www.imobiliare.ro\/imoexpert\/#\/schema\/person\/image\/\",\"url\":\"https:\/\/secure.gravatar.com\/avatar\/ba4762f7517e50e679ed7f11207102d1150120f2f5800c0da98f8a15305bf514?s=96&d=mm&r=g\",\"contentUrl\":\"https:\/\/secure.gravatar.com\/avatar\/ba4762f7517e50e679ed7f11207102d1150120f2f5800c0da98f8a15305bf514?s=96&d=mm&r=g\",\"caption\":\"Adriana Dr\u0103gu\u0219in\"},\"jobTitle\":\"Editor\",\"url\":\"https:\/\/www.imobiliare.ro\/imoexpert\/author\/adriana-dragusin\/\"}]}<\/script>\n<!-- \/ Yoast SEO Premium plugin. -->","yoast_head_json":{"title":"Perfect pentru o familie cu mai mul\u021bi copii: un apartament de tip duplex, amenajat \u00een stil contemporan - Home &amp; Deco, \u0218tiri - ImoExpert","description":"Suplimentarea spa\u021biului locativ poate fi o solu\u021bie chiar \u0219i pentru cei care locuiesc la bloc, nu doar la cas\u0103. Pentru familiile cu mai mul\u021bi membri,","robots":{"index":"index","follow":"follow"},"canonical":"https:\/\/www.imobiliare.ro\/imoexpert\/perfect-pentru-o-familie-cu-mai-multi-copii-un-apartament-de-tip-duplex-amenajat-in-stil-contemporan_db\/","og_locale":"ro_RO","og_type":"article","og_title":"Perfect pentru o familie cu mai mul\u021bi copii: un apartament de tip duplex, amenajat \u00een stil contemporan","og_description":"Suplimentarea spa\u021biului locativ poate fi o solu\u021bie chiar \u0219i pentru cei care locuiesc la bloc, nu doar la cas\u0103. Pentru familiile cu mai mul\u021bi membri,","og_url":"https:\/\/www.imobiliare.ro\/imoexpert\/perfect-pentru-o-familie-cu-mai-multi-copii-un-apartament-de-tip-duplex-amenajat-in-stil-contemporan_db\/","og_site_name":"ImoExpert","article_published_time":"2013-07-29T11:21:29+00:00","og_image":[{"width":600,"height":763,"url":"https:\/\/www.imobiliare.ro\/imoexpert\/wp-content\/uploads\/2013\/07\/duplex-NY-2.jpg","type":"image\/jpeg"}],"author":"Adriana Dr\u0103gu\u0219in","twitter_card":"summary_large_image","twitter_misc":{"Written by":"Adriana Dr\u0103gu\u0219in","Est. reading time":"2 minute"},"schema":{"@context":"https:\/\/schema.org","@graph":[{"@type":"Article","@id":"https:\/\/www.imobiliare.ro\/imoexpert\/perfect-pentru-o-familie-cu-mai-multi-copii-un-apartament-de-tip-duplex-amenajat-in-stil-contemporan_db\/#article","isPartOf":{"@id":"https:\/\/www.imobiliare.ro\/imoexpert\/perfect-pentru-o-familie-cu-mai-multi-copii-un-apartament-de-tip-duplex-amenajat-in-stil-contemporan_db\/"},"author":{"name":"Adriana Dr\u0103gu\u0219in","@id":"https:\/\/www.imobiliare.ro\/imoexpert\/#\/schema\/person\/8c13b0297075010b896471fabf0d7790"},"headline":"Perfect pentru o familie cu mai mul\u021bi copii: un apartament de tip duplex, amenajat \u00een stil contemporan","datePublished":"2013-07-29T11:21:29+00:00","mainEntityOfPage":{"@id":"https:\/\/www.imobiliare.ro\/imoexpert\/perfect-pentru-o-familie-cu-mai-multi-copii-un-apartament-de-tip-duplex-amenajat-in-stil-contemporan_db\/"},"wordCount":499,"commentCount":1,"publisher":{"@id":"https:\/\/www.imobiliare.ro\/imoexpert\/#organization"},"image":{"@id":"https:\/\/www.imobiliare.ro\/imoexpert\/perfect-pentru-o-familie-cu-mai-multi-copii-un-apartament-de-tip-duplex-amenajat-in-stil-contemporan_db\/#primaryimage"},"thumbnailUrl":"https:\/\/www.imobiliare.ro\/imoexpert\/wp-content\/uploads\/2013\/07\/duplex-NY-2.jpg","keywords":["newsletter","principal"],"articleSection":["Home &amp; Deco","\u0218tiri"],"inLanguage":"en","potentialAction":[{"@type":"CommentAction","name":"Comment","target":["https:\/\/www.imobiliare.ro\/imoexpert\/perfect-pentru-o-familie-cu-mai-multi-copii-un-apartament-de-tip-duplex-amenajat-in-stil-contemporan_db\/#respond"]}],"copyrightYear":"2013","copyrightHolder":{"@id":"https:\/\/www.imobiliare.ro\/imoexpert\/#organization"}},{"@type":"WebPage","@id":"https:\/\/www.imobiliare.ro\/imoexpert\/perfect-pentru-o-familie-cu-mai-multi-copii-un-apartament-de-tip-duplex-amenajat-in-stil-contemporan_db\/","url":"https:\/\/www.imobiliare.ro\/imoexpert\/perfect-pentru-o-familie-cu-mai-multi-copii-un-apartament-de-tip-duplex-amenajat-in-stil-contemporan_db\/","name":"Perfect pentru o familie cu mai mul\u021bi copii: un apartament de tip duplex, amenajat \u00een stil contemporan - Home &amp; Deco, \u0218tiri - ImoExpert","isPartOf":{"@id":"https:\/\/www.imobiliare.ro\/imoexpert\/#website"},"primaryImageOfPage":{"@id":"https:\/\/www.imobiliare.ro\/imoexpert\/perfect-pentru-o-familie-cu-mai-multi-copii-un-apartament-de-tip-duplex-amenajat-in-stil-contemporan_db\/#primaryimage"},"image":{"@id":"https:\/\/www.imobiliare.ro\/imoexpert\/perfect-pentru-o-familie-cu-mai-multi-copii-un-apartament-de-tip-duplex-amenajat-in-stil-contemporan_db\/#primaryimage"},"thumbnailUrl":"https:\/\/www.imobiliare.ro\/imoexpert\/wp-content\/uploads\/2013\/07\/duplex-NY-2.jpg","datePublished":"2013-07-29T11:21:29+00:00","description":"Suplimentarea spa\u021biului locativ poate fi o solu\u021bie chiar \u0219i pentru cei care locuiesc la bloc, nu doar la cas\u0103. Pentru familiile cu mai mul\u021bi membri,","breadcrumb":{"@id":"https:\/\/www.imobiliare.ro\/imoexpert\/perfect-pentru-o-familie-cu-mai-multi-copii-un-apartament-de-tip-duplex-amenajat-in-stil-contemporan_db\/#breadcrumb"},"inLanguage":"en","potentialAction":[{"@type":"ReadAction","target":["https:\/\/www.imobiliare.ro\/imoexpert\/perfect-pentru-o-familie-cu-mai-multi-copii-un-apartament-de-tip-duplex-amenajat-in-stil-contemporan_db\/"]}]},{"@type":"ImageObject","inLanguage":"en","@id":"https:\/\/www.imobiliare.ro\/imoexpert\/perfect-pentru-o-familie-cu-mai-multi-copii-un-apartament-de-tip-duplex-amenajat-in-stil-contemporan_db\/#primaryimage","url":"https:\/\/www.imobiliare.ro\/imoexpert\/wp-content\/uploads\/2013\/07\/duplex-NY-2.jpg","contentUrl":"https:\/\/www.imobiliare.ro\/imoexpert\/wp-content\/uploads\/2013\/07\/duplex-NY-2.jpg","width":600,"height":763},{"@type":"BreadcrumbList","@id":"https:\/\/www.imobiliare.ro\/imoexpert\/perfect-pentru-o-familie-cu-mai-multi-copii-un-apartament-de-tip-duplex-amenajat-in-stil-contemporan_db\/#breadcrumb","itemListElement":[{"@type":"ListItem","position":1,"name":"Imoradar24","item":"https:\/\/www.imoradar24.ro"},{"@type":"ListItem","position":2,"name":"ImoExpert","item":"https:\/\/www.imobiliare.ro\/imoexpert\/"},{"@type":"ListItem","position":3,"name":"Sfaturi","item":"https:\/\/www.imobiliare.ro\/imoexpert\/ghid-imobiliar\/"},{"@type":"ListItem","position":4,"name":"Home &amp; Deco","item":"https:\/\/www.imobiliare.ro\/imoexpert\/ghid-imobiliar\/home-deco\/"},{"@type":"ListItem","position":5,"name":"Perfect pentru o familie cu mai mul\u021bi copii: un apartament de tip duplex, amenajat \u00een stil contemporan"}]},{"@type":"WebSite","@id":"https:\/\/www.imobiliare.ro\/imoexpert\/#website","url":"https:\/\/www.imobiliare.ro\/imoexpert\/","name":"ImoExpert","description":"cele mai importante \u015ftiri din domeniul imobiliar","publisher":{"@id":"https:\/\/www.imobiliare.ro\/imoexpert\/#organization"},"inLanguage":"en"},{"@type":"Organization","@id":"https:\/\/www.imobiliare.ro\/imoexpert\/#organization","name":"Imobiliare.ro","alternateName":"Realmedia Network SA","url":"https:\/\/www.imobiliare.ro\/imoexpert\/","logo":{"@type":"ImageObject","inLanguage":"en","@id":"https:\/\/www.imobiliare.ro\/imoexpert\/#\/schema\/logo\/image\/","url":"https:\/\/www.imobiliare.ro\/imoexpert\/wp-content\/uploads\/2025\/05\/imobiliare_logo.png","contentUrl":"https:\/\/www.imobiliare.ro\/imoexpert\/wp-content\/uploads\/2025\/05\/imobiliare_logo.png","width":237,"height":29,"caption":"Imobiliare.ro"},"image":{"@id":"https:\/\/www.imobiliare.ro\/imoexpert\/#\/schema\/logo\/image\/"}},{"@type":"Person","@id":"https:\/\/www.imobiliare.ro\/imoexpert\/#\/schema\/person\/8c13b0297075010b896471fabf0d7790","name":"Adriana Dr\u0103gu\u0219in","image":{"@type":"ImageObject","inLanguage":"en","@id":"https:\/\/www.imobiliare.ro\/imoexpert\/#\/schema\/person\/image\/","url":"https:\/\/secure.gravatar.com\/avatar\/ba4762f7517e50e679ed7f11207102d1150120f2f5800c0da98f8a15305bf514?s=96&d=mm&r=g","contentUrl":"https:\/\/secure.gravatar.com\/avatar\/ba4762f7517e50e679ed7f11207102d1150120f2f5800c0da98f8a15305bf514?s=96&d=mm&r=g","caption":"Adriana Dr\u0103gu\u0219in"},"jobTitle":"Editor","url":"https:\/\/www.imobiliare.ro\/imoexpert\/author\/adriana-dragusin\/"}]}},"_links":{"self":[{"href":"https:\/\/www.imobiliare.ro\/imoexpert\/wp-json\/wp\/v2\/posts\/26138","targetHints":{"allow":["GET"]}}],"collection":[{"href":"https:\/\/www.imobiliare.ro\/imoexpert\/wp-json\/wp\/v2\/posts"}],"about":[{"href":"https:\/\/www.imobiliare.ro\/imoexpert\/wp-json\/wp\/v2\/types\/post"}],"author":[{"embeddable":true,"href":"https:\/\/www.imobiliare.ro\/imoexpert\/wp-json\/wp\/v2\/users\/829"}],"replies":[{"embeddable":true,"href":"https:\/\/www.imobiliare.ro\/imoexpert\/wp-json\/wp\/v2\/comments?post=26138"}],"version-history":[{"count":0,"href":"https:\/\/www.imobiliare.ro\/imoexpert\/wp-json\/wp\/v2\/posts\/26138\/revisions"}],"wp:featuredmedia":[{"embeddable":true,"href":"https:\/\/www.imobiliare.ro\/imoexpert\/wp-json\/wp\/v2\/media\/26141"}],"wp:attachment":[{"href":"https:\/\/www.imobiliare.ro\/imoexpert\/wp-json\/wp\/v2\/media?parent=26138"}],"wp:term":[{"taxonomy":"category","embeddable":true,"href":"https:\/\/www.imobiliare.ro\/imoexpert\/wp-json\/wp\/v2\/categories?post=26138"},{"taxonomy":"post_tag","embeddable":true,"href":"https:\/\/www.imobiliare.ro\/imoexpert\/wp-json\/wp\/v2\/tags?post=26138"},{"taxonomy":"content_author","embeddable":true,"href":"https:\/\/www.imobiliare.ro\/imoexpert\/wp-json\/wp\/v2\/content_author?post=26138"}],"curies":[{"name":"wp","href":"https:\/\/api.w.org\/{rel}","templated":true}]}}