{"id":26577,"date":"2013-08-28T13:48:51","date_gmt":"2013-08-28T10:48:51","guid":{"rendered":"https:\/\/www.imobiliare.ro\/?p=26577"},"modified":"2013-08-28T13:48:51","modified_gmt":"2013-08-28T10:48:51","slug":"ce-sa-alegi-cada-sau-cabina-de-dus-cat-te-costa-fiecare-in-varianta-premium","status":"publish","type":"post","link":"https:\/\/www.imobiliare.ro\/imoexpert\/ce-sa-alegi-cada-sau-cabina-de-dus-cat-te-costa-fiecare-in-varianta-premium_db\/","title":{"rendered":"Ce s\u0103 alegi: cad\u0103 sau cabin\u0103 de du\u0219? C\u00e2t te cost\u0103 fiecare, \u00een varianta premium"},"content":{"rendered":"<p><strong>Rom\u00e2nii se aliniaz\u0103 treptat treptat la tendin\u021bele interna\u021bionale \u00een materie de design al camerei de baie.<\/strong><\/p>\n<p>Atunci c\u00e2nd ai \u00een plan o reamenajare a b\u0103ii, trebuie s\u0103 optezi \u00eentre a instala o cabin\u0103 de du\u0219 sau o cad\u0103. De\u0219i poate p\u0103rea neimportant\u0103, aceast\u0103 alegere va avea totu\u0219i un impact important at\u00e2t asupra aspectului final al acestei \u00eenc\u0103peri, c\u00e2t \u0219i asupra func\u021bionalit\u0103\u021bii sale. Mai \u00eent\u00e2i de toate, trebuie s\u0103 \u021bii cont de spa\u021biul pe care-l ai la dispozi\u021bie. Potrivit reprezentan\u021bilor Kuma Rom\u00e2nia (companie produc\u0103toare de lavoare, blaturi \u015fi mobilier pentru baie \u015fi buc\u0103t\u0103rie), cabinele de du\u0219 se preteaz\u0103 \u00een special locuin\u021belor ce nu dispun de b\u0103i de mari dimensiuni, \u00een vreme ce c\u0103zile de baie sunt perfecte pentru spa\u021biile generoase, cu o configura\u0163ie ce permite instalarea acestora. <\/p>\n<p><a class=\"article-body-links\"href=\"https:\/\/www.imobiliare.ro\/imoexpert\/wp-content\/uploads\/2013\/08\/cada-Kuma.jpg\"><img loading=\"lazy\" decoding=\"async\" src=\"https:\/\/www.imobiliare.ro\/imoexpert\/wp-content\/uploads\/2013\/08\/cada-Kuma.jpg\" alt=\"cada Kuma\" width=\"600\" height=\"384\" class=\"alignleft size-full wp-image-26578\" srcset=\"https:\/\/www.imobiliare.ro\/imoexpert\/wp-content\/uploads\/2013\/08\/cada-Kuma.jpg 600w, https:\/\/www.imobiliare.ro\/imoexpert\/wp-content\/uploads\/2013\/08\/cada-Kuma-300x192.jpg 300w, https:\/\/www.imobiliare.ro\/imoexpert\/wp-content\/uploads\/2013\/08\/cada-Kuma-87x57.jpg 87w, https:\/\/www.imobiliare.ro\/imoexpert\/wp-content\/uploads\/2013\/08\/cada-Kuma-65x43.jpg 65w\" sizes=\"auto, (max-width: 600px) 100vw, 600px\" \/><\/a><\/p>\n<p>Alegerea celui mai potrivit produs depinde \u00eens\u0103 nu doar de spa\u021biu, ci \u0219i de&#8230; mod\u0103. Reprezentan\u021bii Kuma noteaz\u0103 faptul c\u0103 rom\u00e2nii se aliniaz\u0103 treptat la tendin\u021bele interna\u021bionale \u00een materie de design, manifest\u00e2nd o preferin\u021b\u0103 crescut\u0103 pentru pl\u0103cile de du\u0219; montate la acela\u0219i nivel cu pardoseala, acestea contribuie la crearea unui ambient modern, \u00een linii continue. \u201e\u00cen ultimii ani, procentul rom\u00e2nilor care aleg o amenajare modern\u0103 a b\u0103ii a crescut tot mai mult, iar cabinele de du\u015f cu c\u0103di\u0163\u0103 sau c\u0103zile de baie nu mai sunt o prioritate. Dac\u0103 p\u00e2n\u0103 \u00een 2009 am furnizat preponderent astfel de produse, trendul s-a schimbat \u015fi tot mai mul\u0163i rom\u00e2ni se \u00eendreapt\u0103 spre pl\u0103cile de du\u015f personalizate, \u00eencorporate \u00een cabine. \u00cen ceea ce prive\u015fte b\u0103ile de dimensiuni medii sau chiar mici, o plac\u0103 de du\u015f montat\u0103 la nivel cu pardoseala \u015fi desp\u0103r\u0163it\u0103 printr-un simplu perete de sticl\u0103 creeaz\u0103 un spa\u0163iu minimalist, aerisit \u015fi foarte reconfortant\u201d, subliniaz\u0103 Camelia Olesen, director executiv al Kuma Rom\u00e2nia. <\/p>\n<p><a class=\"article-body-links\"href=\"https:\/\/www.imobiliare.ro\/imoexpert\/wp-content\/uploads\/2013\/08\/placa-dus-Kuma.jpg\"><img loading=\"lazy\" decoding=\"async\" src=\"https:\/\/www.imobiliare.ro\/imoexpert\/wp-content\/uploads\/2013\/08\/placa-dus-Kuma.jpg\" alt=\"placa dus Kuma\" width=\"602\" height=\"803\" class=\"alignleft size-full wp-image-26579\" srcset=\"https:\/\/www.imobiliare.ro\/imoexpert\/wp-content\/uploads\/2013\/08\/placa-dus-Kuma.jpg 602w, https:\/\/www.imobiliare.ro\/imoexpert\/wp-content\/uploads\/2013\/08\/placa-dus-Kuma-225x300.jpg 225w\" sizes=\"auto, (max-width: 602px) 100vw, 602px\" \/><\/a><\/p>\n<p>Dac\u0103 visezi la o baie \u00een care s\u0103 te po\u021bi relaxa pe deplin dup\u0103 o zi grea de munc\u0103, iar spa\u021biul nu reprezint\u0103 o problem\u0103, po\u021bi opta \u0219i pentru concepte ceva mai sofisticate. \u201e\u00centr-o baie generoas\u0103, clien\u0163ii \u00ee\u015fi pot crea un adev\u0103rat SPA, aleg\u00e2nd at\u00e2t pl\u0103cile de du\u015f, c\u00e2t \u015fi cada de baie\u201d, spune Olesen. De asemenea, precizeaz\u0103 ea, \u0219i \u00een Rom\u00e2nia apar tot mai mul\u0163i clien\u0163i care aleg concepte exclusiviste, de tip dormitor cu baie \u00een aceea\u015fi \u00eenc\u0103pere &#8211; atunci c\u00e2nd au la dispozi\u021bie suficient spa\u021biu pentru o astfel de solu\u021bie, desigur. <\/p>\n<p><a class=\"article-body-links\"href=\"https:\/\/www.imobiliare.ro\/imoexpert\/wp-content\/uploads\/2013\/08\/baie-in-dormitor-Kuma.jpg\"><img loading=\"lazy\" decoding=\"async\" src=\"https:\/\/www.imobiliare.ro\/imoexpert\/wp-content\/uploads\/2013\/08\/baie-in-dormitor-Kuma.jpg\" alt=\"baie in dormitor Kuma\" width=\"601\" height=\"465\" class=\"alignleft size-full wp-image-26580\" srcset=\"https:\/\/www.imobiliare.ro\/imoexpert\/wp-content\/uploads\/2013\/08\/baie-in-dormitor-Kuma.jpg 601w, https:\/\/www.imobiliare.ro\/imoexpert\/wp-content\/uploads\/2013\/08\/baie-in-dormitor-Kuma-300x232.jpg 300w\" sizes=\"auto, (max-width: 601px) 100vw, 601px\" \/><\/a><\/p>\n<p>Nu \u00een ultimul r\u00e2nd, alegerea celei mai potrivite solu\u021bii pentru baia ta depinde de buget. Dac\u0103 e\u0219ti genul de client care pune un accent deosebit pe calitate \u0219i design, e bine s\u0103 \u0219tii c\u0103, \u00een varianta premium, o cad\u0103 de baie modern\u0103 poate costa \u00eentre 1.700 \u015fi 2.300 de euro, potrivit Kuma Rom\u00e2nia. Pe de alt\u0103 parte, pl\u0103cile de du\u015f personalizate variaz\u0103 \u00eentre 300 \u015fi 1.400 de euro, \u00een func\u0163ie de dimensiuni.<\/p>\n","protected":false},"excerpt":{"rendered":"<p>Rom\u00e2nii se aliniaz\u0103 treptat treptat la tendin\u021bele interna\u021bionale \u00een materie de design al camerei de baie. Atunci c\u00e2nd ai \u00een plan o reamenajare a b\u0103ii, trebuie s\u0103 optezi \u00eentre a instala o cabin\u0103 de du\u0219 sau o cad\u0103. De\u0219i poate p\u0103rea neimportant\u0103, aceast\u0103 alegere va avea totu\u0219i un impact important at\u00e2t asupra aspectului final al [&hellip;]<\/p>\n","protected":false},"author":829,"featured_media":26578,"comment_status":"open","ping_status":"open","sticky":false,"template":"","format":"standard","meta":{"footnotes":""},"categories":[255,259],"tags":[],"content_author":[],"class_list":["post-26577","post","type-post","status-publish","format-standard","has-post-thumbnail","hentry","category-home-deco","category-stiri"],"yoast_head":"<!-- This site is optimized with the Yoast SEO Premium plugin v27.0 (Yoast SEO v27.0) - https:\/\/yoast.com\/product\/yoast-seo-premium-wordpress\/ -->\n<title>Ce s\u0103 alegi: cad\u0103 sau cabin\u0103 de du\u0219? C\u00e2t te cost\u0103 fiecare, \u00een varianta premium - Home &amp; Deco, \u0218tiri - ImoExpert<\/title>\n<meta name=\"description\" content=\"Rom\u00e2nii se aliniaz\u0103 treptat treptat la tendin\u021bele interna\u021bionale \u00een materie de design al camerei de baie. Atunci c\u00e2nd ai \u00een plan o reamenajare a b\u0103ii,\" \/>\n<meta name=\"robots\" content=\"index, follow\" \/>\n<link rel=\"canonical\" href=\"https:\/\/www.imobiliare.ro\/imoexpert\/ce-sa-alegi-cada-sau-cabina-de-dus-cat-te-costa-fiecare-in-varianta-premium_db\/\" \/>\n<meta property=\"og:locale\" content=\"ro_RO\" \/>\n<meta property=\"og:type\" content=\"article\" \/>\n<meta property=\"og:title\" content=\"Ce s\u0103 alegi: cad\u0103 sau cabin\u0103 de du\u0219? C\u00e2t te cost\u0103 fiecare, \u00een varianta premium\" \/>\n<meta property=\"og:description\" content=\"Rom\u00e2nii se aliniaz\u0103 treptat treptat la tendin\u021bele interna\u021bionale \u00een materie de design al camerei de baie. Atunci c\u00e2nd ai \u00een plan o reamenajare a b\u0103ii,\" \/>\n<meta property=\"og:url\" content=\"https:\/\/www.imobiliare.ro\/imoexpert\/ce-sa-alegi-cada-sau-cabina-de-dus-cat-te-costa-fiecare-in-varianta-premium_db\/\" \/>\n<meta property=\"og:site_name\" content=\"ImoExpert\" \/>\n<meta property=\"article:published_time\" content=\"2013-08-28T10:48:51+00:00\" \/>\n<meta property=\"og:image\" content=\"https:\/\/www.imobiliare.ro\/imoexpert\/wp-content\/uploads\/2013\/08\/cada-Kuma.jpg\" \/>\n\t<meta property=\"og:image:width\" content=\"600\" \/>\n\t<meta property=\"og:image:height\" content=\"384\" \/>\n\t<meta property=\"og:image:type\" content=\"image\/jpeg\" \/>\n<meta name=\"author\" content=\"Adriana Dr\u0103gu\u0219in\" \/>\n<meta name=\"twitter:card\" content=\"summary_large_image\" \/>\n<meta name=\"twitter:label1\" content=\"Written by\" \/>\n\t<meta name=\"twitter:data1\" content=\"Adriana Dr\u0103gu\u0219in\" \/>\n\t<meta name=\"twitter:label2\" content=\"Est. reading time\" \/>\n\t<meta name=\"twitter:data2\" content=\"3 minute\" \/>\n<script type=\"application\/ld+json\" class=\"yoast-schema-graph\">{\"@context\":\"https:\/\/schema.org\",\"@graph\":[{\"@type\":\"Article\",\"@id\":\"https:\/\/www.imobiliare.ro\/imoexpert\/ce-sa-alegi-cada-sau-cabina-de-dus-cat-te-costa-fiecare-in-varianta-premium_db\/#article\",\"isPartOf\":{\"@id\":\"https:\/\/www.imobiliare.ro\/imoexpert\/ce-sa-alegi-cada-sau-cabina-de-dus-cat-te-costa-fiecare-in-varianta-premium_db\/\"},\"author\":{\"name\":\"Adriana Dr\u0103gu\u0219in\",\"@id\":\"https:\/\/www.imobiliare.ro\/imoexpert\/#\/schema\/person\/8c13b0297075010b896471fabf0d7790\"},\"headline\":\"Ce s\u0103 alegi: cad\u0103 sau cabin\u0103 de du\u0219? C\u00e2t te cost\u0103 fiecare, \u00een varianta premium\",\"datePublished\":\"2013-08-28T10:48:51+00:00\",\"mainEntityOfPage\":{\"@id\":\"https:\/\/www.imobiliare.ro\/imoexpert\/ce-sa-alegi-cada-sau-cabina-de-dus-cat-te-costa-fiecare-in-varianta-premium_db\/\"},\"wordCount\":532,\"commentCount\":0,\"publisher\":{\"@id\":\"https:\/\/www.imobiliare.ro\/imoexpert\/#organization\"},\"image\":{\"@id\":\"https:\/\/www.imobiliare.ro\/imoexpert\/ce-sa-alegi-cada-sau-cabina-de-dus-cat-te-costa-fiecare-in-varianta-premium_db\/#primaryimage\"},\"thumbnailUrl\":\"https:\/\/www.imobiliare.ro\/imoexpert\/wp-content\/uploads\/2013\/08\/cada-Kuma.jpg\",\"articleSection\":[\"Home &amp; Deco\",\"\u0218tiri\"],\"inLanguage\":\"en\",\"potentialAction\":[{\"@type\":\"CommentAction\",\"name\":\"Comment\",\"target\":[\"https:\/\/www.imobiliare.ro\/imoexpert\/ce-sa-alegi-cada-sau-cabina-de-dus-cat-te-costa-fiecare-in-varianta-premium_db\/#respond\"]}],\"copyrightYear\":\"2013\",\"copyrightHolder\":{\"@id\":\"https:\/\/www.imobiliare.ro\/imoexpert\/#organization\"}},{\"@type\":\"WebPage\",\"@id\":\"https:\/\/www.imobiliare.ro\/imoexpert\/ce-sa-alegi-cada-sau-cabina-de-dus-cat-te-costa-fiecare-in-varianta-premium_db\/\",\"url\":\"https:\/\/www.imobiliare.ro\/imoexpert\/ce-sa-alegi-cada-sau-cabina-de-dus-cat-te-costa-fiecare-in-varianta-premium_db\/\",\"name\":\"Ce s\u0103 alegi: cad\u0103 sau cabin\u0103 de du\u0219? C\u00e2t te cost\u0103 fiecare, \u00een varianta premium - Home &amp; Deco, \u0218tiri - ImoExpert\",\"isPartOf\":{\"@id\":\"https:\/\/www.imobiliare.ro\/imoexpert\/#website\"},\"primaryImageOfPage\":{\"@id\":\"https:\/\/www.imobiliare.ro\/imoexpert\/ce-sa-alegi-cada-sau-cabina-de-dus-cat-te-costa-fiecare-in-varianta-premium_db\/#primaryimage\"},\"image\":{\"@id\":\"https:\/\/www.imobiliare.ro\/imoexpert\/ce-sa-alegi-cada-sau-cabina-de-dus-cat-te-costa-fiecare-in-varianta-premium_db\/#primaryimage\"},\"thumbnailUrl\":\"https:\/\/www.imobiliare.ro\/imoexpert\/wp-content\/uploads\/2013\/08\/cada-Kuma.jpg\",\"datePublished\":\"2013-08-28T10:48:51+00:00\",\"description\":\"Rom\u00e2nii se aliniaz\u0103 treptat treptat la tendin\u021bele interna\u021bionale \u00een materie de design al camerei de baie. Atunci c\u00e2nd ai \u00een plan o reamenajare a b\u0103ii,\",\"breadcrumb\":{\"@id\":\"https:\/\/www.imobiliare.ro\/imoexpert\/ce-sa-alegi-cada-sau-cabina-de-dus-cat-te-costa-fiecare-in-varianta-premium_db\/#breadcrumb\"},\"inLanguage\":\"en\",\"potentialAction\":[{\"@type\":\"ReadAction\",\"target\":[\"https:\/\/www.imobiliare.ro\/imoexpert\/ce-sa-alegi-cada-sau-cabina-de-dus-cat-te-costa-fiecare-in-varianta-premium_db\/\"]}]},{\"@type\":\"ImageObject\",\"inLanguage\":\"en\",\"@id\":\"https:\/\/www.imobiliare.ro\/imoexpert\/ce-sa-alegi-cada-sau-cabina-de-dus-cat-te-costa-fiecare-in-varianta-premium_db\/#primaryimage\",\"url\":\"https:\/\/www.imobiliare.ro\/imoexpert\/wp-content\/uploads\/2013\/08\/cada-Kuma.jpg\",\"contentUrl\":\"https:\/\/www.imobiliare.ro\/imoexpert\/wp-content\/uploads\/2013\/08\/cada-Kuma.jpg\",\"width\":600,\"height\":384},{\"@type\":\"BreadcrumbList\",\"@id\":\"https:\/\/www.imobiliare.ro\/imoexpert\/ce-sa-alegi-cada-sau-cabina-de-dus-cat-te-costa-fiecare-in-varianta-premium_db\/#breadcrumb\",\"itemListElement\":[{\"@type\":\"ListItem\",\"position\":1,\"name\":\"Imoradar24\",\"item\":\"https:\/\/www.imoradar24.ro\"},{\"@type\":\"ListItem\",\"position\":2,\"name\":\"ImoExpert\",\"item\":\"https:\/\/www.imobiliare.ro\/imoexpert\/\"},{\"@type\":\"ListItem\",\"position\":3,\"name\":\"Sfaturi\",\"item\":\"https:\/\/www.imobiliare.ro\/imoexpert\/ghid-imobiliar\/\"},{\"@type\":\"ListItem\",\"position\":4,\"name\":\"Home &amp; Deco\",\"item\":\"https:\/\/www.imobiliare.ro\/imoexpert\/ghid-imobiliar\/home-deco\/\"},{\"@type\":\"ListItem\",\"position\":5,\"name\":\"Ce s\u0103 alegi: cad\u0103 sau cabin\u0103 de du\u0219? C\u00e2t te cost\u0103 fiecare, \u00een varianta premium\"}]},{\"@type\":\"WebSite\",\"@id\":\"https:\/\/www.imobiliare.ro\/imoexpert\/#website\",\"url\":\"https:\/\/www.imobiliare.ro\/imoexpert\/\",\"name\":\"ImoExpert\",\"description\":\"cele mai importante \u015ftiri din domeniul imobiliar\",\"publisher\":{\"@id\":\"https:\/\/www.imobiliare.ro\/imoexpert\/#organization\"},\"inLanguage\":\"en\"},{\"@type\":\"Organization\",\"@id\":\"https:\/\/www.imobiliare.ro\/imoexpert\/#organization\",\"name\":\"Imobiliare.ro\",\"alternateName\":\"Realmedia Network SA\",\"url\":\"https:\/\/www.imobiliare.ro\/imoexpert\/\",\"logo\":{\"@type\":\"ImageObject\",\"inLanguage\":\"en\",\"@id\":\"https:\/\/www.imobiliare.ro\/imoexpert\/#\/schema\/logo\/image\/\",\"url\":\"https:\/\/www.imobiliare.ro\/imoexpert\/wp-content\/uploads\/2025\/05\/imobiliare_logo.png\",\"contentUrl\":\"https:\/\/www.imobiliare.ro\/imoexpert\/wp-content\/uploads\/2025\/05\/imobiliare_logo.png\",\"width\":237,\"height\":29,\"caption\":\"Imobiliare.ro\"},\"image\":{\"@id\":\"https:\/\/www.imobiliare.ro\/imoexpert\/#\/schema\/logo\/image\/\"}},{\"@type\":\"Person\",\"@id\":\"https:\/\/www.imobiliare.ro\/imoexpert\/#\/schema\/person\/8c13b0297075010b896471fabf0d7790\",\"name\":\"Adriana Dr\u0103gu\u0219in\",\"image\":{\"@type\":\"ImageObject\",\"inLanguage\":\"en\",\"@id\":\"https:\/\/www.imobiliare.ro\/imoexpert\/#\/schema\/person\/image\/\",\"url\":\"https:\/\/secure.gravatar.com\/avatar\/ba4762f7517e50e679ed7f11207102d1150120f2f5800c0da98f8a15305bf514?s=96&d=mm&r=g\",\"contentUrl\":\"https:\/\/secure.gravatar.com\/avatar\/ba4762f7517e50e679ed7f11207102d1150120f2f5800c0da98f8a15305bf514?s=96&d=mm&r=g\",\"caption\":\"Adriana Dr\u0103gu\u0219in\"},\"jobTitle\":\"Editor\",\"url\":\"https:\/\/www.imobiliare.ro\/imoexpert\/author\/adriana-dragusin\/\"}]}<\/script>\n<!-- \/ Yoast SEO Premium plugin. -->","yoast_head_json":{"title":"Ce s\u0103 alegi: cad\u0103 sau cabin\u0103 de du\u0219? C\u00e2t te cost\u0103 fiecare, \u00een varianta premium - Home &amp; Deco, \u0218tiri - ImoExpert","description":"Rom\u00e2nii se aliniaz\u0103 treptat treptat la tendin\u021bele interna\u021bionale \u00een materie de design al camerei de baie. Atunci c\u00e2nd ai \u00een plan o reamenajare a b\u0103ii,","robots":{"index":"index","follow":"follow"},"canonical":"https:\/\/www.imobiliare.ro\/imoexpert\/ce-sa-alegi-cada-sau-cabina-de-dus-cat-te-costa-fiecare-in-varianta-premium_db\/","og_locale":"ro_RO","og_type":"article","og_title":"Ce s\u0103 alegi: cad\u0103 sau cabin\u0103 de du\u0219? C\u00e2t te cost\u0103 fiecare, \u00een varianta premium","og_description":"Rom\u00e2nii se aliniaz\u0103 treptat treptat la tendin\u021bele interna\u021bionale \u00een materie de design al camerei de baie. Atunci c\u00e2nd ai \u00een plan o reamenajare a b\u0103ii,","og_url":"https:\/\/www.imobiliare.ro\/imoexpert\/ce-sa-alegi-cada-sau-cabina-de-dus-cat-te-costa-fiecare-in-varianta-premium_db\/","og_site_name":"ImoExpert","article_published_time":"2013-08-28T10:48:51+00:00","og_image":[{"width":600,"height":384,"url":"https:\/\/www.imobiliare.ro\/imoexpert\/wp-content\/uploads\/2013\/08\/cada-Kuma.jpg","type":"image\/jpeg"}],"author":"Adriana Dr\u0103gu\u0219in","twitter_card":"summary_large_image","twitter_misc":{"Written by":"Adriana Dr\u0103gu\u0219in","Est. reading time":"3 minute"},"schema":{"@context":"https:\/\/schema.org","@graph":[{"@type":"Article","@id":"https:\/\/www.imobiliare.ro\/imoexpert\/ce-sa-alegi-cada-sau-cabina-de-dus-cat-te-costa-fiecare-in-varianta-premium_db\/#article","isPartOf":{"@id":"https:\/\/www.imobiliare.ro\/imoexpert\/ce-sa-alegi-cada-sau-cabina-de-dus-cat-te-costa-fiecare-in-varianta-premium_db\/"},"author":{"name":"Adriana Dr\u0103gu\u0219in","@id":"https:\/\/www.imobiliare.ro\/imoexpert\/#\/schema\/person\/8c13b0297075010b896471fabf0d7790"},"headline":"Ce s\u0103 alegi: cad\u0103 sau cabin\u0103 de du\u0219? C\u00e2t te cost\u0103 fiecare, \u00een varianta premium","datePublished":"2013-08-28T10:48:51+00:00","mainEntityOfPage":{"@id":"https:\/\/www.imobiliare.ro\/imoexpert\/ce-sa-alegi-cada-sau-cabina-de-dus-cat-te-costa-fiecare-in-varianta-premium_db\/"},"wordCount":532,"commentCount":0,"publisher":{"@id":"https:\/\/www.imobiliare.ro\/imoexpert\/#organization"},"image":{"@id":"https:\/\/www.imobiliare.ro\/imoexpert\/ce-sa-alegi-cada-sau-cabina-de-dus-cat-te-costa-fiecare-in-varianta-premium_db\/#primaryimage"},"thumbnailUrl":"https:\/\/www.imobiliare.ro\/imoexpert\/wp-content\/uploads\/2013\/08\/cada-Kuma.jpg","articleSection":["Home &amp; Deco","\u0218tiri"],"inLanguage":"en","potentialAction":[{"@type":"CommentAction","name":"Comment","target":["https:\/\/www.imobiliare.ro\/imoexpert\/ce-sa-alegi-cada-sau-cabina-de-dus-cat-te-costa-fiecare-in-varianta-premium_db\/#respond"]}],"copyrightYear":"2013","copyrightHolder":{"@id":"https:\/\/www.imobiliare.ro\/imoexpert\/#organization"}},{"@type":"WebPage","@id":"https:\/\/www.imobiliare.ro\/imoexpert\/ce-sa-alegi-cada-sau-cabina-de-dus-cat-te-costa-fiecare-in-varianta-premium_db\/","url":"https:\/\/www.imobiliare.ro\/imoexpert\/ce-sa-alegi-cada-sau-cabina-de-dus-cat-te-costa-fiecare-in-varianta-premium_db\/","name":"Ce s\u0103 alegi: cad\u0103 sau cabin\u0103 de du\u0219? C\u00e2t te cost\u0103 fiecare, \u00een varianta premium - Home &amp; Deco, \u0218tiri - ImoExpert","isPartOf":{"@id":"https:\/\/www.imobiliare.ro\/imoexpert\/#website"},"primaryImageOfPage":{"@id":"https:\/\/www.imobiliare.ro\/imoexpert\/ce-sa-alegi-cada-sau-cabina-de-dus-cat-te-costa-fiecare-in-varianta-premium_db\/#primaryimage"},"image":{"@id":"https:\/\/www.imobiliare.ro\/imoexpert\/ce-sa-alegi-cada-sau-cabina-de-dus-cat-te-costa-fiecare-in-varianta-premium_db\/#primaryimage"},"thumbnailUrl":"https:\/\/www.imobiliare.ro\/imoexpert\/wp-content\/uploads\/2013\/08\/cada-Kuma.jpg","datePublished":"2013-08-28T10:48:51+00:00","description":"Rom\u00e2nii se aliniaz\u0103 treptat treptat la tendin\u021bele interna\u021bionale \u00een materie de design al camerei de baie. Atunci c\u00e2nd ai \u00een plan o reamenajare a b\u0103ii,","breadcrumb":{"@id":"https:\/\/www.imobiliare.ro\/imoexpert\/ce-sa-alegi-cada-sau-cabina-de-dus-cat-te-costa-fiecare-in-varianta-premium_db\/#breadcrumb"},"inLanguage":"en","potentialAction":[{"@type":"ReadAction","target":["https:\/\/www.imobiliare.ro\/imoexpert\/ce-sa-alegi-cada-sau-cabina-de-dus-cat-te-costa-fiecare-in-varianta-premium_db\/"]}]},{"@type":"ImageObject","inLanguage":"en","@id":"https:\/\/www.imobiliare.ro\/imoexpert\/ce-sa-alegi-cada-sau-cabina-de-dus-cat-te-costa-fiecare-in-varianta-premium_db\/#primaryimage","url":"https:\/\/www.imobiliare.ro\/imoexpert\/wp-content\/uploads\/2013\/08\/cada-Kuma.jpg","contentUrl":"https:\/\/www.imobiliare.ro\/imoexpert\/wp-content\/uploads\/2013\/08\/cada-Kuma.jpg","width":600,"height":384},{"@type":"BreadcrumbList","@id":"https:\/\/www.imobiliare.ro\/imoexpert\/ce-sa-alegi-cada-sau-cabina-de-dus-cat-te-costa-fiecare-in-varianta-premium_db\/#breadcrumb","itemListElement":[{"@type":"ListItem","position":1,"name":"Imoradar24","item":"https:\/\/www.imoradar24.ro"},{"@type":"ListItem","position":2,"name":"ImoExpert","item":"https:\/\/www.imobiliare.ro\/imoexpert\/"},{"@type":"ListItem","position":3,"name":"Sfaturi","item":"https:\/\/www.imobiliare.ro\/imoexpert\/ghid-imobiliar\/"},{"@type":"ListItem","position":4,"name":"Home &amp; Deco","item":"https:\/\/www.imobiliare.ro\/imoexpert\/ghid-imobiliar\/home-deco\/"},{"@type":"ListItem","position":5,"name":"Ce s\u0103 alegi: cad\u0103 sau cabin\u0103 de du\u0219? C\u00e2t te cost\u0103 fiecare, \u00een varianta premium"}]},{"@type":"WebSite","@id":"https:\/\/www.imobiliare.ro\/imoexpert\/#website","url":"https:\/\/www.imobiliare.ro\/imoexpert\/","name":"ImoExpert","description":"cele mai importante \u015ftiri din domeniul imobiliar","publisher":{"@id":"https:\/\/www.imobiliare.ro\/imoexpert\/#organization"},"inLanguage":"en"},{"@type":"Organization","@id":"https:\/\/www.imobiliare.ro\/imoexpert\/#organization","name":"Imobiliare.ro","alternateName":"Realmedia Network SA","url":"https:\/\/www.imobiliare.ro\/imoexpert\/","logo":{"@type":"ImageObject","inLanguage":"en","@id":"https:\/\/www.imobiliare.ro\/imoexpert\/#\/schema\/logo\/image\/","url":"https:\/\/www.imobiliare.ro\/imoexpert\/wp-content\/uploads\/2025\/05\/imobiliare_logo.png","contentUrl":"https:\/\/www.imobiliare.ro\/imoexpert\/wp-content\/uploads\/2025\/05\/imobiliare_logo.png","width":237,"height":29,"caption":"Imobiliare.ro"},"image":{"@id":"https:\/\/www.imobiliare.ro\/imoexpert\/#\/schema\/logo\/image\/"}},{"@type":"Person","@id":"https:\/\/www.imobiliare.ro\/imoexpert\/#\/schema\/person\/8c13b0297075010b896471fabf0d7790","name":"Adriana Dr\u0103gu\u0219in","image":{"@type":"ImageObject","inLanguage":"en","@id":"https:\/\/www.imobiliare.ro\/imoexpert\/#\/schema\/person\/image\/","url":"https:\/\/secure.gravatar.com\/avatar\/ba4762f7517e50e679ed7f11207102d1150120f2f5800c0da98f8a15305bf514?s=96&d=mm&r=g","contentUrl":"https:\/\/secure.gravatar.com\/avatar\/ba4762f7517e50e679ed7f11207102d1150120f2f5800c0da98f8a15305bf514?s=96&d=mm&r=g","caption":"Adriana Dr\u0103gu\u0219in"},"jobTitle":"Editor","url":"https:\/\/www.imobiliare.ro\/imoexpert\/author\/adriana-dragusin\/"}]}},"_links":{"self":[{"href":"https:\/\/www.imobiliare.ro\/imoexpert\/wp-json\/wp\/v2\/posts\/26577","targetHints":{"allow":["GET"]}}],"collection":[{"href":"https:\/\/www.imobiliare.ro\/imoexpert\/wp-json\/wp\/v2\/posts"}],"about":[{"href":"https:\/\/www.imobiliare.ro\/imoexpert\/wp-json\/wp\/v2\/types\/post"}],"author":[{"embeddable":true,"href":"https:\/\/www.imobiliare.ro\/imoexpert\/wp-json\/wp\/v2\/users\/829"}],"replies":[{"embeddable":true,"href":"https:\/\/www.imobiliare.ro\/imoexpert\/wp-json\/wp\/v2\/comments?post=26577"}],"version-history":[{"count":0,"href":"https:\/\/www.imobiliare.ro\/imoexpert\/wp-json\/wp\/v2\/posts\/26577\/revisions"}],"wp:featuredmedia":[{"embeddable":true,"href":"https:\/\/www.imobiliare.ro\/imoexpert\/wp-json\/wp\/v2\/media\/26578"}],"wp:attachment":[{"href":"https:\/\/www.imobiliare.ro\/imoexpert\/wp-json\/wp\/v2\/media?parent=26577"}],"wp:term":[{"taxonomy":"category","embeddable":true,"href":"https:\/\/www.imobiliare.ro\/imoexpert\/wp-json\/wp\/v2\/categories?post=26577"},{"taxonomy":"post_tag","embeddable":true,"href":"https:\/\/www.imobiliare.ro\/imoexpert\/wp-json\/wp\/v2\/tags?post=26577"},{"taxonomy":"content_author","embeddable":true,"href":"https:\/\/www.imobiliare.ro\/imoexpert\/wp-json\/wp\/v2\/content_author?post=26577"}],"curies":[{"name":"wp","href":"https:\/\/api.w.org\/{rel}","templated":true}]}}