{"id":26652,"date":"2013-09-02T15:31:03","date_gmt":"2013-09-02T12:31:03","guid":{"rendered":"https:\/\/www.imobiliare.ro\/?p=26652"},"modified":"2013-09-02T15:31:03","modified_gmt":"2013-09-02T12:31:03","slug":"amenajare-moderna-eleganta-si-perfect-functionala-lemn-de-nuc-si-travertin-intr-un-decor-alb-ciocolatiu","status":"publish","type":"post","link":"https:\/\/www.imobiliare.ro\/imoexpert\/amenajare-moderna-eleganta-si-perfect-functionala-lemn-de-nuc-si-travertin-intr-un-decor-alb-ciocolatiu_db\/","title":{"rendered":"Amenajare modern\u0103, elegant\u0103 \u0219i perfect func\u021bional\u0103: lemn de nuc \u0219i travertin \u00eentr-un decor alb-ciocolatiu"},"content":{"rendered":"<p><strong>O compartimentare aerisit\u0103, cu living deschis, accentueaz\u0103 senza\u021bia de spa\u021biu \u00eentr-o locuin\u021b\u0103.<\/strong><\/p>\n<p>Atunci c\u00e2nd \u00eentr-o familie apare un copil, o tenta\u021bie comun\u0103 este de a c\u0103uta s\u0103-\u021bi amenajezi casa \u00eentr-un mod c\u00e2t mai func\u021bional, aspectul estetic pic\u00e2nd adesea pe locul doi. Nu e nevoie \u00eens\u0103 ca cele dou\u0103 caracteristici s\u0103 se exclud\u0103 reciproc, iar <strong><a class=\"article-body-links\"href=\"http:\/\/freshome.com\/\">Freshome.com<\/a><\/strong> prezint\u0103 un exemplu sugestiv de \u201esimbioz\u0103\u201d:<\/p>\n<p><a class=\"article-body-links\"href=\"https:\/\/www.imobiliare.ro\/imoexpert\/wp-content\/uploads\/2013\/09\/moscova-apartament-1.jpg\"><img loading=\"lazy\" decoding=\"async\" src=\"https:\/\/www.imobiliare.ro\/imoexpert\/wp-content\/uploads\/2013\/09\/moscova-apartament-1.jpg\" alt=\"moscova apartament 1\" width=\"600\" height=\"451\" class=\"alignleft size-full wp-image-26653\" srcset=\"https:\/\/www.imobiliare.ro\/imoexpert\/wp-content\/uploads\/2013\/09\/moscova-apartament-1.jpg 600w, https:\/\/www.imobiliare.ro\/imoexpert\/wp-content\/uploads\/2013\/09\/moscova-apartament-1-300x226.jpg 300w, https:\/\/www.imobiliare.ro\/imoexpert\/wp-content\/uploads\/2013\/09\/moscova-apartament-1-130x97.jpg 130w\" sizes=\"auto, (max-width: 600px) 100vw, 600px\" \/><\/a><\/p>\n<p>Amenajat pentru un cuplu cu un copil, apartamentul din imagini este situat \u00een Moscova, Rusia, \u0219i dispune de o suprafa\u021b\u0103 de 83 de metri p\u0103tra\u021bi. Potrivit designerilor, ideea din spatele acestui proiect a fost aceea de a utiliza \u00eentr-un mod ra\u021bional suprafa\u021ba locativ\u0103 avut\u0103 la dispozi\u021bie &#8211; un bun scump \u00een capitala Rusiei. Pentru a pune c\u00e2t mai bine \u00een valoare spa\u021biul locuin\u021bei, beneficiarii proiectului au optat pentru o compartimentare modern\u0103, cu living deschis, ce comunic\u0103 cu zona de dining \u0219i buc\u0103t\u0103ria.<\/p>\n<p><a class=\"article-body-links\"href=\"https:\/\/www.imobiliare.ro\/imoexpert\/wp-content\/uploads\/2013\/09\/moscova-apartament-2.jpg\"><img loading=\"lazy\" decoding=\"async\" src=\"https:\/\/www.imobiliare.ro\/imoexpert\/wp-content\/uploads\/2013\/09\/moscova-apartament-2.jpg\" alt=\"moscova apartament 2\" width=\"600\" height=\"451\" class=\"alignleft size-full wp-image-26654\" srcset=\"https:\/\/www.imobiliare.ro\/imoexpert\/wp-content\/uploads\/2013\/09\/moscova-apartament-2.jpg 600w, https:\/\/www.imobiliare.ro\/imoexpert\/wp-content\/uploads\/2013\/09\/moscova-apartament-2-300x226.jpg 300w, https:\/\/www.imobiliare.ro\/imoexpert\/wp-content\/uploads\/2013\/09\/moscova-apartament-2-130x97.jpg 130w\" sizes=\"auto, (max-width: 600px) 100vw, 600px\" \/><\/a><br \/>\n<a class=\"article-body-links\"href=\"https:\/\/www.imobiliare.ro\/imoexpert\/wp-content\/uploads\/2013\/09\/moscova-apartament-5.jpg\"><img loading=\"lazy\" decoding=\"async\" src=\"https:\/\/www.imobiliare.ro\/imoexpert\/wp-content\/uploads\/2013\/09\/moscova-apartament-5.jpg\" alt=\"moscova apartament 5\" width=\"600\" height=\"451\" class=\"alignleft size-full wp-image-26655\" srcset=\"https:\/\/www.imobiliare.ro\/imoexpert\/wp-content\/uploads\/2013\/09\/moscova-apartament-5.jpg 600w, https:\/\/www.imobiliare.ro\/imoexpert\/wp-content\/uploads\/2013\/09\/moscova-apartament-5-300x226.jpg 300w, https:\/\/www.imobiliare.ro\/imoexpert\/wp-content\/uploads\/2013\/09\/moscova-apartament-5-130x97.jpg 130w\" sizes=\"auto, (max-width: 600px) 100vw, 600px\" \/><\/a><\/p>\n<p>Tot \u00een ideea de a amplifica senza\u021bia de spa\u021biu, \u00een amenajarea casei este folosit din abunden\u021b\u0103 albul, de la pere\u021bi la piese de mobilier; \u00een combina\u021bie cu lumina natural\u0103, acesta reu\u0219e\u0219te s\u0103 estompeze limitele naturale ale locuin\u021bei. Pentru a evita monotonia \u0219i a contrabalansa r\u0103ceala inerente utiliz\u0103rii a prea mult alb, designerii creeaz\u0103 o combina\u021bie cu evidente valen\u021be minimaliste, apel\u00e2nd la finisaje \u0219i piese de mobilier din lemn de nuc de culoarea ciocolatei; pe alocuri, sunt prezente dou\u0103 (non)culori secundare &#8211; negru \u0219i crem deschis \u2013 ce fac tranzi\u021bia \u00eentre cele dou\u0103 principale. Contrastul alb-ciocolatiu func\u021bioneaz\u0103 perfect at\u00e2t \u00een zona de zi a casei, c\u00e2t \u0219i \u00een cea privat\u0103; rezultatul final este o atmosfer\u0103 deschis\u0103, relaxant\u0103, dar cald\u0103 \u0219i intim\u0103 totodat\u0103. <\/p>\n<p><a class=\"article-body-links\"href=\"https:\/\/www.imobiliare.ro\/imoexpert\/wp-content\/uploads\/2013\/09\/moscova-apartament-4.jpg\"><img loading=\"lazy\" decoding=\"async\" src=\"https:\/\/www.imobiliare.ro\/imoexpert\/wp-content\/uploads\/2013\/09\/moscova-apartament-4.jpg\" alt=\"moscova apartament 4\" width=\"600\" height=\"451\" class=\"alignleft size-full wp-image-26657\" srcset=\"https:\/\/www.imobiliare.ro\/imoexpert\/wp-content\/uploads\/2013\/09\/moscova-apartament-4.jpg 600w, https:\/\/www.imobiliare.ro\/imoexpert\/wp-content\/uploads\/2013\/09\/moscova-apartament-4-300x226.jpg 300w, https:\/\/www.imobiliare.ro\/imoexpert\/wp-content\/uploads\/2013\/09\/moscova-apartament-4-130x97.jpg 130w\" sizes=\"auto, (max-width: 600px) 100vw, 600px\" \/><\/a><br \/>\n<a class=\"article-body-links\"href=\"https:\/\/www.imobiliare.ro\/imoexpert\/wp-content\/uploads\/2013\/09\/moscova-apartament-8.jpg\"><img loading=\"lazy\" decoding=\"async\" src=\"https:\/\/www.imobiliare.ro\/imoexpert\/wp-content\/uploads\/2013\/09\/moscova-apartament-8.jpg\" alt=\"moscova apartament 8\" width=\"600\" height=\"451\" class=\"alignleft size-full wp-image-26660\" srcset=\"https:\/\/www.imobiliare.ro\/imoexpert\/wp-content\/uploads\/2013\/09\/moscova-apartament-8.jpg 600w, https:\/\/www.imobiliare.ro\/imoexpert\/wp-content\/uploads\/2013\/09\/moscova-apartament-8-300x226.jpg 300w, https:\/\/www.imobiliare.ro\/imoexpert\/wp-content\/uploads\/2013\/09\/moscova-apartament-8-130x97.jpg 130w\" sizes=\"auto, (max-width: 600px) 100vw, 600px\" \/><\/a><\/p>\n<p>At\u00e2t \u00een living, c\u00e2t \u0219i \u00een dormitor, autorii proiectului insereaz\u0103 c\u00e2teva elemente interesante de design, ce dau personalitate \u00eentregii amenaj\u0103ri. \u00cen zona de zi a casei, aten\u021bia privitorului este cu u\u0219urin\u021b\u0103 captat\u0103 de acvariul incorporat \u00een zidul ce separ\u0103 holul de la intrare de livingul propriu-zis. Totodat\u0103, finisajul deosebit al peretelui dinspre baie \u0219i buc\u0103t\u0103rie \u2013 placat cu travertin &#8211; aduce un binevenit dinamism \u00een \u201emarea\u201d de pere\u021bi albi, invizibili, f\u0103r\u0103 a produce totu\u0219i o ruptur\u0103 abrupt\u0103 \u00een unitatea cromatic\u0103 inten\u021bionat\u0103 a acestora. \u00cen dormitor, silueta copacului pictat\u0103 pe peretele de deasupra patului reprezint\u0103 un detaliu cu siguran\u021b\u0103 inedit, ce se \u00eencadreaz\u0103 perfect \u00een decorul alb-ciocolatiu. \u00cen camera de baie, diversitatea formelor, de data aceasta \u00eentr-o combina\u021bie de alb cu lemn \u00eentr-o nuan\u021b\u0103 mai deschis\u0103 de maro, contribuie la crearea unui decor elegant \u0219i original totodat\u0103.<\/p>\n<p><a class=\"article-body-links\"href=\"https:\/\/www.imobiliare.ro\/imoexpert\/wp-content\/uploads\/2013\/09\/moscova-apartament-3.jpg\"><img loading=\"lazy\" decoding=\"async\" src=\"https:\/\/www.imobiliare.ro\/imoexpert\/wp-content\/uploads\/2013\/09\/moscova-apartament-3.jpg\" alt=\"moscova apartament 3\" width=\"600\" height=\"451\" class=\"alignleft size-full wp-image-26656\" srcset=\"https:\/\/www.imobiliare.ro\/imoexpert\/wp-content\/uploads\/2013\/09\/moscova-apartament-3.jpg 600w, https:\/\/www.imobiliare.ro\/imoexpert\/wp-content\/uploads\/2013\/09\/moscova-apartament-3-300x226.jpg 300w, https:\/\/www.imobiliare.ro\/imoexpert\/wp-content\/uploads\/2013\/09\/moscova-apartament-3-130x97.jpg 130w\" sizes=\"auto, (max-width: 600px) 100vw, 600px\" \/><\/a><br \/>\n<a class=\"article-body-links\"href=\"https:\/\/www.imobiliare.ro\/imoexpert\/wp-content\/uploads\/2013\/09\/moscova-apartament-6.jpg\"><img loading=\"lazy\" decoding=\"async\" src=\"https:\/\/www.imobiliare.ro\/imoexpert\/wp-content\/uploads\/2013\/09\/moscova-apartament-6.jpg\" alt=\"moscova apartament 6\" width=\"600\" height=\"451\" class=\"alignleft size-full wp-image-26658\" srcset=\"https:\/\/www.imobiliare.ro\/imoexpert\/wp-content\/uploads\/2013\/09\/moscova-apartament-6.jpg 600w, https:\/\/www.imobiliare.ro\/imoexpert\/wp-content\/uploads\/2013\/09\/moscova-apartament-6-300x226.jpg 300w, https:\/\/www.imobiliare.ro\/imoexpert\/wp-content\/uploads\/2013\/09\/moscova-apartament-6-130x97.jpg 130w\" sizes=\"auto, (max-width: 600px) 100vw, 600px\" \/><\/a><br \/>\n<a class=\"article-body-links\"href=\"https:\/\/www.imobiliare.ro\/imoexpert\/wp-content\/uploads\/2013\/09\/moscovaapartament-7.jpg\"><img loading=\"lazy\" decoding=\"async\" src=\"https:\/\/www.imobiliare.ro\/imoexpert\/wp-content\/uploads\/2013\/09\/moscovaapartament-7.jpg\" alt=\"moscovaapartament 7\" width=\"600\" height=\"451\" class=\"alignleft size-full wp-image-26659\" srcset=\"https:\/\/www.imobiliare.ro\/imoexpert\/wp-content\/uploads\/2013\/09\/moscovaapartament-7.jpg 600w, https:\/\/www.imobiliare.ro\/imoexpert\/wp-content\/uploads\/2013\/09\/moscovaapartament-7-300x226.jpg 300w, https:\/\/www.imobiliare.ro\/imoexpert\/wp-content\/uploads\/2013\/09\/moscovaapartament-7-130x97.jpg 130w\" sizes=\"auto, (max-width: 600px) 100vw, 600px\" \/><\/a><br \/>\n<a class=\"article-body-links\"href=\"https:\/\/www.imobiliare.ro\/imoexpert\/wp-content\/uploads\/2013\/09\/moscova-apartament-9.jpg\"><img loading=\"lazy\" decoding=\"async\" src=\"https:\/\/www.imobiliare.ro\/imoexpert\/wp-content\/uploads\/2013\/09\/moscova-apartament-9.jpg\" alt=\"moscova apartament 9\" width=\"600\" height=\"451\" class=\"alignleft size-full wp-image-26661\" srcset=\"https:\/\/www.imobiliare.ro\/imoexpert\/wp-content\/uploads\/2013\/09\/moscova-apartament-9.jpg 600w, https:\/\/www.imobiliare.ro\/imoexpert\/wp-content\/uploads\/2013\/09\/moscova-apartament-9-300x226.jpg 300w, https:\/\/www.imobiliare.ro\/imoexpert\/wp-content\/uploads\/2013\/09\/moscova-apartament-9-130x97.jpg 130w\" sizes=\"auto, (max-width: 600px) 100vw, 600px\" \/><\/a><br \/>\n<a class=\"article-body-links\"href=\"https:\/\/www.imobiliare.ro\/imoexpert\/wp-content\/uploads\/2013\/09\/moscova-apartament-10.jpg\"><img loading=\"lazy\" decoding=\"async\" src=\"https:\/\/www.imobiliare.ro\/imoexpert\/wp-content\/uploads\/2013\/09\/moscova-apartament-10.jpg\" alt=\"moscova apartament 10\" width=\"600\" height=\"451\" class=\"alignleft size-full wp-image-26662\" srcset=\"https:\/\/www.imobiliare.ro\/imoexpert\/wp-content\/uploads\/2013\/09\/moscova-apartament-10.jpg 600w, https:\/\/www.imobiliare.ro\/imoexpert\/wp-content\/uploads\/2013\/09\/moscova-apartament-10-300x226.jpg 300w, https:\/\/www.imobiliare.ro\/imoexpert\/wp-content\/uploads\/2013\/09\/moscova-apartament-10-130x97.jpg 130w\" sizes=\"auto, (max-width: 600px) 100vw, 600px\" \/><\/a><\/p>\n<p><em><strong>Surs\u0103 foto: <a class=\"article-body-links\"href=\"http:\/\/freshome.com\/2013\/08\/23\/clever-design-solutions-exhibited-by-fashionable-moscow-apartment\/\">Freshome.com<\/a><br \/>\nCite\u0219te \u0219i: <a class=\"article-body-links\"href=\"https:\/\/www.imobiliare.ro\/articole\/o-oaza-de-relaxare-in-agitatia-urbana-eleganta-inspirata-de-natura-intr-un-apartament-cu-vedere-la-dunare_db\/\">O oaz\u0103 de relaxare \u00een agita\u021bia urban\u0103: elegan\u021b\u0103 inspirat\u0103 de natur\u0103 \u00eentr-un apartament cu vedere la Dun\u0103re<\/a><\/strong><\/em><\/p>\n","protected":false},"excerpt":{"rendered":"<p>O compartimentare aerisit\u0103, cu living deschis, accentueaz\u0103 senza\u021bia de spa\u021biu \u00eentr-o locuin\u021b\u0103. Atunci c\u00e2nd \u00eentr-o familie apare un copil, o tenta\u021bie comun\u0103 este de a c\u0103uta s\u0103-\u021bi amenajezi casa \u00eentr-un mod c\u00e2t mai func\u021bional, aspectul estetic pic\u00e2nd adesea pe locul doi. Nu e nevoie \u00eens\u0103 ca cele dou\u0103 caracteristici s\u0103 se exclud\u0103 reciproc, iar Freshome.com [&hellip;]<\/p>\n","protected":false},"author":829,"featured_media":26653,"comment_status":"open","ping_status":"open","sticky":false,"template":"","format":"standard","meta":{"footnotes":""},"categories":[255,259],"tags":[1410,1411],"content_author":[],"class_list":["post-26652","post","type-post","status-publish","format-standard","has-post-thumbnail","hentry","category-home-deco","category-stiri","tag-newsletter","tag-principal"],"yoast_head":"<!-- This site is optimized with the Yoast SEO Premium plugin v27.0 (Yoast SEO v27.0) - https:\/\/yoast.com\/product\/yoast-seo-premium-wordpress\/ -->\n<title>Amenajare modern\u0103, elegant\u0103 \u0219i perfect func\u021bional\u0103: lemn de nuc \u0219i travertin \u00eentr-un decor alb-ciocolatiu - Home &amp; Deco, \u0218tiri - ImoExpert<\/title>\n<meta name=\"description\" content=\"O compartimentare aerisit\u0103, cu living deschis, accentueaz\u0103 senza\u021bia de spa\u021biu \u00eentr-o locuin\u021b\u0103. Atunci c\u00e2nd \u00eentr-o familie apare un copil, o tenta\u021bie\" \/>\n<meta name=\"robots\" content=\"index, follow\" \/>\n<link rel=\"canonical\" href=\"https:\/\/www.imobiliare.ro\/imoexpert\/amenajare-moderna-eleganta-si-perfect-functionala-lemn-de-nuc-si-travertin-intr-un-decor-alb-ciocolatiu_db\/\" \/>\n<meta property=\"og:locale\" content=\"ro_RO\" \/>\n<meta property=\"og:type\" content=\"article\" \/>\n<meta property=\"og:title\" content=\"Amenajare modern\u0103, elegant\u0103 \u0219i perfect func\u021bional\u0103: lemn de nuc \u0219i travertin \u00eentr-un decor alb-ciocolatiu\" \/>\n<meta property=\"og:description\" content=\"O compartimentare aerisit\u0103, cu living deschis, accentueaz\u0103 senza\u021bia de spa\u021biu \u00eentr-o locuin\u021b\u0103. Atunci c\u00e2nd \u00eentr-o familie apare un copil, o tenta\u021bie\" \/>\n<meta property=\"og:url\" content=\"https:\/\/www.imobiliare.ro\/imoexpert\/amenajare-moderna-eleganta-si-perfect-functionala-lemn-de-nuc-si-travertin-intr-un-decor-alb-ciocolatiu_db\/\" \/>\n<meta property=\"og:site_name\" content=\"ImoExpert\" \/>\n<meta property=\"article:published_time\" content=\"2013-09-02T12:31:03+00:00\" \/>\n<meta property=\"og:image\" content=\"https:\/\/www.imobiliare.ro\/imoexpert\/wp-content\/uploads\/2013\/09\/moscova-apartament-1.jpg\" \/>\n\t<meta property=\"og:image:width\" content=\"600\" \/>\n\t<meta property=\"og:image:height\" content=\"451\" \/>\n\t<meta property=\"og:image:type\" content=\"image\/jpeg\" \/>\n<meta name=\"author\" content=\"Adriana Dr\u0103gu\u0219in\" \/>\n<meta name=\"twitter:card\" content=\"summary_large_image\" \/>\n<meta name=\"twitter:label1\" content=\"Written by\" \/>\n\t<meta name=\"twitter:data1\" content=\"Adriana Dr\u0103gu\u0219in\" \/>\n\t<meta name=\"twitter:label2\" content=\"Est. reading time\" \/>\n\t<meta name=\"twitter:data2\" content=\"2 minute\" \/>\n<script type=\"application\/ld+json\" class=\"yoast-schema-graph\">{\"@context\":\"https:\/\/schema.org\",\"@graph\":[{\"@type\":\"Article\",\"@id\":\"https:\/\/www.imobiliare.ro\/imoexpert\/amenajare-moderna-eleganta-si-perfect-functionala-lemn-de-nuc-si-travertin-intr-un-decor-alb-ciocolatiu_db\/#article\",\"isPartOf\":{\"@id\":\"https:\/\/www.imobiliare.ro\/imoexpert\/amenajare-moderna-eleganta-si-perfect-functionala-lemn-de-nuc-si-travertin-intr-un-decor-alb-ciocolatiu_db\/\"},\"author\":{\"name\":\"Adriana Dr\u0103gu\u0219in\",\"@id\":\"https:\/\/www.imobiliare.ro\/imoexpert\/#\/schema\/person\/8c13b0297075010b896471fabf0d7790\"},\"headline\":\"Amenajare modern\u0103, elegant\u0103 \u0219i perfect func\u021bional\u0103: lemn de nuc \u0219i travertin \u00eentr-un decor alb-ciocolatiu\",\"datePublished\":\"2013-09-02T12:31:03+00:00\",\"mainEntityOfPage\":{\"@id\":\"https:\/\/www.imobiliare.ro\/imoexpert\/amenajare-moderna-eleganta-si-perfect-functionala-lemn-de-nuc-si-travertin-intr-un-decor-alb-ciocolatiu_db\/\"},\"wordCount\":489,\"commentCount\":4,\"publisher\":{\"@id\":\"https:\/\/www.imobiliare.ro\/imoexpert\/#organization\"},\"image\":{\"@id\":\"https:\/\/www.imobiliare.ro\/imoexpert\/amenajare-moderna-eleganta-si-perfect-functionala-lemn-de-nuc-si-travertin-intr-un-decor-alb-ciocolatiu_db\/#primaryimage\"},\"thumbnailUrl\":\"https:\/\/www.imobiliare.ro\/imoexpert\/wp-content\/uploads\/2013\/09\/moscova-apartament-1.jpg\",\"keywords\":[\"newsletter\",\"principal\"],\"articleSection\":[\"Home &amp; Deco\",\"\u0218tiri\"],\"inLanguage\":\"en\",\"potentialAction\":[{\"@type\":\"CommentAction\",\"name\":\"Comment\",\"target\":[\"https:\/\/www.imobiliare.ro\/imoexpert\/amenajare-moderna-eleganta-si-perfect-functionala-lemn-de-nuc-si-travertin-intr-un-decor-alb-ciocolatiu_db\/#respond\"]}],\"copyrightYear\":\"2013\",\"copyrightHolder\":{\"@id\":\"https:\/\/www.imobiliare.ro\/imoexpert\/#organization\"}},{\"@type\":\"WebPage\",\"@id\":\"https:\/\/www.imobiliare.ro\/imoexpert\/amenajare-moderna-eleganta-si-perfect-functionala-lemn-de-nuc-si-travertin-intr-un-decor-alb-ciocolatiu_db\/\",\"url\":\"https:\/\/www.imobiliare.ro\/imoexpert\/amenajare-moderna-eleganta-si-perfect-functionala-lemn-de-nuc-si-travertin-intr-un-decor-alb-ciocolatiu_db\/\",\"name\":\"Amenajare modern\u0103, elegant\u0103 \u0219i perfect func\u021bional\u0103: lemn de nuc \u0219i travertin \u00eentr-un decor alb-ciocolatiu - Home &amp; Deco, \u0218tiri - ImoExpert\",\"isPartOf\":{\"@id\":\"https:\/\/www.imobiliare.ro\/imoexpert\/#website\"},\"primaryImageOfPage\":{\"@id\":\"https:\/\/www.imobiliare.ro\/imoexpert\/amenajare-moderna-eleganta-si-perfect-functionala-lemn-de-nuc-si-travertin-intr-un-decor-alb-ciocolatiu_db\/#primaryimage\"},\"image\":{\"@id\":\"https:\/\/www.imobiliare.ro\/imoexpert\/amenajare-moderna-eleganta-si-perfect-functionala-lemn-de-nuc-si-travertin-intr-un-decor-alb-ciocolatiu_db\/#primaryimage\"},\"thumbnailUrl\":\"https:\/\/www.imobiliare.ro\/imoexpert\/wp-content\/uploads\/2013\/09\/moscova-apartament-1.jpg\",\"datePublished\":\"2013-09-02T12:31:03+00:00\",\"description\":\"O compartimentare aerisit\u0103, cu living deschis, accentueaz\u0103 senza\u021bia de spa\u021biu \u00eentr-o locuin\u021b\u0103. Atunci c\u00e2nd \u00eentr-o familie apare un copil, o tenta\u021bie\",\"breadcrumb\":{\"@id\":\"https:\/\/www.imobiliare.ro\/imoexpert\/amenajare-moderna-eleganta-si-perfect-functionala-lemn-de-nuc-si-travertin-intr-un-decor-alb-ciocolatiu_db\/#breadcrumb\"},\"inLanguage\":\"en\",\"potentialAction\":[{\"@type\":\"ReadAction\",\"target\":[\"https:\/\/www.imobiliare.ro\/imoexpert\/amenajare-moderna-eleganta-si-perfect-functionala-lemn-de-nuc-si-travertin-intr-un-decor-alb-ciocolatiu_db\/\"]}]},{\"@type\":\"ImageObject\",\"inLanguage\":\"en\",\"@id\":\"https:\/\/www.imobiliare.ro\/imoexpert\/amenajare-moderna-eleganta-si-perfect-functionala-lemn-de-nuc-si-travertin-intr-un-decor-alb-ciocolatiu_db\/#primaryimage\",\"url\":\"https:\/\/www.imobiliare.ro\/imoexpert\/wp-content\/uploads\/2013\/09\/moscova-apartament-1.jpg\",\"contentUrl\":\"https:\/\/www.imobiliare.ro\/imoexpert\/wp-content\/uploads\/2013\/09\/moscova-apartament-1.jpg\",\"width\":600,\"height\":451},{\"@type\":\"BreadcrumbList\",\"@id\":\"https:\/\/www.imobiliare.ro\/imoexpert\/amenajare-moderna-eleganta-si-perfect-functionala-lemn-de-nuc-si-travertin-intr-un-decor-alb-ciocolatiu_db\/#breadcrumb\",\"itemListElement\":[{\"@type\":\"ListItem\",\"position\":1,\"name\":\"Imoradar24\",\"item\":\"https:\/\/www.imoradar24.ro\"},{\"@type\":\"ListItem\",\"position\":2,\"name\":\"ImoExpert\",\"item\":\"https:\/\/www.imobiliare.ro\/imoexpert\/\"},{\"@type\":\"ListItem\",\"position\":3,\"name\":\"Sfaturi\",\"item\":\"https:\/\/www.imobiliare.ro\/imoexpert\/ghid-imobiliar\/\"},{\"@type\":\"ListItem\",\"position\":4,\"name\":\"Home &amp; Deco\",\"item\":\"https:\/\/www.imobiliare.ro\/imoexpert\/ghid-imobiliar\/home-deco\/\"},{\"@type\":\"ListItem\",\"position\":5,\"name\":\"Amenajare modern\u0103, elegant\u0103 \u0219i perfect func\u021bional\u0103: lemn de nuc \u0219i travertin \u00eentr-un decor alb-ciocolatiu\"}]},{\"@type\":\"WebSite\",\"@id\":\"https:\/\/www.imobiliare.ro\/imoexpert\/#website\",\"url\":\"https:\/\/www.imobiliare.ro\/imoexpert\/\",\"name\":\"ImoExpert\",\"description\":\"cele mai importante \u015ftiri din domeniul imobiliar\",\"publisher\":{\"@id\":\"https:\/\/www.imobiliare.ro\/imoexpert\/#organization\"},\"inLanguage\":\"en\"},{\"@type\":\"Organization\",\"@id\":\"https:\/\/www.imobiliare.ro\/imoexpert\/#organization\",\"name\":\"Imobiliare.ro\",\"alternateName\":\"Realmedia Network SA\",\"url\":\"https:\/\/www.imobiliare.ro\/imoexpert\/\",\"logo\":{\"@type\":\"ImageObject\",\"inLanguage\":\"en\",\"@id\":\"https:\/\/www.imobiliare.ro\/imoexpert\/#\/schema\/logo\/image\/\",\"url\":\"https:\/\/www.imobiliare.ro\/imoexpert\/wp-content\/uploads\/2025\/05\/imobiliare_logo.png\",\"contentUrl\":\"https:\/\/www.imobiliare.ro\/imoexpert\/wp-content\/uploads\/2025\/05\/imobiliare_logo.png\",\"width\":237,\"height\":29,\"caption\":\"Imobiliare.ro\"},\"image\":{\"@id\":\"https:\/\/www.imobiliare.ro\/imoexpert\/#\/schema\/logo\/image\/\"}},{\"@type\":\"Person\",\"@id\":\"https:\/\/www.imobiliare.ro\/imoexpert\/#\/schema\/person\/8c13b0297075010b896471fabf0d7790\",\"name\":\"Adriana Dr\u0103gu\u0219in\",\"image\":{\"@type\":\"ImageObject\",\"inLanguage\":\"en\",\"@id\":\"https:\/\/www.imobiliare.ro\/imoexpert\/#\/schema\/person\/image\/\",\"url\":\"https:\/\/secure.gravatar.com\/avatar\/ba4762f7517e50e679ed7f11207102d1150120f2f5800c0da98f8a15305bf514?s=96&d=mm&r=g\",\"contentUrl\":\"https:\/\/secure.gravatar.com\/avatar\/ba4762f7517e50e679ed7f11207102d1150120f2f5800c0da98f8a15305bf514?s=96&d=mm&r=g\",\"caption\":\"Adriana Dr\u0103gu\u0219in\"},\"jobTitle\":\"Editor\",\"url\":\"https:\/\/www.imobiliare.ro\/imoexpert\/author\/adriana-dragusin\/\"}]}<\/script>\n<!-- \/ Yoast SEO Premium plugin. -->","yoast_head_json":{"title":"Amenajare modern\u0103, elegant\u0103 \u0219i perfect func\u021bional\u0103: lemn de nuc \u0219i travertin \u00eentr-un decor alb-ciocolatiu - Home &amp; Deco, \u0218tiri - ImoExpert","description":"O compartimentare aerisit\u0103, cu living deschis, accentueaz\u0103 senza\u021bia de spa\u021biu \u00eentr-o locuin\u021b\u0103. Atunci c\u00e2nd \u00eentr-o familie apare un copil, o tenta\u021bie","robots":{"index":"index","follow":"follow"},"canonical":"https:\/\/www.imobiliare.ro\/imoexpert\/amenajare-moderna-eleganta-si-perfect-functionala-lemn-de-nuc-si-travertin-intr-un-decor-alb-ciocolatiu_db\/","og_locale":"ro_RO","og_type":"article","og_title":"Amenajare modern\u0103, elegant\u0103 \u0219i perfect func\u021bional\u0103: lemn de nuc \u0219i travertin \u00eentr-un decor alb-ciocolatiu","og_description":"O compartimentare aerisit\u0103, cu living deschis, accentueaz\u0103 senza\u021bia de spa\u021biu \u00eentr-o locuin\u021b\u0103. Atunci c\u00e2nd \u00eentr-o familie apare un copil, o tenta\u021bie","og_url":"https:\/\/www.imobiliare.ro\/imoexpert\/amenajare-moderna-eleganta-si-perfect-functionala-lemn-de-nuc-si-travertin-intr-un-decor-alb-ciocolatiu_db\/","og_site_name":"ImoExpert","article_published_time":"2013-09-02T12:31:03+00:00","og_image":[{"width":600,"height":451,"url":"https:\/\/www.imobiliare.ro\/imoexpert\/wp-content\/uploads\/2013\/09\/moscova-apartament-1.jpg","type":"image\/jpeg"}],"author":"Adriana Dr\u0103gu\u0219in","twitter_card":"summary_large_image","twitter_misc":{"Written by":"Adriana Dr\u0103gu\u0219in","Est. reading time":"2 minute"},"schema":{"@context":"https:\/\/schema.org","@graph":[{"@type":"Article","@id":"https:\/\/www.imobiliare.ro\/imoexpert\/amenajare-moderna-eleganta-si-perfect-functionala-lemn-de-nuc-si-travertin-intr-un-decor-alb-ciocolatiu_db\/#article","isPartOf":{"@id":"https:\/\/www.imobiliare.ro\/imoexpert\/amenajare-moderna-eleganta-si-perfect-functionala-lemn-de-nuc-si-travertin-intr-un-decor-alb-ciocolatiu_db\/"},"author":{"name":"Adriana Dr\u0103gu\u0219in","@id":"https:\/\/www.imobiliare.ro\/imoexpert\/#\/schema\/person\/8c13b0297075010b896471fabf0d7790"},"headline":"Amenajare modern\u0103, elegant\u0103 \u0219i perfect func\u021bional\u0103: lemn de nuc \u0219i travertin \u00eentr-un decor alb-ciocolatiu","datePublished":"2013-09-02T12:31:03+00:00","mainEntityOfPage":{"@id":"https:\/\/www.imobiliare.ro\/imoexpert\/amenajare-moderna-eleganta-si-perfect-functionala-lemn-de-nuc-si-travertin-intr-un-decor-alb-ciocolatiu_db\/"},"wordCount":489,"commentCount":4,"publisher":{"@id":"https:\/\/www.imobiliare.ro\/imoexpert\/#organization"},"image":{"@id":"https:\/\/www.imobiliare.ro\/imoexpert\/amenajare-moderna-eleganta-si-perfect-functionala-lemn-de-nuc-si-travertin-intr-un-decor-alb-ciocolatiu_db\/#primaryimage"},"thumbnailUrl":"https:\/\/www.imobiliare.ro\/imoexpert\/wp-content\/uploads\/2013\/09\/moscova-apartament-1.jpg","keywords":["newsletter","principal"],"articleSection":["Home &amp; Deco","\u0218tiri"],"inLanguage":"en","potentialAction":[{"@type":"CommentAction","name":"Comment","target":["https:\/\/www.imobiliare.ro\/imoexpert\/amenajare-moderna-eleganta-si-perfect-functionala-lemn-de-nuc-si-travertin-intr-un-decor-alb-ciocolatiu_db\/#respond"]}],"copyrightYear":"2013","copyrightHolder":{"@id":"https:\/\/www.imobiliare.ro\/imoexpert\/#organization"}},{"@type":"WebPage","@id":"https:\/\/www.imobiliare.ro\/imoexpert\/amenajare-moderna-eleganta-si-perfect-functionala-lemn-de-nuc-si-travertin-intr-un-decor-alb-ciocolatiu_db\/","url":"https:\/\/www.imobiliare.ro\/imoexpert\/amenajare-moderna-eleganta-si-perfect-functionala-lemn-de-nuc-si-travertin-intr-un-decor-alb-ciocolatiu_db\/","name":"Amenajare modern\u0103, elegant\u0103 \u0219i perfect func\u021bional\u0103: lemn de nuc \u0219i travertin \u00eentr-un decor alb-ciocolatiu - Home &amp; Deco, \u0218tiri - ImoExpert","isPartOf":{"@id":"https:\/\/www.imobiliare.ro\/imoexpert\/#website"},"primaryImageOfPage":{"@id":"https:\/\/www.imobiliare.ro\/imoexpert\/amenajare-moderna-eleganta-si-perfect-functionala-lemn-de-nuc-si-travertin-intr-un-decor-alb-ciocolatiu_db\/#primaryimage"},"image":{"@id":"https:\/\/www.imobiliare.ro\/imoexpert\/amenajare-moderna-eleganta-si-perfect-functionala-lemn-de-nuc-si-travertin-intr-un-decor-alb-ciocolatiu_db\/#primaryimage"},"thumbnailUrl":"https:\/\/www.imobiliare.ro\/imoexpert\/wp-content\/uploads\/2013\/09\/moscova-apartament-1.jpg","datePublished":"2013-09-02T12:31:03+00:00","description":"O compartimentare aerisit\u0103, cu living deschis, accentueaz\u0103 senza\u021bia de spa\u021biu \u00eentr-o locuin\u021b\u0103. Atunci c\u00e2nd \u00eentr-o familie apare un copil, o tenta\u021bie","breadcrumb":{"@id":"https:\/\/www.imobiliare.ro\/imoexpert\/amenajare-moderna-eleganta-si-perfect-functionala-lemn-de-nuc-si-travertin-intr-un-decor-alb-ciocolatiu_db\/#breadcrumb"},"inLanguage":"en","potentialAction":[{"@type":"ReadAction","target":["https:\/\/www.imobiliare.ro\/imoexpert\/amenajare-moderna-eleganta-si-perfect-functionala-lemn-de-nuc-si-travertin-intr-un-decor-alb-ciocolatiu_db\/"]}]},{"@type":"ImageObject","inLanguage":"en","@id":"https:\/\/www.imobiliare.ro\/imoexpert\/amenajare-moderna-eleganta-si-perfect-functionala-lemn-de-nuc-si-travertin-intr-un-decor-alb-ciocolatiu_db\/#primaryimage","url":"https:\/\/www.imobiliare.ro\/imoexpert\/wp-content\/uploads\/2013\/09\/moscova-apartament-1.jpg","contentUrl":"https:\/\/www.imobiliare.ro\/imoexpert\/wp-content\/uploads\/2013\/09\/moscova-apartament-1.jpg","width":600,"height":451},{"@type":"BreadcrumbList","@id":"https:\/\/www.imobiliare.ro\/imoexpert\/amenajare-moderna-eleganta-si-perfect-functionala-lemn-de-nuc-si-travertin-intr-un-decor-alb-ciocolatiu_db\/#breadcrumb","itemListElement":[{"@type":"ListItem","position":1,"name":"Imoradar24","item":"https:\/\/www.imoradar24.ro"},{"@type":"ListItem","position":2,"name":"ImoExpert","item":"https:\/\/www.imobiliare.ro\/imoexpert\/"},{"@type":"ListItem","position":3,"name":"Sfaturi","item":"https:\/\/www.imobiliare.ro\/imoexpert\/ghid-imobiliar\/"},{"@type":"ListItem","position":4,"name":"Home &amp; Deco","item":"https:\/\/www.imobiliare.ro\/imoexpert\/ghid-imobiliar\/home-deco\/"},{"@type":"ListItem","position":5,"name":"Amenajare modern\u0103, elegant\u0103 \u0219i perfect func\u021bional\u0103: lemn de nuc \u0219i travertin \u00eentr-un decor alb-ciocolatiu"}]},{"@type":"WebSite","@id":"https:\/\/www.imobiliare.ro\/imoexpert\/#website","url":"https:\/\/www.imobiliare.ro\/imoexpert\/","name":"ImoExpert","description":"cele mai importante \u015ftiri din domeniul imobiliar","publisher":{"@id":"https:\/\/www.imobiliare.ro\/imoexpert\/#organization"},"inLanguage":"en"},{"@type":"Organization","@id":"https:\/\/www.imobiliare.ro\/imoexpert\/#organization","name":"Imobiliare.ro","alternateName":"Realmedia Network SA","url":"https:\/\/www.imobiliare.ro\/imoexpert\/","logo":{"@type":"ImageObject","inLanguage":"en","@id":"https:\/\/www.imobiliare.ro\/imoexpert\/#\/schema\/logo\/image\/","url":"https:\/\/www.imobiliare.ro\/imoexpert\/wp-content\/uploads\/2025\/05\/imobiliare_logo.png","contentUrl":"https:\/\/www.imobiliare.ro\/imoexpert\/wp-content\/uploads\/2025\/05\/imobiliare_logo.png","width":237,"height":29,"caption":"Imobiliare.ro"},"image":{"@id":"https:\/\/www.imobiliare.ro\/imoexpert\/#\/schema\/logo\/image\/"}},{"@type":"Person","@id":"https:\/\/www.imobiliare.ro\/imoexpert\/#\/schema\/person\/8c13b0297075010b896471fabf0d7790","name":"Adriana Dr\u0103gu\u0219in","image":{"@type":"ImageObject","inLanguage":"en","@id":"https:\/\/www.imobiliare.ro\/imoexpert\/#\/schema\/person\/image\/","url":"https:\/\/secure.gravatar.com\/avatar\/ba4762f7517e50e679ed7f11207102d1150120f2f5800c0da98f8a15305bf514?s=96&d=mm&r=g","contentUrl":"https:\/\/secure.gravatar.com\/avatar\/ba4762f7517e50e679ed7f11207102d1150120f2f5800c0da98f8a15305bf514?s=96&d=mm&r=g","caption":"Adriana Dr\u0103gu\u0219in"},"jobTitle":"Editor","url":"https:\/\/www.imobiliare.ro\/imoexpert\/author\/adriana-dragusin\/"}]}},"_links":{"self":[{"href":"https:\/\/www.imobiliare.ro\/imoexpert\/wp-json\/wp\/v2\/posts\/26652","targetHints":{"allow":["GET"]}}],"collection":[{"href":"https:\/\/www.imobiliare.ro\/imoexpert\/wp-json\/wp\/v2\/posts"}],"about":[{"href":"https:\/\/www.imobiliare.ro\/imoexpert\/wp-json\/wp\/v2\/types\/post"}],"author":[{"embeddable":true,"href":"https:\/\/www.imobiliare.ro\/imoexpert\/wp-json\/wp\/v2\/users\/829"}],"replies":[{"embeddable":true,"href":"https:\/\/www.imobiliare.ro\/imoexpert\/wp-json\/wp\/v2\/comments?post=26652"}],"version-history":[{"count":0,"href":"https:\/\/www.imobiliare.ro\/imoexpert\/wp-json\/wp\/v2\/posts\/26652\/revisions"}],"wp:featuredmedia":[{"embeddable":true,"href":"https:\/\/www.imobiliare.ro\/imoexpert\/wp-json\/wp\/v2\/media\/26653"}],"wp:attachment":[{"href":"https:\/\/www.imobiliare.ro\/imoexpert\/wp-json\/wp\/v2\/media?parent=26652"}],"wp:term":[{"taxonomy":"category","embeddable":true,"href":"https:\/\/www.imobiliare.ro\/imoexpert\/wp-json\/wp\/v2\/categories?post=26652"},{"taxonomy":"post_tag","embeddable":true,"href":"https:\/\/www.imobiliare.ro\/imoexpert\/wp-json\/wp\/v2\/tags?post=26652"},{"taxonomy":"content_author","embeddable":true,"href":"https:\/\/www.imobiliare.ro\/imoexpert\/wp-json\/wp\/v2\/content_author?post=26652"}],"curies":[{"name":"wp","href":"https:\/\/api.w.org\/{rel}","templated":true}]}}