{"id":26733,"date":"2013-09-09T13:57:16","date_gmt":"2013-09-09T10:57:16","guid":{"rendered":"https:\/\/www.imobiliare.ro\/?p=26733"},"modified":"2013-09-09T13:57:16","modified_gmt":"2013-09-09T10:57:16","slug":"un-altfel-de-apartament-cu-2-camere-solutii-originale-de-design-intr-un-decor-primitor-cu-note-vintage","status":"publish","type":"post","link":"https:\/\/www.imobiliare.ro\/imoexpert\/un-altfel-de-apartament-cu-2-camere-solutii-originale-de-design-intr-un-decor-primitor-cu-note-vintage_db\/","title":{"rendered":"Un altfel de apartament cu 2 camere: solu\u021bii originale de design \u00eentr-un decor primitor, cu note \u201evintage\u201d"},"content":{"rendered":"<p><strong>Chiar \u0219i o locuin\u021b\u0103 \u201ebanal\u0103\u201d se poate ransforma \u00eentr-o adev\u0103rat\u0103 \u201eoaz\u0103\u201d de autenticitate.<\/strong><\/p>\n<p>Dac\u0103 te g\u00e2nde\u0219ti la o (re)amenajare a casei, probabil c\u0103 \u00ee\u021bi dore\u0219ti ca rezultatul final s\u0103 fie unul nu doar func\u021bional, ci \u0219i&#8230; original, o reflec\u021bie a propriei tale personalit\u0103\u021bi. Atingerea ambelor obiective este posibil\u0103 chiar \u0219i \u00eentr-o locuin\u021b\u0103 cu o suprafa\u021b\u0103 nu foarte generoas\u0103, cum ar fi, de pild\u0103, un apartament cu dou\u0103 camere. Un astfel de exemplu este prezentat pe <strong><a class=\"article-body-links\"href=\"http:\/\/freshome.com\/\">Freshome.com<\/a><\/strong>:<\/p>\n<p><a class=\"article-body-links\"href=\"https:\/\/www.imobiliare.ro\/imoexpert\/wp-content\/uploads\/2013\/09\/Kiev-apartment-1.jpg\"><img loading=\"lazy\" decoding=\"async\" src=\"https:\/\/www.imobiliare.ro\/imoexpert\/wp-content\/uploads\/2013\/09\/Kiev-apartment-1.jpg\" alt=\"Kiev apartment 1\" width=\"603\" height=\"407\" class=\"alignleft size-full wp-image-26734\" srcset=\"https:\/\/www.imobiliare.ro\/imoexpert\/wp-content\/uploads\/2013\/09\/Kiev-apartment-1.jpg 603w, https:\/\/www.imobiliare.ro\/imoexpert\/wp-content\/uploads\/2013\/09\/Kiev-apartment-1-300x202.jpg 300w, https:\/\/www.imobiliare.ro\/imoexpert\/wp-content\/uploads\/2013\/09\/Kiev-apartment-1-65x43.jpg 65w, https:\/\/www.imobiliare.ro\/imoexpert\/wp-content\/uploads\/2013\/09\/Kiev-apartment-1-154x103.jpg 154w\" sizes=\"auto, (max-width: 603px) 100vw, 603px\" \/><\/a><\/p>\n<p>Apartamentul din imagini, situat \u00een centrul istoric al Kievului (Ucraina), a fost reamenajat de arhitectul Alex Bykov pentru un cuplu proasp\u0103t c\u0103s\u0103torit. Ideea central\u0103 din spatele proiectului a fost cea de \u201econtinu\u0103 mi\u0219care\u201d. Potrivit autorului, acest concept de baz\u0103 transpare din dispunerea spa\u021bial\u0103 a \u00eenc\u0103perilor locuin\u021bei: astfel, livingul, biblioteca, dormitorul \u0219i baia \u201egraviteaz\u0103\u201d \u00een jurul buc\u0103t\u0103riei \u2013 zon\u0103 considerat\u0103 de regul\u0103 \u201einima casei\u201d. Delimit\u0103rile spa\u021biale ale apartamentului sunt estompate, dat fiind c\u0103 trecerea dintr-o camer\u0103 \u00een alta se face lin, firesc, parc\u0103 tras\u00e2nd conturul unui cerc (sau al unei elipse) imaginar(e).<\/p>\n<p><a class=\"article-body-links\"href=\"https:\/\/www.imobiliare.ro\/imoexpert\/wp-content\/uploads\/2013\/09\/Kiev-apartment-2.jpg\"><img loading=\"lazy\" decoding=\"async\" src=\"https:\/\/www.imobiliare.ro\/imoexpert\/wp-content\/uploads\/2013\/09\/Kiev-apartment-2.jpg\" alt=\"Kiev apartment 2\" width=\"603\" height=\"402\" class=\"alignleft size-full wp-image-26735\" srcset=\"https:\/\/www.imobiliare.ro\/imoexpert\/wp-content\/uploads\/2013\/09\/Kiev-apartment-2.jpg 603w, https:\/\/www.imobiliare.ro\/imoexpert\/wp-content\/uploads\/2013\/09\/Kiev-apartment-2-300x200.jpg 300w, https:\/\/www.imobiliare.ro\/imoexpert\/wp-content\/uploads\/2013\/09\/Kiev-apartment-2-87x57.jpg 87w, https:\/\/www.imobiliare.ro\/imoexpert\/wp-content\/uploads\/2013\/09\/Kiev-apartment-2-65x43.jpg 65w, https:\/\/www.imobiliare.ro\/imoexpert\/wp-content\/uploads\/2013\/09\/Kiev-apartment-2-154x103.jpg 154w\" sizes=\"auto, (max-width: 603px) 100vw, 603px\" \/><\/a><br \/>\n<a class=\"article-body-links\"href=\"https:\/\/www.imobiliare.ro\/imoexpert\/wp-content\/uploads\/2013\/09\/Kiev-apartment-3.jpg\"><img loading=\"lazy\" decoding=\"async\" src=\"https:\/\/www.imobiliare.ro\/imoexpert\/wp-content\/uploads\/2013\/09\/Kiev-apartment-3.jpg\" alt=\"Kiev apartment 3\" width=\"603\" height=\"407\" class=\"alignleft size-full wp-image-26736\" srcset=\"https:\/\/www.imobiliare.ro\/imoexpert\/wp-content\/uploads\/2013\/09\/Kiev-apartment-3.jpg 603w, https:\/\/www.imobiliare.ro\/imoexpert\/wp-content\/uploads\/2013\/09\/Kiev-apartment-3-300x202.jpg 300w, https:\/\/www.imobiliare.ro\/imoexpert\/wp-content\/uploads\/2013\/09\/Kiev-apartment-3-65x43.jpg 65w, https:\/\/www.imobiliare.ro\/imoexpert\/wp-content\/uploads\/2013\/09\/Kiev-apartment-3-154x103.jpg 154w\" sizes=\"auto, (max-width: 603px) 100vw, 603px\" \/><\/a><br \/>\n<a class=\"article-body-links\"href=\"https:\/\/www.imobiliare.ro\/imoexpert\/wp-content\/uploads\/2013\/09\/Kiev-apartment-4.jpg\"><img loading=\"lazy\" decoding=\"async\" src=\"https:\/\/www.imobiliare.ro\/imoexpert\/wp-content\/uploads\/2013\/09\/Kiev-apartment-4.jpg\" alt=\"Kiev apartment 4\" width=\"603\" height=\"402\" class=\"alignleft size-full wp-image-26737\" srcset=\"https:\/\/www.imobiliare.ro\/imoexpert\/wp-content\/uploads\/2013\/09\/Kiev-apartment-4.jpg 603w, https:\/\/www.imobiliare.ro\/imoexpert\/wp-content\/uploads\/2013\/09\/Kiev-apartment-4-300x200.jpg 300w, https:\/\/www.imobiliare.ro\/imoexpert\/wp-content\/uploads\/2013\/09\/Kiev-apartment-4-87x57.jpg 87w, https:\/\/www.imobiliare.ro\/imoexpert\/wp-content\/uploads\/2013\/09\/Kiev-apartment-4-65x43.jpg 65w, https:\/\/www.imobiliare.ro\/imoexpert\/wp-content\/uploads\/2013\/09\/Kiev-apartment-4-154x103.jpg 154w\" sizes=\"auto, (max-width: 603px) 100vw, 603px\" \/><\/a><\/p>\n<p>Dincolo de organizarea spa\u021bial\u0103, acest proiect de amenajare se distinge \u0219i prin solu\u021biile inedite de design aplicate. \u00cen living, cei doi pere\u021bi nefinisa\u021bi, ce las\u0103 expuse vederii c\u0103r\u0103mizile vechi, pline, dau un aer \u201evintage\u201d \u00eentregului decor, specific \u00eenceputului de secol XX. Acest \u201eartificiu\u201d este perfect completat de un altul nu mai pu\u021bin inspirat &#8211; respectiv podiumul realizat din materiale low-cost, special conceput pentru a g\u0103zdui zona dedicat\u0103 lecturii. Biblioteca personalizat\u0103, construit\u0103 special pentru acest spa\u021biu, aduce o not\u0103 \u00een plus de originalitate. Toate aceste solu\u021bii (mai) neobi\u0219nuite de design se \u00eempletesc perfect cu liniile simple, moderne, ale mobilierului din buc\u0103t\u0103rie \u0219i din living. Atmosfera general\u0103 este una cald\u0103, primitoare \u2013 datorit\u0103 nuan\u021bei calde de maro ce predomin\u0103 la nivel cromatic -, dar \u0219i plin\u0103 de via\u021b\u0103 \u2013 prin inserarea unor culori vii, precum mu\u0219tar, verde sau mov. <\/p>\n<p><a class=\"article-body-links\"href=\"https:\/\/www.imobiliare.ro\/imoexpert\/wp-content\/uploads\/2013\/09\/Kiev-apartment-5.jpg\"><img loading=\"lazy\" decoding=\"async\" src=\"https:\/\/www.imobiliare.ro\/imoexpert\/wp-content\/uploads\/2013\/09\/Kiev-apartment-5.jpg\" alt=\"Kiev apartment 5\" width=\"603\" height=\"402\" class=\"alignleft size-full wp-image-26738\" srcset=\"https:\/\/www.imobiliare.ro\/imoexpert\/wp-content\/uploads\/2013\/09\/Kiev-apartment-5.jpg 603w, https:\/\/www.imobiliare.ro\/imoexpert\/wp-content\/uploads\/2013\/09\/Kiev-apartment-5-300x200.jpg 300w, https:\/\/www.imobiliare.ro\/imoexpert\/wp-content\/uploads\/2013\/09\/Kiev-apartment-5-87x57.jpg 87w, https:\/\/www.imobiliare.ro\/imoexpert\/wp-content\/uploads\/2013\/09\/Kiev-apartment-5-65x43.jpg 65w, https:\/\/www.imobiliare.ro\/imoexpert\/wp-content\/uploads\/2013\/09\/Kiev-apartment-5-154x103.jpg 154w\" sizes=\"auto, (max-width: 603px) 100vw, 603px\" \/><\/a><br \/>\n<a class=\"article-body-links\"href=\"https:\/\/www.imobiliare.ro\/imoexpert\/wp-content\/uploads\/2013\/09\/Kiev-apartment-6.jpg\"><img loading=\"lazy\" decoding=\"async\" src=\"https:\/\/www.imobiliare.ro\/imoexpert\/wp-content\/uploads\/2013\/09\/Kiev-apartment-6.jpg\" alt=\"Kiev apartment 6\" width=\"603\" height=\"393\" class=\"alignleft size-full wp-image-26739\" srcset=\"https:\/\/www.imobiliare.ro\/imoexpert\/wp-content\/uploads\/2013\/09\/Kiev-apartment-6.jpg 603w, https:\/\/www.imobiliare.ro\/imoexpert\/wp-content\/uploads\/2013\/09\/Kiev-apartment-6-300x196.jpg 300w, https:\/\/www.imobiliare.ro\/imoexpert\/wp-content\/uploads\/2013\/09\/Kiev-apartment-6-87x57.jpg 87w, https:\/\/www.imobiliare.ro\/imoexpert\/wp-content\/uploads\/2013\/09\/Kiev-apartment-6-65x43.jpg 65w\" sizes=\"auto, (max-width: 603px) 100vw, 603px\" \/><\/a><br \/>\n<a class=\"article-body-links\"href=\"https:\/\/www.imobiliare.ro\/imoexpert\/wp-content\/uploads\/2013\/09\/Kiev-apartment-7.jpg\"><img loading=\"lazy\" decoding=\"async\" src=\"https:\/\/www.imobiliare.ro\/imoexpert\/wp-content\/uploads\/2013\/09\/Kiev-apartment-7.jpg\" alt=\"Kiev apartment 7\" width=\"603\" height=\"402\" class=\"alignleft size-full wp-image-26740\" srcset=\"https:\/\/www.imobiliare.ro\/imoexpert\/wp-content\/uploads\/2013\/09\/Kiev-apartment-7.jpg 603w, https:\/\/www.imobiliare.ro\/imoexpert\/wp-content\/uploads\/2013\/09\/Kiev-apartment-7-300x200.jpg 300w, https:\/\/www.imobiliare.ro\/imoexpert\/wp-content\/uploads\/2013\/09\/Kiev-apartment-7-87x57.jpg 87w, https:\/\/www.imobiliare.ro\/imoexpert\/wp-content\/uploads\/2013\/09\/Kiev-apartment-7-65x43.jpg 65w, https:\/\/www.imobiliare.ro\/imoexpert\/wp-content\/uploads\/2013\/09\/Kiev-apartment-7-154x103.jpg 154w\" sizes=\"auto, (max-width: 603px) 100vw, 603px\" \/><\/a><br \/>\n<a class=\"article-body-links\"href=\"https:\/\/www.imobiliare.ro\/imoexpert\/wp-content\/uploads\/2013\/09\/Kiev-apartment-8.jpg\"><img loading=\"lazy\" decoding=\"async\" src=\"https:\/\/www.imobiliare.ro\/imoexpert\/wp-content\/uploads\/2013\/09\/Kiev-apartment-8.jpg\" alt=\"Kiev apartment 8\" width=\"603\" height=\"402\" class=\"alignleft size-full wp-image-26741\" srcset=\"https:\/\/www.imobiliare.ro\/imoexpert\/wp-content\/uploads\/2013\/09\/Kiev-apartment-8.jpg 603w, https:\/\/www.imobiliare.ro\/imoexpert\/wp-content\/uploads\/2013\/09\/Kiev-apartment-8-300x200.jpg 300w, https:\/\/www.imobiliare.ro\/imoexpert\/wp-content\/uploads\/2013\/09\/Kiev-apartment-8-87x57.jpg 87w, https:\/\/www.imobiliare.ro\/imoexpert\/wp-content\/uploads\/2013\/09\/Kiev-apartment-8-65x43.jpg 65w, https:\/\/www.imobiliare.ro\/imoexpert\/wp-content\/uploads\/2013\/09\/Kiev-apartment-8-154x103.jpg 154w\" sizes=\"auto, (max-width: 603px) 100vw, 603px\" \/><\/a><\/p>\n<p>Respect\u00e2nd conceptul creativ din spatele \u00eentregului proiect, dormitorul se remarc\u0103 prin continuitatea direc\u021biei date la decorarea livingului. Prin descoperirea par\u021bial\u0103 a c\u0103r\u0103mizilor dintr-un perete lateral al camerei se men\u021bine aerul de vechi, \u00een timp ce mobilierul (cu aspect) de lemn contribuie de asemenea la crearea unei senza\u021bii de c\u0103ldur\u0103 \u0219i confort. De data aceasta \u00eens\u0103, at\u00e2t \u00een dormitor, c\u00e2t \u0219i \u00een baie, maroul cald este contrabalansat de o gam\u0103 cromatic\u0103 mai sobr\u0103, de griuri \u0219i negru \u2013 elemente prezente \u0219i \u00een living, dar \u00een mai mic\u0103 m\u0103sur\u0103. Rezultatul este un decor ceva mai sobru, mai elegant, dar perfect echilibrat. <\/p>\n<p><a class=\"article-body-links\"href=\"https:\/\/www.imobiliare.ro\/imoexpert\/wp-content\/uploads\/2013\/09\/Kiev-apartment-9.jpg\"><img loading=\"lazy\" decoding=\"async\" src=\"https:\/\/www.imobiliare.ro\/imoexpert\/wp-content\/uploads\/2013\/09\/Kiev-apartment-9.jpg\" alt=\"Kiev apartment 9\" width=\"603\" height=\"402\" class=\"alignleft size-full wp-image-26742\" srcset=\"https:\/\/www.imobiliare.ro\/imoexpert\/wp-content\/uploads\/2013\/09\/Kiev-apartment-9.jpg 603w, https:\/\/www.imobiliare.ro\/imoexpert\/wp-content\/uploads\/2013\/09\/Kiev-apartment-9-300x200.jpg 300w, https:\/\/www.imobiliare.ro\/imoexpert\/wp-content\/uploads\/2013\/09\/Kiev-apartment-9-87x57.jpg 87w, https:\/\/www.imobiliare.ro\/imoexpert\/wp-content\/uploads\/2013\/09\/Kiev-apartment-9-65x43.jpg 65w, https:\/\/www.imobiliare.ro\/imoexpert\/wp-content\/uploads\/2013\/09\/Kiev-apartment-9-154x103.jpg 154w\" sizes=\"auto, (max-width: 603px) 100vw, 603px\" \/><\/a><br \/>\n<a class=\"article-body-links\"href=\"https:\/\/www.imobiliare.ro\/imoexpert\/wp-content\/uploads\/2013\/09\/Kiev-apartment-10.jpg\"><img loading=\"lazy\" decoding=\"async\" src=\"https:\/\/www.imobiliare.ro\/imoexpert\/wp-content\/uploads\/2013\/09\/Kiev-apartment-10.jpg\" alt=\"Kiev apartment 10\" width=\"603\" height=\"403\" class=\"alignleft size-full wp-image-26743\" srcset=\"https:\/\/www.imobiliare.ro\/imoexpert\/wp-content\/uploads\/2013\/09\/Kiev-apartment-10.jpg 603w, https:\/\/www.imobiliare.ro\/imoexpert\/wp-content\/uploads\/2013\/09\/Kiev-apartment-10-300x200.jpg 300w, https:\/\/www.imobiliare.ro\/imoexpert\/wp-content\/uploads\/2013\/09\/Kiev-apartment-10-87x57.jpg 87w, https:\/\/www.imobiliare.ro\/imoexpert\/wp-content\/uploads\/2013\/09\/Kiev-apartment-10-65x43.jpg 65w, https:\/\/www.imobiliare.ro\/imoexpert\/wp-content\/uploads\/2013\/09\/Kiev-apartment-10-154x103.jpg 154w\" sizes=\"auto, (max-width: 603px) 100vw, 603px\" \/><\/a><br \/>\n<a class=\"article-body-links\"href=\"https:\/\/www.imobiliare.ro\/imoexpert\/wp-content\/uploads\/2013\/09\/Kiev-apartment-11.jpg\"><img loading=\"lazy\" decoding=\"async\" src=\"https:\/\/www.imobiliare.ro\/imoexpert\/wp-content\/uploads\/2013\/09\/Kiev-apartment-11.jpg\" alt=\"Kiev apartment 11\" width=\"603\" height=\"399\" class=\"alignleft size-full wp-image-26744\" srcset=\"https:\/\/www.imobiliare.ro\/imoexpert\/wp-content\/uploads\/2013\/09\/Kiev-apartment-11.jpg 603w, https:\/\/www.imobiliare.ro\/imoexpert\/wp-content\/uploads\/2013\/09\/Kiev-apartment-11-300x199.jpg 300w, https:\/\/www.imobiliare.ro\/imoexpert\/wp-content\/uploads\/2013\/09\/Kiev-apartment-11-87x57.jpg 87w, https:\/\/www.imobiliare.ro\/imoexpert\/wp-content\/uploads\/2013\/09\/Kiev-apartment-11-65x43.jpg 65w, https:\/\/www.imobiliare.ro\/imoexpert\/wp-content\/uploads\/2013\/09\/Kiev-apartment-11-154x103.jpg 154w\" sizes=\"auto, (max-width: 603px) 100vw, 603px\" \/><\/a><br \/>\n<a class=\"article-body-links\"href=\"https:\/\/www.imobiliare.ro\/imoexpert\/wp-content\/uploads\/2013\/09\/Kiev-apartment-12.jpg\"><img loading=\"lazy\" decoding=\"async\" src=\"https:\/\/www.imobiliare.ro\/imoexpert\/wp-content\/uploads\/2013\/09\/Kiev-apartment-12.jpg\" alt=\"Kiev apartment 12\" width=\"603\" height=\"405\" class=\"alignleft size-full wp-image-26745\" srcset=\"https:\/\/www.imobiliare.ro\/imoexpert\/wp-content\/uploads\/2013\/09\/Kiev-apartment-12.jpg 603w, https:\/\/www.imobiliare.ro\/imoexpert\/wp-content\/uploads\/2013\/09\/Kiev-apartment-12-300x201.jpg 300w, https:\/\/www.imobiliare.ro\/imoexpert\/wp-content\/uploads\/2013\/09\/Kiev-apartment-12-87x57.jpg 87w, https:\/\/www.imobiliare.ro\/imoexpert\/wp-content\/uploads\/2013\/09\/Kiev-apartment-12-65x43.jpg 65w, https:\/\/www.imobiliare.ro\/imoexpert\/wp-content\/uploads\/2013\/09\/Kiev-apartment-12-154x103.jpg 154w\" sizes=\"auto, (max-width: 603px) 100vw, 603px\" \/><\/a><br \/>\n<a class=\"article-body-links\"href=\"https:\/\/www.imobiliare.ro\/imoexpert\/wp-content\/uploads\/2013\/09\/Kiev-apartment-13.jpg\"><img loading=\"lazy\" decoding=\"async\" src=\"https:\/\/www.imobiliare.ro\/imoexpert\/wp-content\/uploads\/2013\/09\/Kiev-apartment-13.jpg\" alt=\"Kiev apartment 13\" width=\"603\" height=\"402\" class=\"alignleft size-full wp-image-26746\" srcset=\"https:\/\/www.imobiliare.ro\/imoexpert\/wp-content\/uploads\/2013\/09\/Kiev-apartment-13.jpg 603w, https:\/\/www.imobiliare.ro\/imoexpert\/wp-content\/uploads\/2013\/09\/Kiev-apartment-13-300x200.jpg 300w, https:\/\/www.imobiliare.ro\/imoexpert\/wp-content\/uploads\/2013\/09\/Kiev-apartment-13-87x57.jpg 87w, https:\/\/www.imobiliare.ro\/imoexpert\/wp-content\/uploads\/2013\/09\/Kiev-apartment-13-65x43.jpg 65w, https:\/\/www.imobiliare.ro\/imoexpert\/wp-content\/uploads\/2013\/09\/Kiev-apartment-13-154x103.jpg 154w\" sizes=\"auto, (max-width: 603px) 100vw, 603px\" \/><\/a><\/p>\n<p><em><strong>Surs\u0103 foto: <a class=\"article-body-links\"href=\"http:\/\/freshome.com\/2013\/09\/06\/extremly-creative-apartment-based-on-the-idea-of-constant-motion-in-kiev\/\">Freshome.com<\/a><br \/>\nCite\u0219te \u0219i: <a class=\"article-body-links\"href=\"https:\/\/www.imobiliare.ro\/articole\/design-nonconformist-intr-un-duplex-special-amenajat-pentru-un-cuplu-tanar_db\/\">Design nonconformist \u00eentr-un duplex special amenajat pentru un cuplu t\u00e2n\u0103r<\/a><\/strong><\/em><\/p>\n","protected":false},"excerpt":{"rendered":"<p>Chiar \u0219i o locuin\u021b\u0103 \u201ebanal\u0103\u201d se poate ransforma \u00eentr-o adev\u0103rat\u0103 \u201eoaz\u0103\u201d de autenticitate. Dac\u0103 te g\u00e2nde\u0219ti la o (re)amenajare a casei, probabil c\u0103 \u00ee\u021bi dore\u0219ti ca rezultatul final s\u0103 fie unul nu doar func\u021bional, ci \u0219i&#8230; original, o reflec\u021bie a propriei tale personalit\u0103\u021bi. Atingerea ambelor obiective este posibil\u0103 chiar \u0219i \u00eentr-o locuin\u021b\u0103 cu o suprafa\u021b\u0103 [&hellip;]<\/p>\n","protected":false},"author":829,"featured_media":26734,"comment_status":"open","ping_status":"open","sticky":false,"template":"","format":"standard","meta":{"footnotes":""},"categories":[255,259],"tags":[1410,1411],"content_author":[],"class_list":["post-26733","post","type-post","status-publish","format-standard","has-post-thumbnail","hentry","category-home-deco","category-stiri","tag-newsletter","tag-principal"],"yoast_head":"<!-- This site is optimized with the Yoast SEO Premium plugin v27.0 (Yoast SEO v27.0) - https:\/\/yoast.com\/product\/yoast-seo-premium-wordpress\/ -->\n<title>Un altfel de apartament cu 2 camere: solu\u021bii originale de design \u00eentr-un decor primitor, cu note \u201evintage\u201d - Home &amp; Deco, \u0218tiri - ImoExpert<\/title>\n<meta name=\"description\" content=\"Chiar \u0219i o locuin\u021b\u0103 \u201ebanal\u0103\u201d se poate ransforma \u00eentr-o adev\u0103rat\u0103 \u201eoaz\u0103\u201d de autenticitate. Dac\u0103 te g\u00e2nde\u0219ti la o (re)amenajare a casei, probabil c\u0103 \u00ee\u021bi\" \/>\n<meta name=\"robots\" content=\"index, follow\" \/>\n<link rel=\"canonical\" href=\"https:\/\/www.imobiliare.ro\/imoexpert\/un-altfel-de-apartament-cu-2-camere-solutii-originale-de-design-intr-un-decor-primitor-cu-note-vintage_db\/\" \/>\n<meta property=\"og:locale\" content=\"ro_RO\" \/>\n<meta property=\"og:type\" content=\"article\" \/>\n<meta property=\"og:title\" content=\"Un altfel de apartament cu 2 camere: solu\u021bii originale de design \u00eentr-un decor primitor, cu note \u201evintage\u201d\" \/>\n<meta property=\"og:description\" content=\"Chiar \u0219i o locuin\u021b\u0103 \u201ebanal\u0103\u201d se poate ransforma \u00eentr-o adev\u0103rat\u0103 \u201eoaz\u0103\u201d de autenticitate. Dac\u0103 te g\u00e2nde\u0219ti la o (re)amenajare a casei, probabil c\u0103 \u00ee\u021bi\" \/>\n<meta property=\"og:url\" content=\"https:\/\/www.imobiliare.ro\/imoexpert\/un-altfel-de-apartament-cu-2-camere-solutii-originale-de-design-intr-un-decor-primitor-cu-note-vintage_db\/\" \/>\n<meta property=\"og:site_name\" content=\"ImoExpert\" \/>\n<meta property=\"article:published_time\" content=\"2013-09-09T10:57:16+00:00\" \/>\n<meta property=\"og:image\" content=\"https:\/\/www.imobiliare.ro\/imoexpert\/wp-content\/uploads\/2013\/09\/Kiev-apartment-1.jpg\" \/>\n\t<meta property=\"og:image:width\" content=\"603\" \/>\n\t<meta property=\"og:image:height\" content=\"407\" \/>\n\t<meta property=\"og:image:type\" content=\"image\/jpeg\" \/>\n<meta name=\"author\" content=\"Adriana Dr\u0103gu\u0219in\" \/>\n<meta name=\"twitter:card\" content=\"summary_large_image\" \/>\n<meta name=\"twitter:label1\" content=\"Written by\" \/>\n\t<meta name=\"twitter:data1\" content=\"Adriana Dr\u0103gu\u0219in\" \/>\n\t<meta name=\"twitter:label2\" content=\"Est. reading time\" \/>\n\t<meta name=\"twitter:data2\" content=\"2 minute\" \/>\n<script type=\"application\/ld+json\" class=\"yoast-schema-graph\">{\"@context\":\"https:\/\/schema.org\",\"@graph\":[{\"@type\":\"Article\",\"@id\":\"https:\/\/www.imobiliare.ro\/imoexpert\/un-altfel-de-apartament-cu-2-camere-solutii-originale-de-design-intr-un-decor-primitor-cu-note-vintage_db\/#article\",\"isPartOf\":{\"@id\":\"https:\/\/www.imobiliare.ro\/imoexpert\/un-altfel-de-apartament-cu-2-camere-solutii-originale-de-design-intr-un-decor-primitor-cu-note-vintage_db\/\"},\"author\":{\"name\":\"Adriana Dr\u0103gu\u0219in\",\"@id\":\"https:\/\/www.imobiliare.ro\/imoexpert\/#\/schema\/person\/8c13b0297075010b896471fabf0d7790\"},\"headline\":\"Un altfel de apartament cu 2 camere: solu\u021bii originale de design \u00eentr-un decor primitor, cu note \u201evintage\u201d\",\"datePublished\":\"2013-09-09T10:57:16+00:00\",\"mainEntityOfPage\":{\"@id\":\"https:\/\/www.imobiliare.ro\/imoexpert\/un-altfel-de-apartament-cu-2-camere-solutii-originale-de-design-intr-un-decor-primitor-cu-note-vintage_db\/\"},\"wordCount\":483,\"commentCount\":3,\"publisher\":{\"@id\":\"https:\/\/www.imobiliare.ro\/imoexpert\/#organization\"},\"image\":{\"@id\":\"https:\/\/www.imobiliare.ro\/imoexpert\/un-altfel-de-apartament-cu-2-camere-solutii-originale-de-design-intr-un-decor-primitor-cu-note-vintage_db\/#primaryimage\"},\"thumbnailUrl\":\"https:\/\/www.imobiliare.ro\/imoexpert\/wp-content\/uploads\/2013\/09\/Kiev-apartment-1.jpg\",\"keywords\":[\"newsletter\",\"principal\"],\"articleSection\":[\"Home &amp; Deco\",\"\u0218tiri\"],\"inLanguage\":\"en\",\"potentialAction\":[{\"@type\":\"CommentAction\",\"name\":\"Comment\",\"target\":[\"https:\/\/www.imobiliare.ro\/imoexpert\/un-altfel-de-apartament-cu-2-camere-solutii-originale-de-design-intr-un-decor-primitor-cu-note-vintage_db\/#respond\"]}],\"copyrightYear\":\"2013\",\"copyrightHolder\":{\"@id\":\"https:\/\/www.imobiliare.ro\/imoexpert\/#organization\"}},{\"@type\":\"WebPage\",\"@id\":\"https:\/\/www.imobiliare.ro\/imoexpert\/un-altfel-de-apartament-cu-2-camere-solutii-originale-de-design-intr-un-decor-primitor-cu-note-vintage_db\/\",\"url\":\"https:\/\/www.imobiliare.ro\/imoexpert\/un-altfel-de-apartament-cu-2-camere-solutii-originale-de-design-intr-un-decor-primitor-cu-note-vintage_db\/\",\"name\":\"Un altfel de apartament cu 2 camere: solu\u021bii originale de design \u00eentr-un decor primitor, cu note \u201evintage\u201d - Home &amp; Deco, \u0218tiri - ImoExpert\",\"isPartOf\":{\"@id\":\"https:\/\/www.imobiliare.ro\/imoexpert\/#website\"},\"primaryImageOfPage\":{\"@id\":\"https:\/\/www.imobiliare.ro\/imoexpert\/un-altfel-de-apartament-cu-2-camere-solutii-originale-de-design-intr-un-decor-primitor-cu-note-vintage_db\/#primaryimage\"},\"image\":{\"@id\":\"https:\/\/www.imobiliare.ro\/imoexpert\/un-altfel-de-apartament-cu-2-camere-solutii-originale-de-design-intr-un-decor-primitor-cu-note-vintage_db\/#primaryimage\"},\"thumbnailUrl\":\"https:\/\/www.imobiliare.ro\/imoexpert\/wp-content\/uploads\/2013\/09\/Kiev-apartment-1.jpg\",\"datePublished\":\"2013-09-09T10:57:16+00:00\",\"description\":\"Chiar \u0219i o locuin\u021b\u0103 \u201ebanal\u0103\u201d se poate ransforma \u00eentr-o adev\u0103rat\u0103 \u201eoaz\u0103\u201d de autenticitate. Dac\u0103 te g\u00e2nde\u0219ti la o (re)amenajare a casei, probabil c\u0103 \u00ee\u021bi\",\"breadcrumb\":{\"@id\":\"https:\/\/www.imobiliare.ro\/imoexpert\/un-altfel-de-apartament-cu-2-camere-solutii-originale-de-design-intr-un-decor-primitor-cu-note-vintage_db\/#breadcrumb\"},\"inLanguage\":\"en\",\"potentialAction\":[{\"@type\":\"ReadAction\",\"target\":[\"https:\/\/www.imobiliare.ro\/imoexpert\/un-altfel-de-apartament-cu-2-camere-solutii-originale-de-design-intr-un-decor-primitor-cu-note-vintage_db\/\"]}]},{\"@type\":\"ImageObject\",\"inLanguage\":\"en\",\"@id\":\"https:\/\/www.imobiliare.ro\/imoexpert\/un-altfel-de-apartament-cu-2-camere-solutii-originale-de-design-intr-un-decor-primitor-cu-note-vintage_db\/#primaryimage\",\"url\":\"https:\/\/www.imobiliare.ro\/imoexpert\/wp-content\/uploads\/2013\/09\/Kiev-apartment-1.jpg\",\"contentUrl\":\"https:\/\/www.imobiliare.ro\/imoexpert\/wp-content\/uploads\/2013\/09\/Kiev-apartment-1.jpg\",\"width\":603,\"height\":407},{\"@type\":\"BreadcrumbList\",\"@id\":\"https:\/\/www.imobiliare.ro\/imoexpert\/un-altfel-de-apartament-cu-2-camere-solutii-originale-de-design-intr-un-decor-primitor-cu-note-vintage_db\/#breadcrumb\",\"itemListElement\":[{\"@type\":\"ListItem\",\"position\":1,\"name\":\"Imoradar24\",\"item\":\"https:\/\/www.imoradar24.ro\"},{\"@type\":\"ListItem\",\"position\":2,\"name\":\"ImoExpert\",\"item\":\"https:\/\/www.imobiliare.ro\/imoexpert\/\"},{\"@type\":\"ListItem\",\"position\":3,\"name\":\"Sfaturi\",\"item\":\"https:\/\/www.imobiliare.ro\/imoexpert\/ghid-imobiliar\/\"},{\"@type\":\"ListItem\",\"position\":4,\"name\":\"Home &amp; Deco\",\"item\":\"https:\/\/www.imobiliare.ro\/imoexpert\/ghid-imobiliar\/home-deco\/\"},{\"@type\":\"ListItem\",\"position\":5,\"name\":\"Un altfel de apartament cu 2 camere: solu\u021bii originale de design \u00eentr-un decor primitor, cu note \u201evintage\u201d\"}]},{\"@type\":\"WebSite\",\"@id\":\"https:\/\/www.imobiliare.ro\/imoexpert\/#website\",\"url\":\"https:\/\/www.imobiliare.ro\/imoexpert\/\",\"name\":\"ImoExpert\",\"description\":\"cele mai importante \u015ftiri din domeniul imobiliar\",\"publisher\":{\"@id\":\"https:\/\/www.imobiliare.ro\/imoexpert\/#organization\"},\"inLanguage\":\"en\"},{\"@type\":\"Organization\",\"@id\":\"https:\/\/www.imobiliare.ro\/imoexpert\/#organization\",\"name\":\"Imobiliare.ro\",\"alternateName\":\"Realmedia Network SA\",\"url\":\"https:\/\/www.imobiliare.ro\/imoexpert\/\",\"logo\":{\"@type\":\"ImageObject\",\"inLanguage\":\"en\",\"@id\":\"https:\/\/www.imobiliare.ro\/imoexpert\/#\/schema\/logo\/image\/\",\"url\":\"https:\/\/www.imobiliare.ro\/imoexpert\/wp-content\/uploads\/2025\/05\/imobiliare_logo.png\",\"contentUrl\":\"https:\/\/www.imobiliare.ro\/imoexpert\/wp-content\/uploads\/2025\/05\/imobiliare_logo.png\",\"width\":237,\"height\":29,\"caption\":\"Imobiliare.ro\"},\"image\":{\"@id\":\"https:\/\/www.imobiliare.ro\/imoexpert\/#\/schema\/logo\/image\/\"}},{\"@type\":\"Person\",\"@id\":\"https:\/\/www.imobiliare.ro\/imoexpert\/#\/schema\/person\/8c13b0297075010b896471fabf0d7790\",\"name\":\"Adriana Dr\u0103gu\u0219in\",\"image\":{\"@type\":\"ImageObject\",\"inLanguage\":\"en\",\"@id\":\"https:\/\/www.imobiliare.ro\/imoexpert\/#\/schema\/person\/image\/\",\"url\":\"https:\/\/secure.gravatar.com\/avatar\/ba4762f7517e50e679ed7f11207102d1150120f2f5800c0da98f8a15305bf514?s=96&d=mm&r=g\",\"contentUrl\":\"https:\/\/secure.gravatar.com\/avatar\/ba4762f7517e50e679ed7f11207102d1150120f2f5800c0da98f8a15305bf514?s=96&d=mm&r=g\",\"caption\":\"Adriana Dr\u0103gu\u0219in\"},\"jobTitle\":\"Editor\",\"url\":\"https:\/\/www.imobiliare.ro\/imoexpert\/author\/adriana-dragusin\/\"}]}<\/script>\n<!-- \/ Yoast SEO Premium plugin. -->","yoast_head_json":{"title":"Un altfel de apartament cu 2 camere: solu\u021bii originale de design \u00eentr-un decor primitor, cu note \u201evintage\u201d - Home &amp; Deco, \u0218tiri - ImoExpert","description":"Chiar \u0219i o locuin\u021b\u0103 \u201ebanal\u0103\u201d se poate ransforma \u00eentr-o adev\u0103rat\u0103 \u201eoaz\u0103\u201d de autenticitate. Dac\u0103 te g\u00e2nde\u0219ti la o (re)amenajare a casei, probabil c\u0103 \u00ee\u021bi","robots":{"index":"index","follow":"follow"},"canonical":"https:\/\/www.imobiliare.ro\/imoexpert\/un-altfel-de-apartament-cu-2-camere-solutii-originale-de-design-intr-un-decor-primitor-cu-note-vintage_db\/","og_locale":"ro_RO","og_type":"article","og_title":"Un altfel de apartament cu 2 camere: solu\u021bii originale de design \u00eentr-un decor primitor, cu note \u201evintage\u201d","og_description":"Chiar \u0219i o locuin\u021b\u0103 \u201ebanal\u0103\u201d se poate ransforma \u00eentr-o adev\u0103rat\u0103 \u201eoaz\u0103\u201d de autenticitate. Dac\u0103 te g\u00e2nde\u0219ti la o (re)amenajare a casei, probabil c\u0103 \u00ee\u021bi","og_url":"https:\/\/www.imobiliare.ro\/imoexpert\/un-altfel-de-apartament-cu-2-camere-solutii-originale-de-design-intr-un-decor-primitor-cu-note-vintage_db\/","og_site_name":"ImoExpert","article_published_time":"2013-09-09T10:57:16+00:00","og_image":[{"width":603,"height":407,"url":"https:\/\/www.imobiliare.ro\/imoexpert\/wp-content\/uploads\/2013\/09\/Kiev-apartment-1.jpg","type":"image\/jpeg"}],"author":"Adriana Dr\u0103gu\u0219in","twitter_card":"summary_large_image","twitter_misc":{"Written by":"Adriana Dr\u0103gu\u0219in","Est. reading time":"2 minute"},"schema":{"@context":"https:\/\/schema.org","@graph":[{"@type":"Article","@id":"https:\/\/www.imobiliare.ro\/imoexpert\/un-altfel-de-apartament-cu-2-camere-solutii-originale-de-design-intr-un-decor-primitor-cu-note-vintage_db\/#article","isPartOf":{"@id":"https:\/\/www.imobiliare.ro\/imoexpert\/un-altfel-de-apartament-cu-2-camere-solutii-originale-de-design-intr-un-decor-primitor-cu-note-vintage_db\/"},"author":{"name":"Adriana Dr\u0103gu\u0219in","@id":"https:\/\/www.imobiliare.ro\/imoexpert\/#\/schema\/person\/8c13b0297075010b896471fabf0d7790"},"headline":"Un altfel de apartament cu 2 camere: solu\u021bii originale de design \u00eentr-un decor primitor, cu note \u201evintage\u201d","datePublished":"2013-09-09T10:57:16+00:00","mainEntityOfPage":{"@id":"https:\/\/www.imobiliare.ro\/imoexpert\/un-altfel-de-apartament-cu-2-camere-solutii-originale-de-design-intr-un-decor-primitor-cu-note-vintage_db\/"},"wordCount":483,"commentCount":3,"publisher":{"@id":"https:\/\/www.imobiliare.ro\/imoexpert\/#organization"},"image":{"@id":"https:\/\/www.imobiliare.ro\/imoexpert\/un-altfel-de-apartament-cu-2-camere-solutii-originale-de-design-intr-un-decor-primitor-cu-note-vintage_db\/#primaryimage"},"thumbnailUrl":"https:\/\/www.imobiliare.ro\/imoexpert\/wp-content\/uploads\/2013\/09\/Kiev-apartment-1.jpg","keywords":["newsletter","principal"],"articleSection":["Home &amp; Deco","\u0218tiri"],"inLanguage":"en","potentialAction":[{"@type":"CommentAction","name":"Comment","target":["https:\/\/www.imobiliare.ro\/imoexpert\/un-altfel-de-apartament-cu-2-camere-solutii-originale-de-design-intr-un-decor-primitor-cu-note-vintage_db\/#respond"]}],"copyrightYear":"2013","copyrightHolder":{"@id":"https:\/\/www.imobiliare.ro\/imoexpert\/#organization"}},{"@type":"WebPage","@id":"https:\/\/www.imobiliare.ro\/imoexpert\/un-altfel-de-apartament-cu-2-camere-solutii-originale-de-design-intr-un-decor-primitor-cu-note-vintage_db\/","url":"https:\/\/www.imobiliare.ro\/imoexpert\/un-altfel-de-apartament-cu-2-camere-solutii-originale-de-design-intr-un-decor-primitor-cu-note-vintage_db\/","name":"Un altfel de apartament cu 2 camere: solu\u021bii originale de design \u00eentr-un decor primitor, cu note \u201evintage\u201d - Home &amp; Deco, \u0218tiri - ImoExpert","isPartOf":{"@id":"https:\/\/www.imobiliare.ro\/imoexpert\/#website"},"primaryImageOfPage":{"@id":"https:\/\/www.imobiliare.ro\/imoexpert\/un-altfel-de-apartament-cu-2-camere-solutii-originale-de-design-intr-un-decor-primitor-cu-note-vintage_db\/#primaryimage"},"image":{"@id":"https:\/\/www.imobiliare.ro\/imoexpert\/un-altfel-de-apartament-cu-2-camere-solutii-originale-de-design-intr-un-decor-primitor-cu-note-vintage_db\/#primaryimage"},"thumbnailUrl":"https:\/\/www.imobiliare.ro\/imoexpert\/wp-content\/uploads\/2013\/09\/Kiev-apartment-1.jpg","datePublished":"2013-09-09T10:57:16+00:00","description":"Chiar \u0219i o locuin\u021b\u0103 \u201ebanal\u0103\u201d se poate ransforma \u00eentr-o adev\u0103rat\u0103 \u201eoaz\u0103\u201d de autenticitate. Dac\u0103 te g\u00e2nde\u0219ti la o (re)amenajare a casei, probabil c\u0103 \u00ee\u021bi","breadcrumb":{"@id":"https:\/\/www.imobiliare.ro\/imoexpert\/un-altfel-de-apartament-cu-2-camere-solutii-originale-de-design-intr-un-decor-primitor-cu-note-vintage_db\/#breadcrumb"},"inLanguage":"en","potentialAction":[{"@type":"ReadAction","target":["https:\/\/www.imobiliare.ro\/imoexpert\/un-altfel-de-apartament-cu-2-camere-solutii-originale-de-design-intr-un-decor-primitor-cu-note-vintage_db\/"]}]},{"@type":"ImageObject","inLanguage":"en","@id":"https:\/\/www.imobiliare.ro\/imoexpert\/un-altfel-de-apartament-cu-2-camere-solutii-originale-de-design-intr-un-decor-primitor-cu-note-vintage_db\/#primaryimage","url":"https:\/\/www.imobiliare.ro\/imoexpert\/wp-content\/uploads\/2013\/09\/Kiev-apartment-1.jpg","contentUrl":"https:\/\/www.imobiliare.ro\/imoexpert\/wp-content\/uploads\/2013\/09\/Kiev-apartment-1.jpg","width":603,"height":407},{"@type":"BreadcrumbList","@id":"https:\/\/www.imobiliare.ro\/imoexpert\/un-altfel-de-apartament-cu-2-camere-solutii-originale-de-design-intr-un-decor-primitor-cu-note-vintage_db\/#breadcrumb","itemListElement":[{"@type":"ListItem","position":1,"name":"Imoradar24","item":"https:\/\/www.imoradar24.ro"},{"@type":"ListItem","position":2,"name":"ImoExpert","item":"https:\/\/www.imobiliare.ro\/imoexpert\/"},{"@type":"ListItem","position":3,"name":"Sfaturi","item":"https:\/\/www.imobiliare.ro\/imoexpert\/ghid-imobiliar\/"},{"@type":"ListItem","position":4,"name":"Home &amp; Deco","item":"https:\/\/www.imobiliare.ro\/imoexpert\/ghid-imobiliar\/home-deco\/"},{"@type":"ListItem","position":5,"name":"Un altfel de apartament cu 2 camere: solu\u021bii originale de design \u00eentr-un decor primitor, cu note \u201evintage\u201d"}]},{"@type":"WebSite","@id":"https:\/\/www.imobiliare.ro\/imoexpert\/#website","url":"https:\/\/www.imobiliare.ro\/imoexpert\/","name":"ImoExpert","description":"cele mai importante \u015ftiri din domeniul imobiliar","publisher":{"@id":"https:\/\/www.imobiliare.ro\/imoexpert\/#organization"},"inLanguage":"en"},{"@type":"Organization","@id":"https:\/\/www.imobiliare.ro\/imoexpert\/#organization","name":"Imobiliare.ro","alternateName":"Realmedia Network SA","url":"https:\/\/www.imobiliare.ro\/imoexpert\/","logo":{"@type":"ImageObject","inLanguage":"en","@id":"https:\/\/www.imobiliare.ro\/imoexpert\/#\/schema\/logo\/image\/","url":"https:\/\/www.imobiliare.ro\/imoexpert\/wp-content\/uploads\/2025\/05\/imobiliare_logo.png","contentUrl":"https:\/\/www.imobiliare.ro\/imoexpert\/wp-content\/uploads\/2025\/05\/imobiliare_logo.png","width":237,"height":29,"caption":"Imobiliare.ro"},"image":{"@id":"https:\/\/www.imobiliare.ro\/imoexpert\/#\/schema\/logo\/image\/"}},{"@type":"Person","@id":"https:\/\/www.imobiliare.ro\/imoexpert\/#\/schema\/person\/8c13b0297075010b896471fabf0d7790","name":"Adriana Dr\u0103gu\u0219in","image":{"@type":"ImageObject","inLanguage":"en","@id":"https:\/\/www.imobiliare.ro\/imoexpert\/#\/schema\/person\/image\/","url":"https:\/\/secure.gravatar.com\/avatar\/ba4762f7517e50e679ed7f11207102d1150120f2f5800c0da98f8a15305bf514?s=96&d=mm&r=g","contentUrl":"https:\/\/secure.gravatar.com\/avatar\/ba4762f7517e50e679ed7f11207102d1150120f2f5800c0da98f8a15305bf514?s=96&d=mm&r=g","caption":"Adriana Dr\u0103gu\u0219in"},"jobTitle":"Editor","url":"https:\/\/www.imobiliare.ro\/imoexpert\/author\/adriana-dragusin\/"}]}},"_links":{"self":[{"href":"https:\/\/www.imobiliare.ro\/imoexpert\/wp-json\/wp\/v2\/posts\/26733","targetHints":{"allow":["GET"]}}],"collection":[{"href":"https:\/\/www.imobiliare.ro\/imoexpert\/wp-json\/wp\/v2\/posts"}],"about":[{"href":"https:\/\/www.imobiliare.ro\/imoexpert\/wp-json\/wp\/v2\/types\/post"}],"author":[{"embeddable":true,"href":"https:\/\/www.imobiliare.ro\/imoexpert\/wp-json\/wp\/v2\/users\/829"}],"replies":[{"embeddable":true,"href":"https:\/\/www.imobiliare.ro\/imoexpert\/wp-json\/wp\/v2\/comments?post=26733"}],"version-history":[{"count":0,"href":"https:\/\/www.imobiliare.ro\/imoexpert\/wp-json\/wp\/v2\/posts\/26733\/revisions"}],"wp:featuredmedia":[{"embeddable":true,"href":"https:\/\/www.imobiliare.ro\/imoexpert\/wp-json\/wp\/v2\/media\/26734"}],"wp:attachment":[{"href":"https:\/\/www.imobiliare.ro\/imoexpert\/wp-json\/wp\/v2\/media?parent=26733"}],"wp:term":[{"taxonomy":"category","embeddable":true,"href":"https:\/\/www.imobiliare.ro\/imoexpert\/wp-json\/wp\/v2\/categories?post=26733"},{"taxonomy":"post_tag","embeddable":true,"href":"https:\/\/www.imobiliare.ro\/imoexpert\/wp-json\/wp\/v2\/tags?post=26733"},{"taxonomy":"content_author","embeddable":true,"href":"https:\/\/www.imobiliare.ro\/imoexpert\/wp-json\/wp\/v2\/content_author?post=26733"}],"curies":[{"name":"wp","href":"https:\/\/api.w.org\/{rel}","templated":true}]}}