{"id":27215,"date":"2013-10-17T14:07:20","date_gmt":"2013-10-17T11:07:20","guid":{"rendered":"https:\/\/www.imobiliare.ro\/?p=27215"},"modified":"2013-10-17T14:07:20","modified_gmt":"2013-10-17T11:07:20","slug":"din-efectele-crizei-apartamentele-de-prima-casa-ajung-si-la-80-din-totalul-ofertei-vezi-topul-marilor-orase","status":"publish","type":"post","link":"https:\/\/www.imobiliare.ro\/imoexpert\/din-efectele-crizei-apartamentele-de-prima-casa-ajung-si-la-80-din-totalul-ofertei-vezi-topul-marilor-orase_db\/","title":{"rendered":"Din efectele crizei: apartamentele de Prima Cas\u0103 ajung \u0219i la 80% din totalul ofertei. Vezi topul marilor ora\u0219e"},"content":{"rendered":"<p><strong>Exist\u0103 un singur caz \u00een care segmentul locuin\u021belor de p\u00e2n\u0103 la 60.000 de euro reprezint\u0103 mai pu\u021bin de jum\u0103tate din totalul anun\u021burilor de v\u00e2nzare.<\/strong><\/p>\n<p>Un studiu realizat \u00een aceast\u0103 toamn\u0103 de <strong><a class=\"article-body-links\"href=\"https:\/\/www.imobiliare.ro\/\">Imobiliare.ro<\/a><\/strong>, pe baza datelor furnizate de platforma <a class=\"article-body-links\"href=\"http:\/\/www.analizeimobiliare.ro\/\">Analize Imobiliare<\/a>, relev\u0103 c\u0103, dup\u0103 patru ani de func\u021bionare a programului Prima Cas\u0103, o pondere important\u0103 dintre <a class=\"article-body-links\"href=\"https:\/\/www.imobiliare.ro\/vanzare-apartamente\">apartamentele scoase la v\u00e2nzare<\/a> \u00een \u00eentreaga \u021bar\u0103 se situeaz\u0103 sub pragul de pre\u021b impus de autorit\u0103\u021bi. Astfel, \u00een marile ora\u0219e ale \u021b\u0103rii, ponderea locuin\u021belor cu un pre\u021b de maximum 60.000 de euro variaz\u0103 \u00eentre 40% \u0219i aproape 80%. Imobiliare.ro prezint\u0103, \u00een cele de mai jos, topul centrelor regionale ale \u021b\u0103rii cu cea mai mare pondere de apartamente ce pot fi achizi\u021bionate prin intermediul programului guvernamental:<\/p>\n<p><a class=\"article-body-links\"href=\"https:\/\/www.imobiliare.ro\/imoexpert\/wp-content\/uploads\/2013\/10\/masini-parcate-intre-blocuri.jpg\"><img loading=\"lazy\" decoding=\"async\" src=\"https:\/\/www.imobiliare.ro\/imoexpert\/wp-content\/uploads\/2013\/10\/masini-parcate-intre-blocuri-300x199.jpg\" alt=\"masini parcate intre blocuri\" width=\"300\" height=\"199\" class=\"alignleft size-medium wp-image-27216\" srcset=\"https:\/\/www.imobiliare.ro\/imoexpert\/wp-content\/uploads\/2013\/10\/masini-parcate-intre-blocuri-300x199.jpg 300w, https:\/\/www.imobiliare.ro\/imoexpert\/wp-content\/uploads\/2013\/10\/masini-parcate-intre-blocuri-87x57.jpg 87w, https:\/\/www.imobiliare.ro\/imoexpert\/wp-content\/uploads\/2013\/10\/masini-parcate-intre-blocuri-65x43.jpg 65w, https:\/\/www.imobiliare.ro\/imoexpert\/wp-content\/uploads\/2013\/10\/masini-parcate-intre-blocuri-154x103.jpg 154w, https:\/\/www.imobiliare.ro\/imoexpert\/wp-content\/uploads\/2013\/10\/masini-parcate-intre-blocuri.jpg 480w\" sizes=\"auto, (max-width: 300px) 100vw, 300px\" \/><\/a><strong>1. Ia\u0219i: <\/strong><br \/>\nCapitala Moldovei ocup\u0103 primul loc \u00een clasamentul marilor ora\u0219e cu cea mai mare pondere a apartamentelor de Prima Cas\u0103, respectiv 79% din total. Unit\u0103\u021bile locative mai ieftine de 20.000 de euro reprezint\u0103 3% din totalul celor scoase la v\u00e2nzare \u00een ora\u0219. Pe palierul 20.000-40.000 de euro, oferta este semnificativ mai mare, cu o cot\u0103 de 32%. Segmentul 40.000-60.000 de euro atrage \u00eens\u0103 cea mai mare parte a apartamentelor scoase la v\u00e2nzare \u00een Ia\u0219i: 44%. Pe de alt\u0103 parte, volumul de unit\u0103\u021bi locative mai scumpe de 60.000 de euro de\u021bine cea mai mic\u0103 pondere din cele \u0219ase ora\u0219e analizate, respectiv 21%. <\/p>\n<p><strong>2. Timi\u0219oara:<\/strong><br \/>\n\u00cen ora\u0219ul de pe Bega, apartamentele cu un pre\u021b maxim de 60.000 de euro reprezint\u0103 77% din totalul celor scoase la v\u00e2nzare. Ponderea locuin\u021belor mai ieftine de 20.000 de euro este de 2%, \u00een vreme ce unit\u0103\u021bile cu pre\u021buri cuprinse \u00eentre 20.000 \u0219i 40.000 de euro de\u021bin o cot\u0103 de 21%. Majoritatea cov\u00e2r\u0219itoare a ofertei este concentrat\u0103 \u00eens\u0103 pe segmentul 40.000-60.000 de euro, care reprezint\u0103 54% din total. Anun\u021burile de v\u00e2nzare pentru apartamente mai scumpe de 60.000 de euro \u00eensumeaz\u0103 23% din oferta pe acest segment. <\/p>\n<p><strong>3. Constan\u021ba:<\/strong><br \/>\n\u00cen ora\u0219ul de la malul m\u0103rii, 65% din apartamentele scoase la v\u00e2nzare ar putea fi achizi\u021bionate prin intermediul programului Prima Cas\u0103. Oferta de locuin\u021be mai ieftine de 20.000 de euro reprezint\u0103 3% din total, \u00een vreme ce \u00een intervalul 20.000-40.000 de euro se \u00eencadreaz\u0103 21% din anun\u021burile pe ora\u0219. Unit\u0103\u021bile locative cu pre\u021buri cuprinse \u00eentre 40.000 \u0219i 60.000 de euro reprezint\u0103 41% din total, \u00een vreme ce apartamentele mai scumpe de 60.000 de euro de\u021bin o pondere de 35% din ofert\u0103. <\/p>\n<p><strong>4. Bra\u0219ov:<\/strong><br \/>\n\u00cen ora\u0219ul de la poalele T\u00e2mpei, 63% dintre apartamentele scoase la v\u00e2nzare se \u00eencadreaz\u0103 \u00een plafonul de 60.000 de euro. 2% din anun\u021buri se refer\u0103 la propriet\u0103\u021bi cu pre\u021buri mai mici de 20.000 de euro, iar pe segmentul 20.000-40.000 de euro, oferta ajunge la 22%. Locuin\u021bele cuprinse \u00eentre 40.000 \u0219i 60.000 de euro de\u021bin o cot\u0103 de 39% din total, \u00een vreme ce unit\u0103\u021bile mai scumpe de 60.000 de euro reprezint\u0103 o pondere de 37%. <\/p>\n<p><strong>5. Cluj-Napoca:<\/strong><br \/>\n\u00cen ora\u0219ul din vestul \u021b\u0103rii, 58% din oferta de apartamente corespunde cerin\u021belor \u00een materie de pre\u021b impuse de programul Prima Cas\u0103. Apartamentele mai ieftine de 20.000 de euro reprezint\u0103 1% din total, \u00een vreme ce segmentul 20.000-40.000 de euro atrage 22% din ofert\u0103. Pe palierul 40.000-60.000 de euro, anun\u021burile de v\u00e2nzare \u00eensumeaz\u0103 o pondere de 35%. \u00cen cele din urm\u0103, \u00een categoria unit\u0103\u021bilor locative mai scumpe de 60.000 de euro se \u00eencadreaz\u0103 42% dintre ofertele din ora\u0219. <\/p>\n<p><strong>6. Bucure\u0219ti:<\/strong><br \/>\n\u00cen mod previzibil, Capitala ocup\u0103 ultimul loc \u00een clasamentul marilor ora\u0219e \u00een func\u021bie de ponderea apartamentelor de p\u00e2n\u0103 la 60.000 de euro. Aici, oferta de locuin\u021be mai ieftine de 20.000 de euro se ridic\u0103 la 1%, \u00een vreme ce ofertele cu pre\u021buri cuprinse \u00eentre 20.000 \u0219i 40.000 de euro reprezint\u0103 11% din totalul anun\u021burilor de v\u00e2nzare. Ceva mai bine stau lucrurile pe segmentul locuin\u021belor cuprinse \u00eentre 40.000 \u0219i 60.000 de euro, unde oferta de\u021bine o pondere de 29% din total. \u00cen palierul 60.000-80.000 de euro se \u00eencadreaz\u0103 23% dintre apartamentele scoase la v\u00e2nzare \u00een Bucure\u0219ti, \u00een vreme ce locuin\u021bele de peste 80.000 de euro au o cot\u0103 de 36% din total (25% dintre locuin\u021be fiind mai scumpe de 100.000 de euro). <\/p>\n","protected":false},"excerpt":{"rendered":"<p>Exist\u0103 un singur caz \u00een care segmentul locuin\u021belor de p\u00e2n\u0103 la 60.000 de euro reprezint\u0103 mai pu\u021bin de jum\u0103tate din totalul anun\u021burilor de v\u00e2nzare. Un studiu realizat \u00een aceast\u0103 toamn\u0103 de Imobiliare.ro, pe baza datelor furnizate de platforma Analize Imobiliare, relev\u0103 c\u0103, dup\u0103 patru ani de func\u021bionare a programului Prima Cas\u0103, o pondere important\u0103 dintre [&hellip;]<\/p>\n","protected":false},"author":829,"featured_media":27216,"comment_status":"open","ping_status":"open","sticky":false,"template":"","format":"standard","meta":{"footnotes":""},"categories":[259],"tags":[480,1410,1411,1360],"content_author":[],"class_list":["post-27215","post","type-post","status-publish","format-standard","has-post-thumbnail","hentry","category-stiri","tag-cumparator","tag-newsletter","tag-principal","tag-vanzare-apartamente"],"yoast_head":"<!-- This site is optimized with the Yoast SEO Premium plugin v27.0 (Yoast SEO v27.0) - https:\/\/yoast.com\/product\/yoast-seo-premium-wordpress\/ -->\n<title>Din efectele crizei: apartamentele de Prima Cas\u0103 ajung \u0219i la 80% din totalul ofertei. Vezi topul marilor ora\u0219e - \u0218tiri - ImoExpert<\/title>\n<meta name=\"description\" content=\"Exist\u0103 un singur caz \u00een care segmentul locuin\u021belor de p\u00e2n\u0103 la 60.000 de euro reprezint\u0103 mai pu\u021bin de jum\u0103tate din totalul anun\u021burilor de v\u00e2nzare. Un\" \/>\n<meta name=\"robots\" content=\"index, follow\" \/>\n<link rel=\"canonical\" href=\"https:\/\/www.imobiliare.ro\/imoexpert\/din-efectele-crizei-apartamentele-de-prima-casa-ajung-si-la-80-din-totalul-ofertei-vezi-topul-marilor-orase_db\/\" \/>\n<meta property=\"og:locale\" content=\"ro_RO\" \/>\n<meta property=\"og:type\" content=\"article\" \/>\n<meta property=\"og:title\" content=\"Din efectele crizei: apartamentele de Prima Cas\u0103 ajung \u0219i la 80% din totalul ofertei. Vezi topul marilor ora\u0219e\" \/>\n<meta property=\"og:description\" content=\"Exist\u0103 un singur caz \u00een care segmentul locuin\u021belor de p\u00e2n\u0103 la 60.000 de euro reprezint\u0103 mai pu\u021bin de jum\u0103tate din totalul anun\u021burilor de v\u00e2nzare. Un\" \/>\n<meta property=\"og:url\" content=\"https:\/\/www.imobiliare.ro\/imoexpert\/din-efectele-crizei-apartamentele-de-prima-casa-ajung-si-la-80-din-totalul-ofertei-vezi-topul-marilor-orase_db\/\" \/>\n<meta property=\"og:site_name\" content=\"ImoExpert\" \/>\n<meta property=\"article:published_time\" content=\"2013-10-17T11:07:20+00:00\" \/>\n<meta property=\"og:image\" content=\"https:\/\/www.imobiliare.ro\/imoexpert\/wp-content\/uploads\/2013\/10\/masini-parcate-intre-blocuri.jpg\" \/>\n\t<meta property=\"og:image:width\" content=\"480\" \/>\n\t<meta property=\"og:image:height\" content=\"319\" \/>\n\t<meta property=\"og:image:type\" content=\"image\/jpeg\" \/>\n<meta name=\"author\" content=\"Adriana Dr\u0103gu\u0219in\" \/>\n<meta name=\"twitter:card\" content=\"summary_large_image\" \/>\n<meta name=\"twitter:label1\" content=\"Written by\" \/>\n\t<meta name=\"twitter:data1\" content=\"Adriana Dr\u0103gu\u0219in\" \/>\n\t<meta name=\"twitter:label2\" content=\"Est. reading time\" \/>\n\t<meta name=\"twitter:data2\" content=\"3 minute\" \/>\n<script type=\"application\/ld+json\" class=\"yoast-schema-graph\">{\"@context\":\"https:\/\/schema.org\",\"@graph\":[{\"@type\":\"Article\",\"@id\":\"https:\/\/www.imobiliare.ro\/imoexpert\/din-efectele-crizei-apartamentele-de-prima-casa-ajung-si-la-80-din-totalul-ofertei-vezi-topul-marilor-orase_db\/#article\",\"isPartOf\":{\"@id\":\"https:\/\/www.imobiliare.ro\/imoexpert\/din-efectele-crizei-apartamentele-de-prima-casa-ajung-si-la-80-din-totalul-ofertei-vezi-topul-marilor-orase_db\/\"},\"author\":{\"name\":\"Adriana Dr\u0103gu\u0219in\",\"@id\":\"https:\/\/www.imobiliare.ro\/imoexpert\/#\/schema\/person\/8c13b0297075010b896471fabf0d7790\"},\"headline\":\"Din efectele crizei: apartamentele de Prima Cas\u0103 ajung \u0219i la 80% din totalul ofertei. Vezi topul marilor ora\u0219e\",\"datePublished\":\"2013-10-17T11:07:20+00:00\",\"mainEntityOfPage\":{\"@id\":\"https:\/\/www.imobiliare.ro\/imoexpert\/din-efectele-crizei-apartamentele-de-prima-casa-ajung-si-la-80-din-totalul-ofertei-vezi-topul-marilor-orase_db\/\"},\"wordCount\":696,\"commentCount\":0,\"publisher\":{\"@id\":\"https:\/\/www.imobiliare.ro\/imoexpert\/#organization\"},\"image\":{\"@id\":\"https:\/\/www.imobiliare.ro\/imoexpert\/din-efectele-crizei-apartamentele-de-prima-casa-ajung-si-la-80-din-totalul-ofertei-vezi-topul-marilor-orase_db\/#primaryimage\"},\"thumbnailUrl\":\"https:\/\/www.imobiliare.ro\/imoexpert\/wp-content\/uploads\/2013\/10\/masini-parcate-intre-blocuri.jpg\",\"keywords\":[\"cumparator\",\"newsletter\",\"principal\",\"V\u00e2nzare apartamente\"],\"articleSection\":[\"\u0218tiri\"],\"inLanguage\":\"en\",\"potentialAction\":[{\"@type\":\"CommentAction\",\"name\":\"Comment\",\"target\":[\"https:\/\/www.imobiliare.ro\/imoexpert\/din-efectele-crizei-apartamentele-de-prima-casa-ajung-si-la-80-din-totalul-ofertei-vezi-topul-marilor-orase_db\/#respond\"]}],\"copyrightYear\":\"2013\",\"copyrightHolder\":{\"@id\":\"https:\/\/www.imobiliare.ro\/imoexpert\/#organization\"}},{\"@type\":\"WebPage\",\"@id\":\"https:\/\/www.imobiliare.ro\/imoexpert\/din-efectele-crizei-apartamentele-de-prima-casa-ajung-si-la-80-din-totalul-ofertei-vezi-topul-marilor-orase_db\/\",\"url\":\"https:\/\/www.imobiliare.ro\/imoexpert\/din-efectele-crizei-apartamentele-de-prima-casa-ajung-si-la-80-din-totalul-ofertei-vezi-topul-marilor-orase_db\/\",\"name\":\"Din efectele crizei: apartamentele de Prima Cas\u0103 ajung \u0219i la 80% din totalul ofertei. Vezi topul marilor ora\u0219e - \u0218tiri - ImoExpert\",\"isPartOf\":{\"@id\":\"https:\/\/www.imobiliare.ro\/imoexpert\/#website\"},\"primaryImageOfPage\":{\"@id\":\"https:\/\/www.imobiliare.ro\/imoexpert\/din-efectele-crizei-apartamentele-de-prima-casa-ajung-si-la-80-din-totalul-ofertei-vezi-topul-marilor-orase_db\/#primaryimage\"},\"image\":{\"@id\":\"https:\/\/www.imobiliare.ro\/imoexpert\/din-efectele-crizei-apartamentele-de-prima-casa-ajung-si-la-80-din-totalul-ofertei-vezi-topul-marilor-orase_db\/#primaryimage\"},\"thumbnailUrl\":\"https:\/\/www.imobiliare.ro\/imoexpert\/wp-content\/uploads\/2013\/10\/masini-parcate-intre-blocuri.jpg\",\"datePublished\":\"2013-10-17T11:07:20+00:00\",\"description\":\"Exist\u0103 un singur caz \u00een care segmentul locuin\u021belor de p\u00e2n\u0103 la 60.000 de euro reprezint\u0103 mai pu\u021bin de jum\u0103tate din totalul anun\u021burilor de v\u00e2nzare. Un\",\"breadcrumb\":{\"@id\":\"https:\/\/www.imobiliare.ro\/imoexpert\/din-efectele-crizei-apartamentele-de-prima-casa-ajung-si-la-80-din-totalul-ofertei-vezi-topul-marilor-orase_db\/#breadcrumb\"},\"inLanguage\":\"en\",\"potentialAction\":[{\"@type\":\"ReadAction\",\"target\":[\"https:\/\/www.imobiliare.ro\/imoexpert\/din-efectele-crizei-apartamentele-de-prima-casa-ajung-si-la-80-din-totalul-ofertei-vezi-topul-marilor-orase_db\/\"]}]},{\"@type\":\"ImageObject\",\"inLanguage\":\"en\",\"@id\":\"https:\/\/www.imobiliare.ro\/imoexpert\/din-efectele-crizei-apartamentele-de-prima-casa-ajung-si-la-80-din-totalul-ofertei-vezi-topul-marilor-orase_db\/#primaryimage\",\"url\":\"https:\/\/www.imobiliare.ro\/imoexpert\/wp-content\/uploads\/2013\/10\/masini-parcate-intre-blocuri.jpg\",\"contentUrl\":\"https:\/\/www.imobiliare.ro\/imoexpert\/wp-content\/uploads\/2013\/10\/masini-parcate-intre-blocuri.jpg\",\"width\":480,\"height\":319},{\"@type\":\"BreadcrumbList\",\"@id\":\"https:\/\/www.imobiliare.ro\/imoexpert\/din-efectele-crizei-apartamentele-de-prima-casa-ajung-si-la-80-din-totalul-ofertei-vezi-topul-marilor-orase_db\/#breadcrumb\",\"itemListElement\":[{\"@type\":\"ListItem\",\"position\":1,\"name\":\"Imoradar24\",\"item\":\"https:\/\/www.imoradar24.ro\"},{\"@type\":\"ListItem\",\"position\":2,\"name\":\"ImoExpert\",\"item\":\"https:\/\/www.imobiliare.ro\/imoexpert\/\"},{\"@type\":\"ListItem\",\"position\":3,\"name\":\"\u0218tiri\",\"item\":\"https:\/\/www.imobiliare.ro\/imoexpert\/stiri\/\"},{\"@type\":\"ListItem\",\"position\":4,\"name\":\"Din efectele crizei: apartamentele de Prima Cas\u0103 ajung \u0219i la 80% din totalul ofertei. Vezi topul marilor ora\u0219e\"}]},{\"@type\":\"WebSite\",\"@id\":\"https:\/\/www.imobiliare.ro\/imoexpert\/#website\",\"url\":\"https:\/\/www.imobiliare.ro\/imoexpert\/\",\"name\":\"ImoExpert\",\"description\":\"cele mai importante \u015ftiri din domeniul imobiliar\",\"publisher\":{\"@id\":\"https:\/\/www.imobiliare.ro\/imoexpert\/#organization\"},\"inLanguage\":\"en\"},{\"@type\":\"Organization\",\"@id\":\"https:\/\/www.imobiliare.ro\/imoexpert\/#organization\",\"name\":\"Imobiliare.ro\",\"alternateName\":\"Realmedia Network SA\",\"url\":\"https:\/\/www.imobiliare.ro\/imoexpert\/\",\"logo\":{\"@type\":\"ImageObject\",\"inLanguage\":\"en\",\"@id\":\"https:\/\/www.imobiliare.ro\/imoexpert\/#\/schema\/logo\/image\/\",\"url\":\"https:\/\/www.imobiliare.ro\/imoexpert\/wp-content\/uploads\/2025\/05\/imobiliare_logo.png\",\"contentUrl\":\"https:\/\/www.imobiliare.ro\/imoexpert\/wp-content\/uploads\/2025\/05\/imobiliare_logo.png\",\"width\":237,\"height\":29,\"caption\":\"Imobiliare.ro\"},\"image\":{\"@id\":\"https:\/\/www.imobiliare.ro\/imoexpert\/#\/schema\/logo\/image\/\"}},{\"@type\":\"Person\",\"@id\":\"https:\/\/www.imobiliare.ro\/imoexpert\/#\/schema\/person\/8c13b0297075010b896471fabf0d7790\",\"name\":\"Adriana Dr\u0103gu\u0219in\",\"image\":{\"@type\":\"ImageObject\",\"inLanguage\":\"en\",\"@id\":\"https:\/\/www.imobiliare.ro\/imoexpert\/#\/schema\/person\/image\/\",\"url\":\"https:\/\/secure.gravatar.com\/avatar\/ba4762f7517e50e679ed7f11207102d1150120f2f5800c0da98f8a15305bf514?s=96&d=mm&r=g\",\"contentUrl\":\"https:\/\/secure.gravatar.com\/avatar\/ba4762f7517e50e679ed7f11207102d1150120f2f5800c0da98f8a15305bf514?s=96&d=mm&r=g\",\"caption\":\"Adriana Dr\u0103gu\u0219in\"},\"jobTitle\":\"Editor\",\"url\":\"https:\/\/www.imobiliare.ro\/imoexpert\/author\/adriana-dragusin\/\"}]}<\/script>\n<!-- \/ Yoast SEO Premium plugin. -->","yoast_head_json":{"title":"Din efectele crizei: apartamentele de Prima Cas\u0103 ajung \u0219i la 80% din totalul ofertei. Vezi topul marilor ora\u0219e - \u0218tiri - ImoExpert","description":"Exist\u0103 un singur caz \u00een care segmentul locuin\u021belor de p\u00e2n\u0103 la 60.000 de euro reprezint\u0103 mai pu\u021bin de jum\u0103tate din totalul anun\u021burilor de v\u00e2nzare. Un","robots":{"index":"index","follow":"follow"},"canonical":"https:\/\/www.imobiliare.ro\/imoexpert\/din-efectele-crizei-apartamentele-de-prima-casa-ajung-si-la-80-din-totalul-ofertei-vezi-topul-marilor-orase_db\/","og_locale":"ro_RO","og_type":"article","og_title":"Din efectele crizei: apartamentele de Prima Cas\u0103 ajung \u0219i la 80% din totalul ofertei. Vezi topul marilor ora\u0219e","og_description":"Exist\u0103 un singur caz \u00een care segmentul locuin\u021belor de p\u00e2n\u0103 la 60.000 de euro reprezint\u0103 mai pu\u021bin de jum\u0103tate din totalul anun\u021burilor de v\u00e2nzare. Un","og_url":"https:\/\/www.imobiliare.ro\/imoexpert\/din-efectele-crizei-apartamentele-de-prima-casa-ajung-si-la-80-din-totalul-ofertei-vezi-topul-marilor-orase_db\/","og_site_name":"ImoExpert","article_published_time":"2013-10-17T11:07:20+00:00","og_image":[{"width":480,"height":319,"url":"https:\/\/www.imobiliare.ro\/imoexpert\/wp-content\/uploads\/2013\/10\/masini-parcate-intre-blocuri.jpg","type":"image\/jpeg"}],"author":"Adriana Dr\u0103gu\u0219in","twitter_card":"summary_large_image","twitter_misc":{"Written by":"Adriana Dr\u0103gu\u0219in","Est. reading time":"3 minute"},"schema":{"@context":"https:\/\/schema.org","@graph":[{"@type":"Article","@id":"https:\/\/www.imobiliare.ro\/imoexpert\/din-efectele-crizei-apartamentele-de-prima-casa-ajung-si-la-80-din-totalul-ofertei-vezi-topul-marilor-orase_db\/#article","isPartOf":{"@id":"https:\/\/www.imobiliare.ro\/imoexpert\/din-efectele-crizei-apartamentele-de-prima-casa-ajung-si-la-80-din-totalul-ofertei-vezi-topul-marilor-orase_db\/"},"author":{"name":"Adriana Dr\u0103gu\u0219in","@id":"https:\/\/www.imobiliare.ro\/imoexpert\/#\/schema\/person\/8c13b0297075010b896471fabf0d7790"},"headline":"Din efectele crizei: apartamentele de Prima Cas\u0103 ajung \u0219i la 80% din totalul ofertei. Vezi topul marilor ora\u0219e","datePublished":"2013-10-17T11:07:20+00:00","mainEntityOfPage":{"@id":"https:\/\/www.imobiliare.ro\/imoexpert\/din-efectele-crizei-apartamentele-de-prima-casa-ajung-si-la-80-din-totalul-ofertei-vezi-topul-marilor-orase_db\/"},"wordCount":696,"commentCount":0,"publisher":{"@id":"https:\/\/www.imobiliare.ro\/imoexpert\/#organization"},"image":{"@id":"https:\/\/www.imobiliare.ro\/imoexpert\/din-efectele-crizei-apartamentele-de-prima-casa-ajung-si-la-80-din-totalul-ofertei-vezi-topul-marilor-orase_db\/#primaryimage"},"thumbnailUrl":"https:\/\/www.imobiliare.ro\/imoexpert\/wp-content\/uploads\/2013\/10\/masini-parcate-intre-blocuri.jpg","keywords":["cumparator","newsletter","principal","V\u00e2nzare apartamente"],"articleSection":["\u0218tiri"],"inLanguage":"en","potentialAction":[{"@type":"CommentAction","name":"Comment","target":["https:\/\/www.imobiliare.ro\/imoexpert\/din-efectele-crizei-apartamentele-de-prima-casa-ajung-si-la-80-din-totalul-ofertei-vezi-topul-marilor-orase_db\/#respond"]}],"copyrightYear":"2013","copyrightHolder":{"@id":"https:\/\/www.imobiliare.ro\/imoexpert\/#organization"}},{"@type":"WebPage","@id":"https:\/\/www.imobiliare.ro\/imoexpert\/din-efectele-crizei-apartamentele-de-prima-casa-ajung-si-la-80-din-totalul-ofertei-vezi-topul-marilor-orase_db\/","url":"https:\/\/www.imobiliare.ro\/imoexpert\/din-efectele-crizei-apartamentele-de-prima-casa-ajung-si-la-80-din-totalul-ofertei-vezi-topul-marilor-orase_db\/","name":"Din efectele crizei: apartamentele de Prima Cas\u0103 ajung \u0219i la 80% din totalul ofertei. Vezi topul marilor ora\u0219e - \u0218tiri - ImoExpert","isPartOf":{"@id":"https:\/\/www.imobiliare.ro\/imoexpert\/#website"},"primaryImageOfPage":{"@id":"https:\/\/www.imobiliare.ro\/imoexpert\/din-efectele-crizei-apartamentele-de-prima-casa-ajung-si-la-80-din-totalul-ofertei-vezi-topul-marilor-orase_db\/#primaryimage"},"image":{"@id":"https:\/\/www.imobiliare.ro\/imoexpert\/din-efectele-crizei-apartamentele-de-prima-casa-ajung-si-la-80-din-totalul-ofertei-vezi-topul-marilor-orase_db\/#primaryimage"},"thumbnailUrl":"https:\/\/www.imobiliare.ro\/imoexpert\/wp-content\/uploads\/2013\/10\/masini-parcate-intre-blocuri.jpg","datePublished":"2013-10-17T11:07:20+00:00","description":"Exist\u0103 un singur caz \u00een care segmentul locuin\u021belor de p\u00e2n\u0103 la 60.000 de euro reprezint\u0103 mai pu\u021bin de jum\u0103tate din totalul anun\u021burilor de v\u00e2nzare. Un","breadcrumb":{"@id":"https:\/\/www.imobiliare.ro\/imoexpert\/din-efectele-crizei-apartamentele-de-prima-casa-ajung-si-la-80-din-totalul-ofertei-vezi-topul-marilor-orase_db\/#breadcrumb"},"inLanguage":"en","potentialAction":[{"@type":"ReadAction","target":["https:\/\/www.imobiliare.ro\/imoexpert\/din-efectele-crizei-apartamentele-de-prima-casa-ajung-si-la-80-din-totalul-ofertei-vezi-topul-marilor-orase_db\/"]}]},{"@type":"ImageObject","inLanguage":"en","@id":"https:\/\/www.imobiliare.ro\/imoexpert\/din-efectele-crizei-apartamentele-de-prima-casa-ajung-si-la-80-din-totalul-ofertei-vezi-topul-marilor-orase_db\/#primaryimage","url":"https:\/\/www.imobiliare.ro\/imoexpert\/wp-content\/uploads\/2013\/10\/masini-parcate-intre-blocuri.jpg","contentUrl":"https:\/\/www.imobiliare.ro\/imoexpert\/wp-content\/uploads\/2013\/10\/masini-parcate-intre-blocuri.jpg","width":480,"height":319},{"@type":"BreadcrumbList","@id":"https:\/\/www.imobiliare.ro\/imoexpert\/din-efectele-crizei-apartamentele-de-prima-casa-ajung-si-la-80-din-totalul-ofertei-vezi-topul-marilor-orase_db\/#breadcrumb","itemListElement":[{"@type":"ListItem","position":1,"name":"Imoradar24","item":"https:\/\/www.imoradar24.ro"},{"@type":"ListItem","position":2,"name":"ImoExpert","item":"https:\/\/www.imobiliare.ro\/imoexpert\/"},{"@type":"ListItem","position":3,"name":"\u0218tiri","item":"https:\/\/www.imobiliare.ro\/imoexpert\/stiri\/"},{"@type":"ListItem","position":4,"name":"Din efectele crizei: apartamentele de Prima Cas\u0103 ajung \u0219i la 80% din totalul ofertei. Vezi topul marilor ora\u0219e"}]},{"@type":"WebSite","@id":"https:\/\/www.imobiliare.ro\/imoexpert\/#website","url":"https:\/\/www.imobiliare.ro\/imoexpert\/","name":"ImoExpert","description":"cele mai importante \u015ftiri din domeniul imobiliar","publisher":{"@id":"https:\/\/www.imobiliare.ro\/imoexpert\/#organization"},"inLanguage":"en"},{"@type":"Organization","@id":"https:\/\/www.imobiliare.ro\/imoexpert\/#organization","name":"Imobiliare.ro","alternateName":"Realmedia Network SA","url":"https:\/\/www.imobiliare.ro\/imoexpert\/","logo":{"@type":"ImageObject","inLanguage":"en","@id":"https:\/\/www.imobiliare.ro\/imoexpert\/#\/schema\/logo\/image\/","url":"https:\/\/www.imobiliare.ro\/imoexpert\/wp-content\/uploads\/2025\/05\/imobiliare_logo.png","contentUrl":"https:\/\/www.imobiliare.ro\/imoexpert\/wp-content\/uploads\/2025\/05\/imobiliare_logo.png","width":237,"height":29,"caption":"Imobiliare.ro"},"image":{"@id":"https:\/\/www.imobiliare.ro\/imoexpert\/#\/schema\/logo\/image\/"}},{"@type":"Person","@id":"https:\/\/www.imobiliare.ro\/imoexpert\/#\/schema\/person\/8c13b0297075010b896471fabf0d7790","name":"Adriana Dr\u0103gu\u0219in","image":{"@type":"ImageObject","inLanguage":"en","@id":"https:\/\/www.imobiliare.ro\/imoexpert\/#\/schema\/person\/image\/","url":"https:\/\/secure.gravatar.com\/avatar\/ba4762f7517e50e679ed7f11207102d1150120f2f5800c0da98f8a15305bf514?s=96&d=mm&r=g","contentUrl":"https:\/\/secure.gravatar.com\/avatar\/ba4762f7517e50e679ed7f11207102d1150120f2f5800c0da98f8a15305bf514?s=96&d=mm&r=g","caption":"Adriana Dr\u0103gu\u0219in"},"jobTitle":"Editor","url":"https:\/\/www.imobiliare.ro\/imoexpert\/author\/adriana-dragusin\/"}]}},"_links":{"self":[{"href":"https:\/\/www.imobiliare.ro\/imoexpert\/wp-json\/wp\/v2\/posts\/27215","targetHints":{"allow":["GET"]}}],"collection":[{"href":"https:\/\/www.imobiliare.ro\/imoexpert\/wp-json\/wp\/v2\/posts"}],"about":[{"href":"https:\/\/www.imobiliare.ro\/imoexpert\/wp-json\/wp\/v2\/types\/post"}],"author":[{"embeddable":true,"href":"https:\/\/www.imobiliare.ro\/imoexpert\/wp-json\/wp\/v2\/users\/829"}],"replies":[{"embeddable":true,"href":"https:\/\/www.imobiliare.ro\/imoexpert\/wp-json\/wp\/v2\/comments?post=27215"}],"version-history":[{"count":0,"href":"https:\/\/www.imobiliare.ro\/imoexpert\/wp-json\/wp\/v2\/posts\/27215\/revisions"}],"wp:featuredmedia":[{"embeddable":true,"href":"https:\/\/www.imobiliare.ro\/imoexpert\/wp-json\/wp\/v2\/media\/27216"}],"wp:attachment":[{"href":"https:\/\/www.imobiliare.ro\/imoexpert\/wp-json\/wp\/v2\/media?parent=27215"}],"wp:term":[{"taxonomy":"category","embeddable":true,"href":"https:\/\/www.imobiliare.ro\/imoexpert\/wp-json\/wp\/v2\/categories?post=27215"},{"taxonomy":"post_tag","embeddable":true,"href":"https:\/\/www.imobiliare.ro\/imoexpert\/wp-json\/wp\/v2\/tags?post=27215"},{"taxonomy":"content_author","embeddable":true,"href":"https:\/\/www.imobiliare.ro\/imoexpert\/wp-json\/wp\/v2\/content_author?post=27215"}],"curies":[{"name":"wp","href":"https:\/\/api.w.org\/{rel}","templated":true}]}}