{"id":27344,"date":"2013-10-28T13:43:10","date_gmt":"2013-10-28T11:43:10","guid":{"rendered":"https:\/\/www.imobiliare.ro\/?p=27344"},"modified":"2013-10-28T13:43:10","modified_gmt":"2013-10-28T11:43:10","slug":"perfecta-pentru-o-familie-o-casa-moderna-in-armonie-cu-natura","status":"publish","type":"post","link":"https:\/\/www.imobiliare.ro\/imoexpert\/perfecta-pentru-o-familie-o-casa-moderna-in-armonie-cu-natura_db\/","title":{"rendered":"Perfect\u0103 pentru o familie: o cas\u0103 modern\u0103, \u00een armonie cu natura"},"content":{"rendered":"<p><strong>Suprafe\u021bele vitrate mari pun \u00een eviden\u021b\u0103 o gr\u0103din\u0103 sau o curte bine \u00eentre\u021binut\u0103, oferind confort vizual locatarilor.<\/strong><\/p>\n<p>Atunci c\u00e2nd se g\u00e2ndesc la o crea\u021biile arhitecturale moderne, mul\u021bi \u00ee\u0219i imagineaz\u0103 poate construc\u021bii \u00een forme ciudate, chiar excentrice. De multe ori \u00eens\u0103, perioada contemporan\u0103 ofer\u0103 exemple de construc\u021bii perfect armonioase, ce reu\u0219esc s\u0103 se integreze perfect \u0219i \u00een cadrul natural. Acesta este cazul propriet\u0103\u021bii de mai jos, prezentat\u0103 pe <strong><a class=\"article-body-links\"href=\"http:\/\/freshome.com\/\">Freshome.com<\/a><\/strong>:<\/p>\n<p><a class=\"article-body-links\"href=\"https:\/\/www.imobiliare.ro\/imoexpert\/wp-content\/uploads\/2013\/10\/Olanda-casa-1.jpg\"><img loading=\"lazy\" decoding=\"async\" class=\"alignleft size-full wp-image-27345\" alt=\"Olanda casa 1\" src=\"https:\/\/www.imobiliare.ro\/imoexpert\/wp-content\/uploads\/2013\/10\/Olanda-casa-1.jpg\" width=\"600\" height=\"400\" srcset=\"https:\/\/www.imobiliare.ro\/imoexpert\/wp-content\/uploads\/2013\/10\/Olanda-casa-1.jpg 600w, https:\/\/www.imobiliare.ro\/imoexpert\/wp-content\/uploads\/2013\/10\/Olanda-casa-1-300x200.jpg 300w, https:\/\/www.imobiliare.ro\/imoexpert\/wp-content\/uploads\/2013\/10\/Olanda-casa-1-87x57.jpg 87w, https:\/\/www.imobiliare.ro\/imoexpert\/wp-content\/uploads\/2013\/10\/Olanda-casa-1-65x43.jpg 65w, https:\/\/www.imobiliare.ro\/imoexpert\/wp-content\/uploads\/2013\/10\/Olanda-casa-1-154x103.jpg 154w\" sizes=\"auto, (max-width: 600px) 100vw, 600px\" \/><\/a><\/p>\n<p>Vila din imagini este situat\u0103 \u00een ora\u0219ul Eindhoven, din sudul Olandei. Proiectul reflect\u0103 interesul proprietarilor pentru arhitectura modern\u0103, disting\u00e2ndu-se prin forma sa paralelipipedic\u0103 \u0219i acoperi\u0219ul plat. Nuan\u021ba pal\u0103 de galben folosit\u0103 pentru finisarea exteriorului d\u0103 o not\u0103 unic\u0103 imobilului, tras\u00e2nd totodat\u0103 conturul unui spa\u021biu locativ cald, perfect pentru o familie cu doi copii.<\/p>\n<p><a class=\"article-body-links\"href=\"https:\/\/www.imobiliare.ro\/imoexpert\/wp-content\/uploads\/2013\/10\/Olanda-casa-2.jpg\"><img loading=\"lazy\" decoding=\"async\" class=\"alignleft size-full wp-image-27346\" alt=\"Olanda casa 2\" src=\"https:\/\/www.imobiliare.ro\/imoexpert\/wp-content\/uploads\/2013\/10\/Olanda-casa-2.jpg\" width=\"600\" height=\"400\" srcset=\"https:\/\/www.imobiliare.ro\/imoexpert\/wp-content\/uploads\/2013\/10\/Olanda-casa-2.jpg 600w, https:\/\/www.imobiliare.ro\/imoexpert\/wp-content\/uploads\/2013\/10\/Olanda-casa-2-300x200.jpg 300w, https:\/\/www.imobiliare.ro\/imoexpert\/wp-content\/uploads\/2013\/10\/Olanda-casa-2-87x57.jpg 87w, https:\/\/www.imobiliare.ro\/imoexpert\/wp-content\/uploads\/2013\/10\/Olanda-casa-2-65x43.jpg 65w, https:\/\/www.imobiliare.ro\/imoexpert\/wp-content\/uploads\/2013\/10\/Olanda-casa-2-154x103.jpg 154w\" sizes=\"auto, (max-width: 600px) 100vw, 600px\" \/><\/a><br \/>\n<a class=\"article-body-links\"href=\"https:\/\/www.imobiliare.ro\/imoexpert\/wp-content\/uploads\/2013\/10\/Olanda-casa-3.jpg\"><img loading=\"lazy\" decoding=\"async\" class=\"alignleft size-full wp-image-27347\" alt=\"Olanda casa 3\" src=\"https:\/\/www.imobiliare.ro\/imoexpert\/wp-content\/uploads\/2013\/10\/Olanda-casa-3.jpg\" width=\"600\" height=\"465\" srcset=\"https:\/\/www.imobiliare.ro\/imoexpert\/wp-content\/uploads\/2013\/10\/Olanda-casa-3.jpg 600w, https:\/\/www.imobiliare.ro\/imoexpert\/wp-content\/uploads\/2013\/10\/Olanda-casa-3-300x233.jpg 300w\" sizes=\"auto, (max-width: 600px) 100vw, 600px\" \/><\/a><br \/>\n<a class=\"article-body-links\"href=\"https:\/\/www.imobiliare.ro\/imoexpert\/wp-content\/uploads\/2013\/10\/Olanda-casa-6.jpg\"><img loading=\"lazy\" decoding=\"async\" class=\"alignleft size-full wp-image-27350\" alt=\"Olanda casa 6\" src=\"https:\/\/www.imobiliare.ro\/imoexpert\/wp-content\/uploads\/2013\/10\/Olanda-casa-6.jpg\" width=\"600\" height=\"919\" srcset=\"https:\/\/www.imobiliare.ro\/imoexpert\/wp-content\/uploads\/2013\/10\/Olanda-casa-6.jpg 600w, https:\/\/www.imobiliare.ro\/imoexpert\/wp-content\/uploads\/2013\/10\/Olanda-casa-6-196x300.jpg 196w\" sizes=\"auto, (max-width: 600px) 100vw, 600px\" \/><\/a><\/p>\n<p>Un alt element constructiv specific modern const\u0103 \u00een integrarea \u00een proiect a unor suprafe\u021be vitrate de mari dimensiuni &#8211; \u00een special \u00een zona social\u0103 a casei, restul camerelor fiind mai bine \u201eprotejate\u201d vizual. Se pune astfel accent pe comunicarea dintre spa\u021biul interior \u0219i cel exterior, dintre om \u0219i natur\u0103, leg\u0103tur\u0103 pe care arhitec\u021bii contemporani \u00eencearc\u0103 at\u00e2t de mult s\u0103 o restabileasc\u0103. \u201eForma rezultat\u0103 propune un dialog \u00eentre nivele \u0219i goluri diferite, folosind lumina pentru a atrage c\u0103tre sau a se reflecta din diferite suprafe\u021be, ceea ce permite o citire diferit\u0103 a spa\u021biului \u0219i volumelor \u00een timpul zilei\u201d, explic\u0103 autorii proiectului, arhitec\u021bii de la biroul danez CKX architecten.<\/p>\n<p><a class=\"article-body-links\"href=\"https:\/\/www.imobiliare.ro\/imoexpert\/wp-content\/uploads\/2013\/10\/Olanda-casa-4.jpg\"><img loading=\"lazy\" decoding=\"async\" class=\"alignleft size-full wp-image-27348\" alt=\"Olanda casa 4\" src=\"https:\/\/www.imobiliare.ro\/imoexpert\/wp-content\/uploads\/2013\/10\/Olanda-casa-4.jpg\" width=\"600\" height=\"902\" srcset=\"https:\/\/www.imobiliare.ro\/imoexpert\/wp-content\/uploads\/2013\/10\/Olanda-casa-4.jpg 600w, https:\/\/www.imobiliare.ro\/imoexpert\/wp-content\/uploads\/2013\/10\/Olanda-casa-4-200x300.jpg 200w\" sizes=\"auto, (max-width: 600px) 100vw, 600px\" \/><\/a><br \/>\n<a class=\"article-body-links\"href=\"https:\/\/www.imobiliare.ro\/imoexpert\/wp-content\/uploads\/2013\/10\/Olanda-casa-7.jpg\"><img loading=\"lazy\" decoding=\"async\" class=\"alignleft size-full wp-image-27351\" alt=\"Olanda casa 7\" src=\"https:\/\/www.imobiliare.ro\/imoexpert\/wp-content\/uploads\/2013\/10\/Olanda-casa-7.jpg\" width=\"600\" height=\"919\" srcset=\"https:\/\/www.imobiliare.ro\/imoexpert\/wp-content\/uploads\/2013\/10\/Olanda-casa-7.jpg 600w, https:\/\/www.imobiliare.ro\/imoexpert\/wp-content\/uploads\/2013\/10\/Olanda-casa-7-196x300.jpg 196w\" sizes=\"auto, (max-width: 600px) 100vw, 600px\" \/><\/a><br \/>\n<a class=\"article-body-links\"href=\"https:\/\/www.imobiliare.ro\/imoexpert\/wp-content\/uploads\/2013\/10\/Olanda-casa-5.jpg\"><img loading=\"lazy\" decoding=\"async\" class=\"alignleft size-full wp-image-27349\" alt=\"Olanda casa 5\" src=\"https:\/\/www.imobiliare.ro\/imoexpert\/wp-content\/uploads\/2013\/10\/Olanda-casa-5.jpg\" width=\"600\" height=\"393\" srcset=\"https:\/\/www.imobiliare.ro\/imoexpert\/wp-content\/uploads\/2013\/10\/Olanda-casa-5.jpg 600w, https:\/\/www.imobiliare.ro\/imoexpert\/wp-content\/uploads\/2013\/10\/Olanda-casa-5-300x197.jpg 300w, https:\/\/www.imobiliare.ro\/imoexpert\/wp-content\/uploads\/2013\/10\/Olanda-casa-5-87x57.jpg 87w, https:\/\/www.imobiliare.ro\/imoexpert\/wp-content\/uploads\/2013\/10\/Olanda-casa-5-65x43.jpg 65w\" sizes=\"auto, (max-width: 600px) 100vw, 600px\" \/><\/a><\/p>\n<p>Ca \u0219i arhitectura, amenajarea casei este tipic modern\u0103 &#8211; aceasta fiind perfect pus\u0103 \u00een valoare de \u201evalurile\u201d de lumin\u0103 natural\u0103 din timpul zilei \u0219i de panorama oferit\u0103 de curtea perfect \u00eentre\u021binut\u0103 a propriet\u0103\u021bii. Din combina\u021bia lemnului cu texturi fine (\u00een nuan\u021be deschise de gri), dinamizat\u0103 pe alocuri de accente de violet sau roz aprins, rezult\u0103 o atmosfer\u0103 cald\u0103, intim\u0103, de familie. Plantele naturale completeaz\u0103 acest ambient armonios, confortabil \u0219i primitor.<\/p>\n<p><a class=\"article-body-links\"href=\"https:\/\/www.imobiliare.ro\/imoexpert\/wp-content\/uploads\/2013\/10\/Olanda-casa-8.jpg\"><img loading=\"lazy\" decoding=\"async\" class=\"alignleft size-full wp-image-27352\" alt=\"Olanda casa 8\" src=\"https:\/\/www.imobiliare.ro\/imoexpert\/wp-content\/uploads\/2013\/10\/Olanda-casa-8.jpg\" width=\"600\" height=\"408\" srcset=\"https:\/\/www.imobiliare.ro\/imoexpert\/wp-content\/uploads\/2013\/10\/Olanda-casa-8.jpg 600w, https:\/\/www.imobiliare.ro\/imoexpert\/wp-content\/uploads\/2013\/10\/Olanda-casa-8-300x204.jpg 300w, https:\/\/www.imobiliare.ro\/imoexpert\/wp-content\/uploads\/2013\/10\/Olanda-casa-8-65x43.jpg 65w\" sizes=\"auto, (max-width: 600px) 100vw, 600px\" \/><\/a><br \/>\n<a class=\"article-body-links\"href=\"https:\/\/www.imobiliare.ro\/imoexpert\/wp-content\/uploads\/2013\/10\/Olanda-casa-9.jpg\"><img loading=\"lazy\" decoding=\"async\" class=\"alignleft size-full wp-image-27353\" alt=\"Olanda casa 9\" src=\"https:\/\/www.imobiliare.ro\/imoexpert\/wp-content\/uploads\/2013\/10\/Olanda-casa-9.jpg\" width=\"600\" height=\"390\" srcset=\"https:\/\/www.imobiliare.ro\/imoexpert\/wp-content\/uploads\/2013\/10\/Olanda-casa-9.jpg 600w, https:\/\/www.imobiliare.ro\/imoexpert\/wp-content\/uploads\/2013\/10\/Olanda-casa-9-300x195.jpg 300w, https:\/\/www.imobiliare.ro\/imoexpert\/wp-content\/uploads\/2013\/10\/Olanda-casa-9-87x57.jpg 87w, https:\/\/www.imobiliare.ro\/imoexpert\/wp-content\/uploads\/2013\/10\/Olanda-casa-9-65x43.jpg 65w\" sizes=\"auto, (max-width: 600px) 100vw, 600px\" \/><\/a><br \/>\n<a class=\"article-body-links\"href=\"https:\/\/www.imobiliare.ro\/imoexpert\/wp-content\/uploads\/2013\/10\/Olanda-casa-10.jpg\"><img loading=\"lazy\" decoding=\"async\" class=\"alignleft size-full wp-image-27354\" alt=\"Olanda casa 10\" src=\"https:\/\/www.imobiliare.ro\/imoexpert\/wp-content\/uploads\/2013\/10\/Olanda-casa-10.jpg\" width=\"600\" height=\"392\" srcset=\"https:\/\/www.imobiliare.ro\/imoexpert\/wp-content\/uploads\/2013\/10\/Olanda-casa-10.jpg 600w, https:\/\/www.imobiliare.ro\/imoexpert\/wp-content\/uploads\/2013\/10\/Olanda-casa-10-300x196.jpg 300w, https:\/\/www.imobiliare.ro\/imoexpert\/wp-content\/uploads\/2013\/10\/Olanda-casa-10-87x57.jpg 87w, https:\/\/www.imobiliare.ro\/imoexpert\/wp-content\/uploads\/2013\/10\/Olanda-casa-10-65x43.jpg 65w\" sizes=\"auto, (max-width: 600px) 100vw, 600px\" \/><\/a><br \/>\n<a class=\"article-body-links\"href=\"https:\/\/www.imobiliare.ro\/imoexpert\/wp-content\/uploads\/2013\/10\/Olanda-casa-11.jpg\"><img loading=\"lazy\" decoding=\"async\" class=\"alignleft size-full wp-image-27355\" alt=\"Olanda casa 11\" src=\"https:\/\/www.imobiliare.ro\/imoexpert\/wp-content\/uploads\/2013\/10\/Olanda-casa-11.jpg\" width=\"600\" height=\"902\" srcset=\"https:\/\/www.imobiliare.ro\/imoexpert\/wp-content\/uploads\/2013\/10\/Olanda-casa-11.jpg 600w, https:\/\/www.imobiliare.ro\/imoexpert\/wp-content\/uploads\/2013\/10\/Olanda-casa-11-200x300.jpg 200w\" sizes=\"auto, (max-width: 600px) 100vw, 600px\" \/><\/a><br \/>\n<a class=\"article-body-links\"href=\"https:\/\/www.imobiliare.ro\/imoexpert\/wp-content\/uploads\/2013\/10\/Olanda-casa-12.jpg\"><img loading=\"lazy\" decoding=\"async\" class=\"alignleft size-full wp-image-27356\" alt=\"Olanda casa 12\" src=\"https:\/\/www.imobiliare.ro\/imoexpert\/wp-content\/uploads\/2013\/10\/Olanda-casa-12.jpg\" width=\"600\" height=\"399\" srcset=\"https:\/\/www.imobiliare.ro\/imoexpert\/wp-content\/uploads\/2013\/10\/Olanda-casa-12.jpg 600w, https:\/\/www.imobiliare.ro\/imoexpert\/wp-content\/uploads\/2013\/10\/Olanda-casa-12-300x200.jpg 300w, https:\/\/www.imobiliare.ro\/imoexpert\/wp-content\/uploads\/2013\/10\/Olanda-casa-12-87x57.jpg 87w, https:\/\/www.imobiliare.ro\/imoexpert\/wp-content\/uploads\/2013\/10\/Olanda-casa-12-65x43.jpg 65w, https:\/\/www.imobiliare.ro\/imoexpert\/wp-content\/uploads\/2013\/10\/Olanda-casa-12-154x103.jpg 154w\" sizes=\"auto, (max-width: 600px) 100vw, 600px\" \/><\/a><br \/>\n<a class=\"article-body-links\"href=\"https:\/\/www.imobiliare.ro\/imoexpert\/wp-content\/uploads\/2013\/10\/Olanda-casa-13.jpg\"><img loading=\"lazy\" decoding=\"async\" class=\"alignleft size-full wp-image-27357\" alt=\"Olanda casa 13\" src=\"https:\/\/www.imobiliare.ro\/imoexpert\/wp-content\/uploads\/2013\/10\/Olanda-casa-13.jpg\" width=\"600\" height=\"939\" srcset=\"https:\/\/www.imobiliare.ro\/imoexpert\/wp-content\/uploads\/2013\/10\/Olanda-casa-13.jpg 600w, https:\/\/www.imobiliare.ro\/imoexpert\/wp-content\/uploads\/2013\/10\/Olanda-casa-13-192x300.jpg 192w\" sizes=\"auto, (max-width: 600px) 100vw, 600px\" \/><\/a><br \/>\n<a class=\"article-body-links\"href=\"https:\/\/www.imobiliare.ro\/imoexpert\/wp-content\/uploads\/2013\/10\/Olanda-casa-14.jpg\"><img loading=\"lazy\" decoding=\"async\" class=\"alignleft size-full wp-image-27358\" alt=\"Olanda casa 14\" src=\"https:\/\/www.imobiliare.ro\/imoexpert\/wp-content\/uploads\/2013\/10\/Olanda-casa-14.jpg\" width=\"600\" height=\"401\" srcset=\"https:\/\/www.imobiliare.ro\/imoexpert\/wp-content\/uploads\/2013\/10\/Olanda-casa-14.jpg 600w, https:\/\/www.imobiliare.ro\/imoexpert\/wp-content\/uploads\/2013\/10\/Olanda-casa-14-300x201.jpg 300w, https:\/\/www.imobiliare.ro\/imoexpert\/wp-content\/uploads\/2013\/10\/Olanda-casa-14-87x57.jpg 87w, https:\/\/www.imobiliare.ro\/imoexpert\/wp-content\/uploads\/2013\/10\/Olanda-casa-14-65x43.jpg 65w, https:\/\/www.imobiliare.ro\/imoexpert\/wp-content\/uploads\/2013\/10\/Olanda-casa-14-154x103.jpg 154w\" sizes=\"auto, (max-width: 600px) 100vw, 600px\" \/><\/a><\/p>\n<p><em><strong>Surs\u0103 foto: <a class=\"article-body-links\"href=\"http:\/\/freshome.com\/2013\/10\/22\/modern-blend-yellow-cubic-volumes-house-aj-eindhoven\/\">Freshome.com<\/a><br \/>\nCite\u0219te \u0219i: <a class=\"article-body-links\"href=\"https:\/\/www.imobiliare.ro\/homedeco\/iti-doresti-o-resedinta-de-vacanta-casa-din-mijlocul-padurii_db\/\">\u00ce\u021bi dore\u0219ti o re\u0219edin\u021b\u0103 de vacan\u021b\u0103? Casa din mijlocul p\u0103durii<\/a><\/strong><\/em><\/p>\n","protected":false},"excerpt":{"rendered":"<p>Suprafe\u021bele vitrate mari pun \u00een eviden\u021b\u0103 o gr\u0103din\u0103 sau o curte bine \u00eentre\u021binut\u0103, oferind confort vizual locatarilor. Atunci c\u00e2nd se g\u00e2ndesc la o crea\u021biile arhitecturale moderne, mul\u021bi \u00ee\u0219i imagineaz\u0103 poate construc\u021bii \u00een forme ciudate, chiar excentrice. De multe ori \u00eens\u0103, perioada contemporan\u0103 ofer\u0103 exemple de construc\u021bii perfect armonioase, ce reu\u0219esc s\u0103 se integreze perfect \u0219i [&hellip;]<\/p>\n","protected":false},"author":829,"featured_media":27348,"comment_status":"open","ping_status":"open","sticky":false,"template":"","format":"standard","meta":{"footnotes":""},"categories":[255,259],"tags":[1022,1410,1411],"content_author":[],"class_list":["post-27344","post","type-post","status-publish","format-standard","has-post-thumbnail","hentry","category-home-deco","category-stiri","tag-homedeco","tag-newsletter","tag-principal"],"yoast_head":"<!-- This site is optimized with the Yoast SEO Premium plugin v27.0 (Yoast SEO v27.0) - https:\/\/yoast.com\/product\/yoast-seo-premium-wordpress\/ -->\n<title>Perfect\u0103 pentru o familie: o cas\u0103 modern\u0103, \u00een armonie cu natura - Home &amp; Deco, \u0218tiri - ImoExpert<\/title>\n<meta name=\"description\" content=\"Suprafe\u021bele vitrate mari pun \u00een eviden\u021b\u0103 o gr\u0103din\u0103 sau o curte bine \u00eentre\u021binut\u0103, oferind confort vizual locatarilor. Atunci c\u00e2nd se g\u00e2ndesc la o crea\u021biile\" \/>\n<meta name=\"robots\" content=\"index, follow\" \/>\n<link rel=\"canonical\" href=\"https:\/\/www.imobiliare.ro\/imoexpert\/perfecta-pentru-o-familie-o-casa-moderna-in-armonie-cu-natura_db\/\" \/>\n<meta property=\"og:locale\" content=\"ro_RO\" \/>\n<meta property=\"og:type\" content=\"article\" \/>\n<meta property=\"og:title\" content=\"Perfect\u0103 pentru o familie: o cas\u0103 modern\u0103, \u00een armonie cu natura\" \/>\n<meta property=\"og:description\" content=\"Suprafe\u021bele vitrate mari pun \u00een eviden\u021b\u0103 o gr\u0103din\u0103 sau o curte bine \u00eentre\u021binut\u0103, oferind confort vizual locatarilor. Atunci c\u00e2nd se g\u00e2ndesc la o crea\u021biile\" \/>\n<meta property=\"og:url\" content=\"https:\/\/www.imobiliare.ro\/imoexpert\/perfecta-pentru-o-familie-o-casa-moderna-in-armonie-cu-natura_db\/\" \/>\n<meta property=\"og:site_name\" content=\"ImoExpert\" \/>\n<meta property=\"article:published_time\" content=\"2013-10-28T11:43:10+00:00\" \/>\n<meta property=\"og:image\" content=\"https:\/\/www.imobiliare.ro\/imoexpert\/wp-content\/uploads\/2013\/10\/Olanda-casa-4.jpg\" \/>\n\t<meta property=\"og:image:width\" content=\"600\" \/>\n\t<meta property=\"og:image:height\" content=\"902\" \/>\n\t<meta property=\"og:image:type\" content=\"image\/jpeg\" \/>\n<meta name=\"author\" content=\"Adriana Dr\u0103gu\u0219in\" \/>\n<meta name=\"twitter:card\" content=\"summary_large_image\" \/>\n<meta name=\"twitter:label1\" content=\"Written by\" \/>\n\t<meta name=\"twitter:data1\" content=\"Adriana Dr\u0103gu\u0219in\" \/>\n\t<meta name=\"twitter:label2\" content=\"Est. reading time\" \/>\n\t<meta name=\"twitter:data2\" content=\"2 minute\" \/>\n<script type=\"application\/ld+json\" class=\"yoast-schema-graph\">{\"@context\":\"https:\/\/schema.org\",\"@graph\":[{\"@type\":\"Article\",\"@id\":\"https:\/\/www.imobiliare.ro\/imoexpert\/perfecta-pentru-o-familie-o-casa-moderna-in-armonie-cu-natura_db\/#article\",\"isPartOf\":{\"@id\":\"https:\/\/www.imobiliare.ro\/imoexpert\/perfecta-pentru-o-familie-o-casa-moderna-in-armonie-cu-natura_db\/\"},\"author\":{\"name\":\"Adriana Dr\u0103gu\u0219in\",\"@id\":\"https:\/\/www.imobiliare.ro\/imoexpert\/#\/schema\/person\/8c13b0297075010b896471fabf0d7790\"},\"headline\":\"Perfect\u0103 pentru o familie: o cas\u0103 modern\u0103, \u00een armonie cu natura\",\"datePublished\":\"2013-10-28T11:43:10+00:00\",\"mainEntityOfPage\":{\"@id\":\"https:\/\/www.imobiliare.ro\/imoexpert\/perfecta-pentru-o-familie-o-casa-moderna-in-armonie-cu-natura_db\/\"},\"wordCount\":360,\"commentCount\":6,\"publisher\":{\"@id\":\"https:\/\/www.imobiliare.ro\/imoexpert\/#organization\"},\"image\":{\"@id\":\"https:\/\/www.imobiliare.ro\/imoexpert\/perfecta-pentru-o-familie-o-casa-moderna-in-armonie-cu-natura_db\/#primaryimage\"},\"thumbnailUrl\":\"https:\/\/www.imobiliare.ro\/imoexpert\/wp-content\/uploads\/2013\/10\/Olanda-casa-4.jpg\",\"keywords\":[\"Home&amp;Deco\",\"newsletter\",\"principal\"],\"articleSection\":[\"Home &amp; Deco\",\"\u0218tiri\"],\"inLanguage\":\"en\",\"potentialAction\":[{\"@type\":\"CommentAction\",\"name\":\"Comment\",\"target\":[\"https:\/\/www.imobiliare.ro\/imoexpert\/perfecta-pentru-o-familie-o-casa-moderna-in-armonie-cu-natura_db\/#respond\"]}],\"copyrightYear\":\"2013\",\"copyrightHolder\":{\"@id\":\"https:\/\/www.imobiliare.ro\/imoexpert\/#organization\"}},{\"@type\":\"WebPage\",\"@id\":\"https:\/\/www.imobiliare.ro\/imoexpert\/perfecta-pentru-o-familie-o-casa-moderna-in-armonie-cu-natura_db\/\",\"url\":\"https:\/\/www.imobiliare.ro\/imoexpert\/perfecta-pentru-o-familie-o-casa-moderna-in-armonie-cu-natura_db\/\",\"name\":\"Perfect\u0103 pentru o familie: o cas\u0103 modern\u0103, \u00een armonie cu natura - Home &amp; Deco, \u0218tiri - ImoExpert\",\"isPartOf\":{\"@id\":\"https:\/\/www.imobiliare.ro\/imoexpert\/#website\"},\"primaryImageOfPage\":{\"@id\":\"https:\/\/www.imobiliare.ro\/imoexpert\/perfecta-pentru-o-familie-o-casa-moderna-in-armonie-cu-natura_db\/#primaryimage\"},\"image\":{\"@id\":\"https:\/\/www.imobiliare.ro\/imoexpert\/perfecta-pentru-o-familie-o-casa-moderna-in-armonie-cu-natura_db\/#primaryimage\"},\"thumbnailUrl\":\"https:\/\/www.imobiliare.ro\/imoexpert\/wp-content\/uploads\/2013\/10\/Olanda-casa-4.jpg\",\"datePublished\":\"2013-10-28T11:43:10+00:00\",\"description\":\"Suprafe\u021bele vitrate mari pun \u00een eviden\u021b\u0103 o gr\u0103din\u0103 sau o curte bine \u00eentre\u021binut\u0103, oferind confort vizual locatarilor. Atunci c\u00e2nd se g\u00e2ndesc la o crea\u021biile\",\"breadcrumb\":{\"@id\":\"https:\/\/www.imobiliare.ro\/imoexpert\/perfecta-pentru-o-familie-o-casa-moderna-in-armonie-cu-natura_db\/#breadcrumb\"},\"inLanguage\":\"en\",\"potentialAction\":[{\"@type\":\"ReadAction\",\"target\":[\"https:\/\/www.imobiliare.ro\/imoexpert\/perfecta-pentru-o-familie-o-casa-moderna-in-armonie-cu-natura_db\/\"]}]},{\"@type\":\"ImageObject\",\"inLanguage\":\"en\",\"@id\":\"https:\/\/www.imobiliare.ro\/imoexpert\/perfecta-pentru-o-familie-o-casa-moderna-in-armonie-cu-natura_db\/#primaryimage\",\"url\":\"https:\/\/www.imobiliare.ro\/imoexpert\/wp-content\/uploads\/2013\/10\/Olanda-casa-4.jpg\",\"contentUrl\":\"https:\/\/www.imobiliare.ro\/imoexpert\/wp-content\/uploads\/2013\/10\/Olanda-casa-4.jpg\",\"width\":600,\"height\":902},{\"@type\":\"BreadcrumbList\",\"@id\":\"https:\/\/www.imobiliare.ro\/imoexpert\/perfecta-pentru-o-familie-o-casa-moderna-in-armonie-cu-natura_db\/#breadcrumb\",\"itemListElement\":[{\"@type\":\"ListItem\",\"position\":1,\"name\":\"Imoradar24\",\"item\":\"https:\/\/www.imoradar24.ro\"},{\"@type\":\"ListItem\",\"position\":2,\"name\":\"ImoExpert\",\"item\":\"https:\/\/www.imobiliare.ro\/imoexpert\/\"},{\"@type\":\"ListItem\",\"position\":3,\"name\":\"Sfaturi\",\"item\":\"https:\/\/www.imobiliare.ro\/imoexpert\/ghid-imobiliar\/\"},{\"@type\":\"ListItem\",\"position\":4,\"name\":\"Home &amp; Deco\",\"item\":\"https:\/\/www.imobiliare.ro\/imoexpert\/ghid-imobiliar\/home-deco\/\"},{\"@type\":\"ListItem\",\"position\":5,\"name\":\"Perfect\u0103 pentru o familie: o cas\u0103 modern\u0103, \u00een armonie cu natura\"}]},{\"@type\":\"WebSite\",\"@id\":\"https:\/\/www.imobiliare.ro\/imoexpert\/#website\",\"url\":\"https:\/\/www.imobiliare.ro\/imoexpert\/\",\"name\":\"ImoExpert\",\"description\":\"cele mai importante \u015ftiri din domeniul imobiliar\",\"publisher\":{\"@id\":\"https:\/\/www.imobiliare.ro\/imoexpert\/#organization\"},\"inLanguage\":\"en\"},{\"@type\":\"Organization\",\"@id\":\"https:\/\/www.imobiliare.ro\/imoexpert\/#organization\",\"name\":\"Imobiliare.ro\",\"alternateName\":\"Realmedia Network SA\",\"url\":\"https:\/\/www.imobiliare.ro\/imoexpert\/\",\"logo\":{\"@type\":\"ImageObject\",\"inLanguage\":\"en\",\"@id\":\"https:\/\/www.imobiliare.ro\/imoexpert\/#\/schema\/logo\/image\/\",\"url\":\"https:\/\/www.imobiliare.ro\/imoexpert\/wp-content\/uploads\/2025\/05\/imobiliare_logo.png\",\"contentUrl\":\"https:\/\/www.imobiliare.ro\/imoexpert\/wp-content\/uploads\/2025\/05\/imobiliare_logo.png\",\"width\":237,\"height\":29,\"caption\":\"Imobiliare.ro\"},\"image\":{\"@id\":\"https:\/\/www.imobiliare.ro\/imoexpert\/#\/schema\/logo\/image\/\"}},{\"@type\":\"Person\",\"@id\":\"https:\/\/www.imobiliare.ro\/imoexpert\/#\/schema\/person\/8c13b0297075010b896471fabf0d7790\",\"name\":\"Adriana Dr\u0103gu\u0219in\",\"image\":{\"@type\":\"ImageObject\",\"inLanguage\":\"en\",\"@id\":\"https:\/\/www.imobiliare.ro\/imoexpert\/#\/schema\/person\/image\/\",\"url\":\"https:\/\/secure.gravatar.com\/avatar\/ba4762f7517e50e679ed7f11207102d1150120f2f5800c0da98f8a15305bf514?s=96&d=mm&r=g\",\"contentUrl\":\"https:\/\/secure.gravatar.com\/avatar\/ba4762f7517e50e679ed7f11207102d1150120f2f5800c0da98f8a15305bf514?s=96&d=mm&r=g\",\"caption\":\"Adriana Dr\u0103gu\u0219in\"},\"jobTitle\":\"Editor\",\"url\":\"https:\/\/www.imobiliare.ro\/imoexpert\/author\/adriana-dragusin\/\"}]}<\/script>\n<!-- \/ Yoast SEO Premium plugin. -->","yoast_head_json":{"title":"Perfect\u0103 pentru o familie: o cas\u0103 modern\u0103, \u00een armonie cu natura - Home &amp; Deco, \u0218tiri - ImoExpert","description":"Suprafe\u021bele vitrate mari pun \u00een eviden\u021b\u0103 o gr\u0103din\u0103 sau o curte bine \u00eentre\u021binut\u0103, oferind confort vizual locatarilor. Atunci c\u00e2nd se g\u00e2ndesc la o crea\u021biile","robots":{"index":"index","follow":"follow"},"canonical":"https:\/\/www.imobiliare.ro\/imoexpert\/perfecta-pentru-o-familie-o-casa-moderna-in-armonie-cu-natura_db\/","og_locale":"ro_RO","og_type":"article","og_title":"Perfect\u0103 pentru o familie: o cas\u0103 modern\u0103, \u00een armonie cu natura","og_description":"Suprafe\u021bele vitrate mari pun \u00een eviden\u021b\u0103 o gr\u0103din\u0103 sau o curte bine \u00eentre\u021binut\u0103, oferind confort vizual locatarilor. Atunci c\u00e2nd se g\u00e2ndesc la o crea\u021biile","og_url":"https:\/\/www.imobiliare.ro\/imoexpert\/perfecta-pentru-o-familie-o-casa-moderna-in-armonie-cu-natura_db\/","og_site_name":"ImoExpert","article_published_time":"2013-10-28T11:43:10+00:00","og_image":[{"width":600,"height":902,"url":"https:\/\/www.imobiliare.ro\/imoexpert\/wp-content\/uploads\/2013\/10\/Olanda-casa-4.jpg","type":"image\/jpeg"}],"author":"Adriana Dr\u0103gu\u0219in","twitter_card":"summary_large_image","twitter_misc":{"Written by":"Adriana Dr\u0103gu\u0219in","Est. reading time":"2 minute"},"schema":{"@context":"https:\/\/schema.org","@graph":[{"@type":"Article","@id":"https:\/\/www.imobiliare.ro\/imoexpert\/perfecta-pentru-o-familie-o-casa-moderna-in-armonie-cu-natura_db\/#article","isPartOf":{"@id":"https:\/\/www.imobiliare.ro\/imoexpert\/perfecta-pentru-o-familie-o-casa-moderna-in-armonie-cu-natura_db\/"},"author":{"name":"Adriana Dr\u0103gu\u0219in","@id":"https:\/\/www.imobiliare.ro\/imoexpert\/#\/schema\/person\/8c13b0297075010b896471fabf0d7790"},"headline":"Perfect\u0103 pentru o familie: o cas\u0103 modern\u0103, \u00een armonie cu natura","datePublished":"2013-10-28T11:43:10+00:00","mainEntityOfPage":{"@id":"https:\/\/www.imobiliare.ro\/imoexpert\/perfecta-pentru-o-familie-o-casa-moderna-in-armonie-cu-natura_db\/"},"wordCount":360,"commentCount":6,"publisher":{"@id":"https:\/\/www.imobiliare.ro\/imoexpert\/#organization"},"image":{"@id":"https:\/\/www.imobiliare.ro\/imoexpert\/perfecta-pentru-o-familie-o-casa-moderna-in-armonie-cu-natura_db\/#primaryimage"},"thumbnailUrl":"https:\/\/www.imobiliare.ro\/imoexpert\/wp-content\/uploads\/2013\/10\/Olanda-casa-4.jpg","keywords":["Home&amp;Deco","newsletter","principal"],"articleSection":["Home &amp; Deco","\u0218tiri"],"inLanguage":"en","potentialAction":[{"@type":"CommentAction","name":"Comment","target":["https:\/\/www.imobiliare.ro\/imoexpert\/perfecta-pentru-o-familie-o-casa-moderna-in-armonie-cu-natura_db\/#respond"]}],"copyrightYear":"2013","copyrightHolder":{"@id":"https:\/\/www.imobiliare.ro\/imoexpert\/#organization"}},{"@type":"WebPage","@id":"https:\/\/www.imobiliare.ro\/imoexpert\/perfecta-pentru-o-familie-o-casa-moderna-in-armonie-cu-natura_db\/","url":"https:\/\/www.imobiliare.ro\/imoexpert\/perfecta-pentru-o-familie-o-casa-moderna-in-armonie-cu-natura_db\/","name":"Perfect\u0103 pentru o familie: o cas\u0103 modern\u0103, \u00een armonie cu natura - Home &amp; Deco, \u0218tiri - ImoExpert","isPartOf":{"@id":"https:\/\/www.imobiliare.ro\/imoexpert\/#website"},"primaryImageOfPage":{"@id":"https:\/\/www.imobiliare.ro\/imoexpert\/perfecta-pentru-o-familie-o-casa-moderna-in-armonie-cu-natura_db\/#primaryimage"},"image":{"@id":"https:\/\/www.imobiliare.ro\/imoexpert\/perfecta-pentru-o-familie-o-casa-moderna-in-armonie-cu-natura_db\/#primaryimage"},"thumbnailUrl":"https:\/\/www.imobiliare.ro\/imoexpert\/wp-content\/uploads\/2013\/10\/Olanda-casa-4.jpg","datePublished":"2013-10-28T11:43:10+00:00","description":"Suprafe\u021bele vitrate mari pun \u00een eviden\u021b\u0103 o gr\u0103din\u0103 sau o curte bine \u00eentre\u021binut\u0103, oferind confort vizual locatarilor. Atunci c\u00e2nd se g\u00e2ndesc la o crea\u021biile","breadcrumb":{"@id":"https:\/\/www.imobiliare.ro\/imoexpert\/perfecta-pentru-o-familie-o-casa-moderna-in-armonie-cu-natura_db\/#breadcrumb"},"inLanguage":"en","potentialAction":[{"@type":"ReadAction","target":["https:\/\/www.imobiliare.ro\/imoexpert\/perfecta-pentru-o-familie-o-casa-moderna-in-armonie-cu-natura_db\/"]}]},{"@type":"ImageObject","inLanguage":"en","@id":"https:\/\/www.imobiliare.ro\/imoexpert\/perfecta-pentru-o-familie-o-casa-moderna-in-armonie-cu-natura_db\/#primaryimage","url":"https:\/\/www.imobiliare.ro\/imoexpert\/wp-content\/uploads\/2013\/10\/Olanda-casa-4.jpg","contentUrl":"https:\/\/www.imobiliare.ro\/imoexpert\/wp-content\/uploads\/2013\/10\/Olanda-casa-4.jpg","width":600,"height":902},{"@type":"BreadcrumbList","@id":"https:\/\/www.imobiliare.ro\/imoexpert\/perfecta-pentru-o-familie-o-casa-moderna-in-armonie-cu-natura_db\/#breadcrumb","itemListElement":[{"@type":"ListItem","position":1,"name":"Imoradar24","item":"https:\/\/www.imoradar24.ro"},{"@type":"ListItem","position":2,"name":"ImoExpert","item":"https:\/\/www.imobiliare.ro\/imoexpert\/"},{"@type":"ListItem","position":3,"name":"Sfaturi","item":"https:\/\/www.imobiliare.ro\/imoexpert\/ghid-imobiliar\/"},{"@type":"ListItem","position":4,"name":"Home &amp; Deco","item":"https:\/\/www.imobiliare.ro\/imoexpert\/ghid-imobiliar\/home-deco\/"},{"@type":"ListItem","position":5,"name":"Perfect\u0103 pentru o familie: o cas\u0103 modern\u0103, \u00een armonie cu natura"}]},{"@type":"WebSite","@id":"https:\/\/www.imobiliare.ro\/imoexpert\/#website","url":"https:\/\/www.imobiliare.ro\/imoexpert\/","name":"ImoExpert","description":"cele mai importante \u015ftiri din domeniul imobiliar","publisher":{"@id":"https:\/\/www.imobiliare.ro\/imoexpert\/#organization"},"inLanguage":"en"},{"@type":"Organization","@id":"https:\/\/www.imobiliare.ro\/imoexpert\/#organization","name":"Imobiliare.ro","alternateName":"Realmedia Network SA","url":"https:\/\/www.imobiliare.ro\/imoexpert\/","logo":{"@type":"ImageObject","inLanguage":"en","@id":"https:\/\/www.imobiliare.ro\/imoexpert\/#\/schema\/logo\/image\/","url":"https:\/\/www.imobiliare.ro\/imoexpert\/wp-content\/uploads\/2025\/05\/imobiliare_logo.png","contentUrl":"https:\/\/www.imobiliare.ro\/imoexpert\/wp-content\/uploads\/2025\/05\/imobiliare_logo.png","width":237,"height":29,"caption":"Imobiliare.ro"},"image":{"@id":"https:\/\/www.imobiliare.ro\/imoexpert\/#\/schema\/logo\/image\/"}},{"@type":"Person","@id":"https:\/\/www.imobiliare.ro\/imoexpert\/#\/schema\/person\/8c13b0297075010b896471fabf0d7790","name":"Adriana Dr\u0103gu\u0219in","image":{"@type":"ImageObject","inLanguage":"en","@id":"https:\/\/www.imobiliare.ro\/imoexpert\/#\/schema\/person\/image\/","url":"https:\/\/secure.gravatar.com\/avatar\/ba4762f7517e50e679ed7f11207102d1150120f2f5800c0da98f8a15305bf514?s=96&d=mm&r=g","contentUrl":"https:\/\/secure.gravatar.com\/avatar\/ba4762f7517e50e679ed7f11207102d1150120f2f5800c0da98f8a15305bf514?s=96&d=mm&r=g","caption":"Adriana Dr\u0103gu\u0219in"},"jobTitle":"Editor","url":"https:\/\/www.imobiliare.ro\/imoexpert\/author\/adriana-dragusin\/"}]}},"_links":{"self":[{"href":"https:\/\/www.imobiliare.ro\/imoexpert\/wp-json\/wp\/v2\/posts\/27344","targetHints":{"allow":["GET"]}}],"collection":[{"href":"https:\/\/www.imobiliare.ro\/imoexpert\/wp-json\/wp\/v2\/posts"}],"about":[{"href":"https:\/\/www.imobiliare.ro\/imoexpert\/wp-json\/wp\/v2\/types\/post"}],"author":[{"embeddable":true,"href":"https:\/\/www.imobiliare.ro\/imoexpert\/wp-json\/wp\/v2\/users\/829"}],"replies":[{"embeddable":true,"href":"https:\/\/www.imobiliare.ro\/imoexpert\/wp-json\/wp\/v2\/comments?post=27344"}],"version-history":[{"count":0,"href":"https:\/\/www.imobiliare.ro\/imoexpert\/wp-json\/wp\/v2\/posts\/27344\/revisions"}],"wp:featuredmedia":[{"embeddable":true,"href":"https:\/\/www.imobiliare.ro\/imoexpert\/wp-json\/wp\/v2\/media\/27348"}],"wp:attachment":[{"href":"https:\/\/www.imobiliare.ro\/imoexpert\/wp-json\/wp\/v2\/media?parent=27344"}],"wp:term":[{"taxonomy":"category","embeddable":true,"href":"https:\/\/www.imobiliare.ro\/imoexpert\/wp-json\/wp\/v2\/categories?post=27344"},{"taxonomy":"post_tag","embeddable":true,"href":"https:\/\/www.imobiliare.ro\/imoexpert\/wp-json\/wp\/v2\/tags?post=27344"},{"taxonomy":"content_author","embeddable":true,"href":"https:\/\/www.imobiliare.ro\/imoexpert\/wp-json\/wp\/v2\/content_author?post=27344"}],"curies":[{"name":"wp","href":"https:\/\/api.w.org\/{rel}","templated":true}]}}