{"id":27694,"date":"2013-11-25T14:25:22","date_gmt":"2013-11-25T12:25:22","guid":{"rendered":"https:\/\/www.imobiliare.ro\/?p=27694"},"modified":"2013-11-25T14:25:22","modified_gmt":"2013-11-25T12:25:22","slug":"cum-sa-creezi-un-ambient-personalizat-un-apartament-intim-si-confortabil-cu-gust-pentru-vechi","status":"publish","type":"post","link":"https:\/\/www.imobiliare.ro\/imoexpert\/cum-sa-creezi-un-ambient-personalizat-un-apartament-intim-si-confortabil-cu-gust-pentru-vechi_db\/","title":{"rendered":"Cum s\u0103 creezi un ambient personalizat: un apartament intim \u0219i confortabil, cu gust pentru \u201evechi\u201d"},"content":{"rendered":"<p><strong>La modul ideal, orice cas\u0103 ar trebui s\u0103 reflecte personalitatea locatarului.<\/strong><\/p>\n<p>Primul principiu \u00een amenajarea unei locuin\u021be nu este ca aceasta s\u0103 se supun\u0103 celor mai noi trenduri \u00een materie de design interior. De\u0219i tendin\u021bele \u00een domeniu nu trebuie ignorate, orice cas\u0103 ar trebui s\u0103 reflecte, la modul ideal, personalitatea locatarului. Un exemplu reu\u0219it de \u201epersonalizare\u201d a unui apartament cu dou\u0103 camere este prezentat pe <strong><a class=\"article-body-links\"href=\"http:\/\/freshome.com\/\">Freshome.com<\/a><\/strong>:<\/p>\n<p><a class=\"article-body-links\"href=\"https:\/\/www.imobiliare.ro\/imoexpert\/wp-content\/uploads\/2013\/11\/Decor-personalizat-1.jpg\"><img loading=\"lazy\" decoding=\"async\" src=\"https:\/\/www.imobiliare.ro\/imoexpert\/wp-content\/uploads\/2013\/11\/Decor-personalizat-1.jpg\" alt=\"Decor personalizat 1\" width=\"594\" height=\"396\" class=\"alignleft size-full wp-image-27695\" srcset=\"https:\/\/www.imobiliare.ro\/imoexpert\/wp-content\/uploads\/2013\/11\/Decor-personalizat-1.jpg 594w, https:\/\/www.imobiliare.ro\/imoexpert\/wp-content\/uploads\/2013\/11\/Decor-personalizat-1-300x200.jpg 300w, https:\/\/www.imobiliare.ro\/imoexpert\/wp-content\/uploads\/2013\/11\/Decor-personalizat-1-87x57.jpg 87w, https:\/\/www.imobiliare.ro\/imoexpert\/wp-content\/uploads\/2013\/11\/Decor-personalizat-1-65x43.jpg 65w, https:\/\/www.imobiliare.ro\/imoexpert\/wp-content\/uploads\/2013\/11\/Decor-personalizat-1-154x103.jpg 154w\" sizes=\"auto, (max-width: 594px) 100vw, 594px\" \/><\/a><\/p>\n<p>Situat \u00eentr-o cl\u0103dire veche de peste 100 de ani (dar recent renovat\u0103) din Gothenburg, Suedia, apartamentul din imagini dispune de o suprafa\u021b\u0103 relativ redus\u0103, respectiv 60 de metri p\u0103tra\u021bi. Proprietatea este \u00eens\u0103 foarte eficient compartimentat\u0103, astfel \u00eenc\u00e2t spa\u021biul disponibil este perfect pus \u00een valoare. Designul interior urmeaz\u0103 stilul tipic suedez, ce pune accent pe confort \u0219i intimitate, cu o \u00eenclina\u021bie spre rustic \u0219i tradi\u021bional.<\/p>\n<p><a class=\"article-body-links\"href=\"https:\/\/www.imobiliare.ro\/imoexpert\/wp-content\/uploads\/2013\/11\/Decor-personalizat-2.jpg\"><img loading=\"lazy\" decoding=\"async\" src=\"https:\/\/www.imobiliare.ro\/imoexpert\/wp-content\/uploads\/2013\/11\/Decor-personalizat-2.jpg\" alt=\"Decor personalizat 2\" width=\"594\" height=\"396\" class=\"alignleft size-full wp-image-27696\" srcset=\"https:\/\/www.imobiliare.ro\/imoexpert\/wp-content\/uploads\/2013\/11\/Decor-personalizat-2.jpg 594w, https:\/\/www.imobiliare.ro\/imoexpert\/wp-content\/uploads\/2013\/11\/Decor-personalizat-2-300x200.jpg 300w, https:\/\/www.imobiliare.ro\/imoexpert\/wp-content\/uploads\/2013\/11\/Decor-personalizat-2-87x57.jpg 87w, https:\/\/www.imobiliare.ro\/imoexpert\/wp-content\/uploads\/2013\/11\/Decor-personalizat-2-65x43.jpg 65w, https:\/\/www.imobiliare.ro\/imoexpert\/wp-content\/uploads\/2013\/11\/Decor-personalizat-2-154x103.jpg 154w\" sizes=\"auto, (max-width: 594px) 100vw, 594px\" \/><\/a><br \/>\n<a class=\"article-body-links\"href=\"https:\/\/www.imobiliare.ro\/imoexpert\/wp-content\/uploads\/2013\/11\/Decor-personalizat-8.jpg\"><img loading=\"lazy\" decoding=\"async\" src=\"https:\/\/www.imobiliare.ro\/imoexpert\/wp-content\/uploads\/2013\/11\/Decor-personalizat-8.jpg\" alt=\"Decor personalizat 8\" width=\"594\" height=\"396\" class=\"alignleft size-full wp-image-27697\" srcset=\"https:\/\/www.imobiliare.ro\/imoexpert\/wp-content\/uploads\/2013\/11\/Decor-personalizat-8.jpg 594w, https:\/\/www.imobiliare.ro\/imoexpert\/wp-content\/uploads\/2013\/11\/Decor-personalizat-8-300x200.jpg 300w, https:\/\/www.imobiliare.ro\/imoexpert\/wp-content\/uploads\/2013\/11\/Decor-personalizat-8-87x57.jpg 87w, https:\/\/www.imobiliare.ro\/imoexpert\/wp-content\/uploads\/2013\/11\/Decor-personalizat-8-65x43.jpg 65w, https:\/\/www.imobiliare.ro\/imoexpert\/wp-content\/uploads\/2013\/11\/Decor-personalizat-8-154x103.jpg 154w\" sizes=\"auto, (max-width: 594px) 100vw, 594px\" \/><\/a><\/p>\n<p>\u00centregul proiect de amenajare porne\u0219te de la conturarea unui spa\u021biu deschis, luminos, ce invit\u0103 la relaxare; un rol important \u00eel are aici utilizarea din abunden\u021b\u0103 a albului (at\u00e2t pentru pere\u021bi, c\u00e2t \u0219i pentru piesele de mobilier, accesorii sau finisaje), \u00een combina\u021bie cu lumina natural\u0103, ce p\u0103trunde din plin prin ferestrele mari, neacoperite. \u00cen living, albul se g\u0103se\u0219te \u00eentr-un perfect echilibru cu sentimentul de c\u0103ldur\u0103 degajat de parchetul \u0219i mobilierul din lemn masiv; acestea dau o not\u0103 rustic\u0103 \u00eentregului decor, armoniz\u00e2ndu-se cu elemente precum \u0219emineul original, ce \u00ee\u0219i p\u0103streaz\u0103 acum doar rolul decorativ, sau decora\u021biunile textile (covora\u0219e, perne, cuverturi). Detalii precum tablourile de pe pere\u021bi, florile, lum\u00e2n\u0103rile, c\u0103r\u021bile \u0219i revistele l\u0103sate la vedere contribuie la crearea unui aer intim, profund personal.<\/p>\n<p><a class=\"article-body-links\"href=\"https:\/\/www.imobiliare.ro\/imoexpert\/wp-content\/uploads\/2013\/11\/Decor-personalizat-5.jpg\"><img loading=\"lazy\" decoding=\"async\" src=\"https:\/\/www.imobiliare.ro\/imoexpert\/wp-content\/uploads\/2013\/11\/Decor-personalizat-5.jpg\" alt=\"Decor personalizat 5\" width=\"594\" height=\"395\" class=\"alignleft size-full wp-image-27700\" srcset=\"https:\/\/www.imobiliare.ro\/imoexpert\/wp-content\/uploads\/2013\/11\/Decor-personalizat-5.jpg 594w, https:\/\/www.imobiliare.ro\/imoexpert\/wp-content\/uploads\/2013\/11\/Decor-personalizat-5-300x199.jpg 300w, https:\/\/www.imobiliare.ro\/imoexpert\/wp-content\/uploads\/2013\/11\/Decor-personalizat-5-87x57.jpg 87w, https:\/\/www.imobiliare.ro\/imoexpert\/wp-content\/uploads\/2013\/11\/Decor-personalizat-5-65x43.jpg 65w, https:\/\/www.imobiliare.ro\/imoexpert\/wp-content\/uploads\/2013\/11\/Decor-personalizat-5-154x103.jpg 154w\" sizes=\"auto, (max-width: 594px) 100vw, 594px\" \/><\/a><br \/>\n<a class=\"article-body-links\"href=\"https:\/\/www.imobiliare.ro\/imoexpert\/wp-content\/uploads\/2013\/11\/Decor-personalizat-6.jpg\"><img loading=\"lazy\" decoding=\"async\" src=\"https:\/\/www.imobiliare.ro\/imoexpert\/wp-content\/uploads\/2013\/11\/Decor-personalizat-6.jpg\" alt=\"Decor personalizat 6\" width=\"594\" height=\"399\" class=\"alignleft size-full wp-image-27701\" srcset=\"https:\/\/www.imobiliare.ro\/imoexpert\/wp-content\/uploads\/2013\/11\/Decor-personalizat-6.jpg 594w, https:\/\/www.imobiliare.ro\/imoexpert\/wp-content\/uploads\/2013\/11\/Decor-personalizat-6-300x202.jpg 300w, https:\/\/www.imobiliare.ro\/imoexpert\/wp-content\/uploads\/2013\/11\/Decor-personalizat-6-87x57.jpg 87w, https:\/\/www.imobiliare.ro\/imoexpert\/wp-content\/uploads\/2013\/11\/Decor-personalizat-6-65x43.jpg 65w, https:\/\/www.imobiliare.ro\/imoexpert\/wp-content\/uploads\/2013\/11\/Decor-personalizat-6-154x103.jpg 154w\" sizes=\"auto, (max-width: 594px) 100vw, 594px\" \/><\/a><br \/>\n<a class=\"article-body-links\"href=\"https:\/\/www.imobiliare.ro\/imoexpert\/wp-content\/uploads\/2013\/11\/Decor-personalizat-7.jpg\"><img loading=\"lazy\" decoding=\"async\" src=\"https:\/\/www.imobiliare.ro\/imoexpert\/wp-content\/uploads\/2013\/11\/Decor-personalizat-7.jpg\" alt=\"Decor personalizat 7\" width=\"594\" height=\"396\" class=\"alignleft size-full wp-image-27702\" srcset=\"https:\/\/www.imobiliare.ro\/imoexpert\/wp-content\/uploads\/2013\/11\/Decor-personalizat-7.jpg 594w, https:\/\/www.imobiliare.ro\/imoexpert\/wp-content\/uploads\/2013\/11\/Decor-personalizat-7-300x200.jpg 300w, https:\/\/www.imobiliare.ro\/imoexpert\/wp-content\/uploads\/2013\/11\/Decor-personalizat-7-87x57.jpg 87w, https:\/\/www.imobiliare.ro\/imoexpert\/wp-content\/uploads\/2013\/11\/Decor-personalizat-7-65x43.jpg 65w, https:\/\/www.imobiliare.ro\/imoexpert\/wp-content\/uploads\/2013\/11\/Decor-personalizat-7-154x103.jpg 154w\" sizes=\"auto, (max-width: 594px) 100vw, 594px\" \/><\/a><br \/>\n<a class=\"article-body-links\"href=\"https:\/\/www.imobiliare.ro\/imoexpert\/wp-content\/uploads\/2013\/11\/Decor-personalizat-3.jpg\"><img loading=\"lazy\" decoding=\"async\" src=\"https:\/\/www.imobiliare.ro\/imoexpert\/wp-content\/uploads\/2013\/11\/Decor-personalizat-3.jpg\" alt=\"Decor personalizat 3\" width=\"596\" height=\"893\" class=\"alignleft size-full wp-image-27698\" srcset=\"https:\/\/www.imobiliare.ro\/imoexpert\/wp-content\/uploads\/2013\/11\/Decor-personalizat-3.jpg 596w, https:\/\/www.imobiliare.ro\/imoexpert\/wp-content\/uploads\/2013\/11\/Decor-personalizat-3-200x300.jpg 200w\" sizes=\"auto, (max-width: 596px) 100vw, 596px\" \/><\/a><br \/>\n<a class=\"article-body-links\"href=\"https:\/\/www.imobiliare.ro\/imoexpert\/wp-content\/uploads\/2013\/11\/Decor-personalizat-4.jpg\"><img loading=\"lazy\" decoding=\"async\" src=\"https:\/\/www.imobiliare.ro\/imoexpert\/wp-content\/uploads\/2013\/11\/Decor-personalizat-4.jpg\" alt=\"Decor personalizat 4\" width=\"594\" height=\"396\" class=\"alignleft size-full wp-image-27699\" srcset=\"https:\/\/www.imobiliare.ro\/imoexpert\/wp-content\/uploads\/2013\/11\/Decor-personalizat-4.jpg 594w, https:\/\/www.imobiliare.ro\/imoexpert\/wp-content\/uploads\/2013\/11\/Decor-personalizat-4-300x200.jpg 300w, https:\/\/www.imobiliare.ro\/imoexpert\/wp-content\/uploads\/2013\/11\/Decor-personalizat-4-87x57.jpg 87w, https:\/\/www.imobiliare.ro\/imoexpert\/wp-content\/uploads\/2013\/11\/Decor-personalizat-4-65x43.jpg 65w, https:\/\/www.imobiliare.ro\/imoexpert\/wp-content\/uploads\/2013\/11\/Decor-personalizat-4-154x103.jpg 154w\" sizes=\"auto, (max-width: 594px) 100vw, 594px\" \/><\/a><\/p>\n<p>Comparativ cu livingul \u0219i buc\u0103t\u0103ria, dormitorul este zugr\u0103vit ca un spa\u021biu ceva mai auster. Acest efect rezult\u0103 at\u00e2t din predominan\u021ba albului la nivel cromatic (prezen\u021ba lemnului este redus\u0103 aici la minimum), c\u00e2t \u0219i din tendin\u021ba specific minimalist\u0103 de a integra c\u00e2t mai pu\u021bine piese de mobilier \u00een amenajare. Ca \u0219i \u00een living, nu lipsesc \u00eens\u0103 detaliile ce dau personalitate decorului (\u0219emineul, tablourile, noptierele ce evoc\u0103 imaginea unui taburet etc.).<\/p>\n<p><a class=\"article-body-links\"href=\"https:\/\/www.imobiliare.ro\/imoexpert\/wp-content\/uploads\/2013\/11\/Decor-personalizat-9.jpg\"><img loading=\"lazy\" decoding=\"async\" src=\"https:\/\/www.imobiliare.ro\/imoexpert\/wp-content\/uploads\/2013\/11\/Decor-personalizat-9.jpg\" alt=\"Decor personalizat 9\" width=\"594\" height=\"396\" class=\"alignleft size-full wp-image-27703\" srcset=\"https:\/\/www.imobiliare.ro\/imoexpert\/wp-content\/uploads\/2013\/11\/Decor-personalizat-9.jpg 594w, https:\/\/www.imobiliare.ro\/imoexpert\/wp-content\/uploads\/2013\/11\/Decor-personalizat-9-300x200.jpg 300w, https:\/\/www.imobiliare.ro\/imoexpert\/wp-content\/uploads\/2013\/11\/Decor-personalizat-9-87x57.jpg 87w, https:\/\/www.imobiliare.ro\/imoexpert\/wp-content\/uploads\/2013\/11\/Decor-personalizat-9-65x43.jpg 65w, https:\/\/www.imobiliare.ro\/imoexpert\/wp-content\/uploads\/2013\/11\/Decor-personalizat-9-154x103.jpg 154w\" sizes=\"auto, (max-width: 594px) 100vw, 594px\" \/><\/a><br \/>\n<a class=\"article-body-links\"href=\"https:\/\/www.imobiliare.ro\/imoexpert\/wp-content\/uploads\/2013\/11\/Decor-personalizat-10.jpg\"><img loading=\"lazy\" decoding=\"async\" src=\"https:\/\/www.imobiliare.ro\/imoexpert\/wp-content\/uploads\/2013\/11\/Decor-personalizat-10.jpg\" alt=\"Decor personalizat 10\" width=\"594\" height=\"396\" class=\"alignleft size-full wp-image-27704\" srcset=\"https:\/\/www.imobiliare.ro\/imoexpert\/wp-content\/uploads\/2013\/11\/Decor-personalizat-10.jpg 594w, https:\/\/www.imobiliare.ro\/imoexpert\/wp-content\/uploads\/2013\/11\/Decor-personalizat-10-300x200.jpg 300w, https:\/\/www.imobiliare.ro\/imoexpert\/wp-content\/uploads\/2013\/11\/Decor-personalizat-10-87x57.jpg 87w, https:\/\/www.imobiliare.ro\/imoexpert\/wp-content\/uploads\/2013\/11\/Decor-personalizat-10-65x43.jpg 65w, https:\/\/www.imobiliare.ro\/imoexpert\/wp-content\/uploads\/2013\/11\/Decor-personalizat-10-154x103.jpg 154w\" sizes=\"auto, (max-width: 594px) 100vw, 594px\" \/><\/a><br \/>\n<a class=\"article-body-links\"href=\"https:\/\/www.imobiliare.ro\/imoexpert\/wp-content\/uploads\/2013\/11\/Decor-personalizat-11.jpg\"><img loading=\"lazy\" decoding=\"async\" src=\"https:\/\/www.imobiliare.ro\/imoexpert\/wp-content\/uploads\/2013\/11\/Decor-personalizat-11.jpg\" alt=\"Decor personalizat 11\" width=\"596\" height=\"893\" class=\"alignleft size-full wp-image-27705\" srcset=\"https:\/\/www.imobiliare.ro\/imoexpert\/wp-content\/uploads\/2013\/11\/Decor-personalizat-11.jpg 596w, https:\/\/www.imobiliare.ro\/imoexpert\/wp-content\/uploads\/2013\/11\/Decor-personalizat-11-200x300.jpg 200w\" sizes=\"auto, (max-width: 596px) 100vw, 596px\" \/><\/a><br \/>\n<a class=\"article-body-links\"href=\"https:\/\/www.imobiliare.ro\/imoexpert\/wp-content\/uploads\/2013\/11\/Decor-personalizat-12.jpg\"><img loading=\"lazy\" decoding=\"async\" src=\"https:\/\/www.imobiliare.ro\/imoexpert\/wp-content\/uploads\/2013\/11\/Decor-personalizat-12.jpg\" alt=\"Decor personalizat 12\" width=\"596\" height=\"893\" class=\"alignleft size-full wp-image-27706\" srcset=\"https:\/\/www.imobiliare.ro\/imoexpert\/wp-content\/uploads\/2013\/11\/Decor-personalizat-12.jpg 596w, https:\/\/www.imobiliare.ro\/imoexpert\/wp-content\/uploads\/2013\/11\/Decor-personalizat-12-200x300.jpg 200w\" sizes=\"auto, (max-width: 596px) 100vw, 596px\" \/><\/a><\/p>\n<p><em><strong>Surs\u0103 foto: <a class=\"article-body-links\"href=\"http:\/\/freshome.com\/2013\/11\/12\/charming-swedish-apartment-exhibiting-original-floor-plan\/\">Freshome.com<\/a><br \/>\nCite\u0219te \u0219i: <a class=\"article-body-links\"href=\"https:\/\/www.imobiliare.ro\/articole\/inspiratie-minimalista-amestec-de-modern-cu-influente-vintage-intr-un-decor-cvasialb-negru_db\/\">Inspira\u021bie minimalist\u0103: amestec de modern cu influen\u021be vintage \u00eentr-un decor (cvasi)alb-negru<\/a><\/strong><\/em><\/p>\n","protected":false},"excerpt":{"rendered":"<p>La modul ideal, orice cas\u0103 ar trebui s\u0103 reflecte personalitatea locatarului. Primul principiu \u00een amenajarea unei locuin\u021be nu este ca aceasta s\u0103 se supun\u0103 celor mai noi trenduri \u00een materie de design interior. De\u0219i tendin\u021bele \u00een domeniu nu trebuie ignorate, orice cas\u0103 ar trebui s\u0103 reflecte, la modul ideal, personalitatea locatarului. Un exemplu reu\u0219it de [&hellip;]<\/p>\n","protected":false},"author":829,"featured_media":27695,"comment_status":"open","ping_status":"open","sticky":false,"template":"","format":"standard","meta":{"footnotes":""},"categories":[255,259],"tags":[1022,1410,1411],"content_author":[],"class_list":["post-27694","post","type-post","status-publish","format-standard","has-post-thumbnail","hentry","category-home-deco","category-stiri","tag-homedeco","tag-newsletter","tag-principal"],"yoast_head":"<!-- This site is optimized with the Yoast SEO Premium plugin v27.0 (Yoast SEO v27.0) - https:\/\/yoast.com\/product\/yoast-seo-premium-wordpress\/ -->\n<title>Cum s\u0103 creezi un ambient personalizat: un apartament intim \u0219i confortabil, cu gust pentru \u201evechi\u201d - Home &amp; Deco, \u0218tiri - ImoExpert<\/title>\n<meta name=\"description\" content=\"La modul ideal, orice cas\u0103 ar trebui s\u0103 reflecte personalitatea locatarului. Primul principiu \u00een amenajarea unei locuin\u021be nu este ca aceasta s\u0103 se supun\u0103\" \/>\n<meta name=\"robots\" content=\"index, follow\" \/>\n<link rel=\"canonical\" href=\"https:\/\/www.imobiliare.ro\/imoexpert\/cum-sa-creezi-un-ambient-personalizat-un-apartament-intim-si-confortabil-cu-gust-pentru-vechi_db\/\" \/>\n<meta property=\"og:locale\" content=\"ro_RO\" \/>\n<meta property=\"og:type\" content=\"article\" \/>\n<meta property=\"og:title\" content=\"Cum s\u0103 creezi un ambient personalizat: un apartament intim \u0219i confortabil, cu gust pentru \u201evechi\u201d\" \/>\n<meta property=\"og:description\" content=\"La modul ideal, orice cas\u0103 ar trebui s\u0103 reflecte personalitatea locatarului. Primul principiu \u00een amenajarea unei locuin\u021be nu este ca aceasta s\u0103 se supun\u0103\" \/>\n<meta property=\"og:url\" content=\"https:\/\/www.imobiliare.ro\/imoexpert\/cum-sa-creezi-un-ambient-personalizat-un-apartament-intim-si-confortabil-cu-gust-pentru-vechi_db\/\" \/>\n<meta property=\"og:site_name\" content=\"ImoExpert\" \/>\n<meta property=\"article:published_time\" content=\"2013-11-25T12:25:22+00:00\" \/>\n<meta property=\"og:image\" content=\"https:\/\/www.imobiliare.ro\/imoexpert\/wp-content\/uploads\/2013\/11\/Decor-personalizat-1.jpg\" \/>\n\t<meta property=\"og:image:width\" content=\"594\" \/>\n\t<meta property=\"og:image:height\" content=\"396\" \/>\n\t<meta property=\"og:image:type\" content=\"image\/jpeg\" \/>\n<meta name=\"author\" content=\"Adriana Dr\u0103gu\u0219in\" \/>\n<meta name=\"twitter:card\" content=\"summary_large_image\" \/>\n<meta name=\"twitter:label1\" content=\"Written by\" \/>\n\t<meta name=\"twitter:data1\" content=\"Adriana Dr\u0103gu\u0219in\" \/>\n\t<meta name=\"twitter:label2\" content=\"Est. reading time\" \/>\n\t<meta name=\"twitter:data2\" content=\"2 minute\" \/>\n<script type=\"application\/ld+json\" class=\"yoast-schema-graph\">{\"@context\":\"https:\/\/schema.org\",\"@graph\":[{\"@type\":\"Article\",\"@id\":\"https:\/\/www.imobiliare.ro\/imoexpert\/cum-sa-creezi-un-ambient-personalizat-un-apartament-intim-si-confortabil-cu-gust-pentru-vechi_db\/#article\",\"isPartOf\":{\"@id\":\"https:\/\/www.imobiliare.ro\/imoexpert\/cum-sa-creezi-un-ambient-personalizat-un-apartament-intim-si-confortabil-cu-gust-pentru-vechi_db\/\"},\"author\":{\"name\":\"Adriana Dr\u0103gu\u0219in\",\"@id\":\"https:\/\/www.imobiliare.ro\/imoexpert\/#\/schema\/person\/8c13b0297075010b896471fabf0d7790\"},\"headline\":\"Cum s\u0103 creezi un ambient personalizat: un apartament intim \u0219i confortabil, cu gust pentru \u201evechi\u201d\",\"datePublished\":\"2013-11-25T12:25:22+00:00\",\"mainEntityOfPage\":{\"@id\":\"https:\/\/www.imobiliare.ro\/imoexpert\/cum-sa-creezi-un-ambient-personalizat-un-apartament-intim-si-confortabil-cu-gust-pentru-vechi_db\/\"},\"wordCount\":396,\"commentCount\":6,\"publisher\":{\"@id\":\"https:\/\/www.imobiliare.ro\/imoexpert\/#organization\"},\"image\":{\"@id\":\"https:\/\/www.imobiliare.ro\/imoexpert\/cum-sa-creezi-un-ambient-personalizat-un-apartament-intim-si-confortabil-cu-gust-pentru-vechi_db\/#primaryimage\"},\"thumbnailUrl\":\"https:\/\/www.imobiliare.ro\/imoexpert\/wp-content\/uploads\/2013\/11\/Decor-personalizat-1.jpg\",\"keywords\":[\"Home&amp;Deco\",\"newsletter\",\"principal\"],\"articleSection\":[\"Home &amp; Deco\",\"\u0218tiri\"],\"inLanguage\":\"en\",\"potentialAction\":[{\"@type\":\"CommentAction\",\"name\":\"Comment\",\"target\":[\"https:\/\/www.imobiliare.ro\/imoexpert\/cum-sa-creezi-un-ambient-personalizat-un-apartament-intim-si-confortabil-cu-gust-pentru-vechi_db\/#respond\"]}],\"copyrightYear\":\"2013\",\"copyrightHolder\":{\"@id\":\"https:\/\/www.imobiliare.ro\/imoexpert\/#organization\"}},{\"@type\":\"WebPage\",\"@id\":\"https:\/\/www.imobiliare.ro\/imoexpert\/cum-sa-creezi-un-ambient-personalizat-un-apartament-intim-si-confortabil-cu-gust-pentru-vechi_db\/\",\"url\":\"https:\/\/www.imobiliare.ro\/imoexpert\/cum-sa-creezi-un-ambient-personalizat-un-apartament-intim-si-confortabil-cu-gust-pentru-vechi_db\/\",\"name\":\"Cum s\u0103 creezi un ambient personalizat: un apartament intim \u0219i confortabil, cu gust pentru \u201evechi\u201d - Home &amp; Deco, \u0218tiri - ImoExpert\",\"isPartOf\":{\"@id\":\"https:\/\/www.imobiliare.ro\/imoexpert\/#website\"},\"primaryImageOfPage\":{\"@id\":\"https:\/\/www.imobiliare.ro\/imoexpert\/cum-sa-creezi-un-ambient-personalizat-un-apartament-intim-si-confortabil-cu-gust-pentru-vechi_db\/#primaryimage\"},\"image\":{\"@id\":\"https:\/\/www.imobiliare.ro\/imoexpert\/cum-sa-creezi-un-ambient-personalizat-un-apartament-intim-si-confortabil-cu-gust-pentru-vechi_db\/#primaryimage\"},\"thumbnailUrl\":\"https:\/\/www.imobiliare.ro\/imoexpert\/wp-content\/uploads\/2013\/11\/Decor-personalizat-1.jpg\",\"datePublished\":\"2013-11-25T12:25:22+00:00\",\"description\":\"La modul ideal, orice cas\u0103 ar trebui s\u0103 reflecte personalitatea locatarului. Primul principiu \u00een amenajarea unei locuin\u021be nu este ca aceasta s\u0103 se supun\u0103\",\"breadcrumb\":{\"@id\":\"https:\/\/www.imobiliare.ro\/imoexpert\/cum-sa-creezi-un-ambient-personalizat-un-apartament-intim-si-confortabil-cu-gust-pentru-vechi_db\/#breadcrumb\"},\"inLanguage\":\"en\",\"potentialAction\":[{\"@type\":\"ReadAction\",\"target\":[\"https:\/\/www.imobiliare.ro\/imoexpert\/cum-sa-creezi-un-ambient-personalizat-un-apartament-intim-si-confortabil-cu-gust-pentru-vechi_db\/\"]}]},{\"@type\":\"ImageObject\",\"inLanguage\":\"en\",\"@id\":\"https:\/\/www.imobiliare.ro\/imoexpert\/cum-sa-creezi-un-ambient-personalizat-un-apartament-intim-si-confortabil-cu-gust-pentru-vechi_db\/#primaryimage\",\"url\":\"https:\/\/www.imobiliare.ro\/imoexpert\/wp-content\/uploads\/2013\/11\/Decor-personalizat-1.jpg\",\"contentUrl\":\"https:\/\/www.imobiliare.ro\/imoexpert\/wp-content\/uploads\/2013\/11\/Decor-personalizat-1.jpg\",\"width\":594,\"height\":396},{\"@type\":\"BreadcrumbList\",\"@id\":\"https:\/\/www.imobiliare.ro\/imoexpert\/cum-sa-creezi-un-ambient-personalizat-un-apartament-intim-si-confortabil-cu-gust-pentru-vechi_db\/#breadcrumb\",\"itemListElement\":[{\"@type\":\"ListItem\",\"position\":1,\"name\":\"Imoradar24\",\"item\":\"https:\/\/www.imoradar24.ro\"},{\"@type\":\"ListItem\",\"position\":2,\"name\":\"ImoExpert\",\"item\":\"https:\/\/www.imobiliare.ro\/imoexpert\/\"},{\"@type\":\"ListItem\",\"position\":3,\"name\":\"Sfaturi\",\"item\":\"https:\/\/www.imobiliare.ro\/imoexpert\/ghid-imobiliar\/\"},{\"@type\":\"ListItem\",\"position\":4,\"name\":\"Home &amp; Deco\",\"item\":\"https:\/\/www.imobiliare.ro\/imoexpert\/ghid-imobiliar\/home-deco\/\"},{\"@type\":\"ListItem\",\"position\":5,\"name\":\"Cum s\u0103 creezi un ambient personalizat: un apartament intim \u0219i confortabil, cu gust pentru \u201evechi\u201d\"}]},{\"@type\":\"WebSite\",\"@id\":\"https:\/\/www.imobiliare.ro\/imoexpert\/#website\",\"url\":\"https:\/\/www.imobiliare.ro\/imoexpert\/\",\"name\":\"ImoExpert\",\"description\":\"cele mai importante \u015ftiri din domeniul imobiliar\",\"publisher\":{\"@id\":\"https:\/\/www.imobiliare.ro\/imoexpert\/#organization\"},\"inLanguage\":\"en\"},{\"@type\":\"Organization\",\"@id\":\"https:\/\/www.imobiliare.ro\/imoexpert\/#organization\",\"name\":\"Imobiliare.ro\",\"alternateName\":\"Realmedia Network SA\",\"url\":\"https:\/\/www.imobiliare.ro\/imoexpert\/\",\"logo\":{\"@type\":\"ImageObject\",\"inLanguage\":\"en\",\"@id\":\"https:\/\/www.imobiliare.ro\/imoexpert\/#\/schema\/logo\/image\/\",\"url\":\"https:\/\/www.imobiliare.ro\/imoexpert\/wp-content\/uploads\/2025\/05\/imobiliare_logo.png\",\"contentUrl\":\"https:\/\/www.imobiliare.ro\/imoexpert\/wp-content\/uploads\/2025\/05\/imobiliare_logo.png\",\"width\":237,\"height\":29,\"caption\":\"Imobiliare.ro\"},\"image\":{\"@id\":\"https:\/\/www.imobiliare.ro\/imoexpert\/#\/schema\/logo\/image\/\"}},{\"@type\":\"Person\",\"@id\":\"https:\/\/www.imobiliare.ro\/imoexpert\/#\/schema\/person\/8c13b0297075010b896471fabf0d7790\",\"name\":\"Adriana Dr\u0103gu\u0219in\",\"image\":{\"@type\":\"ImageObject\",\"inLanguage\":\"en\",\"@id\":\"https:\/\/www.imobiliare.ro\/imoexpert\/#\/schema\/person\/image\/\",\"url\":\"https:\/\/secure.gravatar.com\/avatar\/ba4762f7517e50e679ed7f11207102d1150120f2f5800c0da98f8a15305bf514?s=96&d=mm&r=g\",\"contentUrl\":\"https:\/\/secure.gravatar.com\/avatar\/ba4762f7517e50e679ed7f11207102d1150120f2f5800c0da98f8a15305bf514?s=96&d=mm&r=g\",\"caption\":\"Adriana Dr\u0103gu\u0219in\"},\"jobTitle\":\"Editor\",\"url\":\"https:\/\/www.imobiliare.ro\/imoexpert\/author\/adriana-dragusin\/\"}]}<\/script>\n<!-- \/ Yoast SEO Premium plugin. -->","yoast_head_json":{"title":"Cum s\u0103 creezi un ambient personalizat: un apartament intim \u0219i confortabil, cu gust pentru \u201evechi\u201d - Home &amp; Deco, \u0218tiri - ImoExpert","description":"La modul ideal, orice cas\u0103 ar trebui s\u0103 reflecte personalitatea locatarului. Primul principiu \u00een amenajarea unei locuin\u021be nu este ca aceasta s\u0103 se supun\u0103","robots":{"index":"index","follow":"follow"},"canonical":"https:\/\/www.imobiliare.ro\/imoexpert\/cum-sa-creezi-un-ambient-personalizat-un-apartament-intim-si-confortabil-cu-gust-pentru-vechi_db\/","og_locale":"ro_RO","og_type":"article","og_title":"Cum s\u0103 creezi un ambient personalizat: un apartament intim \u0219i confortabil, cu gust pentru \u201evechi\u201d","og_description":"La modul ideal, orice cas\u0103 ar trebui s\u0103 reflecte personalitatea locatarului. Primul principiu \u00een amenajarea unei locuin\u021be nu este ca aceasta s\u0103 se supun\u0103","og_url":"https:\/\/www.imobiliare.ro\/imoexpert\/cum-sa-creezi-un-ambient-personalizat-un-apartament-intim-si-confortabil-cu-gust-pentru-vechi_db\/","og_site_name":"ImoExpert","article_published_time":"2013-11-25T12:25:22+00:00","og_image":[{"width":594,"height":396,"url":"https:\/\/www.imobiliare.ro\/imoexpert\/wp-content\/uploads\/2013\/11\/Decor-personalizat-1.jpg","type":"image\/jpeg"}],"author":"Adriana Dr\u0103gu\u0219in","twitter_card":"summary_large_image","twitter_misc":{"Written by":"Adriana Dr\u0103gu\u0219in","Est. reading time":"2 minute"},"schema":{"@context":"https:\/\/schema.org","@graph":[{"@type":"Article","@id":"https:\/\/www.imobiliare.ro\/imoexpert\/cum-sa-creezi-un-ambient-personalizat-un-apartament-intim-si-confortabil-cu-gust-pentru-vechi_db\/#article","isPartOf":{"@id":"https:\/\/www.imobiliare.ro\/imoexpert\/cum-sa-creezi-un-ambient-personalizat-un-apartament-intim-si-confortabil-cu-gust-pentru-vechi_db\/"},"author":{"name":"Adriana Dr\u0103gu\u0219in","@id":"https:\/\/www.imobiliare.ro\/imoexpert\/#\/schema\/person\/8c13b0297075010b896471fabf0d7790"},"headline":"Cum s\u0103 creezi un ambient personalizat: un apartament intim \u0219i confortabil, cu gust pentru \u201evechi\u201d","datePublished":"2013-11-25T12:25:22+00:00","mainEntityOfPage":{"@id":"https:\/\/www.imobiliare.ro\/imoexpert\/cum-sa-creezi-un-ambient-personalizat-un-apartament-intim-si-confortabil-cu-gust-pentru-vechi_db\/"},"wordCount":396,"commentCount":6,"publisher":{"@id":"https:\/\/www.imobiliare.ro\/imoexpert\/#organization"},"image":{"@id":"https:\/\/www.imobiliare.ro\/imoexpert\/cum-sa-creezi-un-ambient-personalizat-un-apartament-intim-si-confortabil-cu-gust-pentru-vechi_db\/#primaryimage"},"thumbnailUrl":"https:\/\/www.imobiliare.ro\/imoexpert\/wp-content\/uploads\/2013\/11\/Decor-personalizat-1.jpg","keywords":["Home&amp;Deco","newsletter","principal"],"articleSection":["Home &amp; Deco","\u0218tiri"],"inLanguage":"en","potentialAction":[{"@type":"CommentAction","name":"Comment","target":["https:\/\/www.imobiliare.ro\/imoexpert\/cum-sa-creezi-un-ambient-personalizat-un-apartament-intim-si-confortabil-cu-gust-pentru-vechi_db\/#respond"]}],"copyrightYear":"2013","copyrightHolder":{"@id":"https:\/\/www.imobiliare.ro\/imoexpert\/#organization"}},{"@type":"WebPage","@id":"https:\/\/www.imobiliare.ro\/imoexpert\/cum-sa-creezi-un-ambient-personalizat-un-apartament-intim-si-confortabil-cu-gust-pentru-vechi_db\/","url":"https:\/\/www.imobiliare.ro\/imoexpert\/cum-sa-creezi-un-ambient-personalizat-un-apartament-intim-si-confortabil-cu-gust-pentru-vechi_db\/","name":"Cum s\u0103 creezi un ambient personalizat: un apartament intim \u0219i confortabil, cu gust pentru \u201evechi\u201d - Home &amp; Deco, \u0218tiri - ImoExpert","isPartOf":{"@id":"https:\/\/www.imobiliare.ro\/imoexpert\/#website"},"primaryImageOfPage":{"@id":"https:\/\/www.imobiliare.ro\/imoexpert\/cum-sa-creezi-un-ambient-personalizat-un-apartament-intim-si-confortabil-cu-gust-pentru-vechi_db\/#primaryimage"},"image":{"@id":"https:\/\/www.imobiliare.ro\/imoexpert\/cum-sa-creezi-un-ambient-personalizat-un-apartament-intim-si-confortabil-cu-gust-pentru-vechi_db\/#primaryimage"},"thumbnailUrl":"https:\/\/www.imobiliare.ro\/imoexpert\/wp-content\/uploads\/2013\/11\/Decor-personalizat-1.jpg","datePublished":"2013-11-25T12:25:22+00:00","description":"La modul ideal, orice cas\u0103 ar trebui s\u0103 reflecte personalitatea locatarului. Primul principiu \u00een amenajarea unei locuin\u021be nu este ca aceasta s\u0103 se supun\u0103","breadcrumb":{"@id":"https:\/\/www.imobiliare.ro\/imoexpert\/cum-sa-creezi-un-ambient-personalizat-un-apartament-intim-si-confortabil-cu-gust-pentru-vechi_db\/#breadcrumb"},"inLanguage":"en","potentialAction":[{"@type":"ReadAction","target":["https:\/\/www.imobiliare.ro\/imoexpert\/cum-sa-creezi-un-ambient-personalizat-un-apartament-intim-si-confortabil-cu-gust-pentru-vechi_db\/"]}]},{"@type":"ImageObject","inLanguage":"en","@id":"https:\/\/www.imobiliare.ro\/imoexpert\/cum-sa-creezi-un-ambient-personalizat-un-apartament-intim-si-confortabil-cu-gust-pentru-vechi_db\/#primaryimage","url":"https:\/\/www.imobiliare.ro\/imoexpert\/wp-content\/uploads\/2013\/11\/Decor-personalizat-1.jpg","contentUrl":"https:\/\/www.imobiliare.ro\/imoexpert\/wp-content\/uploads\/2013\/11\/Decor-personalizat-1.jpg","width":594,"height":396},{"@type":"BreadcrumbList","@id":"https:\/\/www.imobiliare.ro\/imoexpert\/cum-sa-creezi-un-ambient-personalizat-un-apartament-intim-si-confortabil-cu-gust-pentru-vechi_db\/#breadcrumb","itemListElement":[{"@type":"ListItem","position":1,"name":"Imoradar24","item":"https:\/\/www.imoradar24.ro"},{"@type":"ListItem","position":2,"name":"ImoExpert","item":"https:\/\/www.imobiliare.ro\/imoexpert\/"},{"@type":"ListItem","position":3,"name":"Sfaturi","item":"https:\/\/www.imobiliare.ro\/imoexpert\/ghid-imobiliar\/"},{"@type":"ListItem","position":4,"name":"Home &amp; Deco","item":"https:\/\/www.imobiliare.ro\/imoexpert\/ghid-imobiliar\/home-deco\/"},{"@type":"ListItem","position":5,"name":"Cum s\u0103 creezi un ambient personalizat: un apartament intim \u0219i confortabil, cu gust pentru \u201evechi\u201d"}]},{"@type":"WebSite","@id":"https:\/\/www.imobiliare.ro\/imoexpert\/#website","url":"https:\/\/www.imobiliare.ro\/imoexpert\/","name":"ImoExpert","description":"cele mai importante \u015ftiri din domeniul imobiliar","publisher":{"@id":"https:\/\/www.imobiliare.ro\/imoexpert\/#organization"},"inLanguage":"en"},{"@type":"Organization","@id":"https:\/\/www.imobiliare.ro\/imoexpert\/#organization","name":"Imobiliare.ro","alternateName":"Realmedia Network SA","url":"https:\/\/www.imobiliare.ro\/imoexpert\/","logo":{"@type":"ImageObject","inLanguage":"en","@id":"https:\/\/www.imobiliare.ro\/imoexpert\/#\/schema\/logo\/image\/","url":"https:\/\/www.imobiliare.ro\/imoexpert\/wp-content\/uploads\/2025\/05\/imobiliare_logo.png","contentUrl":"https:\/\/www.imobiliare.ro\/imoexpert\/wp-content\/uploads\/2025\/05\/imobiliare_logo.png","width":237,"height":29,"caption":"Imobiliare.ro"},"image":{"@id":"https:\/\/www.imobiliare.ro\/imoexpert\/#\/schema\/logo\/image\/"}},{"@type":"Person","@id":"https:\/\/www.imobiliare.ro\/imoexpert\/#\/schema\/person\/8c13b0297075010b896471fabf0d7790","name":"Adriana Dr\u0103gu\u0219in","image":{"@type":"ImageObject","inLanguage":"en","@id":"https:\/\/www.imobiliare.ro\/imoexpert\/#\/schema\/person\/image\/","url":"https:\/\/secure.gravatar.com\/avatar\/ba4762f7517e50e679ed7f11207102d1150120f2f5800c0da98f8a15305bf514?s=96&d=mm&r=g","contentUrl":"https:\/\/secure.gravatar.com\/avatar\/ba4762f7517e50e679ed7f11207102d1150120f2f5800c0da98f8a15305bf514?s=96&d=mm&r=g","caption":"Adriana Dr\u0103gu\u0219in"},"jobTitle":"Editor","url":"https:\/\/www.imobiliare.ro\/imoexpert\/author\/adriana-dragusin\/"}]}},"_links":{"self":[{"href":"https:\/\/www.imobiliare.ro\/imoexpert\/wp-json\/wp\/v2\/posts\/27694","targetHints":{"allow":["GET"]}}],"collection":[{"href":"https:\/\/www.imobiliare.ro\/imoexpert\/wp-json\/wp\/v2\/posts"}],"about":[{"href":"https:\/\/www.imobiliare.ro\/imoexpert\/wp-json\/wp\/v2\/types\/post"}],"author":[{"embeddable":true,"href":"https:\/\/www.imobiliare.ro\/imoexpert\/wp-json\/wp\/v2\/users\/829"}],"replies":[{"embeddable":true,"href":"https:\/\/www.imobiliare.ro\/imoexpert\/wp-json\/wp\/v2\/comments?post=27694"}],"version-history":[{"count":0,"href":"https:\/\/www.imobiliare.ro\/imoexpert\/wp-json\/wp\/v2\/posts\/27694\/revisions"}],"wp:featuredmedia":[{"embeddable":true,"href":"https:\/\/www.imobiliare.ro\/imoexpert\/wp-json\/wp\/v2\/media\/27695"}],"wp:attachment":[{"href":"https:\/\/www.imobiliare.ro\/imoexpert\/wp-json\/wp\/v2\/media?parent=27694"}],"wp:term":[{"taxonomy":"category","embeddable":true,"href":"https:\/\/www.imobiliare.ro\/imoexpert\/wp-json\/wp\/v2\/categories?post=27694"},{"taxonomy":"post_tag","embeddable":true,"href":"https:\/\/www.imobiliare.ro\/imoexpert\/wp-json\/wp\/v2\/tags?post=27694"},{"taxonomy":"content_author","embeddable":true,"href":"https:\/\/www.imobiliare.ro\/imoexpert\/wp-json\/wp\/v2\/content_author?post=27694"}],"curies":[{"name":"wp","href":"https:\/\/api.w.org\/{rel}","templated":true}]}}