{"id":27794,"date":"2013-12-02T13:38:44","date_gmt":"2013-12-02T11:38:44","guid":{"rendered":"https:\/\/www.imobiliare.ro\/?p=27794"},"modified":"2013-12-02T13:38:44","modified_gmt":"2013-12-02T11:38:44","slug":"solutii-inteligente-pentru-spatii-mici-amenajarea-unei-garsoniere-de-16-metri-patrati","status":"publish","type":"post","link":"https:\/\/www.imobiliare.ro\/imoexpert\/solutii-inteligente-pentru-spatii-mici-amenajarea-unei-garsoniere-de-16-metri-patrati_db\/","title":{"rendered":"Solu\u021bii inteligente pentru spa\u021bii mici: amenajarea unei garsoniere de 16 metri p\u0103tra\u021bi"},"content":{"rendered":"<p><strong>Un principiu de design util \u00een astfel de cazuri const\u0103 \u00een eliberarea unei por\u021biuni c\u00e2t mai mari din podea, pentru a evita supraaglomerarea.<\/strong><\/p>\n<p>Cea mai mare provocare \u00een amenajarea unei locuin\u021be de mici dimensiuni const\u0103 \u00een a le asigura locatarilor toate cele necesare pentru un trai confortabil, evit\u00e2nd totodat\u0103 senza\u021bia de \u201esufocare\u201d. Un exemplu reu\u0219it este dat de designerii acestui mic studio din Paris, prezentat pe <strong><a class=\"article-body-links\"href=\"http:\/\/freshome.com\/\">Freshome.com<\/a><\/strong>:<\/p>\n<p><a class=\"article-body-links\"href=\"https:\/\/www.imobiliare.ro\/imoexpert\/wp-content\/uploads\/2013\/12\/Paris-studio-1.jpg\"><img loading=\"lazy\" decoding=\"async\" src=\"https:\/\/www.imobiliare.ro\/imoexpert\/wp-content\/uploads\/2013\/12\/Paris-studio-1.jpg\" alt=\"Paris studio 1\" width=\"602\" height=\"902\" class=\"alignleft size-full wp-image-27795\" srcset=\"https:\/\/www.imobiliare.ro\/imoexpert\/wp-content\/uploads\/2013\/12\/Paris-studio-1.jpg 602w, https:\/\/www.imobiliare.ro\/imoexpert\/wp-content\/uploads\/2013\/12\/Paris-studio-1-200x300.jpg 200w\" sizes=\"auto, (max-width: 602px) 100vw, 602px\" \/><\/a><\/p>\n<p>Locuin\u021ba din imagini ocup\u0103 o suprafa\u021b\u0103 util\u0103 de doar 16 metri p\u0103tra\u021bi, echivalentul unei garsoniere confort 3 din Bucure\u0219ti. La origini, acest mini-apartament a fost o&#8230; camer\u0103 de baie spa\u021bioas\u0103 &#8211; pe care proprietarii au decis s\u0103 o transforme \u00eentr-un studio independent, complet dotat \u0219i utilat. Proiectul de amenajare surprinde prin aplicarea unor solu\u021bii inteligente de design, ce permit folosirea spa\u021biului disponibil \u00eentr-un mod foarte eficient.<\/p>\n<p><a class=\"article-body-links\"href=\"https:\/\/www.imobiliare.ro\/imoexpert\/wp-content\/uploads\/2013\/12\/Paris-studio-2.jpg\"><img loading=\"lazy\" decoding=\"async\" src=\"https:\/\/www.imobiliare.ro\/imoexpert\/wp-content\/uploads\/2013\/12\/Paris-studio-2.jpg\" alt=\"Paris studio 2\" width=\"602\" height=\"902\" class=\"alignleft size-full wp-image-27796\" srcset=\"https:\/\/www.imobiliare.ro\/imoexpert\/wp-content\/uploads\/2013\/12\/Paris-studio-2.jpg 602w, https:\/\/www.imobiliare.ro\/imoexpert\/wp-content\/uploads\/2013\/12\/Paris-studio-2-200x300.jpg 200w\" sizes=\"auto, (max-width: 602px) 100vw, 602px\" \/><\/a><br \/>\n<a class=\"article-body-links\"href=\"https:\/\/www.imobiliare.ro\/imoexpert\/wp-content\/uploads\/2013\/12\/Paris-studio-3.jpg\"><img loading=\"lazy\" decoding=\"async\" src=\"https:\/\/www.imobiliare.ro\/imoexpert\/wp-content\/uploads\/2013\/12\/Paris-studio-3.jpg\" alt=\"Paris studio 3\" width=\"602\" height=\"902\" class=\"alignleft size-full wp-image-27797\" srcset=\"https:\/\/www.imobiliare.ro\/imoexpert\/wp-content\/uploads\/2013\/12\/Paris-studio-3.jpg 602w, https:\/\/www.imobiliare.ro\/imoexpert\/wp-content\/uploads\/2013\/12\/Paris-studio-3-200x300.jpg 200w\" sizes=\"auto, (max-width: 602px) 100vw, 602px\" \/><\/a><\/p>\n<p>Unica \u00eenc\u0103pere a garsonierei poate fi utilizat\u0103 at\u00e2t ca dormitor, c\u00e2t \u0219i pe post de camer\u0103 de zi; \u00een plus, \u00een dreptul ferestrei este amenajat\u0103 chiar o mic\u0103 zon\u0103 pentru birou. Una dintre liniile directoare folosite \u00een designul acestui apartament const\u0103 \u00een eliberarea unei suprafe\u021be c\u00e2t mai mari din podea, pentru a evita supraaglomerarea, l\u0103s\u00e2nd locatarilor c\u00e2t mai mult loc de mi\u0219care. Astfel, patul este \u201eascuns\u201d, \u00een mare m\u0103sur\u0103, sub platforma folosit\u0103 pentru supra\u00een\u0103l\u021barea buc\u0103t\u0103riei, l\u0103s\u00e2nd la iveal\u0103 doar o canapea \u00eengust\u0103; ca solu\u021bie de depozitare, desigenrii apeleaz\u0103 la mici dulapuri suspendate, ce dau locuin\u021bei un aer modern, pe l\u00e2ng\u0103 caracterul lor pur practic; totodat\u0103, m\u0103su\u021ba de cafea poate fi \u201estrecurat\u0103\u201d cu u\u0219urin\u021b\u0103 sub unul dintre dulapuri, devenind, practic, \u201einvizibil\u0103\u201d. <\/p>\n<p><a class=\"article-body-links\"href=\"https:\/\/www.imobiliare.ro\/imoexpert\/wp-content\/uploads\/2013\/12\/Paris-studio-4.jpg\"><img loading=\"lazy\" decoding=\"async\" src=\"https:\/\/www.imobiliare.ro\/imoexpert\/wp-content\/uploads\/2013\/12\/Paris-studio-4.jpg\" alt=\"Paris studio 4\" width=\"596\" height=\"380\" class=\"alignleft size-full wp-image-27799\" srcset=\"https:\/\/www.imobiliare.ro\/imoexpert\/wp-content\/uploads\/2013\/12\/Paris-studio-4.jpg 596w, https:\/\/www.imobiliare.ro\/imoexpert\/wp-content\/uploads\/2013\/12\/Paris-studio-4-300x191.jpg 300w\" sizes=\"auto, (max-width: 596px) 100vw, 596px\" \/><\/a><br \/>\n<a class=\"article-body-links\"href=\"https:\/\/www.imobiliare.ro\/imoexpert\/wp-content\/uploads\/2013\/12\/Paris-studio-5.jpg\"><img loading=\"lazy\" decoding=\"async\" src=\"https:\/\/www.imobiliare.ro\/imoexpert\/wp-content\/uploads\/2013\/12\/Paris-studio-5.jpg\" alt=\"Paris studio 5\" width=\"594\" height=\"320\" class=\"alignleft size-full wp-image-27798\" srcset=\"https:\/\/www.imobiliare.ro\/imoexpert\/wp-content\/uploads\/2013\/12\/Paris-studio-5.jpg 594w, https:\/\/www.imobiliare.ro\/imoexpert\/wp-content\/uploads\/2013\/12\/Paris-studio-5-300x162.jpg 300w\" sizes=\"auto, (max-width: 594px) 100vw, 594px\" \/><\/a><br \/>\n<a class=\"article-body-links\"href=\"https:\/\/www.imobiliare.ro\/imoexpert\/wp-content\/uploads\/2013\/12\/Paris-studio-6.jpg\"><img loading=\"lazy\" decoding=\"async\" src=\"https:\/\/www.imobiliare.ro\/imoexpert\/wp-content\/uploads\/2013\/12\/Paris-studio-6.jpg\" alt=\"Paris studio 6\" width=\"596\" height=\"395\" class=\"alignleft size-full wp-image-27800\" srcset=\"https:\/\/www.imobiliare.ro\/imoexpert\/wp-content\/uploads\/2013\/12\/Paris-studio-6.jpg 596w, https:\/\/www.imobiliare.ro\/imoexpert\/wp-content\/uploads\/2013\/12\/Paris-studio-6-300x199.jpg 300w, https:\/\/www.imobiliare.ro\/imoexpert\/wp-content\/uploads\/2013\/12\/Paris-studio-6-87x57.jpg 87w, https:\/\/www.imobiliare.ro\/imoexpert\/wp-content\/uploads\/2013\/12\/Paris-studio-6-65x43.jpg 65w, https:\/\/www.imobiliare.ro\/imoexpert\/wp-content\/uploads\/2013\/12\/Paris-studio-6-154x103.jpg 154w\" sizes=\"auto, (max-width: 596px) 100vw, 596px\" \/><\/a><br \/>\n<a class=\"article-body-links\"href=\"https:\/\/www.imobiliare.ro\/imoexpert\/wp-content\/uploads\/2013\/12\/Paris-studio-7.jpg\"><img loading=\"lazy\" decoding=\"async\" src=\"https:\/\/www.imobiliare.ro\/imoexpert\/wp-content\/uploads\/2013\/12\/Paris-studio-7.jpg\" alt=\"Paris studio 7\" width=\"596\" height=\"894\" class=\"alignleft size-full wp-image-27801\" srcset=\"https:\/\/www.imobiliare.ro\/imoexpert\/wp-content\/uploads\/2013\/12\/Paris-studio-7.jpg 596w, https:\/\/www.imobiliare.ro\/imoexpert\/wp-content\/uploads\/2013\/12\/Paris-studio-7-200x300.jpg 200w\" sizes=\"auto, (max-width: 596px) 100vw, 596px\" \/><\/a><\/p>\n<p>Tot \u00een ideea de a maximiza senza\u021bia de spa\u021biu, zona alocat\u0103 buc\u0103t\u0103riei este p\u0103strat\u0103 deschis\u0103 \u2013 aceasta este totu\u0219i separat\u0103 de dormitor\/camera de zi prin utilizarea solu\u021biei supra\u00een\u0103l\u021b\u0103rii. Ca \u0219i baia, buc\u0103t\u0103ria este dotat\u0103 cu toate cele necesare; aceasta din urm\u0103 dispune chiar de un loc de luat masa, prin amplasarea unui bar (\u00eengust) cu dou\u0103 scaune la marginea platformei. <\/p>\n<p><a class=\"article-body-links\"href=\"https:\/\/www.imobiliare.ro\/imoexpert\/wp-content\/uploads\/2013\/12\/Paris-studio-8.jpg\"><img loading=\"lazy\" decoding=\"async\" src=\"https:\/\/www.imobiliare.ro\/imoexpert\/wp-content\/uploads\/2013\/12\/Paris-studio-8.jpg\" alt=\"Paris studio 8\" width=\"598\" height=\"399\" class=\"alignleft size-full wp-image-27802\" srcset=\"https:\/\/www.imobiliare.ro\/imoexpert\/wp-content\/uploads\/2013\/12\/Paris-studio-8.jpg 598w, https:\/\/www.imobiliare.ro\/imoexpert\/wp-content\/uploads\/2013\/12\/Paris-studio-8-300x200.jpg 300w, https:\/\/www.imobiliare.ro\/imoexpert\/wp-content\/uploads\/2013\/12\/Paris-studio-8-87x57.jpg 87w, https:\/\/www.imobiliare.ro\/imoexpert\/wp-content\/uploads\/2013\/12\/Paris-studio-8-65x43.jpg 65w, https:\/\/www.imobiliare.ro\/imoexpert\/wp-content\/uploads\/2013\/12\/Paris-studio-8-154x103.jpg 154w\" sizes=\"auto, (max-width: 598px) 100vw, 598px\" \/><\/a><br \/>\n<a class=\"article-body-links\"href=\"https:\/\/www.imobiliare.ro\/imoexpert\/wp-content\/uploads\/2013\/12\/Paris-studio-9.jpg\"><img loading=\"lazy\" decoding=\"async\" src=\"https:\/\/www.imobiliare.ro\/imoexpert\/wp-content\/uploads\/2013\/12\/Paris-studio-9.jpg\" alt=\"Paris studio 9\" width=\"602\" height=\"902\" class=\"alignleft size-full wp-image-27803\" srcset=\"https:\/\/www.imobiliare.ro\/imoexpert\/wp-content\/uploads\/2013\/12\/Paris-studio-9.jpg 602w, https:\/\/www.imobiliare.ro\/imoexpert\/wp-content\/uploads\/2013\/12\/Paris-studio-9-200x300.jpg 200w\" sizes=\"auto, (max-width: 602px) 100vw, 602px\" \/><\/a><br \/>\n<a class=\"article-body-links\"href=\"https:\/\/www.imobiliare.ro\/imoexpert\/wp-content\/uploads\/2013\/12\/Paris-studio-10.jpg\"><img loading=\"lazy\" decoding=\"async\" src=\"https:\/\/www.imobiliare.ro\/imoexpert\/wp-content\/uploads\/2013\/12\/Paris-studio-10.jpg\" alt=\"Paris studio 10\" width=\"602\" height=\"902\" class=\"alignleft size-full wp-image-27804\" srcset=\"https:\/\/www.imobiliare.ro\/imoexpert\/wp-content\/uploads\/2013\/12\/Paris-studio-10.jpg 602w, https:\/\/www.imobiliare.ro\/imoexpert\/wp-content\/uploads\/2013\/12\/Paris-studio-10-200x300.jpg 200w\" sizes=\"auto, (max-width: 602px) 100vw, 602px\" \/><\/a><br \/>\n<a class=\"article-body-links\"href=\"https:\/\/www.imobiliare.ro\/imoexpert\/wp-content\/uploads\/2013\/12\/Paris-studio-11.jpg\"><img loading=\"lazy\" decoding=\"async\" src=\"https:\/\/www.imobiliare.ro\/imoexpert\/wp-content\/uploads\/2013\/12\/Paris-studio-11.jpg\" alt=\"Paris studio 11\" width=\"598\" height=\"897\" class=\"alignleft size-full wp-image-27805\" srcset=\"https:\/\/www.imobiliare.ro\/imoexpert\/wp-content\/uploads\/2013\/12\/Paris-studio-11.jpg 598w, https:\/\/www.imobiliare.ro\/imoexpert\/wp-content\/uploads\/2013\/12\/Paris-studio-11-200x300.jpg 200w\" sizes=\"auto, (max-width: 598px) 100vw, 598px\" \/><\/a><br \/>\n<a class=\"article-body-links\"href=\"https:\/\/www.imobiliare.ro\/imoexpert\/wp-content\/uploads\/2013\/12\/Paris-studio-12.jpg\"><img loading=\"lazy\" decoding=\"async\" src=\"https:\/\/www.imobiliare.ro\/imoexpert\/wp-content\/uploads\/2013\/12\/Paris-studio-12.jpg\" alt=\"Paris studio 12\" width=\"598\" height=\"897\" class=\"alignleft size-full wp-image-27806\" srcset=\"https:\/\/www.imobiliare.ro\/imoexpert\/wp-content\/uploads\/2013\/12\/Paris-studio-12.jpg 598w, https:\/\/www.imobiliare.ro\/imoexpert\/wp-content\/uploads\/2013\/12\/Paris-studio-12-200x300.jpg 200w\" sizes=\"auto, (max-width: 598px) 100vw, 598px\" \/><\/a><\/p>\n<p><em><strong>Surs\u0103 foto: <a class=\"article-body-links\"href=\"http:\/\/freshome.com\/2013\/11\/27\/small-apartment-paris-displaying-optimized-16m%c2%b2-surface\/small-apartment-11-4\/\">Freshome.com<\/a><br \/>\nCite\u0219te \u0219i: <a class=\"article-body-links\"href=\"https:\/\/www.imobiliare.ro\/homedeco\/10-trucuri-pentru-amenajarea-spatiilor-mici_db\/\">10 trucuri pentru amenajarea spa\u021biilor mici<\/a><\/strong><\/em><\/p>\n","protected":false},"excerpt":{"rendered":"<p>Un principiu de design util \u00een astfel de cazuri const\u0103 \u00een eliberarea unei por\u021biuni c\u00e2t mai mari din podea, pentru a evita supraaglomerarea. Cea mai mare provocare \u00een amenajarea unei locuin\u021be de mici dimensiuni const\u0103 \u00een a le asigura locatarilor toate cele necesare pentru un trai confortabil, evit\u00e2nd totodat\u0103 senza\u021bia de \u201esufocare\u201d. Un exemplu reu\u0219it [&hellip;]<\/p>\n","protected":false},"author":829,"featured_media":27795,"comment_status":"open","ping_status":"open","sticky":false,"template":"","format":"standard","meta":{"footnotes":""},"categories":[255,259],"tags":[1022,1410,1411],"content_author":[],"class_list":["post-27794","post","type-post","status-publish","format-standard","has-post-thumbnail","hentry","category-home-deco","category-stiri","tag-homedeco","tag-newsletter","tag-principal"],"yoast_head":"<!-- This site is optimized with the Yoast SEO Premium plugin v27.0 (Yoast SEO v27.0) - https:\/\/yoast.com\/product\/yoast-seo-premium-wordpress\/ -->\n<title>Solu\u021bii inteligente pentru spa\u021bii mici: amenajarea unei garsoniere de 16 metri p\u0103tra\u021bi - Home &amp; Deco, \u0218tiri - ImoExpert<\/title>\n<meta name=\"description\" content=\"Un principiu de design util \u00een astfel de cazuri const\u0103 \u00een eliberarea unei por\u021biuni c\u00e2t mai mari din podea, pentru a evita supraaglomerarea. Cea mai mare\" \/>\n<meta name=\"robots\" content=\"index, follow\" \/>\n<link rel=\"canonical\" href=\"https:\/\/www.imobiliare.ro\/imoexpert\/solutii-inteligente-pentru-spatii-mici-amenajarea-unei-garsoniere-de-16-metri-patrati_db\/\" \/>\n<meta property=\"og:locale\" content=\"ro_RO\" \/>\n<meta property=\"og:type\" content=\"article\" \/>\n<meta property=\"og:title\" content=\"Solu\u021bii inteligente pentru spa\u021bii mici: amenajarea unei garsoniere de 16 metri p\u0103tra\u021bi\" \/>\n<meta property=\"og:description\" content=\"Un principiu de design util \u00een astfel de cazuri const\u0103 \u00een eliberarea unei por\u021biuni c\u00e2t mai mari din podea, pentru a evita supraaglomerarea. Cea mai mare\" \/>\n<meta property=\"og:url\" content=\"https:\/\/www.imobiliare.ro\/imoexpert\/solutii-inteligente-pentru-spatii-mici-amenajarea-unei-garsoniere-de-16-metri-patrati_db\/\" \/>\n<meta property=\"og:site_name\" content=\"ImoExpert\" \/>\n<meta property=\"article:published_time\" content=\"2013-12-02T11:38:44+00:00\" \/>\n<meta property=\"og:image\" content=\"https:\/\/www.imobiliare.ro\/imoexpert\/wp-content\/uploads\/2013\/12\/Paris-studio-1.jpg\" \/>\n\t<meta property=\"og:image:width\" content=\"602\" \/>\n\t<meta property=\"og:image:height\" content=\"902\" \/>\n\t<meta property=\"og:image:type\" content=\"image\/jpeg\" \/>\n<meta name=\"author\" content=\"Adriana Dr\u0103gu\u0219in\" \/>\n<meta name=\"twitter:card\" content=\"summary_large_image\" \/>\n<meta name=\"twitter:label1\" content=\"Written by\" \/>\n\t<meta name=\"twitter:data1\" content=\"Adriana Dr\u0103gu\u0219in\" \/>\n\t<meta name=\"twitter:label2\" content=\"Est. reading time\" \/>\n\t<meta name=\"twitter:data2\" content=\"2 minute\" \/>\n<script type=\"application\/ld+json\" class=\"yoast-schema-graph\">{\"@context\":\"https:\/\/schema.org\",\"@graph\":[{\"@type\":\"Article\",\"@id\":\"https:\/\/www.imobiliare.ro\/imoexpert\/solutii-inteligente-pentru-spatii-mici-amenajarea-unei-garsoniere-de-16-metri-patrati_db\/#article\",\"isPartOf\":{\"@id\":\"https:\/\/www.imobiliare.ro\/imoexpert\/solutii-inteligente-pentru-spatii-mici-amenajarea-unei-garsoniere-de-16-metri-patrati_db\/\"},\"author\":{\"name\":\"Adriana Dr\u0103gu\u0219in\",\"@id\":\"https:\/\/www.imobiliare.ro\/imoexpert\/#\/schema\/person\/8c13b0297075010b896471fabf0d7790\"},\"headline\":\"Solu\u021bii inteligente pentru spa\u021bii mici: amenajarea unei garsoniere de 16 metri p\u0103tra\u021bi\",\"datePublished\":\"2013-12-02T11:38:44+00:00\",\"mainEntityOfPage\":{\"@id\":\"https:\/\/www.imobiliare.ro\/imoexpert\/solutii-inteligente-pentru-spatii-mici-amenajarea-unei-garsoniere-de-16-metri-patrati_db\/\"},\"wordCount\":388,\"commentCount\":8,\"publisher\":{\"@id\":\"https:\/\/www.imobiliare.ro\/imoexpert\/#organization\"},\"image\":{\"@id\":\"https:\/\/www.imobiliare.ro\/imoexpert\/solutii-inteligente-pentru-spatii-mici-amenajarea-unei-garsoniere-de-16-metri-patrati_db\/#primaryimage\"},\"thumbnailUrl\":\"https:\/\/www.imobiliare.ro\/imoexpert\/wp-content\/uploads\/2013\/12\/Paris-studio-1.jpg\",\"keywords\":[\"Home&amp;Deco\",\"newsletter\",\"principal\"],\"articleSection\":[\"Home &amp; Deco\",\"\u0218tiri\"],\"inLanguage\":\"en\",\"potentialAction\":[{\"@type\":\"CommentAction\",\"name\":\"Comment\",\"target\":[\"https:\/\/www.imobiliare.ro\/imoexpert\/solutii-inteligente-pentru-spatii-mici-amenajarea-unei-garsoniere-de-16-metri-patrati_db\/#respond\"]}],\"copyrightYear\":\"2013\",\"copyrightHolder\":{\"@id\":\"https:\/\/www.imobiliare.ro\/imoexpert\/#organization\"}},{\"@type\":\"WebPage\",\"@id\":\"https:\/\/www.imobiliare.ro\/imoexpert\/solutii-inteligente-pentru-spatii-mici-amenajarea-unei-garsoniere-de-16-metri-patrati_db\/\",\"url\":\"https:\/\/www.imobiliare.ro\/imoexpert\/solutii-inteligente-pentru-spatii-mici-amenajarea-unei-garsoniere-de-16-metri-patrati_db\/\",\"name\":\"Solu\u021bii inteligente pentru spa\u021bii mici: amenajarea unei garsoniere de 16 metri p\u0103tra\u021bi - Home &amp; Deco, \u0218tiri - ImoExpert\",\"isPartOf\":{\"@id\":\"https:\/\/www.imobiliare.ro\/imoexpert\/#website\"},\"primaryImageOfPage\":{\"@id\":\"https:\/\/www.imobiliare.ro\/imoexpert\/solutii-inteligente-pentru-spatii-mici-amenajarea-unei-garsoniere-de-16-metri-patrati_db\/#primaryimage\"},\"image\":{\"@id\":\"https:\/\/www.imobiliare.ro\/imoexpert\/solutii-inteligente-pentru-spatii-mici-amenajarea-unei-garsoniere-de-16-metri-patrati_db\/#primaryimage\"},\"thumbnailUrl\":\"https:\/\/www.imobiliare.ro\/imoexpert\/wp-content\/uploads\/2013\/12\/Paris-studio-1.jpg\",\"datePublished\":\"2013-12-02T11:38:44+00:00\",\"description\":\"Un principiu de design util \u00een astfel de cazuri const\u0103 \u00een eliberarea unei por\u021biuni c\u00e2t mai mari din podea, pentru a evita supraaglomerarea. Cea mai mare\",\"breadcrumb\":{\"@id\":\"https:\/\/www.imobiliare.ro\/imoexpert\/solutii-inteligente-pentru-spatii-mici-amenajarea-unei-garsoniere-de-16-metri-patrati_db\/#breadcrumb\"},\"inLanguage\":\"en\",\"potentialAction\":[{\"@type\":\"ReadAction\",\"target\":[\"https:\/\/www.imobiliare.ro\/imoexpert\/solutii-inteligente-pentru-spatii-mici-amenajarea-unei-garsoniere-de-16-metri-patrati_db\/\"]}]},{\"@type\":\"ImageObject\",\"inLanguage\":\"en\",\"@id\":\"https:\/\/www.imobiliare.ro\/imoexpert\/solutii-inteligente-pentru-spatii-mici-amenajarea-unei-garsoniere-de-16-metri-patrati_db\/#primaryimage\",\"url\":\"https:\/\/www.imobiliare.ro\/imoexpert\/wp-content\/uploads\/2013\/12\/Paris-studio-1.jpg\",\"contentUrl\":\"https:\/\/www.imobiliare.ro\/imoexpert\/wp-content\/uploads\/2013\/12\/Paris-studio-1.jpg\",\"width\":602,\"height\":902},{\"@type\":\"BreadcrumbList\",\"@id\":\"https:\/\/www.imobiliare.ro\/imoexpert\/solutii-inteligente-pentru-spatii-mici-amenajarea-unei-garsoniere-de-16-metri-patrati_db\/#breadcrumb\",\"itemListElement\":[{\"@type\":\"ListItem\",\"position\":1,\"name\":\"Imoradar24\",\"item\":\"https:\/\/www.imoradar24.ro\"},{\"@type\":\"ListItem\",\"position\":2,\"name\":\"ImoExpert\",\"item\":\"https:\/\/www.imobiliare.ro\/imoexpert\/\"},{\"@type\":\"ListItem\",\"position\":3,\"name\":\"Sfaturi\",\"item\":\"https:\/\/www.imobiliare.ro\/imoexpert\/ghid-imobiliar\/\"},{\"@type\":\"ListItem\",\"position\":4,\"name\":\"Home &amp; Deco\",\"item\":\"https:\/\/www.imobiliare.ro\/imoexpert\/ghid-imobiliar\/home-deco\/\"},{\"@type\":\"ListItem\",\"position\":5,\"name\":\"Solu\u021bii inteligente pentru spa\u021bii mici: amenajarea unei garsoniere de 16 metri p\u0103tra\u021bi\"}]},{\"@type\":\"WebSite\",\"@id\":\"https:\/\/www.imobiliare.ro\/imoexpert\/#website\",\"url\":\"https:\/\/www.imobiliare.ro\/imoexpert\/\",\"name\":\"ImoExpert\",\"description\":\"cele mai importante \u015ftiri din domeniul imobiliar\",\"publisher\":{\"@id\":\"https:\/\/www.imobiliare.ro\/imoexpert\/#organization\"},\"inLanguage\":\"en\"},{\"@type\":\"Organization\",\"@id\":\"https:\/\/www.imobiliare.ro\/imoexpert\/#organization\",\"name\":\"Imobiliare.ro\",\"alternateName\":\"Realmedia Network SA\",\"url\":\"https:\/\/www.imobiliare.ro\/imoexpert\/\",\"logo\":{\"@type\":\"ImageObject\",\"inLanguage\":\"en\",\"@id\":\"https:\/\/www.imobiliare.ro\/imoexpert\/#\/schema\/logo\/image\/\",\"url\":\"https:\/\/www.imobiliare.ro\/imoexpert\/wp-content\/uploads\/2025\/05\/imobiliare_logo.png\",\"contentUrl\":\"https:\/\/www.imobiliare.ro\/imoexpert\/wp-content\/uploads\/2025\/05\/imobiliare_logo.png\",\"width\":237,\"height\":29,\"caption\":\"Imobiliare.ro\"},\"image\":{\"@id\":\"https:\/\/www.imobiliare.ro\/imoexpert\/#\/schema\/logo\/image\/\"}},{\"@type\":\"Person\",\"@id\":\"https:\/\/www.imobiliare.ro\/imoexpert\/#\/schema\/person\/8c13b0297075010b896471fabf0d7790\",\"name\":\"Adriana Dr\u0103gu\u0219in\",\"image\":{\"@type\":\"ImageObject\",\"inLanguage\":\"en\",\"@id\":\"https:\/\/www.imobiliare.ro\/imoexpert\/#\/schema\/person\/image\/\",\"url\":\"https:\/\/secure.gravatar.com\/avatar\/ba4762f7517e50e679ed7f11207102d1150120f2f5800c0da98f8a15305bf514?s=96&d=mm&r=g\",\"contentUrl\":\"https:\/\/secure.gravatar.com\/avatar\/ba4762f7517e50e679ed7f11207102d1150120f2f5800c0da98f8a15305bf514?s=96&d=mm&r=g\",\"caption\":\"Adriana Dr\u0103gu\u0219in\"},\"jobTitle\":\"Editor\",\"url\":\"https:\/\/www.imobiliare.ro\/imoexpert\/author\/adriana-dragusin\/\"}]}<\/script>\n<!-- \/ Yoast SEO Premium plugin. -->","yoast_head_json":{"title":"Solu\u021bii inteligente pentru spa\u021bii mici: amenajarea unei garsoniere de 16 metri p\u0103tra\u021bi - Home &amp; Deco, \u0218tiri - ImoExpert","description":"Un principiu de design util \u00een astfel de cazuri const\u0103 \u00een eliberarea unei por\u021biuni c\u00e2t mai mari din podea, pentru a evita supraaglomerarea. Cea mai mare","robots":{"index":"index","follow":"follow"},"canonical":"https:\/\/www.imobiliare.ro\/imoexpert\/solutii-inteligente-pentru-spatii-mici-amenajarea-unei-garsoniere-de-16-metri-patrati_db\/","og_locale":"ro_RO","og_type":"article","og_title":"Solu\u021bii inteligente pentru spa\u021bii mici: amenajarea unei garsoniere de 16 metri p\u0103tra\u021bi","og_description":"Un principiu de design util \u00een astfel de cazuri const\u0103 \u00een eliberarea unei por\u021biuni c\u00e2t mai mari din podea, pentru a evita supraaglomerarea. Cea mai mare","og_url":"https:\/\/www.imobiliare.ro\/imoexpert\/solutii-inteligente-pentru-spatii-mici-amenajarea-unei-garsoniere-de-16-metri-patrati_db\/","og_site_name":"ImoExpert","article_published_time":"2013-12-02T11:38:44+00:00","og_image":[{"width":602,"height":902,"url":"https:\/\/www.imobiliare.ro\/imoexpert\/wp-content\/uploads\/2013\/12\/Paris-studio-1.jpg","type":"image\/jpeg"}],"author":"Adriana Dr\u0103gu\u0219in","twitter_card":"summary_large_image","twitter_misc":{"Written by":"Adriana Dr\u0103gu\u0219in","Est. reading time":"2 minute"},"schema":{"@context":"https:\/\/schema.org","@graph":[{"@type":"Article","@id":"https:\/\/www.imobiliare.ro\/imoexpert\/solutii-inteligente-pentru-spatii-mici-amenajarea-unei-garsoniere-de-16-metri-patrati_db\/#article","isPartOf":{"@id":"https:\/\/www.imobiliare.ro\/imoexpert\/solutii-inteligente-pentru-spatii-mici-amenajarea-unei-garsoniere-de-16-metri-patrati_db\/"},"author":{"name":"Adriana Dr\u0103gu\u0219in","@id":"https:\/\/www.imobiliare.ro\/imoexpert\/#\/schema\/person\/8c13b0297075010b896471fabf0d7790"},"headline":"Solu\u021bii inteligente pentru spa\u021bii mici: amenajarea unei garsoniere de 16 metri p\u0103tra\u021bi","datePublished":"2013-12-02T11:38:44+00:00","mainEntityOfPage":{"@id":"https:\/\/www.imobiliare.ro\/imoexpert\/solutii-inteligente-pentru-spatii-mici-amenajarea-unei-garsoniere-de-16-metri-patrati_db\/"},"wordCount":388,"commentCount":8,"publisher":{"@id":"https:\/\/www.imobiliare.ro\/imoexpert\/#organization"},"image":{"@id":"https:\/\/www.imobiliare.ro\/imoexpert\/solutii-inteligente-pentru-spatii-mici-amenajarea-unei-garsoniere-de-16-metri-patrati_db\/#primaryimage"},"thumbnailUrl":"https:\/\/www.imobiliare.ro\/imoexpert\/wp-content\/uploads\/2013\/12\/Paris-studio-1.jpg","keywords":["Home&amp;Deco","newsletter","principal"],"articleSection":["Home &amp; Deco","\u0218tiri"],"inLanguage":"en","potentialAction":[{"@type":"CommentAction","name":"Comment","target":["https:\/\/www.imobiliare.ro\/imoexpert\/solutii-inteligente-pentru-spatii-mici-amenajarea-unei-garsoniere-de-16-metri-patrati_db\/#respond"]}],"copyrightYear":"2013","copyrightHolder":{"@id":"https:\/\/www.imobiliare.ro\/imoexpert\/#organization"}},{"@type":"WebPage","@id":"https:\/\/www.imobiliare.ro\/imoexpert\/solutii-inteligente-pentru-spatii-mici-amenajarea-unei-garsoniere-de-16-metri-patrati_db\/","url":"https:\/\/www.imobiliare.ro\/imoexpert\/solutii-inteligente-pentru-spatii-mici-amenajarea-unei-garsoniere-de-16-metri-patrati_db\/","name":"Solu\u021bii inteligente pentru spa\u021bii mici: amenajarea unei garsoniere de 16 metri p\u0103tra\u021bi - Home &amp; Deco, \u0218tiri - ImoExpert","isPartOf":{"@id":"https:\/\/www.imobiliare.ro\/imoexpert\/#website"},"primaryImageOfPage":{"@id":"https:\/\/www.imobiliare.ro\/imoexpert\/solutii-inteligente-pentru-spatii-mici-amenajarea-unei-garsoniere-de-16-metri-patrati_db\/#primaryimage"},"image":{"@id":"https:\/\/www.imobiliare.ro\/imoexpert\/solutii-inteligente-pentru-spatii-mici-amenajarea-unei-garsoniere-de-16-metri-patrati_db\/#primaryimage"},"thumbnailUrl":"https:\/\/www.imobiliare.ro\/imoexpert\/wp-content\/uploads\/2013\/12\/Paris-studio-1.jpg","datePublished":"2013-12-02T11:38:44+00:00","description":"Un principiu de design util \u00een astfel de cazuri const\u0103 \u00een eliberarea unei por\u021biuni c\u00e2t mai mari din podea, pentru a evita supraaglomerarea. Cea mai mare","breadcrumb":{"@id":"https:\/\/www.imobiliare.ro\/imoexpert\/solutii-inteligente-pentru-spatii-mici-amenajarea-unei-garsoniere-de-16-metri-patrati_db\/#breadcrumb"},"inLanguage":"en","potentialAction":[{"@type":"ReadAction","target":["https:\/\/www.imobiliare.ro\/imoexpert\/solutii-inteligente-pentru-spatii-mici-amenajarea-unei-garsoniere-de-16-metri-patrati_db\/"]}]},{"@type":"ImageObject","inLanguage":"en","@id":"https:\/\/www.imobiliare.ro\/imoexpert\/solutii-inteligente-pentru-spatii-mici-amenajarea-unei-garsoniere-de-16-metri-patrati_db\/#primaryimage","url":"https:\/\/www.imobiliare.ro\/imoexpert\/wp-content\/uploads\/2013\/12\/Paris-studio-1.jpg","contentUrl":"https:\/\/www.imobiliare.ro\/imoexpert\/wp-content\/uploads\/2013\/12\/Paris-studio-1.jpg","width":602,"height":902},{"@type":"BreadcrumbList","@id":"https:\/\/www.imobiliare.ro\/imoexpert\/solutii-inteligente-pentru-spatii-mici-amenajarea-unei-garsoniere-de-16-metri-patrati_db\/#breadcrumb","itemListElement":[{"@type":"ListItem","position":1,"name":"Imoradar24","item":"https:\/\/www.imoradar24.ro"},{"@type":"ListItem","position":2,"name":"ImoExpert","item":"https:\/\/www.imobiliare.ro\/imoexpert\/"},{"@type":"ListItem","position":3,"name":"Sfaturi","item":"https:\/\/www.imobiliare.ro\/imoexpert\/ghid-imobiliar\/"},{"@type":"ListItem","position":4,"name":"Home &amp; Deco","item":"https:\/\/www.imobiliare.ro\/imoexpert\/ghid-imobiliar\/home-deco\/"},{"@type":"ListItem","position":5,"name":"Solu\u021bii inteligente pentru spa\u021bii mici: amenajarea unei garsoniere de 16 metri p\u0103tra\u021bi"}]},{"@type":"WebSite","@id":"https:\/\/www.imobiliare.ro\/imoexpert\/#website","url":"https:\/\/www.imobiliare.ro\/imoexpert\/","name":"ImoExpert","description":"cele mai importante \u015ftiri din domeniul imobiliar","publisher":{"@id":"https:\/\/www.imobiliare.ro\/imoexpert\/#organization"},"inLanguage":"en"},{"@type":"Organization","@id":"https:\/\/www.imobiliare.ro\/imoexpert\/#organization","name":"Imobiliare.ro","alternateName":"Realmedia Network SA","url":"https:\/\/www.imobiliare.ro\/imoexpert\/","logo":{"@type":"ImageObject","inLanguage":"en","@id":"https:\/\/www.imobiliare.ro\/imoexpert\/#\/schema\/logo\/image\/","url":"https:\/\/www.imobiliare.ro\/imoexpert\/wp-content\/uploads\/2025\/05\/imobiliare_logo.png","contentUrl":"https:\/\/www.imobiliare.ro\/imoexpert\/wp-content\/uploads\/2025\/05\/imobiliare_logo.png","width":237,"height":29,"caption":"Imobiliare.ro"},"image":{"@id":"https:\/\/www.imobiliare.ro\/imoexpert\/#\/schema\/logo\/image\/"}},{"@type":"Person","@id":"https:\/\/www.imobiliare.ro\/imoexpert\/#\/schema\/person\/8c13b0297075010b896471fabf0d7790","name":"Adriana Dr\u0103gu\u0219in","image":{"@type":"ImageObject","inLanguage":"en","@id":"https:\/\/www.imobiliare.ro\/imoexpert\/#\/schema\/person\/image\/","url":"https:\/\/secure.gravatar.com\/avatar\/ba4762f7517e50e679ed7f11207102d1150120f2f5800c0da98f8a15305bf514?s=96&d=mm&r=g","contentUrl":"https:\/\/secure.gravatar.com\/avatar\/ba4762f7517e50e679ed7f11207102d1150120f2f5800c0da98f8a15305bf514?s=96&d=mm&r=g","caption":"Adriana Dr\u0103gu\u0219in"},"jobTitle":"Editor","url":"https:\/\/www.imobiliare.ro\/imoexpert\/author\/adriana-dragusin\/"}]}},"_links":{"self":[{"href":"https:\/\/www.imobiliare.ro\/imoexpert\/wp-json\/wp\/v2\/posts\/27794","targetHints":{"allow":["GET"]}}],"collection":[{"href":"https:\/\/www.imobiliare.ro\/imoexpert\/wp-json\/wp\/v2\/posts"}],"about":[{"href":"https:\/\/www.imobiliare.ro\/imoexpert\/wp-json\/wp\/v2\/types\/post"}],"author":[{"embeddable":true,"href":"https:\/\/www.imobiliare.ro\/imoexpert\/wp-json\/wp\/v2\/users\/829"}],"replies":[{"embeddable":true,"href":"https:\/\/www.imobiliare.ro\/imoexpert\/wp-json\/wp\/v2\/comments?post=27794"}],"version-history":[{"count":0,"href":"https:\/\/www.imobiliare.ro\/imoexpert\/wp-json\/wp\/v2\/posts\/27794\/revisions"}],"wp:featuredmedia":[{"embeddable":true,"href":"https:\/\/www.imobiliare.ro\/imoexpert\/wp-json\/wp\/v2\/media\/27795"}],"wp:attachment":[{"href":"https:\/\/www.imobiliare.ro\/imoexpert\/wp-json\/wp\/v2\/media?parent=27794"}],"wp:term":[{"taxonomy":"category","embeddable":true,"href":"https:\/\/www.imobiliare.ro\/imoexpert\/wp-json\/wp\/v2\/categories?post=27794"},{"taxonomy":"post_tag","embeddable":true,"href":"https:\/\/www.imobiliare.ro\/imoexpert\/wp-json\/wp\/v2\/tags?post=27794"},{"taxonomy":"content_author","embeddable":true,"href":"https:\/\/www.imobiliare.ro\/imoexpert\/wp-json\/wp\/v2\/content_author?post=27794"}],"curies":[{"name":"wp","href":"https:\/\/api.w.org\/{rel}","templated":true}]}}