{"id":27874,"date":"2013-12-10T16:29:20","date_gmt":"2013-12-10T14:29:20","guid":{"rendered":"https:\/\/www.imobiliare.ro\/?p=27874"},"modified":"2013-12-10T16:29:20","modified_gmt":"2013-12-10T14:29:20","slug":"amprenta-unui-designer-intr-un-apartament-de-40-de-metri-patrati","status":"publish","type":"post","link":"https:\/\/www.imobiliare.ro\/imoexpert\/amprenta-unui-designer-intr-un-apartament-de-40-de-metri-patrati_db\/","title":{"rendered":"\u201eAmprenta\u201d unui designer \u00eentr-un apartament de 40 de metri p\u0103tra\u021bi"},"content":{"rendered":"<p><strong>Un proiect potrivit de amenajare poate transforma chiar \u0219i un spa\u021biu restr\u00e2ns \u00eentr-un ambient chic \u0219i original.<\/strong><\/p>\n<p>Pentru c\u0103 locuiesc, de regul\u0103, \u00een case nu foarte mari, majoritatea rom\u00e2nilor se consider\u0103 limita\u021bi \u0219i \u00een amenajarea acestora. C\u00e2t se poate de neadev\u0103rat. Un contraexemplu la aceast\u0103 idee preconceput\u0103 este prezentat pe <strong><a class=\"article-body-links\"href=\"http:\/\/freshome.com\/\">Freshome.com<\/a><\/strong>:<\/p>\n<p><a class=\"article-body-links\"href=\"https:\/\/www.imobiliare.ro\/imoexpert\/wp-content\/uploads\/2013\/12\/Arad-ap-11.jpg\"><img loading=\"lazy\" decoding=\"async\" src=\"https:\/\/www.imobiliare.ro\/imoexpert\/wp-content\/uploads\/2013\/12\/Arad-ap-11.jpg\" alt=\"Arad ap 1\" width=\"600\" height=\"401\" class=\"alignleft size-full wp-image-27876\" srcset=\"https:\/\/www.imobiliare.ro\/imoexpert\/wp-content\/uploads\/2013\/12\/Arad-ap-11.jpg 600w, https:\/\/www.imobiliare.ro\/imoexpert\/wp-content\/uploads\/2013\/12\/Arad-ap-11-300x201.jpg 300w, https:\/\/www.imobiliare.ro\/imoexpert\/wp-content\/uploads\/2013\/12\/Arad-ap-11-87x57.jpg 87w, https:\/\/www.imobiliare.ro\/imoexpert\/wp-content\/uploads\/2013\/12\/Arad-ap-11-65x43.jpg 65w, https:\/\/www.imobiliare.ro\/imoexpert\/wp-content\/uploads\/2013\/12\/Arad-ap-11-154x103.jpg 154w\" sizes=\"auto, (max-width: 600px) 100vw, 600px\" \/><\/a><\/p>\n<p>Situat \u00een Arad, apartamentul din imagini reprezint\u0103 o exemplificare perfect\u0103 a cerin\u021belor actuale din pia\u021ba reziden\u021bial\u0103: cei mai mul\u021bi cump\u0103r\u0103tori se afl\u0103 \u00een c\u0103utarea unor unit\u0103\u021bi locative cu suprafe\u021be nu foarte mari, dar inteligent compartimentate. Este adev\u0103rat c\u0103 un apartament de mici dimensiuni nu reprezint\u0103 \u201eidealul\u201d majorit\u0103\u021bii celor afla\u021bi \u00een c\u0103utarea unei case, ci, mai degrab\u0103, o solu\u021bie de compromis. Poten\u021bialul unei astfel de propriet\u0103\u021bi nu este \u00eens\u0103 deloc de ignorat: o amenajare potrivit\u0103 poate transforma chiar \u0219i un spa\u021biu restr\u00e2ns \u00eentr-un ambient c\u00e2t se poate de pl\u0103cut. Acest fapt este demonstrat de designerul de interior Cristina Bordoiu, pe propria-i&#8230; cas\u0103, ce ocup\u0103 o suprafa\u021b\u0103 de doar 40 de metri p\u0103tra\u021bi. <\/p>\n<p><a class=\"article-body-links\"href=\"https:\/\/www.imobiliare.ro\/imoexpert\/wp-content\/uploads\/2013\/12\/Arad-ap-2.jpg\"><img loading=\"lazy\" decoding=\"async\" src=\"https:\/\/www.imobiliare.ro\/imoexpert\/wp-content\/uploads\/2013\/12\/Arad-ap-2.jpg\" alt=\"Arad ap 2\" width=\"600\" height=\"401\" class=\"alignleft size-full wp-image-27877\" srcset=\"https:\/\/www.imobiliare.ro\/imoexpert\/wp-content\/uploads\/2013\/12\/Arad-ap-2.jpg 600w, https:\/\/www.imobiliare.ro\/imoexpert\/wp-content\/uploads\/2013\/12\/Arad-ap-2-300x201.jpg 300w, https:\/\/www.imobiliare.ro\/imoexpert\/wp-content\/uploads\/2013\/12\/Arad-ap-2-87x57.jpg 87w, https:\/\/www.imobiliare.ro\/imoexpert\/wp-content\/uploads\/2013\/12\/Arad-ap-2-65x43.jpg 65w, https:\/\/www.imobiliare.ro\/imoexpert\/wp-content\/uploads\/2013\/12\/Arad-ap-2-154x103.jpg 154w\" sizes=\"auto, (max-width: 600px) 100vw, 600px\" \/><\/a><br \/>\n<a class=\"article-body-links\"href=\"https:\/\/www.imobiliare.ro\/imoexpert\/wp-content\/uploads\/2013\/12\/Arad-ap-3.jpg\"><img loading=\"lazy\" decoding=\"async\" src=\"https:\/\/www.imobiliare.ro\/imoexpert\/wp-content\/uploads\/2013\/12\/Arad-ap-3.jpg\" alt=\"Arad ap 3\" width=\"600\" height=\"401\" class=\"alignleft size-full wp-image-27878\" srcset=\"https:\/\/www.imobiliare.ro\/imoexpert\/wp-content\/uploads\/2013\/12\/Arad-ap-3.jpg 600w, https:\/\/www.imobiliare.ro\/imoexpert\/wp-content\/uploads\/2013\/12\/Arad-ap-3-300x201.jpg 300w, https:\/\/www.imobiliare.ro\/imoexpert\/wp-content\/uploads\/2013\/12\/Arad-ap-3-87x57.jpg 87w, https:\/\/www.imobiliare.ro\/imoexpert\/wp-content\/uploads\/2013\/12\/Arad-ap-3-65x43.jpg 65w, https:\/\/www.imobiliare.ro\/imoexpert\/wp-content\/uploads\/2013\/12\/Arad-ap-3-154x103.jpg 154w\" sizes=\"auto, (max-width: 600px) 100vw, 600px\" \/><\/a><\/p>\n<p>Ideea din spatele designului ales pentru aceast\u0103 locuin\u021b\u0103 reprezint\u0103, de fapt, o \u201e\u00eempletire\u201d \u00eentre dou\u0103 pasiuni ale proprietarei \u2013 ciclism \u0219i natur\u0103. Totul a pornit de la o imagine \u00eent\u00e2lnit\u0103 c\u00e2ndva pe internet, cu o biciclet\u0103 integrat\u0103 \u00een interiorul unei camere de baie, poveste\u0219te Cristina Bordoiu. \u0218i-a promis atunci c\u0103 o s\u0103 aplice \u0219i ea, \u00eentr-o zi, aceast\u0103 solu\u021bie&#8230; dar \u00een felul ei. Cel mai potrivit loc pentru a pune aceast\u0103 idee \u00een aplicare s-a dovedit a fi propria sa cas\u0103, un spa\u021biu menit s\u0103 transmit\u0103 bucuria unei plimb\u0103ri cu bicicleta \u00een mijlocul naturii. Al\u0103turi de c\u00e2teva decora\u021biuni inspirat alese, paleta cromatic\u0103 folosit\u0103, ce pune accent pe culorile p\u0103m\u00e2ntului (maro, bej, verde), \u00een tonuri deschise, luminoase, recreeaz\u0103 perfect atmosfera lini\u0219tit\u0103 dintr-o p\u0103dure, \u00eentr-o zi \u00eensorit\u0103 de var\u0103. Bicicleta din baie, folosit\u0103 ca \u201esuport\u201d pentru chiuvet\u0103, invit\u0103 sugestiv la o plimbare. <\/p>\n<p><a class=\"article-body-links\"href=\"https:\/\/www.imobiliare.ro\/imoexpert\/wp-content\/uploads\/2013\/12\/Arad-ap-4.jpg\"><img loading=\"lazy\" decoding=\"async\" src=\"https:\/\/www.imobiliare.ro\/imoexpert\/wp-content\/uploads\/2013\/12\/Arad-ap-4.jpg\" alt=\"Arad ap 4\" width=\"600\" height=\"900\" class=\"alignleft size-full wp-image-27879\" srcset=\"https:\/\/www.imobiliare.ro\/imoexpert\/wp-content\/uploads\/2013\/12\/Arad-ap-4.jpg 600w, https:\/\/www.imobiliare.ro\/imoexpert\/wp-content\/uploads\/2013\/12\/Arad-ap-4-200x300.jpg 200w\" sizes=\"auto, (max-width: 600px) 100vw, 600px\" \/><\/a><br \/>\n<a class=\"article-body-links\"href=\"https:\/\/www.imobiliare.ro\/imoexpert\/wp-content\/uploads\/2013\/12\/Arad-ap-5.jpg\"><img loading=\"lazy\" decoding=\"async\" src=\"https:\/\/www.imobiliare.ro\/imoexpert\/wp-content\/uploads\/2013\/12\/Arad-ap-5.jpg\" alt=\"Arad ap 5\" width=\"600\" height=\"900\" class=\"alignleft size-full wp-image-27880\" srcset=\"https:\/\/www.imobiliare.ro\/imoexpert\/wp-content\/uploads\/2013\/12\/Arad-ap-5.jpg 600w, https:\/\/www.imobiliare.ro\/imoexpert\/wp-content\/uploads\/2013\/12\/Arad-ap-5-200x300.jpg 200w\" sizes=\"auto, (max-width: 600px) 100vw, 600px\" \/><\/a><br \/>\n<a class=\"article-body-links\"href=\"https:\/\/www.imobiliare.ro\/imoexpert\/wp-content\/uploads\/2013\/12\/Arad-ap-6.jpg\"><img loading=\"lazy\" decoding=\"async\" src=\"https:\/\/www.imobiliare.ro\/imoexpert\/wp-content\/uploads\/2013\/12\/Arad-ap-6.jpg\" alt=\"Arad ap 6\" width=\"600\" height=\"401\" class=\"alignleft size-full wp-image-27881\" srcset=\"https:\/\/www.imobiliare.ro\/imoexpert\/wp-content\/uploads\/2013\/12\/Arad-ap-6.jpg 600w, https:\/\/www.imobiliare.ro\/imoexpert\/wp-content\/uploads\/2013\/12\/Arad-ap-6-300x201.jpg 300w, https:\/\/www.imobiliare.ro\/imoexpert\/wp-content\/uploads\/2013\/12\/Arad-ap-6-87x57.jpg 87w, https:\/\/www.imobiliare.ro\/imoexpert\/wp-content\/uploads\/2013\/12\/Arad-ap-6-65x43.jpg 65w, https:\/\/www.imobiliare.ro\/imoexpert\/wp-content\/uploads\/2013\/12\/Arad-ap-6-154x103.jpg 154w\" sizes=\"auto, (max-width: 600px) 100vw, 600px\" \/><\/a><br \/>\n<a class=\"article-body-links\"href=\"https:\/\/www.imobiliare.ro\/imoexpert\/wp-content\/uploads\/2013\/12\/Arad-ap-7.jpg\"><img loading=\"lazy\" decoding=\"async\" src=\"https:\/\/www.imobiliare.ro\/imoexpert\/wp-content\/uploads\/2013\/12\/Arad-ap-7.jpg\" alt=\"Arad ap 7\" width=\"600\" height=\"900\" class=\"alignleft size-full wp-image-27884\" srcset=\"https:\/\/www.imobiliare.ro\/imoexpert\/wp-content\/uploads\/2013\/12\/Arad-ap-7.jpg 600w, https:\/\/www.imobiliare.ro\/imoexpert\/wp-content\/uploads\/2013\/12\/Arad-ap-7-200x300.jpg 200w\" sizes=\"auto, (max-width: 600px) 100vw, 600px\" \/><\/a><\/p>\n<p>Dincolo de cerin\u021bele \u00een materie de design, amenajarea acestei locuin\u021be a avut \u0219i o component\u0103 pur func\u021bional\u0103. \u00centruc\u00e2t cei 40 de metri p\u0103tra\u021bi trebuie s\u0103 r\u0103spund\u0103 nevoilor a dou\u0103 persoane, utilizarea c\u00e2t mai eficient\u0103 a suprafe\u021bei disponibile a fost esen\u021bial\u0103. Astfel, \u00eentregul apartament a fost conceput ca un spa\u021biu deschis, fluid, dormitorul comunic\u00e2nd cu livingul \u0219i cu buc\u0103t\u0103ria. Zona privat\u0103 a casei beneficiaz\u0103 totu\u0219i de o (dubl\u0103) separare vizual\u0103 de cea social\u0103 (prin intermediul bibliotecii \u0219i al draperiilor). <\/p>\n<p><a class=\"article-body-links\"href=\"https:\/\/www.imobiliare.ro\/imoexpert\/wp-content\/uploads\/2013\/12\/Arad-ap-8.jpg\"><img loading=\"lazy\" decoding=\"async\" src=\"https:\/\/www.imobiliare.ro\/imoexpert\/wp-content\/uploads\/2013\/12\/Arad-ap-8.jpg\" alt=\"Arad ap 8\" width=\"600\" height=\"401\" class=\"alignleft size-full wp-image-27885\" srcset=\"https:\/\/www.imobiliare.ro\/imoexpert\/wp-content\/uploads\/2013\/12\/Arad-ap-8.jpg 600w, https:\/\/www.imobiliare.ro\/imoexpert\/wp-content\/uploads\/2013\/12\/Arad-ap-8-300x201.jpg 300w, https:\/\/www.imobiliare.ro\/imoexpert\/wp-content\/uploads\/2013\/12\/Arad-ap-8-87x57.jpg 87w, https:\/\/www.imobiliare.ro\/imoexpert\/wp-content\/uploads\/2013\/12\/Arad-ap-8-65x43.jpg 65w, https:\/\/www.imobiliare.ro\/imoexpert\/wp-content\/uploads\/2013\/12\/Arad-ap-8-154x103.jpg 154w\" sizes=\"auto, (max-width: 600px) 100vw, 600px\" \/><\/a><br \/>\n<a class=\"article-body-links\"href=\"https:\/\/www.imobiliare.ro\/imoexpert\/wp-content\/uploads\/2013\/12\/Arad-ap-9.jpg\"><img loading=\"lazy\" decoding=\"async\" src=\"https:\/\/www.imobiliare.ro\/imoexpert\/wp-content\/uploads\/2013\/12\/Arad-ap-9.jpg\" alt=\"Arad ap 9\" width=\"600\" height=\"401\" class=\"alignleft size-full wp-image-27886\" srcset=\"https:\/\/www.imobiliare.ro\/imoexpert\/wp-content\/uploads\/2013\/12\/Arad-ap-9.jpg 600w, https:\/\/www.imobiliare.ro\/imoexpert\/wp-content\/uploads\/2013\/12\/Arad-ap-9-300x201.jpg 300w, https:\/\/www.imobiliare.ro\/imoexpert\/wp-content\/uploads\/2013\/12\/Arad-ap-9-87x57.jpg 87w, https:\/\/www.imobiliare.ro\/imoexpert\/wp-content\/uploads\/2013\/12\/Arad-ap-9-65x43.jpg 65w, https:\/\/www.imobiliare.ro\/imoexpert\/wp-content\/uploads\/2013\/12\/Arad-ap-9-154x103.jpg 154w\" sizes=\"auto, (max-width: 600px) 100vw, 600px\" \/><\/a><br \/>\n<a class=\"article-body-links\"href=\"https:\/\/www.imobiliare.ro\/imoexpert\/wp-content\/uploads\/2013\/12\/Arad-ap-10.jpg\"><img loading=\"lazy\" decoding=\"async\" src=\"https:\/\/www.imobiliare.ro\/imoexpert\/wp-content\/uploads\/2013\/12\/Arad-ap-10.jpg\" alt=\"Arad ap 10\" width=\"600\" height=\"401\" class=\"alignleft size-full wp-image-27887\" srcset=\"https:\/\/www.imobiliare.ro\/imoexpert\/wp-content\/uploads\/2013\/12\/Arad-ap-10.jpg 600w, https:\/\/www.imobiliare.ro\/imoexpert\/wp-content\/uploads\/2013\/12\/Arad-ap-10-300x201.jpg 300w, https:\/\/www.imobiliare.ro\/imoexpert\/wp-content\/uploads\/2013\/12\/Arad-ap-10-87x57.jpg 87w, https:\/\/www.imobiliare.ro\/imoexpert\/wp-content\/uploads\/2013\/12\/Arad-ap-10-65x43.jpg 65w, https:\/\/www.imobiliare.ro\/imoexpert\/wp-content\/uploads\/2013\/12\/Arad-ap-10-154x103.jpg 154w\" sizes=\"auto, (max-width: 600px) 100vw, 600px\" \/><\/a><br \/>\n<a class=\"article-body-links\"href=\"https:\/\/www.imobiliare.ro\/imoexpert\/wp-content\/uploads\/2013\/12\/Arad-ap-111.jpg\"><img loading=\"lazy\" decoding=\"async\" src=\"https:\/\/www.imobiliare.ro\/imoexpert\/wp-content\/uploads\/2013\/12\/Arad-ap-111.jpg\" alt=\"Arad ap 11\" width=\"600\" height=\"900\" class=\"alignleft size-full wp-image-27888\" srcset=\"https:\/\/www.imobiliare.ro\/imoexpert\/wp-content\/uploads\/2013\/12\/Arad-ap-111.jpg 600w, https:\/\/www.imobiliare.ro\/imoexpert\/wp-content\/uploads\/2013\/12\/Arad-ap-111-200x300.jpg 200w\" sizes=\"auto, (max-width: 600px) 100vw, 600px\" \/><\/a><br \/>\n<a class=\"article-body-links\"href=\"https:\/\/www.imobiliare.ro\/imoexpert\/wp-content\/uploads\/2013\/12\/Arad-ap-12.jpg\"><img loading=\"lazy\" decoding=\"async\" src=\"https:\/\/www.imobiliare.ro\/imoexpert\/wp-content\/uploads\/2013\/12\/Arad-ap-12.jpg\" alt=\"Arad ap 12\" width=\"600\" height=\"450\" class=\"alignleft size-full wp-image-27889\" srcset=\"https:\/\/www.imobiliare.ro\/imoexpert\/wp-content\/uploads\/2013\/12\/Arad-ap-12.jpg 600w, https:\/\/www.imobiliare.ro\/imoexpert\/wp-content\/uploads\/2013\/12\/Arad-ap-12-300x225.jpg 300w, https:\/\/www.imobiliare.ro\/imoexpert\/wp-content\/uploads\/2013\/12\/Arad-ap-12-130x97.jpg 130w\" sizes=\"auto, (max-width: 600px) 100vw, 600px\" \/><\/a><\/p>\n<p><em><strong>Surs\u0103 foto: <a class=\"article-body-links\"href=\"http:\/\/freshome.com\/2013\/12\/05\/40sqm-apartment-showcasing-highly-creative-layout-arad-romania\/\">Freshome.com<\/a>, fotografii realizate de Sorin Popa<br \/>\nCite\u0219te \u0219i: <a class=\"article-body-links\"href=\"https:\/\/www.imobiliare.ro\/homedeco\/amenajare-cu-stil-pentru-un-spatiu-redus-eleganta-la-ea-acasa-intr-un-apartament-cu-doua-camere_db\/\">Amenajare cu stil pentru un spa\u021biu redus: elegan\u021ba la ea acas\u0103, \u00eentr-un apartament cu dou\u0103 camere<\/a><\/strong><\/em><\/p>\n","protected":false},"excerpt":{"rendered":"<p>Un proiect potrivit de amenajare poate transforma chiar \u0219i un spa\u021biu restr\u00e2ns \u00eentr-un ambient chic \u0219i original. Pentru c\u0103 locuiesc, de regul\u0103, \u00een case nu foarte mari, majoritatea rom\u00e2nilor se consider\u0103 limita\u021bi \u0219i \u00een amenajarea acestora. C\u00e2t se poate de neadev\u0103rat. Un contraexemplu la aceast\u0103 idee preconceput\u0103 este prezentat pe Freshome.com: Situat \u00een Arad, apartamentul [&hellip;]<\/p>\n","protected":false},"author":829,"featured_media":27877,"comment_status":"open","ping_status":"open","sticky":false,"template":"","format":"standard","meta":{"footnotes":""},"categories":[255,259],"tags":[1022,1410,1411],"content_author":[],"class_list":["post-27874","post","type-post","status-publish","format-standard","has-post-thumbnail","hentry","category-home-deco","category-stiri","tag-homedeco","tag-newsletter","tag-principal"],"yoast_head":"<!-- This site is optimized with the Yoast SEO Premium plugin v27.0 (Yoast SEO v27.0) - https:\/\/yoast.com\/product\/yoast-seo-premium-wordpress\/ -->\n<title>\u201eAmprenta\u201d unui designer \u00eentr-un apartament de 40 de metri p\u0103tra\u021bi - Home &amp; Deco, \u0218tiri - ImoExpert<\/title>\n<meta name=\"description\" content=\"Un proiect potrivit de amenajare poate transforma chiar \u0219i un spa\u021biu restr\u00e2ns \u00eentr-un ambient chic \u0219i original. Pentru c\u0103 locuiesc, de regul\u0103, \u00een case nu\" \/>\n<meta name=\"robots\" content=\"index, follow\" \/>\n<link rel=\"canonical\" href=\"https:\/\/www.imobiliare.ro\/imoexpert\/amprenta-unui-designer-intr-un-apartament-de-40-de-metri-patrati_db\/\" \/>\n<meta property=\"og:locale\" content=\"ro_RO\" \/>\n<meta property=\"og:type\" content=\"article\" \/>\n<meta property=\"og:title\" content=\"\u201eAmprenta\u201d unui designer \u00eentr-un apartament de 40 de metri p\u0103tra\u021bi\" \/>\n<meta property=\"og:description\" content=\"Un proiect potrivit de amenajare poate transforma chiar \u0219i un spa\u021biu restr\u00e2ns \u00eentr-un ambient chic \u0219i original. Pentru c\u0103 locuiesc, de regul\u0103, \u00een case nu\" \/>\n<meta property=\"og:url\" content=\"https:\/\/www.imobiliare.ro\/imoexpert\/amprenta-unui-designer-intr-un-apartament-de-40-de-metri-patrati_db\/\" \/>\n<meta property=\"og:site_name\" content=\"ImoExpert\" \/>\n<meta property=\"article:published_time\" content=\"2013-12-10T14:29:20+00:00\" \/>\n<meta property=\"og:image\" content=\"https:\/\/www.imobiliare.ro\/imoexpert\/wp-content\/uploads\/2013\/12\/Arad-ap-2.jpg\" \/>\n\t<meta property=\"og:image:width\" content=\"600\" \/>\n\t<meta property=\"og:image:height\" content=\"401\" \/>\n\t<meta property=\"og:image:type\" content=\"image\/jpeg\" \/>\n<meta name=\"author\" content=\"Adriana Dr\u0103gu\u0219in\" \/>\n<meta name=\"twitter:card\" content=\"summary_large_image\" \/>\n<meta name=\"twitter:label1\" content=\"Written by\" \/>\n\t<meta name=\"twitter:data1\" content=\"Adriana Dr\u0103gu\u0219in\" \/>\n\t<meta name=\"twitter:label2\" content=\"Est. reading time\" \/>\n\t<meta name=\"twitter:data2\" content=\"2 minute\" \/>\n<script type=\"application\/ld+json\" class=\"yoast-schema-graph\">{\"@context\":\"https:\/\/schema.org\",\"@graph\":[{\"@type\":\"Article\",\"@id\":\"https:\/\/www.imobiliare.ro\/imoexpert\/amprenta-unui-designer-intr-un-apartament-de-40-de-metri-patrati_db\/#article\",\"isPartOf\":{\"@id\":\"https:\/\/www.imobiliare.ro\/imoexpert\/amprenta-unui-designer-intr-un-apartament-de-40-de-metri-patrati_db\/\"},\"author\":{\"name\":\"Adriana Dr\u0103gu\u0219in\",\"@id\":\"https:\/\/www.imobiliare.ro\/imoexpert\/#\/schema\/person\/8c13b0297075010b896471fabf0d7790\"},\"headline\":\"\u201eAmprenta\u201d unui designer \u00eentr-un apartament de 40 de metri p\u0103tra\u021bi\",\"datePublished\":\"2013-12-10T14:29:20+00:00\",\"mainEntityOfPage\":{\"@id\":\"https:\/\/www.imobiliare.ro\/imoexpert\/amprenta-unui-designer-intr-un-apartament-de-40-de-metri-patrati_db\/\"},\"wordCount\":475,\"commentCount\":8,\"publisher\":{\"@id\":\"https:\/\/www.imobiliare.ro\/imoexpert\/#organization\"},\"image\":{\"@id\":\"https:\/\/www.imobiliare.ro\/imoexpert\/amprenta-unui-designer-intr-un-apartament-de-40-de-metri-patrati_db\/#primaryimage\"},\"thumbnailUrl\":\"https:\/\/www.imobiliare.ro\/imoexpert\/wp-content\/uploads\/2013\/12\/Arad-ap-2.jpg\",\"keywords\":[\"Home&amp;Deco\",\"newsletter\",\"principal\"],\"articleSection\":[\"Home &amp; Deco\",\"\u0218tiri\"],\"inLanguage\":\"en\",\"potentialAction\":[{\"@type\":\"CommentAction\",\"name\":\"Comment\",\"target\":[\"https:\/\/www.imobiliare.ro\/imoexpert\/amprenta-unui-designer-intr-un-apartament-de-40-de-metri-patrati_db\/#respond\"]}],\"copyrightYear\":\"2013\",\"copyrightHolder\":{\"@id\":\"https:\/\/www.imobiliare.ro\/imoexpert\/#organization\"}},{\"@type\":\"WebPage\",\"@id\":\"https:\/\/www.imobiliare.ro\/imoexpert\/amprenta-unui-designer-intr-un-apartament-de-40-de-metri-patrati_db\/\",\"url\":\"https:\/\/www.imobiliare.ro\/imoexpert\/amprenta-unui-designer-intr-un-apartament-de-40-de-metri-patrati_db\/\",\"name\":\"\u201eAmprenta\u201d unui designer \u00eentr-un apartament de 40 de metri p\u0103tra\u021bi - Home &amp; Deco, \u0218tiri - ImoExpert\",\"isPartOf\":{\"@id\":\"https:\/\/www.imobiliare.ro\/imoexpert\/#website\"},\"primaryImageOfPage\":{\"@id\":\"https:\/\/www.imobiliare.ro\/imoexpert\/amprenta-unui-designer-intr-un-apartament-de-40-de-metri-patrati_db\/#primaryimage\"},\"image\":{\"@id\":\"https:\/\/www.imobiliare.ro\/imoexpert\/amprenta-unui-designer-intr-un-apartament-de-40-de-metri-patrati_db\/#primaryimage\"},\"thumbnailUrl\":\"https:\/\/www.imobiliare.ro\/imoexpert\/wp-content\/uploads\/2013\/12\/Arad-ap-2.jpg\",\"datePublished\":\"2013-12-10T14:29:20+00:00\",\"description\":\"Un proiect potrivit de amenajare poate transforma chiar \u0219i un spa\u021biu restr\u00e2ns \u00eentr-un ambient chic \u0219i original. Pentru c\u0103 locuiesc, de regul\u0103, \u00een case nu\",\"breadcrumb\":{\"@id\":\"https:\/\/www.imobiliare.ro\/imoexpert\/amprenta-unui-designer-intr-un-apartament-de-40-de-metri-patrati_db\/#breadcrumb\"},\"inLanguage\":\"en\",\"potentialAction\":[{\"@type\":\"ReadAction\",\"target\":[\"https:\/\/www.imobiliare.ro\/imoexpert\/amprenta-unui-designer-intr-un-apartament-de-40-de-metri-patrati_db\/\"]}]},{\"@type\":\"ImageObject\",\"inLanguage\":\"en\",\"@id\":\"https:\/\/www.imobiliare.ro\/imoexpert\/amprenta-unui-designer-intr-un-apartament-de-40-de-metri-patrati_db\/#primaryimage\",\"url\":\"https:\/\/www.imobiliare.ro\/imoexpert\/wp-content\/uploads\/2013\/12\/Arad-ap-2.jpg\",\"contentUrl\":\"https:\/\/www.imobiliare.ro\/imoexpert\/wp-content\/uploads\/2013\/12\/Arad-ap-2.jpg\",\"width\":600,\"height\":401},{\"@type\":\"BreadcrumbList\",\"@id\":\"https:\/\/www.imobiliare.ro\/imoexpert\/amprenta-unui-designer-intr-un-apartament-de-40-de-metri-patrati_db\/#breadcrumb\",\"itemListElement\":[{\"@type\":\"ListItem\",\"position\":1,\"name\":\"Imoradar24\",\"item\":\"https:\/\/www.imoradar24.ro\"},{\"@type\":\"ListItem\",\"position\":2,\"name\":\"ImoExpert\",\"item\":\"https:\/\/www.imobiliare.ro\/imoexpert\/\"},{\"@type\":\"ListItem\",\"position\":3,\"name\":\"Sfaturi\",\"item\":\"https:\/\/www.imobiliare.ro\/imoexpert\/ghid-imobiliar\/\"},{\"@type\":\"ListItem\",\"position\":4,\"name\":\"Home &amp; Deco\",\"item\":\"https:\/\/www.imobiliare.ro\/imoexpert\/ghid-imobiliar\/home-deco\/\"},{\"@type\":\"ListItem\",\"position\":5,\"name\":\"\u201eAmprenta\u201d unui designer \u00eentr-un apartament de 40 de metri p\u0103tra\u021bi\"}]},{\"@type\":\"WebSite\",\"@id\":\"https:\/\/www.imobiliare.ro\/imoexpert\/#website\",\"url\":\"https:\/\/www.imobiliare.ro\/imoexpert\/\",\"name\":\"ImoExpert\",\"description\":\"cele mai importante \u015ftiri din domeniul imobiliar\",\"publisher\":{\"@id\":\"https:\/\/www.imobiliare.ro\/imoexpert\/#organization\"},\"inLanguage\":\"en\"},{\"@type\":\"Organization\",\"@id\":\"https:\/\/www.imobiliare.ro\/imoexpert\/#organization\",\"name\":\"Imobiliare.ro\",\"alternateName\":\"Realmedia Network SA\",\"url\":\"https:\/\/www.imobiliare.ro\/imoexpert\/\",\"logo\":{\"@type\":\"ImageObject\",\"inLanguage\":\"en\",\"@id\":\"https:\/\/www.imobiliare.ro\/imoexpert\/#\/schema\/logo\/image\/\",\"url\":\"https:\/\/www.imobiliare.ro\/imoexpert\/wp-content\/uploads\/2025\/05\/imobiliare_logo.png\",\"contentUrl\":\"https:\/\/www.imobiliare.ro\/imoexpert\/wp-content\/uploads\/2025\/05\/imobiliare_logo.png\",\"width\":237,\"height\":29,\"caption\":\"Imobiliare.ro\"},\"image\":{\"@id\":\"https:\/\/www.imobiliare.ro\/imoexpert\/#\/schema\/logo\/image\/\"}},{\"@type\":\"Person\",\"@id\":\"https:\/\/www.imobiliare.ro\/imoexpert\/#\/schema\/person\/8c13b0297075010b896471fabf0d7790\",\"name\":\"Adriana Dr\u0103gu\u0219in\",\"image\":{\"@type\":\"ImageObject\",\"inLanguage\":\"en\",\"@id\":\"https:\/\/www.imobiliare.ro\/imoexpert\/#\/schema\/person\/image\/\",\"url\":\"https:\/\/secure.gravatar.com\/avatar\/ba4762f7517e50e679ed7f11207102d1150120f2f5800c0da98f8a15305bf514?s=96&d=mm&r=g\",\"contentUrl\":\"https:\/\/secure.gravatar.com\/avatar\/ba4762f7517e50e679ed7f11207102d1150120f2f5800c0da98f8a15305bf514?s=96&d=mm&r=g\",\"caption\":\"Adriana Dr\u0103gu\u0219in\"},\"jobTitle\":\"Editor\",\"url\":\"https:\/\/www.imobiliare.ro\/imoexpert\/author\/adriana-dragusin\/\"}]}<\/script>\n<!-- \/ Yoast SEO Premium plugin. -->","yoast_head_json":{"title":"\u201eAmprenta\u201d unui designer \u00eentr-un apartament de 40 de metri p\u0103tra\u021bi - Home &amp; Deco, \u0218tiri - ImoExpert","description":"Un proiect potrivit de amenajare poate transforma chiar \u0219i un spa\u021biu restr\u00e2ns \u00eentr-un ambient chic \u0219i original. Pentru c\u0103 locuiesc, de regul\u0103, \u00een case nu","robots":{"index":"index","follow":"follow"},"canonical":"https:\/\/www.imobiliare.ro\/imoexpert\/amprenta-unui-designer-intr-un-apartament-de-40-de-metri-patrati_db\/","og_locale":"ro_RO","og_type":"article","og_title":"\u201eAmprenta\u201d unui designer \u00eentr-un apartament de 40 de metri p\u0103tra\u021bi","og_description":"Un proiect potrivit de amenajare poate transforma chiar \u0219i un spa\u021biu restr\u00e2ns \u00eentr-un ambient chic \u0219i original. Pentru c\u0103 locuiesc, de regul\u0103, \u00een case nu","og_url":"https:\/\/www.imobiliare.ro\/imoexpert\/amprenta-unui-designer-intr-un-apartament-de-40-de-metri-patrati_db\/","og_site_name":"ImoExpert","article_published_time":"2013-12-10T14:29:20+00:00","og_image":[{"width":600,"height":401,"url":"https:\/\/www.imobiliare.ro\/imoexpert\/wp-content\/uploads\/2013\/12\/Arad-ap-2.jpg","type":"image\/jpeg"}],"author":"Adriana Dr\u0103gu\u0219in","twitter_card":"summary_large_image","twitter_misc":{"Written by":"Adriana Dr\u0103gu\u0219in","Est. reading time":"2 minute"},"schema":{"@context":"https:\/\/schema.org","@graph":[{"@type":"Article","@id":"https:\/\/www.imobiliare.ro\/imoexpert\/amprenta-unui-designer-intr-un-apartament-de-40-de-metri-patrati_db\/#article","isPartOf":{"@id":"https:\/\/www.imobiliare.ro\/imoexpert\/amprenta-unui-designer-intr-un-apartament-de-40-de-metri-patrati_db\/"},"author":{"name":"Adriana Dr\u0103gu\u0219in","@id":"https:\/\/www.imobiliare.ro\/imoexpert\/#\/schema\/person\/8c13b0297075010b896471fabf0d7790"},"headline":"\u201eAmprenta\u201d unui designer \u00eentr-un apartament de 40 de metri p\u0103tra\u021bi","datePublished":"2013-12-10T14:29:20+00:00","mainEntityOfPage":{"@id":"https:\/\/www.imobiliare.ro\/imoexpert\/amprenta-unui-designer-intr-un-apartament-de-40-de-metri-patrati_db\/"},"wordCount":475,"commentCount":8,"publisher":{"@id":"https:\/\/www.imobiliare.ro\/imoexpert\/#organization"},"image":{"@id":"https:\/\/www.imobiliare.ro\/imoexpert\/amprenta-unui-designer-intr-un-apartament-de-40-de-metri-patrati_db\/#primaryimage"},"thumbnailUrl":"https:\/\/www.imobiliare.ro\/imoexpert\/wp-content\/uploads\/2013\/12\/Arad-ap-2.jpg","keywords":["Home&amp;Deco","newsletter","principal"],"articleSection":["Home &amp; Deco","\u0218tiri"],"inLanguage":"en","potentialAction":[{"@type":"CommentAction","name":"Comment","target":["https:\/\/www.imobiliare.ro\/imoexpert\/amprenta-unui-designer-intr-un-apartament-de-40-de-metri-patrati_db\/#respond"]}],"copyrightYear":"2013","copyrightHolder":{"@id":"https:\/\/www.imobiliare.ro\/imoexpert\/#organization"}},{"@type":"WebPage","@id":"https:\/\/www.imobiliare.ro\/imoexpert\/amprenta-unui-designer-intr-un-apartament-de-40-de-metri-patrati_db\/","url":"https:\/\/www.imobiliare.ro\/imoexpert\/amprenta-unui-designer-intr-un-apartament-de-40-de-metri-patrati_db\/","name":"\u201eAmprenta\u201d unui designer \u00eentr-un apartament de 40 de metri p\u0103tra\u021bi - Home &amp; Deco, \u0218tiri - ImoExpert","isPartOf":{"@id":"https:\/\/www.imobiliare.ro\/imoexpert\/#website"},"primaryImageOfPage":{"@id":"https:\/\/www.imobiliare.ro\/imoexpert\/amprenta-unui-designer-intr-un-apartament-de-40-de-metri-patrati_db\/#primaryimage"},"image":{"@id":"https:\/\/www.imobiliare.ro\/imoexpert\/amprenta-unui-designer-intr-un-apartament-de-40-de-metri-patrati_db\/#primaryimage"},"thumbnailUrl":"https:\/\/www.imobiliare.ro\/imoexpert\/wp-content\/uploads\/2013\/12\/Arad-ap-2.jpg","datePublished":"2013-12-10T14:29:20+00:00","description":"Un proiect potrivit de amenajare poate transforma chiar \u0219i un spa\u021biu restr\u00e2ns \u00eentr-un ambient chic \u0219i original. Pentru c\u0103 locuiesc, de regul\u0103, \u00een case nu","breadcrumb":{"@id":"https:\/\/www.imobiliare.ro\/imoexpert\/amprenta-unui-designer-intr-un-apartament-de-40-de-metri-patrati_db\/#breadcrumb"},"inLanguage":"en","potentialAction":[{"@type":"ReadAction","target":["https:\/\/www.imobiliare.ro\/imoexpert\/amprenta-unui-designer-intr-un-apartament-de-40-de-metri-patrati_db\/"]}]},{"@type":"ImageObject","inLanguage":"en","@id":"https:\/\/www.imobiliare.ro\/imoexpert\/amprenta-unui-designer-intr-un-apartament-de-40-de-metri-patrati_db\/#primaryimage","url":"https:\/\/www.imobiliare.ro\/imoexpert\/wp-content\/uploads\/2013\/12\/Arad-ap-2.jpg","contentUrl":"https:\/\/www.imobiliare.ro\/imoexpert\/wp-content\/uploads\/2013\/12\/Arad-ap-2.jpg","width":600,"height":401},{"@type":"BreadcrumbList","@id":"https:\/\/www.imobiliare.ro\/imoexpert\/amprenta-unui-designer-intr-un-apartament-de-40-de-metri-patrati_db\/#breadcrumb","itemListElement":[{"@type":"ListItem","position":1,"name":"Imoradar24","item":"https:\/\/www.imoradar24.ro"},{"@type":"ListItem","position":2,"name":"ImoExpert","item":"https:\/\/www.imobiliare.ro\/imoexpert\/"},{"@type":"ListItem","position":3,"name":"Sfaturi","item":"https:\/\/www.imobiliare.ro\/imoexpert\/ghid-imobiliar\/"},{"@type":"ListItem","position":4,"name":"Home &amp; Deco","item":"https:\/\/www.imobiliare.ro\/imoexpert\/ghid-imobiliar\/home-deco\/"},{"@type":"ListItem","position":5,"name":"\u201eAmprenta\u201d unui designer \u00eentr-un apartament de 40 de metri p\u0103tra\u021bi"}]},{"@type":"WebSite","@id":"https:\/\/www.imobiliare.ro\/imoexpert\/#website","url":"https:\/\/www.imobiliare.ro\/imoexpert\/","name":"ImoExpert","description":"cele mai importante \u015ftiri din domeniul imobiliar","publisher":{"@id":"https:\/\/www.imobiliare.ro\/imoexpert\/#organization"},"inLanguage":"en"},{"@type":"Organization","@id":"https:\/\/www.imobiliare.ro\/imoexpert\/#organization","name":"Imobiliare.ro","alternateName":"Realmedia Network SA","url":"https:\/\/www.imobiliare.ro\/imoexpert\/","logo":{"@type":"ImageObject","inLanguage":"en","@id":"https:\/\/www.imobiliare.ro\/imoexpert\/#\/schema\/logo\/image\/","url":"https:\/\/www.imobiliare.ro\/imoexpert\/wp-content\/uploads\/2025\/05\/imobiliare_logo.png","contentUrl":"https:\/\/www.imobiliare.ro\/imoexpert\/wp-content\/uploads\/2025\/05\/imobiliare_logo.png","width":237,"height":29,"caption":"Imobiliare.ro"},"image":{"@id":"https:\/\/www.imobiliare.ro\/imoexpert\/#\/schema\/logo\/image\/"}},{"@type":"Person","@id":"https:\/\/www.imobiliare.ro\/imoexpert\/#\/schema\/person\/8c13b0297075010b896471fabf0d7790","name":"Adriana Dr\u0103gu\u0219in","image":{"@type":"ImageObject","inLanguage":"en","@id":"https:\/\/www.imobiliare.ro\/imoexpert\/#\/schema\/person\/image\/","url":"https:\/\/secure.gravatar.com\/avatar\/ba4762f7517e50e679ed7f11207102d1150120f2f5800c0da98f8a15305bf514?s=96&d=mm&r=g","contentUrl":"https:\/\/secure.gravatar.com\/avatar\/ba4762f7517e50e679ed7f11207102d1150120f2f5800c0da98f8a15305bf514?s=96&d=mm&r=g","caption":"Adriana Dr\u0103gu\u0219in"},"jobTitle":"Editor","url":"https:\/\/www.imobiliare.ro\/imoexpert\/author\/adriana-dragusin\/"}]}},"_links":{"self":[{"href":"https:\/\/www.imobiliare.ro\/imoexpert\/wp-json\/wp\/v2\/posts\/27874","targetHints":{"allow":["GET"]}}],"collection":[{"href":"https:\/\/www.imobiliare.ro\/imoexpert\/wp-json\/wp\/v2\/posts"}],"about":[{"href":"https:\/\/www.imobiliare.ro\/imoexpert\/wp-json\/wp\/v2\/types\/post"}],"author":[{"embeddable":true,"href":"https:\/\/www.imobiliare.ro\/imoexpert\/wp-json\/wp\/v2\/users\/829"}],"replies":[{"embeddable":true,"href":"https:\/\/www.imobiliare.ro\/imoexpert\/wp-json\/wp\/v2\/comments?post=27874"}],"version-history":[{"count":0,"href":"https:\/\/www.imobiliare.ro\/imoexpert\/wp-json\/wp\/v2\/posts\/27874\/revisions"}],"wp:featuredmedia":[{"embeddable":true,"href":"https:\/\/www.imobiliare.ro\/imoexpert\/wp-json\/wp\/v2\/media\/27877"}],"wp:attachment":[{"href":"https:\/\/www.imobiliare.ro\/imoexpert\/wp-json\/wp\/v2\/media?parent=27874"}],"wp:term":[{"taxonomy":"category","embeddable":true,"href":"https:\/\/www.imobiliare.ro\/imoexpert\/wp-json\/wp\/v2\/categories?post=27874"},{"taxonomy":"post_tag","embeddable":true,"href":"https:\/\/www.imobiliare.ro\/imoexpert\/wp-json\/wp\/v2\/tags?post=27874"},{"taxonomy":"content_author","embeddable":true,"href":"https:\/\/www.imobiliare.ro\/imoexpert\/wp-json\/wp\/v2\/content_author?post=27874"}],"curies":[{"name":"wp","href":"https:\/\/api.w.org\/{rel}","templated":true}]}}