{"id":28122,"date":"2014-01-13T13:15:44","date_gmt":"2014-01-13T11:15:44","guid":{"rendered":"https:\/\/www.imobiliare.ro\/?p=28122"},"modified":"2014-01-13T13:15:44","modified_gmt":"2014-01-13T11:15:44","slug":"ce-poti-face-dintr-un-apartament-cu-2-camere-confort-si-rafinament-in-stil-minimalist","status":"publish","type":"post","link":"https:\/\/www.imobiliare.ro\/imoexpert\/ce-poti-face-dintr-un-apartament-cu-2-camere-confort-si-rafinament-in-stil-minimalist_db\/","title":{"rendered":"Ce po\u021bi face dintr-un apartament cu 2 camere: confort \u0219i rafinament \u00een stil minimalist"},"content":{"rendered":"<p><strong>O palet\u0103 cromatic\u0103 bazat\u0103 pe contrastul dintre alb \u0219i negru inspir\u0103 simplitate \u0219i elegan\u021b\u0103.<\/strong> <\/p>\n<p>\u00cen procesul de amenajare a unui apartament cu dou\u0103 camere, cei mai mul\u021bi rom\u00e2ni se concentreaz\u0103 \u00een mod preponderent asupra factorului func\u021bionalitate, neglij\u00e2ndu-l adesea pe cel de design. Proprietatea de mai jos, prezentat\u0103 pe <strong><a class=\"article-body-links\"href=\"http:\/\/freshome.com\/\">Freshome.com<\/a><\/strong>, demonstreaz\u0103 \u00eens\u0103 c\u0103 cele dou\u0103 obiective nu trebuie s\u0103 se exclud\u0103 reciproc: <\/p>\n<p><a class=\"article-body-links\"href=\"https:\/\/www.imobiliare.ro\/imoexpert\/wp-content\/uploads\/2014\/01\/Budapesta-apartment-1.jpg\"><img loading=\"lazy\" decoding=\"async\" src=\"https:\/\/www.imobiliare.ro\/imoexpert\/wp-content\/uploads\/2014\/01\/Budapesta-apartment-1.jpg\" alt=\"Budapesta apartment 1\" width=\"600\" height=\"400\" class=\"alignleft size-full wp-image-28123\" srcset=\"https:\/\/www.imobiliare.ro\/imoexpert\/wp-content\/uploads\/2014\/01\/Budapesta-apartment-1.jpg 600w, https:\/\/www.imobiliare.ro\/imoexpert\/wp-content\/uploads\/2014\/01\/Budapesta-apartment-1-300x200.jpg 300w, https:\/\/www.imobiliare.ro\/imoexpert\/wp-content\/uploads\/2014\/01\/Budapesta-apartment-1-87x57.jpg 87w, https:\/\/www.imobiliare.ro\/imoexpert\/wp-content\/uploads\/2014\/01\/Budapesta-apartment-1-65x43.jpg 65w, https:\/\/www.imobiliare.ro\/imoexpert\/wp-content\/uploads\/2014\/01\/Budapesta-apartment-1-154x103.jpg 154w\" sizes=\"auto, (max-width: 600px) 100vw, 600px\" \/><\/a><\/p>\n<p>Situat \u00een centrul Budapestei, Ungaria, apartamentul din imagini ocup\u0103 o suprafa\u021b\u0103 util\u0103 de 73 de metri p\u0103tra\u021bi. Compus dintr-un dormitor, living, buc\u0103t\u0103rie \u0219i b\u0103i, acesta se distinge printr-o compartimentare modern\u0103 \u0219i beneficiaz\u0103 de avantajul unei terase generoase. Pornind de la dorin\u021ba expres\u0103 a beneficiarului, designerul Kata Koppany creeaz\u0103 un ambient contemporan \u0219i elegant, apel\u00e2nd la un stil minimalist. <\/p>\n<p><a class=\"article-body-links\"href=\"https:\/\/www.imobiliare.ro\/imoexpert\/wp-content\/uploads\/2014\/01\/Budapesta-apartment-2.jpg\"><img loading=\"lazy\" decoding=\"async\" src=\"https:\/\/www.imobiliare.ro\/imoexpert\/wp-content\/uploads\/2014\/01\/Budapesta-apartment-2.jpg\" alt=\"Budapesta apartment 2\" width=\"600\" height=\"400\" class=\"alignleft size-full wp-image-28124\" srcset=\"https:\/\/www.imobiliare.ro\/imoexpert\/wp-content\/uploads\/2014\/01\/Budapesta-apartment-2.jpg 600w, https:\/\/www.imobiliare.ro\/imoexpert\/wp-content\/uploads\/2014\/01\/Budapesta-apartment-2-300x200.jpg 300w, https:\/\/www.imobiliare.ro\/imoexpert\/wp-content\/uploads\/2014\/01\/Budapesta-apartment-2-87x57.jpg 87w, https:\/\/www.imobiliare.ro\/imoexpert\/wp-content\/uploads\/2014\/01\/Budapesta-apartment-2-65x43.jpg 65w, https:\/\/www.imobiliare.ro\/imoexpert\/wp-content\/uploads\/2014\/01\/Budapesta-apartment-2-154x103.jpg 154w\" sizes=\"auto, (max-width: 600px) 100vw, 600px\" \/><\/a><br \/>\n<a class=\"article-body-links\"href=\"https:\/\/www.imobiliare.ro\/imoexpert\/wp-content\/uploads\/2014\/01\/Budapesta-Apartment-3.jpg\"><img loading=\"lazy\" decoding=\"async\" src=\"https:\/\/www.imobiliare.ro\/imoexpert\/wp-content\/uploads\/2014\/01\/Budapesta-Apartment-3.jpg\" alt=\"Budapesta Apartment 3\" width=\"600\" height=\"510\" class=\"alignleft size-full wp-image-28125\" srcset=\"https:\/\/www.imobiliare.ro\/imoexpert\/wp-content\/uploads\/2014\/01\/Budapesta-Apartment-3.jpg 600w, https:\/\/www.imobiliare.ro\/imoexpert\/wp-content\/uploads\/2014\/01\/Budapesta-Apartment-3-300x255.jpg 300w\" sizes=\"auto, (max-width: 600px) 100vw, 600px\" \/><\/a><\/p>\n<p>Zona social\u0103 a casei, compus\u0103 din living, zon\u0103 de dining \u0219i buc\u0103t\u0103rie, este conceput\u0103 ca un spa\u021biu amplu, deschis, tipic modern. Paleta cromatic\u0103 folosit\u0103, bazat\u0103 pe contrastul dintre alb \u0219i negru, este una tipic minimalist\u0103, ce inspir\u0103 simplitate \u0219i elegan\u021b\u0103; nuan\u021bele calde de crem, al\u0103turi de inserarea unor elemente vii \u00een \u201epeisaj\u201d (plantele decorative, florile \u0219i fructele), atenueaz\u0103 sobrietatea \u00eentregului decor, conferindu-i prospe\u021bime \u0219i dinamism. Potrivit cu dorin\u021ba proprietarului, amenajarea acestui apartament atrage aten\u021bia prin c\u00e2teva elemente originale de design: peretele dinspre buc\u0103t\u0103rie, finisat \u00een mod deosebit \u0219i decorat cu un ceas cu design contemporan, \u0219emineul de pe perete, sistemul modern de iluminare etc.<\/p>\n<p><a class=\"article-body-links\"href=\"https:\/\/www.imobiliare.ro\/imoexpert\/wp-content\/uploads\/2014\/01\/Budapesta-apartment-4.jpg\"><img loading=\"lazy\" decoding=\"async\" src=\"https:\/\/www.imobiliare.ro\/imoexpert\/wp-content\/uploads\/2014\/01\/Budapesta-apartment-4.jpg\" alt=\"Budapesta apartment 4\" width=\"600\" height=\"900\" class=\"alignleft size-full wp-image-28126\" srcset=\"https:\/\/www.imobiliare.ro\/imoexpert\/wp-content\/uploads\/2014\/01\/Budapesta-apartment-4.jpg 600w, https:\/\/www.imobiliare.ro\/imoexpert\/wp-content\/uploads\/2014\/01\/Budapesta-apartment-4-200x300.jpg 200w\" sizes=\"auto, (max-width: 600px) 100vw, 600px\" \/><\/a><br \/>\n<a class=\"article-body-links\"href=\"https:\/\/www.imobiliare.ro\/imoexpert\/wp-content\/uploads\/2014\/01\/Budapesta-apartment-5.jpg\"><img loading=\"lazy\" decoding=\"async\" src=\"https:\/\/www.imobiliare.ro\/imoexpert\/wp-content\/uploads\/2014\/01\/Budapesta-apartment-5.jpg\" alt=\"Budapesta apartment 5\" width=\"600\" height=\"900\" class=\"alignleft size-full wp-image-28127\" srcset=\"https:\/\/www.imobiliare.ro\/imoexpert\/wp-content\/uploads\/2014\/01\/Budapesta-apartment-5.jpg 600w, https:\/\/www.imobiliare.ro\/imoexpert\/wp-content\/uploads\/2014\/01\/Budapesta-apartment-5-200x300.jpg 200w\" sizes=\"auto, (max-width: 600px) 100vw, 600px\" \/><\/a><br \/>\n<a class=\"article-body-links\"href=\"https:\/\/www.imobiliare.ro\/imoexpert\/wp-content\/uploads\/2014\/01\/Budapesta-apartment-6.jpg\"><img loading=\"lazy\" decoding=\"async\" src=\"https:\/\/www.imobiliare.ro\/imoexpert\/wp-content\/uploads\/2014\/01\/Budapesta-apartment-6.jpg\" alt=\"Budapesta apartment 6\" width=\"600\" height=\"404\" class=\"alignleft size-full wp-image-28128\" srcset=\"https:\/\/www.imobiliare.ro\/imoexpert\/wp-content\/uploads\/2014\/01\/Budapesta-apartment-6.jpg 600w, https:\/\/www.imobiliare.ro\/imoexpert\/wp-content\/uploads\/2014\/01\/Budapesta-apartment-6-300x202.jpg 300w, https:\/\/www.imobiliare.ro\/imoexpert\/wp-content\/uploads\/2014\/01\/Budapesta-apartment-6-65x43.jpg 65w, https:\/\/www.imobiliare.ro\/imoexpert\/wp-content\/uploads\/2014\/01\/Budapesta-apartment-6-154x103.jpg 154w\" sizes=\"auto, (max-width: 600px) 100vw, 600px\" \/><\/a><br \/>\n<a class=\"article-body-links\"href=\"https:\/\/www.imobiliare.ro\/imoexpert\/wp-content\/uploads\/2014\/01\/Budapesta-apartment-7.jpg\"><img loading=\"lazy\" decoding=\"async\" src=\"https:\/\/www.imobiliare.ro\/imoexpert\/wp-content\/uploads\/2014\/01\/Budapesta-apartment-7.jpg\" alt=\"Budapesta apartment 7\" width=\"600\" height=\"400\" class=\"alignleft size-full wp-image-28129\" srcset=\"https:\/\/www.imobiliare.ro\/imoexpert\/wp-content\/uploads\/2014\/01\/Budapesta-apartment-7.jpg 600w, https:\/\/www.imobiliare.ro\/imoexpert\/wp-content\/uploads\/2014\/01\/Budapesta-apartment-7-300x200.jpg 300w, https:\/\/www.imobiliare.ro\/imoexpert\/wp-content\/uploads\/2014\/01\/Budapesta-apartment-7-87x57.jpg 87w, https:\/\/www.imobiliare.ro\/imoexpert\/wp-content\/uploads\/2014\/01\/Budapesta-apartment-7-65x43.jpg 65w, https:\/\/www.imobiliare.ro\/imoexpert\/wp-content\/uploads\/2014\/01\/Budapesta-apartment-7-154x103.jpg 154w\" sizes=\"auto, (max-width: 600px) 100vw, 600px\" \/><\/a><br \/>\n<a class=\"article-body-links\"href=\"https:\/\/www.imobiliare.ro\/imoexpert\/wp-content\/uploads\/2014\/01\/Budapesta-apartment-8.jpg\"><img loading=\"lazy\" decoding=\"async\" src=\"https:\/\/www.imobiliare.ro\/imoexpert\/wp-content\/uploads\/2014\/01\/Budapesta-apartment-8.jpg\" alt=\"Budapesta apartment 8\" width=\"600\" height=\"900\" class=\"alignleft size-full wp-image-28130\" srcset=\"https:\/\/www.imobiliare.ro\/imoexpert\/wp-content\/uploads\/2014\/01\/Budapesta-apartment-8.jpg 600w, https:\/\/www.imobiliare.ro\/imoexpert\/wp-content\/uploads\/2014\/01\/Budapesta-apartment-8-200x300.jpg 200w\" sizes=\"auto, (max-width: 600px) 100vw, 600px\" \/><\/a><br \/>\n<a class=\"article-body-links\"href=\"https:\/\/www.imobiliare.ro\/imoexpert\/wp-content\/uploads\/2014\/01\/Budapesta-apartment-9.jpg\"><img loading=\"lazy\" decoding=\"async\" src=\"https:\/\/www.imobiliare.ro\/imoexpert\/wp-content\/uploads\/2014\/01\/Budapesta-apartment-9.jpg\" alt=\"Budapesta apartment 9\" width=\"600\" height=\"801\" class=\"alignleft size-full wp-image-28131\" srcset=\"https:\/\/www.imobiliare.ro\/imoexpert\/wp-content\/uploads\/2014\/01\/Budapesta-apartment-9.jpg 600w, https:\/\/www.imobiliare.ro\/imoexpert\/wp-content\/uploads\/2014\/01\/Budapesta-apartment-9-225x300.jpg 225w\" sizes=\"auto, (max-width: 600px) 100vw, 600px\" \/><\/a><\/p>\n<p>Ideea central\u0103 din spatele amenaj\u0103rii dormitorului pare s\u0103 fie, mai mult dec\u00e2t \u00een zona de zi, cea de confort propice odihnei. Aici, luminozitatea albului este \u00eenlocuit\u0103 de efectul relaxant al nuan\u021belor de crem \u0219i maro, \u00een timp ce duritatea negrului este \u201e\u00eendulcit\u0103\u201d de o nuan\u021b\u0103 relaxant\u0103 de gri. Nu lipsesc nici elementele originale de design, precum cuvertura de pat cu aspect de blan\u0103 sau statueta de pe noptier\u0103. <\/p>\n<p><a class=\"article-body-links\"href=\"https:\/\/www.imobiliare.ro\/imoexpert\/wp-content\/uploads\/2014\/01\/Budapesta-apartment-10.jpg\"><img loading=\"lazy\" decoding=\"async\" src=\"https:\/\/www.imobiliare.ro\/imoexpert\/wp-content\/uploads\/2014\/01\/Budapesta-apartment-10.jpg\" alt=\"Budapesta apartment 10\" width=\"600\" height=\"400\" class=\"alignleft size-full wp-image-28132\" srcset=\"https:\/\/www.imobiliare.ro\/imoexpert\/wp-content\/uploads\/2014\/01\/Budapesta-apartment-10.jpg 600w, https:\/\/www.imobiliare.ro\/imoexpert\/wp-content\/uploads\/2014\/01\/Budapesta-apartment-10-300x200.jpg 300w, https:\/\/www.imobiliare.ro\/imoexpert\/wp-content\/uploads\/2014\/01\/Budapesta-apartment-10-87x57.jpg 87w, https:\/\/www.imobiliare.ro\/imoexpert\/wp-content\/uploads\/2014\/01\/Budapesta-apartment-10-65x43.jpg 65w, https:\/\/www.imobiliare.ro\/imoexpert\/wp-content\/uploads\/2014\/01\/Budapesta-apartment-10-154x103.jpg 154w\" sizes=\"auto, (max-width: 600px) 100vw, 600px\" \/><\/a><br \/>\n<a class=\"article-body-links\"href=\"https:\/\/www.imobiliare.ro\/imoexpert\/wp-content\/uploads\/2014\/01\/Budapesta-apartment-11.jpg\"><img loading=\"lazy\" decoding=\"async\" src=\"https:\/\/www.imobiliare.ro\/imoexpert\/wp-content\/uploads\/2014\/01\/Budapesta-apartment-11.jpg\" alt=\"Budapesta apartment 11\" width=\"600\" height=\"890\" class=\"alignleft size-full wp-image-28133\" srcset=\"https:\/\/www.imobiliare.ro\/imoexpert\/wp-content\/uploads\/2014\/01\/Budapesta-apartment-11.jpg 600w, https:\/\/www.imobiliare.ro\/imoexpert\/wp-content\/uploads\/2014\/01\/Budapesta-apartment-11-202x300.jpg 202w\" sizes=\"auto, (max-width: 600px) 100vw, 600px\" \/><\/a><br \/>\n<a class=\"article-body-links\"href=\"https:\/\/www.imobiliare.ro\/imoexpert\/wp-content\/uploads\/2014\/01\/Budapesta-apartment-12.jpg\"><img loading=\"lazy\" decoding=\"async\" src=\"https:\/\/www.imobiliare.ro\/imoexpert\/wp-content\/uploads\/2014\/01\/Budapesta-apartment-12.jpg\" alt=\"Budapesta apartment 12\" width=\"600\" height=\"900\" class=\"alignleft size-full wp-image-28134\" srcset=\"https:\/\/www.imobiliare.ro\/imoexpert\/wp-content\/uploads\/2014\/01\/Budapesta-apartment-12.jpg 600w, https:\/\/www.imobiliare.ro\/imoexpert\/wp-content\/uploads\/2014\/01\/Budapesta-apartment-12-200x300.jpg 200w\" sizes=\"auto, (max-width: 600px) 100vw, 600px\" \/><\/a><br \/>\n<a class=\"article-body-links\"href=\"https:\/\/www.imobiliare.ro\/imoexpert\/wp-content\/uploads\/2014\/01\/Budapesta-apartment-13.jpg\"><img loading=\"lazy\" decoding=\"async\" src=\"https:\/\/www.imobiliare.ro\/imoexpert\/wp-content\/uploads\/2014\/01\/Budapesta-apartment-13.jpg\" alt=\"Budapesta apartment 13\" width=\"600\" height=\"654\" class=\"alignleft size-full wp-image-28135\" srcset=\"https:\/\/www.imobiliare.ro\/imoexpert\/wp-content\/uploads\/2014\/01\/Budapesta-apartment-13.jpg 600w, https:\/\/www.imobiliare.ro\/imoexpert\/wp-content\/uploads\/2014\/01\/Budapesta-apartment-13-275x300.jpg 275w\" sizes=\"auto, (max-width: 600px) 100vw, 600px\" \/><\/a><br \/>\n<a class=\"article-body-links\"href=\"https:\/\/www.imobiliare.ro\/imoexpert\/wp-content\/uploads\/2014\/01\/Budapesta-apartment-14.jpg\"><img loading=\"lazy\" decoding=\"async\" src=\"https:\/\/www.imobiliare.ro\/imoexpert\/wp-content\/uploads\/2014\/01\/Budapesta-apartment-14.jpg\" alt=\"Budapesta apartment 14\" width=\"600\" height=\"900\" class=\"alignleft size-full wp-image-28136\" srcset=\"https:\/\/www.imobiliare.ro\/imoexpert\/wp-content\/uploads\/2014\/01\/Budapesta-apartment-14.jpg 600w, https:\/\/www.imobiliare.ro\/imoexpert\/wp-content\/uploads\/2014\/01\/Budapesta-apartment-14-200x300.jpg 200w\" sizes=\"auto, (max-width: 600px) 100vw, 600px\" \/><\/a><\/p>\n<p><em><strong>Surs\u0103 foto: <a class=\"article-body-links\"href=\"http:\/\/freshome.com\/2014\/01\/01\/modern-refinement-showcased-generously-sized-apartment-budapest\/\">Freshome.com<\/a><br \/>\nCite\u0219te \u0219i: <a class=\"article-body-links\"href=\"https:\/\/www.imobiliare.ro\/articole\/un-altfel-de-apartament-cu-2-camere-solutii-originale-de-design-intr-un-decor-primitor-cu-note-vintage_db\/\">Un altfel de apartament cu 2 camere: solu\u021bii originale de design \u00eentr-un decor primitor, cu note &#8222;vintage&#8221;<\/a><\/strong><\/em><\/p>\n","protected":false},"excerpt":{"rendered":"<p>O palet\u0103 cromatic\u0103 bazat\u0103 pe contrastul dintre alb \u0219i negru inspir\u0103 simplitate \u0219i elegan\u021b\u0103. \u00cen procesul de amenajare a unui apartament cu dou\u0103 camere, cei mai mul\u021bi rom\u00e2ni se concentreaz\u0103 \u00een mod preponderent asupra factorului func\u021bionalitate, neglij\u00e2ndu-l adesea pe cel de design. Proprietatea de mai jos, prezentat\u0103 pe Freshome.com, demonstreaz\u0103 \u00eens\u0103 c\u0103 cele dou\u0103 obiective [&hellip;]<\/p>\n","protected":false},"author":829,"featured_media":28123,"comment_status":"open","ping_status":"open","sticky":false,"template":"","format":"standard","meta":{"footnotes":""},"categories":[255,259],"tags":[1022,1410,1411],"content_author":[],"class_list":["post-28122","post","type-post","status-publish","format-standard","has-post-thumbnail","hentry","category-home-deco","category-stiri","tag-homedeco","tag-newsletter","tag-principal"],"yoast_head":"<!-- This site is optimized with the Yoast SEO Premium plugin v27.0 (Yoast SEO v27.0) - https:\/\/yoast.com\/product\/yoast-seo-premium-wordpress\/ -->\n<title>Ce po\u021bi face dintr-un apartament cu 2 camere: confort \u0219i rafinament \u00een stil minimalist - Home &amp; Deco, \u0218tiri - ImoExpert<\/title>\n<meta name=\"description\" content=\"O palet\u0103 cromatic\u0103 bazat\u0103 pe contrastul dintre alb \u0219i negru inspir\u0103 simplitate \u0219i elegan\u021b\u0103. \u00cen procesul de amenajare a unui apartament cu dou\u0103 camere, cei\" \/>\n<meta name=\"robots\" content=\"index, follow\" \/>\n<link rel=\"canonical\" href=\"https:\/\/www.imobiliare.ro\/imoexpert\/ce-poti-face-dintr-un-apartament-cu-2-camere-confort-si-rafinament-in-stil-minimalist_db\/\" \/>\n<meta property=\"og:locale\" content=\"ro_RO\" \/>\n<meta property=\"og:type\" content=\"article\" \/>\n<meta property=\"og:title\" content=\"Ce po\u021bi face dintr-un apartament cu 2 camere: confort \u0219i rafinament \u00een stil minimalist\" \/>\n<meta property=\"og:description\" content=\"O palet\u0103 cromatic\u0103 bazat\u0103 pe contrastul dintre alb \u0219i negru inspir\u0103 simplitate \u0219i elegan\u021b\u0103. \u00cen procesul de amenajare a unui apartament cu dou\u0103 camere, cei\" \/>\n<meta property=\"og:url\" content=\"https:\/\/www.imobiliare.ro\/imoexpert\/ce-poti-face-dintr-un-apartament-cu-2-camere-confort-si-rafinament-in-stil-minimalist_db\/\" \/>\n<meta property=\"og:site_name\" content=\"ImoExpert\" \/>\n<meta property=\"article:published_time\" content=\"2014-01-13T11:15:44+00:00\" \/>\n<meta property=\"og:image\" content=\"https:\/\/www.imobiliare.ro\/imoexpert\/wp-content\/uploads\/2014\/01\/Budapesta-apartment-1.jpg\" \/>\n\t<meta property=\"og:image:width\" content=\"600\" \/>\n\t<meta property=\"og:image:height\" content=\"400\" \/>\n\t<meta property=\"og:image:type\" content=\"image\/jpeg\" \/>\n<meta name=\"author\" content=\"Adriana Dr\u0103gu\u0219in\" \/>\n<meta name=\"twitter:card\" content=\"summary_large_image\" \/>\n<meta name=\"twitter:label1\" content=\"Written by\" \/>\n\t<meta name=\"twitter:data1\" content=\"Adriana Dr\u0103gu\u0219in\" \/>\n\t<meta name=\"twitter:label2\" content=\"Est. reading time\" \/>\n\t<meta name=\"twitter:data2\" content=\"2 minute\" \/>\n<script type=\"application\/ld+json\" class=\"yoast-schema-graph\">{\"@context\":\"https:\/\/schema.org\",\"@graph\":[{\"@type\":\"Article\",\"@id\":\"https:\/\/www.imobiliare.ro\/imoexpert\/ce-poti-face-dintr-un-apartament-cu-2-camere-confort-si-rafinament-in-stil-minimalist_db\/#article\",\"isPartOf\":{\"@id\":\"https:\/\/www.imobiliare.ro\/imoexpert\/ce-poti-face-dintr-un-apartament-cu-2-camere-confort-si-rafinament-in-stil-minimalist_db\/\"},\"author\":{\"name\":\"Adriana Dr\u0103gu\u0219in\",\"@id\":\"https:\/\/www.imobiliare.ro\/imoexpert\/#\/schema\/person\/8c13b0297075010b896471fabf0d7790\"},\"headline\":\"Ce po\u021bi face dintr-un apartament cu 2 camere: confort \u0219i rafinament \u00een stil minimalist\",\"datePublished\":\"2014-01-13T11:15:44+00:00\",\"mainEntityOfPage\":{\"@id\":\"https:\/\/www.imobiliare.ro\/imoexpert\/ce-poti-face-dintr-un-apartament-cu-2-camere-confort-si-rafinament-in-stil-minimalist_db\/\"},\"wordCount\":354,\"commentCount\":6,\"publisher\":{\"@id\":\"https:\/\/www.imobiliare.ro\/imoexpert\/#organization\"},\"image\":{\"@id\":\"https:\/\/www.imobiliare.ro\/imoexpert\/ce-poti-face-dintr-un-apartament-cu-2-camere-confort-si-rafinament-in-stil-minimalist_db\/#primaryimage\"},\"thumbnailUrl\":\"https:\/\/www.imobiliare.ro\/imoexpert\/wp-content\/uploads\/2014\/01\/Budapesta-apartment-1.jpg\",\"keywords\":[\"Home&amp;Deco\",\"newsletter\",\"principal\"],\"articleSection\":[\"Home &amp; Deco\",\"\u0218tiri\"],\"inLanguage\":\"en\",\"potentialAction\":[{\"@type\":\"CommentAction\",\"name\":\"Comment\",\"target\":[\"https:\/\/www.imobiliare.ro\/imoexpert\/ce-poti-face-dintr-un-apartament-cu-2-camere-confort-si-rafinament-in-stil-minimalist_db\/#respond\"]}],\"copyrightYear\":\"2014\",\"copyrightHolder\":{\"@id\":\"https:\/\/www.imobiliare.ro\/imoexpert\/#organization\"}},{\"@type\":\"WebPage\",\"@id\":\"https:\/\/www.imobiliare.ro\/imoexpert\/ce-poti-face-dintr-un-apartament-cu-2-camere-confort-si-rafinament-in-stil-minimalist_db\/\",\"url\":\"https:\/\/www.imobiliare.ro\/imoexpert\/ce-poti-face-dintr-un-apartament-cu-2-camere-confort-si-rafinament-in-stil-minimalist_db\/\",\"name\":\"Ce po\u021bi face dintr-un apartament cu 2 camere: confort \u0219i rafinament \u00een stil minimalist - Home &amp; Deco, \u0218tiri - ImoExpert\",\"isPartOf\":{\"@id\":\"https:\/\/www.imobiliare.ro\/imoexpert\/#website\"},\"primaryImageOfPage\":{\"@id\":\"https:\/\/www.imobiliare.ro\/imoexpert\/ce-poti-face-dintr-un-apartament-cu-2-camere-confort-si-rafinament-in-stil-minimalist_db\/#primaryimage\"},\"image\":{\"@id\":\"https:\/\/www.imobiliare.ro\/imoexpert\/ce-poti-face-dintr-un-apartament-cu-2-camere-confort-si-rafinament-in-stil-minimalist_db\/#primaryimage\"},\"thumbnailUrl\":\"https:\/\/www.imobiliare.ro\/imoexpert\/wp-content\/uploads\/2014\/01\/Budapesta-apartment-1.jpg\",\"datePublished\":\"2014-01-13T11:15:44+00:00\",\"description\":\"O palet\u0103 cromatic\u0103 bazat\u0103 pe contrastul dintre alb \u0219i negru inspir\u0103 simplitate \u0219i elegan\u021b\u0103. \u00cen procesul de amenajare a unui apartament cu dou\u0103 camere, cei\",\"breadcrumb\":{\"@id\":\"https:\/\/www.imobiliare.ro\/imoexpert\/ce-poti-face-dintr-un-apartament-cu-2-camere-confort-si-rafinament-in-stil-minimalist_db\/#breadcrumb\"},\"inLanguage\":\"en\",\"potentialAction\":[{\"@type\":\"ReadAction\",\"target\":[\"https:\/\/www.imobiliare.ro\/imoexpert\/ce-poti-face-dintr-un-apartament-cu-2-camere-confort-si-rafinament-in-stil-minimalist_db\/\"]}]},{\"@type\":\"ImageObject\",\"inLanguage\":\"en\",\"@id\":\"https:\/\/www.imobiliare.ro\/imoexpert\/ce-poti-face-dintr-un-apartament-cu-2-camere-confort-si-rafinament-in-stil-minimalist_db\/#primaryimage\",\"url\":\"https:\/\/www.imobiliare.ro\/imoexpert\/wp-content\/uploads\/2014\/01\/Budapesta-apartment-1.jpg\",\"contentUrl\":\"https:\/\/www.imobiliare.ro\/imoexpert\/wp-content\/uploads\/2014\/01\/Budapesta-apartment-1.jpg\",\"width\":600,\"height\":400},{\"@type\":\"BreadcrumbList\",\"@id\":\"https:\/\/www.imobiliare.ro\/imoexpert\/ce-poti-face-dintr-un-apartament-cu-2-camere-confort-si-rafinament-in-stil-minimalist_db\/#breadcrumb\",\"itemListElement\":[{\"@type\":\"ListItem\",\"position\":1,\"name\":\"Imoradar24\",\"item\":\"https:\/\/www.imoradar24.ro\"},{\"@type\":\"ListItem\",\"position\":2,\"name\":\"ImoExpert\",\"item\":\"https:\/\/www.imobiliare.ro\/imoexpert\/\"},{\"@type\":\"ListItem\",\"position\":3,\"name\":\"Sfaturi\",\"item\":\"https:\/\/www.imobiliare.ro\/imoexpert\/ghid-imobiliar\/\"},{\"@type\":\"ListItem\",\"position\":4,\"name\":\"Home &amp; Deco\",\"item\":\"https:\/\/www.imobiliare.ro\/imoexpert\/ghid-imobiliar\/home-deco\/\"},{\"@type\":\"ListItem\",\"position\":5,\"name\":\"Ce po\u021bi face dintr-un apartament cu 2 camere: confort \u0219i rafinament \u00een stil minimalist\"}]},{\"@type\":\"WebSite\",\"@id\":\"https:\/\/www.imobiliare.ro\/imoexpert\/#website\",\"url\":\"https:\/\/www.imobiliare.ro\/imoexpert\/\",\"name\":\"ImoExpert\",\"description\":\"cele mai importante \u015ftiri din domeniul imobiliar\",\"publisher\":{\"@id\":\"https:\/\/www.imobiliare.ro\/imoexpert\/#organization\"},\"inLanguage\":\"en\"},{\"@type\":\"Organization\",\"@id\":\"https:\/\/www.imobiliare.ro\/imoexpert\/#organization\",\"name\":\"Imobiliare.ro\",\"alternateName\":\"Realmedia Network SA\",\"url\":\"https:\/\/www.imobiliare.ro\/imoexpert\/\",\"logo\":{\"@type\":\"ImageObject\",\"inLanguage\":\"en\",\"@id\":\"https:\/\/www.imobiliare.ro\/imoexpert\/#\/schema\/logo\/image\/\",\"url\":\"https:\/\/www.imobiliare.ro\/imoexpert\/wp-content\/uploads\/2025\/05\/imobiliare_logo.png\",\"contentUrl\":\"https:\/\/www.imobiliare.ro\/imoexpert\/wp-content\/uploads\/2025\/05\/imobiliare_logo.png\",\"width\":237,\"height\":29,\"caption\":\"Imobiliare.ro\"},\"image\":{\"@id\":\"https:\/\/www.imobiliare.ro\/imoexpert\/#\/schema\/logo\/image\/\"}},{\"@type\":\"Person\",\"@id\":\"https:\/\/www.imobiliare.ro\/imoexpert\/#\/schema\/person\/8c13b0297075010b896471fabf0d7790\",\"name\":\"Adriana Dr\u0103gu\u0219in\",\"image\":{\"@type\":\"ImageObject\",\"inLanguage\":\"en\",\"@id\":\"https:\/\/www.imobiliare.ro\/imoexpert\/#\/schema\/person\/image\/\",\"url\":\"https:\/\/secure.gravatar.com\/avatar\/ba4762f7517e50e679ed7f11207102d1150120f2f5800c0da98f8a15305bf514?s=96&d=mm&r=g\",\"contentUrl\":\"https:\/\/secure.gravatar.com\/avatar\/ba4762f7517e50e679ed7f11207102d1150120f2f5800c0da98f8a15305bf514?s=96&d=mm&r=g\",\"caption\":\"Adriana Dr\u0103gu\u0219in\"},\"jobTitle\":\"Editor\",\"url\":\"https:\/\/www.imobiliare.ro\/imoexpert\/author\/adriana-dragusin\/\"}]}<\/script>\n<!-- \/ Yoast SEO Premium plugin. -->","yoast_head_json":{"title":"Ce po\u021bi face dintr-un apartament cu 2 camere: confort \u0219i rafinament \u00een stil minimalist - Home &amp; Deco, \u0218tiri - ImoExpert","description":"O palet\u0103 cromatic\u0103 bazat\u0103 pe contrastul dintre alb \u0219i negru inspir\u0103 simplitate \u0219i elegan\u021b\u0103. \u00cen procesul de amenajare a unui apartament cu dou\u0103 camere, cei","robots":{"index":"index","follow":"follow"},"canonical":"https:\/\/www.imobiliare.ro\/imoexpert\/ce-poti-face-dintr-un-apartament-cu-2-camere-confort-si-rafinament-in-stil-minimalist_db\/","og_locale":"ro_RO","og_type":"article","og_title":"Ce po\u021bi face dintr-un apartament cu 2 camere: confort \u0219i rafinament \u00een stil minimalist","og_description":"O palet\u0103 cromatic\u0103 bazat\u0103 pe contrastul dintre alb \u0219i negru inspir\u0103 simplitate \u0219i elegan\u021b\u0103. \u00cen procesul de amenajare a unui apartament cu dou\u0103 camere, cei","og_url":"https:\/\/www.imobiliare.ro\/imoexpert\/ce-poti-face-dintr-un-apartament-cu-2-camere-confort-si-rafinament-in-stil-minimalist_db\/","og_site_name":"ImoExpert","article_published_time":"2014-01-13T11:15:44+00:00","og_image":[{"width":600,"height":400,"url":"https:\/\/www.imobiliare.ro\/imoexpert\/wp-content\/uploads\/2014\/01\/Budapesta-apartment-1.jpg","type":"image\/jpeg"}],"author":"Adriana Dr\u0103gu\u0219in","twitter_card":"summary_large_image","twitter_misc":{"Written by":"Adriana Dr\u0103gu\u0219in","Est. reading time":"2 minute"},"schema":{"@context":"https:\/\/schema.org","@graph":[{"@type":"Article","@id":"https:\/\/www.imobiliare.ro\/imoexpert\/ce-poti-face-dintr-un-apartament-cu-2-camere-confort-si-rafinament-in-stil-minimalist_db\/#article","isPartOf":{"@id":"https:\/\/www.imobiliare.ro\/imoexpert\/ce-poti-face-dintr-un-apartament-cu-2-camere-confort-si-rafinament-in-stil-minimalist_db\/"},"author":{"name":"Adriana Dr\u0103gu\u0219in","@id":"https:\/\/www.imobiliare.ro\/imoexpert\/#\/schema\/person\/8c13b0297075010b896471fabf0d7790"},"headline":"Ce po\u021bi face dintr-un apartament cu 2 camere: confort \u0219i rafinament \u00een stil minimalist","datePublished":"2014-01-13T11:15:44+00:00","mainEntityOfPage":{"@id":"https:\/\/www.imobiliare.ro\/imoexpert\/ce-poti-face-dintr-un-apartament-cu-2-camere-confort-si-rafinament-in-stil-minimalist_db\/"},"wordCount":354,"commentCount":6,"publisher":{"@id":"https:\/\/www.imobiliare.ro\/imoexpert\/#organization"},"image":{"@id":"https:\/\/www.imobiliare.ro\/imoexpert\/ce-poti-face-dintr-un-apartament-cu-2-camere-confort-si-rafinament-in-stil-minimalist_db\/#primaryimage"},"thumbnailUrl":"https:\/\/www.imobiliare.ro\/imoexpert\/wp-content\/uploads\/2014\/01\/Budapesta-apartment-1.jpg","keywords":["Home&amp;Deco","newsletter","principal"],"articleSection":["Home &amp; Deco","\u0218tiri"],"inLanguage":"en","potentialAction":[{"@type":"CommentAction","name":"Comment","target":["https:\/\/www.imobiliare.ro\/imoexpert\/ce-poti-face-dintr-un-apartament-cu-2-camere-confort-si-rafinament-in-stil-minimalist_db\/#respond"]}],"copyrightYear":"2014","copyrightHolder":{"@id":"https:\/\/www.imobiliare.ro\/imoexpert\/#organization"}},{"@type":"WebPage","@id":"https:\/\/www.imobiliare.ro\/imoexpert\/ce-poti-face-dintr-un-apartament-cu-2-camere-confort-si-rafinament-in-stil-minimalist_db\/","url":"https:\/\/www.imobiliare.ro\/imoexpert\/ce-poti-face-dintr-un-apartament-cu-2-camere-confort-si-rafinament-in-stil-minimalist_db\/","name":"Ce po\u021bi face dintr-un apartament cu 2 camere: confort \u0219i rafinament \u00een stil minimalist - Home &amp; Deco, \u0218tiri - ImoExpert","isPartOf":{"@id":"https:\/\/www.imobiliare.ro\/imoexpert\/#website"},"primaryImageOfPage":{"@id":"https:\/\/www.imobiliare.ro\/imoexpert\/ce-poti-face-dintr-un-apartament-cu-2-camere-confort-si-rafinament-in-stil-minimalist_db\/#primaryimage"},"image":{"@id":"https:\/\/www.imobiliare.ro\/imoexpert\/ce-poti-face-dintr-un-apartament-cu-2-camere-confort-si-rafinament-in-stil-minimalist_db\/#primaryimage"},"thumbnailUrl":"https:\/\/www.imobiliare.ro\/imoexpert\/wp-content\/uploads\/2014\/01\/Budapesta-apartment-1.jpg","datePublished":"2014-01-13T11:15:44+00:00","description":"O palet\u0103 cromatic\u0103 bazat\u0103 pe contrastul dintre alb \u0219i negru inspir\u0103 simplitate \u0219i elegan\u021b\u0103. \u00cen procesul de amenajare a unui apartament cu dou\u0103 camere, cei","breadcrumb":{"@id":"https:\/\/www.imobiliare.ro\/imoexpert\/ce-poti-face-dintr-un-apartament-cu-2-camere-confort-si-rafinament-in-stil-minimalist_db\/#breadcrumb"},"inLanguage":"en","potentialAction":[{"@type":"ReadAction","target":["https:\/\/www.imobiliare.ro\/imoexpert\/ce-poti-face-dintr-un-apartament-cu-2-camere-confort-si-rafinament-in-stil-minimalist_db\/"]}]},{"@type":"ImageObject","inLanguage":"en","@id":"https:\/\/www.imobiliare.ro\/imoexpert\/ce-poti-face-dintr-un-apartament-cu-2-camere-confort-si-rafinament-in-stil-minimalist_db\/#primaryimage","url":"https:\/\/www.imobiliare.ro\/imoexpert\/wp-content\/uploads\/2014\/01\/Budapesta-apartment-1.jpg","contentUrl":"https:\/\/www.imobiliare.ro\/imoexpert\/wp-content\/uploads\/2014\/01\/Budapesta-apartment-1.jpg","width":600,"height":400},{"@type":"BreadcrumbList","@id":"https:\/\/www.imobiliare.ro\/imoexpert\/ce-poti-face-dintr-un-apartament-cu-2-camere-confort-si-rafinament-in-stil-minimalist_db\/#breadcrumb","itemListElement":[{"@type":"ListItem","position":1,"name":"Imoradar24","item":"https:\/\/www.imoradar24.ro"},{"@type":"ListItem","position":2,"name":"ImoExpert","item":"https:\/\/www.imobiliare.ro\/imoexpert\/"},{"@type":"ListItem","position":3,"name":"Sfaturi","item":"https:\/\/www.imobiliare.ro\/imoexpert\/ghid-imobiliar\/"},{"@type":"ListItem","position":4,"name":"Home &amp; Deco","item":"https:\/\/www.imobiliare.ro\/imoexpert\/ghid-imobiliar\/home-deco\/"},{"@type":"ListItem","position":5,"name":"Ce po\u021bi face dintr-un apartament cu 2 camere: confort \u0219i rafinament \u00een stil minimalist"}]},{"@type":"WebSite","@id":"https:\/\/www.imobiliare.ro\/imoexpert\/#website","url":"https:\/\/www.imobiliare.ro\/imoexpert\/","name":"ImoExpert","description":"cele mai importante \u015ftiri din domeniul imobiliar","publisher":{"@id":"https:\/\/www.imobiliare.ro\/imoexpert\/#organization"},"inLanguage":"en"},{"@type":"Organization","@id":"https:\/\/www.imobiliare.ro\/imoexpert\/#organization","name":"Imobiliare.ro","alternateName":"Realmedia Network SA","url":"https:\/\/www.imobiliare.ro\/imoexpert\/","logo":{"@type":"ImageObject","inLanguage":"en","@id":"https:\/\/www.imobiliare.ro\/imoexpert\/#\/schema\/logo\/image\/","url":"https:\/\/www.imobiliare.ro\/imoexpert\/wp-content\/uploads\/2025\/05\/imobiliare_logo.png","contentUrl":"https:\/\/www.imobiliare.ro\/imoexpert\/wp-content\/uploads\/2025\/05\/imobiliare_logo.png","width":237,"height":29,"caption":"Imobiliare.ro"},"image":{"@id":"https:\/\/www.imobiliare.ro\/imoexpert\/#\/schema\/logo\/image\/"}},{"@type":"Person","@id":"https:\/\/www.imobiliare.ro\/imoexpert\/#\/schema\/person\/8c13b0297075010b896471fabf0d7790","name":"Adriana Dr\u0103gu\u0219in","image":{"@type":"ImageObject","inLanguage":"en","@id":"https:\/\/www.imobiliare.ro\/imoexpert\/#\/schema\/person\/image\/","url":"https:\/\/secure.gravatar.com\/avatar\/ba4762f7517e50e679ed7f11207102d1150120f2f5800c0da98f8a15305bf514?s=96&d=mm&r=g","contentUrl":"https:\/\/secure.gravatar.com\/avatar\/ba4762f7517e50e679ed7f11207102d1150120f2f5800c0da98f8a15305bf514?s=96&d=mm&r=g","caption":"Adriana Dr\u0103gu\u0219in"},"jobTitle":"Editor","url":"https:\/\/www.imobiliare.ro\/imoexpert\/author\/adriana-dragusin\/"}]}},"_links":{"self":[{"href":"https:\/\/www.imobiliare.ro\/imoexpert\/wp-json\/wp\/v2\/posts\/28122","targetHints":{"allow":["GET"]}}],"collection":[{"href":"https:\/\/www.imobiliare.ro\/imoexpert\/wp-json\/wp\/v2\/posts"}],"about":[{"href":"https:\/\/www.imobiliare.ro\/imoexpert\/wp-json\/wp\/v2\/types\/post"}],"author":[{"embeddable":true,"href":"https:\/\/www.imobiliare.ro\/imoexpert\/wp-json\/wp\/v2\/users\/829"}],"replies":[{"embeddable":true,"href":"https:\/\/www.imobiliare.ro\/imoexpert\/wp-json\/wp\/v2\/comments?post=28122"}],"version-history":[{"count":0,"href":"https:\/\/www.imobiliare.ro\/imoexpert\/wp-json\/wp\/v2\/posts\/28122\/revisions"}],"wp:featuredmedia":[{"embeddable":true,"href":"https:\/\/www.imobiliare.ro\/imoexpert\/wp-json\/wp\/v2\/media\/28123"}],"wp:attachment":[{"href":"https:\/\/www.imobiliare.ro\/imoexpert\/wp-json\/wp\/v2\/media?parent=28122"}],"wp:term":[{"taxonomy":"category","embeddable":true,"href":"https:\/\/www.imobiliare.ro\/imoexpert\/wp-json\/wp\/v2\/categories?post=28122"},{"taxonomy":"post_tag","embeddable":true,"href":"https:\/\/www.imobiliare.ro\/imoexpert\/wp-json\/wp\/v2\/tags?post=28122"},{"taxonomy":"content_author","embeddable":true,"href":"https:\/\/www.imobiliare.ro\/imoexpert\/wp-json\/wp\/v2\/content_author?post=28122"}],"curies":[{"name":"wp","href":"https:\/\/api.w.org\/{rel}","templated":true}]}}