{"id":28972,"date":"2014-03-07T13:33:39","date_gmt":"2014-03-07T11:33:39","guid":{"rendered":"https:\/\/www.imobiliare.ro\/?p=28972"},"modified":"2014-03-07T13:33:39","modified_gmt":"2014-03-07T11:33:39","slug":"cat-ar-costa-sa-stai-la-vila-in-pipera-chiriile-cu-o-treime-mai-mici-decat-in-2008","status":"publish","type":"post","link":"https:\/\/www.imobiliare.ro\/imoexpert\/cat-ar-costa-sa-stai-la-vila-in-pipera-chiriile-cu-o-treime-mai-mici-decat-in-2008_db\/","title":{"rendered":"C\u00e2t ar costa s\u0103 stai la vil\u0103 \u00een Pipera? Chiriile, cu o treime mai mici dec\u00e2t \u00een 2008"},"content":{"rendered":"<p><strong>Zona cuprins\u0103 \u00eentre Gr\u0103dina Zoologic\u0103 \u0219i \u0218oseaua Pipera Tunari ofer\u0103 avantajul unei comunit\u0103\u021bi sigure \u0219i \u00eenchegate.<\/strong><\/p>\n<p>Pentru acei chiria\u0219i care viseaz\u0103 s\u0103 stea la curte \u2013 \u0219i dispun \u0219i de un buget pe m\u0103sur\u0103 -, vilele (relativ) nou-construite din zona Pipera pot reprezenta o variant\u0103 atractiv\u0103 la casele din interiorul ora\u0219ului, ridicate, de cele mai multe ori, \u00eenainte de 1990. De\u0219i nu lipsit\u0103 de dezavantaje, aria cuprins\u0103 \u00eentre Gr\u0103dina Zoologic\u0103 \u0219i \u0218oseaua Pipera Tunari (ce include partea cunoscut\u0103 ca \u201eIancu Nicolae\u201d) ofer\u0103 avantajul unei comunit\u0103\u021bi sigure \u0219i \u00eenchegate, chiar \u201eelitiste\u201d.<\/p>\n<p><em><strong><a class=\"article-body-links\"href=\"\u00eenchirieri de case-vile\">Aici<\/a> po\u021bi g\u0103si anun\u021buri de vile disponibile spre \u00eenchiriere \u00een aceast\u0103 zon\u0103<\/strong><\/em><\/p>\n<p><a class=\"article-body-links\"href=\"https:\/\/www.imobiliare.ro\/imoexpert\/wp-content\/uploads\/2014\/03\/interior-vila.jpg\"><img loading=\"lazy\" decoding=\"async\" src=\"https:\/\/www.imobiliare.ro\/imoexpert\/wp-content\/uploads\/2014\/03\/interior-vila.jpg\" alt=\"http:\/\/www.dreamstime.com\/royalty-free-stock-photo-modern-villa-interior-wide-dining-room-image35007415\" width=\"600\" height=\"400\" class=\"alignleft size-full wp-image-28973\" srcset=\"https:\/\/www.imobiliare.ro\/imoexpert\/wp-content\/uploads\/2014\/03\/interior-vila.jpg 600w, https:\/\/www.imobiliare.ro\/imoexpert\/wp-content\/uploads\/2014\/03\/interior-vila-300x200.jpg 300w, https:\/\/www.imobiliare.ro\/imoexpert\/wp-content\/uploads\/2014\/03\/interior-vila-87x57.jpg 87w, https:\/\/www.imobiliare.ro\/imoexpert\/wp-content\/uploads\/2014\/03\/interior-vila-65x43.jpg 65w, https:\/\/www.imobiliare.ro\/imoexpert\/wp-content\/uploads\/2014\/03\/interior-vila-154x103.jpg 154w\" sizes=\"auto, (max-width: 600px) 100vw, 600px\" \/><\/a><\/p>\n<p><strong>Ofertele mai accesibile, cele mai c\u0103utate<\/strong><br \/>\nNicolae Preda, agent imobiliar specializat pe zona Pipera, apreciaz\u0103 c\u0103 pre\u021burile practicate aici sunt cu cel pu\u021bin 30% mai mici acum comparativ cu perioada de boom. Potrivit brokerului, oferta de case-vile disponibile spre \u00eenchiriere poate fi \u00eemp\u0103r\u021bit\u0103 \u00een trei categorii majore. Cea dint\u00e2i este reprezentat\u0103 de vile \u00een\u0219iruite, construite \u00eenainte de perioada de boom (\u00een anii 2003-2004), ce au suprafe\u021be de p\u00e2n\u0103 \u00een 200 de metri p\u0103tra\u021bi utili. Pre\u021burile pentru acestea pornesc de la 800 de euro pe lun\u0103. Astfel de case sunt structurate de regul\u0103 pe parter \u0219i mansard\u0103, au trei dormitoare \u0219i o curte de mici dimensiuni (100 de metri p\u0103tra\u021bi sau pu\u021bin peste). Asemenea locuin\u021be, \u201eun fel de apartamente pe p\u0103m\u00e2nt\u201d practic, sunt \u0219i cele mai c\u0103utate de c\u0103tre chiria\u0219i, datorit\u0103 pre\u021burilor mai mici, spune Preda. <\/p>\n<p>A doua categorie este format\u0103 din vile individuale, construite \u00een anii 2006-2008, cu suprafe\u021be de p\u00e2n\u0103 la 260 de metri p\u0103tra\u021bi utili, structurate pe parter, etaj \u0219i mansard\u0103. Acestea au o curte ceva mai mare \u0219i pre\u021buri de \u00eenchiriere ce se \u00eencadreaz\u0103 \u00eentre 1.800 \u0219i 2.500 de euro pe lun\u0103. <\/p>\n<p>Pentru cea de-a treia categorie, pre\u021burile se \u00eencadreaz\u0103, de regul\u0103, \u00eentre 3.500 \u0219i 5.000 de euro pe lun\u0103. Este vorba, iar\u0103\u0219i, de locuin\u021be individuale, dar cu suprafe\u021be semnificativ mai mari, de p\u00e2n\u0103 la 500 de metri p\u0103tra\u021bi utili, \u0219i cu o curte generoas\u0103, de 500 de metri p\u0103tra\u021bi (suprafa\u021b\u0103 liber\u0103). Astfel de locuin\u021be au fost construite din 2007 \u00eencoace. <\/p>\n<p><strong>2013 a tras \u00een jos activitatea de \u00eenchiriere<\/strong><br \/>\n\u00cen mod firesc, cererea de locuin\u021be de \u00eenchiriat \u00een zona Pipera a sc\u0103zut pe timp de recesiune, \u00een vreme ce oferta a fost suplimentat\u0103 de proprietarii afla\u021bi \u00een dificultate financiar\u0103. A\u0219a se \u0219i explic\u0103, cel pu\u021bin \u00een parte, \u0219i tendin\u021ba de sc\u0103dere a pre\u021burilor. Profilul clien\u021bilor \u00eens\u0103 nu s-a schimbat cu mult &#8211; ace\u0219tia sunt, \u00een continuare, oameni de afaceri, cu businessuri proprii sau care activeaz\u0103 \u00een multina\u021bionale, precum \u0219i mul\u021bi expa\u021bi.<\/p>\n<p>\u00cen a doua parte din 2012, spune Nicolae Preda, activitatea de \u00eenchiriere din zon\u0103 a fost foarte bun\u0103, \u00eens\u0103 anul trecut s-a sim\u021bit o sc\u0103dere semnificativ\u0103, de circa 50%, pe acest segment. Deocamdat\u0103, pia\u021ba nu d\u0103 semne majore de revigorare, \u00eens\u0103 o \u201eprognoz\u0103\u201d ar fi prematur\u0103, \u00eentruc\u00e2t activitatea pe \u00eenchirieri \u201eia av\u00e2nt\u201d, \u00een general, de-abia pe la sf\u00e2r\u0219itul lunii martie. <\/p>\n","protected":false},"excerpt":{"rendered":"<p>Zona cuprins\u0103 \u00eentre Gr\u0103dina Zoologic\u0103 \u0219i \u0218oseaua Pipera Tunari ofer\u0103 avantajul unei comunit\u0103\u021bi sigure \u0219i \u00eenchegate. Pentru acei chiria\u0219i care viseaz\u0103 s\u0103 stea la curte \u2013 \u0219i dispun \u0219i de un buget pe m\u0103sur\u0103 -, vilele (relativ) nou-construite din zona Pipera pot reprezenta o variant\u0103 atractiv\u0103 la casele din interiorul ora\u0219ului, ridicate, de cele mai [&hellip;]<\/p>\n","protected":false},"author":829,"featured_media":28973,"comment_status":"open","ping_status":"open","sticky":false,"template":"","format":"standard","meta":{"footnotes":""},"categories":[259],"tags":[274,1430,1410,1411],"content_author":[],"class_list":["post-28972","post","type-post","status-publish","format-standard","has-post-thumbnail","hentry","category-stiri","tag-chirias","tag-inchirieri-case","tag-newsletter","tag-principal"],"yoast_head":"<!-- This site is optimized with the Yoast SEO Premium plugin v27.0 (Yoast SEO v27.0) - https:\/\/yoast.com\/product\/yoast-seo-premium-wordpress\/ -->\n<title>C\u00e2t ar costa s\u0103 stai la vil\u0103 \u00een Pipera? Chiriile, cu o treime mai mici dec\u00e2t \u00een 2008 - \u0218tiri - ImoExpert<\/title>\n<meta name=\"description\" content=\"Zona cuprins\u0103 \u00eentre Gr\u0103dina Zoologic\u0103 \u0219i \u0218oseaua Pipera Tunari ofer\u0103 avantajul unei comunit\u0103\u021bi sigure \u0219i \u00eenchegate. Pentru acei chiria\u0219i care viseaz\u0103 s\u0103\" \/>\n<meta name=\"robots\" content=\"index, follow\" \/>\n<link rel=\"canonical\" href=\"https:\/\/www.imobiliare.ro\/imoexpert\/cat-ar-costa-sa-stai-la-vila-in-pipera-chiriile-cu-o-treime-mai-mici-decat-in-2008_db\/\" \/>\n<meta property=\"og:locale\" content=\"ro_RO\" \/>\n<meta property=\"og:type\" content=\"article\" \/>\n<meta property=\"og:title\" content=\"C\u00e2t ar costa s\u0103 stai la vil\u0103 \u00een Pipera? Chiriile, cu o treime mai mici dec\u00e2t \u00een 2008\" \/>\n<meta property=\"og:description\" content=\"Zona cuprins\u0103 \u00eentre Gr\u0103dina Zoologic\u0103 \u0219i \u0218oseaua Pipera Tunari ofer\u0103 avantajul unei comunit\u0103\u021bi sigure \u0219i \u00eenchegate. Pentru acei chiria\u0219i care viseaz\u0103 s\u0103\" \/>\n<meta property=\"og:url\" content=\"https:\/\/www.imobiliare.ro\/imoexpert\/cat-ar-costa-sa-stai-la-vila-in-pipera-chiriile-cu-o-treime-mai-mici-decat-in-2008_db\/\" \/>\n<meta property=\"og:site_name\" content=\"ImoExpert\" \/>\n<meta property=\"article:published_time\" content=\"2014-03-07T11:33:39+00:00\" \/>\n<meta property=\"og:image\" content=\"https:\/\/www.imobiliare.ro\/imoexpert\/wp-content\/uploads\/2014\/03\/interior-vila.jpg\" \/>\n\t<meta property=\"og:image:width\" content=\"600\" \/>\n\t<meta property=\"og:image:height\" content=\"400\" \/>\n\t<meta property=\"og:image:type\" content=\"image\/jpeg\" \/>\n<meta name=\"author\" content=\"Adriana Dr\u0103gu\u0219in\" \/>\n<meta name=\"twitter:card\" content=\"summary_large_image\" \/>\n<meta name=\"twitter:label1\" content=\"Written by\" \/>\n\t<meta name=\"twitter:data1\" content=\"Adriana Dr\u0103gu\u0219in\" \/>\n\t<meta name=\"twitter:label2\" content=\"Est. reading time\" \/>\n\t<meta name=\"twitter:data2\" content=\"3 minute\" \/>\n<script type=\"application\/ld+json\" class=\"yoast-schema-graph\">{\"@context\":\"https:\/\/schema.org\",\"@graph\":[{\"@type\":\"Article\",\"@id\":\"https:\/\/www.imobiliare.ro\/imoexpert\/cat-ar-costa-sa-stai-la-vila-in-pipera-chiriile-cu-o-treime-mai-mici-decat-in-2008_db\/#article\",\"isPartOf\":{\"@id\":\"https:\/\/www.imobiliare.ro\/imoexpert\/cat-ar-costa-sa-stai-la-vila-in-pipera-chiriile-cu-o-treime-mai-mici-decat-in-2008_db\/\"},\"author\":{\"name\":\"Adriana Dr\u0103gu\u0219in\",\"@id\":\"https:\/\/www.imobiliare.ro\/imoexpert\/#\/schema\/person\/8c13b0297075010b896471fabf0d7790\"},\"headline\":\"C\u00e2t ar costa s\u0103 stai la vil\u0103 \u00een Pipera? Chiriile, cu o treime mai mici dec\u00e2t \u00een 2008\",\"datePublished\":\"2014-03-07T11:33:39+00:00\",\"mainEntityOfPage\":{\"@id\":\"https:\/\/www.imobiliare.ro\/imoexpert\/cat-ar-costa-sa-stai-la-vila-in-pipera-chiriile-cu-o-treime-mai-mici-decat-in-2008_db\/\"},\"wordCount\":556,\"commentCount\":0,\"publisher\":{\"@id\":\"https:\/\/www.imobiliare.ro\/imoexpert\/#organization\"},\"image\":{\"@id\":\"https:\/\/www.imobiliare.ro\/imoexpert\/cat-ar-costa-sa-stai-la-vila-in-pipera-chiriile-cu-o-treime-mai-mici-decat-in-2008_db\/#primaryimage\"},\"thumbnailUrl\":\"https:\/\/www.imobiliare.ro\/imoexpert\/wp-content\/uploads\/2014\/03\/interior-vila.jpg\",\"keywords\":[\"chirias\",\"\u00cenchirieri case\",\"newsletter\",\"principal\"],\"articleSection\":[\"\u0218tiri\"],\"inLanguage\":\"en\",\"potentialAction\":[{\"@type\":\"CommentAction\",\"name\":\"Comment\",\"target\":[\"https:\/\/www.imobiliare.ro\/imoexpert\/cat-ar-costa-sa-stai-la-vila-in-pipera-chiriile-cu-o-treime-mai-mici-decat-in-2008_db\/#respond\"]}],\"copyrightYear\":\"2014\",\"copyrightHolder\":{\"@id\":\"https:\/\/www.imobiliare.ro\/imoexpert\/#organization\"}},{\"@type\":\"WebPage\",\"@id\":\"https:\/\/www.imobiliare.ro\/imoexpert\/cat-ar-costa-sa-stai-la-vila-in-pipera-chiriile-cu-o-treime-mai-mici-decat-in-2008_db\/\",\"url\":\"https:\/\/www.imobiliare.ro\/imoexpert\/cat-ar-costa-sa-stai-la-vila-in-pipera-chiriile-cu-o-treime-mai-mici-decat-in-2008_db\/\",\"name\":\"C\u00e2t ar costa s\u0103 stai la vil\u0103 \u00een Pipera? Chiriile, cu o treime mai mici dec\u00e2t \u00een 2008 - \u0218tiri - ImoExpert\",\"isPartOf\":{\"@id\":\"https:\/\/www.imobiliare.ro\/imoexpert\/#website\"},\"primaryImageOfPage\":{\"@id\":\"https:\/\/www.imobiliare.ro\/imoexpert\/cat-ar-costa-sa-stai-la-vila-in-pipera-chiriile-cu-o-treime-mai-mici-decat-in-2008_db\/#primaryimage\"},\"image\":{\"@id\":\"https:\/\/www.imobiliare.ro\/imoexpert\/cat-ar-costa-sa-stai-la-vila-in-pipera-chiriile-cu-o-treime-mai-mici-decat-in-2008_db\/#primaryimage\"},\"thumbnailUrl\":\"https:\/\/www.imobiliare.ro\/imoexpert\/wp-content\/uploads\/2014\/03\/interior-vila.jpg\",\"datePublished\":\"2014-03-07T11:33:39+00:00\",\"description\":\"Zona cuprins\u0103 \u00eentre Gr\u0103dina Zoologic\u0103 \u0219i \u0218oseaua Pipera Tunari ofer\u0103 avantajul unei comunit\u0103\u021bi sigure \u0219i \u00eenchegate. Pentru acei chiria\u0219i care viseaz\u0103 s\u0103\",\"breadcrumb\":{\"@id\":\"https:\/\/www.imobiliare.ro\/imoexpert\/cat-ar-costa-sa-stai-la-vila-in-pipera-chiriile-cu-o-treime-mai-mici-decat-in-2008_db\/#breadcrumb\"},\"inLanguage\":\"en\",\"potentialAction\":[{\"@type\":\"ReadAction\",\"target\":[\"https:\/\/www.imobiliare.ro\/imoexpert\/cat-ar-costa-sa-stai-la-vila-in-pipera-chiriile-cu-o-treime-mai-mici-decat-in-2008_db\/\"]}]},{\"@type\":\"ImageObject\",\"inLanguage\":\"en\",\"@id\":\"https:\/\/www.imobiliare.ro\/imoexpert\/cat-ar-costa-sa-stai-la-vila-in-pipera-chiriile-cu-o-treime-mai-mici-decat-in-2008_db\/#primaryimage\",\"url\":\"https:\/\/www.imobiliare.ro\/imoexpert\/wp-content\/uploads\/2014\/03\/interior-vila.jpg\",\"contentUrl\":\"https:\/\/www.imobiliare.ro\/imoexpert\/wp-content\/uploads\/2014\/03\/interior-vila.jpg\",\"width\":600,\"height\":400},{\"@type\":\"BreadcrumbList\",\"@id\":\"https:\/\/www.imobiliare.ro\/imoexpert\/cat-ar-costa-sa-stai-la-vila-in-pipera-chiriile-cu-o-treime-mai-mici-decat-in-2008_db\/#breadcrumb\",\"itemListElement\":[{\"@type\":\"ListItem\",\"position\":1,\"name\":\"Imoradar24\",\"item\":\"https:\/\/www.imoradar24.ro\"},{\"@type\":\"ListItem\",\"position\":2,\"name\":\"ImoExpert\",\"item\":\"https:\/\/www.imobiliare.ro\/imoexpert\/\"},{\"@type\":\"ListItem\",\"position\":3,\"name\":\"\u0218tiri\",\"item\":\"https:\/\/www.imobiliare.ro\/imoexpert\/stiri\/\"},{\"@type\":\"ListItem\",\"position\":4,\"name\":\"C\u00e2t ar costa s\u0103 stai la vil\u0103 \u00een Pipera? Chiriile, cu o treime mai mici dec\u00e2t \u00een 2008\"}]},{\"@type\":\"WebSite\",\"@id\":\"https:\/\/www.imobiliare.ro\/imoexpert\/#website\",\"url\":\"https:\/\/www.imobiliare.ro\/imoexpert\/\",\"name\":\"ImoExpert\",\"description\":\"cele mai importante \u015ftiri din domeniul imobiliar\",\"publisher\":{\"@id\":\"https:\/\/www.imobiliare.ro\/imoexpert\/#organization\"},\"inLanguage\":\"en\"},{\"@type\":\"Organization\",\"@id\":\"https:\/\/www.imobiliare.ro\/imoexpert\/#organization\",\"name\":\"Imobiliare.ro\",\"alternateName\":\"Realmedia Network SA\",\"url\":\"https:\/\/www.imobiliare.ro\/imoexpert\/\",\"logo\":{\"@type\":\"ImageObject\",\"inLanguage\":\"en\",\"@id\":\"https:\/\/www.imobiliare.ro\/imoexpert\/#\/schema\/logo\/image\/\",\"url\":\"https:\/\/www.imobiliare.ro\/imoexpert\/wp-content\/uploads\/2025\/05\/imobiliare_logo.png\",\"contentUrl\":\"https:\/\/www.imobiliare.ro\/imoexpert\/wp-content\/uploads\/2025\/05\/imobiliare_logo.png\",\"width\":237,\"height\":29,\"caption\":\"Imobiliare.ro\"},\"image\":{\"@id\":\"https:\/\/www.imobiliare.ro\/imoexpert\/#\/schema\/logo\/image\/\"}},{\"@type\":\"Person\",\"@id\":\"https:\/\/www.imobiliare.ro\/imoexpert\/#\/schema\/person\/8c13b0297075010b896471fabf0d7790\",\"name\":\"Adriana Dr\u0103gu\u0219in\",\"image\":{\"@type\":\"ImageObject\",\"inLanguage\":\"en\",\"@id\":\"https:\/\/www.imobiliare.ro\/imoexpert\/#\/schema\/person\/image\/\",\"url\":\"https:\/\/secure.gravatar.com\/avatar\/ba4762f7517e50e679ed7f11207102d1150120f2f5800c0da98f8a15305bf514?s=96&d=mm&r=g\",\"contentUrl\":\"https:\/\/secure.gravatar.com\/avatar\/ba4762f7517e50e679ed7f11207102d1150120f2f5800c0da98f8a15305bf514?s=96&d=mm&r=g\",\"caption\":\"Adriana Dr\u0103gu\u0219in\"},\"jobTitle\":\"Editor\",\"url\":\"https:\/\/www.imobiliare.ro\/imoexpert\/author\/adriana-dragusin\/\"}]}<\/script>\n<!-- \/ Yoast SEO Premium plugin. -->","yoast_head_json":{"title":"C\u00e2t ar costa s\u0103 stai la vil\u0103 \u00een Pipera? Chiriile, cu o treime mai mici dec\u00e2t \u00een 2008 - \u0218tiri - ImoExpert","description":"Zona cuprins\u0103 \u00eentre Gr\u0103dina Zoologic\u0103 \u0219i \u0218oseaua Pipera Tunari ofer\u0103 avantajul unei comunit\u0103\u021bi sigure \u0219i \u00eenchegate. Pentru acei chiria\u0219i care viseaz\u0103 s\u0103","robots":{"index":"index","follow":"follow"},"canonical":"https:\/\/www.imobiliare.ro\/imoexpert\/cat-ar-costa-sa-stai-la-vila-in-pipera-chiriile-cu-o-treime-mai-mici-decat-in-2008_db\/","og_locale":"ro_RO","og_type":"article","og_title":"C\u00e2t ar costa s\u0103 stai la vil\u0103 \u00een Pipera? Chiriile, cu o treime mai mici dec\u00e2t \u00een 2008","og_description":"Zona cuprins\u0103 \u00eentre Gr\u0103dina Zoologic\u0103 \u0219i \u0218oseaua Pipera Tunari ofer\u0103 avantajul unei comunit\u0103\u021bi sigure \u0219i \u00eenchegate. Pentru acei chiria\u0219i care viseaz\u0103 s\u0103","og_url":"https:\/\/www.imobiliare.ro\/imoexpert\/cat-ar-costa-sa-stai-la-vila-in-pipera-chiriile-cu-o-treime-mai-mici-decat-in-2008_db\/","og_site_name":"ImoExpert","article_published_time":"2014-03-07T11:33:39+00:00","og_image":[{"width":600,"height":400,"url":"https:\/\/www.imobiliare.ro\/imoexpert\/wp-content\/uploads\/2014\/03\/interior-vila.jpg","type":"image\/jpeg"}],"author":"Adriana Dr\u0103gu\u0219in","twitter_card":"summary_large_image","twitter_misc":{"Written by":"Adriana Dr\u0103gu\u0219in","Est. reading time":"3 minute"},"schema":{"@context":"https:\/\/schema.org","@graph":[{"@type":"Article","@id":"https:\/\/www.imobiliare.ro\/imoexpert\/cat-ar-costa-sa-stai-la-vila-in-pipera-chiriile-cu-o-treime-mai-mici-decat-in-2008_db\/#article","isPartOf":{"@id":"https:\/\/www.imobiliare.ro\/imoexpert\/cat-ar-costa-sa-stai-la-vila-in-pipera-chiriile-cu-o-treime-mai-mici-decat-in-2008_db\/"},"author":{"name":"Adriana Dr\u0103gu\u0219in","@id":"https:\/\/www.imobiliare.ro\/imoexpert\/#\/schema\/person\/8c13b0297075010b896471fabf0d7790"},"headline":"C\u00e2t ar costa s\u0103 stai la vil\u0103 \u00een Pipera? Chiriile, cu o treime mai mici dec\u00e2t \u00een 2008","datePublished":"2014-03-07T11:33:39+00:00","mainEntityOfPage":{"@id":"https:\/\/www.imobiliare.ro\/imoexpert\/cat-ar-costa-sa-stai-la-vila-in-pipera-chiriile-cu-o-treime-mai-mici-decat-in-2008_db\/"},"wordCount":556,"commentCount":0,"publisher":{"@id":"https:\/\/www.imobiliare.ro\/imoexpert\/#organization"},"image":{"@id":"https:\/\/www.imobiliare.ro\/imoexpert\/cat-ar-costa-sa-stai-la-vila-in-pipera-chiriile-cu-o-treime-mai-mici-decat-in-2008_db\/#primaryimage"},"thumbnailUrl":"https:\/\/www.imobiliare.ro\/imoexpert\/wp-content\/uploads\/2014\/03\/interior-vila.jpg","keywords":["chirias","\u00cenchirieri case","newsletter","principal"],"articleSection":["\u0218tiri"],"inLanguage":"en","potentialAction":[{"@type":"CommentAction","name":"Comment","target":["https:\/\/www.imobiliare.ro\/imoexpert\/cat-ar-costa-sa-stai-la-vila-in-pipera-chiriile-cu-o-treime-mai-mici-decat-in-2008_db\/#respond"]}],"copyrightYear":"2014","copyrightHolder":{"@id":"https:\/\/www.imobiliare.ro\/imoexpert\/#organization"}},{"@type":"WebPage","@id":"https:\/\/www.imobiliare.ro\/imoexpert\/cat-ar-costa-sa-stai-la-vila-in-pipera-chiriile-cu-o-treime-mai-mici-decat-in-2008_db\/","url":"https:\/\/www.imobiliare.ro\/imoexpert\/cat-ar-costa-sa-stai-la-vila-in-pipera-chiriile-cu-o-treime-mai-mici-decat-in-2008_db\/","name":"C\u00e2t ar costa s\u0103 stai la vil\u0103 \u00een Pipera? Chiriile, cu o treime mai mici dec\u00e2t \u00een 2008 - \u0218tiri - ImoExpert","isPartOf":{"@id":"https:\/\/www.imobiliare.ro\/imoexpert\/#website"},"primaryImageOfPage":{"@id":"https:\/\/www.imobiliare.ro\/imoexpert\/cat-ar-costa-sa-stai-la-vila-in-pipera-chiriile-cu-o-treime-mai-mici-decat-in-2008_db\/#primaryimage"},"image":{"@id":"https:\/\/www.imobiliare.ro\/imoexpert\/cat-ar-costa-sa-stai-la-vila-in-pipera-chiriile-cu-o-treime-mai-mici-decat-in-2008_db\/#primaryimage"},"thumbnailUrl":"https:\/\/www.imobiliare.ro\/imoexpert\/wp-content\/uploads\/2014\/03\/interior-vila.jpg","datePublished":"2014-03-07T11:33:39+00:00","description":"Zona cuprins\u0103 \u00eentre Gr\u0103dina Zoologic\u0103 \u0219i \u0218oseaua Pipera Tunari ofer\u0103 avantajul unei comunit\u0103\u021bi sigure \u0219i \u00eenchegate. Pentru acei chiria\u0219i care viseaz\u0103 s\u0103","breadcrumb":{"@id":"https:\/\/www.imobiliare.ro\/imoexpert\/cat-ar-costa-sa-stai-la-vila-in-pipera-chiriile-cu-o-treime-mai-mici-decat-in-2008_db\/#breadcrumb"},"inLanguage":"en","potentialAction":[{"@type":"ReadAction","target":["https:\/\/www.imobiliare.ro\/imoexpert\/cat-ar-costa-sa-stai-la-vila-in-pipera-chiriile-cu-o-treime-mai-mici-decat-in-2008_db\/"]}]},{"@type":"ImageObject","inLanguage":"en","@id":"https:\/\/www.imobiliare.ro\/imoexpert\/cat-ar-costa-sa-stai-la-vila-in-pipera-chiriile-cu-o-treime-mai-mici-decat-in-2008_db\/#primaryimage","url":"https:\/\/www.imobiliare.ro\/imoexpert\/wp-content\/uploads\/2014\/03\/interior-vila.jpg","contentUrl":"https:\/\/www.imobiliare.ro\/imoexpert\/wp-content\/uploads\/2014\/03\/interior-vila.jpg","width":600,"height":400},{"@type":"BreadcrumbList","@id":"https:\/\/www.imobiliare.ro\/imoexpert\/cat-ar-costa-sa-stai-la-vila-in-pipera-chiriile-cu-o-treime-mai-mici-decat-in-2008_db\/#breadcrumb","itemListElement":[{"@type":"ListItem","position":1,"name":"Imoradar24","item":"https:\/\/www.imoradar24.ro"},{"@type":"ListItem","position":2,"name":"ImoExpert","item":"https:\/\/www.imobiliare.ro\/imoexpert\/"},{"@type":"ListItem","position":3,"name":"\u0218tiri","item":"https:\/\/www.imobiliare.ro\/imoexpert\/stiri\/"},{"@type":"ListItem","position":4,"name":"C\u00e2t ar costa s\u0103 stai la vil\u0103 \u00een Pipera? Chiriile, cu o treime mai mici dec\u00e2t \u00een 2008"}]},{"@type":"WebSite","@id":"https:\/\/www.imobiliare.ro\/imoexpert\/#website","url":"https:\/\/www.imobiliare.ro\/imoexpert\/","name":"ImoExpert","description":"cele mai importante \u015ftiri din domeniul imobiliar","publisher":{"@id":"https:\/\/www.imobiliare.ro\/imoexpert\/#organization"},"inLanguage":"en"},{"@type":"Organization","@id":"https:\/\/www.imobiliare.ro\/imoexpert\/#organization","name":"Imobiliare.ro","alternateName":"Realmedia Network SA","url":"https:\/\/www.imobiliare.ro\/imoexpert\/","logo":{"@type":"ImageObject","inLanguage":"en","@id":"https:\/\/www.imobiliare.ro\/imoexpert\/#\/schema\/logo\/image\/","url":"https:\/\/www.imobiliare.ro\/imoexpert\/wp-content\/uploads\/2025\/05\/imobiliare_logo.png","contentUrl":"https:\/\/www.imobiliare.ro\/imoexpert\/wp-content\/uploads\/2025\/05\/imobiliare_logo.png","width":237,"height":29,"caption":"Imobiliare.ro"},"image":{"@id":"https:\/\/www.imobiliare.ro\/imoexpert\/#\/schema\/logo\/image\/"}},{"@type":"Person","@id":"https:\/\/www.imobiliare.ro\/imoexpert\/#\/schema\/person\/8c13b0297075010b896471fabf0d7790","name":"Adriana Dr\u0103gu\u0219in","image":{"@type":"ImageObject","inLanguage":"en","@id":"https:\/\/www.imobiliare.ro\/imoexpert\/#\/schema\/person\/image\/","url":"https:\/\/secure.gravatar.com\/avatar\/ba4762f7517e50e679ed7f11207102d1150120f2f5800c0da98f8a15305bf514?s=96&d=mm&r=g","contentUrl":"https:\/\/secure.gravatar.com\/avatar\/ba4762f7517e50e679ed7f11207102d1150120f2f5800c0da98f8a15305bf514?s=96&d=mm&r=g","caption":"Adriana Dr\u0103gu\u0219in"},"jobTitle":"Editor","url":"https:\/\/www.imobiliare.ro\/imoexpert\/author\/adriana-dragusin\/"}]}},"_links":{"self":[{"href":"https:\/\/www.imobiliare.ro\/imoexpert\/wp-json\/wp\/v2\/posts\/28972","targetHints":{"allow":["GET"]}}],"collection":[{"href":"https:\/\/www.imobiliare.ro\/imoexpert\/wp-json\/wp\/v2\/posts"}],"about":[{"href":"https:\/\/www.imobiliare.ro\/imoexpert\/wp-json\/wp\/v2\/types\/post"}],"author":[{"embeddable":true,"href":"https:\/\/www.imobiliare.ro\/imoexpert\/wp-json\/wp\/v2\/users\/829"}],"replies":[{"embeddable":true,"href":"https:\/\/www.imobiliare.ro\/imoexpert\/wp-json\/wp\/v2\/comments?post=28972"}],"version-history":[{"count":0,"href":"https:\/\/www.imobiliare.ro\/imoexpert\/wp-json\/wp\/v2\/posts\/28972\/revisions"}],"wp:featuredmedia":[{"embeddable":true,"href":"https:\/\/www.imobiliare.ro\/imoexpert\/wp-json\/wp\/v2\/media\/28973"}],"wp:attachment":[{"href":"https:\/\/www.imobiliare.ro\/imoexpert\/wp-json\/wp\/v2\/media?parent=28972"}],"wp:term":[{"taxonomy":"category","embeddable":true,"href":"https:\/\/www.imobiliare.ro\/imoexpert\/wp-json\/wp\/v2\/categories?post=28972"},{"taxonomy":"post_tag","embeddable":true,"href":"https:\/\/www.imobiliare.ro\/imoexpert\/wp-json\/wp\/v2\/tags?post=28972"},{"taxonomy":"content_author","embeddable":true,"href":"https:\/\/www.imobiliare.ro\/imoexpert\/wp-json\/wp\/v2\/content_author?post=28972"}],"curies":[{"name":"wp","href":"https:\/\/api.w.org\/{rel}","templated":true}]}}