{"id":29747,"date":"2014-05-05T15:27:08","date_gmt":"2014-05-05T12:27:08","guid":{"rendered":"https:\/\/www.imobiliare.ro\/?p=29747"},"modified":"2014-05-05T15:27:08","modified_gmt":"2014-05-05T12:27:08","slug":"confort-in-stil-minimalist-pentru-o-casa-de-doar-26-de-metri-patrati","status":"publish","type":"post","link":"https:\/\/www.imobiliare.ro\/imoexpert\/confort-in-stil-minimalist-pentru-o-casa-de-doar-26-de-metri-patrati_db\/","title":{"rendered":"Confort \u00een stil minimalist pentru o cas\u0103 de doar 26 de metri p\u0103tra\u021bi"},"content":{"rendered":"<p><strong>Zugr\u0103virea unei \u00eenc\u0103peri \u00een alb &#8211; sau \u00eentr-o culoare c\u00e2t mai deschis\u0103 \u2013 este unul dintre cele mai simple \u201etrucuri\u201d pentru amplificarea senza\u021biei de spa\u021biu.<\/strong><\/p>\n<p>\u00centr-o locuin\u021b\u0103 mic\u0103 sau chiar foarte mic\u0103, o amenajare modern\u0103, care s\u0103 combine solu\u021bii inteligente de design cu nu prea multe piese de mobilier, se poate dovedi cea mai inspirat\u0103 alegere. Un astfel de exemplu este oferit de proprietatea din imagini, prezentat\u0103 pe <strong><a class=\"article-body-links\"href=\"http:\/\/freshome.com\/\">Freshome.com<\/a><\/strong>:<\/p>\n<p><a class=\"article-body-links\"href=\"https:\/\/www.imobiliare.ro\/imoexpert\/wp-content\/uploads\/2014\/05\/Poland-studio-1.jpg\"><img loading=\"lazy\" decoding=\"async\" src=\"https:\/\/www.imobiliare.ro\/imoexpert\/wp-content\/uploads\/2014\/05\/Poland-studio-1.jpg\" alt=\"Poland studio 1\" width=\"602\" height=\"401\" class=\"aligncenter size-full wp-image-29748\" srcset=\"https:\/\/www.imobiliare.ro\/imoexpert\/wp-content\/uploads\/2014\/05\/Poland-studio-1.jpg 602w, https:\/\/www.imobiliare.ro\/imoexpert\/wp-content\/uploads\/2014\/05\/Poland-studio-1-300x200.jpg 300w, https:\/\/www.imobiliare.ro\/imoexpert\/wp-content\/uploads\/2014\/05\/Poland-studio-1-87x57.jpg 87w, https:\/\/www.imobiliare.ro\/imoexpert\/wp-content\/uploads\/2014\/05\/Poland-studio-1-65x43.jpg 65w, https:\/\/www.imobiliare.ro\/imoexpert\/wp-content\/uploads\/2014\/05\/Poland-studio-1-154x103.jpg 154w\" sizes=\"auto, (max-width: 602px) 100vw, 602px\" \/><\/a><\/p>\n<p>Conceptul de amenajare pentru apartamentul din imagini \u2013 ce se afl\u0103 \u00een \u0141azarz, Polonia &#8211; a fost realizat de biroul Mili Mlodzi Ludzie. Locuin\u021ba dispune de o suprafa\u021b\u0103 util\u0103 de doar 26 de metri p\u0103tra\u021bi, perfect comparabil\u0103 cu cea a unei garsoniere de tip vechi \u2013 sau chiar nou &#8211; din Rom\u00e2nia. Proiectul se distinge printr-un design modern, minimalist, ce se pliaz\u0103 perfect pe cerin\u021bele unui spa\u021biu de mici dimensiuni. <\/p>\n<p><a class=\"article-body-links\"href=\"https:\/\/www.imobiliare.ro\/imoexpert\/wp-content\/uploads\/2014\/05\/Poland-studio-2.jpg\"><img loading=\"lazy\" decoding=\"async\" src=\"https:\/\/www.imobiliare.ro\/imoexpert\/wp-content\/uploads\/2014\/05\/Poland-studio-2.jpg\" alt=\"Poland studio 2\" width=\"602\" height=\"401\" class=\"aligncenter size-full wp-image-29749\" srcset=\"https:\/\/www.imobiliare.ro\/imoexpert\/wp-content\/uploads\/2014\/05\/Poland-studio-2.jpg 602w, https:\/\/www.imobiliare.ro\/imoexpert\/wp-content\/uploads\/2014\/05\/Poland-studio-2-300x200.jpg 300w, https:\/\/www.imobiliare.ro\/imoexpert\/wp-content\/uploads\/2014\/05\/Poland-studio-2-87x57.jpg 87w, https:\/\/www.imobiliare.ro\/imoexpert\/wp-content\/uploads\/2014\/05\/Poland-studio-2-65x43.jpg 65w, https:\/\/www.imobiliare.ro\/imoexpert\/wp-content\/uploads\/2014\/05\/Poland-studio-2-154x103.jpg 154w\" sizes=\"auto, (max-width: 602px) 100vw, 602px\" \/><\/a><\/p>\n<p>Designerii opteaz\u0103 pentru \u201e\u00eembr\u0103carea\u201d casei \u00eentr-un fundal complet alb \u2013 din tavan p\u00e2n\u0103 \u00een podea; \u00een combina\u021bie cu lumina natural\u0103 ce p\u0103trunde din abunden\u021b\u0103 prin cele trei ferestre\/u\u0219i, acesta contribuie la \u201edilatarea\u201d optic\u0103 a spa\u021biului disponibil, prin estomparea delimit\u0103rilor sale naturale. Pentru a aduce varietate \u0219i contrast \u00een decor, autorii proiectului br\u0103zdeaz\u0103 \u201emasa\u201d de alb cu ajutorul c\u00e2torva linii fr\u00e2nte negre \u2013 pe alocuri, acestea par s\u0103 se \u201ematerializeze\u201d sub forma scaunelor de buc\u0103t\u0103rie sau a sc\u0103rii metalice. Antiteza alb-negru, specific\u0103 curentului minimalist, este conturat\u0103 \u0219i cu ajutorul celor c\u00e2teva piese de mobilier alese (sofaua, m\u0103su\u021ba de cafea, scaunul rotativ), \u00een vreme ce covorul aduce \u00een \u201epeisaj\u201d c\u00e2teva &#8211; necesare &#8211; accente de culoare.<\/p>\n<p><a class=\"article-body-links\"href=\"https:\/\/www.imobiliare.ro\/imoexpert\/wp-content\/uploads\/2014\/05\/Poland-studio-3.jpg\"><img loading=\"lazy\" decoding=\"async\" src=\"https:\/\/www.imobiliare.ro\/imoexpert\/wp-content\/uploads\/2014\/05\/Poland-studio-3.jpg\" alt=\"Poland studio 3\" width=\"602\" height=\"903\" class=\"aligncenter size-full wp-image-29750\" srcset=\"https:\/\/www.imobiliare.ro\/imoexpert\/wp-content\/uploads\/2014\/05\/Poland-studio-3.jpg 602w, https:\/\/www.imobiliare.ro\/imoexpert\/wp-content\/uploads\/2014\/05\/Poland-studio-3-200x300.jpg 200w\" sizes=\"auto, (max-width: 602px) 100vw, 602px\" \/><\/a><br \/>\n<a class=\"article-body-links\"href=\"https:\/\/www.imobiliare.ro\/imoexpert\/wp-content\/uploads\/2014\/05\/Poland-studio-4.jpg\"><img loading=\"lazy\" decoding=\"async\" src=\"https:\/\/www.imobiliare.ro\/imoexpert\/wp-content\/uploads\/2014\/05\/Poland-studio-4.jpg\" alt=\"Poland studio 4\" width=\"602\" height=\"903\" class=\"aligncenter size-full wp-image-29751\" srcset=\"https:\/\/www.imobiliare.ro\/imoexpert\/wp-content\/uploads\/2014\/05\/Poland-studio-4.jpg 602w, https:\/\/www.imobiliare.ro\/imoexpert\/wp-content\/uploads\/2014\/05\/Poland-studio-4-200x300.jpg 200w\" sizes=\"auto, (max-width: 602px) 100vw, 602px\" \/><\/a><br \/>\n<a class=\"article-body-links\"href=\"https:\/\/www.imobiliare.ro\/imoexpert\/wp-content\/uploads\/2014\/05\/Poland-studio-5.jpg\"><img loading=\"lazy\" decoding=\"async\" src=\"https:\/\/www.imobiliare.ro\/imoexpert\/wp-content\/uploads\/2014\/05\/Poland-studio-5.jpg\" alt=\"Poland studio 5\" width=\"602\" height=\"903\" class=\"aligncenter size-full wp-image-29752\" srcset=\"https:\/\/www.imobiliare.ro\/imoexpert\/wp-content\/uploads\/2014\/05\/Poland-studio-5.jpg 602w, https:\/\/www.imobiliare.ro\/imoexpert\/wp-content\/uploads\/2014\/05\/Poland-studio-5-200x300.jpg 200w\" sizes=\"auto, (max-width: 602px) 100vw, 602px\" \/><\/a><br \/>\n<a class=\"article-body-links\"href=\"https:\/\/www.imobiliare.ro\/imoexpert\/wp-content\/uploads\/2014\/05\/Poland-studio-6.jpg\"><img loading=\"lazy\" decoding=\"async\" src=\"https:\/\/www.imobiliare.ro\/imoexpert\/wp-content\/uploads\/2014\/05\/Poland-studio-6.jpg\" alt=\"Poland studio 6\" width=\"602\" height=\"903\" class=\"aligncenter size-full wp-image-29753\" srcset=\"https:\/\/www.imobiliare.ro\/imoexpert\/wp-content\/uploads\/2014\/05\/Poland-studio-6.jpg 602w, https:\/\/www.imobiliare.ro\/imoexpert\/wp-content\/uploads\/2014\/05\/Poland-studio-6-200x300.jpg 200w\" sizes=\"auto, (max-width: 602px) 100vw, 602px\" \/><\/a><\/p>\n<p>Dincolo de design, acest concept de amenajare se remarc\u0103 \u0219i datorit\u0103 utiliz\u0103rii eficiente a spa\u021biului disponibil. Astfel, livingul cu buc\u0103t\u0103rie deschis\u0103 beneficiaz\u0103 de suficient loc de mi\u0219care, at\u00e2t datorit\u0103 designului minimalist, ce evit\u0103 supra\u00eenc\u0103rcarea cu piese de mobilier, c\u00e2t \u0219i \u00een urma amenaj\u0103rii unui pat \u201ela etaj\u201d, deasupra b\u0103ii. De asemenea, toate spa\u021biile de depozitare sunt \u201eascunse\u201d \u00een dulapuri albe, ce se confund\u0103 cu u\u0219urin\u021b\u0103 cu pere\u021bii, nel\u0103s\u00e2nd vederii nimic \u00een afar\u0103 de mobilier. <\/p>\n<p><a class=\"article-body-links\"href=\"https:\/\/www.imobiliare.ro\/imoexpert\/wp-content\/uploads\/2014\/05\/Poland-studio-7.jpg\"><img loading=\"lazy\" decoding=\"async\" src=\"https:\/\/www.imobiliare.ro\/imoexpert\/wp-content\/uploads\/2014\/05\/Poland-studio-7.jpg\" alt=\"Poland studio 7\" width=\"602\" height=\"903\" class=\"aligncenter size-full wp-image-29754\" srcset=\"https:\/\/www.imobiliare.ro\/imoexpert\/wp-content\/uploads\/2014\/05\/Poland-studio-7.jpg 602w, https:\/\/www.imobiliare.ro\/imoexpert\/wp-content\/uploads\/2014\/05\/Poland-studio-7-200x300.jpg 200w\" sizes=\"auto, (max-width: 602px) 100vw, 602px\" \/><\/a><br \/>\n<a class=\"article-body-links\"href=\"https:\/\/www.imobiliare.ro\/imoexpert\/wp-content\/uploads\/2014\/05\/Poland-studio-8.jpg\"><img loading=\"lazy\" decoding=\"async\" src=\"https:\/\/www.imobiliare.ro\/imoexpert\/wp-content\/uploads\/2014\/05\/Poland-studio-8.jpg\" alt=\"Poland studio 8\" width=\"602\" height=\"903\" class=\"aligncenter size-full wp-image-29755\" srcset=\"https:\/\/www.imobiliare.ro\/imoexpert\/wp-content\/uploads\/2014\/05\/Poland-studio-8.jpg 602w, https:\/\/www.imobiliare.ro\/imoexpert\/wp-content\/uploads\/2014\/05\/Poland-studio-8-200x300.jpg 200w\" sizes=\"auto, (max-width: 602px) 100vw, 602px\" \/><\/a><br \/>\n<a class=\"article-body-links\"href=\"https:\/\/www.imobiliare.ro\/imoexpert\/wp-content\/uploads\/2014\/05\/Poland-studio-9.jpg\"><img loading=\"lazy\" decoding=\"async\" src=\"https:\/\/www.imobiliare.ro\/imoexpert\/wp-content\/uploads\/2014\/05\/Poland-studio-9.jpg\" alt=\"Poland studio 9\" width=\"602\" height=\"903\" class=\"aligncenter size-full wp-image-29756\" srcset=\"https:\/\/www.imobiliare.ro\/imoexpert\/wp-content\/uploads\/2014\/05\/Poland-studio-9.jpg 602w, https:\/\/www.imobiliare.ro\/imoexpert\/wp-content\/uploads\/2014\/05\/Poland-studio-9-200x300.jpg 200w\" sizes=\"auto, (max-width: 602px) 100vw, 602px\" \/><\/a><br \/>\n<a class=\"article-body-links\"href=\"https:\/\/www.imobiliare.ro\/imoexpert\/wp-content\/uploads\/2014\/05\/Poland-studio-10.jpg\"><img loading=\"lazy\" decoding=\"async\" src=\"https:\/\/www.imobiliare.ro\/imoexpert\/wp-content\/uploads\/2014\/05\/Poland-studio-10.jpg\" alt=\"Poland studio 10\" width=\"602\" height=\"903\" class=\"aligncenter size-full wp-image-29757\" srcset=\"https:\/\/www.imobiliare.ro\/imoexpert\/wp-content\/uploads\/2014\/05\/Poland-studio-10.jpg 602w, https:\/\/www.imobiliare.ro\/imoexpert\/wp-content\/uploads\/2014\/05\/Poland-studio-10-200x300.jpg 200w\" sizes=\"auto, (max-width: 602px) 100vw, 602px\" \/><\/a><br \/>\n<a class=\"article-body-links\"href=\"https:\/\/www.imobiliare.ro\/imoexpert\/wp-content\/uploads\/2014\/05\/Poland-studio-11.jpg\"><img loading=\"lazy\" decoding=\"async\" src=\"https:\/\/www.imobiliare.ro\/imoexpert\/wp-content\/uploads\/2014\/05\/Poland-studio-11.jpg\" alt=\"Poland studio 11\" width=\"602\" height=\"903\" class=\"aligncenter size-full wp-image-29758\" srcset=\"https:\/\/www.imobiliare.ro\/imoexpert\/wp-content\/uploads\/2014\/05\/Poland-studio-11.jpg 602w, https:\/\/www.imobiliare.ro\/imoexpert\/wp-content\/uploads\/2014\/05\/Poland-studio-11-200x300.jpg 200w\" sizes=\"auto, (max-width: 602px) 100vw, 602px\" \/><\/a><br \/>\n<a class=\"article-body-links\"href=\"https:\/\/www.imobiliare.ro\/imoexpert\/wp-content\/uploads\/2014\/05\/Poland-studio-12.jpg\"><img loading=\"lazy\" decoding=\"async\" src=\"https:\/\/www.imobiliare.ro\/imoexpert\/wp-content\/uploads\/2014\/05\/Poland-studio-12.jpg\" alt=\"Poland studio 12\" width=\"602\" height=\"903\" class=\"aligncenter size-full wp-image-29759\" srcset=\"https:\/\/www.imobiliare.ro\/imoexpert\/wp-content\/uploads\/2014\/05\/Poland-studio-12.jpg 602w, https:\/\/www.imobiliare.ro\/imoexpert\/wp-content\/uploads\/2014\/05\/Poland-studio-12-200x300.jpg 200w\" sizes=\"auto, (max-width: 602px) 100vw, 602px\" \/><\/a><br \/>\n<a class=\"article-body-links\"href=\"https:\/\/www.imobiliare.ro\/imoexpert\/wp-content\/uploads\/2014\/05\/Poland-studio-13.jpg\"><img loading=\"lazy\" decoding=\"async\" src=\"https:\/\/www.imobiliare.ro\/imoexpert\/wp-content\/uploads\/2014\/05\/Poland-studio-13.jpg\" alt=\"Poland studio 13\" width=\"602\" height=\"903\" class=\"aligncenter size-full wp-image-29760\" srcset=\"https:\/\/www.imobiliare.ro\/imoexpert\/wp-content\/uploads\/2014\/05\/Poland-studio-13.jpg 602w, https:\/\/www.imobiliare.ro\/imoexpert\/wp-content\/uploads\/2014\/05\/Poland-studio-13-200x300.jpg 200w\" sizes=\"auto, (max-width: 602px) 100vw, 602px\" \/><\/a><\/p>\n<p><em><strong>Surs\u0103 foto: <a class=\"article-body-links\"href=\"http:\/\/freshome.com\/2014\/04\/30\/small-apartment-secret-storage-ingeniously-designed-budget\/\">Freshome.com<\/a><br \/>\nCite\u0219te \u0219i: <a class=\"article-body-links\"href=\"https:\/\/www.imobiliare.ro\/homedeco\/solutii-inteligente-pentru-spatii-mici-amenajarea-unei-garsoniere-de-16-metri-patrati_db\/\">Solu\u021bii inteligente pentru spa\u021bii mici: amenajarea unei garsoniere de 16 metri p\u0103tra\u021bi<\/a><\/strong><\/em><\/p>\n","protected":false},"excerpt":{"rendered":"<p>Zugr\u0103virea unei \u00eenc\u0103peri \u00een alb &#8211; sau \u00eentr-o culoare c\u00e2t mai deschis\u0103 \u2013 este unul dintre cele mai simple \u201etrucuri\u201d pentru amplificarea senza\u021biei de spa\u021biu. \u00centr-o locuin\u021b\u0103 mic\u0103 sau chiar foarte mic\u0103, o amenajare modern\u0103, care s\u0103 combine solu\u021bii inteligente de design cu nu prea multe piese de mobilier, se poate dovedi cea mai inspirat\u0103 [&hellip;]<\/p>\n","protected":false},"author":829,"featured_media":29748,"comment_status":"open","ping_status":"open","sticky":false,"template":"","format":"standard","meta":{"footnotes":""},"categories":[255,259],"tags":[1022,1410,1411],"content_author":[],"class_list":["post-29747","post","type-post","status-publish","format-standard","has-post-thumbnail","hentry","category-home-deco","category-stiri","tag-homedeco","tag-newsletter","tag-principal"],"yoast_head":"<!-- This site is optimized with the Yoast SEO Premium plugin v27.0 (Yoast SEO v27.0) - https:\/\/yoast.com\/product\/yoast-seo-premium-wordpress\/ -->\n<title>Confort \u00een stil minimalist pentru o cas\u0103 de doar 26 de metri p\u0103tra\u021bi - Home &amp; Deco, \u0218tiri - ImoExpert<\/title>\n<meta name=\"description\" content=\"Zugr\u0103virea unei \u00eenc\u0103peri \u00een alb - sau \u00eentr-o culoare c\u00e2t mai deschis\u0103 \u2013 este unul dintre cele mai simple \u201etrucuri\u201d pentru amplificarea senza\u021biei de\" \/>\n<meta name=\"robots\" content=\"index, follow\" \/>\n<link rel=\"canonical\" href=\"https:\/\/www.imobiliare.ro\/imoexpert\/confort-in-stil-minimalist-pentru-o-casa-de-doar-26-de-metri-patrati_db\/\" \/>\n<meta property=\"og:locale\" content=\"ro_RO\" \/>\n<meta property=\"og:type\" content=\"article\" \/>\n<meta property=\"og:title\" content=\"Confort \u00een stil minimalist pentru o cas\u0103 de doar 26 de metri p\u0103tra\u021bi\" \/>\n<meta property=\"og:description\" content=\"Zugr\u0103virea unei \u00eenc\u0103peri \u00een alb - sau \u00eentr-o culoare c\u00e2t mai deschis\u0103 \u2013 este unul dintre cele mai simple \u201etrucuri\u201d pentru amplificarea senza\u021biei de\" \/>\n<meta property=\"og:url\" content=\"https:\/\/www.imobiliare.ro\/imoexpert\/confort-in-stil-minimalist-pentru-o-casa-de-doar-26-de-metri-patrati_db\/\" \/>\n<meta property=\"og:site_name\" content=\"ImoExpert\" \/>\n<meta property=\"article:published_time\" content=\"2014-05-05T12:27:08+00:00\" \/>\n<meta property=\"og:image\" content=\"https:\/\/www.imobiliare.ro\/imoexpert\/wp-content\/uploads\/2014\/05\/Poland-studio-1.jpg\" \/>\n\t<meta property=\"og:image:width\" content=\"602\" \/>\n\t<meta property=\"og:image:height\" content=\"401\" \/>\n\t<meta property=\"og:image:type\" content=\"image\/jpeg\" \/>\n<meta name=\"author\" content=\"Adriana Dr\u0103gu\u0219in\" \/>\n<meta name=\"twitter:card\" content=\"summary_large_image\" \/>\n<meta name=\"twitter:label1\" content=\"Written by\" \/>\n\t<meta name=\"twitter:data1\" content=\"Adriana Dr\u0103gu\u0219in\" \/>\n\t<meta name=\"twitter:label2\" content=\"Est. reading time\" \/>\n\t<meta name=\"twitter:data2\" content=\"2 minute\" \/>\n<script type=\"application\/ld+json\" class=\"yoast-schema-graph\">{\"@context\":\"https:\/\/schema.org\",\"@graph\":[{\"@type\":\"Article\",\"@id\":\"https:\/\/www.imobiliare.ro\/imoexpert\/confort-in-stil-minimalist-pentru-o-casa-de-doar-26-de-metri-patrati_db\/#article\",\"isPartOf\":{\"@id\":\"https:\/\/www.imobiliare.ro\/imoexpert\/confort-in-stil-minimalist-pentru-o-casa-de-doar-26-de-metri-patrati_db\/\"},\"author\":{\"name\":\"Adriana Dr\u0103gu\u0219in\",\"@id\":\"https:\/\/www.imobiliare.ro\/imoexpert\/#\/schema\/person\/8c13b0297075010b896471fabf0d7790\"},\"headline\":\"Confort \u00een stil minimalist pentru o cas\u0103 de doar 26 de metri p\u0103tra\u021bi\",\"datePublished\":\"2014-05-05T12:27:08+00:00\",\"mainEntityOfPage\":{\"@id\":\"https:\/\/www.imobiliare.ro\/imoexpert\/confort-in-stil-minimalist-pentru-o-casa-de-doar-26-de-metri-patrati_db\/\"},\"wordCount\":404,\"commentCount\":2,\"publisher\":{\"@id\":\"https:\/\/www.imobiliare.ro\/imoexpert\/#organization\"},\"image\":{\"@id\":\"https:\/\/www.imobiliare.ro\/imoexpert\/confort-in-stil-minimalist-pentru-o-casa-de-doar-26-de-metri-patrati_db\/#primaryimage\"},\"thumbnailUrl\":\"https:\/\/www.imobiliare.ro\/imoexpert\/wp-content\/uploads\/2014\/05\/Poland-studio-1.jpg\",\"keywords\":[\"Home&amp;Deco\",\"newsletter\",\"principal\"],\"articleSection\":[\"Home &amp; Deco\",\"\u0218tiri\"],\"inLanguage\":\"en\",\"potentialAction\":[{\"@type\":\"CommentAction\",\"name\":\"Comment\",\"target\":[\"https:\/\/www.imobiliare.ro\/imoexpert\/confort-in-stil-minimalist-pentru-o-casa-de-doar-26-de-metri-patrati_db\/#respond\"]}],\"copyrightYear\":\"2014\",\"copyrightHolder\":{\"@id\":\"https:\/\/www.imobiliare.ro\/imoexpert\/#organization\"}},{\"@type\":\"WebPage\",\"@id\":\"https:\/\/www.imobiliare.ro\/imoexpert\/confort-in-stil-minimalist-pentru-o-casa-de-doar-26-de-metri-patrati_db\/\",\"url\":\"https:\/\/www.imobiliare.ro\/imoexpert\/confort-in-stil-minimalist-pentru-o-casa-de-doar-26-de-metri-patrati_db\/\",\"name\":\"Confort \u00een stil minimalist pentru o cas\u0103 de doar 26 de metri p\u0103tra\u021bi - Home &amp; Deco, \u0218tiri - ImoExpert\",\"isPartOf\":{\"@id\":\"https:\/\/www.imobiliare.ro\/imoexpert\/#website\"},\"primaryImageOfPage\":{\"@id\":\"https:\/\/www.imobiliare.ro\/imoexpert\/confort-in-stil-minimalist-pentru-o-casa-de-doar-26-de-metri-patrati_db\/#primaryimage\"},\"image\":{\"@id\":\"https:\/\/www.imobiliare.ro\/imoexpert\/confort-in-stil-minimalist-pentru-o-casa-de-doar-26-de-metri-patrati_db\/#primaryimage\"},\"thumbnailUrl\":\"https:\/\/www.imobiliare.ro\/imoexpert\/wp-content\/uploads\/2014\/05\/Poland-studio-1.jpg\",\"datePublished\":\"2014-05-05T12:27:08+00:00\",\"description\":\"Zugr\u0103virea unei \u00eenc\u0103peri \u00een alb - sau \u00eentr-o culoare c\u00e2t mai deschis\u0103 \u2013 este unul dintre cele mai simple \u201etrucuri\u201d pentru amplificarea senza\u021biei de\",\"breadcrumb\":{\"@id\":\"https:\/\/www.imobiliare.ro\/imoexpert\/confort-in-stil-minimalist-pentru-o-casa-de-doar-26-de-metri-patrati_db\/#breadcrumb\"},\"inLanguage\":\"en\",\"potentialAction\":[{\"@type\":\"ReadAction\",\"target\":[\"https:\/\/www.imobiliare.ro\/imoexpert\/confort-in-stil-minimalist-pentru-o-casa-de-doar-26-de-metri-patrati_db\/\"]}]},{\"@type\":\"ImageObject\",\"inLanguage\":\"en\",\"@id\":\"https:\/\/www.imobiliare.ro\/imoexpert\/confort-in-stil-minimalist-pentru-o-casa-de-doar-26-de-metri-patrati_db\/#primaryimage\",\"url\":\"https:\/\/www.imobiliare.ro\/imoexpert\/wp-content\/uploads\/2014\/05\/Poland-studio-1.jpg\",\"contentUrl\":\"https:\/\/www.imobiliare.ro\/imoexpert\/wp-content\/uploads\/2014\/05\/Poland-studio-1.jpg\",\"width\":602,\"height\":401},{\"@type\":\"BreadcrumbList\",\"@id\":\"https:\/\/www.imobiliare.ro\/imoexpert\/confort-in-stil-minimalist-pentru-o-casa-de-doar-26-de-metri-patrati_db\/#breadcrumb\",\"itemListElement\":[{\"@type\":\"ListItem\",\"position\":1,\"name\":\"Imoradar24\",\"item\":\"https:\/\/www.imoradar24.ro\"},{\"@type\":\"ListItem\",\"position\":2,\"name\":\"ImoExpert\",\"item\":\"https:\/\/www.imobiliare.ro\/imoexpert\/\"},{\"@type\":\"ListItem\",\"position\":3,\"name\":\"Sfaturi\",\"item\":\"https:\/\/www.imobiliare.ro\/imoexpert\/ghid-imobiliar\/\"},{\"@type\":\"ListItem\",\"position\":4,\"name\":\"Home &amp; Deco\",\"item\":\"https:\/\/www.imobiliare.ro\/imoexpert\/ghid-imobiliar\/home-deco\/\"},{\"@type\":\"ListItem\",\"position\":5,\"name\":\"Confort \u00een stil minimalist pentru o cas\u0103 de doar 26 de metri p\u0103tra\u021bi\"}]},{\"@type\":\"WebSite\",\"@id\":\"https:\/\/www.imobiliare.ro\/imoexpert\/#website\",\"url\":\"https:\/\/www.imobiliare.ro\/imoexpert\/\",\"name\":\"ImoExpert\",\"description\":\"cele mai importante \u015ftiri din domeniul imobiliar\",\"publisher\":{\"@id\":\"https:\/\/www.imobiliare.ro\/imoexpert\/#organization\"},\"inLanguage\":\"en\"},{\"@type\":\"Organization\",\"@id\":\"https:\/\/www.imobiliare.ro\/imoexpert\/#organization\",\"name\":\"Imobiliare.ro\",\"alternateName\":\"Realmedia Network SA\",\"url\":\"https:\/\/www.imobiliare.ro\/imoexpert\/\",\"logo\":{\"@type\":\"ImageObject\",\"inLanguage\":\"en\",\"@id\":\"https:\/\/www.imobiliare.ro\/imoexpert\/#\/schema\/logo\/image\/\",\"url\":\"https:\/\/www.imobiliare.ro\/imoexpert\/wp-content\/uploads\/2025\/05\/imobiliare_logo.png\",\"contentUrl\":\"https:\/\/www.imobiliare.ro\/imoexpert\/wp-content\/uploads\/2025\/05\/imobiliare_logo.png\",\"width\":237,\"height\":29,\"caption\":\"Imobiliare.ro\"},\"image\":{\"@id\":\"https:\/\/www.imobiliare.ro\/imoexpert\/#\/schema\/logo\/image\/\"}},{\"@type\":\"Person\",\"@id\":\"https:\/\/www.imobiliare.ro\/imoexpert\/#\/schema\/person\/8c13b0297075010b896471fabf0d7790\",\"name\":\"Adriana Dr\u0103gu\u0219in\",\"image\":{\"@type\":\"ImageObject\",\"inLanguage\":\"en\",\"@id\":\"https:\/\/www.imobiliare.ro\/imoexpert\/#\/schema\/person\/image\/\",\"url\":\"https:\/\/secure.gravatar.com\/avatar\/ba4762f7517e50e679ed7f11207102d1150120f2f5800c0da98f8a15305bf514?s=96&d=mm&r=g\",\"contentUrl\":\"https:\/\/secure.gravatar.com\/avatar\/ba4762f7517e50e679ed7f11207102d1150120f2f5800c0da98f8a15305bf514?s=96&d=mm&r=g\",\"caption\":\"Adriana Dr\u0103gu\u0219in\"},\"jobTitle\":\"Editor\",\"url\":\"https:\/\/www.imobiliare.ro\/imoexpert\/author\/adriana-dragusin\/\"}]}<\/script>\n<!-- \/ Yoast SEO Premium plugin. -->","yoast_head_json":{"title":"Confort \u00een stil minimalist pentru o cas\u0103 de doar 26 de metri p\u0103tra\u021bi - Home &amp; Deco, \u0218tiri - ImoExpert","description":"Zugr\u0103virea unei \u00eenc\u0103peri \u00een alb - sau \u00eentr-o culoare c\u00e2t mai deschis\u0103 \u2013 este unul dintre cele mai simple \u201etrucuri\u201d pentru amplificarea senza\u021biei de","robots":{"index":"index","follow":"follow"},"canonical":"https:\/\/www.imobiliare.ro\/imoexpert\/confort-in-stil-minimalist-pentru-o-casa-de-doar-26-de-metri-patrati_db\/","og_locale":"ro_RO","og_type":"article","og_title":"Confort \u00een stil minimalist pentru o cas\u0103 de doar 26 de metri p\u0103tra\u021bi","og_description":"Zugr\u0103virea unei \u00eenc\u0103peri \u00een alb - sau \u00eentr-o culoare c\u00e2t mai deschis\u0103 \u2013 este unul dintre cele mai simple \u201etrucuri\u201d pentru amplificarea senza\u021biei de","og_url":"https:\/\/www.imobiliare.ro\/imoexpert\/confort-in-stil-minimalist-pentru-o-casa-de-doar-26-de-metri-patrati_db\/","og_site_name":"ImoExpert","article_published_time":"2014-05-05T12:27:08+00:00","og_image":[{"width":602,"height":401,"url":"https:\/\/www.imobiliare.ro\/imoexpert\/wp-content\/uploads\/2014\/05\/Poland-studio-1.jpg","type":"image\/jpeg"}],"author":"Adriana Dr\u0103gu\u0219in","twitter_card":"summary_large_image","twitter_misc":{"Written by":"Adriana Dr\u0103gu\u0219in","Est. reading time":"2 minute"},"schema":{"@context":"https:\/\/schema.org","@graph":[{"@type":"Article","@id":"https:\/\/www.imobiliare.ro\/imoexpert\/confort-in-stil-minimalist-pentru-o-casa-de-doar-26-de-metri-patrati_db\/#article","isPartOf":{"@id":"https:\/\/www.imobiliare.ro\/imoexpert\/confort-in-stil-minimalist-pentru-o-casa-de-doar-26-de-metri-patrati_db\/"},"author":{"name":"Adriana Dr\u0103gu\u0219in","@id":"https:\/\/www.imobiliare.ro\/imoexpert\/#\/schema\/person\/8c13b0297075010b896471fabf0d7790"},"headline":"Confort \u00een stil minimalist pentru o cas\u0103 de doar 26 de metri p\u0103tra\u021bi","datePublished":"2014-05-05T12:27:08+00:00","mainEntityOfPage":{"@id":"https:\/\/www.imobiliare.ro\/imoexpert\/confort-in-stil-minimalist-pentru-o-casa-de-doar-26-de-metri-patrati_db\/"},"wordCount":404,"commentCount":2,"publisher":{"@id":"https:\/\/www.imobiliare.ro\/imoexpert\/#organization"},"image":{"@id":"https:\/\/www.imobiliare.ro\/imoexpert\/confort-in-stil-minimalist-pentru-o-casa-de-doar-26-de-metri-patrati_db\/#primaryimage"},"thumbnailUrl":"https:\/\/www.imobiliare.ro\/imoexpert\/wp-content\/uploads\/2014\/05\/Poland-studio-1.jpg","keywords":["Home&amp;Deco","newsletter","principal"],"articleSection":["Home &amp; Deco","\u0218tiri"],"inLanguage":"en","potentialAction":[{"@type":"CommentAction","name":"Comment","target":["https:\/\/www.imobiliare.ro\/imoexpert\/confort-in-stil-minimalist-pentru-o-casa-de-doar-26-de-metri-patrati_db\/#respond"]}],"copyrightYear":"2014","copyrightHolder":{"@id":"https:\/\/www.imobiliare.ro\/imoexpert\/#organization"}},{"@type":"WebPage","@id":"https:\/\/www.imobiliare.ro\/imoexpert\/confort-in-stil-minimalist-pentru-o-casa-de-doar-26-de-metri-patrati_db\/","url":"https:\/\/www.imobiliare.ro\/imoexpert\/confort-in-stil-minimalist-pentru-o-casa-de-doar-26-de-metri-patrati_db\/","name":"Confort \u00een stil minimalist pentru o cas\u0103 de doar 26 de metri p\u0103tra\u021bi - Home &amp; Deco, \u0218tiri - ImoExpert","isPartOf":{"@id":"https:\/\/www.imobiliare.ro\/imoexpert\/#website"},"primaryImageOfPage":{"@id":"https:\/\/www.imobiliare.ro\/imoexpert\/confort-in-stil-minimalist-pentru-o-casa-de-doar-26-de-metri-patrati_db\/#primaryimage"},"image":{"@id":"https:\/\/www.imobiliare.ro\/imoexpert\/confort-in-stil-minimalist-pentru-o-casa-de-doar-26-de-metri-patrati_db\/#primaryimage"},"thumbnailUrl":"https:\/\/www.imobiliare.ro\/imoexpert\/wp-content\/uploads\/2014\/05\/Poland-studio-1.jpg","datePublished":"2014-05-05T12:27:08+00:00","description":"Zugr\u0103virea unei \u00eenc\u0103peri \u00een alb - sau \u00eentr-o culoare c\u00e2t mai deschis\u0103 \u2013 este unul dintre cele mai simple \u201etrucuri\u201d pentru amplificarea senza\u021biei de","breadcrumb":{"@id":"https:\/\/www.imobiliare.ro\/imoexpert\/confort-in-stil-minimalist-pentru-o-casa-de-doar-26-de-metri-patrati_db\/#breadcrumb"},"inLanguage":"en","potentialAction":[{"@type":"ReadAction","target":["https:\/\/www.imobiliare.ro\/imoexpert\/confort-in-stil-minimalist-pentru-o-casa-de-doar-26-de-metri-patrati_db\/"]}]},{"@type":"ImageObject","inLanguage":"en","@id":"https:\/\/www.imobiliare.ro\/imoexpert\/confort-in-stil-minimalist-pentru-o-casa-de-doar-26-de-metri-patrati_db\/#primaryimage","url":"https:\/\/www.imobiliare.ro\/imoexpert\/wp-content\/uploads\/2014\/05\/Poland-studio-1.jpg","contentUrl":"https:\/\/www.imobiliare.ro\/imoexpert\/wp-content\/uploads\/2014\/05\/Poland-studio-1.jpg","width":602,"height":401},{"@type":"BreadcrumbList","@id":"https:\/\/www.imobiliare.ro\/imoexpert\/confort-in-stil-minimalist-pentru-o-casa-de-doar-26-de-metri-patrati_db\/#breadcrumb","itemListElement":[{"@type":"ListItem","position":1,"name":"Imoradar24","item":"https:\/\/www.imoradar24.ro"},{"@type":"ListItem","position":2,"name":"ImoExpert","item":"https:\/\/www.imobiliare.ro\/imoexpert\/"},{"@type":"ListItem","position":3,"name":"Sfaturi","item":"https:\/\/www.imobiliare.ro\/imoexpert\/ghid-imobiliar\/"},{"@type":"ListItem","position":4,"name":"Home &amp; Deco","item":"https:\/\/www.imobiliare.ro\/imoexpert\/ghid-imobiliar\/home-deco\/"},{"@type":"ListItem","position":5,"name":"Confort \u00een stil minimalist pentru o cas\u0103 de doar 26 de metri p\u0103tra\u021bi"}]},{"@type":"WebSite","@id":"https:\/\/www.imobiliare.ro\/imoexpert\/#website","url":"https:\/\/www.imobiliare.ro\/imoexpert\/","name":"ImoExpert","description":"cele mai importante \u015ftiri din domeniul imobiliar","publisher":{"@id":"https:\/\/www.imobiliare.ro\/imoexpert\/#organization"},"inLanguage":"en"},{"@type":"Organization","@id":"https:\/\/www.imobiliare.ro\/imoexpert\/#organization","name":"Imobiliare.ro","alternateName":"Realmedia Network SA","url":"https:\/\/www.imobiliare.ro\/imoexpert\/","logo":{"@type":"ImageObject","inLanguage":"en","@id":"https:\/\/www.imobiliare.ro\/imoexpert\/#\/schema\/logo\/image\/","url":"https:\/\/www.imobiliare.ro\/imoexpert\/wp-content\/uploads\/2025\/05\/imobiliare_logo.png","contentUrl":"https:\/\/www.imobiliare.ro\/imoexpert\/wp-content\/uploads\/2025\/05\/imobiliare_logo.png","width":237,"height":29,"caption":"Imobiliare.ro"},"image":{"@id":"https:\/\/www.imobiliare.ro\/imoexpert\/#\/schema\/logo\/image\/"}},{"@type":"Person","@id":"https:\/\/www.imobiliare.ro\/imoexpert\/#\/schema\/person\/8c13b0297075010b896471fabf0d7790","name":"Adriana Dr\u0103gu\u0219in","image":{"@type":"ImageObject","inLanguage":"en","@id":"https:\/\/www.imobiliare.ro\/imoexpert\/#\/schema\/person\/image\/","url":"https:\/\/secure.gravatar.com\/avatar\/ba4762f7517e50e679ed7f11207102d1150120f2f5800c0da98f8a15305bf514?s=96&d=mm&r=g","contentUrl":"https:\/\/secure.gravatar.com\/avatar\/ba4762f7517e50e679ed7f11207102d1150120f2f5800c0da98f8a15305bf514?s=96&d=mm&r=g","caption":"Adriana Dr\u0103gu\u0219in"},"jobTitle":"Editor","url":"https:\/\/www.imobiliare.ro\/imoexpert\/author\/adriana-dragusin\/"}]}},"_links":{"self":[{"href":"https:\/\/www.imobiliare.ro\/imoexpert\/wp-json\/wp\/v2\/posts\/29747","targetHints":{"allow":["GET"]}}],"collection":[{"href":"https:\/\/www.imobiliare.ro\/imoexpert\/wp-json\/wp\/v2\/posts"}],"about":[{"href":"https:\/\/www.imobiliare.ro\/imoexpert\/wp-json\/wp\/v2\/types\/post"}],"author":[{"embeddable":true,"href":"https:\/\/www.imobiliare.ro\/imoexpert\/wp-json\/wp\/v2\/users\/829"}],"replies":[{"embeddable":true,"href":"https:\/\/www.imobiliare.ro\/imoexpert\/wp-json\/wp\/v2\/comments?post=29747"}],"version-history":[{"count":0,"href":"https:\/\/www.imobiliare.ro\/imoexpert\/wp-json\/wp\/v2\/posts\/29747\/revisions"}],"wp:featuredmedia":[{"embeddable":true,"href":"https:\/\/www.imobiliare.ro\/imoexpert\/wp-json\/wp\/v2\/media\/29748"}],"wp:attachment":[{"href":"https:\/\/www.imobiliare.ro\/imoexpert\/wp-json\/wp\/v2\/media?parent=29747"}],"wp:term":[{"taxonomy":"category","embeddable":true,"href":"https:\/\/www.imobiliare.ro\/imoexpert\/wp-json\/wp\/v2\/categories?post=29747"},{"taxonomy":"post_tag","embeddable":true,"href":"https:\/\/www.imobiliare.ro\/imoexpert\/wp-json\/wp\/v2\/tags?post=29747"},{"taxonomy":"content_author","embeddable":true,"href":"https:\/\/www.imobiliare.ro\/imoexpert\/wp-json\/wp\/v2\/content_author?post=29747"}],"curies":[{"name":"wp","href":"https:\/\/api.w.org\/{rel}","templated":true}]}}