{"id":30053,"date":"2014-05-26T10:59:37","date_gmt":"2014-05-26T07:59:37","guid":{"rendered":"https:\/\/www.imobiliare.ro\/?p=30053"},"modified":"2014-05-26T10:59:37","modified_gmt":"2014-05-26T07:59:37","slug":"simbioza-dintre-clasic-si-modern-design-sofisticat-pentru-un-apartament-cu-doua-camere","status":"publish","type":"post","link":"https:\/\/www.imobiliare.ro\/imoexpert\/simbioza-dintre-clasic-si-modern-design-sofisticat-pentru-un-apartament-cu-doua-camere_db\/","title":{"rendered":"Simbioza dintre clasic \u0219i modern: design sofisticat pentru un apartament cu dou\u0103 camere"},"content":{"rendered":"<p><strong>Integrarea &#8211; \u00een mod creativ &#8211; a oglinzilor \u00eentr-un decor amplific\u0103 senza\u021bia de spa\u021biu.<\/strong><\/p>\n<p>Cei care viseaz\u0103 la o amenajare mai nonconformist\u0103 pentru propria locuin\u021b\u0103 pot opta cu succes pentru o combina\u021bie \u00eentre dou\u0103 \u2013 sau chiar mai multe \u2013 stiluri de design. Un exemplu reu\u0219it este oferit de proprietatea de mai jos, prezentat\u0103 pe <strong><a class=\"article-body-links\"href=\"http:\/\/freshome.com\/\">Freshome.com<\/a><\/strong>:<\/p>\n<p><a class=\"article-body-links\"href=\"https:\/\/www.imobiliare.ro\/imoexpert\/wp-content\/uploads\/2014\/05\/eclectic-apartment-1.jpg\"><img loading=\"lazy\" decoding=\"async\" class=\"aligncenter size-full wp-image-30054\" alt=\"eclectic apartment 1\" src=\"https:\/\/www.imobiliare.ro\/imoexpert\/wp-content\/uploads\/2014\/05\/eclectic-apartment-1.jpg\" width=\"604\" height=\"402\" srcset=\"https:\/\/www.imobiliare.ro\/imoexpert\/wp-content\/uploads\/2014\/05\/eclectic-apartment-1.jpg 604w, https:\/\/www.imobiliare.ro\/imoexpert\/wp-content\/uploads\/2014\/05\/eclectic-apartment-1-300x200.jpg 300w, https:\/\/www.imobiliare.ro\/imoexpert\/wp-content\/uploads\/2014\/05\/eclectic-apartment-1-87x57.jpg 87w, https:\/\/www.imobiliare.ro\/imoexpert\/wp-content\/uploads\/2014\/05\/eclectic-apartment-1-65x43.jpg 65w, https:\/\/www.imobiliare.ro\/imoexpert\/wp-content\/uploads\/2014\/05\/eclectic-apartment-1-154x103.jpg 154w\" sizes=\"auto, (max-width: 604px) 100vw, 604px\" \/><\/a><\/p>\n<p>Situat \u00eentr-o cl\u0103dire istoric\u0103 din ora\u0219ul Dnipropetrovsk, Ucraina, apartamentul din imagini a trecut, la cererea proprietarului, printr-un proces de recompartimentare \u0219i reamenajare. Designerii de la Svoya Studio au optat pentru un stil eclectic, armoniz\u00e2nd elemente moderne cu unele de factur\u0103 clasic\u0103, ca o \u201eprelungire\u201d fireasc\u0103 a caracterului cultural al propriet\u0103\u021bii. Rezultatul este un decor cu adev\u0103rat sofisticat.<\/p>\n<p><a class=\"article-body-links\"href=\"https:\/\/www.imobiliare.ro\/imoexpert\/wp-content\/uploads\/2014\/05\/eclectic-apartment-2.jpg\"><img loading=\"lazy\" decoding=\"async\" class=\"aligncenter size-full wp-image-30055\" alt=\"eclectic apartment 2\" src=\"https:\/\/www.imobiliare.ro\/imoexpert\/wp-content\/uploads\/2014\/05\/eclectic-apartment-2.jpg\" width=\"604\" height=\"402\" srcset=\"https:\/\/www.imobiliare.ro\/imoexpert\/wp-content\/uploads\/2014\/05\/eclectic-apartment-2.jpg 604w, https:\/\/www.imobiliare.ro\/imoexpert\/wp-content\/uploads\/2014\/05\/eclectic-apartment-2-300x200.jpg 300w, https:\/\/www.imobiliare.ro\/imoexpert\/wp-content\/uploads\/2014\/05\/eclectic-apartment-2-87x57.jpg 87w, https:\/\/www.imobiliare.ro\/imoexpert\/wp-content\/uploads\/2014\/05\/eclectic-apartment-2-65x43.jpg 65w, https:\/\/www.imobiliare.ro\/imoexpert\/wp-content\/uploads\/2014\/05\/eclectic-apartment-2-154x103.jpg 154w\" sizes=\"auto, (max-width: 604px) 100vw, 604px\" \/><\/a><br \/>\n<a class=\"article-body-links\"href=\"https:\/\/www.imobiliare.ro\/imoexpert\/wp-content\/uploads\/2014\/05\/eclectic-apartment-3.jpg\"><img loading=\"lazy\" decoding=\"async\" class=\"aligncenter size-full wp-image-30056\" alt=\"eclectic apartment 3\" src=\"https:\/\/www.imobiliare.ro\/imoexpert\/wp-content\/uploads\/2014\/05\/eclectic-apartment-3.jpg\" width=\"604\" height=\"404\" srcset=\"https:\/\/www.imobiliare.ro\/imoexpert\/wp-content\/uploads\/2014\/05\/eclectic-apartment-3.jpg 604w, https:\/\/www.imobiliare.ro\/imoexpert\/wp-content\/uploads\/2014\/05\/eclectic-apartment-3-300x201.jpg 300w, https:\/\/www.imobiliare.ro\/imoexpert\/wp-content\/uploads\/2014\/05\/eclectic-apartment-3-87x57.jpg 87w, https:\/\/www.imobiliare.ro\/imoexpert\/wp-content\/uploads\/2014\/05\/eclectic-apartment-3-65x43.jpg 65w, https:\/\/www.imobiliare.ro\/imoexpert\/wp-content\/uploads\/2014\/05\/eclectic-apartment-3-154x103.jpg 154w\" sizes=\"auto, (max-width: 604px) 100vw, 604px\" \/><\/a><\/p>\n<p>Schema cromatic\u0103 folosit\u0103 \u2013 bazat\u0103 pe contrastul dintre alb \u0219i nuan\u021be deschise de maro, cu accente de turcoaz pe alocuri &#8211; este una ce denot\u0103 c\u0103ldur\u0103, intimitate, dar \u0219i o deplin\u0103 elegan\u021b\u0103. Finisajele deosebite ale apartamentului \u2013 parchetul din lemn masiv, tavanele casetate, mulajele decorative ale unor pere\u021bi etc. &#8211; se combin\u0103 perfect cu piese precum micul bar cu scaune tapi\u021bate din living, \u201epuzzle-urile\u201d de oglinzi sau mobilierul alb. Potrivit designerilor, corpurile de iluminat sunt menite s\u0103 confere propriet\u0103\u021bii un aer somptuos, dar auster \u00een acela\u0219i timp. Nu \u00een ultimul r\u00e2nd, \u201e\u0219emineul\u201d din living, plin de&#8230; lum\u00e2n\u0103ri aprinse, aduce la via\u021b\u0103 \u00eentregul ambient.<\/p>\n<p><a class=\"article-body-links\"href=\"https:\/\/www.imobiliare.ro\/imoexpert\/wp-content\/uploads\/2014\/05\/eclectic-apartment-4.jpg\"><img loading=\"lazy\" decoding=\"async\" class=\"aligncenter size-full wp-image-30057\" alt=\"eclectic apartment 4\" src=\"https:\/\/www.imobiliare.ro\/imoexpert\/wp-content\/uploads\/2014\/05\/eclectic-apartment-4.jpg\" width=\"604\" height=\"406\" srcset=\"https:\/\/www.imobiliare.ro\/imoexpert\/wp-content\/uploads\/2014\/05\/eclectic-apartment-4.jpg 604w, https:\/\/www.imobiliare.ro\/imoexpert\/wp-content\/uploads\/2014\/05\/eclectic-apartment-4-300x202.jpg 300w, https:\/\/www.imobiliare.ro\/imoexpert\/wp-content\/uploads\/2014\/05\/eclectic-apartment-4-87x57.jpg 87w, https:\/\/www.imobiliare.ro\/imoexpert\/wp-content\/uploads\/2014\/05\/eclectic-apartment-4-65x43.jpg 65w, https:\/\/www.imobiliare.ro\/imoexpert\/wp-content\/uploads\/2014\/05\/eclectic-apartment-4-154x103.jpg 154w\" sizes=\"auto, (max-width: 604px) 100vw, 604px\" \/><\/a><br \/>\n<a class=\"article-body-links\"href=\"https:\/\/www.imobiliare.ro\/imoexpert\/wp-content\/uploads\/2014\/05\/eclectic-apartment-5.jpg\"><img loading=\"lazy\" decoding=\"async\" class=\"aligncenter size-full wp-image-30058\" alt=\"eclectic apartment 5\" src=\"https:\/\/www.imobiliare.ro\/imoexpert\/wp-content\/uploads\/2014\/05\/eclectic-apartment-5.jpg\" width=\"604\" height=\"402\" srcset=\"https:\/\/www.imobiliare.ro\/imoexpert\/wp-content\/uploads\/2014\/05\/eclectic-apartment-5.jpg 604w, https:\/\/www.imobiliare.ro\/imoexpert\/wp-content\/uploads\/2014\/05\/eclectic-apartment-5-300x200.jpg 300w, https:\/\/www.imobiliare.ro\/imoexpert\/wp-content\/uploads\/2014\/05\/eclectic-apartment-5-87x57.jpg 87w, https:\/\/www.imobiliare.ro\/imoexpert\/wp-content\/uploads\/2014\/05\/eclectic-apartment-5-65x43.jpg 65w, https:\/\/www.imobiliare.ro\/imoexpert\/wp-content\/uploads\/2014\/05\/eclectic-apartment-5-154x103.jpg 154w\" sizes=\"auto, (max-width: 604px) 100vw, 604px\" \/><\/a><br \/>\n<a class=\"article-body-links\"href=\"https:\/\/www.imobiliare.ro\/imoexpert\/wp-content\/uploads\/2014\/05\/eclectic-apartment-6.jpg\"><img loading=\"lazy\" decoding=\"async\" class=\"aligncenter size-full wp-image-30059\" alt=\"eclectic apartment 6\" src=\"https:\/\/www.imobiliare.ro\/imoexpert\/wp-content\/uploads\/2014\/05\/eclectic-apartment-6.jpg\" width=\"604\" height=\"409\" srcset=\"https:\/\/www.imobiliare.ro\/imoexpert\/wp-content\/uploads\/2014\/05\/eclectic-apartment-6.jpg 604w, https:\/\/www.imobiliare.ro\/imoexpert\/wp-content\/uploads\/2014\/05\/eclectic-apartment-6-300x203.jpg 300w, https:\/\/www.imobiliare.ro\/imoexpert\/wp-content\/uploads\/2014\/05\/eclectic-apartment-6-65x43.jpg 65w, https:\/\/www.imobiliare.ro\/imoexpert\/wp-content\/uploads\/2014\/05\/eclectic-apartment-6-154x103.jpg 154w\" sizes=\"auto, (max-width: 604px) 100vw, 604px\" \/><\/a><br \/>\n<a class=\"article-body-links\"href=\"https:\/\/www.imobiliare.ro\/imoexpert\/wp-content\/uploads\/2014\/05\/eclectic-apartment-7.jpg\"><img loading=\"lazy\" decoding=\"async\" class=\"aligncenter size-full wp-image-30060\" alt=\"eclectic apartment 7\" src=\"https:\/\/www.imobiliare.ro\/imoexpert\/wp-content\/uploads\/2014\/05\/eclectic-apartment-7.jpg\" width=\"604\" height=\"402\" srcset=\"https:\/\/www.imobiliare.ro\/imoexpert\/wp-content\/uploads\/2014\/05\/eclectic-apartment-7.jpg 604w, https:\/\/www.imobiliare.ro\/imoexpert\/wp-content\/uploads\/2014\/05\/eclectic-apartment-7-300x200.jpg 300w, https:\/\/www.imobiliare.ro\/imoexpert\/wp-content\/uploads\/2014\/05\/eclectic-apartment-7-87x57.jpg 87w, https:\/\/www.imobiliare.ro\/imoexpert\/wp-content\/uploads\/2014\/05\/eclectic-apartment-7-65x43.jpg 65w, https:\/\/www.imobiliare.ro\/imoexpert\/wp-content\/uploads\/2014\/05\/eclectic-apartment-7-154x103.jpg 154w\" sizes=\"auto, (max-width: 604px) 100vw, 604px\" \/><\/a><br \/>\n<a class=\"article-body-links\"href=\"https:\/\/www.imobiliare.ro\/imoexpert\/wp-content\/uploads\/2014\/05\/eclectic-apartment-11.jpg\"><img loading=\"lazy\" decoding=\"async\" class=\"aligncenter size-full wp-image-30061\" alt=\"eclectic apartment 11\" src=\"https:\/\/www.imobiliare.ro\/imoexpert\/wp-content\/uploads\/2014\/05\/eclectic-apartment-11.jpg\" width=\"604\" height=\"920\" srcset=\"https:\/\/www.imobiliare.ro\/imoexpert\/wp-content\/uploads\/2014\/05\/eclectic-apartment-11.jpg 604w, https:\/\/www.imobiliare.ro\/imoexpert\/wp-content\/uploads\/2014\/05\/eclectic-apartment-11-197x300.jpg 197w\" sizes=\"auto, (max-width: 604px) 100vw, 604px\" \/><\/a><\/p>\n<p>O caracteristic\u0103 interesant\u0103 a acestui concept de amenajare const\u0103 \u00een maximizarea senza\u021biei de spa\u021biu \u0219i eludarea oric\u0103rei impresii de \u201esufocare\u201d. Faptul c\u0103 locuin\u021ba dispune de o suprafa\u021b\u0103 de doar 56 de metri p\u0103tra\u021bi este contrabalansat de \u00een\u0103l\u021bimea \u00eenc\u0103perilor &#8211; un avantaj specific cl\u0103dirilor istorice. Un rol important \u00eel are \u0219i paleta cromatic\u0103 predominant luminoas\u0103, al\u0103turi de multitudinea de oglinzi, ce confer\u0103 decorului profunzime.<\/p>\n<p><a class=\"article-body-links\"href=\"https:\/\/www.imobiliare.ro\/imoexpert\/wp-content\/uploads\/2014\/05\/eclectic-apartment-8.jpg\"><img loading=\"lazy\" decoding=\"async\" class=\"aligncenter size-full wp-image-30063\" alt=\"eclectic apartment 8\" src=\"https:\/\/www.imobiliare.ro\/imoexpert\/wp-content\/uploads\/2014\/05\/eclectic-apartment-8.jpg\" width=\"604\" height=\"906\" srcset=\"https:\/\/www.imobiliare.ro\/imoexpert\/wp-content\/uploads\/2014\/05\/eclectic-apartment-8.jpg 604w, https:\/\/www.imobiliare.ro\/imoexpert\/wp-content\/uploads\/2014\/05\/eclectic-apartment-8-200x300.jpg 200w\" sizes=\"auto, (max-width: 604px) 100vw, 604px\" \/><\/a><br \/>\n<a class=\"article-body-links\"href=\"https:\/\/www.imobiliare.ro\/imoexpert\/wp-content\/uploads\/2014\/05\/eclectic-apartment-9.jpg\"><img loading=\"lazy\" decoding=\"async\" class=\"aligncenter size-full wp-image-30062\" alt=\"eclectic apartment 9\" src=\"https:\/\/www.imobiliare.ro\/imoexpert\/wp-content\/uploads\/2014\/05\/eclectic-apartment-9.jpg\" width=\"604\" height=\"403\" srcset=\"https:\/\/www.imobiliare.ro\/imoexpert\/wp-content\/uploads\/2014\/05\/eclectic-apartment-9.jpg 604w, https:\/\/www.imobiliare.ro\/imoexpert\/wp-content\/uploads\/2014\/05\/eclectic-apartment-9-300x200.jpg 300w, https:\/\/www.imobiliare.ro\/imoexpert\/wp-content\/uploads\/2014\/05\/eclectic-apartment-9-87x57.jpg 87w, https:\/\/www.imobiliare.ro\/imoexpert\/wp-content\/uploads\/2014\/05\/eclectic-apartment-9-65x43.jpg 65w, https:\/\/www.imobiliare.ro\/imoexpert\/wp-content\/uploads\/2014\/05\/eclectic-apartment-9-154x103.jpg 154w\" sizes=\"auto, (max-width: 604px) 100vw, 604px\" \/><\/a><br \/>\n<a class=\"article-body-links\"href=\"https:\/\/www.imobiliare.ro\/imoexpert\/wp-content\/uploads\/2014\/05\/eclectic-apartment-10.jpg\"><img loading=\"lazy\" decoding=\"async\" class=\"aligncenter size-full wp-image-30065\" alt=\"eclectic apartment 10\" src=\"https:\/\/www.imobiliare.ro\/imoexpert\/wp-content\/uploads\/2014\/05\/eclectic-apartment-10.jpg\" width=\"604\" height=\"402\" srcset=\"https:\/\/www.imobiliare.ro\/imoexpert\/wp-content\/uploads\/2014\/05\/eclectic-apartment-10.jpg 604w, https:\/\/www.imobiliare.ro\/imoexpert\/wp-content\/uploads\/2014\/05\/eclectic-apartment-10-300x200.jpg 300w, https:\/\/www.imobiliare.ro\/imoexpert\/wp-content\/uploads\/2014\/05\/eclectic-apartment-10-87x57.jpg 87w, https:\/\/www.imobiliare.ro\/imoexpert\/wp-content\/uploads\/2014\/05\/eclectic-apartment-10-65x43.jpg 65w, https:\/\/www.imobiliare.ro\/imoexpert\/wp-content\/uploads\/2014\/05\/eclectic-apartment-10-154x103.jpg 154w\" sizes=\"auto, (max-width: 604px) 100vw, 604px\" \/><\/a><br \/>\n<a class=\"article-body-links\"href=\"https:\/\/www.imobiliare.ro\/imoexpert\/wp-content\/uploads\/2014\/05\/eclectic-apartment-13.jpg\"><img loading=\"lazy\" decoding=\"async\" class=\"aligncenter size-full wp-image-30067\" alt=\"eclectic apartment 13\" src=\"https:\/\/www.imobiliare.ro\/imoexpert\/wp-content\/uploads\/2014\/05\/eclectic-apartment-13.jpg\" width=\"604\" height=\"402\" srcset=\"https:\/\/www.imobiliare.ro\/imoexpert\/wp-content\/uploads\/2014\/05\/eclectic-apartment-13.jpg 604w, https:\/\/www.imobiliare.ro\/imoexpert\/wp-content\/uploads\/2014\/05\/eclectic-apartment-13-300x200.jpg 300w, https:\/\/www.imobiliare.ro\/imoexpert\/wp-content\/uploads\/2014\/05\/eclectic-apartment-13-87x57.jpg 87w, https:\/\/www.imobiliare.ro\/imoexpert\/wp-content\/uploads\/2014\/05\/eclectic-apartment-13-65x43.jpg 65w, https:\/\/www.imobiliare.ro\/imoexpert\/wp-content\/uploads\/2014\/05\/eclectic-apartment-13-154x103.jpg 154w\" sizes=\"auto, (max-width: 604px) 100vw, 604px\" \/><\/a><br \/>\n<a class=\"article-body-links\"href=\"https:\/\/www.imobiliare.ro\/imoexpert\/wp-content\/uploads\/2014\/05\/eclectic-apartment-12.jpg\"><img loading=\"lazy\" decoding=\"async\" class=\"aligncenter size-full wp-image-30066\" alt=\"eclectic apartment 12\" src=\"https:\/\/www.imobiliare.ro\/imoexpert\/wp-content\/uploads\/2014\/05\/eclectic-apartment-12.jpg\" width=\"604\" height=\"906\" srcset=\"https:\/\/www.imobiliare.ro\/imoexpert\/wp-content\/uploads\/2014\/05\/eclectic-apartment-12.jpg 604w, https:\/\/www.imobiliare.ro\/imoexpert\/wp-content\/uploads\/2014\/05\/eclectic-apartment-12-200x300.jpg 200w\" sizes=\"auto, (max-width: 604px) 100vw, 604px\" \/><\/a><\/p>\n<p><em><strong>Surs\u0103 foto: <a class=\"article-body-links\"href=\"http:\/\/freshome.com\/2014\/05\/15\/eclectic-apartment-design-ukraine-svoya-studio\/\">Freshome.com<\/a><br \/>\nCite\u0219te \u0219i: <a class=\"article-body-links\"href=\"https:\/\/www.imobiliare.ro\/homedeco\/amenajare-cu-stil-pentru-un-spatiu-redus-eleganta-la-ea-acasa-intr-un-apartament-cu-doua-camere_db\/\">Amenajare cu stil pentru un spa\u021biu redus: elegan\u021ba la ea acas\u0103 \u00eentr-un apartament cu dou\u0103 camere<\/a><\/strong><\/em><\/p>\n","protected":false},"excerpt":{"rendered":"<p>Integrarea &#8211; \u00een mod creativ &#8211; a oglinzilor \u00eentr-un decor amplific\u0103 senza\u021bia de spa\u021biu. Cei care viseaz\u0103 la o amenajare mai nonconformist\u0103 pentru propria locuin\u021b\u0103 pot opta cu succes pentru o combina\u021bie \u00eentre dou\u0103 \u2013 sau chiar mai multe \u2013 stiluri de design. Un exemplu reu\u0219it este oferit de proprietatea de mai jos, prezentat\u0103 pe [&hellip;]<\/p>\n","protected":false},"author":829,"featured_media":30054,"comment_status":"open","ping_status":"open","sticky":false,"template":"","format":"standard","meta":{"footnotes":""},"categories":[255,259],"tags":[1022,1410,1411],"content_author":[],"class_list":["post-30053","post","type-post","status-publish","format-standard","has-post-thumbnail","hentry","category-home-deco","category-stiri","tag-homedeco","tag-newsletter","tag-principal"],"yoast_head":"<!-- This site is optimized with the Yoast SEO Premium plugin v27.0 (Yoast SEO v27.0) - https:\/\/yoast.com\/product\/yoast-seo-premium-wordpress\/ -->\n<title>Simbioza dintre clasic \u0219i modern: design sofisticat pentru un apartament cu dou\u0103 camere - Home &amp; Deco, \u0218tiri - ImoExpert<\/title>\n<meta name=\"description\" content=\"Integrarea - \u00een mod creativ - a oglinzilor \u00eentr-un decor amplific\u0103 senza\u021bia de spa\u021biu. Cei care viseaz\u0103 la o amenajare mai nonconformist\u0103 pentru propria\" \/>\n<meta name=\"robots\" content=\"index, follow\" \/>\n<link rel=\"canonical\" href=\"https:\/\/www.imobiliare.ro\/imoexpert\/simbioza-dintre-clasic-si-modern-design-sofisticat-pentru-un-apartament-cu-doua-camere_db\/\" \/>\n<meta property=\"og:locale\" content=\"ro_RO\" \/>\n<meta property=\"og:type\" content=\"article\" \/>\n<meta property=\"og:title\" content=\"Simbioza dintre clasic \u0219i modern: design sofisticat pentru un apartament cu dou\u0103 camere\" \/>\n<meta property=\"og:description\" content=\"Integrarea - \u00een mod creativ - a oglinzilor \u00eentr-un decor amplific\u0103 senza\u021bia de spa\u021biu. Cei care viseaz\u0103 la o amenajare mai nonconformist\u0103 pentru propria\" \/>\n<meta property=\"og:url\" content=\"https:\/\/www.imobiliare.ro\/imoexpert\/simbioza-dintre-clasic-si-modern-design-sofisticat-pentru-un-apartament-cu-doua-camere_db\/\" \/>\n<meta property=\"og:site_name\" content=\"ImoExpert\" \/>\n<meta property=\"article:published_time\" content=\"2014-05-26T07:59:37+00:00\" \/>\n<meta property=\"og:image\" content=\"https:\/\/www.imobiliare.ro\/imoexpert\/wp-content\/uploads\/2014\/05\/eclectic-apartment-1.jpg\" \/>\n\t<meta property=\"og:image:width\" content=\"604\" \/>\n\t<meta property=\"og:image:height\" content=\"402\" \/>\n\t<meta property=\"og:image:type\" content=\"image\/jpeg\" \/>\n<meta name=\"author\" content=\"Adriana Dr\u0103gu\u0219in\" \/>\n<meta name=\"twitter:card\" content=\"summary_large_image\" \/>\n<meta name=\"twitter:label1\" content=\"Written by\" \/>\n\t<meta name=\"twitter:data1\" content=\"Adriana Dr\u0103gu\u0219in\" \/>\n\t<meta name=\"twitter:label2\" content=\"Est. reading time\" \/>\n\t<meta name=\"twitter:data2\" content=\"2 minute\" \/>\n<script type=\"application\/ld+json\" class=\"yoast-schema-graph\">{\"@context\":\"https:\/\/schema.org\",\"@graph\":[{\"@type\":\"Article\",\"@id\":\"https:\/\/www.imobiliare.ro\/imoexpert\/simbioza-dintre-clasic-si-modern-design-sofisticat-pentru-un-apartament-cu-doua-camere_db\/#article\",\"isPartOf\":{\"@id\":\"https:\/\/www.imobiliare.ro\/imoexpert\/simbioza-dintre-clasic-si-modern-design-sofisticat-pentru-un-apartament-cu-doua-camere_db\/\"},\"author\":{\"name\":\"Adriana Dr\u0103gu\u0219in\",\"@id\":\"https:\/\/www.imobiliare.ro\/imoexpert\/#\/schema\/person\/8c13b0297075010b896471fabf0d7790\"},\"headline\":\"Simbioza dintre clasic \u0219i modern: design sofisticat pentru un apartament cu dou\u0103 camere\",\"datePublished\":\"2014-05-26T07:59:37+00:00\",\"mainEntityOfPage\":{\"@id\":\"https:\/\/www.imobiliare.ro\/imoexpert\/simbioza-dintre-clasic-si-modern-design-sofisticat-pentru-un-apartament-cu-doua-camere_db\/\"},\"wordCount\":342,\"commentCount\":1,\"publisher\":{\"@id\":\"https:\/\/www.imobiliare.ro\/imoexpert\/#organization\"},\"image\":{\"@id\":\"https:\/\/www.imobiliare.ro\/imoexpert\/simbioza-dintre-clasic-si-modern-design-sofisticat-pentru-un-apartament-cu-doua-camere_db\/#primaryimage\"},\"thumbnailUrl\":\"https:\/\/www.imobiliare.ro\/imoexpert\/wp-content\/uploads\/2014\/05\/eclectic-apartment-1.jpg\",\"keywords\":[\"Home&amp;Deco\",\"newsletter\",\"principal\"],\"articleSection\":[\"Home &amp; Deco\",\"\u0218tiri\"],\"inLanguage\":\"en\",\"potentialAction\":[{\"@type\":\"CommentAction\",\"name\":\"Comment\",\"target\":[\"https:\/\/www.imobiliare.ro\/imoexpert\/simbioza-dintre-clasic-si-modern-design-sofisticat-pentru-un-apartament-cu-doua-camere_db\/#respond\"]}],\"copyrightYear\":\"2014\",\"copyrightHolder\":{\"@id\":\"https:\/\/www.imobiliare.ro\/imoexpert\/#organization\"}},{\"@type\":\"WebPage\",\"@id\":\"https:\/\/www.imobiliare.ro\/imoexpert\/simbioza-dintre-clasic-si-modern-design-sofisticat-pentru-un-apartament-cu-doua-camere_db\/\",\"url\":\"https:\/\/www.imobiliare.ro\/imoexpert\/simbioza-dintre-clasic-si-modern-design-sofisticat-pentru-un-apartament-cu-doua-camere_db\/\",\"name\":\"Simbioza dintre clasic \u0219i modern: design sofisticat pentru un apartament cu dou\u0103 camere - Home &amp; Deco, \u0218tiri - ImoExpert\",\"isPartOf\":{\"@id\":\"https:\/\/www.imobiliare.ro\/imoexpert\/#website\"},\"primaryImageOfPage\":{\"@id\":\"https:\/\/www.imobiliare.ro\/imoexpert\/simbioza-dintre-clasic-si-modern-design-sofisticat-pentru-un-apartament-cu-doua-camere_db\/#primaryimage\"},\"image\":{\"@id\":\"https:\/\/www.imobiliare.ro\/imoexpert\/simbioza-dintre-clasic-si-modern-design-sofisticat-pentru-un-apartament-cu-doua-camere_db\/#primaryimage\"},\"thumbnailUrl\":\"https:\/\/www.imobiliare.ro\/imoexpert\/wp-content\/uploads\/2014\/05\/eclectic-apartment-1.jpg\",\"datePublished\":\"2014-05-26T07:59:37+00:00\",\"description\":\"Integrarea - \u00een mod creativ - a oglinzilor \u00eentr-un decor amplific\u0103 senza\u021bia de spa\u021biu. Cei care viseaz\u0103 la o amenajare mai nonconformist\u0103 pentru propria\",\"breadcrumb\":{\"@id\":\"https:\/\/www.imobiliare.ro\/imoexpert\/simbioza-dintre-clasic-si-modern-design-sofisticat-pentru-un-apartament-cu-doua-camere_db\/#breadcrumb\"},\"inLanguage\":\"en\",\"potentialAction\":[{\"@type\":\"ReadAction\",\"target\":[\"https:\/\/www.imobiliare.ro\/imoexpert\/simbioza-dintre-clasic-si-modern-design-sofisticat-pentru-un-apartament-cu-doua-camere_db\/\"]}]},{\"@type\":\"ImageObject\",\"inLanguage\":\"en\",\"@id\":\"https:\/\/www.imobiliare.ro\/imoexpert\/simbioza-dintre-clasic-si-modern-design-sofisticat-pentru-un-apartament-cu-doua-camere_db\/#primaryimage\",\"url\":\"https:\/\/www.imobiliare.ro\/imoexpert\/wp-content\/uploads\/2014\/05\/eclectic-apartment-1.jpg\",\"contentUrl\":\"https:\/\/www.imobiliare.ro\/imoexpert\/wp-content\/uploads\/2014\/05\/eclectic-apartment-1.jpg\",\"width\":604,\"height\":402},{\"@type\":\"BreadcrumbList\",\"@id\":\"https:\/\/www.imobiliare.ro\/imoexpert\/simbioza-dintre-clasic-si-modern-design-sofisticat-pentru-un-apartament-cu-doua-camere_db\/#breadcrumb\",\"itemListElement\":[{\"@type\":\"ListItem\",\"position\":1,\"name\":\"Imoradar24\",\"item\":\"https:\/\/www.imoradar24.ro\"},{\"@type\":\"ListItem\",\"position\":2,\"name\":\"ImoExpert\",\"item\":\"https:\/\/www.imobiliare.ro\/imoexpert\/\"},{\"@type\":\"ListItem\",\"position\":3,\"name\":\"Sfaturi\",\"item\":\"https:\/\/www.imobiliare.ro\/imoexpert\/ghid-imobiliar\/\"},{\"@type\":\"ListItem\",\"position\":4,\"name\":\"Home &amp; Deco\",\"item\":\"https:\/\/www.imobiliare.ro\/imoexpert\/ghid-imobiliar\/home-deco\/\"},{\"@type\":\"ListItem\",\"position\":5,\"name\":\"Simbioza dintre clasic \u0219i modern: design sofisticat pentru un apartament cu dou\u0103 camere\"}]},{\"@type\":\"WebSite\",\"@id\":\"https:\/\/www.imobiliare.ro\/imoexpert\/#website\",\"url\":\"https:\/\/www.imobiliare.ro\/imoexpert\/\",\"name\":\"ImoExpert\",\"description\":\"cele mai importante \u015ftiri din domeniul imobiliar\",\"publisher\":{\"@id\":\"https:\/\/www.imobiliare.ro\/imoexpert\/#organization\"},\"inLanguage\":\"en\"},{\"@type\":\"Organization\",\"@id\":\"https:\/\/www.imobiliare.ro\/imoexpert\/#organization\",\"name\":\"Imobiliare.ro\",\"alternateName\":\"Realmedia Network SA\",\"url\":\"https:\/\/www.imobiliare.ro\/imoexpert\/\",\"logo\":{\"@type\":\"ImageObject\",\"inLanguage\":\"en\",\"@id\":\"https:\/\/www.imobiliare.ro\/imoexpert\/#\/schema\/logo\/image\/\",\"url\":\"https:\/\/www.imobiliare.ro\/imoexpert\/wp-content\/uploads\/2025\/05\/imobiliare_logo.png\",\"contentUrl\":\"https:\/\/www.imobiliare.ro\/imoexpert\/wp-content\/uploads\/2025\/05\/imobiliare_logo.png\",\"width\":237,\"height\":29,\"caption\":\"Imobiliare.ro\"},\"image\":{\"@id\":\"https:\/\/www.imobiliare.ro\/imoexpert\/#\/schema\/logo\/image\/\"}},{\"@type\":\"Person\",\"@id\":\"https:\/\/www.imobiliare.ro\/imoexpert\/#\/schema\/person\/8c13b0297075010b896471fabf0d7790\",\"name\":\"Adriana Dr\u0103gu\u0219in\",\"image\":{\"@type\":\"ImageObject\",\"inLanguage\":\"en\",\"@id\":\"https:\/\/www.imobiliare.ro\/imoexpert\/#\/schema\/person\/image\/\",\"url\":\"https:\/\/secure.gravatar.com\/avatar\/ba4762f7517e50e679ed7f11207102d1150120f2f5800c0da98f8a15305bf514?s=96&d=mm&r=g\",\"contentUrl\":\"https:\/\/secure.gravatar.com\/avatar\/ba4762f7517e50e679ed7f11207102d1150120f2f5800c0da98f8a15305bf514?s=96&d=mm&r=g\",\"caption\":\"Adriana Dr\u0103gu\u0219in\"},\"jobTitle\":\"Editor\",\"url\":\"https:\/\/www.imobiliare.ro\/imoexpert\/author\/adriana-dragusin\/\"}]}<\/script>\n<!-- \/ Yoast SEO Premium plugin. -->","yoast_head_json":{"title":"Simbioza dintre clasic \u0219i modern: design sofisticat pentru un apartament cu dou\u0103 camere - Home &amp; Deco, \u0218tiri - ImoExpert","description":"Integrarea - \u00een mod creativ - a oglinzilor \u00eentr-un decor amplific\u0103 senza\u021bia de spa\u021biu. Cei care viseaz\u0103 la o amenajare mai nonconformist\u0103 pentru propria","robots":{"index":"index","follow":"follow"},"canonical":"https:\/\/www.imobiliare.ro\/imoexpert\/simbioza-dintre-clasic-si-modern-design-sofisticat-pentru-un-apartament-cu-doua-camere_db\/","og_locale":"ro_RO","og_type":"article","og_title":"Simbioza dintre clasic \u0219i modern: design sofisticat pentru un apartament cu dou\u0103 camere","og_description":"Integrarea - \u00een mod creativ - a oglinzilor \u00eentr-un decor amplific\u0103 senza\u021bia de spa\u021biu. Cei care viseaz\u0103 la o amenajare mai nonconformist\u0103 pentru propria","og_url":"https:\/\/www.imobiliare.ro\/imoexpert\/simbioza-dintre-clasic-si-modern-design-sofisticat-pentru-un-apartament-cu-doua-camere_db\/","og_site_name":"ImoExpert","article_published_time":"2014-05-26T07:59:37+00:00","og_image":[{"width":604,"height":402,"url":"https:\/\/www.imobiliare.ro\/imoexpert\/wp-content\/uploads\/2014\/05\/eclectic-apartment-1.jpg","type":"image\/jpeg"}],"author":"Adriana Dr\u0103gu\u0219in","twitter_card":"summary_large_image","twitter_misc":{"Written by":"Adriana Dr\u0103gu\u0219in","Est. reading time":"2 minute"},"schema":{"@context":"https:\/\/schema.org","@graph":[{"@type":"Article","@id":"https:\/\/www.imobiliare.ro\/imoexpert\/simbioza-dintre-clasic-si-modern-design-sofisticat-pentru-un-apartament-cu-doua-camere_db\/#article","isPartOf":{"@id":"https:\/\/www.imobiliare.ro\/imoexpert\/simbioza-dintre-clasic-si-modern-design-sofisticat-pentru-un-apartament-cu-doua-camere_db\/"},"author":{"name":"Adriana Dr\u0103gu\u0219in","@id":"https:\/\/www.imobiliare.ro\/imoexpert\/#\/schema\/person\/8c13b0297075010b896471fabf0d7790"},"headline":"Simbioza dintre clasic \u0219i modern: design sofisticat pentru un apartament cu dou\u0103 camere","datePublished":"2014-05-26T07:59:37+00:00","mainEntityOfPage":{"@id":"https:\/\/www.imobiliare.ro\/imoexpert\/simbioza-dintre-clasic-si-modern-design-sofisticat-pentru-un-apartament-cu-doua-camere_db\/"},"wordCount":342,"commentCount":1,"publisher":{"@id":"https:\/\/www.imobiliare.ro\/imoexpert\/#organization"},"image":{"@id":"https:\/\/www.imobiliare.ro\/imoexpert\/simbioza-dintre-clasic-si-modern-design-sofisticat-pentru-un-apartament-cu-doua-camere_db\/#primaryimage"},"thumbnailUrl":"https:\/\/www.imobiliare.ro\/imoexpert\/wp-content\/uploads\/2014\/05\/eclectic-apartment-1.jpg","keywords":["Home&amp;Deco","newsletter","principal"],"articleSection":["Home &amp; Deco","\u0218tiri"],"inLanguage":"en","potentialAction":[{"@type":"CommentAction","name":"Comment","target":["https:\/\/www.imobiliare.ro\/imoexpert\/simbioza-dintre-clasic-si-modern-design-sofisticat-pentru-un-apartament-cu-doua-camere_db\/#respond"]}],"copyrightYear":"2014","copyrightHolder":{"@id":"https:\/\/www.imobiliare.ro\/imoexpert\/#organization"}},{"@type":"WebPage","@id":"https:\/\/www.imobiliare.ro\/imoexpert\/simbioza-dintre-clasic-si-modern-design-sofisticat-pentru-un-apartament-cu-doua-camere_db\/","url":"https:\/\/www.imobiliare.ro\/imoexpert\/simbioza-dintre-clasic-si-modern-design-sofisticat-pentru-un-apartament-cu-doua-camere_db\/","name":"Simbioza dintre clasic \u0219i modern: design sofisticat pentru un apartament cu dou\u0103 camere - Home &amp; Deco, \u0218tiri - ImoExpert","isPartOf":{"@id":"https:\/\/www.imobiliare.ro\/imoexpert\/#website"},"primaryImageOfPage":{"@id":"https:\/\/www.imobiliare.ro\/imoexpert\/simbioza-dintre-clasic-si-modern-design-sofisticat-pentru-un-apartament-cu-doua-camere_db\/#primaryimage"},"image":{"@id":"https:\/\/www.imobiliare.ro\/imoexpert\/simbioza-dintre-clasic-si-modern-design-sofisticat-pentru-un-apartament-cu-doua-camere_db\/#primaryimage"},"thumbnailUrl":"https:\/\/www.imobiliare.ro\/imoexpert\/wp-content\/uploads\/2014\/05\/eclectic-apartment-1.jpg","datePublished":"2014-05-26T07:59:37+00:00","description":"Integrarea - \u00een mod creativ - a oglinzilor \u00eentr-un decor amplific\u0103 senza\u021bia de spa\u021biu. Cei care viseaz\u0103 la o amenajare mai nonconformist\u0103 pentru propria","breadcrumb":{"@id":"https:\/\/www.imobiliare.ro\/imoexpert\/simbioza-dintre-clasic-si-modern-design-sofisticat-pentru-un-apartament-cu-doua-camere_db\/#breadcrumb"},"inLanguage":"en","potentialAction":[{"@type":"ReadAction","target":["https:\/\/www.imobiliare.ro\/imoexpert\/simbioza-dintre-clasic-si-modern-design-sofisticat-pentru-un-apartament-cu-doua-camere_db\/"]}]},{"@type":"ImageObject","inLanguage":"en","@id":"https:\/\/www.imobiliare.ro\/imoexpert\/simbioza-dintre-clasic-si-modern-design-sofisticat-pentru-un-apartament-cu-doua-camere_db\/#primaryimage","url":"https:\/\/www.imobiliare.ro\/imoexpert\/wp-content\/uploads\/2014\/05\/eclectic-apartment-1.jpg","contentUrl":"https:\/\/www.imobiliare.ro\/imoexpert\/wp-content\/uploads\/2014\/05\/eclectic-apartment-1.jpg","width":604,"height":402},{"@type":"BreadcrumbList","@id":"https:\/\/www.imobiliare.ro\/imoexpert\/simbioza-dintre-clasic-si-modern-design-sofisticat-pentru-un-apartament-cu-doua-camere_db\/#breadcrumb","itemListElement":[{"@type":"ListItem","position":1,"name":"Imoradar24","item":"https:\/\/www.imoradar24.ro"},{"@type":"ListItem","position":2,"name":"ImoExpert","item":"https:\/\/www.imobiliare.ro\/imoexpert\/"},{"@type":"ListItem","position":3,"name":"Sfaturi","item":"https:\/\/www.imobiliare.ro\/imoexpert\/ghid-imobiliar\/"},{"@type":"ListItem","position":4,"name":"Home &amp; Deco","item":"https:\/\/www.imobiliare.ro\/imoexpert\/ghid-imobiliar\/home-deco\/"},{"@type":"ListItem","position":5,"name":"Simbioza dintre clasic \u0219i modern: design sofisticat pentru un apartament cu dou\u0103 camere"}]},{"@type":"WebSite","@id":"https:\/\/www.imobiliare.ro\/imoexpert\/#website","url":"https:\/\/www.imobiliare.ro\/imoexpert\/","name":"ImoExpert","description":"cele mai importante \u015ftiri din domeniul imobiliar","publisher":{"@id":"https:\/\/www.imobiliare.ro\/imoexpert\/#organization"},"inLanguage":"en"},{"@type":"Organization","@id":"https:\/\/www.imobiliare.ro\/imoexpert\/#organization","name":"Imobiliare.ro","alternateName":"Realmedia Network SA","url":"https:\/\/www.imobiliare.ro\/imoexpert\/","logo":{"@type":"ImageObject","inLanguage":"en","@id":"https:\/\/www.imobiliare.ro\/imoexpert\/#\/schema\/logo\/image\/","url":"https:\/\/www.imobiliare.ro\/imoexpert\/wp-content\/uploads\/2025\/05\/imobiliare_logo.png","contentUrl":"https:\/\/www.imobiliare.ro\/imoexpert\/wp-content\/uploads\/2025\/05\/imobiliare_logo.png","width":237,"height":29,"caption":"Imobiliare.ro"},"image":{"@id":"https:\/\/www.imobiliare.ro\/imoexpert\/#\/schema\/logo\/image\/"}},{"@type":"Person","@id":"https:\/\/www.imobiliare.ro\/imoexpert\/#\/schema\/person\/8c13b0297075010b896471fabf0d7790","name":"Adriana Dr\u0103gu\u0219in","image":{"@type":"ImageObject","inLanguage":"en","@id":"https:\/\/www.imobiliare.ro\/imoexpert\/#\/schema\/person\/image\/","url":"https:\/\/secure.gravatar.com\/avatar\/ba4762f7517e50e679ed7f11207102d1150120f2f5800c0da98f8a15305bf514?s=96&d=mm&r=g","contentUrl":"https:\/\/secure.gravatar.com\/avatar\/ba4762f7517e50e679ed7f11207102d1150120f2f5800c0da98f8a15305bf514?s=96&d=mm&r=g","caption":"Adriana Dr\u0103gu\u0219in"},"jobTitle":"Editor","url":"https:\/\/www.imobiliare.ro\/imoexpert\/author\/adriana-dragusin\/"}]}},"_links":{"self":[{"href":"https:\/\/www.imobiliare.ro\/imoexpert\/wp-json\/wp\/v2\/posts\/30053","targetHints":{"allow":["GET"]}}],"collection":[{"href":"https:\/\/www.imobiliare.ro\/imoexpert\/wp-json\/wp\/v2\/posts"}],"about":[{"href":"https:\/\/www.imobiliare.ro\/imoexpert\/wp-json\/wp\/v2\/types\/post"}],"author":[{"embeddable":true,"href":"https:\/\/www.imobiliare.ro\/imoexpert\/wp-json\/wp\/v2\/users\/829"}],"replies":[{"embeddable":true,"href":"https:\/\/www.imobiliare.ro\/imoexpert\/wp-json\/wp\/v2\/comments?post=30053"}],"version-history":[{"count":0,"href":"https:\/\/www.imobiliare.ro\/imoexpert\/wp-json\/wp\/v2\/posts\/30053\/revisions"}],"wp:featuredmedia":[{"embeddable":true,"href":"https:\/\/www.imobiliare.ro\/imoexpert\/wp-json\/wp\/v2\/media\/30054"}],"wp:attachment":[{"href":"https:\/\/www.imobiliare.ro\/imoexpert\/wp-json\/wp\/v2\/media?parent=30053"}],"wp:term":[{"taxonomy":"category","embeddable":true,"href":"https:\/\/www.imobiliare.ro\/imoexpert\/wp-json\/wp\/v2\/categories?post=30053"},{"taxonomy":"post_tag","embeddable":true,"href":"https:\/\/www.imobiliare.ro\/imoexpert\/wp-json\/wp\/v2\/tags?post=30053"},{"taxonomy":"content_author","embeddable":true,"href":"https:\/\/www.imobiliare.ro\/imoexpert\/wp-json\/wp\/v2\/content_author?post=30053"}],"curies":[{"name":"wp","href":"https:\/\/api.w.org\/{rel}","templated":true}]}}