{"id":30408,"date":"2014-06-16T11:00:48","date_gmt":"2014-06-16T08:00:48","guid":{"rendered":"https:\/\/www.imobiliare.ro\/?p=30408"},"modified":"2014-06-16T11:00:48","modified_gmt":"2014-06-16T08:00:48","slug":"bun-gust-in-note-rustice-pentru-un-apartament-la-mansarda","status":"publish","type":"post","link":"https:\/\/www.imobiliare.ro\/imoexpert\/bun-gust-in-note-rustice-pentru-un-apartament-la-mansarda_db\/","title":{"rendered":"Bun-gust \u00een note rustice pentru un apartament la mansard\u0103"},"content":{"rendered":"<p><strong>\u00centr-o schem\u0103 cromatic\u0103 predominant luminoas\u0103, contrastul cu tonuri \u00eenchise de culoare confer\u0103 echilibru \u0219i stabilitate.<\/strong><\/p>\n<p>Locuin\u021bele situate la ultimele etaje ale blocurilor vechi sunt, de regul\u0103, evitate de c\u0103tre rom\u00e2ni. Un apartament prezentat pe <strong><a class=\"article-body-links\"href=\"http:\/\/freshome.com\/\">Freshome.com<\/a><\/strong> dovede\u0219te \u00eens\u0103 c\u0103, atunci c\u00e2nd sunt amplasate \u00eentr-un imobil cu valoare istoric\u0103, asemenea propriet\u0103\u021bi pot fi cu adev\u0103rat speciale:<\/p>\n<p><a class=\"article-body-links\"href=\"https:\/\/www.imobiliare.ro\/imoexpert\/wp-content\/uploads\/2014\/06\/penthouse-Alvhem-1.jpg\"><img loading=\"lazy\" decoding=\"async\" class=\"aligncenter size-full wp-image-30409\" alt=\"penthouse Alvhem 1\" src=\"https:\/\/www.imobiliare.ro\/imoexpert\/wp-content\/uploads\/2014\/06\/penthouse-Alvhem-1.jpg\" width=\"595\" height=\"397\" srcset=\"https:\/\/www.imobiliare.ro\/imoexpert\/wp-content\/uploads\/2014\/06\/penthouse-Alvhem-1.jpg 595w, https:\/\/www.imobiliare.ro\/imoexpert\/wp-content\/uploads\/2014\/06\/penthouse-Alvhem-1-300x200.jpg 300w, https:\/\/www.imobiliare.ro\/imoexpert\/wp-content\/uploads\/2014\/06\/penthouse-Alvhem-1-87x57.jpg 87w, https:\/\/www.imobiliare.ro\/imoexpert\/wp-content\/uploads\/2014\/06\/penthouse-Alvhem-1-65x43.jpg 65w, https:\/\/www.imobiliare.ro\/imoexpert\/wp-content\/uploads\/2014\/06\/penthouse-Alvhem-1-154x103.jpg 154w\" sizes=\"auto, (max-width: 595px) 100vw, 595px\" \/><\/a><\/p>\n<p>Locuin\u021ba din imagini este situat\u0103 la ultimul etaj al unei cl\u0103diri ridicate \u00een anul 1903, \u00een zona central\u0103 a ora\u0219ului Gothenburg (Suedia), fiind compus\u0103 din living cu buc\u0103t\u0103rie \u0219i zon\u0103 de dining, dou\u0103 dormitoare \u0219i o baie. De\u0219i nu dispune de o suprafa\u021b\u0103 locativ\u0103 foarte mare \u2013 87 de metri p\u0103tra\u021bi utili \u2013, apartamentul a fost amenajat pentru a pune \u00een valoare c\u00e2t mai bine spa\u021biul disponibil, \u00een special \u00een zona de zi.<\/p>\n<p><a class=\"article-body-links\"href=\"https:\/\/www.imobiliare.ro\/imoexpert\/wp-content\/uploads\/2014\/06\/penthouse-Alvhem-exterior.jpg\"><img loading=\"lazy\" decoding=\"async\" class=\"aligncenter size-full wp-image-30410\" alt=\"penthouse Alvhem exterior\" src=\"https:\/\/www.imobiliare.ro\/imoexpert\/wp-content\/uploads\/2014\/06\/penthouse-Alvhem-exterior.jpg\" width=\"594\" height=\"397\" srcset=\"https:\/\/www.imobiliare.ro\/imoexpert\/wp-content\/uploads\/2014\/06\/penthouse-Alvhem-exterior.jpg 594w, https:\/\/www.imobiliare.ro\/imoexpert\/wp-content\/uploads\/2014\/06\/penthouse-Alvhem-exterior-300x201.jpg 300w, https:\/\/www.imobiliare.ro\/imoexpert\/wp-content\/uploads\/2014\/06\/penthouse-Alvhem-exterior-87x57.jpg 87w, https:\/\/www.imobiliare.ro\/imoexpert\/wp-content\/uploads\/2014\/06\/penthouse-Alvhem-exterior-65x43.jpg 65w, https:\/\/www.imobiliare.ro\/imoexpert\/wp-content\/uploads\/2014\/06\/penthouse-Alvhem-exterior-154x103.jpg 154w\" sizes=\"auto, (max-width: 594px) 100vw, 594px\" \/><\/a><br \/>\n<a class=\"article-body-links\"href=\"https:\/\/www.imobiliare.ro\/imoexpert\/wp-content\/uploads\/2014\/06\/penthouse-Alvhem-2.jpg\"><img loading=\"lazy\" decoding=\"async\" class=\"aligncenter size-full wp-image-30411\" alt=\"penthouse Alvhem 2\" src=\"https:\/\/www.imobiliare.ro\/imoexpert\/wp-content\/uploads\/2014\/06\/penthouse-Alvhem-2.jpg\" width=\"595\" height=\"397\" srcset=\"https:\/\/www.imobiliare.ro\/imoexpert\/wp-content\/uploads\/2014\/06\/penthouse-Alvhem-2.jpg 595w, https:\/\/www.imobiliare.ro\/imoexpert\/wp-content\/uploads\/2014\/06\/penthouse-Alvhem-2-300x200.jpg 300w, https:\/\/www.imobiliare.ro\/imoexpert\/wp-content\/uploads\/2014\/06\/penthouse-Alvhem-2-87x57.jpg 87w, https:\/\/www.imobiliare.ro\/imoexpert\/wp-content\/uploads\/2014\/06\/penthouse-Alvhem-2-65x43.jpg 65w, https:\/\/www.imobiliare.ro\/imoexpert\/wp-content\/uploads\/2014\/06\/penthouse-Alvhem-2-154x103.jpg 154w\" sizes=\"auto, (max-width: 595px) 100vw, 595px\" \/><\/a><\/p>\n<p>Printre elementele ce formeaz\u0103 farmecul acestei propriet\u0103\u021bi se num\u0103r\u0103 c\u00e2teva ce decurg din arhitectura sa deosebit\u0103. Grinzile din lemn, al\u0103turi de c\u0103r\u0103mida ce se \u00eentrez\u0103re\u0219te discret sub stratul de vopsea (\u00een buc\u0103t\u0103rie \u0219i zona de dining), precum \u0219i mica scar\u0103 decorativ\u0103, toate acestea dau un aer rustic casei, ce se armonizeaz\u0103 perfect cu valoarea sa istoric\u0103. Totodat\u0103, amplasamentul deosebit al apartamentului, la ultimul etaj, este eviden\u021biat de elemente precum forma boltit\u0103 a tavanului sau ferestrele tip mansard\u0103. O caracteristic\u0103 special\u0103 a locuin\u021bei const\u0103 \u00een faptul c\u0103 aceasta \u00eencorporeaz\u0103 micul turn al cl\u0103dirii, acesta fiind \u2013 \u00een mod creativ \u2013 transformat \u00een zon\u0103 de dining.<\/p>\n<p><a class=\"article-body-links\"href=\"https:\/\/www.imobiliare.ro\/imoexpert\/wp-content\/uploads\/2014\/06\/penthouse-Alvhem-3.jpg\"><img loading=\"lazy\" decoding=\"async\" class=\"aligncenter size-full wp-image-30412\" alt=\"penthouse Alvhem 3\" src=\"https:\/\/www.imobiliare.ro\/imoexpert\/wp-content\/uploads\/2014\/06\/penthouse-Alvhem-3.jpg\" width=\"595\" height=\"397\" srcset=\"https:\/\/www.imobiliare.ro\/imoexpert\/wp-content\/uploads\/2014\/06\/penthouse-Alvhem-3.jpg 595w, https:\/\/www.imobiliare.ro\/imoexpert\/wp-content\/uploads\/2014\/06\/penthouse-Alvhem-3-300x200.jpg 300w, https:\/\/www.imobiliare.ro\/imoexpert\/wp-content\/uploads\/2014\/06\/penthouse-Alvhem-3-87x57.jpg 87w, https:\/\/www.imobiliare.ro\/imoexpert\/wp-content\/uploads\/2014\/06\/penthouse-Alvhem-3-65x43.jpg 65w, https:\/\/www.imobiliare.ro\/imoexpert\/wp-content\/uploads\/2014\/06\/penthouse-Alvhem-3-154x103.jpg 154w\" sizes=\"auto, (max-width: 595px) 100vw, 595px\" \/><\/a><br \/>\n<a class=\"article-body-links\"href=\"https:\/\/www.imobiliare.ro\/imoexpert\/wp-content\/uploads\/2014\/06\/penthouse-Alvhem-4.jpg\"><img loading=\"lazy\" decoding=\"async\" class=\"aligncenter size-full wp-image-30413\" alt=\"penthouse Alvhem 4\" src=\"https:\/\/www.imobiliare.ro\/imoexpert\/wp-content\/uploads\/2014\/06\/penthouse-Alvhem-4.jpg\" width=\"595\" height=\"397\" srcset=\"https:\/\/www.imobiliare.ro\/imoexpert\/wp-content\/uploads\/2014\/06\/penthouse-Alvhem-4.jpg 595w, https:\/\/www.imobiliare.ro\/imoexpert\/wp-content\/uploads\/2014\/06\/penthouse-Alvhem-4-300x200.jpg 300w, https:\/\/www.imobiliare.ro\/imoexpert\/wp-content\/uploads\/2014\/06\/penthouse-Alvhem-4-87x57.jpg 87w, https:\/\/www.imobiliare.ro\/imoexpert\/wp-content\/uploads\/2014\/06\/penthouse-Alvhem-4-65x43.jpg 65w, https:\/\/www.imobiliare.ro\/imoexpert\/wp-content\/uploads\/2014\/06\/penthouse-Alvhem-4-154x103.jpg 154w\" sizes=\"auto, (max-width: 595px) 100vw, 595px\" \/><\/a><br \/>\n<a class=\"article-body-links\"href=\"https:\/\/www.imobiliare.ro\/imoexpert\/wp-content\/uploads\/2014\/06\/penthouse-Alvhem-5.jpg\"><img loading=\"lazy\" decoding=\"async\" class=\"aligncenter size-full wp-image-30414\" alt=\"penthouse Alvhem 5\" src=\"https:\/\/www.imobiliare.ro\/imoexpert\/wp-content\/uploads\/2014\/06\/penthouse-Alvhem-5.jpg\" width=\"595\" height=\"397\" srcset=\"https:\/\/www.imobiliare.ro\/imoexpert\/wp-content\/uploads\/2014\/06\/penthouse-Alvhem-5.jpg 595w, https:\/\/www.imobiliare.ro\/imoexpert\/wp-content\/uploads\/2014\/06\/penthouse-Alvhem-5-300x200.jpg 300w, https:\/\/www.imobiliare.ro\/imoexpert\/wp-content\/uploads\/2014\/06\/penthouse-Alvhem-5-87x57.jpg 87w, https:\/\/www.imobiliare.ro\/imoexpert\/wp-content\/uploads\/2014\/06\/penthouse-Alvhem-5-65x43.jpg 65w, https:\/\/www.imobiliare.ro\/imoexpert\/wp-content\/uploads\/2014\/06\/penthouse-Alvhem-5-154x103.jpg 154w\" sizes=\"auto, (max-width: 595px) 100vw, 595px\" \/><\/a><br \/>\n<a class=\"article-body-links\"href=\"https:\/\/www.imobiliare.ro\/imoexpert\/wp-content\/uploads\/2014\/06\/penthouse-Alvhem-6.jpg\"><img loading=\"lazy\" decoding=\"async\" class=\"aligncenter size-full wp-image-30415\" alt=\"penthouse Alvhem 6\" src=\"https:\/\/www.imobiliare.ro\/imoexpert\/wp-content\/uploads\/2014\/06\/penthouse-Alvhem-6.jpg\" width=\"595\" height=\"397\" srcset=\"https:\/\/www.imobiliare.ro\/imoexpert\/wp-content\/uploads\/2014\/06\/penthouse-Alvhem-6.jpg 595w, https:\/\/www.imobiliare.ro\/imoexpert\/wp-content\/uploads\/2014\/06\/penthouse-Alvhem-6-300x200.jpg 300w, https:\/\/www.imobiliare.ro\/imoexpert\/wp-content\/uploads\/2014\/06\/penthouse-Alvhem-6-87x57.jpg 87w, https:\/\/www.imobiliare.ro\/imoexpert\/wp-content\/uploads\/2014\/06\/penthouse-Alvhem-6-65x43.jpg 65w, https:\/\/www.imobiliare.ro\/imoexpert\/wp-content\/uploads\/2014\/06\/penthouse-Alvhem-6-154x103.jpg 154w\" sizes=\"auto, (max-width: 595px) 100vw, 595px\" \/><\/a><br \/>\n<a class=\"article-body-links\"href=\"https:\/\/www.imobiliare.ro\/imoexpert\/wp-content\/uploads\/2014\/06\/penthouse-Alvhem-7.jpg\"><img loading=\"lazy\" decoding=\"async\" class=\"aligncenter size-full wp-image-30416\" alt=\"penthouse Alvhem 7\" src=\"https:\/\/www.imobiliare.ro\/imoexpert\/wp-content\/uploads\/2014\/06\/penthouse-Alvhem-7.jpg\" width=\"595\" height=\"397\" srcset=\"https:\/\/www.imobiliare.ro\/imoexpert\/wp-content\/uploads\/2014\/06\/penthouse-Alvhem-7.jpg 595w, https:\/\/www.imobiliare.ro\/imoexpert\/wp-content\/uploads\/2014\/06\/penthouse-Alvhem-7-300x200.jpg 300w, https:\/\/www.imobiliare.ro\/imoexpert\/wp-content\/uploads\/2014\/06\/penthouse-Alvhem-7-87x57.jpg 87w, https:\/\/www.imobiliare.ro\/imoexpert\/wp-content\/uploads\/2014\/06\/penthouse-Alvhem-7-65x43.jpg 65w, https:\/\/www.imobiliare.ro\/imoexpert\/wp-content\/uploads\/2014\/06\/penthouse-Alvhem-7-154x103.jpg 154w\" sizes=\"auto, (max-width: 595px) 100vw, 595px\" \/><\/a><br \/>\n<a class=\"article-body-links\"href=\"https:\/\/www.imobiliare.ro\/imoexpert\/wp-content\/uploads\/2014\/06\/penthouse-Alvhem-8.jpg\"><img loading=\"lazy\" decoding=\"async\" class=\"aligncenter size-full wp-image-30417\" alt=\"penthouse Alvhem 8\" src=\"https:\/\/www.imobiliare.ro\/imoexpert\/wp-content\/uploads\/2014\/06\/penthouse-Alvhem-8.jpg\" width=\"595\" height=\"397\" srcset=\"https:\/\/www.imobiliare.ro\/imoexpert\/wp-content\/uploads\/2014\/06\/penthouse-Alvhem-8.jpg 595w, https:\/\/www.imobiliare.ro\/imoexpert\/wp-content\/uploads\/2014\/06\/penthouse-Alvhem-8-300x200.jpg 300w, https:\/\/www.imobiliare.ro\/imoexpert\/wp-content\/uploads\/2014\/06\/penthouse-Alvhem-8-87x57.jpg 87w, https:\/\/www.imobiliare.ro\/imoexpert\/wp-content\/uploads\/2014\/06\/penthouse-Alvhem-8-65x43.jpg 65w, https:\/\/www.imobiliare.ro\/imoexpert\/wp-content\/uploads\/2014\/06\/penthouse-Alvhem-8-154x103.jpg 154w\" sizes=\"auto, (max-width: 595px) 100vw, 595px\" \/><\/a><\/p>\n<p>Pentru amplificarea senza\u021biei de spa\u021biu, designerii de la Alvhem Brokerage &amp; Interior folosesc o palet\u0103 cromatic\u0103 predominant luminoas\u0103, at\u00e2t pentru finisaje, c\u00e2t \u0219i pentru mobilier. Astfel, pere\u021bii albi \u0219i podeaua \u00een tonuri calde de crem se combin\u0103 perfect cu piese \u00een nuan\u021be similare; nu lipse\u0219te \u00eens\u0103 nici contrastul cromatic (cu negru sau maro \u00eenchis), ce echilibreaz\u0103 perfect \u00eentregul decor.<\/p>\n<p><a class=\"article-body-links\"href=\"https:\/\/www.imobiliare.ro\/imoexpert\/wp-content\/uploads\/2014\/06\/penthouse-Alvhem-9.jpg\"><img loading=\"lazy\" decoding=\"async\" class=\"aligncenter size-full wp-image-30418\" alt=\"penthouse Alvhem 9\" src=\"https:\/\/www.imobiliare.ro\/imoexpert\/wp-content\/uploads\/2014\/06\/penthouse-Alvhem-9.jpg\" width=\"595\" height=\"397\" srcset=\"https:\/\/www.imobiliare.ro\/imoexpert\/wp-content\/uploads\/2014\/06\/penthouse-Alvhem-9.jpg 595w, https:\/\/www.imobiliare.ro\/imoexpert\/wp-content\/uploads\/2014\/06\/penthouse-Alvhem-9-300x200.jpg 300w, https:\/\/www.imobiliare.ro\/imoexpert\/wp-content\/uploads\/2014\/06\/penthouse-Alvhem-9-87x57.jpg 87w, https:\/\/www.imobiliare.ro\/imoexpert\/wp-content\/uploads\/2014\/06\/penthouse-Alvhem-9-65x43.jpg 65w, https:\/\/www.imobiliare.ro\/imoexpert\/wp-content\/uploads\/2014\/06\/penthouse-Alvhem-9-154x103.jpg 154w\" sizes=\"auto, (max-width: 595px) 100vw, 595px\" \/><\/a><br \/>\n<a class=\"article-body-links\"href=\"https:\/\/www.imobiliare.ro\/imoexpert\/wp-content\/uploads\/2014\/06\/penthouse-Alvhem-10.jpg\"><img loading=\"lazy\" decoding=\"async\" class=\"aligncenter size-full wp-image-30419\" alt=\"penthouse Alvhem 10\" src=\"https:\/\/www.imobiliare.ro\/imoexpert\/wp-content\/uploads\/2014\/06\/penthouse-Alvhem-10.jpg\" width=\"595\" height=\"397\" srcset=\"https:\/\/www.imobiliare.ro\/imoexpert\/wp-content\/uploads\/2014\/06\/penthouse-Alvhem-10.jpg 595w, https:\/\/www.imobiliare.ro\/imoexpert\/wp-content\/uploads\/2014\/06\/penthouse-Alvhem-10-300x200.jpg 300w, https:\/\/www.imobiliare.ro\/imoexpert\/wp-content\/uploads\/2014\/06\/penthouse-Alvhem-10-87x57.jpg 87w, https:\/\/www.imobiliare.ro\/imoexpert\/wp-content\/uploads\/2014\/06\/penthouse-Alvhem-10-65x43.jpg 65w, https:\/\/www.imobiliare.ro\/imoexpert\/wp-content\/uploads\/2014\/06\/penthouse-Alvhem-10-154x103.jpg 154w\" sizes=\"auto, (max-width: 595px) 100vw, 595px\" \/><\/a><br \/>\n<a class=\"article-body-links\"href=\"https:\/\/www.imobiliare.ro\/imoexpert\/wp-content\/uploads\/2014\/06\/penthouse-Alvhem-11.jpg\"><img loading=\"lazy\" decoding=\"async\" class=\"aligncenter size-full wp-image-30420\" alt=\"penthouse Alvhem 11\" src=\"https:\/\/www.imobiliare.ro\/imoexpert\/wp-content\/uploads\/2014\/06\/penthouse-Alvhem-11.jpg\" width=\"595\" height=\"397\" srcset=\"https:\/\/www.imobiliare.ro\/imoexpert\/wp-content\/uploads\/2014\/06\/penthouse-Alvhem-11.jpg 595w, https:\/\/www.imobiliare.ro\/imoexpert\/wp-content\/uploads\/2014\/06\/penthouse-Alvhem-11-300x200.jpg 300w, https:\/\/www.imobiliare.ro\/imoexpert\/wp-content\/uploads\/2014\/06\/penthouse-Alvhem-11-87x57.jpg 87w, https:\/\/www.imobiliare.ro\/imoexpert\/wp-content\/uploads\/2014\/06\/penthouse-Alvhem-11-65x43.jpg 65w, https:\/\/www.imobiliare.ro\/imoexpert\/wp-content\/uploads\/2014\/06\/penthouse-Alvhem-11-154x103.jpg 154w\" sizes=\"auto, (max-width: 595px) 100vw, 595px\" \/><\/a><br \/>\n<a class=\"article-body-links\"href=\"https:\/\/www.imobiliare.ro\/imoexpert\/wp-content\/uploads\/2014\/06\/penthouse-Alvhem-12.jpg\"><img loading=\"lazy\" decoding=\"async\" class=\"aligncenter size-full wp-image-30421\" alt=\"penthouse Alvhem 12\" src=\"https:\/\/www.imobiliare.ro\/imoexpert\/wp-content\/uploads\/2014\/06\/penthouse-Alvhem-12.jpg\" width=\"595\" height=\"441\" srcset=\"https:\/\/www.imobiliare.ro\/imoexpert\/wp-content\/uploads\/2014\/06\/penthouse-Alvhem-12.jpg 595w, https:\/\/www.imobiliare.ro\/imoexpert\/wp-content\/uploads\/2014\/06\/penthouse-Alvhem-12-300x222.jpg 300w, https:\/\/www.imobiliare.ro\/imoexpert\/wp-content\/uploads\/2014\/06\/penthouse-Alvhem-12-130x97.jpg 130w\" sizes=\"auto, (max-width: 595px) 100vw, 595px\" \/><\/a><br \/>\n<a class=\"article-body-links\"href=\"https:\/\/www.imobiliare.ro\/imoexpert\/wp-content\/uploads\/2014\/06\/penthouse-Alvhem-13.jpg\"><img loading=\"lazy\" decoding=\"async\" class=\"aligncenter size-full wp-image-30423\" alt=\"penthouse Alvhem 13\" src=\"https:\/\/www.imobiliare.ro\/imoexpert\/wp-content\/uploads\/2014\/06\/penthouse-Alvhem-13.jpg\" width=\"595\" height=\"397\" srcset=\"https:\/\/www.imobiliare.ro\/imoexpert\/wp-content\/uploads\/2014\/06\/penthouse-Alvhem-13.jpg 595w, https:\/\/www.imobiliare.ro\/imoexpert\/wp-content\/uploads\/2014\/06\/penthouse-Alvhem-13-300x200.jpg 300w, https:\/\/www.imobiliare.ro\/imoexpert\/wp-content\/uploads\/2014\/06\/penthouse-Alvhem-13-87x57.jpg 87w, https:\/\/www.imobiliare.ro\/imoexpert\/wp-content\/uploads\/2014\/06\/penthouse-Alvhem-13-65x43.jpg 65w, https:\/\/www.imobiliare.ro\/imoexpert\/wp-content\/uploads\/2014\/06\/penthouse-Alvhem-13-154x103.jpg 154w\" sizes=\"auto, (max-width: 595px) 100vw, 595px\" \/><\/a><br \/>\n<a class=\"article-body-links\"href=\"https:\/\/www.imobiliare.ro\/imoexpert\/wp-content\/uploads\/2014\/06\/penthouse-Alvhem-14.jpg\"><img loading=\"lazy\" decoding=\"async\" class=\"aligncenter size-full wp-image-30422\" alt=\"penthouse Alvhem 14\" src=\"https:\/\/www.imobiliare.ro\/imoexpert\/wp-content\/uploads\/2014\/06\/penthouse-Alvhem-14.jpg\" width=\"595\" height=\"397\" srcset=\"https:\/\/www.imobiliare.ro\/imoexpert\/wp-content\/uploads\/2014\/06\/penthouse-Alvhem-14.jpg 595w, https:\/\/www.imobiliare.ro\/imoexpert\/wp-content\/uploads\/2014\/06\/penthouse-Alvhem-14-300x200.jpg 300w, https:\/\/www.imobiliare.ro\/imoexpert\/wp-content\/uploads\/2014\/06\/penthouse-Alvhem-14-87x57.jpg 87w, https:\/\/www.imobiliare.ro\/imoexpert\/wp-content\/uploads\/2014\/06\/penthouse-Alvhem-14-65x43.jpg 65w, https:\/\/www.imobiliare.ro\/imoexpert\/wp-content\/uploads\/2014\/06\/penthouse-Alvhem-14-154x103.jpg 154w\" sizes=\"auto, (max-width: 595px) 100vw, 595px\" \/><\/a><br \/>\n<a class=\"article-body-links\"href=\"https:\/\/www.imobiliare.ro\/imoexpert\/wp-content\/uploads\/2014\/06\/penthouse-Alvhem-16.jpg\"><img loading=\"lazy\" decoding=\"async\" class=\"aligncenter size-full wp-image-30425\" alt=\"penthouse Alvhem 16\" src=\"https:\/\/www.imobiliare.ro\/imoexpert\/wp-content\/uploads\/2014\/06\/penthouse-Alvhem-16.jpg\" width=\"594\" height=\"397\" srcset=\"https:\/\/www.imobiliare.ro\/imoexpert\/wp-content\/uploads\/2014\/06\/penthouse-Alvhem-16.jpg 594w, https:\/\/www.imobiliare.ro\/imoexpert\/wp-content\/uploads\/2014\/06\/penthouse-Alvhem-16-300x201.jpg 300w, https:\/\/www.imobiliare.ro\/imoexpert\/wp-content\/uploads\/2014\/06\/penthouse-Alvhem-16-87x57.jpg 87w, https:\/\/www.imobiliare.ro\/imoexpert\/wp-content\/uploads\/2014\/06\/penthouse-Alvhem-16-65x43.jpg 65w, https:\/\/www.imobiliare.ro\/imoexpert\/wp-content\/uploads\/2014\/06\/penthouse-Alvhem-16-154x103.jpg 154w\" sizes=\"auto, (max-width: 594px) 100vw, 594px\" \/><\/a><\/p>\n<p><em><strong>Surs\u0103 foto: <a class=\"article-body-links\"href=\"http:\/\/freshome.com\/2014\/06\/12\/scandinavian-apartment-defined-excuisite-taste-fascinating-design-tricks\/\">Freshome.com<\/a> \u0219i <a class=\"article-body-links\"href=\"http:\/\/www.alvhemmakleri.se\/hem-till-salu\/obj17735_1311099892\">Alvhemmakleri.se<\/a><br \/>\nCite\u0219te \u0219i: <a class=\"article-body-links\"href=\"https:\/\/www.imobiliare.ro\/homedeco\/apartamentul-de-la-mansarda-o-amenajare-cu-stil_db\/\">Apartamentul de la mansard\u0103: o amenajare cu stil<\/a><\/strong><\/em><\/p>\n","protected":false},"excerpt":{"rendered":"<p>\u00centr-o schem\u0103 cromatic\u0103 predominant luminoas\u0103, contrastul cu tonuri \u00eenchise de culoare confer\u0103 echilibru \u0219i stabilitate. Locuin\u021bele situate la ultimele etaje ale blocurilor vechi sunt, de regul\u0103, evitate de c\u0103tre rom\u00e2ni. Un apartament prezentat pe Freshome.com dovede\u0219te \u00eens\u0103 c\u0103, atunci c\u00e2nd sunt amplasate \u00eentr-un imobil cu valoare istoric\u0103, asemenea propriet\u0103\u021bi pot fi cu adev\u0103rat speciale: Locuin\u021ba [&hellip;]<\/p>\n","protected":false},"author":829,"featured_media":30409,"comment_status":"open","ping_status":"open","sticky":false,"template":"","format":"standard","meta":{"footnotes":""},"categories":[255,259],"tags":[1022,1410,1411],"content_author":[],"class_list":["post-30408","post","type-post","status-publish","format-standard","has-post-thumbnail","hentry","category-home-deco","category-stiri","tag-homedeco","tag-newsletter","tag-principal"],"yoast_head":"<!-- This site is optimized with the Yoast SEO Premium plugin v27.0 (Yoast SEO v27.0) - https:\/\/yoast.com\/product\/yoast-seo-premium-wordpress\/ -->\n<title>Bun-gust \u00een note rustice pentru un apartament la mansard\u0103 - Home &amp; Deco, \u0218tiri - ImoExpert<\/title>\n<meta name=\"description\" content=\"\u00centr-o schem\u0103 cromatic\u0103 predominant luminoas\u0103, contrastul cu tonuri \u00eenchise de culoare confer\u0103 echilibru \u0219i stabilitate. Locuin\u021bele situate la ultimele\" \/>\n<meta name=\"robots\" content=\"index, follow\" \/>\n<link rel=\"canonical\" href=\"https:\/\/www.imobiliare.ro\/imoexpert\/bun-gust-in-note-rustice-pentru-un-apartament-la-mansarda_db\/\" \/>\n<meta property=\"og:locale\" content=\"ro_RO\" \/>\n<meta property=\"og:type\" content=\"article\" \/>\n<meta property=\"og:title\" content=\"Bun-gust \u00een note rustice pentru un apartament la mansard\u0103\" \/>\n<meta property=\"og:description\" content=\"\u00centr-o schem\u0103 cromatic\u0103 predominant luminoas\u0103, contrastul cu tonuri \u00eenchise de culoare confer\u0103 echilibru \u0219i stabilitate. Locuin\u021bele situate la ultimele\" \/>\n<meta property=\"og:url\" content=\"https:\/\/www.imobiliare.ro\/imoexpert\/bun-gust-in-note-rustice-pentru-un-apartament-la-mansarda_db\/\" \/>\n<meta property=\"og:site_name\" content=\"ImoExpert\" \/>\n<meta property=\"article:published_time\" content=\"2014-06-16T08:00:48+00:00\" \/>\n<meta property=\"og:image\" content=\"https:\/\/www.imobiliare.ro\/imoexpert\/wp-content\/uploads\/2014\/06\/penthouse-Alvhem-1.jpg\" \/>\n\t<meta property=\"og:image:width\" content=\"595\" \/>\n\t<meta property=\"og:image:height\" content=\"397\" \/>\n\t<meta property=\"og:image:type\" content=\"image\/jpeg\" \/>\n<meta name=\"author\" content=\"Adriana Dr\u0103gu\u0219in\" \/>\n<meta name=\"twitter:card\" content=\"summary_large_image\" \/>\n<meta name=\"twitter:label1\" content=\"Written by\" \/>\n\t<meta name=\"twitter:data1\" content=\"Adriana Dr\u0103gu\u0219in\" \/>\n\t<meta name=\"twitter:label2\" content=\"Est. reading time\" \/>\n\t<meta name=\"twitter:data2\" content=\"2 minute\" \/>\n<script type=\"application\/ld+json\" class=\"yoast-schema-graph\">{\"@context\":\"https:\/\/schema.org\",\"@graph\":[{\"@type\":\"Article\",\"@id\":\"https:\/\/www.imobiliare.ro\/imoexpert\/bun-gust-in-note-rustice-pentru-un-apartament-la-mansarda_db\/#article\",\"isPartOf\":{\"@id\":\"https:\/\/www.imobiliare.ro\/imoexpert\/bun-gust-in-note-rustice-pentru-un-apartament-la-mansarda_db\/\"},\"author\":{\"name\":\"Adriana Dr\u0103gu\u0219in\",\"@id\":\"https:\/\/www.imobiliare.ro\/imoexpert\/#\/schema\/person\/8c13b0297075010b896471fabf0d7790\"},\"headline\":\"Bun-gust \u00een note rustice pentru un apartament la mansard\u0103\",\"datePublished\":\"2014-06-16T08:00:48+00:00\",\"mainEntityOfPage\":{\"@id\":\"https:\/\/www.imobiliare.ro\/imoexpert\/bun-gust-in-note-rustice-pentru-un-apartament-la-mansarda_db\/\"},\"wordCount\":349,\"commentCount\":3,\"publisher\":{\"@id\":\"https:\/\/www.imobiliare.ro\/imoexpert\/#organization\"},\"image\":{\"@id\":\"https:\/\/www.imobiliare.ro\/imoexpert\/bun-gust-in-note-rustice-pentru-un-apartament-la-mansarda_db\/#primaryimage\"},\"thumbnailUrl\":\"https:\/\/www.imobiliare.ro\/imoexpert\/wp-content\/uploads\/2014\/06\/penthouse-Alvhem-1.jpg\",\"keywords\":[\"Home&amp;Deco\",\"newsletter\",\"principal\"],\"articleSection\":[\"Home &amp; Deco\",\"\u0218tiri\"],\"inLanguage\":\"en\",\"potentialAction\":[{\"@type\":\"CommentAction\",\"name\":\"Comment\",\"target\":[\"https:\/\/www.imobiliare.ro\/imoexpert\/bun-gust-in-note-rustice-pentru-un-apartament-la-mansarda_db\/#respond\"]}],\"copyrightYear\":\"2014\",\"copyrightHolder\":{\"@id\":\"https:\/\/www.imobiliare.ro\/imoexpert\/#organization\"}},{\"@type\":\"WebPage\",\"@id\":\"https:\/\/www.imobiliare.ro\/imoexpert\/bun-gust-in-note-rustice-pentru-un-apartament-la-mansarda_db\/\",\"url\":\"https:\/\/www.imobiliare.ro\/imoexpert\/bun-gust-in-note-rustice-pentru-un-apartament-la-mansarda_db\/\",\"name\":\"Bun-gust \u00een note rustice pentru un apartament la mansard\u0103 - Home &amp; Deco, \u0218tiri - ImoExpert\",\"isPartOf\":{\"@id\":\"https:\/\/www.imobiliare.ro\/imoexpert\/#website\"},\"primaryImageOfPage\":{\"@id\":\"https:\/\/www.imobiliare.ro\/imoexpert\/bun-gust-in-note-rustice-pentru-un-apartament-la-mansarda_db\/#primaryimage\"},\"image\":{\"@id\":\"https:\/\/www.imobiliare.ro\/imoexpert\/bun-gust-in-note-rustice-pentru-un-apartament-la-mansarda_db\/#primaryimage\"},\"thumbnailUrl\":\"https:\/\/www.imobiliare.ro\/imoexpert\/wp-content\/uploads\/2014\/06\/penthouse-Alvhem-1.jpg\",\"datePublished\":\"2014-06-16T08:00:48+00:00\",\"description\":\"\u00centr-o schem\u0103 cromatic\u0103 predominant luminoas\u0103, contrastul cu tonuri \u00eenchise de culoare confer\u0103 echilibru \u0219i stabilitate. Locuin\u021bele situate la ultimele\",\"breadcrumb\":{\"@id\":\"https:\/\/www.imobiliare.ro\/imoexpert\/bun-gust-in-note-rustice-pentru-un-apartament-la-mansarda_db\/#breadcrumb\"},\"inLanguage\":\"en\",\"potentialAction\":[{\"@type\":\"ReadAction\",\"target\":[\"https:\/\/www.imobiliare.ro\/imoexpert\/bun-gust-in-note-rustice-pentru-un-apartament-la-mansarda_db\/\"]}]},{\"@type\":\"ImageObject\",\"inLanguage\":\"en\",\"@id\":\"https:\/\/www.imobiliare.ro\/imoexpert\/bun-gust-in-note-rustice-pentru-un-apartament-la-mansarda_db\/#primaryimage\",\"url\":\"https:\/\/www.imobiliare.ro\/imoexpert\/wp-content\/uploads\/2014\/06\/penthouse-Alvhem-1.jpg\",\"contentUrl\":\"https:\/\/www.imobiliare.ro\/imoexpert\/wp-content\/uploads\/2014\/06\/penthouse-Alvhem-1.jpg\",\"width\":595,\"height\":397},{\"@type\":\"BreadcrumbList\",\"@id\":\"https:\/\/www.imobiliare.ro\/imoexpert\/bun-gust-in-note-rustice-pentru-un-apartament-la-mansarda_db\/#breadcrumb\",\"itemListElement\":[{\"@type\":\"ListItem\",\"position\":1,\"name\":\"Imoradar24\",\"item\":\"https:\/\/www.imoradar24.ro\"},{\"@type\":\"ListItem\",\"position\":2,\"name\":\"ImoExpert\",\"item\":\"https:\/\/www.imobiliare.ro\/imoexpert\/\"},{\"@type\":\"ListItem\",\"position\":3,\"name\":\"Sfaturi\",\"item\":\"https:\/\/www.imobiliare.ro\/imoexpert\/ghid-imobiliar\/\"},{\"@type\":\"ListItem\",\"position\":4,\"name\":\"Home &amp; Deco\",\"item\":\"https:\/\/www.imobiliare.ro\/imoexpert\/ghid-imobiliar\/home-deco\/\"},{\"@type\":\"ListItem\",\"position\":5,\"name\":\"Bun-gust \u00een note rustice pentru un apartament la mansard\u0103\"}]},{\"@type\":\"WebSite\",\"@id\":\"https:\/\/www.imobiliare.ro\/imoexpert\/#website\",\"url\":\"https:\/\/www.imobiliare.ro\/imoexpert\/\",\"name\":\"ImoExpert\",\"description\":\"cele mai importante \u015ftiri din domeniul imobiliar\",\"publisher\":{\"@id\":\"https:\/\/www.imobiliare.ro\/imoexpert\/#organization\"},\"inLanguage\":\"en\"},{\"@type\":\"Organization\",\"@id\":\"https:\/\/www.imobiliare.ro\/imoexpert\/#organization\",\"name\":\"Imobiliare.ro\",\"alternateName\":\"Realmedia Network SA\",\"url\":\"https:\/\/www.imobiliare.ro\/imoexpert\/\",\"logo\":{\"@type\":\"ImageObject\",\"inLanguage\":\"en\",\"@id\":\"https:\/\/www.imobiliare.ro\/imoexpert\/#\/schema\/logo\/image\/\",\"url\":\"https:\/\/www.imobiliare.ro\/imoexpert\/wp-content\/uploads\/2025\/05\/imobiliare_logo.png\",\"contentUrl\":\"https:\/\/www.imobiliare.ro\/imoexpert\/wp-content\/uploads\/2025\/05\/imobiliare_logo.png\",\"width\":237,\"height\":29,\"caption\":\"Imobiliare.ro\"},\"image\":{\"@id\":\"https:\/\/www.imobiliare.ro\/imoexpert\/#\/schema\/logo\/image\/\"}},{\"@type\":\"Person\",\"@id\":\"https:\/\/www.imobiliare.ro\/imoexpert\/#\/schema\/person\/8c13b0297075010b896471fabf0d7790\",\"name\":\"Adriana Dr\u0103gu\u0219in\",\"image\":{\"@type\":\"ImageObject\",\"inLanguage\":\"en\",\"@id\":\"https:\/\/www.imobiliare.ro\/imoexpert\/#\/schema\/person\/image\/\",\"url\":\"https:\/\/secure.gravatar.com\/avatar\/ba4762f7517e50e679ed7f11207102d1150120f2f5800c0da98f8a15305bf514?s=96&d=mm&r=g\",\"contentUrl\":\"https:\/\/secure.gravatar.com\/avatar\/ba4762f7517e50e679ed7f11207102d1150120f2f5800c0da98f8a15305bf514?s=96&d=mm&r=g\",\"caption\":\"Adriana Dr\u0103gu\u0219in\"},\"jobTitle\":\"Editor\",\"url\":\"https:\/\/www.imobiliare.ro\/imoexpert\/author\/adriana-dragusin\/\"}]}<\/script>\n<!-- \/ Yoast SEO Premium plugin. -->","yoast_head_json":{"title":"Bun-gust \u00een note rustice pentru un apartament la mansard\u0103 - Home &amp; Deco, \u0218tiri - ImoExpert","description":"\u00centr-o schem\u0103 cromatic\u0103 predominant luminoas\u0103, contrastul cu tonuri \u00eenchise de culoare confer\u0103 echilibru \u0219i stabilitate. Locuin\u021bele situate la ultimele","robots":{"index":"index","follow":"follow"},"canonical":"https:\/\/www.imobiliare.ro\/imoexpert\/bun-gust-in-note-rustice-pentru-un-apartament-la-mansarda_db\/","og_locale":"ro_RO","og_type":"article","og_title":"Bun-gust \u00een note rustice pentru un apartament la mansard\u0103","og_description":"\u00centr-o schem\u0103 cromatic\u0103 predominant luminoas\u0103, contrastul cu tonuri \u00eenchise de culoare confer\u0103 echilibru \u0219i stabilitate. Locuin\u021bele situate la ultimele","og_url":"https:\/\/www.imobiliare.ro\/imoexpert\/bun-gust-in-note-rustice-pentru-un-apartament-la-mansarda_db\/","og_site_name":"ImoExpert","article_published_time":"2014-06-16T08:00:48+00:00","og_image":[{"width":595,"height":397,"url":"https:\/\/www.imobiliare.ro\/imoexpert\/wp-content\/uploads\/2014\/06\/penthouse-Alvhem-1.jpg","type":"image\/jpeg"}],"author":"Adriana Dr\u0103gu\u0219in","twitter_card":"summary_large_image","twitter_misc":{"Written by":"Adriana Dr\u0103gu\u0219in","Est. reading time":"2 minute"},"schema":{"@context":"https:\/\/schema.org","@graph":[{"@type":"Article","@id":"https:\/\/www.imobiliare.ro\/imoexpert\/bun-gust-in-note-rustice-pentru-un-apartament-la-mansarda_db\/#article","isPartOf":{"@id":"https:\/\/www.imobiliare.ro\/imoexpert\/bun-gust-in-note-rustice-pentru-un-apartament-la-mansarda_db\/"},"author":{"name":"Adriana Dr\u0103gu\u0219in","@id":"https:\/\/www.imobiliare.ro\/imoexpert\/#\/schema\/person\/8c13b0297075010b896471fabf0d7790"},"headline":"Bun-gust \u00een note rustice pentru un apartament la mansard\u0103","datePublished":"2014-06-16T08:00:48+00:00","mainEntityOfPage":{"@id":"https:\/\/www.imobiliare.ro\/imoexpert\/bun-gust-in-note-rustice-pentru-un-apartament-la-mansarda_db\/"},"wordCount":349,"commentCount":3,"publisher":{"@id":"https:\/\/www.imobiliare.ro\/imoexpert\/#organization"},"image":{"@id":"https:\/\/www.imobiliare.ro\/imoexpert\/bun-gust-in-note-rustice-pentru-un-apartament-la-mansarda_db\/#primaryimage"},"thumbnailUrl":"https:\/\/www.imobiliare.ro\/imoexpert\/wp-content\/uploads\/2014\/06\/penthouse-Alvhem-1.jpg","keywords":["Home&amp;Deco","newsletter","principal"],"articleSection":["Home &amp; Deco","\u0218tiri"],"inLanguage":"en","potentialAction":[{"@type":"CommentAction","name":"Comment","target":["https:\/\/www.imobiliare.ro\/imoexpert\/bun-gust-in-note-rustice-pentru-un-apartament-la-mansarda_db\/#respond"]}],"copyrightYear":"2014","copyrightHolder":{"@id":"https:\/\/www.imobiliare.ro\/imoexpert\/#organization"}},{"@type":"WebPage","@id":"https:\/\/www.imobiliare.ro\/imoexpert\/bun-gust-in-note-rustice-pentru-un-apartament-la-mansarda_db\/","url":"https:\/\/www.imobiliare.ro\/imoexpert\/bun-gust-in-note-rustice-pentru-un-apartament-la-mansarda_db\/","name":"Bun-gust \u00een note rustice pentru un apartament la mansard\u0103 - Home &amp; Deco, \u0218tiri - ImoExpert","isPartOf":{"@id":"https:\/\/www.imobiliare.ro\/imoexpert\/#website"},"primaryImageOfPage":{"@id":"https:\/\/www.imobiliare.ro\/imoexpert\/bun-gust-in-note-rustice-pentru-un-apartament-la-mansarda_db\/#primaryimage"},"image":{"@id":"https:\/\/www.imobiliare.ro\/imoexpert\/bun-gust-in-note-rustice-pentru-un-apartament-la-mansarda_db\/#primaryimage"},"thumbnailUrl":"https:\/\/www.imobiliare.ro\/imoexpert\/wp-content\/uploads\/2014\/06\/penthouse-Alvhem-1.jpg","datePublished":"2014-06-16T08:00:48+00:00","description":"\u00centr-o schem\u0103 cromatic\u0103 predominant luminoas\u0103, contrastul cu tonuri \u00eenchise de culoare confer\u0103 echilibru \u0219i stabilitate. Locuin\u021bele situate la ultimele","breadcrumb":{"@id":"https:\/\/www.imobiliare.ro\/imoexpert\/bun-gust-in-note-rustice-pentru-un-apartament-la-mansarda_db\/#breadcrumb"},"inLanguage":"en","potentialAction":[{"@type":"ReadAction","target":["https:\/\/www.imobiliare.ro\/imoexpert\/bun-gust-in-note-rustice-pentru-un-apartament-la-mansarda_db\/"]}]},{"@type":"ImageObject","inLanguage":"en","@id":"https:\/\/www.imobiliare.ro\/imoexpert\/bun-gust-in-note-rustice-pentru-un-apartament-la-mansarda_db\/#primaryimage","url":"https:\/\/www.imobiliare.ro\/imoexpert\/wp-content\/uploads\/2014\/06\/penthouse-Alvhem-1.jpg","contentUrl":"https:\/\/www.imobiliare.ro\/imoexpert\/wp-content\/uploads\/2014\/06\/penthouse-Alvhem-1.jpg","width":595,"height":397},{"@type":"BreadcrumbList","@id":"https:\/\/www.imobiliare.ro\/imoexpert\/bun-gust-in-note-rustice-pentru-un-apartament-la-mansarda_db\/#breadcrumb","itemListElement":[{"@type":"ListItem","position":1,"name":"Imoradar24","item":"https:\/\/www.imoradar24.ro"},{"@type":"ListItem","position":2,"name":"ImoExpert","item":"https:\/\/www.imobiliare.ro\/imoexpert\/"},{"@type":"ListItem","position":3,"name":"Sfaturi","item":"https:\/\/www.imobiliare.ro\/imoexpert\/ghid-imobiliar\/"},{"@type":"ListItem","position":4,"name":"Home &amp; Deco","item":"https:\/\/www.imobiliare.ro\/imoexpert\/ghid-imobiliar\/home-deco\/"},{"@type":"ListItem","position":5,"name":"Bun-gust \u00een note rustice pentru un apartament la mansard\u0103"}]},{"@type":"WebSite","@id":"https:\/\/www.imobiliare.ro\/imoexpert\/#website","url":"https:\/\/www.imobiliare.ro\/imoexpert\/","name":"ImoExpert","description":"cele mai importante \u015ftiri din domeniul imobiliar","publisher":{"@id":"https:\/\/www.imobiliare.ro\/imoexpert\/#organization"},"inLanguage":"en"},{"@type":"Organization","@id":"https:\/\/www.imobiliare.ro\/imoexpert\/#organization","name":"Imobiliare.ro","alternateName":"Realmedia Network SA","url":"https:\/\/www.imobiliare.ro\/imoexpert\/","logo":{"@type":"ImageObject","inLanguage":"en","@id":"https:\/\/www.imobiliare.ro\/imoexpert\/#\/schema\/logo\/image\/","url":"https:\/\/www.imobiliare.ro\/imoexpert\/wp-content\/uploads\/2025\/05\/imobiliare_logo.png","contentUrl":"https:\/\/www.imobiliare.ro\/imoexpert\/wp-content\/uploads\/2025\/05\/imobiliare_logo.png","width":237,"height":29,"caption":"Imobiliare.ro"},"image":{"@id":"https:\/\/www.imobiliare.ro\/imoexpert\/#\/schema\/logo\/image\/"}},{"@type":"Person","@id":"https:\/\/www.imobiliare.ro\/imoexpert\/#\/schema\/person\/8c13b0297075010b896471fabf0d7790","name":"Adriana Dr\u0103gu\u0219in","image":{"@type":"ImageObject","inLanguage":"en","@id":"https:\/\/www.imobiliare.ro\/imoexpert\/#\/schema\/person\/image\/","url":"https:\/\/secure.gravatar.com\/avatar\/ba4762f7517e50e679ed7f11207102d1150120f2f5800c0da98f8a15305bf514?s=96&d=mm&r=g","contentUrl":"https:\/\/secure.gravatar.com\/avatar\/ba4762f7517e50e679ed7f11207102d1150120f2f5800c0da98f8a15305bf514?s=96&d=mm&r=g","caption":"Adriana Dr\u0103gu\u0219in"},"jobTitle":"Editor","url":"https:\/\/www.imobiliare.ro\/imoexpert\/author\/adriana-dragusin\/"}]}},"_links":{"self":[{"href":"https:\/\/www.imobiliare.ro\/imoexpert\/wp-json\/wp\/v2\/posts\/30408","targetHints":{"allow":["GET"]}}],"collection":[{"href":"https:\/\/www.imobiliare.ro\/imoexpert\/wp-json\/wp\/v2\/posts"}],"about":[{"href":"https:\/\/www.imobiliare.ro\/imoexpert\/wp-json\/wp\/v2\/types\/post"}],"author":[{"embeddable":true,"href":"https:\/\/www.imobiliare.ro\/imoexpert\/wp-json\/wp\/v2\/users\/829"}],"replies":[{"embeddable":true,"href":"https:\/\/www.imobiliare.ro\/imoexpert\/wp-json\/wp\/v2\/comments?post=30408"}],"version-history":[{"count":0,"href":"https:\/\/www.imobiliare.ro\/imoexpert\/wp-json\/wp\/v2\/posts\/30408\/revisions"}],"wp:featuredmedia":[{"embeddable":true,"href":"https:\/\/www.imobiliare.ro\/imoexpert\/wp-json\/wp\/v2\/media\/30409"}],"wp:attachment":[{"href":"https:\/\/www.imobiliare.ro\/imoexpert\/wp-json\/wp\/v2\/media?parent=30408"}],"wp:term":[{"taxonomy":"category","embeddable":true,"href":"https:\/\/www.imobiliare.ro\/imoexpert\/wp-json\/wp\/v2\/categories?post=30408"},{"taxonomy":"post_tag","embeddable":true,"href":"https:\/\/www.imobiliare.ro\/imoexpert\/wp-json\/wp\/v2\/tags?post=30408"},{"taxonomy":"content_author","embeddable":true,"href":"https:\/\/www.imobiliare.ro\/imoexpert\/wp-json\/wp\/v2\/content_author?post=30408"}],"curies":[{"name":"wp","href":"https:\/\/api.w.org\/{rel}","templated":true}]}}