{"id":30534,"date":"2014-06-23T15:35:59","date_gmt":"2014-06-23T12:35:59","guid":{"rendered":"https:\/\/www.imobiliare.ro\/?p=30534"},"modified":"2014-06-23T15:35:59","modified_gmt":"2014-06-23T12:35:59","slug":"in-stil-minimalist-inspiratie-pentru-un-decor-modern-si-elegant","status":"publish","type":"post","link":"https:\/\/www.imobiliare.ro\/imoexpert\/in-stil-minimalist-inspiratie-pentru-un-decor-modern-si-elegant_db\/","title":{"rendered":"\u00cen stil minimalist: inspira\u021bie pentru un decor modern \u0219i elegant"},"content":{"rendered":"<p><strong>Principiul \u201eless is more\u201d (\u201emai pu\u021bin \u00eenseamn\u0103 mai mult\u201d) este una dintre principalele linii directoare ale acestui curent.<\/strong><\/p>\n<p>O ramifica\u021bie a designului contemporan, stilul minimalist poate fi o alegere perfect\u0103 at\u00e2t pentru decorarea unui spa\u021biu redus, c\u00e2t \u0219i pentru a unuia generos. O ilustrare a celei din urm\u0103 situa\u021bii este oferit\u0103 de proprietatea din imagini, prezentat\u0103 pe <strong><a class=\"article-body-links\"href=\"http:\/\/freshome.com\/\">Freshome.com<\/a><\/strong>:<\/p>\n<p><a class=\"article-body-links\"href=\"https:\/\/www.imobiliare.ro\/imoexpert\/wp-content\/uploads\/2014\/06\/Varsovia-ap-2.jpg\"><img loading=\"lazy\" decoding=\"async\" class=\"aligncenter size-full wp-image-30536\" alt=\"Varsovia ap 2\" src=\"https:\/\/www.imobiliare.ro\/imoexpert\/wp-content\/uploads\/2014\/06\/Varsovia-ap-2.jpg\" width=\"600\" height=\"400\" srcset=\"https:\/\/www.imobiliare.ro\/imoexpert\/wp-content\/uploads\/2014\/06\/Varsovia-ap-2.jpg 600w, https:\/\/www.imobiliare.ro\/imoexpert\/wp-content\/uploads\/2014\/06\/Varsovia-ap-2-300x200.jpg 300w, https:\/\/www.imobiliare.ro\/imoexpert\/wp-content\/uploads\/2014\/06\/Varsovia-ap-2-87x57.jpg 87w, https:\/\/www.imobiliare.ro\/imoexpert\/wp-content\/uploads\/2014\/06\/Varsovia-ap-2-65x43.jpg 65w, https:\/\/www.imobiliare.ro\/imoexpert\/wp-content\/uploads\/2014\/06\/Varsovia-ap-2-154x103.jpg 154w\" sizes=\"auto, (max-width: 600px) 100vw, 600px\" \/><\/a><\/p>\n<p>Situat \u00een Var\u0219ovia, Polonia, apartamentul din imagini a fost amenajat de biroul Hola Design. Dispus\u0103 pe dou\u0103 nivele, locuin\u021ba este format\u0103 dintr-un living spa\u021bios, cu buc\u0103t\u0103rie inclus\u0103, al\u0103turi de \u0219ase dormitoare (dintre care dou\u0103 pentru copii), o camer\u0103 de oaspe\u021bi \u0219i un birou. Avantajul suprafe\u021bei generoase este perfect pus \u00een valoare prin adoptarea unui design minimalist, ce urmeaz\u0103 principiul \u201eless is more\u201d (\u201emai pu\u021bin \u00eenseamn\u0103 mai mult\u201d, n.red.).<\/p>\n<p><a class=\"article-body-links\"href=\"https:\/\/www.imobiliare.ro\/imoexpert\/wp-content\/uploads\/2014\/06\/Varsovia-ap-1.jpg\"><img loading=\"lazy\" decoding=\"async\" class=\"aligncenter size-full wp-image-30535\" alt=\"Varsovia ap 1\" src=\"https:\/\/www.imobiliare.ro\/imoexpert\/wp-content\/uploads\/2014\/06\/Varsovia-ap-1.jpg\" width=\"600\" height=\"400\" srcset=\"https:\/\/www.imobiliare.ro\/imoexpert\/wp-content\/uploads\/2014\/06\/Varsovia-ap-1.jpg 600w, https:\/\/www.imobiliare.ro\/imoexpert\/wp-content\/uploads\/2014\/06\/Varsovia-ap-1-300x200.jpg 300w, https:\/\/www.imobiliare.ro\/imoexpert\/wp-content\/uploads\/2014\/06\/Varsovia-ap-1-87x57.jpg 87w, https:\/\/www.imobiliare.ro\/imoexpert\/wp-content\/uploads\/2014\/06\/Varsovia-ap-1-65x43.jpg 65w, https:\/\/www.imobiliare.ro\/imoexpert\/wp-content\/uploads\/2014\/06\/Varsovia-ap-1-154x103.jpg 154w\" sizes=\"auto, (max-width: 600px) 100vw, 600px\" \/><\/a><br \/>\n<a class=\"article-body-links\"href=\"https:\/\/www.imobiliare.ro\/imoexpert\/wp-content\/uploads\/2014\/06\/Varsovia-ap-3.jpg\"><img loading=\"lazy\" decoding=\"async\" class=\"aligncenter size-full wp-image-30537\" alt=\"Varsovia ap 3\" src=\"https:\/\/www.imobiliare.ro\/imoexpert\/wp-content\/uploads\/2014\/06\/Varsovia-ap-3.jpg\" width=\"600\" height=\"351\" srcset=\"https:\/\/www.imobiliare.ro\/imoexpert\/wp-content\/uploads\/2014\/06\/Varsovia-ap-3.jpg 600w, https:\/\/www.imobiliare.ro\/imoexpert\/wp-content\/uploads\/2014\/06\/Varsovia-ap-3-300x176.jpg 300w\" sizes=\"auto, (max-width: 600px) 100vw, 600px\" \/><\/a><br \/>\n<a class=\"article-body-links\"href=\"https:\/\/www.imobiliare.ro\/imoexpert\/wp-content\/uploads\/2014\/06\/Varsovia-ap-4.jpg\"><img loading=\"lazy\" decoding=\"async\" class=\"aligncenter size-full wp-image-30538\" alt=\"Varsovia ap 4\" src=\"https:\/\/www.imobiliare.ro\/imoexpert\/wp-content\/uploads\/2014\/06\/Varsovia-ap-4.jpg\" width=\"600\" height=\"417\" srcset=\"https:\/\/www.imobiliare.ro\/imoexpert\/wp-content\/uploads\/2014\/06\/Varsovia-ap-4.jpg 600w, https:\/\/www.imobiliare.ro\/imoexpert\/wp-content\/uploads\/2014\/06\/Varsovia-ap-4-300x209.jpg 300w\" sizes=\"auto, (max-width: 600px) 100vw, 600px\" \/><\/a><\/p>\n<p>Designerii aplic\u0103 o schem\u0103 cromatic\u0103 \u201e\u00een ton\u201d cu tendin\u021bele momentului, bazat\u0103 pe combina\u021bia \u00eentre nuan\u021be ale p\u0103m\u00e2ntului (tonuri de maro, crem \u0219i gri) cu alb \u0219i negru pe alocuri; rezultatul este un ambient elegant, echilibrat, dar cald \u0219i primitor totodat\u0103. \u00cen zona privat\u0103 a casei (\u00een special \u00een dormitoarele copiilor) se adaug\u0103 pe acest fundal accente de culori vii \u2013 precum ro\u0219u, violet sau verde \u2013 ce personalizeaz\u0103 \u0219i dinamizeaz\u0103 fiecare \u00eenc\u0103pere \u00een parte. Utilizarea unor materiale precum lemnul masiv sau marmura, al\u0103turi de decora\u021biuni precum candelabrele de cristal confer\u0103 ambientului o elegan\u021b\u0103 deosebit\u0103. \u00cenc\u0103perile \u00eenalte, cu ferestre generoase, ce se \u201e\u00eentind\u201d pe toat\u0103 \u00een\u0103l\u021bimea pere\u021bilor, completeaz\u0103 aerul \u201earistocratic\u201d al propriet\u0103\u021bii.<\/p>\n<p><a class=\"article-body-links\"href=\"https:\/\/www.imobiliare.ro\/imoexpert\/wp-content\/uploads\/2014\/06\/Varsovia-ap-5.jpg\"><img loading=\"lazy\" decoding=\"async\" class=\"aligncenter size-full wp-image-30539\" alt=\"Varsovia ap 5\" src=\"https:\/\/www.imobiliare.ro\/imoexpert\/wp-content\/uploads\/2014\/06\/Varsovia-ap-5.jpg\" width=\"600\" height=\"417\" srcset=\"https:\/\/www.imobiliare.ro\/imoexpert\/wp-content\/uploads\/2014\/06\/Varsovia-ap-5.jpg 600w, https:\/\/www.imobiliare.ro\/imoexpert\/wp-content\/uploads\/2014\/06\/Varsovia-ap-5-300x209.jpg 300w\" sizes=\"auto, (max-width: 600px) 100vw, 600px\" \/><\/a><br \/>\n<a class=\"article-body-links\"href=\"https:\/\/www.imobiliare.ro\/imoexpert\/wp-content\/uploads\/2014\/06\/Varsovia-ap-6.jpg\"><img loading=\"lazy\" decoding=\"async\" class=\"aligncenter size-full wp-image-30540\" alt=\"Varsovia ap 6\" src=\"https:\/\/www.imobiliare.ro\/imoexpert\/wp-content\/uploads\/2014\/06\/Varsovia-ap-6.jpg\" width=\"600\" height=\"455\" srcset=\"https:\/\/www.imobiliare.ro\/imoexpert\/wp-content\/uploads\/2014\/06\/Varsovia-ap-6.jpg 600w, https:\/\/www.imobiliare.ro\/imoexpert\/wp-content\/uploads\/2014\/06\/Varsovia-ap-6-300x228.jpg 300w\" sizes=\"auto, (max-width: 600px) 100vw, 600px\" \/><\/a><br \/>\n<a class=\"article-body-links\"href=\"https:\/\/www.imobiliare.ro\/imoexpert\/wp-content\/uploads\/2014\/06\/Varsovia-ap-7.jpg\"><img loading=\"lazy\" decoding=\"async\" class=\"aligncenter size-full wp-image-30541\" alt=\"Varsovia ap 7\" src=\"https:\/\/www.imobiliare.ro\/imoexpert\/wp-content\/uploads\/2014\/06\/Varsovia-ap-7.jpg\" width=\"600\" height=\"465\" srcset=\"https:\/\/www.imobiliare.ro\/imoexpert\/wp-content\/uploads\/2014\/06\/Varsovia-ap-7.jpg 600w, https:\/\/www.imobiliare.ro\/imoexpert\/wp-content\/uploads\/2014\/06\/Varsovia-ap-7-300x233.jpg 300w\" sizes=\"auto, (max-width: 600px) 100vw, 600px\" \/><\/a><br \/>\n<a class=\"article-body-links\"href=\"https:\/\/www.imobiliare.ro\/imoexpert\/wp-content\/uploads\/2014\/06\/Varsovia-ap-8.jpg\"><img loading=\"lazy\" decoding=\"async\" class=\"aligncenter size-full wp-image-30542\" alt=\"Varsovia ap 8\" src=\"https:\/\/www.imobiliare.ro\/imoexpert\/wp-content\/uploads\/2014\/06\/Varsovia-ap-8.jpg\" width=\"600\" height=\"900\" srcset=\"https:\/\/www.imobiliare.ro\/imoexpert\/wp-content\/uploads\/2014\/06\/Varsovia-ap-8.jpg 600w, https:\/\/www.imobiliare.ro\/imoexpert\/wp-content\/uploads\/2014\/06\/Varsovia-ap-8-200x300.jpg 200w\" sizes=\"auto, (max-width: 600px) 100vw, 600px\" \/><\/a><br \/>\n<a class=\"article-body-links\"href=\"https:\/\/www.imobiliare.ro\/imoexpert\/wp-content\/uploads\/2014\/06\/Varsovia-ap-9.jpg\"><img loading=\"lazy\" decoding=\"async\" class=\"aligncenter size-full wp-image-30543\" alt=\"Varsovia ap 9\" src=\"https:\/\/www.imobiliare.ro\/imoexpert\/wp-content\/uploads\/2014\/06\/Varsovia-ap-9.jpg\" width=\"600\" height=\"400\" srcset=\"https:\/\/www.imobiliare.ro\/imoexpert\/wp-content\/uploads\/2014\/06\/Varsovia-ap-9.jpg 600w, https:\/\/www.imobiliare.ro\/imoexpert\/wp-content\/uploads\/2014\/06\/Varsovia-ap-9-300x200.jpg 300w, https:\/\/www.imobiliare.ro\/imoexpert\/wp-content\/uploads\/2014\/06\/Varsovia-ap-9-87x57.jpg 87w, https:\/\/www.imobiliare.ro\/imoexpert\/wp-content\/uploads\/2014\/06\/Varsovia-ap-9-65x43.jpg 65w, https:\/\/www.imobiliare.ro\/imoexpert\/wp-content\/uploads\/2014\/06\/Varsovia-ap-9-154x103.jpg 154w\" sizes=\"auto, (max-width: 600px) 100vw, 600px\" \/><\/a><br \/>\n<a class=\"article-body-links\"href=\"https:\/\/www.imobiliare.ro\/imoexpert\/wp-content\/uploads\/2014\/06\/Varsovia-ap-10.jpg\"><img loading=\"lazy\" decoding=\"async\" class=\"aligncenter size-full wp-image-30544\" alt=\"Varsovia ap 10\" src=\"https:\/\/www.imobiliare.ro\/imoexpert\/wp-content\/uploads\/2014\/06\/Varsovia-ap-10.jpg\" width=\"600\" height=\"400\" srcset=\"https:\/\/www.imobiliare.ro\/imoexpert\/wp-content\/uploads\/2014\/06\/Varsovia-ap-10.jpg 600w, https:\/\/www.imobiliare.ro\/imoexpert\/wp-content\/uploads\/2014\/06\/Varsovia-ap-10-300x200.jpg 300w, https:\/\/www.imobiliare.ro\/imoexpert\/wp-content\/uploads\/2014\/06\/Varsovia-ap-10-87x57.jpg 87w, https:\/\/www.imobiliare.ro\/imoexpert\/wp-content\/uploads\/2014\/06\/Varsovia-ap-10-65x43.jpg 65w, https:\/\/www.imobiliare.ro\/imoexpert\/wp-content\/uploads\/2014\/06\/Varsovia-ap-10-154x103.jpg 154w\" sizes=\"auto, (max-width: 600px) 100vw, 600px\" \/><\/a><\/p>\n<p>Nu lipsesc din decor nici elementele decorative de factur\u0103 modern\u0103, unele cu tendin\u021be \u201eavangardiste\u201d, am putea spune: balustrada metalic\u0103, corpurile de iluminat, scaunele ce combin\u0103 plasticul cu metalul etc. Este interesant\u0103 armonizarea reu\u0219it\u0103 a tuturor acestora cu elemente de factur\u0103 retro \u2013 fotografiile alb-negru, pere\u021bii \u201e\u00eembr\u0103ca\u021bi\u201d \u00een c\u0103r\u0103mid\u0103 aparent\u0103 sau decorul inspirat de benzi desenate din camera copiilor.<\/p>\n<p><a class=\"article-body-links\"href=\"https:\/\/www.imobiliare.ro\/imoexpert\/wp-content\/uploads\/2014\/06\/Varsovia-ap-11.jpg\"><img loading=\"lazy\" decoding=\"async\" class=\"aligncenter size-full wp-image-30545\" alt=\"Varsovia ap 11\" src=\"https:\/\/www.imobiliare.ro\/imoexpert\/wp-content\/uploads\/2014\/06\/Varsovia-ap-11.jpg\" width=\"600\" height=\"415\" srcset=\"https:\/\/www.imobiliare.ro\/imoexpert\/wp-content\/uploads\/2014\/06\/Varsovia-ap-11.jpg 600w, https:\/\/www.imobiliare.ro\/imoexpert\/wp-content\/uploads\/2014\/06\/Varsovia-ap-11-300x208.jpg 300w\" sizes=\"auto, (max-width: 600px) 100vw, 600px\" \/><\/a><br \/>\n<a class=\"article-body-links\"href=\"https:\/\/www.imobiliare.ro\/imoexpert\/wp-content\/uploads\/2014\/06\/Varsovia-ap-12.jpg\"><img loading=\"lazy\" decoding=\"async\" class=\"aligncenter size-full wp-image-30546\" alt=\"Varsovia ap 12\" src=\"https:\/\/www.imobiliare.ro\/imoexpert\/wp-content\/uploads\/2014\/06\/Varsovia-ap-12.jpg\" width=\"600\" height=\"402\" srcset=\"https:\/\/www.imobiliare.ro\/imoexpert\/wp-content\/uploads\/2014\/06\/Varsovia-ap-12.jpg 600w, https:\/\/www.imobiliare.ro\/imoexpert\/wp-content\/uploads\/2014\/06\/Varsovia-ap-12-300x201.jpg 300w, https:\/\/www.imobiliare.ro\/imoexpert\/wp-content\/uploads\/2014\/06\/Varsovia-ap-12-87x57.jpg 87w, https:\/\/www.imobiliare.ro\/imoexpert\/wp-content\/uploads\/2014\/06\/Varsovia-ap-12-65x43.jpg 65w, https:\/\/www.imobiliare.ro\/imoexpert\/wp-content\/uploads\/2014\/06\/Varsovia-ap-12-154x103.jpg 154w\" sizes=\"auto, (max-width: 600px) 100vw, 600px\" \/><\/a><br \/>\n<a class=\"article-body-links\"href=\"https:\/\/www.imobiliare.ro\/imoexpert\/wp-content\/uploads\/2014\/06\/Varsovia-ap-13.jpg\"><img loading=\"lazy\" decoding=\"async\" class=\"aligncenter size-full wp-image-30547\" alt=\"Varsovia ap 13\" src=\"https:\/\/www.imobiliare.ro\/imoexpert\/wp-content\/uploads\/2014\/06\/Varsovia-ap-13.jpg\" width=\"600\" height=\"891\" srcset=\"https:\/\/www.imobiliare.ro\/imoexpert\/wp-content\/uploads\/2014\/06\/Varsovia-ap-13.jpg 600w, https:\/\/www.imobiliare.ro\/imoexpert\/wp-content\/uploads\/2014\/06\/Varsovia-ap-13-202x300.jpg 202w\" sizes=\"auto, (max-width: 600px) 100vw, 600px\" \/><\/a><br \/>\n<a class=\"article-body-links\"href=\"https:\/\/www.imobiliare.ro\/imoexpert\/wp-content\/uploads\/2014\/06\/Varsovia-ap-14.jpg\"><img loading=\"lazy\" decoding=\"async\" class=\"aligncenter size-full wp-image-30548\" alt=\"Varsovia ap 14\" src=\"https:\/\/www.imobiliare.ro\/imoexpert\/wp-content\/uploads\/2014\/06\/Varsovia-ap-14.jpg\" width=\"600\" height=\"444\" srcset=\"https:\/\/www.imobiliare.ro\/imoexpert\/wp-content\/uploads\/2014\/06\/Varsovia-ap-14.jpg 600w, https:\/\/www.imobiliare.ro\/imoexpert\/wp-content\/uploads\/2014\/06\/Varsovia-ap-14-300x222.jpg 300w, https:\/\/www.imobiliare.ro\/imoexpert\/wp-content\/uploads\/2014\/06\/Varsovia-ap-14-130x97.jpg 130w\" sizes=\"auto, (max-width: 600px) 100vw, 600px\" \/><\/a><br \/>\n<a class=\"article-body-links\"href=\"https:\/\/www.imobiliare.ro\/imoexpert\/wp-content\/uploads\/2014\/06\/Varsovia-ap-15.jpg\"><img loading=\"lazy\" decoding=\"async\" class=\"aligncenter size-full wp-image-30549\" alt=\"Varsovia ap 15\" src=\"https:\/\/www.imobiliare.ro\/imoexpert\/wp-content\/uploads\/2014\/06\/Varsovia-ap-15.jpg\" width=\"600\" height=\"416\" srcset=\"https:\/\/www.imobiliare.ro\/imoexpert\/wp-content\/uploads\/2014\/06\/Varsovia-ap-15.jpg 600w, https:\/\/www.imobiliare.ro\/imoexpert\/wp-content\/uploads\/2014\/06\/Varsovia-ap-15-300x208.jpg 300w\" sizes=\"auto, (max-width: 600px) 100vw, 600px\" \/><\/a><br \/>\n<a class=\"article-body-links\"href=\"https:\/\/www.imobiliare.ro\/imoexpert\/wp-content\/uploads\/2014\/06\/Varsovia-ap-16.jpg\"><img loading=\"lazy\" decoding=\"async\" class=\"aligncenter size-full wp-image-30550\" alt=\"Varsovia ap 16\" src=\"https:\/\/www.imobiliare.ro\/imoexpert\/wp-content\/uploads\/2014\/06\/Varsovia-ap-16.jpg\" width=\"600\" height=\"631\" srcset=\"https:\/\/www.imobiliare.ro\/imoexpert\/wp-content\/uploads\/2014\/06\/Varsovia-ap-16.jpg 600w, https:\/\/www.imobiliare.ro\/imoexpert\/wp-content\/uploads\/2014\/06\/Varsovia-ap-16-285x300.jpg 285w\" sizes=\"auto, (max-width: 600px) 100vw, 600px\" \/><\/a><br \/>\n<a class=\"article-body-links\"href=\"https:\/\/www.imobiliare.ro\/imoexpert\/wp-content\/uploads\/2014\/06\/Varsovia-ap-17.jpg\"><img loading=\"lazy\" decoding=\"async\" class=\"aligncenter size-full wp-image-30551\" alt=\"Varsovia ap 17\" src=\"https:\/\/www.imobiliare.ro\/imoexpert\/wp-content\/uploads\/2014\/06\/Varsovia-ap-17.jpg\" width=\"600\" height=\"900\" srcset=\"https:\/\/www.imobiliare.ro\/imoexpert\/wp-content\/uploads\/2014\/06\/Varsovia-ap-17.jpg 600w, https:\/\/www.imobiliare.ro\/imoexpert\/wp-content\/uploads\/2014\/06\/Varsovia-ap-17-200x300.jpg 200w\" sizes=\"auto, (max-width: 600px) 100vw, 600px\" \/><\/a><br \/>\n<a class=\"article-body-links\"href=\"https:\/\/www.imobiliare.ro\/imoexpert\/wp-content\/uploads\/2014\/06\/Varsovia-ap-18.jpg\"><img loading=\"lazy\" decoding=\"async\" class=\"aligncenter size-full wp-image-30552\" alt=\"Varsovia ap 18\" src=\"https:\/\/www.imobiliare.ro\/imoexpert\/wp-content\/uploads\/2014\/06\/Varsovia-ap-18.jpg\" width=\"600\" height=\"900\" srcset=\"https:\/\/www.imobiliare.ro\/imoexpert\/wp-content\/uploads\/2014\/06\/Varsovia-ap-18.jpg 600w, https:\/\/www.imobiliare.ro\/imoexpert\/wp-content\/uploads\/2014\/06\/Varsovia-ap-18-200x300.jpg 200w\" sizes=\"auto, (max-width: 600px) 100vw, 600px\" \/><\/a><br \/>\n<a class=\"article-body-links\"href=\"https:\/\/www.imobiliare.ro\/imoexpert\/wp-content\/uploads\/2014\/06\/Varsovia-ap-19.jpg\"><img loading=\"lazy\" decoding=\"async\" class=\"aligncenter size-full wp-image-30553\" alt=\"Varsovia ap 19\" src=\"https:\/\/www.imobiliare.ro\/imoexpert\/wp-content\/uploads\/2014\/06\/Varsovia-ap-19.jpg\" width=\"600\" height=\"485\" srcset=\"https:\/\/www.imobiliare.ro\/imoexpert\/wp-content\/uploads\/2014\/06\/Varsovia-ap-19.jpg 600w, https:\/\/www.imobiliare.ro\/imoexpert\/wp-content\/uploads\/2014\/06\/Varsovia-ap-19-300x243.jpg 300w\" sizes=\"auto, (max-width: 600px) 100vw, 600px\" \/><\/a><\/p>\n<p><em><strong>Surs\u0103 foto: <a class=\"article-body-links\"href=\"http:\/\/freshome.com\/2014\/06\/11\/minimalist-warsaw-duplex-exhibiting-powerful-character\/\">Freshome.com<\/a><br \/>\nCite\u0219te \u0219i: <a class=\"article-body-links\"href=\"https:\/\/www.imobiliare.ro\/homedeco\/intre-excentric-si-elegant-inspiratie-pentru-un-design-modern-fara-varsta_db\/\">\u00centre excentric \u0219i elegant: inspira\u021bie pentru un design modern, f\u0103r\u0103 v\u00e2rst\u0103<\/a><\/strong><\/em><\/p>\n","protected":false},"excerpt":{"rendered":"<p>Principiul \u201eless is more\u201d (\u201emai pu\u021bin \u00eenseamn\u0103 mai mult\u201d) este una dintre principalele linii directoare ale acestui curent. O ramifica\u021bie a designului contemporan, stilul minimalist poate fi o alegere perfect\u0103 at\u00e2t pentru decorarea unui spa\u021biu redus, c\u00e2t \u0219i pentru a unuia generos. O ilustrare a celei din urm\u0103 situa\u021bii este oferit\u0103 de proprietatea din imagini, [&hellip;]<\/p>\n","protected":false},"author":829,"featured_media":30536,"comment_status":"open","ping_status":"open","sticky":false,"template":"","format":"standard","meta":{"footnotes":""},"categories":[255,259],"tags":[1022,1410,1411],"content_author":[],"class_list":["post-30534","post","type-post","status-publish","format-standard","has-post-thumbnail","hentry","category-home-deco","category-stiri","tag-homedeco","tag-newsletter","tag-principal"],"yoast_head":"<!-- This site is optimized with the Yoast SEO Premium plugin v27.0 (Yoast SEO v27.0) - https:\/\/yoast.com\/product\/yoast-seo-premium-wordpress\/ -->\n<title>\u00cen stil minimalist: inspira\u021bie pentru un decor modern \u0219i elegant - Home &amp; Deco, \u0218tiri - ImoExpert<\/title>\n<meta name=\"description\" content=\"Principiul \u201eless is more\u201d (\u201emai pu\u021bin \u00eenseamn\u0103 mai mult\u201d) este una dintre principalele linii directoare ale acestui curent. O ramifica\u021bie a designului\" \/>\n<meta name=\"robots\" content=\"index, follow\" \/>\n<link rel=\"canonical\" href=\"https:\/\/www.imobiliare.ro\/imoexpert\/in-stil-minimalist-inspiratie-pentru-un-decor-modern-si-elegant_db\/\" \/>\n<meta property=\"og:locale\" content=\"ro_RO\" \/>\n<meta property=\"og:type\" content=\"article\" \/>\n<meta property=\"og:title\" content=\"\u00cen stil minimalist: inspira\u021bie pentru un decor modern \u0219i elegant\" \/>\n<meta property=\"og:description\" content=\"Principiul \u201eless is more\u201d (\u201emai pu\u021bin \u00eenseamn\u0103 mai mult\u201d) este una dintre principalele linii directoare ale acestui curent. O ramifica\u021bie a designului\" \/>\n<meta property=\"og:url\" content=\"https:\/\/www.imobiliare.ro\/imoexpert\/in-stil-minimalist-inspiratie-pentru-un-decor-modern-si-elegant_db\/\" \/>\n<meta property=\"og:site_name\" content=\"ImoExpert\" \/>\n<meta property=\"article:published_time\" content=\"2014-06-23T12:35:59+00:00\" \/>\n<meta property=\"og:image\" content=\"https:\/\/www.imobiliare.ro\/imoexpert\/wp-content\/uploads\/2014\/06\/Varsovia-ap-2.jpg\" \/>\n\t<meta property=\"og:image:width\" content=\"600\" \/>\n\t<meta property=\"og:image:height\" content=\"400\" \/>\n\t<meta property=\"og:image:type\" content=\"image\/jpeg\" \/>\n<meta name=\"author\" content=\"Adriana Dr\u0103gu\u0219in\" \/>\n<meta name=\"twitter:card\" content=\"summary_large_image\" \/>\n<meta name=\"twitter:label1\" content=\"Written by\" \/>\n\t<meta name=\"twitter:data1\" content=\"Adriana Dr\u0103gu\u0219in\" \/>\n\t<meta name=\"twitter:label2\" content=\"Est. reading time\" \/>\n\t<meta name=\"twitter:data2\" content=\"2 minute\" \/>\n<script type=\"application\/ld+json\" class=\"yoast-schema-graph\">{\"@context\":\"https:\/\/schema.org\",\"@graph\":[{\"@type\":\"Article\",\"@id\":\"https:\/\/www.imobiliare.ro\/imoexpert\/in-stil-minimalist-inspiratie-pentru-un-decor-modern-si-elegant_db\/#article\",\"isPartOf\":{\"@id\":\"https:\/\/www.imobiliare.ro\/imoexpert\/in-stil-minimalist-inspiratie-pentru-un-decor-modern-si-elegant_db\/\"},\"author\":{\"name\":\"Adriana Dr\u0103gu\u0219in\",\"@id\":\"https:\/\/www.imobiliare.ro\/imoexpert\/#\/schema\/person\/8c13b0297075010b896471fabf0d7790\"},\"headline\":\"\u00cen stil minimalist: inspira\u021bie pentru un decor modern \u0219i elegant\",\"datePublished\":\"2014-06-23T12:35:59+00:00\",\"mainEntityOfPage\":{\"@id\":\"https:\/\/www.imobiliare.ro\/imoexpert\/in-stil-minimalist-inspiratie-pentru-un-decor-modern-si-elegant_db\/\"},\"wordCount\":362,\"commentCount\":2,\"publisher\":{\"@id\":\"https:\/\/www.imobiliare.ro\/imoexpert\/#organization\"},\"image\":{\"@id\":\"https:\/\/www.imobiliare.ro\/imoexpert\/in-stil-minimalist-inspiratie-pentru-un-decor-modern-si-elegant_db\/#primaryimage\"},\"thumbnailUrl\":\"https:\/\/www.imobiliare.ro\/imoexpert\/wp-content\/uploads\/2014\/06\/Varsovia-ap-2.jpg\",\"keywords\":[\"Home&amp;Deco\",\"newsletter\",\"principal\"],\"articleSection\":[\"Home &amp; Deco\",\"\u0218tiri\"],\"inLanguage\":\"en\",\"potentialAction\":[{\"@type\":\"CommentAction\",\"name\":\"Comment\",\"target\":[\"https:\/\/www.imobiliare.ro\/imoexpert\/in-stil-minimalist-inspiratie-pentru-un-decor-modern-si-elegant_db\/#respond\"]}],\"copyrightYear\":\"2014\",\"copyrightHolder\":{\"@id\":\"https:\/\/www.imobiliare.ro\/imoexpert\/#organization\"}},{\"@type\":\"WebPage\",\"@id\":\"https:\/\/www.imobiliare.ro\/imoexpert\/in-stil-minimalist-inspiratie-pentru-un-decor-modern-si-elegant_db\/\",\"url\":\"https:\/\/www.imobiliare.ro\/imoexpert\/in-stil-minimalist-inspiratie-pentru-un-decor-modern-si-elegant_db\/\",\"name\":\"\u00cen stil minimalist: inspira\u021bie pentru un decor modern \u0219i elegant - Home &amp; Deco, \u0218tiri - ImoExpert\",\"isPartOf\":{\"@id\":\"https:\/\/www.imobiliare.ro\/imoexpert\/#website\"},\"primaryImageOfPage\":{\"@id\":\"https:\/\/www.imobiliare.ro\/imoexpert\/in-stil-minimalist-inspiratie-pentru-un-decor-modern-si-elegant_db\/#primaryimage\"},\"image\":{\"@id\":\"https:\/\/www.imobiliare.ro\/imoexpert\/in-stil-minimalist-inspiratie-pentru-un-decor-modern-si-elegant_db\/#primaryimage\"},\"thumbnailUrl\":\"https:\/\/www.imobiliare.ro\/imoexpert\/wp-content\/uploads\/2014\/06\/Varsovia-ap-2.jpg\",\"datePublished\":\"2014-06-23T12:35:59+00:00\",\"description\":\"Principiul \u201eless is more\u201d (\u201emai pu\u021bin \u00eenseamn\u0103 mai mult\u201d) este una dintre principalele linii directoare ale acestui curent. O ramifica\u021bie a designului\",\"breadcrumb\":{\"@id\":\"https:\/\/www.imobiliare.ro\/imoexpert\/in-stil-minimalist-inspiratie-pentru-un-decor-modern-si-elegant_db\/#breadcrumb\"},\"inLanguage\":\"en\",\"potentialAction\":[{\"@type\":\"ReadAction\",\"target\":[\"https:\/\/www.imobiliare.ro\/imoexpert\/in-stil-minimalist-inspiratie-pentru-un-decor-modern-si-elegant_db\/\"]}]},{\"@type\":\"ImageObject\",\"inLanguage\":\"en\",\"@id\":\"https:\/\/www.imobiliare.ro\/imoexpert\/in-stil-minimalist-inspiratie-pentru-un-decor-modern-si-elegant_db\/#primaryimage\",\"url\":\"https:\/\/www.imobiliare.ro\/imoexpert\/wp-content\/uploads\/2014\/06\/Varsovia-ap-2.jpg\",\"contentUrl\":\"https:\/\/www.imobiliare.ro\/imoexpert\/wp-content\/uploads\/2014\/06\/Varsovia-ap-2.jpg\",\"width\":600,\"height\":400},{\"@type\":\"BreadcrumbList\",\"@id\":\"https:\/\/www.imobiliare.ro\/imoexpert\/in-stil-minimalist-inspiratie-pentru-un-decor-modern-si-elegant_db\/#breadcrumb\",\"itemListElement\":[{\"@type\":\"ListItem\",\"position\":1,\"name\":\"Imoradar24\",\"item\":\"https:\/\/www.imoradar24.ro\"},{\"@type\":\"ListItem\",\"position\":2,\"name\":\"ImoExpert\",\"item\":\"https:\/\/www.imobiliare.ro\/imoexpert\/\"},{\"@type\":\"ListItem\",\"position\":3,\"name\":\"Sfaturi\",\"item\":\"https:\/\/www.imobiliare.ro\/imoexpert\/ghid-imobiliar\/\"},{\"@type\":\"ListItem\",\"position\":4,\"name\":\"Home &amp; Deco\",\"item\":\"https:\/\/www.imobiliare.ro\/imoexpert\/ghid-imobiliar\/home-deco\/\"},{\"@type\":\"ListItem\",\"position\":5,\"name\":\"\u00cen stil minimalist: inspira\u021bie pentru un decor modern \u0219i elegant\"}]},{\"@type\":\"WebSite\",\"@id\":\"https:\/\/www.imobiliare.ro\/imoexpert\/#website\",\"url\":\"https:\/\/www.imobiliare.ro\/imoexpert\/\",\"name\":\"ImoExpert\",\"description\":\"cele mai importante \u015ftiri din domeniul imobiliar\",\"publisher\":{\"@id\":\"https:\/\/www.imobiliare.ro\/imoexpert\/#organization\"},\"inLanguage\":\"en\"},{\"@type\":\"Organization\",\"@id\":\"https:\/\/www.imobiliare.ro\/imoexpert\/#organization\",\"name\":\"Imobiliare.ro\",\"alternateName\":\"Realmedia Network SA\",\"url\":\"https:\/\/www.imobiliare.ro\/imoexpert\/\",\"logo\":{\"@type\":\"ImageObject\",\"inLanguage\":\"en\",\"@id\":\"https:\/\/www.imobiliare.ro\/imoexpert\/#\/schema\/logo\/image\/\",\"url\":\"https:\/\/www.imobiliare.ro\/imoexpert\/wp-content\/uploads\/2025\/05\/imobiliare_logo.png\",\"contentUrl\":\"https:\/\/www.imobiliare.ro\/imoexpert\/wp-content\/uploads\/2025\/05\/imobiliare_logo.png\",\"width\":237,\"height\":29,\"caption\":\"Imobiliare.ro\"},\"image\":{\"@id\":\"https:\/\/www.imobiliare.ro\/imoexpert\/#\/schema\/logo\/image\/\"}},{\"@type\":\"Person\",\"@id\":\"https:\/\/www.imobiliare.ro\/imoexpert\/#\/schema\/person\/8c13b0297075010b896471fabf0d7790\",\"name\":\"Adriana Dr\u0103gu\u0219in\",\"image\":{\"@type\":\"ImageObject\",\"inLanguage\":\"en\",\"@id\":\"https:\/\/www.imobiliare.ro\/imoexpert\/#\/schema\/person\/image\/\",\"url\":\"https:\/\/secure.gravatar.com\/avatar\/ba4762f7517e50e679ed7f11207102d1150120f2f5800c0da98f8a15305bf514?s=96&d=mm&r=g\",\"contentUrl\":\"https:\/\/secure.gravatar.com\/avatar\/ba4762f7517e50e679ed7f11207102d1150120f2f5800c0da98f8a15305bf514?s=96&d=mm&r=g\",\"caption\":\"Adriana Dr\u0103gu\u0219in\"},\"jobTitle\":\"Editor\",\"url\":\"https:\/\/www.imobiliare.ro\/imoexpert\/author\/adriana-dragusin\/\"}]}<\/script>\n<!-- \/ Yoast SEO Premium plugin. -->","yoast_head_json":{"title":"\u00cen stil minimalist: inspira\u021bie pentru un decor modern \u0219i elegant - Home &amp; Deco, \u0218tiri - ImoExpert","description":"Principiul \u201eless is more\u201d (\u201emai pu\u021bin \u00eenseamn\u0103 mai mult\u201d) este una dintre principalele linii directoare ale acestui curent. O ramifica\u021bie a designului","robots":{"index":"index","follow":"follow"},"canonical":"https:\/\/www.imobiliare.ro\/imoexpert\/in-stil-minimalist-inspiratie-pentru-un-decor-modern-si-elegant_db\/","og_locale":"ro_RO","og_type":"article","og_title":"\u00cen stil minimalist: inspira\u021bie pentru un decor modern \u0219i elegant","og_description":"Principiul \u201eless is more\u201d (\u201emai pu\u021bin \u00eenseamn\u0103 mai mult\u201d) este una dintre principalele linii directoare ale acestui curent. O ramifica\u021bie a designului","og_url":"https:\/\/www.imobiliare.ro\/imoexpert\/in-stil-minimalist-inspiratie-pentru-un-decor-modern-si-elegant_db\/","og_site_name":"ImoExpert","article_published_time":"2014-06-23T12:35:59+00:00","og_image":[{"width":600,"height":400,"url":"https:\/\/www.imobiliare.ro\/imoexpert\/wp-content\/uploads\/2014\/06\/Varsovia-ap-2.jpg","type":"image\/jpeg"}],"author":"Adriana Dr\u0103gu\u0219in","twitter_card":"summary_large_image","twitter_misc":{"Written by":"Adriana Dr\u0103gu\u0219in","Est. reading time":"2 minute"},"schema":{"@context":"https:\/\/schema.org","@graph":[{"@type":"Article","@id":"https:\/\/www.imobiliare.ro\/imoexpert\/in-stil-minimalist-inspiratie-pentru-un-decor-modern-si-elegant_db\/#article","isPartOf":{"@id":"https:\/\/www.imobiliare.ro\/imoexpert\/in-stil-minimalist-inspiratie-pentru-un-decor-modern-si-elegant_db\/"},"author":{"name":"Adriana Dr\u0103gu\u0219in","@id":"https:\/\/www.imobiliare.ro\/imoexpert\/#\/schema\/person\/8c13b0297075010b896471fabf0d7790"},"headline":"\u00cen stil minimalist: inspira\u021bie pentru un decor modern \u0219i elegant","datePublished":"2014-06-23T12:35:59+00:00","mainEntityOfPage":{"@id":"https:\/\/www.imobiliare.ro\/imoexpert\/in-stil-minimalist-inspiratie-pentru-un-decor-modern-si-elegant_db\/"},"wordCount":362,"commentCount":2,"publisher":{"@id":"https:\/\/www.imobiliare.ro\/imoexpert\/#organization"},"image":{"@id":"https:\/\/www.imobiliare.ro\/imoexpert\/in-stil-minimalist-inspiratie-pentru-un-decor-modern-si-elegant_db\/#primaryimage"},"thumbnailUrl":"https:\/\/www.imobiliare.ro\/imoexpert\/wp-content\/uploads\/2014\/06\/Varsovia-ap-2.jpg","keywords":["Home&amp;Deco","newsletter","principal"],"articleSection":["Home &amp; Deco","\u0218tiri"],"inLanguage":"en","potentialAction":[{"@type":"CommentAction","name":"Comment","target":["https:\/\/www.imobiliare.ro\/imoexpert\/in-stil-minimalist-inspiratie-pentru-un-decor-modern-si-elegant_db\/#respond"]}],"copyrightYear":"2014","copyrightHolder":{"@id":"https:\/\/www.imobiliare.ro\/imoexpert\/#organization"}},{"@type":"WebPage","@id":"https:\/\/www.imobiliare.ro\/imoexpert\/in-stil-minimalist-inspiratie-pentru-un-decor-modern-si-elegant_db\/","url":"https:\/\/www.imobiliare.ro\/imoexpert\/in-stil-minimalist-inspiratie-pentru-un-decor-modern-si-elegant_db\/","name":"\u00cen stil minimalist: inspira\u021bie pentru un decor modern \u0219i elegant - Home &amp; Deco, \u0218tiri - ImoExpert","isPartOf":{"@id":"https:\/\/www.imobiliare.ro\/imoexpert\/#website"},"primaryImageOfPage":{"@id":"https:\/\/www.imobiliare.ro\/imoexpert\/in-stil-minimalist-inspiratie-pentru-un-decor-modern-si-elegant_db\/#primaryimage"},"image":{"@id":"https:\/\/www.imobiliare.ro\/imoexpert\/in-stil-minimalist-inspiratie-pentru-un-decor-modern-si-elegant_db\/#primaryimage"},"thumbnailUrl":"https:\/\/www.imobiliare.ro\/imoexpert\/wp-content\/uploads\/2014\/06\/Varsovia-ap-2.jpg","datePublished":"2014-06-23T12:35:59+00:00","description":"Principiul \u201eless is more\u201d (\u201emai pu\u021bin \u00eenseamn\u0103 mai mult\u201d) este una dintre principalele linii directoare ale acestui curent. O ramifica\u021bie a designului","breadcrumb":{"@id":"https:\/\/www.imobiliare.ro\/imoexpert\/in-stil-minimalist-inspiratie-pentru-un-decor-modern-si-elegant_db\/#breadcrumb"},"inLanguage":"en","potentialAction":[{"@type":"ReadAction","target":["https:\/\/www.imobiliare.ro\/imoexpert\/in-stil-minimalist-inspiratie-pentru-un-decor-modern-si-elegant_db\/"]}]},{"@type":"ImageObject","inLanguage":"en","@id":"https:\/\/www.imobiliare.ro\/imoexpert\/in-stil-minimalist-inspiratie-pentru-un-decor-modern-si-elegant_db\/#primaryimage","url":"https:\/\/www.imobiliare.ro\/imoexpert\/wp-content\/uploads\/2014\/06\/Varsovia-ap-2.jpg","contentUrl":"https:\/\/www.imobiliare.ro\/imoexpert\/wp-content\/uploads\/2014\/06\/Varsovia-ap-2.jpg","width":600,"height":400},{"@type":"BreadcrumbList","@id":"https:\/\/www.imobiliare.ro\/imoexpert\/in-stil-minimalist-inspiratie-pentru-un-decor-modern-si-elegant_db\/#breadcrumb","itemListElement":[{"@type":"ListItem","position":1,"name":"Imoradar24","item":"https:\/\/www.imoradar24.ro"},{"@type":"ListItem","position":2,"name":"ImoExpert","item":"https:\/\/www.imobiliare.ro\/imoexpert\/"},{"@type":"ListItem","position":3,"name":"Sfaturi","item":"https:\/\/www.imobiliare.ro\/imoexpert\/ghid-imobiliar\/"},{"@type":"ListItem","position":4,"name":"Home &amp; Deco","item":"https:\/\/www.imobiliare.ro\/imoexpert\/ghid-imobiliar\/home-deco\/"},{"@type":"ListItem","position":5,"name":"\u00cen stil minimalist: inspira\u021bie pentru un decor modern \u0219i elegant"}]},{"@type":"WebSite","@id":"https:\/\/www.imobiliare.ro\/imoexpert\/#website","url":"https:\/\/www.imobiliare.ro\/imoexpert\/","name":"ImoExpert","description":"cele mai importante \u015ftiri din domeniul imobiliar","publisher":{"@id":"https:\/\/www.imobiliare.ro\/imoexpert\/#organization"},"inLanguage":"en"},{"@type":"Organization","@id":"https:\/\/www.imobiliare.ro\/imoexpert\/#organization","name":"Imobiliare.ro","alternateName":"Realmedia Network SA","url":"https:\/\/www.imobiliare.ro\/imoexpert\/","logo":{"@type":"ImageObject","inLanguage":"en","@id":"https:\/\/www.imobiliare.ro\/imoexpert\/#\/schema\/logo\/image\/","url":"https:\/\/www.imobiliare.ro\/imoexpert\/wp-content\/uploads\/2025\/05\/imobiliare_logo.png","contentUrl":"https:\/\/www.imobiliare.ro\/imoexpert\/wp-content\/uploads\/2025\/05\/imobiliare_logo.png","width":237,"height":29,"caption":"Imobiliare.ro"},"image":{"@id":"https:\/\/www.imobiliare.ro\/imoexpert\/#\/schema\/logo\/image\/"}},{"@type":"Person","@id":"https:\/\/www.imobiliare.ro\/imoexpert\/#\/schema\/person\/8c13b0297075010b896471fabf0d7790","name":"Adriana Dr\u0103gu\u0219in","image":{"@type":"ImageObject","inLanguage":"en","@id":"https:\/\/www.imobiliare.ro\/imoexpert\/#\/schema\/person\/image\/","url":"https:\/\/secure.gravatar.com\/avatar\/ba4762f7517e50e679ed7f11207102d1150120f2f5800c0da98f8a15305bf514?s=96&d=mm&r=g","contentUrl":"https:\/\/secure.gravatar.com\/avatar\/ba4762f7517e50e679ed7f11207102d1150120f2f5800c0da98f8a15305bf514?s=96&d=mm&r=g","caption":"Adriana Dr\u0103gu\u0219in"},"jobTitle":"Editor","url":"https:\/\/www.imobiliare.ro\/imoexpert\/author\/adriana-dragusin\/"}]}},"_links":{"self":[{"href":"https:\/\/www.imobiliare.ro\/imoexpert\/wp-json\/wp\/v2\/posts\/30534","targetHints":{"allow":["GET"]}}],"collection":[{"href":"https:\/\/www.imobiliare.ro\/imoexpert\/wp-json\/wp\/v2\/posts"}],"about":[{"href":"https:\/\/www.imobiliare.ro\/imoexpert\/wp-json\/wp\/v2\/types\/post"}],"author":[{"embeddable":true,"href":"https:\/\/www.imobiliare.ro\/imoexpert\/wp-json\/wp\/v2\/users\/829"}],"replies":[{"embeddable":true,"href":"https:\/\/www.imobiliare.ro\/imoexpert\/wp-json\/wp\/v2\/comments?post=30534"}],"version-history":[{"count":0,"href":"https:\/\/www.imobiliare.ro\/imoexpert\/wp-json\/wp\/v2\/posts\/30534\/revisions"}],"wp:featuredmedia":[{"embeddable":true,"href":"https:\/\/www.imobiliare.ro\/imoexpert\/wp-json\/wp\/v2\/media\/30536"}],"wp:attachment":[{"href":"https:\/\/www.imobiliare.ro\/imoexpert\/wp-json\/wp\/v2\/media?parent=30534"}],"wp:term":[{"taxonomy":"category","embeddable":true,"href":"https:\/\/www.imobiliare.ro\/imoexpert\/wp-json\/wp\/v2\/categories?post=30534"},{"taxonomy":"post_tag","embeddable":true,"href":"https:\/\/www.imobiliare.ro\/imoexpert\/wp-json\/wp\/v2\/tags?post=30534"},{"taxonomy":"content_author","embeddable":true,"href":"https:\/\/www.imobiliare.ro\/imoexpert\/wp-json\/wp\/v2\/content_author?post=30534"}],"curies":[{"name":"wp","href":"https:\/\/api.w.org\/{rel}","templated":true}]}}