{"id":30756,"date":"2014-07-07T15:12:01","date_gmt":"2014-07-07T12:12:01","guid":{"rendered":"https:\/\/www.imobiliare.ro\/?p=30756"},"modified":"2014-07-07T15:12:01","modified_gmt":"2014-07-07T12:12:01","slug":"viata-intr-o-garsoniera-stil-si-functionalitate-la-feminin","status":"publish","type":"post","link":"https:\/\/www.imobiliare.ro\/imoexpert\/viata-intr-o-garsoniera-stil-si-functionalitate-la-feminin_db\/","title":{"rendered":"Via\u021ba \u00eentr-o garsonier\u0103: stil \u0219i func\u021bionalitate, la feminin"},"content":{"rendered":"<p><strong>\u00centr-un apartament de tip studio, este important s\u0103 delimitezi zone distincte pentru diverse activit\u0103\u021bi, chiar dac\u0103 toate se afl\u0103 \u00een aceea\u0219i camer\u0103.<\/strong><\/p>\n<p>Spa\u021biile locative mici nu sunt o problem\u0103 doar pentru rom\u00e2ni. \u0218i locuitorii unor mari metropole ale lumii se confrunt\u0103 cu aceast\u0103 situa\u021bie, din cauza densit\u0103\u021bii mari a popula\u021biei, coroborat\u0103 cu pre\u021burile \u0219i chiriile prohibitive ale locuin\u021belor. Cu un design potrivit \u00eens\u0103, chiar \u0219i o locuin\u021b\u0103 de mici dimensiuni poate fi transformat\u0103 \u00eentr-un spa\u021biu c\u00e2t se poate de pl\u0103cut. Acesta este \u0219i cazul garsonierei din imagini, prezentat\u0103 pe <strong><a class=\"article-body-links\"href=\"http:\/\/freshome.com\/\">Freshome.com<\/a><\/strong>:<\/p>\n<p><a class=\"article-body-links\"href=\"https:\/\/www.imobiliare.ro\/imoexpert\/wp-content\/uploads\/2014\/07\/garsoniera-feminina-1.jpg\"><img loading=\"lazy\" decoding=\"async\" src=\"https:\/\/www.imobiliare.ro\/imoexpert\/wp-content\/uploads\/2014\/07\/garsoniera-feminina-1.jpg\" alt=\"garsoniera feminina 1\" width=\"600\" height=\"434\" class=\"aligncenter size-full wp-image-30757\" srcset=\"https:\/\/www.imobiliare.ro\/imoexpert\/wp-content\/uploads\/2014\/07\/garsoniera-feminina-1.jpg 600w, https:\/\/www.imobiliare.ro\/imoexpert\/wp-content\/uploads\/2014\/07\/garsoniera-feminina-1-300x217.jpg 300w\" sizes=\"auto, (max-width: 600px) 100vw, 600px\" \/><\/a><\/p>\n<p>Situat\u0103 \u00een zona de vest a cartierului new-yorkez Manhattan, locuin\u021ba a fost amenajat\u0103 special pentru o femeie, de c\u0103tre designerii Lindsay Boswell \u0219i Ali Levin, de la LABLstudio. Prin urmare, decorul \u00eendepline\u0219te at\u00e2t criteriul func\u021bionalit\u0103\u021bii, c\u00e2t \u0219i pe cel estetic. \u201e\u00cen apartamentele de tip studio, este important s\u0103 te asiguri c\u0103 delimitezi zone distincte pentru dormit, petrecerea timpului liber \u0219i distrac\u021bie, chiar dac\u0103 toate se afl\u0103 \u00een aceea\u0219i camer\u0103. Ori de c\u00e2te ori este posibil, ne place s\u0103 ne asigur\u0103m c\u0103 exist\u0103 o zon\u0103 de living (cu o canapea, o mas\u0103 lateral\u0103, o m\u0103su\u021b\u0103 de cafea), ca \u0219i un loc unde s\u0103 po\u021bi sta, m\u00e2nca sau lucra\u201d, noteaz\u0103 autorii proiectului. <\/p>\n<p><a class=\"article-body-links\"href=\"https:\/\/www.imobiliare.ro\/imoexpert\/wp-content\/uploads\/2014\/07\/garsoniera-feminina-2.jpg\"><img loading=\"lazy\" decoding=\"async\" src=\"https:\/\/www.imobiliare.ro\/imoexpert\/wp-content\/uploads\/2014\/07\/garsoniera-feminina-2.jpg\" alt=\"garsoniera feminina 2\" width=\"600\" height=\"763\" class=\"aligncenter size-full wp-image-30758\" srcset=\"https:\/\/www.imobiliare.ro\/imoexpert\/wp-content\/uploads\/2014\/07\/garsoniera-feminina-2.jpg 600w, https:\/\/www.imobiliare.ro\/imoexpert\/wp-content\/uploads\/2014\/07\/garsoniera-feminina-2-236x300.jpg 236w\" sizes=\"auto, (max-width: 600px) 100vw, 600px\" \/><\/a><\/p>\n<p>\u00cen conformitate cu tendin\u021bele momentului, pentru decorarea acestei garsoniere designerii apeleaz\u0103, pe plan cromatic, la o combina\u021bie de alb cu nuan\u021be ale p\u0103m\u00e2ntului \u2013 tonuri de gri, maro \u0219i crem; rezultatul este un ambient luminos, menit s\u0103 amplifice senza\u021bia de spa\u021biu, dar \u0219i confortabil \u0219i relaxant, datorit\u0103 \u00eenclina\u021biei spre natural. Inserarea unor accente de culoare ca violet, lila, albastru sau turcoaz, dinamizeaz\u0103 decorul \u0219i \u00eei confer\u0103 personalitate; predominan\u021ba culorilor calde nu este deloc \u00eent\u00e2mpl\u0103toare.<\/p>\n<p><a class=\"article-body-links\"href=\"https:\/\/www.imobiliare.ro\/imoexpert\/wp-content\/uploads\/2014\/07\/garsoniera-feminina-3.jpg\"><img loading=\"lazy\" decoding=\"async\" src=\"https:\/\/www.imobiliare.ro\/imoexpert\/wp-content\/uploads\/2014\/07\/garsoniera-feminina-3.jpg\" alt=\"garsoniera feminina 3\" width=\"600\" height=\"763\" class=\"aligncenter size-full wp-image-30759\" srcset=\"https:\/\/www.imobiliare.ro\/imoexpert\/wp-content\/uploads\/2014\/07\/garsoniera-feminina-3.jpg 600w, https:\/\/www.imobiliare.ro\/imoexpert\/wp-content\/uploads\/2014\/07\/garsoniera-feminina-3-236x300.jpg 236w\" sizes=\"auto, (max-width: 600px) 100vw, 600px\" \/><\/a><br \/>\n<a class=\"article-body-links\"href=\"https:\/\/www.imobiliare.ro\/imoexpert\/wp-content\/uploads\/2014\/07\/garsoniera-feminina-4.jpg\"><img loading=\"lazy\" decoding=\"async\" src=\"https:\/\/www.imobiliare.ro\/imoexpert\/wp-content\/uploads\/2014\/07\/garsoniera-feminina-4.jpg\" alt=\"garsoniera feminina 4\" width=\"600\" height=\"434\" class=\"aligncenter size-full wp-image-30760\" srcset=\"https:\/\/www.imobiliare.ro\/imoexpert\/wp-content\/uploads\/2014\/07\/garsoniera-feminina-4.jpg 600w, https:\/\/www.imobiliare.ro\/imoexpert\/wp-content\/uploads\/2014\/07\/garsoniera-feminina-4-300x217.jpg 300w\" sizes=\"auto, (max-width: 600px) 100vw, 600px\" \/><\/a><br \/>\n<a class=\"article-body-links\"href=\"https:\/\/www.imobiliare.ro\/imoexpert\/wp-content\/uploads\/2014\/07\/garsoniera-feminina-5.jpg\"><img loading=\"lazy\" decoding=\"async\" src=\"https:\/\/www.imobiliare.ro\/imoexpert\/wp-content\/uploads\/2014\/07\/garsoniera-feminina-5.jpg\" alt=\"garsoniera feminina 5\" width=\"600\" height=\"434\" class=\"aligncenter size-full wp-image-30761\" srcset=\"https:\/\/www.imobiliare.ro\/imoexpert\/wp-content\/uploads\/2014\/07\/garsoniera-feminina-5.jpg 600w, https:\/\/www.imobiliare.ro\/imoexpert\/wp-content\/uploads\/2014\/07\/garsoniera-feminina-5-300x217.jpg 300w\" sizes=\"auto, (max-width: 600px) 100vw, 600px\" \/><\/a><br \/>\n<a class=\"article-body-links\"href=\"https:\/\/www.imobiliare.ro\/imoexpert\/wp-content\/uploads\/2014\/07\/garsoniera-feminina-6.jpg\"><img loading=\"lazy\" decoding=\"async\" src=\"https:\/\/www.imobiliare.ro\/imoexpert\/wp-content\/uploads\/2014\/07\/garsoniera-feminina-6.jpg\" alt=\"garsoniera feminina 6\" width=\"600\" height=\"763\" class=\"aligncenter size-full wp-image-30762\" srcset=\"https:\/\/www.imobiliare.ro\/imoexpert\/wp-content\/uploads\/2014\/07\/garsoniera-feminina-6.jpg 600w, https:\/\/www.imobiliare.ro\/imoexpert\/wp-content\/uploads\/2014\/07\/garsoniera-feminina-6-236x300.jpg 236w\" sizes=\"auto, (max-width: 600px) 100vw, 600px\" \/><\/a><\/p>\n<p>Spa\u021biul este personalizat, desigur, \u0219i cu ajutorul decora\u021biunilor. Al\u0103turi de accentele (c\u00e2nd puternice, c\u00e2nd estompate) de culoare, florile \u0219i motivele florale dau un aer feminin locuin\u021bei, la fel ca \u0219i preferin\u021ba pentru textile \u2013 de la pernu\u021bele multicolore \u00eempr\u0103\u0219tiate pe canapea \u0219i pe pat, p\u00e2n\u0103 la micul taburet \u201e\u00eembr\u0103cat\u201d \u00eentr-un material ce aminte\u0219te de l\u00e2na de oaie. <\/p>\n<p><a class=\"article-body-links\"href=\"https:\/\/www.imobiliare.ro\/imoexpert\/wp-content\/uploads\/2014\/07\/garsoniera-feminina-7.jpg\"><img loading=\"lazy\" decoding=\"async\" src=\"https:\/\/www.imobiliare.ro\/imoexpert\/wp-content\/uploads\/2014\/07\/garsoniera-feminina-7.jpg\" alt=\"garsoniera feminina 7\" width=\"600\" height=\"763\" class=\"aligncenter size-full wp-image-30763\" srcset=\"https:\/\/www.imobiliare.ro\/imoexpert\/wp-content\/uploads\/2014\/07\/garsoniera-feminina-7.jpg 600w, https:\/\/www.imobiliare.ro\/imoexpert\/wp-content\/uploads\/2014\/07\/garsoniera-feminina-7-236x300.jpg 236w\" sizes=\"auto, (max-width: 600px) 100vw, 600px\" \/><\/a><br \/>\n<a class=\"article-body-links\"href=\"https:\/\/www.imobiliare.ro\/imoexpert\/wp-content\/uploads\/2014\/07\/garsoniera-feminina-8.jpg\"><img loading=\"lazy\" decoding=\"async\" src=\"https:\/\/www.imobiliare.ro\/imoexpert\/wp-content\/uploads\/2014\/07\/garsoniera-feminina-8.jpg\" alt=\"garsoniera feminina 8\" width=\"600\" height=\"763\" class=\"aligncenter size-full wp-image-30764\" srcset=\"https:\/\/www.imobiliare.ro\/imoexpert\/wp-content\/uploads\/2014\/07\/garsoniera-feminina-8.jpg 600w, https:\/\/www.imobiliare.ro\/imoexpert\/wp-content\/uploads\/2014\/07\/garsoniera-feminina-8-236x300.jpg 236w\" sizes=\"auto, (max-width: 600px) 100vw, 600px\" \/><\/a><br \/>\n<a class=\"article-body-links\"href=\"https:\/\/www.imobiliare.ro\/imoexpert\/wp-content\/uploads\/2014\/07\/garsoniera-feminina-9.jpg\"><img loading=\"lazy\" decoding=\"async\" src=\"https:\/\/www.imobiliare.ro\/imoexpert\/wp-content\/uploads\/2014\/07\/garsoniera-feminina-9.jpg\" alt=\"garsoniera feminina 9\" width=\"600\" height=\"434\" class=\"aligncenter size-full wp-image-30765\" srcset=\"https:\/\/www.imobiliare.ro\/imoexpert\/wp-content\/uploads\/2014\/07\/garsoniera-feminina-9.jpg 600w, https:\/\/www.imobiliare.ro\/imoexpert\/wp-content\/uploads\/2014\/07\/garsoniera-feminina-9-300x217.jpg 300w\" sizes=\"auto, (max-width: 600px) 100vw, 600px\" \/><\/a><br \/>\n<a class=\"article-body-links\"href=\"https:\/\/www.imobiliare.ro\/imoexpert\/wp-content\/uploads\/2014\/07\/garsoniera-feminina-10.jpg\"><img loading=\"lazy\" decoding=\"async\" src=\"https:\/\/www.imobiliare.ro\/imoexpert\/wp-content\/uploads\/2014\/07\/garsoniera-feminina-10.jpg\" alt=\"garsoniera feminina 10\" width=\"600\" height=\"763\" class=\"aligncenter size-full wp-image-30766\" srcset=\"https:\/\/www.imobiliare.ro\/imoexpert\/wp-content\/uploads\/2014\/07\/garsoniera-feminina-10.jpg 600w, https:\/\/www.imobiliare.ro\/imoexpert\/wp-content\/uploads\/2014\/07\/garsoniera-feminina-10-236x300.jpg 236w\" sizes=\"auto, (max-width: 600px) 100vw, 600px\" \/><\/a><\/p>\n<p><em><strong>Surs\u0103 foto: <a class=\"article-body-links\"href=\"http:\/\/freshome.com\/2014\/07\/03\/energizing-and-feminine-small-studio-apartment-in-manhattan\/\">Freshome.com<\/a><br \/>\nCite\u0219te \u0219i: <a class=\"article-body-links\"href=\"https:\/\/www.imobiliare.ro\/homedeco\/foloseste-la-maximum-spatiile-mici-o-viata-confortabila-in-doar-18-metri-patrati_db\/\">Folose\u0219te la maximum spa\u021biile mici! O via\u021b\u0103 confortabil\u0103 \u00een doar 18 metri p\u0103tra\u021bi<\/a><\/strong><\/em><\/p>\n","protected":false},"excerpt":{"rendered":"<p>\u00centr-un apartament de tip studio, este important s\u0103 delimitezi zone distincte pentru diverse activit\u0103\u021bi, chiar dac\u0103 toate se afl\u0103 \u00een aceea\u0219i camer\u0103. Spa\u021biile locative mici nu sunt o problem\u0103 doar pentru rom\u00e2ni. \u0218i locuitorii unor mari metropole ale lumii se confrunt\u0103 cu aceast\u0103 situa\u021bie, din cauza densit\u0103\u021bii mari a popula\u021biei, coroborat\u0103 cu pre\u021burile \u0219i chiriile [&hellip;]<\/p>\n","protected":false},"author":829,"featured_media":30757,"comment_status":"open","ping_status":"open","sticky":false,"template":"","format":"standard","meta":{"footnotes":""},"categories":[255,259],"tags":[1022,1410,1411],"content_author":[],"class_list":["post-30756","post","type-post","status-publish","format-standard","has-post-thumbnail","hentry","category-home-deco","category-stiri","tag-homedeco","tag-newsletter","tag-principal"],"yoast_head":"<!-- This site is optimized with the Yoast SEO Premium plugin v27.0 (Yoast SEO v27.0) - https:\/\/yoast.com\/product\/yoast-seo-premium-wordpress\/ -->\n<title>Via\u021ba \u00eentr-o garsonier\u0103: stil \u0219i func\u021bionalitate, la feminin - Home &amp; Deco, \u0218tiri - ImoExpert<\/title>\n<meta name=\"description\" content=\"\u00centr-un apartament de tip studio, este important s\u0103 delimitezi zone distincte pentru diverse activit\u0103\u021bi, chiar dac\u0103 toate se afl\u0103 \u00een aceea\u0219i camer\u0103.\" \/>\n<meta name=\"robots\" content=\"index, follow\" \/>\n<link rel=\"canonical\" href=\"https:\/\/www.imobiliare.ro\/imoexpert\/viata-intr-o-garsoniera-stil-si-functionalitate-la-feminin_db\/\" \/>\n<meta property=\"og:locale\" content=\"ro_RO\" \/>\n<meta property=\"og:type\" content=\"article\" \/>\n<meta property=\"og:title\" content=\"Via\u021ba \u00eentr-o garsonier\u0103: stil \u0219i func\u021bionalitate, la feminin\" \/>\n<meta property=\"og:description\" content=\"\u00centr-un apartament de tip studio, este important s\u0103 delimitezi zone distincte pentru diverse activit\u0103\u021bi, chiar dac\u0103 toate se afl\u0103 \u00een aceea\u0219i camer\u0103.\" \/>\n<meta property=\"og:url\" content=\"https:\/\/www.imobiliare.ro\/imoexpert\/viata-intr-o-garsoniera-stil-si-functionalitate-la-feminin_db\/\" \/>\n<meta property=\"og:site_name\" content=\"ImoExpert\" \/>\n<meta property=\"article:published_time\" content=\"2014-07-07T12:12:01+00:00\" \/>\n<meta property=\"og:image\" content=\"https:\/\/www.imobiliare.ro\/imoexpert\/wp-content\/uploads\/2014\/07\/garsoniera-feminina-1.jpg\" \/>\n\t<meta property=\"og:image:width\" content=\"600\" \/>\n\t<meta property=\"og:image:height\" content=\"434\" \/>\n\t<meta property=\"og:image:type\" content=\"image\/jpeg\" \/>\n<meta name=\"author\" content=\"Adriana Dr\u0103gu\u0219in\" \/>\n<meta name=\"twitter:card\" content=\"summary_large_image\" \/>\n<meta name=\"twitter:label1\" content=\"Written by\" \/>\n\t<meta name=\"twitter:data1\" content=\"Adriana Dr\u0103gu\u0219in\" \/>\n\t<meta name=\"twitter:label2\" content=\"Est. reading time\" \/>\n\t<meta name=\"twitter:data2\" content=\"2 minute\" \/>\n<script type=\"application\/ld+json\" class=\"yoast-schema-graph\">{\"@context\":\"https:\/\/schema.org\",\"@graph\":[{\"@type\":\"Article\",\"@id\":\"https:\/\/www.imobiliare.ro\/imoexpert\/viata-intr-o-garsoniera-stil-si-functionalitate-la-feminin_db\/#article\",\"isPartOf\":{\"@id\":\"https:\/\/www.imobiliare.ro\/imoexpert\/viata-intr-o-garsoniera-stil-si-functionalitate-la-feminin_db\/\"},\"author\":{\"name\":\"Adriana Dr\u0103gu\u0219in\",\"@id\":\"https:\/\/www.imobiliare.ro\/imoexpert\/#\/schema\/person\/8c13b0297075010b896471fabf0d7790\"},\"headline\":\"Via\u021ba \u00eentr-o garsonier\u0103: stil \u0219i func\u021bionalitate, la feminin\",\"datePublished\":\"2014-07-07T12:12:01+00:00\",\"mainEntityOfPage\":{\"@id\":\"https:\/\/www.imobiliare.ro\/imoexpert\/viata-intr-o-garsoniera-stil-si-functionalitate-la-feminin_db\/\"},\"wordCount\":413,\"commentCount\":3,\"publisher\":{\"@id\":\"https:\/\/www.imobiliare.ro\/imoexpert\/#organization\"},\"image\":{\"@id\":\"https:\/\/www.imobiliare.ro\/imoexpert\/viata-intr-o-garsoniera-stil-si-functionalitate-la-feminin_db\/#primaryimage\"},\"thumbnailUrl\":\"https:\/\/www.imobiliare.ro\/imoexpert\/wp-content\/uploads\/2014\/07\/garsoniera-feminina-1.jpg\",\"keywords\":[\"Home&amp;Deco\",\"newsletter\",\"principal\"],\"articleSection\":[\"Home &amp; Deco\",\"\u0218tiri\"],\"inLanguage\":\"en\",\"potentialAction\":[{\"@type\":\"CommentAction\",\"name\":\"Comment\",\"target\":[\"https:\/\/www.imobiliare.ro\/imoexpert\/viata-intr-o-garsoniera-stil-si-functionalitate-la-feminin_db\/#respond\"]}],\"copyrightYear\":\"2014\",\"copyrightHolder\":{\"@id\":\"https:\/\/www.imobiliare.ro\/imoexpert\/#organization\"}},{\"@type\":\"WebPage\",\"@id\":\"https:\/\/www.imobiliare.ro\/imoexpert\/viata-intr-o-garsoniera-stil-si-functionalitate-la-feminin_db\/\",\"url\":\"https:\/\/www.imobiliare.ro\/imoexpert\/viata-intr-o-garsoniera-stil-si-functionalitate-la-feminin_db\/\",\"name\":\"Via\u021ba \u00eentr-o garsonier\u0103: stil \u0219i func\u021bionalitate, la feminin - Home &amp; Deco, \u0218tiri - ImoExpert\",\"isPartOf\":{\"@id\":\"https:\/\/www.imobiliare.ro\/imoexpert\/#website\"},\"primaryImageOfPage\":{\"@id\":\"https:\/\/www.imobiliare.ro\/imoexpert\/viata-intr-o-garsoniera-stil-si-functionalitate-la-feminin_db\/#primaryimage\"},\"image\":{\"@id\":\"https:\/\/www.imobiliare.ro\/imoexpert\/viata-intr-o-garsoniera-stil-si-functionalitate-la-feminin_db\/#primaryimage\"},\"thumbnailUrl\":\"https:\/\/www.imobiliare.ro\/imoexpert\/wp-content\/uploads\/2014\/07\/garsoniera-feminina-1.jpg\",\"datePublished\":\"2014-07-07T12:12:01+00:00\",\"description\":\"\u00centr-un apartament de tip studio, este important s\u0103 delimitezi zone distincte pentru diverse activit\u0103\u021bi, chiar dac\u0103 toate se afl\u0103 \u00een aceea\u0219i camer\u0103.\",\"breadcrumb\":{\"@id\":\"https:\/\/www.imobiliare.ro\/imoexpert\/viata-intr-o-garsoniera-stil-si-functionalitate-la-feminin_db\/#breadcrumb\"},\"inLanguage\":\"en\",\"potentialAction\":[{\"@type\":\"ReadAction\",\"target\":[\"https:\/\/www.imobiliare.ro\/imoexpert\/viata-intr-o-garsoniera-stil-si-functionalitate-la-feminin_db\/\"]}]},{\"@type\":\"ImageObject\",\"inLanguage\":\"en\",\"@id\":\"https:\/\/www.imobiliare.ro\/imoexpert\/viata-intr-o-garsoniera-stil-si-functionalitate-la-feminin_db\/#primaryimage\",\"url\":\"https:\/\/www.imobiliare.ro\/imoexpert\/wp-content\/uploads\/2014\/07\/garsoniera-feminina-1.jpg\",\"contentUrl\":\"https:\/\/www.imobiliare.ro\/imoexpert\/wp-content\/uploads\/2014\/07\/garsoniera-feminina-1.jpg\",\"width\":600,\"height\":434},{\"@type\":\"BreadcrumbList\",\"@id\":\"https:\/\/www.imobiliare.ro\/imoexpert\/viata-intr-o-garsoniera-stil-si-functionalitate-la-feminin_db\/#breadcrumb\",\"itemListElement\":[{\"@type\":\"ListItem\",\"position\":1,\"name\":\"Imoradar24\",\"item\":\"https:\/\/www.imoradar24.ro\"},{\"@type\":\"ListItem\",\"position\":2,\"name\":\"ImoExpert\",\"item\":\"https:\/\/www.imobiliare.ro\/imoexpert\/\"},{\"@type\":\"ListItem\",\"position\":3,\"name\":\"Sfaturi\",\"item\":\"https:\/\/www.imobiliare.ro\/imoexpert\/ghid-imobiliar\/\"},{\"@type\":\"ListItem\",\"position\":4,\"name\":\"Home &amp; Deco\",\"item\":\"https:\/\/www.imobiliare.ro\/imoexpert\/ghid-imobiliar\/home-deco\/\"},{\"@type\":\"ListItem\",\"position\":5,\"name\":\"Via\u021ba \u00eentr-o garsonier\u0103: stil \u0219i func\u021bionalitate, la feminin\"}]},{\"@type\":\"WebSite\",\"@id\":\"https:\/\/www.imobiliare.ro\/imoexpert\/#website\",\"url\":\"https:\/\/www.imobiliare.ro\/imoexpert\/\",\"name\":\"ImoExpert\",\"description\":\"cele mai importante \u015ftiri din domeniul imobiliar\",\"publisher\":{\"@id\":\"https:\/\/www.imobiliare.ro\/imoexpert\/#organization\"},\"inLanguage\":\"en\"},{\"@type\":\"Organization\",\"@id\":\"https:\/\/www.imobiliare.ro\/imoexpert\/#organization\",\"name\":\"Imobiliare.ro\",\"alternateName\":\"Realmedia Network SA\",\"url\":\"https:\/\/www.imobiliare.ro\/imoexpert\/\",\"logo\":{\"@type\":\"ImageObject\",\"inLanguage\":\"en\",\"@id\":\"https:\/\/www.imobiliare.ro\/imoexpert\/#\/schema\/logo\/image\/\",\"url\":\"https:\/\/www.imobiliare.ro\/imoexpert\/wp-content\/uploads\/2025\/05\/imobiliare_logo.png\",\"contentUrl\":\"https:\/\/www.imobiliare.ro\/imoexpert\/wp-content\/uploads\/2025\/05\/imobiliare_logo.png\",\"width\":237,\"height\":29,\"caption\":\"Imobiliare.ro\"},\"image\":{\"@id\":\"https:\/\/www.imobiliare.ro\/imoexpert\/#\/schema\/logo\/image\/\"}},{\"@type\":\"Person\",\"@id\":\"https:\/\/www.imobiliare.ro\/imoexpert\/#\/schema\/person\/8c13b0297075010b896471fabf0d7790\",\"name\":\"Adriana Dr\u0103gu\u0219in\",\"image\":{\"@type\":\"ImageObject\",\"inLanguage\":\"en\",\"@id\":\"https:\/\/www.imobiliare.ro\/imoexpert\/#\/schema\/person\/image\/\",\"url\":\"https:\/\/secure.gravatar.com\/avatar\/ba4762f7517e50e679ed7f11207102d1150120f2f5800c0da98f8a15305bf514?s=96&d=mm&r=g\",\"contentUrl\":\"https:\/\/secure.gravatar.com\/avatar\/ba4762f7517e50e679ed7f11207102d1150120f2f5800c0da98f8a15305bf514?s=96&d=mm&r=g\",\"caption\":\"Adriana Dr\u0103gu\u0219in\"},\"jobTitle\":\"Editor\",\"url\":\"https:\/\/www.imobiliare.ro\/imoexpert\/author\/adriana-dragusin\/\"}]}<\/script>\n<!-- \/ Yoast SEO Premium plugin. -->","yoast_head_json":{"title":"Via\u021ba \u00eentr-o garsonier\u0103: stil \u0219i func\u021bionalitate, la feminin - Home &amp; Deco, \u0218tiri - ImoExpert","description":"\u00centr-un apartament de tip studio, este important s\u0103 delimitezi zone distincte pentru diverse activit\u0103\u021bi, chiar dac\u0103 toate se afl\u0103 \u00een aceea\u0219i camer\u0103.","robots":{"index":"index","follow":"follow"},"canonical":"https:\/\/www.imobiliare.ro\/imoexpert\/viata-intr-o-garsoniera-stil-si-functionalitate-la-feminin_db\/","og_locale":"ro_RO","og_type":"article","og_title":"Via\u021ba \u00eentr-o garsonier\u0103: stil \u0219i func\u021bionalitate, la feminin","og_description":"\u00centr-un apartament de tip studio, este important s\u0103 delimitezi zone distincte pentru diverse activit\u0103\u021bi, chiar dac\u0103 toate se afl\u0103 \u00een aceea\u0219i camer\u0103.","og_url":"https:\/\/www.imobiliare.ro\/imoexpert\/viata-intr-o-garsoniera-stil-si-functionalitate-la-feminin_db\/","og_site_name":"ImoExpert","article_published_time":"2014-07-07T12:12:01+00:00","og_image":[{"width":600,"height":434,"url":"https:\/\/www.imobiliare.ro\/imoexpert\/wp-content\/uploads\/2014\/07\/garsoniera-feminina-1.jpg","type":"image\/jpeg"}],"author":"Adriana Dr\u0103gu\u0219in","twitter_card":"summary_large_image","twitter_misc":{"Written by":"Adriana Dr\u0103gu\u0219in","Est. reading time":"2 minute"},"schema":{"@context":"https:\/\/schema.org","@graph":[{"@type":"Article","@id":"https:\/\/www.imobiliare.ro\/imoexpert\/viata-intr-o-garsoniera-stil-si-functionalitate-la-feminin_db\/#article","isPartOf":{"@id":"https:\/\/www.imobiliare.ro\/imoexpert\/viata-intr-o-garsoniera-stil-si-functionalitate-la-feminin_db\/"},"author":{"name":"Adriana Dr\u0103gu\u0219in","@id":"https:\/\/www.imobiliare.ro\/imoexpert\/#\/schema\/person\/8c13b0297075010b896471fabf0d7790"},"headline":"Via\u021ba \u00eentr-o garsonier\u0103: stil \u0219i func\u021bionalitate, la feminin","datePublished":"2014-07-07T12:12:01+00:00","mainEntityOfPage":{"@id":"https:\/\/www.imobiliare.ro\/imoexpert\/viata-intr-o-garsoniera-stil-si-functionalitate-la-feminin_db\/"},"wordCount":413,"commentCount":3,"publisher":{"@id":"https:\/\/www.imobiliare.ro\/imoexpert\/#organization"},"image":{"@id":"https:\/\/www.imobiliare.ro\/imoexpert\/viata-intr-o-garsoniera-stil-si-functionalitate-la-feminin_db\/#primaryimage"},"thumbnailUrl":"https:\/\/www.imobiliare.ro\/imoexpert\/wp-content\/uploads\/2014\/07\/garsoniera-feminina-1.jpg","keywords":["Home&amp;Deco","newsletter","principal"],"articleSection":["Home &amp; Deco","\u0218tiri"],"inLanguage":"en","potentialAction":[{"@type":"CommentAction","name":"Comment","target":["https:\/\/www.imobiliare.ro\/imoexpert\/viata-intr-o-garsoniera-stil-si-functionalitate-la-feminin_db\/#respond"]}],"copyrightYear":"2014","copyrightHolder":{"@id":"https:\/\/www.imobiliare.ro\/imoexpert\/#organization"}},{"@type":"WebPage","@id":"https:\/\/www.imobiliare.ro\/imoexpert\/viata-intr-o-garsoniera-stil-si-functionalitate-la-feminin_db\/","url":"https:\/\/www.imobiliare.ro\/imoexpert\/viata-intr-o-garsoniera-stil-si-functionalitate-la-feminin_db\/","name":"Via\u021ba \u00eentr-o garsonier\u0103: stil \u0219i func\u021bionalitate, la feminin - Home &amp; Deco, \u0218tiri - ImoExpert","isPartOf":{"@id":"https:\/\/www.imobiliare.ro\/imoexpert\/#website"},"primaryImageOfPage":{"@id":"https:\/\/www.imobiliare.ro\/imoexpert\/viata-intr-o-garsoniera-stil-si-functionalitate-la-feminin_db\/#primaryimage"},"image":{"@id":"https:\/\/www.imobiliare.ro\/imoexpert\/viata-intr-o-garsoniera-stil-si-functionalitate-la-feminin_db\/#primaryimage"},"thumbnailUrl":"https:\/\/www.imobiliare.ro\/imoexpert\/wp-content\/uploads\/2014\/07\/garsoniera-feminina-1.jpg","datePublished":"2014-07-07T12:12:01+00:00","description":"\u00centr-un apartament de tip studio, este important s\u0103 delimitezi zone distincte pentru diverse activit\u0103\u021bi, chiar dac\u0103 toate se afl\u0103 \u00een aceea\u0219i camer\u0103.","breadcrumb":{"@id":"https:\/\/www.imobiliare.ro\/imoexpert\/viata-intr-o-garsoniera-stil-si-functionalitate-la-feminin_db\/#breadcrumb"},"inLanguage":"en","potentialAction":[{"@type":"ReadAction","target":["https:\/\/www.imobiliare.ro\/imoexpert\/viata-intr-o-garsoniera-stil-si-functionalitate-la-feminin_db\/"]}]},{"@type":"ImageObject","inLanguage":"en","@id":"https:\/\/www.imobiliare.ro\/imoexpert\/viata-intr-o-garsoniera-stil-si-functionalitate-la-feminin_db\/#primaryimage","url":"https:\/\/www.imobiliare.ro\/imoexpert\/wp-content\/uploads\/2014\/07\/garsoniera-feminina-1.jpg","contentUrl":"https:\/\/www.imobiliare.ro\/imoexpert\/wp-content\/uploads\/2014\/07\/garsoniera-feminina-1.jpg","width":600,"height":434},{"@type":"BreadcrumbList","@id":"https:\/\/www.imobiliare.ro\/imoexpert\/viata-intr-o-garsoniera-stil-si-functionalitate-la-feminin_db\/#breadcrumb","itemListElement":[{"@type":"ListItem","position":1,"name":"Imoradar24","item":"https:\/\/www.imoradar24.ro"},{"@type":"ListItem","position":2,"name":"ImoExpert","item":"https:\/\/www.imobiliare.ro\/imoexpert\/"},{"@type":"ListItem","position":3,"name":"Sfaturi","item":"https:\/\/www.imobiliare.ro\/imoexpert\/ghid-imobiliar\/"},{"@type":"ListItem","position":4,"name":"Home &amp; Deco","item":"https:\/\/www.imobiliare.ro\/imoexpert\/ghid-imobiliar\/home-deco\/"},{"@type":"ListItem","position":5,"name":"Via\u021ba \u00eentr-o garsonier\u0103: stil \u0219i func\u021bionalitate, la feminin"}]},{"@type":"WebSite","@id":"https:\/\/www.imobiliare.ro\/imoexpert\/#website","url":"https:\/\/www.imobiliare.ro\/imoexpert\/","name":"ImoExpert","description":"cele mai importante \u015ftiri din domeniul imobiliar","publisher":{"@id":"https:\/\/www.imobiliare.ro\/imoexpert\/#organization"},"inLanguage":"en"},{"@type":"Organization","@id":"https:\/\/www.imobiliare.ro\/imoexpert\/#organization","name":"Imobiliare.ro","alternateName":"Realmedia Network SA","url":"https:\/\/www.imobiliare.ro\/imoexpert\/","logo":{"@type":"ImageObject","inLanguage":"en","@id":"https:\/\/www.imobiliare.ro\/imoexpert\/#\/schema\/logo\/image\/","url":"https:\/\/www.imobiliare.ro\/imoexpert\/wp-content\/uploads\/2025\/05\/imobiliare_logo.png","contentUrl":"https:\/\/www.imobiliare.ro\/imoexpert\/wp-content\/uploads\/2025\/05\/imobiliare_logo.png","width":237,"height":29,"caption":"Imobiliare.ro"},"image":{"@id":"https:\/\/www.imobiliare.ro\/imoexpert\/#\/schema\/logo\/image\/"}},{"@type":"Person","@id":"https:\/\/www.imobiliare.ro\/imoexpert\/#\/schema\/person\/8c13b0297075010b896471fabf0d7790","name":"Adriana Dr\u0103gu\u0219in","image":{"@type":"ImageObject","inLanguage":"en","@id":"https:\/\/www.imobiliare.ro\/imoexpert\/#\/schema\/person\/image\/","url":"https:\/\/secure.gravatar.com\/avatar\/ba4762f7517e50e679ed7f11207102d1150120f2f5800c0da98f8a15305bf514?s=96&d=mm&r=g","contentUrl":"https:\/\/secure.gravatar.com\/avatar\/ba4762f7517e50e679ed7f11207102d1150120f2f5800c0da98f8a15305bf514?s=96&d=mm&r=g","caption":"Adriana Dr\u0103gu\u0219in"},"jobTitle":"Editor","url":"https:\/\/www.imobiliare.ro\/imoexpert\/author\/adriana-dragusin\/"}]}},"_links":{"self":[{"href":"https:\/\/www.imobiliare.ro\/imoexpert\/wp-json\/wp\/v2\/posts\/30756","targetHints":{"allow":["GET"]}}],"collection":[{"href":"https:\/\/www.imobiliare.ro\/imoexpert\/wp-json\/wp\/v2\/posts"}],"about":[{"href":"https:\/\/www.imobiliare.ro\/imoexpert\/wp-json\/wp\/v2\/types\/post"}],"author":[{"embeddable":true,"href":"https:\/\/www.imobiliare.ro\/imoexpert\/wp-json\/wp\/v2\/users\/829"}],"replies":[{"embeddable":true,"href":"https:\/\/www.imobiliare.ro\/imoexpert\/wp-json\/wp\/v2\/comments?post=30756"}],"version-history":[{"count":0,"href":"https:\/\/www.imobiliare.ro\/imoexpert\/wp-json\/wp\/v2\/posts\/30756\/revisions"}],"wp:featuredmedia":[{"embeddable":true,"href":"https:\/\/www.imobiliare.ro\/imoexpert\/wp-json\/wp\/v2\/media\/30757"}],"wp:attachment":[{"href":"https:\/\/www.imobiliare.ro\/imoexpert\/wp-json\/wp\/v2\/media?parent=30756"}],"wp:term":[{"taxonomy":"category","embeddable":true,"href":"https:\/\/www.imobiliare.ro\/imoexpert\/wp-json\/wp\/v2\/categories?post=30756"},{"taxonomy":"post_tag","embeddable":true,"href":"https:\/\/www.imobiliare.ro\/imoexpert\/wp-json\/wp\/v2\/tags?post=30756"},{"taxonomy":"content_author","embeddable":true,"href":"https:\/\/www.imobiliare.ro\/imoexpert\/wp-json\/wp\/v2\/content_author?post=30756"}],"curies":[{"name":"wp","href":"https:\/\/api.w.org\/{rel}","templated":true}]}}