{"id":31407,"date":"2014-08-25T14:40:56","date_gmt":"2014-08-25T11:40:56","guid":{"rendered":"https:\/\/www.imobiliare.ro\/?p=31407"},"modified":"2014-08-25T14:40:56","modified_gmt":"2014-08-25T11:40:56","slug":"o-altfel-de-garsoniera-confluente-rustic-moderne-in-34-de-metri-patrati","status":"publish","type":"post","link":"https:\/\/www.imobiliare.ro\/imoexpert\/o-altfel-de-garsoniera-confluente-rustic-moderne-in-34-de-metri-patrati_db\/","title":{"rendered":"O altfel de garsonier\u0103: confluen\u021be rustic-moderne \u00een 34 de metri p\u0103tra\u021bi"},"content":{"rendered":"<p><strong>\u00centr-o suprafa\u021b\u0103 restr\u00e2ns\u0103, separarea vizual\u0103 \u00eentre zone cu diferite func\u021bionalit\u0103\u021bi aduce ordine \u0219i armonie.<\/strong><\/p>\n<p>\u00cen procesul de amenajare a unei locuin\u021be, un spa\u021biu redus reprezint\u0103, nu de pu\u021bine ori, un factor restrictiv \u2013 cel pu\u021bin la nivel mental. C\u0103 lucrurile nu trebuie s\u0103 stea neap\u0103rat a\u0219a o demonstreaz\u0103 proprietatea din imagini, prezentat\u0103 pe <strong><a class=\"article-body-links\"href=\"http:\/\/freshome.com\/\">Freshome.com<\/a><\/strong>:<\/p>\n<p><a class=\"article-body-links\"href=\"https:\/\/www.imobiliare.ro\/imoexpert\/wp-content\/uploads\/2014\/08\/altfel-de-garsoniera-1.jpg\"><img loading=\"lazy\" decoding=\"async\" src=\"https:\/\/www.imobiliare.ro\/imoexpert\/wp-content\/uploads\/2014\/08\/altfel-de-garsoniera-1.jpg\" alt=\"altfel de garsoniera 1\" width=\"600\" height=\"399\" class=\"aligncenter size-full wp-image-31408\" srcset=\"https:\/\/www.imobiliare.ro\/imoexpert\/wp-content\/uploads\/2014\/08\/altfel-de-garsoniera-1.jpg 600w, https:\/\/www.imobiliare.ro\/imoexpert\/wp-content\/uploads\/2014\/08\/altfel-de-garsoniera-1-390x259.jpg 390w\" sizes=\"auto, (max-width: 600px) 100vw, 600px\" \/><\/a><\/p>\n<p>Amplasat \u00eentr-o cl\u0103dire istoric\u0103 din Stockholm, Suedia, acest apartament dispune de o suprafa\u021b\u0103 util\u0103 de 34 de metri p\u0103tra\u021bi \u2013 perfect comparabil\u0103 cu cea a unei garsoniere confort 1 dintr-un bloc vechi rom\u00e2nesc. Pe l\u00e2ng\u0103 interiorul profesionist amenajat, unul dintre punctele forte ale propriet\u0103\u021bii este reprezentat de balconul cu ie\u0219ire din living, perfect pentru lectur\u0103 sau pentru savurarea unei cafele diminea\u021ba. <\/p>\n<p><a class=\"article-body-links\"href=\"https:\/\/www.imobiliare.ro\/imoexpert\/wp-content\/uploads\/2014\/08\/altfel-de-garsoniera-9.jpg\"><img loading=\"lazy\" decoding=\"async\" src=\"https:\/\/www.imobiliare.ro\/imoexpert\/wp-content\/uploads\/2014\/08\/altfel-de-garsoniera-9.jpg\" alt=\"altfel de garsoniera 9\" width=\"600\" height=\"399\" class=\"aligncenter size-full wp-image-31416\" srcset=\"https:\/\/www.imobiliare.ro\/imoexpert\/wp-content\/uploads\/2014\/08\/altfel-de-garsoniera-9.jpg 600w, https:\/\/www.imobiliare.ro\/imoexpert\/wp-content\/uploads\/2014\/08\/altfel-de-garsoniera-9-390x259.jpg 390w\" sizes=\"auto, (max-width: 600px) 100vw, 600px\" \/><\/a><br \/>\n<a class=\"article-body-links\"href=\"https:\/\/www.imobiliare.ro\/imoexpert\/wp-content\/uploads\/2014\/08\/altfel-de-garsoniera-10.jpg\"><img loading=\"lazy\" decoding=\"async\" src=\"https:\/\/www.imobiliare.ro\/imoexpert\/wp-content\/uploads\/2014\/08\/altfel-de-garsoniera-10.jpg\" alt=\"altfel de garsoniera 10\" width=\"600\" height=\"400\" class=\"aligncenter size-full wp-image-31417\" srcset=\"https:\/\/www.imobiliare.ro\/imoexpert\/wp-content\/uploads\/2014\/08\/altfel-de-garsoniera-10.jpg 600w, https:\/\/www.imobiliare.ro\/imoexpert\/wp-content\/uploads\/2014\/08\/altfel-de-garsoniera-10-390x260.jpg 390w\" sizes=\"auto, (max-width: 600px) 100vw, 600px\" \/><\/a><\/p>\n<p>Interesant la aceast\u0103 locuin\u021b\u0103 este c\u0103, \u00een loc s\u0103 adopte un concept de amenajare cu accent pe multifunc\u021bional \u2013 tendin\u021b\u0103 extrem de popular\u0103 la ora actual\u0103 pentru spa\u021biile de mici dimensiuni \u2013, designerii opteaz\u0103 aici pentru o delimitare clar\u0103 \u00eentre zona de zi \u0219i cea dedicat\u0103 odihnei nocturne. Ia na\u0219tere astfel, separat de living (ce include zona de dining \u0219i buc\u0103t\u0103ria), un mic dormitor \u2013 elegant \u0219i confortabil. Autorii proiectului ob\u021bin astfel un sentiment crescut de intimitate, evit\u00e2nd \u00een acela\u0219i timp pericolul obtur\u0103rii spa\u021biului, datorit\u0103 peretelui par\u021bial din sticl\u0103.<\/p>\n<p><a class=\"article-body-links\"href=\"https:\/\/www.imobiliare.ro\/imoexpert\/wp-content\/uploads\/2014\/08\/altfel-de-garsoniera-4.jpg\"><img loading=\"lazy\" decoding=\"async\" src=\"https:\/\/www.imobiliare.ro\/imoexpert\/wp-content\/uploads\/2014\/08\/altfel-de-garsoniera-4.jpg\" alt=\"altfel de garsoniera 4\" width=\"600\" height=\"900\" class=\"aligncenter size-full wp-image-31411\" srcset=\"https:\/\/www.imobiliare.ro\/imoexpert\/wp-content\/uploads\/2014\/08\/altfel-de-garsoniera-4.jpg 600w, https:\/\/www.imobiliare.ro\/imoexpert\/wp-content\/uploads\/2014\/08\/altfel-de-garsoniera-4-390x585.jpg 390w\" sizes=\"auto, (max-width: 600px) 100vw, 600px\" \/><\/a><br \/>\n<a class=\"article-body-links\"href=\"https:\/\/www.imobiliare.ro\/imoexpert\/wp-content\/uploads\/2014\/08\/altfel-de-garsoniera-2.jpg\"><img loading=\"lazy\" decoding=\"async\" src=\"https:\/\/www.imobiliare.ro\/imoexpert\/wp-content\/uploads\/2014\/08\/altfel-de-garsoniera-2.jpg\" alt=\"altfel de garsoniera 2\" width=\"600\" height=\"399\" class=\"aligncenter size-full wp-image-31409\" srcset=\"https:\/\/www.imobiliare.ro\/imoexpert\/wp-content\/uploads\/2014\/08\/altfel-de-garsoniera-2.jpg 600w, https:\/\/www.imobiliare.ro\/imoexpert\/wp-content\/uploads\/2014\/08\/altfel-de-garsoniera-2-390x259.jpg 390w\" sizes=\"auto, (max-width: 600px) 100vw, 600px\" \/><\/a><br \/>\n<a class=\"article-body-links\"href=\"https:\/\/www.imobiliare.ro\/imoexpert\/wp-content\/uploads\/2014\/08\/altfel-de-garsoniera-5.jpg\"><img loading=\"lazy\" decoding=\"async\" src=\"https:\/\/www.imobiliare.ro\/imoexpert\/wp-content\/uploads\/2014\/08\/altfel-de-garsoniera-5.jpg\" alt=\"altfel de garsoniera 5\" width=\"600\" height=\"399\" class=\"aligncenter size-full wp-image-31412\" srcset=\"https:\/\/www.imobiliare.ro\/imoexpert\/wp-content\/uploads\/2014\/08\/altfel-de-garsoniera-5.jpg 600w, https:\/\/www.imobiliare.ro\/imoexpert\/wp-content\/uploads\/2014\/08\/altfel-de-garsoniera-5-390x259.jpg 390w\" sizes=\"auto, (max-width: 600px) 100vw, 600px\" \/><\/a><br \/>\n<a class=\"article-body-links\"href=\"https:\/\/www.imobiliare.ro\/imoexpert\/wp-content\/uploads\/2014\/08\/altfel-de-garsoniera-6.jpg\"><img loading=\"lazy\" decoding=\"async\" src=\"https:\/\/www.imobiliare.ro\/imoexpert\/wp-content\/uploads\/2014\/08\/altfel-de-garsoniera-6.jpg\" alt=\"altfel de garsoniera 6\" width=\"600\" height=\"399\" class=\"aligncenter size-full wp-image-31413\" srcset=\"https:\/\/www.imobiliare.ro\/imoexpert\/wp-content\/uploads\/2014\/08\/altfel-de-garsoniera-6.jpg 600w, https:\/\/www.imobiliare.ro\/imoexpert\/wp-content\/uploads\/2014\/08\/altfel-de-garsoniera-6-390x259.jpg 390w\" sizes=\"auto, (max-width: 600px) 100vw, 600px\" \/><\/a><\/p>\n<p>Fapt specific designului scandinav, elementul cromatic predominant \u00een aceast\u0103 amenajare este albul \u2013 de la pere\u021bi la piese de mobilier, textile \u0219i decora\u021biuni. Pe l\u00e2ng\u0103 faptul c\u0103 are un rol semnificativ \u00een crearea unei atmosfere de pace \u0219i relaxare, aceast\u0103 (non)culoare contribuie totodat\u0103 la amplificarea senza\u021biei de spa\u021biu, principiu at\u00e2t de important \u00een amenajarea locuin\u021belor de mici dimensiuni. Contrastul cu negru, nuan\u021be deschise de gri \u0219i c\u00e2teva piese din lemn contureaz\u0103 un ambient simplu, echilibrat,  dar extrem de elegant. Integrarea unor elemente cu v\u0103dite conota\u021bii rustice (m\u0103su\u021ba \u0219i taburetele din living, textilele cu motive tradi\u021bionale, \u0219emineul) \u00eentr-un decor altfel modern reprezint\u0103 o alt\u0103 component\u0103 esen\u021bial\u0103 a acestui concept de design.<\/p>\n<p><a class=\"article-body-links\"href=\"https:\/\/www.imobiliare.ro\/imoexpert\/wp-content\/uploads\/2014\/08\/altfel-de-garsoniera-3.jpg\"><img loading=\"lazy\" decoding=\"async\" src=\"https:\/\/www.imobiliare.ro\/imoexpert\/wp-content\/uploads\/2014\/08\/altfel-de-garsoniera-3.jpg\" alt=\"altfel de garsoniera 3\" width=\"600\" height=\"399\" class=\"aligncenter size-full wp-image-31410\" srcset=\"https:\/\/www.imobiliare.ro\/imoexpert\/wp-content\/uploads\/2014\/08\/altfel-de-garsoniera-3.jpg 600w, https:\/\/www.imobiliare.ro\/imoexpert\/wp-content\/uploads\/2014\/08\/altfel-de-garsoniera-3-390x259.jpg 390w\" sizes=\"auto, (max-width: 600px) 100vw, 600px\" \/><\/a><br \/>\n<a class=\"article-body-links\"href=\"https:\/\/www.imobiliare.ro\/imoexpert\/wp-content\/uploads\/2014\/08\/altfel-de-garsoniera-7.jpg\"><img loading=\"lazy\" decoding=\"async\" src=\"https:\/\/www.imobiliare.ro\/imoexpert\/wp-content\/uploads\/2014\/08\/altfel-de-garsoniera-7.jpg\" alt=\"altfel de garsoniera 7\" width=\"600\" height=\"898\" class=\"aligncenter size-full wp-image-31414\" srcset=\"https:\/\/www.imobiliare.ro\/imoexpert\/wp-content\/uploads\/2014\/08\/altfel-de-garsoniera-7.jpg 600w, https:\/\/www.imobiliare.ro\/imoexpert\/wp-content\/uploads\/2014\/08\/altfel-de-garsoniera-7-390x584.jpg 390w\" sizes=\"auto, (max-width: 600px) 100vw, 600px\" \/><\/a><br \/>\n<a class=\"article-body-links\"href=\"https:\/\/www.imobiliare.ro\/imoexpert\/wp-content\/uploads\/2014\/08\/altfel-de-garsoniera-8.jpg\"><img loading=\"lazy\" decoding=\"async\" src=\"https:\/\/www.imobiliare.ro\/imoexpert\/wp-content\/uploads\/2014\/08\/altfel-de-garsoniera-8.jpg\" alt=\"altfel de garsoniera 8\" width=\"600\" height=\"891\" class=\"aligncenter size-full wp-image-31415\" srcset=\"https:\/\/www.imobiliare.ro\/imoexpert\/wp-content\/uploads\/2014\/08\/altfel-de-garsoniera-8.jpg 600w, https:\/\/www.imobiliare.ro\/imoexpert\/wp-content\/uploads\/2014\/08\/altfel-de-garsoniera-8-390x579.jpg 390w\" sizes=\"auto, (max-width: 600px) 100vw, 600px\" \/><\/a><br \/>\n<a class=\"article-body-links\"href=\"https:\/\/www.imobiliare.ro\/imoexpert\/wp-content\/uploads\/2014\/08\/altfel-de-garsoniera-11.jpg\"><img loading=\"lazy\" decoding=\"async\" src=\"https:\/\/www.imobiliare.ro\/imoexpert\/wp-content\/uploads\/2014\/08\/altfel-de-garsoniera-11.jpg\" alt=\"altfel de garsoniera 11\" width=\"600\" height=\"399\" class=\"aligncenter size-full wp-image-31418\" srcset=\"https:\/\/www.imobiliare.ro\/imoexpert\/wp-content\/uploads\/2014\/08\/altfel-de-garsoniera-11.jpg 600w, https:\/\/www.imobiliare.ro\/imoexpert\/wp-content\/uploads\/2014\/08\/altfel-de-garsoniera-11-390x259.jpg 390w\" sizes=\"auto, (max-width: 600px) 100vw, 600px\" \/><\/a><br \/>\n<a class=\"article-body-links\"href=\"https:\/\/www.imobiliare.ro\/imoexpert\/wp-content\/uploads\/2014\/08\/altfel-de-garsoniera-12.jpg\"><img loading=\"lazy\" decoding=\"async\" src=\"https:\/\/www.imobiliare.ro\/imoexpert\/wp-content\/uploads\/2014\/08\/altfel-de-garsoniera-12.jpg\" alt=\"altfel de garsoniera 12\" width=\"600\" height=\"399\" class=\"aligncenter size-full wp-image-31419\" srcset=\"https:\/\/www.imobiliare.ro\/imoexpert\/wp-content\/uploads\/2014\/08\/altfel-de-garsoniera-12.jpg 600w, https:\/\/www.imobiliare.ro\/imoexpert\/wp-content\/uploads\/2014\/08\/altfel-de-garsoniera-12-390x259.jpg 390w\" sizes=\"auto, (max-width: 600px) 100vw, 600px\" \/><\/a><br \/>\n<a class=\"article-body-links\"href=\"https:\/\/www.imobiliare.ro\/imoexpert\/wp-content\/uploads\/2014\/08\/altfel-de-garsoniera-13.jpg\"><img loading=\"lazy\" decoding=\"async\" src=\"https:\/\/www.imobiliare.ro\/imoexpert\/wp-content\/uploads\/2014\/08\/altfel-de-garsoniera-13.jpg\" alt=\"altfel de garsoniera 13\" width=\"600\" height=\"896\" class=\"aligncenter size-full wp-image-31420\" srcset=\"https:\/\/www.imobiliare.ro\/imoexpert\/wp-content\/uploads\/2014\/08\/altfel-de-garsoniera-13.jpg 600w, https:\/\/www.imobiliare.ro\/imoexpert\/wp-content\/uploads\/2014\/08\/altfel-de-garsoniera-13-390x582.jpg 390w\" sizes=\"auto, (max-width: 600px) 100vw, 600px\" \/><\/a><\/p>\n<p><em><strong>Surs\u0103 foto: <a class=\"article-body-links\"href=\"http:\/\/freshome.com\/2014\/08\/22\/small-apartment-in-stockholm-encapsulating-a-glass-walled-bedroom\/\">Freshome.com<\/a><br \/>\nCite\u0219te \u0219i: <a class=\"article-body-links\"href=\"https:\/\/www.imobiliare.ro\/homedeco\/viata-intr-o-garsoniera-stil-si-functionalitate-la-feminin_db\/\">Via\u021ba \u00eentr-o garsonier\u0103: stil \u0219i func\u021bionalitate, la feminin<\/a><\/strong><\/em><\/p>\n","protected":false},"excerpt":{"rendered":"<p>\u00centr-o suprafa\u021b\u0103 restr\u00e2ns\u0103, separarea vizual\u0103 \u00eentre zone cu diferite func\u021bionalit\u0103\u021bi aduce ordine \u0219i armonie. \u00cen procesul de amenajare a unei locuin\u021be, un spa\u021biu redus reprezint\u0103, nu de pu\u021bine ori, un factor restrictiv \u2013 cel pu\u021bin la nivel mental. C\u0103 lucrurile nu trebuie s\u0103 stea neap\u0103rat a\u0219a o demonstreaz\u0103 proprietatea din imagini, prezentat\u0103 pe Freshome.com: Amplasat [&hellip;]<\/p>\n","protected":false},"author":829,"featured_media":31408,"comment_status":"open","ping_status":"open","sticky":false,"template":"","format":"standard","meta":{"footnotes":""},"categories":[255,259],"tags":[1022,1410,1411],"content_author":[],"class_list":["post-31407","post","type-post","status-publish","format-standard","has-post-thumbnail","category-home-deco","category-stiri","tag-homedeco","tag-newsletter","tag-principal"],"yoast_head":"<!-- This site is optimized with the Yoast SEO plugin v28.2 - https:\/\/yoast.com\/product\/yoast-seo-wordpress\/ -->\n<title>O altfel de garsonier\u0103: confluen\u021be rustic-moderne \u00een 34 de metri p\u0103tra\u021bi - Home &amp; Deco, \u0218tiri - ImoExpert<\/title>\n<meta name=\"description\" content=\"\u00centr-o suprafa\u021b\u0103 restr\u00e2ns\u0103, separarea vizual\u0103 \u00eentre zone cu diferite func\u021bionalit\u0103\u021bi aduce ordine \u0219i armonie. \u00cen procesul de amenajare a unei locuin\u021be, un\" \/>\n<meta name=\"robots\" content=\"index, follow\" \/>\n<link rel=\"canonical\" href=\"https:\/\/www.imobiliare.ro\/imoexpert\/o-altfel-de-garsoniera-confluente-rustic-moderne-in-34-de-metri-patrati_db\/\" \/>\n<meta property=\"og:locale\" content=\"ro_RO\" \/>\n<meta property=\"og:type\" content=\"article\" \/>\n<meta property=\"og:title\" content=\"O altfel de garsonier\u0103: confluen\u021be rustic-moderne \u00een 34 de metri p\u0103tra\u021bi - Home &amp; Deco, \u0218tiri - ImoExpert\" \/>\n<meta property=\"og:description\" content=\"\u00centr-o suprafa\u021b\u0103 restr\u00e2ns\u0103, separarea vizual\u0103 \u00eentre zone cu diferite func\u021bionalit\u0103\u021bi aduce ordine \u0219i armonie. \u00cen procesul de amenajare a unei locuin\u021be, un\" \/>\n<meta property=\"og:url\" content=\"https:\/\/www.imobiliare.ro\/imoexpert\/o-altfel-de-garsoniera-confluente-rustic-moderne-in-34-de-metri-patrati_db\/\" \/>\n<meta property=\"og:site_name\" content=\"Imobiliare.ro\" \/>\n<meta property=\"article:published_time\" content=\"2014-08-25T11:40:56+00:00\" \/>\n<meta property=\"og:image\" content=\"https:\/\/www.imobiliare.ro\/imoexpert\/wp-content\/uploads\/og-cache\/altfel-de-garsoniera-1-600x338-3908b0ba-branded.jpg?v=12\" \/>\n\t<meta property=\"og:image:width\" content=\"600\" \/>\n\t<meta property=\"og:image:height\" content=\"399\" \/>\n\t<meta property=\"og:image:type\" content=\"image\/jpeg\" \/>\n<meta name=\"author\" content=\"Adriana Dr\u0103gu\u0219in\" \/>\n<meta name=\"twitter:card\" content=\"summary_large_image\" \/>\n<meta name=\"twitter:site\" content=\"@wwwImobiliareRo\" \/>\n<meta name=\"twitter:label1\" content=\"Written by\" \/>\n\t<meta name=\"twitter:data1\" content=\"Adriana Dr\u0103gu\u0219in\" \/>\n\t<meta name=\"twitter:label2\" content=\"Est. reading time\" \/>\n\t<meta name=\"twitter:data2\" content=\"2 minute\" \/>\n<script type=\"application\/ld+json\" class=\"yoast-schema-graph\">{\"@context\":\"https:\\\/\\\/schema.org\",\"@graph\":[{\"@type\":\"Article\",\"@id\":\"https:\\\/\\\/www.imobiliare.ro\\\/imoexpert\\\/o-altfel-de-garsoniera-confluente-rustic-moderne-in-34-de-metri-patrati_db\\\/#article\",\"isPartOf\":{\"@id\":\"https:\\\/\\\/www.imobiliare.ro\\\/imoexpert\\\/o-altfel-de-garsoniera-confluente-rustic-moderne-in-34-de-metri-patrati_db\\\/\"},\"author\":{\"name\":\"Adriana Dr\u0103gu\u0219in\",\"@id\":\"https:\\\/\\\/www.imobiliare.ro\\\/imoexpert\\\/#\\\/schema\\\/person\\\/8c13b0297075010b896471fabf0d7790\"},\"headline\":\"O altfel de garsonier\u0103: confluen\u021be rustic-moderne \u00een 34 de metri p\u0103tra\u021bi\",\"datePublished\":\"2014-08-25T11:40:56+00:00\",\"mainEntityOfPage\":{\"@id\":\"https:\\\/\\\/www.imobiliare.ro\\\/imoexpert\\\/o-altfel-de-garsoniera-confluente-rustic-moderne-in-34-de-metri-patrati_db\\\/\"},\"wordCount\":381,\"publisher\":{\"@id\":\"https:\\\/\\\/www.imobiliare.ro\\\/imoexpert\\\/#organization\"},\"image\":{\"@id\":\"https:\\\/\\\/www.imobiliare.ro\\\/imoexpert\\\/o-altfel-de-garsoniera-confluente-rustic-moderne-in-34-de-metri-patrati_db\\\/#primaryimage\"},\"thumbnailUrl\":\"https:\\\/\\\/www.imobiliare.ro\\\/imoexpert\\\/wp-content\\\/uploads\\\/2014\\\/08\\\/altfel-de-garsoniera-1.jpg\",\"articleSection\":[\"Home &amp; Deco\",\"\u0218tiri\"],\"inLanguage\":\"en\",\"potentialAction\":[{\"@type\":\"CommentAction\",\"name\":\"Comment\",\"target\":[\"https:\\\/\\\/www.imobiliare.ro\\\/imoexpert\\\/o-altfel-de-garsoniera-confluente-rustic-moderne-in-34-de-metri-patrati_db\\\/#respond\"]}]},{\"@type\":\"WebPage\",\"@id\":\"https:\\\/\\\/www.imobiliare.ro\\\/imoexpert\\\/o-altfel-de-garsoniera-confluente-rustic-moderne-in-34-de-metri-patrati_db\\\/\",\"url\":\"https:\\\/\\\/www.imobiliare.ro\\\/imoexpert\\\/o-altfel-de-garsoniera-confluente-rustic-moderne-in-34-de-metri-patrati_db\\\/\",\"name\":\"O altfel de garsonier\u0103: confluen\u021be rustic-moderne \u00een 34 de metri p\u0103tra\u021bi - Home &amp; Deco, \u0218tiri - ImoExpert\",\"isPartOf\":{\"@id\":\"https:\\\/\\\/www.imobiliare.ro\\\/imoexpert\\\/#website\"},\"primaryImageOfPage\":{\"@id\":\"https:\\\/\\\/www.imobiliare.ro\\\/imoexpert\\\/o-altfel-de-garsoniera-confluente-rustic-moderne-in-34-de-metri-patrati_db\\\/#primaryimage\"},\"image\":{\"@id\":\"https:\\\/\\\/www.imobiliare.ro\\\/imoexpert\\\/o-altfel-de-garsoniera-confluente-rustic-moderne-in-34-de-metri-patrati_db\\\/#primaryimage\"},\"thumbnailUrl\":\"https:\\\/\\\/www.imobiliare.ro\\\/imoexpert\\\/wp-content\\\/uploads\\\/2014\\\/08\\\/altfel-de-garsoniera-1.jpg\",\"datePublished\":\"2014-08-25T11:40:56+00:00\",\"description\":\"\u00centr-o suprafa\u021b\u0103 restr\u00e2ns\u0103, separarea vizual\u0103 \u00eentre zone cu diferite func\u021bionalit\u0103\u021bi aduce ordine \u0219i armonie. \u00cen procesul de amenajare a unei locuin\u021be, un\",\"breadcrumb\":{\"@id\":\"https:\\\/\\\/www.imobiliare.ro\\\/imoexpert\\\/o-altfel-de-garsoniera-confluente-rustic-moderne-in-34-de-metri-patrati_db\\\/#breadcrumb\"},\"inLanguage\":\"en\",\"potentialAction\":[{\"@type\":\"ReadAction\",\"target\":[\"https:\\\/\\\/www.imobiliare.ro\\\/imoexpert\\\/o-altfel-de-garsoniera-confluente-rustic-moderne-in-34-de-metri-patrati_db\\\/\"]}]},{\"@type\":\"ImageObject\",\"inLanguage\":\"en\",\"@id\":\"https:\\\/\\\/www.imobiliare.ro\\\/imoexpert\\\/o-altfel-de-garsoniera-confluente-rustic-moderne-in-34-de-metri-patrati_db\\\/#primaryimage\",\"url\":\"https:\\\/\\\/www.imobiliare.ro\\\/imoexpert\\\/wp-content\\\/uploads\\\/2014\\\/08\\\/altfel-de-garsoniera-1.jpg\",\"contentUrl\":\"https:\\\/\\\/www.imobiliare.ro\\\/imoexpert\\\/wp-content\\\/uploads\\\/2014\\\/08\\\/altfel-de-garsoniera-1.jpg\",\"width\":600,\"height\":399},{\"@type\":\"BreadcrumbList\",\"@id\":\"https:\\\/\\\/www.imobiliare.ro\\\/imoexpert\\\/o-altfel-de-garsoniera-confluente-rustic-moderne-in-34-de-metri-patrati_db\\\/#breadcrumb\",\"itemListElement\":[{\"@type\":\"ListItem\",\"position\":1,\"name\":\"Imoradar24\",\"item\":\"https:\\\/\\\/www.imoradar24.ro\"},{\"@type\":\"ListItem\",\"position\":2,\"name\":\"ImoExpert\",\"item\":\"https:\\\/\\\/www.imobiliare.ro\\\/imoexpert\\\/\"},{\"@type\":\"ListItem\",\"position\":3,\"name\":\"Sfaturi\",\"item\":\"https:\\\/\\\/www.imobiliare.ro\\\/imoexpert\\\/ghid-imobiliar\\\/\"},{\"@type\":\"ListItem\",\"position\":4,\"name\":\"Home &amp; Deco\",\"item\":\"https:\\\/\\\/www.imobiliare.ro\\\/imoexpert\\\/ghid-imobiliar\\\/home-deco\\\/\"},{\"@type\":\"ListItem\",\"position\":5,\"name\":\"O altfel de garsonier\u0103: confluen\u021be rustic-moderne \u00een 34 de metri p\u0103tra\u021bi\"}]},{\"@type\":\"WebSite\",\"@id\":\"https:\\\/\\\/www.imobiliare.ro\\\/imoexpert\\\/#website\",\"url\":\"https:\\\/\\\/www.imobiliare.ro\\\/imoexpert\\\/\",\"name\":\"ImoExpert\",\"description\":\"cele mai importante \u015ftiri din domeniul imobiliar\",\"publisher\":{\"@id\":\"https:\\\/\\\/www.imobiliare.ro\\\/imoexpert\\\/#organization\"},\"inLanguage\":\"en\"},{\"@type\":\"Organization\",\"@id\":\"https:\\\/\\\/www.imobiliare.ro\\\/imoexpert\\\/#organization\",\"name\":\"Imobiliare.ro\",\"alternateName\":\"Realmedia Network SA\",\"url\":\"https:\\\/\\\/www.imobiliare.ro\\\/imoexpert\\\/\",\"logo\":{\"@type\":\"ImageObject\",\"inLanguage\":\"en\",\"@id\":\"https:\\\/\\\/www.imobiliare.ro\\\/imoexpert\\\/#\\\/schema\\\/logo\\\/image\\\/\",\"url\":\"https:\\\/\\\/www.imobiliare.ro\\\/imoexpert\\\/wp-content\\\/uploads\\\/2025\\\/05\\\/imobiliare_logo.png\",\"contentUrl\":\"https:\\\/\\\/www.imobiliare.ro\\\/imoexpert\\\/wp-content\\\/uploads\\\/2025\\\/05\\\/imobiliare_logo.png\",\"width\":237,\"height\":29,\"caption\":\"Imobiliare.ro\"},\"image\":{\"@id\":\"https:\\\/\\\/www.imobiliare.ro\\\/imoexpert\\\/#\\\/schema\\\/logo\\\/image\\\/\"}},{\"@type\":\"Person\",\"@id\":\"https:\\\/\\\/www.imobiliare.ro\\\/imoexpert\\\/#\\\/schema\\\/person\\\/8c13b0297075010b896471fabf0d7790\",\"name\":\"Adriana Dr\u0103gu\u0219in\",\"image\":{\"@type\":\"ImageObject\",\"inLanguage\":\"en\",\"@id\":\"https:\\\/\\\/secure.gravatar.com\\\/avatar\\\/ba4762f7517e50e679ed7f11207102d1150120f2f5800c0da98f8a15305bf514?s=96&d=mm&r=g\",\"url\":\"https:\\\/\\\/secure.gravatar.com\\\/avatar\\\/ba4762f7517e50e679ed7f11207102d1150120f2f5800c0da98f8a15305bf514?s=96&d=mm&r=g\",\"contentUrl\":\"https:\\\/\\\/secure.gravatar.com\\\/avatar\\\/ba4762f7517e50e679ed7f11207102d1150120f2f5800c0da98f8a15305bf514?s=96&d=mm&r=g\",\"caption\":\"Adriana Dr\u0103gu\u0219in\"},\"description\":\"Adriana Dr\u0103gu\u0219in is an Editor at Imobiliare.ro\",\"jobTitle\":\"Editor\",\"url\":\"https:\\\/\\\/www.imobiliare.ro\\\/imoexpert\\\/author\\\/adriana-dragusin\\\/\"}]}<\/script>\n<!-- \/ Yoast SEO plugin. -->","yoast_head_json":{"title":"O altfel de garsonier\u0103: confluen\u021be rustic-moderne \u00een 34 de metri p\u0103tra\u021bi - Home &amp; Deco, \u0218tiri - ImoExpert","description":"\u00centr-o suprafa\u021b\u0103 restr\u00e2ns\u0103, separarea vizual\u0103 \u00eentre zone cu diferite func\u021bionalit\u0103\u021bi aduce ordine \u0219i armonie. \u00cen procesul de amenajare a unei locuin\u021be, un","robots":{"index":"index","follow":"follow"},"canonical":"https:\/\/www.imobiliare.ro\/imoexpert\/o-altfel-de-garsoniera-confluente-rustic-moderne-in-34-de-metri-patrati_db\/","og_locale":"ro_RO","og_type":"article","og_title":"O altfel de garsonier\u0103: confluen\u021be rustic-moderne \u00een 34 de metri p\u0103tra\u021bi - Home &amp; Deco, \u0218tiri - ImoExpert","og_description":"\u00centr-o suprafa\u021b\u0103 restr\u00e2ns\u0103, separarea vizual\u0103 \u00eentre zone cu diferite func\u021bionalit\u0103\u021bi aduce ordine \u0219i armonie. \u00cen procesul de amenajare a unei locuin\u021be, un","og_url":"https:\/\/www.imobiliare.ro\/imoexpert\/o-altfel-de-garsoniera-confluente-rustic-moderne-in-34-de-metri-patrati_db\/","og_site_name":"Imobiliare.ro","article_published_time":"2014-08-25T11:40:56+00:00","og_image":[{"width":600,"height":399,"url":"https:\/\/www.imobiliare.ro\/imoexpert\/wp-content\/uploads\/og-cache\/altfel-de-garsoniera-1-600x338-3908b0ba-branded.jpg?v=12","type":"image\/jpeg"}],"author":"Adriana Dr\u0103gu\u0219in","twitter_card":"summary_large_image","twitter_site":"@wwwImobiliareRo","twitter_misc":{"Written by":"Adriana Dr\u0103gu\u0219in","Est. reading time":"2 minute"},"schema":{"@context":"https:\/\/schema.org","@graph":[{"@type":"Article","@id":"https:\/\/www.imobiliare.ro\/imoexpert\/o-altfel-de-garsoniera-confluente-rustic-moderne-in-34-de-metri-patrati_db\/#article","isPartOf":{"@id":"https:\/\/www.imobiliare.ro\/imoexpert\/o-altfel-de-garsoniera-confluente-rustic-moderne-in-34-de-metri-patrati_db\/"},"author":{"name":"Adriana Dr\u0103gu\u0219in","@id":"https:\/\/www.imobiliare.ro\/imoexpert\/#\/schema\/person\/8c13b0297075010b896471fabf0d7790"},"headline":"O altfel de garsonier\u0103: confluen\u021be rustic-moderne \u00een 34 de metri p\u0103tra\u021bi","datePublished":"2014-08-25T11:40:56+00:00","mainEntityOfPage":{"@id":"https:\/\/www.imobiliare.ro\/imoexpert\/o-altfel-de-garsoniera-confluente-rustic-moderne-in-34-de-metri-patrati_db\/"},"wordCount":381,"publisher":{"@id":"https:\/\/www.imobiliare.ro\/imoexpert\/#organization"},"image":{"@id":"https:\/\/www.imobiliare.ro\/imoexpert\/o-altfel-de-garsoniera-confluente-rustic-moderne-in-34-de-metri-patrati_db\/#primaryimage"},"thumbnailUrl":"https:\/\/www.imobiliare.ro\/imoexpert\/wp-content\/uploads\/2014\/08\/altfel-de-garsoniera-1.jpg","articleSection":["Home &amp; Deco","\u0218tiri"],"inLanguage":"en","potentialAction":[{"@type":"CommentAction","name":"Comment","target":["https:\/\/www.imobiliare.ro\/imoexpert\/o-altfel-de-garsoniera-confluente-rustic-moderne-in-34-de-metri-patrati_db\/#respond"]}]},{"@type":"WebPage","@id":"https:\/\/www.imobiliare.ro\/imoexpert\/o-altfel-de-garsoniera-confluente-rustic-moderne-in-34-de-metri-patrati_db\/","url":"https:\/\/www.imobiliare.ro\/imoexpert\/o-altfel-de-garsoniera-confluente-rustic-moderne-in-34-de-metri-patrati_db\/","name":"O altfel de garsonier\u0103: confluen\u021be rustic-moderne \u00een 34 de metri p\u0103tra\u021bi - Home &amp; Deco, \u0218tiri - ImoExpert","isPartOf":{"@id":"https:\/\/www.imobiliare.ro\/imoexpert\/#website"},"primaryImageOfPage":{"@id":"https:\/\/www.imobiliare.ro\/imoexpert\/o-altfel-de-garsoniera-confluente-rustic-moderne-in-34-de-metri-patrati_db\/#primaryimage"},"image":{"@id":"https:\/\/www.imobiliare.ro\/imoexpert\/o-altfel-de-garsoniera-confluente-rustic-moderne-in-34-de-metri-patrati_db\/#primaryimage"},"thumbnailUrl":"https:\/\/www.imobiliare.ro\/imoexpert\/wp-content\/uploads\/2014\/08\/altfel-de-garsoniera-1.jpg","datePublished":"2014-08-25T11:40:56+00:00","description":"\u00centr-o suprafa\u021b\u0103 restr\u00e2ns\u0103, separarea vizual\u0103 \u00eentre zone cu diferite func\u021bionalit\u0103\u021bi aduce ordine \u0219i armonie. \u00cen procesul de amenajare a unei locuin\u021be, un","breadcrumb":{"@id":"https:\/\/www.imobiliare.ro\/imoexpert\/o-altfel-de-garsoniera-confluente-rustic-moderne-in-34-de-metri-patrati_db\/#breadcrumb"},"inLanguage":"en","potentialAction":[{"@type":"ReadAction","target":["https:\/\/www.imobiliare.ro\/imoexpert\/o-altfel-de-garsoniera-confluente-rustic-moderne-in-34-de-metri-patrati_db\/"]}]},{"@type":"ImageObject","inLanguage":"en","@id":"https:\/\/www.imobiliare.ro\/imoexpert\/o-altfel-de-garsoniera-confluente-rustic-moderne-in-34-de-metri-patrati_db\/#primaryimage","url":"https:\/\/www.imobiliare.ro\/imoexpert\/wp-content\/uploads\/2014\/08\/altfel-de-garsoniera-1.jpg","contentUrl":"https:\/\/www.imobiliare.ro\/imoexpert\/wp-content\/uploads\/2014\/08\/altfel-de-garsoniera-1.jpg","width":600,"height":399},{"@type":"BreadcrumbList","@id":"https:\/\/www.imobiliare.ro\/imoexpert\/o-altfel-de-garsoniera-confluente-rustic-moderne-in-34-de-metri-patrati_db\/#breadcrumb","itemListElement":[{"@type":"ListItem","position":1,"name":"Imoradar24","item":"https:\/\/www.imoradar24.ro"},{"@type":"ListItem","position":2,"name":"ImoExpert","item":"https:\/\/www.imobiliare.ro\/imoexpert\/"},{"@type":"ListItem","position":3,"name":"Sfaturi","item":"https:\/\/www.imobiliare.ro\/imoexpert\/ghid-imobiliar\/"},{"@type":"ListItem","position":4,"name":"Home &amp; Deco","item":"https:\/\/www.imobiliare.ro\/imoexpert\/ghid-imobiliar\/home-deco\/"},{"@type":"ListItem","position":5,"name":"O altfel de garsonier\u0103: confluen\u021be rustic-moderne \u00een 34 de metri p\u0103tra\u021bi"}]},{"@type":"WebSite","@id":"https:\/\/www.imobiliare.ro\/imoexpert\/#website","url":"https:\/\/www.imobiliare.ro\/imoexpert\/","name":"ImoExpert","description":"cele mai importante \u015ftiri din domeniul imobiliar","publisher":{"@id":"https:\/\/www.imobiliare.ro\/imoexpert\/#organization"},"inLanguage":"en"},{"@type":"Organization","@id":"https:\/\/www.imobiliare.ro\/imoexpert\/#organization","name":"Imobiliare.ro","alternateName":"Realmedia Network SA","url":"https:\/\/www.imobiliare.ro\/imoexpert\/","logo":{"@type":"ImageObject","inLanguage":"en","@id":"https:\/\/www.imobiliare.ro\/imoexpert\/#\/schema\/logo\/image\/","url":"https:\/\/www.imobiliare.ro\/imoexpert\/wp-content\/uploads\/2025\/05\/imobiliare_logo.png","contentUrl":"https:\/\/www.imobiliare.ro\/imoexpert\/wp-content\/uploads\/2025\/05\/imobiliare_logo.png","width":237,"height":29,"caption":"Imobiliare.ro"},"image":{"@id":"https:\/\/www.imobiliare.ro\/imoexpert\/#\/schema\/logo\/image\/"}},{"@type":"Person","@id":"https:\/\/www.imobiliare.ro\/imoexpert\/#\/schema\/person\/8c13b0297075010b896471fabf0d7790","name":"Adriana Dr\u0103gu\u0219in","image":{"@type":"ImageObject","inLanguage":"en","@id":"https:\/\/secure.gravatar.com\/avatar\/ba4762f7517e50e679ed7f11207102d1150120f2f5800c0da98f8a15305bf514?s=96&d=mm&r=g","url":"https:\/\/secure.gravatar.com\/avatar\/ba4762f7517e50e679ed7f11207102d1150120f2f5800c0da98f8a15305bf514?s=96&d=mm&r=g","contentUrl":"https:\/\/secure.gravatar.com\/avatar\/ba4762f7517e50e679ed7f11207102d1150120f2f5800c0da98f8a15305bf514?s=96&d=mm&r=g","caption":"Adriana Dr\u0103gu\u0219in"},"description":"Adriana Dr\u0103gu\u0219in is an Editor at Imobiliare.ro","jobTitle":"Editor","url":"https:\/\/www.imobiliare.ro\/imoexpert\/author\/adriana-dragusin\/"}]}},"_links":{"self":[{"href":"https:\/\/www.imobiliare.ro\/imoexpert\/wp-json\/wp\/v2\/posts\/31407","targetHints":{"allow":["GET"]}}],"collection":[{"href":"https:\/\/www.imobiliare.ro\/imoexpert\/wp-json\/wp\/v2\/posts"}],"about":[{"href":"https:\/\/www.imobiliare.ro\/imoexpert\/wp-json\/wp\/v2\/types\/post"}],"author":[{"embeddable":true,"href":"https:\/\/www.imobiliare.ro\/imoexpert\/wp-json\/wp\/v2\/users\/829"}],"replies":[{"embeddable":true,"href":"https:\/\/www.imobiliare.ro\/imoexpert\/wp-json\/wp\/v2\/comments?post=31407"}],"version-history":[{"count":0,"href":"https:\/\/www.imobiliare.ro\/imoexpert\/wp-json\/wp\/v2\/posts\/31407\/revisions"}],"wp:featuredmedia":[{"embeddable":true,"href":"https:\/\/www.imobiliare.ro\/imoexpert\/wp-json\/wp\/v2\/media\/31408"}],"wp:attachment":[{"href":"https:\/\/www.imobiliare.ro\/imoexpert\/wp-json\/wp\/v2\/media?parent=31407"}],"wp:term":[{"taxonomy":"category","embeddable":true,"href":"https:\/\/www.imobiliare.ro\/imoexpert\/wp-json\/wp\/v2\/categories?post=31407"},{"taxonomy":"post_tag","embeddable":true,"href":"https:\/\/www.imobiliare.ro\/imoexpert\/wp-json\/wp\/v2\/tags?post=31407"},{"taxonomy":"content_author","embeddable":true,"href":"https:\/\/www.imobiliare.ro\/imoexpert\/wp-json\/wp\/v2\/content_author?post=31407"}],"curies":[{"name":"wp","href":"https:\/\/api.w.org\/{rel}","templated":true}]}}