{"id":31763,"date":"2014-09-24T11:38:28","date_gmt":"2014-09-24T08:38:28","guid":{"rendered":"https:\/\/www.imobiliare.ro\/?p=31763"},"modified":"2014-09-24T11:38:28","modified_gmt":"2014-09-24T08:38:28","slug":"decor-romantic-si-elegant-intr-un-apartament-cu-2-camere-din-bucuresti","status":"publish","type":"post","link":"https:\/\/www.imobiliare.ro\/imoexpert\/decor-romantic-si-elegant-intr-un-apartament-cu-2-camere-din-bucuresti_db\/","title":{"rendered":"Decor romantic \u0219i elegant \u00eentr-un apartament cu 2 camere din Bucure\u0219ti"},"content":{"rendered":"<p><strong>\u00centr-un open-space, zonele cu diferite func\u021bionalit\u0103\u021bi pot fi delimitate doar cu ajutorul mobilierului.<\/strong><\/p>\n<p>C\u00e2nd vine vorba de amenajarea propriei locuin\u021be, personalitatea noastr\u0103 este, dincolo de orice \u201etrenduri\u201d, cea mai bun\u0103 surs\u0103 de inspira\u021bie. Locuin\u021ba de mai jos, decorat\u0103 de o echip\u0103 de designeri rom\u00e2ni, reprezint\u0103 o bun\u0103 dovad\u0103 pentru aceasta:<\/p>\n<p><a class=\"article-body-links\"href=\"https:\/\/www.imobiliare.ro\/imoexpert\/wp-content\/uploads\/2014\/09\/Insign-apartament-2.jpg\"><img loading=\"lazy\" decoding=\"async\" class=\"aligncenter size-full wp-image-31765\" alt=\"Insign apartament 2\" src=\"https:\/\/www.imobiliare.ro\/imoexpert\/wp-content\/uploads\/2014\/09\/Insign-apartament-2.jpg\" width=\"600\" height=\"373\" srcset=\"https:\/\/www.imobiliare.ro\/imoexpert\/wp-content\/uploads\/2014\/09\/Insign-apartament-2.jpg 600w, https:\/\/www.imobiliare.ro\/imoexpert\/wp-content\/uploads\/2014\/09\/Insign-apartament-2-300x187.jpg 300w\" sizes=\"auto, (max-width: 600px) 100vw, 600px\" \/><\/a><\/p>\n<p>Situat \u00eentr-un ansamblu reziden\u021bial nou-construit din Bucure\u0219ti, apartamentul din imagini a fost amenajat de biroul autohton <a class=\"article-body-links\"href=\"http:\/\/www.studioinsign.ro\/\">Studio Insign<\/a>. Conturarea conceptului de design a pornit chiar de la dorin\u021bele proprietarei, care \u0219i-a dorit un ambient tineresc \u0219i, \u00een acela\u0219i timp, elegant.<\/p>\n<p><a class=\"article-body-links\"href=\"https:\/\/www.imobiliare.ro\/imoexpert\/wp-content\/uploads\/2014\/09\/Insign-apartament-3.jpg\"><img loading=\"lazy\" decoding=\"async\" class=\"aligncenter size-full wp-image-31766\" alt=\"Insign apartament 3\" src=\"https:\/\/www.imobiliare.ro\/imoexpert\/wp-content\/uploads\/2014\/09\/Insign-apartament-3.jpg\" width=\"600\" height=\"400\" srcset=\"https:\/\/www.imobiliare.ro\/imoexpert\/wp-content\/uploads\/2014\/09\/Insign-apartament-3.jpg 600w, https:\/\/www.imobiliare.ro\/imoexpert\/wp-content\/uploads\/2014\/09\/Insign-apartament-3-300x200.jpg 300w, https:\/\/www.imobiliare.ro\/imoexpert\/wp-content\/uploads\/2014\/09\/Insign-apartament-3-87x57.jpg 87w, https:\/\/www.imobiliare.ro\/imoexpert\/wp-content\/uploads\/2014\/09\/Insign-apartament-3-65x43.jpg 65w, https:\/\/www.imobiliare.ro\/imoexpert\/wp-content\/uploads\/2014\/09\/Insign-apartament-3-154x103.jpg 154w\" sizes=\"auto, (max-width: 600px) 100vw, 600px\" \/><\/a><br \/>\n<a class=\"article-body-links\"href=\"https:\/\/www.imobiliare.ro\/imoexpert\/wp-content\/uploads\/2014\/09\/Insign-apartament-1.jpg\"><img loading=\"lazy\" decoding=\"async\" class=\"aligncenter size-full wp-image-31764\" alt=\"Insign apartament 1\" src=\"https:\/\/www.imobiliare.ro\/imoexpert\/wp-content\/uploads\/2014\/09\/Insign-apartament-1.jpg\" width=\"600\" height=\"400\" srcset=\"https:\/\/www.imobiliare.ro\/imoexpert\/wp-content\/uploads\/2014\/09\/Insign-apartament-1.jpg 600w, https:\/\/www.imobiliare.ro\/imoexpert\/wp-content\/uploads\/2014\/09\/Insign-apartament-1-300x200.jpg 300w, https:\/\/www.imobiliare.ro\/imoexpert\/wp-content\/uploads\/2014\/09\/Insign-apartament-1-87x57.jpg 87w, https:\/\/www.imobiliare.ro\/imoexpert\/wp-content\/uploads\/2014\/09\/Insign-apartament-1-65x43.jpg 65w, https:\/\/www.imobiliare.ro\/imoexpert\/wp-content\/uploads\/2014\/09\/Insign-apartament-1-154x103.jpg 154w\" sizes=\"auto, (max-width: 600px) 100vw, 600px\" \/><\/a><\/p>\n<p>Locuin\u021ba beneficiaz\u0103 de o compartimentare modern\u0103, fiind compus\u0103 din dou\u0103 camere, dintre care una de tip open-space. \u201eAcest lucru ne-a permis s\u0103 realiz\u0103m un proiect 3D unde am integrat buc\u0103t\u0103ria, dining, living \u0219i o zon\u0103 de birou, iar cealalt\u0103 camer\u0103 a devenit dormitor. Am optat pentru un stil eclectic, care combin\u0103 elegan\u0163a clasic\u0103 \u015fi farmecul pieselor de design, aleg\u00e2nd mobilier adecvat de la partenerii no\u015ftri, Galeriile Noblesse\u201d, explic\u0103 autorii proiectului. Astfel, zona de zi a casei a fost \u00eemp\u0103r\u021bit\u0103 \u00een mai multe zone func\u021bionale, delimitate vizual doar cu ajutorul mobilierului, \u00een timp ce dormitorul a devenit \u201eun spa\u021biu intim \u0219i feminin\u201d.<\/p>\n<p><a class=\"article-body-links\"href=\"https:\/\/www.imobiliare.ro\/imoexpert\/wp-content\/uploads\/2014\/09\/Insign-apartament-4.jpg\"><img loading=\"lazy\" decoding=\"async\" class=\"aligncenter size-full wp-image-31767\" alt=\"Insign apartament 4\" src=\"https:\/\/www.imobiliare.ro\/imoexpert\/wp-content\/uploads\/2014\/09\/Insign-apartament-4.jpg\" width=\"600\" height=\"400\" srcset=\"https:\/\/www.imobiliare.ro\/imoexpert\/wp-content\/uploads\/2014\/09\/Insign-apartament-4.jpg 600w, https:\/\/www.imobiliare.ro\/imoexpert\/wp-content\/uploads\/2014\/09\/Insign-apartament-4-300x200.jpg 300w, https:\/\/www.imobiliare.ro\/imoexpert\/wp-content\/uploads\/2014\/09\/Insign-apartament-4-87x57.jpg 87w, https:\/\/www.imobiliare.ro\/imoexpert\/wp-content\/uploads\/2014\/09\/Insign-apartament-4-65x43.jpg 65w, https:\/\/www.imobiliare.ro\/imoexpert\/wp-content\/uploads\/2014\/09\/Insign-apartament-4-154x103.jpg 154w\" sizes=\"auto, (max-width: 600px) 100vw, 600px\" \/><\/a><br \/>\n<a class=\"article-body-links\"href=\"https:\/\/www.imobiliare.ro\/imoexpert\/wp-content\/uploads\/2014\/09\/Insign-apartament-5.jpg\"><img loading=\"lazy\" decoding=\"async\" class=\"aligncenter size-full wp-image-31768\" alt=\"Insign apartament 5\" src=\"https:\/\/www.imobiliare.ro\/imoexpert\/wp-content\/uploads\/2014\/09\/Insign-apartament-5.jpg\" width=\"600\" height=\"469\" srcset=\"https:\/\/www.imobiliare.ro\/imoexpert\/wp-content\/uploads\/2014\/09\/Insign-apartament-5.jpg 600w, https:\/\/www.imobiliare.ro\/imoexpert\/wp-content\/uploads\/2014\/09\/Insign-apartament-5-300x235.jpg 300w\" sizes=\"auto, (max-width: 600px) 100vw, 600px\" \/><\/a><br \/>\n<a class=\"article-body-links\"href=\"https:\/\/www.imobiliare.ro\/imoexpert\/wp-content\/uploads\/2014\/09\/Insign-apartament-6.jpg\"><img loading=\"lazy\" decoding=\"async\" class=\"aligncenter size-full wp-image-31769\" alt=\"Insign apartament 6\" src=\"https:\/\/www.imobiliare.ro\/imoexpert\/wp-content\/uploads\/2014\/09\/Insign-apartament-6.jpg\" width=\"600\" height=\"387\" srcset=\"https:\/\/www.imobiliare.ro\/imoexpert\/wp-content\/uploads\/2014\/09\/Insign-apartament-6.jpg 600w, https:\/\/www.imobiliare.ro\/imoexpert\/wp-content\/uploads\/2014\/09\/Insign-apartament-6-300x194.jpg 300w, https:\/\/www.imobiliare.ro\/imoexpert\/wp-content\/uploads\/2014\/09\/Insign-apartament-6-87x57.jpg 87w, https:\/\/www.imobiliare.ro\/imoexpert\/wp-content\/uploads\/2014\/09\/Insign-apartament-6-65x43.jpg 65w\" sizes=\"auto, (max-width: 600px) 100vw, 600px\" \/><\/a><br \/>\n<a class=\"article-body-links\"href=\"https:\/\/www.imobiliare.ro\/imoexpert\/wp-content\/uploads\/2014\/09\/Insign-apartament-7.jpg\"><img loading=\"lazy\" decoding=\"async\" class=\"aligncenter size-full wp-image-31770\" alt=\"Insign apartament 7\" src=\"https:\/\/www.imobiliare.ro\/imoexpert\/wp-content\/uploads\/2014\/09\/Insign-apartament-7.jpg\" width=\"600\" height=\"900\" srcset=\"https:\/\/www.imobiliare.ro\/imoexpert\/wp-content\/uploads\/2014\/09\/Insign-apartament-7.jpg 600w, https:\/\/www.imobiliare.ro\/imoexpert\/wp-content\/uploads\/2014\/09\/Insign-apartament-7-200x300.jpg 200w\" sizes=\"auto, (max-width: 600px) 100vw, 600px\" \/><\/a><br \/>\n<a class=\"article-body-links\"href=\"https:\/\/www.imobiliare.ro\/imoexpert\/wp-content\/uploads\/2014\/09\/Insign-apartament-8.jpg\"><img loading=\"lazy\" decoding=\"async\" class=\"aligncenter size-full wp-image-31771\" alt=\"Insign apartament 8\" src=\"https:\/\/www.imobiliare.ro\/imoexpert\/wp-content\/uploads\/2014\/09\/Insign-apartament-8.jpg\" width=\"600\" height=\"900\" srcset=\"https:\/\/www.imobiliare.ro\/imoexpert\/wp-content\/uploads\/2014\/09\/Insign-apartament-8.jpg 600w, https:\/\/www.imobiliare.ro\/imoexpert\/wp-content\/uploads\/2014\/09\/Insign-apartament-8-200x300.jpg 200w\" sizes=\"auto, (max-width: 600px) 100vw, 600px\" \/><\/a><\/p>\n<p>Pentru a r\u0103spunde dorin\u021belor proprietarei, designerii au optat pentru o palet\u0103 \u201eromantic\u0103\u201d de culori, armoniz\u00e2nd tonuri pale de bleu cu crem \u015fi alb \u0219i ad\u0103ug\u00e2nd, pe alocuri, accente de ro\u0219u. \u201eMixul cromatic respecta trendurile actuale \u00een designul interior, iar combina\u021bia de materiale textile simple sau cu pattern-uri completeaz\u0103 frumos \u00eentreaga amenajare\u201d, explic\u0103 ace\u0219tia.<\/p>\n<p><a class=\"article-body-links\"href=\"https:\/\/www.imobiliare.ro\/imoexpert\/wp-content\/uploads\/2014\/09\/Insign-apartament-9.jpg\"><img loading=\"lazy\" decoding=\"async\" class=\"aligncenter size-full wp-image-31772\" alt=\"Insign apartament 9\" src=\"https:\/\/www.imobiliare.ro\/imoexpert\/wp-content\/uploads\/2014\/09\/Insign-apartament-9.jpg\" width=\"600\" height=\"400\" srcset=\"https:\/\/www.imobiliare.ro\/imoexpert\/wp-content\/uploads\/2014\/09\/Insign-apartament-9.jpg 600w, https:\/\/www.imobiliare.ro\/imoexpert\/wp-content\/uploads\/2014\/09\/Insign-apartament-9-300x200.jpg 300w, https:\/\/www.imobiliare.ro\/imoexpert\/wp-content\/uploads\/2014\/09\/Insign-apartament-9-87x57.jpg 87w, https:\/\/www.imobiliare.ro\/imoexpert\/wp-content\/uploads\/2014\/09\/Insign-apartament-9-65x43.jpg 65w, https:\/\/www.imobiliare.ro\/imoexpert\/wp-content\/uploads\/2014\/09\/Insign-apartament-9-154x103.jpg 154w\" sizes=\"auto, (max-width: 600px) 100vw, 600px\" \/><\/a><br \/>\n<a class=\"article-body-links\"href=\"https:\/\/www.imobiliare.ro\/imoexpert\/wp-content\/uploads\/2014\/09\/Insign-apartament-10.jpg\"><img loading=\"lazy\" decoding=\"async\" class=\"aligncenter size-full wp-image-31773\" alt=\"Insign apartament 10\" src=\"https:\/\/www.imobiliare.ro\/imoexpert\/wp-content\/uploads\/2014\/09\/Insign-apartament-10.jpg\" width=\"600\" height=\"900\" srcset=\"https:\/\/www.imobiliare.ro\/imoexpert\/wp-content\/uploads\/2014\/09\/Insign-apartament-10.jpg 600w, https:\/\/www.imobiliare.ro\/imoexpert\/wp-content\/uploads\/2014\/09\/Insign-apartament-10-200x300.jpg 200w\" sizes=\"auto, (max-width: 600px) 100vw, 600px\" \/><\/a><br \/>\n<a class=\"article-body-links\"href=\"https:\/\/www.imobiliare.ro\/imoexpert\/wp-content\/uploads\/2014\/09\/Insign-apartament-11.jpg\"><img loading=\"lazy\" decoding=\"async\" class=\"aligncenter size-full wp-image-31774\" alt=\"Insign apartament 11\" src=\"https:\/\/www.imobiliare.ro\/imoexpert\/wp-content\/uploads\/2014\/09\/Insign-apartament-11.jpg\" width=\"600\" height=\"376\" srcset=\"https:\/\/www.imobiliare.ro\/imoexpert\/wp-content\/uploads\/2014\/09\/Insign-apartament-11.jpg 600w, https:\/\/www.imobiliare.ro\/imoexpert\/wp-content\/uploads\/2014\/09\/Insign-apartament-11-300x188.jpg 300w, https:\/\/www.imobiliare.ro\/imoexpert\/wp-content\/uploads\/2014\/09\/Insign-apartament-11-384x242.jpg 384w, https:\/\/www.imobiliare.ro\/imoexpert\/wp-content\/uploads\/2014\/09\/Insign-apartament-11-426x268.jpg 426w\" sizes=\"auto, (max-width: 600px) 100vw, 600px\" \/><\/a><br \/>\n<a class=\"article-body-links\"href=\"https:\/\/www.imobiliare.ro\/imoexpert\/wp-content\/uploads\/2014\/09\/Insign-apartament-12.jpg\"><img loading=\"lazy\" decoding=\"async\" class=\"aligncenter size-full wp-image-31775\" alt=\"Insign apartament 12\" src=\"https:\/\/www.imobiliare.ro\/imoexpert\/wp-content\/uploads\/2014\/09\/Insign-apartament-12.jpg\" width=\"600\" height=\"400\" srcset=\"https:\/\/www.imobiliare.ro\/imoexpert\/wp-content\/uploads\/2014\/09\/Insign-apartament-12.jpg 600w, https:\/\/www.imobiliare.ro\/imoexpert\/wp-content\/uploads\/2014\/09\/Insign-apartament-12-300x200.jpg 300w, https:\/\/www.imobiliare.ro\/imoexpert\/wp-content\/uploads\/2014\/09\/Insign-apartament-12-87x57.jpg 87w, https:\/\/www.imobiliare.ro\/imoexpert\/wp-content\/uploads\/2014\/09\/Insign-apartament-12-65x43.jpg 65w, https:\/\/www.imobiliare.ro\/imoexpert\/wp-content\/uploads\/2014\/09\/Insign-apartament-12-154x103.jpg 154w\" sizes=\"auto, (max-width: 600px) 100vw, 600px\" \/><\/a><\/p>\n<p><em><strong>Surs\u0103 foto: <a class=\"article-body-links\"href=\"http:\/\/www.studioinsign.ro\/design-interior\/apartamente\/design-interior-apartament-bucuresti-orhideea-realizare-85\">Studio Insign<\/a><br \/>\nCite\u0219te \u0219i: <a class=\"article-body-links\"href=\"https:\/\/www.imobiliare.ro\/homedeco\/viata-intr-o-garsoniera-stil-si-functionalitate-la-feminin_db\/\">Via\u021ba \u00eentr-o garsonier\u0103: stil \u0219i func\u021bionalitate, la feminin<\/a><\/strong><\/em><\/p>\n","protected":false},"excerpt":{"rendered":"<p>\u00centr-un open-space, zonele cu diferite func\u021bionalit\u0103\u021bi pot fi delimitate doar cu ajutorul mobilierului. C\u00e2nd vine vorba de amenajarea propriei locuin\u021be, personalitatea noastr\u0103 este, dincolo de orice \u201etrenduri\u201d, cea mai bun\u0103 surs\u0103 de inspira\u021bie. Locuin\u021ba de mai jos, decorat\u0103 de o echip\u0103 de designeri rom\u00e2ni, reprezint\u0103 o bun\u0103 dovad\u0103 pentru aceasta: Situat \u00eentr-un ansamblu reziden\u021bial nou-construit [&hellip;]<\/p>\n","protected":false},"author":829,"featured_media":31765,"comment_status":"open","ping_status":"open","sticky":false,"template":"","format":"standard","meta":{"footnotes":""},"categories":[255,259],"tags":[1022,1410,1411],"content_author":[],"class_list":["post-31763","post","type-post","status-publish","format-standard","has-post-thumbnail","hentry","category-home-deco","category-stiri","tag-homedeco","tag-newsletter","tag-principal"],"yoast_head":"<!-- This site is optimized with the Yoast SEO Premium plugin v27.0 (Yoast SEO v27.0) - https:\/\/yoast.com\/product\/yoast-seo-premium-wordpress\/ -->\n<title>Decor romantic \u0219i elegant \u00eentr-un apartament cu 2 camere din Bucure\u0219ti - Home &amp; Deco, \u0218tiri - ImoExpert<\/title>\n<meta name=\"description\" content=\"\u00centr-un open-space, zonele cu diferite func\u021bionalit\u0103\u021bi pot fi delimitate doar cu ajutorul mobilierului. C\u00e2nd vine vorba de amenajarea propriei locuin\u021be,\" \/>\n<meta name=\"robots\" content=\"index, follow\" \/>\n<link rel=\"canonical\" href=\"https:\/\/www.imobiliare.ro\/imoexpert\/decor-romantic-si-elegant-intr-un-apartament-cu-2-camere-din-bucuresti_db\/\" \/>\n<meta property=\"og:locale\" content=\"ro_RO\" \/>\n<meta property=\"og:type\" content=\"article\" \/>\n<meta property=\"og:title\" content=\"Decor romantic \u0219i elegant \u00eentr-un apartament cu 2 camere din Bucure\u0219ti\" \/>\n<meta property=\"og:description\" content=\"\u00centr-un open-space, zonele cu diferite func\u021bionalit\u0103\u021bi pot fi delimitate doar cu ajutorul mobilierului. C\u00e2nd vine vorba de amenajarea propriei locuin\u021be,\" \/>\n<meta property=\"og:url\" content=\"https:\/\/www.imobiliare.ro\/imoexpert\/decor-romantic-si-elegant-intr-un-apartament-cu-2-camere-din-bucuresti_db\/\" \/>\n<meta property=\"og:site_name\" content=\"ImoExpert\" \/>\n<meta property=\"article:published_time\" content=\"2014-09-24T08:38:28+00:00\" \/>\n<meta property=\"og:image\" content=\"https:\/\/www.imobiliare.ro\/imoexpert\/wp-content\/uploads\/2014\/09\/Insign-apartament-2.jpg\" \/>\n\t<meta property=\"og:image:width\" content=\"600\" \/>\n\t<meta property=\"og:image:height\" content=\"373\" \/>\n\t<meta property=\"og:image:type\" content=\"image\/jpeg\" \/>\n<meta name=\"author\" content=\"Adriana Dr\u0103gu\u0219in\" \/>\n<meta name=\"twitter:card\" content=\"summary_large_image\" \/>\n<meta name=\"twitter:label1\" content=\"Written by\" \/>\n\t<meta name=\"twitter:data1\" content=\"Adriana Dr\u0103gu\u0219in\" \/>\n\t<meta name=\"twitter:label2\" content=\"Est. reading time\" \/>\n\t<meta name=\"twitter:data2\" content=\"1 minut\" \/>\n<script type=\"application\/ld+json\" class=\"yoast-schema-graph\">{\"@context\":\"https:\/\/schema.org\",\"@graph\":[{\"@type\":\"Article\",\"@id\":\"https:\/\/www.imobiliare.ro\/imoexpert\/decor-romantic-si-elegant-intr-un-apartament-cu-2-camere-din-bucuresti_db\/#article\",\"isPartOf\":{\"@id\":\"https:\/\/www.imobiliare.ro\/imoexpert\/decor-romantic-si-elegant-intr-un-apartament-cu-2-camere-din-bucuresti_db\/\"},\"author\":{\"name\":\"Adriana Dr\u0103gu\u0219in\",\"@id\":\"https:\/\/www.imobiliare.ro\/imoexpert\/#\/schema\/person\/8c13b0297075010b896471fabf0d7790\"},\"headline\":\"Decor romantic \u0219i elegant \u00eentr-un apartament cu 2 camere din Bucure\u0219ti\",\"datePublished\":\"2014-09-24T08:38:28+00:00\",\"mainEntityOfPage\":{\"@id\":\"https:\/\/www.imobiliare.ro\/imoexpert\/decor-romantic-si-elegant-intr-un-apartament-cu-2-camere-din-bucuresti_db\/\"},\"wordCount\":302,\"commentCount\":0,\"publisher\":{\"@id\":\"https:\/\/www.imobiliare.ro\/imoexpert\/#organization\"},\"image\":{\"@id\":\"https:\/\/www.imobiliare.ro\/imoexpert\/decor-romantic-si-elegant-intr-un-apartament-cu-2-camere-din-bucuresti_db\/#primaryimage\"},\"thumbnailUrl\":\"https:\/\/www.imobiliare.ro\/imoexpert\/wp-content\/uploads\/2014\/09\/Insign-apartament-2.jpg\",\"keywords\":[\"Home&amp;Deco\",\"newsletter\",\"principal\"],\"articleSection\":[\"Home &amp; Deco\",\"\u0218tiri\"],\"inLanguage\":\"en\",\"potentialAction\":[{\"@type\":\"CommentAction\",\"name\":\"Comment\",\"target\":[\"https:\/\/www.imobiliare.ro\/imoexpert\/decor-romantic-si-elegant-intr-un-apartament-cu-2-camere-din-bucuresti_db\/#respond\"]}],\"copyrightYear\":\"2014\",\"copyrightHolder\":{\"@id\":\"https:\/\/www.imobiliare.ro\/imoexpert\/#organization\"}},{\"@type\":\"WebPage\",\"@id\":\"https:\/\/www.imobiliare.ro\/imoexpert\/decor-romantic-si-elegant-intr-un-apartament-cu-2-camere-din-bucuresti_db\/\",\"url\":\"https:\/\/www.imobiliare.ro\/imoexpert\/decor-romantic-si-elegant-intr-un-apartament-cu-2-camere-din-bucuresti_db\/\",\"name\":\"Decor romantic \u0219i elegant \u00eentr-un apartament cu 2 camere din Bucure\u0219ti - Home &amp; Deco, \u0218tiri - ImoExpert\",\"isPartOf\":{\"@id\":\"https:\/\/www.imobiliare.ro\/imoexpert\/#website\"},\"primaryImageOfPage\":{\"@id\":\"https:\/\/www.imobiliare.ro\/imoexpert\/decor-romantic-si-elegant-intr-un-apartament-cu-2-camere-din-bucuresti_db\/#primaryimage\"},\"image\":{\"@id\":\"https:\/\/www.imobiliare.ro\/imoexpert\/decor-romantic-si-elegant-intr-un-apartament-cu-2-camere-din-bucuresti_db\/#primaryimage\"},\"thumbnailUrl\":\"https:\/\/www.imobiliare.ro\/imoexpert\/wp-content\/uploads\/2014\/09\/Insign-apartament-2.jpg\",\"datePublished\":\"2014-09-24T08:38:28+00:00\",\"description\":\"\u00centr-un open-space, zonele cu diferite func\u021bionalit\u0103\u021bi pot fi delimitate doar cu ajutorul mobilierului. C\u00e2nd vine vorba de amenajarea propriei locuin\u021be,\",\"breadcrumb\":{\"@id\":\"https:\/\/www.imobiliare.ro\/imoexpert\/decor-romantic-si-elegant-intr-un-apartament-cu-2-camere-din-bucuresti_db\/#breadcrumb\"},\"inLanguage\":\"en\",\"potentialAction\":[{\"@type\":\"ReadAction\",\"target\":[\"https:\/\/www.imobiliare.ro\/imoexpert\/decor-romantic-si-elegant-intr-un-apartament-cu-2-camere-din-bucuresti_db\/\"]}]},{\"@type\":\"ImageObject\",\"inLanguage\":\"en\",\"@id\":\"https:\/\/www.imobiliare.ro\/imoexpert\/decor-romantic-si-elegant-intr-un-apartament-cu-2-camere-din-bucuresti_db\/#primaryimage\",\"url\":\"https:\/\/www.imobiliare.ro\/imoexpert\/wp-content\/uploads\/2014\/09\/Insign-apartament-2.jpg\",\"contentUrl\":\"https:\/\/www.imobiliare.ro\/imoexpert\/wp-content\/uploads\/2014\/09\/Insign-apartament-2.jpg\",\"width\":600,\"height\":373},{\"@type\":\"BreadcrumbList\",\"@id\":\"https:\/\/www.imobiliare.ro\/imoexpert\/decor-romantic-si-elegant-intr-un-apartament-cu-2-camere-din-bucuresti_db\/#breadcrumb\",\"itemListElement\":[{\"@type\":\"ListItem\",\"position\":1,\"name\":\"Imoradar24\",\"item\":\"https:\/\/www.imoradar24.ro\"},{\"@type\":\"ListItem\",\"position\":2,\"name\":\"ImoExpert\",\"item\":\"https:\/\/www.imobiliare.ro\/imoexpert\/\"},{\"@type\":\"ListItem\",\"position\":3,\"name\":\"Sfaturi\",\"item\":\"https:\/\/www.imobiliare.ro\/imoexpert\/ghid-imobiliar\/\"},{\"@type\":\"ListItem\",\"position\":4,\"name\":\"Home &amp; Deco\",\"item\":\"https:\/\/www.imobiliare.ro\/imoexpert\/ghid-imobiliar\/home-deco\/\"},{\"@type\":\"ListItem\",\"position\":5,\"name\":\"Decor romantic \u0219i elegant \u00eentr-un apartament cu 2 camere din Bucure\u0219ti\"}]},{\"@type\":\"WebSite\",\"@id\":\"https:\/\/www.imobiliare.ro\/imoexpert\/#website\",\"url\":\"https:\/\/www.imobiliare.ro\/imoexpert\/\",\"name\":\"ImoExpert\",\"description\":\"cele mai importante \u015ftiri din domeniul imobiliar\",\"publisher\":{\"@id\":\"https:\/\/www.imobiliare.ro\/imoexpert\/#organization\"},\"inLanguage\":\"en\"},{\"@type\":\"Organization\",\"@id\":\"https:\/\/www.imobiliare.ro\/imoexpert\/#organization\",\"name\":\"Imobiliare.ro\",\"alternateName\":\"Realmedia Network SA\",\"url\":\"https:\/\/www.imobiliare.ro\/imoexpert\/\",\"logo\":{\"@type\":\"ImageObject\",\"inLanguage\":\"en\",\"@id\":\"https:\/\/www.imobiliare.ro\/imoexpert\/#\/schema\/logo\/image\/\",\"url\":\"https:\/\/www.imobiliare.ro\/imoexpert\/wp-content\/uploads\/2025\/05\/imobiliare_logo.png\",\"contentUrl\":\"https:\/\/www.imobiliare.ro\/imoexpert\/wp-content\/uploads\/2025\/05\/imobiliare_logo.png\",\"width\":237,\"height\":29,\"caption\":\"Imobiliare.ro\"},\"image\":{\"@id\":\"https:\/\/www.imobiliare.ro\/imoexpert\/#\/schema\/logo\/image\/\"}},{\"@type\":\"Person\",\"@id\":\"https:\/\/www.imobiliare.ro\/imoexpert\/#\/schema\/person\/8c13b0297075010b896471fabf0d7790\",\"name\":\"Adriana Dr\u0103gu\u0219in\",\"image\":{\"@type\":\"ImageObject\",\"inLanguage\":\"en\",\"@id\":\"https:\/\/www.imobiliare.ro\/imoexpert\/#\/schema\/person\/image\/\",\"url\":\"https:\/\/secure.gravatar.com\/avatar\/ba4762f7517e50e679ed7f11207102d1150120f2f5800c0da98f8a15305bf514?s=96&d=mm&r=g\",\"contentUrl\":\"https:\/\/secure.gravatar.com\/avatar\/ba4762f7517e50e679ed7f11207102d1150120f2f5800c0da98f8a15305bf514?s=96&d=mm&r=g\",\"caption\":\"Adriana Dr\u0103gu\u0219in\"},\"jobTitle\":\"Editor\",\"url\":\"https:\/\/www.imobiliare.ro\/imoexpert\/author\/adriana-dragusin\/\"}]}<\/script>\n<!-- \/ Yoast SEO Premium plugin. -->","yoast_head_json":{"title":"Decor romantic \u0219i elegant \u00eentr-un apartament cu 2 camere din Bucure\u0219ti - Home &amp; Deco, \u0218tiri - ImoExpert","description":"\u00centr-un open-space, zonele cu diferite func\u021bionalit\u0103\u021bi pot fi delimitate doar cu ajutorul mobilierului. C\u00e2nd vine vorba de amenajarea propriei locuin\u021be,","robots":{"index":"index","follow":"follow"},"canonical":"https:\/\/www.imobiliare.ro\/imoexpert\/decor-romantic-si-elegant-intr-un-apartament-cu-2-camere-din-bucuresti_db\/","og_locale":"ro_RO","og_type":"article","og_title":"Decor romantic \u0219i elegant \u00eentr-un apartament cu 2 camere din Bucure\u0219ti","og_description":"\u00centr-un open-space, zonele cu diferite func\u021bionalit\u0103\u021bi pot fi delimitate doar cu ajutorul mobilierului. C\u00e2nd vine vorba de amenajarea propriei locuin\u021be,","og_url":"https:\/\/www.imobiliare.ro\/imoexpert\/decor-romantic-si-elegant-intr-un-apartament-cu-2-camere-din-bucuresti_db\/","og_site_name":"ImoExpert","article_published_time":"2014-09-24T08:38:28+00:00","og_image":[{"width":600,"height":373,"url":"https:\/\/www.imobiliare.ro\/imoexpert\/wp-content\/uploads\/2014\/09\/Insign-apartament-2.jpg","type":"image\/jpeg"}],"author":"Adriana Dr\u0103gu\u0219in","twitter_card":"summary_large_image","twitter_misc":{"Written by":"Adriana Dr\u0103gu\u0219in","Est. reading time":"1 minut"},"schema":{"@context":"https:\/\/schema.org","@graph":[{"@type":"Article","@id":"https:\/\/www.imobiliare.ro\/imoexpert\/decor-romantic-si-elegant-intr-un-apartament-cu-2-camere-din-bucuresti_db\/#article","isPartOf":{"@id":"https:\/\/www.imobiliare.ro\/imoexpert\/decor-romantic-si-elegant-intr-un-apartament-cu-2-camere-din-bucuresti_db\/"},"author":{"name":"Adriana Dr\u0103gu\u0219in","@id":"https:\/\/www.imobiliare.ro\/imoexpert\/#\/schema\/person\/8c13b0297075010b896471fabf0d7790"},"headline":"Decor romantic \u0219i elegant \u00eentr-un apartament cu 2 camere din Bucure\u0219ti","datePublished":"2014-09-24T08:38:28+00:00","mainEntityOfPage":{"@id":"https:\/\/www.imobiliare.ro\/imoexpert\/decor-romantic-si-elegant-intr-un-apartament-cu-2-camere-din-bucuresti_db\/"},"wordCount":302,"commentCount":0,"publisher":{"@id":"https:\/\/www.imobiliare.ro\/imoexpert\/#organization"},"image":{"@id":"https:\/\/www.imobiliare.ro\/imoexpert\/decor-romantic-si-elegant-intr-un-apartament-cu-2-camere-din-bucuresti_db\/#primaryimage"},"thumbnailUrl":"https:\/\/www.imobiliare.ro\/imoexpert\/wp-content\/uploads\/2014\/09\/Insign-apartament-2.jpg","keywords":["Home&amp;Deco","newsletter","principal"],"articleSection":["Home &amp; Deco","\u0218tiri"],"inLanguage":"en","potentialAction":[{"@type":"CommentAction","name":"Comment","target":["https:\/\/www.imobiliare.ro\/imoexpert\/decor-romantic-si-elegant-intr-un-apartament-cu-2-camere-din-bucuresti_db\/#respond"]}],"copyrightYear":"2014","copyrightHolder":{"@id":"https:\/\/www.imobiliare.ro\/imoexpert\/#organization"}},{"@type":"WebPage","@id":"https:\/\/www.imobiliare.ro\/imoexpert\/decor-romantic-si-elegant-intr-un-apartament-cu-2-camere-din-bucuresti_db\/","url":"https:\/\/www.imobiliare.ro\/imoexpert\/decor-romantic-si-elegant-intr-un-apartament-cu-2-camere-din-bucuresti_db\/","name":"Decor romantic \u0219i elegant \u00eentr-un apartament cu 2 camere din Bucure\u0219ti - Home &amp; Deco, \u0218tiri - ImoExpert","isPartOf":{"@id":"https:\/\/www.imobiliare.ro\/imoexpert\/#website"},"primaryImageOfPage":{"@id":"https:\/\/www.imobiliare.ro\/imoexpert\/decor-romantic-si-elegant-intr-un-apartament-cu-2-camere-din-bucuresti_db\/#primaryimage"},"image":{"@id":"https:\/\/www.imobiliare.ro\/imoexpert\/decor-romantic-si-elegant-intr-un-apartament-cu-2-camere-din-bucuresti_db\/#primaryimage"},"thumbnailUrl":"https:\/\/www.imobiliare.ro\/imoexpert\/wp-content\/uploads\/2014\/09\/Insign-apartament-2.jpg","datePublished":"2014-09-24T08:38:28+00:00","description":"\u00centr-un open-space, zonele cu diferite func\u021bionalit\u0103\u021bi pot fi delimitate doar cu ajutorul mobilierului. C\u00e2nd vine vorba de amenajarea propriei locuin\u021be,","breadcrumb":{"@id":"https:\/\/www.imobiliare.ro\/imoexpert\/decor-romantic-si-elegant-intr-un-apartament-cu-2-camere-din-bucuresti_db\/#breadcrumb"},"inLanguage":"en","potentialAction":[{"@type":"ReadAction","target":["https:\/\/www.imobiliare.ro\/imoexpert\/decor-romantic-si-elegant-intr-un-apartament-cu-2-camere-din-bucuresti_db\/"]}]},{"@type":"ImageObject","inLanguage":"en","@id":"https:\/\/www.imobiliare.ro\/imoexpert\/decor-romantic-si-elegant-intr-un-apartament-cu-2-camere-din-bucuresti_db\/#primaryimage","url":"https:\/\/www.imobiliare.ro\/imoexpert\/wp-content\/uploads\/2014\/09\/Insign-apartament-2.jpg","contentUrl":"https:\/\/www.imobiliare.ro\/imoexpert\/wp-content\/uploads\/2014\/09\/Insign-apartament-2.jpg","width":600,"height":373},{"@type":"BreadcrumbList","@id":"https:\/\/www.imobiliare.ro\/imoexpert\/decor-romantic-si-elegant-intr-un-apartament-cu-2-camere-din-bucuresti_db\/#breadcrumb","itemListElement":[{"@type":"ListItem","position":1,"name":"Imoradar24","item":"https:\/\/www.imoradar24.ro"},{"@type":"ListItem","position":2,"name":"ImoExpert","item":"https:\/\/www.imobiliare.ro\/imoexpert\/"},{"@type":"ListItem","position":3,"name":"Sfaturi","item":"https:\/\/www.imobiliare.ro\/imoexpert\/ghid-imobiliar\/"},{"@type":"ListItem","position":4,"name":"Home &amp; Deco","item":"https:\/\/www.imobiliare.ro\/imoexpert\/ghid-imobiliar\/home-deco\/"},{"@type":"ListItem","position":5,"name":"Decor romantic \u0219i elegant \u00eentr-un apartament cu 2 camere din Bucure\u0219ti"}]},{"@type":"WebSite","@id":"https:\/\/www.imobiliare.ro\/imoexpert\/#website","url":"https:\/\/www.imobiliare.ro\/imoexpert\/","name":"ImoExpert","description":"cele mai importante \u015ftiri din domeniul imobiliar","publisher":{"@id":"https:\/\/www.imobiliare.ro\/imoexpert\/#organization"},"inLanguage":"en"},{"@type":"Organization","@id":"https:\/\/www.imobiliare.ro\/imoexpert\/#organization","name":"Imobiliare.ro","alternateName":"Realmedia Network SA","url":"https:\/\/www.imobiliare.ro\/imoexpert\/","logo":{"@type":"ImageObject","inLanguage":"en","@id":"https:\/\/www.imobiliare.ro\/imoexpert\/#\/schema\/logo\/image\/","url":"https:\/\/www.imobiliare.ro\/imoexpert\/wp-content\/uploads\/2025\/05\/imobiliare_logo.png","contentUrl":"https:\/\/www.imobiliare.ro\/imoexpert\/wp-content\/uploads\/2025\/05\/imobiliare_logo.png","width":237,"height":29,"caption":"Imobiliare.ro"},"image":{"@id":"https:\/\/www.imobiliare.ro\/imoexpert\/#\/schema\/logo\/image\/"}},{"@type":"Person","@id":"https:\/\/www.imobiliare.ro\/imoexpert\/#\/schema\/person\/8c13b0297075010b896471fabf0d7790","name":"Adriana Dr\u0103gu\u0219in","image":{"@type":"ImageObject","inLanguage":"en","@id":"https:\/\/www.imobiliare.ro\/imoexpert\/#\/schema\/person\/image\/","url":"https:\/\/secure.gravatar.com\/avatar\/ba4762f7517e50e679ed7f11207102d1150120f2f5800c0da98f8a15305bf514?s=96&d=mm&r=g","contentUrl":"https:\/\/secure.gravatar.com\/avatar\/ba4762f7517e50e679ed7f11207102d1150120f2f5800c0da98f8a15305bf514?s=96&d=mm&r=g","caption":"Adriana Dr\u0103gu\u0219in"},"jobTitle":"Editor","url":"https:\/\/www.imobiliare.ro\/imoexpert\/author\/adriana-dragusin\/"}]}},"_links":{"self":[{"href":"https:\/\/www.imobiliare.ro\/imoexpert\/wp-json\/wp\/v2\/posts\/31763","targetHints":{"allow":["GET"]}}],"collection":[{"href":"https:\/\/www.imobiliare.ro\/imoexpert\/wp-json\/wp\/v2\/posts"}],"about":[{"href":"https:\/\/www.imobiliare.ro\/imoexpert\/wp-json\/wp\/v2\/types\/post"}],"author":[{"embeddable":true,"href":"https:\/\/www.imobiliare.ro\/imoexpert\/wp-json\/wp\/v2\/users\/829"}],"replies":[{"embeddable":true,"href":"https:\/\/www.imobiliare.ro\/imoexpert\/wp-json\/wp\/v2\/comments?post=31763"}],"version-history":[{"count":0,"href":"https:\/\/www.imobiliare.ro\/imoexpert\/wp-json\/wp\/v2\/posts\/31763\/revisions"}],"wp:featuredmedia":[{"embeddable":true,"href":"https:\/\/www.imobiliare.ro\/imoexpert\/wp-json\/wp\/v2\/media\/31765"}],"wp:attachment":[{"href":"https:\/\/www.imobiliare.ro\/imoexpert\/wp-json\/wp\/v2\/media?parent=31763"}],"wp:term":[{"taxonomy":"category","embeddable":true,"href":"https:\/\/www.imobiliare.ro\/imoexpert\/wp-json\/wp\/v2\/categories?post=31763"},{"taxonomy":"post_tag","embeddable":true,"href":"https:\/\/www.imobiliare.ro\/imoexpert\/wp-json\/wp\/v2\/tags?post=31763"},{"taxonomy":"content_author","embeddable":true,"href":"https:\/\/www.imobiliare.ro\/imoexpert\/wp-json\/wp\/v2\/content_author?post=31763"}],"curies":[{"name":"wp","href":"https:\/\/api.w.org\/{rel}","templated":true}]}}