{"id":33292,"date":"2015-01-12T17:48:52","date_gmt":"2015-01-12T15:48:52","guid":{"rendered":"https:\/\/www.imobiliare.ro\/?p=33292"},"modified":"2015-01-12T17:48:52","modified_gmt":"2015-01-12T15:48:52","slug":"episodul-2-pariu-cu-recesiunea-cine-a-castigat-si-cine-a-pierdut-la-achizitiile-de-case-vile","status":"publish","type":"post","link":"https:\/\/www.imobiliare.ro\/imoexpert\/episodul-2-pariu-cu-recesiunea-cine-a-castigat-si-cine-a-pierdut-la-achizitiile-de-case-vile_db\/","title":{"rendered":"Episodul 2: Pariu cu recesiunea: cine a c\u00e2\u0219tigat \u0219i cine a pierdut la achizi\u021biile de case-vile?"},"content":{"rendered":"<p><strong>\u0218i pe acest segment poate fi observat\u0103 o tendin\u021b\u0103 de stabilizare, caracterizat\u0103 de varia\u021bii at\u00e2t \u00een plus, c\u00e2t \u0219i \u00een minus, \u00een func\u021bie de ora\u0219.<\/strong><\/p>\n<p>Au trecut mai bine de \u0219ase ani de la instalarea f\u0103r\u0103 echivoc a perioadei de recesiune pe meleagurile real estate-ului autohton. <strong><a class=\"article-body-links\"href=\"https:\/\/www.imobiliare.ro\/\">Imobiliare.ro<\/a><\/strong> prezint\u0103 a doua parte a unui studiu \u2013 realizat \u00een colaborare cu platforma specializat\u0103 <a class=\"article-body-links\"href=\"http:\/\/www.analizeimobiliare.ro\/\">Analize Imobiliare<\/a> \u2013 ce \u00ee\u0219i propune s\u0103 arate care s-au dovedit a fi cele mai bune \u0219i, respectiv, cele mai proaste investi\u021bii imobiliare din 2008 \u00eencoace. Dup\u0103 achizi\u021biile de apartamente, \u201esub lup\u0103\u201d intr\u0103 segmentul <a class=\"article-body-links\"href=\"https:\/\/www.imobiliare.ro\/vanzare-case-vile\/\">v\u00e2nz\u0103rilor de case-vile<\/a> din cinci mari ora\u0219e ale \u021b\u0103rii (\u0219i \u00eemprejurimi).<\/p>\n<p><em><strong>Cite\u0219te \u0219i: <a class=\"article-body-links\"href=\"https:\/\/www.imobiliare.ro\/vanzare-apartamente\/episodul-1-pariu-cu-recesiunea-cine-a-castigat-si-cine-a-pierdut-cele-mai-bune-si-cele-mai-proaste-investitii-in-apartamente_db\/\">Episodul 1: Pariu cu recesiunea: cine a c\u00e2\u0219tigat \u0219i cine a pierdut? Cele mai bune \u0219i cele mai proaste investi\u021bii \u00een apartamente<\/a><\/strong><\/em><\/p>\n<p><a class=\"article-body-links\"href=\"https:\/\/www.imobiliare.ro\/imoexpert\/wp-content\/uploads\/2015\/01\/casa-si-chei.jpg\"><img loading=\"lazy\" decoding=\"async\" src=\"https:\/\/www.imobiliare.ro\/imoexpert\/wp-content\/uploads\/2015\/01\/casa-si-chei.jpg\" alt=\"casa si chei\" width=\"600\" height=\"433\" class=\"aligncenter size-full wp-image-33293\" srcset=\"https:\/\/www.imobiliare.ro\/imoexpert\/wp-content\/uploads\/2015\/01\/casa-si-chei.jpg 600w, https:\/\/www.imobiliare.ro\/imoexpert\/wp-content\/uploads\/2015\/01\/casa-si-chei-300x217.jpg 300w\" sizes=\"auto, (max-width: 600px) 100vw, 600px\" \/><\/a><\/p>\n<p>Studiul citat ia \u00een calcul evolu\u021bia pre\u021bului mediu pe metru p\u0103trat \u00een intervalul cuprins \u00eentre trimestrul patru al anului 2008 \u0219i perioada similar\u0103 din 2014, precum \u0219i varia\u021biile consemnate \u00een 2014 (fa\u021b\u0103 de ultimul trimestru al anului precedent). <\/p>\n<p>Dintre centrele regionale analizate, casele <strong>din zona Constan\u021bei<\/strong> \u0219i-au men\u021binut cel mai bine valoarea pe parcursul recesiunii; acestea au consemnat un recul de 21,2% din ultimul trimestru al anului 2008 p\u00e2n\u0103 \u00een perioada similar\u0103 din 2014, de la 972 la 766 de euro pe metru p\u0103trat util. Pe parcursul lui 2014, pre\u021burile solicitate de proprietari s-au men\u021binut la o valoare relativ constant\u0103. <\/p>\n<p>\u00cen <strong>zona Timi\u0219oarei<\/strong>, pre\u021burile caselor au sc\u0103zut cu 30% \u00een decursul ultimilor \u0219ase ani, de la un nivel de 1.000 de euro pe metru p\u0103trat, p\u00e2n\u0103 la 700 de euro pe metru p\u0103trat. Din T4 2013 p\u00e2n\u0103 \u00een T4 2014, v\u00e2nz\u0103torii \u0219i-au redus a\u0219tept\u0103rile cu o medie de 4,2%, de la 731 de euro pe metru p\u0103trat.<\/p>\n<p>\u00cen <strong>Cluj \u0219i \u00eemprejurimi<\/strong>, casele \u0219i vilele s-au ieftinit cu circa 31,9% din 2008 \u00eencoace, ajung\u00e2nd, \u00een trimestrul al patrulea al anului trecut, la o valoare de 1.075 de euro pe metru p\u0103trat util (fa\u021b\u0103 de 1.578 de euro pe metru p\u0103trat util). \u00cen ultimul an, declinul a continuat cu o marj\u0103 de 3,9%, de la 1.119 euro pe metru p\u0103trat.<\/p>\n<p><strong>\u00cen preajma Bra\u0219ovului<\/strong>, preten\u021biile v\u00e2nz\u0103torilor se situau anul trecut la o medie de 816 euro pe metru p\u0103trat util, \u00een sc\u0103dere cu 39,1% fa\u021b\u0103 de nivelul de 1.340 de euro pe metru p\u0103trat consemnat \u00een 2008. Casele bra\u0219ovene s-au apreciat \u00eens\u0103 u\u0219or de la finele lui 2013 \u00eencoace, cu o medie de 1,4%, de la 805 euro pe metru p\u0103trat. <\/p>\n<p>\u00cen ultimii \u0219ase ani, cea mai mare rat\u0103 de depreciere pe segmentul caselor \u0219i vilelor a fost consemnat\u0103 \u00een <strong>zona Capitalei (jude\u021bul Bucure\u0219ti Ilfov)<\/strong>. Valoarea de v\u00e2nzare pentru acest tip de propriet\u0103\u021bi a sc\u0103zut cu 43,5% \u00een perioada men\u021bionat\u0103, de la 2.333 la 1.318 euro pe metru p\u0103trat util. Tendin\u021ba de sc\u0103dere s-a men\u021binut \u0219i \u00een ultimul an, cu o marj\u0103 de 3,5%, de la un nivel de 1.366 de euro pe metru p\u0103trat util consemnat \u00een T4 2013.<\/p>\n","protected":false},"excerpt":{"rendered":"<p>\u0218i pe acest segment poate fi observat\u0103 o tendin\u021b\u0103 de stabilizare, caracterizat\u0103 de varia\u021bii at\u00e2t \u00een plus, c\u00e2t \u0219i \u00een minus, \u00een func\u021bie de ora\u0219. Au trecut mai bine de \u0219ase ani de la instalarea f\u0103r\u0103 echivoc a perioadei de recesiune pe meleagurile real estate-ului autohton. Imobiliare.ro prezint\u0103 a doua parte a unui studiu \u2013 [&hellip;]<\/p>\n","protected":false},"author":829,"featured_media":33293,"comment_status":"open","ping_status":"open","sticky":false,"template":"","format":"standard","meta":{"footnotes":""},"categories":[259],"tags":[1410,1411,451,1429],"content_author":[],"class_list":["post-33292","post","type-post","status-publish","format-standard","has-post-thumbnail","hentry","category-stiri","tag-newsletter","tag-principal","tag-proprietar","tag-vanzare-case"],"yoast_head":"<!-- This site is optimized with the Yoast SEO Premium plugin v27.0 (Yoast SEO v27.0) - https:\/\/yoast.com\/product\/yoast-seo-premium-wordpress\/ -->\n<title>Episodul 2: Pariu cu recesiunea: cine a c\u00e2\u0219tigat \u0219i cine a pierdut la achizi\u021biile de case-vile? - \u0218tiri - ImoExpert<\/title>\n<meta name=\"description\" content=\"\u0218i pe acest segment poate fi observat\u0103 o tendin\u021b\u0103 de stabilizare, caracterizat\u0103 de varia\u021bii at\u00e2t \u00een plus, c\u00e2t \u0219i \u00een minus, \u00een func\u021bie de ora\u0219. Au trecut\" \/>\n<meta name=\"robots\" content=\"index, follow\" \/>\n<link rel=\"canonical\" href=\"https:\/\/www.imobiliare.ro\/imoexpert\/episodul-2-pariu-cu-recesiunea-cine-a-castigat-si-cine-a-pierdut-la-achizitiile-de-case-vile_db\/\" \/>\n<meta property=\"og:locale\" content=\"ro_RO\" \/>\n<meta property=\"og:type\" content=\"article\" \/>\n<meta property=\"og:title\" content=\"Episodul 2: Pariu cu recesiunea: cine a c\u00e2\u0219tigat \u0219i cine a pierdut la achizi\u021biile de case-vile?\" \/>\n<meta property=\"og:description\" content=\"\u0218i pe acest segment poate fi observat\u0103 o tendin\u021b\u0103 de stabilizare, caracterizat\u0103 de varia\u021bii at\u00e2t \u00een plus, c\u00e2t \u0219i \u00een minus, \u00een func\u021bie de ora\u0219. Au trecut\" \/>\n<meta property=\"og:url\" content=\"https:\/\/www.imobiliare.ro\/imoexpert\/episodul-2-pariu-cu-recesiunea-cine-a-castigat-si-cine-a-pierdut-la-achizitiile-de-case-vile_db\/\" \/>\n<meta property=\"og:site_name\" content=\"ImoExpert\" \/>\n<meta property=\"article:published_time\" content=\"2015-01-12T15:48:52+00:00\" \/>\n<meta property=\"og:image\" content=\"https:\/\/www.imobiliare.ro\/imoexpert\/wp-content\/uploads\/2015\/01\/casa-si-chei.jpg\" \/>\n\t<meta property=\"og:image:width\" content=\"600\" \/>\n\t<meta property=\"og:image:height\" content=\"433\" \/>\n\t<meta property=\"og:image:type\" content=\"image\/jpeg\" \/>\n<meta name=\"author\" content=\"Adriana Dr\u0103gu\u0219in\" \/>\n<meta name=\"twitter:card\" content=\"summary_large_image\" \/>\n<meta name=\"twitter:label1\" content=\"Written by\" \/>\n\t<meta name=\"twitter:data1\" content=\"Adriana Dr\u0103gu\u0219in\" \/>\n\t<meta name=\"twitter:label2\" content=\"Est. reading time\" \/>\n\t<meta name=\"twitter:data2\" content=\"3 minute\" \/>\n<script type=\"application\/ld+json\" class=\"yoast-schema-graph\">{\"@context\":\"https:\/\/schema.org\",\"@graph\":[{\"@type\":\"Article\",\"@id\":\"https:\/\/www.imobiliare.ro\/imoexpert\/episodul-2-pariu-cu-recesiunea-cine-a-castigat-si-cine-a-pierdut-la-achizitiile-de-case-vile_db\/#article\",\"isPartOf\":{\"@id\":\"https:\/\/www.imobiliare.ro\/imoexpert\/episodul-2-pariu-cu-recesiunea-cine-a-castigat-si-cine-a-pierdut-la-achizitiile-de-case-vile_db\/\"},\"author\":{\"name\":\"Adriana Dr\u0103gu\u0219in\",\"@id\":\"https:\/\/www.imobiliare.ro\/imoexpert\/#\/schema\/person\/8c13b0297075010b896471fabf0d7790\"},\"headline\":\"Episodul 2: Pariu cu recesiunea: cine a c\u00e2\u0219tigat \u0219i cine a pierdut la achizi\u021biile de case-vile?\",\"datePublished\":\"2015-01-12T15:48:52+00:00\",\"mainEntityOfPage\":{\"@id\":\"https:\/\/www.imobiliare.ro\/imoexpert\/episodul-2-pariu-cu-recesiunea-cine-a-castigat-si-cine-a-pierdut-la-achizitiile-de-case-vile_db\/\"},\"wordCount\":526,\"commentCount\":0,\"publisher\":{\"@id\":\"https:\/\/www.imobiliare.ro\/imoexpert\/#organization\"},\"image\":{\"@id\":\"https:\/\/www.imobiliare.ro\/imoexpert\/episodul-2-pariu-cu-recesiunea-cine-a-castigat-si-cine-a-pierdut-la-achizitiile-de-case-vile_db\/#primaryimage\"},\"thumbnailUrl\":\"https:\/\/www.imobiliare.ro\/imoexpert\/wp-content\/uploads\/2015\/01\/casa-si-chei.jpg\",\"keywords\":[\"newsletter\",\"principal\",\"proprietar\",\"V\u00e2nzare case\"],\"articleSection\":[\"\u0218tiri\"],\"inLanguage\":\"en\",\"potentialAction\":[{\"@type\":\"CommentAction\",\"name\":\"Comment\",\"target\":[\"https:\/\/www.imobiliare.ro\/imoexpert\/episodul-2-pariu-cu-recesiunea-cine-a-castigat-si-cine-a-pierdut-la-achizitiile-de-case-vile_db\/#respond\"]}],\"copyrightYear\":\"2015\",\"copyrightHolder\":{\"@id\":\"https:\/\/www.imobiliare.ro\/imoexpert\/#organization\"}},{\"@type\":\"WebPage\",\"@id\":\"https:\/\/www.imobiliare.ro\/imoexpert\/episodul-2-pariu-cu-recesiunea-cine-a-castigat-si-cine-a-pierdut-la-achizitiile-de-case-vile_db\/\",\"url\":\"https:\/\/www.imobiliare.ro\/imoexpert\/episodul-2-pariu-cu-recesiunea-cine-a-castigat-si-cine-a-pierdut-la-achizitiile-de-case-vile_db\/\",\"name\":\"Episodul 2: Pariu cu recesiunea: cine a c\u00e2\u0219tigat \u0219i cine a pierdut la achizi\u021biile de case-vile? - \u0218tiri - ImoExpert\",\"isPartOf\":{\"@id\":\"https:\/\/www.imobiliare.ro\/imoexpert\/#website\"},\"primaryImageOfPage\":{\"@id\":\"https:\/\/www.imobiliare.ro\/imoexpert\/episodul-2-pariu-cu-recesiunea-cine-a-castigat-si-cine-a-pierdut-la-achizitiile-de-case-vile_db\/#primaryimage\"},\"image\":{\"@id\":\"https:\/\/www.imobiliare.ro\/imoexpert\/episodul-2-pariu-cu-recesiunea-cine-a-castigat-si-cine-a-pierdut-la-achizitiile-de-case-vile_db\/#primaryimage\"},\"thumbnailUrl\":\"https:\/\/www.imobiliare.ro\/imoexpert\/wp-content\/uploads\/2015\/01\/casa-si-chei.jpg\",\"datePublished\":\"2015-01-12T15:48:52+00:00\",\"description\":\"\u0218i pe acest segment poate fi observat\u0103 o tendin\u021b\u0103 de stabilizare, caracterizat\u0103 de varia\u021bii at\u00e2t \u00een plus, c\u00e2t \u0219i \u00een minus, \u00een func\u021bie de ora\u0219. Au trecut\",\"breadcrumb\":{\"@id\":\"https:\/\/www.imobiliare.ro\/imoexpert\/episodul-2-pariu-cu-recesiunea-cine-a-castigat-si-cine-a-pierdut-la-achizitiile-de-case-vile_db\/#breadcrumb\"},\"inLanguage\":\"en\",\"potentialAction\":[{\"@type\":\"ReadAction\",\"target\":[\"https:\/\/www.imobiliare.ro\/imoexpert\/episodul-2-pariu-cu-recesiunea-cine-a-castigat-si-cine-a-pierdut-la-achizitiile-de-case-vile_db\/\"]}]},{\"@type\":\"ImageObject\",\"inLanguage\":\"en\",\"@id\":\"https:\/\/www.imobiliare.ro\/imoexpert\/episodul-2-pariu-cu-recesiunea-cine-a-castigat-si-cine-a-pierdut-la-achizitiile-de-case-vile_db\/#primaryimage\",\"url\":\"https:\/\/www.imobiliare.ro\/imoexpert\/wp-content\/uploads\/2015\/01\/casa-si-chei.jpg\",\"contentUrl\":\"https:\/\/www.imobiliare.ro\/imoexpert\/wp-content\/uploads\/2015\/01\/casa-si-chei.jpg\",\"width\":600,\"height\":433},{\"@type\":\"BreadcrumbList\",\"@id\":\"https:\/\/www.imobiliare.ro\/imoexpert\/episodul-2-pariu-cu-recesiunea-cine-a-castigat-si-cine-a-pierdut-la-achizitiile-de-case-vile_db\/#breadcrumb\",\"itemListElement\":[{\"@type\":\"ListItem\",\"position\":1,\"name\":\"Imoradar24\",\"item\":\"https:\/\/www.imoradar24.ro\"},{\"@type\":\"ListItem\",\"position\":2,\"name\":\"ImoExpert\",\"item\":\"https:\/\/www.imobiliare.ro\/imoexpert\/\"},{\"@type\":\"ListItem\",\"position\":3,\"name\":\"\u0218tiri\",\"item\":\"https:\/\/www.imobiliare.ro\/imoexpert\/stiri\/\"},{\"@type\":\"ListItem\",\"position\":4,\"name\":\"Episodul 2: Pariu cu recesiunea: cine a c\u00e2\u0219tigat \u0219i cine a pierdut la achizi\u021biile de case-vile?\"}]},{\"@type\":\"WebSite\",\"@id\":\"https:\/\/www.imobiliare.ro\/imoexpert\/#website\",\"url\":\"https:\/\/www.imobiliare.ro\/imoexpert\/\",\"name\":\"ImoExpert\",\"description\":\"cele mai importante \u015ftiri din domeniul imobiliar\",\"publisher\":{\"@id\":\"https:\/\/www.imobiliare.ro\/imoexpert\/#organization\"},\"inLanguage\":\"en\"},{\"@type\":\"Organization\",\"@id\":\"https:\/\/www.imobiliare.ro\/imoexpert\/#organization\",\"name\":\"Imobiliare.ro\",\"alternateName\":\"Realmedia Network SA\",\"url\":\"https:\/\/www.imobiliare.ro\/imoexpert\/\",\"logo\":{\"@type\":\"ImageObject\",\"inLanguage\":\"en\",\"@id\":\"https:\/\/www.imobiliare.ro\/imoexpert\/#\/schema\/logo\/image\/\",\"url\":\"https:\/\/www.imobiliare.ro\/imoexpert\/wp-content\/uploads\/2025\/05\/imobiliare_logo.png\",\"contentUrl\":\"https:\/\/www.imobiliare.ro\/imoexpert\/wp-content\/uploads\/2025\/05\/imobiliare_logo.png\",\"width\":237,\"height\":29,\"caption\":\"Imobiliare.ro\"},\"image\":{\"@id\":\"https:\/\/www.imobiliare.ro\/imoexpert\/#\/schema\/logo\/image\/\"}},{\"@type\":\"Person\",\"@id\":\"https:\/\/www.imobiliare.ro\/imoexpert\/#\/schema\/person\/8c13b0297075010b896471fabf0d7790\",\"name\":\"Adriana Dr\u0103gu\u0219in\",\"image\":{\"@type\":\"ImageObject\",\"inLanguage\":\"en\",\"@id\":\"https:\/\/www.imobiliare.ro\/imoexpert\/#\/schema\/person\/image\/\",\"url\":\"https:\/\/secure.gravatar.com\/avatar\/ba4762f7517e50e679ed7f11207102d1150120f2f5800c0da98f8a15305bf514?s=96&d=mm&r=g\",\"contentUrl\":\"https:\/\/secure.gravatar.com\/avatar\/ba4762f7517e50e679ed7f11207102d1150120f2f5800c0da98f8a15305bf514?s=96&d=mm&r=g\",\"caption\":\"Adriana Dr\u0103gu\u0219in\"},\"jobTitle\":\"Editor\",\"url\":\"https:\/\/www.imobiliare.ro\/imoexpert\/author\/adriana-dragusin\/\"}]}<\/script>\n<!-- \/ Yoast SEO Premium plugin. -->","yoast_head_json":{"title":"Episodul 2: Pariu cu recesiunea: cine a c\u00e2\u0219tigat \u0219i cine a pierdut la achizi\u021biile de case-vile? - \u0218tiri - ImoExpert","description":"\u0218i pe acest segment poate fi observat\u0103 o tendin\u021b\u0103 de stabilizare, caracterizat\u0103 de varia\u021bii at\u00e2t \u00een plus, c\u00e2t \u0219i \u00een minus, \u00een func\u021bie de ora\u0219. Au trecut","robots":{"index":"index","follow":"follow"},"canonical":"https:\/\/www.imobiliare.ro\/imoexpert\/episodul-2-pariu-cu-recesiunea-cine-a-castigat-si-cine-a-pierdut-la-achizitiile-de-case-vile_db\/","og_locale":"ro_RO","og_type":"article","og_title":"Episodul 2: Pariu cu recesiunea: cine a c\u00e2\u0219tigat \u0219i cine a pierdut la achizi\u021biile de case-vile?","og_description":"\u0218i pe acest segment poate fi observat\u0103 o tendin\u021b\u0103 de stabilizare, caracterizat\u0103 de varia\u021bii at\u00e2t \u00een plus, c\u00e2t \u0219i \u00een minus, \u00een func\u021bie de ora\u0219. Au trecut","og_url":"https:\/\/www.imobiliare.ro\/imoexpert\/episodul-2-pariu-cu-recesiunea-cine-a-castigat-si-cine-a-pierdut-la-achizitiile-de-case-vile_db\/","og_site_name":"ImoExpert","article_published_time":"2015-01-12T15:48:52+00:00","og_image":[{"width":600,"height":433,"url":"https:\/\/www.imobiliare.ro\/imoexpert\/wp-content\/uploads\/2015\/01\/casa-si-chei.jpg","type":"image\/jpeg"}],"author":"Adriana Dr\u0103gu\u0219in","twitter_card":"summary_large_image","twitter_misc":{"Written by":"Adriana Dr\u0103gu\u0219in","Est. reading time":"3 minute"},"schema":{"@context":"https:\/\/schema.org","@graph":[{"@type":"Article","@id":"https:\/\/www.imobiliare.ro\/imoexpert\/episodul-2-pariu-cu-recesiunea-cine-a-castigat-si-cine-a-pierdut-la-achizitiile-de-case-vile_db\/#article","isPartOf":{"@id":"https:\/\/www.imobiliare.ro\/imoexpert\/episodul-2-pariu-cu-recesiunea-cine-a-castigat-si-cine-a-pierdut-la-achizitiile-de-case-vile_db\/"},"author":{"name":"Adriana Dr\u0103gu\u0219in","@id":"https:\/\/www.imobiliare.ro\/imoexpert\/#\/schema\/person\/8c13b0297075010b896471fabf0d7790"},"headline":"Episodul 2: Pariu cu recesiunea: cine a c\u00e2\u0219tigat \u0219i cine a pierdut la achizi\u021biile de case-vile?","datePublished":"2015-01-12T15:48:52+00:00","mainEntityOfPage":{"@id":"https:\/\/www.imobiliare.ro\/imoexpert\/episodul-2-pariu-cu-recesiunea-cine-a-castigat-si-cine-a-pierdut-la-achizitiile-de-case-vile_db\/"},"wordCount":526,"commentCount":0,"publisher":{"@id":"https:\/\/www.imobiliare.ro\/imoexpert\/#organization"},"image":{"@id":"https:\/\/www.imobiliare.ro\/imoexpert\/episodul-2-pariu-cu-recesiunea-cine-a-castigat-si-cine-a-pierdut-la-achizitiile-de-case-vile_db\/#primaryimage"},"thumbnailUrl":"https:\/\/www.imobiliare.ro\/imoexpert\/wp-content\/uploads\/2015\/01\/casa-si-chei.jpg","keywords":["newsletter","principal","proprietar","V\u00e2nzare case"],"articleSection":["\u0218tiri"],"inLanguage":"en","potentialAction":[{"@type":"CommentAction","name":"Comment","target":["https:\/\/www.imobiliare.ro\/imoexpert\/episodul-2-pariu-cu-recesiunea-cine-a-castigat-si-cine-a-pierdut-la-achizitiile-de-case-vile_db\/#respond"]}],"copyrightYear":"2015","copyrightHolder":{"@id":"https:\/\/www.imobiliare.ro\/imoexpert\/#organization"}},{"@type":"WebPage","@id":"https:\/\/www.imobiliare.ro\/imoexpert\/episodul-2-pariu-cu-recesiunea-cine-a-castigat-si-cine-a-pierdut-la-achizitiile-de-case-vile_db\/","url":"https:\/\/www.imobiliare.ro\/imoexpert\/episodul-2-pariu-cu-recesiunea-cine-a-castigat-si-cine-a-pierdut-la-achizitiile-de-case-vile_db\/","name":"Episodul 2: Pariu cu recesiunea: cine a c\u00e2\u0219tigat \u0219i cine a pierdut la achizi\u021biile de case-vile? - \u0218tiri - ImoExpert","isPartOf":{"@id":"https:\/\/www.imobiliare.ro\/imoexpert\/#website"},"primaryImageOfPage":{"@id":"https:\/\/www.imobiliare.ro\/imoexpert\/episodul-2-pariu-cu-recesiunea-cine-a-castigat-si-cine-a-pierdut-la-achizitiile-de-case-vile_db\/#primaryimage"},"image":{"@id":"https:\/\/www.imobiliare.ro\/imoexpert\/episodul-2-pariu-cu-recesiunea-cine-a-castigat-si-cine-a-pierdut-la-achizitiile-de-case-vile_db\/#primaryimage"},"thumbnailUrl":"https:\/\/www.imobiliare.ro\/imoexpert\/wp-content\/uploads\/2015\/01\/casa-si-chei.jpg","datePublished":"2015-01-12T15:48:52+00:00","description":"\u0218i pe acest segment poate fi observat\u0103 o tendin\u021b\u0103 de stabilizare, caracterizat\u0103 de varia\u021bii at\u00e2t \u00een plus, c\u00e2t \u0219i \u00een minus, \u00een func\u021bie de ora\u0219. Au trecut","breadcrumb":{"@id":"https:\/\/www.imobiliare.ro\/imoexpert\/episodul-2-pariu-cu-recesiunea-cine-a-castigat-si-cine-a-pierdut-la-achizitiile-de-case-vile_db\/#breadcrumb"},"inLanguage":"en","potentialAction":[{"@type":"ReadAction","target":["https:\/\/www.imobiliare.ro\/imoexpert\/episodul-2-pariu-cu-recesiunea-cine-a-castigat-si-cine-a-pierdut-la-achizitiile-de-case-vile_db\/"]}]},{"@type":"ImageObject","inLanguage":"en","@id":"https:\/\/www.imobiliare.ro\/imoexpert\/episodul-2-pariu-cu-recesiunea-cine-a-castigat-si-cine-a-pierdut-la-achizitiile-de-case-vile_db\/#primaryimage","url":"https:\/\/www.imobiliare.ro\/imoexpert\/wp-content\/uploads\/2015\/01\/casa-si-chei.jpg","contentUrl":"https:\/\/www.imobiliare.ro\/imoexpert\/wp-content\/uploads\/2015\/01\/casa-si-chei.jpg","width":600,"height":433},{"@type":"BreadcrumbList","@id":"https:\/\/www.imobiliare.ro\/imoexpert\/episodul-2-pariu-cu-recesiunea-cine-a-castigat-si-cine-a-pierdut-la-achizitiile-de-case-vile_db\/#breadcrumb","itemListElement":[{"@type":"ListItem","position":1,"name":"Imoradar24","item":"https:\/\/www.imoradar24.ro"},{"@type":"ListItem","position":2,"name":"ImoExpert","item":"https:\/\/www.imobiliare.ro\/imoexpert\/"},{"@type":"ListItem","position":3,"name":"\u0218tiri","item":"https:\/\/www.imobiliare.ro\/imoexpert\/stiri\/"},{"@type":"ListItem","position":4,"name":"Episodul 2: Pariu cu recesiunea: cine a c\u00e2\u0219tigat \u0219i cine a pierdut la achizi\u021biile de case-vile?"}]},{"@type":"WebSite","@id":"https:\/\/www.imobiliare.ro\/imoexpert\/#website","url":"https:\/\/www.imobiliare.ro\/imoexpert\/","name":"ImoExpert","description":"cele mai importante \u015ftiri din domeniul imobiliar","publisher":{"@id":"https:\/\/www.imobiliare.ro\/imoexpert\/#organization"},"inLanguage":"en"},{"@type":"Organization","@id":"https:\/\/www.imobiliare.ro\/imoexpert\/#organization","name":"Imobiliare.ro","alternateName":"Realmedia Network SA","url":"https:\/\/www.imobiliare.ro\/imoexpert\/","logo":{"@type":"ImageObject","inLanguage":"en","@id":"https:\/\/www.imobiliare.ro\/imoexpert\/#\/schema\/logo\/image\/","url":"https:\/\/www.imobiliare.ro\/imoexpert\/wp-content\/uploads\/2025\/05\/imobiliare_logo.png","contentUrl":"https:\/\/www.imobiliare.ro\/imoexpert\/wp-content\/uploads\/2025\/05\/imobiliare_logo.png","width":237,"height":29,"caption":"Imobiliare.ro"},"image":{"@id":"https:\/\/www.imobiliare.ro\/imoexpert\/#\/schema\/logo\/image\/"}},{"@type":"Person","@id":"https:\/\/www.imobiliare.ro\/imoexpert\/#\/schema\/person\/8c13b0297075010b896471fabf0d7790","name":"Adriana Dr\u0103gu\u0219in","image":{"@type":"ImageObject","inLanguage":"en","@id":"https:\/\/www.imobiliare.ro\/imoexpert\/#\/schema\/person\/image\/","url":"https:\/\/secure.gravatar.com\/avatar\/ba4762f7517e50e679ed7f11207102d1150120f2f5800c0da98f8a15305bf514?s=96&d=mm&r=g","contentUrl":"https:\/\/secure.gravatar.com\/avatar\/ba4762f7517e50e679ed7f11207102d1150120f2f5800c0da98f8a15305bf514?s=96&d=mm&r=g","caption":"Adriana Dr\u0103gu\u0219in"},"jobTitle":"Editor","url":"https:\/\/www.imobiliare.ro\/imoexpert\/author\/adriana-dragusin\/"}]}},"_links":{"self":[{"href":"https:\/\/www.imobiliare.ro\/imoexpert\/wp-json\/wp\/v2\/posts\/33292","targetHints":{"allow":["GET"]}}],"collection":[{"href":"https:\/\/www.imobiliare.ro\/imoexpert\/wp-json\/wp\/v2\/posts"}],"about":[{"href":"https:\/\/www.imobiliare.ro\/imoexpert\/wp-json\/wp\/v2\/types\/post"}],"author":[{"embeddable":true,"href":"https:\/\/www.imobiliare.ro\/imoexpert\/wp-json\/wp\/v2\/users\/829"}],"replies":[{"embeddable":true,"href":"https:\/\/www.imobiliare.ro\/imoexpert\/wp-json\/wp\/v2\/comments?post=33292"}],"version-history":[{"count":0,"href":"https:\/\/www.imobiliare.ro\/imoexpert\/wp-json\/wp\/v2\/posts\/33292\/revisions"}],"wp:featuredmedia":[{"embeddable":true,"href":"https:\/\/www.imobiliare.ro\/imoexpert\/wp-json\/wp\/v2\/media\/33293"}],"wp:attachment":[{"href":"https:\/\/www.imobiliare.ro\/imoexpert\/wp-json\/wp\/v2\/media?parent=33292"}],"wp:term":[{"taxonomy":"category","embeddable":true,"href":"https:\/\/www.imobiliare.ro\/imoexpert\/wp-json\/wp\/v2\/categories?post=33292"},{"taxonomy":"post_tag","embeddable":true,"href":"https:\/\/www.imobiliare.ro\/imoexpert\/wp-json\/wp\/v2\/tags?post=33292"},{"taxonomy":"content_author","embeddable":true,"href":"https:\/\/www.imobiliare.ro\/imoexpert\/wp-json\/wp\/v2\/content_author?post=33292"}],"curies":[{"name":"wp","href":"https:\/\/api.w.org\/{rel}","templated":true}]}}