{"id":33451,"date":"2015-01-30T11:10:17","date_gmt":"2015-01-30T09:10:17","guid":{"rendered":"https:\/\/www.imobiliare.ro\/?p=33451"},"modified":"2015-01-30T11:10:17","modified_gmt":"2015-01-30T09:10:17","slug":"apartament-vechi-design-modern-doua-camere-in-50-de-metri-patrati","status":"publish","type":"post","link":"https:\/\/www.imobiliare.ro\/imoexpert\/apartament-vechi-design-modern-doua-camere-in-50-de-metri-patrati_db\/","title":{"rendered":"Apartament vechi, design modern: dou\u0103 camere \u00een 50 de metri p\u0103tra\u021bi"},"content":{"rendered":"<p><strong>Pere\u021bii vopsi\u021bi \u00een alb contribuie la conturarea senza\u021biei de spa\u021biu deschis, luminos.<\/strong><\/p>\n<p>Dac\u0103 te numeri printre proprietarii \u2013 sau doar locatarii \u2013 unui apartament construit \u00eenainte de Revolu\u021bie \u0219i te \u00eentrebi cum \u00eei po\u021bi da un aer nou, f\u0103r\u0103 a c\u0103dea \u00eens\u0103 \u00een exager\u0103ri, exemplul de amenajare de mai jos poate reprezenta o bun\u0103 surs\u0103 de inspira\u021bie:<\/p>\n<p><a class=\"article-body-links\"href=\"https:\/\/www.imobiliare.ro\/imoexpert\/wp-content\/uploads\/2015\/01\/2-camere-Gothenburg-1.jpg\"><img loading=\"lazy\" decoding=\"async\" src=\"https:\/\/www.imobiliare.ro\/imoexpert\/wp-content\/uploads\/2015\/01\/2-camere-Gothenburg-1.jpg\" alt=\"2 camere Gothenburg 1\" width=\"600\" height=\"400\" class=\"aligncenter size-full wp-image-33452\" srcset=\"https:\/\/www.imobiliare.ro\/imoexpert\/wp-content\/uploads\/2015\/01\/2-camere-Gothenburg-1.jpg 600w, https:\/\/www.imobiliare.ro\/imoexpert\/wp-content\/uploads\/2015\/01\/2-camere-Gothenburg-1-300x200.jpg 300w, https:\/\/www.imobiliare.ro\/imoexpert\/wp-content\/uploads\/2015\/01\/2-camere-Gothenburg-1-87x57.jpg 87w, https:\/\/www.imobiliare.ro\/imoexpert\/wp-content\/uploads\/2015\/01\/2-camere-Gothenburg-1-65x43.jpg 65w, https:\/\/www.imobiliare.ro\/imoexpert\/wp-content\/uploads\/2015\/01\/2-camere-Gothenburg-1-154x103.jpg 154w\" sizes=\"auto, (max-width: 600px) 100vw, 600px\" \/><\/a><\/p>\n<p>Locuin\u021ba din imagini este situat\u0103 la etajul patru din \u0219apte al unei cl\u0103diri ridicate la \u00eenceputul secolului XX, \u00een Gothenburg, Suedia. Compus\u0103 din dou\u0103 camere, aceasta ocup\u0103 52 de metri p\u0103tra\u021bi utili \u2013 \u0219i este, astfel, perfect comparabil\u0103 cu o unitate locativ\u0103 similar\u0103 dintr-un bloc tipic rom\u00e2nesc. Prezentat\u0103 pe <strong><a class=\"article-body-links\"href=\"http:\/\/freshome.com\/\">Freshome.com<\/a><\/strong>, proprietatea ofer\u0103 un exemplu reu\u0219it de \u201etransformare\u201d a unui apartament vechi \u00een conformitate cu principiile contemporane de design, printre care se num\u0103r\u0103 nu doar esteticul, ci \u0219i simplitatea, confortul \u0219i func\u021bionalitatea. Este interesant cum un element vechi, valoros, al locuin\u021bei \u2013 parchetul din lemn masiv \u2013  este nu p\u0103strat, recondi\u021bionat \u0219i chiar accentuat prin combina\u021bia cu elemente noi (parchetul nou din buc\u0103t\u0103rie \u0219i hol, mobilier etc.)<\/p>\n<p><a class=\"article-body-links\"href=\"https:\/\/www.imobiliare.ro\/imoexpert\/wp-content\/uploads\/2015\/01\/2-camere-Gothenburg-2.jpg\"><img loading=\"lazy\" decoding=\"async\" src=\"https:\/\/www.imobiliare.ro\/imoexpert\/wp-content\/uploads\/2015\/01\/2-camere-Gothenburg-2.jpg\" alt=\"2 camere Gothenburg 2\" width=\"600\" height=\"400\" class=\"aligncenter size-full wp-image-33453\" srcset=\"https:\/\/www.imobiliare.ro\/imoexpert\/wp-content\/uploads\/2015\/01\/2-camere-Gothenburg-2.jpg 600w, https:\/\/www.imobiliare.ro\/imoexpert\/wp-content\/uploads\/2015\/01\/2-camere-Gothenburg-2-300x200.jpg 300w, https:\/\/www.imobiliare.ro\/imoexpert\/wp-content\/uploads\/2015\/01\/2-camere-Gothenburg-2-87x57.jpg 87w, https:\/\/www.imobiliare.ro\/imoexpert\/wp-content\/uploads\/2015\/01\/2-camere-Gothenburg-2-65x43.jpg 65w, https:\/\/www.imobiliare.ro\/imoexpert\/wp-content\/uploads\/2015\/01\/2-camere-Gothenburg-2-154x103.jpg 154w\" sizes=\"auto, (max-width: 600px) 100vw, 600px\" \/><\/a><br \/>\n<a class=\"article-body-links\"href=\"https:\/\/www.imobiliare.ro\/imoexpert\/wp-content\/uploads\/2015\/01\/2-camere-Gothenburg-3.jpg\"><img loading=\"lazy\" decoding=\"async\" src=\"https:\/\/www.imobiliare.ro\/imoexpert\/wp-content\/uploads\/2015\/01\/2-camere-Gothenburg-3.jpg\" alt=\"2 camere Gothenburg 3\" width=\"600\" height=\"400\" class=\"aligncenter size-full wp-image-33454\" srcset=\"https:\/\/www.imobiliare.ro\/imoexpert\/wp-content\/uploads\/2015\/01\/2-camere-Gothenburg-3.jpg 600w, https:\/\/www.imobiliare.ro\/imoexpert\/wp-content\/uploads\/2015\/01\/2-camere-Gothenburg-3-300x200.jpg 300w, https:\/\/www.imobiliare.ro\/imoexpert\/wp-content\/uploads\/2015\/01\/2-camere-Gothenburg-3-87x57.jpg 87w, https:\/\/www.imobiliare.ro\/imoexpert\/wp-content\/uploads\/2015\/01\/2-camere-Gothenburg-3-65x43.jpg 65w, https:\/\/www.imobiliare.ro\/imoexpert\/wp-content\/uploads\/2015\/01\/2-camere-Gothenburg-3-154x103.jpg 154w\" sizes=\"auto, (max-width: 600px) 100vw, 600px\" \/><\/a><br \/>\n<a class=\"article-body-links\"href=\"https:\/\/www.imobiliare.ro\/imoexpert\/wp-content\/uploads\/2015\/01\/2-camere-Gothenburg-4.jpg\"><img loading=\"lazy\" decoding=\"async\" src=\"https:\/\/www.imobiliare.ro\/imoexpert\/wp-content\/uploads\/2015\/01\/2-camere-Gothenburg-4.jpg\" alt=\"2 camere Gothenburg 4\" width=\"600\" height=\"400\" class=\"aligncenter size-full wp-image-33455\" srcset=\"https:\/\/www.imobiliare.ro\/imoexpert\/wp-content\/uploads\/2015\/01\/2-camere-Gothenburg-4.jpg 600w, https:\/\/www.imobiliare.ro\/imoexpert\/wp-content\/uploads\/2015\/01\/2-camere-Gothenburg-4-300x200.jpg 300w, https:\/\/www.imobiliare.ro\/imoexpert\/wp-content\/uploads\/2015\/01\/2-camere-Gothenburg-4-87x57.jpg 87w, https:\/\/www.imobiliare.ro\/imoexpert\/wp-content\/uploads\/2015\/01\/2-camere-Gothenburg-4-65x43.jpg 65w, https:\/\/www.imobiliare.ro\/imoexpert\/wp-content\/uploads\/2015\/01\/2-camere-Gothenburg-4-154x103.jpg 154w\" sizes=\"auto, (max-width: 600px) 100vw, 600px\" \/><\/a><\/p>\n<p>Zona \u201esocial\u0103\u201d a casei este amenajat\u0103 ca un spa\u021biu deschis, ce include nu doar buc\u0103t\u0103ria, ci \u0219i holul de la intrare. Prin decizia de a elimina pere\u021bii desp\u0103r\u021bitori, suprafa\u021ba locuin\u021bei este maximizat\u0103, at\u00e2t din punct de vedere practic, c\u00e2t \u0219i la nivel perceptual. Un alt \u201etruc\u201d specific amenaj\u0103rilor \u00een stil scandinav const\u0103 \u00een predominan\u021ba albului pe plan cromatic (de la pere\u021bi la piese de mobilier); \u00een combina\u021bie cu lumina natural\u0103 ce p\u0103trunde prin ferestrele mari, l\u0103sate neacoperite, acesta are efectul de a contura un spa\u021biu deschis, luminos. \u00cen acest proiect de amenajare, prezen\u021ba albului este echilibrat\u0103 de accente tari de negru, \u00een timp ce parchetul \u0219i mobilierul din (sau cu aspect de) lemn confer\u0103 ambientului o necesar\u0103 not\u0103 de c\u0103ldur\u0103. <\/p>\n<p><a class=\"article-body-links\"href=\"https:\/\/www.imobiliare.ro\/imoexpert\/wp-content\/uploads\/2015\/01\/2-camere-Gothenburg-5.jpg\"><img loading=\"lazy\" decoding=\"async\" src=\"https:\/\/www.imobiliare.ro\/imoexpert\/wp-content\/uploads\/2015\/01\/2-camere-Gothenburg-5.jpg\" alt=\"2 camere Gothenburg 5\" width=\"600\" height=\"400\" class=\"aligncenter size-full wp-image-33456\" srcset=\"https:\/\/www.imobiliare.ro\/imoexpert\/wp-content\/uploads\/2015\/01\/2-camere-Gothenburg-5.jpg 600w, https:\/\/www.imobiliare.ro\/imoexpert\/wp-content\/uploads\/2015\/01\/2-camere-Gothenburg-5-300x200.jpg 300w, https:\/\/www.imobiliare.ro\/imoexpert\/wp-content\/uploads\/2015\/01\/2-camere-Gothenburg-5-87x57.jpg 87w, https:\/\/www.imobiliare.ro\/imoexpert\/wp-content\/uploads\/2015\/01\/2-camere-Gothenburg-5-65x43.jpg 65w, https:\/\/www.imobiliare.ro\/imoexpert\/wp-content\/uploads\/2015\/01\/2-camere-Gothenburg-5-154x103.jpg 154w\" sizes=\"auto, (max-width: 600px) 100vw, 600px\" \/><\/a><br \/>\n<a class=\"article-body-links\"href=\"https:\/\/www.imobiliare.ro\/imoexpert\/wp-content\/uploads\/2015\/01\/2-camere-Gothenburg-6.jpg\"><img loading=\"lazy\" decoding=\"async\" src=\"https:\/\/www.imobiliare.ro\/imoexpert\/wp-content\/uploads\/2015\/01\/2-camere-Gothenburg-6.jpg\" alt=\"2 camere Gothenburg 6\" width=\"600\" height=\"400\" class=\"aligncenter size-full wp-image-33457\" srcset=\"https:\/\/www.imobiliare.ro\/imoexpert\/wp-content\/uploads\/2015\/01\/2-camere-Gothenburg-6.jpg 600w, https:\/\/www.imobiliare.ro\/imoexpert\/wp-content\/uploads\/2015\/01\/2-camere-Gothenburg-6-300x200.jpg 300w, https:\/\/www.imobiliare.ro\/imoexpert\/wp-content\/uploads\/2015\/01\/2-camere-Gothenburg-6-87x57.jpg 87w, https:\/\/www.imobiliare.ro\/imoexpert\/wp-content\/uploads\/2015\/01\/2-camere-Gothenburg-6-65x43.jpg 65w, https:\/\/www.imobiliare.ro\/imoexpert\/wp-content\/uploads\/2015\/01\/2-camere-Gothenburg-6-154x103.jpg 154w\" sizes=\"auto, (max-width: 600px) 100vw, 600px\" \/><\/a><br \/>\n<a class=\"article-body-links\"href=\"https:\/\/www.imobiliare.ro\/imoexpert\/wp-content\/uploads\/2015\/01\/2-camere-Gothenburg-7.jpg\"><img loading=\"lazy\" decoding=\"async\" src=\"https:\/\/www.imobiliare.ro\/imoexpert\/wp-content\/uploads\/2015\/01\/2-camere-Gothenburg-7.jpg\" alt=\"2 camere Gothenburg 7\" width=\"600\" height=\"400\" class=\"aligncenter size-full wp-image-33458\" srcset=\"https:\/\/www.imobiliare.ro\/imoexpert\/wp-content\/uploads\/2015\/01\/2-camere-Gothenburg-7.jpg 600w, https:\/\/www.imobiliare.ro\/imoexpert\/wp-content\/uploads\/2015\/01\/2-camere-Gothenburg-7-300x200.jpg 300w, https:\/\/www.imobiliare.ro\/imoexpert\/wp-content\/uploads\/2015\/01\/2-camere-Gothenburg-7-87x57.jpg 87w, https:\/\/www.imobiliare.ro\/imoexpert\/wp-content\/uploads\/2015\/01\/2-camere-Gothenburg-7-65x43.jpg 65w, https:\/\/www.imobiliare.ro\/imoexpert\/wp-content\/uploads\/2015\/01\/2-camere-Gothenburg-7-154x103.jpg 154w\" sizes=\"auto, (max-width: 600px) 100vw, 600px\" \/><\/a><br \/>\n<a class=\"article-body-links\"href=\"https:\/\/www.imobiliare.ro\/imoexpert\/wp-content\/uploads\/2015\/01\/2-camere-Gothenburg-8.jpg\"><img loading=\"lazy\" decoding=\"async\" src=\"https:\/\/www.imobiliare.ro\/imoexpert\/wp-content\/uploads\/2015\/01\/2-camere-Gothenburg-8.jpg\" alt=\"2 camere Gothenburg 8\" width=\"600\" height=\"899\" class=\"aligncenter size-full wp-image-33459\" srcset=\"https:\/\/www.imobiliare.ro\/imoexpert\/wp-content\/uploads\/2015\/01\/2-camere-Gothenburg-8.jpg 600w, https:\/\/www.imobiliare.ro\/imoexpert\/wp-content\/uploads\/2015\/01\/2-camere-Gothenburg-8-200x300.jpg 200w\" sizes=\"auto, (max-width: 600px) 100vw, 600px\" \/><\/a><\/p>\n<p>O alt\u0103 caracteristic\u0103 a stilului contemporan este tendin\u021ba spre minimalism \u2013 fapt perfect vizibil \u0219i \u00een acest exemplu de amenajare. Nu foarte numeroase, piesele de mobilier, cu un design simplu, modern, sunt astfel combinate pentru a oferi un maximum de func\u021bionalitate, f\u0103r\u0103 a \u201esufoca\u201d \u00eens\u0103 privirea. \u00cen buc\u0103t\u0103ria nu foarte spa\u021bioas\u0103, criteriul estetic se \u00eemplete\u0219te perfect cu cel practic, o dovad\u0103 fiind insula ce separ\u0103 aceast\u0103 zon\u0103 de living, ce ofer\u0103 un mare plus la capitolul spa\u021bii de depozitare.<\/p>\n<p><a class=\"article-body-links\"href=\"https:\/\/www.imobiliare.ro\/imoexpert\/wp-content\/uploads\/2015\/01\/2-camere-Gothenburg-9.jpg\"><img loading=\"lazy\" decoding=\"async\" src=\"https:\/\/www.imobiliare.ro\/imoexpert\/wp-content\/uploads\/2015\/01\/2-camere-Gothenburg-9.jpg\" alt=\"2 camere Gothenburg 9\" width=\"600\" height=\"400\" class=\"aligncenter size-full wp-image-33460\" srcset=\"https:\/\/www.imobiliare.ro\/imoexpert\/wp-content\/uploads\/2015\/01\/2-camere-Gothenburg-9.jpg 600w, https:\/\/www.imobiliare.ro\/imoexpert\/wp-content\/uploads\/2015\/01\/2-camere-Gothenburg-9-300x200.jpg 300w, https:\/\/www.imobiliare.ro\/imoexpert\/wp-content\/uploads\/2015\/01\/2-camere-Gothenburg-9-87x57.jpg 87w, https:\/\/www.imobiliare.ro\/imoexpert\/wp-content\/uploads\/2015\/01\/2-camere-Gothenburg-9-65x43.jpg 65w, https:\/\/www.imobiliare.ro\/imoexpert\/wp-content\/uploads\/2015\/01\/2-camere-Gothenburg-9-154x103.jpg 154w\" sizes=\"auto, (max-width: 600px) 100vw, 600px\" \/><\/a><br \/>\n<a class=\"article-body-links\"href=\"https:\/\/www.imobiliare.ro\/imoexpert\/wp-content\/uploads\/2015\/01\/2-camere-Gothenburg-10.jpg\"><img loading=\"lazy\" decoding=\"async\" src=\"https:\/\/www.imobiliare.ro\/imoexpert\/wp-content\/uploads\/2015\/01\/2-camere-Gothenburg-10.jpg\" alt=\"2 camere Gothenburg 10\" width=\"600\" height=\"400\" class=\"aligncenter size-full wp-image-33461\" srcset=\"https:\/\/www.imobiliare.ro\/imoexpert\/wp-content\/uploads\/2015\/01\/2-camere-Gothenburg-10.jpg 600w, https:\/\/www.imobiliare.ro\/imoexpert\/wp-content\/uploads\/2015\/01\/2-camere-Gothenburg-10-300x200.jpg 300w, https:\/\/www.imobiliare.ro\/imoexpert\/wp-content\/uploads\/2015\/01\/2-camere-Gothenburg-10-87x57.jpg 87w, https:\/\/www.imobiliare.ro\/imoexpert\/wp-content\/uploads\/2015\/01\/2-camere-Gothenburg-10-65x43.jpg 65w, https:\/\/www.imobiliare.ro\/imoexpert\/wp-content\/uploads\/2015\/01\/2-camere-Gothenburg-10-154x103.jpg 154w\" sizes=\"auto, (max-width: 600px) 100vw, 600px\" \/><\/a><br \/>\n<a class=\"article-body-links\"href=\"https:\/\/www.imobiliare.ro\/imoexpert\/wp-content\/uploads\/2015\/01\/2-camere-Gothenburg-11.jpg\"><img loading=\"lazy\" decoding=\"async\" src=\"https:\/\/www.imobiliare.ro\/imoexpert\/wp-content\/uploads\/2015\/01\/2-camere-Gothenburg-11.jpg\" alt=\"2 camere Gothenburg 11\" width=\"600\" height=\"899\" class=\"aligncenter size-full wp-image-33462\" srcset=\"https:\/\/www.imobiliare.ro\/imoexpert\/wp-content\/uploads\/2015\/01\/2-camere-Gothenburg-11.jpg 600w, https:\/\/www.imobiliare.ro\/imoexpert\/wp-content\/uploads\/2015\/01\/2-camere-Gothenburg-11-200x300.jpg 200w\" sizes=\"auto, (max-width: 600px) 100vw, 600px\" \/><\/a><br \/>\n<a class=\"article-body-links\"href=\"https:\/\/www.imobiliare.ro\/imoexpert\/wp-content\/uploads\/2015\/01\/2-camere-Gothenburg-12.jpg\"><img loading=\"lazy\" decoding=\"async\" src=\"https:\/\/www.imobiliare.ro\/imoexpert\/wp-content\/uploads\/2015\/01\/2-camere-Gothenburg-12.jpg\" alt=\"2 camere Gothenburg 12\" width=\"600\" height=\"400\" class=\"aligncenter size-full wp-image-33463\" srcset=\"https:\/\/www.imobiliare.ro\/imoexpert\/wp-content\/uploads\/2015\/01\/2-camere-Gothenburg-12.jpg 600w, https:\/\/www.imobiliare.ro\/imoexpert\/wp-content\/uploads\/2015\/01\/2-camere-Gothenburg-12-300x200.jpg 300w, https:\/\/www.imobiliare.ro\/imoexpert\/wp-content\/uploads\/2015\/01\/2-camere-Gothenburg-12-87x57.jpg 87w, https:\/\/www.imobiliare.ro\/imoexpert\/wp-content\/uploads\/2015\/01\/2-camere-Gothenburg-12-65x43.jpg 65w, https:\/\/www.imobiliare.ro\/imoexpert\/wp-content\/uploads\/2015\/01\/2-camere-Gothenburg-12-154x103.jpg 154w\" sizes=\"auto, (max-width: 600px) 100vw, 600px\" \/><\/a><br \/>\n<a class=\"article-body-links\"href=\"https:\/\/www.imobiliare.ro\/imoexpert\/wp-content\/uploads\/2015\/01\/2-camere-Gothenburg-13.jpg\"><img loading=\"lazy\" decoding=\"async\" src=\"https:\/\/www.imobiliare.ro\/imoexpert\/wp-content\/uploads\/2015\/01\/2-camere-Gothenburg-13.jpg\" alt=\"2 camere Gothenburg 13\" width=\"600\" height=\"400\" class=\"aligncenter size-full wp-image-33464\" srcset=\"https:\/\/www.imobiliare.ro\/imoexpert\/wp-content\/uploads\/2015\/01\/2-camere-Gothenburg-13.jpg 600w, https:\/\/www.imobiliare.ro\/imoexpert\/wp-content\/uploads\/2015\/01\/2-camere-Gothenburg-13-300x200.jpg 300w, https:\/\/www.imobiliare.ro\/imoexpert\/wp-content\/uploads\/2015\/01\/2-camere-Gothenburg-13-87x57.jpg 87w, https:\/\/www.imobiliare.ro\/imoexpert\/wp-content\/uploads\/2015\/01\/2-camere-Gothenburg-13-65x43.jpg 65w, https:\/\/www.imobiliare.ro\/imoexpert\/wp-content\/uploads\/2015\/01\/2-camere-Gothenburg-13-154x103.jpg 154w\" sizes=\"auto, (max-width: 600px) 100vw, 600px\" \/><\/a><\/p>\n<p><em><strong>Surs\u0103 foto: <a class=\"article-body-links\"href=\"http:\/\/freshome.com\/2015\/01\/24\/bright-two-room-apartment-in-sweden-exhibiting-an-interesting-modern-layout\/\">Freshome.com<\/a><br \/>\nCite\u0219te \u0219i: <a class=\"article-body-links\"href=\"https:\/\/www.imobiliare.ro\/homedeco\/ce-poti-face-dintr-un-apartament-vechi-confort-si-energie-in-stil-modern_db\/\">Ce po\u021bi face dintr-un apartament vechi: confort \u0219i energie \u00een stil modern<\/a><\/strong><\/em><\/p>\n","protected":false},"excerpt":{"rendered":"<p>Pere\u021bii vopsi\u021bi \u00een alb contribuie la conturarea senza\u021biei de spa\u021biu deschis, luminos. Dac\u0103 te numeri printre proprietarii \u2013 sau doar locatarii \u2013 unui apartament construit \u00eenainte de Revolu\u021bie \u0219i te \u00eentrebi cum \u00eei po\u021bi da un aer nou, f\u0103r\u0103 a c\u0103dea \u00eens\u0103 \u00een exager\u0103ri, exemplul de amenajare de mai jos poate reprezenta o bun\u0103 surs\u0103 [&hellip;]<\/p>\n","protected":false},"author":829,"featured_media":33452,"comment_status":"open","ping_status":"open","sticky":false,"template":"","format":"standard","meta":{"footnotes":""},"categories":[259],"tags":[1022,1410,1411],"content_author":[],"class_list":["post-33451","post","type-post","status-publish","format-standard","has-post-thumbnail","hentry","category-stiri","tag-homedeco","tag-newsletter","tag-principal"],"yoast_head":"<!-- This site is optimized with the Yoast SEO Premium plugin v27.0 (Yoast SEO v27.0) - https:\/\/yoast.com\/product\/yoast-seo-premium-wordpress\/ -->\n<title>Apartament vechi, design modern: dou\u0103 camere \u00een 50 de metri p\u0103tra\u021bi - \u0218tiri - ImoExpert<\/title>\n<meta name=\"description\" content=\"Pere\u021bii vopsi\u021bi \u00een alb contribuie la conturarea senza\u021biei de spa\u021biu deschis, luminos. Dac\u0103 te numeri printre proprietarii \u2013 sau doar locatarii \u2013 unui\" \/>\n<meta name=\"robots\" content=\"index, follow\" \/>\n<link rel=\"canonical\" href=\"https:\/\/www.imobiliare.ro\/imoexpert\/apartament-vechi-design-modern-doua-camere-in-50-de-metri-patrati_db\/\" \/>\n<meta property=\"og:locale\" content=\"ro_RO\" \/>\n<meta property=\"og:type\" content=\"article\" \/>\n<meta property=\"og:title\" content=\"Apartament vechi, design modern: dou\u0103 camere \u00een 50 de metri p\u0103tra\u021bi\" \/>\n<meta property=\"og:description\" content=\"Pere\u021bii vopsi\u021bi \u00een alb contribuie la conturarea senza\u021biei de spa\u021biu deschis, luminos. Dac\u0103 te numeri printre proprietarii \u2013 sau doar locatarii \u2013 unui\" \/>\n<meta property=\"og:url\" content=\"https:\/\/www.imobiliare.ro\/imoexpert\/apartament-vechi-design-modern-doua-camere-in-50-de-metri-patrati_db\/\" \/>\n<meta property=\"og:site_name\" content=\"ImoExpert\" \/>\n<meta property=\"article:published_time\" content=\"2015-01-30T09:10:17+00:00\" \/>\n<meta property=\"og:image\" content=\"https:\/\/www.imobiliare.ro\/imoexpert\/wp-content\/uploads\/2015\/01\/2-camere-Gothenburg-1.jpg\" \/>\n\t<meta property=\"og:image:width\" content=\"600\" \/>\n\t<meta property=\"og:image:height\" content=\"400\" \/>\n\t<meta property=\"og:image:type\" content=\"image\/jpeg\" \/>\n<meta name=\"author\" content=\"Adriana Dr\u0103gu\u0219in\" \/>\n<meta name=\"twitter:card\" content=\"summary_large_image\" \/>\n<meta name=\"twitter:label1\" content=\"Written by\" \/>\n\t<meta name=\"twitter:data1\" content=\"Adriana Dr\u0103gu\u0219in\" \/>\n\t<meta name=\"twitter:label2\" content=\"Est. reading time\" \/>\n\t<meta name=\"twitter:data2\" content=\"2 minute\" \/>\n<script type=\"application\/ld+json\" class=\"yoast-schema-graph\">{\"@context\":\"https:\/\/schema.org\",\"@graph\":[{\"@type\":\"Article\",\"@id\":\"https:\/\/www.imobiliare.ro\/imoexpert\/apartament-vechi-design-modern-doua-camere-in-50-de-metri-patrati_db\/#article\",\"isPartOf\":{\"@id\":\"https:\/\/www.imobiliare.ro\/imoexpert\/apartament-vechi-design-modern-doua-camere-in-50-de-metri-patrati_db\/\"},\"author\":{\"name\":\"Adriana Dr\u0103gu\u0219in\",\"@id\":\"https:\/\/www.imobiliare.ro\/imoexpert\/#\/schema\/person\/8c13b0297075010b896471fabf0d7790\"},\"headline\":\"Apartament vechi, design modern: dou\u0103 camere \u00een 50 de metri p\u0103tra\u021bi\",\"datePublished\":\"2015-01-30T09:10:17+00:00\",\"mainEntityOfPage\":{\"@id\":\"https:\/\/www.imobiliare.ro\/imoexpert\/apartament-vechi-design-modern-doua-camere-in-50-de-metri-patrati_db\/\"},\"wordCount\":449,\"commentCount\":5,\"publisher\":{\"@id\":\"https:\/\/www.imobiliare.ro\/imoexpert\/#organization\"},\"image\":{\"@id\":\"https:\/\/www.imobiliare.ro\/imoexpert\/apartament-vechi-design-modern-doua-camere-in-50-de-metri-patrati_db\/#primaryimage\"},\"thumbnailUrl\":\"https:\/\/www.imobiliare.ro\/imoexpert\/wp-content\/uploads\/2015\/01\/2-camere-Gothenburg-1.jpg\",\"keywords\":[\"Home&amp;Deco\",\"newsletter\",\"principal\"],\"articleSection\":[\"\u0218tiri\"],\"inLanguage\":\"en\",\"potentialAction\":[{\"@type\":\"CommentAction\",\"name\":\"Comment\",\"target\":[\"https:\/\/www.imobiliare.ro\/imoexpert\/apartament-vechi-design-modern-doua-camere-in-50-de-metri-patrati_db\/#respond\"]}],\"copyrightYear\":\"2015\",\"copyrightHolder\":{\"@id\":\"https:\/\/www.imobiliare.ro\/imoexpert\/#organization\"}},{\"@type\":\"WebPage\",\"@id\":\"https:\/\/www.imobiliare.ro\/imoexpert\/apartament-vechi-design-modern-doua-camere-in-50-de-metri-patrati_db\/\",\"url\":\"https:\/\/www.imobiliare.ro\/imoexpert\/apartament-vechi-design-modern-doua-camere-in-50-de-metri-patrati_db\/\",\"name\":\"Apartament vechi, design modern: dou\u0103 camere \u00een 50 de metri p\u0103tra\u021bi - \u0218tiri - ImoExpert\",\"isPartOf\":{\"@id\":\"https:\/\/www.imobiliare.ro\/imoexpert\/#website\"},\"primaryImageOfPage\":{\"@id\":\"https:\/\/www.imobiliare.ro\/imoexpert\/apartament-vechi-design-modern-doua-camere-in-50-de-metri-patrati_db\/#primaryimage\"},\"image\":{\"@id\":\"https:\/\/www.imobiliare.ro\/imoexpert\/apartament-vechi-design-modern-doua-camere-in-50-de-metri-patrati_db\/#primaryimage\"},\"thumbnailUrl\":\"https:\/\/www.imobiliare.ro\/imoexpert\/wp-content\/uploads\/2015\/01\/2-camere-Gothenburg-1.jpg\",\"datePublished\":\"2015-01-30T09:10:17+00:00\",\"description\":\"Pere\u021bii vopsi\u021bi \u00een alb contribuie la conturarea senza\u021biei de spa\u021biu deschis, luminos. Dac\u0103 te numeri printre proprietarii \u2013 sau doar locatarii \u2013 unui\",\"breadcrumb\":{\"@id\":\"https:\/\/www.imobiliare.ro\/imoexpert\/apartament-vechi-design-modern-doua-camere-in-50-de-metri-patrati_db\/#breadcrumb\"},\"inLanguage\":\"en\",\"potentialAction\":[{\"@type\":\"ReadAction\",\"target\":[\"https:\/\/www.imobiliare.ro\/imoexpert\/apartament-vechi-design-modern-doua-camere-in-50-de-metri-patrati_db\/\"]}]},{\"@type\":\"ImageObject\",\"inLanguage\":\"en\",\"@id\":\"https:\/\/www.imobiliare.ro\/imoexpert\/apartament-vechi-design-modern-doua-camere-in-50-de-metri-patrati_db\/#primaryimage\",\"url\":\"https:\/\/www.imobiliare.ro\/imoexpert\/wp-content\/uploads\/2015\/01\/2-camere-Gothenburg-1.jpg\",\"contentUrl\":\"https:\/\/www.imobiliare.ro\/imoexpert\/wp-content\/uploads\/2015\/01\/2-camere-Gothenburg-1.jpg\",\"width\":600,\"height\":400},{\"@type\":\"BreadcrumbList\",\"@id\":\"https:\/\/www.imobiliare.ro\/imoexpert\/apartament-vechi-design-modern-doua-camere-in-50-de-metri-patrati_db\/#breadcrumb\",\"itemListElement\":[{\"@type\":\"ListItem\",\"position\":1,\"name\":\"Imoradar24\",\"item\":\"https:\/\/www.imoradar24.ro\"},{\"@type\":\"ListItem\",\"position\":2,\"name\":\"ImoExpert\",\"item\":\"https:\/\/www.imobiliare.ro\/imoexpert\/\"},{\"@type\":\"ListItem\",\"position\":3,\"name\":\"\u0218tiri\",\"item\":\"https:\/\/www.imobiliare.ro\/imoexpert\/stiri\/\"},{\"@type\":\"ListItem\",\"position\":4,\"name\":\"Apartament vechi, design modern: dou\u0103 camere \u00een 50 de metri p\u0103tra\u021bi\"}]},{\"@type\":\"WebSite\",\"@id\":\"https:\/\/www.imobiliare.ro\/imoexpert\/#website\",\"url\":\"https:\/\/www.imobiliare.ro\/imoexpert\/\",\"name\":\"ImoExpert\",\"description\":\"cele mai importante \u015ftiri din domeniul imobiliar\",\"publisher\":{\"@id\":\"https:\/\/www.imobiliare.ro\/imoexpert\/#organization\"},\"inLanguage\":\"en\"},{\"@type\":\"Organization\",\"@id\":\"https:\/\/www.imobiliare.ro\/imoexpert\/#organization\",\"name\":\"Imobiliare.ro\",\"alternateName\":\"Realmedia Network SA\",\"url\":\"https:\/\/www.imobiliare.ro\/imoexpert\/\",\"logo\":{\"@type\":\"ImageObject\",\"inLanguage\":\"en\",\"@id\":\"https:\/\/www.imobiliare.ro\/imoexpert\/#\/schema\/logo\/image\/\",\"url\":\"https:\/\/www.imobiliare.ro\/imoexpert\/wp-content\/uploads\/2025\/05\/imobiliare_logo.png\",\"contentUrl\":\"https:\/\/www.imobiliare.ro\/imoexpert\/wp-content\/uploads\/2025\/05\/imobiliare_logo.png\",\"width\":237,\"height\":29,\"caption\":\"Imobiliare.ro\"},\"image\":{\"@id\":\"https:\/\/www.imobiliare.ro\/imoexpert\/#\/schema\/logo\/image\/\"}},{\"@type\":\"Person\",\"@id\":\"https:\/\/www.imobiliare.ro\/imoexpert\/#\/schema\/person\/8c13b0297075010b896471fabf0d7790\",\"name\":\"Adriana Dr\u0103gu\u0219in\",\"image\":{\"@type\":\"ImageObject\",\"inLanguage\":\"en\",\"@id\":\"https:\/\/www.imobiliare.ro\/imoexpert\/#\/schema\/person\/image\/\",\"url\":\"https:\/\/secure.gravatar.com\/avatar\/ba4762f7517e50e679ed7f11207102d1150120f2f5800c0da98f8a15305bf514?s=96&d=mm&r=g\",\"contentUrl\":\"https:\/\/secure.gravatar.com\/avatar\/ba4762f7517e50e679ed7f11207102d1150120f2f5800c0da98f8a15305bf514?s=96&d=mm&r=g\",\"caption\":\"Adriana Dr\u0103gu\u0219in\"},\"jobTitle\":\"Editor\",\"url\":\"https:\/\/www.imobiliare.ro\/imoexpert\/author\/adriana-dragusin\/\"}]}<\/script>\n<!-- \/ Yoast SEO Premium plugin. -->","yoast_head_json":{"title":"Apartament vechi, design modern: dou\u0103 camere \u00een 50 de metri p\u0103tra\u021bi - \u0218tiri - ImoExpert","description":"Pere\u021bii vopsi\u021bi \u00een alb contribuie la conturarea senza\u021biei de spa\u021biu deschis, luminos. Dac\u0103 te numeri printre proprietarii \u2013 sau doar locatarii \u2013 unui","robots":{"index":"index","follow":"follow"},"canonical":"https:\/\/www.imobiliare.ro\/imoexpert\/apartament-vechi-design-modern-doua-camere-in-50-de-metri-patrati_db\/","og_locale":"ro_RO","og_type":"article","og_title":"Apartament vechi, design modern: dou\u0103 camere \u00een 50 de metri p\u0103tra\u021bi","og_description":"Pere\u021bii vopsi\u021bi \u00een alb contribuie la conturarea senza\u021biei de spa\u021biu deschis, luminos. Dac\u0103 te numeri printre proprietarii \u2013 sau doar locatarii \u2013 unui","og_url":"https:\/\/www.imobiliare.ro\/imoexpert\/apartament-vechi-design-modern-doua-camere-in-50-de-metri-patrati_db\/","og_site_name":"ImoExpert","article_published_time":"2015-01-30T09:10:17+00:00","og_image":[{"width":600,"height":400,"url":"https:\/\/www.imobiliare.ro\/imoexpert\/wp-content\/uploads\/2015\/01\/2-camere-Gothenburg-1.jpg","type":"image\/jpeg"}],"author":"Adriana Dr\u0103gu\u0219in","twitter_card":"summary_large_image","twitter_misc":{"Written by":"Adriana Dr\u0103gu\u0219in","Est. reading time":"2 minute"},"schema":{"@context":"https:\/\/schema.org","@graph":[{"@type":"Article","@id":"https:\/\/www.imobiliare.ro\/imoexpert\/apartament-vechi-design-modern-doua-camere-in-50-de-metri-patrati_db\/#article","isPartOf":{"@id":"https:\/\/www.imobiliare.ro\/imoexpert\/apartament-vechi-design-modern-doua-camere-in-50-de-metri-patrati_db\/"},"author":{"name":"Adriana Dr\u0103gu\u0219in","@id":"https:\/\/www.imobiliare.ro\/imoexpert\/#\/schema\/person\/8c13b0297075010b896471fabf0d7790"},"headline":"Apartament vechi, design modern: dou\u0103 camere \u00een 50 de metri p\u0103tra\u021bi","datePublished":"2015-01-30T09:10:17+00:00","mainEntityOfPage":{"@id":"https:\/\/www.imobiliare.ro\/imoexpert\/apartament-vechi-design-modern-doua-camere-in-50-de-metri-patrati_db\/"},"wordCount":449,"commentCount":5,"publisher":{"@id":"https:\/\/www.imobiliare.ro\/imoexpert\/#organization"},"image":{"@id":"https:\/\/www.imobiliare.ro\/imoexpert\/apartament-vechi-design-modern-doua-camere-in-50-de-metri-patrati_db\/#primaryimage"},"thumbnailUrl":"https:\/\/www.imobiliare.ro\/imoexpert\/wp-content\/uploads\/2015\/01\/2-camere-Gothenburg-1.jpg","keywords":["Home&amp;Deco","newsletter","principal"],"articleSection":["\u0218tiri"],"inLanguage":"en","potentialAction":[{"@type":"CommentAction","name":"Comment","target":["https:\/\/www.imobiliare.ro\/imoexpert\/apartament-vechi-design-modern-doua-camere-in-50-de-metri-patrati_db\/#respond"]}],"copyrightYear":"2015","copyrightHolder":{"@id":"https:\/\/www.imobiliare.ro\/imoexpert\/#organization"}},{"@type":"WebPage","@id":"https:\/\/www.imobiliare.ro\/imoexpert\/apartament-vechi-design-modern-doua-camere-in-50-de-metri-patrati_db\/","url":"https:\/\/www.imobiliare.ro\/imoexpert\/apartament-vechi-design-modern-doua-camere-in-50-de-metri-patrati_db\/","name":"Apartament vechi, design modern: dou\u0103 camere \u00een 50 de metri p\u0103tra\u021bi - \u0218tiri - ImoExpert","isPartOf":{"@id":"https:\/\/www.imobiliare.ro\/imoexpert\/#website"},"primaryImageOfPage":{"@id":"https:\/\/www.imobiliare.ro\/imoexpert\/apartament-vechi-design-modern-doua-camere-in-50-de-metri-patrati_db\/#primaryimage"},"image":{"@id":"https:\/\/www.imobiliare.ro\/imoexpert\/apartament-vechi-design-modern-doua-camere-in-50-de-metri-patrati_db\/#primaryimage"},"thumbnailUrl":"https:\/\/www.imobiliare.ro\/imoexpert\/wp-content\/uploads\/2015\/01\/2-camere-Gothenburg-1.jpg","datePublished":"2015-01-30T09:10:17+00:00","description":"Pere\u021bii vopsi\u021bi \u00een alb contribuie la conturarea senza\u021biei de spa\u021biu deschis, luminos. Dac\u0103 te numeri printre proprietarii \u2013 sau doar locatarii \u2013 unui","breadcrumb":{"@id":"https:\/\/www.imobiliare.ro\/imoexpert\/apartament-vechi-design-modern-doua-camere-in-50-de-metri-patrati_db\/#breadcrumb"},"inLanguage":"en","potentialAction":[{"@type":"ReadAction","target":["https:\/\/www.imobiliare.ro\/imoexpert\/apartament-vechi-design-modern-doua-camere-in-50-de-metri-patrati_db\/"]}]},{"@type":"ImageObject","inLanguage":"en","@id":"https:\/\/www.imobiliare.ro\/imoexpert\/apartament-vechi-design-modern-doua-camere-in-50-de-metri-patrati_db\/#primaryimage","url":"https:\/\/www.imobiliare.ro\/imoexpert\/wp-content\/uploads\/2015\/01\/2-camere-Gothenburg-1.jpg","contentUrl":"https:\/\/www.imobiliare.ro\/imoexpert\/wp-content\/uploads\/2015\/01\/2-camere-Gothenburg-1.jpg","width":600,"height":400},{"@type":"BreadcrumbList","@id":"https:\/\/www.imobiliare.ro\/imoexpert\/apartament-vechi-design-modern-doua-camere-in-50-de-metri-patrati_db\/#breadcrumb","itemListElement":[{"@type":"ListItem","position":1,"name":"Imoradar24","item":"https:\/\/www.imoradar24.ro"},{"@type":"ListItem","position":2,"name":"ImoExpert","item":"https:\/\/www.imobiliare.ro\/imoexpert\/"},{"@type":"ListItem","position":3,"name":"\u0218tiri","item":"https:\/\/www.imobiliare.ro\/imoexpert\/stiri\/"},{"@type":"ListItem","position":4,"name":"Apartament vechi, design modern: dou\u0103 camere \u00een 50 de metri p\u0103tra\u021bi"}]},{"@type":"WebSite","@id":"https:\/\/www.imobiliare.ro\/imoexpert\/#website","url":"https:\/\/www.imobiliare.ro\/imoexpert\/","name":"ImoExpert","description":"cele mai importante \u015ftiri din domeniul imobiliar","publisher":{"@id":"https:\/\/www.imobiliare.ro\/imoexpert\/#organization"},"inLanguage":"en"},{"@type":"Organization","@id":"https:\/\/www.imobiliare.ro\/imoexpert\/#organization","name":"Imobiliare.ro","alternateName":"Realmedia Network SA","url":"https:\/\/www.imobiliare.ro\/imoexpert\/","logo":{"@type":"ImageObject","inLanguage":"en","@id":"https:\/\/www.imobiliare.ro\/imoexpert\/#\/schema\/logo\/image\/","url":"https:\/\/www.imobiliare.ro\/imoexpert\/wp-content\/uploads\/2025\/05\/imobiliare_logo.png","contentUrl":"https:\/\/www.imobiliare.ro\/imoexpert\/wp-content\/uploads\/2025\/05\/imobiliare_logo.png","width":237,"height":29,"caption":"Imobiliare.ro"},"image":{"@id":"https:\/\/www.imobiliare.ro\/imoexpert\/#\/schema\/logo\/image\/"}},{"@type":"Person","@id":"https:\/\/www.imobiliare.ro\/imoexpert\/#\/schema\/person\/8c13b0297075010b896471fabf0d7790","name":"Adriana Dr\u0103gu\u0219in","image":{"@type":"ImageObject","inLanguage":"en","@id":"https:\/\/www.imobiliare.ro\/imoexpert\/#\/schema\/person\/image\/","url":"https:\/\/secure.gravatar.com\/avatar\/ba4762f7517e50e679ed7f11207102d1150120f2f5800c0da98f8a15305bf514?s=96&d=mm&r=g","contentUrl":"https:\/\/secure.gravatar.com\/avatar\/ba4762f7517e50e679ed7f11207102d1150120f2f5800c0da98f8a15305bf514?s=96&d=mm&r=g","caption":"Adriana Dr\u0103gu\u0219in"},"jobTitle":"Editor","url":"https:\/\/www.imobiliare.ro\/imoexpert\/author\/adriana-dragusin\/"}]}},"_links":{"self":[{"href":"https:\/\/www.imobiliare.ro\/imoexpert\/wp-json\/wp\/v2\/posts\/33451","targetHints":{"allow":["GET"]}}],"collection":[{"href":"https:\/\/www.imobiliare.ro\/imoexpert\/wp-json\/wp\/v2\/posts"}],"about":[{"href":"https:\/\/www.imobiliare.ro\/imoexpert\/wp-json\/wp\/v2\/types\/post"}],"author":[{"embeddable":true,"href":"https:\/\/www.imobiliare.ro\/imoexpert\/wp-json\/wp\/v2\/users\/829"}],"replies":[{"embeddable":true,"href":"https:\/\/www.imobiliare.ro\/imoexpert\/wp-json\/wp\/v2\/comments?post=33451"}],"version-history":[{"count":0,"href":"https:\/\/www.imobiliare.ro\/imoexpert\/wp-json\/wp\/v2\/posts\/33451\/revisions"}],"wp:featuredmedia":[{"embeddable":true,"href":"https:\/\/www.imobiliare.ro\/imoexpert\/wp-json\/wp\/v2\/media\/33452"}],"wp:attachment":[{"href":"https:\/\/www.imobiliare.ro\/imoexpert\/wp-json\/wp\/v2\/media?parent=33451"}],"wp:term":[{"taxonomy":"category","embeddable":true,"href":"https:\/\/www.imobiliare.ro\/imoexpert\/wp-json\/wp\/v2\/categories?post=33451"},{"taxonomy":"post_tag","embeddable":true,"href":"https:\/\/www.imobiliare.ro\/imoexpert\/wp-json\/wp\/v2\/tags?post=33451"},{"taxonomy":"content_author","embeddable":true,"href":"https:\/\/www.imobiliare.ro\/imoexpert\/wp-json\/wp\/v2\/content_author?post=33451"}],"curies":[{"name":"wp","href":"https:\/\/api.w.org\/{rel}","templated":true}]}}