{"id":35059,"date":"2015-06-08T10:40:44","date_gmt":"2015-06-08T07:40:44","guid":{"rendered":"https:\/\/www.imobiliare.ro\/?p=35059"},"modified":"2015-06-08T10:40:44","modified_gmt":"2015-06-08T07:40:44","slug":"o-casa-in-miniatura-tot-ce-ai-nevoie-in-doar-25-de-metri-patrati","status":"publish","type":"post","link":"https:\/\/www.imobiliare.ro\/imoexpert\/o-casa-in-miniatura-tot-ce-ai-nevoie-in-doar-25-de-metri-patrati_db\/","title":{"rendered":"O cas\u0103 \u00een miniatur\u0103: tot ce ai nevoie \u00een doar 25 de metri p\u0103tra\u021bi!"},"content":{"rendered":"<p><strong>Cine spune c\u0103 locuin\u021bele mici sunt ne\u00eenc\u0103p\u0103toare?<\/strong><\/p>\n<p>Mai mult dec\u00e2t un spa\u021biu generos, unul restr\u00e2ns reprezint\u0103 o adev\u0103rat\u0103 provocare \u00een materie de design interior. De\u0219i face parte dintr-un hotel din Amsterdam, proprietatea din imagini este o excelent\u0103 surs\u0103 de inspira\u021bie pentru amenajarea unui apartament de mici dimensiuni:<\/p>\n<p><a class=\"article-body-links\"href=\"https:\/\/www.imobiliare.ro\/imoexpert\/wp-content\/uploads\/2015\/06\/Zoku-apartment-1.jpg\"><img loading=\"lazy\" decoding=\"async\" src=\"https:\/\/www.imobiliare.ro\/imoexpert\/wp-content\/uploads\/2015\/06\/Zoku-apartment-1.jpg\" alt=\"Zoku apartment 1\" width=\"600\" height=\"400\" class=\"aligncenter size-full wp-image-35060\" srcset=\"https:\/\/www.imobiliare.ro\/imoexpert\/wp-content\/uploads\/2015\/06\/Zoku-apartment-1.jpg 600w, https:\/\/www.imobiliare.ro\/imoexpert\/wp-content\/uploads\/2015\/06\/Zoku-apartment-1-300x200.jpg 300w, https:\/\/www.imobiliare.ro\/imoexpert\/wp-content\/uploads\/2015\/06\/Zoku-apartment-1-87x57.jpg 87w, https:\/\/www.imobiliare.ro\/imoexpert\/wp-content\/uploads\/2015\/06\/Zoku-apartment-1-65x43.jpg 65w, https:\/\/www.imobiliare.ro\/imoexpert\/wp-content\/uploads\/2015\/06\/Zoku-apartment-1-154x103.jpg 154w\" sizes=\"auto, (max-width: 600px) 100vw, 600px\" \/><\/a><\/p>\n<p>Realizat de designerii de la Concrete Architectural Associates \u0219i prezentat pe <strong><a class=\"article-body-links\"href=\"http:\/\/freshome.com\/\">Freshome.com<\/a><\/strong>, proiectul este, mai mult dec\u00e2t o camer\u0103 de hotel, o adev\u0103rat\u0103 \u201elocuin\u021b\u0103 \u00een miniatur\u0103\u201d. Aceasta include, pe l\u00e2ng\u0103 pat \u0219i baie, o buc\u0103t\u0103rie cu loc de luat masa, zon\u0103 de living \u0219i chiar birou \u2013 totul \u00een aproximativ 25 de metri p\u0103tra\u021bi. <\/p>\n<p><a class=\"article-body-links\"href=\"https:\/\/www.imobiliare.ro\/imoexpert\/wp-content\/uploads\/2015\/06\/Zoku-apartment-2.jpg\"><img loading=\"lazy\" decoding=\"async\" src=\"https:\/\/www.imobiliare.ro\/imoexpert\/wp-content\/uploads\/2015\/06\/Zoku-apartment-2.jpg\" alt=\"Zoku apartment 2\" width=\"600\" height=\"400\" class=\"aligncenter size-full wp-image-35061\" srcset=\"https:\/\/www.imobiliare.ro\/imoexpert\/wp-content\/uploads\/2015\/06\/Zoku-apartment-2.jpg 600w, https:\/\/www.imobiliare.ro\/imoexpert\/wp-content\/uploads\/2015\/06\/Zoku-apartment-2-300x200.jpg 300w, https:\/\/www.imobiliare.ro\/imoexpert\/wp-content\/uploads\/2015\/06\/Zoku-apartment-2-87x57.jpg 87w, https:\/\/www.imobiliare.ro\/imoexpert\/wp-content\/uploads\/2015\/06\/Zoku-apartment-2-65x43.jpg 65w, https:\/\/www.imobiliare.ro\/imoexpert\/wp-content\/uploads\/2015\/06\/Zoku-apartment-2-154x103.jpg 154w\" sizes=\"auto, (max-width: 600px) 100vw, 600px\" \/><\/a><br \/>\n<a class=\"article-body-links\"href=\"https:\/\/www.imobiliare.ro\/imoexpert\/wp-content\/uploads\/2015\/06\/Zoku-apartment-3.jpg\"><img loading=\"lazy\" decoding=\"async\" src=\"https:\/\/www.imobiliare.ro\/imoexpert\/wp-content\/uploads\/2015\/06\/Zoku-apartment-3.jpg\" alt=\"Zoku apartment 3\" width=\"600\" height=\"609\" class=\"aligncenter size-full wp-image-35062\" srcset=\"https:\/\/www.imobiliare.ro\/imoexpert\/wp-content\/uploads\/2015\/06\/Zoku-apartment-3.jpg 600w, https:\/\/www.imobiliare.ro\/imoexpert\/wp-content\/uploads\/2015\/06\/Zoku-apartment-3-296x300.jpg 296w\" sizes=\"auto, (max-width: 600px) 100vw, 600px\" \/><\/a><\/p>\n<p>Inten\u021bia designerilor a fost aceea de a dezvolta un decor flexibil, care s\u0103 r\u0103spund\u0103 nevoilor turi\u0219tilor din domeniul afacerilor, at\u00e2t pe termen scurt, c\u00e2t \u0219i pe termen mediu sau lung. \u201eInima\u201d proiectului este zona de zi apartamentului, dedicat\u0103 at\u00e2t lucrului, c\u00e2t \u0219i petrecerii timpului liber. \u201e\u00cen locul patului, elementul central este o mas\u0103 de patru persoane ce poate fi folosit\u0103 pentru a m\u00e2nca, a lucra sau pentru relaxare. Zona de living este format\u0103 dintr-o canapea cu dou\u0103 locuri, ce permite clien\u021bilor s\u0103 se relaxeze, s\u0103 primeasc\u0103 oaspe\u021bi, s\u0103 citeasc\u0103 o carte sau s\u0103 se uite la televizor. Designul inteligent al buc\u0103t\u0103riei (&#8230;) ofer\u0103 toate condi\u021biile necesare, inclusiv plit\u0103 cu induc\u021bie, chiuvet\u0103, ma\u0219in\u0103 de sp\u0103lat vase, frigider cu congelator, cuptor cu microunde \u0219i filtru de cafea\u201d, explic\u0103 autorii proiectului. <\/p>\n<p><a class=\"article-body-links\"href=\"https:\/\/www.imobiliare.ro\/imoexpert\/wp-content\/uploads\/2015\/06\/Zoku-apartment-4.jpg\"><img loading=\"lazy\" decoding=\"async\" src=\"https:\/\/www.imobiliare.ro\/imoexpert\/wp-content\/uploads\/2015\/06\/Zoku-apartment-4.jpg\" alt=\"Zoku apartment 4\" width=\"600\" height=\"900\" class=\"aligncenter size-full wp-image-35063\" srcset=\"https:\/\/www.imobiliare.ro\/imoexpert\/wp-content\/uploads\/2015\/06\/Zoku-apartment-4.jpg 600w, https:\/\/www.imobiliare.ro\/imoexpert\/wp-content\/uploads\/2015\/06\/Zoku-apartment-4-200x300.jpg 200w\" sizes=\"auto, (max-width: 600px) 100vw, 600px\" \/><\/a><br \/>\n<a class=\"article-body-links\"href=\"https:\/\/www.imobiliare.ro\/imoexpert\/wp-content\/uploads\/2015\/06\/Zoku-apartment-5.jpg\"><img loading=\"lazy\" decoding=\"async\" src=\"https:\/\/www.imobiliare.ro\/imoexpert\/wp-content\/uploads\/2015\/06\/Zoku-apartment-5.jpg\" alt=\"Zoku apartment 5\" width=\"600\" height=\"900\" class=\"aligncenter size-full wp-image-35064\" srcset=\"https:\/\/www.imobiliare.ro\/imoexpert\/wp-content\/uploads\/2015\/06\/Zoku-apartment-5.jpg 600w, https:\/\/www.imobiliare.ro\/imoexpert\/wp-content\/uploads\/2015\/06\/Zoku-apartment-5-200x300.jpg 200w\" sizes=\"auto, (max-width: 600px) 100vw, 600px\" \/><\/a><br \/>\n<a class=\"article-body-links\"href=\"https:\/\/www.imobiliare.ro\/imoexpert\/wp-content\/uploads\/2015\/06\/Zoku-apartment-6.jpg\"><img loading=\"lazy\" decoding=\"async\" src=\"https:\/\/www.imobiliare.ro\/imoexpert\/wp-content\/uploads\/2015\/06\/Zoku-apartment-6.jpg\" alt=\"Zoku apartment 6\" width=\"600\" height=\"900\" class=\"aligncenter size-full wp-image-35065\" srcset=\"https:\/\/www.imobiliare.ro\/imoexpert\/wp-content\/uploads\/2015\/06\/Zoku-apartment-6.jpg 600w, https:\/\/www.imobiliare.ro\/imoexpert\/wp-content\/uploads\/2015\/06\/Zoku-apartment-6-200x300.jpg 200w\" sizes=\"auto, (max-width: 600px) 100vw, 600px\" \/><\/a><\/p>\n<p>Stilul amenaj\u0103rii este unul tipic scandinav, armoniz\u00e2nd de minune spiritul practic cu cel estetic. Din punct de vedere cromatic, contrastul clasic dintre alb (ca element predominant) \u0219i negru denot\u0103 elegan\u021b\u0103, \u00een vreme ce prezen\u021ba lemnului confer\u0103 c\u0103ldur\u0103 ambientului. Decora\u021biunile au, \u0219i ele, un rol important \u00een conturarea unei atmosfere familiare, de \u201eacas\u0103\u201d. <\/p>\n<p><a class=\"article-body-links\"href=\"https:\/\/www.imobiliare.ro\/imoexpert\/wp-content\/uploads\/2015\/06\/Zoku-apartment-7.jpg\"><img loading=\"lazy\" decoding=\"async\" src=\"https:\/\/www.imobiliare.ro\/imoexpert\/wp-content\/uploads\/2015\/06\/Zoku-apartment-7.jpg\" alt=\"Zoku apartment 7\" width=\"600\" height=\"400\" class=\"aligncenter size-full wp-image-35066\" srcset=\"https:\/\/www.imobiliare.ro\/imoexpert\/wp-content\/uploads\/2015\/06\/Zoku-apartment-7.jpg 600w, https:\/\/www.imobiliare.ro\/imoexpert\/wp-content\/uploads\/2015\/06\/Zoku-apartment-7-300x200.jpg 300w, https:\/\/www.imobiliare.ro\/imoexpert\/wp-content\/uploads\/2015\/06\/Zoku-apartment-7-87x57.jpg 87w, https:\/\/www.imobiliare.ro\/imoexpert\/wp-content\/uploads\/2015\/06\/Zoku-apartment-7-65x43.jpg 65w, https:\/\/www.imobiliare.ro\/imoexpert\/wp-content\/uploads\/2015\/06\/Zoku-apartment-7-154x103.jpg 154w\" sizes=\"auto, (max-width: 600px) 100vw, 600px\" \/><\/a><br \/>\n<a class=\"article-body-links\"href=\"https:\/\/www.imobiliare.ro\/imoexpert\/wp-content\/uploads\/2015\/06\/Zoku-apartment-8.jpg\"><img loading=\"lazy\" decoding=\"async\" src=\"https:\/\/www.imobiliare.ro\/imoexpert\/wp-content\/uploads\/2015\/06\/Zoku-apartment-8.jpg\" alt=\"Zoku apartment 8\" width=\"600\" height=\"900\" class=\"aligncenter size-full wp-image-35067\" srcset=\"https:\/\/www.imobiliare.ro\/imoexpert\/wp-content\/uploads\/2015\/06\/Zoku-apartment-8.jpg 600w, https:\/\/www.imobiliare.ro\/imoexpert\/wp-content\/uploads\/2015\/06\/Zoku-apartment-8-200x300.jpg 200w\" sizes=\"auto, (max-width: 600px) 100vw, 600px\" \/><\/a><br \/>\n<a class=\"article-body-links\"href=\"https:\/\/www.imobiliare.ro\/imoexpert\/wp-content\/uploads\/2015\/06\/Zoku-apartment-9.jpg\"><img loading=\"lazy\" decoding=\"async\" src=\"https:\/\/www.imobiliare.ro\/imoexpert\/wp-content\/uploads\/2015\/06\/Zoku-apartment-9.jpg\" alt=\"Zoku apartment 9\" width=\"600\" height=\"900\" class=\"aligncenter size-full wp-image-35068\" srcset=\"https:\/\/www.imobiliare.ro\/imoexpert\/wp-content\/uploads\/2015\/06\/Zoku-apartment-9.jpg 600w, https:\/\/www.imobiliare.ro\/imoexpert\/wp-content\/uploads\/2015\/06\/Zoku-apartment-9-200x300.jpg 200w\" sizes=\"auto, (max-width: 600px) 100vw, 600px\" \/><\/a><\/p>\n<p><em><strong>Surs\u0103 foto: <a class=\"article-body-links\"href=\"http:\/\/freshome.com\/spacious-micro-apartment-for-the-global-nomad-zoku-loft-in-amsterdam\/\">Freshome.com<\/a><\/strong><\/em><\/p>\n","protected":false},"excerpt":{"rendered":"<p>Cine spune c\u0103 locuin\u021bele mici sunt ne\u00eenc\u0103p\u0103toare? Mai mult dec\u00e2t un spa\u021biu generos, unul restr\u00e2ns reprezint\u0103 o adev\u0103rat\u0103 provocare \u00een materie de design interior. De\u0219i face parte dintr-un hotel din Amsterdam, proprietatea din imagini este o excelent\u0103 surs\u0103 de inspira\u021bie pentru amenajarea unui apartament de mici dimensiuni: Realizat de designerii de la Concrete Architectural Associates [&hellip;]<\/p>\n","protected":false},"author":829,"featured_media":35060,"comment_status":"open","ping_status":"open","sticky":false,"template":"","format":"standard","meta":{"footnotes":""},"categories":[255,259],"tags":[1022,1410,1411],"content_author":[],"class_list":["post-35059","post","type-post","status-publish","format-standard","has-post-thumbnail","hentry","category-home-deco","category-stiri","tag-homedeco","tag-newsletter","tag-principal"],"yoast_head":"<!-- This site is optimized with the Yoast SEO Premium plugin v27.0 (Yoast SEO v27.0) - https:\/\/yoast.com\/product\/yoast-seo-premium-wordpress\/ -->\n<title>O cas\u0103 \u00een miniatur\u0103: tot ce ai nevoie \u00een doar 25 de metri p\u0103tra\u021bi! - Home &amp; Deco, \u0218tiri - ImoExpert<\/title>\n<meta name=\"description\" content=\"Cine spune c\u0103 locuin\u021bele mici sunt ne\u00eenc\u0103p\u0103toare? Mai mult dec\u00e2t un spa\u021biu generos, unul restr\u00e2ns reprezint\u0103 o adev\u0103rat\u0103 provocare \u00een materie de design\" \/>\n<meta name=\"robots\" content=\"index, follow\" \/>\n<link rel=\"canonical\" href=\"https:\/\/www.imobiliare.ro\/imoexpert\/o-casa-in-miniatura-tot-ce-ai-nevoie-in-doar-25-de-metri-patrati_db\/\" \/>\n<meta property=\"og:locale\" content=\"ro_RO\" \/>\n<meta property=\"og:type\" content=\"article\" \/>\n<meta property=\"og:title\" content=\"O cas\u0103 \u00een miniatur\u0103: tot ce ai nevoie \u00een doar 25 de metri p\u0103tra\u021bi!\" \/>\n<meta property=\"og:description\" content=\"Cine spune c\u0103 locuin\u021bele mici sunt ne\u00eenc\u0103p\u0103toare? Mai mult dec\u00e2t un spa\u021biu generos, unul restr\u00e2ns reprezint\u0103 o adev\u0103rat\u0103 provocare \u00een materie de design\" \/>\n<meta property=\"og:url\" content=\"https:\/\/www.imobiliare.ro\/imoexpert\/o-casa-in-miniatura-tot-ce-ai-nevoie-in-doar-25-de-metri-patrati_db\/\" \/>\n<meta property=\"og:site_name\" content=\"ImoExpert\" \/>\n<meta property=\"article:published_time\" content=\"2015-06-08T07:40:44+00:00\" \/>\n<meta property=\"og:image\" content=\"https:\/\/www.imobiliare.ro\/imoexpert\/wp-content\/uploads\/2015\/06\/Zoku-apartment-1.jpg\" \/>\n\t<meta property=\"og:image:width\" content=\"600\" \/>\n\t<meta property=\"og:image:height\" content=\"400\" \/>\n\t<meta property=\"og:image:type\" content=\"image\/jpeg\" \/>\n<meta name=\"author\" content=\"Adriana Dr\u0103gu\u0219in\" \/>\n<meta name=\"twitter:card\" content=\"summary_large_image\" \/>\n<meta name=\"twitter:label1\" content=\"Written by\" \/>\n\t<meta name=\"twitter:data1\" content=\"Adriana Dr\u0103gu\u0219in\" \/>\n\t<meta name=\"twitter:label2\" content=\"Est. reading time\" \/>\n\t<meta name=\"twitter:data2\" content=\"2 minute\" \/>\n<script type=\"application\/ld+json\" class=\"yoast-schema-graph\">{\"@context\":\"https:\/\/schema.org\",\"@graph\":[{\"@type\":\"Article\",\"@id\":\"https:\/\/www.imobiliare.ro\/imoexpert\/o-casa-in-miniatura-tot-ce-ai-nevoie-in-doar-25-de-metri-patrati_db\/#article\",\"isPartOf\":{\"@id\":\"https:\/\/www.imobiliare.ro\/imoexpert\/o-casa-in-miniatura-tot-ce-ai-nevoie-in-doar-25-de-metri-patrati_db\/\"},\"author\":{\"name\":\"Adriana Dr\u0103gu\u0219in\",\"@id\":\"https:\/\/www.imobiliare.ro\/imoexpert\/#\/schema\/person\/8c13b0297075010b896471fabf0d7790\"},\"headline\":\"O cas\u0103 \u00een miniatur\u0103: tot ce ai nevoie \u00een doar 25 de metri p\u0103tra\u021bi!\",\"datePublished\":\"2015-06-08T07:40:44+00:00\",\"mainEntityOfPage\":{\"@id\":\"https:\/\/www.imobiliare.ro\/imoexpert\/o-casa-in-miniatura-tot-ce-ai-nevoie-in-doar-25-de-metri-patrati_db\/\"},\"wordCount\":336,\"commentCount\":7,\"publisher\":{\"@id\":\"https:\/\/www.imobiliare.ro\/imoexpert\/#organization\"},\"image\":{\"@id\":\"https:\/\/www.imobiliare.ro\/imoexpert\/o-casa-in-miniatura-tot-ce-ai-nevoie-in-doar-25-de-metri-patrati_db\/#primaryimage\"},\"thumbnailUrl\":\"https:\/\/www.imobiliare.ro\/imoexpert\/wp-content\/uploads\/2015\/06\/Zoku-apartment-1.jpg\",\"keywords\":[\"Home&amp;Deco\",\"newsletter\",\"principal\"],\"articleSection\":[\"Home &amp; Deco\",\"\u0218tiri\"],\"inLanguage\":\"en\",\"potentialAction\":[{\"@type\":\"CommentAction\",\"name\":\"Comment\",\"target\":[\"https:\/\/www.imobiliare.ro\/imoexpert\/o-casa-in-miniatura-tot-ce-ai-nevoie-in-doar-25-de-metri-patrati_db\/#respond\"]}],\"copyrightYear\":\"2015\",\"copyrightHolder\":{\"@id\":\"https:\/\/www.imobiliare.ro\/imoexpert\/#organization\"}},{\"@type\":\"WebPage\",\"@id\":\"https:\/\/www.imobiliare.ro\/imoexpert\/o-casa-in-miniatura-tot-ce-ai-nevoie-in-doar-25-de-metri-patrati_db\/\",\"url\":\"https:\/\/www.imobiliare.ro\/imoexpert\/o-casa-in-miniatura-tot-ce-ai-nevoie-in-doar-25-de-metri-patrati_db\/\",\"name\":\"O cas\u0103 \u00een miniatur\u0103: tot ce ai nevoie \u00een doar 25 de metri p\u0103tra\u021bi! - Home &amp; Deco, \u0218tiri - ImoExpert\",\"isPartOf\":{\"@id\":\"https:\/\/www.imobiliare.ro\/imoexpert\/#website\"},\"primaryImageOfPage\":{\"@id\":\"https:\/\/www.imobiliare.ro\/imoexpert\/o-casa-in-miniatura-tot-ce-ai-nevoie-in-doar-25-de-metri-patrati_db\/#primaryimage\"},\"image\":{\"@id\":\"https:\/\/www.imobiliare.ro\/imoexpert\/o-casa-in-miniatura-tot-ce-ai-nevoie-in-doar-25-de-metri-patrati_db\/#primaryimage\"},\"thumbnailUrl\":\"https:\/\/www.imobiliare.ro\/imoexpert\/wp-content\/uploads\/2015\/06\/Zoku-apartment-1.jpg\",\"datePublished\":\"2015-06-08T07:40:44+00:00\",\"description\":\"Cine spune c\u0103 locuin\u021bele mici sunt ne\u00eenc\u0103p\u0103toare? Mai mult dec\u00e2t un spa\u021biu generos, unul restr\u00e2ns reprezint\u0103 o adev\u0103rat\u0103 provocare \u00een materie de design\",\"breadcrumb\":{\"@id\":\"https:\/\/www.imobiliare.ro\/imoexpert\/o-casa-in-miniatura-tot-ce-ai-nevoie-in-doar-25-de-metri-patrati_db\/#breadcrumb\"},\"inLanguage\":\"en\",\"potentialAction\":[{\"@type\":\"ReadAction\",\"target\":[\"https:\/\/www.imobiliare.ro\/imoexpert\/o-casa-in-miniatura-tot-ce-ai-nevoie-in-doar-25-de-metri-patrati_db\/\"]}]},{\"@type\":\"ImageObject\",\"inLanguage\":\"en\",\"@id\":\"https:\/\/www.imobiliare.ro\/imoexpert\/o-casa-in-miniatura-tot-ce-ai-nevoie-in-doar-25-de-metri-patrati_db\/#primaryimage\",\"url\":\"https:\/\/www.imobiliare.ro\/imoexpert\/wp-content\/uploads\/2015\/06\/Zoku-apartment-1.jpg\",\"contentUrl\":\"https:\/\/www.imobiliare.ro\/imoexpert\/wp-content\/uploads\/2015\/06\/Zoku-apartment-1.jpg\",\"width\":600,\"height\":400},{\"@type\":\"BreadcrumbList\",\"@id\":\"https:\/\/www.imobiliare.ro\/imoexpert\/o-casa-in-miniatura-tot-ce-ai-nevoie-in-doar-25-de-metri-patrati_db\/#breadcrumb\",\"itemListElement\":[{\"@type\":\"ListItem\",\"position\":1,\"name\":\"Imoradar24\",\"item\":\"https:\/\/www.imoradar24.ro\"},{\"@type\":\"ListItem\",\"position\":2,\"name\":\"ImoExpert\",\"item\":\"https:\/\/www.imobiliare.ro\/imoexpert\/\"},{\"@type\":\"ListItem\",\"position\":3,\"name\":\"Sfaturi\",\"item\":\"https:\/\/www.imobiliare.ro\/imoexpert\/ghid-imobiliar\/\"},{\"@type\":\"ListItem\",\"position\":4,\"name\":\"Home &amp; Deco\",\"item\":\"https:\/\/www.imobiliare.ro\/imoexpert\/ghid-imobiliar\/home-deco\/\"},{\"@type\":\"ListItem\",\"position\":5,\"name\":\"O cas\u0103 \u00een miniatur\u0103: tot ce ai nevoie \u00een doar 25 de metri p\u0103tra\u021bi!\"}]},{\"@type\":\"WebSite\",\"@id\":\"https:\/\/www.imobiliare.ro\/imoexpert\/#website\",\"url\":\"https:\/\/www.imobiliare.ro\/imoexpert\/\",\"name\":\"ImoExpert\",\"description\":\"cele mai importante \u015ftiri din domeniul imobiliar\",\"publisher\":{\"@id\":\"https:\/\/www.imobiliare.ro\/imoexpert\/#organization\"},\"inLanguage\":\"en\"},{\"@type\":\"Organization\",\"@id\":\"https:\/\/www.imobiliare.ro\/imoexpert\/#organization\",\"name\":\"Imobiliare.ro\",\"alternateName\":\"Realmedia Network SA\",\"url\":\"https:\/\/www.imobiliare.ro\/imoexpert\/\",\"logo\":{\"@type\":\"ImageObject\",\"inLanguage\":\"en\",\"@id\":\"https:\/\/www.imobiliare.ro\/imoexpert\/#\/schema\/logo\/image\/\",\"url\":\"https:\/\/www.imobiliare.ro\/imoexpert\/wp-content\/uploads\/2025\/05\/imobiliare_logo.png\",\"contentUrl\":\"https:\/\/www.imobiliare.ro\/imoexpert\/wp-content\/uploads\/2025\/05\/imobiliare_logo.png\",\"width\":237,\"height\":29,\"caption\":\"Imobiliare.ro\"},\"image\":{\"@id\":\"https:\/\/www.imobiliare.ro\/imoexpert\/#\/schema\/logo\/image\/\"}},{\"@type\":\"Person\",\"@id\":\"https:\/\/www.imobiliare.ro\/imoexpert\/#\/schema\/person\/8c13b0297075010b896471fabf0d7790\",\"name\":\"Adriana Dr\u0103gu\u0219in\",\"image\":{\"@type\":\"ImageObject\",\"inLanguage\":\"en\",\"@id\":\"https:\/\/www.imobiliare.ro\/imoexpert\/#\/schema\/person\/image\/\",\"url\":\"https:\/\/secure.gravatar.com\/avatar\/ba4762f7517e50e679ed7f11207102d1150120f2f5800c0da98f8a15305bf514?s=96&d=mm&r=g\",\"contentUrl\":\"https:\/\/secure.gravatar.com\/avatar\/ba4762f7517e50e679ed7f11207102d1150120f2f5800c0da98f8a15305bf514?s=96&d=mm&r=g\",\"caption\":\"Adriana Dr\u0103gu\u0219in\"},\"jobTitle\":\"Editor\",\"url\":\"https:\/\/www.imobiliare.ro\/imoexpert\/author\/adriana-dragusin\/\"}]}<\/script>\n<!-- \/ Yoast SEO Premium plugin. -->","yoast_head_json":{"title":"O cas\u0103 \u00een miniatur\u0103: tot ce ai nevoie \u00een doar 25 de metri p\u0103tra\u021bi! - Home &amp; Deco, \u0218tiri - ImoExpert","description":"Cine spune c\u0103 locuin\u021bele mici sunt ne\u00eenc\u0103p\u0103toare? Mai mult dec\u00e2t un spa\u021biu generos, unul restr\u00e2ns reprezint\u0103 o adev\u0103rat\u0103 provocare \u00een materie de design","robots":{"index":"index","follow":"follow"},"canonical":"https:\/\/www.imobiliare.ro\/imoexpert\/o-casa-in-miniatura-tot-ce-ai-nevoie-in-doar-25-de-metri-patrati_db\/","og_locale":"ro_RO","og_type":"article","og_title":"O cas\u0103 \u00een miniatur\u0103: tot ce ai nevoie \u00een doar 25 de metri p\u0103tra\u021bi!","og_description":"Cine spune c\u0103 locuin\u021bele mici sunt ne\u00eenc\u0103p\u0103toare? Mai mult dec\u00e2t un spa\u021biu generos, unul restr\u00e2ns reprezint\u0103 o adev\u0103rat\u0103 provocare \u00een materie de design","og_url":"https:\/\/www.imobiliare.ro\/imoexpert\/o-casa-in-miniatura-tot-ce-ai-nevoie-in-doar-25-de-metri-patrati_db\/","og_site_name":"ImoExpert","article_published_time":"2015-06-08T07:40:44+00:00","og_image":[{"width":600,"height":400,"url":"https:\/\/www.imobiliare.ro\/imoexpert\/wp-content\/uploads\/2015\/06\/Zoku-apartment-1.jpg","type":"image\/jpeg"}],"author":"Adriana Dr\u0103gu\u0219in","twitter_card":"summary_large_image","twitter_misc":{"Written by":"Adriana Dr\u0103gu\u0219in","Est. reading time":"2 minute"},"schema":{"@context":"https:\/\/schema.org","@graph":[{"@type":"Article","@id":"https:\/\/www.imobiliare.ro\/imoexpert\/o-casa-in-miniatura-tot-ce-ai-nevoie-in-doar-25-de-metri-patrati_db\/#article","isPartOf":{"@id":"https:\/\/www.imobiliare.ro\/imoexpert\/o-casa-in-miniatura-tot-ce-ai-nevoie-in-doar-25-de-metri-patrati_db\/"},"author":{"name":"Adriana Dr\u0103gu\u0219in","@id":"https:\/\/www.imobiliare.ro\/imoexpert\/#\/schema\/person\/8c13b0297075010b896471fabf0d7790"},"headline":"O cas\u0103 \u00een miniatur\u0103: tot ce ai nevoie \u00een doar 25 de metri p\u0103tra\u021bi!","datePublished":"2015-06-08T07:40:44+00:00","mainEntityOfPage":{"@id":"https:\/\/www.imobiliare.ro\/imoexpert\/o-casa-in-miniatura-tot-ce-ai-nevoie-in-doar-25-de-metri-patrati_db\/"},"wordCount":336,"commentCount":7,"publisher":{"@id":"https:\/\/www.imobiliare.ro\/imoexpert\/#organization"},"image":{"@id":"https:\/\/www.imobiliare.ro\/imoexpert\/o-casa-in-miniatura-tot-ce-ai-nevoie-in-doar-25-de-metri-patrati_db\/#primaryimage"},"thumbnailUrl":"https:\/\/www.imobiliare.ro\/imoexpert\/wp-content\/uploads\/2015\/06\/Zoku-apartment-1.jpg","keywords":["Home&amp;Deco","newsletter","principal"],"articleSection":["Home &amp; Deco","\u0218tiri"],"inLanguage":"en","potentialAction":[{"@type":"CommentAction","name":"Comment","target":["https:\/\/www.imobiliare.ro\/imoexpert\/o-casa-in-miniatura-tot-ce-ai-nevoie-in-doar-25-de-metri-patrati_db\/#respond"]}],"copyrightYear":"2015","copyrightHolder":{"@id":"https:\/\/www.imobiliare.ro\/imoexpert\/#organization"}},{"@type":"WebPage","@id":"https:\/\/www.imobiliare.ro\/imoexpert\/o-casa-in-miniatura-tot-ce-ai-nevoie-in-doar-25-de-metri-patrati_db\/","url":"https:\/\/www.imobiliare.ro\/imoexpert\/o-casa-in-miniatura-tot-ce-ai-nevoie-in-doar-25-de-metri-patrati_db\/","name":"O cas\u0103 \u00een miniatur\u0103: tot ce ai nevoie \u00een doar 25 de metri p\u0103tra\u021bi! - Home &amp; Deco, \u0218tiri - ImoExpert","isPartOf":{"@id":"https:\/\/www.imobiliare.ro\/imoexpert\/#website"},"primaryImageOfPage":{"@id":"https:\/\/www.imobiliare.ro\/imoexpert\/o-casa-in-miniatura-tot-ce-ai-nevoie-in-doar-25-de-metri-patrati_db\/#primaryimage"},"image":{"@id":"https:\/\/www.imobiliare.ro\/imoexpert\/o-casa-in-miniatura-tot-ce-ai-nevoie-in-doar-25-de-metri-patrati_db\/#primaryimage"},"thumbnailUrl":"https:\/\/www.imobiliare.ro\/imoexpert\/wp-content\/uploads\/2015\/06\/Zoku-apartment-1.jpg","datePublished":"2015-06-08T07:40:44+00:00","description":"Cine spune c\u0103 locuin\u021bele mici sunt ne\u00eenc\u0103p\u0103toare? Mai mult dec\u00e2t un spa\u021biu generos, unul restr\u00e2ns reprezint\u0103 o adev\u0103rat\u0103 provocare \u00een materie de design","breadcrumb":{"@id":"https:\/\/www.imobiliare.ro\/imoexpert\/o-casa-in-miniatura-tot-ce-ai-nevoie-in-doar-25-de-metri-patrati_db\/#breadcrumb"},"inLanguage":"en","potentialAction":[{"@type":"ReadAction","target":["https:\/\/www.imobiliare.ro\/imoexpert\/o-casa-in-miniatura-tot-ce-ai-nevoie-in-doar-25-de-metri-patrati_db\/"]}]},{"@type":"ImageObject","inLanguage":"en","@id":"https:\/\/www.imobiliare.ro\/imoexpert\/o-casa-in-miniatura-tot-ce-ai-nevoie-in-doar-25-de-metri-patrati_db\/#primaryimage","url":"https:\/\/www.imobiliare.ro\/imoexpert\/wp-content\/uploads\/2015\/06\/Zoku-apartment-1.jpg","contentUrl":"https:\/\/www.imobiliare.ro\/imoexpert\/wp-content\/uploads\/2015\/06\/Zoku-apartment-1.jpg","width":600,"height":400},{"@type":"BreadcrumbList","@id":"https:\/\/www.imobiliare.ro\/imoexpert\/o-casa-in-miniatura-tot-ce-ai-nevoie-in-doar-25-de-metri-patrati_db\/#breadcrumb","itemListElement":[{"@type":"ListItem","position":1,"name":"Imoradar24","item":"https:\/\/www.imoradar24.ro"},{"@type":"ListItem","position":2,"name":"ImoExpert","item":"https:\/\/www.imobiliare.ro\/imoexpert\/"},{"@type":"ListItem","position":3,"name":"Sfaturi","item":"https:\/\/www.imobiliare.ro\/imoexpert\/ghid-imobiliar\/"},{"@type":"ListItem","position":4,"name":"Home &amp; Deco","item":"https:\/\/www.imobiliare.ro\/imoexpert\/ghid-imobiliar\/home-deco\/"},{"@type":"ListItem","position":5,"name":"O cas\u0103 \u00een miniatur\u0103: tot ce ai nevoie \u00een doar 25 de metri p\u0103tra\u021bi!"}]},{"@type":"WebSite","@id":"https:\/\/www.imobiliare.ro\/imoexpert\/#website","url":"https:\/\/www.imobiliare.ro\/imoexpert\/","name":"ImoExpert","description":"cele mai importante \u015ftiri din domeniul imobiliar","publisher":{"@id":"https:\/\/www.imobiliare.ro\/imoexpert\/#organization"},"inLanguage":"en"},{"@type":"Organization","@id":"https:\/\/www.imobiliare.ro\/imoexpert\/#organization","name":"Imobiliare.ro","alternateName":"Realmedia Network SA","url":"https:\/\/www.imobiliare.ro\/imoexpert\/","logo":{"@type":"ImageObject","inLanguage":"en","@id":"https:\/\/www.imobiliare.ro\/imoexpert\/#\/schema\/logo\/image\/","url":"https:\/\/www.imobiliare.ro\/imoexpert\/wp-content\/uploads\/2025\/05\/imobiliare_logo.png","contentUrl":"https:\/\/www.imobiliare.ro\/imoexpert\/wp-content\/uploads\/2025\/05\/imobiliare_logo.png","width":237,"height":29,"caption":"Imobiliare.ro"},"image":{"@id":"https:\/\/www.imobiliare.ro\/imoexpert\/#\/schema\/logo\/image\/"}},{"@type":"Person","@id":"https:\/\/www.imobiliare.ro\/imoexpert\/#\/schema\/person\/8c13b0297075010b896471fabf0d7790","name":"Adriana Dr\u0103gu\u0219in","image":{"@type":"ImageObject","inLanguage":"en","@id":"https:\/\/www.imobiliare.ro\/imoexpert\/#\/schema\/person\/image\/","url":"https:\/\/secure.gravatar.com\/avatar\/ba4762f7517e50e679ed7f11207102d1150120f2f5800c0da98f8a15305bf514?s=96&d=mm&r=g","contentUrl":"https:\/\/secure.gravatar.com\/avatar\/ba4762f7517e50e679ed7f11207102d1150120f2f5800c0da98f8a15305bf514?s=96&d=mm&r=g","caption":"Adriana Dr\u0103gu\u0219in"},"jobTitle":"Editor","url":"https:\/\/www.imobiliare.ro\/imoexpert\/author\/adriana-dragusin\/"}]}},"_links":{"self":[{"href":"https:\/\/www.imobiliare.ro\/imoexpert\/wp-json\/wp\/v2\/posts\/35059","targetHints":{"allow":["GET"]}}],"collection":[{"href":"https:\/\/www.imobiliare.ro\/imoexpert\/wp-json\/wp\/v2\/posts"}],"about":[{"href":"https:\/\/www.imobiliare.ro\/imoexpert\/wp-json\/wp\/v2\/types\/post"}],"author":[{"embeddable":true,"href":"https:\/\/www.imobiliare.ro\/imoexpert\/wp-json\/wp\/v2\/users\/829"}],"replies":[{"embeddable":true,"href":"https:\/\/www.imobiliare.ro\/imoexpert\/wp-json\/wp\/v2\/comments?post=35059"}],"version-history":[{"count":0,"href":"https:\/\/www.imobiliare.ro\/imoexpert\/wp-json\/wp\/v2\/posts\/35059\/revisions"}],"wp:featuredmedia":[{"embeddable":true,"href":"https:\/\/www.imobiliare.ro\/imoexpert\/wp-json\/wp\/v2\/media\/35060"}],"wp:attachment":[{"href":"https:\/\/www.imobiliare.ro\/imoexpert\/wp-json\/wp\/v2\/media?parent=35059"}],"wp:term":[{"taxonomy":"category","embeddable":true,"href":"https:\/\/www.imobiliare.ro\/imoexpert\/wp-json\/wp\/v2\/categories?post=35059"},{"taxonomy":"post_tag","embeddable":true,"href":"https:\/\/www.imobiliare.ro\/imoexpert\/wp-json\/wp\/v2\/tags?post=35059"},{"taxonomy":"content_author","embeddable":true,"href":"https:\/\/www.imobiliare.ro\/imoexpert\/wp-json\/wp\/v2\/content_author?post=35059"}],"curies":[{"name":"wp","href":"https:\/\/api.w.org\/{rel}","templated":true}]}}