{"id":36411,"date":"2015-10-23T18:52:43","date_gmt":"2015-10-23T15:52:43","guid":{"rendered":"https:\/\/www.imobiliare.ro\/?p=36411"},"modified":"2015-10-23T18:52:43","modified_gmt":"2015-10-23T15:52:43","slug":"sfarsitul-unei-epoci-romanii-nu-se-mai-uita-doar-la-pret-cand-cumpara-o-casa-si-designul-interior-conteaza","status":"publish","type":"post","link":"https:\/\/www.imobiliare.ro\/imoexpert\/sfarsitul-unei-epoci-romanii-nu-se-mai-uita-doar-la-pret-cand-cumpara-o-casa-si-designul-interior-conteaza_db\/","title":{"rendered":"Sf\u00e2r\u0219itul unei epoci? Rom\u00e2nii nu se mai uit\u0103 doar la pre\u021b c\u00e2nd cump\u0103r\u0103 o cas\u0103: \u0219i designul interior conteaz\u0103!"},"content":{"rendered":"<p><strong>O amenajare profesionist\u0103 d\u0103 un plus de valoare unei propriet\u0103\u021bi imobiliare.<\/strong><\/p>\n<p>Orice decizie de cump\u0103rare a unei locuin\u021be (dar nu numai!) este rezultatul \u201econfrunt\u0103rii\u201d dintre o serie de factori \u2013 unii de natur\u0103 ra\u021bional\u0103 (cum ar fi localizarea, pre\u021bul sau suprafa\u021ba), al\u021bii de natur\u0103 emo\u021bional\u0103 (atmosfera sau \u201estarea de spirit\u201d pe care o transmite o anumit\u0103 proprietate). De\u0219i pot fi trecute cu u\u0219urin\u021b\u0103 cu vederea, practica dovede\u0219te c\u0103 elementele din cea din urm\u0103 categorie au un impact puternic asupra poten\u021bialilor cump\u0103r\u0103tori.<\/p>\n<p><a class=\"article-body-links\"href=\"https:\/\/www.imobiliare.ro\/imoexpert\/wp-content\/uploads\/2015\/10\/The-Park-amenajare-1.jpg\"><img loading=\"lazy\" decoding=\"async\" class=\"aligncenter size-full wp-image-36414\" src=\"https:\/\/www.imobiliare.ro\/imoexpert\/wp-content\/uploads\/2015\/10\/The-Park-amenajare-1.jpg\" alt=\"The Park amenajare 1\" width=\"600\" height=\"333\" srcset=\"https:\/\/www.imobiliare.ro\/imoexpert\/wp-content\/uploads\/2015\/10\/The-Park-amenajare-1.jpg 600w, https:\/\/www.imobiliare.ro\/imoexpert\/wp-content\/uploads\/2015\/10\/The-Park-amenajare-1-300x167.jpg 300w\" sizes=\"auto, (max-width: 600px) 100vw, 600px\" \/><\/a><\/p>\n<p>Compania de origine lituanian\u0103 Hanner, dezvoltatoarea ansamblului reziden\u021bial The Park, din Bucure\u0219ti, a consemnat o cre\u0219tere a v\u00e2nz\u0103rilor cu 40%, ca urmare a aplic\u0103rii unei noi strategii de marketing, centrat\u0103 pe design interior. Astfel, pe l\u00e2ng\u0103 acordarea unei aten\u021bii deosebite pentru amenaj\u0103rile interioare \u0219i exterioare \u00een spa\u021biile publice ale complexului, reprezentan\u021bii Hanner au promovat \u2013 \u0219i v\u00e2ndut \u2013 apartamente gata amenajate de profesioni\u0219ti autohtoni <strong>(foto)<\/strong>. Prin urmare, dac\u0103 \u00een prima faz\u0103 de construc\u021bie accentul a c\u0103zut asupra calit\u0103\u021bii construc\u021biei \u0219i asupra altor elemente \u201era\u021bionale\u201d pentru atragerea clien\u021bilor, pentru urm\u0103toarele trei blocuri reprezentan\u021bii companiei inten\u021bioneaz\u0103 s\u0103 se concentreze mai mult asupra designului interior.<\/p>\n<p><a class=\"article-body-links\"href=\"https:\/\/www.imobiliare.ro\/imoexpert\/wp-content\/uploads\/2015\/10\/The-Park-amenajare-4.jpg\"><img loading=\"lazy\" decoding=\"async\" class=\"aligncenter size-full wp-image-36413\" src=\"https:\/\/www.imobiliare.ro\/imoexpert\/wp-content\/uploads\/2015\/10\/The-Park-amenajare-4.jpg\" alt=\"The Park amenajare 4\" width=\"600\" height=\"410\" srcset=\"https:\/\/www.imobiliare.ro\/imoexpert\/wp-content\/uploads\/2015\/10\/The-Park-amenajare-4.jpg 600w, https:\/\/www.imobiliare.ro\/imoexpert\/wp-content\/uploads\/2015\/10\/The-Park-amenajare-4-300x205.jpg 300w, https:\/\/www.imobiliare.ro\/imoexpert\/wp-content\/uploads\/2015\/10\/The-Park-amenajare-4-65x43.jpg 65w\" sizes=\"auto, (max-width: 600px) 100vw, 600px\" \/><\/a><br \/>\n<a class=\"article-body-links\"href=\"https:\/\/www.imobiliare.ro\/imoexpert\/wp-content\/uploads\/2015\/10\/The-Park-amenajare-3.jpg\"><img loading=\"lazy\" decoding=\"async\" class=\"aligncenter size-full wp-image-36412\" src=\"https:\/\/www.imobiliare.ro\/imoexpert\/wp-content\/uploads\/2015\/10\/The-Park-amenajare-3.jpg\" alt=\"The Park amenajare 3\" width=\"600\" height=\"415\" srcset=\"https:\/\/www.imobiliare.ro\/imoexpert\/wp-content\/uploads\/2015\/10\/The-Park-amenajare-3.jpg 600w, https:\/\/www.imobiliare.ro\/imoexpert\/wp-content\/uploads\/2015\/10\/The-Park-amenajare-3-300x208.jpg 300w\" sizes=\"auto, (max-width: 600px) 100vw, 600px\" \/><\/a><\/p>\n<p>&nbsp;<\/p>\n<blockquote><p>\u201eDesignerii rom\u00e2ni au lucrat cu bugete rezonabile \u0219i au cucerit clien\u021bii The Park, care au cump\u0103rat primele showroom-uri gata mobilate, la pre\u021buri speciale. Pentru cl\u0103direa The Park 2 am preg\u0103tit peste 15 apartamente amenajate de echipe creative, pentru cele 10 configura\u021bii de apartamente \u0219i garsoniere din bloc. Suntem preg\u0103ti\u021bi s\u0103 investim \u00een continuare \u00een design rom\u00e2nesc \u0219i colabor\u0103ri cu arhitec\u021bii \u0219i designerii rom\u00e2ni, pentru c\u0103 ne-au demonstrat c\u0103 este o abordare c\u00e2\u0219tig\u0103toare.\u201d<\/p>\n<p><em><strong>Silviu Grigorescu, director general Hanner Rom\u00e2nia<\/strong><\/em><\/p><\/blockquote>\n<p><a class=\"article-body-links\"href=\"https:\/\/www.imobiliare.ro\/imoexpert\/wp-content\/uploads\/2015\/10\/The-Park-amenajare-2.jpg\"><img loading=\"lazy\" decoding=\"async\" class=\"aligncenter size-full wp-image-36415\" src=\"https:\/\/www.imobiliare.ro\/imoexpert\/wp-content\/uploads\/2015\/10\/The-Park-amenajare-2.jpg\" alt=\"The Park amenajare 2\" width=\"600\" height=\"327\" srcset=\"https:\/\/www.imobiliare.ro\/imoexpert\/wp-content\/uploads\/2015\/10\/The-Park-amenajare-2.jpg 600w, https:\/\/www.imobiliare.ro\/imoexpert\/wp-content\/uploads\/2015\/10\/The-Park-amenajare-2-300x164.jpg 300w\" sizes=\"auto, (max-width: 600px) 100vw, 600px\" \/><\/a><\/p>\n<p>Dup\u0103 ce pia\u021ba reziden\u021bial\u0103 rom\u00e2neasc\u0103 a fost caracterizat\u0103 ani de-a r\u00e2ndul de o concuren\u021b\u0103 acerb\u0103 la capitolul pre\u021b, dezvoltatorii The Park sunt de p\u0103rere c\u0103 acesta r\u0103m\u00e2ne un factor important \u00een ochii poten\u021bialilor cump\u0103r\u0103tori, dar nu este unicul criteriu de achizi\u021bie. Accentul pe design se num\u0103r\u0103 cu siguran\u021b\u0103 printre elementele care pot face diferen\u021ba \u00eentr-o pia\u021b\u0103 care \u0219i-a reg\u0103sit efervescen\u021ba. \u201ePentru cl\u0103dirile 2, 3 \u0219i 4 din proiectul The Park am schimbat arhitectura, amenaj\u0103rile interioare \u0219i abordarea, apel\u00e2nd la arhitec\u021bii KXL \u0219i Attila Kim \u0219i Bogdan Ciocodeic\u0103. Pia\u021ba bucure\u0219tean\u0103 ne-a ar\u0103tat c\u0103 este momentul ca dezvoltatorii s\u0103 apeleze la design, la tinerii proiectan\u021bi \u0219i designeri rom\u00e2ni, care aduc valoare proiectelor imobiliare\u201d, spune Silviu Grigorescu, Director General Hanner Rom\u00e2nia.<\/p>\n<p><a class=\"article-body-links\"href=\"https:\/\/www.imobiliare.ro\/imoexpert\/wp-content\/uploads\/2015\/10\/The-Park-amenajare-0.jpg\"><img loading=\"lazy\" decoding=\"async\" class=\"aligncenter size-full wp-image-36417\" src=\"https:\/\/www.imobiliare.ro\/imoexpert\/wp-content\/uploads\/2015\/10\/The-Park-amenajare-0.jpg\" alt=\"The Park amenajare 0\" width=\"600\" height=\"303\" srcset=\"https:\/\/www.imobiliare.ro\/imoexpert\/wp-content\/uploads\/2015\/10\/The-Park-amenajare-0.jpg 600w, https:\/\/www.imobiliare.ro\/imoexpert\/wp-content\/uploads\/2015\/10\/The-Park-amenajare-0-300x152.jpg 300w\" sizes=\"auto, (max-width: 600px) 100vw, 600px\" \/><\/a><br \/>\n<a class=\"article-body-links\"href=\"https:\/\/www.imobiliare.ro\/imoexpert\/wp-content\/uploads\/2015\/10\/The-Park-amenajare-5.jpg\"><img loading=\"lazy\" decoding=\"async\" class=\"aligncenter size-full wp-image-36416\" src=\"https:\/\/www.imobiliare.ro\/imoexpert\/wp-content\/uploads\/2015\/10\/The-Park-amenajare-5.jpg\" alt=\"The Park amenajare 5\" width=\"600\" height=\"325\" srcset=\"https:\/\/www.imobiliare.ro\/imoexpert\/wp-content\/uploads\/2015\/10\/The-Park-amenajare-5.jpg 600w, https:\/\/www.imobiliare.ro\/imoexpert\/wp-content\/uploads\/2015\/10\/The-Park-amenajare-5-300x163.jpg 300w\" sizes=\"auto, (max-width: 600px) 100vw, 600px\" \/><\/a><\/p>\n<p><em><strong>Surs\u0103 foto: <a class=\"article-body-links\"href=\"http:\/\/thepark.ro\/\">Thepark.ro<\/a><\/strong><\/em><\/p>\n","protected":false},"excerpt":{"rendered":"<p>O amenajare profesionist\u0103 d\u0103 un plus de valoare unei propriet\u0103\u021bi imobiliare. Orice decizie de cump\u0103rare a unei locuin\u021be (dar nu numai!) este rezultatul \u201econfrunt\u0103rii\u201d dintre o serie de factori \u2013 unii de natur\u0103 ra\u021bional\u0103 (cum ar fi localizarea, pre\u021bul sau suprafa\u021ba), al\u021bii de natur\u0103 emo\u021bional\u0103 (atmosfera sau \u201estarea de spirit\u201d pe care o transmite o [&hellip;]<\/p>\n","protected":false},"author":829,"featured_media":36414,"comment_status":"open","ping_status":"open","sticky":false,"template":"","format":"standard","meta":{"footnotes":""},"categories":[259],"tags":[1455,1410,1411],"content_author":[],"class_list":["post-36411","post","type-post","status-publish","format-standard","has-post-thumbnail","hentry","category-stiri","tag-lifestyle","tag-newsletter","tag-principal"],"yoast_head":"<!-- This site is optimized with the Yoast SEO Premium plugin v27.0 (Yoast SEO v27.0) - https:\/\/yoast.com\/product\/yoast-seo-premium-wordpress\/ -->\n<title>Sf\u00e2r\u0219itul unei epoci? Rom\u00e2nii nu se mai uit\u0103 doar la pre\u021b c\u00e2nd cump\u0103r\u0103 o cas\u0103: \u0219i designul interior conteaz\u0103! - \u0218tiri - ImoExpert<\/title>\n<meta name=\"description\" content=\"O amenajare profesionist\u0103 d\u0103 un plus de valoare unei propriet\u0103\u021bi imobiliare. Orice decizie de cump\u0103rare a unei locuin\u021be (dar nu numai!) este rezultatul\" \/>\n<meta name=\"robots\" content=\"index, follow\" \/>\n<link rel=\"canonical\" href=\"https:\/\/www.imobiliare.ro\/imoexpert\/sfarsitul-unei-epoci-romanii-nu-se-mai-uita-doar-la-pret-cand-cumpara-o-casa-si-designul-interior-conteaza_db\/\" \/>\n<meta property=\"og:locale\" content=\"ro_RO\" \/>\n<meta property=\"og:type\" content=\"article\" \/>\n<meta property=\"og:title\" content=\"Sf\u00e2r\u0219itul unei epoci? Rom\u00e2nii nu se mai uit\u0103 doar la pre\u021b c\u00e2nd cump\u0103r\u0103 o cas\u0103: \u0219i designul interior conteaz\u0103!\" \/>\n<meta property=\"og:description\" content=\"O amenajare profesionist\u0103 d\u0103 un plus de valoare unei propriet\u0103\u021bi imobiliare. Orice decizie de cump\u0103rare a unei locuin\u021be (dar nu numai!) este rezultatul\" \/>\n<meta property=\"og:url\" content=\"https:\/\/www.imobiliare.ro\/imoexpert\/sfarsitul-unei-epoci-romanii-nu-se-mai-uita-doar-la-pret-cand-cumpara-o-casa-si-designul-interior-conteaza_db\/\" \/>\n<meta property=\"og:site_name\" content=\"ImoExpert\" \/>\n<meta property=\"article:published_time\" content=\"2015-10-23T15:52:43+00:00\" \/>\n<meta property=\"og:image\" content=\"https:\/\/www.imobiliare.ro\/imoexpert\/wp-content\/uploads\/2015\/10\/The-Park-amenajare-1.jpg\" \/>\n\t<meta property=\"og:image:width\" content=\"600\" \/>\n\t<meta property=\"og:image:height\" content=\"333\" \/>\n\t<meta property=\"og:image:type\" content=\"image\/jpeg\" \/>\n<meta name=\"author\" content=\"Adriana Dr\u0103gu\u0219in\" \/>\n<meta name=\"twitter:card\" content=\"summary_large_image\" \/>\n<meta name=\"twitter:label1\" content=\"Written by\" \/>\n\t<meta name=\"twitter:data1\" content=\"Adriana Dr\u0103gu\u0219in\" \/>\n\t<meta name=\"twitter:label2\" content=\"Est. reading time\" \/>\n\t<meta name=\"twitter:data2\" content=\"2 minute\" \/>\n<script type=\"application\/ld+json\" class=\"yoast-schema-graph\">{\"@context\":\"https:\/\/schema.org\",\"@graph\":[{\"@type\":\"Article\",\"@id\":\"https:\/\/www.imobiliare.ro\/imoexpert\/sfarsitul-unei-epoci-romanii-nu-se-mai-uita-doar-la-pret-cand-cumpara-o-casa-si-designul-interior-conteaza_db\/#article\",\"isPartOf\":{\"@id\":\"https:\/\/www.imobiliare.ro\/imoexpert\/sfarsitul-unei-epoci-romanii-nu-se-mai-uita-doar-la-pret-cand-cumpara-o-casa-si-designul-interior-conteaza_db\/\"},\"author\":{\"name\":\"Adriana Dr\u0103gu\u0219in\",\"@id\":\"https:\/\/www.imobiliare.ro\/imoexpert\/#\/schema\/person\/8c13b0297075010b896471fabf0d7790\"},\"headline\":\"Sf\u00e2r\u0219itul unei epoci? Rom\u00e2nii nu se mai uit\u0103 doar la pre\u021b c\u00e2nd cump\u0103r\u0103 o cas\u0103: \u0219i designul interior conteaz\u0103!\",\"datePublished\":\"2015-10-23T15:52:43+00:00\",\"mainEntityOfPage\":{\"@id\":\"https:\/\/www.imobiliare.ro\/imoexpert\/sfarsitul-unei-epoci-romanii-nu-se-mai-uita-doar-la-pret-cand-cumpara-o-casa-si-designul-interior-conteaza_db\/\"},\"wordCount\":476,\"commentCount\":2,\"publisher\":{\"@id\":\"https:\/\/www.imobiliare.ro\/imoexpert\/#organization\"},\"image\":{\"@id\":\"https:\/\/www.imobiliare.ro\/imoexpert\/sfarsitul-unei-epoci-romanii-nu-se-mai-uita-doar-la-pret-cand-cumpara-o-casa-si-designul-interior-conteaza_db\/#primaryimage\"},\"thumbnailUrl\":\"https:\/\/www.imobiliare.ro\/imoexpert\/wp-content\/uploads\/2015\/10\/The-Park-amenajare-1.jpg\",\"keywords\":[\"Lifestyle\",\"newsletter\",\"principal\"],\"articleSection\":[\"\u0218tiri\"],\"inLanguage\":\"en\",\"potentialAction\":[{\"@type\":\"CommentAction\",\"name\":\"Comment\",\"target\":[\"https:\/\/www.imobiliare.ro\/imoexpert\/sfarsitul-unei-epoci-romanii-nu-se-mai-uita-doar-la-pret-cand-cumpara-o-casa-si-designul-interior-conteaza_db\/#respond\"]}],\"copyrightYear\":\"2015\",\"copyrightHolder\":{\"@id\":\"https:\/\/www.imobiliare.ro\/imoexpert\/#organization\"}},{\"@type\":\"WebPage\",\"@id\":\"https:\/\/www.imobiliare.ro\/imoexpert\/sfarsitul-unei-epoci-romanii-nu-se-mai-uita-doar-la-pret-cand-cumpara-o-casa-si-designul-interior-conteaza_db\/\",\"url\":\"https:\/\/www.imobiliare.ro\/imoexpert\/sfarsitul-unei-epoci-romanii-nu-se-mai-uita-doar-la-pret-cand-cumpara-o-casa-si-designul-interior-conteaza_db\/\",\"name\":\"Sf\u00e2r\u0219itul unei epoci? Rom\u00e2nii nu se mai uit\u0103 doar la pre\u021b c\u00e2nd cump\u0103r\u0103 o cas\u0103: \u0219i designul interior conteaz\u0103! - \u0218tiri - ImoExpert\",\"isPartOf\":{\"@id\":\"https:\/\/www.imobiliare.ro\/imoexpert\/#website\"},\"primaryImageOfPage\":{\"@id\":\"https:\/\/www.imobiliare.ro\/imoexpert\/sfarsitul-unei-epoci-romanii-nu-se-mai-uita-doar-la-pret-cand-cumpara-o-casa-si-designul-interior-conteaza_db\/#primaryimage\"},\"image\":{\"@id\":\"https:\/\/www.imobiliare.ro\/imoexpert\/sfarsitul-unei-epoci-romanii-nu-se-mai-uita-doar-la-pret-cand-cumpara-o-casa-si-designul-interior-conteaza_db\/#primaryimage\"},\"thumbnailUrl\":\"https:\/\/www.imobiliare.ro\/imoexpert\/wp-content\/uploads\/2015\/10\/The-Park-amenajare-1.jpg\",\"datePublished\":\"2015-10-23T15:52:43+00:00\",\"description\":\"O amenajare profesionist\u0103 d\u0103 un plus de valoare unei propriet\u0103\u021bi imobiliare. Orice decizie de cump\u0103rare a unei locuin\u021be (dar nu numai!) este rezultatul\",\"breadcrumb\":{\"@id\":\"https:\/\/www.imobiliare.ro\/imoexpert\/sfarsitul-unei-epoci-romanii-nu-se-mai-uita-doar-la-pret-cand-cumpara-o-casa-si-designul-interior-conteaza_db\/#breadcrumb\"},\"inLanguage\":\"en\",\"potentialAction\":[{\"@type\":\"ReadAction\",\"target\":[\"https:\/\/www.imobiliare.ro\/imoexpert\/sfarsitul-unei-epoci-romanii-nu-se-mai-uita-doar-la-pret-cand-cumpara-o-casa-si-designul-interior-conteaza_db\/\"]}]},{\"@type\":\"ImageObject\",\"inLanguage\":\"en\",\"@id\":\"https:\/\/www.imobiliare.ro\/imoexpert\/sfarsitul-unei-epoci-romanii-nu-se-mai-uita-doar-la-pret-cand-cumpara-o-casa-si-designul-interior-conteaza_db\/#primaryimage\",\"url\":\"https:\/\/www.imobiliare.ro\/imoexpert\/wp-content\/uploads\/2015\/10\/The-Park-amenajare-1.jpg\",\"contentUrl\":\"https:\/\/www.imobiliare.ro\/imoexpert\/wp-content\/uploads\/2015\/10\/The-Park-amenajare-1.jpg\",\"width\":600,\"height\":333},{\"@type\":\"BreadcrumbList\",\"@id\":\"https:\/\/www.imobiliare.ro\/imoexpert\/sfarsitul-unei-epoci-romanii-nu-se-mai-uita-doar-la-pret-cand-cumpara-o-casa-si-designul-interior-conteaza_db\/#breadcrumb\",\"itemListElement\":[{\"@type\":\"ListItem\",\"position\":1,\"name\":\"Imoradar24\",\"item\":\"https:\/\/www.imoradar24.ro\"},{\"@type\":\"ListItem\",\"position\":2,\"name\":\"ImoExpert\",\"item\":\"https:\/\/www.imobiliare.ro\/imoexpert\/\"},{\"@type\":\"ListItem\",\"position\":3,\"name\":\"\u0218tiri\",\"item\":\"https:\/\/www.imobiliare.ro\/imoexpert\/stiri\/\"},{\"@type\":\"ListItem\",\"position\":4,\"name\":\"Sf\u00e2r\u0219itul unei epoci? Rom\u00e2nii nu se mai uit\u0103 doar la pre\u021b c\u00e2nd cump\u0103r\u0103 o cas\u0103: \u0219i designul interior conteaz\u0103!\"}]},{\"@type\":\"WebSite\",\"@id\":\"https:\/\/www.imobiliare.ro\/imoexpert\/#website\",\"url\":\"https:\/\/www.imobiliare.ro\/imoexpert\/\",\"name\":\"ImoExpert\",\"description\":\"cele mai importante \u015ftiri din domeniul imobiliar\",\"publisher\":{\"@id\":\"https:\/\/www.imobiliare.ro\/imoexpert\/#organization\"},\"inLanguage\":\"en\"},{\"@type\":\"Organization\",\"@id\":\"https:\/\/www.imobiliare.ro\/imoexpert\/#organization\",\"name\":\"Imobiliare.ro\",\"alternateName\":\"Realmedia Network SA\",\"url\":\"https:\/\/www.imobiliare.ro\/imoexpert\/\",\"logo\":{\"@type\":\"ImageObject\",\"inLanguage\":\"en\",\"@id\":\"https:\/\/www.imobiliare.ro\/imoexpert\/#\/schema\/logo\/image\/\",\"url\":\"https:\/\/www.imobiliare.ro\/imoexpert\/wp-content\/uploads\/2025\/05\/imobiliare_logo.png\",\"contentUrl\":\"https:\/\/www.imobiliare.ro\/imoexpert\/wp-content\/uploads\/2025\/05\/imobiliare_logo.png\",\"width\":237,\"height\":29,\"caption\":\"Imobiliare.ro\"},\"image\":{\"@id\":\"https:\/\/www.imobiliare.ro\/imoexpert\/#\/schema\/logo\/image\/\"}},{\"@type\":\"Person\",\"@id\":\"https:\/\/www.imobiliare.ro\/imoexpert\/#\/schema\/person\/8c13b0297075010b896471fabf0d7790\",\"name\":\"Adriana Dr\u0103gu\u0219in\",\"image\":{\"@type\":\"ImageObject\",\"inLanguage\":\"en\",\"@id\":\"https:\/\/www.imobiliare.ro\/imoexpert\/#\/schema\/person\/image\/\",\"url\":\"https:\/\/secure.gravatar.com\/avatar\/ba4762f7517e50e679ed7f11207102d1150120f2f5800c0da98f8a15305bf514?s=96&d=mm&r=g\",\"contentUrl\":\"https:\/\/secure.gravatar.com\/avatar\/ba4762f7517e50e679ed7f11207102d1150120f2f5800c0da98f8a15305bf514?s=96&d=mm&r=g\",\"caption\":\"Adriana Dr\u0103gu\u0219in\"},\"jobTitle\":\"Editor\",\"url\":\"https:\/\/www.imobiliare.ro\/imoexpert\/author\/adriana-dragusin\/\"}]}<\/script>\n<!-- \/ Yoast SEO Premium plugin. -->","yoast_head_json":{"title":"Sf\u00e2r\u0219itul unei epoci? Rom\u00e2nii nu se mai uit\u0103 doar la pre\u021b c\u00e2nd cump\u0103r\u0103 o cas\u0103: \u0219i designul interior conteaz\u0103! - \u0218tiri - ImoExpert","description":"O amenajare profesionist\u0103 d\u0103 un plus de valoare unei propriet\u0103\u021bi imobiliare. Orice decizie de cump\u0103rare a unei locuin\u021be (dar nu numai!) este rezultatul","robots":{"index":"index","follow":"follow"},"canonical":"https:\/\/www.imobiliare.ro\/imoexpert\/sfarsitul-unei-epoci-romanii-nu-se-mai-uita-doar-la-pret-cand-cumpara-o-casa-si-designul-interior-conteaza_db\/","og_locale":"ro_RO","og_type":"article","og_title":"Sf\u00e2r\u0219itul unei epoci? Rom\u00e2nii nu se mai uit\u0103 doar la pre\u021b c\u00e2nd cump\u0103r\u0103 o cas\u0103: \u0219i designul interior conteaz\u0103!","og_description":"O amenajare profesionist\u0103 d\u0103 un plus de valoare unei propriet\u0103\u021bi imobiliare. Orice decizie de cump\u0103rare a unei locuin\u021be (dar nu numai!) este rezultatul","og_url":"https:\/\/www.imobiliare.ro\/imoexpert\/sfarsitul-unei-epoci-romanii-nu-se-mai-uita-doar-la-pret-cand-cumpara-o-casa-si-designul-interior-conteaza_db\/","og_site_name":"ImoExpert","article_published_time":"2015-10-23T15:52:43+00:00","og_image":[{"width":600,"height":333,"url":"https:\/\/www.imobiliare.ro\/imoexpert\/wp-content\/uploads\/2015\/10\/The-Park-amenajare-1.jpg","type":"image\/jpeg"}],"author":"Adriana Dr\u0103gu\u0219in","twitter_card":"summary_large_image","twitter_misc":{"Written by":"Adriana Dr\u0103gu\u0219in","Est. reading time":"2 minute"},"schema":{"@context":"https:\/\/schema.org","@graph":[{"@type":"Article","@id":"https:\/\/www.imobiliare.ro\/imoexpert\/sfarsitul-unei-epoci-romanii-nu-se-mai-uita-doar-la-pret-cand-cumpara-o-casa-si-designul-interior-conteaza_db\/#article","isPartOf":{"@id":"https:\/\/www.imobiliare.ro\/imoexpert\/sfarsitul-unei-epoci-romanii-nu-se-mai-uita-doar-la-pret-cand-cumpara-o-casa-si-designul-interior-conteaza_db\/"},"author":{"name":"Adriana Dr\u0103gu\u0219in","@id":"https:\/\/www.imobiliare.ro\/imoexpert\/#\/schema\/person\/8c13b0297075010b896471fabf0d7790"},"headline":"Sf\u00e2r\u0219itul unei epoci? Rom\u00e2nii nu se mai uit\u0103 doar la pre\u021b c\u00e2nd cump\u0103r\u0103 o cas\u0103: \u0219i designul interior conteaz\u0103!","datePublished":"2015-10-23T15:52:43+00:00","mainEntityOfPage":{"@id":"https:\/\/www.imobiliare.ro\/imoexpert\/sfarsitul-unei-epoci-romanii-nu-se-mai-uita-doar-la-pret-cand-cumpara-o-casa-si-designul-interior-conteaza_db\/"},"wordCount":476,"commentCount":2,"publisher":{"@id":"https:\/\/www.imobiliare.ro\/imoexpert\/#organization"},"image":{"@id":"https:\/\/www.imobiliare.ro\/imoexpert\/sfarsitul-unei-epoci-romanii-nu-se-mai-uita-doar-la-pret-cand-cumpara-o-casa-si-designul-interior-conteaza_db\/#primaryimage"},"thumbnailUrl":"https:\/\/www.imobiliare.ro\/imoexpert\/wp-content\/uploads\/2015\/10\/The-Park-amenajare-1.jpg","keywords":["Lifestyle","newsletter","principal"],"articleSection":["\u0218tiri"],"inLanguage":"en","potentialAction":[{"@type":"CommentAction","name":"Comment","target":["https:\/\/www.imobiliare.ro\/imoexpert\/sfarsitul-unei-epoci-romanii-nu-se-mai-uita-doar-la-pret-cand-cumpara-o-casa-si-designul-interior-conteaza_db\/#respond"]}],"copyrightYear":"2015","copyrightHolder":{"@id":"https:\/\/www.imobiliare.ro\/imoexpert\/#organization"}},{"@type":"WebPage","@id":"https:\/\/www.imobiliare.ro\/imoexpert\/sfarsitul-unei-epoci-romanii-nu-se-mai-uita-doar-la-pret-cand-cumpara-o-casa-si-designul-interior-conteaza_db\/","url":"https:\/\/www.imobiliare.ro\/imoexpert\/sfarsitul-unei-epoci-romanii-nu-se-mai-uita-doar-la-pret-cand-cumpara-o-casa-si-designul-interior-conteaza_db\/","name":"Sf\u00e2r\u0219itul unei epoci? Rom\u00e2nii nu se mai uit\u0103 doar la pre\u021b c\u00e2nd cump\u0103r\u0103 o cas\u0103: \u0219i designul interior conteaz\u0103! - \u0218tiri - ImoExpert","isPartOf":{"@id":"https:\/\/www.imobiliare.ro\/imoexpert\/#website"},"primaryImageOfPage":{"@id":"https:\/\/www.imobiliare.ro\/imoexpert\/sfarsitul-unei-epoci-romanii-nu-se-mai-uita-doar-la-pret-cand-cumpara-o-casa-si-designul-interior-conteaza_db\/#primaryimage"},"image":{"@id":"https:\/\/www.imobiliare.ro\/imoexpert\/sfarsitul-unei-epoci-romanii-nu-se-mai-uita-doar-la-pret-cand-cumpara-o-casa-si-designul-interior-conteaza_db\/#primaryimage"},"thumbnailUrl":"https:\/\/www.imobiliare.ro\/imoexpert\/wp-content\/uploads\/2015\/10\/The-Park-amenajare-1.jpg","datePublished":"2015-10-23T15:52:43+00:00","description":"O amenajare profesionist\u0103 d\u0103 un plus de valoare unei propriet\u0103\u021bi imobiliare. Orice decizie de cump\u0103rare a unei locuin\u021be (dar nu numai!) este rezultatul","breadcrumb":{"@id":"https:\/\/www.imobiliare.ro\/imoexpert\/sfarsitul-unei-epoci-romanii-nu-se-mai-uita-doar-la-pret-cand-cumpara-o-casa-si-designul-interior-conteaza_db\/#breadcrumb"},"inLanguage":"en","potentialAction":[{"@type":"ReadAction","target":["https:\/\/www.imobiliare.ro\/imoexpert\/sfarsitul-unei-epoci-romanii-nu-se-mai-uita-doar-la-pret-cand-cumpara-o-casa-si-designul-interior-conteaza_db\/"]}]},{"@type":"ImageObject","inLanguage":"en","@id":"https:\/\/www.imobiliare.ro\/imoexpert\/sfarsitul-unei-epoci-romanii-nu-se-mai-uita-doar-la-pret-cand-cumpara-o-casa-si-designul-interior-conteaza_db\/#primaryimage","url":"https:\/\/www.imobiliare.ro\/imoexpert\/wp-content\/uploads\/2015\/10\/The-Park-amenajare-1.jpg","contentUrl":"https:\/\/www.imobiliare.ro\/imoexpert\/wp-content\/uploads\/2015\/10\/The-Park-amenajare-1.jpg","width":600,"height":333},{"@type":"BreadcrumbList","@id":"https:\/\/www.imobiliare.ro\/imoexpert\/sfarsitul-unei-epoci-romanii-nu-se-mai-uita-doar-la-pret-cand-cumpara-o-casa-si-designul-interior-conteaza_db\/#breadcrumb","itemListElement":[{"@type":"ListItem","position":1,"name":"Imoradar24","item":"https:\/\/www.imoradar24.ro"},{"@type":"ListItem","position":2,"name":"ImoExpert","item":"https:\/\/www.imobiliare.ro\/imoexpert\/"},{"@type":"ListItem","position":3,"name":"\u0218tiri","item":"https:\/\/www.imobiliare.ro\/imoexpert\/stiri\/"},{"@type":"ListItem","position":4,"name":"Sf\u00e2r\u0219itul unei epoci? Rom\u00e2nii nu se mai uit\u0103 doar la pre\u021b c\u00e2nd cump\u0103r\u0103 o cas\u0103: \u0219i designul interior conteaz\u0103!"}]},{"@type":"WebSite","@id":"https:\/\/www.imobiliare.ro\/imoexpert\/#website","url":"https:\/\/www.imobiliare.ro\/imoexpert\/","name":"ImoExpert","description":"cele mai importante \u015ftiri din domeniul imobiliar","publisher":{"@id":"https:\/\/www.imobiliare.ro\/imoexpert\/#organization"},"inLanguage":"en"},{"@type":"Organization","@id":"https:\/\/www.imobiliare.ro\/imoexpert\/#organization","name":"Imobiliare.ro","alternateName":"Realmedia Network SA","url":"https:\/\/www.imobiliare.ro\/imoexpert\/","logo":{"@type":"ImageObject","inLanguage":"en","@id":"https:\/\/www.imobiliare.ro\/imoexpert\/#\/schema\/logo\/image\/","url":"https:\/\/www.imobiliare.ro\/imoexpert\/wp-content\/uploads\/2025\/05\/imobiliare_logo.png","contentUrl":"https:\/\/www.imobiliare.ro\/imoexpert\/wp-content\/uploads\/2025\/05\/imobiliare_logo.png","width":237,"height":29,"caption":"Imobiliare.ro"},"image":{"@id":"https:\/\/www.imobiliare.ro\/imoexpert\/#\/schema\/logo\/image\/"}},{"@type":"Person","@id":"https:\/\/www.imobiliare.ro\/imoexpert\/#\/schema\/person\/8c13b0297075010b896471fabf0d7790","name":"Adriana Dr\u0103gu\u0219in","image":{"@type":"ImageObject","inLanguage":"en","@id":"https:\/\/www.imobiliare.ro\/imoexpert\/#\/schema\/person\/image\/","url":"https:\/\/secure.gravatar.com\/avatar\/ba4762f7517e50e679ed7f11207102d1150120f2f5800c0da98f8a15305bf514?s=96&d=mm&r=g","contentUrl":"https:\/\/secure.gravatar.com\/avatar\/ba4762f7517e50e679ed7f11207102d1150120f2f5800c0da98f8a15305bf514?s=96&d=mm&r=g","caption":"Adriana Dr\u0103gu\u0219in"},"jobTitle":"Editor","url":"https:\/\/www.imobiliare.ro\/imoexpert\/author\/adriana-dragusin\/"}]}},"_links":{"self":[{"href":"https:\/\/www.imobiliare.ro\/imoexpert\/wp-json\/wp\/v2\/posts\/36411","targetHints":{"allow":["GET"]}}],"collection":[{"href":"https:\/\/www.imobiliare.ro\/imoexpert\/wp-json\/wp\/v2\/posts"}],"about":[{"href":"https:\/\/www.imobiliare.ro\/imoexpert\/wp-json\/wp\/v2\/types\/post"}],"author":[{"embeddable":true,"href":"https:\/\/www.imobiliare.ro\/imoexpert\/wp-json\/wp\/v2\/users\/829"}],"replies":[{"embeddable":true,"href":"https:\/\/www.imobiliare.ro\/imoexpert\/wp-json\/wp\/v2\/comments?post=36411"}],"version-history":[{"count":0,"href":"https:\/\/www.imobiliare.ro\/imoexpert\/wp-json\/wp\/v2\/posts\/36411\/revisions"}],"wp:featuredmedia":[{"embeddable":true,"href":"https:\/\/www.imobiliare.ro\/imoexpert\/wp-json\/wp\/v2\/media\/36414"}],"wp:attachment":[{"href":"https:\/\/www.imobiliare.ro\/imoexpert\/wp-json\/wp\/v2\/media?parent=36411"}],"wp:term":[{"taxonomy":"category","embeddable":true,"href":"https:\/\/www.imobiliare.ro\/imoexpert\/wp-json\/wp\/v2\/categories?post=36411"},{"taxonomy":"post_tag","embeddable":true,"href":"https:\/\/www.imobiliare.ro\/imoexpert\/wp-json\/wp\/v2\/tags?post=36411"},{"taxonomy":"content_author","embeddable":true,"href":"https:\/\/www.imobiliare.ro\/imoexpert\/wp-json\/wp\/v2\/content_author?post=36411"}],"curies":[{"name":"wp","href":"https:\/\/api.w.org\/{rel}","templated":true}]}}