{"id":3647,"date":"2010-03-08T10:49:39","date_gmt":"2010-03-08T07:49:39","guid":{"rendered":"https:\/\/www.imobiliare.ro\/imoexpert\/?p=3647"},"modified":"2010-03-08T10:49:39","modified_gmt":"2010-03-08T07:49:39","slug":"cum-si-de-ce-se-dau-%e2%80%9eimobiliarii%e2%80%9d-peste-cap","status":"publish","type":"post","link":"https:\/\/www.imobiliare.ro\/imoexpert\/cum-si-de-ce-se-dau-%e2%80%9eimobiliarii%e2%80%9d-peste-cap_db\/","title":{"rendered":"Cum \u015fi de ce se dau \u201eimobiliarii\u201d peste cap"},"content":{"rendered":"<p><a class=\"article-body-links\"href=\"https:\/\/www.imobiliare.ro\/imoexpert\/wp-content\/uploads\/2010\/03\/oferte.jpg\"><img loading=\"lazy\" decoding=\"async\" class=\"alignleft size-medium wp-image-3649\" src=\"https:\/\/www.imobiliare.ro\/imoexpert\/wp-content\/uploads\/2010\/03\/oferte-236x300.jpg\" alt=\"\" width=\"212\" height=\"270\" srcset=\"https:\/\/www.imobiliare.ro\/imoexpert\/wp-content\/uploads\/2010\/03\/oferte-236x300.jpg 236w, https:\/\/www.imobiliare.ro\/imoexpert\/wp-content\/uploads\/2010\/03\/oferte.jpg 378w\" sizes=\"auto, (max-width: 212px) 100vw, 212px\" \/><\/a><strong>Circa 70% dintre ofertele prezentate \u00een cadrul celui mai recent t\u00e2rg imobiliar, Project Expo, se adreseaz\u0103 segmentului mediu \u015fi sub-mediu<\/strong><\/p>\n<p><strong><span style=\"font-weight: normal\"> <\/span><span style=\"font-weight: normal\">\u00cenc\u0103 din prima lun\u0103 a anului, 2010 se anun\u0163a a fi un an mai s\u0103rac \u00een t\u00e2rguri imobiliare comparativ cu 2009. Astfel, dou\u0103 dintre evenimentele autohtone de referin\u0163\u0103 \u2013 Timon \u015fi Project Expo \u2013 vor avea loc mai rar &#8211; \u00een patru \u015fi, respectiv, trei edi\u0163ii fiecare. Spre deosebire de anul trecut \u00eens\u0103, at\u00e2t organizatorii, c\u00e2t \u015fi dezvoltatorii par s\u0103-\u015fi ascut\u0103 mult mai mult armele pentru b\u0103t\u0103lia t\u00e2rgurilor. Motivul? C\u00e2t se poate de simplu, \u00eentr-o pia\u0163\u0103 aflat\u0103 \u00eenc\u0103, \u00een mare parte, \u00een expectativ\u0103. Trezirea la via\u0163\u0103 a cump\u0103r\u0103torilor.<\/span><\/strong><\/p>\n<p><strong> <\/strong><\/p>\n<p><strong><strong>Invest<\/strong>i\u0163ie-gigant \u00eentr-un t\u00e2rg de locuin\u0163e<\/strong><br \/>\nUn prim as aflat \u00een m\u00e2neca organizatorilor edi\u0163iei din 18-21 martie a Timon const\u0103 \u00een investi\u0163ia alocat\u0103 evenimenului. Aceasta se ridic\u0103 la 500.000 de euro &#8211; din care 250.000 de euro vor merge c\u0103tre amenajarea unui parc mobil \u00een centrul Bucure\u015ftiului, \u00een colaborare cu City Garden. Investi\u0163ia a fost anun\u0163at\u0103 ca fiind cea mai mare alocat\u0103 organiz\u0103rii unui t\u00e2rg vreodat\u0103 \u00een Rom\u00e2nia. \u201eAm fost impulsiona\u0163i de multiplele semnale de redresare a pie\u0163ei imobiliare, dar, mai mult dec\u00e2t at\u00e2t, am vrut s\u0103 fie evident pentru toat\u0103 lumea c\u0103, \u00een acest an, nu mai vorbim despre o pia\u0163\u0103 moart\u0103 sau \u00een redresare, ci de una stabil\u0103, \u00eentr-o u\u015foar\u0103 cre\u015ftere \u015fi, s\u0103 sper\u0103m, mai matur\u0103 \u015fi mai profesionist\u0103 dec\u00e2t \u00een perioada de boom de acum trei ani\u201d, motiveaz\u0103 Vlad Vl\u0103sceanu, directorul Ad Media Consulta, compania organizatoare a Timon.<\/p>\n<p><strong>De toate pentru to\u0163i<\/strong><br \/>\nPe acest fundal, un punct forte reclamat de c\u0103tre organizatorii celor dou\u0103 evenimente periodice const\u0103 \u00een varietatea tipurilor de locuin\u0163e prezentate. Astfel, Timon este menit s\u0103 ofere op\u0163iuni pentru toate tipurile de cump\u0103r\u0103tori, de la segmentul low p\u00e2n\u0103 la cel de lux. Scopul este de a pune pe mas\u0103 o ofert\u0103 care s\u0103 fie accesibil\u0103 tuturor celor care vor s\u0103 ia pulsul pie\u0163ei imobiliare, spune Vl\u0103sceanu. La r\u00e2ndul s\u0103u, cea mai recent\u0103 edi\u0163ie a Project Expo, ce s-a desf\u0103\u015furat \u00eentre 5 \u015fi 6 martie, a reunit \u015fi oferte de apartamente de lux, \u00eens\u0103 cea mai mare parte a locuin\u0163elor s-au adresat segmentului mediu \u015fi sub-mediu, spune Karina Condei, reprezentanta organizatorului Zero Point Consulting. Potrivit acesteia, circa 70% dintre cele 4.500 de locuin\u0163e promovate \u00een cadrul evenimentului s-au \u00eencadrat \u00een acest tipar.<\/p>\n<p><strong>Discount de 60% la apartament de lux<\/strong><br \/>\nDe altfel, discounturile, unul dintre elementele de maxim\u0103 atrac\u0163ie pentru aceast\u0103 categorie de public &#8211; dar nu numai &#8211; continu\u0103 s\u0103 fie \u00een prim-plan \u00een cadrul ambelor t\u00e2rguri. Potrivit Karinei Condei, cea mai mare reducere \u201ede mas\u0103\u201d oferit\u0103 \u00een cadrul Project Expo a fost oferit\u0103 pentru toate apartamentele ansamblului Plaza Residence \u015fi s-a ridicat la 40%. Un discount \u00eenc\u0103 \u015fi mai mare &#8211; de peste 60% &#8211; a fost aplicat \u015fi \u00een cazul unui singur imobil, de lux de data aceasta. Situat \u00een zona Unirii \u015fi dispun\u00e2nd de o suprafa\u0163\u0103 locuibil\u0103 de 140 de metri p\u0103tra\u0163i, apartamentul a fost scos la v\u00e2nzare \u00een cadrul Project Expo la un pre\u0163 de 399.000 de euro (+TVA), fa\u0163\u0103 de 1.200.000 de euro.<br \/>\nNici edi\u0163ia din martie a Timon nu pare s\u0103 se lase mai prejos la capitolul reduceri. Vlad Vl\u0103sceanu vorbe\u015fte chiar de un a\u015fa-numit \u201ediscount la discount\u201d \u2013 o nou\u0103 reducere aplicat\u0103 \u00een cadrul t\u00e2rgului la un pre\u0163 deja redus al unui dezvoltator. Bine\u00een\u0163eles, aceast\u0103 ofert\u0103 nu va fi valabil\u0103 pentru toate locuin\u0163ele din portofoliul unui dezvoltator, ci doar pentru un num\u0103r limitat de unit\u0103\u0163i locative. \u00cen func\u0163ie de pre\u0163ul total al locuin\u0163elor, reducerile pot varia de la c\u00e2teva sute la c\u00e2teva mii de euro.<\/p>\n<p><strong>\u0162iriac iese \u00een t\u00e2rg cu Stejarii<\/strong><br \/>\nNu \u00een ultimul r\u00e2nd, un accent deosebit este pus pe exlusivitatea proiectelor prezentate \u00een cadrul t\u00e2rgurilor. Astfel, edi\u0163ia de prim\u0103var\u0103 a Timon va g\u0103zdui 30 de astfel de ansambluri. Printre ele se num\u0103r\u0103 cele din portofoliul \u0162iriac Imobiliare, cele dezvoltate de Adama, oferta Be Igloo, Obor Towers, Lotus Ci\u015fmigiu sau City Lights Pipera. O noutate absolut\u0103 pentru t\u00e2rgurile imobiliare autohtone este reprezentat\u0103 de prezen\u0163a proiectului de lux dezvoltat de \u0162iriac Imobiliare, Stejarii, dup\u0103 ce dezvoltatorul a semnat un acord de exclusivitate cu organizatorii Timon.<\/p>\n","protected":false},"excerpt":{"rendered":"<p>Circa 70% dintre ofertele prezentate \u00een cadrul celui mai recent t\u00e2rg imobiliar, Project Expo, se adreseaz\u0103 segmentului mediu \u015fi sub-mediu \u00cenc\u0103 din prima lun\u0103 a anului, 2010 se anun\u0163a a fi un an mai s\u0103rac \u00een t\u00e2rguri imobiliare comparativ cu 2009. Astfel, dou\u0103 dintre evenimentele autohtone de referin\u0163\u0103 \u2013 Timon \u015fi Project Expo \u2013 vor [&hellip;]<\/p>\n","protected":false},"author":829,"featured_media":0,"comment_status":"open","ping_status":"open","sticky":false,"template":"","format":"standard","meta":{"footnotes":""},"categories":[259],"tags":[306],"content_author":[],"class_list":["post-3647","post","type-post","status-publish","format-standard","hentry","category-stiri","tag-articole"],"yoast_head":"<!-- This site is optimized with the Yoast SEO Premium plugin v27.0 (Yoast SEO v27.0) - https:\/\/yoast.com\/product\/yoast-seo-premium-wordpress\/ -->\n<title>Cum \u015fi de ce se dau \u201eimobiliarii\u201d peste cap - \u0218tiri - ImoExpert<\/title>\n<meta name=\"description\" content=\"Circa 70% dintre ofertele prezentate \u00een cadrul celui mai recent t\u00e2rg imobiliar, Project Expo, se adreseaz\u0103 segmentului mediu \u015fi sub-mediu \u00cenc\u0103 din prima\" \/>\n<meta name=\"robots\" content=\"index, follow\" \/>\n<link rel=\"canonical\" href=\"https:\/\/www.imobiliare.ro\/imoexpert\/cum-si-de-ce-se-dau-\u201eimobiliarii\u201d-peste-cap_db\/\" \/>\n<meta property=\"og:locale\" content=\"ro_RO\" \/>\n<meta property=\"og:type\" content=\"article\" \/>\n<meta property=\"og:title\" content=\"Cum \u015fi de ce se dau \u201eimobiliarii\u201d peste cap\" \/>\n<meta property=\"og:description\" content=\"Circa 70% dintre ofertele prezentate \u00een cadrul celui mai recent t\u00e2rg imobiliar, Project Expo, se adreseaz\u0103 segmentului mediu \u015fi sub-mediu \u00cenc\u0103 din prima\" \/>\n<meta property=\"og:url\" content=\"https:\/\/www.imobiliare.ro\/imoexpert\/cum-si-de-ce-se-dau-\u201eimobiliarii\u201d-peste-cap_db\/\" \/>\n<meta property=\"og:site_name\" content=\"ImoExpert\" \/>\n<meta property=\"article:published_time\" content=\"2010-03-08T07:49:39+00:00\" \/>\n<meta property=\"og:image\" content=\"https:\/\/www.imobiliare.ro\/imoexpert\/wp-content\/uploads\/2010\/03\/oferte.jpg\" \/>\n\t<meta property=\"og:image:width\" content=\"378\" \/>\n\t<meta property=\"og:image:height\" content=\"480\" \/>\n\t<meta property=\"og:image:type\" content=\"image\/jpeg\" \/>\n<meta name=\"author\" content=\"Adriana Dr\u0103gu\u0219in\" \/>\n<meta name=\"twitter:card\" content=\"summary_large_image\" \/>\n<meta name=\"twitter:label1\" content=\"Written by\" \/>\n\t<meta name=\"twitter:data1\" content=\"Adriana Dr\u0103gu\u0219in\" \/>\n\t<meta name=\"twitter:label2\" content=\"Est. reading time\" \/>\n\t<meta name=\"twitter:data2\" content=\"4 minute\" \/>\n<script type=\"application\/ld+json\" class=\"yoast-schema-graph\">{\"@context\":\"https:\/\/schema.org\",\"@graph\":[{\"@type\":\"Article\",\"@id\":\"https:\/\/www.imobiliare.ro\/imoexpert\/cum-si-de-ce-se-dau-%e2%80%9eimobiliarii%e2%80%9d-peste-cap_db\/#article\",\"isPartOf\":{\"@id\":\"https:\/\/www.imobiliare.ro\/imoexpert\/cum-si-de-ce-se-dau-%e2%80%9eimobiliarii%e2%80%9d-peste-cap_db\/\"},\"author\":{\"name\":\"Adriana Dr\u0103gu\u0219in\",\"@id\":\"https:\/\/www.imobiliare.ro\/imoexpert\/#\/schema\/person\/8c13b0297075010b896471fabf0d7790\"},\"headline\":\"Cum \u015fi de ce se dau \u201eimobiliarii\u201d peste cap\",\"datePublished\":\"2010-03-08T07:49:39+00:00\",\"mainEntityOfPage\":{\"@id\":\"https:\/\/www.imobiliare.ro\/imoexpert\/cum-si-de-ce-se-dau-%e2%80%9eimobiliarii%e2%80%9d-peste-cap_db\/\"},\"wordCount\":756,\"commentCount\":0,\"publisher\":{\"@id\":\"https:\/\/www.imobiliare.ro\/imoexpert\/#organization\"},\"image\":{\"@id\":\"https:\/\/www.imobiliare.ro\/imoexpert\/cum-si-de-ce-se-dau-%e2%80%9eimobiliarii%e2%80%9d-peste-cap_db\/#primaryimage\"},\"thumbnailUrl\":\"https:\/\/www.imobiliare.ro\/imoexpert\/wp-content\/uploads\/2010\/03\/oferte-236x300.jpg\",\"keywords\":[\"articole\"],\"articleSection\":[\"\u0218tiri\"],\"inLanguage\":\"en\",\"potentialAction\":[{\"@type\":\"CommentAction\",\"name\":\"Comment\",\"target\":[\"https:\/\/www.imobiliare.ro\/imoexpert\/cum-si-de-ce-se-dau-%e2%80%9eimobiliarii%e2%80%9d-peste-cap_db\/#respond\"]}],\"copyrightYear\":\"2010\",\"copyrightHolder\":{\"@id\":\"https:\/\/www.imobiliare.ro\/imoexpert\/#organization\"}},{\"@type\":\"WebPage\",\"@id\":\"https:\/\/www.imobiliare.ro\/imoexpert\/cum-si-de-ce-se-dau-%e2%80%9eimobiliarii%e2%80%9d-peste-cap_db\/\",\"url\":\"https:\/\/www.imobiliare.ro\/imoexpert\/cum-si-de-ce-se-dau-%e2%80%9eimobiliarii%e2%80%9d-peste-cap_db\/\",\"name\":\"Cum \u015fi de ce se dau \u201eimobiliarii\u201d peste cap - \u0218tiri - ImoExpert\",\"isPartOf\":{\"@id\":\"https:\/\/www.imobiliare.ro\/imoexpert\/#website\"},\"primaryImageOfPage\":{\"@id\":\"https:\/\/www.imobiliare.ro\/imoexpert\/cum-si-de-ce-se-dau-%e2%80%9eimobiliarii%e2%80%9d-peste-cap_db\/#primaryimage\"},\"image\":{\"@id\":\"https:\/\/www.imobiliare.ro\/imoexpert\/cum-si-de-ce-se-dau-%e2%80%9eimobiliarii%e2%80%9d-peste-cap_db\/#primaryimage\"},\"thumbnailUrl\":\"https:\/\/www.imobiliare.ro\/imoexpert\/wp-content\/uploads\/2010\/03\/oferte-236x300.jpg\",\"datePublished\":\"2010-03-08T07:49:39+00:00\",\"description\":\"Circa 70% dintre ofertele prezentate \u00een cadrul celui mai recent t\u00e2rg imobiliar, Project Expo, se adreseaz\u0103 segmentului mediu \u015fi sub-mediu \u00cenc\u0103 din prima\",\"breadcrumb\":{\"@id\":\"https:\/\/www.imobiliare.ro\/imoexpert\/cum-si-de-ce-se-dau-%e2%80%9eimobiliarii%e2%80%9d-peste-cap_db\/#breadcrumb\"},\"inLanguage\":\"en\",\"potentialAction\":[{\"@type\":\"ReadAction\",\"target\":[\"https:\/\/www.imobiliare.ro\/imoexpert\/cum-si-de-ce-se-dau-%e2%80%9eimobiliarii%e2%80%9d-peste-cap_db\/\"]}]},{\"@type\":\"ImageObject\",\"inLanguage\":\"en\",\"@id\":\"https:\/\/www.imobiliare.ro\/imoexpert\/cum-si-de-ce-se-dau-%e2%80%9eimobiliarii%e2%80%9d-peste-cap_db\/#primaryimage\",\"url\":\"https:\/\/www.imobiliare.ro\/imoexpert\/wp-content\/uploads\/2010\/03\/oferte.jpg\",\"contentUrl\":\"https:\/\/www.imobiliare.ro\/imoexpert\/wp-content\/uploads\/2010\/03\/oferte.jpg\",\"width\":378,\"height\":480},{\"@type\":\"BreadcrumbList\",\"@id\":\"https:\/\/www.imobiliare.ro\/imoexpert\/cum-si-de-ce-se-dau-%e2%80%9eimobiliarii%e2%80%9d-peste-cap_db\/#breadcrumb\",\"itemListElement\":[{\"@type\":\"ListItem\",\"position\":1,\"name\":\"Imoradar24\",\"item\":\"https:\/\/www.imoradar24.ro\"},{\"@type\":\"ListItem\",\"position\":2,\"name\":\"ImoExpert\",\"item\":\"https:\/\/www.imobiliare.ro\/imoexpert\/\"},{\"@type\":\"ListItem\",\"position\":3,\"name\":\"\u0218tiri\",\"item\":\"https:\/\/www.imobiliare.ro\/imoexpert\/stiri\/\"},{\"@type\":\"ListItem\",\"position\":4,\"name\":\"Cum \u015fi de ce se dau \u201eimobiliarii\u201d peste cap\"}]},{\"@type\":\"WebSite\",\"@id\":\"https:\/\/www.imobiliare.ro\/imoexpert\/#website\",\"url\":\"https:\/\/www.imobiliare.ro\/imoexpert\/\",\"name\":\"ImoExpert\",\"description\":\"cele mai importante \u015ftiri din domeniul imobiliar\",\"publisher\":{\"@id\":\"https:\/\/www.imobiliare.ro\/imoexpert\/#organization\"},\"inLanguage\":\"en\"},{\"@type\":\"Organization\",\"@id\":\"https:\/\/www.imobiliare.ro\/imoexpert\/#organization\",\"name\":\"Imobiliare.ro\",\"alternateName\":\"Realmedia Network SA\",\"url\":\"https:\/\/www.imobiliare.ro\/imoexpert\/\",\"logo\":{\"@type\":\"ImageObject\",\"inLanguage\":\"en\",\"@id\":\"https:\/\/www.imobiliare.ro\/imoexpert\/#\/schema\/logo\/image\/\",\"url\":\"https:\/\/www.imobiliare.ro\/imoexpert\/wp-content\/uploads\/2025\/05\/imobiliare_logo.png\",\"contentUrl\":\"https:\/\/www.imobiliare.ro\/imoexpert\/wp-content\/uploads\/2025\/05\/imobiliare_logo.png\",\"width\":237,\"height\":29,\"caption\":\"Imobiliare.ro\"},\"image\":{\"@id\":\"https:\/\/www.imobiliare.ro\/imoexpert\/#\/schema\/logo\/image\/\"}},{\"@type\":\"Person\",\"@id\":\"https:\/\/www.imobiliare.ro\/imoexpert\/#\/schema\/person\/8c13b0297075010b896471fabf0d7790\",\"name\":\"Adriana Dr\u0103gu\u0219in\",\"image\":{\"@type\":\"ImageObject\",\"inLanguage\":\"en\",\"@id\":\"https:\/\/www.imobiliare.ro\/imoexpert\/#\/schema\/person\/image\/\",\"url\":\"https:\/\/secure.gravatar.com\/avatar\/ba4762f7517e50e679ed7f11207102d1150120f2f5800c0da98f8a15305bf514?s=96&d=mm&r=g\",\"contentUrl\":\"https:\/\/secure.gravatar.com\/avatar\/ba4762f7517e50e679ed7f11207102d1150120f2f5800c0da98f8a15305bf514?s=96&d=mm&r=g\",\"caption\":\"Adriana Dr\u0103gu\u0219in\"},\"jobTitle\":\"Editor\",\"url\":\"https:\/\/www.imobiliare.ro\/imoexpert\/author\/adriana-dragusin\/\"}]}<\/script>\n<!-- \/ Yoast SEO Premium plugin. -->","yoast_head_json":{"title":"Cum \u015fi de ce se dau \u201eimobiliarii\u201d peste cap - \u0218tiri - ImoExpert","description":"Circa 70% dintre ofertele prezentate \u00een cadrul celui mai recent t\u00e2rg imobiliar, Project Expo, se adreseaz\u0103 segmentului mediu \u015fi sub-mediu \u00cenc\u0103 din prima","robots":{"index":"index","follow":"follow"},"canonical":"https:\/\/www.imobiliare.ro\/imoexpert\/cum-si-de-ce-se-dau-\u201eimobiliarii\u201d-peste-cap_db\/","og_locale":"ro_RO","og_type":"article","og_title":"Cum \u015fi de ce se dau \u201eimobiliarii\u201d peste cap","og_description":"Circa 70% dintre ofertele prezentate \u00een cadrul celui mai recent t\u00e2rg imobiliar, Project Expo, se adreseaz\u0103 segmentului mediu \u015fi sub-mediu \u00cenc\u0103 din prima","og_url":"https:\/\/www.imobiliare.ro\/imoexpert\/cum-si-de-ce-se-dau-\u201eimobiliarii\u201d-peste-cap_db\/","og_site_name":"ImoExpert","article_published_time":"2010-03-08T07:49:39+00:00","og_image":[{"width":378,"height":480,"url":"https:\/\/www.imobiliare.ro\/imoexpert\/wp-content\/uploads\/2010\/03\/oferte.jpg","type":"image\/jpeg"}],"author":"Adriana Dr\u0103gu\u0219in","twitter_card":"summary_large_image","twitter_misc":{"Written by":"Adriana Dr\u0103gu\u0219in","Est. reading time":"4 minute"},"schema":{"@context":"https:\/\/schema.org","@graph":[{"@type":"Article","@id":"https:\/\/www.imobiliare.ro\/imoexpert\/cum-si-de-ce-se-dau-%e2%80%9eimobiliarii%e2%80%9d-peste-cap_db\/#article","isPartOf":{"@id":"https:\/\/www.imobiliare.ro\/imoexpert\/cum-si-de-ce-se-dau-%e2%80%9eimobiliarii%e2%80%9d-peste-cap_db\/"},"author":{"name":"Adriana Dr\u0103gu\u0219in","@id":"https:\/\/www.imobiliare.ro\/imoexpert\/#\/schema\/person\/8c13b0297075010b896471fabf0d7790"},"headline":"Cum \u015fi de ce se dau \u201eimobiliarii\u201d peste cap","datePublished":"2010-03-08T07:49:39+00:00","mainEntityOfPage":{"@id":"https:\/\/www.imobiliare.ro\/imoexpert\/cum-si-de-ce-se-dau-%e2%80%9eimobiliarii%e2%80%9d-peste-cap_db\/"},"wordCount":756,"commentCount":0,"publisher":{"@id":"https:\/\/www.imobiliare.ro\/imoexpert\/#organization"},"image":{"@id":"https:\/\/www.imobiliare.ro\/imoexpert\/cum-si-de-ce-se-dau-%e2%80%9eimobiliarii%e2%80%9d-peste-cap_db\/#primaryimage"},"thumbnailUrl":"https:\/\/www.imobiliare.ro\/imoexpert\/wp-content\/uploads\/2010\/03\/oferte-236x300.jpg","keywords":["articole"],"articleSection":["\u0218tiri"],"inLanguage":"en","potentialAction":[{"@type":"CommentAction","name":"Comment","target":["https:\/\/www.imobiliare.ro\/imoexpert\/cum-si-de-ce-se-dau-%e2%80%9eimobiliarii%e2%80%9d-peste-cap_db\/#respond"]}],"copyrightYear":"2010","copyrightHolder":{"@id":"https:\/\/www.imobiliare.ro\/imoexpert\/#organization"}},{"@type":"WebPage","@id":"https:\/\/www.imobiliare.ro\/imoexpert\/cum-si-de-ce-se-dau-%e2%80%9eimobiliarii%e2%80%9d-peste-cap_db\/","url":"https:\/\/www.imobiliare.ro\/imoexpert\/cum-si-de-ce-se-dau-%e2%80%9eimobiliarii%e2%80%9d-peste-cap_db\/","name":"Cum \u015fi de ce se dau \u201eimobiliarii\u201d peste cap - \u0218tiri - ImoExpert","isPartOf":{"@id":"https:\/\/www.imobiliare.ro\/imoexpert\/#website"},"primaryImageOfPage":{"@id":"https:\/\/www.imobiliare.ro\/imoexpert\/cum-si-de-ce-se-dau-%e2%80%9eimobiliarii%e2%80%9d-peste-cap_db\/#primaryimage"},"image":{"@id":"https:\/\/www.imobiliare.ro\/imoexpert\/cum-si-de-ce-se-dau-%e2%80%9eimobiliarii%e2%80%9d-peste-cap_db\/#primaryimage"},"thumbnailUrl":"https:\/\/www.imobiliare.ro\/imoexpert\/wp-content\/uploads\/2010\/03\/oferte-236x300.jpg","datePublished":"2010-03-08T07:49:39+00:00","description":"Circa 70% dintre ofertele prezentate \u00een cadrul celui mai recent t\u00e2rg imobiliar, Project Expo, se adreseaz\u0103 segmentului mediu \u015fi sub-mediu \u00cenc\u0103 din prima","breadcrumb":{"@id":"https:\/\/www.imobiliare.ro\/imoexpert\/cum-si-de-ce-se-dau-%e2%80%9eimobiliarii%e2%80%9d-peste-cap_db\/#breadcrumb"},"inLanguage":"en","potentialAction":[{"@type":"ReadAction","target":["https:\/\/www.imobiliare.ro\/imoexpert\/cum-si-de-ce-se-dau-%e2%80%9eimobiliarii%e2%80%9d-peste-cap_db\/"]}]},{"@type":"ImageObject","inLanguage":"en","@id":"https:\/\/www.imobiliare.ro\/imoexpert\/cum-si-de-ce-se-dau-%e2%80%9eimobiliarii%e2%80%9d-peste-cap_db\/#primaryimage","url":"https:\/\/www.imobiliare.ro\/imoexpert\/wp-content\/uploads\/2010\/03\/oferte.jpg","contentUrl":"https:\/\/www.imobiliare.ro\/imoexpert\/wp-content\/uploads\/2010\/03\/oferte.jpg","width":378,"height":480},{"@type":"BreadcrumbList","@id":"https:\/\/www.imobiliare.ro\/imoexpert\/cum-si-de-ce-se-dau-%e2%80%9eimobiliarii%e2%80%9d-peste-cap_db\/#breadcrumb","itemListElement":[{"@type":"ListItem","position":1,"name":"Imoradar24","item":"https:\/\/www.imoradar24.ro"},{"@type":"ListItem","position":2,"name":"ImoExpert","item":"https:\/\/www.imobiliare.ro\/imoexpert\/"},{"@type":"ListItem","position":3,"name":"\u0218tiri","item":"https:\/\/www.imobiliare.ro\/imoexpert\/stiri\/"},{"@type":"ListItem","position":4,"name":"Cum \u015fi de ce se dau \u201eimobiliarii\u201d peste cap"}]},{"@type":"WebSite","@id":"https:\/\/www.imobiliare.ro\/imoexpert\/#website","url":"https:\/\/www.imobiliare.ro\/imoexpert\/","name":"ImoExpert","description":"cele mai importante \u015ftiri din domeniul imobiliar","publisher":{"@id":"https:\/\/www.imobiliare.ro\/imoexpert\/#organization"},"inLanguage":"en"},{"@type":"Organization","@id":"https:\/\/www.imobiliare.ro\/imoexpert\/#organization","name":"Imobiliare.ro","alternateName":"Realmedia Network SA","url":"https:\/\/www.imobiliare.ro\/imoexpert\/","logo":{"@type":"ImageObject","inLanguage":"en","@id":"https:\/\/www.imobiliare.ro\/imoexpert\/#\/schema\/logo\/image\/","url":"https:\/\/www.imobiliare.ro\/imoexpert\/wp-content\/uploads\/2025\/05\/imobiliare_logo.png","contentUrl":"https:\/\/www.imobiliare.ro\/imoexpert\/wp-content\/uploads\/2025\/05\/imobiliare_logo.png","width":237,"height":29,"caption":"Imobiliare.ro"},"image":{"@id":"https:\/\/www.imobiliare.ro\/imoexpert\/#\/schema\/logo\/image\/"}},{"@type":"Person","@id":"https:\/\/www.imobiliare.ro\/imoexpert\/#\/schema\/person\/8c13b0297075010b896471fabf0d7790","name":"Adriana Dr\u0103gu\u0219in","image":{"@type":"ImageObject","inLanguage":"en","@id":"https:\/\/www.imobiliare.ro\/imoexpert\/#\/schema\/person\/image\/","url":"https:\/\/secure.gravatar.com\/avatar\/ba4762f7517e50e679ed7f11207102d1150120f2f5800c0da98f8a15305bf514?s=96&d=mm&r=g","contentUrl":"https:\/\/secure.gravatar.com\/avatar\/ba4762f7517e50e679ed7f11207102d1150120f2f5800c0da98f8a15305bf514?s=96&d=mm&r=g","caption":"Adriana Dr\u0103gu\u0219in"},"jobTitle":"Editor","url":"https:\/\/www.imobiliare.ro\/imoexpert\/author\/adriana-dragusin\/"}]}},"_links":{"self":[{"href":"https:\/\/www.imobiliare.ro\/imoexpert\/wp-json\/wp\/v2\/posts\/3647","targetHints":{"allow":["GET"]}}],"collection":[{"href":"https:\/\/www.imobiliare.ro\/imoexpert\/wp-json\/wp\/v2\/posts"}],"about":[{"href":"https:\/\/www.imobiliare.ro\/imoexpert\/wp-json\/wp\/v2\/types\/post"}],"author":[{"embeddable":true,"href":"https:\/\/www.imobiliare.ro\/imoexpert\/wp-json\/wp\/v2\/users\/829"}],"replies":[{"embeddable":true,"href":"https:\/\/www.imobiliare.ro\/imoexpert\/wp-json\/wp\/v2\/comments?post=3647"}],"version-history":[{"count":0,"href":"https:\/\/www.imobiliare.ro\/imoexpert\/wp-json\/wp\/v2\/posts\/3647\/revisions"}],"wp:attachment":[{"href":"https:\/\/www.imobiliare.ro\/imoexpert\/wp-json\/wp\/v2\/media?parent=3647"}],"wp:term":[{"taxonomy":"category","embeddable":true,"href":"https:\/\/www.imobiliare.ro\/imoexpert\/wp-json\/wp\/v2\/categories?post=3647"},{"taxonomy":"post_tag","embeddable":true,"href":"https:\/\/www.imobiliare.ro\/imoexpert\/wp-json\/wp\/v2\/tags?post=3647"},{"taxonomy":"content_author","embeddable":true,"href":"https:\/\/www.imobiliare.ro\/imoexpert\/wp-json\/wp\/v2\/content_author?post=3647"}],"curies":[{"name":"wp","href":"https:\/\/api.w.org\/{rel}","templated":true}]}}