{"id":36592,"date":"2015-11-16T10:27:16","date_gmt":"2015-11-16T08:27:16","guid":{"rendered":"https:\/\/www.imobiliare.ro\/?p=36592"},"modified":"2015-11-16T10:27:16","modified_gmt":"2015-11-16T08:27:16","slug":"frantura-de-arhitectura-veche-vila-in-stil-maur-in-dorobanti-capitale","status":"publish","type":"post","link":"https:\/\/www.imobiliare.ro\/imoexpert\/frantura-de-arhitectura-veche-vila-in-stil-maur-in-dorobanti-capitale_db\/","title":{"rendered":"Fr\u00e2ntur\u0103 de arhitectur\u0103 veche: vil\u0103 \u00een stil maur \u00een Doroban\u021bi-Capitale"},"content":{"rendered":"<p><strong>O astfel de proprietate poate \u00eendeplini func\u021bionalit\u0103\u021bi multiple.<\/strong><\/p>\n<p>Situat\u0103 \u00een zona Doroban\u021bi-Capitale, vila din imagini a fost construit\u0103 \u00een anii 1940. Bine \u00eentre\u021binut\u0103 \u0219i conservat\u0103, construc\u021bia se distinge prin elementele arhitecturale specific maure, spune Raluca Nicolae, agenta care se ocup\u0103 de promovarea ofertei.<\/p>\n<p><a class=\"article-body-links\"href=\"https:\/\/www.imobiliare.ro\/imoexpert\/wp-content\/uploads\/2015\/11\/Capitale-vila-maur-1.jpg\"><img loading=\"lazy\" decoding=\"async\" src=\"https:\/\/www.imobiliare.ro\/imoexpert\/wp-content\/uploads\/2015\/11\/Capitale-vila-maur-1.jpg\" alt=\"Capitale vila maur 1\" width=\"600\" height=\"432\" class=\"aligncenter size-full wp-image-36593\" srcset=\"https:\/\/www.imobiliare.ro\/imoexpert\/wp-content\/uploads\/2015\/11\/Capitale-vila-maur-1.jpg 600w, https:\/\/www.imobiliare.ro\/imoexpert\/wp-content\/uploads\/2015\/11\/Capitale-vila-maur-1-300x216.jpg 300w\" sizes=\"auto, (max-width: 600px) 100vw, 600px\" \/><\/a><\/p>\n<p>Structurat pe demisol, parter, dou\u0103 etaje \u0219i mansard\u0103, imobilul este compartimentat \u00een 11 camere (plus dependin\u021be). Cl\u0103direa are o suprafa\u021b\u0103 util\u0103 de 720 de metri p\u0103tra\u021bi (900 de metri p\u0103tra\u021bi construi\u021bi) \u0219i un teren de 800 de metri p\u0103tra\u021bi. Proprietatea este disponibil\u0103 spre \u00eenchiriere pe <strong><a class=\"article-body-links\"href=\"https:\/\/www.imobiliare.ro\/\">Imobiliare.ro<\/a><\/strong> <em><strong>(detalii <a class=\"article-body-links\"href=\"https:\/\/www.imobiliare.ro\/inchirieri-case-vile\/bucuresti\/dorobanti\/casa-de-inchiriat-11-camere-X5CV0100F?utm_so\">aici<\/a>)<\/strong><\/em>, la un pre\u021b de 8.000 de euro pe lun\u0103.<\/p>\n<p><a class=\"article-body-links\"href=\"https:\/\/www.imobiliare.ro\/imoexpert\/wp-content\/uploads\/2015\/11\/Capitale-vila-maur-2.jpg\"><img loading=\"lazy\" decoding=\"async\" src=\"https:\/\/www.imobiliare.ro\/imoexpert\/wp-content\/uploads\/2015\/11\/Capitale-vila-maur-2.jpg\" alt=\"Capitale vila maur 2\" width=\"600\" height=\"363\" class=\"aligncenter size-full wp-image-36594\" srcset=\"https:\/\/www.imobiliare.ro\/imoexpert\/wp-content\/uploads\/2015\/11\/Capitale-vila-maur-2.jpg 600w, https:\/\/www.imobiliare.ro\/imoexpert\/wp-content\/uploads\/2015\/11\/Capitale-vila-maur-2-300x182.jpg 300w\" sizes=\"auto, (max-width: 600px) 100vw, 600px\" \/><\/a><br \/>\n<a class=\"article-body-links\"href=\"https:\/\/www.imobiliare.ro\/imoexpert\/wp-content\/uploads\/2015\/11\/Capitale-vila-maur-7.jpg\"><img loading=\"lazy\" decoding=\"async\" src=\"https:\/\/www.imobiliare.ro\/imoexpert\/wp-content\/uploads\/2015\/11\/Capitale-vila-maur-7.jpg\" alt=\"Capitale vila maur 7\" width=\"600\" height=\"357\" class=\"aligncenter size-full wp-image-36599\" srcset=\"https:\/\/www.imobiliare.ro\/imoexpert\/wp-content\/uploads\/2015\/11\/Capitale-vila-maur-7.jpg 600w, https:\/\/www.imobiliare.ro\/imoexpert\/wp-content\/uploads\/2015\/11\/Capitale-vila-maur-7-300x179.jpg 300w\" sizes=\"auto, (max-width: 600px) 100vw, 600px\" \/><\/a><\/p>\n<p>Vila dispune de o intrare principal\u0103 \u0219i dou\u0103 secundare \u0219i are dou\u0103 sc\u0103ri interioare. La exterior, cl\u0103direa este complet renovat\u0103, iar la interior se afl\u0103 \u00een curs de amenajare. La demisol se g\u0103se\u0219te camera centralei, al\u0103turi de trei \u00eenc\u0103peri spa\u021bioase, \u00een vreme ce la parter se afl\u0103 buc\u0103t\u0103ria \u0219i un open space de 110 metri p\u0103tra\u021bi. Primul etaj g\u0103zduie\u0219te alte trei camere (plus dependin\u021be), iar cel de-al doilea include pe l\u00e2ng\u0103 trei dormitoare, \u0219i un living. \u00cen cele din urm\u0103, mansarda a fost conceput\u0103 \u0219i poate fi folosit\u0103 ca spa\u021biu de depozitare.<\/p>\n<p><a class=\"article-body-links\"href=\"https:\/\/www.imobiliare.ro\/imoexpert\/wp-content\/uploads\/2015\/11\/Capitale-vila-maur-3.jpg\"><img loading=\"lazy\" decoding=\"async\" src=\"https:\/\/www.imobiliare.ro\/imoexpert\/wp-content\/uploads\/2015\/11\/Capitale-vila-maur-3.jpg\" alt=\"Capitale vila maur 3\" width=\"600\" height=\"437\" class=\"aligncenter size-full wp-image-36595\" srcset=\"https:\/\/www.imobiliare.ro\/imoexpert\/wp-content\/uploads\/2015\/11\/Capitale-vila-maur-3.jpg 600w, https:\/\/www.imobiliare.ro\/imoexpert\/wp-content\/uploads\/2015\/11\/Capitale-vila-maur-3-300x219.jpg 300w\" sizes=\"auto, (max-width: 600px) 100vw, 600px\" \/><\/a><br \/>\n<a class=\"article-body-links\"href=\"https:\/\/www.imobiliare.ro\/imoexpert\/wp-content\/uploads\/2015\/11\/Capitale-vila-maur-4.jpg\"><img loading=\"lazy\" decoding=\"async\" src=\"https:\/\/www.imobiliare.ro\/imoexpert\/wp-content\/uploads\/2015\/11\/Capitale-vila-maur-4.jpg\" alt=\"Capitale vila maur 4\" width=\"600\" height=\"370\" class=\"aligncenter size-full wp-image-36596\" srcset=\"https:\/\/www.imobiliare.ro\/imoexpert\/wp-content\/uploads\/2015\/11\/Capitale-vila-maur-4.jpg 600w, https:\/\/www.imobiliare.ro\/imoexpert\/wp-content\/uploads\/2015\/11\/Capitale-vila-maur-4-300x185.jpg 300w\" sizes=\"auto, (max-width: 600px) 100vw, 600px\" \/><\/a><br \/>\n<a class=\"article-body-links\"href=\"https:\/\/www.imobiliare.ro\/imoexpert\/wp-content\/uploads\/2015\/11\/Capitale-vila-maur-5.jpg\"><img loading=\"lazy\" decoding=\"async\" src=\"https:\/\/www.imobiliare.ro\/imoexpert\/wp-content\/uploads\/2015\/11\/Capitale-vila-maur-5.jpg\" alt=\"Capitale vila maur 5\" width=\"600\" height=\"432\" class=\"aligncenter size-full wp-image-36597\" srcset=\"https:\/\/www.imobiliare.ro\/imoexpert\/wp-content\/uploads\/2015\/11\/Capitale-vila-maur-5.jpg 600w, https:\/\/www.imobiliare.ro\/imoexpert\/wp-content\/uploads\/2015\/11\/Capitale-vila-maur-5-300x216.jpg 300w\" sizes=\"auto, (max-width: 600px) 100vw, 600px\" \/><\/a><br \/>\n<a class=\"article-body-links\"href=\"https:\/\/www.imobiliare.ro\/imoexpert\/wp-content\/uploads\/2015\/11\/Capitale-vila-maur-6.jpg\"><img loading=\"lazy\" decoding=\"async\" src=\"https:\/\/www.imobiliare.ro\/imoexpert\/wp-content\/uploads\/2015\/11\/Capitale-vila-maur-6.jpg\" alt=\"Capitale vila maur 6\" width=\"600\" height=\"393\" class=\"aligncenter size-full wp-image-36598\" srcset=\"https:\/\/www.imobiliare.ro\/imoexpert\/wp-content\/uploads\/2015\/11\/Capitale-vila-maur-6.jpg 600w, https:\/\/www.imobiliare.ro\/imoexpert\/wp-content\/uploads\/2015\/11\/Capitale-vila-maur-6-300x197.jpg 300w, https:\/\/www.imobiliare.ro\/imoexpert\/wp-content\/uploads\/2015\/11\/Capitale-vila-maur-6-87x57.jpg 87w, https:\/\/www.imobiliare.ro\/imoexpert\/wp-content\/uploads\/2015\/11\/Capitale-vila-maur-6-65x43.jpg 65w\" sizes=\"auto, (max-width: 600px) 100vw, 600px\" \/><\/a><\/p>\n<p>Curtea vilei este amenajat\u0103 \u0219i include o teras\u0103 de 400 de metri p\u0103tra\u021bi \u0219i patru locuri de parcare (dintre care dou\u0103 \u00een garaj acoperit). Datorit\u0103 localiz\u0103rii \u0219i specificului arhitectural, imobilul poate \u00eendeplini func\u021bionalit\u0103\u021bi multiple: re\u0219edin\u021b\u0103, restaurant, ambasad\u0103, sediu de birouri, clinic\u0103 medical\u0103 etc.<\/p>\n<p><a class=\"article-body-links\"href=\"https:\/\/www.imobiliare.ro\/imoexpert\/wp-content\/uploads\/2015\/11\/Capitale-vila-maur-8.jpg\"><img loading=\"lazy\" decoding=\"async\" src=\"https:\/\/www.imobiliare.ro\/imoexpert\/wp-content\/uploads\/2015\/11\/Capitale-vila-maur-8.jpg\" alt=\"Capitale vila maur 8\" width=\"600\" height=\"432\" class=\"aligncenter size-full wp-image-36600\" srcset=\"https:\/\/www.imobiliare.ro\/imoexpert\/wp-content\/uploads\/2015\/11\/Capitale-vila-maur-8.jpg 600w, https:\/\/www.imobiliare.ro\/imoexpert\/wp-content\/uploads\/2015\/11\/Capitale-vila-maur-8-300x216.jpg 300w\" sizes=\"auto, (max-width: 600px) 100vw, 600px\" \/><\/a><br \/>\n<a class=\"article-body-links\"href=\"https:\/\/www.imobiliare.ro\/imoexpert\/wp-content\/uploads\/2015\/11\/Capitale-vila-maur-9.jpg\"><img loading=\"lazy\" decoding=\"async\" src=\"https:\/\/www.imobiliare.ro\/imoexpert\/wp-content\/uploads\/2015\/11\/Capitale-vila-maur-9.jpg\" alt=\"Capitale vila maur 9\" width=\"600\" height=\"433\" class=\"aligncenter size-full wp-image-36601\" srcset=\"https:\/\/www.imobiliare.ro\/imoexpert\/wp-content\/uploads\/2015\/11\/Capitale-vila-maur-9.jpg 600w, https:\/\/www.imobiliare.ro\/imoexpert\/wp-content\/uploads\/2015\/11\/Capitale-vila-maur-9-300x217.jpg 300w\" sizes=\"auto, (max-width: 600px) 100vw, 600px\" \/><\/a><br \/>\n<a class=\"article-body-links\"href=\"https:\/\/www.imobiliare.ro\/imoexpert\/wp-content\/uploads\/2015\/11\/Capitale-vila-maur-10.jpg\"><img loading=\"lazy\" decoding=\"async\" src=\"https:\/\/www.imobiliare.ro\/imoexpert\/wp-content\/uploads\/2015\/11\/Capitale-vila-maur-10.jpg\" alt=\"Capitale vila maur 10\" width=\"600\" height=\"432\" class=\"aligncenter size-full wp-image-36602\" srcset=\"https:\/\/www.imobiliare.ro\/imoexpert\/wp-content\/uploads\/2015\/11\/Capitale-vila-maur-10.jpg 600w, https:\/\/www.imobiliare.ro\/imoexpert\/wp-content\/uploads\/2015\/11\/Capitale-vila-maur-10-300x216.jpg 300w\" sizes=\"auto, (max-width: 600px) 100vw, 600px\" \/><\/a><\/p>\n","protected":false},"excerpt":{"rendered":"<p>O astfel de proprietate poate \u00eendeplini func\u021bionalit\u0103\u021bi multiple. Situat\u0103 \u00een zona Doroban\u021bi-Capitale, vila din imagini a fost construit\u0103 \u00een anii 1940. Bine \u00eentre\u021binut\u0103 \u0219i conservat\u0103, construc\u021bia se distinge prin elementele arhitecturale specific maure, spune Raluca Nicolae, agenta care se ocup\u0103 de promovarea ofertei. Structurat pe demisol, parter, dou\u0103 etaje \u0219i mansard\u0103, imobilul este compartimentat \u00een [&hellip;]<\/p>\n","protected":false},"author":829,"featured_media":36593,"comment_status":"open","ping_status":"open","sticky":false,"template":"","format":"standard","meta":{"footnotes":""},"categories":[259],"tags":[1455,1410,1411],"content_author":[],"class_list":["post-36592","post","type-post","status-publish","format-standard","has-post-thumbnail","hentry","category-stiri","tag-lifestyle","tag-newsletter","tag-principal"],"yoast_head":"<!-- This site is optimized with the Yoast SEO Premium plugin v27.0 (Yoast SEO v27.0) - https:\/\/yoast.com\/product\/yoast-seo-premium-wordpress\/ -->\n<title>Fr\u00e2ntur\u0103 de arhitectur\u0103 veche: vil\u0103 \u00een stil maur \u00een Doroban\u021bi-Capitale - \u0218tiri - ImoExpert<\/title>\n<meta name=\"description\" content=\"O astfel de proprietate poate \u00eendeplini func\u021bionalit\u0103\u021bi multiple. Situat\u0103 \u00een zona Doroban\u021bi-Capitale, vila din imagini a fost construit\u0103 \u00een anii 1940.\" \/>\n<meta name=\"robots\" content=\"index, follow\" \/>\n<link rel=\"canonical\" href=\"https:\/\/www.imobiliare.ro\/imoexpert\/frantura-de-arhitectura-veche-vila-in-stil-maur-in-dorobanti-capitale_db\/\" \/>\n<meta property=\"og:locale\" content=\"ro_RO\" \/>\n<meta property=\"og:type\" content=\"article\" \/>\n<meta property=\"og:title\" content=\"Fr\u00e2ntur\u0103 de arhitectur\u0103 veche: vil\u0103 \u00een stil maur \u00een Doroban\u021bi-Capitale\" \/>\n<meta property=\"og:description\" content=\"O astfel de proprietate poate \u00eendeplini func\u021bionalit\u0103\u021bi multiple. Situat\u0103 \u00een zona Doroban\u021bi-Capitale, vila din imagini a fost construit\u0103 \u00een anii 1940.\" \/>\n<meta property=\"og:url\" content=\"https:\/\/www.imobiliare.ro\/imoexpert\/frantura-de-arhitectura-veche-vila-in-stil-maur-in-dorobanti-capitale_db\/\" \/>\n<meta property=\"og:site_name\" content=\"ImoExpert\" \/>\n<meta property=\"article:published_time\" content=\"2015-11-16T08:27:16+00:00\" \/>\n<meta property=\"og:image\" content=\"https:\/\/www.imobiliare.ro\/imoexpert\/wp-content\/uploads\/2015\/11\/Capitale-vila-maur-1.jpg\" \/>\n\t<meta property=\"og:image:width\" content=\"600\" \/>\n\t<meta property=\"og:image:height\" content=\"432\" \/>\n\t<meta property=\"og:image:type\" content=\"image\/jpeg\" \/>\n<meta name=\"author\" content=\"Adriana Dr\u0103gu\u0219in\" \/>\n<meta name=\"twitter:card\" content=\"summary_large_image\" \/>\n<meta name=\"twitter:label1\" content=\"Written by\" \/>\n\t<meta name=\"twitter:data1\" content=\"Adriana Dr\u0103gu\u0219in\" \/>\n\t<meta name=\"twitter:label2\" content=\"Est. reading time\" \/>\n\t<meta name=\"twitter:data2\" content=\"1 minut\" \/>\n<script type=\"application\/ld+json\" class=\"yoast-schema-graph\">{\"@context\":\"https:\/\/schema.org\",\"@graph\":[{\"@type\":\"Article\",\"@id\":\"https:\/\/www.imobiliare.ro\/imoexpert\/frantura-de-arhitectura-veche-vila-in-stil-maur-in-dorobanti-capitale_db\/#article\",\"isPartOf\":{\"@id\":\"https:\/\/www.imobiliare.ro\/imoexpert\/frantura-de-arhitectura-veche-vila-in-stil-maur-in-dorobanti-capitale_db\/\"},\"author\":{\"name\":\"Adriana Dr\u0103gu\u0219in\",\"@id\":\"https:\/\/www.imobiliare.ro\/imoexpert\/#\/schema\/person\/8c13b0297075010b896471fabf0d7790\"},\"headline\":\"Fr\u00e2ntur\u0103 de arhitectur\u0103 veche: vil\u0103 \u00een stil maur \u00een Doroban\u021bi-Capitale\",\"datePublished\":\"2015-11-16T08:27:16+00:00\",\"mainEntityOfPage\":{\"@id\":\"https:\/\/www.imobiliare.ro\/imoexpert\/frantura-de-arhitectura-veche-vila-in-stil-maur-in-dorobanti-capitale_db\/\"},\"wordCount\":276,\"commentCount\":0,\"publisher\":{\"@id\":\"https:\/\/www.imobiliare.ro\/imoexpert\/#organization\"},\"image\":{\"@id\":\"https:\/\/www.imobiliare.ro\/imoexpert\/frantura-de-arhitectura-veche-vila-in-stil-maur-in-dorobanti-capitale_db\/#primaryimage\"},\"thumbnailUrl\":\"https:\/\/www.imobiliare.ro\/imoexpert\/wp-content\/uploads\/2015\/11\/Capitale-vila-maur-1.jpg\",\"keywords\":[\"Lifestyle\",\"newsletter\",\"principal\"],\"articleSection\":[\"\u0218tiri\"],\"inLanguage\":\"en\",\"potentialAction\":[{\"@type\":\"CommentAction\",\"name\":\"Comment\",\"target\":[\"https:\/\/www.imobiliare.ro\/imoexpert\/frantura-de-arhitectura-veche-vila-in-stil-maur-in-dorobanti-capitale_db\/#respond\"]}],\"copyrightYear\":\"2015\",\"copyrightHolder\":{\"@id\":\"https:\/\/www.imobiliare.ro\/imoexpert\/#organization\"}},{\"@type\":\"WebPage\",\"@id\":\"https:\/\/www.imobiliare.ro\/imoexpert\/frantura-de-arhitectura-veche-vila-in-stil-maur-in-dorobanti-capitale_db\/\",\"url\":\"https:\/\/www.imobiliare.ro\/imoexpert\/frantura-de-arhitectura-veche-vila-in-stil-maur-in-dorobanti-capitale_db\/\",\"name\":\"Fr\u00e2ntur\u0103 de arhitectur\u0103 veche: vil\u0103 \u00een stil maur \u00een Doroban\u021bi-Capitale - \u0218tiri - ImoExpert\",\"isPartOf\":{\"@id\":\"https:\/\/www.imobiliare.ro\/imoexpert\/#website\"},\"primaryImageOfPage\":{\"@id\":\"https:\/\/www.imobiliare.ro\/imoexpert\/frantura-de-arhitectura-veche-vila-in-stil-maur-in-dorobanti-capitale_db\/#primaryimage\"},\"image\":{\"@id\":\"https:\/\/www.imobiliare.ro\/imoexpert\/frantura-de-arhitectura-veche-vila-in-stil-maur-in-dorobanti-capitale_db\/#primaryimage\"},\"thumbnailUrl\":\"https:\/\/www.imobiliare.ro\/imoexpert\/wp-content\/uploads\/2015\/11\/Capitale-vila-maur-1.jpg\",\"datePublished\":\"2015-11-16T08:27:16+00:00\",\"description\":\"O astfel de proprietate poate \u00eendeplini func\u021bionalit\u0103\u021bi multiple. Situat\u0103 \u00een zona Doroban\u021bi-Capitale, vila din imagini a fost construit\u0103 \u00een anii 1940.\",\"breadcrumb\":{\"@id\":\"https:\/\/www.imobiliare.ro\/imoexpert\/frantura-de-arhitectura-veche-vila-in-stil-maur-in-dorobanti-capitale_db\/#breadcrumb\"},\"inLanguage\":\"en\",\"potentialAction\":[{\"@type\":\"ReadAction\",\"target\":[\"https:\/\/www.imobiliare.ro\/imoexpert\/frantura-de-arhitectura-veche-vila-in-stil-maur-in-dorobanti-capitale_db\/\"]}]},{\"@type\":\"ImageObject\",\"inLanguage\":\"en\",\"@id\":\"https:\/\/www.imobiliare.ro\/imoexpert\/frantura-de-arhitectura-veche-vila-in-stil-maur-in-dorobanti-capitale_db\/#primaryimage\",\"url\":\"https:\/\/www.imobiliare.ro\/imoexpert\/wp-content\/uploads\/2015\/11\/Capitale-vila-maur-1.jpg\",\"contentUrl\":\"https:\/\/www.imobiliare.ro\/imoexpert\/wp-content\/uploads\/2015\/11\/Capitale-vila-maur-1.jpg\",\"width\":600,\"height\":432},{\"@type\":\"BreadcrumbList\",\"@id\":\"https:\/\/www.imobiliare.ro\/imoexpert\/frantura-de-arhitectura-veche-vila-in-stil-maur-in-dorobanti-capitale_db\/#breadcrumb\",\"itemListElement\":[{\"@type\":\"ListItem\",\"position\":1,\"name\":\"Imoradar24\",\"item\":\"https:\/\/www.imoradar24.ro\"},{\"@type\":\"ListItem\",\"position\":2,\"name\":\"ImoExpert\",\"item\":\"https:\/\/www.imobiliare.ro\/imoexpert\/\"},{\"@type\":\"ListItem\",\"position\":3,\"name\":\"\u0218tiri\",\"item\":\"https:\/\/www.imobiliare.ro\/imoexpert\/stiri\/\"},{\"@type\":\"ListItem\",\"position\":4,\"name\":\"Fr\u00e2ntur\u0103 de arhitectur\u0103 veche: vil\u0103 \u00een stil maur \u00een Doroban\u021bi-Capitale\"}]},{\"@type\":\"WebSite\",\"@id\":\"https:\/\/www.imobiliare.ro\/imoexpert\/#website\",\"url\":\"https:\/\/www.imobiliare.ro\/imoexpert\/\",\"name\":\"ImoExpert\",\"description\":\"cele mai importante \u015ftiri din domeniul imobiliar\",\"publisher\":{\"@id\":\"https:\/\/www.imobiliare.ro\/imoexpert\/#organization\"},\"inLanguage\":\"en\"},{\"@type\":\"Organization\",\"@id\":\"https:\/\/www.imobiliare.ro\/imoexpert\/#organization\",\"name\":\"Imobiliare.ro\",\"alternateName\":\"Realmedia Network SA\",\"url\":\"https:\/\/www.imobiliare.ro\/imoexpert\/\",\"logo\":{\"@type\":\"ImageObject\",\"inLanguage\":\"en\",\"@id\":\"https:\/\/www.imobiliare.ro\/imoexpert\/#\/schema\/logo\/image\/\",\"url\":\"https:\/\/www.imobiliare.ro\/imoexpert\/wp-content\/uploads\/2025\/05\/imobiliare_logo.png\",\"contentUrl\":\"https:\/\/www.imobiliare.ro\/imoexpert\/wp-content\/uploads\/2025\/05\/imobiliare_logo.png\",\"width\":237,\"height\":29,\"caption\":\"Imobiliare.ro\"},\"image\":{\"@id\":\"https:\/\/www.imobiliare.ro\/imoexpert\/#\/schema\/logo\/image\/\"}},{\"@type\":\"Person\",\"@id\":\"https:\/\/www.imobiliare.ro\/imoexpert\/#\/schema\/person\/8c13b0297075010b896471fabf0d7790\",\"name\":\"Adriana Dr\u0103gu\u0219in\",\"image\":{\"@type\":\"ImageObject\",\"inLanguage\":\"en\",\"@id\":\"https:\/\/www.imobiliare.ro\/imoexpert\/#\/schema\/person\/image\/\",\"url\":\"https:\/\/secure.gravatar.com\/avatar\/ba4762f7517e50e679ed7f11207102d1150120f2f5800c0da98f8a15305bf514?s=96&d=mm&r=g\",\"contentUrl\":\"https:\/\/secure.gravatar.com\/avatar\/ba4762f7517e50e679ed7f11207102d1150120f2f5800c0da98f8a15305bf514?s=96&d=mm&r=g\",\"caption\":\"Adriana Dr\u0103gu\u0219in\"},\"jobTitle\":\"Editor\",\"url\":\"https:\/\/www.imobiliare.ro\/imoexpert\/author\/adriana-dragusin\/\"}]}<\/script>\n<!-- \/ Yoast SEO Premium plugin. -->","yoast_head_json":{"title":"Fr\u00e2ntur\u0103 de arhitectur\u0103 veche: vil\u0103 \u00een stil maur \u00een Doroban\u021bi-Capitale - \u0218tiri - ImoExpert","description":"O astfel de proprietate poate \u00eendeplini func\u021bionalit\u0103\u021bi multiple. Situat\u0103 \u00een zona Doroban\u021bi-Capitale, vila din imagini a fost construit\u0103 \u00een anii 1940.","robots":{"index":"index","follow":"follow"},"canonical":"https:\/\/www.imobiliare.ro\/imoexpert\/frantura-de-arhitectura-veche-vila-in-stil-maur-in-dorobanti-capitale_db\/","og_locale":"ro_RO","og_type":"article","og_title":"Fr\u00e2ntur\u0103 de arhitectur\u0103 veche: vil\u0103 \u00een stil maur \u00een Doroban\u021bi-Capitale","og_description":"O astfel de proprietate poate \u00eendeplini func\u021bionalit\u0103\u021bi multiple. Situat\u0103 \u00een zona Doroban\u021bi-Capitale, vila din imagini a fost construit\u0103 \u00een anii 1940.","og_url":"https:\/\/www.imobiliare.ro\/imoexpert\/frantura-de-arhitectura-veche-vila-in-stil-maur-in-dorobanti-capitale_db\/","og_site_name":"ImoExpert","article_published_time":"2015-11-16T08:27:16+00:00","og_image":[{"width":600,"height":432,"url":"https:\/\/www.imobiliare.ro\/imoexpert\/wp-content\/uploads\/2015\/11\/Capitale-vila-maur-1.jpg","type":"image\/jpeg"}],"author":"Adriana Dr\u0103gu\u0219in","twitter_card":"summary_large_image","twitter_misc":{"Written by":"Adriana Dr\u0103gu\u0219in","Est. reading time":"1 minut"},"schema":{"@context":"https:\/\/schema.org","@graph":[{"@type":"Article","@id":"https:\/\/www.imobiliare.ro\/imoexpert\/frantura-de-arhitectura-veche-vila-in-stil-maur-in-dorobanti-capitale_db\/#article","isPartOf":{"@id":"https:\/\/www.imobiliare.ro\/imoexpert\/frantura-de-arhitectura-veche-vila-in-stil-maur-in-dorobanti-capitale_db\/"},"author":{"name":"Adriana Dr\u0103gu\u0219in","@id":"https:\/\/www.imobiliare.ro\/imoexpert\/#\/schema\/person\/8c13b0297075010b896471fabf0d7790"},"headline":"Fr\u00e2ntur\u0103 de arhitectur\u0103 veche: vil\u0103 \u00een stil maur \u00een Doroban\u021bi-Capitale","datePublished":"2015-11-16T08:27:16+00:00","mainEntityOfPage":{"@id":"https:\/\/www.imobiliare.ro\/imoexpert\/frantura-de-arhitectura-veche-vila-in-stil-maur-in-dorobanti-capitale_db\/"},"wordCount":276,"commentCount":0,"publisher":{"@id":"https:\/\/www.imobiliare.ro\/imoexpert\/#organization"},"image":{"@id":"https:\/\/www.imobiliare.ro\/imoexpert\/frantura-de-arhitectura-veche-vila-in-stil-maur-in-dorobanti-capitale_db\/#primaryimage"},"thumbnailUrl":"https:\/\/www.imobiliare.ro\/imoexpert\/wp-content\/uploads\/2015\/11\/Capitale-vila-maur-1.jpg","keywords":["Lifestyle","newsletter","principal"],"articleSection":["\u0218tiri"],"inLanguage":"en","potentialAction":[{"@type":"CommentAction","name":"Comment","target":["https:\/\/www.imobiliare.ro\/imoexpert\/frantura-de-arhitectura-veche-vila-in-stil-maur-in-dorobanti-capitale_db\/#respond"]}],"copyrightYear":"2015","copyrightHolder":{"@id":"https:\/\/www.imobiliare.ro\/imoexpert\/#organization"}},{"@type":"WebPage","@id":"https:\/\/www.imobiliare.ro\/imoexpert\/frantura-de-arhitectura-veche-vila-in-stil-maur-in-dorobanti-capitale_db\/","url":"https:\/\/www.imobiliare.ro\/imoexpert\/frantura-de-arhitectura-veche-vila-in-stil-maur-in-dorobanti-capitale_db\/","name":"Fr\u00e2ntur\u0103 de arhitectur\u0103 veche: vil\u0103 \u00een stil maur \u00een Doroban\u021bi-Capitale - \u0218tiri - ImoExpert","isPartOf":{"@id":"https:\/\/www.imobiliare.ro\/imoexpert\/#website"},"primaryImageOfPage":{"@id":"https:\/\/www.imobiliare.ro\/imoexpert\/frantura-de-arhitectura-veche-vila-in-stil-maur-in-dorobanti-capitale_db\/#primaryimage"},"image":{"@id":"https:\/\/www.imobiliare.ro\/imoexpert\/frantura-de-arhitectura-veche-vila-in-stil-maur-in-dorobanti-capitale_db\/#primaryimage"},"thumbnailUrl":"https:\/\/www.imobiliare.ro\/imoexpert\/wp-content\/uploads\/2015\/11\/Capitale-vila-maur-1.jpg","datePublished":"2015-11-16T08:27:16+00:00","description":"O astfel de proprietate poate \u00eendeplini func\u021bionalit\u0103\u021bi multiple. Situat\u0103 \u00een zona Doroban\u021bi-Capitale, vila din imagini a fost construit\u0103 \u00een anii 1940.","breadcrumb":{"@id":"https:\/\/www.imobiliare.ro\/imoexpert\/frantura-de-arhitectura-veche-vila-in-stil-maur-in-dorobanti-capitale_db\/#breadcrumb"},"inLanguage":"en","potentialAction":[{"@type":"ReadAction","target":["https:\/\/www.imobiliare.ro\/imoexpert\/frantura-de-arhitectura-veche-vila-in-stil-maur-in-dorobanti-capitale_db\/"]}]},{"@type":"ImageObject","inLanguage":"en","@id":"https:\/\/www.imobiliare.ro\/imoexpert\/frantura-de-arhitectura-veche-vila-in-stil-maur-in-dorobanti-capitale_db\/#primaryimage","url":"https:\/\/www.imobiliare.ro\/imoexpert\/wp-content\/uploads\/2015\/11\/Capitale-vila-maur-1.jpg","contentUrl":"https:\/\/www.imobiliare.ro\/imoexpert\/wp-content\/uploads\/2015\/11\/Capitale-vila-maur-1.jpg","width":600,"height":432},{"@type":"BreadcrumbList","@id":"https:\/\/www.imobiliare.ro\/imoexpert\/frantura-de-arhitectura-veche-vila-in-stil-maur-in-dorobanti-capitale_db\/#breadcrumb","itemListElement":[{"@type":"ListItem","position":1,"name":"Imoradar24","item":"https:\/\/www.imoradar24.ro"},{"@type":"ListItem","position":2,"name":"ImoExpert","item":"https:\/\/www.imobiliare.ro\/imoexpert\/"},{"@type":"ListItem","position":3,"name":"\u0218tiri","item":"https:\/\/www.imobiliare.ro\/imoexpert\/stiri\/"},{"@type":"ListItem","position":4,"name":"Fr\u00e2ntur\u0103 de arhitectur\u0103 veche: vil\u0103 \u00een stil maur \u00een Doroban\u021bi-Capitale"}]},{"@type":"WebSite","@id":"https:\/\/www.imobiliare.ro\/imoexpert\/#website","url":"https:\/\/www.imobiliare.ro\/imoexpert\/","name":"ImoExpert","description":"cele mai importante \u015ftiri din domeniul imobiliar","publisher":{"@id":"https:\/\/www.imobiliare.ro\/imoexpert\/#organization"},"inLanguage":"en"},{"@type":"Organization","@id":"https:\/\/www.imobiliare.ro\/imoexpert\/#organization","name":"Imobiliare.ro","alternateName":"Realmedia Network SA","url":"https:\/\/www.imobiliare.ro\/imoexpert\/","logo":{"@type":"ImageObject","inLanguage":"en","@id":"https:\/\/www.imobiliare.ro\/imoexpert\/#\/schema\/logo\/image\/","url":"https:\/\/www.imobiliare.ro\/imoexpert\/wp-content\/uploads\/2025\/05\/imobiliare_logo.png","contentUrl":"https:\/\/www.imobiliare.ro\/imoexpert\/wp-content\/uploads\/2025\/05\/imobiliare_logo.png","width":237,"height":29,"caption":"Imobiliare.ro"},"image":{"@id":"https:\/\/www.imobiliare.ro\/imoexpert\/#\/schema\/logo\/image\/"}},{"@type":"Person","@id":"https:\/\/www.imobiliare.ro\/imoexpert\/#\/schema\/person\/8c13b0297075010b896471fabf0d7790","name":"Adriana Dr\u0103gu\u0219in","image":{"@type":"ImageObject","inLanguage":"en","@id":"https:\/\/www.imobiliare.ro\/imoexpert\/#\/schema\/person\/image\/","url":"https:\/\/secure.gravatar.com\/avatar\/ba4762f7517e50e679ed7f11207102d1150120f2f5800c0da98f8a15305bf514?s=96&d=mm&r=g","contentUrl":"https:\/\/secure.gravatar.com\/avatar\/ba4762f7517e50e679ed7f11207102d1150120f2f5800c0da98f8a15305bf514?s=96&d=mm&r=g","caption":"Adriana Dr\u0103gu\u0219in"},"jobTitle":"Editor","url":"https:\/\/www.imobiliare.ro\/imoexpert\/author\/adriana-dragusin\/"}]}},"_links":{"self":[{"href":"https:\/\/www.imobiliare.ro\/imoexpert\/wp-json\/wp\/v2\/posts\/36592","targetHints":{"allow":["GET"]}}],"collection":[{"href":"https:\/\/www.imobiliare.ro\/imoexpert\/wp-json\/wp\/v2\/posts"}],"about":[{"href":"https:\/\/www.imobiliare.ro\/imoexpert\/wp-json\/wp\/v2\/types\/post"}],"author":[{"embeddable":true,"href":"https:\/\/www.imobiliare.ro\/imoexpert\/wp-json\/wp\/v2\/users\/829"}],"replies":[{"embeddable":true,"href":"https:\/\/www.imobiliare.ro\/imoexpert\/wp-json\/wp\/v2\/comments?post=36592"}],"version-history":[{"count":0,"href":"https:\/\/www.imobiliare.ro\/imoexpert\/wp-json\/wp\/v2\/posts\/36592\/revisions"}],"wp:featuredmedia":[{"embeddable":true,"href":"https:\/\/www.imobiliare.ro\/imoexpert\/wp-json\/wp\/v2\/media\/36593"}],"wp:attachment":[{"href":"https:\/\/www.imobiliare.ro\/imoexpert\/wp-json\/wp\/v2\/media?parent=36592"}],"wp:term":[{"taxonomy":"category","embeddable":true,"href":"https:\/\/www.imobiliare.ro\/imoexpert\/wp-json\/wp\/v2\/categories?post=36592"},{"taxonomy":"post_tag","embeddable":true,"href":"https:\/\/www.imobiliare.ro\/imoexpert\/wp-json\/wp\/v2\/tags?post=36592"},{"taxonomy":"content_author","embeddable":true,"href":"https:\/\/www.imobiliare.ro\/imoexpert\/wp-json\/wp\/v2\/content_author?post=36592"}],"curies":[{"name":"wp","href":"https:\/\/api.w.org\/{rel}","templated":true}]}}