{"id":36788,"date":"2015-12-04T15:28:32","date_gmt":"2015-12-04T13:28:32","guid":{"rendered":"https:\/\/www.imobiliare.ro\/?p=36788"},"modified":"2015-12-04T15:28:32","modified_gmt":"2015-12-04T13:28:32","slug":"made-in-timisoara-cum-arata-cel-mai-apreciat-design-de-locuinta-in-2015","status":"publish","type":"post","link":"https:\/\/www.imobiliare.ro\/imoexpert\/made-in-timisoara-cum-arata-cel-mai-apreciat-design-de-locuinta-in-2015_db\/","title":{"rendered":"Made in Timi\u0219oara: cum arat\u0103 cel mai apreciat design de locuin\u021b\u0103 \u00een 2015"},"content":{"rendered":"<p><strong>Pentru amenajare au fost folosite preponderent produse personalizate, realizate pe comand\u0103.<\/strong><\/p>\n<p>Prezentat \u00een cadrul edi\u021biei de anul acesta a concursului Elle Decoration Romanian Design Awards, apartamentul din imagini a c\u00e2\u0219tigat titlul de \u201eCea mai bun\u0103 amenajare a unei locuin\u021be private\u201d. La aceast\u0103 sec\u021biune au fost supuse voturilor din partea publicului un num\u0103r de 35 de proiecte.<\/p>\n<p><a class=\"article-body-links\"href=\"https:\/\/www.imobiliare.ro\/imoexpert\/wp-content\/uploads\/2015\/12\/Ezzo-eclectic-design-1.jpg\"><img loading=\"lazy\" decoding=\"async\" class=\"aligncenter size-full wp-image-36789\" src=\"https:\/\/www.imobiliare.ro\/imoexpert\/wp-content\/uploads\/2015\/12\/Ezzo-eclectic-design-1.jpg\" alt=\"Ezzo eclectic design 1\" width=\"600\" height=\"400\" srcset=\"https:\/\/www.imobiliare.ro\/imoexpert\/wp-content\/uploads\/2015\/12\/Ezzo-eclectic-design-1.jpg 600w, https:\/\/www.imobiliare.ro\/imoexpert\/wp-content\/uploads\/2015\/12\/Ezzo-eclectic-design-1-300x200.jpg 300w, https:\/\/www.imobiliare.ro\/imoexpert\/wp-content\/uploads\/2015\/12\/Ezzo-eclectic-design-1-87x57.jpg 87w, https:\/\/www.imobiliare.ro\/imoexpert\/wp-content\/uploads\/2015\/12\/Ezzo-eclectic-design-1-65x43.jpg 65w, https:\/\/www.imobiliare.ro\/imoexpert\/wp-content\/uploads\/2015\/12\/Ezzo-eclectic-design-1-154x103.jpg 154w\" sizes=\"auto, (max-width: 600px) 100vw, 600px\" \/><\/a><\/p>\n<p>Apartamentul dispune de o suprafa\u021b\u0103 de 120 de metri p\u0103tra\u021bi \u0219i este amplasat \u00eentr-un bloc nou-construit din Timi\u0219oara. Realizat de biroul local Ezzo Design, conceptul de design se impune prin originalitate \u0219i se \u00eencadreaz\u0103 \u00eentr-un stil eclectic, cu aer retro.<\/p>\n<p><a class=\"article-body-links\"href=\"https:\/\/www.imobiliare.ro\/imoexpert\/wp-content\/uploads\/2015\/12\/Ezzo-eclectic-design-10.jpg\"><img loading=\"lazy\" decoding=\"async\" class=\"aligncenter size-full wp-image-36798\" src=\"https:\/\/www.imobiliare.ro\/imoexpert\/wp-content\/uploads\/2015\/12\/Ezzo-eclectic-design-10.jpg\" alt=\"Ezzo eclectic design 10\" width=\"600\" height=\"400\" srcset=\"https:\/\/www.imobiliare.ro\/imoexpert\/wp-content\/uploads\/2015\/12\/Ezzo-eclectic-design-10.jpg 600w, https:\/\/www.imobiliare.ro\/imoexpert\/wp-content\/uploads\/2015\/12\/Ezzo-eclectic-design-10-300x200.jpg 300w, https:\/\/www.imobiliare.ro\/imoexpert\/wp-content\/uploads\/2015\/12\/Ezzo-eclectic-design-10-87x57.jpg 87w, https:\/\/www.imobiliare.ro\/imoexpert\/wp-content\/uploads\/2015\/12\/Ezzo-eclectic-design-10-65x43.jpg 65w, https:\/\/www.imobiliare.ro\/imoexpert\/wp-content\/uploads\/2015\/12\/Ezzo-eclectic-design-10-154x103.jpg 154w\" sizes=\"auto, (max-width: 600px) 100vw, 600px\" \/><\/a><br \/>\n<a class=\"article-body-links\"href=\"https:\/\/www.imobiliare.ro\/imoexpert\/wp-content\/uploads\/2015\/12\/Ezzo-eclectic-design-2.jpg\"><img loading=\"lazy\" decoding=\"async\" class=\"aligncenter size-full wp-image-36790\" src=\"https:\/\/www.imobiliare.ro\/imoexpert\/wp-content\/uploads\/2015\/12\/Ezzo-eclectic-design-2.jpg\" alt=\"Ezzo eclectic design 2\" width=\"600\" height=\"397\" srcset=\"https:\/\/www.imobiliare.ro\/imoexpert\/wp-content\/uploads\/2015\/12\/Ezzo-eclectic-design-2.jpg 600w, https:\/\/www.imobiliare.ro\/imoexpert\/wp-content\/uploads\/2015\/12\/Ezzo-eclectic-design-2-300x199.jpg 300w, https:\/\/www.imobiliare.ro\/imoexpert\/wp-content\/uploads\/2015\/12\/Ezzo-eclectic-design-2-87x57.jpg 87w, https:\/\/www.imobiliare.ro\/imoexpert\/wp-content\/uploads\/2015\/12\/Ezzo-eclectic-design-2-65x43.jpg 65w, https:\/\/www.imobiliare.ro\/imoexpert\/wp-content\/uploads\/2015\/12\/Ezzo-eclectic-design-2-154x103.jpg 154w\" sizes=\"auto, (max-width: 600px) 100vw, 600px\" \/><\/a><\/p>\n<p>Potrivit autorilor proiectului, cea mai mare parte a pieselor de mobilier poart\u0103 semn\u0103tura Ezzo Design \u2013 ba, mai mult dec\u00e2t at\u00e2t, sunt \u201emade in Timi\u0219oara\u201d. Astfel, cuierul \u0219i scaunele de la intrare, canapeaua, m\u0103su\u021bele de cafea, lampadarul vintage, din MDF vopsit \u00een negru, consola dinspre hol, aplicele cu becuri Edison sunt toate exemple de piese realizate la comand\u0103, dup\u0103 desenele designerilor. Mobilierul de buc\u0103t\u0103rie, pe de alt\u0103 parte, a fost comandat de la Ikea, dar a fost revopsit \u00eentr-o combina\u021bie interesant\u0103 de culori. O poveste interesant\u0103 o are lavoarul de cupru din baie, lucrat de o familie de romi din Gala\u021bi, care pe timpul verii vin \u00een Banat ca s\u0103 lucreze cazane. Posterele filmelor celebre confer\u0103 ambientului aerul unui decor cinematografic.<\/p>\n<p><a class=\"article-body-links\"href=\"https:\/\/www.imobiliare.ro\/imoexpert\/wp-content\/uploads\/2015\/12\/Ezzo-eclectic-design-3.jpg\"><img loading=\"lazy\" decoding=\"async\" class=\"aligncenter size-full wp-image-36791\" src=\"https:\/\/www.imobiliare.ro\/imoexpert\/wp-content\/uploads\/2015\/12\/Ezzo-eclectic-design-3.jpg\" alt=\"Ezzo eclectic design 3\" width=\"600\" height=\"398\" srcset=\"https:\/\/www.imobiliare.ro\/imoexpert\/wp-content\/uploads\/2015\/12\/Ezzo-eclectic-design-3.jpg 600w, https:\/\/www.imobiliare.ro\/imoexpert\/wp-content\/uploads\/2015\/12\/Ezzo-eclectic-design-3-300x199.jpg 300w, https:\/\/www.imobiliare.ro\/imoexpert\/wp-content\/uploads\/2015\/12\/Ezzo-eclectic-design-3-87x57.jpg 87w, https:\/\/www.imobiliare.ro\/imoexpert\/wp-content\/uploads\/2015\/12\/Ezzo-eclectic-design-3-65x43.jpg 65w, https:\/\/www.imobiliare.ro\/imoexpert\/wp-content\/uploads\/2015\/12\/Ezzo-eclectic-design-3-154x103.jpg 154w\" sizes=\"auto, (max-width: 600px) 100vw, 600px\" \/><\/a><br \/>\n<a class=\"article-body-links\"href=\"https:\/\/www.imobiliare.ro\/imoexpert\/wp-content\/uploads\/2015\/12\/Ezzo-eclectic-design-4.jpg\"><img loading=\"lazy\" decoding=\"async\" class=\"aligncenter size-full wp-image-36792\" src=\"https:\/\/www.imobiliare.ro\/imoexpert\/wp-content\/uploads\/2015\/12\/Ezzo-eclectic-design-4.jpg\" alt=\"Ezzo eclectic design 4\" width=\"600\" height=\"399\" srcset=\"https:\/\/www.imobiliare.ro\/imoexpert\/wp-content\/uploads\/2015\/12\/Ezzo-eclectic-design-4.jpg 600w, https:\/\/www.imobiliare.ro\/imoexpert\/wp-content\/uploads\/2015\/12\/Ezzo-eclectic-design-4-300x200.jpg 300w, https:\/\/www.imobiliare.ro\/imoexpert\/wp-content\/uploads\/2015\/12\/Ezzo-eclectic-design-4-87x57.jpg 87w, https:\/\/www.imobiliare.ro\/imoexpert\/wp-content\/uploads\/2015\/12\/Ezzo-eclectic-design-4-65x43.jpg 65w, https:\/\/www.imobiliare.ro\/imoexpert\/wp-content\/uploads\/2015\/12\/Ezzo-eclectic-design-4-154x103.jpg 154w\" sizes=\"auto, (max-width: 600px) 100vw, 600px\" \/><\/a><br \/>\n<a class=\"article-body-links\"href=\"https:\/\/www.imobiliare.ro\/imoexpert\/wp-content\/uploads\/2015\/12\/Ezzo-eclectic-design-5.jpg\"><img loading=\"lazy\" decoding=\"async\" class=\"aligncenter size-full wp-image-36793\" src=\"https:\/\/www.imobiliare.ro\/imoexpert\/wp-content\/uploads\/2015\/12\/Ezzo-eclectic-design-5.jpg\" alt=\"Ezzo eclectic design 5\" width=\"600\" height=\"397\" srcset=\"https:\/\/www.imobiliare.ro\/imoexpert\/wp-content\/uploads\/2015\/12\/Ezzo-eclectic-design-5.jpg 600w, https:\/\/www.imobiliare.ro\/imoexpert\/wp-content\/uploads\/2015\/12\/Ezzo-eclectic-design-5-300x199.jpg 300w, https:\/\/www.imobiliare.ro\/imoexpert\/wp-content\/uploads\/2015\/12\/Ezzo-eclectic-design-5-87x57.jpg 87w, https:\/\/www.imobiliare.ro\/imoexpert\/wp-content\/uploads\/2015\/12\/Ezzo-eclectic-design-5-65x43.jpg 65w, https:\/\/www.imobiliare.ro\/imoexpert\/wp-content\/uploads\/2015\/12\/Ezzo-eclectic-design-5-154x103.jpg 154w\" sizes=\"auto, (max-width: 600px) 100vw, 600px\" \/><\/a><br \/>\n<a class=\"article-body-links\"href=\"https:\/\/www.imobiliare.ro\/imoexpert\/wp-content\/uploads\/2015\/12\/Ezzo-eclectic-design-9.jpg\"><img loading=\"lazy\" decoding=\"async\" class=\"aligncenter size-full wp-image-36797\" src=\"https:\/\/www.imobiliare.ro\/imoexpert\/wp-content\/uploads\/2015\/12\/Ezzo-eclectic-design-9.jpg\" alt=\"Ezzo eclectic design 9\" width=\"600\" height=\"337\" srcset=\"https:\/\/www.imobiliare.ro\/imoexpert\/wp-content\/uploads\/2015\/12\/Ezzo-eclectic-design-9.jpg 600w, https:\/\/www.imobiliare.ro\/imoexpert\/wp-content\/uploads\/2015\/12\/Ezzo-eclectic-design-9-300x169.jpg 300w\" sizes=\"auto, (max-width: 600px) 100vw, 600px\" \/><\/a><\/p>\n<blockquote><p>\u201eMajoritatea pieselor, chiar dac\u0103 au un corespondent pe pia\u0163\u0103, au fost modificate din punct de vedere al finisajelor sau chiar al propor\u0163iilor. Am s\u0103 fiu sincer: ne plac atelierele. Iubim mediul de lucru \u00abmurdar\u00bb. Poate pare nepractic \u015fi timp pierdut, dar am senza\u0163ia c\u0103 efortul meu, c\u00e2t de mic, va ajuta s\u0103 se dezvolte \u015fi pia\u0163a noastr\u0103. Dac\u0103 ar fi dup\u0103 mine, nu a\u015f cump\u0103ra nimic de afar\u0103, a\u015f executa totul aici la noi, cu rom\u00e2ni, dar sunt des prins \u00een imposibilitatea de a face anumite elemente \u015fi explica\u0163ia e simpl\u0103: lipsa tehnologiei, me\u015fte\u015fugul pierdut, tradi\u0163ia \u00eentrerupt\u0103 de revolu\u0163ia industrial\u0103.\u201d<\/p>\n<p><a class=\"article-body-links\"href=\"https:\/\/www.imobiliare.ro\/imoexpert\/wp-content\/uploads\/2015\/12\/Ezzo-eclectic-design-6.jpg\"><img loading=\"lazy\" decoding=\"async\" class=\"aligncenter size-full wp-image-36794\" src=\"https:\/\/www.imobiliare.ro\/imoexpert\/wp-content\/uploads\/2015\/12\/Ezzo-eclectic-design-6.jpg\" alt=\"Ezzo eclectic design 6\" width=\"600\" height=\"401\" srcset=\"https:\/\/www.imobiliare.ro\/imoexpert\/wp-content\/uploads\/2015\/12\/Ezzo-eclectic-design-6.jpg 600w, https:\/\/www.imobiliare.ro\/imoexpert\/wp-content\/uploads\/2015\/12\/Ezzo-eclectic-design-6-300x201.jpg 300w, https:\/\/www.imobiliare.ro\/imoexpert\/wp-content\/uploads\/2015\/12\/Ezzo-eclectic-design-6-87x57.jpg 87w, https:\/\/www.imobiliare.ro\/imoexpert\/wp-content\/uploads\/2015\/12\/Ezzo-eclectic-design-6-65x43.jpg 65w, https:\/\/www.imobiliare.ro\/imoexpert\/wp-content\/uploads\/2015\/12\/Ezzo-eclectic-design-6-154x103.jpg 154w\" sizes=\"auto, (max-width: 600px) 100vw, 600px\" \/><\/a><br \/>\n<a class=\"article-body-links\"href=\"https:\/\/www.imobiliare.ro\/imoexpert\/wp-content\/uploads\/2015\/12\/Ezzo-eclectic-design-7.jpg\"><img loading=\"lazy\" decoding=\"async\" class=\"aligncenter size-full wp-image-36795\" src=\"https:\/\/www.imobiliare.ro\/imoexpert\/wp-content\/uploads\/2015\/12\/Ezzo-eclectic-design-7.jpg\" alt=\"Ezzo eclectic design 7\" width=\"600\" height=\"397\" srcset=\"https:\/\/www.imobiliare.ro\/imoexpert\/wp-content\/uploads\/2015\/12\/Ezzo-eclectic-design-7.jpg 600w, https:\/\/www.imobiliare.ro\/imoexpert\/wp-content\/uploads\/2015\/12\/Ezzo-eclectic-design-7-300x199.jpg 300w, https:\/\/www.imobiliare.ro\/imoexpert\/wp-content\/uploads\/2015\/12\/Ezzo-eclectic-design-7-87x57.jpg 87w, https:\/\/www.imobiliare.ro\/imoexpert\/wp-content\/uploads\/2015\/12\/Ezzo-eclectic-design-7-65x43.jpg 65w, https:\/\/www.imobiliare.ro\/imoexpert\/wp-content\/uploads\/2015\/12\/Ezzo-eclectic-design-7-154x103.jpg 154w\" sizes=\"auto, (max-width: 600px) 100vw, 600px\" \/><\/a><br \/>\n<a class=\"article-body-links\"href=\"https:\/\/www.imobiliare.ro\/imoexpert\/wp-content\/uploads\/2015\/12\/Ezzo-eclectic-design-8.jpg\"><img loading=\"lazy\" decoding=\"async\" class=\"aligncenter size-full wp-image-36796\" src=\"https:\/\/www.imobiliare.ro\/imoexpert\/wp-content\/uploads\/2015\/12\/Ezzo-eclectic-design-8.jpg\" alt=\"Ezzo eclectic design 8\" width=\"600\" height=\"400\" srcset=\"https:\/\/www.imobiliare.ro\/imoexpert\/wp-content\/uploads\/2015\/12\/Ezzo-eclectic-design-8.jpg 600w, https:\/\/www.imobiliare.ro\/imoexpert\/wp-content\/uploads\/2015\/12\/Ezzo-eclectic-design-8-300x200.jpg 300w, https:\/\/www.imobiliare.ro\/imoexpert\/wp-content\/uploads\/2015\/12\/Ezzo-eclectic-design-8-87x57.jpg 87w, https:\/\/www.imobiliare.ro\/imoexpert\/wp-content\/uploads\/2015\/12\/Ezzo-eclectic-design-8-65x43.jpg 65w, https:\/\/www.imobiliare.ro\/imoexpert\/wp-content\/uploads\/2015\/12\/Ezzo-eclectic-design-8-154x103.jpg 154w\" sizes=\"auto, (max-width: 600px) 100vw, 600px\" \/><\/a><\/p>\n<p><em><strong>\u0218tefan Laz\u0103r, creative director Ezzo Design<\/strong><\/em><\/p><\/blockquote>\n<p><em><strong>Cite\u0219te \u0219i: <a class=\"article-body-links\"href=\"https:\/\/www.imobiliare.ro\/homedeco\/stilul-de-viata-new-yorkez-adaptat-pentru-romani-amenajarea-unui-apartament-de-50-de-metri-patrati_db\/\">Stilul de via\u021b\u0103 new-yorkez, adaptat pentru rom\u00e2ni: amenajarea unui apartament de 50 de metri p\u0103tra\u021bi<\/a><\/strong><\/em><\/p>\n","protected":false},"excerpt":{"rendered":"<p>Pentru amenajare au fost folosite preponderent produse personalizate, realizate pe comand\u0103. Prezentat \u00een cadrul edi\u021biei de anul acesta a concursului Elle Decoration Romanian Design Awards, apartamentul din imagini a c\u00e2\u0219tigat titlul de \u201eCea mai bun\u0103 amenajare a unei locuin\u021be private\u201d. La aceast\u0103 sec\u021biune au fost supuse voturilor din partea publicului un num\u0103r de 35 de [&hellip;]<\/p>\n","protected":false},"author":829,"featured_media":36789,"comment_status":"open","ping_status":"open","sticky":false,"template":"","format":"standard","meta":{"footnotes":""},"categories":[259],"tags":[1022,1410,1411],"content_author":[],"class_list":["post-36788","post","type-post","status-publish","format-standard","has-post-thumbnail","hentry","category-stiri","tag-homedeco","tag-newsletter","tag-principal"],"yoast_head":"<!-- This site is optimized with the Yoast SEO Premium plugin v27.0 (Yoast SEO v27.0) - https:\/\/yoast.com\/product\/yoast-seo-premium-wordpress\/ -->\n<title>Made in Timi\u0219oara: cum arat\u0103 cel mai apreciat design de locuin\u021b\u0103 \u00een 2015 - \u0218tiri - ImoExpert<\/title>\n<meta name=\"description\" content=\"Pentru amenajare au fost folosite preponderent produse personalizate, realizate pe comand\u0103. Prezentat \u00een cadrul edi\u021biei de anul acesta a concursului Elle\" \/>\n<meta name=\"robots\" content=\"index, follow\" \/>\n<link rel=\"canonical\" href=\"https:\/\/www.imobiliare.ro\/imoexpert\/made-in-timisoara-cum-arata-cel-mai-apreciat-design-de-locuinta-in-2015_db\/\" \/>\n<meta property=\"og:locale\" content=\"ro_RO\" \/>\n<meta property=\"og:type\" content=\"article\" \/>\n<meta property=\"og:title\" content=\"Made in Timi\u0219oara: cum arat\u0103 cel mai apreciat design de locuin\u021b\u0103 \u00een 2015\" \/>\n<meta property=\"og:description\" content=\"Pentru amenajare au fost folosite preponderent produse personalizate, realizate pe comand\u0103. Prezentat \u00een cadrul edi\u021biei de anul acesta a concursului Elle\" \/>\n<meta property=\"og:url\" content=\"https:\/\/www.imobiliare.ro\/imoexpert\/made-in-timisoara-cum-arata-cel-mai-apreciat-design-de-locuinta-in-2015_db\/\" \/>\n<meta property=\"og:site_name\" content=\"ImoExpert\" \/>\n<meta property=\"article:published_time\" content=\"2015-12-04T13:28:32+00:00\" \/>\n<meta property=\"og:image\" content=\"https:\/\/www.imobiliare.ro\/imoexpert\/wp-content\/uploads\/2015\/12\/Ezzo-eclectic-design-1.jpg\" \/>\n\t<meta property=\"og:image:width\" content=\"600\" \/>\n\t<meta property=\"og:image:height\" content=\"400\" \/>\n\t<meta property=\"og:image:type\" content=\"image\/jpeg\" \/>\n<meta name=\"author\" content=\"Adriana Dr\u0103gu\u0219in\" \/>\n<meta name=\"twitter:card\" content=\"summary_large_image\" \/>\n<meta name=\"twitter:label1\" content=\"Written by\" \/>\n\t<meta name=\"twitter:data1\" content=\"Adriana Dr\u0103gu\u0219in\" \/>\n\t<meta name=\"twitter:label2\" content=\"Est. reading time\" \/>\n\t<meta name=\"twitter:data2\" content=\"2 minute\" \/>\n<script type=\"application\/ld+json\" class=\"yoast-schema-graph\">{\"@context\":\"https:\/\/schema.org\",\"@graph\":[{\"@type\":\"Article\",\"@id\":\"https:\/\/www.imobiliare.ro\/imoexpert\/made-in-timisoara-cum-arata-cel-mai-apreciat-design-de-locuinta-in-2015_db\/#article\",\"isPartOf\":{\"@id\":\"https:\/\/www.imobiliare.ro\/imoexpert\/made-in-timisoara-cum-arata-cel-mai-apreciat-design-de-locuinta-in-2015_db\/\"},\"author\":{\"name\":\"Adriana Dr\u0103gu\u0219in\",\"@id\":\"https:\/\/www.imobiliare.ro\/imoexpert\/#\/schema\/person\/8c13b0297075010b896471fabf0d7790\"},\"headline\":\"Made in Timi\u0219oara: cum arat\u0103 cel mai apreciat design de locuin\u021b\u0103 \u00een 2015\",\"datePublished\":\"2015-12-04T13:28:32+00:00\",\"mainEntityOfPage\":{\"@id\":\"https:\/\/www.imobiliare.ro\/imoexpert\/made-in-timisoara-cum-arata-cel-mai-apreciat-design-de-locuinta-in-2015_db\/\"},\"wordCount\":383,\"commentCount\":6,\"publisher\":{\"@id\":\"https:\/\/www.imobiliare.ro\/imoexpert\/#organization\"},\"image\":{\"@id\":\"https:\/\/www.imobiliare.ro\/imoexpert\/made-in-timisoara-cum-arata-cel-mai-apreciat-design-de-locuinta-in-2015_db\/#primaryimage\"},\"thumbnailUrl\":\"https:\/\/www.imobiliare.ro\/imoexpert\/wp-content\/uploads\/2015\/12\/Ezzo-eclectic-design-1.jpg\",\"keywords\":[\"Home&amp;Deco\",\"newsletter\",\"principal\"],\"articleSection\":[\"\u0218tiri\"],\"inLanguage\":\"en\",\"potentialAction\":[{\"@type\":\"CommentAction\",\"name\":\"Comment\",\"target\":[\"https:\/\/www.imobiliare.ro\/imoexpert\/made-in-timisoara-cum-arata-cel-mai-apreciat-design-de-locuinta-in-2015_db\/#respond\"]}],\"copyrightYear\":\"2015\",\"copyrightHolder\":{\"@id\":\"https:\/\/www.imobiliare.ro\/imoexpert\/#organization\"}},{\"@type\":\"WebPage\",\"@id\":\"https:\/\/www.imobiliare.ro\/imoexpert\/made-in-timisoara-cum-arata-cel-mai-apreciat-design-de-locuinta-in-2015_db\/\",\"url\":\"https:\/\/www.imobiliare.ro\/imoexpert\/made-in-timisoara-cum-arata-cel-mai-apreciat-design-de-locuinta-in-2015_db\/\",\"name\":\"Made in Timi\u0219oara: cum arat\u0103 cel mai apreciat design de locuin\u021b\u0103 \u00een 2015 - \u0218tiri - ImoExpert\",\"isPartOf\":{\"@id\":\"https:\/\/www.imobiliare.ro\/imoexpert\/#website\"},\"primaryImageOfPage\":{\"@id\":\"https:\/\/www.imobiliare.ro\/imoexpert\/made-in-timisoara-cum-arata-cel-mai-apreciat-design-de-locuinta-in-2015_db\/#primaryimage\"},\"image\":{\"@id\":\"https:\/\/www.imobiliare.ro\/imoexpert\/made-in-timisoara-cum-arata-cel-mai-apreciat-design-de-locuinta-in-2015_db\/#primaryimage\"},\"thumbnailUrl\":\"https:\/\/www.imobiliare.ro\/imoexpert\/wp-content\/uploads\/2015\/12\/Ezzo-eclectic-design-1.jpg\",\"datePublished\":\"2015-12-04T13:28:32+00:00\",\"description\":\"Pentru amenajare au fost folosite preponderent produse personalizate, realizate pe comand\u0103. Prezentat \u00een cadrul edi\u021biei de anul acesta a concursului Elle\",\"breadcrumb\":{\"@id\":\"https:\/\/www.imobiliare.ro\/imoexpert\/made-in-timisoara-cum-arata-cel-mai-apreciat-design-de-locuinta-in-2015_db\/#breadcrumb\"},\"inLanguage\":\"en\",\"potentialAction\":[{\"@type\":\"ReadAction\",\"target\":[\"https:\/\/www.imobiliare.ro\/imoexpert\/made-in-timisoara-cum-arata-cel-mai-apreciat-design-de-locuinta-in-2015_db\/\"]}]},{\"@type\":\"ImageObject\",\"inLanguage\":\"en\",\"@id\":\"https:\/\/www.imobiliare.ro\/imoexpert\/made-in-timisoara-cum-arata-cel-mai-apreciat-design-de-locuinta-in-2015_db\/#primaryimage\",\"url\":\"https:\/\/www.imobiliare.ro\/imoexpert\/wp-content\/uploads\/2015\/12\/Ezzo-eclectic-design-1.jpg\",\"contentUrl\":\"https:\/\/www.imobiliare.ro\/imoexpert\/wp-content\/uploads\/2015\/12\/Ezzo-eclectic-design-1.jpg\",\"width\":600,\"height\":400},{\"@type\":\"BreadcrumbList\",\"@id\":\"https:\/\/www.imobiliare.ro\/imoexpert\/made-in-timisoara-cum-arata-cel-mai-apreciat-design-de-locuinta-in-2015_db\/#breadcrumb\",\"itemListElement\":[{\"@type\":\"ListItem\",\"position\":1,\"name\":\"Imoradar24\",\"item\":\"https:\/\/www.imoradar24.ro\"},{\"@type\":\"ListItem\",\"position\":2,\"name\":\"ImoExpert\",\"item\":\"https:\/\/www.imobiliare.ro\/imoexpert\/\"},{\"@type\":\"ListItem\",\"position\":3,\"name\":\"\u0218tiri\",\"item\":\"https:\/\/www.imobiliare.ro\/imoexpert\/stiri\/\"},{\"@type\":\"ListItem\",\"position\":4,\"name\":\"Made in Timi\u0219oara: cum arat\u0103 cel mai apreciat design de locuin\u021b\u0103 \u00een 2015\"}]},{\"@type\":\"WebSite\",\"@id\":\"https:\/\/www.imobiliare.ro\/imoexpert\/#website\",\"url\":\"https:\/\/www.imobiliare.ro\/imoexpert\/\",\"name\":\"ImoExpert\",\"description\":\"cele mai importante \u015ftiri din domeniul imobiliar\",\"publisher\":{\"@id\":\"https:\/\/www.imobiliare.ro\/imoexpert\/#organization\"},\"inLanguage\":\"en\"},{\"@type\":\"Organization\",\"@id\":\"https:\/\/www.imobiliare.ro\/imoexpert\/#organization\",\"name\":\"Imobiliare.ro\",\"alternateName\":\"Realmedia Network SA\",\"url\":\"https:\/\/www.imobiliare.ro\/imoexpert\/\",\"logo\":{\"@type\":\"ImageObject\",\"inLanguage\":\"en\",\"@id\":\"https:\/\/www.imobiliare.ro\/imoexpert\/#\/schema\/logo\/image\/\",\"url\":\"https:\/\/www.imobiliare.ro\/imoexpert\/wp-content\/uploads\/2025\/05\/imobiliare_logo.png\",\"contentUrl\":\"https:\/\/www.imobiliare.ro\/imoexpert\/wp-content\/uploads\/2025\/05\/imobiliare_logo.png\",\"width\":237,\"height\":29,\"caption\":\"Imobiliare.ro\"},\"image\":{\"@id\":\"https:\/\/www.imobiliare.ro\/imoexpert\/#\/schema\/logo\/image\/\"}},{\"@type\":\"Person\",\"@id\":\"https:\/\/www.imobiliare.ro\/imoexpert\/#\/schema\/person\/8c13b0297075010b896471fabf0d7790\",\"name\":\"Adriana Dr\u0103gu\u0219in\",\"image\":{\"@type\":\"ImageObject\",\"inLanguage\":\"en\",\"@id\":\"https:\/\/www.imobiliare.ro\/imoexpert\/#\/schema\/person\/image\/\",\"url\":\"https:\/\/secure.gravatar.com\/avatar\/ba4762f7517e50e679ed7f11207102d1150120f2f5800c0da98f8a15305bf514?s=96&d=mm&r=g\",\"contentUrl\":\"https:\/\/secure.gravatar.com\/avatar\/ba4762f7517e50e679ed7f11207102d1150120f2f5800c0da98f8a15305bf514?s=96&d=mm&r=g\",\"caption\":\"Adriana Dr\u0103gu\u0219in\"},\"jobTitle\":\"Editor\",\"url\":\"https:\/\/www.imobiliare.ro\/imoexpert\/author\/adriana-dragusin\/\"}]}<\/script>\n<!-- \/ Yoast SEO Premium plugin. -->","yoast_head_json":{"title":"Made in Timi\u0219oara: cum arat\u0103 cel mai apreciat design de locuin\u021b\u0103 \u00een 2015 - \u0218tiri - ImoExpert","description":"Pentru amenajare au fost folosite preponderent produse personalizate, realizate pe comand\u0103. Prezentat \u00een cadrul edi\u021biei de anul acesta a concursului Elle","robots":{"index":"index","follow":"follow"},"canonical":"https:\/\/www.imobiliare.ro\/imoexpert\/made-in-timisoara-cum-arata-cel-mai-apreciat-design-de-locuinta-in-2015_db\/","og_locale":"ro_RO","og_type":"article","og_title":"Made in Timi\u0219oara: cum arat\u0103 cel mai apreciat design de locuin\u021b\u0103 \u00een 2015","og_description":"Pentru amenajare au fost folosite preponderent produse personalizate, realizate pe comand\u0103. Prezentat \u00een cadrul edi\u021biei de anul acesta a concursului Elle","og_url":"https:\/\/www.imobiliare.ro\/imoexpert\/made-in-timisoara-cum-arata-cel-mai-apreciat-design-de-locuinta-in-2015_db\/","og_site_name":"ImoExpert","article_published_time":"2015-12-04T13:28:32+00:00","og_image":[{"width":600,"height":400,"url":"https:\/\/www.imobiliare.ro\/imoexpert\/wp-content\/uploads\/2015\/12\/Ezzo-eclectic-design-1.jpg","type":"image\/jpeg"}],"author":"Adriana Dr\u0103gu\u0219in","twitter_card":"summary_large_image","twitter_misc":{"Written by":"Adriana Dr\u0103gu\u0219in","Est. reading time":"2 minute"},"schema":{"@context":"https:\/\/schema.org","@graph":[{"@type":"Article","@id":"https:\/\/www.imobiliare.ro\/imoexpert\/made-in-timisoara-cum-arata-cel-mai-apreciat-design-de-locuinta-in-2015_db\/#article","isPartOf":{"@id":"https:\/\/www.imobiliare.ro\/imoexpert\/made-in-timisoara-cum-arata-cel-mai-apreciat-design-de-locuinta-in-2015_db\/"},"author":{"name":"Adriana Dr\u0103gu\u0219in","@id":"https:\/\/www.imobiliare.ro\/imoexpert\/#\/schema\/person\/8c13b0297075010b896471fabf0d7790"},"headline":"Made in Timi\u0219oara: cum arat\u0103 cel mai apreciat design de locuin\u021b\u0103 \u00een 2015","datePublished":"2015-12-04T13:28:32+00:00","mainEntityOfPage":{"@id":"https:\/\/www.imobiliare.ro\/imoexpert\/made-in-timisoara-cum-arata-cel-mai-apreciat-design-de-locuinta-in-2015_db\/"},"wordCount":383,"commentCount":6,"publisher":{"@id":"https:\/\/www.imobiliare.ro\/imoexpert\/#organization"},"image":{"@id":"https:\/\/www.imobiliare.ro\/imoexpert\/made-in-timisoara-cum-arata-cel-mai-apreciat-design-de-locuinta-in-2015_db\/#primaryimage"},"thumbnailUrl":"https:\/\/www.imobiliare.ro\/imoexpert\/wp-content\/uploads\/2015\/12\/Ezzo-eclectic-design-1.jpg","keywords":["Home&amp;Deco","newsletter","principal"],"articleSection":["\u0218tiri"],"inLanguage":"en","potentialAction":[{"@type":"CommentAction","name":"Comment","target":["https:\/\/www.imobiliare.ro\/imoexpert\/made-in-timisoara-cum-arata-cel-mai-apreciat-design-de-locuinta-in-2015_db\/#respond"]}],"copyrightYear":"2015","copyrightHolder":{"@id":"https:\/\/www.imobiliare.ro\/imoexpert\/#organization"}},{"@type":"WebPage","@id":"https:\/\/www.imobiliare.ro\/imoexpert\/made-in-timisoara-cum-arata-cel-mai-apreciat-design-de-locuinta-in-2015_db\/","url":"https:\/\/www.imobiliare.ro\/imoexpert\/made-in-timisoara-cum-arata-cel-mai-apreciat-design-de-locuinta-in-2015_db\/","name":"Made in Timi\u0219oara: cum arat\u0103 cel mai apreciat design de locuin\u021b\u0103 \u00een 2015 - \u0218tiri - ImoExpert","isPartOf":{"@id":"https:\/\/www.imobiliare.ro\/imoexpert\/#website"},"primaryImageOfPage":{"@id":"https:\/\/www.imobiliare.ro\/imoexpert\/made-in-timisoara-cum-arata-cel-mai-apreciat-design-de-locuinta-in-2015_db\/#primaryimage"},"image":{"@id":"https:\/\/www.imobiliare.ro\/imoexpert\/made-in-timisoara-cum-arata-cel-mai-apreciat-design-de-locuinta-in-2015_db\/#primaryimage"},"thumbnailUrl":"https:\/\/www.imobiliare.ro\/imoexpert\/wp-content\/uploads\/2015\/12\/Ezzo-eclectic-design-1.jpg","datePublished":"2015-12-04T13:28:32+00:00","description":"Pentru amenajare au fost folosite preponderent produse personalizate, realizate pe comand\u0103. Prezentat \u00een cadrul edi\u021biei de anul acesta a concursului Elle","breadcrumb":{"@id":"https:\/\/www.imobiliare.ro\/imoexpert\/made-in-timisoara-cum-arata-cel-mai-apreciat-design-de-locuinta-in-2015_db\/#breadcrumb"},"inLanguage":"en","potentialAction":[{"@type":"ReadAction","target":["https:\/\/www.imobiliare.ro\/imoexpert\/made-in-timisoara-cum-arata-cel-mai-apreciat-design-de-locuinta-in-2015_db\/"]}]},{"@type":"ImageObject","inLanguage":"en","@id":"https:\/\/www.imobiliare.ro\/imoexpert\/made-in-timisoara-cum-arata-cel-mai-apreciat-design-de-locuinta-in-2015_db\/#primaryimage","url":"https:\/\/www.imobiliare.ro\/imoexpert\/wp-content\/uploads\/2015\/12\/Ezzo-eclectic-design-1.jpg","contentUrl":"https:\/\/www.imobiliare.ro\/imoexpert\/wp-content\/uploads\/2015\/12\/Ezzo-eclectic-design-1.jpg","width":600,"height":400},{"@type":"BreadcrumbList","@id":"https:\/\/www.imobiliare.ro\/imoexpert\/made-in-timisoara-cum-arata-cel-mai-apreciat-design-de-locuinta-in-2015_db\/#breadcrumb","itemListElement":[{"@type":"ListItem","position":1,"name":"Imoradar24","item":"https:\/\/www.imoradar24.ro"},{"@type":"ListItem","position":2,"name":"ImoExpert","item":"https:\/\/www.imobiliare.ro\/imoexpert\/"},{"@type":"ListItem","position":3,"name":"\u0218tiri","item":"https:\/\/www.imobiliare.ro\/imoexpert\/stiri\/"},{"@type":"ListItem","position":4,"name":"Made in Timi\u0219oara: cum arat\u0103 cel mai apreciat design de locuin\u021b\u0103 \u00een 2015"}]},{"@type":"WebSite","@id":"https:\/\/www.imobiliare.ro\/imoexpert\/#website","url":"https:\/\/www.imobiliare.ro\/imoexpert\/","name":"ImoExpert","description":"cele mai importante \u015ftiri din domeniul imobiliar","publisher":{"@id":"https:\/\/www.imobiliare.ro\/imoexpert\/#organization"},"inLanguage":"en"},{"@type":"Organization","@id":"https:\/\/www.imobiliare.ro\/imoexpert\/#organization","name":"Imobiliare.ro","alternateName":"Realmedia Network SA","url":"https:\/\/www.imobiliare.ro\/imoexpert\/","logo":{"@type":"ImageObject","inLanguage":"en","@id":"https:\/\/www.imobiliare.ro\/imoexpert\/#\/schema\/logo\/image\/","url":"https:\/\/www.imobiliare.ro\/imoexpert\/wp-content\/uploads\/2025\/05\/imobiliare_logo.png","contentUrl":"https:\/\/www.imobiliare.ro\/imoexpert\/wp-content\/uploads\/2025\/05\/imobiliare_logo.png","width":237,"height":29,"caption":"Imobiliare.ro"},"image":{"@id":"https:\/\/www.imobiliare.ro\/imoexpert\/#\/schema\/logo\/image\/"}},{"@type":"Person","@id":"https:\/\/www.imobiliare.ro\/imoexpert\/#\/schema\/person\/8c13b0297075010b896471fabf0d7790","name":"Adriana Dr\u0103gu\u0219in","image":{"@type":"ImageObject","inLanguage":"en","@id":"https:\/\/www.imobiliare.ro\/imoexpert\/#\/schema\/person\/image\/","url":"https:\/\/secure.gravatar.com\/avatar\/ba4762f7517e50e679ed7f11207102d1150120f2f5800c0da98f8a15305bf514?s=96&d=mm&r=g","contentUrl":"https:\/\/secure.gravatar.com\/avatar\/ba4762f7517e50e679ed7f11207102d1150120f2f5800c0da98f8a15305bf514?s=96&d=mm&r=g","caption":"Adriana Dr\u0103gu\u0219in"},"jobTitle":"Editor","url":"https:\/\/www.imobiliare.ro\/imoexpert\/author\/adriana-dragusin\/"}]}},"_links":{"self":[{"href":"https:\/\/www.imobiliare.ro\/imoexpert\/wp-json\/wp\/v2\/posts\/36788","targetHints":{"allow":["GET"]}}],"collection":[{"href":"https:\/\/www.imobiliare.ro\/imoexpert\/wp-json\/wp\/v2\/posts"}],"about":[{"href":"https:\/\/www.imobiliare.ro\/imoexpert\/wp-json\/wp\/v2\/types\/post"}],"author":[{"embeddable":true,"href":"https:\/\/www.imobiliare.ro\/imoexpert\/wp-json\/wp\/v2\/users\/829"}],"replies":[{"embeddable":true,"href":"https:\/\/www.imobiliare.ro\/imoexpert\/wp-json\/wp\/v2\/comments?post=36788"}],"version-history":[{"count":0,"href":"https:\/\/www.imobiliare.ro\/imoexpert\/wp-json\/wp\/v2\/posts\/36788\/revisions"}],"wp:featuredmedia":[{"embeddable":true,"href":"https:\/\/www.imobiliare.ro\/imoexpert\/wp-json\/wp\/v2\/media\/36789"}],"wp:attachment":[{"href":"https:\/\/www.imobiliare.ro\/imoexpert\/wp-json\/wp\/v2\/media?parent=36788"}],"wp:term":[{"taxonomy":"category","embeddable":true,"href":"https:\/\/www.imobiliare.ro\/imoexpert\/wp-json\/wp\/v2\/categories?post=36788"},{"taxonomy":"post_tag","embeddable":true,"href":"https:\/\/www.imobiliare.ro\/imoexpert\/wp-json\/wp\/v2\/tags?post=36788"},{"taxonomy":"content_author","embeddable":true,"href":"https:\/\/www.imobiliare.ro\/imoexpert\/wp-json\/wp\/v2\/content_author?post=36788"}],"curies":[{"name":"wp","href":"https:\/\/api.w.org\/{rel}","templated":true}]}}