{"id":36928,"date":"2015-12-18T17:33:28","date_gmt":"2015-12-18T15:33:28","guid":{"rendered":"https:\/\/www.imobiliare.ro\/?p=36928"},"modified":"2015-12-18T17:33:28","modified_gmt":"2015-12-18T15:33:28","slug":"exemplu-de-resuscitare-a-vechilor-platforme-industriale-ansamblu-de-3-000-de-locuinte-verzi-in-locul-unei-fabrici-comuniste","status":"publish","type":"post","link":"https:\/\/www.imobiliare.ro\/imoexpert\/exemplu-de-resuscitare-a-vechilor-platforme-industriale-ansamblu-de-3-000-de-locuinte-verzi-in-locul-unei-fabrici-comuniste_db\/","title":{"rendered":"Exemplu de resuscitare a vechilor platforme industriale: ansamblu de 3.000 de locuin\u021be verzi \u00een locul unei fabrici comuniste!"},"content":{"rendered":"<p><strong>Dezvolt\u0103rile de amploare, chiar \u0219i pe segmentul reziden\u021bial, redevin atractive.<\/strong><\/p>\n<p>\u00cen frunte cu Bucure\u0219tiul, marile centre regionale ale \u021b\u0103rii se confrunt\u0103 cu un obstacol important \u00een calea dezvolt\u0103rii pie\u021bei reziden\u021biale: raritatea terenurilor de amploare pretabile pentru construc\u021bii. O solu\u021bie la aceast\u0103 problem\u0103, intuit\u0103 de dezvoltatorii imobiliari \u00eenc\u0103 din perioada de boom a pie\u021bei, dar trecut\u0103 \u00een a\u0219teptare din cauza crizei, ar fi valorificarea fostelor platforme industriale. Pe fondul evolu\u021biei pozitive a pie\u021bei, acest gen de terenuri \u00eencep s\u0103 reaprind\u0103 entuziasmul investitorilor.<\/p>\n<p><a class=\"article-body-links\"href=\"https:\/\/www.imobiliare.ro\/imoexpert\/wp-content\/uploads\/2015\/12\/Coresi-Brasov.jpg\"><img loading=\"lazy\" decoding=\"async\" src=\"https:\/\/www.imobiliare.ro\/imoexpert\/wp-content\/uploads\/2015\/12\/Coresi-Brasov.jpg\" alt=\"Coresi Brasov\" width=\"601\" height=\"300\" class=\"aligncenter size-full wp-image-36944\" srcset=\"https:\/\/www.imobiliare.ro\/imoexpert\/wp-content\/uploads\/2015\/12\/Coresi-Brasov.jpg 601w, https:\/\/www.imobiliare.ro\/imoexpert\/wp-content\/uploads\/2015\/12\/Coresi-Brasov-300x150.jpg 300w\" sizes=\"auto, (max-width: 601px) 100vw, 601px\" \/><\/a><\/p>\n<p>Immochan Rom\u00e2nia, sucursala local\u0103 de investi\u021bii imobilare a retailerului francez Auchan, a anun\u021bat \u00eencheierea unui parteneriat pentru construc\u021bia unei noi etape \u00een cadrul proiectului Coresi din Bra\u0219ov, amplasat pe fosta platform\u0103 a fabricii Tractorul Bra\u0219ov. Este vorba despre o zon\u0103 reziden\u021bial\u0103 cu un poten\u021bial de 3.000 de apartamente, ce va fi dezvoltat\u0103 printr-un joint-venture cu un juc\u0103tor consacrat pe pia\u021ba local\u0103: Avantgarden Immo Invest. Denumit Coresi Avantgarden <strong>(foto)<\/strong>, ansamblul reziden\u021bial se va desf\u0103\u0219ura pe 46 de hectare de teren, reprezent\u00e2nd circa 8% din suprafa\u021ba total\u0103 a ora\u0219ului de la poalele T\u00e2mpei. Potrivit dezvoltatorilor, proiectarea ansamblului va fi realizat\u0103 potrivit standardelor BREEAM de dezvoltare durabil\u0103 \u0219i protejare a mediului \u00eenconjur\u0103tor.<\/p>\n<p><em><strong>Cite\u0219te \u0219i: <a class=\"article-body-links\"href=\"https:\/\/www.imobiliare.ro\/prima-casa\/un-dezvoltator-de-hipermarketuri-vrea-sa-ridice-un-cartier-de-3-000-de-locuinte-pentru-prima-casa-vezi-unde_db\/\">Un dezvoltator de hipermarketuri vrea s\u0103 ridice un cartier de 3.000 de locuin\u021be pentru Prima Cas\u0103. Vezi unde<\/a><\/strong><\/em><\/p>\n<p><a class=\"article-body-links\"href=\"https:\/\/www.imobiliare.ro\/imoexpert\/wp-content\/uploads\/2015\/12\/Coresi-Brasov-1.jpg\"><img loading=\"lazy\" decoding=\"async\" src=\"https:\/\/www.imobiliare.ro\/imoexpert\/wp-content\/uploads\/2015\/12\/Coresi-Brasov-1.jpg\" alt=\"Coresi Brasov 1\" width=\"600\" height=\"450\" class=\"aligncenter size-full wp-image-36946\" srcset=\"https:\/\/www.imobiliare.ro\/imoexpert\/wp-content\/uploads\/2015\/12\/Coresi-Brasov-1.jpg 600w, https:\/\/www.imobiliare.ro\/imoexpert\/wp-content\/uploads\/2015\/12\/Coresi-Brasov-1-300x225.jpg 300w, https:\/\/www.imobiliare.ro\/imoexpert\/wp-content\/uploads\/2015\/12\/Coresi-Brasov-1-130x97.jpg 130w\" sizes=\"auto, (max-width: 600px) 100vw, 600px\" \/><\/a><\/p>\n<p>&nbsp;<\/p>\n<blockquote><p>\u201eNe-am dorit s\u0103 fim parteneri \u00een proiectul Coresi, care a devenit deja o referin\u021b\u0103 pentru ora\u0219 \u0219i pentru bra\u0219oveni. Acesta este unic at\u00e2t prin conceptul \u00een sine, c\u00e2t \u0219i prin arhitectur\u0103 \u0219i integrarea \u00een spa\u021biul urban. Ambi\u021bia noastr\u0103 este de a realiza proiectul dup\u0103 cele mai avansate norme tehnice \u0219i constructive din pia\u021b\u0103, aduc\u00e2nd \u00een parteneriat competen\u021bele acumulate \u00een peste zece ani de activitate.\u201d<\/p>\n<p><em><strong>Daniela Kasper, CEO Avantgarden Immo Invest<\/strong><\/em><\/p><\/blockquote>\n<p><strong>150 de locuin\u021be pentru anul viitor<\/strong><br \/>\n<a class=\"article-body-links\"href=\"https:\/\/www.imobiliare.ro\/ansambluri-rezidentiale\">Ansamblul reziden\u021bial<\/a> va fi compus din trei tipuri de locuin\u021be, respectiv studiouri, apartamente cu dou\u0103 \u0219i trei camere. Lucr\u0103rile de construc\u021bie la proiect vor fi demarate \u00een perioada martie-aprilie 2016, pentru primul an fiind programate spre livrare circa 150 de locuin\u021be. \u201e\u00cencep\u00e2nd cu cel de-al doilea an, ritmul anual se va dubla sau tripla, \u00een func\u021bie de capacitatea de absorb\u021bie a pie\u021bei\u201d, precizeaz\u0103 Tatian Diaconu, CEO Immochan Rom\u00e2nia. Complexul va beneficia de infrastructura rutier\u0103 dezvoltat\u0103 recent \u0219i va dispune de facilit\u0103\u021bi precum locuri de joac\u0103 pentru copii, parc\u0103ri, spa\u021bii comerciale \u0219i de utilitate public\u0103. Potrivit dezvoltatorilor, Coresi Avantgarden se adreseaz\u0103 at\u00e2t bra\u0219ovenilor, c\u00e2t \u0219i cump\u0103r\u0103torilor afla\u021bi \u00een c\u0103utarea unei locuin\u021be de vacan\u021b\u0103 sau investitorilor.<\/p>\n<p><a class=\"article-body-links\"href=\"https:\/\/www.imobiliare.ro\/imoexpert\/wp-content\/uploads\/2015\/12\/Coresi-Brasov-2.jpg\"><img loading=\"lazy\" decoding=\"async\" src=\"https:\/\/www.imobiliare.ro\/imoexpert\/wp-content\/uploads\/2015\/12\/Coresi-Brasov-2.jpg\" alt=\"Coresi Brasov 2\" width=\"600\" height=\"450\" class=\"aligncenter size-full wp-image-36945\" srcset=\"https:\/\/www.imobiliare.ro\/imoexpert\/wp-content\/uploads\/2015\/12\/Coresi-Brasov-2.jpg 600w, https:\/\/www.imobiliare.ro\/imoexpert\/wp-content\/uploads\/2015\/12\/Coresi-Brasov-2-300x225.jpg 300w, https:\/\/www.imobiliare.ro\/imoexpert\/wp-content\/uploads\/2015\/12\/Coresi-Brasov-2-130x97.jpg 130w\" sizes=\"auto, (max-width: 600px) 100vw, 600px\" \/><\/a><\/p>\n<p>Coresi Bra\u0219ov a fost conceput ca un ansamblu imobiliar mixt, menit s\u0103 cuprind\u0103 at\u00e2t o component\u0103 de retail (centrul comercial Coresi Shopping Resort, inaugurat \u00een luna martie a acestui an), c\u00e2t \u0219i una reziden\u021bial\u0103 \u0219i spa\u021bii de birouri. Terenul disponibil, \u00een suprafa\u021b\u0103 total\u0103 de 100 de hectare, a fost achizi\u021bionat de Immochan de la compania cu ac\u021bionariat britanic Flavus Investi\u021bii \u00een anul 2012. La acel moment, Tatian Diaconu sublinia inten\u021bia companiei de a construi locuin\u021be la pre\u021buri de Prima Cas\u0103.<\/p>\n<p><em><strong>Cite\u0219te \u0219i: <a class=\"article-body-links\"href=\"https:\/\/www.imobiliare.ro\/lifestyle\/proiectele-imobiliare-mixte-solutia-viitorului-casa-birou-si-magazine-intr-un-singur-loc_db\/\">Proiectele imobiliare mixte, solu\u021bia viitorului? Cas\u0103, birou \u0219i magazine \u00eentr-un singur loc!<\/a><\/strong><\/em><\/p>\n","protected":false},"excerpt":{"rendered":"<p>Dezvolt\u0103rile de amploare, chiar \u0219i pe segmentul reziden\u021bial, redevin atractive. \u00cen frunte cu Bucure\u0219tiul, marile centre regionale ale \u021b\u0103rii se confrunt\u0103 cu un obstacol important \u00een calea dezvolt\u0103rii pie\u021bei reziden\u021biale: raritatea terenurilor de amploare pretabile pentru construc\u021bii. O solu\u021bie la aceast\u0103 problem\u0103, intuit\u0103 de dezvoltatorii imobiliari \u00eenc\u0103 din perioada de boom a pie\u021bei, dar trecut\u0103 [&hellip;]<\/p>\n","protected":false},"author":829,"featured_media":36929,"comment_status":"open","ping_status":"open","sticky":false,"template":"","format":"standard","meta":{"footnotes":""},"categories":[259],"tags":[333,480,1410,1411],"content_author":[],"class_list":["post-36928","post","type-post","status-publish","format-standard","has-post-thumbnail","hentry","category-stiri","tag-ansambluri-rezidentiale","tag-cumparator","tag-newsletter","tag-principal"],"yoast_head":"<!-- This site is optimized with the Yoast SEO Premium plugin v27.0 (Yoast SEO v27.0) - https:\/\/yoast.com\/product\/yoast-seo-premium-wordpress\/ -->\n<title>Exemplu de resuscitare a vechilor platforme industriale: ansamblu de 3.000 de locuin\u021be verzi \u00een locul unei fabrici comuniste! - \u0218tiri - ImoExpert<\/title>\n<meta name=\"description\" content=\"Dezvolt\u0103rile de amploare, chiar \u0219i pe segmentul reziden\u021bial, redevin atractive. \u00cen frunte cu Bucure\u0219tiul, marile centre regionale ale \u021b\u0103rii se confrunt\u0103\" \/>\n<meta name=\"robots\" content=\"index, follow\" \/>\n<link rel=\"canonical\" href=\"https:\/\/www.imobiliare.ro\/imoexpert\/exemplu-de-resuscitare-a-vechilor-platforme-industriale-ansamblu-de-3-000-de-locuinte-verzi-in-locul-unei-fabrici-comuniste_db\/\" \/>\n<meta property=\"og:locale\" content=\"ro_RO\" \/>\n<meta property=\"og:type\" content=\"article\" \/>\n<meta property=\"og:title\" content=\"Exemplu de resuscitare a vechilor platforme industriale: ansamblu de 3.000 de locuin\u021be verzi \u00een locul unei fabrici comuniste!\" \/>\n<meta property=\"og:description\" content=\"Dezvolt\u0103rile de amploare, chiar \u0219i pe segmentul reziden\u021bial, redevin atractive. \u00cen frunte cu Bucure\u0219tiul, marile centre regionale ale \u021b\u0103rii se confrunt\u0103\" \/>\n<meta property=\"og:url\" content=\"https:\/\/www.imobiliare.ro\/imoexpert\/exemplu-de-resuscitare-a-vechilor-platforme-industriale-ansamblu-de-3-000-de-locuinte-verzi-in-locul-unei-fabrici-comuniste_db\/\" \/>\n<meta property=\"og:site_name\" content=\"ImoExpert\" \/>\n<meta property=\"article:published_time\" content=\"2015-12-18T15:33:28+00:00\" \/>\n<meta property=\"og:image\" content=\"https:\/\/www.imobiliare.ro\/imoexpert\/wp-content\/uploads\/2015\/12\/Coresi-Bra\u0219ov.jpg\" \/>\n\t<meta property=\"og:image:width\" content=\"601\" \/>\n\t<meta property=\"og:image:height\" content=\"300\" \/>\n\t<meta property=\"og:image:type\" content=\"image\/jpeg\" \/>\n<meta name=\"author\" content=\"Adriana Dr\u0103gu\u0219in\" \/>\n<meta name=\"twitter:card\" content=\"summary_large_image\" \/>\n<meta name=\"twitter:label1\" content=\"Written by\" \/>\n\t<meta name=\"twitter:data1\" content=\"Adriana Dr\u0103gu\u0219in\" \/>\n\t<meta name=\"twitter:label2\" content=\"Est. reading time\" \/>\n\t<meta name=\"twitter:data2\" content=\"3 minute\" \/>\n<script type=\"application\/ld+json\" class=\"yoast-schema-graph\">{\"@context\":\"https:\/\/schema.org\",\"@graph\":[{\"@type\":\"Article\",\"@id\":\"https:\/\/www.imobiliare.ro\/imoexpert\/exemplu-de-resuscitare-a-vechilor-platforme-industriale-ansamblu-de-3-000-de-locuinte-verzi-in-locul-unei-fabrici-comuniste_db\/#article\",\"isPartOf\":{\"@id\":\"https:\/\/www.imobiliare.ro\/imoexpert\/exemplu-de-resuscitare-a-vechilor-platforme-industriale-ansamblu-de-3-000-de-locuinte-verzi-in-locul-unei-fabrici-comuniste_db\/\"},\"author\":{\"name\":\"Adriana Dr\u0103gu\u0219in\",\"@id\":\"https:\/\/www.imobiliare.ro\/imoexpert\/#\/schema\/person\/8c13b0297075010b896471fabf0d7790\"},\"headline\":\"Exemplu de resuscitare a vechilor platforme industriale: ansamblu de 3.000 de locuin\u021be verzi \u00een locul unei fabrici comuniste!\",\"datePublished\":\"2015-12-18T15:33:28+00:00\",\"mainEntityOfPage\":{\"@id\":\"https:\/\/www.imobiliare.ro\/imoexpert\/exemplu-de-resuscitare-a-vechilor-platforme-industriale-ansamblu-de-3-000-de-locuinte-verzi-in-locul-unei-fabrici-comuniste_db\/\"},\"wordCount\":577,\"commentCount\":0,\"publisher\":{\"@id\":\"https:\/\/www.imobiliare.ro\/imoexpert\/#organization\"},\"image\":{\"@id\":\"https:\/\/www.imobiliare.ro\/imoexpert\/exemplu-de-resuscitare-a-vechilor-platforme-industriale-ansamblu-de-3-000-de-locuinte-verzi-in-locul-unei-fabrici-comuniste_db\/#primaryimage\"},\"thumbnailUrl\":\"https:\/\/www.imobiliare.ro\/imoexpert\/wp-content\/uploads\/2015\/12\/Coresi-Bra\u0219ov.jpg\",\"keywords\":[\"Ansambluri rezidentiale\",\"cumparator\",\"newsletter\",\"principal\"],\"articleSection\":[\"\u0218tiri\"],\"inLanguage\":\"en\",\"potentialAction\":[{\"@type\":\"CommentAction\",\"name\":\"Comment\",\"target\":[\"https:\/\/www.imobiliare.ro\/imoexpert\/exemplu-de-resuscitare-a-vechilor-platforme-industriale-ansamblu-de-3-000-de-locuinte-verzi-in-locul-unei-fabrici-comuniste_db\/#respond\"]}],\"copyrightYear\":\"2015\",\"copyrightHolder\":{\"@id\":\"https:\/\/www.imobiliare.ro\/imoexpert\/#organization\"}},{\"@type\":\"WebPage\",\"@id\":\"https:\/\/www.imobiliare.ro\/imoexpert\/exemplu-de-resuscitare-a-vechilor-platforme-industriale-ansamblu-de-3-000-de-locuinte-verzi-in-locul-unei-fabrici-comuniste_db\/\",\"url\":\"https:\/\/www.imobiliare.ro\/imoexpert\/exemplu-de-resuscitare-a-vechilor-platforme-industriale-ansamblu-de-3-000-de-locuinte-verzi-in-locul-unei-fabrici-comuniste_db\/\",\"name\":\"Exemplu de resuscitare a vechilor platforme industriale: ansamblu de 3.000 de locuin\u021be verzi \u00een locul unei fabrici comuniste! - \u0218tiri - ImoExpert\",\"isPartOf\":{\"@id\":\"https:\/\/www.imobiliare.ro\/imoexpert\/#website\"},\"primaryImageOfPage\":{\"@id\":\"https:\/\/www.imobiliare.ro\/imoexpert\/exemplu-de-resuscitare-a-vechilor-platforme-industriale-ansamblu-de-3-000-de-locuinte-verzi-in-locul-unei-fabrici-comuniste_db\/#primaryimage\"},\"image\":{\"@id\":\"https:\/\/www.imobiliare.ro\/imoexpert\/exemplu-de-resuscitare-a-vechilor-platforme-industriale-ansamblu-de-3-000-de-locuinte-verzi-in-locul-unei-fabrici-comuniste_db\/#primaryimage\"},\"thumbnailUrl\":\"https:\/\/www.imobiliare.ro\/imoexpert\/wp-content\/uploads\/2015\/12\/Coresi-Bra\u0219ov.jpg\",\"datePublished\":\"2015-12-18T15:33:28+00:00\",\"description\":\"Dezvolt\u0103rile de amploare, chiar \u0219i pe segmentul reziden\u021bial, redevin atractive. \u00cen frunte cu Bucure\u0219tiul, marile centre regionale ale \u021b\u0103rii se confrunt\u0103\",\"breadcrumb\":{\"@id\":\"https:\/\/www.imobiliare.ro\/imoexpert\/exemplu-de-resuscitare-a-vechilor-platforme-industriale-ansamblu-de-3-000-de-locuinte-verzi-in-locul-unei-fabrici-comuniste_db\/#breadcrumb\"},\"inLanguage\":\"en\",\"potentialAction\":[{\"@type\":\"ReadAction\",\"target\":[\"https:\/\/www.imobiliare.ro\/imoexpert\/exemplu-de-resuscitare-a-vechilor-platforme-industriale-ansamblu-de-3-000-de-locuinte-verzi-in-locul-unei-fabrici-comuniste_db\/\"]}]},{\"@type\":\"ImageObject\",\"inLanguage\":\"en\",\"@id\":\"https:\/\/www.imobiliare.ro\/imoexpert\/exemplu-de-resuscitare-a-vechilor-platforme-industriale-ansamblu-de-3-000-de-locuinte-verzi-in-locul-unei-fabrici-comuniste_db\/#primaryimage\",\"url\":\"https:\/\/www.imobiliare.ro\/imoexpert\/wp-content\/uploads\/2015\/12\/Coresi-Bra\u0219ov.jpg\",\"contentUrl\":\"https:\/\/www.imobiliare.ro\/imoexpert\/wp-content\/uploads\/2015\/12\/Coresi-Bra\u0219ov.jpg\",\"width\":601,\"height\":300},{\"@type\":\"BreadcrumbList\",\"@id\":\"https:\/\/www.imobiliare.ro\/imoexpert\/exemplu-de-resuscitare-a-vechilor-platforme-industriale-ansamblu-de-3-000-de-locuinte-verzi-in-locul-unei-fabrici-comuniste_db\/#breadcrumb\",\"itemListElement\":[{\"@type\":\"ListItem\",\"position\":1,\"name\":\"Imoradar24\",\"item\":\"https:\/\/www.imoradar24.ro\"},{\"@type\":\"ListItem\",\"position\":2,\"name\":\"ImoExpert\",\"item\":\"https:\/\/www.imobiliare.ro\/imoexpert\/\"},{\"@type\":\"ListItem\",\"position\":3,\"name\":\"\u0218tiri\",\"item\":\"https:\/\/www.imobiliare.ro\/imoexpert\/stiri\/\"},{\"@type\":\"ListItem\",\"position\":4,\"name\":\"Exemplu de resuscitare a vechilor platforme industriale: ansamblu de 3.000 de locuin\u021be verzi \u00een locul unei fabrici comuniste!\"}]},{\"@type\":\"WebSite\",\"@id\":\"https:\/\/www.imobiliare.ro\/imoexpert\/#website\",\"url\":\"https:\/\/www.imobiliare.ro\/imoexpert\/\",\"name\":\"ImoExpert\",\"description\":\"cele mai importante \u015ftiri din domeniul imobiliar\",\"publisher\":{\"@id\":\"https:\/\/www.imobiliare.ro\/imoexpert\/#organization\"},\"inLanguage\":\"en\"},{\"@type\":\"Organization\",\"@id\":\"https:\/\/www.imobiliare.ro\/imoexpert\/#organization\",\"name\":\"Imobiliare.ro\",\"alternateName\":\"Realmedia Network SA\",\"url\":\"https:\/\/www.imobiliare.ro\/imoexpert\/\",\"logo\":{\"@type\":\"ImageObject\",\"inLanguage\":\"en\",\"@id\":\"https:\/\/www.imobiliare.ro\/imoexpert\/#\/schema\/logo\/image\/\",\"url\":\"https:\/\/www.imobiliare.ro\/imoexpert\/wp-content\/uploads\/2025\/05\/imobiliare_logo.png\",\"contentUrl\":\"https:\/\/www.imobiliare.ro\/imoexpert\/wp-content\/uploads\/2025\/05\/imobiliare_logo.png\",\"width\":237,\"height\":29,\"caption\":\"Imobiliare.ro\"},\"image\":{\"@id\":\"https:\/\/www.imobiliare.ro\/imoexpert\/#\/schema\/logo\/image\/\"}},{\"@type\":\"Person\",\"@id\":\"https:\/\/www.imobiliare.ro\/imoexpert\/#\/schema\/person\/8c13b0297075010b896471fabf0d7790\",\"name\":\"Adriana Dr\u0103gu\u0219in\",\"image\":{\"@type\":\"ImageObject\",\"inLanguage\":\"en\",\"@id\":\"https:\/\/www.imobiliare.ro\/imoexpert\/#\/schema\/person\/image\/\",\"url\":\"https:\/\/secure.gravatar.com\/avatar\/ba4762f7517e50e679ed7f11207102d1150120f2f5800c0da98f8a15305bf514?s=96&d=mm&r=g\",\"contentUrl\":\"https:\/\/secure.gravatar.com\/avatar\/ba4762f7517e50e679ed7f11207102d1150120f2f5800c0da98f8a15305bf514?s=96&d=mm&r=g\",\"caption\":\"Adriana Dr\u0103gu\u0219in\"},\"jobTitle\":\"Editor\",\"url\":\"https:\/\/www.imobiliare.ro\/imoexpert\/author\/adriana-dragusin\/\"}]}<\/script>\n<!-- \/ Yoast SEO Premium plugin. -->","yoast_head_json":{"title":"Exemplu de resuscitare a vechilor platforme industriale: ansamblu de 3.000 de locuin\u021be verzi \u00een locul unei fabrici comuniste! - \u0218tiri - ImoExpert","description":"Dezvolt\u0103rile de amploare, chiar \u0219i pe segmentul reziden\u021bial, redevin atractive. \u00cen frunte cu Bucure\u0219tiul, marile centre regionale ale \u021b\u0103rii se confrunt\u0103","robots":{"index":"index","follow":"follow"},"canonical":"https:\/\/www.imobiliare.ro\/imoexpert\/exemplu-de-resuscitare-a-vechilor-platforme-industriale-ansamblu-de-3-000-de-locuinte-verzi-in-locul-unei-fabrici-comuniste_db\/","og_locale":"ro_RO","og_type":"article","og_title":"Exemplu de resuscitare a vechilor platforme industriale: ansamblu de 3.000 de locuin\u021be verzi \u00een locul unei fabrici comuniste!","og_description":"Dezvolt\u0103rile de amploare, chiar \u0219i pe segmentul reziden\u021bial, redevin atractive. \u00cen frunte cu Bucure\u0219tiul, marile centre regionale ale \u021b\u0103rii se confrunt\u0103","og_url":"https:\/\/www.imobiliare.ro\/imoexpert\/exemplu-de-resuscitare-a-vechilor-platforme-industriale-ansamblu-de-3-000-de-locuinte-verzi-in-locul-unei-fabrici-comuniste_db\/","og_site_name":"ImoExpert","article_published_time":"2015-12-18T15:33:28+00:00","og_image":[{"width":601,"height":300,"url":"https:\/\/www.imobiliare.ro\/imoexpert\/wp-content\/uploads\/2015\/12\/Coresi-Bra\u0219ov.jpg","type":"image\/jpeg"}],"author":"Adriana Dr\u0103gu\u0219in","twitter_card":"summary_large_image","twitter_misc":{"Written by":"Adriana Dr\u0103gu\u0219in","Est. reading time":"3 minute"},"schema":{"@context":"https:\/\/schema.org","@graph":[{"@type":"Article","@id":"https:\/\/www.imobiliare.ro\/imoexpert\/exemplu-de-resuscitare-a-vechilor-platforme-industriale-ansamblu-de-3-000-de-locuinte-verzi-in-locul-unei-fabrici-comuniste_db\/#article","isPartOf":{"@id":"https:\/\/www.imobiliare.ro\/imoexpert\/exemplu-de-resuscitare-a-vechilor-platforme-industriale-ansamblu-de-3-000-de-locuinte-verzi-in-locul-unei-fabrici-comuniste_db\/"},"author":{"name":"Adriana Dr\u0103gu\u0219in","@id":"https:\/\/www.imobiliare.ro\/imoexpert\/#\/schema\/person\/8c13b0297075010b896471fabf0d7790"},"headline":"Exemplu de resuscitare a vechilor platforme industriale: ansamblu de 3.000 de locuin\u021be verzi \u00een locul unei fabrici comuniste!","datePublished":"2015-12-18T15:33:28+00:00","mainEntityOfPage":{"@id":"https:\/\/www.imobiliare.ro\/imoexpert\/exemplu-de-resuscitare-a-vechilor-platforme-industriale-ansamblu-de-3-000-de-locuinte-verzi-in-locul-unei-fabrici-comuniste_db\/"},"wordCount":577,"commentCount":0,"publisher":{"@id":"https:\/\/www.imobiliare.ro\/imoexpert\/#organization"},"image":{"@id":"https:\/\/www.imobiliare.ro\/imoexpert\/exemplu-de-resuscitare-a-vechilor-platforme-industriale-ansamblu-de-3-000-de-locuinte-verzi-in-locul-unei-fabrici-comuniste_db\/#primaryimage"},"thumbnailUrl":"https:\/\/www.imobiliare.ro\/imoexpert\/wp-content\/uploads\/2015\/12\/Coresi-Bra\u0219ov.jpg","keywords":["Ansambluri rezidentiale","cumparator","newsletter","principal"],"articleSection":["\u0218tiri"],"inLanguage":"en","potentialAction":[{"@type":"CommentAction","name":"Comment","target":["https:\/\/www.imobiliare.ro\/imoexpert\/exemplu-de-resuscitare-a-vechilor-platforme-industriale-ansamblu-de-3-000-de-locuinte-verzi-in-locul-unei-fabrici-comuniste_db\/#respond"]}],"copyrightYear":"2015","copyrightHolder":{"@id":"https:\/\/www.imobiliare.ro\/imoexpert\/#organization"}},{"@type":"WebPage","@id":"https:\/\/www.imobiliare.ro\/imoexpert\/exemplu-de-resuscitare-a-vechilor-platforme-industriale-ansamblu-de-3-000-de-locuinte-verzi-in-locul-unei-fabrici-comuniste_db\/","url":"https:\/\/www.imobiliare.ro\/imoexpert\/exemplu-de-resuscitare-a-vechilor-platforme-industriale-ansamblu-de-3-000-de-locuinte-verzi-in-locul-unei-fabrici-comuniste_db\/","name":"Exemplu de resuscitare a vechilor platforme industriale: ansamblu de 3.000 de locuin\u021be verzi \u00een locul unei fabrici comuniste! - \u0218tiri - ImoExpert","isPartOf":{"@id":"https:\/\/www.imobiliare.ro\/imoexpert\/#website"},"primaryImageOfPage":{"@id":"https:\/\/www.imobiliare.ro\/imoexpert\/exemplu-de-resuscitare-a-vechilor-platforme-industriale-ansamblu-de-3-000-de-locuinte-verzi-in-locul-unei-fabrici-comuniste_db\/#primaryimage"},"image":{"@id":"https:\/\/www.imobiliare.ro\/imoexpert\/exemplu-de-resuscitare-a-vechilor-platforme-industriale-ansamblu-de-3-000-de-locuinte-verzi-in-locul-unei-fabrici-comuniste_db\/#primaryimage"},"thumbnailUrl":"https:\/\/www.imobiliare.ro\/imoexpert\/wp-content\/uploads\/2015\/12\/Coresi-Bra\u0219ov.jpg","datePublished":"2015-12-18T15:33:28+00:00","description":"Dezvolt\u0103rile de amploare, chiar \u0219i pe segmentul reziden\u021bial, redevin atractive. \u00cen frunte cu Bucure\u0219tiul, marile centre regionale ale \u021b\u0103rii se confrunt\u0103","breadcrumb":{"@id":"https:\/\/www.imobiliare.ro\/imoexpert\/exemplu-de-resuscitare-a-vechilor-platforme-industriale-ansamblu-de-3-000-de-locuinte-verzi-in-locul-unei-fabrici-comuniste_db\/#breadcrumb"},"inLanguage":"en","potentialAction":[{"@type":"ReadAction","target":["https:\/\/www.imobiliare.ro\/imoexpert\/exemplu-de-resuscitare-a-vechilor-platforme-industriale-ansamblu-de-3-000-de-locuinte-verzi-in-locul-unei-fabrici-comuniste_db\/"]}]},{"@type":"ImageObject","inLanguage":"en","@id":"https:\/\/www.imobiliare.ro\/imoexpert\/exemplu-de-resuscitare-a-vechilor-platforme-industriale-ansamblu-de-3-000-de-locuinte-verzi-in-locul-unei-fabrici-comuniste_db\/#primaryimage","url":"https:\/\/www.imobiliare.ro\/imoexpert\/wp-content\/uploads\/2015\/12\/Coresi-Bra\u0219ov.jpg","contentUrl":"https:\/\/www.imobiliare.ro\/imoexpert\/wp-content\/uploads\/2015\/12\/Coresi-Bra\u0219ov.jpg","width":601,"height":300},{"@type":"BreadcrumbList","@id":"https:\/\/www.imobiliare.ro\/imoexpert\/exemplu-de-resuscitare-a-vechilor-platforme-industriale-ansamblu-de-3-000-de-locuinte-verzi-in-locul-unei-fabrici-comuniste_db\/#breadcrumb","itemListElement":[{"@type":"ListItem","position":1,"name":"Imoradar24","item":"https:\/\/www.imoradar24.ro"},{"@type":"ListItem","position":2,"name":"ImoExpert","item":"https:\/\/www.imobiliare.ro\/imoexpert\/"},{"@type":"ListItem","position":3,"name":"\u0218tiri","item":"https:\/\/www.imobiliare.ro\/imoexpert\/stiri\/"},{"@type":"ListItem","position":4,"name":"Exemplu de resuscitare a vechilor platforme industriale: ansamblu de 3.000 de locuin\u021be verzi \u00een locul unei fabrici comuniste!"}]},{"@type":"WebSite","@id":"https:\/\/www.imobiliare.ro\/imoexpert\/#website","url":"https:\/\/www.imobiliare.ro\/imoexpert\/","name":"ImoExpert","description":"cele mai importante \u015ftiri din domeniul imobiliar","publisher":{"@id":"https:\/\/www.imobiliare.ro\/imoexpert\/#organization"},"inLanguage":"en"},{"@type":"Organization","@id":"https:\/\/www.imobiliare.ro\/imoexpert\/#organization","name":"Imobiliare.ro","alternateName":"Realmedia Network SA","url":"https:\/\/www.imobiliare.ro\/imoexpert\/","logo":{"@type":"ImageObject","inLanguage":"en","@id":"https:\/\/www.imobiliare.ro\/imoexpert\/#\/schema\/logo\/image\/","url":"https:\/\/www.imobiliare.ro\/imoexpert\/wp-content\/uploads\/2025\/05\/imobiliare_logo.png","contentUrl":"https:\/\/www.imobiliare.ro\/imoexpert\/wp-content\/uploads\/2025\/05\/imobiliare_logo.png","width":237,"height":29,"caption":"Imobiliare.ro"},"image":{"@id":"https:\/\/www.imobiliare.ro\/imoexpert\/#\/schema\/logo\/image\/"}},{"@type":"Person","@id":"https:\/\/www.imobiliare.ro\/imoexpert\/#\/schema\/person\/8c13b0297075010b896471fabf0d7790","name":"Adriana Dr\u0103gu\u0219in","image":{"@type":"ImageObject","inLanguage":"en","@id":"https:\/\/www.imobiliare.ro\/imoexpert\/#\/schema\/person\/image\/","url":"https:\/\/secure.gravatar.com\/avatar\/ba4762f7517e50e679ed7f11207102d1150120f2f5800c0da98f8a15305bf514?s=96&d=mm&r=g","contentUrl":"https:\/\/secure.gravatar.com\/avatar\/ba4762f7517e50e679ed7f11207102d1150120f2f5800c0da98f8a15305bf514?s=96&d=mm&r=g","caption":"Adriana Dr\u0103gu\u0219in"},"jobTitle":"Editor","url":"https:\/\/www.imobiliare.ro\/imoexpert\/author\/adriana-dragusin\/"}]}},"_links":{"self":[{"href":"https:\/\/www.imobiliare.ro\/imoexpert\/wp-json\/wp\/v2\/posts\/36928","targetHints":{"allow":["GET"]}}],"collection":[{"href":"https:\/\/www.imobiliare.ro\/imoexpert\/wp-json\/wp\/v2\/posts"}],"about":[{"href":"https:\/\/www.imobiliare.ro\/imoexpert\/wp-json\/wp\/v2\/types\/post"}],"author":[{"embeddable":true,"href":"https:\/\/www.imobiliare.ro\/imoexpert\/wp-json\/wp\/v2\/users\/829"}],"replies":[{"embeddable":true,"href":"https:\/\/www.imobiliare.ro\/imoexpert\/wp-json\/wp\/v2\/comments?post=36928"}],"version-history":[{"count":0,"href":"https:\/\/www.imobiliare.ro\/imoexpert\/wp-json\/wp\/v2\/posts\/36928\/revisions"}],"wp:featuredmedia":[{"embeddable":true,"href":"https:\/\/www.imobiliare.ro\/imoexpert\/wp-json\/wp\/v2\/media\/36929"}],"wp:attachment":[{"href":"https:\/\/www.imobiliare.ro\/imoexpert\/wp-json\/wp\/v2\/media?parent=36928"}],"wp:term":[{"taxonomy":"category","embeddable":true,"href":"https:\/\/www.imobiliare.ro\/imoexpert\/wp-json\/wp\/v2\/categories?post=36928"},{"taxonomy":"post_tag","embeddable":true,"href":"https:\/\/www.imobiliare.ro\/imoexpert\/wp-json\/wp\/v2\/tags?post=36928"},{"taxonomy":"content_author","embeddable":true,"href":"https:\/\/www.imobiliare.ro\/imoexpert\/wp-json\/wp\/v2\/content_author?post=36928"}],"curies":[{"name":"wp","href":"https:\/\/api.w.org\/{rel}","templated":true}]}}