{"id":36999,"date":"2016-01-11T08:22:17","date_gmt":"2016-01-11T06:22:17","guid":{"rendered":"https:\/\/www.imobiliare.ro\/?p=36999"},"modified":"2016-01-11T08:22:17","modified_gmt":"2016-01-11T06:22:17","slug":"ansamblul-eco-villas-facturi-la-incalzire-reduse-cu-90-datorita-energiei-geotermale","status":"publish","type":"post","link":"https:\/\/www.imobiliare.ro\/imoexpert\/ansamblul-eco-villas-facturi-la-incalzire-reduse-cu-90-datorita-energiei-geotermale_db\/","title":{"rendered":"Ansamblul EcoVillas: facturi la \u00eenc\u0103lzire reduse cu 90%, datorit\u0103 energiei geotermale!"},"content":{"rendered":"<p><strong>\u00centr-o lun\u0103 de iarn\u0103, valoarea costurilor de \u00eenc\u0103lzire ajunge la circa 13 euro.<\/strong> <\/p>\n<p>Anul 2020, punct de cotitur\u0103 pentru pia\u021ba construc\u021biilor, se apropie. Conform legisla\u0163iei europene, de atunci \u00eencolo va trebui ca toate casele noi s\u0103 se \u00eencadreze \u00een categoria \u201econstruc\u021biilor pasive\u201d &#8211; adic\u0103 s\u0103 aib\u0103 un consum foarte redus de energie, de maximum 15kWh\/mp\/an.<\/p>\n<p><a class=\"article-body-links\"href=\"https:\/\/www.imobiliare.ro\/imoexpert\/wp-content\/uploads\/2016\/01\/Eco-villas-4.jpg\"><img loading=\"lazy\" decoding=\"async\" src=\"https:\/\/www.imobiliare.ro\/imoexpert\/wp-content\/uploads\/2016\/01\/Eco-villas-4.jpg\" alt=\"Eco villas 4\" width=\"600\" height=\"375\" class=\"aligncenter size-full wp-image-37001\" srcset=\"https:\/\/www.imobiliare.ro\/imoexpert\/wp-content\/uploads\/2016\/01\/Eco-villas-4.jpg 600w, https:\/\/www.imobiliare.ro\/imoexpert\/wp-content\/uploads\/2016\/01\/Eco-villas-4-300x188.jpg 300w\" sizes=\"auto, (max-width: 600px) 100vw, 600px\" \/><\/a><\/p>\n<p>Unul dintre proiecte menite s\u0103 r\u0103spund\u0103 cerin\u021belor europene de protec\u021bie a mediului este <a class=\"article-body-links\"href=\"https:\/\/www.imobiliare.ro\/ansambluri-rezidentiale\/bucuresti\/ansamblul-residential-ecovillas-bucuresti-753\">ansamblul reziden\u021bial EcoVillas<\/a>, situat \u00een sud-vestul Capitalei, \u00een zona \u0218oseaua Alexandriei. Un concept de inspira\u021bie nordic\u0103, acesta folose\u0219te ca surs\u0103 de c\u0103ldur\u0103 energia geotermal\u0103, cu ajutorul pompelor de c\u0103ldur\u0103. \u201ePompele de c\u0103ldur\u0103 geotermale sunt relativ noi pe pia\u0163a din Rom\u00e2nia, \u00eens\u0103 foarte \u00eent\u00e2lnite \u00een \u0163\u0103rile scandinave, \u00een peste 90% din locuin\u0163e, \u0163\u0103ri ce pun foarte mult accent asupra protej\u0103rii mediului \u00eenconjur\u0103tor, folosind c\u00e2t mai multe surse de energie regenerabil\u0103\u201d, explic\u0103 dezvoltatorii. Datorit\u0103 acestei tehnologii, cheltuielile de \u00eentre\u021binere sunt cu 90% mai mici  comparativ cu o construc\u021bie tradi\u021bional\u0103, estimeaz\u0103 ace\u0219tia. Astfel, dac\u0103 factura la \u00eentre\u021binere ajunge la 130 de euro pe perioada iernii la o cas\u0103 standard, la o unitate din cadrul ansamblului EcoVillas va fi de 13 euro.<\/p>\n<p><a class=\"article-body-links\"href=\"https:\/\/www.imobiliare.ro\/imoexpert\/wp-content\/uploads\/2016\/01\/Eco-villas-3.jpg\"><img loading=\"lazy\" decoding=\"async\" src=\"https:\/\/www.imobiliare.ro\/imoexpert\/wp-content\/uploads\/2016\/01\/Eco-villas-3.jpg\" alt=\"Eco villas 3\" width=\"600\" height=\"375\" class=\"aligncenter size-full wp-image-37000\" srcset=\"https:\/\/www.imobiliare.ro\/imoexpert\/wp-content\/uploads\/2016\/01\/Eco-villas-3.jpg 600w, https:\/\/www.imobiliare.ro\/imoexpert\/wp-content\/uploads\/2016\/01\/Eco-villas-3-300x188.jpg 300w\" sizes=\"auto, (max-width: 600px) 100vw, 600px\" \/><\/a><\/p>\n<p>Complexul EcoVillas este format din 32 de case pasive, fiecare structurat\u0103 pe parter \u015fi etaj \u0219i format\u0103 din living, buc\u0103t\u0103rie \u015fi trei dormitoare, cu o suprafa\u0163\u0103 construit\u0103  total\u0103 de 128 de metri p\u0103tra\u021bi. Locuin\u021bele sunt prev\u0103zute cu teras\u0103 \u0219i loc de parcare \u00een proprietate, iar ansamblul dispune de facilit\u0103\u021bi precum loc de joac\u0103 pentru copii, locuri de parcare pentru vizitatori, sistem de monitorizare \u0219i supraveghere video, acces pe baz\u0103 de cartel\u0103\/telecomand\u0103 sau prin intermediul telefonului mobil. Pre\u021burile unit\u0103\u021bilor locative pornesc de la 79.900 de euro, plus TVA de 5%.<\/p>\n<p><a class=\"article-body-links\"href=\"https:\/\/www.imobiliare.ro\/imoexpert\/wp-content\/uploads\/2016\/01\/Eco-villas.jpg\"><img loading=\"lazy\" decoding=\"async\" src=\"https:\/\/www.imobiliare.ro\/imoexpert\/wp-content\/uploads\/2016\/01\/Eco-villas.jpg\" alt=\"Eco villas\" width=\"600\" height=\"375\" class=\"aligncenter size-full wp-image-37002\" srcset=\"https:\/\/www.imobiliare.ro\/imoexpert\/wp-content\/uploads\/2016\/01\/Eco-villas.jpg 600w, https:\/\/www.imobiliare.ro\/imoexpert\/wp-content\/uploads\/2016\/01\/Eco-villas-300x188.jpg 300w\" sizes=\"auto, (max-width: 600px) 100vw, 600px\" \/><\/a><\/p>\n<p>&nbsp;<\/p>\n<div class=\"entry-content-inline-styles\">\nFiecare cas\u0103 este dotat\u0103 cu dou\u0103 pu\u0163uri la o ad\u00e2ncime cumulat\u0103 de 140 metri, iar eficien\u021ba pompelor de c\u0103ldur\u0103 este de 5:1 \u2013 ceea ce \u00eenseamn\u0103 c\u0103 1 KW de energie electric\u0103 este folosit pentru producerea a 5KW de energie termic\u0103. Printre dot\u0103rile ce permit reducerea pierderilor de c\u0103ldur\u0103 se num\u0103r\u0103:<\/p>\n<p><strong>&#8211; Izola\u021bie exterioar\u0103 de polistiren expandat si ignifugat (24 de centimetri);<br \/>\n&#8211; Izola\u021bie acoperi\u0219 de vat\u0103 mineral\u0103 ignifugat\u0103 (30 de centimetri);<br \/>\n&#8211; Izola\u021bie pardoseal\u0103 la parter de polistiren (15 centimetri);<br \/>\n&#8211; Izola\u021bie termic\u0103 pentru u\u0219ile de la intrare;<br \/>\n&#8211; Aerisire continu\u0103 a casei prin sistem de ventilare, cu recuperare de c\u0103ldur\u0103;<br \/>\n&#8211; Ferestre cu geam tripan termoizolant cu \u0219ase camere, sistem Low-E \u0219i 4Seasons.<\/strong>\n<\/div>\n<p><a class=\"article-body-links\"href=\"https:\/\/www.imobiliare.ro\/imoexpert\/wp-content\/uploads\/2016\/01\/Eco-villas-2.jpg\"><img loading=\"lazy\" decoding=\"async\" src=\"https:\/\/www.imobiliare.ro\/imoexpert\/wp-content\/uploads\/2016\/01\/Eco-villas-2.jpg\" alt=\"Eco villas 2\" width=\"600\" height=\"375\" class=\"aligncenter size-full wp-image-37003\" srcset=\"https:\/\/www.imobiliare.ro\/imoexpert\/wp-content\/uploads\/2016\/01\/Eco-villas-2.jpg 600w, https:\/\/www.imobiliare.ro\/imoexpert\/wp-content\/uploads\/2016\/01\/Eco-villas-2-300x188.jpg 300w\" sizes=\"auto, (max-width: 600px) 100vw, 600px\" \/><\/a><\/p>\n","protected":false},"excerpt":{"rendered":"<p>\u00centr-o lun\u0103 de iarn\u0103, valoarea costurilor de \u00eenc\u0103lzire ajunge la circa 13 euro. Anul 2020, punct de cotitur\u0103 pentru pia\u021ba construc\u021biilor, se apropie. Conform legisla\u0163iei europene, de atunci \u00eencolo va trebui ca toate casele noi s\u0103 se \u00eencadreze \u00een categoria \u201econstruc\u021biilor pasive\u201d &#8211; adic\u0103 s\u0103 aib\u0103 un consum foarte redus de energie, de maximum 15kWh\/mp\/an. [&hellip;]<\/p>\n","protected":false},"author":829,"featured_media":37001,"comment_status":"open","ping_status":"open","sticky":false,"template":"","format":"standard","meta":{"footnotes":""},"categories":[259,2455],"tags":[1455,1410,1411],"content_author":[],"class_list":["post-36999","post","type-post","status-publish","format-standard","has-post-thumbnail","hentry","category-stiri","category-video","tag-lifestyle","tag-newsletter","tag-principal"],"yoast_head":"<!-- This site is optimized with the Yoast SEO Premium plugin v27.0 (Yoast SEO v27.0) - https:\/\/yoast.com\/product\/yoast-seo-premium-wordpress\/ -->\n<title>Ansamblul EcoVillas: facturi la \u00eenc\u0103lzire reduse cu 90%, datorit\u0103 energiei geotermale! - \u0218tiri, Video - ImoExpert<\/title>\n<meta name=\"description\" content=\"\u00centr-o lun\u0103 de iarn\u0103, valoarea costurilor de \u00eenc\u0103lzire ajunge la circa 13 euro. Anul 2020, punct de cotitur\u0103 pentru pia\u021ba construc\u021biilor, se apropie.\" \/>\n<meta name=\"robots\" content=\"index, follow\" \/>\n<link rel=\"canonical\" href=\"https:\/\/www.imobiliare.ro\/imoexpert\/ansamblul-eco-villas-facturi-la-incalzire-reduse-cu-90-datorita-energiei-geotermale_db\/\" \/>\n<meta property=\"og:locale\" content=\"ro_RO\" \/>\n<meta property=\"og:type\" content=\"article\" \/>\n<meta property=\"og:title\" content=\"Ansamblul EcoVillas: facturi la \u00eenc\u0103lzire reduse cu 90%, datorit\u0103 energiei geotermale!\" \/>\n<meta property=\"og:description\" content=\"\u00centr-o lun\u0103 de iarn\u0103, valoarea costurilor de \u00eenc\u0103lzire ajunge la circa 13 euro. Anul 2020, punct de cotitur\u0103 pentru pia\u021ba construc\u021biilor, se apropie.\" \/>\n<meta property=\"og:url\" content=\"https:\/\/www.imobiliare.ro\/imoexpert\/ansamblul-eco-villas-facturi-la-incalzire-reduse-cu-90-datorita-energiei-geotermale_db\/\" \/>\n<meta property=\"og:site_name\" content=\"ImoExpert\" \/>\n<meta property=\"article:published_time\" content=\"2016-01-11T06:22:17+00:00\" \/>\n<meta property=\"og:image\" content=\"https:\/\/www.imobiliare.ro\/imoexpert\/wp-content\/uploads\/2016\/01\/Eco-villas-4.jpg\" \/>\n\t<meta property=\"og:image:width\" content=\"600\" \/>\n\t<meta property=\"og:image:height\" content=\"375\" \/>\n\t<meta property=\"og:image:type\" content=\"image\/jpeg\" \/>\n<meta name=\"author\" content=\"Adriana Dr\u0103gu\u0219in\" \/>\n<meta name=\"twitter:card\" content=\"summary_large_image\" \/>\n<meta name=\"twitter:label1\" content=\"Written by\" \/>\n\t<meta name=\"twitter:data1\" content=\"Adriana Dr\u0103gu\u0219in\" \/>\n\t<meta name=\"twitter:label2\" content=\"Est. reading time\" \/>\n\t<meta name=\"twitter:data2\" content=\"2 minute\" \/>\n<script type=\"application\/ld+json\" class=\"yoast-schema-graph\">{\"@context\":\"https:\/\/schema.org\",\"@graph\":[{\"@type\":\"Article\",\"@id\":\"https:\/\/www.imobiliare.ro\/imoexpert\/ansamblul-eco-villas-facturi-la-incalzire-reduse-cu-90-datorita-energiei-geotermale_db\/#article\",\"isPartOf\":{\"@id\":\"https:\/\/www.imobiliare.ro\/imoexpert\/ansamblul-eco-villas-facturi-la-incalzire-reduse-cu-90-datorita-energiei-geotermale_db\/\"},\"author\":{\"name\":\"Adriana Dr\u0103gu\u0219in\",\"@id\":\"https:\/\/www.imobiliare.ro\/imoexpert\/#\/schema\/person\/8c13b0297075010b896471fabf0d7790\"},\"headline\":\"Ansamblul EcoVillas: facturi la \u00eenc\u0103lzire reduse cu 90%, datorit\u0103 energiei geotermale!\",\"datePublished\":\"2016-01-11T06:22:17+00:00\",\"mainEntityOfPage\":{\"@id\":\"https:\/\/www.imobiliare.ro\/imoexpert\/ansamblul-eco-villas-facturi-la-incalzire-reduse-cu-90-datorita-energiei-geotermale_db\/\"},\"wordCount\":436,\"commentCount\":4,\"publisher\":{\"@id\":\"https:\/\/www.imobiliare.ro\/imoexpert\/#organization\"},\"image\":{\"@id\":\"https:\/\/www.imobiliare.ro\/imoexpert\/ansamblul-eco-villas-facturi-la-incalzire-reduse-cu-90-datorita-energiei-geotermale_db\/#primaryimage\"},\"thumbnailUrl\":\"https:\/\/www.imobiliare.ro\/imoexpert\/wp-content\/uploads\/2016\/01\/Eco-villas-4.jpg\",\"keywords\":[\"Lifestyle\",\"newsletter\",\"principal\"],\"articleSection\":[\"\u0218tiri\",\"Video\"],\"inLanguage\":\"en\",\"potentialAction\":[{\"@type\":\"CommentAction\",\"name\":\"Comment\",\"target\":[\"https:\/\/www.imobiliare.ro\/imoexpert\/ansamblul-eco-villas-facturi-la-incalzire-reduse-cu-90-datorita-energiei-geotermale_db\/#respond\"]}],\"copyrightYear\":\"2016\",\"copyrightHolder\":{\"@id\":\"https:\/\/www.imobiliare.ro\/imoexpert\/#organization\"}},{\"@type\":\"WebPage\",\"@id\":\"https:\/\/www.imobiliare.ro\/imoexpert\/ansamblul-eco-villas-facturi-la-incalzire-reduse-cu-90-datorita-energiei-geotermale_db\/\",\"url\":\"https:\/\/www.imobiliare.ro\/imoexpert\/ansamblul-eco-villas-facturi-la-incalzire-reduse-cu-90-datorita-energiei-geotermale_db\/\",\"name\":\"Ansamblul EcoVillas: facturi la \u00eenc\u0103lzire reduse cu 90%, datorit\u0103 energiei geotermale! - \u0218tiri, Video - ImoExpert\",\"isPartOf\":{\"@id\":\"https:\/\/www.imobiliare.ro\/imoexpert\/#website\"},\"primaryImageOfPage\":{\"@id\":\"https:\/\/www.imobiliare.ro\/imoexpert\/ansamblul-eco-villas-facturi-la-incalzire-reduse-cu-90-datorita-energiei-geotermale_db\/#primaryimage\"},\"image\":{\"@id\":\"https:\/\/www.imobiliare.ro\/imoexpert\/ansamblul-eco-villas-facturi-la-incalzire-reduse-cu-90-datorita-energiei-geotermale_db\/#primaryimage\"},\"thumbnailUrl\":\"https:\/\/www.imobiliare.ro\/imoexpert\/wp-content\/uploads\/2016\/01\/Eco-villas-4.jpg\",\"datePublished\":\"2016-01-11T06:22:17+00:00\",\"description\":\"\u00centr-o lun\u0103 de iarn\u0103, valoarea costurilor de \u00eenc\u0103lzire ajunge la circa 13 euro. Anul 2020, punct de cotitur\u0103 pentru pia\u021ba construc\u021biilor, se apropie.\",\"breadcrumb\":{\"@id\":\"https:\/\/www.imobiliare.ro\/imoexpert\/ansamblul-eco-villas-facturi-la-incalzire-reduse-cu-90-datorita-energiei-geotermale_db\/#breadcrumb\"},\"inLanguage\":\"en\",\"potentialAction\":[{\"@type\":\"ReadAction\",\"target\":[\"https:\/\/www.imobiliare.ro\/imoexpert\/ansamblul-eco-villas-facturi-la-incalzire-reduse-cu-90-datorita-energiei-geotermale_db\/\"]}]},{\"@type\":\"ImageObject\",\"inLanguage\":\"en\",\"@id\":\"https:\/\/www.imobiliare.ro\/imoexpert\/ansamblul-eco-villas-facturi-la-incalzire-reduse-cu-90-datorita-energiei-geotermale_db\/#primaryimage\",\"url\":\"https:\/\/www.imobiliare.ro\/imoexpert\/wp-content\/uploads\/2016\/01\/Eco-villas-4.jpg\",\"contentUrl\":\"https:\/\/www.imobiliare.ro\/imoexpert\/wp-content\/uploads\/2016\/01\/Eco-villas-4.jpg\",\"width\":600,\"height\":375},{\"@type\":\"BreadcrumbList\",\"@id\":\"https:\/\/www.imobiliare.ro\/imoexpert\/ansamblul-eco-villas-facturi-la-incalzire-reduse-cu-90-datorita-energiei-geotermale_db\/#breadcrumb\",\"itemListElement\":[{\"@type\":\"ListItem\",\"position\":1,\"name\":\"Imoradar24\",\"item\":\"https:\/\/www.imoradar24.ro\"},{\"@type\":\"ListItem\",\"position\":2,\"name\":\"ImoExpert\",\"item\":\"https:\/\/www.imobiliare.ro\/imoexpert\/\"},{\"@type\":\"ListItem\",\"position\":3,\"name\":\"\u0218tiri\",\"item\":\"https:\/\/www.imobiliare.ro\/imoexpert\/stiri\/\"},{\"@type\":\"ListItem\",\"position\":4,\"name\":\"Ansamblul EcoVillas: facturi la \u00eenc\u0103lzire reduse cu 90%, datorit\u0103 energiei geotermale!\"}]},{\"@type\":\"WebSite\",\"@id\":\"https:\/\/www.imobiliare.ro\/imoexpert\/#website\",\"url\":\"https:\/\/www.imobiliare.ro\/imoexpert\/\",\"name\":\"ImoExpert\",\"description\":\"cele mai importante \u015ftiri din domeniul imobiliar\",\"publisher\":{\"@id\":\"https:\/\/www.imobiliare.ro\/imoexpert\/#organization\"},\"inLanguage\":\"en\"},{\"@type\":\"Organization\",\"@id\":\"https:\/\/www.imobiliare.ro\/imoexpert\/#organization\",\"name\":\"Imobiliare.ro\",\"alternateName\":\"Realmedia Network SA\",\"url\":\"https:\/\/www.imobiliare.ro\/imoexpert\/\",\"logo\":{\"@type\":\"ImageObject\",\"inLanguage\":\"en\",\"@id\":\"https:\/\/www.imobiliare.ro\/imoexpert\/#\/schema\/logo\/image\/\",\"url\":\"https:\/\/www.imobiliare.ro\/imoexpert\/wp-content\/uploads\/2025\/05\/imobiliare_logo.png\",\"contentUrl\":\"https:\/\/www.imobiliare.ro\/imoexpert\/wp-content\/uploads\/2025\/05\/imobiliare_logo.png\",\"width\":237,\"height\":29,\"caption\":\"Imobiliare.ro\"},\"image\":{\"@id\":\"https:\/\/www.imobiliare.ro\/imoexpert\/#\/schema\/logo\/image\/\"}},{\"@type\":\"Person\",\"@id\":\"https:\/\/www.imobiliare.ro\/imoexpert\/#\/schema\/person\/8c13b0297075010b896471fabf0d7790\",\"name\":\"Adriana Dr\u0103gu\u0219in\",\"image\":{\"@type\":\"ImageObject\",\"inLanguage\":\"en\",\"@id\":\"https:\/\/www.imobiliare.ro\/imoexpert\/#\/schema\/person\/image\/\",\"url\":\"https:\/\/secure.gravatar.com\/avatar\/ba4762f7517e50e679ed7f11207102d1150120f2f5800c0da98f8a15305bf514?s=96&d=mm&r=g\",\"contentUrl\":\"https:\/\/secure.gravatar.com\/avatar\/ba4762f7517e50e679ed7f11207102d1150120f2f5800c0da98f8a15305bf514?s=96&d=mm&r=g\",\"caption\":\"Adriana Dr\u0103gu\u0219in\"},\"jobTitle\":\"Editor\",\"url\":\"https:\/\/www.imobiliare.ro\/imoexpert\/author\/adriana-dragusin\/\"}]}<\/script>\n<!-- \/ Yoast SEO Premium plugin. -->","yoast_head_json":{"title":"Ansamblul EcoVillas: facturi la \u00eenc\u0103lzire reduse cu 90%, datorit\u0103 energiei geotermale! - \u0218tiri, Video - ImoExpert","description":"\u00centr-o lun\u0103 de iarn\u0103, valoarea costurilor de \u00eenc\u0103lzire ajunge la circa 13 euro. Anul 2020, punct de cotitur\u0103 pentru pia\u021ba construc\u021biilor, se apropie.","robots":{"index":"index","follow":"follow"},"canonical":"https:\/\/www.imobiliare.ro\/imoexpert\/ansamblul-eco-villas-facturi-la-incalzire-reduse-cu-90-datorita-energiei-geotermale_db\/","og_locale":"ro_RO","og_type":"article","og_title":"Ansamblul EcoVillas: facturi la \u00eenc\u0103lzire reduse cu 90%, datorit\u0103 energiei geotermale!","og_description":"\u00centr-o lun\u0103 de iarn\u0103, valoarea costurilor de \u00eenc\u0103lzire ajunge la circa 13 euro. Anul 2020, punct de cotitur\u0103 pentru pia\u021ba construc\u021biilor, se apropie.","og_url":"https:\/\/www.imobiliare.ro\/imoexpert\/ansamblul-eco-villas-facturi-la-incalzire-reduse-cu-90-datorita-energiei-geotermale_db\/","og_site_name":"ImoExpert","article_published_time":"2016-01-11T06:22:17+00:00","og_image":[{"width":600,"height":375,"url":"https:\/\/www.imobiliare.ro\/imoexpert\/wp-content\/uploads\/2016\/01\/Eco-villas-4.jpg","type":"image\/jpeg"}],"author":"Adriana Dr\u0103gu\u0219in","twitter_card":"summary_large_image","twitter_misc":{"Written by":"Adriana Dr\u0103gu\u0219in","Est. reading time":"2 minute"},"schema":{"@context":"https:\/\/schema.org","@graph":[{"@type":"Article","@id":"https:\/\/www.imobiliare.ro\/imoexpert\/ansamblul-eco-villas-facturi-la-incalzire-reduse-cu-90-datorita-energiei-geotermale_db\/#article","isPartOf":{"@id":"https:\/\/www.imobiliare.ro\/imoexpert\/ansamblul-eco-villas-facturi-la-incalzire-reduse-cu-90-datorita-energiei-geotermale_db\/"},"author":{"name":"Adriana Dr\u0103gu\u0219in","@id":"https:\/\/www.imobiliare.ro\/imoexpert\/#\/schema\/person\/8c13b0297075010b896471fabf0d7790"},"headline":"Ansamblul EcoVillas: facturi la \u00eenc\u0103lzire reduse cu 90%, datorit\u0103 energiei geotermale!","datePublished":"2016-01-11T06:22:17+00:00","mainEntityOfPage":{"@id":"https:\/\/www.imobiliare.ro\/imoexpert\/ansamblul-eco-villas-facturi-la-incalzire-reduse-cu-90-datorita-energiei-geotermale_db\/"},"wordCount":436,"commentCount":4,"publisher":{"@id":"https:\/\/www.imobiliare.ro\/imoexpert\/#organization"},"image":{"@id":"https:\/\/www.imobiliare.ro\/imoexpert\/ansamblul-eco-villas-facturi-la-incalzire-reduse-cu-90-datorita-energiei-geotermale_db\/#primaryimage"},"thumbnailUrl":"https:\/\/www.imobiliare.ro\/imoexpert\/wp-content\/uploads\/2016\/01\/Eco-villas-4.jpg","keywords":["Lifestyle","newsletter","principal"],"articleSection":["\u0218tiri","Video"],"inLanguage":"en","potentialAction":[{"@type":"CommentAction","name":"Comment","target":["https:\/\/www.imobiliare.ro\/imoexpert\/ansamblul-eco-villas-facturi-la-incalzire-reduse-cu-90-datorita-energiei-geotermale_db\/#respond"]}],"copyrightYear":"2016","copyrightHolder":{"@id":"https:\/\/www.imobiliare.ro\/imoexpert\/#organization"}},{"@type":"WebPage","@id":"https:\/\/www.imobiliare.ro\/imoexpert\/ansamblul-eco-villas-facturi-la-incalzire-reduse-cu-90-datorita-energiei-geotermale_db\/","url":"https:\/\/www.imobiliare.ro\/imoexpert\/ansamblul-eco-villas-facturi-la-incalzire-reduse-cu-90-datorita-energiei-geotermale_db\/","name":"Ansamblul EcoVillas: facturi la \u00eenc\u0103lzire reduse cu 90%, datorit\u0103 energiei geotermale! - \u0218tiri, Video - ImoExpert","isPartOf":{"@id":"https:\/\/www.imobiliare.ro\/imoexpert\/#website"},"primaryImageOfPage":{"@id":"https:\/\/www.imobiliare.ro\/imoexpert\/ansamblul-eco-villas-facturi-la-incalzire-reduse-cu-90-datorita-energiei-geotermale_db\/#primaryimage"},"image":{"@id":"https:\/\/www.imobiliare.ro\/imoexpert\/ansamblul-eco-villas-facturi-la-incalzire-reduse-cu-90-datorita-energiei-geotermale_db\/#primaryimage"},"thumbnailUrl":"https:\/\/www.imobiliare.ro\/imoexpert\/wp-content\/uploads\/2016\/01\/Eco-villas-4.jpg","datePublished":"2016-01-11T06:22:17+00:00","description":"\u00centr-o lun\u0103 de iarn\u0103, valoarea costurilor de \u00eenc\u0103lzire ajunge la circa 13 euro. Anul 2020, punct de cotitur\u0103 pentru pia\u021ba construc\u021biilor, se apropie.","breadcrumb":{"@id":"https:\/\/www.imobiliare.ro\/imoexpert\/ansamblul-eco-villas-facturi-la-incalzire-reduse-cu-90-datorita-energiei-geotermale_db\/#breadcrumb"},"inLanguage":"en","potentialAction":[{"@type":"ReadAction","target":["https:\/\/www.imobiliare.ro\/imoexpert\/ansamblul-eco-villas-facturi-la-incalzire-reduse-cu-90-datorita-energiei-geotermale_db\/"]}]},{"@type":"ImageObject","inLanguage":"en","@id":"https:\/\/www.imobiliare.ro\/imoexpert\/ansamblul-eco-villas-facturi-la-incalzire-reduse-cu-90-datorita-energiei-geotermale_db\/#primaryimage","url":"https:\/\/www.imobiliare.ro\/imoexpert\/wp-content\/uploads\/2016\/01\/Eco-villas-4.jpg","contentUrl":"https:\/\/www.imobiliare.ro\/imoexpert\/wp-content\/uploads\/2016\/01\/Eco-villas-4.jpg","width":600,"height":375},{"@type":"BreadcrumbList","@id":"https:\/\/www.imobiliare.ro\/imoexpert\/ansamblul-eco-villas-facturi-la-incalzire-reduse-cu-90-datorita-energiei-geotermale_db\/#breadcrumb","itemListElement":[{"@type":"ListItem","position":1,"name":"Imoradar24","item":"https:\/\/www.imoradar24.ro"},{"@type":"ListItem","position":2,"name":"ImoExpert","item":"https:\/\/www.imobiliare.ro\/imoexpert\/"},{"@type":"ListItem","position":3,"name":"\u0218tiri","item":"https:\/\/www.imobiliare.ro\/imoexpert\/stiri\/"},{"@type":"ListItem","position":4,"name":"Ansamblul EcoVillas: facturi la \u00eenc\u0103lzire reduse cu 90%, datorit\u0103 energiei geotermale!"}]},{"@type":"WebSite","@id":"https:\/\/www.imobiliare.ro\/imoexpert\/#website","url":"https:\/\/www.imobiliare.ro\/imoexpert\/","name":"ImoExpert","description":"cele mai importante \u015ftiri din domeniul imobiliar","publisher":{"@id":"https:\/\/www.imobiliare.ro\/imoexpert\/#organization"},"inLanguage":"en"},{"@type":"Organization","@id":"https:\/\/www.imobiliare.ro\/imoexpert\/#organization","name":"Imobiliare.ro","alternateName":"Realmedia Network SA","url":"https:\/\/www.imobiliare.ro\/imoexpert\/","logo":{"@type":"ImageObject","inLanguage":"en","@id":"https:\/\/www.imobiliare.ro\/imoexpert\/#\/schema\/logo\/image\/","url":"https:\/\/www.imobiliare.ro\/imoexpert\/wp-content\/uploads\/2025\/05\/imobiliare_logo.png","contentUrl":"https:\/\/www.imobiliare.ro\/imoexpert\/wp-content\/uploads\/2025\/05\/imobiliare_logo.png","width":237,"height":29,"caption":"Imobiliare.ro"},"image":{"@id":"https:\/\/www.imobiliare.ro\/imoexpert\/#\/schema\/logo\/image\/"}},{"@type":"Person","@id":"https:\/\/www.imobiliare.ro\/imoexpert\/#\/schema\/person\/8c13b0297075010b896471fabf0d7790","name":"Adriana Dr\u0103gu\u0219in","image":{"@type":"ImageObject","inLanguage":"en","@id":"https:\/\/www.imobiliare.ro\/imoexpert\/#\/schema\/person\/image\/","url":"https:\/\/secure.gravatar.com\/avatar\/ba4762f7517e50e679ed7f11207102d1150120f2f5800c0da98f8a15305bf514?s=96&d=mm&r=g","contentUrl":"https:\/\/secure.gravatar.com\/avatar\/ba4762f7517e50e679ed7f11207102d1150120f2f5800c0da98f8a15305bf514?s=96&d=mm&r=g","caption":"Adriana Dr\u0103gu\u0219in"},"jobTitle":"Editor","url":"https:\/\/www.imobiliare.ro\/imoexpert\/author\/adriana-dragusin\/"}]}},"_links":{"self":[{"href":"https:\/\/www.imobiliare.ro\/imoexpert\/wp-json\/wp\/v2\/posts\/36999","targetHints":{"allow":["GET"]}}],"collection":[{"href":"https:\/\/www.imobiliare.ro\/imoexpert\/wp-json\/wp\/v2\/posts"}],"about":[{"href":"https:\/\/www.imobiliare.ro\/imoexpert\/wp-json\/wp\/v2\/types\/post"}],"author":[{"embeddable":true,"href":"https:\/\/www.imobiliare.ro\/imoexpert\/wp-json\/wp\/v2\/users\/829"}],"replies":[{"embeddable":true,"href":"https:\/\/www.imobiliare.ro\/imoexpert\/wp-json\/wp\/v2\/comments?post=36999"}],"version-history":[{"count":0,"href":"https:\/\/www.imobiliare.ro\/imoexpert\/wp-json\/wp\/v2\/posts\/36999\/revisions"}],"wp:featuredmedia":[{"embeddable":true,"href":"https:\/\/www.imobiliare.ro\/imoexpert\/wp-json\/wp\/v2\/media\/37001"}],"wp:attachment":[{"href":"https:\/\/www.imobiliare.ro\/imoexpert\/wp-json\/wp\/v2\/media?parent=36999"}],"wp:term":[{"taxonomy":"category","embeddable":true,"href":"https:\/\/www.imobiliare.ro\/imoexpert\/wp-json\/wp\/v2\/categories?post=36999"},{"taxonomy":"post_tag","embeddable":true,"href":"https:\/\/www.imobiliare.ro\/imoexpert\/wp-json\/wp\/v2\/tags?post=36999"},{"taxonomy":"content_author","embeddable":true,"href":"https:\/\/www.imobiliare.ro\/imoexpert\/wp-json\/wp\/v2\/content_author?post=36999"}],"curies":[{"name":"wp","href":"https:\/\/api.w.org\/{rel}","templated":true}]}}