{"id":37103,"date":"2016-02-01T09:27:54","date_gmt":"2016-02-01T07:27:54","guid":{"rendered":"https:\/\/www.imobiliare.ro\/?p=37103"},"modified":"2016-02-01T09:27:54","modified_gmt":"2016-02-01T07:27:54","slug":"amenajare-moderna-cu-accente-retro-pentru-o-familie-din-bucuresti","status":"publish","type":"post","link":"https:\/\/www.imobiliare.ro\/imoexpert\/amenajare-moderna-cu-accente-retro-pentru-o-familie-din-bucuresti_db\/","title":{"rendered":"Amenajare modern\u0103, cu accente retro, pentru o familie din Bucure\u0219ti"},"content":{"rendered":"<p><strong>\u0218i o suprafa\u021b\u0103 locativ\u0103 generoas\u0103 poate p\u0103rea insuficient\u0103 f\u0103r\u0103 un concept de design corespunz\u0103tor.<\/strong><\/p>\n<p>Un decor \u00een stil contemporan va pune accentul pe confort \u0219i func\u021bionalitate, f\u0103r\u0103 a face \u00eens\u0103 abstrac\u021bie de criteriul estetic. Un exemplu reu\u0219it de armonizare a celor dou\u0103 direc\u021bii este dat de apartamentul din imagini, a c\u0103rui amenajare a fost realizat\u0103 de biroul autohton <a class=\"article-body-links\"href=\"http:\/\/www.studioinsign.ro\/\">Studio Insign<\/a>:<\/p>\n<p><a class=\"article-body-links\"href=\"https:\/\/www.imobiliare.ro\/imoexpert\/wp-content\/uploads\/2016\/02\/ap-Pipera-Studio-Insign-1.jpg\"><img loading=\"lazy\" decoding=\"async\" class=\"aligncenter size-full wp-image-37104\" src=\"https:\/\/www.imobiliare.ro\/imoexpert\/wp-content\/uploads\/2016\/02\/ap-Pipera-Studio-Insign-1.jpg\" alt=\"ap Pipera Studio Insign 1\" width=\"600\" height=\"385\" srcset=\"https:\/\/www.imobiliare.ro\/imoexpert\/wp-content\/uploads\/2016\/02\/ap-Pipera-Studio-Insign-1.jpg 600w, https:\/\/www.imobiliare.ro\/imoexpert\/wp-content\/uploads\/2016\/02\/ap-Pipera-Studio-Insign-1-300x193.jpg 300w, https:\/\/www.imobiliare.ro\/imoexpert\/wp-content\/uploads\/2016\/02\/ap-Pipera-Studio-Insign-1-87x57.jpg 87w, https:\/\/www.imobiliare.ro\/imoexpert\/wp-content\/uploads\/2016\/02\/ap-Pipera-Studio-Insign-1-65x43.jpg 65w\" sizes=\"auto, (max-width: 600px) 100vw, 600px\" \/><\/a><\/p>\n<p>Parte din complexul reziden\u021bial Ibiza Sol, din zona Pipera (Bucure\u0219ti), locuin\u021ba are o suprafa\u021b\u0103 de 120 de metri p\u0103tra\u021bi \u0219i este compus\u0103 din living, zon\u0103 de luat masa \u0219i trei dormitoare (dou\u0103 pentru pentru copii \u0219i unul matrimonial). Potrivit autorilor proiectului, toate piesele folosite sunt furnizate exclusiv de Galeriile Noblesse.<\/p>\n<p><a class=\"article-body-links\"href=\"https:\/\/www.imobiliare.ro\/imoexpert\/wp-content\/uploads\/2016\/02\/ap-Pipera-Studio-Insign-2.jpg\"><img loading=\"lazy\" decoding=\"async\" class=\"aligncenter size-full wp-image-37105\" src=\"https:\/\/www.imobiliare.ro\/imoexpert\/wp-content\/uploads\/2016\/02\/ap-Pipera-Studio-Insign-2.jpg\" alt=\"ap Pipera Studio Insign 2\" width=\"600\" height=\"400\" srcset=\"https:\/\/www.imobiliare.ro\/imoexpert\/wp-content\/uploads\/2016\/02\/ap-Pipera-Studio-Insign-2.jpg 600w, https:\/\/www.imobiliare.ro\/imoexpert\/wp-content\/uploads\/2016\/02\/ap-Pipera-Studio-Insign-2-300x200.jpg 300w, https:\/\/www.imobiliare.ro\/imoexpert\/wp-content\/uploads\/2016\/02\/ap-Pipera-Studio-Insign-2-87x57.jpg 87w, https:\/\/www.imobiliare.ro\/imoexpert\/wp-content\/uploads\/2016\/02\/ap-Pipera-Studio-Insign-2-65x43.jpg 65w, https:\/\/www.imobiliare.ro\/imoexpert\/wp-content\/uploads\/2016\/02\/ap-Pipera-Studio-Insign-2-154x103.jpg 154w\" sizes=\"auto, (max-width: 600px) 100vw, 600px\" \/><\/a><br \/>\n<a class=\"article-body-links\"href=\"https:\/\/www.imobiliare.ro\/imoexpert\/wp-content\/uploads\/2016\/02\/ap-Pipera-Studio-Insign-3.jpg\"><img loading=\"lazy\" decoding=\"async\" class=\"aligncenter size-full wp-image-37106\" src=\"https:\/\/www.imobiliare.ro\/imoexpert\/wp-content\/uploads\/2016\/02\/ap-Pipera-Studio-Insign-3.jpg\" alt=\"ap Pipera Studio Insign 3\" width=\"600\" height=\"396\" srcset=\"https:\/\/www.imobiliare.ro\/imoexpert\/wp-content\/uploads\/2016\/02\/ap-Pipera-Studio-Insign-3.jpg 600w, https:\/\/www.imobiliare.ro\/imoexpert\/wp-content\/uploads\/2016\/02\/ap-Pipera-Studio-Insign-3-300x198.jpg 300w, https:\/\/www.imobiliare.ro\/imoexpert\/wp-content\/uploads\/2016\/02\/ap-Pipera-Studio-Insign-3-87x57.jpg 87w, https:\/\/www.imobiliare.ro\/imoexpert\/wp-content\/uploads\/2016\/02\/ap-Pipera-Studio-Insign-3-65x43.jpg 65w, https:\/\/www.imobiliare.ro\/imoexpert\/wp-content\/uploads\/2016\/02\/ap-Pipera-Studio-Insign-3-154x103.jpg 154w\" sizes=\"auto, (max-width: 600px) 100vw, 600px\" \/><\/a><\/p>\n<p>Rezultatul amenaj\u0103rii este un decor modern, confortabil \u0219i func\u021bional, ce r\u0103spunde perfect nevoilor unei familii tinere. \u201e\u00centregul apartament eman\u0103 c\u0103ldur\u0103 \u015fi un aer primitor, fiind, \u00een acela\u015fi timp, original. Culorile sunt importante \u015fi tocmai de aceea ne-am permis s\u0103 ne juc\u0103m cu tonurile \u015fi nuan\u0163ele pentru a ob\u0163ine un ambient cu o atmosfer\u0103 cald\u0103. Livingul \u015fi diningul cuprinde o combina\u0163ie de ro\u015fu, alb, negru \u015fi cu gri, perfect pentru zona de zi. Pe l\u00e2ng\u0103 combina\u0163ia cromatic\u0103, ne-am axat pe mixul pieselor de mobilier \u00een stil contemporan cu u\u015foare accente retro\u201d, explic\u0103 reprezentan\u021bii Studio Insign. Pentru dormitorul matrimonial, ace\u0219tia au optat pentru combina\u021bia dintre lemn \u0219i verde crud, iar pentru camerele copiilor albastrul este folosit ca accent de culoare predominant.<\/p>\n<p><a class=\"article-body-links\"href=\"https:\/\/www.imobiliare.ro\/imoexpert\/wp-content\/uploads\/2016\/02\/ap-Pipera-Studio-Insign-4.jpg\"><img loading=\"lazy\" decoding=\"async\" src=\"https:\/\/www.imobiliare.ro\/imoexpert\/wp-content\/uploads\/2016\/02\/ap-Pipera-Studio-Insign-4.jpg\" alt=\"ap Pipera Studio Insign 4\" width=\"600\" height=\"392\" class=\"aligncenter size-full wp-image-37107\" srcset=\"https:\/\/www.imobiliare.ro\/imoexpert\/wp-content\/uploads\/2016\/02\/ap-Pipera-Studio-Insign-4.jpg 600w, https:\/\/www.imobiliare.ro\/imoexpert\/wp-content\/uploads\/2016\/02\/ap-Pipera-Studio-Insign-4-300x196.jpg 300w, https:\/\/www.imobiliare.ro\/imoexpert\/wp-content\/uploads\/2016\/02\/ap-Pipera-Studio-Insign-4-87x57.jpg 87w, https:\/\/www.imobiliare.ro\/imoexpert\/wp-content\/uploads\/2016\/02\/ap-Pipera-Studio-Insign-4-65x43.jpg 65w\" sizes=\"auto, (max-width: 600px) 100vw, 600px\" \/><\/a><br \/>\n<a class=\"article-body-links\"href=\"https:\/\/www.imobiliare.ro\/imoexpert\/wp-content\/uploads\/2016\/02\/ap-Pipera-Studio-Insign-5.jpg\"><img loading=\"lazy\" decoding=\"async\" src=\"https:\/\/www.imobiliare.ro\/imoexpert\/wp-content\/uploads\/2016\/02\/ap-Pipera-Studio-Insign-5.jpg\" alt=\"ap Pipera Studio Insign 5\" width=\"600\" height=\"400\" class=\"aligncenter size-full wp-image-37108\" srcset=\"https:\/\/www.imobiliare.ro\/imoexpert\/wp-content\/uploads\/2016\/02\/ap-Pipera-Studio-Insign-5.jpg 600w, https:\/\/www.imobiliare.ro\/imoexpert\/wp-content\/uploads\/2016\/02\/ap-Pipera-Studio-Insign-5-300x200.jpg 300w, https:\/\/www.imobiliare.ro\/imoexpert\/wp-content\/uploads\/2016\/02\/ap-Pipera-Studio-Insign-5-87x57.jpg 87w, https:\/\/www.imobiliare.ro\/imoexpert\/wp-content\/uploads\/2016\/02\/ap-Pipera-Studio-Insign-5-65x43.jpg 65w, https:\/\/www.imobiliare.ro\/imoexpert\/wp-content\/uploads\/2016\/02\/ap-Pipera-Studio-Insign-5-154x103.jpg 154w\" sizes=\"auto, (max-width: 600px) 100vw, 600px\" \/><\/a><br \/>\n<a class=\"article-body-links\"href=\"https:\/\/www.imobiliare.ro\/imoexpert\/wp-content\/uploads\/2016\/02\/ap-Pipera-Studio-Insign-6.jpg\"><img loading=\"lazy\" decoding=\"async\" src=\"https:\/\/www.imobiliare.ro\/imoexpert\/wp-content\/uploads\/2016\/02\/ap-Pipera-Studio-Insign-6.jpg\" alt=\"ap Pipera Studio Insign 6\" width=\"600\" height=\"400\" class=\"aligncenter size-full wp-image-37109\" srcset=\"https:\/\/www.imobiliare.ro\/imoexpert\/wp-content\/uploads\/2016\/02\/ap-Pipera-Studio-Insign-6.jpg 600w, https:\/\/www.imobiliare.ro\/imoexpert\/wp-content\/uploads\/2016\/02\/ap-Pipera-Studio-Insign-6-300x200.jpg 300w, https:\/\/www.imobiliare.ro\/imoexpert\/wp-content\/uploads\/2016\/02\/ap-Pipera-Studio-Insign-6-87x57.jpg 87w, https:\/\/www.imobiliare.ro\/imoexpert\/wp-content\/uploads\/2016\/02\/ap-Pipera-Studio-Insign-6-65x43.jpg 65w, https:\/\/www.imobiliare.ro\/imoexpert\/wp-content\/uploads\/2016\/02\/ap-Pipera-Studio-Insign-6-154x103.jpg 154w\" sizes=\"auto, (max-width: 600px) 100vw, 600px\" \/><\/a><br \/>\n<a class=\"article-body-links\"href=\"https:\/\/www.imobiliare.ro\/imoexpert\/wp-content\/uploads\/2016\/02\/ap-Pipera-Studio-Insign-7.jpg\"><img loading=\"lazy\" decoding=\"async\" src=\"https:\/\/www.imobiliare.ro\/imoexpert\/wp-content\/uploads\/2016\/02\/ap-Pipera-Studio-Insign-7.jpg\" alt=\"ap Pipera Studio Insign 7\" width=\"600\" height=\"396\" class=\"aligncenter size-full wp-image-37110\" srcset=\"https:\/\/www.imobiliare.ro\/imoexpert\/wp-content\/uploads\/2016\/02\/ap-Pipera-Studio-Insign-7.jpg 600w, https:\/\/www.imobiliare.ro\/imoexpert\/wp-content\/uploads\/2016\/02\/ap-Pipera-Studio-Insign-7-300x198.jpg 300w, https:\/\/www.imobiliare.ro\/imoexpert\/wp-content\/uploads\/2016\/02\/ap-Pipera-Studio-Insign-7-87x57.jpg 87w, https:\/\/www.imobiliare.ro\/imoexpert\/wp-content\/uploads\/2016\/02\/ap-Pipera-Studio-Insign-7-65x43.jpg 65w, https:\/\/www.imobiliare.ro\/imoexpert\/wp-content\/uploads\/2016\/02\/ap-Pipera-Studio-Insign-7-154x103.jpg 154w\" sizes=\"auto, (max-width: 600px) 100vw, 600px\" \/><\/a><br \/>\n<a class=\"article-body-links\"href=\"https:\/\/www.imobiliare.ro\/imoexpert\/wp-content\/uploads\/2016\/02\/ap-Pipera-Studio-Insign-9.jpg\"><img loading=\"lazy\" decoding=\"async\" src=\"https:\/\/www.imobiliare.ro\/imoexpert\/wp-content\/uploads\/2016\/02\/ap-Pipera-Studio-Insign-9.jpg\" alt=\"ap Pipera Studio Insign 9\" width=\"600\" height=\"900\" class=\"aligncenter size-full wp-image-37111\" srcset=\"https:\/\/www.imobiliare.ro\/imoexpert\/wp-content\/uploads\/2016\/02\/ap-Pipera-Studio-Insign-9.jpg 600w, https:\/\/www.imobiliare.ro\/imoexpert\/wp-content\/uploads\/2016\/02\/ap-Pipera-Studio-Insign-9-200x300.jpg 200w\" sizes=\"auto, (max-width: 600px) 100vw, 600px\" \/><\/a><br \/>\n<a class=\"article-body-links\"href=\"https:\/\/www.imobiliare.ro\/imoexpert\/wp-content\/uploads\/2016\/02\/ap-Pipera-Studio-Insign-10.jpg\"><img loading=\"lazy\" decoding=\"async\" src=\"https:\/\/www.imobiliare.ro\/imoexpert\/wp-content\/uploads\/2016\/02\/ap-Pipera-Studio-Insign-10.jpg\" alt=\"ap Pipera Studio Insign 10\" width=\"600\" height=\"900\" class=\"aligncenter size-full wp-image-37112\" srcset=\"https:\/\/www.imobiliare.ro\/imoexpert\/wp-content\/uploads\/2016\/02\/ap-Pipera-Studio-Insign-10.jpg 600w, https:\/\/www.imobiliare.ro\/imoexpert\/wp-content\/uploads\/2016\/02\/ap-Pipera-Studio-Insign-10-200x300.jpg 200w\" sizes=\"auto, (max-width: 600px) 100vw, 600px\" \/><\/a><\/p>\n<p>\u00cen ciuda suprafe\u021bei generoase a apartamentului, designerii au depus eforturi pentru optimizarea spa\u021biului disponibil, miz\u00e2nd pe integrarea unor piese multifunc\u0163ionale, mai ales \u00een camerele pentru copii. \u201eDe exemplu, \u00een camera unde vor sta doi copila\u015fi, am preferat s\u0103 \u00eemp\u0103r\u0163im spa\u0163iul \u00een dou\u0103 zone, una destinat\u0103 studiului \u015fi cealalt\u0103 odihnei. Tocmai pentru c\u0103 am poten\u0163at spa\u0163iul, a r\u0103mas \u015fi loc de joac\u0103\u201d, noteaz\u0103 ace\u0219tia.<\/p>\n<p><a class=\"article-body-links\"href=\"https:\/\/www.imobiliare.ro\/imoexpert\/wp-content\/uploads\/2016\/02\/ap-Pipera-Studio-Insign-11.jpg\"><img loading=\"lazy\" decoding=\"async\" src=\"https:\/\/www.imobiliare.ro\/imoexpert\/wp-content\/uploads\/2016\/02\/ap-Pipera-Studio-Insign-11.jpg\" alt=\"ap Pipera Studio Insign 11\" width=\"600\" height=\"900\" class=\"aligncenter size-full wp-image-37113\" srcset=\"https:\/\/www.imobiliare.ro\/imoexpert\/wp-content\/uploads\/2016\/02\/ap-Pipera-Studio-Insign-11.jpg 600w, https:\/\/www.imobiliare.ro\/imoexpert\/wp-content\/uploads\/2016\/02\/ap-Pipera-Studio-Insign-11-200x300.jpg 200w\" sizes=\"auto, (max-width: 600px) 100vw, 600px\" \/><\/a><br \/>\n<a class=\"article-body-links\"href=\"https:\/\/www.imobiliare.ro\/imoexpert\/wp-content\/uploads\/2016\/02\/ap-Pipera-Studio-Insign-12.jpg\"><img loading=\"lazy\" decoding=\"async\" src=\"https:\/\/www.imobiliare.ro\/imoexpert\/wp-content\/uploads\/2016\/02\/ap-Pipera-Studio-Insign-12.jpg\" alt=\"ap Pipera Studio Insign 12\" width=\"600\" height=\"400\" class=\"aligncenter size-full wp-image-37114\" srcset=\"https:\/\/www.imobiliare.ro\/imoexpert\/wp-content\/uploads\/2016\/02\/ap-Pipera-Studio-Insign-12.jpg 600w, https:\/\/www.imobiliare.ro\/imoexpert\/wp-content\/uploads\/2016\/02\/ap-Pipera-Studio-Insign-12-300x200.jpg 300w, https:\/\/www.imobiliare.ro\/imoexpert\/wp-content\/uploads\/2016\/02\/ap-Pipera-Studio-Insign-12-87x57.jpg 87w, https:\/\/www.imobiliare.ro\/imoexpert\/wp-content\/uploads\/2016\/02\/ap-Pipera-Studio-Insign-12-65x43.jpg 65w, https:\/\/www.imobiliare.ro\/imoexpert\/wp-content\/uploads\/2016\/02\/ap-Pipera-Studio-Insign-12-154x103.jpg 154w\" sizes=\"auto, (max-width: 600px) 100vw, 600px\" \/><\/a><br \/>\n<a class=\"article-body-links\"href=\"https:\/\/www.imobiliare.ro\/imoexpert\/wp-content\/uploads\/2016\/02\/ap-Pipera-Studio-Insign-13.jpg\"><img loading=\"lazy\" decoding=\"async\" src=\"https:\/\/www.imobiliare.ro\/imoexpert\/wp-content\/uploads\/2016\/02\/ap-Pipera-Studio-Insign-13.jpg\" alt=\"ap Pipera Studio Insign 13\" width=\"600\" height=\"872\" class=\"aligncenter size-full wp-image-37115\" srcset=\"https:\/\/www.imobiliare.ro\/imoexpert\/wp-content\/uploads\/2016\/02\/ap-Pipera-Studio-Insign-13.jpg 600w, https:\/\/www.imobiliare.ro\/imoexpert\/wp-content\/uploads\/2016\/02\/ap-Pipera-Studio-Insign-13-206x300.jpg 206w\" sizes=\"auto, (max-width: 600px) 100vw, 600px\" \/><\/a><br \/>\n<a class=\"article-body-links\"href=\"https:\/\/www.imobiliare.ro\/imoexpert\/wp-content\/uploads\/2016\/02\/ap-Pipera-Studio-Insign-14.jpg\"><img loading=\"lazy\" decoding=\"async\" src=\"https:\/\/www.imobiliare.ro\/imoexpert\/wp-content\/uploads\/2016\/02\/ap-Pipera-Studio-Insign-14.jpg\" alt=\"ap Pipera Studio Insign 14\" width=\"600\" height=\"392\" class=\"aligncenter size-full wp-image-37116\" srcset=\"https:\/\/www.imobiliare.ro\/imoexpert\/wp-content\/uploads\/2016\/02\/ap-Pipera-Studio-Insign-14.jpg 600w, https:\/\/www.imobiliare.ro\/imoexpert\/wp-content\/uploads\/2016\/02\/ap-Pipera-Studio-Insign-14-300x196.jpg 300w, https:\/\/www.imobiliare.ro\/imoexpert\/wp-content\/uploads\/2016\/02\/ap-Pipera-Studio-Insign-14-87x57.jpg 87w, https:\/\/www.imobiliare.ro\/imoexpert\/wp-content\/uploads\/2016\/02\/ap-Pipera-Studio-Insign-14-65x43.jpg 65w\" sizes=\"auto, (max-width: 600px) 100vw, 600px\" \/><\/a><\/p>\n<p><em><strong>Surs\u0103 foto: <a class=\"article-body-links\"href=\"http:\/\/www.studioinsign.ro\/design-interior\/apartamente\/amenajare-interioara-apartament-complex-rezidential-ibiza-pipera-realizare-72\">Studio Insign<\/a><\/strong><\/em><br \/>\n<em><strong>Cite\u0219te \u0219i: <a class=\"article-body-links\"href=\"https:\/\/www.imobiliare.ro\/homedeco\/decor-romantic-si-elegant-intr-un-apartament-cu-2-camere-din-bucuresti_db\/\">Decor romantic \u0219i elegant \u00eentr-un apartament cu dou\u0103 camere din Bucure\u0219ti<\/a><\/strong><\/em><\/p>\n","protected":false},"excerpt":{"rendered":"<p>\u0218i o suprafa\u021b\u0103 locativ\u0103 generoas\u0103 poate p\u0103rea insuficient\u0103 f\u0103r\u0103 un concept de design corespunz\u0103tor. Un decor \u00een stil contemporan va pune accentul pe confort \u0219i func\u021bionalitate, f\u0103r\u0103 a face \u00eens\u0103 abstrac\u021bie de criteriul estetic. Un exemplu reu\u0219it de armonizare a celor dou\u0103 direc\u021bii este dat de apartamentul din imagini, a c\u0103rui amenajare a fost realizat\u0103 [&hellip;]<\/p>\n","protected":false},"author":829,"featured_media":37104,"comment_status":"open","ping_status":"open","sticky":false,"template":"","format":"standard","meta":{"footnotes":""},"categories":[259],"tags":[1022,1410,1411],"content_author":[],"class_list":["post-37103","post","type-post","status-publish","format-standard","has-post-thumbnail","hentry","category-stiri","tag-homedeco","tag-newsletter","tag-principal"],"yoast_head":"<!-- This site is optimized with the Yoast SEO Premium plugin v27.0 (Yoast SEO v27.0) - https:\/\/yoast.com\/product\/yoast-seo-premium-wordpress\/ -->\n<title>Amenajare modern\u0103, cu accente retro, pentru o familie din Bucure\u0219ti - \u0218tiri - ImoExpert<\/title>\n<meta name=\"description\" content=\"\u0218i o suprafa\u021b\u0103 locativ\u0103 generoas\u0103 poate p\u0103rea insuficient\u0103 f\u0103r\u0103 un concept de design corespunz\u0103tor. Un decor \u00een stil contemporan va pune accentul pe\" \/>\n<meta name=\"robots\" content=\"index, follow\" \/>\n<link rel=\"canonical\" href=\"https:\/\/www.imobiliare.ro\/imoexpert\/amenajare-moderna-cu-accente-retro-pentru-o-familie-din-bucuresti_db\/\" \/>\n<meta property=\"og:locale\" content=\"ro_RO\" \/>\n<meta property=\"og:type\" content=\"article\" \/>\n<meta property=\"og:title\" content=\"Amenajare modern\u0103, cu accente retro, pentru o familie din Bucure\u0219ti\" \/>\n<meta property=\"og:description\" content=\"\u0218i o suprafa\u021b\u0103 locativ\u0103 generoas\u0103 poate p\u0103rea insuficient\u0103 f\u0103r\u0103 un concept de design corespunz\u0103tor. Un decor \u00een stil contemporan va pune accentul pe\" \/>\n<meta property=\"og:url\" content=\"https:\/\/www.imobiliare.ro\/imoexpert\/amenajare-moderna-cu-accente-retro-pentru-o-familie-din-bucuresti_db\/\" \/>\n<meta property=\"og:site_name\" content=\"ImoExpert\" \/>\n<meta property=\"article:published_time\" content=\"2016-02-01T07:27:54+00:00\" \/>\n<meta property=\"og:image\" content=\"https:\/\/www.imobiliare.ro\/imoexpert\/wp-content\/uploads\/2016\/02\/ap-Pipera-Studio-Insign-1.jpg\" \/>\n\t<meta property=\"og:image:width\" content=\"600\" \/>\n\t<meta property=\"og:image:height\" content=\"385\" \/>\n\t<meta property=\"og:image:type\" content=\"image\/jpeg\" \/>\n<meta name=\"author\" content=\"Adriana Dr\u0103gu\u0219in\" \/>\n<meta name=\"twitter:card\" content=\"summary_large_image\" \/>\n<meta name=\"twitter:label1\" content=\"Written by\" \/>\n\t<meta name=\"twitter:data1\" content=\"Adriana Dr\u0103gu\u0219in\" \/>\n\t<meta name=\"twitter:label2\" content=\"Est. reading time\" \/>\n\t<meta name=\"twitter:data2\" content=\"2 minute\" \/>\n<script type=\"application\/ld+json\" class=\"yoast-schema-graph\">{\"@context\":\"https:\/\/schema.org\",\"@graph\":[{\"@type\":\"Article\",\"@id\":\"https:\/\/www.imobiliare.ro\/imoexpert\/amenajare-moderna-cu-accente-retro-pentru-o-familie-din-bucuresti_db\/#article\",\"isPartOf\":{\"@id\":\"https:\/\/www.imobiliare.ro\/imoexpert\/amenajare-moderna-cu-accente-retro-pentru-o-familie-din-bucuresti_db\/\"},\"author\":{\"name\":\"Adriana Dr\u0103gu\u0219in\",\"@id\":\"https:\/\/www.imobiliare.ro\/imoexpert\/#\/schema\/person\/8c13b0297075010b896471fabf0d7790\"},\"headline\":\"Amenajare modern\u0103, cu accente retro, pentru o familie din Bucure\u0219ti\",\"datePublished\":\"2016-02-01T07:27:54+00:00\",\"mainEntityOfPage\":{\"@id\":\"https:\/\/www.imobiliare.ro\/imoexpert\/amenajare-moderna-cu-accente-retro-pentru-o-familie-din-bucuresti_db\/\"},\"wordCount\":363,\"commentCount\":0,\"publisher\":{\"@id\":\"https:\/\/www.imobiliare.ro\/imoexpert\/#organization\"},\"image\":{\"@id\":\"https:\/\/www.imobiliare.ro\/imoexpert\/amenajare-moderna-cu-accente-retro-pentru-o-familie-din-bucuresti_db\/#primaryimage\"},\"thumbnailUrl\":\"https:\/\/www.imobiliare.ro\/imoexpert\/wp-content\/uploads\/2016\/02\/ap-Pipera-Studio-Insign-1.jpg\",\"keywords\":[\"Home&amp;Deco\",\"newsletter\",\"principal\"],\"articleSection\":[\"\u0218tiri\"],\"inLanguage\":\"en\",\"potentialAction\":[{\"@type\":\"CommentAction\",\"name\":\"Comment\",\"target\":[\"https:\/\/www.imobiliare.ro\/imoexpert\/amenajare-moderna-cu-accente-retro-pentru-o-familie-din-bucuresti_db\/#respond\"]}],\"copyrightYear\":\"2016\",\"copyrightHolder\":{\"@id\":\"https:\/\/www.imobiliare.ro\/imoexpert\/#organization\"}},{\"@type\":\"WebPage\",\"@id\":\"https:\/\/www.imobiliare.ro\/imoexpert\/amenajare-moderna-cu-accente-retro-pentru-o-familie-din-bucuresti_db\/\",\"url\":\"https:\/\/www.imobiliare.ro\/imoexpert\/amenajare-moderna-cu-accente-retro-pentru-o-familie-din-bucuresti_db\/\",\"name\":\"Amenajare modern\u0103, cu accente retro, pentru o familie din Bucure\u0219ti - \u0218tiri - ImoExpert\",\"isPartOf\":{\"@id\":\"https:\/\/www.imobiliare.ro\/imoexpert\/#website\"},\"primaryImageOfPage\":{\"@id\":\"https:\/\/www.imobiliare.ro\/imoexpert\/amenajare-moderna-cu-accente-retro-pentru-o-familie-din-bucuresti_db\/#primaryimage\"},\"image\":{\"@id\":\"https:\/\/www.imobiliare.ro\/imoexpert\/amenajare-moderna-cu-accente-retro-pentru-o-familie-din-bucuresti_db\/#primaryimage\"},\"thumbnailUrl\":\"https:\/\/www.imobiliare.ro\/imoexpert\/wp-content\/uploads\/2016\/02\/ap-Pipera-Studio-Insign-1.jpg\",\"datePublished\":\"2016-02-01T07:27:54+00:00\",\"description\":\"\u0218i o suprafa\u021b\u0103 locativ\u0103 generoas\u0103 poate p\u0103rea insuficient\u0103 f\u0103r\u0103 un concept de design corespunz\u0103tor. Un decor \u00een stil contemporan va pune accentul pe\",\"breadcrumb\":{\"@id\":\"https:\/\/www.imobiliare.ro\/imoexpert\/amenajare-moderna-cu-accente-retro-pentru-o-familie-din-bucuresti_db\/#breadcrumb\"},\"inLanguage\":\"en\",\"potentialAction\":[{\"@type\":\"ReadAction\",\"target\":[\"https:\/\/www.imobiliare.ro\/imoexpert\/amenajare-moderna-cu-accente-retro-pentru-o-familie-din-bucuresti_db\/\"]}]},{\"@type\":\"ImageObject\",\"inLanguage\":\"en\",\"@id\":\"https:\/\/www.imobiliare.ro\/imoexpert\/amenajare-moderna-cu-accente-retro-pentru-o-familie-din-bucuresti_db\/#primaryimage\",\"url\":\"https:\/\/www.imobiliare.ro\/imoexpert\/wp-content\/uploads\/2016\/02\/ap-Pipera-Studio-Insign-1.jpg\",\"contentUrl\":\"https:\/\/www.imobiliare.ro\/imoexpert\/wp-content\/uploads\/2016\/02\/ap-Pipera-Studio-Insign-1.jpg\",\"width\":600,\"height\":385},{\"@type\":\"BreadcrumbList\",\"@id\":\"https:\/\/www.imobiliare.ro\/imoexpert\/amenajare-moderna-cu-accente-retro-pentru-o-familie-din-bucuresti_db\/#breadcrumb\",\"itemListElement\":[{\"@type\":\"ListItem\",\"position\":1,\"name\":\"Imoradar24\",\"item\":\"https:\/\/www.imoradar24.ro\"},{\"@type\":\"ListItem\",\"position\":2,\"name\":\"ImoExpert\",\"item\":\"https:\/\/www.imobiliare.ro\/imoexpert\/\"},{\"@type\":\"ListItem\",\"position\":3,\"name\":\"\u0218tiri\",\"item\":\"https:\/\/www.imobiliare.ro\/imoexpert\/stiri\/\"},{\"@type\":\"ListItem\",\"position\":4,\"name\":\"Amenajare modern\u0103, cu accente retro, pentru o familie din Bucure\u0219ti\"}]},{\"@type\":\"WebSite\",\"@id\":\"https:\/\/www.imobiliare.ro\/imoexpert\/#website\",\"url\":\"https:\/\/www.imobiliare.ro\/imoexpert\/\",\"name\":\"ImoExpert\",\"description\":\"cele mai importante \u015ftiri din domeniul imobiliar\",\"publisher\":{\"@id\":\"https:\/\/www.imobiliare.ro\/imoexpert\/#organization\"},\"inLanguage\":\"en\"},{\"@type\":\"Organization\",\"@id\":\"https:\/\/www.imobiliare.ro\/imoexpert\/#organization\",\"name\":\"Imobiliare.ro\",\"alternateName\":\"Realmedia Network SA\",\"url\":\"https:\/\/www.imobiliare.ro\/imoexpert\/\",\"logo\":{\"@type\":\"ImageObject\",\"inLanguage\":\"en\",\"@id\":\"https:\/\/www.imobiliare.ro\/imoexpert\/#\/schema\/logo\/image\/\",\"url\":\"https:\/\/www.imobiliare.ro\/imoexpert\/wp-content\/uploads\/2025\/05\/imobiliare_logo.png\",\"contentUrl\":\"https:\/\/www.imobiliare.ro\/imoexpert\/wp-content\/uploads\/2025\/05\/imobiliare_logo.png\",\"width\":237,\"height\":29,\"caption\":\"Imobiliare.ro\"},\"image\":{\"@id\":\"https:\/\/www.imobiliare.ro\/imoexpert\/#\/schema\/logo\/image\/\"}},{\"@type\":\"Person\",\"@id\":\"https:\/\/www.imobiliare.ro\/imoexpert\/#\/schema\/person\/8c13b0297075010b896471fabf0d7790\",\"name\":\"Adriana Dr\u0103gu\u0219in\",\"image\":{\"@type\":\"ImageObject\",\"inLanguage\":\"en\",\"@id\":\"https:\/\/www.imobiliare.ro\/imoexpert\/#\/schema\/person\/image\/\",\"url\":\"https:\/\/secure.gravatar.com\/avatar\/ba4762f7517e50e679ed7f11207102d1150120f2f5800c0da98f8a15305bf514?s=96&d=mm&r=g\",\"contentUrl\":\"https:\/\/secure.gravatar.com\/avatar\/ba4762f7517e50e679ed7f11207102d1150120f2f5800c0da98f8a15305bf514?s=96&d=mm&r=g\",\"caption\":\"Adriana Dr\u0103gu\u0219in\"},\"jobTitle\":\"Editor\",\"url\":\"https:\/\/www.imobiliare.ro\/imoexpert\/author\/adriana-dragusin\/\"}]}<\/script>\n<!-- \/ Yoast SEO Premium plugin. -->","yoast_head_json":{"title":"Amenajare modern\u0103, cu accente retro, pentru o familie din Bucure\u0219ti - \u0218tiri - ImoExpert","description":"\u0218i o suprafa\u021b\u0103 locativ\u0103 generoas\u0103 poate p\u0103rea insuficient\u0103 f\u0103r\u0103 un concept de design corespunz\u0103tor. Un decor \u00een stil contemporan va pune accentul pe","robots":{"index":"index","follow":"follow"},"canonical":"https:\/\/www.imobiliare.ro\/imoexpert\/amenajare-moderna-cu-accente-retro-pentru-o-familie-din-bucuresti_db\/","og_locale":"ro_RO","og_type":"article","og_title":"Amenajare modern\u0103, cu accente retro, pentru o familie din Bucure\u0219ti","og_description":"\u0218i o suprafa\u021b\u0103 locativ\u0103 generoas\u0103 poate p\u0103rea insuficient\u0103 f\u0103r\u0103 un concept de design corespunz\u0103tor. Un decor \u00een stil contemporan va pune accentul pe","og_url":"https:\/\/www.imobiliare.ro\/imoexpert\/amenajare-moderna-cu-accente-retro-pentru-o-familie-din-bucuresti_db\/","og_site_name":"ImoExpert","article_published_time":"2016-02-01T07:27:54+00:00","og_image":[{"width":600,"height":385,"url":"https:\/\/www.imobiliare.ro\/imoexpert\/wp-content\/uploads\/2016\/02\/ap-Pipera-Studio-Insign-1.jpg","type":"image\/jpeg"}],"author":"Adriana Dr\u0103gu\u0219in","twitter_card":"summary_large_image","twitter_misc":{"Written by":"Adriana Dr\u0103gu\u0219in","Est. reading time":"2 minute"},"schema":{"@context":"https:\/\/schema.org","@graph":[{"@type":"Article","@id":"https:\/\/www.imobiliare.ro\/imoexpert\/amenajare-moderna-cu-accente-retro-pentru-o-familie-din-bucuresti_db\/#article","isPartOf":{"@id":"https:\/\/www.imobiliare.ro\/imoexpert\/amenajare-moderna-cu-accente-retro-pentru-o-familie-din-bucuresti_db\/"},"author":{"name":"Adriana Dr\u0103gu\u0219in","@id":"https:\/\/www.imobiliare.ro\/imoexpert\/#\/schema\/person\/8c13b0297075010b896471fabf0d7790"},"headline":"Amenajare modern\u0103, cu accente retro, pentru o familie din Bucure\u0219ti","datePublished":"2016-02-01T07:27:54+00:00","mainEntityOfPage":{"@id":"https:\/\/www.imobiliare.ro\/imoexpert\/amenajare-moderna-cu-accente-retro-pentru-o-familie-din-bucuresti_db\/"},"wordCount":363,"commentCount":0,"publisher":{"@id":"https:\/\/www.imobiliare.ro\/imoexpert\/#organization"},"image":{"@id":"https:\/\/www.imobiliare.ro\/imoexpert\/amenajare-moderna-cu-accente-retro-pentru-o-familie-din-bucuresti_db\/#primaryimage"},"thumbnailUrl":"https:\/\/www.imobiliare.ro\/imoexpert\/wp-content\/uploads\/2016\/02\/ap-Pipera-Studio-Insign-1.jpg","keywords":["Home&amp;Deco","newsletter","principal"],"articleSection":["\u0218tiri"],"inLanguage":"en","potentialAction":[{"@type":"CommentAction","name":"Comment","target":["https:\/\/www.imobiliare.ro\/imoexpert\/amenajare-moderna-cu-accente-retro-pentru-o-familie-din-bucuresti_db\/#respond"]}],"copyrightYear":"2016","copyrightHolder":{"@id":"https:\/\/www.imobiliare.ro\/imoexpert\/#organization"}},{"@type":"WebPage","@id":"https:\/\/www.imobiliare.ro\/imoexpert\/amenajare-moderna-cu-accente-retro-pentru-o-familie-din-bucuresti_db\/","url":"https:\/\/www.imobiliare.ro\/imoexpert\/amenajare-moderna-cu-accente-retro-pentru-o-familie-din-bucuresti_db\/","name":"Amenajare modern\u0103, cu accente retro, pentru o familie din Bucure\u0219ti - \u0218tiri - ImoExpert","isPartOf":{"@id":"https:\/\/www.imobiliare.ro\/imoexpert\/#website"},"primaryImageOfPage":{"@id":"https:\/\/www.imobiliare.ro\/imoexpert\/amenajare-moderna-cu-accente-retro-pentru-o-familie-din-bucuresti_db\/#primaryimage"},"image":{"@id":"https:\/\/www.imobiliare.ro\/imoexpert\/amenajare-moderna-cu-accente-retro-pentru-o-familie-din-bucuresti_db\/#primaryimage"},"thumbnailUrl":"https:\/\/www.imobiliare.ro\/imoexpert\/wp-content\/uploads\/2016\/02\/ap-Pipera-Studio-Insign-1.jpg","datePublished":"2016-02-01T07:27:54+00:00","description":"\u0218i o suprafa\u021b\u0103 locativ\u0103 generoas\u0103 poate p\u0103rea insuficient\u0103 f\u0103r\u0103 un concept de design corespunz\u0103tor. Un decor \u00een stil contemporan va pune accentul pe","breadcrumb":{"@id":"https:\/\/www.imobiliare.ro\/imoexpert\/amenajare-moderna-cu-accente-retro-pentru-o-familie-din-bucuresti_db\/#breadcrumb"},"inLanguage":"en","potentialAction":[{"@type":"ReadAction","target":["https:\/\/www.imobiliare.ro\/imoexpert\/amenajare-moderna-cu-accente-retro-pentru-o-familie-din-bucuresti_db\/"]}]},{"@type":"ImageObject","inLanguage":"en","@id":"https:\/\/www.imobiliare.ro\/imoexpert\/amenajare-moderna-cu-accente-retro-pentru-o-familie-din-bucuresti_db\/#primaryimage","url":"https:\/\/www.imobiliare.ro\/imoexpert\/wp-content\/uploads\/2016\/02\/ap-Pipera-Studio-Insign-1.jpg","contentUrl":"https:\/\/www.imobiliare.ro\/imoexpert\/wp-content\/uploads\/2016\/02\/ap-Pipera-Studio-Insign-1.jpg","width":600,"height":385},{"@type":"BreadcrumbList","@id":"https:\/\/www.imobiliare.ro\/imoexpert\/amenajare-moderna-cu-accente-retro-pentru-o-familie-din-bucuresti_db\/#breadcrumb","itemListElement":[{"@type":"ListItem","position":1,"name":"Imoradar24","item":"https:\/\/www.imoradar24.ro"},{"@type":"ListItem","position":2,"name":"ImoExpert","item":"https:\/\/www.imobiliare.ro\/imoexpert\/"},{"@type":"ListItem","position":3,"name":"\u0218tiri","item":"https:\/\/www.imobiliare.ro\/imoexpert\/stiri\/"},{"@type":"ListItem","position":4,"name":"Amenajare modern\u0103, cu accente retro, pentru o familie din Bucure\u0219ti"}]},{"@type":"WebSite","@id":"https:\/\/www.imobiliare.ro\/imoexpert\/#website","url":"https:\/\/www.imobiliare.ro\/imoexpert\/","name":"ImoExpert","description":"cele mai importante \u015ftiri din domeniul imobiliar","publisher":{"@id":"https:\/\/www.imobiliare.ro\/imoexpert\/#organization"},"inLanguage":"en"},{"@type":"Organization","@id":"https:\/\/www.imobiliare.ro\/imoexpert\/#organization","name":"Imobiliare.ro","alternateName":"Realmedia Network SA","url":"https:\/\/www.imobiliare.ro\/imoexpert\/","logo":{"@type":"ImageObject","inLanguage":"en","@id":"https:\/\/www.imobiliare.ro\/imoexpert\/#\/schema\/logo\/image\/","url":"https:\/\/www.imobiliare.ro\/imoexpert\/wp-content\/uploads\/2025\/05\/imobiliare_logo.png","contentUrl":"https:\/\/www.imobiliare.ro\/imoexpert\/wp-content\/uploads\/2025\/05\/imobiliare_logo.png","width":237,"height":29,"caption":"Imobiliare.ro"},"image":{"@id":"https:\/\/www.imobiliare.ro\/imoexpert\/#\/schema\/logo\/image\/"}},{"@type":"Person","@id":"https:\/\/www.imobiliare.ro\/imoexpert\/#\/schema\/person\/8c13b0297075010b896471fabf0d7790","name":"Adriana Dr\u0103gu\u0219in","image":{"@type":"ImageObject","inLanguage":"en","@id":"https:\/\/www.imobiliare.ro\/imoexpert\/#\/schema\/person\/image\/","url":"https:\/\/secure.gravatar.com\/avatar\/ba4762f7517e50e679ed7f11207102d1150120f2f5800c0da98f8a15305bf514?s=96&d=mm&r=g","contentUrl":"https:\/\/secure.gravatar.com\/avatar\/ba4762f7517e50e679ed7f11207102d1150120f2f5800c0da98f8a15305bf514?s=96&d=mm&r=g","caption":"Adriana Dr\u0103gu\u0219in"},"jobTitle":"Editor","url":"https:\/\/www.imobiliare.ro\/imoexpert\/author\/adriana-dragusin\/"}]}},"_links":{"self":[{"href":"https:\/\/www.imobiliare.ro\/imoexpert\/wp-json\/wp\/v2\/posts\/37103","targetHints":{"allow":["GET"]}}],"collection":[{"href":"https:\/\/www.imobiliare.ro\/imoexpert\/wp-json\/wp\/v2\/posts"}],"about":[{"href":"https:\/\/www.imobiliare.ro\/imoexpert\/wp-json\/wp\/v2\/types\/post"}],"author":[{"embeddable":true,"href":"https:\/\/www.imobiliare.ro\/imoexpert\/wp-json\/wp\/v2\/users\/829"}],"replies":[{"embeddable":true,"href":"https:\/\/www.imobiliare.ro\/imoexpert\/wp-json\/wp\/v2\/comments?post=37103"}],"version-history":[{"count":0,"href":"https:\/\/www.imobiliare.ro\/imoexpert\/wp-json\/wp\/v2\/posts\/37103\/revisions"}],"wp:featuredmedia":[{"embeddable":true,"href":"https:\/\/www.imobiliare.ro\/imoexpert\/wp-json\/wp\/v2\/media\/37104"}],"wp:attachment":[{"href":"https:\/\/www.imobiliare.ro\/imoexpert\/wp-json\/wp\/v2\/media?parent=37103"}],"wp:term":[{"taxonomy":"category","embeddable":true,"href":"https:\/\/www.imobiliare.ro\/imoexpert\/wp-json\/wp\/v2\/categories?post=37103"},{"taxonomy":"post_tag","embeddable":true,"href":"https:\/\/www.imobiliare.ro\/imoexpert\/wp-json\/wp\/v2\/tags?post=37103"},{"taxonomy":"content_author","embeddable":true,"href":"https:\/\/www.imobiliare.ro\/imoexpert\/wp-json\/wp\/v2\/content_author?post=37103"}],"curies":[{"name":"wp","href":"https:\/\/api.w.org\/{rel}","templated":true}]}}