{"id":37500,"date":"2016-03-28T10:34:04","date_gmt":"2016-03-28T07:34:04","guid":{"rendered":"https:\/\/www.imobiliare.ro\/?p=37500"},"modified":"2016-03-28T10:34:04","modified_gmt":"2016-03-28T07:34:04","slug":"o-bucatarie-la-moda","status":"publish","type":"post","link":"https:\/\/www.imobiliare.ro\/imoexpert\/o-bucatarie-la-moda_db\/","title":{"rendered":"O buc\u0103t\u0103rie la mod\u0103"},"content":{"rendered":"<p><strong>Integrarea unei piese \u201e\u00een tendin\u021be\u201d poate transforma un ambient de care poate te-ai plictisit.<\/strong><\/p>\n<p>Fanii stilului retro \u00een materie de amenaj\u0103ri interioare au motive de bucurie. Ca \u0219i \u00een mod\u0103, elemente de design aruncate \u00een uitare de trecerea timpului ajung s\u0103-\u0219i rec\u00e2\u0219tige popularitatea pierdut\u0103 \u2013 \u00eentr-o manier\u0103 creativ\u0103, e adev\u0103rat, adaptate la prezent. Un asemenea exemplu este dat de un tip de chiuvet\u0103 ce poate da un aer cu totul diferit buc\u0103t\u0103riei tale.<\/p>\n<p><a class=\"article-body-links\"href=\"https:\/\/www.imobiliare.ro\/imoexpert\/wp-content\/uploads\/2016\/03\/Chiuveta-Ewit.jpg\"><img loading=\"lazy\" decoding=\"async\" class=\"aligncenter size-full wp-image-37501\" src=\"https:\/\/www.imobiliare.ro\/imoexpert\/wp-content\/uploads\/2016\/03\/Chiuveta-Ewit.jpg\" alt=\"Chiuveta Ewit\" width=\"600\" height=\"374\" srcset=\"https:\/\/www.imobiliare.ro\/imoexpert\/wp-content\/uploads\/2016\/03\/Chiuveta-Ewit.jpg 600w, https:\/\/www.imobiliare.ro\/imoexpert\/wp-content\/uploads\/2016\/03\/Chiuveta-Ewit-300x187.jpg 300w\" sizes=\"auto, (max-width: 600px) 100vw, 600px\" \/><\/a><\/p>\n<p><em>Chiuveta Ewit, pre\u021b 1.378 lei<\/em><\/p>\n<p>Potrivit <strong><a class=\"article-body-links\"href=\"http:\/\/evivo.ro\/\">Evivo.ro<\/a><\/strong> (magazin online de baterii sanitare, chiuvete, accesorii pentru baie \u015fi buc\u0103t\u0103rie), chiuveta rustic\u0103 \u00ee\u0219i are originea \u00een vremurile \u00een care nu exista ap\u0103 curent\u0103 \u2013 de unde \u0219i dimensiunea adaptat\u0103 pentru a re\u021bine cantit\u0103\u021bi mari de ap\u0103. Aceasta are, \u00een general, o cuv\u0103 mult mai ad\u00e2nc\u0103 dec\u00e2t cele obi\u0219nuite, fiind, totodat\u0103, mai confortabil de utilizat (pentru c\u0103 nu are blat la exterior). \u201eSunt fermec\u0103toare, confortabile, durabile, elegante, func\u021bionale \u0219i nostalgice. Acestea sunt doar c\u00e2teva dintre motivele pentru care chiuvetele incorporabile rustice, de tip \u00abfarmhouse\u00bb, au acaparat buc\u0103t\u0103riile pe care le vedem \u00een toate recomand\u0103rilor designerilor \u00een 2016\u201d, explic\u0103 reprezentan\u021bii companiei. <\/p>\n<p><a class=\"article-body-links\"href=\"https:\/\/www.imobiliare.ro\/imoexpert\/wp-content\/uploads\/2016\/03\/Chiuveta-Rubid.jpg\"><img loading=\"lazy\" decoding=\"async\" class=\"aligncenter size-full wp-image-37502\" src=\"https:\/\/www.imobiliare.ro\/imoexpert\/wp-content\/uploads\/2016\/03\/Chiuveta-Rubid.jpg\" alt=\"Chiuveta Rubid\" width=\"600\" height=\"380\" srcset=\"https:\/\/www.imobiliare.ro\/imoexpert\/wp-content\/uploads\/2016\/03\/Chiuveta-Rubid.jpg 600w, https:\/\/www.imobiliare.ro\/imoexpert\/wp-content\/uploads\/2016\/03\/Chiuveta-Rubid-300x190.jpg 300w, https:\/\/www.imobiliare.ro\/imoexpert\/wp-content\/uploads\/2016\/03\/Chiuveta-Rubid-384x242.jpg 384w\" sizes=\"auto, (max-width: 600px) 100vw, 600px\" \/><\/a><\/p>\n<p><em>Chiuveta Rubid (Marmorin), pre\u021b 2.376 de lei<\/em><\/p>\n<blockquote><p>\u201e\u00cen ultimii ani, chiuvetele din granit compozit au c\u00e2\u0219tigat tot mai mult teren \u00een fa\u021ba celor din inox. Au avantajul de a putea fi integrate mult mai u\u0219or \u00een ambientul buc\u0103t\u0103riei prin varietatea de nuan\u021be \u0219i forme disponibile, sunt cu adev\u0103rat anticalcar, nu preiau mirosurile alimentelor, sunt rezistente la \u0219ocuri termice \u0219i mecanice \u0219i, \u00een plus, sunt dotate cu un strat antibacterian, igienic. De\u0219i la origine chiuvetele rustice erau realizate din por\u021belan, noile variante cu accente moderne adaug\u0103 granitul \u00een compozi\u021bie, \u00eembin\u00e2nd astfel aspectul tradi\u021bional cu func\u021bionalit\u0103\u021bile moderne.\u201d<\/p>\n<p><em><strong>Marius Popescu, director general Evivo.ro<\/strong><\/em><\/p><\/blockquote>\n<p><a class=\"article-body-links\"href=\"https:\/\/www.imobiliare.ro\/imoexpert\/wp-content\/uploads\/2016\/03\/Chiuveta-Nero.jpg\"><img loading=\"lazy\" decoding=\"async\" class=\"aligncenter size-full wp-image-37503\" src=\"https:\/\/www.imobiliare.ro\/imoexpert\/wp-content\/uploads\/2016\/03\/Chiuveta-Nero.jpg\" alt=\"Chiuveta Nero\" width=\"600\" height=\"377\" srcset=\"https:\/\/www.imobiliare.ro\/imoexpert\/wp-content\/uploads\/2016\/03\/Chiuveta-Nero.jpg 600w, https:\/\/www.imobiliare.ro\/imoexpert\/wp-content\/uploads\/2016\/03\/Chiuveta-Nero-300x189.jpg 300w, https:\/\/www.imobiliare.ro\/imoexpert\/wp-content\/uploads\/2016\/03\/Chiuveta-Nero-384x242.jpg 384w, https:\/\/www.imobiliare.ro\/imoexpert\/wp-content\/uploads\/2016\/03\/Chiuveta-Nero-426x268.jpg 426w\" sizes=\"auto, (max-width: 600px) 100vw, 600px\" \/><\/a><\/p>\n<p><em>Chiuveta Nero (Marmorin), pre\u0163 1.235 lei<\/em><\/p>\n<p><strong>De ce s\u0103 \u021bii cont c\u00e2nd alegi o chiuvet\u0103 rustic\u0103<\/strong><br \/>\n<strong>1. Design:<\/strong> De\u015fi a \u00eencorpora o astfel de chiuvet\u0103 \u00eentr-o buc\u0103t\u0103rie nou\u0103 nu este deloc greu, a face acela\u015fi lucru pe un blat deja existent poate fi o provocare \u2013 un asemenea produs are nevoie de dulapuri \u015fi blaturi pe m\u0103sur\u0103.<\/p>\n<p><strong>2. Suprafa\u0163\u0103:<\/strong> Asigur\u0103-te c\u0103 ai m\u0103surat foarte bine dimensiunile blatului \u00een care va fi \u00eencastrat\u0103 chiuveta, pentru a evita ca apa s\u0103 se preling\u0103 pe margini \u015fi s\u0103 umfle materialul.<\/p>\n<p><strong>3. M\u0103rime:<\/strong> Pentru buc\u0103t\u0103riile mai mici, pot fi alese alege\u021bi modele cu o singur\u0103 cuv\u0103 sau de dimensiuni mai reduse.<\/p>\n","protected":false},"excerpt":{"rendered":"<p>Integrarea unei piese \u201e\u00een tendin\u021be\u201d poate transforma un ambient de care poate te-ai plictisit. Fanii stilului retro \u00een materie de amenaj\u0103ri interioare au motive de bucurie. Ca \u0219i \u00een mod\u0103, elemente de design aruncate \u00een uitare de trecerea timpului ajung s\u0103-\u0219i rec\u00e2\u0219tige popularitatea pierdut\u0103 \u2013 \u00eentr-o manier\u0103 creativ\u0103, e adev\u0103rat, adaptate la prezent. Un asemenea [&hellip;]<\/p>\n","protected":false},"author":829,"featured_media":37501,"comment_status":"open","ping_status":"open","sticky":false,"template":"","format":"standard","meta":{"footnotes":""},"categories":[255,259],"tags":[1022,1410,1411],"content_author":[],"class_list":["post-37500","post","type-post","status-publish","format-standard","has-post-thumbnail","hentry","category-home-deco","category-stiri","tag-homedeco","tag-newsletter","tag-principal"],"yoast_head":"<!-- This site is optimized with the Yoast SEO Premium plugin v27.0 (Yoast SEO v27.0) - https:\/\/yoast.com\/product\/yoast-seo-premium-wordpress\/ -->\n<title>O buc\u0103t\u0103rie la mod\u0103 - Home &amp; Deco, \u0218tiri - ImoExpert<\/title>\n<meta name=\"description\" content=\"Integrarea unei piese \u201e\u00een tendin\u021be\u201d poate transforma un ambient de care poate te-ai plictisit. Fanii stilului retro \u00een materie de amenaj\u0103ri interioare au\" \/>\n<meta name=\"robots\" content=\"index, follow\" \/>\n<link rel=\"canonical\" href=\"https:\/\/www.imobiliare.ro\/imoexpert\/o-bucatarie-la-moda_db\/\" \/>\n<meta property=\"og:locale\" content=\"ro_RO\" \/>\n<meta property=\"og:type\" content=\"article\" \/>\n<meta property=\"og:title\" content=\"O buc\u0103t\u0103rie la mod\u0103\" \/>\n<meta property=\"og:description\" content=\"Integrarea unei piese \u201e\u00een tendin\u021be\u201d poate transforma un ambient de care poate te-ai plictisit. Fanii stilului retro \u00een materie de amenaj\u0103ri interioare au\" \/>\n<meta property=\"og:url\" content=\"https:\/\/www.imobiliare.ro\/imoexpert\/o-bucatarie-la-moda_db\/\" \/>\n<meta property=\"og:site_name\" content=\"ImoExpert\" \/>\n<meta property=\"article:published_time\" content=\"2016-03-28T07:34:04+00:00\" \/>\n<meta property=\"og:image\" content=\"https:\/\/www.imobiliare.ro\/imoexpert\/wp-content\/uploads\/2016\/03\/Chiuveta-Ewit.jpg\" \/>\n\t<meta property=\"og:image:width\" content=\"600\" \/>\n\t<meta property=\"og:image:height\" content=\"374\" \/>\n\t<meta property=\"og:image:type\" content=\"image\/jpeg\" \/>\n<meta name=\"author\" content=\"Adriana Dr\u0103gu\u0219in\" \/>\n<meta name=\"twitter:card\" content=\"summary_large_image\" \/>\n<meta name=\"twitter:label1\" content=\"Written by\" \/>\n\t<meta name=\"twitter:data1\" content=\"Adriana Dr\u0103gu\u0219in\" \/>\n\t<meta name=\"twitter:label2\" content=\"Est. reading time\" \/>\n\t<meta name=\"twitter:data2\" content=\"2 minute\" \/>\n<script type=\"application\/ld+json\" class=\"yoast-schema-graph\">{\"@context\":\"https:\/\/schema.org\",\"@graph\":[{\"@type\":\"Article\",\"@id\":\"https:\/\/www.imobiliare.ro\/imoexpert\/o-bucatarie-la-moda_db\/#article\",\"isPartOf\":{\"@id\":\"https:\/\/www.imobiliare.ro\/imoexpert\/o-bucatarie-la-moda_db\/\"},\"author\":{\"name\":\"Adriana Dr\u0103gu\u0219in\",\"@id\":\"https:\/\/www.imobiliare.ro\/imoexpert\/#\/schema\/person\/8c13b0297075010b896471fabf0d7790\"},\"headline\":\"O buc\u0103t\u0103rie la mod\u0103\",\"datePublished\":\"2016-03-28T07:34:04+00:00\",\"mainEntityOfPage\":{\"@id\":\"https:\/\/www.imobiliare.ro\/imoexpert\/o-bucatarie-la-moda_db\/\"},\"wordCount\":433,\"commentCount\":1,\"publisher\":{\"@id\":\"https:\/\/www.imobiliare.ro\/imoexpert\/#organization\"},\"image\":{\"@id\":\"https:\/\/www.imobiliare.ro\/imoexpert\/o-bucatarie-la-moda_db\/#primaryimage\"},\"thumbnailUrl\":\"https:\/\/www.imobiliare.ro\/imoexpert\/wp-content\/uploads\/2016\/03\/Chiuveta-Ewit.jpg\",\"keywords\":[\"Home&amp;Deco\",\"newsletter\",\"principal\"],\"articleSection\":[\"Home &amp; Deco\",\"\u0218tiri\"],\"inLanguage\":\"en\",\"potentialAction\":[{\"@type\":\"CommentAction\",\"name\":\"Comment\",\"target\":[\"https:\/\/www.imobiliare.ro\/imoexpert\/o-bucatarie-la-moda_db\/#respond\"]}],\"copyrightYear\":\"2016\",\"copyrightHolder\":{\"@id\":\"https:\/\/www.imobiliare.ro\/imoexpert\/#organization\"}},{\"@type\":\"WebPage\",\"@id\":\"https:\/\/www.imobiliare.ro\/imoexpert\/o-bucatarie-la-moda_db\/\",\"url\":\"https:\/\/www.imobiliare.ro\/imoexpert\/o-bucatarie-la-moda_db\/\",\"name\":\"O buc\u0103t\u0103rie la mod\u0103 - Home &amp; Deco, \u0218tiri - ImoExpert\",\"isPartOf\":{\"@id\":\"https:\/\/www.imobiliare.ro\/imoexpert\/#website\"},\"primaryImageOfPage\":{\"@id\":\"https:\/\/www.imobiliare.ro\/imoexpert\/o-bucatarie-la-moda_db\/#primaryimage\"},\"image\":{\"@id\":\"https:\/\/www.imobiliare.ro\/imoexpert\/o-bucatarie-la-moda_db\/#primaryimage\"},\"thumbnailUrl\":\"https:\/\/www.imobiliare.ro\/imoexpert\/wp-content\/uploads\/2016\/03\/Chiuveta-Ewit.jpg\",\"datePublished\":\"2016-03-28T07:34:04+00:00\",\"description\":\"Integrarea unei piese \u201e\u00een tendin\u021be\u201d poate transforma un ambient de care poate te-ai plictisit. Fanii stilului retro \u00een materie de amenaj\u0103ri interioare au\",\"breadcrumb\":{\"@id\":\"https:\/\/www.imobiliare.ro\/imoexpert\/o-bucatarie-la-moda_db\/#breadcrumb\"},\"inLanguage\":\"en\",\"potentialAction\":[{\"@type\":\"ReadAction\",\"target\":[\"https:\/\/www.imobiliare.ro\/imoexpert\/o-bucatarie-la-moda_db\/\"]}]},{\"@type\":\"ImageObject\",\"inLanguage\":\"en\",\"@id\":\"https:\/\/www.imobiliare.ro\/imoexpert\/o-bucatarie-la-moda_db\/#primaryimage\",\"url\":\"https:\/\/www.imobiliare.ro\/imoexpert\/wp-content\/uploads\/2016\/03\/Chiuveta-Ewit.jpg\",\"contentUrl\":\"https:\/\/www.imobiliare.ro\/imoexpert\/wp-content\/uploads\/2016\/03\/Chiuveta-Ewit.jpg\",\"width\":600,\"height\":374},{\"@type\":\"BreadcrumbList\",\"@id\":\"https:\/\/www.imobiliare.ro\/imoexpert\/o-bucatarie-la-moda_db\/#breadcrumb\",\"itemListElement\":[{\"@type\":\"ListItem\",\"position\":1,\"name\":\"Imoradar24\",\"item\":\"https:\/\/www.imoradar24.ro\"},{\"@type\":\"ListItem\",\"position\":2,\"name\":\"ImoExpert\",\"item\":\"https:\/\/www.imobiliare.ro\/imoexpert\/\"},{\"@type\":\"ListItem\",\"position\":3,\"name\":\"Sfaturi\",\"item\":\"https:\/\/www.imobiliare.ro\/imoexpert\/ghid-imobiliar\/\"},{\"@type\":\"ListItem\",\"position\":4,\"name\":\"Home &amp; Deco\",\"item\":\"https:\/\/www.imobiliare.ro\/imoexpert\/ghid-imobiliar\/home-deco\/\"},{\"@type\":\"ListItem\",\"position\":5,\"name\":\"O buc\u0103t\u0103rie la mod\u0103\"}]},{\"@type\":\"WebSite\",\"@id\":\"https:\/\/www.imobiliare.ro\/imoexpert\/#website\",\"url\":\"https:\/\/www.imobiliare.ro\/imoexpert\/\",\"name\":\"ImoExpert\",\"description\":\"cele mai importante \u015ftiri din domeniul imobiliar\",\"publisher\":{\"@id\":\"https:\/\/www.imobiliare.ro\/imoexpert\/#organization\"},\"inLanguage\":\"en\"},{\"@type\":\"Organization\",\"@id\":\"https:\/\/www.imobiliare.ro\/imoexpert\/#organization\",\"name\":\"Imobiliare.ro\",\"alternateName\":\"Realmedia Network SA\",\"url\":\"https:\/\/www.imobiliare.ro\/imoexpert\/\",\"logo\":{\"@type\":\"ImageObject\",\"inLanguage\":\"en\",\"@id\":\"https:\/\/www.imobiliare.ro\/imoexpert\/#\/schema\/logo\/image\/\",\"url\":\"https:\/\/www.imobiliare.ro\/imoexpert\/wp-content\/uploads\/2025\/05\/imobiliare_logo.png\",\"contentUrl\":\"https:\/\/www.imobiliare.ro\/imoexpert\/wp-content\/uploads\/2025\/05\/imobiliare_logo.png\",\"width\":237,\"height\":29,\"caption\":\"Imobiliare.ro\"},\"image\":{\"@id\":\"https:\/\/www.imobiliare.ro\/imoexpert\/#\/schema\/logo\/image\/\"}},{\"@type\":\"Person\",\"@id\":\"https:\/\/www.imobiliare.ro\/imoexpert\/#\/schema\/person\/8c13b0297075010b896471fabf0d7790\",\"name\":\"Adriana Dr\u0103gu\u0219in\",\"image\":{\"@type\":\"ImageObject\",\"inLanguage\":\"en\",\"@id\":\"https:\/\/www.imobiliare.ro\/imoexpert\/#\/schema\/person\/image\/\",\"url\":\"https:\/\/secure.gravatar.com\/avatar\/ba4762f7517e50e679ed7f11207102d1150120f2f5800c0da98f8a15305bf514?s=96&d=mm&r=g\",\"contentUrl\":\"https:\/\/secure.gravatar.com\/avatar\/ba4762f7517e50e679ed7f11207102d1150120f2f5800c0da98f8a15305bf514?s=96&d=mm&r=g\",\"caption\":\"Adriana Dr\u0103gu\u0219in\"},\"jobTitle\":\"Editor\",\"url\":\"https:\/\/www.imobiliare.ro\/imoexpert\/author\/adriana-dragusin\/\"}]}<\/script>\n<!-- \/ Yoast SEO Premium plugin. -->","yoast_head_json":{"title":"O buc\u0103t\u0103rie la mod\u0103 - Home &amp; Deco, \u0218tiri - ImoExpert","description":"Integrarea unei piese \u201e\u00een tendin\u021be\u201d poate transforma un ambient de care poate te-ai plictisit. Fanii stilului retro \u00een materie de amenaj\u0103ri interioare au","robots":{"index":"index","follow":"follow"},"canonical":"https:\/\/www.imobiliare.ro\/imoexpert\/o-bucatarie-la-moda_db\/","og_locale":"ro_RO","og_type":"article","og_title":"O buc\u0103t\u0103rie la mod\u0103","og_description":"Integrarea unei piese \u201e\u00een tendin\u021be\u201d poate transforma un ambient de care poate te-ai plictisit. Fanii stilului retro \u00een materie de amenaj\u0103ri interioare au","og_url":"https:\/\/www.imobiliare.ro\/imoexpert\/o-bucatarie-la-moda_db\/","og_site_name":"ImoExpert","article_published_time":"2016-03-28T07:34:04+00:00","og_image":[{"width":600,"height":374,"url":"https:\/\/www.imobiliare.ro\/imoexpert\/wp-content\/uploads\/2016\/03\/Chiuveta-Ewit.jpg","type":"image\/jpeg"}],"author":"Adriana Dr\u0103gu\u0219in","twitter_card":"summary_large_image","twitter_misc":{"Written by":"Adriana Dr\u0103gu\u0219in","Est. reading time":"2 minute"},"schema":{"@context":"https:\/\/schema.org","@graph":[{"@type":"Article","@id":"https:\/\/www.imobiliare.ro\/imoexpert\/o-bucatarie-la-moda_db\/#article","isPartOf":{"@id":"https:\/\/www.imobiliare.ro\/imoexpert\/o-bucatarie-la-moda_db\/"},"author":{"name":"Adriana Dr\u0103gu\u0219in","@id":"https:\/\/www.imobiliare.ro\/imoexpert\/#\/schema\/person\/8c13b0297075010b896471fabf0d7790"},"headline":"O buc\u0103t\u0103rie la mod\u0103","datePublished":"2016-03-28T07:34:04+00:00","mainEntityOfPage":{"@id":"https:\/\/www.imobiliare.ro\/imoexpert\/o-bucatarie-la-moda_db\/"},"wordCount":433,"commentCount":1,"publisher":{"@id":"https:\/\/www.imobiliare.ro\/imoexpert\/#organization"},"image":{"@id":"https:\/\/www.imobiliare.ro\/imoexpert\/o-bucatarie-la-moda_db\/#primaryimage"},"thumbnailUrl":"https:\/\/www.imobiliare.ro\/imoexpert\/wp-content\/uploads\/2016\/03\/Chiuveta-Ewit.jpg","keywords":["Home&amp;Deco","newsletter","principal"],"articleSection":["Home &amp; Deco","\u0218tiri"],"inLanguage":"en","potentialAction":[{"@type":"CommentAction","name":"Comment","target":["https:\/\/www.imobiliare.ro\/imoexpert\/o-bucatarie-la-moda_db\/#respond"]}],"copyrightYear":"2016","copyrightHolder":{"@id":"https:\/\/www.imobiliare.ro\/imoexpert\/#organization"}},{"@type":"WebPage","@id":"https:\/\/www.imobiliare.ro\/imoexpert\/o-bucatarie-la-moda_db\/","url":"https:\/\/www.imobiliare.ro\/imoexpert\/o-bucatarie-la-moda_db\/","name":"O buc\u0103t\u0103rie la mod\u0103 - Home &amp; Deco, \u0218tiri - ImoExpert","isPartOf":{"@id":"https:\/\/www.imobiliare.ro\/imoexpert\/#website"},"primaryImageOfPage":{"@id":"https:\/\/www.imobiliare.ro\/imoexpert\/o-bucatarie-la-moda_db\/#primaryimage"},"image":{"@id":"https:\/\/www.imobiliare.ro\/imoexpert\/o-bucatarie-la-moda_db\/#primaryimage"},"thumbnailUrl":"https:\/\/www.imobiliare.ro\/imoexpert\/wp-content\/uploads\/2016\/03\/Chiuveta-Ewit.jpg","datePublished":"2016-03-28T07:34:04+00:00","description":"Integrarea unei piese \u201e\u00een tendin\u021be\u201d poate transforma un ambient de care poate te-ai plictisit. Fanii stilului retro \u00een materie de amenaj\u0103ri interioare au","breadcrumb":{"@id":"https:\/\/www.imobiliare.ro\/imoexpert\/o-bucatarie-la-moda_db\/#breadcrumb"},"inLanguage":"en","potentialAction":[{"@type":"ReadAction","target":["https:\/\/www.imobiliare.ro\/imoexpert\/o-bucatarie-la-moda_db\/"]}]},{"@type":"ImageObject","inLanguage":"en","@id":"https:\/\/www.imobiliare.ro\/imoexpert\/o-bucatarie-la-moda_db\/#primaryimage","url":"https:\/\/www.imobiliare.ro\/imoexpert\/wp-content\/uploads\/2016\/03\/Chiuveta-Ewit.jpg","contentUrl":"https:\/\/www.imobiliare.ro\/imoexpert\/wp-content\/uploads\/2016\/03\/Chiuveta-Ewit.jpg","width":600,"height":374},{"@type":"BreadcrumbList","@id":"https:\/\/www.imobiliare.ro\/imoexpert\/o-bucatarie-la-moda_db\/#breadcrumb","itemListElement":[{"@type":"ListItem","position":1,"name":"Imoradar24","item":"https:\/\/www.imoradar24.ro"},{"@type":"ListItem","position":2,"name":"ImoExpert","item":"https:\/\/www.imobiliare.ro\/imoexpert\/"},{"@type":"ListItem","position":3,"name":"Sfaturi","item":"https:\/\/www.imobiliare.ro\/imoexpert\/ghid-imobiliar\/"},{"@type":"ListItem","position":4,"name":"Home &amp; Deco","item":"https:\/\/www.imobiliare.ro\/imoexpert\/ghid-imobiliar\/home-deco\/"},{"@type":"ListItem","position":5,"name":"O buc\u0103t\u0103rie la mod\u0103"}]},{"@type":"WebSite","@id":"https:\/\/www.imobiliare.ro\/imoexpert\/#website","url":"https:\/\/www.imobiliare.ro\/imoexpert\/","name":"ImoExpert","description":"cele mai importante \u015ftiri din domeniul imobiliar","publisher":{"@id":"https:\/\/www.imobiliare.ro\/imoexpert\/#organization"},"inLanguage":"en"},{"@type":"Organization","@id":"https:\/\/www.imobiliare.ro\/imoexpert\/#organization","name":"Imobiliare.ro","alternateName":"Realmedia Network SA","url":"https:\/\/www.imobiliare.ro\/imoexpert\/","logo":{"@type":"ImageObject","inLanguage":"en","@id":"https:\/\/www.imobiliare.ro\/imoexpert\/#\/schema\/logo\/image\/","url":"https:\/\/www.imobiliare.ro\/imoexpert\/wp-content\/uploads\/2025\/05\/imobiliare_logo.png","contentUrl":"https:\/\/www.imobiliare.ro\/imoexpert\/wp-content\/uploads\/2025\/05\/imobiliare_logo.png","width":237,"height":29,"caption":"Imobiliare.ro"},"image":{"@id":"https:\/\/www.imobiliare.ro\/imoexpert\/#\/schema\/logo\/image\/"}},{"@type":"Person","@id":"https:\/\/www.imobiliare.ro\/imoexpert\/#\/schema\/person\/8c13b0297075010b896471fabf0d7790","name":"Adriana Dr\u0103gu\u0219in","image":{"@type":"ImageObject","inLanguage":"en","@id":"https:\/\/www.imobiliare.ro\/imoexpert\/#\/schema\/person\/image\/","url":"https:\/\/secure.gravatar.com\/avatar\/ba4762f7517e50e679ed7f11207102d1150120f2f5800c0da98f8a15305bf514?s=96&d=mm&r=g","contentUrl":"https:\/\/secure.gravatar.com\/avatar\/ba4762f7517e50e679ed7f11207102d1150120f2f5800c0da98f8a15305bf514?s=96&d=mm&r=g","caption":"Adriana Dr\u0103gu\u0219in"},"jobTitle":"Editor","url":"https:\/\/www.imobiliare.ro\/imoexpert\/author\/adriana-dragusin\/"}]}},"_links":{"self":[{"href":"https:\/\/www.imobiliare.ro\/imoexpert\/wp-json\/wp\/v2\/posts\/37500","targetHints":{"allow":["GET"]}}],"collection":[{"href":"https:\/\/www.imobiliare.ro\/imoexpert\/wp-json\/wp\/v2\/posts"}],"about":[{"href":"https:\/\/www.imobiliare.ro\/imoexpert\/wp-json\/wp\/v2\/types\/post"}],"author":[{"embeddable":true,"href":"https:\/\/www.imobiliare.ro\/imoexpert\/wp-json\/wp\/v2\/users\/829"}],"replies":[{"embeddable":true,"href":"https:\/\/www.imobiliare.ro\/imoexpert\/wp-json\/wp\/v2\/comments?post=37500"}],"version-history":[{"count":0,"href":"https:\/\/www.imobiliare.ro\/imoexpert\/wp-json\/wp\/v2\/posts\/37500\/revisions"}],"wp:featuredmedia":[{"embeddable":true,"href":"https:\/\/www.imobiliare.ro\/imoexpert\/wp-json\/wp\/v2\/media\/37501"}],"wp:attachment":[{"href":"https:\/\/www.imobiliare.ro\/imoexpert\/wp-json\/wp\/v2\/media?parent=37500"}],"wp:term":[{"taxonomy":"category","embeddable":true,"href":"https:\/\/www.imobiliare.ro\/imoexpert\/wp-json\/wp\/v2\/categories?post=37500"},{"taxonomy":"post_tag","embeddable":true,"href":"https:\/\/www.imobiliare.ro\/imoexpert\/wp-json\/wp\/v2\/tags?post=37500"},{"taxonomy":"content_author","embeddable":true,"href":"https:\/\/www.imobiliare.ro\/imoexpert\/wp-json\/wp\/v2\/content_author?post=37500"}],"curies":[{"name":"wp","href":"https:\/\/api.w.org\/{rel}","templated":true}]}}