{"id":37567,"date":"2016-04-04T11:50:05","date_gmt":"2016-04-04T08:50:05","guid":{"rendered":"https:\/\/www.imobiliare.ro\/?p=37567"},"modified":"2016-04-04T11:50:05","modified_gmt":"2016-04-04T08:50:05","slug":"de-recesiune-am-trecut-acum-incotro","status":"publish","type":"post","link":"https:\/\/www.imobiliare.ro\/imoexpert\/de-recesiune-am-trecut-acum-incotro_db\/","title":{"rendered":"De recesiune am trecut \u2013 acum \u00eencotro?"},"content":{"rendered":"<p><strong>Deocamdat\u0103, pia\u021ba reziden\u021bial\u0103 \u00ee\u0219i continu\u0103 traiectoria ascendent\u0103.<\/strong><\/p>\n<p>2015 este recunoscut ca anul \u00een care pia\u021ba reziden\u021bial\u0103 autohton\u0103 a ie\u0219it \u201eoficial\u201d din criz\u0103. Nu o spun doar juc\u0103torii din pia\u021b\u0103, ci o arat\u0103 \u0219i statisticile oficiale. Previziunile pozitive asupra evolu\u021biei pie\u021bei nu sunt lipsite \u00eens\u0103 de temeri \u0219i \u00eendoieli.<\/p>\n<p><a class=\"article-body-links\"href=\"https:\/\/www.imobiliare.ro\/imoexpert\/wp-content\/uploads\/2016\/04\/tranzactii-imobiliare.jpg\"><img loading=\"lazy\" decoding=\"async\" src=\"https:\/\/www.imobiliare.ro\/imoexpert\/wp-content\/uploads\/2016\/04\/tranzactii-imobiliare.jpg\" alt=\"tranzactii imobiliare\" width=\"599\" height=\"489\" class=\"aligncenter size-full wp-image-37568\" srcset=\"https:\/\/www.imobiliare.ro\/imoexpert\/wp-content\/uploads\/2016\/04\/tranzactii-imobiliare.jpg 599w, https:\/\/www.imobiliare.ro\/imoexpert\/wp-content\/uploads\/2016\/04\/tranzactii-imobiliare-300x245.jpg 300w\" sizes=\"auto, (max-width: 599px) 100vw, 599px\" \/><\/a><\/p>\n<p>Potrivit datelor publicate de Agen\u0163ia Na\u0163ional\u0103 de Cadastru \u015fi Publicitate Imobiliar\u0103 (ANCPI), \u00een 2015 au fost \u00eenregistrate, la nivel na\u0163ional, 890.169 tranzac\u0163ii imobiliare, cu aproape 8% mai multe comparativ cu anul precedent. Cele mai multe tranzac\u0163ii au  avut loc \u00een Bucure\u0219ti (83.312), \u00een jude\u021bele Ilfov (57.169) \u0219i Timi\u0219 (44.218). La polul opus se situeaz\u0103 Covasna (7.736), Bistri\u021ba-N\u0103s\u0103ud (7.898) \u0219i Gorj (9.109).<\/p>\n<p>Pe o tendin\u021b\u0103 ascendent\u0103 s-a \u00eenscris \u0219i volumul livr\u0103rilor de locuin\u021be. Potrivit statisticilor (provizorii) ale Institutului Na\u021bional de Statistic\u0103 (INS), la nivel na\u021bional au fost finalizate anul trecut 47.017 de case, cu 4.428 de unit\u0103\u021bi mai mult dec\u00e2t \u00een 2014 \u2013 ceea ce echivaleaz\u0103 cu o cre\u0219tere de aproximativ 10%. Cel mai mare avans a fost consemnat \u00een regiunea de dezvoltare Bucure\u0219ti-Ilfov, unde au fost finalizate 11.082 de locuin\u021be, cu circa 33% mai mult dec\u00e2t \u00een 2014. \u00cen regiunea Centru, livr\u0103rile s-au majorat cu aproape 27% (de la 4.431 la 5.658 de unit\u0103\u021bi), iar \u00een Vest a avut loc o cre\u0219tere de 15%, de la 3.576 la 4.112 locuin\u021be.<\/p>\n<p><strong>Cre\u0219te apetitul pentru achizi\u021bii&#8230;<\/strong><br \/>\n\u00cen 2016, pia\u021ba pare s\u0103 mearg\u0103 \u2013 deocamdat\u0103, cel pu\u021bin \u2013 tot pe o pant\u0103 ascendent\u0103. Discu\u021biile pe marginea legii d\u0103rii \u00een plat\u0103 au crescut apetitul pentru cump\u0103rarea de locuin\u021be, fapt semnalat de organizatorii T\u00e2rgului Imobiliar Na\u021bional (tIMOn), cel mai recent eveniment de profil desf\u0103\u0219urat \u00een Capital\u0103. \u201e\u00centr-un moment \u00een care pia\u021ba reziden\u021bial\u0103 din Rom\u00e2nia se lupt\u0103 cu presupusele efecte ale legii d\u0103rii \u00een plat\u0103, apetitul pentru achizi\u021biile imobiliare cre\u0219te \u00een r\u00e2ndul consumatorilor\u201d, noteaz\u0103 ace\u0219tia. Un efect de stimulare a tranzac\u021biilor a avut loc \u0219i pe segmentul apartamentelor vechi, potrivit lui Igor Postovanu, broker\/owner \u00een cadrul agen\u021biei bucure\u0219tene Sims Parkman. <\/p>\n<blockquote><p>\u201eAnul acesta a debutat bine, \u00een ciuda incertitudinilor din pia\u021b\u0103, cu o cerere \u00een cre\u0219tere \u0219i men\u021binere a num\u0103rului de tranzac\u021bii, \u00een contextul unei oferte tot mai variate \u0219i a stabiliz\u0103rii pre\u021burilor \u0219i \u00eembun\u0103t\u0103\u021birii ofertelor de creditare.\u201d<\/p>\n<p><em><strong>Andrei S\u00e2rbu, vicepre\u0219edinte Coldwell Banker Affiliates of Romania<\/strong><\/em><\/p><\/blockquote>\n<p><strong>&#8230;la fel \u0219i pentru investi\u021bii!<\/strong><br \/>\nCa r\u0103spuns la cererea din pia\u021b\u0103, \u0219i apetitul pentru investi\u021bii al dezvoltatorilor de locuin\u021be a crescut. \u00cen cadrul tIMOn, spre exemplu, au fost lansate \u0219i promovate \u00een premier\u0103 (\u0219i \u00een exclusivitate) un num\u0103r de 20 de proiecte reziden\u021biale noi, cu un total de peste 1.500 de locuin\u021be. Potrivit organizatorilor, acestea cumuleaz\u0103 investi\u021bii de peste 200 de milioane de euro, fiind dezvoltate de juc\u0103tori deja consacra\u021bi pe pia\u021ba local\u0103, dar nu numai. \u201eNoile proiecte sunt localizate \u00een toate zonele din Bucure\u0219ti, venind cu o palet\u0103 extrem de diversificat\u0103 de locuin\u021be. Pia\u021ba nu mai este at\u00e2t de polarizat\u0103 ca \u00een urm\u0103 cu 1-2 ani, c\u00e2nd noile dezvolt\u0103ri erau fie \u00een zone foarte scumpe, fie \u00een cele mai ieftine. Dezvoltatorii au prins curaj \u0219i mizeaz\u0103 acum pe clasa de mijloc a popula\u021biei, care reprezint\u0103 cererea sustenabil\u0103\u201d, spune Vlad Vl\u0103sceanu, directorul tIMOn.<\/p>\n","protected":false},"excerpt":{"rendered":"<p>Deocamdat\u0103, pia\u021ba reziden\u021bial\u0103 \u00ee\u0219i continu\u0103 traiectoria ascendent\u0103. 2015 este recunoscut ca anul \u00een care pia\u021ba reziden\u021bial\u0103 autohton\u0103 a ie\u0219it \u201eoficial\u201d din criz\u0103. Nu o spun doar juc\u0103torii din pia\u021b\u0103, ci o arat\u0103 \u0219i statisticile oficiale. Previziunile pozitive asupra evolu\u021biei pie\u021bei nu sunt lipsite \u00eens\u0103 de temeri \u0219i \u00eendoieli. Potrivit datelor publicate de Agen\u0163ia Na\u0163ional\u0103 de [&hellip;]<\/p>\n","protected":false},"author":829,"featured_media":37568,"comment_status":"open","ping_status":"open","sticky":false,"template":"","format":"standard","meta":{"footnotes":""},"categories":[259],"tags":[333,480,1410,1411],"content_author":[],"class_list":["post-37567","post","type-post","status-publish","format-standard","has-post-thumbnail","hentry","category-stiri","tag-ansambluri-rezidentiale","tag-cumparator","tag-newsletter","tag-principal"],"yoast_head":"<!-- This site is optimized with the Yoast SEO Premium plugin v27.0 (Yoast SEO v27.0) - https:\/\/yoast.com\/product\/yoast-seo-premium-wordpress\/ -->\n<title>De recesiune am trecut \u2013 acum \u00eencotro? - \u0218tiri - ImoExpert<\/title>\n<meta name=\"description\" content=\"Deocamdat\u0103, pia\u021ba reziden\u021bial\u0103 \u00ee\u0219i continu\u0103 traiectoria ascendent\u0103. 2015 este recunoscut ca anul \u00een care pia\u021ba reziden\u021bial\u0103 autohton\u0103 a ie\u0219it \u201eoficial\u201d\" \/>\n<meta name=\"robots\" content=\"index, follow\" \/>\n<link rel=\"canonical\" href=\"https:\/\/www.imobiliare.ro\/imoexpert\/de-recesiune-am-trecut-acum-incotro_db\/\" \/>\n<meta property=\"og:locale\" content=\"ro_RO\" \/>\n<meta property=\"og:type\" content=\"article\" \/>\n<meta property=\"og:title\" content=\"De recesiune am trecut \u2013 acum \u00eencotro?\" \/>\n<meta property=\"og:description\" content=\"Deocamdat\u0103, pia\u021ba reziden\u021bial\u0103 \u00ee\u0219i continu\u0103 traiectoria ascendent\u0103. 2015 este recunoscut ca anul \u00een care pia\u021ba reziden\u021bial\u0103 autohton\u0103 a ie\u0219it \u201eoficial\u201d\" \/>\n<meta property=\"og:url\" content=\"https:\/\/www.imobiliare.ro\/imoexpert\/de-recesiune-am-trecut-acum-incotro_db\/\" \/>\n<meta property=\"og:site_name\" content=\"ImoExpert\" \/>\n<meta property=\"article:published_time\" content=\"2016-04-04T08:50:05+00:00\" \/>\n<meta property=\"og:image\" content=\"https:\/\/www.imobiliare.ro\/imoexpert\/wp-content\/uploads\/2016\/04\/tranzactii-imobiliare.jpg\" \/>\n\t<meta property=\"og:image:width\" content=\"599\" \/>\n\t<meta property=\"og:image:height\" content=\"489\" \/>\n\t<meta property=\"og:image:type\" content=\"image\/jpeg\" \/>\n<meta name=\"author\" content=\"Adriana Dr\u0103gu\u0219in\" \/>\n<meta name=\"twitter:card\" content=\"summary_large_image\" \/>\n<meta name=\"twitter:label1\" content=\"Written by\" \/>\n\t<meta name=\"twitter:data1\" content=\"Adriana Dr\u0103gu\u0219in\" \/>\n\t<meta name=\"twitter:label2\" content=\"Est. reading time\" \/>\n\t<meta name=\"twitter:data2\" content=\"3 minute\" \/>\n<script type=\"application\/ld+json\" class=\"yoast-schema-graph\">{\"@context\":\"https:\/\/schema.org\",\"@graph\":[{\"@type\":\"Article\",\"@id\":\"https:\/\/www.imobiliare.ro\/imoexpert\/de-recesiune-am-trecut-acum-incotro_db\/#article\",\"isPartOf\":{\"@id\":\"https:\/\/www.imobiliare.ro\/imoexpert\/de-recesiune-am-trecut-acum-incotro_db\/\"},\"author\":{\"name\":\"Adriana Dr\u0103gu\u0219in\",\"@id\":\"https:\/\/www.imobiliare.ro\/imoexpert\/#\/schema\/person\/8c13b0297075010b896471fabf0d7790\"},\"headline\":\"De recesiune am trecut \u2013 acum \u00eencotro?\",\"datePublished\":\"2016-04-04T08:50:05+00:00\",\"mainEntityOfPage\":{\"@id\":\"https:\/\/www.imobiliare.ro\/imoexpert\/de-recesiune-am-trecut-acum-incotro_db\/\"},\"wordCount\":570,\"commentCount\":0,\"publisher\":{\"@id\":\"https:\/\/www.imobiliare.ro\/imoexpert\/#organization\"},\"image\":{\"@id\":\"https:\/\/www.imobiliare.ro\/imoexpert\/de-recesiune-am-trecut-acum-incotro_db\/#primaryimage\"},\"thumbnailUrl\":\"https:\/\/www.imobiliare.ro\/imoexpert\/wp-content\/uploads\/2016\/04\/tranzactii-imobiliare.jpg\",\"keywords\":[\"Ansambluri rezidentiale\",\"cumparator\",\"newsletter\",\"principal\"],\"articleSection\":[\"\u0218tiri\"],\"inLanguage\":\"en\",\"potentialAction\":[{\"@type\":\"CommentAction\",\"name\":\"Comment\",\"target\":[\"https:\/\/www.imobiliare.ro\/imoexpert\/de-recesiune-am-trecut-acum-incotro_db\/#respond\"]}],\"copyrightYear\":\"2016\",\"copyrightHolder\":{\"@id\":\"https:\/\/www.imobiliare.ro\/imoexpert\/#organization\"}},{\"@type\":\"WebPage\",\"@id\":\"https:\/\/www.imobiliare.ro\/imoexpert\/de-recesiune-am-trecut-acum-incotro_db\/\",\"url\":\"https:\/\/www.imobiliare.ro\/imoexpert\/de-recesiune-am-trecut-acum-incotro_db\/\",\"name\":\"De recesiune am trecut \u2013 acum \u00eencotro? - \u0218tiri - ImoExpert\",\"isPartOf\":{\"@id\":\"https:\/\/www.imobiliare.ro\/imoexpert\/#website\"},\"primaryImageOfPage\":{\"@id\":\"https:\/\/www.imobiliare.ro\/imoexpert\/de-recesiune-am-trecut-acum-incotro_db\/#primaryimage\"},\"image\":{\"@id\":\"https:\/\/www.imobiliare.ro\/imoexpert\/de-recesiune-am-trecut-acum-incotro_db\/#primaryimage\"},\"thumbnailUrl\":\"https:\/\/www.imobiliare.ro\/imoexpert\/wp-content\/uploads\/2016\/04\/tranzactii-imobiliare.jpg\",\"datePublished\":\"2016-04-04T08:50:05+00:00\",\"description\":\"Deocamdat\u0103, pia\u021ba reziden\u021bial\u0103 \u00ee\u0219i continu\u0103 traiectoria ascendent\u0103. 2015 este recunoscut ca anul \u00een care pia\u021ba reziden\u021bial\u0103 autohton\u0103 a ie\u0219it \u201eoficial\u201d\",\"breadcrumb\":{\"@id\":\"https:\/\/www.imobiliare.ro\/imoexpert\/de-recesiune-am-trecut-acum-incotro_db\/#breadcrumb\"},\"inLanguage\":\"en\",\"potentialAction\":[{\"@type\":\"ReadAction\",\"target\":[\"https:\/\/www.imobiliare.ro\/imoexpert\/de-recesiune-am-trecut-acum-incotro_db\/\"]}]},{\"@type\":\"ImageObject\",\"inLanguage\":\"en\",\"@id\":\"https:\/\/www.imobiliare.ro\/imoexpert\/de-recesiune-am-trecut-acum-incotro_db\/#primaryimage\",\"url\":\"https:\/\/www.imobiliare.ro\/imoexpert\/wp-content\/uploads\/2016\/04\/tranzactii-imobiliare.jpg\",\"contentUrl\":\"https:\/\/www.imobiliare.ro\/imoexpert\/wp-content\/uploads\/2016\/04\/tranzactii-imobiliare.jpg\",\"width\":599,\"height\":489},{\"@type\":\"BreadcrumbList\",\"@id\":\"https:\/\/www.imobiliare.ro\/imoexpert\/de-recesiune-am-trecut-acum-incotro_db\/#breadcrumb\",\"itemListElement\":[{\"@type\":\"ListItem\",\"position\":1,\"name\":\"Imoradar24\",\"item\":\"https:\/\/www.imoradar24.ro\"},{\"@type\":\"ListItem\",\"position\":2,\"name\":\"ImoExpert\",\"item\":\"https:\/\/www.imobiliare.ro\/imoexpert\/\"},{\"@type\":\"ListItem\",\"position\":3,\"name\":\"\u0218tiri\",\"item\":\"https:\/\/www.imobiliare.ro\/imoexpert\/stiri\/\"},{\"@type\":\"ListItem\",\"position\":4,\"name\":\"De recesiune am trecut \u2013 acum \u00eencotro?\"}]},{\"@type\":\"WebSite\",\"@id\":\"https:\/\/www.imobiliare.ro\/imoexpert\/#website\",\"url\":\"https:\/\/www.imobiliare.ro\/imoexpert\/\",\"name\":\"ImoExpert\",\"description\":\"cele mai importante \u015ftiri din domeniul imobiliar\",\"publisher\":{\"@id\":\"https:\/\/www.imobiliare.ro\/imoexpert\/#organization\"},\"inLanguage\":\"en\"},{\"@type\":\"Organization\",\"@id\":\"https:\/\/www.imobiliare.ro\/imoexpert\/#organization\",\"name\":\"Imobiliare.ro\",\"alternateName\":\"Realmedia Network SA\",\"url\":\"https:\/\/www.imobiliare.ro\/imoexpert\/\",\"logo\":{\"@type\":\"ImageObject\",\"inLanguage\":\"en\",\"@id\":\"https:\/\/www.imobiliare.ro\/imoexpert\/#\/schema\/logo\/image\/\",\"url\":\"https:\/\/www.imobiliare.ro\/imoexpert\/wp-content\/uploads\/2025\/05\/imobiliare_logo.png\",\"contentUrl\":\"https:\/\/www.imobiliare.ro\/imoexpert\/wp-content\/uploads\/2025\/05\/imobiliare_logo.png\",\"width\":237,\"height\":29,\"caption\":\"Imobiliare.ro\"},\"image\":{\"@id\":\"https:\/\/www.imobiliare.ro\/imoexpert\/#\/schema\/logo\/image\/\"}},{\"@type\":\"Person\",\"@id\":\"https:\/\/www.imobiliare.ro\/imoexpert\/#\/schema\/person\/8c13b0297075010b896471fabf0d7790\",\"name\":\"Adriana Dr\u0103gu\u0219in\",\"image\":{\"@type\":\"ImageObject\",\"inLanguage\":\"en\",\"@id\":\"https:\/\/www.imobiliare.ro\/imoexpert\/#\/schema\/person\/image\/\",\"url\":\"https:\/\/secure.gravatar.com\/avatar\/ba4762f7517e50e679ed7f11207102d1150120f2f5800c0da98f8a15305bf514?s=96&d=mm&r=g\",\"contentUrl\":\"https:\/\/secure.gravatar.com\/avatar\/ba4762f7517e50e679ed7f11207102d1150120f2f5800c0da98f8a15305bf514?s=96&d=mm&r=g\",\"caption\":\"Adriana Dr\u0103gu\u0219in\"},\"jobTitle\":\"Editor\",\"url\":\"https:\/\/www.imobiliare.ro\/imoexpert\/author\/adriana-dragusin\/\"}]}<\/script>\n<!-- \/ Yoast SEO Premium plugin. -->","yoast_head_json":{"title":"De recesiune am trecut \u2013 acum \u00eencotro? - \u0218tiri - ImoExpert","description":"Deocamdat\u0103, pia\u021ba reziden\u021bial\u0103 \u00ee\u0219i continu\u0103 traiectoria ascendent\u0103. 2015 este recunoscut ca anul \u00een care pia\u021ba reziden\u021bial\u0103 autohton\u0103 a ie\u0219it \u201eoficial\u201d","robots":{"index":"index","follow":"follow"},"canonical":"https:\/\/www.imobiliare.ro\/imoexpert\/de-recesiune-am-trecut-acum-incotro_db\/","og_locale":"ro_RO","og_type":"article","og_title":"De recesiune am trecut \u2013 acum \u00eencotro?","og_description":"Deocamdat\u0103, pia\u021ba reziden\u021bial\u0103 \u00ee\u0219i continu\u0103 traiectoria ascendent\u0103. 2015 este recunoscut ca anul \u00een care pia\u021ba reziden\u021bial\u0103 autohton\u0103 a ie\u0219it \u201eoficial\u201d","og_url":"https:\/\/www.imobiliare.ro\/imoexpert\/de-recesiune-am-trecut-acum-incotro_db\/","og_site_name":"ImoExpert","article_published_time":"2016-04-04T08:50:05+00:00","og_image":[{"width":599,"height":489,"url":"https:\/\/www.imobiliare.ro\/imoexpert\/wp-content\/uploads\/2016\/04\/tranzactii-imobiliare.jpg","type":"image\/jpeg"}],"author":"Adriana Dr\u0103gu\u0219in","twitter_card":"summary_large_image","twitter_misc":{"Written by":"Adriana Dr\u0103gu\u0219in","Est. reading time":"3 minute"},"schema":{"@context":"https:\/\/schema.org","@graph":[{"@type":"Article","@id":"https:\/\/www.imobiliare.ro\/imoexpert\/de-recesiune-am-trecut-acum-incotro_db\/#article","isPartOf":{"@id":"https:\/\/www.imobiliare.ro\/imoexpert\/de-recesiune-am-trecut-acum-incotro_db\/"},"author":{"name":"Adriana Dr\u0103gu\u0219in","@id":"https:\/\/www.imobiliare.ro\/imoexpert\/#\/schema\/person\/8c13b0297075010b896471fabf0d7790"},"headline":"De recesiune am trecut \u2013 acum \u00eencotro?","datePublished":"2016-04-04T08:50:05+00:00","mainEntityOfPage":{"@id":"https:\/\/www.imobiliare.ro\/imoexpert\/de-recesiune-am-trecut-acum-incotro_db\/"},"wordCount":570,"commentCount":0,"publisher":{"@id":"https:\/\/www.imobiliare.ro\/imoexpert\/#organization"},"image":{"@id":"https:\/\/www.imobiliare.ro\/imoexpert\/de-recesiune-am-trecut-acum-incotro_db\/#primaryimage"},"thumbnailUrl":"https:\/\/www.imobiliare.ro\/imoexpert\/wp-content\/uploads\/2016\/04\/tranzactii-imobiliare.jpg","keywords":["Ansambluri rezidentiale","cumparator","newsletter","principal"],"articleSection":["\u0218tiri"],"inLanguage":"en","potentialAction":[{"@type":"CommentAction","name":"Comment","target":["https:\/\/www.imobiliare.ro\/imoexpert\/de-recesiune-am-trecut-acum-incotro_db\/#respond"]}],"copyrightYear":"2016","copyrightHolder":{"@id":"https:\/\/www.imobiliare.ro\/imoexpert\/#organization"}},{"@type":"WebPage","@id":"https:\/\/www.imobiliare.ro\/imoexpert\/de-recesiune-am-trecut-acum-incotro_db\/","url":"https:\/\/www.imobiliare.ro\/imoexpert\/de-recesiune-am-trecut-acum-incotro_db\/","name":"De recesiune am trecut \u2013 acum \u00eencotro? - \u0218tiri - ImoExpert","isPartOf":{"@id":"https:\/\/www.imobiliare.ro\/imoexpert\/#website"},"primaryImageOfPage":{"@id":"https:\/\/www.imobiliare.ro\/imoexpert\/de-recesiune-am-trecut-acum-incotro_db\/#primaryimage"},"image":{"@id":"https:\/\/www.imobiliare.ro\/imoexpert\/de-recesiune-am-trecut-acum-incotro_db\/#primaryimage"},"thumbnailUrl":"https:\/\/www.imobiliare.ro\/imoexpert\/wp-content\/uploads\/2016\/04\/tranzactii-imobiliare.jpg","datePublished":"2016-04-04T08:50:05+00:00","description":"Deocamdat\u0103, pia\u021ba reziden\u021bial\u0103 \u00ee\u0219i continu\u0103 traiectoria ascendent\u0103. 2015 este recunoscut ca anul \u00een care pia\u021ba reziden\u021bial\u0103 autohton\u0103 a ie\u0219it \u201eoficial\u201d","breadcrumb":{"@id":"https:\/\/www.imobiliare.ro\/imoexpert\/de-recesiune-am-trecut-acum-incotro_db\/#breadcrumb"},"inLanguage":"en","potentialAction":[{"@type":"ReadAction","target":["https:\/\/www.imobiliare.ro\/imoexpert\/de-recesiune-am-trecut-acum-incotro_db\/"]}]},{"@type":"ImageObject","inLanguage":"en","@id":"https:\/\/www.imobiliare.ro\/imoexpert\/de-recesiune-am-trecut-acum-incotro_db\/#primaryimage","url":"https:\/\/www.imobiliare.ro\/imoexpert\/wp-content\/uploads\/2016\/04\/tranzactii-imobiliare.jpg","contentUrl":"https:\/\/www.imobiliare.ro\/imoexpert\/wp-content\/uploads\/2016\/04\/tranzactii-imobiliare.jpg","width":599,"height":489},{"@type":"BreadcrumbList","@id":"https:\/\/www.imobiliare.ro\/imoexpert\/de-recesiune-am-trecut-acum-incotro_db\/#breadcrumb","itemListElement":[{"@type":"ListItem","position":1,"name":"Imoradar24","item":"https:\/\/www.imoradar24.ro"},{"@type":"ListItem","position":2,"name":"ImoExpert","item":"https:\/\/www.imobiliare.ro\/imoexpert\/"},{"@type":"ListItem","position":3,"name":"\u0218tiri","item":"https:\/\/www.imobiliare.ro\/imoexpert\/stiri\/"},{"@type":"ListItem","position":4,"name":"De recesiune am trecut \u2013 acum \u00eencotro?"}]},{"@type":"WebSite","@id":"https:\/\/www.imobiliare.ro\/imoexpert\/#website","url":"https:\/\/www.imobiliare.ro\/imoexpert\/","name":"ImoExpert","description":"cele mai importante \u015ftiri din domeniul imobiliar","publisher":{"@id":"https:\/\/www.imobiliare.ro\/imoexpert\/#organization"},"inLanguage":"en"},{"@type":"Organization","@id":"https:\/\/www.imobiliare.ro\/imoexpert\/#organization","name":"Imobiliare.ro","alternateName":"Realmedia Network SA","url":"https:\/\/www.imobiliare.ro\/imoexpert\/","logo":{"@type":"ImageObject","inLanguage":"en","@id":"https:\/\/www.imobiliare.ro\/imoexpert\/#\/schema\/logo\/image\/","url":"https:\/\/www.imobiliare.ro\/imoexpert\/wp-content\/uploads\/2025\/05\/imobiliare_logo.png","contentUrl":"https:\/\/www.imobiliare.ro\/imoexpert\/wp-content\/uploads\/2025\/05\/imobiliare_logo.png","width":237,"height":29,"caption":"Imobiliare.ro"},"image":{"@id":"https:\/\/www.imobiliare.ro\/imoexpert\/#\/schema\/logo\/image\/"}},{"@type":"Person","@id":"https:\/\/www.imobiliare.ro\/imoexpert\/#\/schema\/person\/8c13b0297075010b896471fabf0d7790","name":"Adriana Dr\u0103gu\u0219in","image":{"@type":"ImageObject","inLanguage":"en","@id":"https:\/\/www.imobiliare.ro\/imoexpert\/#\/schema\/person\/image\/","url":"https:\/\/secure.gravatar.com\/avatar\/ba4762f7517e50e679ed7f11207102d1150120f2f5800c0da98f8a15305bf514?s=96&d=mm&r=g","contentUrl":"https:\/\/secure.gravatar.com\/avatar\/ba4762f7517e50e679ed7f11207102d1150120f2f5800c0da98f8a15305bf514?s=96&d=mm&r=g","caption":"Adriana Dr\u0103gu\u0219in"},"jobTitle":"Editor","url":"https:\/\/www.imobiliare.ro\/imoexpert\/author\/adriana-dragusin\/"}]}},"_links":{"self":[{"href":"https:\/\/www.imobiliare.ro\/imoexpert\/wp-json\/wp\/v2\/posts\/37567","targetHints":{"allow":["GET"]}}],"collection":[{"href":"https:\/\/www.imobiliare.ro\/imoexpert\/wp-json\/wp\/v2\/posts"}],"about":[{"href":"https:\/\/www.imobiliare.ro\/imoexpert\/wp-json\/wp\/v2\/types\/post"}],"author":[{"embeddable":true,"href":"https:\/\/www.imobiliare.ro\/imoexpert\/wp-json\/wp\/v2\/users\/829"}],"replies":[{"embeddable":true,"href":"https:\/\/www.imobiliare.ro\/imoexpert\/wp-json\/wp\/v2\/comments?post=37567"}],"version-history":[{"count":0,"href":"https:\/\/www.imobiliare.ro\/imoexpert\/wp-json\/wp\/v2\/posts\/37567\/revisions"}],"wp:featuredmedia":[{"embeddable":true,"href":"https:\/\/www.imobiliare.ro\/imoexpert\/wp-json\/wp\/v2\/media\/37568"}],"wp:attachment":[{"href":"https:\/\/www.imobiliare.ro\/imoexpert\/wp-json\/wp\/v2\/media?parent=37567"}],"wp:term":[{"taxonomy":"category","embeddable":true,"href":"https:\/\/www.imobiliare.ro\/imoexpert\/wp-json\/wp\/v2\/categories?post=37567"},{"taxonomy":"post_tag","embeddable":true,"href":"https:\/\/www.imobiliare.ro\/imoexpert\/wp-json\/wp\/v2\/tags?post=37567"},{"taxonomy":"content_author","embeddable":true,"href":"https:\/\/www.imobiliare.ro\/imoexpert\/wp-json\/wp\/v2\/content_author?post=37567"}],"curies":[{"name":"wp","href":"https:\/\/api.w.org\/{rel}","templated":true}]}}