{"id":37972,"date":"2016-06-02T13:01:50","date_gmt":"2016-06-02T10:01:50","guid":{"rendered":"https:\/\/www.imobiliare.ro\/?p=37972"},"modified":"2016-06-02T13:01:50","modified_gmt":"2016-06-02T10:01:50","slug":"primele-efecte-darea-in-plata-taie-din-elanul-preturilor","status":"publish","type":"post","link":"https:\/\/www.imobiliare.ro\/imoexpert\/primele-efecte-darea-in-plata-taie-din-elanul-preturilor_db\/","title":{"rendered":"Primele efecte? Darea \u00een plat\u0103 taie din elanul pre\u021burilor!"},"content":{"rendered":"<p><strong>\u00cen dou\u0103 mari ora\u0219e ale \u021b\u0103rii, nu se simte \u00eenc\u0103 o reac\u021bie clar\u0103 la intrarea \u00een vigoare a legii.<\/strong> <\/p>\n<p>Intrat\u0103 \u00een vigoare la data de 13 mai, legea d\u0103rii \u00een plat\u0103 \u0219i-a f\u0103cut sim\u021bite efectele asupra pre\u021burilor luna trecut\u0103. Potrivit <a class=\"article-body-links\"href=\"https:\/\/www.imobiliare.ro\/indicele-imobiliare-ro\">Indicelui Imobiliare.ro<\/a>, suma medie solicitat\u0103 pentru <a class=\"article-body-links\"href=\"https:\/\/www.imobiliare.ro\/vanzare-apartamente\/\">apartamentele disponibile spre v\u00e2nzare<\/a> pe plan na\u021bional (noi \u0219i vechi) a sc\u0103zut cu 1,4% \u00een mai, p\u00e2n\u0103 la 1.002 euro pe metru p\u0103trat util \u2013 fa\u021b\u0103 de 1.016 euro pe metru p\u0103trat la finele lui aprilie. Nivelul actual se situeaz\u0103 cu 8% peste cel din perioada similar\u0103 a anului trecut (928 de euro pe metru p\u0103trat). Dintre marile ora\u0219e analizate, cea mai mare marj\u0103 de ajustare a pre\u021burilor a fost consemnat\u0103 \u00een Bra\u0219ov, \u00een timp ce, \u00een Bucure\u0219ti \u0219i Cluj-Napoca, pia\u021ba nu a reac\u021bionat (\u00eenc\u0103) la recentele schimb\u0103ri legislative. <\/p>\n<p><a class=\"article-body-links\"href=\"https:\/\/www.imobiliare.ro\/imoexpert\/wp-content\/uploads\/2016\/06\/crestere-imobiliare.jpg\"><img loading=\"lazy\" decoding=\"async\" src=\"https:\/\/www.imobiliare.ro\/imoexpert\/wp-content\/uploads\/2016\/06\/crestere-imobiliare.jpg\" alt=\"http:\/\/www.dreamstime.com\/royalty-free-stock-images-concept-growth-sales-real-estate-conceptual-image-image46222909\" width=\"600\" height=\"399\" class=\"aligncenter size-full wp-image-37973\" srcset=\"https:\/\/www.imobiliare.ro\/imoexpert\/wp-content\/uploads\/2016\/06\/crestere-imobiliare.jpg 600w, https:\/\/www.imobiliare.ro\/imoexpert\/wp-content\/uploads\/2016\/06\/crestere-imobiliare-300x200.jpg 300w, https:\/\/www.imobiliare.ro\/imoexpert\/wp-content\/uploads\/2016\/06\/crestere-imobiliare-87x57.jpg 87w, https:\/\/www.imobiliare.ro\/imoexpert\/wp-content\/uploads\/2016\/06\/crestere-imobiliare-65x43.jpg 65w, https:\/\/www.imobiliare.ro\/imoexpert\/wp-content\/uploads\/2016\/06\/crestere-imobiliare-154x103.jpg 154w\" sizes=\"auto, (max-width: 600px) 100vw, 600px\" \/><\/a><\/p>\n<p><strong>Bucure\u0219ti:<\/strong><br \/>\n\u00cen Capital\u0103, preten\u021biile proprietarilor s-au majorat cu 0,4% \u00een ultima lun\u0103, de la 1.121 la 1.126 de euro pe metru p\u0103trat util \u2013 valoare cu 6,6% mai mare dec\u00e2t cea valabil\u0103 la sf\u00e2r\u0219itul lui mai 2015, respectiv 1.056 de euro pe metru p\u0103trat. Dac\u0103 pre\u021bul mediu cerut pentru apartamentele noi a r\u0103mas constant \u00een ultimele 31 de zile (la o medie de 1.159 de euro pe metru p\u0103trat), locuin\u021bele din blocurile vechi s-au scumpit cu 0,7%, de la 1.068 la 1.075 de euro pe metru p\u0103trat. <\/p>\n<p><strong>Bra\u0219ov:<\/strong><br \/>\n\u00cen ora\u0219ul de la poalele T\u00e2mpei, <a class=\"article-body-links\"href=\"https:\/\/www.imobiliare.ro\/indicele-imobiliare-ro\">Indicele Imobiliare.ro<\/a> a \u00eenregistrat un declin de 0,9%, de la 923 de euro pe metru p\u0103trat \u00een aprilie, la 915 euro pe metru p\u0103trat \u00een mai \u2013 cu 7% mai mult dec\u00e2t \u00een perioada similar\u0103 a anului trecut, c\u00e2nd se situa la 855 de euro pe metru p\u0103trat. Apartamentele vechi s-au ieftinit u\u0219or (cu 0,2%), de la 914 la 912 euro pe metru p\u0103trat; cele noi au consemnat \u00eens\u0103 un declin considerabil, de 4,8%, de la 973 la 926 de euro pe metru p\u0103trat. <\/p>\n<p><strong>Cluj-Napoca:<\/strong><br \/>\n\u00cen ora\u0219ul de pe Some\u0219, pre\u021bul solicitat de v\u00e2nz\u0103tori a crescut cu 0,9%, de la 1.198 la 1.209 euro pe metru p\u0103trat util \u2013 ceea ce echivaleaz\u0103 cu o diferen\u021b\u0103 de 13,9% fa\u021b\u0103 de nivelul din mai 2015 (1.061 de euro pe metru p\u0103trat). Apartamentele vechi s-au scumpit cel mai mult, respectiv cu 1,2%, de la 1.235 la 1.250 de euro pe metru p\u0103trat; locuin\u021bele nou-construite s-au apreciat \u00eens\u0103 cu 0,8%, de la 1.142 la 1.151 de euro pe metru p\u0103trat. <\/p>\n<p><strong>Constan\u021ba:<\/strong><br \/>\n\u00cen ora\u0219ul de la malul m\u0103rii, valoarea medie de listare a apartamentelor scoase la v\u00e2nzare a r\u0103mas relativ constant\u0103, situ\u00e2ndu-se \u00een prezent la 956 de euro pe metru p\u0103trat (fa\u021b\u0103 de 957 de euro pe metru p\u0103trat la finele lunii precedente); diferen\u021ba fa\u021b\u0103 de perioada similar\u0103 a anului trecut este de 6,2% (\u00een cre\u0219tere de la 900 de euro pe metru p\u0103trat util). Dac\u0103 locuin\u021bele vechi s-au apreciat \u00een mai cu 0,4% (de la 956 la 960 de euro pe metru p\u0103trat), cele noi s-au ieftinit cu 2,2%, de la 962 la 941 de euro pe metru p\u0103trat. <\/p>\n<p><strong>Ia\u0219i:<\/strong><br \/>\n\u00cen capitala Moldovei, apartamentele s-au depreciat, per ansamblu, cu 0,7% \u00een ultimele 31 de zile (de la 889 la 883 de euro pe metru p\u0103trat util), dar r\u0103m\u00e2n mai scumpe cu 5,1% dec\u00e2t \u00een urm\u0103 cu 12 luni (c\u00e2nd costau 840 de euro pe metru p\u0103trat). \u00cen cazul Ia\u0219iului, reac\u021bia la darea \u00een plat\u0103 a fost mai pregnant\u0103 pe segmentul locuin\u021belor vechi: acestea s-au ieftinit \u00een mai cu 2%, de la 879 la 861 de euro pe metru p\u0103trat. Unit\u0103\u021bile locative noi, pe de alt\u0103 parte, au consemnat un avans de 0,4%, de la 898 la 902 euro pe metru p\u0103trat.<\/p>\n<p><strong>Timi\u0219oara:<\/strong><br \/>\n\u00cen ora\u0219ul de pe Bega, <a class=\"article-body-links\"href=\"https:\/\/www.imobiliare.ro\/indicele-imobiliare-ro\">Indicele Imobiliare.ro<\/a> a consemnat un recul de 0,7%, cobor\u00e2nd astfel sub pragul de 1.000 de euro pe metru p\u0103trat atins luna trecut\u0103; valoarea actual\u0103, de 993 de euro pe metru p\u0103trat, este cu 13,5% mai mare dec\u00e2t cea valabil\u0103 \u00een urm\u0103 cu un an (875 euro pe metru p\u0103trat). Tendin\u021ba descendent\u0103 a pre\u021burilor a fost dictat\u0103 exclusiv de apartamentele vechi, care s-au ieftinit cu 1,2%, de la 1.003 la 991 de euro pe metru p\u0103trat. Dup\u0103 o cre\u0219tere de 2,1% (de la 985 la 1.006 euro pe metru p\u0103trat), locuin\u021bele noi au dep\u0103\u0219it \u00eens\u0103 pragul psihologic de 1.000 de euro pe metru p\u0103trat.<\/p>\n","protected":false},"excerpt":{"rendered":"<p>\u00cen dou\u0103 mari ora\u0219e ale \u021b\u0103rii, nu se simte \u00eenc\u0103 o reac\u021bie clar\u0103 la intrarea \u00een vigoare a legii. Intrat\u0103 \u00een vigoare la data de 13 mai, legea d\u0103rii \u00een plat\u0103 \u0219i-a f\u0103cut sim\u021bite efectele asupra pre\u021burilor luna trecut\u0103. Potrivit Indicelui Imobiliare.ro, suma medie solicitat\u0103 pentru apartamentele disponibile spre v\u00e2nzare pe plan na\u021bional (noi \u0219i [&hellip;]<\/p>\n","protected":false},"author":829,"featured_media":37973,"comment_status":"open","ping_status":"open","sticky":false,"template":"","format":"standard","meta":{"footnotes":""},"categories":[259],"tags":[1410,1411,451,1360],"content_author":[],"class_list":["post-37972","post","type-post","status-publish","format-standard","has-post-thumbnail","hentry","category-stiri","tag-newsletter","tag-principal","tag-proprietar","tag-vanzare-apartamente"],"yoast_head":"<!-- This site is optimized with the Yoast SEO Premium plugin v27.0 (Yoast SEO v27.0) - https:\/\/yoast.com\/product\/yoast-seo-premium-wordpress\/ -->\n<title>Primele efecte? Darea \u00een plat\u0103 taie din elanul pre\u021burilor! - \u0218tiri - ImoExpert<\/title>\n<meta name=\"description\" content=\"\u00cen dou\u0103 mari ora\u0219e ale \u021b\u0103rii, nu se simte \u00eenc\u0103 o reac\u021bie clar\u0103 la intrarea \u00een vigoare a legii. Intrat\u0103 \u00een vigoare la data de 13 mai, legea d\u0103rii \u00een plat\u0103\" \/>\n<meta name=\"robots\" content=\"index, follow\" \/>\n<link rel=\"canonical\" href=\"https:\/\/www.imobiliare.ro\/imoexpert\/primele-efecte-darea-in-plata-taie-din-elanul-preturilor_db\/\" \/>\n<meta property=\"og:locale\" content=\"ro_RO\" \/>\n<meta property=\"og:type\" content=\"article\" \/>\n<meta property=\"og:title\" content=\"Primele efecte? Darea \u00een plat\u0103 taie din elanul pre\u021burilor!\" \/>\n<meta property=\"og:description\" content=\"\u00cen dou\u0103 mari ora\u0219e ale \u021b\u0103rii, nu se simte \u00eenc\u0103 o reac\u021bie clar\u0103 la intrarea \u00een vigoare a legii. Intrat\u0103 \u00een vigoare la data de 13 mai, legea d\u0103rii \u00een plat\u0103\" \/>\n<meta property=\"og:url\" content=\"https:\/\/www.imobiliare.ro\/imoexpert\/primele-efecte-darea-in-plata-taie-din-elanul-preturilor_db\/\" \/>\n<meta property=\"og:site_name\" content=\"ImoExpert\" \/>\n<meta property=\"article:published_time\" content=\"2016-06-02T10:01:50+00:00\" \/>\n<meta property=\"og:image\" content=\"https:\/\/www.imobiliare.ro\/imoexpert\/wp-content\/uploads\/2016\/06\/crestere-imobiliare.jpg\" \/>\n\t<meta property=\"og:image:width\" content=\"600\" \/>\n\t<meta property=\"og:image:height\" content=\"399\" \/>\n\t<meta property=\"og:image:type\" content=\"image\/jpeg\" \/>\n<meta name=\"author\" content=\"Adriana Dr\u0103gu\u0219in\" \/>\n<meta name=\"twitter:card\" content=\"summary_large_image\" \/>\n<meta name=\"twitter:label1\" content=\"Written by\" \/>\n\t<meta name=\"twitter:data1\" content=\"Adriana Dr\u0103gu\u0219in\" \/>\n\t<meta name=\"twitter:label2\" content=\"Est. reading time\" \/>\n\t<meta name=\"twitter:data2\" content=\"4 minute\" \/>\n<script type=\"application\/ld+json\" class=\"yoast-schema-graph\">{\"@context\":\"https:\/\/schema.org\",\"@graph\":[{\"@type\":\"Article\",\"@id\":\"https:\/\/www.imobiliare.ro\/imoexpert\/primele-efecte-darea-in-plata-taie-din-elanul-preturilor_db\/#article\",\"isPartOf\":{\"@id\":\"https:\/\/www.imobiliare.ro\/imoexpert\/primele-efecte-darea-in-plata-taie-din-elanul-preturilor_db\/\"},\"author\":{\"name\":\"Adriana Dr\u0103gu\u0219in\",\"@id\":\"https:\/\/www.imobiliare.ro\/imoexpert\/#\/schema\/person\/8c13b0297075010b896471fabf0d7790\"},\"headline\":\"Primele efecte? Darea \u00een plat\u0103 taie din elanul pre\u021burilor!\",\"datePublished\":\"2016-06-02T10:01:50+00:00\",\"mainEntityOfPage\":{\"@id\":\"https:\/\/www.imobiliare.ro\/imoexpert\/primele-efecte-darea-in-plata-taie-din-elanul-preturilor_db\/\"},\"wordCount\":733,\"commentCount\":0,\"publisher\":{\"@id\":\"https:\/\/www.imobiliare.ro\/imoexpert\/#organization\"},\"image\":{\"@id\":\"https:\/\/www.imobiliare.ro\/imoexpert\/primele-efecte-darea-in-plata-taie-din-elanul-preturilor_db\/#primaryimage\"},\"thumbnailUrl\":\"https:\/\/www.imobiliare.ro\/imoexpert\/wp-content\/uploads\/2016\/06\/crestere-imobiliare.jpg\",\"keywords\":[\"newsletter\",\"principal\",\"proprietar\",\"V\u00e2nzare apartamente\"],\"articleSection\":[\"\u0218tiri\"],\"inLanguage\":\"en\",\"potentialAction\":[{\"@type\":\"CommentAction\",\"name\":\"Comment\",\"target\":[\"https:\/\/www.imobiliare.ro\/imoexpert\/primele-efecte-darea-in-plata-taie-din-elanul-preturilor_db\/#respond\"]}],\"copyrightYear\":\"2016\",\"copyrightHolder\":{\"@id\":\"https:\/\/www.imobiliare.ro\/imoexpert\/#organization\"}},{\"@type\":\"WebPage\",\"@id\":\"https:\/\/www.imobiliare.ro\/imoexpert\/primele-efecte-darea-in-plata-taie-din-elanul-preturilor_db\/\",\"url\":\"https:\/\/www.imobiliare.ro\/imoexpert\/primele-efecte-darea-in-plata-taie-din-elanul-preturilor_db\/\",\"name\":\"Primele efecte? Darea \u00een plat\u0103 taie din elanul pre\u021burilor! - \u0218tiri - ImoExpert\",\"isPartOf\":{\"@id\":\"https:\/\/www.imobiliare.ro\/imoexpert\/#website\"},\"primaryImageOfPage\":{\"@id\":\"https:\/\/www.imobiliare.ro\/imoexpert\/primele-efecte-darea-in-plata-taie-din-elanul-preturilor_db\/#primaryimage\"},\"image\":{\"@id\":\"https:\/\/www.imobiliare.ro\/imoexpert\/primele-efecte-darea-in-plata-taie-din-elanul-preturilor_db\/#primaryimage\"},\"thumbnailUrl\":\"https:\/\/www.imobiliare.ro\/imoexpert\/wp-content\/uploads\/2016\/06\/crestere-imobiliare.jpg\",\"datePublished\":\"2016-06-02T10:01:50+00:00\",\"description\":\"\u00cen dou\u0103 mari ora\u0219e ale \u021b\u0103rii, nu se simte \u00eenc\u0103 o reac\u021bie clar\u0103 la intrarea \u00een vigoare a legii. Intrat\u0103 \u00een vigoare la data de 13 mai, legea d\u0103rii \u00een plat\u0103\",\"breadcrumb\":{\"@id\":\"https:\/\/www.imobiliare.ro\/imoexpert\/primele-efecte-darea-in-plata-taie-din-elanul-preturilor_db\/#breadcrumb\"},\"inLanguage\":\"en\",\"potentialAction\":[{\"@type\":\"ReadAction\",\"target\":[\"https:\/\/www.imobiliare.ro\/imoexpert\/primele-efecte-darea-in-plata-taie-din-elanul-preturilor_db\/\"]}]},{\"@type\":\"ImageObject\",\"inLanguage\":\"en\",\"@id\":\"https:\/\/www.imobiliare.ro\/imoexpert\/primele-efecte-darea-in-plata-taie-din-elanul-preturilor_db\/#primaryimage\",\"url\":\"https:\/\/www.imobiliare.ro\/imoexpert\/wp-content\/uploads\/2016\/06\/crestere-imobiliare.jpg\",\"contentUrl\":\"https:\/\/www.imobiliare.ro\/imoexpert\/wp-content\/uploads\/2016\/06\/crestere-imobiliare.jpg\",\"width\":600,\"height\":399},{\"@type\":\"BreadcrumbList\",\"@id\":\"https:\/\/www.imobiliare.ro\/imoexpert\/primele-efecte-darea-in-plata-taie-din-elanul-preturilor_db\/#breadcrumb\",\"itemListElement\":[{\"@type\":\"ListItem\",\"position\":1,\"name\":\"Imoradar24\",\"item\":\"https:\/\/www.imoradar24.ro\"},{\"@type\":\"ListItem\",\"position\":2,\"name\":\"ImoExpert\",\"item\":\"https:\/\/www.imobiliare.ro\/imoexpert\/\"},{\"@type\":\"ListItem\",\"position\":3,\"name\":\"\u0218tiri\",\"item\":\"https:\/\/www.imobiliare.ro\/imoexpert\/stiri\/\"},{\"@type\":\"ListItem\",\"position\":4,\"name\":\"Primele efecte? Darea \u00een plat\u0103 taie din elanul pre\u021burilor!\"}]},{\"@type\":\"WebSite\",\"@id\":\"https:\/\/www.imobiliare.ro\/imoexpert\/#website\",\"url\":\"https:\/\/www.imobiliare.ro\/imoexpert\/\",\"name\":\"ImoExpert\",\"description\":\"cele mai importante \u015ftiri din domeniul imobiliar\",\"publisher\":{\"@id\":\"https:\/\/www.imobiliare.ro\/imoexpert\/#organization\"},\"inLanguage\":\"en\"},{\"@type\":\"Organization\",\"@id\":\"https:\/\/www.imobiliare.ro\/imoexpert\/#organization\",\"name\":\"Imobiliare.ro\",\"alternateName\":\"Realmedia Network SA\",\"url\":\"https:\/\/www.imobiliare.ro\/imoexpert\/\",\"logo\":{\"@type\":\"ImageObject\",\"inLanguage\":\"en\",\"@id\":\"https:\/\/www.imobiliare.ro\/imoexpert\/#\/schema\/logo\/image\/\",\"url\":\"https:\/\/www.imobiliare.ro\/imoexpert\/wp-content\/uploads\/2025\/05\/imobiliare_logo.png\",\"contentUrl\":\"https:\/\/www.imobiliare.ro\/imoexpert\/wp-content\/uploads\/2025\/05\/imobiliare_logo.png\",\"width\":237,\"height\":29,\"caption\":\"Imobiliare.ro\"},\"image\":{\"@id\":\"https:\/\/www.imobiliare.ro\/imoexpert\/#\/schema\/logo\/image\/\"}},{\"@type\":\"Person\",\"@id\":\"https:\/\/www.imobiliare.ro\/imoexpert\/#\/schema\/person\/8c13b0297075010b896471fabf0d7790\",\"name\":\"Adriana Dr\u0103gu\u0219in\",\"image\":{\"@type\":\"ImageObject\",\"inLanguage\":\"en\",\"@id\":\"https:\/\/www.imobiliare.ro\/imoexpert\/#\/schema\/person\/image\/\",\"url\":\"https:\/\/secure.gravatar.com\/avatar\/ba4762f7517e50e679ed7f11207102d1150120f2f5800c0da98f8a15305bf514?s=96&d=mm&r=g\",\"contentUrl\":\"https:\/\/secure.gravatar.com\/avatar\/ba4762f7517e50e679ed7f11207102d1150120f2f5800c0da98f8a15305bf514?s=96&d=mm&r=g\",\"caption\":\"Adriana Dr\u0103gu\u0219in\"},\"jobTitle\":\"Editor\",\"url\":\"https:\/\/www.imobiliare.ro\/imoexpert\/author\/adriana-dragusin\/\"}]}<\/script>\n<!-- \/ Yoast SEO Premium plugin. -->","yoast_head_json":{"title":"Primele efecte? Darea \u00een plat\u0103 taie din elanul pre\u021burilor! - \u0218tiri - ImoExpert","description":"\u00cen dou\u0103 mari ora\u0219e ale \u021b\u0103rii, nu se simte \u00eenc\u0103 o reac\u021bie clar\u0103 la intrarea \u00een vigoare a legii. Intrat\u0103 \u00een vigoare la data de 13 mai, legea d\u0103rii \u00een plat\u0103","robots":{"index":"index","follow":"follow"},"canonical":"https:\/\/www.imobiliare.ro\/imoexpert\/primele-efecte-darea-in-plata-taie-din-elanul-preturilor_db\/","og_locale":"ro_RO","og_type":"article","og_title":"Primele efecte? Darea \u00een plat\u0103 taie din elanul pre\u021burilor!","og_description":"\u00cen dou\u0103 mari ora\u0219e ale \u021b\u0103rii, nu se simte \u00eenc\u0103 o reac\u021bie clar\u0103 la intrarea \u00een vigoare a legii. Intrat\u0103 \u00een vigoare la data de 13 mai, legea d\u0103rii \u00een plat\u0103","og_url":"https:\/\/www.imobiliare.ro\/imoexpert\/primele-efecte-darea-in-plata-taie-din-elanul-preturilor_db\/","og_site_name":"ImoExpert","article_published_time":"2016-06-02T10:01:50+00:00","og_image":[{"width":600,"height":399,"url":"https:\/\/www.imobiliare.ro\/imoexpert\/wp-content\/uploads\/2016\/06\/crestere-imobiliare.jpg","type":"image\/jpeg"}],"author":"Adriana Dr\u0103gu\u0219in","twitter_card":"summary_large_image","twitter_misc":{"Written by":"Adriana Dr\u0103gu\u0219in","Est. reading time":"4 minute"},"schema":{"@context":"https:\/\/schema.org","@graph":[{"@type":"Article","@id":"https:\/\/www.imobiliare.ro\/imoexpert\/primele-efecte-darea-in-plata-taie-din-elanul-preturilor_db\/#article","isPartOf":{"@id":"https:\/\/www.imobiliare.ro\/imoexpert\/primele-efecte-darea-in-plata-taie-din-elanul-preturilor_db\/"},"author":{"name":"Adriana Dr\u0103gu\u0219in","@id":"https:\/\/www.imobiliare.ro\/imoexpert\/#\/schema\/person\/8c13b0297075010b896471fabf0d7790"},"headline":"Primele efecte? Darea \u00een plat\u0103 taie din elanul pre\u021burilor!","datePublished":"2016-06-02T10:01:50+00:00","mainEntityOfPage":{"@id":"https:\/\/www.imobiliare.ro\/imoexpert\/primele-efecte-darea-in-plata-taie-din-elanul-preturilor_db\/"},"wordCount":733,"commentCount":0,"publisher":{"@id":"https:\/\/www.imobiliare.ro\/imoexpert\/#organization"},"image":{"@id":"https:\/\/www.imobiliare.ro\/imoexpert\/primele-efecte-darea-in-plata-taie-din-elanul-preturilor_db\/#primaryimage"},"thumbnailUrl":"https:\/\/www.imobiliare.ro\/imoexpert\/wp-content\/uploads\/2016\/06\/crestere-imobiliare.jpg","keywords":["newsletter","principal","proprietar","V\u00e2nzare apartamente"],"articleSection":["\u0218tiri"],"inLanguage":"en","potentialAction":[{"@type":"CommentAction","name":"Comment","target":["https:\/\/www.imobiliare.ro\/imoexpert\/primele-efecte-darea-in-plata-taie-din-elanul-preturilor_db\/#respond"]}],"copyrightYear":"2016","copyrightHolder":{"@id":"https:\/\/www.imobiliare.ro\/imoexpert\/#organization"}},{"@type":"WebPage","@id":"https:\/\/www.imobiliare.ro\/imoexpert\/primele-efecte-darea-in-plata-taie-din-elanul-preturilor_db\/","url":"https:\/\/www.imobiliare.ro\/imoexpert\/primele-efecte-darea-in-plata-taie-din-elanul-preturilor_db\/","name":"Primele efecte? Darea \u00een plat\u0103 taie din elanul pre\u021burilor! - \u0218tiri - ImoExpert","isPartOf":{"@id":"https:\/\/www.imobiliare.ro\/imoexpert\/#website"},"primaryImageOfPage":{"@id":"https:\/\/www.imobiliare.ro\/imoexpert\/primele-efecte-darea-in-plata-taie-din-elanul-preturilor_db\/#primaryimage"},"image":{"@id":"https:\/\/www.imobiliare.ro\/imoexpert\/primele-efecte-darea-in-plata-taie-din-elanul-preturilor_db\/#primaryimage"},"thumbnailUrl":"https:\/\/www.imobiliare.ro\/imoexpert\/wp-content\/uploads\/2016\/06\/crestere-imobiliare.jpg","datePublished":"2016-06-02T10:01:50+00:00","description":"\u00cen dou\u0103 mari ora\u0219e ale \u021b\u0103rii, nu se simte \u00eenc\u0103 o reac\u021bie clar\u0103 la intrarea \u00een vigoare a legii. Intrat\u0103 \u00een vigoare la data de 13 mai, legea d\u0103rii \u00een plat\u0103","breadcrumb":{"@id":"https:\/\/www.imobiliare.ro\/imoexpert\/primele-efecte-darea-in-plata-taie-din-elanul-preturilor_db\/#breadcrumb"},"inLanguage":"en","potentialAction":[{"@type":"ReadAction","target":["https:\/\/www.imobiliare.ro\/imoexpert\/primele-efecte-darea-in-plata-taie-din-elanul-preturilor_db\/"]}]},{"@type":"ImageObject","inLanguage":"en","@id":"https:\/\/www.imobiliare.ro\/imoexpert\/primele-efecte-darea-in-plata-taie-din-elanul-preturilor_db\/#primaryimage","url":"https:\/\/www.imobiliare.ro\/imoexpert\/wp-content\/uploads\/2016\/06\/crestere-imobiliare.jpg","contentUrl":"https:\/\/www.imobiliare.ro\/imoexpert\/wp-content\/uploads\/2016\/06\/crestere-imobiliare.jpg","width":600,"height":399},{"@type":"BreadcrumbList","@id":"https:\/\/www.imobiliare.ro\/imoexpert\/primele-efecte-darea-in-plata-taie-din-elanul-preturilor_db\/#breadcrumb","itemListElement":[{"@type":"ListItem","position":1,"name":"Imoradar24","item":"https:\/\/www.imoradar24.ro"},{"@type":"ListItem","position":2,"name":"ImoExpert","item":"https:\/\/www.imobiliare.ro\/imoexpert\/"},{"@type":"ListItem","position":3,"name":"\u0218tiri","item":"https:\/\/www.imobiliare.ro\/imoexpert\/stiri\/"},{"@type":"ListItem","position":4,"name":"Primele efecte? Darea \u00een plat\u0103 taie din elanul pre\u021burilor!"}]},{"@type":"WebSite","@id":"https:\/\/www.imobiliare.ro\/imoexpert\/#website","url":"https:\/\/www.imobiliare.ro\/imoexpert\/","name":"ImoExpert","description":"cele mai importante \u015ftiri din domeniul imobiliar","publisher":{"@id":"https:\/\/www.imobiliare.ro\/imoexpert\/#organization"},"inLanguage":"en"},{"@type":"Organization","@id":"https:\/\/www.imobiliare.ro\/imoexpert\/#organization","name":"Imobiliare.ro","alternateName":"Realmedia Network SA","url":"https:\/\/www.imobiliare.ro\/imoexpert\/","logo":{"@type":"ImageObject","inLanguage":"en","@id":"https:\/\/www.imobiliare.ro\/imoexpert\/#\/schema\/logo\/image\/","url":"https:\/\/www.imobiliare.ro\/imoexpert\/wp-content\/uploads\/2025\/05\/imobiliare_logo.png","contentUrl":"https:\/\/www.imobiliare.ro\/imoexpert\/wp-content\/uploads\/2025\/05\/imobiliare_logo.png","width":237,"height":29,"caption":"Imobiliare.ro"},"image":{"@id":"https:\/\/www.imobiliare.ro\/imoexpert\/#\/schema\/logo\/image\/"}},{"@type":"Person","@id":"https:\/\/www.imobiliare.ro\/imoexpert\/#\/schema\/person\/8c13b0297075010b896471fabf0d7790","name":"Adriana Dr\u0103gu\u0219in","image":{"@type":"ImageObject","inLanguage":"en","@id":"https:\/\/www.imobiliare.ro\/imoexpert\/#\/schema\/person\/image\/","url":"https:\/\/secure.gravatar.com\/avatar\/ba4762f7517e50e679ed7f11207102d1150120f2f5800c0da98f8a15305bf514?s=96&d=mm&r=g","contentUrl":"https:\/\/secure.gravatar.com\/avatar\/ba4762f7517e50e679ed7f11207102d1150120f2f5800c0da98f8a15305bf514?s=96&d=mm&r=g","caption":"Adriana Dr\u0103gu\u0219in"},"jobTitle":"Editor","url":"https:\/\/www.imobiliare.ro\/imoexpert\/author\/adriana-dragusin\/"}]}},"_links":{"self":[{"href":"https:\/\/www.imobiliare.ro\/imoexpert\/wp-json\/wp\/v2\/posts\/37972","targetHints":{"allow":["GET"]}}],"collection":[{"href":"https:\/\/www.imobiliare.ro\/imoexpert\/wp-json\/wp\/v2\/posts"}],"about":[{"href":"https:\/\/www.imobiliare.ro\/imoexpert\/wp-json\/wp\/v2\/types\/post"}],"author":[{"embeddable":true,"href":"https:\/\/www.imobiliare.ro\/imoexpert\/wp-json\/wp\/v2\/users\/829"}],"replies":[{"embeddable":true,"href":"https:\/\/www.imobiliare.ro\/imoexpert\/wp-json\/wp\/v2\/comments?post=37972"}],"version-history":[{"count":0,"href":"https:\/\/www.imobiliare.ro\/imoexpert\/wp-json\/wp\/v2\/posts\/37972\/revisions"}],"wp:featuredmedia":[{"embeddable":true,"href":"https:\/\/www.imobiliare.ro\/imoexpert\/wp-json\/wp\/v2\/media\/37973"}],"wp:attachment":[{"href":"https:\/\/www.imobiliare.ro\/imoexpert\/wp-json\/wp\/v2\/media?parent=37972"}],"wp:term":[{"taxonomy":"category","embeddable":true,"href":"https:\/\/www.imobiliare.ro\/imoexpert\/wp-json\/wp\/v2\/categories?post=37972"},{"taxonomy":"post_tag","embeddable":true,"href":"https:\/\/www.imobiliare.ro\/imoexpert\/wp-json\/wp\/v2\/tags?post=37972"},{"taxonomy":"content_author","embeddable":true,"href":"https:\/\/www.imobiliare.ro\/imoexpert\/wp-json\/wp\/v2\/content_author?post=37972"}],"curies":[{"name":"wp","href":"https:\/\/api.w.org\/{rel}","templated":true}]}}