{"id":38988,"date":"2016-10-10T12:04:51","date_gmt":"2016-10-10T09:04:51","guid":{"rendered":"https:\/\/www.imobiliare.ro\/?p=38988"},"modified":"2016-10-10T12:04:51","modified_gmt":"2016-10-10T09:04:51","slug":"invazia-mallurilor-dupa-capitala-si-marile-orase-urmeaza-cele-mijlocii","status":"publish","type":"post","link":"https:\/\/www.imobiliare.ro\/imoexpert\/invazia-mallurilor-dupa-capitala-si-marile-orase-urmeaza-cele-mijlocii_db\/","title":{"rendered":"Invazia mallurilor: dup\u0103 Capital\u0103 \u0219i marile ora\u0219e, urmeaz\u0103 cele mijlocii!"},"content":{"rendered":"<p><strong>Bucure\u0219tiul are o densitate a spa\u021biilor comerciale moderne de 3,6 ori mai mare dec\u00e2t media la nivel na\u021bional.<\/strong><\/p>\n<p>\u00cen ultimii ani, chiar \u0219i pe parcursul perioadei de recesiune, pia\u021ba autohton\u0103 de retail a continuat s\u0103 se dezvolte, ilustr\u00e2nd \u00eencrederea investitorilor \u00een apetitul pentru consum al rom\u00e2nilor. \u00cen mod firesc, \u00een centrul aten\u021biei s-au aflat p\u00e2n\u0103 acum Capitala \u0219i marile centre regionale ale \u021b\u0103rii (Timi\u0219oara, Cluj-Napoca, Bra\u0219ov, Ia\u0219i, Constan\u021ba), acestea fiind urmate de c\u00e2teva ora\u0219e cu o popula\u021bie de la 200 la 300.000 de locuitori. Pe m\u0103sur\u0103 ce aceste pie\u021be se apropie de satura\u021bie \u00eens\u0103, aten\u021bia dezvoltatorilor alunec\u0103 chiar \u0219i spre ora\u0219ele cu pu\u021bin peste 100.000 de locuitori.<\/p>\n<p><a class=\"article-body-links\"href=\"https:\/\/www.imobiliare.ro\/imoexpert\/wp-content\/uploads\/2016\/10\/interior-mall.jpg\"><img loading=\"lazy\" decoding=\"async\" src=\"https:\/\/www.imobiliare.ro\/imoexpert\/wp-content\/uploads\/2016\/10\/interior-mall.jpg\" alt=\"interior mall\" width=\"600\" height=\"399\" class=\"aligncenter size-full wp-image-38989\" srcset=\"https:\/\/www.imobiliare.ro\/imoexpert\/wp-content\/uploads\/2016\/10\/interior-mall.jpg 600w, https:\/\/www.imobiliare.ro\/imoexpert\/wp-content\/uploads\/2016\/10\/interior-mall-300x200.jpg 300w, https:\/\/www.imobiliare.ro\/imoexpert\/wp-content\/uploads\/2016\/10\/interior-mall-87x57.jpg 87w, https:\/\/www.imobiliare.ro\/imoexpert\/wp-content\/uploads\/2016\/10\/interior-mall-65x43.jpg 65w, https:\/\/www.imobiliare.ro\/imoexpert\/wp-content\/uploads\/2016\/10\/interior-mall-154x103.jpg 154w\" sizes=\"auto, (max-width: 600px) 100vw, 600px\" \/><\/a><\/p>\n<p>Proiectele finalizate \u00een prima jum\u0103tate a acestui an ilustreaz\u0103 perfect tendin\u021ba de \u201edispersare\u201d a investi\u021biilor pe acest segment. Potrivit unui raport realizat de compania de consultan\u021b\u0103 DTZ Echinox, \u00een perioada men\u021bionat\u0103 au fost livrate pe pia\u021b\u0103 spa\u021bii comerciale moderne \u00een suprafa\u021b\u0103 de 69.000 de metri p\u0103tra\u021bi, \u00een cadrul a trei centre comerciale: Shopping City Timisoara (faza II), Mercur Craiova \u0219i Satu Mare Shopping Plaza (\u00een plus, proiectul Coresi Shopping Resort din Bra\u0219ov a fost extins cu o suprafa\u021b\u0103 \u00eenchiriabil\u0103 de 14.000 de metri p\u0103tra\u021bi). Apari\u021bia interesant\u0103 din aceast\u0103 list\u0103 este proiectul din Satu Mare, un ora\u0219 cu o popula\u021bie de aproape 110.000 de locuitori. \u00cen aceea\u0219i categorie se \u00eenscrie \u0219i un mall din Piatra Neam\u021b (104.600 de locuitori), programat spre livrare tot pentru anul acesta.<\/p>\n<blockquote><p>\u201e\u00cen a doua jum\u0103tate a anului 2016 spa\u021bii comerciale \u00een suprafa\u021b\u0103 de aproximativ 148.000 de metri p\u0103tra\u021bi sunt programate pentru finalizare, 65% dintre acestea fiind localizate \u00een Bucure\u0219ti. \u00cen ora\u0219ele regionale, cele mai importante livr\u0103ri sunt Shopping City Piatra Neam\u021b \u0219i extinderea City Park Constan\u021ba, ambele \u00een portofoliul NEPI. Pentru anul acesta, estim\u0103m c\u0103 nivelul de livr\u0103ri noi de spa\u021bii de retail modern va fi cu 50% mai ridicat fa\u021b\u0103 de 2015.\u201d.<\/p>\n<p><em><strong>Bogdan Marcu, Partner \u2013 Retail Agency DTZ Echinox<\/strong><\/em><\/p><\/blockquote>\n<p>La finalul lunii iunie 2016, stocul de retail modern din Rom\u00e2nia se ridica la 3,38 milioane de metri p\u0103tra\u021bi, cea mai mare pondere a acestuia fiind reprezentat\u0103 de malluri (57%), pe urm\u0103toarele locuri situ\u00e2ndu-se parcurile de retail (35%) \u0219i galeriile comerciale (8%). La nivel na\u021bional, densitatea spa\u021biilor comerciale moderne era de 164 de metri p\u0103tra\u021bi la mia de locuitori, \u00een vreme ce Bucure\u0219tiul, cu un stoc de 1,12 milioane de metri p\u0103tra\u021bi, avea o densitate de 595 de metri p\u0103tra\u021bi la mia de locuitori. <\/p>\n","protected":false},"excerpt":{"rendered":"<p>Bucure\u0219tiul are o densitate a spa\u021biilor comerciale moderne de 3,6 ori mai mare dec\u00e2t media la nivel na\u021bional. \u00cen ultimii ani, chiar \u0219i pe parcursul perioadei de recesiune, pia\u021ba autohton\u0103 de retail a continuat s\u0103 se dezvolte, ilustr\u00e2nd \u00eencrederea investitorilor \u00een apetitul pentru consum al rom\u00e2nilor. \u00cen mod firesc, \u00een centrul aten\u021biei s-au aflat p\u00e2n\u0103 [&hellip;]<\/p>\n","protected":false},"author":829,"featured_media":38989,"comment_status":"open","ping_status":"open","sticky":false,"template":"","format":"standard","meta":{"footnotes":""},"categories":[1406,259],"tags":[1455,1410,1411],"content_author":[],"class_list":["post-38988","post","type-post","status-publish","format-standard","has-post-thumbnail","hentry","category-concursuri","category-stiri","tag-lifestyle","tag-newsletter","tag-principal"],"yoast_head":"<!-- This site is optimized with the Yoast SEO Premium plugin v27.0 (Yoast SEO v27.0) - https:\/\/yoast.com\/product\/yoast-seo-premium-wordpress\/ -->\n<title>Invazia mallurilor: dup\u0103 Capital\u0103 \u0219i marile ora\u0219e, urmeaz\u0103 cele mijlocii! - Concursuri, \u0218tiri - ImoExpert<\/title>\n<meta name=\"description\" content=\"Bucure\u0219tiul are o densitate a spa\u021biilor comerciale moderne de 3,6 ori mai mare dec\u00e2t media la nivel na\u021bional. \u00cen ultimii ani, chiar \u0219i pe parcursul\" \/>\n<meta name=\"robots\" content=\"index, follow\" \/>\n<link rel=\"canonical\" href=\"https:\/\/www.imobiliare.ro\/imoexpert\/invazia-mallurilor-dupa-capitala-si-marile-orase-urmeaza-cele-mijlocii_db\/\" \/>\n<meta property=\"og:locale\" content=\"ro_RO\" \/>\n<meta property=\"og:type\" content=\"article\" \/>\n<meta property=\"og:title\" content=\"Invazia mallurilor: dup\u0103 Capital\u0103 \u0219i marile ora\u0219e, urmeaz\u0103 cele mijlocii!\" \/>\n<meta property=\"og:description\" content=\"Bucure\u0219tiul are o densitate a spa\u021biilor comerciale moderne de 3,6 ori mai mare dec\u00e2t media la nivel na\u021bional. \u00cen ultimii ani, chiar \u0219i pe parcursul\" \/>\n<meta property=\"og:url\" content=\"https:\/\/www.imobiliare.ro\/imoexpert\/invazia-mallurilor-dupa-capitala-si-marile-orase-urmeaza-cele-mijlocii_db\/\" \/>\n<meta property=\"og:site_name\" content=\"ImoExpert\" \/>\n<meta property=\"article:published_time\" content=\"2016-10-10T09:04:51+00:00\" \/>\n<meta property=\"og:image\" content=\"https:\/\/www.imobiliare.ro\/imoexpert\/wp-content\/uploads\/2016\/10\/interior-mall.jpg\" \/>\n\t<meta property=\"og:image:width\" content=\"600\" \/>\n\t<meta property=\"og:image:height\" content=\"399\" \/>\n\t<meta property=\"og:image:type\" content=\"image\/jpeg\" \/>\n<meta name=\"author\" content=\"Adriana Dr\u0103gu\u0219in\" \/>\n<meta name=\"twitter:card\" content=\"summary_large_image\" \/>\n<meta name=\"twitter:label1\" content=\"Written by\" \/>\n\t<meta name=\"twitter:data1\" content=\"Adriana Dr\u0103gu\u0219in\" \/>\n\t<meta name=\"twitter:label2\" content=\"Est. reading time\" \/>\n\t<meta name=\"twitter:data2\" content=\"2 minute\" \/>\n<script type=\"application\/ld+json\" class=\"yoast-schema-graph\">{\"@context\":\"https:\/\/schema.org\",\"@graph\":[{\"@type\":\"Article\",\"@id\":\"https:\/\/www.imobiliare.ro\/imoexpert\/invazia-mallurilor-dupa-capitala-si-marile-orase-urmeaza-cele-mijlocii_db\/#article\",\"isPartOf\":{\"@id\":\"https:\/\/www.imobiliare.ro\/imoexpert\/invazia-mallurilor-dupa-capitala-si-marile-orase-urmeaza-cele-mijlocii_db\/\"},\"author\":{\"name\":\"Adriana Dr\u0103gu\u0219in\",\"@id\":\"https:\/\/www.imobiliare.ro\/imoexpert\/#\/schema\/person\/8c13b0297075010b896471fabf0d7790\"},\"headline\":\"Invazia mallurilor: dup\u0103 Capital\u0103 \u0219i marile ora\u0219e, urmeaz\u0103 cele mijlocii!\",\"datePublished\":\"2016-10-10T09:04:51+00:00\",\"mainEntityOfPage\":{\"@id\":\"https:\/\/www.imobiliare.ro\/imoexpert\/invazia-mallurilor-dupa-capitala-si-marile-orase-urmeaza-cele-mijlocii_db\/\"},\"wordCount\":445,\"commentCount\":0,\"publisher\":{\"@id\":\"https:\/\/www.imobiliare.ro\/imoexpert\/#organization\"},\"image\":{\"@id\":\"https:\/\/www.imobiliare.ro\/imoexpert\/invazia-mallurilor-dupa-capitala-si-marile-orase-urmeaza-cele-mijlocii_db\/#primaryimage\"},\"thumbnailUrl\":\"https:\/\/www.imobiliare.ro\/imoexpert\/wp-content\/uploads\/2016\/10\/interior-mall.jpg\",\"keywords\":[\"Lifestyle\",\"newsletter\",\"principal\"],\"articleSection\":[\"Concursuri\",\"\u0218tiri\"],\"inLanguage\":\"en\",\"potentialAction\":[{\"@type\":\"CommentAction\",\"name\":\"Comment\",\"target\":[\"https:\/\/www.imobiliare.ro\/imoexpert\/invazia-mallurilor-dupa-capitala-si-marile-orase-urmeaza-cele-mijlocii_db\/#respond\"]}],\"copyrightYear\":\"2016\",\"copyrightHolder\":{\"@id\":\"https:\/\/www.imobiliare.ro\/imoexpert\/#organization\"}},{\"@type\":\"WebPage\",\"@id\":\"https:\/\/www.imobiliare.ro\/imoexpert\/invazia-mallurilor-dupa-capitala-si-marile-orase-urmeaza-cele-mijlocii_db\/\",\"url\":\"https:\/\/www.imobiliare.ro\/imoexpert\/invazia-mallurilor-dupa-capitala-si-marile-orase-urmeaza-cele-mijlocii_db\/\",\"name\":\"Invazia mallurilor: dup\u0103 Capital\u0103 \u0219i marile ora\u0219e, urmeaz\u0103 cele mijlocii! - Concursuri, \u0218tiri - ImoExpert\",\"isPartOf\":{\"@id\":\"https:\/\/www.imobiliare.ro\/imoexpert\/#website\"},\"primaryImageOfPage\":{\"@id\":\"https:\/\/www.imobiliare.ro\/imoexpert\/invazia-mallurilor-dupa-capitala-si-marile-orase-urmeaza-cele-mijlocii_db\/#primaryimage\"},\"image\":{\"@id\":\"https:\/\/www.imobiliare.ro\/imoexpert\/invazia-mallurilor-dupa-capitala-si-marile-orase-urmeaza-cele-mijlocii_db\/#primaryimage\"},\"thumbnailUrl\":\"https:\/\/www.imobiliare.ro\/imoexpert\/wp-content\/uploads\/2016\/10\/interior-mall.jpg\",\"datePublished\":\"2016-10-10T09:04:51+00:00\",\"description\":\"Bucure\u0219tiul are o densitate a spa\u021biilor comerciale moderne de 3,6 ori mai mare dec\u00e2t media la nivel na\u021bional. \u00cen ultimii ani, chiar \u0219i pe parcursul\",\"breadcrumb\":{\"@id\":\"https:\/\/www.imobiliare.ro\/imoexpert\/invazia-mallurilor-dupa-capitala-si-marile-orase-urmeaza-cele-mijlocii_db\/#breadcrumb\"},\"inLanguage\":\"en\",\"potentialAction\":[{\"@type\":\"ReadAction\",\"target\":[\"https:\/\/www.imobiliare.ro\/imoexpert\/invazia-mallurilor-dupa-capitala-si-marile-orase-urmeaza-cele-mijlocii_db\/\"]}]},{\"@type\":\"ImageObject\",\"inLanguage\":\"en\",\"@id\":\"https:\/\/www.imobiliare.ro\/imoexpert\/invazia-mallurilor-dupa-capitala-si-marile-orase-urmeaza-cele-mijlocii_db\/#primaryimage\",\"url\":\"https:\/\/www.imobiliare.ro\/imoexpert\/wp-content\/uploads\/2016\/10\/interior-mall.jpg\",\"contentUrl\":\"https:\/\/www.imobiliare.ro\/imoexpert\/wp-content\/uploads\/2016\/10\/interior-mall.jpg\",\"width\":600,\"height\":399},{\"@type\":\"BreadcrumbList\",\"@id\":\"https:\/\/www.imobiliare.ro\/imoexpert\/invazia-mallurilor-dupa-capitala-si-marile-orase-urmeaza-cele-mijlocii_db\/#breadcrumb\",\"itemListElement\":[{\"@type\":\"ListItem\",\"position\":1,\"name\":\"Imoradar24\",\"item\":\"https:\/\/www.imoradar24.ro\"},{\"@type\":\"ListItem\",\"position\":2,\"name\":\"ImoExpert\",\"item\":\"https:\/\/www.imobiliare.ro\/imoexpert\/\"},{\"@type\":\"ListItem\",\"position\":3,\"name\":\"Concursuri\",\"item\":\"https:\/\/www.imobiliare.ro\/imoexpert\/concursuri\/\"},{\"@type\":\"ListItem\",\"position\":4,\"name\":\"Invazia mallurilor: dup\u0103 Capital\u0103 \u0219i marile ora\u0219e, urmeaz\u0103 cele mijlocii!\"}]},{\"@type\":\"WebSite\",\"@id\":\"https:\/\/www.imobiliare.ro\/imoexpert\/#website\",\"url\":\"https:\/\/www.imobiliare.ro\/imoexpert\/\",\"name\":\"ImoExpert\",\"description\":\"cele mai importante \u015ftiri din domeniul imobiliar\",\"publisher\":{\"@id\":\"https:\/\/www.imobiliare.ro\/imoexpert\/#organization\"},\"inLanguage\":\"en\"},{\"@type\":\"Organization\",\"@id\":\"https:\/\/www.imobiliare.ro\/imoexpert\/#organization\",\"name\":\"Imobiliare.ro\",\"alternateName\":\"Realmedia Network SA\",\"url\":\"https:\/\/www.imobiliare.ro\/imoexpert\/\",\"logo\":{\"@type\":\"ImageObject\",\"inLanguage\":\"en\",\"@id\":\"https:\/\/www.imobiliare.ro\/imoexpert\/#\/schema\/logo\/image\/\",\"url\":\"https:\/\/www.imobiliare.ro\/imoexpert\/wp-content\/uploads\/2025\/05\/imobiliare_logo.png\",\"contentUrl\":\"https:\/\/www.imobiliare.ro\/imoexpert\/wp-content\/uploads\/2025\/05\/imobiliare_logo.png\",\"width\":237,\"height\":29,\"caption\":\"Imobiliare.ro\"},\"image\":{\"@id\":\"https:\/\/www.imobiliare.ro\/imoexpert\/#\/schema\/logo\/image\/\"}},{\"@type\":\"Person\",\"@id\":\"https:\/\/www.imobiliare.ro\/imoexpert\/#\/schema\/person\/8c13b0297075010b896471fabf0d7790\",\"name\":\"Adriana Dr\u0103gu\u0219in\",\"image\":{\"@type\":\"ImageObject\",\"inLanguage\":\"en\",\"@id\":\"https:\/\/www.imobiliare.ro\/imoexpert\/#\/schema\/person\/image\/\",\"url\":\"https:\/\/secure.gravatar.com\/avatar\/ba4762f7517e50e679ed7f11207102d1150120f2f5800c0da98f8a15305bf514?s=96&d=mm&r=g\",\"contentUrl\":\"https:\/\/secure.gravatar.com\/avatar\/ba4762f7517e50e679ed7f11207102d1150120f2f5800c0da98f8a15305bf514?s=96&d=mm&r=g\",\"caption\":\"Adriana Dr\u0103gu\u0219in\"},\"jobTitle\":\"Editor\",\"url\":\"https:\/\/www.imobiliare.ro\/imoexpert\/author\/adriana-dragusin\/\"}]}<\/script>\n<!-- \/ Yoast SEO Premium plugin. -->","yoast_head_json":{"title":"Invazia mallurilor: dup\u0103 Capital\u0103 \u0219i marile ora\u0219e, urmeaz\u0103 cele mijlocii! - Concursuri, \u0218tiri - ImoExpert","description":"Bucure\u0219tiul are o densitate a spa\u021biilor comerciale moderne de 3,6 ori mai mare dec\u00e2t media la nivel na\u021bional. \u00cen ultimii ani, chiar \u0219i pe parcursul","robots":{"index":"index","follow":"follow"},"canonical":"https:\/\/www.imobiliare.ro\/imoexpert\/invazia-mallurilor-dupa-capitala-si-marile-orase-urmeaza-cele-mijlocii_db\/","og_locale":"ro_RO","og_type":"article","og_title":"Invazia mallurilor: dup\u0103 Capital\u0103 \u0219i marile ora\u0219e, urmeaz\u0103 cele mijlocii!","og_description":"Bucure\u0219tiul are o densitate a spa\u021biilor comerciale moderne de 3,6 ori mai mare dec\u00e2t media la nivel na\u021bional. \u00cen ultimii ani, chiar \u0219i pe parcursul","og_url":"https:\/\/www.imobiliare.ro\/imoexpert\/invazia-mallurilor-dupa-capitala-si-marile-orase-urmeaza-cele-mijlocii_db\/","og_site_name":"ImoExpert","article_published_time":"2016-10-10T09:04:51+00:00","og_image":[{"width":600,"height":399,"url":"https:\/\/www.imobiliare.ro\/imoexpert\/wp-content\/uploads\/2016\/10\/interior-mall.jpg","type":"image\/jpeg"}],"author":"Adriana Dr\u0103gu\u0219in","twitter_card":"summary_large_image","twitter_misc":{"Written by":"Adriana Dr\u0103gu\u0219in","Est. reading time":"2 minute"},"schema":{"@context":"https:\/\/schema.org","@graph":[{"@type":"Article","@id":"https:\/\/www.imobiliare.ro\/imoexpert\/invazia-mallurilor-dupa-capitala-si-marile-orase-urmeaza-cele-mijlocii_db\/#article","isPartOf":{"@id":"https:\/\/www.imobiliare.ro\/imoexpert\/invazia-mallurilor-dupa-capitala-si-marile-orase-urmeaza-cele-mijlocii_db\/"},"author":{"name":"Adriana Dr\u0103gu\u0219in","@id":"https:\/\/www.imobiliare.ro\/imoexpert\/#\/schema\/person\/8c13b0297075010b896471fabf0d7790"},"headline":"Invazia mallurilor: dup\u0103 Capital\u0103 \u0219i marile ora\u0219e, urmeaz\u0103 cele mijlocii!","datePublished":"2016-10-10T09:04:51+00:00","mainEntityOfPage":{"@id":"https:\/\/www.imobiliare.ro\/imoexpert\/invazia-mallurilor-dupa-capitala-si-marile-orase-urmeaza-cele-mijlocii_db\/"},"wordCount":445,"commentCount":0,"publisher":{"@id":"https:\/\/www.imobiliare.ro\/imoexpert\/#organization"},"image":{"@id":"https:\/\/www.imobiliare.ro\/imoexpert\/invazia-mallurilor-dupa-capitala-si-marile-orase-urmeaza-cele-mijlocii_db\/#primaryimage"},"thumbnailUrl":"https:\/\/www.imobiliare.ro\/imoexpert\/wp-content\/uploads\/2016\/10\/interior-mall.jpg","keywords":["Lifestyle","newsletter","principal"],"articleSection":["Concursuri","\u0218tiri"],"inLanguage":"en","potentialAction":[{"@type":"CommentAction","name":"Comment","target":["https:\/\/www.imobiliare.ro\/imoexpert\/invazia-mallurilor-dupa-capitala-si-marile-orase-urmeaza-cele-mijlocii_db\/#respond"]}],"copyrightYear":"2016","copyrightHolder":{"@id":"https:\/\/www.imobiliare.ro\/imoexpert\/#organization"}},{"@type":"WebPage","@id":"https:\/\/www.imobiliare.ro\/imoexpert\/invazia-mallurilor-dupa-capitala-si-marile-orase-urmeaza-cele-mijlocii_db\/","url":"https:\/\/www.imobiliare.ro\/imoexpert\/invazia-mallurilor-dupa-capitala-si-marile-orase-urmeaza-cele-mijlocii_db\/","name":"Invazia mallurilor: dup\u0103 Capital\u0103 \u0219i marile ora\u0219e, urmeaz\u0103 cele mijlocii! - Concursuri, \u0218tiri - ImoExpert","isPartOf":{"@id":"https:\/\/www.imobiliare.ro\/imoexpert\/#website"},"primaryImageOfPage":{"@id":"https:\/\/www.imobiliare.ro\/imoexpert\/invazia-mallurilor-dupa-capitala-si-marile-orase-urmeaza-cele-mijlocii_db\/#primaryimage"},"image":{"@id":"https:\/\/www.imobiliare.ro\/imoexpert\/invazia-mallurilor-dupa-capitala-si-marile-orase-urmeaza-cele-mijlocii_db\/#primaryimage"},"thumbnailUrl":"https:\/\/www.imobiliare.ro\/imoexpert\/wp-content\/uploads\/2016\/10\/interior-mall.jpg","datePublished":"2016-10-10T09:04:51+00:00","description":"Bucure\u0219tiul are o densitate a spa\u021biilor comerciale moderne de 3,6 ori mai mare dec\u00e2t media la nivel na\u021bional. \u00cen ultimii ani, chiar \u0219i pe parcursul","breadcrumb":{"@id":"https:\/\/www.imobiliare.ro\/imoexpert\/invazia-mallurilor-dupa-capitala-si-marile-orase-urmeaza-cele-mijlocii_db\/#breadcrumb"},"inLanguage":"en","potentialAction":[{"@type":"ReadAction","target":["https:\/\/www.imobiliare.ro\/imoexpert\/invazia-mallurilor-dupa-capitala-si-marile-orase-urmeaza-cele-mijlocii_db\/"]}]},{"@type":"ImageObject","inLanguage":"en","@id":"https:\/\/www.imobiliare.ro\/imoexpert\/invazia-mallurilor-dupa-capitala-si-marile-orase-urmeaza-cele-mijlocii_db\/#primaryimage","url":"https:\/\/www.imobiliare.ro\/imoexpert\/wp-content\/uploads\/2016\/10\/interior-mall.jpg","contentUrl":"https:\/\/www.imobiliare.ro\/imoexpert\/wp-content\/uploads\/2016\/10\/interior-mall.jpg","width":600,"height":399},{"@type":"BreadcrumbList","@id":"https:\/\/www.imobiliare.ro\/imoexpert\/invazia-mallurilor-dupa-capitala-si-marile-orase-urmeaza-cele-mijlocii_db\/#breadcrumb","itemListElement":[{"@type":"ListItem","position":1,"name":"Imoradar24","item":"https:\/\/www.imoradar24.ro"},{"@type":"ListItem","position":2,"name":"ImoExpert","item":"https:\/\/www.imobiliare.ro\/imoexpert\/"},{"@type":"ListItem","position":3,"name":"Concursuri","item":"https:\/\/www.imobiliare.ro\/imoexpert\/concursuri\/"},{"@type":"ListItem","position":4,"name":"Invazia mallurilor: dup\u0103 Capital\u0103 \u0219i marile ora\u0219e, urmeaz\u0103 cele mijlocii!"}]},{"@type":"WebSite","@id":"https:\/\/www.imobiliare.ro\/imoexpert\/#website","url":"https:\/\/www.imobiliare.ro\/imoexpert\/","name":"ImoExpert","description":"cele mai importante \u015ftiri din domeniul imobiliar","publisher":{"@id":"https:\/\/www.imobiliare.ro\/imoexpert\/#organization"},"inLanguage":"en"},{"@type":"Organization","@id":"https:\/\/www.imobiliare.ro\/imoexpert\/#organization","name":"Imobiliare.ro","alternateName":"Realmedia Network SA","url":"https:\/\/www.imobiliare.ro\/imoexpert\/","logo":{"@type":"ImageObject","inLanguage":"en","@id":"https:\/\/www.imobiliare.ro\/imoexpert\/#\/schema\/logo\/image\/","url":"https:\/\/www.imobiliare.ro\/imoexpert\/wp-content\/uploads\/2025\/05\/imobiliare_logo.png","contentUrl":"https:\/\/www.imobiliare.ro\/imoexpert\/wp-content\/uploads\/2025\/05\/imobiliare_logo.png","width":237,"height":29,"caption":"Imobiliare.ro"},"image":{"@id":"https:\/\/www.imobiliare.ro\/imoexpert\/#\/schema\/logo\/image\/"}},{"@type":"Person","@id":"https:\/\/www.imobiliare.ro\/imoexpert\/#\/schema\/person\/8c13b0297075010b896471fabf0d7790","name":"Adriana Dr\u0103gu\u0219in","image":{"@type":"ImageObject","inLanguage":"en","@id":"https:\/\/www.imobiliare.ro\/imoexpert\/#\/schema\/person\/image\/","url":"https:\/\/secure.gravatar.com\/avatar\/ba4762f7517e50e679ed7f11207102d1150120f2f5800c0da98f8a15305bf514?s=96&d=mm&r=g","contentUrl":"https:\/\/secure.gravatar.com\/avatar\/ba4762f7517e50e679ed7f11207102d1150120f2f5800c0da98f8a15305bf514?s=96&d=mm&r=g","caption":"Adriana Dr\u0103gu\u0219in"},"jobTitle":"Editor","url":"https:\/\/www.imobiliare.ro\/imoexpert\/author\/adriana-dragusin\/"}]}},"_links":{"self":[{"href":"https:\/\/www.imobiliare.ro\/imoexpert\/wp-json\/wp\/v2\/posts\/38988","targetHints":{"allow":["GET"]}}],"collection":[{"href":"https:\/\/www.imobiliare.ro\/imoexpert\/wp-json\/wp\/v2\/posts"}],"about":[{"href":"https:\/\/www.imobiliare.ro\/imoexpert\/wp-json\/wp\/v2\/types\/post"}],"author":[{"embeddable":true,"href":"https:\/\/www.imobiliare.ro\/imoexpert\/wp-json\/wp\/v2\/users\/829"}],"replies":[{"embeddable":true,"href":"https:\/\/www.imobiliare.ro\/imoexpert\/wp-json\/wp\/v2\/comments?post=38988"}],"version-history":[{"count":0,"href":"https:\/\/www.imobiliare.ro\/imoexpert\/wp-json\/wp\/v2\/posts\/38988\/revisions"}],"wp:featuredmedia":[{"embeddable":true,"href":"https:\/\/www.imobiliare.ro\/imoexpert\/wp-json\/wp\/v2\/media\/38989"}],"wp:attachment":[{"href":"https:\/\/www.imobiliare.ro\/imoexpert\/wp-json\/wp\/v2\/media?parent=38988"}],"wp:term":[{"taxonomy":"category","embeddable":true,"href":"https:\/\/www.imobiliare.ro\/imoexpert\/wp-json\/wp\/v2\/categories?post=38988"},{"taxonomy":"post_tag","embeddable":true,"href":"https:\/\/www.imobiliare.ro\/imoexpert\/wp-json\/wp\/v2\/tags?post=38988"},{"taxonomy":"content_author","embeddable":true,"href":"https:\/\/www.imobiliare.ro\/imoexpert\/wp-json\/wp\/v2\/content_author?post=38988"}],"curies":[{"name":"wp","href":"https:\/\/api.w.org\/{rel}","templated":true}]}}