{"id":39087,"date":"2016-10-24T10:21:11","date_gmt":"2016-10-24T07:21:11","guid":{"rendered":"https:\/\/www.imobiliare.ro\/?p=39087"},"modified":"2016-10-24T10:21:11","modified_gmt":"2016-10-24T07:21:11","slug":"arhitectura-eco-autohtona-vila-la-munte-scoasa-la-vanzare-pentru-25-milioane-de-euro","status":"publish","type":"post","link":"https:\/\/www.imobiliare.ro\/imoexpert\/arhitectura-eco-autohtona-vila-la-munte-scoasa-la-vanzare-pentru-25-milioane-de-euro_db\/","title":{"rendered":"Arhitectur\u0103 eco autohton\u0103: Vil\u0103 la munte, scoas\u0103 la v\u00e2nzare pentru 2,5 milioane de euro"},"content":{"rendered":"<p><strong>Combina\u021bia de lemn \u0219i piatr\u0103 confer\u0103 un aer rustic construc\u021biei.<\/strong><\/p>\n<p>Situat\u0103 \u00een zona Carpa\u021bilor, \u00eentr-un sat din jude\u021bul Buz\u0103u, proprietatea din imagini a fost cea mai scump\u0103 locuin\u021b\u0103 disponibil\u0103 spre v\u00e2nzare \u00een cadrul edi\u021biei de toamn\u0103 a T\u00e2rgului Imobiliar Na\u021bional (tIMOn). Numit\u0103 Nature Gateaway, aceasta are un pre\u021b cerut de 2,5 milioane de euro \u0219i face parte din portofoliul companiei imobiliare Imoteca. Locuin\u021ba dispune de o suprafa\u021b\u0103 util\u0103 de circa 1.200 de metri p\u0103tra\u021bi, iar printre facilit\u0103\u021bile oferite viitorilor locatari se num\u0103r\u0103 o piscin\u0103 interioar\u0103, saun\u0103, jacuzzi \u0219i zon\u0103 de fitness.<\/p>\n<p><a class=\"article-body-links\"href=\"https:\/\/www.imobiliare.ro\/imoexpert\/wp-content\/uploads\/2016\/10\/casa-Carpati-1.jpg\"><img loading=\"lazy\" decoding=\"async\" src=\"https:\/\/www.imobiliare.ro\/imoexpert\/wp-content\/uploads\/2016\/10\/casa-Carpati-1.jpg\" alt=\"casa Carpati 1\" width=\"600\" height=\"400\" class=\"aligncenter size-full wp-image-39088\" srcset=\"https:\/\/www.imobiliare.ro\/imoexpert\/wp-content\/uploads\/2016\/10\/casa-Carpati-1.jpg 600w, https:\/\/www.imobiliare.ro\/imoexpert\/wp-content\/uploads\/2016\/10\/casa-Carpati-1-300x200.jpg 300w, https:\/\/www.imobiliare.ro\/imoexpert\/wp-content\/uploads\/2016\/10\/casa-Carpati-1-87x57.jpg 87w, https:\/\/www.imobiliare.ro\/imoexpert\/wp-content\/uploads\/2016\/10\/casa-Carpati-1-65x43.jpg 65w, https:\/\/www.imobiliare.ro\/imoexpert\/wp-content\/uploads\/2016\/10\/casa-Carpati-1-154x103.jpg 154w\" sizes=\"auto, (max-width: 600px) 100vw, 600px\" \/><\/a><\/p>\n<p>Proiectat\u0103 de biroul autohton Tecto Arhitectura, \u00een colaborare cu arhitectul american Jim Ruscitto, arh. Alexandra Pal \u0219i Sabrina Ene, locuin\u021ba reprezint\u0103 un exemplu perfect de construc\u021bie aflat\u0103 \u00een armonie cu mediul \u00eenconjur\u0103tor. Acest fapt este vizibil at\u00e2t din punct de vedere estetic, c\u00e2t \u0219i func\u021bional (lu\u00e2nd \u00een considerare gradul ridicat de eficien\u021b\u0103 energetic\u0103). <\/p>\n<p><em><strong>Cite\u0219te \u0219i: <a class=\"article-body-links\"href=\"https:\/\/www.imobiliare.ro\/homedeco\/casa-in-armonie-cu-natura-o-creatie-romaneasca-concentrata-pe-economisirea-energiei_db\/\">Casa \u00een armonie cu natura: o crea\u021bie rom\u00e2neasc\u0103 concentrat\u0103 pe economisirea energiei<\/a><\/strong><\/em><\/p>\n<blockquote><p>\u201eForma \u015fi orientarea construc\u0163iei sunt g\u00e2ndite astfel \u00eenc\u00e2t s\u0103 maximizeze aporturile ilumin\u0103rii naturale \u015fi orient\u0103rii sudice. Pentru a ob\u0163ine aceasta, amplasamentul ales pentru implementarea construc\u0163iei a fost \u00een zona cea mai \u00eenalt\u0103 a propriet\u0103\u0163ii, ce confer\u0103 priveli\u015fti deosebite asupra p\u0103durii \u015fi c\u00e2mpiei ce se desf\u0103\u015foar\u0103 mai jos. Utilizarea suprafe\u0163elor generoase vitrate c\u0103tre sud aduce acumulare \u00een masa termic\u0103 a elementelor pe timpul iernii, \u00een timp ce minimizarea vitrajelor spre nord permite controlul pierderilor de c\u0103ldur\u0103.\u201d<\/p>\n<p><em><strong>Tecto Arhitectura<\/strong><\/em><\/p><\/blockquote>\n<p><a class=\"article-body-links\"href=\"https:\/\/www.imobiliare.ro\/imoexpert\/wp-content\/uploads\/2016\/10\/casa-Carpati-2.jpg\"><img loading=\"lazy\" decoding=\"async\" src=\"https:\/\/www.imobiliare.ro\/imoexpert\/wp-content\/uploads\/2016\/10\/casa-Carpati-2.jpg\" alt=\"casa Carpati 2\" width=\"600\" height=\"400\" class=\"aligncenter size-full wp-image-39089\" srcset=\"https:\/\/www.imobiliare.ro\/imoexpert\/wp-content\/uploads\/2016\/10\/casa-Carpati-2.jpg 600w, https:\/\/www.imobiliare.ro\/imoexpert\/wp-content\/uploads\/2016\/10\/casa-Carpati-2-300x200.jpg 300w, https:\/\/www.imobiliare.ro\/imoexpert\/wp-content\/uploads\/2016\/10\/casa-Carpati-2-87x57.jpg 87w, https:\/\/www.imobiliare.ro\/imoexpert\/wp-content\/uploads\/2016\/10\/casa-Carpati-2-65x43.jpg 65w, https:\/\/www.imobiliare.ro\/imoexpert\/wp-content\/uploads\/2016\/10\/casa-Carpati-2-154x103.jpg 154w\" sizes=\"auto, (max-width: 600px) 100vw, 600px\" \/><\/a><\/p>\n<p>La capitolul design, proiectul se distinge prin combina\u0163ia \u2013 inspirat\u0103 de natur\u0103 \u2013 a elementelor din lemn cu cele din piatr\u0103. Dac\u0103 bu\u0219tenii de conifere sunt de provenien\u021b\u0103 autohton\u0103, piatra este adus\u0103 din Alpii Francezi, iar ardezia din Norvegia \u0219i Brazilia, puncteaz\u0103 reprezentan\u021bii Imoteca. \u201eSpa\u0163iul, experimentat din interior, este u\u015for, deschis, permeabil, \u00een timp ce, privit din exterior, apare solid, stabil, puternic ancorat \u00een p\u0103m\u00e2nt, ca \u015fi cum ar fi ridicat direct din natur\u0103\u201d, explic\u0103 autorii proiectului. <\/p>\n<p><a class=\"article-body-links\"href=\"https:\/\/www.imobiliare.ro\/imoexpert\/wp-content\/uploads\/2016\/10\/casa-Carpati-3.jpg\"><img loading=\"lazy\" decoding=\"async\" src=\"https:\/\/www.imobiliare.ro\/imoexpert\/wp-content\/uploads\/2016\/10\/casa-Carpati-3.jpg\" alt=\"casa Carpati 3\" width=\"600\" height=\"399\" class=\"aligncenter size-full wp-image-39090\" srcset=\"https:\/\/www.imobiliare.ro\/imoexpert\/wp-content\/uploads\/2016\/10\/casa-Carpati-3.jpg 600w, https:\/\/www.imobiliare.ro\/imoexpert\/wp-content\/uploads\/2016\/10\/casa-Carpati-3-300x200.jpg 300w, https:\/\/www.imobiliare.ro\/imoexpert\/wp-content\/uploads\/2016\/10\/casa-Carpati-3-87x57.jpg 87w, https:\/\/www.imobiliare.ro\/imoexpert\/wp-content\/uploads\/2016\/10\/casa-Carpati-3-65x43.jpg 65w, https:\/\/www.imobiliare.ro\/imoexpert\/wp-content\/uploads\/2016\/10\/casa-Carpati-3-154x103.jpg 154w\" sizes=\"auto, (max-width: 600px) 100vw, 600px\" \/><\/a><\/p>\n","protected":false},"excerpt":{"rendered":"<p>Combina\u021bia de lemn \u0219i piatr\u0103 confer\u0103 un aer rustic construc\u021biei. Situat\u0103 \u00een zona Carpa\u021bilor, \u00eentr-un sat din jude\u021bul Buz\u0103u, proprietatea din imagini a fost cea mai scump\u0103 locuin\u021b\u0103 disponibil\u0103 spre v\u00e2nzare \u00een cadrul edi\u021biei de toamn\u0103 a T\u00e2rgului Imobiliar Na\u021bional (tIMOn). Numit\u0103 Nature Gateaway, aceasta are un pre\u021b cerut de 2,5 milioane de euro \u0219i [&hellip;]<\/p>\n","protected":false},"author":829,"featured_media":39088,"comment_status":"open","ping_status":"open","sticky":false,"template":"","format":"standard","meta":{"footnotes":""},"categories":[1406,259],"tags":[1455,1410,1411],"content_author":[],"class_list":["post-39087","post","type-post","status-publish","format-standard","has-post-thumbnail","hentry","category-concursuri","category-stiri","tag-lifestyle","tag-newsletter","tag-principal"],"yoast_head":"<!-- This site is optimized with the Yoast SEO Premium plugin v27.0 (Yoast SEO v27.0) - https:\/\/yoast.com\/product\/yoast-seo-premium-wordpress\/ -->\n<title>Arhitectur\u0103 eco autohton\u0103: Vil\u0103 la munte, scoas\u0103 la v\u00e2nzare pentru 2,5 milioane de euro - Concursuri, \u0218tiri - ImoExpert<\/title>\n<meta name=\"description\" content=\"Combina\u021bia de lemn \u0219i piatr\u0103 confer\u0103 un aer rustic construc\u021biei. Situat\u0103 \u00een zona Carpa\u021bilor, \u00eentr-un sat din jude\u021bul Buz\u0103u, proprietatea din imagini a\" \/>\n<meta name=\"robots\" content=\"index, follow\" \/>\n<link rel=\"canonical\" href=\"https:\/\/www.imobiliare.ro\/imoexpert\/arhitectura-eco-autohtona-vila-la-munte-scoasa-la-vanzare-pentru-25-milioane-de-euro_db\/\" \/>\n<meta property=\"og:locale\" content=\"ro_RO\" \/>\n<meta property=\"og:type\" content=\"article\" \/>\n<meta property=\"og:title\" content=\"Arhitectur\u0103 eco autohton\u0103: Vil\u0103 la munte, scoas\u0103 la v\u00e2nzare pentru 2,5 milioane de euro\" \/>\n<meta property=\"og:description\" content=\"Combina\u021bia de lemn \u0219i piatr\u0103 confer\u0103 un aer rustic construc\u021biei. Situat\u0103 \u00een zona Carpa\u021bilor, \u00eentr-un sat din jude\u021bul Buz\u0103u, proprietatea din imagini a\" \/>\n<meta property=\"og:url\" content=\"https:\/\/www.imobiliare.ro\/imoexpert\/arhitectura-eco-autohtona-vila-la-munte-scoasa-la-vanzare-pentru-25-milioane-de-euro_db\/\" \/>\n<meta property=\"og:site_name\" content=\"ImoExpert\" \/>\n<meta property=\"article:published_time\" content=\"2016-10-24T07:21:11+00:00\" \/>\n<meta property=\"og:image\" content=\"https:\/\/www.imobiliare.ro\/imoexpert\/wp-content\/uploads\/2016\/10\/casa-Carpati-1.jpg\" \/>\n\t<meta property=\"og:image:width\" content=\"600\" \/>\n\t<meta property=\"og:image:height\" content=\"400\" \/>\n\t<meta property=\"og:image:type\" content=\"image\/jpeg\" \/>\n<meta name=\"author\" content=\"Adriana Dr\u0103gu\u0219in\" \/>\n<meta name=\"twitter:card\" content=\"summary_large_image\" \/>\n<meta name=\"twitter:label1\" content=\"Written by\" \/>\n\t<meta name=\"twitter:data1\" content=\"Adriana Dr\u0103gu\u0219in\" \/>\n\t<meta name=\"twitter:label2\" content=\"Est. reading time\" \/>\n\t<meta name=\"twitter:data2\" content=\"2 minute\" \/>\n<script type=\"application\/ld+json\" class=\"yoast-schema-graph\">{\"@context\":\"https:\/\/schema.org\",\"@graph\":[{\"@type\":\"Article\",\"@id\":\"https:\/\/www.imobiliare.ro\/imoexpert\/arhitectura-eco-autohtona-vila-la-munte-scoasa-la-vanzare-pentru-25-milioane-de-euro_db\/#article\",\"isPartOf\":{\"@id\":\"https:\/\/www.imobiliare.ro\/imoexpert\/arhitectura-eco-autohtona-vila-la-munte-scoasa-la-vanzare-pentru-25-milioane-de-euro_db\/\"},\"author\":{\"name\":\"Adriana Dr\u0103gu\u0219in\",\"@id\":\"https:\/\/www.imobiliare.ro\/imoexpert\/#\/schema\/person\/8c13b0297075010b896471fabf0d7790\"},\"headline\":\"Arhitectur\u0103 eco autohton\u0103: Vil\u0103 la munte, scoas\u0103 la v\u00e2nzare pentru 2,5 milioane de euro\",\"datePublished\":\"2016-10-24T07:21:11+00:00\",\"mainEntityOfPage\":{\"@id\":\"https:\/\/www.imobiliare.ro\/imoexpert\/arhitectura-eco-autohtona-vila-la-munte-scoasa-la-vanzare-pentru-25-milioane-de-euro_db\/\"},\"wordCount\":368,\"commentCount\":0,\"publisher\":{\"@id\":\"https:\/\/www.imobiliare.ro\/imoexpert\/#organization\"},\"image\":{\"@id\":\"https:\/\/www.imobiliare.ro\/imoexpert\/arhitectura-eco-autohtona-vila-la-munte-scoasa-la-vanzare-pentru-25-milioane-de-euro_db\/#primaryimage\"},\"thumbnailUrl\":\"https:\/\/www.imobiliare.ro\/imoexpert\/wp-content\/uploads\/2016\/10\/casa-Carpati-1.jpg\",\"keywords\":[\"Lifestyle\",\"newsletter\",\"principal\"],\"articleSection\":[\"Concursuri\",\"\u0218tiri\"],\"inLanguage\":\"en\",\"potentialAction\":[{\"@type\":\"CommentAction\",\"name\":\"Comment\",\"target\":[\"https:\/\/www.imobiliare.ro\/imoexpert\/arhitectura-eco-autohtona-vila-la-munte-scoasa-la-vanzare-pentru-25-milioane-de-euro_db\/#respond\"]}],\"copyrightYear\":\"2016\",\"copyrightHolder\":{\"@id\":\"https:\/\/www.imobiliare.ro\/imoexpert\/#organization\"}},{\"@type\":\"WebPage\",\"@id\":\"https:\/\/www.imobiliare.ro\/imoexpert\/arhitectura-eco-autohtona-vila-la-munte-scoasa-la-vanzare-pentru-25-milioane-de-euro_db\/\",\"url\":\"https:\/\/www.imobiliare.ro\/imoexpert\/arhitectura-eco-autohtona-vila-la-munte-scoasa-la-vanzare-pentru-25-milioane-de-euro_db\/\",\"name\":\"Arhitectur\u0103 eco autohton\u0103: Vil\u0103 la munte, scoas\u0103 la v\u00e2nzare pentru 2,5 milioane de euro - Concursuri, \u0218tiri - ImoExpert\",\"isPartOf\":{\"@id\":\"https:\/\/www.imobiliare.ro\/imoexpert\/#website\"},\"primaryImageOfPage\":{\"@id\":\"https:\/\/www.imobiliare.ro\/imoexpert\/arhitectura-eco-autohtona-vila-la-munte-scoasa-la-vanzare-pentru-25-milioane-de-euro_db\/#primaryimage\"},\"image\":{\"@id\":\"https:\/\/www.imobiliare.ro\/imoexpert\/arhitectura-eco-autohtona-vila-la-munte-scoasa-la-vanzare-pentru-25-milioane-de-euro_db\/#primaryimage\"},\"thumbnailUrl\":\"https:\/\/www.imobiliare.ro\/imoexpert\/wp-content\/uploads\/2016\/10\/casa-Carpati-1.jpg\",\"datePublished\":\"2016-10-24T07:21:11+00:00\",\"description\":\"Combina\u021bia de lemn \u0219i piatr\u0103 confer\u0103 un aer rustic construc\u021biei. Situat\u0103 \u00een zona Carpa\u021bilor, \u00eentr-un sat din jude\u021bul Buz\u0103u, proprietatea din imagini a\",\"breadcrumb\":{\"@id\":\"https:\/\/www.imobiliare.ro\/imoexpert\/arhitectura-eco-autohtona-vila-la-munte-scoasa-la-vanzare-pentru-25-milioane-de-euro_db\/#breadcrumb\"},\"inLanguage\":\"en\",\"potentialAction\":[{\"@type\":\"ReadAction\",\"target\":[\"https:\/\/www.imobiliare.ro\/imoexpert\/arhitectura-eco-autohtona-vila-la-munte-scoasa-la-vanzare-pentru-25-milioane-de-euro_db\/\"]}]},{\"@type\":\"ImageObject\",\"inLanguage\":\"en\",\"@id\":\"https:\/\/www.imobiliare.ro\/imoexpert\/arhitectura-eco-autohtona-vila-la-munte-scoasa-la-vanzare-pentru-25-milioane-de-euro_db\/#primaryimage\",\"url\":\"https:\/\/www.imobiliare.ro\/imoexpert\/wp-content\/uploads\/2016\/10\/casa-Carpati-1.jpg\",\"contentUrl\":\"https:\/\/www.imobiliare.ro\/imoexpert\/wp-content\/uploads\/2016\/10\/casa-Carpati-1.jpg\",\"width\":600,\"height\":400},{\"@type\":\"BreadcrumbList\",\"@id\":\"https:\/\/www.imobiliare.ro\/imoexpert\/arhitectura-eco-autohtona-vila-la-munte-scoasa-la-vanzare-pentru-25-milioane-de-euro_db\/#breadcrumb\",\"itemListElement\":[{\"@type\":\"ListItem\",\"position\":1,\"name\":\"Imoradar24\",\"item\":\"https:\/\/www.imoradar24.ro\"},{\"@type\":\"ListItem\",\"position\":2,\"name\":\"ImoExpert\",\"item\":\"https:\/\/www.imobiliare.ro\/imoexpert\/\"},{\"@type\":\"ListItem\",\"position\":3,\"name\":\"Concursuri\",\"item\":\"https:\/\/www.imobiliare.ro\/imoexpert\/concursuri\/\"},{\"@type\":\"ListItem\",\"position\":4,\"name\":\"Arhitectur\u0103 eco autohton\u0103: Vil\u0103 la munte, scoas\u0103 la v\u00e2nzare pentru 2,5 milioane de euro\"}]},{\"@type\":\"WebSite\",\"@id\":\"https:\/\/www.imobiliare.ro\/imoexpert\/#website\",\"url\":\"https:\/\/www.imobiliare.ro\/imoexpert\/\",\"name\":\"ImoExpert\",\"description\":\"cele mai importante \u015ftiri din domeniul imobiliar\",\"publisher\":{\"@id\":\"https:\/\/www.imobiliare.ro\/imoexpert\/#organization\"},\"inLanguage\":\"en\"},{\"@type\":\"Organization\",\"@id\":\"https:\/\/www.imobiliare.ro\/imoexpert\/#organization\",\"name\":\"Imobiliare.ro\",\"alternateName\":\"Realmedia Network SA\",\"url\":\"https:\/\/www.imobiliare.ro\/imoexpert\/\",\"logo\":{\"@type\":\"ImageObject\",\"inLanguage\":\"en\",\"@id\":\"https:\/\/www.imobiliare.ro\/imoexpert\/#\/schema\/logo\/image\/\",\"url\":\"https:\/\/www.imobiliare.ro\/imoexpert\/wp-content\/uploads\/2025\/05\/imobiliare_logo.png\",\"contentUrl\":\"https:\/\/www.imobiliare.ro\/imoexpert\/wp-content\/uploads\/2025\/05\/imobiliare_logo.png\",\"width\":237,\"height\":29,\"caption\":\"Imobiliare.ro\"},\"image\":{\"@id\":\"https:\/\/www.imobiliare.ro\/imoexpert\/#\/schema\/logo\/image\/\"}},{\"@type\":\"Person\",\"@id\":\"https:\/\/www.imobiliare.ro\/imoexpert\/#\/schema\/person\/8c13b0297075010b896471fabf0d7790\",\"name\":\"Adriana Dr\u0103gu\u0219in\",\"image\":{\"@type\":\"ImageObject\",\"inLanguage\":\"en\",\"@id\":\"https:\/\/www.imobiliare.ro\/imoexpert\/#\/schema\/person\/image\/\",\"url\":\"https:\/\/secure.gravatar.com\/avatar\/ba4762f7517e50e679ed7f11207102d1150120f2f5800c0da98f8a15305bf514?s=96&d=mm&r=g\",\"contentUrl\":\"https:\/\/secure.gravatar.com\/avatar\/ba4762f7517e50e679ed7f11207102d1150120f2f5800c0da98f8a15305bf514?s=96&d=mm&r=g\",\"caption\":\"Adriana Dr\u0103gu\u0219in\"},\"jobTitle\":\"Editor\",\"url\":\"https:\/\/www.imobiliare.ro\/imoexpert\/author\/adriana-dragusin\/\"}]}<\/script>\n<!-- \/ Yoast SEO Premium plugin. -->","yoast_head_json":{"title":"Arhitectur\u0103 eco autohton\u0103: Vil\u0103 la munte, scoas\u0103 la v\u00e2nzare pentru 2,5 milioane de euro - Concursuri, \u0218tiri - ImoExpert","description":"Combina\u021bia de lemn \u0219i piatr\u0103 confer\u0103 un aer rustic construc\u021biei. Situat\u0103 \u00een zona Carpa\u021bilor, \u00eentr-un sat din jude\u021bul Buz\u0103u, proprietatea din imagini a","robots":{"index":"index","follow":"follow"},"canonical":"https:\/\/www.imobiliare.ro\/imoexpert\/arhitectura-eco-autohtona-vila-la-munte-scoasa-la-vanzare-pentru-25-milioane-de-euro_db\/","og_locale":"ro_RO","og_type":"article","og_title":"Arhitectur\u0103 eco autohton\u0103: Vil\u0103 la munte, scoas\u0103 la v\u00e2nzare pentru 2,5 milioane de euro","og_description":"Combina\u021bia de lemn \u0219i piatr\u0103 confer\u0103 un aer rustic construc\u021biei. Situat\u0103 \u00een zona Carpa\u021bilor, \u00eentr-un sat din jude\u021bul Buz\u0103u, proprietatea din imagini a","og_url":"https:\/\/www.imobiliare.ro\/imoexpert\/arhitectura-eco-autohtona-vila-la-munte-scoasa-la-vanzare-pentru-25-milioane-de-euro_db\/","og_site_name":"ImoExpert","article_published_time":"2016-10-24T07:21:11+00:00","og_image":[{"width":600,"height":400,"url":"https:\/\/www.imobiliare.ro\/imoexpert\/wp-content\/uploads\/2016\/10\/casa-Carpati-1.jpg","type":"image\/jpeg"}],"author":"Adriana Dr\u0103gu\u0219in","twitter_card":"summary_large_image","twitter_misc":{"Written by":"Adriana Dr\u0103gu\u0219in","Est. reading time":"2 minute"},"schema":{"@context":"https:\/\/schema.org","@graph":[{"@type":"Article","@id":"https:\/\/www.imobiliare.ro\/imoexpert\/arhitectura-eco-autohtona-vila-la-munte-scoasa-la-vanzare-pentru-25-milioane-de-euro_db\/#article","isPartOf":{"@id":"https:\/\/www.imobiliare.ro\/imoexpert\/arhitectura-eco-autohtona-vila-la-munte-scoasa-la-vanzare-pentru-25-milioane-de-euro_db\/"},"author":{"name":"Adriana Dr\u0103gu\u0219in","@id":"https:\/\/www.imobiliare.ro\/imoexpert\/#\/schema\/person\/8c13b0297075010b896471fabf0d7790"},"headline":"Arhitectur\u0103 eco autohton\u0103: Vil\u0103 la munte, scoas\u0103 la v\u00e2nzare pentru 2,5 milioane de euro","datePublished":"2016-10-24T07:21:11+00:00","mainEntityOfPage":{"@id":"https:\/\/www.imobiliare.ro\/imoexpert\/arhitectura-eco-autohtona-vila-la-munte-scoasa-la-vanzare-pentru-25-milioane-de-euro_db\/"},"wordCount":368,"commentCount":0,"publisher":{"@id":"https:\/\/www.imobiliare.ro\/imoexpert\/#organization"},"image":{"@id":"https:\/\/www.imobiliare.ro\/imoexpert\/arhitectura-eco-autohtona-vila-la-munte-scoasa-la-vanzare-pentru-25-milioane-de-euro_db\/#primaryimage"},"thumbnailUrl":"https:\/\/www.imobiliare.ro\/imoexpert\/wp-content\/uploads\/2016\/10\/casa-Carpati-1.jpg","keywords":["Lifestyle","newsletter","principal"],"articleSection":["Concursuri","\u0218tiri"],"inLanguage":"en","potentialAction":[{"@type":"CommentAction","name":"Comment","target":["https:\/\/www.imobiliare.ro\/imoexpert\/arhitectura-eco-autohtona-vila-la-munte-scoasa-la-vanzare-pentru-25-milioane-de-euro_db\/#respond"]}],"copyrightYear":"2016","copyrightHolder":{"@id":"https:\/\/www.imobiliare.ro\/imoexpert\/#organization"}},{"@type":"WebPage","@id":"https:\/\/www.imobiliare.ro\/imoexpert\/arhitectura-eco-autohtona-vila-la-munte-scoasa-la-vanzare-pentru-25-milioane-de-euro_db\/","url":"https:\/\/www.imobiliare.ro\/imoexpert\/arhitectura-eco-autohtona-vila-la-munte-scoasa-la-vanzare-pentru-25-milioane-de-euro_db\/","name":"Arhitectur\u0103 eco autohton\u0103: Vil\u0103 la munte, scoas\u0103 la v\u00e2nzare pentru 2,5 milioane de euro - Concursuri, \u0218tiri - ImoExpert","isPartOf":{"@id":"https:\/\/www.imobiliare.ro\/imoexpert\/#website"},"primaryImageOfPage":{"@id":"https:\/\/www.imobiliare.ro\/imoexpert\/arhitectura-eco-autohtona-vila-la-munte-scoasa-la-vanzare-pentru-25-milioane-de-euro_db\/#primaryimage"},"image":{"@id":"https:\/\/www.imobiliare.ro\/imoexpert\/arhitectura-eco-autohtona-vila-la-munte-scoasa-la-vanzare-pentru-25-milioane-de-euro_db\/#primaryimage"},"thumbnailUrl":"https:\/\/www.imobiliare.ro\/imoexpert\/wp-content\/uploads\/2016\/10\/casa-Carpati-1.jpg","datePublished":"2016-10-24T07:21:11+00:00","description":"Combina\u021bia de lemn \u0219i piatr\u0103 confer\u0103 un aer rustic construc\u021biei. Situat\u0103 \u00een zona Carpa\u021bilor, \u00eentr-un sat din jude\u021bul Buz\u0103u, proprietatea din imagini a","breadcrumb":{"@id":"https:\/\/www.imobiliare.ro\/imoexpert\/arhitectura-eco-autohtona-vila-la-munte-scoasa-la-vanzare-pentru-25-milioane-de-euro_db\/#breadcrumb"},"inLanguage":"en","potentialAction":[{"@type":"ReadAction","target":["https:\/\/www.imobiliare.ro\/imoexpert\/arhitectura-eco-autohtona-vila-la-munte-scoasa-la-vanzare-pentru-25-milioane-de-euro_db\/"]}]},{"@type":"ImageObject","inLanguage":"en","@id":"https:\/\/www.imobiliare.ro\/imoexpert\/arhitectura-eco-autohtona-vila-la-munte-scoasa-la-vanzare-pentru-25-milioane-de-euro_db\/#primaryimage","url":"https:\/\/www.imobiliare.ro\/imoexpert\/wp-content\/uploads\/2016\/10\/casa-Carpati-1.jpg","contentUrl":"https:\/\/www.imobiliare.ro\/imoexpert\/wp-content\/uploads\/2016\/10\/casa-Carpati-1.jpg","width":600,"height":400},{"@type":"BreadcrumbList","@id":"https:\/\/www.imobiliare.ro\/imoexpert\/arhitectura-eco-autohtona-vila-la-munte-scoasa-la-vanzare-pentru-25-milioane-de-euro_db\/#breadcrumb","itemListElement":[{"@type":"ListItem","position":1,"name":"Imoradar24","item":"https:\/\/www.imoradar24.ro"},{"@type":"ListItem","position":2,"name":"ImoExpert","item":"https:\/\/www.imobiliare.ro\/imoexpert\/"},{"@type":"ListItem","position":3,"name":"Concursuri","item":"https:\/\/www.imobiliare.ro\/imoexpert\/concursuri\/"},{"@type":"ListItem","position":4,"name":"Arhitectur\u0103 eco autohton\u0103: Vil\u0103 la munte, scoas\u0103 la v\u00e2nzare pentru 2,5 milioane de euro"}]},{"@type":"WebSite","@id":"https:\/\/www.imobiliare.ro\/imoexpert\/#website","url":"https:\/\/www.imobiliare.ro\/imoexpert\/","name":"ImoExpert","description":"cele mai importante \u015ftiri din domeniul imobiliar","publisher":{"@id":"https:\/\/www.imobiliare.ro\/imoexpert\/#organization"},"inLanguage":"en"},{"@type":"Organization","@id":"https:\/\/www.imobiliare.ro\/imoexpert\/#organization","name":"Imobiliare.ro","alternateName":"Realmedia Network SA","url":"https:\/\/www.imobiliare.ro\/imoexpert\/","logo":{"@type":"ImageObject","inLanguage":"en","@id":"https:\/\/www.imobiliare.ro\/imoexpert\/#\/schema\/logo\/image\/","url":"https:\/\/www.imobiliare.ro\/imoexpert\/wp-content\/uploads\/2025\/05\/imobiliare_logo.png","contentUrl":"https:\/\/www.imobiliare.ro\/imoexpert\/wp-content\/uploads\/2025\/05\/imobiliare_logo.png","width":237,"height":29,"caption":"Imobiliare.ro"},"image":{"@id":"https:\/\/www.imobiliare.ro\/imoexpert\/#\/schema\/logo\/image\/"}},{"@type":"Person","@id":"https:\/\/www.imobiliare.ro\/imoexpert\/#\/schema\/person\/8c13b0297075010b896471fabf0d7790","name":"Adriana Dr\u0103gu\u0219in","image":{"@type":"ImageObject","inLanguage":"en","@id":"https:\/\/www.imobiliare.ro\/imoexpert\/#\/schema\/person\/image\/","url":"https:\/\/secure.gravatar.com\/avatar\/ba4762f7517e50e679ed7f11207102d1150120f2f5800c0da98f8a15305bf514?s=96&d=mm&r=g","contentUrl":"https:\/\/secure.gravatar.com\/avatar\/ba4762f7517e50e679ed7f11207102d1150120f2f5800c0da98f8a15305bf514?s=96&d=mm&r=g","caption":"Adriana Dr\u0103gu\u0219in"},"jobTitle":"Editor","url":"https:\/\/www.imobiliare.ro\/imoexpert\/author\/adriana-dragusin\/"}]}},"_links":{"self":[{"href":"https:\/\/www.imobiliare.ro\/imoexpert\/wp-json\/wp\/v2\/posts\/39087","targetHints":{"allow":["GET"]}}],"collection":[{"href":"https:\/\/www.imobiliare.ro\/imoexpert\/wp-json\/wp\/v2\/posts"}],"about":[{"href":"https:\/\/www.imobiliare.ro\/imoexpert\/wp-json\/wp\/v2\/types\/post"}],"author":[{"embeddable":true,"href":"https:\/\/www.imobiliare.ro\/imoexpert\/wp-json\/wp\/v2\/users\/829"}],"replies":[{"embeddable":true,"href":"https:\/\/www.imobiliare.ro\/imoexpert\/wp-json\/wp\/v2\/comments?post=39087"}],"version-history":[{"count":0,"href":"https:\/\/www.imobiliare.ro\/imoexpert\/wp-json\/wp\/v2\/posts\/39087\/revisions"}],"wp:featuredmedia":[{"embeddable":true,"href":"https:\/\/www.imobiliare.ro\/imoexpert\/wp-json\/wp\/v2\/media\/39088"}],"wp:attachment":[{"href":"https:\/\/www.imobiliare.ro\/imoexpert\/wp-json\/wp\/v2\/media?parent=39087"}],"wp:term":[{"taxonomy":"category","embeddable":true,"href":"https:\/\/www.imobiliare.ro\/imoexpert\/wp-json\/wp\/v2\/categories?post=39087"},{"taxonomy":"post_tag","embeddable":true,"href":"https:\/\/www.imobiliare.ro\/imoexpert\/wp-json\/wp\/v2\/tags?post=39087"},{"taxonomy":"content_author","embeddable":true,"href":"https:\/\/www.imobiliare.ro\/imoexpert\/wp-json\/wp\/v2\/content_author?post=39087"}],"curies":[{"name":"wp","href":"https:\/\/api.w.org\/{rel}","templated":true}]}}