{"id":40833,"date":"2017-07-05T10:27:11","date_gmt":"2017-07-05T07:27:11","guid":{"rendered":"https:\/\/www.imobiliare.ro\/?p=40833"},"modified":"2017-07-05T10:27:11","modified_gmt":"2017-07-05T07:27:11","slug":"preturile-locuintelor-in-s1-2017-capitala-si-cluj-napoca-la-poluri-opuse","status":"publish","type":"post","link":"https:\/\/www.imobiliare.ro\/imoexpert\/preturile-locuintelor-in-s1-2017-capitala-si-cluj-napoca-la-poluri-opuse_db\/","title":{"rendered":"Pre\u021burile locuin\u021belor \u00een S1 2017: Capitala \u0219i Cluj-Napoca, la poluri opuse!"},"content":{"rendered":"<div id=\"ez-toc-container\" class=\"ez-toc-v2_0_81 counter-hierarchy ez-toc-counter ez-toc-grey ez-toc-container-direction\">\n<p class=\"ez-toc-title\" style=\"cursor:inherit\">Table of Contents<\/p>\n<label for=\"ez-toc-cssicon-toggle-item-69f24b7ca86f3\" class=\"ez-toc-cssicon-toggle-label\"><span class=\"ez-toc-cssicon\"><span class=\"eztoc-hide\" style=\"display:none;\">Toggle<\/span><span class=\"ez-toc-icon-toggle-span\"><svg style=\"fill: #999;color:#999\" xmlns=\"http:\/\/www.w3.org\/2000\/svg\" class=\"list-377408\" width=\"20px\" height=\"20px\" viewBox=\"0 0 24 24\" fill=\"none\"><path d=\"M6 6H4v2h2V6zm14 0H8v2h12V6zM4 11h2v2H4v-2zm16 0H8v2h12v-2zM4 16h2v2H4v-2zm16 0H8v2h12v-2z\" fill=\"currentColor\"><\/path><\/svg><svg style=\"fill: #999;color:#999\" class=\"arrow-unsorted-368013\" xmlns=\"http:\/\/www.w3.org\/2000\/svg\" width=\"10px\" height=\"10px\" viewBox=\"0 0 24 24\" version=\"1.2\" baseProfile=\"tiny\"><path d=\"M18.2 9.3l-6.2-6.3-6.2 6.3c-.2.2-.3.4-.3.7s.1.5.3.7c.2.2.4.3.7.3h11c.3 0 .5-.1.7-.3.2-.2.3-.5.3-.7s-.1-.5-.3-.7zM5.8 14.7l6.2 6.3 6.2-6.3c.2-.2.3-.5.3-.7s-.1-.5-.3-.7c-.2-.2-.4-.3-.7-.3h-11c-.3 0-.5.1-.7.3-.2.2-.3.5-.3.7s.1.5.3.7z\"\/><\/svg><\/span><\/span><\/label><input type=\"checkbox\"  id=\"ez-toc-cssicon-toggle-item-69f24b7ca86f3\"  aria-label=\"Toggle\" \/><nav><ul class='ez-toc-list ez-toc-list-level-1 ' ><li class='ez-toc-page-1 ez-toc-heading-level-2'><a class=\"ez-toc-link ez-toc-heading-1\" href=\"https:\/\/www.imobiliare.ro\/imoexpert\/preturile-locuintelor-in-s1-2017-capitala-si-cluj-napoca-la-poluri-opuse_db\/#Cresterile_consemnate_pe_piata_noua_au_fost_in_general_mai_mari_decat_pe_cea_veche\" >Cre\u0219terile consemnate pe pia\u021ba nou\u0103 au fost, \u00een general, mai mari dec\u00e2t pe cea veche.<\/a><\/li><li class='ez-toc-page-1 ez-toc-heading-level-2'><a class=\"ez-toc-link ez-toc-heading-2\" href=\"https:\/\/www.imobiliare.ro\/imoexpert\/preturile-locuintelor-in-s1-2017-capitala-si-cluj-napoca-la-poluri-opuse_db\/#Bucuresti\" >Bucure\u0219ti:<\/a><\/li><li class='ez-toc-page-1 ez-toc-heading-level-2'><a class=\"ez-toc-link ez-toc-heading-3\" href=\"https:\/\/www.imobiliare.ro\/imoexpert\/preturile-locuintelor-in-s1-2017-capitala-si-cluj-napoca-la-poluri-opuse_db\/#Brasov\" >Bra\u0219ov:<\/a><\/li><li class='ez-toc-page-1 ez-toc-heading-level-2'><a class=\"ez-toc-link ez-toc-heading-4\" href=\"https:\/\/www.imobiliare.ro\/imoexpert\/preturile-locuintelor-in-s1-2017-capitala-si-cluj-napoca-la-poluri-opuse_db\/#Cluj-Napoca\" >Cluj-Napoca:<\/a><\/li><li class='ez-toc-page-1 ez-toc-heading-level-2'><a class=\"ez-toc-link ez-toc-heading-5\" href=\"https:\/\/www.imobiliare.ro\/imoexpert\/preturile-locuintelor-in-s1-2017-capitala-si-cluj-napoca-la-poluri-opuse_db\/#Constanta\" >Constan\u021ba:<\/a><\/li><li class='ez-toc-page-1 ez-toc-heading-level-2'><a class=\"ez-toc-link ez-toc-heading-6\" href=\"https:\/\/www.imobiliare.ro\/imoexpert\/preturile-locuintelor-in-s1-2017-capitala-si-cluj-napoca-la-poluri-opuse_db\/#Iasi\" >Ia\u0219i:<\/a><\/li><li class='ez-toc-page-1 ez-toc-heading-level-2'><a class=\"ez-toc-link ez-toc-heading-7\" href=\"https:\/\/www.imobiliare.ro\/imoexpert\/preturile-locuintelor-in-s1-2017-capitala-si-cluj-napoca-la-poluri-opuse_db\/#Timisoara\" >Timi\u0219oara:<\/a><\/li><\/ul><\/nav><\/div>\n<h2><span class=\"ez-toc-section\" id=\"Cresterile_consemnate_pe_piata_noua_au_fost_in_general_mai_mari_decat_pe_cea_veche\"><\/span><span style=\"color: #000000;\"><span style=\"font-size: small;\">Cre\u0219terile consemnate pe pia\u021ba nou\u0103 au fost, \u00een general, mai mari dec\u00e2t pe cea veche.<\/span><\/span><span class=\"ez-toc-section-end\"><\/span><\/h2>\n<p>Fie c\u0103 ai o locuin\u021b\u0103 de v\u00e2nzare sau te g\u00e2nde\u0219ti s\u0103 cumperi una, cu siguran\u021b\u0103 te \u00eentrebi care este direc\u021bia actual\u0103 a pre\u021burilor. Datele pe primul semestru al acestui an confirm\u0103 c\u0103 preten\u021biile v\u00e2nz\u0103torilor de locuin\u021be se afl\u0103 pe un trend ascendent \u00een momentul de fa\u021b\u0103, at\u00e2t la nivel na\u021bional, c\u00e2t \u0219i \u00een marile ora\u0219e \u2013 chiar dac\u0103 valorile efective de tranzac\u021bionare din pia\u021b\u0103 poate nu resimt acela\u0219i ritm de cre\u0219tere. Interesant este c\u0103 aceast\u0103 tendin\u021b\u0103 de majorare este, de regul\u0103, mai accentuat\u0103 pe pia\u021ba nou\u0103 dec\u00e2t pe cea veche \u2013 ceea ce scoate \u00een eviden\u021b\u0103 poten\u021bialul apartamentelor nou-construite de a se deta\u0219a din punct de vedere financiar de cele mai vechi.<\/p>\n<p><a class=\"article-body-links\"href=\"https:\/\/www.imobiliare.ro\/imoexpert\/wp-content\/uploads\/2017\/07\/preturile-locuintelor-S1-2017.jpg\"><img loading=\"lazy\" decoding=\"async\" src=\"https:\/\/www.imobiliare.ro\/imoexpert\/wp-content\/uploads\/2017\/07\/preturile-locuintelor-S1-2017.jpg\" alt=\"preturile locuintelor in S1 2017\" width=\"600\" height=\"399\" class=\"aligncenter size-full wp-image-40835\" srcset=\"https:\/\/www.imobiliare.ro\/imoexpert\/wp-content\/uploads\/2017\/07\/preturile-locuintelor-S1-2017.jpg 600w, https:\/\/www.imobiliare.ro\/imoexpert\/wp-content\/uploads\/2017\/07\/preturile-locuintelor-S1-2017-300x200.jpg 300w, https:\/\/www.imobiliare.ro\/imoexpert\/wp-content\/uploads\/2017\/07\/preturile-locuintelor-S1-2017-87x57.jpg 87w, https:\/\/www.imobiliare.ro\/imoexpert\/wp-content\/uploads\/2017\/07\/preturile-locuintelor-S1-2017-65x43.jpg 65w, https:\/\/www.imobiliare.ro\/imoexpert\/wp-content\/uploads\/2017\/07\/preturile-locuintelor-S1-2017-154x103.jpg 154w\" sizes=\"auto, (max-width: 600px) 100vw, 600px\" \/><\/a><\/p>\n<p>Dup\u0103 un plus de 0,5% \u00een luna iunie, suma medie solicitat\u0103 pentru apartamentele disponibile spre v\u00e2nzare la nivel na\u021bional (noi \u0219i vechi) s-a majorat cu 6,7% \u00een prima jum\u0103tate a acestui an, ajung\u00e2nd la 1.120 de euro pe metru p\u0103trat util (fa\u021b\u0103 de 1.050 de euro pe metru p\u0103trat util la finele lui decembrie 2016). O cre\u0219tere de dou\u0103 cifre \u2013 cea mai mare dintre cele \u0219ase centre regionale monitorizate \u2013 a avut loc \u00een Cluj-Napoca, potrivit <strong><a class=\"article-body-links\"href=\"https:\/\/www.imobiliare.ro\/indicele-imobiliare-ro\">Indicelui Imobiliare.ro<\/a><\/strong>; \u00een ciuda unei tendin\u021be ini\u021biale de temperare, preten\u021biile v\u00e2nz\u0103torilor din acest ora\u0219 au consemnat un salt important spre jum\u0103tatea anului, \u00een special pe segmentul nou. La polul opus, cea mai redus\u0103 marj\u0103 de cre\u0219tere a fost \u00eenregistrat\u0103 \u00een acest r\u0103stimp \u00een Bucure\u0219ti.<\/p>\n<h2><span class=\"ez-toc-section\" id=\"Bucuresti\"><\/span><span style=\"color: #000000;\"><span style=\"font-size: small;\">Bucure\u0219ti:<\/span><\/span><span class=\"ez-toc-section-end\"><\/span><\/h2>\n<p>\u00cen ciuda unor tendin\u021be diferite resim\u021bite pe pia\u021ba veche \u0219i pe cea nou\u0103, locuin\u021bele din Capital\u0103 s-au men\u021binut, per ansamblu, la un nivel de pre\u021b constant \u00een iunie fa\u021b\u0103 de mai, respectiv 1.203 euro pe metru p\u0103trat util; pe parcursul primei jum\u0103t\u0103\u021bi a anului \u00eens\u0103, acestea s-au scumpit cu 5,4% (de la 1.141 de euro pe metru p\u0103trat util la \u00eenceputul lunii ianuarie) &#8211; acesta fiind cel mai mic avans \u00eenregistrat \u00een perioada analizat\u0103 \u00een cele \u0219ase mari ora\u0219e monitorizate constant de <strong><a class=\"article-body-links\"href=\"http:\/\/www.imobiliare.ro\/\">Imobiliare.ro<\/a><\/strong>. Apartamentele vechi s-au apreciat cu 5% \u00een decurs de \u0219ase luni (de la 1.090 la 1.144 de euro pe metru p\u0103trat), iar cele noi cu 7% (de la 1.172 la 1.254 de euro pe metru p\u0103trat). <\/p>\n<h2><span class=\"ez-toc-section\" id=\"Brasov\"><\/span><span style=\"color: #000000;\"><span style=\"font-size: small;\">Bra\u0219ov:<\/span><\/span><span class=\"ez-toc-section-end\"><\/span><\/h2>\n<p>\u00cen ora\u0219ul de la poalele T\u00e2mpei, <strong><a class=\"article-body-links\"href=\"https:\/\/www.imobiliare.ro\/indicele-imobiliare-ro\">Indicele Imobiliare.ro<\/a><\/strong> relev\u0103 o cre\u0219tere de pre\u021b de 0,6% \u00een luna iunie \u0219i, respectiv, una de 6,2% \u00een primul semestru din 2017 (de la 900 la 956 de euro pe metru p\u0103trat util). \u00cen ultimele \u0219ase luni, apartamentele vechi din Bra\u0219ov s-au scumpit cu 5% (de la 911 la 957 de euro pe metru p\u0103trat); unit\u0103\u021bile locative nou-construite, pe de alt\u0103 parte, au f\u0103cut \u00een aceast\u0103 perioad\u0103 un salt de 9,4% (de la 870 la 952 de euro pe metru p\u0103trat). <\/p>\n<h2><span class=\"ez-toc-section\" id=\"Cluj-Napoca\"><\/span><span style=\"color: #000000;\"><span style=\"font-size: small;\">Cluj-Napoca:<\/span><\/span><span class=\"ez-toc-section-end\"><\/span><\/h2>\n<p>Cu un plus de 10% la \u0219ase luni, capitala Transilvaniei \u0219i-a reluat locul \u00een clasamentul na\u021bional al celor mai mari cre\u0219teri de pre\u021b; locuin\u021bele clujene cost\u0103 azi, \u00een medie, 1.372 de euro pe metru p\u0103trat util, fa\u021b\u0103 de 1.247 de euro pe metru p\u0103trat util la \u00eenceputul anului \u2013 \u0219i, respectiv, fa\u021b\u0103 de 1.349 de euro pe metru p\u0103trat la finele lunii mai (o diferen\u021b\u0103 de 1,7%). \u00cen prima jum\u0103tate din 2017, apartamentele vechi din ora\u0219 s-au apreciat cu 9,6%, de la 1.279 la 1.402 euro pe metru p\u0103trat (de men\u021bionat este \u00eens\u0103 c\u0103 o cre\u0219tere de 2,6% a avut loc doar \u00een luna iunie). Apartamentele noi s-au scumpit \u00eens\u0103 cu 12,3% \u00een decurs de \u0219ase luni (de la 1.184 la 1.330 de euro pe metru p\u0103trat util), ceea ce a contribuit la mic\u0219orarea vizibil\u0103 a diferen\u021bei de pre\u021b fa\u021b\u0103 de pia\u021ba veche. <\/p>\n<h2><span class=\"ez-toc-section\" id=\"Constanta\"><\/span><span style=\"color: #000000;\"><span style=\"font-size: small;\">Constan\u021ba:<\/span><\/span><span class=\"ez-toc-section-end\"><\/span><\/h2>\n<p>\u00cen ora\u0219ul de la malul m\u0103rii, preten\u021biile v\u00e2nz\u0103torilor s-au majorat cu 1,5% \u00een iunie \u0219i cu 7,3% \u00een prima jum\u0103tate a anului (de la 973 la 1.044 de euro pe metru p\u0103trat util). Apartamentele din blocurile ridicate \u00eenainte de Revolu\u021bie s-au apreciat cu 6,9% \u00een decurs de \u0219ase luni (de la 969 la 1.036 de euro pe metru p\u0103trat), iar cele noi s-au scumpit cu 9,2% (de la 989 la 1.080 de euro pe metru p\u0103trat util). <\/p>\n<h2><span class=\"ez-toc-section\" id=\"Iasi\"><\/span><span style=\"color: #000000;\"><span style=\"font-size: small;\">Ia\u0219i:<\/span><\/span><span class=\"ez-toc-section-end\"><\/span><\/h2>\n<p>\u00cen mod interesant, capitala Moldovei se situeaz\u0103 pe locul al doilea \u00een clasamentul cre\u0219terilor de pre\u021b la \u0219ase luni, cu un plus de 9,6% (de la 854 la 936 de euro pe metru p\u0103trat util), \u00een vreme ce \u00een iunie a avut loc un avans de 1%. Apartamentele vechi s-au scumpit cu 5,9% \u00een prima jum\u0103tate a anului (de la 878 la 930 de euro pe metru p\u0103trat), \u00eens\u0103 cele noi au \u201es\u0103rit\u201d de la 825 la 939 de euro pe metru p\u0103trat util, marc\u00e2nd o diferen\u021b\u0103 de 13,8% \u2013 acesta fiind cel mai semnificativ avans consemnat \u00een primul semestru pe pia\u021ba nou\u0103. <\/p>\n<h2><span class=\"ez-toc-section\" id=\"Timisoara\"><\/span><span style=\"color: #000000;\"><span style=\"font-size: small;\">Timi\u0219oara:<\/span><\/span><span class=\"ez-toc-section-end\"><\/span><\/h2>\n<p>\u00cen ora\u0219ul de pe Bega, pre\u021bul mediu cerut pentru apartamentele scoase la v\u00e2nzare s-a majorat cu 0,6% \u00een iunie \u0219i, respectiv, cu 8,2% \u00een primul semestru din 2017 (de la 1.027 la 1.111 euro pe metru p\u0103trat util). Timi\u0219oara este singurul ora\u0219 \u00een care locuin\u021bele vechi s-au scumpit mai mult dec\u00e2t cele noi \u00een ultimele \u0219ase luni: astfel, cele dint\u00e2i s-au apreciat cu 9,3% (de la 1.018 la 1.113 euro pe metru p\u0103trat), iar cele din urm\u0103 cu 4,4% (de la 1.056 la 1.102 euro pe metru p\u0103trat). <\/p>\n","protected":false},"excerpt":{"rendered":"<p>Cre\u0219terile consemnate pe pia\u021ba nou\u0103 au fost, \u00een general, mai mari dec\u00e2t pe cea veche. Fie c\u0103 ai o locuin\u021b\u0103 de v\u00e2nzare sau te g\u00e2nde\u0219ti s\u0103 cumperi una, cu siguran\u021b\u0103 te \u00eentrebi care este direc\u021bia actual\u0103 a pre\u021burilor. Datele pe primul semestru al acestui an confirm\u0103 c\u0103 preten\u021biile v\u00e2nz\u0103torilor de locuin\u021be se afl\u0103 pe un [&hellip;]<\/p>\n","protected":false},"author":829,"featured_media":40835,"comment_status":"open","ping_status":"open","sticky":false,"template":"","format":"standard","meta":{"footnotes":""},"categories":[259],"tags":[1410,1648,1411,451,1360],"content_author":[],"class_list":["post-40833","post","type-post","status-publish","format-standard","has-post-thumbnail","hentry","category-stiri","tag-newsletter","tag-preturile-locuintelor-s1-2017","tag-principal","tag-proprietar","tag-vanzare-apartamente"],"yoast_head":"<!-- This site is optimized with the Yoast SEO Premium plugin v27.0 (Yoast SEO v27.0) - https:\/\/yoast.com\/product\/yoast-seo-premium-wordpress\/ -->\n<title>Pre\u021burile locuin\u021belor \u00een S1 2017: Capitala \u0219i Cluj-Napoca, la poluri opuse! - \u0218tiri - ImoExpert<\/title>\n<meta name=\"description\" content=\"Cre\u0219terile consemnate pe pia\u021ba nou\u0103 au fost, \u00een general, mai mari dec\u00e2t pe cea veche. Fie c\u0103 ai o locuin\u021b\u0103 de v\u00e2nzare sau te g\u00e2nde\u0219ti s\u0103 cumperi una, cu\" \/>\n<meta name=\"robots\" content=\"index, follow\" \/>\n<link rel=\"canonical\" href=\"https:\/\/www.imobiliare.ro\/imoexpert\/preturile-locuintelor-in-s1-2017-capitala-si-cluj-napoca-la-poluri-opuse_db\/\" \/>\n<meta property=\"og:locale\" content=\"ro_RO\" \/>\n<meta property=\"og:type\" content=\"article\" \/>\n<meta property=\"og:title\" content=\"Pre\u021burile locuin\u021belor \u00een S1 2017: Capitala \u0219i Cluj-Napoca, la poluri opuse!\" \/>\n<meta property=\"og:description\" content=\"Cre\u0219terile consemnate pe pia\u021ba nou\u0103 au fost, \u00een general, mai mari dec\u00e2t pe cea veche. Fie c\u0103 ai o locuin\u021b\u0103 de v\u00e2nzare sau te g\u00e2nde\u0219ti s\u0103 cumperi una, cu\" \/>\n<meta property=\"og:url\" content=\"https:\/\/www.imobiliare.ro\/imoexpert\/preturile-locuintelor-in-s1-2017-capitala-si-cluj-napoca-la-poluri-opuse_db\/\" \/>\n<meta property=\"og:site_name\" content=\"ImoExpert\" \/>\n<meta property=\"article:published_time\" content=\"2017-07-05T07:27:11+00:00\" \/>\n<meta property=\"og:image\" content=\"https:\/\/www.imobiliare.ro\/imoexpert\/wp-content\/uploads\/2017\/07\/preturile-locuintelor-S1-2017.jpg\" \/>\n\t<meta property=\"og:image:width\" content=\"600\" \/>\n\t<meta property=\"og:image:height\" content=\"399\" \/>\n\t<meta property=\"og:image:type\" content=\"image\/jpeg\" \/>\n<meta name=\"author\" content=\"Adriana Dr\u0103gu\u0219in\" \/>\n<meta name=\"twitter:card\" content=\"summary_large_image\" \/>\n<meta name=\"twitter:label1\" content=\"Written by\" \/>\n\t<meta name=\"twitter:data1\" content=\"Adriana Dr\u0103gu\u0219in\" \/>\n\t<meta name=\"twitter:label2\" content=\"Est. reading time\" \/>\n\t<meta name=\"twitter:data2\" content=\"5 minute\" \/>\n<script type=\"application\/ld+json\" class=\"yoast-schema-graph\">{\"@context\":\"https:\/\/schema.org\",\"@graph\":[{\"@type\":\"Article\",\"@id\":\"https:\/\/www.imobiliare.ro\/imoexpert\/preturile-locuintelor-in-s1-2017-capitala-si-cluj-napoca-la-poluri-opuse_db\/#article\",\"isPartOf\":{\"@id\":\"https:\/\/www.imobiliare.ro\/imoexpert\/preturile-locuintelor-in-s1-2017-capitala-si-cluj-napoca-la-poluri-opuse_db\/\"},\"author\":{\"name\":\"Adriana Dr\u0103gu\u0219in\",\"@id\":\"https:\/\/www.imobiliare.ro\/imoexpert\/#\/schema\/person\/8c13b0297075010b896471fabf0d7790\"},\"headline\":\"Pre\u021burile locuin\u021belor \u00een S1 2017: Capitala \u0219i Cluj-Napoca, la poluri opuse!\",\"datePublished\":\"2017-07-05T07:27:11+00:00\",\"mainEntityOfPage\":{\"@id\":\"https:\/\/www.imobiliare.ro\/imoexpert\/preturile-locuintelor-in-s1-2017-capitala-si-cluj-napoca-la-poluri-opuse_db\/\"},\"wordCount\":918,\"commentCount\":2,\"publisher\":{\"@id\":\"https:\/\/www.imobiliare.ro\/imoexpert\/#organization\"},\"image\":{\"@id\":\"https:\/\/www.imobiliare.ro\/imoexpert\/preturile-locuintelor-in-s1-2017-capitala-si-cluj-napoca-la-poluri-opuse_db\/#primaryimage\"},\"thumbnailUrl\":\"https:\/\/www.imobiliare.ro\/imoexpert\/wp-content\/uploads\/2017\/07\/preturile-locuintelor-S1-2017.jpg\",\"keywords\":[\"newsletter\",\"preturile locuintelor S1 2017\",\"principal\",\"proprietar\",\"V\u00e2nzare apartamente\"],\"articleSection\":[\"\u0218tiri\"],\"inLanguage\":\"en\",\"potentialAction\":[{\"@type\":\"CommentAction\",\"name\":\"Comment\",\"target\":[\"https:\/\/www.imobiliare.ro\/imoexpert\/preturile-locuintelor-in-s1-2017-capitala-si-cluj-napoca-la-poluri-opuse_db\/#respond\"]}],\"copyrightYear\":\"2017\",\"copyrightHolder\":{\"@id\":\"https:\/\/www.imobiliare.ro\/imoexpert\/#organization\"}},{\"@type\":\"WebPage\",\"@id\":\"https:\/\/www.imobiliare.ro\/imoexpert\/preturile-locuintelor-in-s1-2017-capitala-si-cluj-napoca-la-poluri-opuse_db\/\",\"url\":\"https:\/\/www.imobiliare.ro\/imoexpert\/preturile-locuintelor-in-s1-2017-capitala-si-cluj-napoca-la-poluri-opuse_db\/\",\"name\":\"Pre\u021burile locuin\u021belor \u00een S1 2017: Capitala \u0219i Cluj-Napoca, la poluri opuse! - \u0218tiri - ImoExpert\",\"isPartOf\":{\"@id\":\"https:\/\/www.imobiliare.ro\/imoexpert\/#website\"},\"primaryImageOfPage\":{\"@id\":\"https:\/\/www.imobiliare.ro\/imoexpert\/preturile-locuintelor-in-s1-2017-capitala-si-cluj-napoca-la-poluri-opuse_db\/#primaryimage\"},\"image\":{\"@id\":\"https:\/\/www.imobiliare.ro\/imoexpert\/preturile-locuintelor-in-s1-2017-capitala-si-cluj-napoca-la-poluri-opuse_db\/#primaryimage\"},\"thumbnailUrl\":\"https:\/\/www.imobiliare.ro\/imoexpert\/wp-content\/uploads\/2017\/07\/preturile-locuintelor-S1-2017.jpg\",\"datePublished\":\"2017-07-05T07:27:11+00:00\",\"description\":\"Cre\u0219terile consemnate pe pia\u021ba nou\u0103 au fost, \u00een general, mai mari dec\u00e2t pe cea veche. Fie c\u0103 ai o locuin\u021b\u0103 de v\u00e2nzare sau te g\u00e2nde\u0219ti s\u0103 cumperi una, cu\",\"breadcrumb\":{\"@id\":\"https:\/\/www.imobiliare.ro\/imoexpert\/preturile-locuintelor-in-s1-2017-capitala-si-cluj-napoca-la-poluri-opuse_db\/#breadcrumb\"},\"inLanguage\":\"en\",\"potentialAction\":[{\"@type\":\"ReadAction\",\"target\":[\"https:\/\/www.imobiliare.ro\/imoexpert\/preturile-locuintelor-in-s1-2017-capitala-si-cluj-napoca-la-poluri-opuse_db\/\"]}]},{\"@type\":\"ImageObject\",\"inLanguage\":\"en\",\"@id\":\"https:\/\/www.imobiliare.ro\/imoexpert\/preturile-locuintelor-in-s1-2017-capitala-si-cluj-napoca-la-poluri-opuse_db\/#primaryimage\",\"url\":\"https:\/\/www.imobiliare.ro\/imoexpert\/wp-content\/uploads\/2017\/07\/preturile-locuintelor-S1-2017.jpg\",\"contentUrl\":\"https:\/\/www.imobiliare.ro\/imoexpert\/wp-content\/uploads\/2017\/07\/preturile-locuintelor-S1-2017.jpg\",\"width\":600,\"height\":399,\"caption\":\"preturile locuintelor in S1 2017\"},{\"@type\":\"BreadcrumbList\",\"@id\":\"https:\/\/www.imobiliare.ro\/imoexpert\/preturile-locuintelor-in-s1-2017-capitala-si-cluj-napoca-la-poluri-opuse_db\/#breadcrumb\",\"itemListElement\":[{\"@type\":\"ListItem\",\"position\":1,\"name\":\"Imoradar24\",\"item\":\"https:\/\/www.imoradar24.ro\"},{\"@type\":\"ListItem\",\"position\":2,\"name\":\"ImoExpert\",\"item\":\"https:\/\/www.imobiliare.ro\/imoexpert\/\"},{\"@type\":\"ListItem\",\"position\":3,\"name\":\"\u0218tiri\",\"item\":\"https:\/\/www.imobiliare.ro\/imoexpert\/stiri\/\"},{\"@type\":\"ListItem\",\"position\":4,\"name\":\"Pre\u021burile locuin\u021belor \u00een S1 2017: Capitala \u0219i Cluj-Napoca, la poluri opuse!\"}]},{\"@type\":\"WebSite\",\"@id\":\"https:\/\/www.imobiliare.ro\/imoexpert\/#website\",\"url\":\"https:\/\/www.imobiliare.ro\/imoexpert\/\",\"name\":\"ImoExpert\",\"description\":\"cele mai importante \u015ftiri din domeniul imobiliar\",\"publisher\":{\"@id\":\"https:\/\/www.imobiliare.ro\/imoexpert\/#organization\"},\"inLanguage\":\"en\"},{\"@type\":\"Organization\",\"@id\":\"https:\/\/www.imobiliare.ro\/imoexpert\/#organization\",\"name\":\"Imobiliare.ro\",\"alternateName\":\"Realmedia Network SA\",\"url\":\"https:\/\/www.imobiliare.ro\/imoexpert\/\",\"logo\":{\"@type\":\"ImageObject\",\"inLanguage\":\"en\",\"@id\":\"https:\/\/www.imobiliare.ro\/imoexpert\/#\/schema\/logo\/image\/\",\"url\":\"https:\/\/www.imobiliare.ro\/imoexpert\/wp-content\/uploads\/2025\/05\/imobiliare_logo.png\",\"contentUrl\":\"https:\/\/www.imobiliare.ro\/imoexpert\/wp-content\/uploads\/2025\/05\/imobiliare_logo.png\",\"width\":237,\"height\":29,\"caption\":\"Imobiliare.ro\"},\"image\":{\"@id\":\"https:\/\/www.imobiliare.ro\/imoexpert\/#\/schema\/logo\/image\/\"}},{\"@type\":\"Person\",\"@id\":\"https:\/\/www.imobiliare.ro\/imoexpert\/#\/schema\/person\/8c13b0297075010b896471fabf0d7790\",\"name\":\"Adriana Dr\u0103gu\u0219in\",\"image\":{\"@type\":\"ImageObject\",\"inLanguage\":\"en\",\"@id\":\"https:\/\/www.imobiliare.ro\/imoexpert\/#\/schema\/person\/image\/\",\"url\":\"https:\/\/secure.gravatar.com\/avatar\/ba4762f7517e50e679ed7f11207102d1150120f2f5800c0da98f8a15305bf514?s=96&d=mm&r=g\",\"contentUrl\":\"https:\/\/secure.gravatar.com\/avatar\/ba4762f7517e50e679ed7f11207102d1150120f2f5800c0da98f8a15305bf514?s=96&d=mm&r=g\",\"caption\":\"Adriana Dr\u0103gu\u0219in\"},\"jobTitle\":\"Editor\",\"url\":\"https:\/\/www.imobiliare.ro\/imoexpert\/author\/adriana-dragusin\/\"}]}<\/script>\n<!-- \/ Yoast SEO Premium plugin. -->","yoast_head_json":{"title":"Pre\u021burile locuin\u021belor \u00een S1 2017: Capitala \u0219i Cluj-Napoca, la poluri opuse! - \u0218tiri - ImoExpert","description":"Cre\u0219terile consemnate pe pia\u021ba nou\u0103 au fost, \u00een general, mai mari dec\u00e2t pe cea veche. Fie c\u0103 ai o locuin\u021b\u0103 de v\u00e2nzare sau te g\u00e2nde\u0219ti s\u0103 cumperi una, cu","robots":{"index":"index","follow":"follow"},"canonical":"https:\/\/www.imobiliare.ro\/imoexpert\/preturile-locuintelor-in-s1-2017-capitala-si-cluj-napoca-la-poluri-opuse_db\/","og_locale":"ro_RO","og_type":"article","og_title":"Pre\u021burile locuin\u021belor \u00een S1 2017: Capitala \u0219i Cluj-Napoca, la poluri opuse!","og_description":"Cre\u0219terile consemnate pe pia\u021ba nou\u0103 au fost, \u00een general, mai mari dec\u00e2t pe cea veche. Fie c\u0103 ai o locuin\u021b\u0103 de v\u00e2nzare sau te g\u00e2nde\u0219ti s\u0103 cumperi una, cu","og_url":"https:\/\/www.imobiliare.ro\/imoexpert\/preturile-locuintelor-in-s1-2017-capitala-si-cluj-napoca-la-poluri-opuse_db\/","og_site_name":"ImoExpert","article_published_time":"2017-07-05T07:27:11+00:00","og_image":[{"width":600,"height":399,"url":"https:\/\/www.imobiliare.ro\/imoexpert\/wp-content\/uploads\/2017\/07\/preturile-locuintelor-S1-2017.jpg","type":"image\/jpeg"}],"author":"Adriana Dr\u0103gu\u0219in","twitter_card":"summary_large_image","twitter_misc":{"Written by":"Adriana Dr\u0103gu\u0219in","Est. reading time":"5 minute"},"schema":{"@context":"https:\/\/schema.org","@graph":[{"@type":"Article","@id":"https:\/\/www.imobiliare.ro\/imoexpert\/preturile-locuintelor-in-s1-2017-capitala-si-cluj-napoca-la-poluri-opuse_db\/#article","isPartOf":{"@id":"https:\/\/www.imobiliare.ro\/imoexpert\/preturile-locuintelor-in-s1-2017-capitala-si-cluj-napoca-la-poluri-opuse_db\/"},"author":{"name":"Adriana Dr\u0103gu\u0219in","@id":"https:\/\/www.imobiliare.ro\/imoexpert\/#\/schema\/person\/8c13b0297075010b896471fabf0d7790"},"headline":"Pre\u021burile locuin\u021belor \u00een S1 2017: Capitala \u0219i Cluj-Napoca, la poluri opuse!","datePublished":"2017-07-05T07:27:11+00:00","mainEntityOfPage":{"@id":"https:\/\/www.imobiliare.ro\/imoexpert\/preturile-locuintelor-in-s1-2017-capitala-si-cluj-napoca-la-poluri-opuse_db\/"},"wordCount":918,"commentCount":2,"publisher":{"@id":"https:\/\/www.imobiliare.ro\/imoexpert\/#organization"},"image":{"@id":"https:\/\/www.imobiliare.ro\/imoexpert\/preturile-locuintelor-in-s1-2017-capitala-si-cluj-napoca-la-poluri-opuse_db\/#primaryimage"},"thumbnailUrl":"https:\/\/www.imobiliare.ro\/imoexpert\/wp-content\/uploads\/2017\/07\/preturile-locuintelor-S1-2017.jpg","keywords":["newsletter","preturile locuintelor S1 2017","principal","proprietar","V\u00e2nzare apartamente"],"articleSection":["\u0218tiri"],"inLanguage":"en","potentialAction":[{"@type":"CommentAction","name":"Comment","target":["https:\/\/www.imobiliare.ro\/imoexpert\/preturile-locuintelor-in-s1-2017-capitala-si-cluj-napoca-la-poluri-opuse_db\/#respond"]}],"copyrightYear":"2017","copyrightHolder":{"@id":"https:\/\/www.imobiliare.ro\/imoexpert\/#organization"}},{"@type":"WebPage","@id":"https:\/\/www.imobiliare.ro\/imoexpert\/preturile-locuintelor-in-s1-2017-capitala-si-cluj-napoca-la-poluri-opuse_db\/","url":"https:\/\/www.imobiliare.ro\/imoexpert\/preturile-locuintelor-in-s1-2017-capitala-si-cluj-napoca-la-poluri-opuse_db\/","name":"Pre\u021burile locuin\u021belor \u00een S1 2017: Capitala \u0219i Cluj-Napoca, la poluri opuse! - \u0218tiri - ImoExpert","isPartOf":{"@id":"https:\/\/www.imobiliare.ro\/imoexpert\/#website"},"primaryImageOfPage":{"@id":"https:\/\/www.imobiliare.ro\/imoexpert\/preturile-locuintelor-in-s1-2017-capitala-si-cluj-napoca-la-poluri-opuse_db\/#primaryimage"},"image":{"@id":"https:\/\/www.imobiliare.ro\/imoexpert\/preturile-locuintelor-in-s1-2017-capitala-si-cluj-napoca-la-poluri-opuse_db\/#primaryimage"},"thumbnailUrl":"https:\/\/www.imobiliare.ro\/imoexpert\/wp-content\/uploads\/2017\/07\/preturile-locuintelor-S1-2017.jpg","datePublished":"2017-07-05T07:27:11+00:00","description":"Cre\u0219terile consemnate pe pia\u021ba nou\u0103 au fost, \u00een general, mai mari dec\u00e2t pe cea veche. Fie c\u0103 ai o locuin\u021b\u0103 de v\u00e2nzare sau te g\u00e2nde\u0219ti s\u0103 cumperi una, cu","breadcrumb":{"@id":"https:\/\/www.imobiliare.ro\/imoexpert\/preturile-locuintelor-in-s1-2017-capitala-si-cluj-napoca-la-poluri-opuse_db\/#breadcrumb"},"inLanguage":"en","potentialAction":[{"@type":"ReadAction","target":["https:\/\/www.imobiliare.ro\/imoexpert\/preturile-locuintelor-in-s1-2017-capitala-si-cluj-napoca-la-poluri-opuse_db\/"]}]},{"@type":"ImageObject","inLanguage":"en","@id":"https:\/\/www.imobiliare.ro\/imoexpert\/preturile-locuintelor-in-s1-2017-capitala-si-cluj-napoca-la-poluri-opuse_db\/#primaryimage","url":"https:\/\/www.imobiliare.ro\/imoexpert\/wp-content\/uploads\/2017\/07\/preturile-locuintelor-S1-2017.jpg","contentUrl":"https:\/\/www.imobiliare.ro\/imoexpert\/wp-content\/uploads\/2017\/07\/preturile-locuintelor-S1-2017.jpg","width":600,"height":399,"caption":"preturile locuintelor in S1 2017"},{"@type":"BreadcrumbList","@id":"https:\/\/www.imobiliare.ro\/imoexpert\/preturile-locuintelor-in-s1-2017-capitala-si-cluj-napoca-la-poluri-opuse_db\/#breadcrumb","itemListElement":[{"@type":"ListItem","position":1,"name":"Imoradar24","item":"https:\/\/www.imoradar24.ro"},{"@type":"ListItem","position":2,"name":"ImoExpert","item":"https:\/\/www.imobiliare.ro\/imoexpert\/"},{"@type":"ListItem","position":3,"name":"\u0218tiri","item":"https:\/\/www.imobiliare.ro\/imoexpert\/stiri\/"},{"@type":"ListItem","position":4,"name":"Pre\u021burile locuin\u021belor \u00een S1 2017: Capitala \u0219i Cluj-Napoca, la poluri opuse!"}]},{"@type":"WebSite","@id":"https:\/\/www.imobiliare.ro\/imoexpert\/#website","url":"https:\/\/www.imobiliare.ro\/imoexpert\/","name":"ImoExpert","description":"cele mai importante \u015ftiri din domeniul imobiliar","publisher":{"@id":"https:\/\/www.imobiliare.ro\/imoexpert\/#organization"},"inLanguage":"en"},{"@type":"Organization","@id":"https:\/\/www.imobiliare.ro\/imoexpert\/#organization","name":"Imobiliare.ro","alternateName":"Realmedia Network SA","url":"https:\/\/www.imobiliare.ro\/imoexpert\/","logo":{"@type":"ImageObject","inLanguage":"en","@id":"https:\/\/www.imobiliare.ro\/imoexpert\/#\/schema\/logo\/image\/","url":"https:\/\/www.imobiliare.ro\/imoexpert\/wp-content\/uploads\/2025\/05\/imobiliare_logo.png","contentUrl":"https:\/\/www.imobiliare.ro\/imoexpert\/wp-content\/uploads\/2025\/05\/imobiliare_logo.png","width":237,"height":29,"caption":"Imobiliare.ro"},"image":{"@id":"https:\/\/www.imobiliare.ro\/imoexpert\/#\/schema\/logo\/image\/"}},{"@type":"Person","@id":"https:\/\/www.imobiliare.ro\/imoexpert\/#\/schema\/person\/8c13b0297075010b896471fabf0d7790","name":"Adriana Dr\u0103gu\u0219in","image":{"@type":"ImageObject","inLanguage":"en","@id":"https:\/\/www.imobiliare.ro\/imoexpert\/#\/schema\/person\/image\/","url":"https:\/\/secure.gravatar.com\/avatar\/ba4762f7517e50e679ed7f11207102d1150120f2f5800c0da98f8a15305bf514?s=96&d=mm&r=g","contentUrl":"https:\/\/secure.gravatar.com\/avatar\/ba4762f7517e50e679ed7f11207102d1150120f2f5800c0da98f8a15305bf514?s=96&d=mm&r=g","caption":"Adriana Dr\u0103gu\u0219in"},"jobTitle":"Editor","url":"https:\/\/www.imobiliare.ro\/imoexpert\/author\/adriana-dragusin\/"}]}},"_links":{"self":[{"href":"https:\/\/www.imobiliare.ro\/imoexpert\/wp-json\/wp\/v2\/posts\/40833","targetHints":{"allow":["GET"]}}],"collection":[{"href":"https:\/\/www.imobiliare.ro\/imoexpert\/wp-json\/wp\/v2\/posts"}],"about":[{"href":"https:\/\/www.imobiliare.ro\/imoexpert\/wp-json\/wp\/v2\/types\/post"}],"author":[{"embeddable":true,"href":"https:\/\/www.imobiliare.ro\/imoexpert\/wp-json\/wp\/v2\/users\/829"}],"replies":[{"embeddable":true,"href":"https:\/\/www.imobiliare.ro\/imoexpert\/wp-json\/wp\/v2\/comments?post=40833"}],"version-history":[{"count":0,"href":"https:\/\/www.imobiliare.ro\/imoexpert\/wp-json\/wp\/v2\/posts\/40833\/revisions"}],"wp:featuredmedia":[{"embeddable":true,"href":"https:\/\/www.imobiliare.ro\/imoexpert\/wp-json\/wp\/v2\/media\/40835"}],"wp:attachment":[{"href":"https:\/\/www.imobiliare.ro\/imoexpert\/wp-json\/wp\/v2\/media?parent=40833"}],"wp:term":[{"taxonomy":"category","embeddable":true,"href":"https:\/\/www.imobiliare.ro\/imoexpert\/wp-json\/wp\/v2\/categories?post=40833"},{"taxonomy":"post_tag","embeddable":true,"href":"https:\/\/www.imobiliare.ro\/imoexpert\/wp-json\/wp\/v2\/tags?post=40833"},{"taxonomy":"content_author","embeddable":true,"href":"https:\/\/www.imobiliare.ro\/imoexpert\/wp-json\/wp\/v2\/content_author?post=40833"}],"curies":[{"name":"wp","href":"https:\/\/api.w.org\/{rel}","templated":true}]}}