{"id":40899,"date":"2017-07-17T11:20:06","date_gmt":"2017-07-17T08:20:06","guid":{"rendered":"https:\/\/www.imobiliare.ro\/?p=40899"},"modified":"2017-07-17T11:20:06","modified_gmt":"2017-07-17T08:20:06","slug":"calitate-sporita-pentru-locuintele-destinate-clasei-medii","status":"publish","type":"post","link":"https:\/\/www.imobiliare.ro\/imoexpert\/calitate-sporita-pentru-locuintele-destinate-clasei-medii_db\/","title":{"rendered":"Calitate sporit\u0103 pentru locuin\u021bele destinate clasei medii!"},"content":{"rendered":"<div id=\"ez-toc-container\" class=\"ez-toc-v2_0_81 counter-hierarchy ez-toc-counter ez-toc-grey ez-toc-container-direction\">\n<p class=\"ez-toc-title\" style=\"cursor:inherit\">Table of Contents<\/p>\n<label for=\"ez-toc-cssicon-toggle-item-69f7471dd104f\" class=\"ez-toc-cssicon-toggle-label\"><span class=\"ez-toc-cssicon\"><span class=\"eztoc-hide\" style=\"display:none;\">Toggle<\/span><span class=\"ez-toc-icon-toggle-span\"><svg style=\"fill: #999;color:#999\" xmlns=\"http:\/\/www.w3.org\/2000\/svg\" class=\"list-377408\" width=\"20px\" height=\"20px\" viewBox=\"0 0 24 24\" fill=\"none\"><path d=\"M6 6H4v2h2V6zm14 0H8v2h12V6zM4 11h2v2H4v-2zm16 0H8v2h12v-2zM4 16h2v2H4v-2zm16 0H8v2h12v-2z\" fill=\"currentColor\"><\/path><\/svg><svg style=\"fill: #999;color:#999\" class=\"arrow-unsorted-368013\" xmlns=\"http:\/\/www.w3.org\/2000\/svg\" width=\"10px\" height=\"10px\" viewBox=\"0 0 24 24\" version=\"1.2\" baseProfile=\"tiny\"><path d=\"M18.2 9.3l-6.2-6.3-6.2 6.3c-.2.2-.3.4-.3.7s.1.5.3.7c.2.2.4.3.7.3h11c.3 0 .5-.1.7-.3.2-.2.3-.5.3-.7s-.1-.5-.3-.7zM5.8 14.7l6.2 6.3 6.2-6.3c.2-.2.3-.5.3-.7s-.1-.5-.3-.7c-.2-.2-.4-.3-.7-.3h-11c-.3 0-.5.1-.7.3-.2.2-.3.5-.3.7s.1.5.3.7z\"\/><\/svg><\/span><\/span><\/label><input type=\"checkbox\"  id=\"ez-toc-cssicon-toggle-item-69f7471dd104f\"  aria-label=\"Toggle\" \/><nav><ul class='ez-toc-list ez-toc-list-level-1 ' ><li class='ez-toc-page-1 ez-toc-heading-level-2'><a class=\"ez-toc-link ez-toc-heading-1\" href=\"https:\/\/www.imobiliare.ro\/imoexpert\/calitate-sporita-pentru-locuintele-destinate-clasei-medii_db\/#Pe_piata_bucuresteana_apar_concepte_diferite_de_proiecte_rezidentiale_ce_au_in_vedere_calitatea_vietii_viitorilor_locatari\" >Pe pia\u021ba bucure\u0219tean\u0103 apar concepte diferite de proiecte reziden\u021biale, ce au \u00een vedere calitatea vie\u021bii viitorilor locatari.<\/a><\/li><li class='ez-toc-page-1 ez-toc-heading-level-2'><a class=\"ez-toc-link ez-toc-heading-2\" href=\"https:\/\/www.imobiliare.ro\/imoexpert\/calitate-sporita-pentru-locuintele-destinate-clasei-medii_db\/#Facilitati_si_dotari_de_top\" >Facilit\u0103\u021bi \u0219i dot\u0103ri de top<\/a><\/li><li class='ez-toc-page-1 ez-toc-heading-level-2'><a class=\"ez-toc-link ez-toc-heading-3\" href=\"https:\/\/www.imobiliare.ro\/imoexpert\/calitate-sporita-pentru-locuintele-destinate-clasei-medii_db\/#60_de_apartamente_in_nord_si_centru-vest\" >60 de apartamente, \u00een nord \u0219i centru-vest<\/a><\/li><li class='ez-toc-page-1 ez-toc-heading-level-2'><a class=\"ez-toc-link ez-toc-heading-4\" href=\"https:\/\/www.imobiliare.ro\/imoexpert\/calitate-sporita-pentru-locuintele-destinate-clasei-medii_db\/#Proiect_premium_95_vandut_din_faza_de_constructie\" >Proiect premium, 95% v\u00e2ndut din faza de construc\u021bie<\/a><\/li><\/ul><\/nav><\/div>\n<h2><span class=\"ez-toc-section\" id=\"Pe_piata_bucuresteana_apar_concepte_diferite_de_proiecte_rezidentiale_ce_au_in_vedere_calitatea_vietii_viitorilor_locatari\"><\/span><span style=\"color: #000000;\"><span style=\"font-size: small;\">Pe pia\u021ba bucure\u0219tean\u0103 apar concepte diferite de proiecte reziden\u021biale, ce au \u00een vedere calitatea vie\u021bii viitorilor locatari.<\/span><\/span><span class=\"ez-toc-section-end\"><\/span><\/h2>\n<p>\u00cen ultimii ani, majoritatea locuin\u021belor construite \u00een marile ora\u0219e ale \u021b\u0103rii au fost adresate popula\u021biei cu venituri medii. Ca r\u0103spuns la cererea existent\u0103, principalul criteriu \u00een proiectarea acestora a fost factorul pre\u021b \u2013 un aspect important fiind \u00eencadrarea \u00een plafonul de 60.000 de euro impus de programul Prima Cas\u0103. Iat\u0103 \u00eens\u0103 c\u0103 pe acest segment de pia\u021b\u0103 \u00eencep s\u0103 apar\u0103 \u0219i proiecte diferite, ce pun accentul pe facilit\u0103\u021bile oferite locatarilor \u0219i calitatea vie\u021bii acestora, f\u0103r\u0103 a sc\u0103pa din vedere grija fa\u021b\u0103 de mediu.<\/p>\n<p><a class=\"article-body-links\"href=\"https:\/\/www.imobiliare.ro\/imoexpert\/wp-content\/uploads\/2017\/07\/Nordis_Residence_Otopeni_Garden.jpg\"><img loading=\"lazy\" decoding=\"async\" src=\"https:\/\/www.imobiliare.ro\/imoexpert\/wp-content\/uploads\/2017\/07\/Nordis_Residence_Otopeni_Garden.jpg\" alt=\"calitate sporita pentru locuintele destinate clasei medii\" width=\"600\" height=\"319\" class=\"aligncenter size-full wp-image-40901\" srcset=\"https:\/\/www.imobiliare.ro\/imoexpert\/wp-content\/uploads\/2017\/07\/Nordis_Residence_Otopeni_Garden.jpg 600w, https:\/\/www.imobiliare.ro\/imoexpert\/wp-content\/uploads\/2017\/07\/Nordis_Residence_Otopeni_Garden-300x160.jpg 300w\" sizes=\"auto, (max-width: 600px) 100vw, 600px\" \/><\/a><\/p>\n<h2><span class=\"ez-toc-section\" id=\"Facilitati_si_dotari_de_top\"><\/span><span style=\"color: #000000;\"><span style=\"font-size: small;\">Facilit\u0103\u021bi \u0219i dot\u0103ri de top<\/span><\/span><span class=\"ez-toc-section-end\"><\/span><\/h2>\n<p>Un asemenea exemplu este dat de compania bucure\u0219tean\u0103 Nordis. Recunoscut\u0103, p\u00e2n\u0103 nu demult, pentru activitatea sa pe pia\u021ba de consultan\u021b\u0103 imobiliar\u0103, aceasta a anun\u021bat, \u00een calitate de dezvoltator, lansarea a dou\u0103 noi ansambluri de locuin\u021be \u00een Capital\u0103: Nordis Residence \u2013 Otopeni Garden \u0219i Nordis Residence \u2013 Grant Home. Prin acestea, reprezentan\u021bii companiei \u00ee\u0219i fac, de fapt, intrarea pe segmentul reziden\u021bial middle-class, inten\u021bion\u00e2nd s\u0103 aplice aici idei verificate pe pia\u021ba de lux. Astfel, cele dou\u0103 proiecte vor fi de tip \u201eboutique\u201d, av\u00e2nd un num\u0103r redus de apartamente, \u0219i vor beneficia de facilit\u0103\u021bi de top, dup\u0103 modelul ansamblurilor premium: finisaje de bun\u0103 calitate, saun\u0103, sal\u0103 de sport, loc de joac\u0103 pentru copii etc. <\/p>\n<blockquote><p><em>\u201eNordis Residence vine cu un pas \u00eenainte \u0219i pe segmentul de middle-class, aduc\u00e2nd facilit\u0103\u021bi \u0219i dot\u0103ri de ultim\u0103 genera\u021bie, prezente p\u00e2n\u0103 acum la apartamentele premium. Cele dou\u0103 proiecte, Nordis Residence \u2013 Otopeni Garden \u0219i Nordis Residence \u2013 Grant Home se adreseaz\u0103 segmentului middle, dar dot\u0103rile \u0219i facilit\u0103\u021bile sunt preg\u0103tite pentru viitor, cu grij\u0103 pentru mediu \u0219i s\u0103n\u0103tatea locatarilor, printre acestea amintind panourile solare pentru iluminatul spa\u021biilor comune, izolarea termic\u0103 cu materiale eco-friendly \u0219i ignifuge, iluminatul economic, gr\u0103din\u0103 proprie \u0219i sal\u0103 de fitness. P\u00e2n\u0103 la sf\u00e2r\u0219itul anului vom anun\u021ba al patrulea proiect Nordis Residence, care va fi \u00eens\u0103 pozi\u021bionat pe segmentul premium, a\u0219a cum a fost \u0219i primul, lansat anul trecut \u0219i v\u00e2ndut \u00een totalitate.\u201d<\/p>\n<p><strong>Florin Po\u0219toac\u0103, Manager Departamentului de Investi\u021bii Nordis<\/strong><\/em><\/p><\/blockquote>\n<h2><span class=\"ez-toc-section\" id=\"60_de_apartamente_in_nord_si_centru-vest\"><\/span><span style=\"color: #000000;\"><span style=\"font-size: small;\">60 de apartamente, \u00een nord \u0219i centru-vest<\/span><\/span><span class=\"ez-toc-section-end\"><\/span><\/h2>\n<p>Situat \u00een apropierea Prim\u0103riei Otopeni, Nordis Residence \u2013 Otopeni Garden <strong>(foto)<\/strong> va fi compus din 35 de apartamente cu dou\u0103 sau trei camere. Construit pe un teren \u00een suprafa\u021b\u0103 de 1.800 de metri p\u0103tra\u021bi, ansamblul a fost proiectat \u00een ideea de confort, eficien\u021b\u0103 \u0219i protejarea mediului. Viitorii locatari vor avea acces la facilit\u0103\u021bi precum: gr\u0103din\u0103 privat\u0103, loc de joac\u0103 pentru copii, saun\u0103 \u0219i sal\u0103 de fitness. Pre\u021burile \u00eencep de la 49.000 euro (+TVA) pentru un apartament cu dou\u0103 camere.<\/p>\n<p>Amplasat \u00een zona Podului Grant, aproape de zona Orhideea-Groz\u0103ve\u0219ti, Nordis Residence \u2013 Grant Home va fi format din 24 de apartamente cu dou\u0103 camere \u0219i va fi dotat cu parcare subteran\u0103, saun\u0103 si sal\u0103 de fitness. Potrivit reprezentan\u021bilor Nordis, complexul \u201eeste proiectat \u0219i construit cu responsabilitate fa\u021b\u0103 de mediu, la construc\u021bia ansamblului folosindu-se elemente \u00abverzi\u00bb: corpuri de iluminat cu LED pentru spa\u021biile comune \u0219i \u00een garaj, panouri solare pe acoperi\u0219 pentru iluminatul spa\u021biilor comune si termoizola\u021bie cu eficien\u021b\u0103 energetic\u0103 superioar\u0103\u201d. Pre\u021burile pornesc de la 59.000 euro (+TVA) pentru un apartament cu dou\u0103 camere.<\/p>\n<h2><span class=\"ez-toc-section\" id=\"Proiect_premium_95_vandut_din_faza_de_constructie\"><\/span><span style=\"color: #000000;\"><span style=\"font-size: small;\">Proiect premium, 95% v\u00e2ndut din faza de construc\u021bie<\/span><\/span><span class=\"ez-toc-section-end\"><\/span><\/h2>\n<p>\u201eNordis Residence\u201d este un brand propriu de ansambluri reziden\u021biale care apar\u021bin companiei imobiliare Nordis. Primul proiect dezvoltat sub acest nume a fost anun\u021bat anul trecut \u0219i a fost v\u00e2ndut \u00een proportie de 95% din stadiul de construc\u021bie. \u201e25% din apartamentele Nordis Residence \u2013 Her\u0103str\u0103u Park au fost cump\u0103rate de investitori, la anun\u021barea proiectului \u00een urm\u0103 cu un an. Sunt clien\u021bi premium, care lucreaz\u0103 cu noi de mul\u021bi ani, al c\u0103ror portofoliu imobiliar \u00eel administr\u0103m \u0219i care au avut mult de c\u00e2\u0219tigat prin oportunit\u0103\u021bile prezentate la orice proiect \u00een care Nordis a fost dezvoltator, manager de proiect sau agent exclusiv de v\u00e2nz\u0103ri\u201d, detaliaz\u0103 Florin Po\u0219toac\u0103, Managerul Departamentului de Investi\u021bii din cadrul Nordis.<\/p>\n","protected":false},"excerpt":{"rendered":"<p>Pe pia\u021ba bucure\u0219tean\u0103 apar concepte diferite de proiecte reziden\u021biale, ce au \u00een vedere calitatea vie\u021bii viitorilor locatari. \u00cen ultimii ani, majoritatea locuin\u021belor construite \u00een marile ora\u0219e ale \u021b\u0103rii au fost adresate popula\u021biei cu venituri medii. Ca r\u0103spuns la cererea existent\u0103, principalul criteriu \u00een proiectarea acestora a fost factorul pre\u021b \u2013 un aspect important fiind \u00eencadrarea [&hellip;]<\/p>\n","protected":false},"author":829,"featured_media":40901,"comment_status":"open","ping_status":"open","sticky":false,"template":"","format":"standard","meta":{"footnotes":""},"categories":[259],"tags":[1455,1652,1410,1651,1411],"content_author":[],"class_list":["post-40899","post","type-post","status-publish","format-standard","has-post-thumbnail","hentry","category-stiri","tag-lifestyle","tag-locuinte-clasa-medie","tag-newsletter","tag-nordis-residence","tag-principal"],"yoast_head":"<!-- This site is optimized with the Yoast SEO Premium plugin v27.0 (Yoast SEO v27.0) - https:\/\/yoast.com\/product\/yoast-seo-premium-wordpress\/ -->\n<title>Calitate sporit\u0103 pentru locuin\u021bele destinate clasei medii! - \u0218tiri - ImoExpert<\/title>\n<meta name=\"description\" content=\"Pe pia\u021ba bucure\u0219tean\u0103 apar concepte diferite de proiecte reziden\u021biale, ce au \u00een vedere calitatea vie\u021bii viitorilor locatari. \u00cen ultimii ani, majoritatea\" \/>\n<meta name=\"robots\" content=\"index, follow\" \/>\n<link rel=\"canonical\" href=\"https:\/\/www.imobiliare.ro\/imoexpert\/calitate-sporita-pentru-locuintele-destinate-clasei-medii_db\/\" \/>\n<meta property=\"og:locale\" content=\"ro_RO\" \/>\n<meta property=\"og:type\" content=\"article\" \/>\n<meta property=\"og:title\" content=\"Calitate sporit\u0103 pentru locuin\u021bele destinate clasei medii!\" \/>\n<meta property=\"og:description\" content=\"Pe pia\u021ba bucure\u0219tean\u0103 apar concepte diferite de proiecte reziden\u021biale, ce au \u00een vedere calitatea vie\u021bii viitorilor locatari. \u00cen ultimii ani, majoritatea\" \/>\n<meta property=\"og:url\" content=\"https:\/\/www.imobiliare.ro\/imoexpert\/calitate-sporita-pentru-locuintele-destinate-clasei-medii_db\/\" \/>\n<meta property=\"og:site_name\" content=\"ImoExpert\" \/>\n<meta property=\"article:published_time\" content=\"2017-07-17T08:20:06+00:00\" \/>\n<meta property=\"og:image\" content=\"https:\/\/www.imobiliare.ro\/imoexpert\/wp-content\/uploads\/2017\/07\/Nordis_Residence_Otopeni_Garden.jpg\" \/>\n\t<meta property=\"og:image:width\" content=\"600\" \/>\n\t<meta property=\"og:image:height\" content=\"319\" \/>\n\t<meta property=\"og:image:type\" content=\"image\/jpeg\" \/>\n<meta name=\"author\" content=\"Adriana Dr\u0103gu\u0219in\" \/>\n<meta name=\"twitter:card\" content=\"summary_large_image\" \/>\n<meta name=\"twitter:label1\" content=\"Written by\" \/>\n\t<meta name=\"twitter:data1\" content=\"Adriana Dr\u0103gu\u0219in\" \/>\n\t<meta name=\"twitter:label2\" content=\"Est. reading time\" \/>\n\t<meta name=\"twitter:data2\" content=\"4 minute\" \/>\n<script type=\"application\/ld+json\" class=\"yoast-schema-graph\">{\"@context\":\"https:\/\/schema.org\",\"@graph\":[{\"@type\":\"Article\",\"@id\":\"https:\/\/www.imobiliare.ro\/imoexpert\/calitate-sporita-pentru-locuintele-destinate-clasei-medii_db\/#article\",\"isPartOf\":{\"@id\":\"https:\/\/www.imobiliare.ro\/imoexpert\/calitate-sporita-pentru-locuintele-destinate-clasei-medii_db\/\"},\"author\":{\"name\":\"Adriana Dr\u0103gu\u0219in\",\"@id\":\"https:\/\/www.imobiliare.ro\/imoexpert\/#\/schema\/person\/8c13b0297075010b896471fabf0d7790\"},\"headline\":\"Calitate sporit\u0103 pentru locuin\u021bele destinate clasei medii!\",\"datePublished\":\"2017-07-17T08:20:06+00:00\",\"mainEntityOfPage\":{\"@id\":\"https:\/\/www.imobiliare.ro\/imoexpert\/calitate-sporita-pentru-locuintele-destinate-clasei-medii_db\/\"},\"wordCount\":708,\"commentCount\":1,\"publisher\":{\"@id\":\"https:\/\/www.imobiliare.ro\/imoexpert\/#organization\"},\"image\":{\"@id\":\"https:\/\/www.imobiliare.ro\/imoexpert\/calitate-sporita-pentru-locuintele-destinate-clasei-medii_db\/#primaryimage\"},\"thumbnailUrl\":\"https:\/\/www.imobiliare.ro\/imoexpert\/wp-content\/uploads\/2017\/07\/Nordis_Residence_Otopeni_Garden.jpg\",\"keywords\":[\"Lifestyle\",\"locuinte clasa medie\",\"newsletter\",\"Nordis Residence\",\"principal\"],\"articleSection\":[\"\u0218tiri\"],\"inLanguage\":\"en\",\"potentialAction\":[{\"@type\":\"CommentAction\",\"name\":\"Comment\",\"target\":[\"https:\/\/www.imobiliare.ro\/imoexpert\/calitate-sporita-pentru-locuintele-destinate-clasei-medii_db\/#respond\"]}],\"copyrightYear\":\"2017\",\"copyrightHolder\":{\"@id\":\"https:\/\/www.imobiliare.ro\/imoexpert\/#organization\"}},{\"@type\":\"WebPage\",\"@id\":\"https:\/\/www.imobiliare.ro\/imoexpert\/calitate-sporita-pentru-locuintele-destinate-clasei-medii_db\/\",\"url\":\"https:\/\/www.imobiliare.ro\/imoexpert\/calitate-sporita-pentru-locuintele-destinate-clasei-medii_db\/\",\"name\":\"Calitate sporit\u0103 pentru locuin\u021bele destinate clasei medii! - \u0218tiri - ImoExpert\",\"isPartOf\":{\"@id\":\"https:\/\/www.imobiliare.ro\/imoexpert\/#website\"},\"primaryImageOfPage\":{\"@id\":\"https:\/\/www.imobiliare.ro\/imoexpert\/calitate-sporita-pentru-locuintele-destinate-clasei-medii_db\/#primaryimage\"},\"image\":{\"@id\":\"https:\/\/www.imobiliare.ro\/imoexpert\/calitate-sporita-pentru-locuintele-destinate-clasei-medii_db\/#primaryimage\"},\"thumbnailUrl\":\"https:\/\/www.imobiliare.ro\/imoexpert\/wp-content\/uploads\/2017\/07\/Nordis_Residence_Otopeni_Garden.jpg\",\"datePublished\":\"2017-07-17T08:20:06+00:00\",\"description\":\"Pe pia\u021ba bucure\u0219tean\u0103 apar concepte diferite de proiecte reziden\u021biale, ce au \u00een vedere calitatea vie\u021bii viitorilor locatari. \u00cen ultimii ani, majoritatea\",\"breadcrumb\":{\"@id\":\"https:\/\/www.imobiliare.ro\/imoexpert\/calitate-sporita-pentru-locuintele-destinate-clasei-medii_db\/#breadcrumb\"},\"inLanguage\":\"en\",\"potentialAction\":[{\"@type\":\"ReadAction\",\"target\":[\"https:\/\/www.imobiliare.ro\/imoexpert\/calitate-sporita-pentru-locuintele-destinate-clasei-medii_db\/\"]}]},{\"@type\":\"ImageObject\",\"inLanguage\":\"en\",\"@id\":\"https:\/\/www.imobiliare.ro\/imoexpert\/calitate-sporita-pentru-locuintele-destinate-clasei-medii_db\/#primaryimage\",\"url\":\"https:\/\/www.imobiliare.ro\/imoexpert\/wp-content\/uploads\/2017\/07\/Nordis_Residence_Otopeni_Garden.jpg\",\"contentUrl\":\"https:\/\/www.imobiliare.ro\/imoexpert\/wp-content\/uploads\/2017\/07\/Nordis_Residence_Otopeni_Garden.jpg\",\"width\":600,\"height\":319,\"caption\":\"calitate sporita pentru locuintele destinate clasei medii\"},{\"@type\":\"BreadcrumbList\",\"@id\":\"https:\/\/www.imobiliare.ro\/imoexpert\/calitate-sporita-pentru-locuintele-destinate-clasei-medii_db\/#breadcrumb\",\"itemListElement\":[{\"@type\":\"ListItem\",\"position\":1,\"name\":\"Imoradar24\",\"item\":\"https:\/\/www.imoradar24.ro\"},{\"@type\":\"ListItem\",\"position\":2,\"name\":\"ImoExpert\",\"item\":\"https:\/\/www.imobiliare.ro\/imoexpert\/\"},{\"@type\":\"ListItem\",\"position\":3,\"name\":\"\u0218tiri\",\"item\":\"https:\/\/www.imobiliare.ro\/imoexpert\/stiri\/\"},{\"@type\":\"ListItem\",\"position\":4,\"name\":\"Calitate sporit\u0103 pentru locuin\u021bele destinate clasei medii!\"}]},{\"@type\":\"WebSite\",\"@id\":\"https:\/\/www.imobiliare.ro\/imoexpert\/#website\",\"url\":\"https:\/\/www.imobiliare.ro\/imoexpert\/\",\"name\":\"ImoExpert\",\"description\":\"cele mai importante \u015ftiri din domeniul imobiliar\",\"publisher\":{\"@id\":\"https:\/\/www.imobiliare.ro\/imoexpert\/#organization\"},\"inLanguage\":\"en\"},{\"@type\":\"Organization\",\"@id\":\"https:\/\/www.imobiliare.ro\/imoexpert\/#organization\",\"name\":\"Imobiliare.ro\",\"alternateName\":\"Realmedia Network SA\",\"url\":\"https:\/\/www.imobiliare.ro\/imoexpert\/\",\"logo\":{\"@type\":\"ImageObject\",\"inLanguage\":\"en\",\"@id\":\"https:\/\/www.imobiliare.ro\/imoexpert\/#\/schema\/logo\/image\/\",\"url\":\"https:\/\/www.imobiliare.ro\/imoexpert\/wp-content\/uploads\/2025\/05\/imobiliare_logo.png\",\"contentUrl\":\"https:\/\/www.imobiliare.ro\/imoexpert\/wp-content\/uploads\/2025\/05\/imobiliare_logo.png\",\"width\":237,\"height\":29,\"caption\":\"Imobiliare.ro\"},\"image\":{\"@id\":\"https:\/\/www.imobiliare.ro\/imoexpert\/#\/schema\/logo\/image\/\"}},{\"@type\":\"Person\",\"@id\":\"https:\/\/www.imobiliare.ro\/imoexpert\/#\/schema\/person\/8c13b0297075010b896471fabf0d7790\",\"name\":\"Adriana Dr\u0103gu\u0219in\",\"image\":{\"@type\":\"ImageObject\",\"inLanguage\":\"en\",\"@id\":\"https:\/\/www.imobiliare.ro\/imoexpert\/#\/schema\/person\/image\/\",\"url\":\"https:\/\/secure.gravatar.com\/avatar\/ba4762f7517e50e679ed7f11207102d1150120f2f5800c0da98f8a15305bf514?s=96&d=mm&r=g\",\"contentUrl\":\"https:\/\/secure.gravatar.com\/avatar\/ba4762f7517e50e679ed7f11207102d1150120f2f5800c0da98f8a15305bf514?s=96&d=mm&r=g\",\"caption\":\"Adriana Dr\u0103gu\u0219in\"},\"jobTitle\":\"Editor\",\"url\":\"https:\/\/www.imobiliare.ro\/imoexpert\/author\/adriana-dragusin\/\"}]}<\/script>\n<!-- \/ Yoast SEO Premium plugin. -->","yoast_head_json":{"title":"Calitate sporit\u0103 pentru locuin\u021bele destinate clasei medii! - \u0218tiri - ImoExpert","description":"Pe pia\u021ba bucure\u0219tean\u0103 apar concepte diferite de proiecte reziden\u021biale, ce au \u00een vedere calitatea vie\u021bii viitorilor locatari. \u00cen ultimii ani, majoritatea","robots":{"index":"index","follow":"follow"},"canonical":"https:\/\/www.imobiliare.ro\/imoexpert\/calitate-sporita-pentru-locuintele-destinate-clasei-medii_db\/","og_locale":"ro_RO","og_type":"article","og_title":"Calitate sporit\u0103 pentru locuin\u021bele destinate clasei medii!","og_description":"Pe pia\u021ba bucure\u0219tean\u0103 apar concepte diferite de proiecte reziden\u021biale, ce au \u00een vedere calitatea vie\u021bii viitorilor locatari. \u00cen ultimii ani, majoritatea","og_url":"https:\/\/www.imobiliare.ro\/imoexpert\/calitate-sporita-pentru-locuintele-destinate-clasei-medii_db\/","og_site_name":"ImoExpert","article_published_time":"2017-07-17T08:20:06+00:00","og_image":[{"width":600,"height":319,"url":"https:\/\/www.imobiliare.ro\/imoexpert\/wp-content\/uploads\/2017\/07\/Nordis_Residence_Otopeni_Garden.jpg","type":"image\/jpeg"}],"author":"Adriana Dr\u0103gu\u0219in","twitter_card":"summary_large_image","twitter_misc":{"Written by":"Adriana Dr\u0103gu\u0219in","Est. reading time":"4 minute"},"schema":{"@context":"https:\/\/schema.org","@graph":[{"@type":"Article","@id":"https:\/\/www.imobiliare.ro\/imoexpert\/calitate-sporita-pentru-locuintele-destinate-clasei-medii_db\/#article","isPartOf":{"@id":"https:\/\/www.imobiliare.ro\/imoexpert\/calitate-sporita-pentru-locuintele-destinate-clasei-medii_db\/"},"author":{"name":"Adriana Dr\u0103gu\u0219in","@id":"https:\/\/www.imobiliare.ro\/imoexpert\/#\/schema\/person\/8c13b0297075010b896471fabf0d7790"},"headline":"Calitate sporit\u0103 pentru locuin\u021bele destinate clasei medii!","datePublished":"2017-07-17T08:20:06+00:00","mainEntityOfPage":{"@id":"https:\/\/www.imobiliare.ro\/imoexpert\/calitate-sporita-pentru-locuintele-destinate-clasei-medii_db\/"},"wordCount":708,"commentCount":1,"publisher":{"@id":"https:\/\/www.imobiliare.ro\/imoexpert\/#organization"},"image":{"@id":"https:\/\/www.imobiliare.ro\/imoexpert\/calitate-sporita-pentru-locuintele-destinate-clasei-medii_db\/#primaryimage"},"thumbnailUrl":"https:\/\/www.imobiliare.ro\/imoexpert\/wp-content\/uploads\/2017\/07\/Nordis_Residence_Otopeni_Garden.jpg","keywords":["Lifestyle","locuinte clasa medie","newsletter","Nordis Residence","principal"],"articleSection":["\u0218tiri"],"inLanguage":"en","potentialAction":[{"@type":"CommentAction","name":"Comment","target":["https:\/\/www.imobiliare.ro\/imoexpert\/calitate-sporita-pentru-locuintele-destinate-clasei-medii_db\/#respond"]}],"copyrightYear":"2017","copyrightHolder":{"@id":"https:\/\/www.imobiliare.ro\/imoexpert\/#organization"}},{"@type":"WebPage","@id":"https:\/\/www.imobiliare.ro\/imoexpert\/calitate-sporita-pentru-locuintele-destinate-clasei-medii_db\/","url":"https:\/\/www.imobiliare.ro\/imoexpert\/calitate-sporita-pentru-locuintele-destinate-clasei-medii_db\/","name":"Calitate sporit\u0103 pentru locuin\u021bele destinate clasei medii! - \u0218tiri - ImoExpert","isPartOf":{"@id":"https:\/\/www.imobiliare.ro\/imoexpert\/#website"},"primaryImageOfPage":{"@id":"https:\/\/www.imobiliare.ro\/imoexpert\/calitate-sporita-pentru-locuintele-destinate-clasei-medii_db\/#primaryimage"},"image":{"@id":"https:\/\/www.imobiliare.ro\/imoexpert\/calitate-sporita-pentru-locuintele-destinate-clasei-medii_db\/#primaryimage"},"thumbnailUrl":"https:\/\/www.imobiliare.ro\/imoexpert\/wp-content\/uploads\/2017\/07\/Nordis_Residence_Otopeni_Garden.jpg","datePublished":"2017-07-17T08:20:06+00:00","description":"Pe pia\u021ba bucure\u0219tean\u0103 apar concepte diferite de proiecte reziden\u021biale, ce au \u00een vedere calitatea vie\u021bii viitorilor locatari. \u00cen ultimii ani, majoritatea","breadcrumb":{"@id":"https:\/\/www.imobiliare.ro\/imoexpert\/calitate-sporita-pentru-locuintele-destinate-clasei-medii_db\/#breadcrumb"},"inLanguage":"en","potentialAction":[{"@type":"ReadAction","target":["https:\/\/www.imobiliare.ro\/imoexpert\/calitate-sporita-pentru-locuintele-destinate-clasei-medii_db\/"]}]},{"@type":"ImageObject","inLanguage":"en","@id":"https:\/\/www.imobiliare.ro\/imoexpert\/calitate-sporita-pentru-locuintele-destinate-clasei-medii_db\/#primaryimage","url":"https:\/\/www.imobiliare.ro\/imoexpert\/wp-content\/uploads\/2017\/07\/Nordis_Residence_Otopeni_Garden.jpg","contentUrl":"https:\/\/www.imobiliare.ro\/imoexpert\/wp-content\/uploads\/2017\/07\/Nordis_Residence_Otopeni_Garden.jpg","width":600,"height":319,"caption":"calitate sporita pentru locuintele destinate clasei medii"},{"@type":"BreadcrumbList","@id":"https:\/\/www.imobiliare.ro\/imoexpert\/calitate-sporita-pentru-locuintele-destinate-clasei-medii_db\/#breadcrumb","itemListElement":[{"@type":"ListItem","position":1,"name":"Imoradar24","item":"https:\/\/www.imoradar24.ro"},{"@type":"ListItem","position":2,"name":"ImoExpert","item":"https:\/\/www.imobiliare.ro\/imoexpert\/"},{"@type":"ListItem","position":3,"name":"\u0218tiri","item":"https:\/\/www.imobiliare.ro\/imoexpert\/stiri\/"},{"@type":"ListItem","position":4,"name":"Calitate sporit\u0103 pentru locuin\u021bele destinate clasei medii!"}]},{"@type":"WebSite","@id":"https:\/\/www.imobiliare.ro\/imoexpert\/#website","url":"https:\/\/www.imobiliare.ro\/imoexpert\/","name":"ImoExpert","description":"cele mai importante \u015ftiri din domeniul imobiliar","publisher":{"@id":"https:\/\/www.imobiliare.ro\/imoexpert\/#organization"},"inLanguage":"en"},{"@type":"Organization","@id":"https:\/\/www.imobiliare.ro\/imoexpert\/#organization","name":"Imobiliare.ro","alternateName":"Realmedia Network SA","url":"https:\/\/www.imobiliare.ro\/imoexpert\/","logo":{"@type":"ImageObject","inLanguage":"en","@id":"https:\/\/www.imobiliare.ro\/imoexpert\/#\/schema\/logo\/image\/","url":"https:\/\/www.imobiliare.ro\/imoexpert\/wp-content\/uploads\/2025\/05\/imobiliare_logo.png","contentUrl":"https:\/\/www.imobiliare.ro\/imoexpert\/wp-content\/uploads\/2025\/05\/imobiliare_logo.png","width":237,"height":29,"caption":"Imobiliare.ro"},"image":{"@id":"https:\/\/www.imobiliare.ro\/imoexpert\/#\/schema\/logo\/image\/"}},{"@type":"Person","@id":"https:\/\/www.imobiliare.ro\/imoexpert\/#\/schema\/person\/8c13b0297075010b896471fabf0d7790","name":"Adriana Dr\u0103gu\u0219in","image":{"@type":"ImageObject","inLanguage":"en","@id":"https:\/\/www.imobiliare.ro\/imoexpert\/#\/schema\/person\/image\/","url":"https:\/\/secure.gravatar.com\/avatar\/ba4762f7517e50e679ed7f11207102d1150120f2f5800c0da98f8a15305bf514?s=96&d=mm&r=g","contentUrl":"https:\/\/secure.gravatar.com\/avatar\/ba4762f7517e50e679ed7f11207102d1150120f2f5800c0da98f8a15305bf514?s=96&d=mm&r=g","caption":"Adriana Dr\u0103gu\u0219in"},"jobTitle":"Editor","url":"https:\/\/www.imobiliare.ro\/imoexpert\/author\/adriana-dragusin\/"}]}},"_links":{"self":[{"href":"https:\/\/www.imobiliare.ro\/imoexpert\/wp-json\/wp\/v2\/posts\/40899","targetHints":{"allow":["GET"]}}],"collection":[{"href":"https:\/\/www.imobiliare.ro\/imoexpert\/wp-json\/wp\/v2\/posts"}],"about":[{"href":"https:\/\/www.imobiliare.ro\/imoexpert\/wp-json\/wp\/v2\/types\/post"}],"author":[{"embeddable":true,"href":"https:\/\/www.imobiliare.ro\/imoexpert\/wp-json\/wp\/v2\/users\/829"}],"replies":[{"embeddable":true,"href":"https:\/\/www.imobiliare.ro\/imoexpert\/wp-json\/wp\/v2\/comments?post=40899"}],"version-history":[{"count":0,"href":"https:\/\/www.imobiliare.ro\/imoexpert\/wp-json\/wp\/v2\/posts\/40899\/revisions"}],"wp:featuredmedia":[{"embeddable":true,"href":"https:\/\/www.imobiliare.ro\/imoexpert\/wp-json\/wp\/v2\/media\/40901"}],"wp:attachment":[{"href":"https:\/\/www.imobiliare.ro\/imoexpert\/wp-json\/wp\/v2\/media?parent=40899"}],"wp:term":[{"taxonomy":"category","embeddable":true,"href":"https:\/\/www.imobiliare.ro\/imoexpert\/wp-json\/wp\/v2\/categories?post=40899"},{"taxonomy":"post_tag","embeddable":true,"href":"https:\/\/www.imobiliare.ro\/imoexpert\/wp-json\/wp\/v2\/tags?post=40899"},{"taxonomy":"content_author","embeddable":true,"href":"https:\/\/www.imobiliare.ro\/imoexpert\/wp-json\/wp\/v2\/content_author?post=40899"}],"curies":[{"name":"wp","href":"https:\/\/api.w.org\/{rel}","templated":true}]}}