{"id":41091,"date":"2017-08-05T21:40:42","date_gmt":"2017-08-05T18:40:42","guid":{"rendered":"https:\/\/www.imobiliare.ro\/?p=41091"},"modified":"2017-08-05T21:40:42","modified_gmt":"2017-08-05T18:40:42","slug":"cererea-si-oferta-pe-rezidential-in-contrapunct","status":"publish","type":"post","link":"https:\/\/www.imobiliare.ro\/imoexpert\/cererea-si-oferta-pe-rezidential-in-contrapunct_db\/","title":{"rendered":"Cererea \u0219i oferta pe reziden\u021bial, \u00een CONTRAPUNCT"},"content":{"rendered":"<div id=\"ez-toc-container\" class=\"ez-toc-v2_0_81 counter-hierarchy ez-toc-counter ez-toc-grey ez-toc-container-direction\">\n<p class=\"ez-toc-title\" style=\"cursor:inherit\">Table of Contents<\/p>\n<label for=\"ez-toc-cssicon-toggle-item-69f47fd8c32ac\" class=\"ez-toc-cssicon-toggle-label\"><span class=\"ez-toc-cssicon\"><span class=\"eztoc-hide\" style=\"display:none;\">Toggle<\/span><span class=\"ez-toc-icon-toggle-span\"><svg style=\"fill: #999;color:#999\" xmlns=\"http:\/\/www.w3.org\/2000\/svg\" class=\"list-377408\" width=\"20px\" height=\"20px\" viewBox=\"0 0 24 24\" fill=\"none\"><path d=\"M6 6H4v2h2V6zm14 0H8v2h12V6zM4 11h2v2H4v-2zm16 0H8v2h12v-2zM4 16h2v2H4v-2zm16 0H8v2h12v-2z\" fill=\"currentColor\"><\/path><\/svg><svg style=\"fill: #999;color:#999\" class=\"arrow-unsorted-368013\" xmlns=\"http:\/\/www.w3.org\/2000\/svg\" width=\"10px\" height=\"10px\" viewBox=\"0 0 24 24\" version=\"1.2\" baseProfile=\"tiny\"><path d=\"M18.2 9.3l-6.2-6.3-6.2 6.3c-.2.2-.3.4-.3.7s.1.5.3.7c.2.2.4.3.7.3h11c.3 0 .5-.1.7-.3.2-.2.3-.5.3-.7s-.1-.5-.3-.7zM5.8 14.7l6.2 6.3 6.2-6.3c.2-.2.3-.5.3-.7s-.1-.5-.3-.7c-.2-.2-.4-.3-.7-.3h-11c-.3 0-.5.1-.7.3-.2.2-.3.5-.3.7s.1.5.3.7z\"\/><\/svg><\/span><\/span><\/label><input type=\"checkbox\"  id=\"ez-toc-cssicon-toggle-item-69f47fd8c32ac\"  aria-label=\"Toggle\" \/><nav><ul class='ez-toc-list ez-toc-list-level-1 ' ><li class='ez-toc-page-1 ez-toc-heading-level-2'><a class=\"ez-toc-link ez-toc-heading-1\" href=\"https:\/\/www.imobiliare.ro\/imoexpert\/cererea-si-oferta-pe-rezidential-in-contrapunct_db\/#Cei_doi_indicatori_au_avut_la_nivelul_a_sase_centre_regionale_ale_tarii_o_evolutie_invers_proportionala\" >Cei doi indicatori au avut, la nivelul a \u0219ase centre regionale ale \u021b\u0103rii, o evolu\u021bie invers propor\u021bional\u0103.<\/a><\/li><li class='ez-toc-page-1 ez-toc-heading-level-2'><a class=\"ez-toc-link ez-toc-heading-2\" href=\"https:\/\/www.imobiliare.ro\/imoexpert\/cererea-si-oferta-pe-rezidential-in-contrapunct_db\/#Apetitul_pentru_achizitii_cu_70_mai_mare_in_Iasi\" >Apetitul pentru achizi\u021bii, cu 70% mai mare \u00een Ia\u0219i<\/a><\/li><li class='ez-toc-page-1 ez-toc-heading-level-2'><a class=\"ez-toc-link ez-toc-heading-3\" href=\"https:\/\/www.imobiliare.ro\/imoexpert\/cererea-si-oferta-pe-rezidential-in-contrapunct_db\/#Locuintele_noi_tot_mai_cautate\" >Locuin\u021bele noi, tot mai c\u0103utate<\/a><\/li><\/ul><\/nav><\/div>\n<h2><span class=\"ez-toc-section\" id=\"Cei_doi_indicatori_au_avut_la_nivelul_a_sase_centre_regionale_ale_tarii_o_evolutie_invers_proportionala\"><\/span><span style=\"color: #000000;\"><span style=\"font-size: small;\">Cei doi indicatori au avut, la nivelul a \u0219ase centre regionale ale \u021b\u0103rii, o evolu\u021bie invers propor\u021bional\u0103.<\/span><\/span><span class=\"ez-toc-section-end\"><\/span><\/h2>\n<p>De ce tot cresc pre\u021burile locuin\u021belor din Rom\u00e2nia? Cauzele \u0219i explica\u021biile sunt multiple, iar una dintre acestea este dat\u0103 de o lege economic\u0103 fundamental\u0103. Astfel, dac\u0103 cererea de propriet\u0103\u021bi reziden\u021biale a crescut \u00een ultimul an \u00een marile ora\u0219e, oferta s-a diminuat, \u00een schimb, aproape \u00een aceea\u0219i m\u0103sur\u0103. <\/p>\n<p><a class=\"article-body-links\"href=\"https:\/\/www.imobiliare.ro\/imoexpert\/wp-content\/uploads\/2017\/08\/cererea-si-oferta-pe-rezidential-in-contrapunct.jpg\"><img loading=\"lazy\" decoding=\"async\" src=\"https:\/\/www.imobiliare.ro\/imoexpert\/wp-content\/uploads\/2017\/08\/cererea-si-oferta-pe-rezidential-in-contrapunct.jpg\" alt=\"cererea si oferta pe rezidential, in contrapunct\" width=\"600\" height=\"414\" class=\"aligncenter size-full wp-image-41093\" srcset=\"https:\/\/www.imobiliare.ro\/imoexpert\/wp-content\/uploads\/2017\/08\/cererea-si-oferta-pe-rezidential-in-contrapunct.jpg 600w, https:\/\/www.imobiliare.ro\/imoexpert\/wp-content\/uploads\/2017\/08\/cererea-si-oferta-pe-rezidential-in-contrapunct-300x207.jpg 300w\" sizes=\"auto, (max-width: 600px) 100vw, 600px\" \/><\/a><\/p>\n<p>Potrivit unui raport de pia\u021b\u0103 publicat de platforma <a class=\"article-body-links\"href=\"http:\/\/www.analizeimobiliare.ro\/\">Analize Imobiliare<\/a>, dezvoltat\u0103 de <strong><a class=\"article-body-links\"href=\"http:\/\/www.imobiliare.ro\/\">Imobiliare.ro<\/a><\/strong>, num\u0103rul anun\u021burilor de locuin\u021be disponibile spre v\u00e2nzare \u00een cele mai mari \u0219ase ora\u0219e ale \u021b\u0103rii \u2013 apartamente, dar \u0219i case \u2013 a sc\u0103zut, per ansamblu, cu 31% \u00een al doilea trimestru din 2017 comparativ cu intervalul similar al anului trecut. Cel mai semnificativ declin din acest punct de vedere a avut loc \u00een Constan\u021ba (\u201339%), pe urm\u0103toarele locuri \u00een clasament situ\u00e2ndu-se Bra\u0219ovul (\u201336%), Bucure\u0219tiul (\u201332%), Timi\u0219oara (\u201331%), Ia\u0219iul (\u201326%) \u0219i Cluj-Napoca (\u201325%).<\/p>\n<blockquote><p><em>\u201eDe\u0219i majoritatea indicatorilor economici se arat\u0103 a fi favorabili achizi\u021biilor imobiliare, oferta de propriet\u0103\u021bi disponibile spre v\u00e2nzare este considerabil mai mic\u0103 fa\u021b\u0103 de acum un an. Mai exact, datele noastre arat\u0103 c\u0103 oferta a sc\u0103zut, la nivelul marilor ora\u0219e, \u00een medie, cu 31%. Acest procent este problematic, mai ales pentru c\u0103 \u00een aceea\u0219i perioad\u0103 a crescut cererea cu 30%.\u201d<\/p>\n<p><strong>Dorel Ni\u021b\u0103,<br \/>\nHead of Data &#038; Research Imobiliare.ro<br \/>\nProject manager Analize Imobiliare<\/em><\/strong><\/p><\/blockquote>\n<h2><span class=\"ez-toc-section\" id=\"Apetitul_pentru_achizitii_cu_70_mai_mare_in_Iasi\"><\/span><span style=\"color: #000000;\"><span style=\"font-size: small;\">Apetitul pentru achizi\u021bii, cu 70% mai mare \u00een Ia\u0219i<\/span><\/span><span class=\"ez-toc-section-end\"><\/span><\/h2>\n<p>\u00cen mod interesant \u00eens\u0103, interesul pentru achizi\u021bia de locuin\u021be s-a majorat \u00een perioada men\u021bionat\u0103 cu o medie de 30% la nivelul celor \u0219ase centre regionale analizate. Privind mai \u00een detaliu, cererea a consemnat \u00een ultimul an un avans de peste 50% \u00een trei dintre aceste ora\u0219e: cea mai mare cre\u0219tere, de 70%, a avut loc \u00een Ia\u0219i, la mic\u0103 distan\u021b\u0103 situ\u00e2ndu-se Bra\u0219ovul (+68%), urmat de Constan\u021ba (+51%). \u00cen Timi\u0219oara, cererea este mai mare cu 41% dec\u00e2t \u00een urm\u0103 cu un an, iar \u00een Bucure\u0219ti cu 21%. O cre\u0219tere neglijabil\u0103, de doar 2%, a fost consemnat\u0103 \u00een acest r\u0103stimp \u00een Cluj-Napoca \u2013 fapt ce poate fi explicat, cel pu\u021bin \u00een parte, prin nivelul ridicat al pre\u021burilor din acest ora\u0219, ce-l dep\u0103\u0219e\u0219te chiar pe cel din Capital\u0103.<\/p>\n<h2><span class=\"ez-toc-section\" id=\"Locuintele_noi_tot_mai_cautate\"><\/span><span style=\"color: #000000;\"><span style=\"font-size: small;\">Locuin\u021bele noi, tot mai c\u0103utate<\/span><\/span><span class=\"ez-toc-section-end\"><\/span><\/h2>\n<p>Din punctul de vedere al \u00eemp\u0103r\u021birii preferin\u021belor clien\u021bilor \u00eentre pia\u021ba nou\u0103 \u0219i cea veche, este semnificativ faptul c\u0103, \u00een al doilea trimestru, cea dint\u00e2i categorie de locuin\u021be a fost preferat\u0103, \u00een propor\u021bie de 57%, de c\u0103tre poten\u021bialii cump\u0103r\u0103tori. Astfel, cererea a fost \u00eendreptat\u0103 cu prec\u0103dere spre unit\u0103\u021bile locative nou-construite \u00een trei dintre marile ora\u0219e supuse analizei, respectiv Ia\u0219i (70%), Cluj-Napoca (63%) \u0219i Bucure\u0219ti (61%). \u00cen celelalte trei centre regionale, locuin\u021bele vechi primeaz\u0103 \u00een preferin\u021bele clien\u021bilor, chiar dac\u0103 ponderea acestora la nivelul cererii nu reu\u0219e\u0219te s\u0103 dep\u0103\u0219easc\u0103 pragul de 60% \u2013 astfel, de blocurile ridicate \u00eenainte de Revolu\u021bie sunt interesa\u021bi 59% dintre clien\u021bii bra\u0219oveni, 57% dintre cei const\u0103n\u021beni \u0219i, respectiv, 53% dintre cei timi\u0219oreni. <\/p>\n","protected":false},"excerpt":{"rendered":"<p>Cei doi indicatori au avut, la nivelul a \u0219ase centre regionale ale \u021b\u0103rii, o evolu\u021bie invers propor\u021bional\u0103. De ce tot cresc pre\u021burile locuin\u021belor din Rom\u00e2nia? Cauzele \u0219i explica\u021biile sunt multiple, iar una dintre acestea este dat\u0103 de o lege economic\u0103 fundamental\u0103. Astfel, dac\u0103 cererea de propriet\u0103\u021bi reziden\u021biale a crescut \u00een ultimul an \u00een marile ora\u0219e, [&hellip;]<\/p>\n","protected":false},"author":829,"featured_media":41093,"comment_status":"open","ping_status":"open","sticky":false,"template":"","format":"standard","meta":{"footnotes":""},"categories":[259],"tags":[1656,480,1410,1657,1411,1360],"content_author":[],"class_list":["post-41091","post","type-post","status-publish","format-standard","has-post-thumbnail","hentry","category-stiri","tag-cerere-locuinte","tag-cumparator","tag-newsletter","tag-oferta-locuinte","tag-principal","tag-vanzare-apartamente"],"yoast_head":"<!-- This site is optimized with the Yoast SEO Premium plugin v27.0 (Yoast SEO v27.0) - https:\/\/yoast.com\/product\/yoast-seo-premium-wordpress\/ -->\n<title>Cererea \u0219i oferta pe reziden\u021bial, \u00een CONTRAPUNCT - \u0218tiri - ImoExpert<\/title>\n<meta name=\"description\" content=\"Cei doi indicatori au avut, la nivelul a \u0219ase centre regionale ale \u021b\u0103rii, o evolu\u021bie invers propor\u021bional\u0103. De ce tot cresc pre\u021burile locuin\u021belor din\" \/>\n<meta name=\"robots\" content=\"index, follow\" \/>\n<link rel=\"canonical\" href=\"https:\/\/www.imobiliare.ro\/imoexpert\/cererea-si-oferta-pe-rezidential-in-contrapunct_db\/\" \/>\n<meta property=\"og:locale\" content=\"ro_RO\" \/>\n<meta property=\"og:type\" content=\"article\" \/>\n<meta property=\"og:title\" content=\"Cererea \u0219i oferta pe reziden\u021bial, \u00een CONTRAPUNCT\" \/>\n<meta property=\"og:description\" content=\"Cei doi indicatori au avut, la nivelul a \u0219ase centre regionale ale \u021b\u0103rii, o evolu\u021bie invers propor\u021bional\u0103. De ce tot cresc pre\u021burile locuin\u021belor din\" \/>\n<meta property=\"og:url\" content=\"https:\/\/www.imobiliare.ro\/imoexpert\/cererea-si-oferta-pe-rezidential-in-contrapunct_db\/\" \/>\n<meta property=\"og:site_name\" content=\"ImoExpert\" \/>\n<meta property=\"article:published_time\" content=\"2017-08-05T18:40:42+00:00\" \/>\n<meta property=\"og:image\" content=\"https:\/\/www.imobiliare.ro\/imoexpert\/wp-content\/uploads\/2017\/08\/cererea-si-oferta-pe-rezidential-in-contrapunct.jpg\" \/>\n\t<meta property=\"og:image:width\" content=\"600\" \/>\n\t<meta property=\"og:image:height\" content=\"414\" \/>\n\t<meta property=\"og:image:type\" content=\"image\/jpeg\" \/>\n<meta name=\"author\" content=\"Adriana Dr\u0103gu\u0219in\" \/>\n<meta name=\"twitter:card\" content=\"summary_large_image\" \/>\n<meta name=\"twitter:label1\" content=\"Written by\" \/>\n\t<meta name=\"twitter:data1\" content=\"Adriana Dr\u0103gu\u0219in\" \/>\n\t<meta name=\"twitter:label2\" content=\"Est. reading time\" \/>\n\t<meta name=\"twitter:data2\" content=\"3 minute\" \/>\n<script type=\"application\/ld+json\" class=\"yoast-schema-graph\">{\"@context\":\"https:\/\/schema.org\",\"@graph\":[{\"@type\":\"Article\",\"@id\":\"https:\/\/www.imobiliare.ro\/imoexpert\/cererea-si-oferta-pe-rezidential-in-contrapunct_db\/#article\",\"isPartOf\":{\"@id\":\"https:\/\/www.imobiliare.ro\/imoexpert\/cererea-si-oferta-pe-rezidential-in-contrapunct_db\/\"},\"author\":{\"name\":\"Adriana Dr\u0103gu\u0219in\",\"@id\":\"https:\/\/www.imobiliare.ro\/imoexpert\/#\/schema\/person\/8c13b0297075010b896471fabf0d7790\"},\"headline\":\"Cererea \u0219i oferta pe reziden\u021bial, \u00een CONTRAPUNCT\",\"datePublished\":\"2017-08-05T18:40:42+00:00\",\"mainEntityOfPage\":{\"@id\":\"https:\/\/www.imobiliare.ro\/imoexpert\/cererea-si-oferta-pe-rezidential-in-contrapunct_db\/\"},\"wordCount\":533,\"commentCount\":1,\"publisher\":{\"@id\":\"https:\/\/www.imobiliare.ro\/imoexpert\/#organization\"},\"image\":{\"@id\":\"https:\/\/www.imobiliare.ro\/imoexpert\/cererea-si-oferta-pe-rezidential-in-contrapunct_db\/#primaryimage\"},\"thumbnailUrl\":\"https:\/\/www.imobiliare.ro\/imoexpert\/wp-content\/uploads\/2017\/08\/cererea-si-oferta-pe-rezidential-in-contrapunct.jpg\",\"keywords\":[\"cerere locuinte\",\"cumparator\",\"newsletter\",\"oferta locuinte\",\"principal\",\"V\u00e2nzare apartamente\"],\"articleSection\":[\"\u0218tiri\"],\"inLanguage\":\"en\",\"potentialAction\":[{\"@type\":\"CommentAction\",\"name\":\"Comment\",\"target\":[\"https:\/\/www.imobiliare.ro\/imoexpert\/cererea-si-oferta-pe-rezidential-in-contrapunct_db\/#respond\"]}],\"copyrightYear\":\"2017\",\"copyrightHolder\":{\"@id\":\"https:\/\/www.imobiliare.ro\/imoexpert\/#organization\"}},{\"@type\":\"WebPage\",\"@id\":\"https:\/\/www.imobiliare.ro\/imoexpert\/cererea-si-oferta-pe-rezidential-in-contrapunct_db\/\",\"url\":\"https:\/\/www.imobiliare.ro\/imoexpert\/cererea-si-oferta-pe-rezidential-in-contrapunct_db\/\",\"name\":\"Cererea \u0219i oferta pe reziden\u021bial, \u00een CONTRAPUNCT - \u0218tiri - ImoExpert\",\"isPartOf\":{\"@id\":\"https:\/\/www.imobiliare.ro\/imoexpert\/#website\"},\"primaryImageOfPage\":{\"@id\":\"https:\/\/www.imobiliare.ro\/imoexpert\/cererea-si-oferta-pe-rezidential-in-contrapunct_db\/#primaryimage\"},\"image\":{\"@id\":\"https:\/\/www.imobiliare.ro\/imoexpert\/cererea-si-oferta-pe-rezidential-in-contrapunct_db\/#primaryimage\"},\"thumbnailUrl\":\"https:\/\/www.imobiliare.ro\/imoexpert\/wp-content\/uploads\/2017\/08\/cererea-si-oferta-pe-rezidential-in-contrapunct.jpg\",\"datePublished\":\"2017-08-05T18:40:42+00:00\",\"description\":\"Cei doi indicatori au avut, la nivelul a \u0219ase centre regionale ale \u021b\u0103rii, o evolu\u021bie invers propor\u021bional\u0103. De ce tot cresc pre\u021burile locuin\u021belor din\",\"breadcrumb\":{\"@id\":\"https:\/\/www.imobiliare.ro\/imoexpert\/cererea-si-oferta-pe-rezidential-in-contrapunct_db\/#breadcrumb\"},\"inLanguage\":\"en\",\"potentialAction\":[{\"@type\":\"ReadAction\",\"target\":[\"https:\/\/www.imobiliare.ro\/imoexpert\/cererea-si-oferta-pe-rezidential-in-contrapunct_db\/\"]}]},{\"@type\":\"ImageObject\",\"inLanguage\":\"en\",\"@id\":\"https:\/\/www.imobiliare.ro\/imoexpert\/cererea-si-oferta-pe-rezidential-in-contrapunct_db\/#primaryimage\",\"url\":\"https:\/\/www.imobiliare.ro\/imoexpert\/wp-content\/uploads\/2017\/08\/cererea-si-oferta-pe-rezidential-in-contrapunct.jpg\",\"contentUrl\":\"https:\/\/www.imobiliare.ro\/imoexpert\/wp-content\/uploads\/2017\/08\/cererea-si-oferta-pe-rezidential-in-contrapunct.jpg\",\"width\":600,\"height\":414,\"caption\":\"cererea si oferta pe rezidential, in contrapunct\"},{\"@type\":\"BreadcrumbList\",\"@id\":\"https:\/\/www.imobiliare.ro\/imoexpert\/cererea-si-oferta-pe-rezidential-in-contrapunct_db\/#breadcrumb\",\"itemListElement\":[{\"@type\":\"ListItem\",\"position\":1,\"name\":\"Imoradar24\",\"item\":\"https:\/\/www.imoradar24.ro\"},{\"@type\":\"ListItem\",\"position\":2,\"name\":\"ImoExpert\",\"item\":\"https:\/\/www.imobiliare.ro\/imoexpert\/\"},{\"@type\":\"ListItem\",\"position\":3,\"name\":\"\u0218tiri\",\"item\":\"https:\/\/www.imobiliare.ro\/imoexpert\/stiri\/\"},{\"@type\":\"ListItem\",\"position\":4,\"name\":\"Cererea \u0219i oferta pe reziden\u021bial, \u00een CONTRAPUNCT\"}]},{\"@type\":\"WebSite\",\"@id\":\"https:\/\/www.imobiliare.ro\/imoexpert\/#website\",\"url\":\"https:\/\/www.imobiliare.ro\/imoexpert\/\",\"name\":\"ImoExpert\",\"description\":\"cele mai importante \u015ftiri din domeniul imobiliar\",\"publisher\":{\"@id\":\"https:\/\/www.imobiliare.ro\/imoexpert\/#organization\"},\"inLanguage\":\"en\"},{\"@type\":\"Organization\",\"@id\":\"https:\/\/www.imobiliare.ro\/imoexpert\/#organization\",\"name\":\"Imobiliare.ro\",\"alternateName\":\"Realmedia Network SA\",\"url\":\"https:\/\/www.imobiliare.ro\/imoexpert\/\",\"logo\":{\"@type\":\"ImageObject\",\"inLanguage\":\"en\",\"@id\":\"https:\/\/www.imobiliare.ro\/imoexpert\/#\/schema\/logo\/image\/\",\"url\":\"https:\/\/www.imobiliare.ro\/imoexpert\/wp-content\/uploads\/2025\/05\/imobiliare_logo.png\",\"contentUrl\":\"https:\/\/www.imobiliare.ro\/imoexpert\/wp-content\/uploads\/2025\/05\/imobiliare_logo.png\",\"width\":237,\"height\":29,\"caption\":\"Imobiliare.ro\"},\"image\":{\"@id\":\"https:\/\/www.imobiliare.ro\/imoexpert\/#\/schema\/logo\/image\/\"}},{\"@type\":\"Person\",\"@id\":\"https:\/\/www.imobiliare.ro\/imoexpert\/#\/schema\/person\/8c13b0297075010b896471fabf0d7790\",\"name\":\"Adriana Dr\u0103gu\u0219in\",\"image\":{\"@type\":\"ImageObject\",\"inLanguage\":\"en\",\"@id\":\"https:\/\/www.imobiliare.ro\/imoexpert\/#\/schema\/person\/image\/\",\"url\":\"https:\/\/secure.gravatar.com\/avatar\/ba4762f7517e50e679ed7f11207102d1150120f2f5800c0da98f8a15305bf514?s=96&d=mm&r=g\",\"contentUrl\":\"https:\/\/secure.gravatar.com\/avatar\/ba4762f7517e50e679ed7f11207102d1150120f2f5800c0da98f8a15305bf514?s=96&d=mm&r=g\",\"caption\":\"Adriana Dr\u0103gu\u0219in\"},\"jobTitle\":\"Editor\",\"url\":\"https:\/\/www.imobiliare.ro\/imoexpert\/author\/adriana-dragusin\/\"}]}<\/script>\n<!-- \/ Yoast SEO Premium plugin. -->","yoast_head_json":{"title":"Cererea \u0219i oferta pe reziden\u021bial, \u00een CONTRAPUNCT - \u0218tiri - ImoExpert","description":"Cei doi indicatori au avut, la nivelul a \u0219ase centre regionale ale \u021b\u0103rii, o evolu\u021bie invers propor\u021bional\u0103. De ce tot cresc pre\u021burile locuin\u021belor din","robots":{"index":"index","follow":"follow"},"canonical":"https:\/\/www.imobiliare.ro\/imoexpert\/cererea-si-oferta-pe-rezidential-in-contrapunct_db\/","og_locale":"ro_RO","og_type":"article","og_title":"Cererea \u0219i oferta pe reziden\u021bial, \u00een CONTRAPUNCT","og_description":"Cei doi indicatori au avut, la nivelul a \u0219ase centre regionale ale \u021b\u0103rii, o evolu\u021bie invers propor\u021bional\u0103. De ce tot cresc pre\u021burile locuin\u021belor din","og_url":"https:\/\/www.imobiliare.ro\/imoexpert\/cererea-si-oferta-pe-rezidential-in-contrapunct_db\/","og_site_name":"ImoExpert","article_published_time":"2017-08-05T18:40:42+00:00","og_image":[{"width":600,"height":414,"url":"https:\/\/www.imobiliare.ro\/imoexpert\/wp-content\/uploads\/2017\/08\/cererea-si-oferta-pe-rezidential-in-contrapunct.jpg","type":"image\/jpeg"}],"author":"Adriana Dr\u0103gu\u0219in","twitter_card":"summary_large_image","twitter_misc":{"Written by":"Adriana Dr\u0103gu\u0219in","Est. reading time":"3 minute"},"schema":{"@context":"https:\/\/schema.org","@graph":[{"@type":"Article","@id":"https:\/\/www.imobiliare.ro\/imoexpert\/cererea-si-oferta-pe-rezidential-in-contrapunct_db\/#article","isPartOf":{"@id":"https:\/\/www.imobiliare.ro\/imoexpert\/cererea-si-oferta-pe-rezidential-in-contrapunct_db\/"},"author":{"name":"Adriana Dr\u0103gu\u0219in","@id":"https:\/\/www.imobiliare.ro\/imoexpert\/#\/schema\/person\/8c13b0297075010b896471fabf0d7790"},"headline":"Cererea \u0219i oferta pe reziden\u021bial, \u00een CONTRAPUNCT","datePublished":"2017-08-05T18:40:42+00:00","mainEntityOfPage":{"@id":"https:\/\/www.imobiliare.ro\/imoexpert\/cererea-si-oferta-pe-rezidential-in-contrapunct_db\/"},"wordCount":533,"commentCount":1,"publisher":{"@id":"https:\/\/www.imobiliare.ro\/imoexpert\/#organization"},"image":{"@id":"https:\/\/www.imobiliare.ro\/imoexpert\/cererea-si-oferta-pe-rezidential-in-contrapunct_db\/#primaryimage"},"thumbnailUrl":"https:\/\/www.imobiliare.ro\/imoexpert\/wp-content\/uploads\/2017\/08\/cererea-si-oferta-pe-rezidential-in-contrapunct.jpg","keywords":["cerere locuinte","cumparator","newsletter","oferta locuinte","principal","V\u00e2nzare apartamente"],"articleSection":["\u0218tiri"],"inLanguage":"en","potentialAction":[{"@type":"CommentAction","name":"Comment","target":["https:\/\/www.imobiliare.ro\/imoexpert\/cererea-si-oferta-pe-rezidential-in-contrapunct_db\/#respond"]}],"copyrightYear":"2017","copyrightHolder":{"@id":"https:\/\/www.imobiliare.ro\/imoexpert\/#organization"}},{"@type":"WebPage","@id":"https:\/\/www.imobiliare.ro\/imoexpert\/cererea-si-oferta-pe-rezidential-in-contrapunct_db\/","url":"https:\/\/www.imobiliare.ro\/imoexpert\/cererea-si-oferta-pe-rezidential-in-contrapunct_db\/","name":"Cererea \u0219i oferta pe reziden\u021bial, \u00een CONTRAPUNCT - \u0218tiri - ImoExpert","isPartOf":{"@id":"https:\/\/www.imobiliare.ro\/imoexpert\/#website"},"primaryImageOfPage":{"@id":"https:\/\/www.imobiliare.ro\/imoexpert\/cererea-si-oferta-pe-rezidential-in-contrapunct_db\/#primaryimage"},"image":{"@id":"https:\/\/www.imobiliare.ro\/imoexpert\/cererea-si-oferta-pe-rezidential-in-contrapunct_db\/#primaryimage"},"thumbnailUrl":"https:\/\/www.imobiliare.ro\/imoexpert\/wp-content\/uploads\/2017\/08\/cererea-si-oferta-pe-rezidential-in-contrapunct.jpg","datePublished":"2017-08-05T18:40:42+00:00","description":"Cei doi indicatori au avut, la nivelul a \u0219ase centre regionale ale \u021b\u0103rii, o evolu\u021bie invers propor\u021bional\u0103. De ce tot cresc pre\u021burile locuin\u021belor din","breadcrumb":{"@id":"https:\/\/www.imobiliare.ro\/imoexpert\/cererea-si-oferta-pe-rezidential-in-contrapunct_db\/#breadcrumb"},"inLanguage":"en","potentialAction":[{"@type":"ReadAction","target":["https:\/\/www.imobiliare.ro\/imoexpert\/cererea-si-oferta-pe-rezidential-in-contrapunct_db\/"]}]},{"@type":"ImageObject","inLanguage":"en","@id":"https:\/\/www.imobiliare.ro\/imoexpert\/cererea-si-oferta-pe-rezidential-in-contrapunct_db\/#primaryimage","url":"https:\/\/www.imobiliare.ro\/imoexpert\/wp-content\/uploads\/2017\/08\/cererea-si-oferta-pe-rezidential-in-contrapunct.jpg","contentUrl":"https:\/\/www.imobiliare.ro\/imoexpert\/wp-content\/uploads\/2017\/08\/cererea-si-oferta-pe-rezidential-in-contrapunct.jpg","width":600,"height":414,"caption":"cererea si oferta pe rezidential, in contrapunct"},{"@type":"BreadcrumbList","@id":"https:\/\/www.imobiliare.ro\/imoexpert\/cererea-si-oferta-pe-rezidential-in-contrapunct_db\/#breadcrumb","itemListElement":[{"@type":"ListItem","position":1,"name":"Imoradar24","item":"https:\/\/www.imoradar24.ro"},{"@type":"ListItem","position":2,"name":"ImoExpert","item":"https:\/\/www.imobiliare.ro\/imoexpert\/"},{"@type":"ListItem","position":3,"name":"\u0218tiri","item":"https:\/\/www.imobiliare.ro\/imoexpert\/stiri\/"},{"@type":"ListItem","position":4,"name":"Cererea \u0219i oferta pe reziden\u021bial, \u00een CONTRAPUNCT"}]},{"@type":"WebSite","@id":"https:\/\/www.imobiliare.ro\/imoexpert\/#website","url":"https:\/\/www.imobiliare.ro\/imoexpert\/","name":"ImoExpert","description":"cele mai importante \u015ftiri din domeniul imobiliar","publisher":{"@id":"https:\/\/www.imobiliare.ro\/imoexpert\/#organization"},"inLanguage":"en"},{"@type":"Organization","@id":"https:\/\/www.imobiliare.ro\/imoexpert\/#organization","name":"Imobiliare.ro","alternateName":"Realmedia Network SA","url":"https:\/\/www.imobiliare.ro\/imoexpert\/","logo":{"@type":"ImageObject","inLanguage":"en","@id":"https:\/\/www.imobiliare.ro\/imoexpert\/#\/schema\/logo\/image\/","url":"https:\/\/www.imobiliare.ro\/imoexpert\/wp-content\/uploads\/2025\/05\/imobiliare_logo.png","contentUrl":"https:\/\/www.imobiliare.ro\/imoexpert\/wp-content\/uploads\/2025\/05\/imobiliare_logo.png","width":237,"height":29,"caption":"Imobiliare.ro"},"image":{"@id":"https:\/\/www.imobiliare.ro\/imoexpert\/#\/schema\/logo\/image\/"}},{"@type":"Person","@id":"https:\/\/www.imobiliare.ro\/imoexpert\/#\/schema\/person\/8c13b0297075010b896471fabf0d7790","name":"Adriana Dr\u0103gu\u0219in","image":{"@type":"ImageObject","inLanguage":"en","@id":"https:\/\/www.imobiliare.ro\/imoexpert\/#\/schema\/person\/image\/","url":"https:\/\/secure.gravatar.com\/avatar\/ba4762f7517e50e679ed7f11207102d1150120f2f5800c0da98f8a15305bf514?s=96&d=mm&r=g","contentUrl":"https:\/\/secure.gravatar.com\/avatar\/ba4762f7517e50e679ed7f11207102d1150120f2f5800c0da98f8a15305bf514?s=96&d=mm&r=g","caption":"Adriana Dr\u0103gu\u0219in"},"jobTitle":"Editor","url":"https:\/\/www.imobiliare.ro\/imoexpert\/author\/adriana-dragusin\/"}]}},"_links":{"self":[{"href":"https:\/\/www.imobiliare.ro\/imoexpert\/wp-json\/wp\/v2\/posts\/41091","targetHints":{"allow":["GET"]}}],"collection":[{"href":"https:\/\/www.imobiliare.ro\/imoexpert\/wp-json\/wp\/v2\/posts"}],"about":[{"href":"https:\/\/www.imobiliare.ro\/imoexpert\/wp-json\/wp\/v2\/types\/post"}],"author":[{"embeddable":true,"href":"https:\/\/www.imobiliare.ro\/imoexpert\/wp-json\/wp\/v2\/users\/829"}],"replies":[{"embeddable":true,"href":"https:\/\/www.imobiliare.ro\/imoexpert\/wp-json\/wp\/v2\/comments?post=41091"}],"version-history":[{"count":0,"href":"https:\/\/www.imobiliare.ro\/imoexpert\/wp-json\/wp\/v2\/posts\/41091\/revisions"}],"wp:featuredmedia":[{"embeddable":true,"href":"https:\/\/www.imobiliare.ro\/imoexpert\/wp-json\/wp\/v2\/media\/41093"}],"wp:attachment":[{"href":"https:\/\/www.imobiliare.ro\/imoexpert\/wp-json\/wp\/v2\/media?parent=41091"}],"wp:term":[{"taxonomy":"category","embeddable":true,"href":"https:\/\/www.imobiliare.ro\/imoexpert\/wp-json\/wp\/v2\/categories?post=41091"},{"taxonomy":"post_tag","embeddable":true,"href":"https:\/\/www.imobiliare.ro\/imoexpert\/wp-json\/wp\/v2\/tags?post=41091"},{"taxonomy":"content_author","embeddable":true,"href":"https:\/\/www.imobiliare.ro\/imoexpert\/wp-json\/wp\/v2\/content_author?post=41091"}],"curies":[{"name":"wp","href":"https:\/\/api.w.org\/{rel}","templated":true}]}}